{"id":39059,"date":"2021-12-06T07:22:32","date_gmt":"2021-12-06T06:22:32","guid":{"rendered":"https:\/\/dorogimedence.hu\/?p=39059"},"modified":"2021-12-06T07:22:37","modified_gmt":"2021-12-06T06:22:37","slug":"a-gyor-nyerte-meg-a-dorogi-hocsatat","status":"publish","type":"post","link":"https:\/\/dorogimedence.hu\/index.php\/2021\/12\/06\/a-gyor-nyerte-meg-a-dorogi-hocsatat\/","title":{"rendered":"A Gy\u0151r nyerte meg a dorogi h\u00f3csat\u00e1t"},"content":{"rendered":"<p class=\"lead\"><strong>Havas, j\u00e1t\u00e9kra \u00e9ppen alkalmas p\u00e1ly\u00e1n szerezte meg a gy\u0151zelmet ETO FC Gy\u0151r a t\u00f6bb mint f\u00e9l \u00f3r\u00e1t emberh\u00e1tr\u00e1nyban j\u00e1tsz\u00f3 Dorog vend\u00e9gek\u00e9nt a labdar\u00fag\u00f3 NB II 19. fordul\u00f3j\u00e1ban, december 5-\u00e9n, vas\u00e1rnap<\/strong> <em>&#8211; \u00edrja a Nemzeti Sport.<\/em><\/p>\n<p>K\u00e9t er\u0151s k\u00f6z\u00e9pcsapat m\u00e9rk\u0151z\u00f6tt meg egym\u00e1ssal Dorogon, hiszen a h\u00e1zigazda a hatodik, a vend\u00e9gegy\u00fcttes pedig a kilencedik helyr\u0151l v\u00e1rta az \u00f6sszecsap\u00e1st. \u00c9s hogy m\u00e9g nagyobb legyen a t\u00e9t, a k\u00e9t csapatot mind\u00f6ssze egy pont v\u00e1lasztotta el egym\u00e1st\u00f3l a tabell\u00e1n.<\/p>\n<p>A j\u00e1t\u00e9kosok a j\u00e1t\u00e9kt\u00e9r h\u00e1romnegyed r\u00e9sz\u00e9t bebor\u00edt\u00f3 h\u00f3ban (a munk\u00e1sok a k\u00e9t tizenhatost \u00e9s k\u00f6rny\u00e9k\u00e9t, valamint a kezd\u0151k\u00f6rt tudt\u00e1k letakar\u00edtani a kezd\u00e9sre) meleg\u00edtettek, majd j\u00e1tszottak. A h\u00f3 azt\u00e1n alaposan r\u00e1nyomta a b\u00e9lyeg\u00e9t a j\u00e1t\u00e9kra: a futballist\u00e1k estek-keltek a cs\u00fasz\u00f3s p\u00e1ly\u00e1n, mik\u00f6zben a k\u00e9t csapat alig-alig tudott v\u00e9gigvinni egy t\u00e1mad\u00e1st. Az els\u0151 nagyobb helyzetre a 35. percig kellett v\u00e1rni. Az els\u0151 negyed\u00f3r\u00e1ban egy\u00e9bk\u00e9nt a Dorog harcolt ki n\u00e9mi mez\u0151nyf\u00f6l\u00e9nyt, k\u00e9s\u0151bb azt\u00e1n kiegyenl\u00edtett\u00e9 v\u00e1lt a j\u00e1t\u00e9k. M\u00e1r \u00fagy t\u0171nt, az els\u0151 f\u00e9lid\u0151ben nem l\u00e1thatunk g\u00f3lt, <strong>Vit\u00e1lis Mil\u00e1n <\/strong>j\u00f3l eltal\u00e1lt l\u00f6v\u00e9se azonban a 45. percben utat tal\u00e1lt a dorogi kapuba, \u00edgy a f\u00e9lid\u0151re a vend\u00e9gcsapat mehetett el\u0151nnyel (<strong>0\u20131<\/strong>).<\/p>\n<p>A m\u00e1sodik j\u00e1t\u00e9kr\u00e9szben \u2013 ahogyan az v\u00e1rhat\u00f3 volt \u2013 a Dorog j\u00e1tszott f\u00f6l\u00e9nyben, a Gy\u0151r viszont jobban. Helyzetet egyik csapat sem tudott kidolgozni, \u00edgy a 62. percig esem\u00e9nytelen\u00fcl telt a m\u00e9rk\u0151z\u00e9s, amikor a fegyelmezetlen Szab\u00f3 Lukast ki\u00e1ll\u00edtotta a j\u00e1t\u00e9kvezet\u0151. Az emberh\u00e1tr\u00e1ny nem t\u00f6rte meg a Dorogot, a hazaiak tov\u00e1bb k\u00fczd\u00f6ttek az egyenl\u00edt\u00e9s\u00e9rt, de valamireval\u00f3 lehet\u0151s\u00e9get tov\u00e1bbra sem tudtak kidolgozni. A gy\u0151ri v\u00e9delem \u00edgy azt\u00e1n k\u00fcl\u00f6n\u00f6sebb probl\u00e9ma n\u00e9lk\u00fcl \u0151rizte meg kapuj\u00e1t a g\u00f3lt\u00f3l, Vit\u00e1lis tal\u00e1lata pedig \u00e9ppen elegend\u0151 volt ahhoz, hogy a vend\u00e9gcsapat bezsebelje a h\u00e1rom pontot, \u00e9s ezzel megel\u0151zze riv\u00e1lis\u00e1t.<\/p>\n<p><strong>LABDAR\u00daG\u00d3 NB II &#8211; <\/strong><strong>19. FORDUL\u00d3<\/strong><strong><br \/>\n<span style=\"color: #ff0000;\">DOROGI FC\u2013WKW ETO FC GY\u0150R 0\u20131 (0\u20131)<\/span><\/strong><strong><br \/>\nDorog, <\/strong>Buz\u00e1nszky Jen\u0151 Stadion,<strong> 200 <\/strong>n\u00e9z\u0151. <strong>Vezette:<\/strong> Hanyecz Bence (Kov\u00e1cs G\u00e1bor, R\u00f3zsa D\u00e1vid)<strong><br \/>\nDorog: <\/strong>Mursits \u2013 K\u00e1r\u00e1sz, Dlusztus, Izing, Papp M. \u2013 L\u00e9n\u00e1rth (L\u0151rincz, a sz\u00fcnetben) \u2013 Oldal (Ny\u00edri, 81.), Szerencsi (Csillag, 81.), Hajd\u00fa (Barna, 81.), Szedl\u00e1r (P\u00e1link\u00e1s, 81.) \u2013 Szab\u00f3 L. <strong>Vezet\u0151edz\u0151:<\/strong> Fenyvesi L\u00e1szl\u00f3<br \/>\n<strong>ETO FC Gy\u0151r:<\/strong> Fadgyas \u2013 Kov\u00e1cs K., Lipt\u00e1k, Csonka, Kiss M., Forg\u00e1cs&nbsp; \u2013 Vit\u00e1lis, Toma, Vernes (Bacsa, 85.), \u00d3v\u00e1ri (Szimcso, 88.) \u2013 Priskin (Farkas B., 90+3.). <strong>Vezet\u0151edz\u0151:<\/strong> Klausz L\u00e1szl\u00f3<br \/>\n<strong>G\u00f3lszerz\u0151:<\/strong> Vit\u00e1lis (45.)<br \/>\n<strong>Ki\u00e1ll\u00edtva: <\/strong>Szab\u00f3 L. (Dorog, 62.)<strong><br \/>\nMESTERM\u00c9RLEG<br \/>\nFenyvesi L\u00e1szl\u00f3: <\/strong>\u2013 J\u00e1t\u00e9kra alkalmatlan p\u00e1ly\u00e1n a szerencs\u00e9sebbik csapat nyert, t\u00f6bbet nem is f\u0171zn\u00e9k hozz\u00e1 ehhez a m\u00e9rk\u0151z\u00e9shez&#8230;<br \/>\n<strong>Klausz L\u00e1szl\u00f3:<\/strong> \u2013 A p\u00e1lya h\u00e1romnegyed r\u00e9sze nem volt alkalmas a j\u00e1t\u00e9kra. K\u00fczdelmes m\u00e9rk\u0151z\u00e9s volt, amelyen megmutattuk az egys\u00e9g\u00fcnket, sok p\u00e1rharcot nyert\u00fcnk, \u00e9s egy \u00e1tl\u00f6v\u00e9sb\u0151l szerzett g\u00f3llal megszerezt\u00fck a gy\u0151zelmet.<\/p>\n<p><a href=\"https:\/\/www.nemzetisport.hu\/labdarugo_nb_ii\/nb-ii-dorog-eto-fc-gyor-elo-2864149\" target=\"_blank\" rel=\"noopener\"><span style=\"text-decoration: underline; color: #0000ff;\">A m\u00e9rk\u0151z\u00e9s r\u00e9szletei&gt;&gt;<\/span><\/a><\/p>\n<p><em>Forr\u00e1s: nemzetisport.hu<\/em><br \/>\n<em>Bor\u00edt\u00f3k\u00e9p: Dorogi FC Facebook oldala<\/em><\/p>\n","protected":false},"excerpt":{"rendered":"<p>Havas, j\u00e1t\u00e9kra \u00e9ppen alkalmas p\u00e1ly\u00e1n szerezte meg a gy\u0151zelmet ETO FC Gy\u0151r a t\u00f6bb mint f\u00e9l \u00f3r\u00e1t emberh\u00e1tr\u00e1nyban j\u00e1tsz\u00f3 Dorog vend\u00e9gek\u00e9nt a labdar\u00fag\u00f3 NB II 19. fordul\u00f3j\u00e1ban, december 5-\u00e9n, vas\u00e1rnap &#8211; \u00edrja a Nemzeti Sport. K\u00e9t er\u0151s k\u00f6z\u00e9pcsapat m\u00e9rk\u0151z\u00f6tt meg egym\u00e1ssal Dorogon, hiszen a h\u00e1zigazda a hatodik, a vend\u00e9gegy\u00fcttes pedig a kilencedik helyr\u0151l v\u00e1rta az<\/p>\n","protected":false},"author":1,"featured_media":39060,"comment_status":"closed","ping_status":"closed","sticky":false,"template":"","format":"standard","meta":{"ngg_post_thumbnail":0,"footnotes":""},"categories":[2,3,5],"tags":[15,37,2470,70,69,2311,72,263,16],"class_list":{"0":"post-39059","1":"post","2":"type-post","3":"status-publish","4":"format-standard","5":"has-post-thumbnail","7":"category-dorog","8":"category-hirek","9":"category-sport","10":"tag-dorog","11":"tag-dorogi-fc","12":"tag-eto-fc-gyor","13":"tag-foci","14":"tag-futball","15":"tag-gyor","16":"tag-labdarugas","17":"tag-nb-ii","18":"tag-sport"},"yoast_head":"<!-- This site is optimized with the Yoast SEO plugin v27.5 - https:\/\/yoast.com\/product\/yoast-seo-wordpress\/ -->\n<title>A Gy\u0151r nyerte meg a dorogi h\u00f3csat\u00e1t<\/title>\n<meta name=\"robots\" content=\"index, follow, max-snippet:-1, max-image-preview:large, max-video-preview:-1\" \/>\n<link rel=\"canonical\" href=\"https:\/\/dorogimedence.hu\/index.php\/2021\/12\/06\/a-gyor-nyerte-meg-a-dorogi-hocsatat\/\" class=\"yoast-seo-meta-tag\" \/>\n<meta property=\"og:locale\" content=\"hu_HU\" class=\"yoast-seo-meta-tag\" \/>\n<meta property=\"og:type\" content=\"article\" class=\"yoast-seo-meta-tag\" \/>\n<meta property=\"og:title\" content=\"A Gy\u0151r nyerte meg a dorogi h\u00f3csat\u00e1t\" class=\"yoast-seo-meta-tag\" \/>\n<meta property=\"og:description\" content=\"Havas, j\u00e1t\u00e9kra \u00e9ppen alkalmas p\u00e1ly\u00e1n szerezte meg a gy\u0151zelmet ETO FC Gy\u0151r a t\u00f6bb mint f\u00e9l \u00f3r\u00e1t emberh\u00e1tr\u00e1nyban j\u00e1tsz\u00f3 Dorog vend\u00e9gek\u00e9nt a labdar\u00fag\u00f3 NB II 19. fordul\u00f3j\u00e1ban, december 5-\u00e9n, vas\u00e1rnap &#8211; \u00edrja a Nemzeti Sport. K\u00e9t er\u0151s k\u00f6z\u00e9pcsapat m\u00e9rk\u0151z\u00f6tt meg egym\u00e1ssal Dorogon, hiszen a h\u00e1zigazda a hatodik, a vend\u00e9gegy\u00fcttes pedig a kilencedik helyr\u0151l v\u00e1rta az\" class=\"yoast-seo-meta-tag\" \/>\n<meta property=\"og:url\" content=\"https:\/\/dorogimedence.hu\/index.php\/2021\/12\/06\/a-gyor-nyerte-meg-a-dorogi-hocsatat\/\" class=\"yoast-seo-meta-tag\" \/>\n<meta property=\"og:site_name\" content=\"Dorogi-medence Region\u00e1lis H\u00edrport\u00e1l\" class=\"yoast-seo-meta-tag\" \/>\n<meta property=\"article:publisher\" content=\"https:\/\/www.facebook.com\/dorogimedence\/\" class=\"yoast-seo-meta-tag\" \/>\n<meta property=\"article:published_time\" content=\"2021-12-06T06:22:32+00:00\" class=\"yoast-seo-meta-tag\" \/>\n<meta property=\"article:modified_time\" content=\"2021-12-06T06:22:37+00:00\" class=\"yoast-seo-meta-tag\" \/>\n<meta property=\"og:image\" content=\"https:\/\/i0.wp.com\/dorogimedence.hu\/wp-content\/uploads\/2021\/12\/264033699_298608732272593_7379784465337149667_n.jpg?fit=2048%2C1365&ssl=1\" class=\"yoast-seo-meta-tag\" \/>\n\t<meta property=\"og:image:width\" content=\"2048\" class=\"yoast-seo-meta-tag\" \/>\n\t<meta property=\"og:image:height\" content=\"1365\" class=\"yoast-seo-meta-tag\" \/>\n\t<meta property=\"og:image:type\" content=\"image\/jpeg\" class=\"yoast-seo-meta-tag\" \/>\n<meta name=\"author\" content=\"dorogimedence.hu\" class=\"yoast-seo-meta-tag\" \/>\n<meta name=\"twitter:card\" content=\"summary_large_image\" class=\"yoast-seo-meta-tag\" \/>\n<meta name=\"twitter:label1\" content=\"Szerz\u0151:\" class=\"yoast-seo-meta-tag\" \/>\n\t<meta name=\"twitter:data1\" content=\"dorogimedence.hu\" class=\"yoast-seo-meta-tag\" \/>\n\t<meta name=\"twitter:label2\" content=\"Becs\u00fclt olvas\u00e1si id\u0151\" class=\"yoast-seo-meta-tag\" \/>\n\t<meta name=\"twitter:data2\" content=\"3 perc\" class=\"yoast-seo-meta-tag\" \/>\n<script type=\"application\/ld+json\" class=\"yoast-schema-graph\">{\"@context\":\"https:\\\/\\\/schema.org\",\"@graph\":[{\"@type\":\"Article\",\"@id\":\"https:\\\/\\\/dorogimedence.hu\\\/index.php\\\/2021\\\/12\\\/06\\\/a-gyor-nyerte-meg-a-dorogi-hocsatat\\\/#article\",\"isPartOf\":{\"@id\":\"https:\\\/\\\/dorogimedence.hu\\\/index.php\\\/2021\\\/12\\\/06\\\/a-gyor-nyerte-meg-a-dorogi-hocsatat\\\/\"},\"author\":{\"name\":\"dorogimedence.hu\",\"@id\":\"https:\\\/\\\/dorogimedence.hu\\\/#\\\/schema\\\/person\\\/ce6091eeb7e95ecdc87890d6aa8e0fd4\"},\"headline\":\"A Gy\u0151r nyerte meg a dorogi h\u00f3csat\u00e1t\",\"datePublished\":\"2021-12-06T06:22:32+00:00\",\"dateModified\":\"2021-12-06T06:22:37+00:00\",\"mainEntityOfPage\":{\"@id\":\"https:\\\/\\\/dorogimedence.hu\\\/index.php\\\/2021\\\/12\\\/06\\\/a-gyor-nyerte-meg-a-dorogi-hocsatat\\\/\"},\"wordCount\":643,\"publisher\":{\"@id\":\"https:\\\/\\\/dorogimedence.hu\\\/#organization\"},\"image\":{\"@id\":\"https:\\\/\\\/dorogimedence.hu\\\/index.php\\\/2021\\\/12\\\/06\\\/a-gyor-nyerte-meg-a-dorogi-hocsatat\\\/#primaryimage\"},\"thumbnailUrl\":\"https:\\\/\\\/dorogimedence.hu\\\/wp-content\\\/uploads\\\/2021\\\/12\\\/264033699_298608732272593_7379784465337149667_n.jpg\",\"keywords\":[\"Dorog\",\"Dorogi FC\",\"ETO FC Gy\u0151r\",\"foci\",\"futball\",\"Gy\u0151r\",\"labdar\u00fag\u00e1s\",\"NB II\",\"sport\"],\"articleSection\":[\"Dorog\",\"H\u00edrek\",\"Sport\"],\"inLanguage\":\"hu\"},{\"@type\":\"WebPage\",\"@id\":\"https:\\\/\\\/dorogimedence.hu\\\/index.php\\\/2021\\\/12\\\/06\\\/a-gyor-nyerte-meg-a-dorogi-hocsatat\\\/\",\"url\":\"https:\\\/\\\/dorogimedence.hu\\\/index.php\\\/2021\\\/12\\\/06\\\/a-gyor-nyerte-meg-a-dorogi-hocsatat\\\/\",\"name\":\"A Gy\u0151r nyerte meg a dorogi h\u00f3csat\u00e1t\",\"isPartOf\":{\"@id\":\"https:\\\/\\\/dorogimedence.hu\\\/#website\"},\"primaryImageOfPage\":{\"@id\":\"https:\\\/\\\/dorogimedence.hu\\\/index.php\\\/2021\\\/12\\\/06\\\/a-gyor-nyerte-meg-a-dorogi-hocsatat\\\/#primaryimage\"},\"image\":{\"@id\":\"https:\\\/\\\/dorogimedence.hu\\\/index.php\\\/2021\\\/12\\\/06\\\/a-gyor-nyerte-meg-a-dorogi-hocsatat\\\/#primaryimage\"},\"thumbnailUrl\":\"https:\\\/\\\/dorogimedence.hu\\\/wp-content\\\/uploads\\\/2021\\\/12\\\/264033699_298608732272593_7379784465337149667_n.jpg\",\"datePublished\":\"2021-12-06T06:22:32+00:00\",\"dateModified\":\"2021-12-06T06:22:37+00:00\",\"breadcrumb\":{\"@id\":\"https:\\\/\\\/dorogimedence.hu\\\/index.php\\\/2021\\\/12\\\/06\\\/a-gyor-nyerte-meg-a-dorogi-hocsatat\\\/#breadcrumb\"},\"inLanguage\":\"hu\",\"potentialAction\":[{\"@type\":\"ReadAction\",\"target\":[\"https:\\\/\\\/dorogimedence.hu\\\/index.php\\\/2021\\\/12\\\/06\\\/a-gyor-nyerte-meg-a-dorogi-hocsatat\\\/\"]}]},{\"@type\":\"ImageObject\",\"inLanguage\":\"hu\",\"@id\":\"https:\\\/\\\/dorogimedence.hu\\\/index.php\\\/2021\\\/12\\\/06\\\/a-gyor-nyerte-meg-a-dorogi-hocsatat\\\/#primaryimage\",\"url\":\"https:\\\/\\\/dorogimedence.hu\\\/wp-content\\\/uploads\\\/2021\\\/12\\\/264033699_298608732272593_7379784465337149667_n.jpg\",\"contentUrl\":\"https:\\\/\\\/dorogimedence.hu\\\/wp-content\\\/uploads\\\/2021\\\/12\\\/264033699_298608732272593_7379784465337149667_n.jpg\",\"width\":2048,\"height\":1365},{\"@type\":\"BreadcrumbList\",\"@id\":\"https:\\\/\\\/dorogimedence.hu\\\/index.php\\\/2021\\\/12\\\/06\\\/a-gyor-nyerte-meg-a-dorogi-hocsatat\\\/#breadcrumb\",\"itemListElement\":[{\"@type\":\"ListItem\",\"position\":1,\"name\":\"Kezd\u0151lap\",\"item\":\"https:\\\/\\\/dorogimedence.hu\\\/\"},{\"@type\":\"ListItem\",\"position\":2,\"name\":\"A Gy\u0151r nyerte meg a dorogi h\u00f3csat\u00e1t\"}]},{\"@type\":\"WebSite\",\"@id\":\"https:\\\/\\\/dorogimedence.hu\\\/#website\",\"url\":\"https:\\\/\\\/dorogimedence.hu\\\/\",\"name\":\"Dorogi-medence Region\u00e1lis H\u00edrport\u00e1l\",\"description\":\"Dorog, Keszt\u00f6lc, Le\u00e1nyv\u00e1r, Piliscs\u00e9v, Tokod, Tokodalt\u00e1r\u00f3, Csolnok, Esztergom-kertv\u00e1ros: h\u00edrek, programok\",\"publisher\":{\"@id\":\"https:\\\/\\\/dorogimedence.hu\\\/#organization\"},\"potentialAction\":[{\"@type\":\"SearchAction\",\"target\":{\"@type\":\"EntryPoint\",\"urlTemplate\":\"https:\\\/\\\/dorogimedence.hu\\\/?s={search_term_string}\"},\"query-input\":{\"@type\":\"PropertyValueSpecification\",\"valueRequired\":true,\"valueName\":\"search_term_string\"}}],\"inLanguage\":\"hu\"},{\"@type\":\"Organization\",\"@id\":\"https:\\\/\\\/dorogimedence.hu\\\/#organization\",\"name\":\"Dorogi-medence Region\u00e1lis H\u00edrport\u00e1l\",\"url\":\"https:\\\/\\\/dorogimedence.hu\\\/\",\"logo\":{\"@type\":\"ImageObject\",\"inLanguage\":\"hu\",\"@id\":\"https:\\\/\\\/dorogimedence.hu\\\/#\\\/schema\\\/logo\\\/image\\\/\",\"url\":\"https:\\\/\\\/dorogimedence.hu\\\/wp-content\\\/uploads\\\/2021\\\/04\\\/logo-feher-600.png\",\"contentUrl\":\"https:\\\/\\\/dorogimedence.hu\\\/wp-content\\\/uploads\\\/2021\\\/04\\\/logo-feher-600.png\",\"width\":600,\"height\":100,\"caption\":\"Dorogi-medence Region\u00e1lis H\u00edrport\u00e1l\"},\"image\":{\"@id\":\"https:\\\/\\\/dorogimedence.hu\\\/#\\\/schema\\\/logo\\\/image\\\/\"},\"sameAs\":[\"https:\\\/\\\/www.facebook.com\\\/dorogimedence\\\/\"]},{\"@type\":\"Person\",\"@id\":\"https:\\\/\\\/dorogimedence.hu\\\/#\\\/schema\\\/person\\\/ce6091eeb7e95ecdc87890d6aa8e0fd4\",\"name\":\"dorogimedence.hu\",\"image\":{\"@type\":\"ImageObject\",\"inLanguage\":\"hu\",\"@id\":\"\\\/\\\/www.gravatar.com\\\/avatar\\\/d8d45f8901aadff40a4af72c0b826f1d?s=96&#038;r=g&#038;d=mm\",\"url\":\"\\\/\\\/www.gravatar.com\\\/avatar\\\/d8d45f8901aadff40a4af72c0b826f1d?s=96&#038;r=g&#038;d=mm\",\"contentUrl\":\"\\\/\\\/www.gravatar.com\\\/avatar\\\/d8d45f8901aadff40a4af72c0b826f1d?s=96&#038;r=g&#038;d=mm\",\"caption\":\"dorogimedence.hu\"}}]}<\/script>\n<!-- \/ Yoast SEO plugin. -->","yoast_head_json":{"title":"A Gy\u0151r nyerte meg a dorogi h\u00f3csat\u00e1t","robots":{"index":"index","follow":"follow","max-snippet":"max-snippet:-1","max-image-preview":"max-image-preview:large","max-video-preview":"max-video-preview:-1"},"canonical":"https:\/\/dorogimedence.hu\/index.php\/2021\/12\/06\/a-gyor-nyerte-meg-a-dorogi-hocsatat\/","og_locale":"hu_HU","og_type":"article","og_title":"A Gy\u0151r nyerte meg a dorogi h\u00f3csat\u00e1t","og_description":"Havas, j\u00e1t\u00e9kra \u00e9ppen alkalmas p\u00e1ly\u00e1n szerezte meg a gy\u0151zelmet ETO FC Gy\u0151r a t\u00f6bb mint f\u00e9l \u00f3r\u00e1t emberh\u00e1tr\u00e1nyban j\u00e1tsz\u00f3 Dorog vend\u00e9gek\u00e9nt a labdar\u00fag\u00f3 NB II 19. fordul\u00f3j\u00e1ban, december 5-\u00e9n, vas\u00e1rnap &#8211; \u00edrja a Nemzeti Sport. K\u00e9t er\u0151s k\u00f6z\u00e9pcsapat m\u00e9rk\u0151z\u00f6tt meg egym\u00e1ssal Dorogon, hiszen a h\u00e1zigazda a hatodik, a vend\u00e9gegy\u00fcttes pedig a kilencedik helyr\u0151l v\u00e1rta az","og_url":"https:\/\/dorogimedence.hu\/index.php\/2021\/12\/06\/a-gyor-nyerte-meg-a-dorogi-hocsatat\/","og_site_name":"Dorogi-medence Region\u00e1lis H\u00edrport\u00e1l","article_publisher":"https:\/\/www.facebook.com\/dorogimedence\/","article_published_time":"2021-12-06T06:22:32+00:00","article_modified_time":"2021-12-06T06:22:37+00:00","og_image":[{"width":2048,"height":1365,"url":"https:\/\/i0.wp.com\/dorogimedence.hu\/wp-content\/uploads\/2021\/12\/264033699_298608732272593_7379784465337149667_n.jpg?fit=2048%2C1365&ssl=1","type":"image\/jpeg"}],"author":"dorogimedence.hu","twitter_card":"summary_large_image","twitter_misc":{"Szerz\u0151:":"dorogimedence.hu","Becs\u00fclt olvas\u00e1si id\u0151":"3 perc"},"schema":{"@context":"https:\/\/schema.org","@graph":[{"@type":"Article","@id":"https:\/\/dorogimedence.hu\/index.php\/2021\/12\/06\/a-gyor-nyerte-meg-a-dorogi-hocsatat\/#article","isPartOf":{"@id":"https:\/\/dorogimedence.hu\/index.php\/2021\/12\/06\/a-gyor-nyerte-meg-a-dorogi-hocsatat\/"},"author":{"name":"dorogimedence.hu","@id":"https:\/\/dorogimedence.hu\/#\/schema\/person\/ce6091eeb7e95ecdc87890d6aa8e0fd4"},"headline":"A Gy\u0151r nyerte meg a dorogi h\u00f3csat\u00e1t","datePublished":"2021-12-06T06:22:32+00:00","dateModified":"2021-12-06T06:22:37+00:00","mainEntityOfPage":{"@id":"https:\/\/dorogimedence.hu\/index.php\/2021\/12\/06\/a-gyor-nyerte-meg-a-dorogi-hocsatat\/"},"wordCount":643,"publisher":{"@id":"https:\/\/dorogimedence.hu\/#organization"},"image":{"@id":"https:\/\/dorogimedence.hu\/index.php\/2021\/12\/06\/a-gyor-nyerte-meg-a-dorogi-hocsatat\/#primaryimage"},"thumbnailUrl":"https:\/\/dorogimedence.hu\/wp-content\/uploads\/2021\/12\/264033699_298608732272593_7379784465337149667_n.jpg","keywords":["Dorog","Dorogi FC","ETO FC Gy\u0151r","foci","futball","Gy\u0151r","labdar\u00fag\u00e1s","NB II","sport"],"articleSection":["Dorog","H\u00edrek","Sport"],"inLanguage":"hu"},{"@type":"WebPage","@id":"https:\/\/dorogimedence.hu\/index.php\/2021\/12\/06\/a-gyor-nyerte-meg-a-dorogi-hocsatat\/","url":"https:\/\/dorogimedence.hu\/index.php\/2021\/12\/06\/a-gyor-nyerte-meg-a-dorogi-hocsatat\/","name":"A Gy\u0151r nyerte meg a dorogi h\u00f3csat\u00e1t","isPartOf":{"@id":"https:\/\/dorogimedence.hu\/#website"},"primaryImageOfPage":{"@id":"https:\/\/dorogimedence.hu\/index.php\/2021\/12\/06\/a-gyor-nyerte-meg-a-dorogi-hocsatat\/#primaryimage"},"image":{"@id":"https:\/\/dorogimedence.hu\/index.php\/2021\/12\/06\/a-gyor-nyerte-meg-a-dorogi-hocsatat\/#primaryimage"},"thumbnailUrl":"https:\/\/dorogimedence.hu\/wp-content\/uploads\/2021\/12\/264033699_298608732272593_7379784465337149667_n.jpg","datePublished":"2021-12-06T06:22:32+00:00","dateModified":"2021-12-06T06:22:37+00:00","breadcrumb":{"@id":"https:\/\/dorogimedence.hu\/index.php\/2021\/12\/06\/a-gyor-nyerte-meg-a-dorogi-hocsatat\/#breadcrumb"},"inLanguage":"hu","potentialAction":[{"@type":"ReadAction","target":["https:\/\/dorogimedence.hu\/index.php\/2021\/12\/06\/a-gyor-nyerte-meg-a-dorogi-hocsatat\/"]}]},{"@type":"ImageObject","inLanguage":"hu","@id":"https:\/\/dorogimedence.hu\/index.php\/2021\/12\/06\/a-gyor-nyerte-meg-a-dorogi-hocsatat\/#primaryimage","url":"https:\/\/dorogimedence.hu\/wp-content\/uploads\/2021\/12\/264033699_298608732272593_7379784465337149667_n.jpg","contentUrl":"https:\/\/dorogimedence.hu\/wp-content\/uploads\/2021\/12\/264033699_298608732272593_7379784465337149667_n.jpg","width":2048,"height":1365},{"@type":"BreadcrumbList","@id":"https:\/\/dorogimedence.hu\/index.php\/2021\/12\/06\/a-gyor-nyerte-meg-a-dorogi-hocsatat\/#breadcrumb","itemListElement":[{"@type":"ListItem","position":1,"name":"Kezd\u0151lap","item":"https:\/\/dorogimedence.hu\/"},{"@type":"ListItem","position":2,"name":"A Gy\u0151r nyerte meg a dorogi h\u00f3csat\u00e1t"}]},{"@type":"WebSite","@id":"https:\/\/dorogimedence.hu\/#website","url":"https:\/\/dorogimedence.hu\/","name":"Dorogi-medence Region\u00e1lis H\u00edrport\u00e1l","description":"Dorog, Keszt\u00f6lc, Le\u00e1nyv\u00e1r, Piliscs\u00e9v, Tokod, Tokodalt\u00e1r\u00f3, Csolnok, Esztergom-kertv\u00e1ros: h\u00edrek, programok","publisher":{"@id":"https:\/\/dorogimedence.hu\/#organization"},"potentialAction":[{"@type":"SearchAction","target":{"@type":"EntryPoint","urlTemplate":"https:\/\/dorogimedence.hu\/?s={search_term_string}"},"query-input":{"@type":"PropertyValueSpecification","valueRequired":true,"valueName":"search_term_string"}}],"inLanguage":"hu"},{"@type":"Organization","@id":"https:\/\/dorogimedence.hu\/#organization","name":"Dorogi-medence Region\u00e1lis H\u00edrport\u00e1l","url":"https:\/\/dorogimedence.hu\/","logo":{"@type":"ImageObject","inLanguage":"hu","@id":"https:\/\/dorogimedence.hu\/#\/schema\/logo\/image\/","url":"https:\/\/dorogimedence.hu\/wp-content\/uploads\/2021\/04\/logo-feher-600.png","contentUrl":"https:\/\/dorogimedence.hu\/wp-content\/uploads\/2021\/04\/logo-feher-600.png","width":600,"height":100,"caption":"Dorogi-medence Region\u00e1lis H\u00edrport\u00e1l"},"image":{"@id":"https:\/\/dorogimedence.hu\/#\/schema\/logo\/image\/"},"sameAs":["https:\/\/www.facebook.com\/dorogimedence\/"]},{"@type":"Person","@id":"https:\/\/dorogimedence.hu\/#\/schema\/person\/ce6091eeb7e95ecdc87890d6aa8e0fd4","name":"dorogimedence.hu","image":{"@type":"ImageObject","inLanguage":"hu","@id":"\/\/www.gravatar.com\/avatar\/d8d45f8901aadff40a4af72c0b826f1d?s=96&#038;r=g&#038;d=mm","url":"\/\/www.gravatar.com\/avatar\/d8d45f8901aadff40a4af72c0b826f1d?s=96&#038;r=g&#038;d=mm","contentUrl":"\/\/www.gravatar.com\/avatar\/d8d45f8901aadff40a4af72c0b826f1d?s=96&#038;r=g&#038;d=mm","caption":"dorogimedence.hu"}}]}},"_links":{"self":[{"href":"https:\/\/dorogimedence.hu\/index.php\/wp-json\/wp\/v2\/posts\/39059","targetHints":{"allow":["GET"]}}],"collection":[{"href":"https:\/\/dorogimedence.hu\/index.php\/wp-json\/wp\/v2\/posts"}],"about":[{"href":"https:\/\/dorogimedence.hu\/index.php\/wp-json\/wp\/v2\/types\/post"}],"author":[{"embeddable":true,"href":"https:\/\/dorogimedence.hu\/index.php\/wp-json\/wp\/v2\/users\/1"}],"replies":[{"embeddable":true,"href":"https:\/\/dorogimedence.hu\/index.php\/wp-json\/wp\/v2\/comments?post=39059"}],"version-history":[{"count":0,"href":"https:\/\/dorogimedence.hu\/index.php\/wp-json\/wp\/v2\/posts\/39059\/revisions"}],"wp:featuredmedia":[{"embeddable":true,"href":"https:\/\/dorogimedence.hu\/index.php\/wp-json\/wp\/v2\/media\/39060"}],"wp:attachment":[{"href":"https:\/\/dorogimedence.hu\/index.php\/wp-json\/wp\/v2\/media?parent=39059"}],"wp:term":[{"taxonomy":"category","embeddable":true,"href":"https:\/\/dorogimedence.hu\/index.php\/wp-json\/wp\/v2\/categories?post=39059"},{"taxonomy":"post_tag","embeddable":true,"href":"https:\/\/dorogimedence.hu\/index.php\/wp-json\/wp\/v2\/tags?post=39059"}],"curies":[{"name":"wp","href":"https:\/\/api.w.org\/{rel}","templated":true}]}}