{"id":38970,"date":"2021-12-01T13:40:58","date_gmt":"2021-12-01T12:40:58","guid":{"rendered":"https:\/\/dorogimedence.hu\/?p=38970"},"modified":"2021-12-01T13:42:35","modified_gmt":"2021-12-01T12:42:35","slug":"leszakadt-faag-akadalyozta-a-kozlekedest-pilismaroton","status":"publish","type":"post","link":"https:\/\/dorogimedence.hu\/index.php\/2021\/12\/01\/leszakadt-faag-akadalyozta-a-kozlekedest-pilismaroton\/","title":{"rendered":"Leszakadt fa\u00e1g akad\u00e1lyozta a k\u00f6zleked\u00e9st Pilismar\u00f3ton"},"content":{"rendered":"<p><strong>December 1-j\u00e9n, szerd\u00e1n d\u00e9lel\u0151tt Pilismar\u00f3ton, a Dunapart utc\u00e1ban egy hat m\u00e9teres fa\u00e1g d\u0151lt az \u00fattestre, amely forgalmi akad\u00e1lyt k\u00e9pzett.<\/strong><\/p>\n<p>Varga Mih\u00e1ly Sebesty\u00e9n t\u0171zolt\u00f3 f\u0151hadnagy elmondta, hogy az esethez az esztergomi hivat\u00e1sos t\u0171zolt\u00f3k vonultak ki, akik az \u00fattestr\u0151l elt\u00e1vol\u00edtott\u00e1k a fa\u00e1gat \u00e9s megsz\u00fcntett\u00e9k a forgalmi akad\u00e1lyt. Az egys\u00e9g az \u00e1ramszolg\u00e1ltat\u00f3 ki\u00e9rkez\u00e9s\u00e9ig a helysz\u00ednt biztos\u00edtotta.<\/p>\n","protected":false},"excerpt":{"rendered":"<p>December 1-j\u00e9n, szerd\u00e1n d\u00e9lel\u0151tt Pilismar\u00f3ton, a Dunapart utc\u00e1ban egy hat m\u00e9teres fa\u00e1g d\u0151lt az \u00fattestre, amely forgalmi akad\u00e1lyt k\u00e9pzett. Varga Mih\u00e1ly Sebesty\u00e9n t\u0171zolt\u00f3 f\u0151hadnagy elmondta, hogy az esethez az esztergomi hivat\u00e1sos t\u0171zolt\u00f3k vonultak ki, akik az \u00fattestr\u0151l elt\u00e1vol\u00edtott\u00e1k a fa\u00e1gat \u00e9s megsz\u00fcntett\u00e9k a forgalmi akad\u00e1lyt. Az egys\u00e9g az \u00e1ramszolg\u00e1ltat\u00f3 ki\u00e9rkez\u00e9s\u00e9ig a helysz\u00ednt biztos\u00edtotta.<\/p>\n","protected":false},"author":1,"featured_media":0,"comment_status":"closed","ping_status":"closed","sticky":false,"template":"","format":"standard","meta":{"ngg_post_thumbnail":0,"footnotes":""},"categories":[3,39],"tags":[175,2879,480,65],"class_list":{"0":"post-38970","1":"post","2":"type-post","3":"status-publish","4":"format-standard","6":"category-hirek","7":"category-kek-hirek","8":"tag-katasztrofavedelem","9":"tag-leszakadt-faag","10":"tag-pilismarot","11":"tag-tuzoltosag"},"yoast_head":"<!-- This site is optimized with the Yoast SEO plugin v27.5 - https:\/\/yoast.com\/product\/yoast-seo-wordpress\/ -->\n<title>Leszakadt fa\u00e1g akad\u00e1lyozta a k\u00f6zleked\u00e9st Pilismar\u00f3ton<\/title>\n<meta name=\"robots\" content=\"index, follow, max-snippet:-1, max-image-preview:large, max-video-preview:-1\" \/>\n<link rel=\"canonical\" href=\"https:\/\/dorogimedence.hu\/index.php\/2021\/12\/01\/leszakadt-faag-akadalyozta-a-kozlekedest-pilismaroton\/\" class=\"yoast-seo-meta-tag\" \/>\n<meta property=\"og:locale\" content=\"hu_HU\" class=\"yoast-seo-meta-tag\" \/>\n<meta property=\"og:type\" content=\"article\" class=\"yoast-seo-meta-tag\" \/>\n<meta property=\"og:title\" content=\"Leszakadt fa\u00e1g akad\u00e1lyozta a k\u00f6zleked\u00e9st Pilismar\u00f3ton\" class=\"yoast-seo-meta-tag\" \/>\n<meta property=\"og:description\" content=\"December 1-j\u00e9n, szerd\u00e1n d\u00e9lel\u0151tt Pilismar\u00f3ton, a Dunapart utc\u00e1ban egy hat m\u00e9teres fa\u00e1g d\u0151lt az \u00fattestre, amely forgalmi akad\u00e1lyt k\u00e9pzett. Varga Mih\u00e1ly Sebesty\u00e9n t\u0171zolt\u00f3 f\u0151hadnagy elmondta, hogy az esethez az esztergomi hivat\u00e1sos t\u0171zolt\u00f3k vonultak ki, akik az \u00fattestr\u0151l elt\u00e1vol\u00edtott\u00e1k a fa\u00e1gat \u00e9s megsz\u00fcntett\u00e9k a forgalmi akad\u00e1lyt. Az egys\u00e9g az \u00e1ramszolg\u00e1ltat\u00f3 ki\u00e9rkez\u00e9s\u00e9ig a helysz\u00ednt biztos\u00edtotta.\" class=\"yoast-seo-meta-tag\" \/>\n<meta property=\"og:url\" content=\"https:\/\/dorogimedence.hu\/index.php\/2021\/12\/01\/leszakadt-faag-akadalyozta-a-kozlekedest-pilismaroton\/\" class=\"yoast-seo-meta-tag\" \/>\n<meta property=\"og:site_name\" content=\"Dorogi-medence Region\u00e1lis H\u00edrport\u00e1l\" class=\"yoast-seo-meta-tag\" \/>\n<meta property=\"article:publisher\" content=\"https:\/\/www.facebook.com\/dorogimedence\/\" class=\"yoast-seo-meta-tag\" \/>\n<meta property=\"article:published_time\" content=\"2021-12-01T12:40:58+00:00\" class=\"yoast-seo-meta-tag\" \/>\n<meta property=\"article:modified_time\" content=\"2021-12-01T12:42:35+00:00\" class=\"yoast-seo-meta-tag\" \/>\n<meta property=\"og:image\" content=\"https:\/\/i0.wp.com\/dorogimedence.hu\/wp-content\/uploads\/2021\/12\/262377270_408595917636734_2487095247161916332_n.jpg?fit=960%2C720&ssl=1\" class=\"yoast-seo-meta-tag\" \/>\n\t<meta property=\"og:image:width\" content=\"960\" class=\"yoast-seo-meta-tag\" \/>\n\t<meta property=\"og:image:height\" content=\"720\" class=\"yoast-seo-meta-tag\" \/>\n\t<meta property=\"og:image:type\" content=\"image\/jpeg\" class=\"yoast-seo-meta-tag\" \/>\n<meta name=\"author\" content=\"dorogimedence.hu\" class=\"yoast-seo-meta-tag\" \/>\n<meta name=\"twitter:card\" content=\"summary_large_image\" class=\"yoast-seo-meta-tag\" \/>\n<meta name=\"twitter:label1\" content=\"Szerz\u0151:\" class=\"yoast-seo-meta-tag\" \/>\n\t<meta name=\"twitter:data1\" content=\"dorogimedence.hu\" class=\"yoast-seo-meta-tag\" \/>\n<script type=\"application\/ld+json\" class=\"yoast-schema-graph\">{\"@context\":\"https:\\\/\\\/schema.org\",\"@graph\":[{\"@type\":\"Article\",\"@id\":\"https:\\\/\\\/dorogimedence.hu\\\/index.php\\\/2021\\\/12\\\/01\\\/leszakadt-faag-akadalyozta-a-kozlekedest-pilismaroton\\\/#article\",\"isPartOf\":{\"@id\":\"https:\\\/\\\/dorogimedence.hu\\\/index.php\\\/2021\\\/12\\\/01\\\/leszakadt-faag-akadalyozta-a-kozlekedest-pilismaroton\\\/\"},\"author\":{\"name\":\"dorogimedence.hu\",\"@id\":\"https:\\\/\\\/dorogimedence.hu\\\/#\\\/schema\\\/person\\\/ce6091eeb7e95ecdc87890d6aa8e0fd4\"},\"headline\":\"Leszakadt fa\u00e1g akad\u00e1lyozta a k\u00f6zleked\u00e9st Pilismar\u00f3ton\",\"datePublished\":\"2021-12-01T12:40:58+00:00\",\"dateModified\":\"2021-12-01T12:42:35+00:00\",\"mainEntityOfPage\":{\"@id\":\"https:\\\/\\\/dorogimedence.hu\\\/index.php\\\/2021\\\/12\\\/01\\\/leszakadt-faag-akadalyozta-a-kozlekedest-pilismaroton\\\/\"},\"wordCount\":97,\"publisher\":{\"@id\":\"https:\\\/\\\/dorogimedence.hu\\\/#organization\"},\"keywords\":[\"katasztr\u00f3fav\u00e9delem\",\"leszakadt fa\u00e1g\",\"Pilismar\u00f3t\",\"t\u0171zolt\u00f3s\u00e1g\"],\"articleSection\":[\"H\u00edrek\",\"K\u00e9k h\u00edrek\"],\"inLanguage\":\"hu\"},{\"@type\":\"WebPage\",\"@id\":\"https:\\\/\\\/dorogimedence.hu\\\/index.php\\\/2021\\\/12\\\/01\\\/leszakadt-faag-akadalyozta-a-kozlekedest-pilismaroton\\\/\",\"url\":\"https:\\\/\\\/dorogimedence.hu\\\/index.php\\\/2021\\\/12\\\/01\\\/leszakadt-faag-akadalyozta-a-kozlekedest-pilismaroton\\\/\",\"name\":\"Leszakadt fa\u00e1g akad\u00e1lyozta a k\u00f6zleked\u00e9st Pilismar\u00f3ton\",\"isPartOf\":{\"@id\":\"https:\\\/\\\/dorogimedence.hu\\\/#website\"},\"datePublished\":\"2021-12-01T12:40:58+00:00\",\"dateModified\":\"2021-12-01T12:42:35+00:00\",\"breadcrumb\":{\"@id\":\"https:\\\/\\\/dorogimedence.hu\\\/index.php\\\/2021\\\/12\\\/01\\\/leszakadt-faag-akadalyozta-a-kozlekedest-pilismaroton\\\/#breadcrumb\"},\"inLanguage\":\"hu\",\"potentialAction\":[{\"@type\":\"ReadAction\",\"target\":[\"https:\\\/\\\/dorogimedence.hu\\\/index.php\\\/2021\\\/12\\\/01\\\/leszakadt-faag-akadalyozta-a-kozlekedest-pilismaroton\\\/\"]}]},{\"@type\":\"BreadcrumbList\",\"@id\":\"https:\\\/\\\/dorogimedence.hu\\\/index.php\\\/2021\\\/12\\\/01\\\/leszakadt-faag-akadalyozta-a-kozlekedest-pilismaroton\\\/#breadcrumb\",\"itemListElement\":[{\"@type\":\"ListItem\",\"position\":1,\"name\":\"Kezd\u0151lap\",\"item\":\"https:\\\/\\\/dorogimedence.hu\\\/\"},{\"@type\":\"ListItem\",\"position\":2,\"name\":\"Leszakadt fa\u00e1g akad\u00e1lyozta a k\u00f6zleked\u00e9st Pilismar\u00f3ton\"}]},{\"@type\":\"WebSite\",\"@id\":\"https:\\\/\\\/dorogimedence.hu\\\/#website\",\"url\":\"https:\\\/\\\/dorogimedence.hu\\\/\",\"name\":\"Dorogi-medence Region\u00e1lis H\u00edrport\u00e1l\",\"description\":\"Dorog, Keszt\u00f6lc, Le\u00e1nyv\u00e1r, Piliscs\u00e9v, Tokod, Tokodalt\u00e1r\u00f3, Csolnok, Esztergom-kertv\u00e1ros: h\u00edrek, programok\",\"publisher\":{\"@id\":\"https:\\\/\\\/dorogimedence.hu\\\/#organization\"},\"potentialAction\":[{\"@type\":\"SearchAction\",\"target\":{\"@type\":\"EntryPoint\",\"urlTemplate\":\"https:\\\/\\\/dorogimedence.hu\\\/?s={search_term_string}\"},\"query-input\":{\"@type\":\"PropertyValueSpecification\",\"valueRequired\":true,\"valueName\":\"search_term_string\"}}],\"inLanguage\":\"hu\"},{\"@type\":\"Organization\",\"@id\":\"https:\\\/\\\/dorogimedence.hu\\\/#organization\",\"name\":\"Dorogi-medence Region\u00e1lis H\u00edrport\u00e1l\",\"url\":\"https:\\\/\\\/dorogimedence.hu\\\/\",\"logo\":{\"@type\":\"ImageObject\",\"inLanguage\":\"hu\",\"@id\":\"https:\\\/\\\/dorogimedence.hu\\\/#\\\/schema\\\/logo\\\/image\\\/\",\"url\":\"https:\\\/\\\/dorogimedence.hu\\\/wp-content\\\/uploads\\\/2021\\\/04\\\/logo-feher-600.png\",\"contentUrl\":\"https:\\\/\\\/dorogimedence.hu\\\/wp-content\\\/uploads\\\/2021\\\/04\\\/logo-feher-600.png\",\"width\":600,\"height\":100,\"caption\":\"Dorogi-medence Region\u00e1lis H\u00edrport\u00e1l\"},\"image\":{\"@id\":\"https:\\\/\\\/dorogimedence.hu\\\/#\\\/schema\\\/logo\\\/image\\\/\"},\"sameAs\":[\"https:\\\/\\\/www.facebook.com\\\/dorogimedence\\\/\"]},{\"@type\":\"Person\",\"@id\":\"https:\\\/\\\/dorogimedence.hu\\\/#\\\/schema\\\/person\\\/ce6091eeb7e95ecdc87890d6aa8e0fd4\",\"name\":\"dorogimedence.hu\",\"image\":{\"@type\":\"ImageObject\",\"inLanguage\":\"hu\",\"@id\":\"\\\/\\\/www.gravatar.com\\\/avatar\\\/d8d45f8901aadff40a4af72c0b826f1d?s=96&#038;r=g&#038;d=mm\",\"url\":\"\\\/\\\/www.gravatar.com\\\/avatar\\\/d8d45f8901aadff40a4af72c0b826f1d?s=96&#038;r=g&#038;d=mm\",\"contentUrl\":\"\\\/\\\/www.gravatar.com\\\/avatar\\\/d8d45f8901aadff40a4af72c0b826f1d?s=96&#038;r=g&#038;d=mm\",\"caption\":\"dorogimedence.hu\"}}]}<\/script>\n<!-- \/ Yoast SEO plugin. -->","yoast_head_json":{"title":"Leszakadt fa\u00e1g akad\u00e1lyozta a k\u00f6zleked\u00e9st Pilismar\u00f3ton","robots":{"index":"index","follow":"follow","max-snippet":"max-snippet:-1","max-image-preview":"max-image-preview:large","max-video-preview":"max-video-preview:-1"},"canonical":"https:\/\/dorogimedence.hu\/index.php\/2021\/12\/01\/leszakadt-faag-akadalyozta-a-kozlekedest-pilismaroton\/","og_locale":"hu_HU","og_type":"article","og_title":"Leszakadt fa\u00e1g akad\u00e1lyozta a k\u00f6zleked\u00e9st Pilismar\u00f3ton","og_description":"December 1-j\u00e9n, szerd\u00e1n d\u00e9lel\u0151tt Pilismar\u00f3ton, a Dunapart utc\u00e1ban egy hat m\u00e9teres fa\u00e1g d\u0151lt az \u00fattestre, amely forgalmi akad\u00e1lyt k\u00e9pzett. Varga Mih\u00e1ly Sebesty\u00e9n t\u0171zolt\u00f3 f\u0151hadnagy elmondta, hogy az esethez az esztergomi hivat\u00e1sos t\u0171zolt\u00f3k vonultak ki, akik az \u00fattestr\u0151l elt\u00e1vol\u00edtott\u00e1k a fa\u00e1gat \u00e9s megsz\u00fcntett\u00e9k a forgalmi akad\u00e1lyt. Az egys\u00e9g az \u00e1ramszolg\u00e1ltat\u00f3 ki\u00e9rkez\u00e9s\u00e9ig a helysz\u00ednt biztos\u00edtotta.","og_url":"https:\/\/dorogimedence.hu\/index.php\/2021\/12\/01\/leszakadt-faag-akadalyozta-a-kozlekedest-pilismaroton\/","og_site_name":"Dorogi-medence Region\u00e1lis H\u00edrport\u00e1l","article_publisher":"https:\/\/www.facebook.com\/dorogimedence\/","article_published_time":"2021-12-01T12:40:58+00:00","article_modified_time":"2021-12-01T12:42:35+00:00","og_image":[{"width":960,"height":720,"url":"https:\/\/i0.wp.com\/dorogimedence.hu\/wp-content\/uploads\/2021\/12\/262377270_408595917636734_2487095247161916332_n.jpg?fit=960%2C720&ssl=1","type":"image\/jpeg"}],"author":"dorogimedence.hu","twitter_card":"summary_large_image","twitter_misc":{"Szerz\u0151:":"dorogimedence.hu"},"schema":{"@context":"https:\/\/schema.org","@graph":[{"@type":"Article","@id":"https:\/\/dorogimedence.hu\/index.php\/2021\/12\/01\/leszakadt-faag-akadalyozta-a-kozlekedest-pilismaroton\/#article","isPartOf":{"@id":"https:\/\/dorogimedence.hu\/index.php\/2021\/12\/01\/leszakadt-faag-akadalyozta-a-kozlekedest-pilismaroton\/"},"author":{"name":"dorogimedence.hu","@id":"https:\/\/dorogimedence.hu\/#\/schema\/person\/ce6091eeb7e95ecdc87890d6aa8e0fd4"},"headline":"Leszakadt fa\u00e1g akad\u00e1lyozta a k\u00f6zleked\u00e9st Pilismar\u00f3ton","datePublished":"2021-12-01T12:40:58+00:00","dateModified":"2021-12-01T12:42:35+00:00","mainEntityOfPage":{"@id":"https:\/\/dorogimedence.hu\/index.php\/2021\/12\/01\/leszakadt-faag-akadalyozta-a-kozlekedest-pilismaroton\/"},"wordCount":97,"publisher":{"@id":"https:\/\/dorogimedence.hu\/#organization"},"keywords":["katasztr\u00f3fav\u00e9delem","leszakadt fa\u00e1g","Pilismar\u00f3t","t\u0171zolt\u00f3s\u00e1g"],"articleSection":["H\u00edrek","K\u00e9k h\u00edrek"],"inLanguage":"hu"},{"@type":"WebPage","@id":"https:\/\/dorogimedence.hu\/index.php\/2021\/12\/01\/leszakadt-faag-akadalyozta-a-kozlekedest-pilismaroton\/","url":"https:\/\/dorogimedence.hu\/index.php\/2021\/12\/01\/leszakadt-faag-akadalyozta-a-kozlekedest-pilismaroton\/","name":"Leszakadt fa\u00e1g akad\u00e1lyozta a k\u00f6zleked\u00e9st Pilismar\u00f3ton","isPartOf":{"@id":"https:\/\/dorogimedence.hu\/#website"},"datePublished":"2021-12-01T12:40:58+00:00","dateModified":"2021-12-01T12:42:35+00:00","breadcrumb":{"@id":"https:\/\/dorogimedence.hu\/index.php\/2021\/12\/01\/leszakadt-faag-akadalyozta-a-kozlekedest-pilismaroton\/#breadcrumb"},"inLanguage":"hu","potentialAction":[{"@type":"ReadAction","target":["https:\/\/dorogimedence.hu\/index.php\/2021\/12\/01\/leszakadt-faag-akadalyozta-a-kozlekedest-pilismaroton\/"]}]},{"@type":"BreadcrumbList","@id":"https:\/\/dorogimedence.hu\/index.php\/2021\/12\/01\/leszakadt-faag-akadalyozta-a-kozlekedest-pilismaroton\/#breadcrumb","itemListElement":[{"@type":"ListItem","position":1,"name":"Kezd\u0151lap","item":"https:\/\/dorogimedence.hu\/"},{"@type":"ListItem","position":2,"name":"Leszakadt fa\u00e1g akad\u00e1lyozta a k\u00f6zleked\u00e9st Pilismar\u00f3ton"}]},{"@type":"WebSite","@id":"https:\/\/dorogimedence.hu\/#website","url":"https:\/\/dorogimedence.hu\/","name":"Dorogi-medence Region\u00e1lis H\u00edrport\u00e1l","description":"Dorog, Keszt\u00f6lc, Le\u00e1nyv\u00e1r, Piliscs\u00e9v, Tokod, Tokodalt\u00e1r\u00f3, Csolnok, Esztergom-kertv\u00e1ros: h\u00edrek, programok","publisher":{"@id":"https:\/\/dorogimedence.hu\/#organization"},"potentialAction":[{"@type":"SearchAction","target":{"@type":"EntryPoint","urlTemplate":"https:\/\/dorogimedence.hu\/?s={search_term_string}"},"query-input":{"@type":"PropertyValueSpecification","valueRequired":true,"valueName":"search_term_string"}}],"inLanguage":"hu"},{"@type":"Organization","@id":"https:\/\/dorogimedence.hu\/#organization","name":"Dorogi-medence Region\u00e1lis H\u00edrport\u00e1l","url":"https:\/\/dorogimedence.hu\/","logo":{"@type":"ImageObject","inLanguage":"hu","@id":"https:\/\/dorogimedence.hu\/#\/schema\/logo\/image\/","url":"https:\/\/dorogimedence.hu\/wp-content\/uploads\/2021\/04\/logo-feher-600.png","contentUrl":"https:\/\/dorogimedence.hu\/wp-content\/uploads\/2021\/04\/logo-feher-600.png","width":600,"height":100,"caption":"Dorogi-medence Region\u00e1lis H\u00edrport\u00e1l"},"image":{"@id":"https:\/\/dorogimedence.hu\/#\/schema\/logo\/image\/"},"sameAs":["https:\/\/www.facebook.com\/dorogimedence\/"]},{"@type":"Person","@id":"https:\/\/dorogimedence.hu\/#\/schema\/person\/ce6091eeb7e95ecdc87890d6aa8e0fd4","name":"dorogimedence.hu","image":{"@type":"ImageObject","inLanguage":"hu","@id":"\/\/www.gravatar.com\/avatar\/d8d45f8901aadff40a4af72c0b826f1d?s=96&#038;r=g&#038;d=mm","url":"\/\/www.gravatar.com\/avatar\/d8d45f8901aadff40a4af72c0b826f1d?s=96&#038;r=g&#038;d=mm","contentUrl":"\/\/www.gravatar.com\/avatar\/d8d45f8901aadff40a4af72c0b826f1d?s=96&#038;r=g&#038;d=mm","caption":"dorogimedence.hu"}}]}},"_links":{"self":[{"href":"https:\/\/dorogimedence.hu\/index.php\/wp-json\/wp\/v2\/posts\/38970","targetHints":{"allow":["GET"]}}],"collection":[{"href":"https:\/\/dorogimedence.hu\/index.php\/wp-json\/wp\/v2\/posts"}],"about":[{"href":"https:\/\/dorogimedence.hu\/index.php\/wp-json\/wp\/v2\/types\/post"}],"author":[{"embeddable":true,"href":"https:\/\/dorogimedence.hu\/index.php\/wp-json\/wp\/v2\/users\/1"}],"replies":[{"embeddable":true,"href":"https:\/\/dorogimedence.hu\/index.php\/wp-json\/wp\/v2\/comments?post=38970"}],"version-history":[{"count":0,"href":"https:\/\/dorogimedence.hu\/index.php\/wp-json\/wp\/v2\/posts\/38970\/revisions"}],"wp:attachment":[{"href":"https:\/\/dorogimedence.hu\/index.php\/wp-json\/wp\/v2\/media?parent=38970"}],"wp:term":[{"taxonomy":"category","embeddable":true,"href":"https:\/\/dorogimedence.hu\/index.php\/wp-json\/wp\/v2\/categories?post=38970"},{"taxonomy":"post_tag","embeddable":true,"href":"https:\/\/dorogimedence.hu\/index.php\/wp-json\/wp\/v2\/tags?post=38970"}],"curies":[{"name":"wp","href":"https:\/\/api.w.org\/{rel}","templated":true}]}}