{"id":38908,"date":"2021-11-29T14:04:25","date_gmt":"2021-11-29T13:04:25","guid":{"rendered":"https:\/\/dorogimedence.hu\/?p=38908"},"modified":"2021-11-29T14:06:47","modified_gmt":"2021-11-29T13:06:47","slug":"december-12-en-lep-eletbe-a-volanbusz-uj-menetrendje","status":"publish","type":"post","link":"https:\/\/dorogimedence.hu\/index.php\/2021\/11\/29\/december-12-en-lep-eletbe-a-volanbusz-uj-menetrendje\/","title":{"rendered":"December 12-\u00e9n l\u00e9p \u00e9letbe a Vol\u00e1nbusz \u00faj menetrendje"},"content":{"rendered":"<p><strong>December 12-\u00e9n \u00e9letbe l\u00e9p a Vol\u00e1nbusz Zrt. 2021\/2022. \u00e9vi aut\u00f3busz-menetrendje, amely az id\u00e9n is sz\u00e1mos fejleszt\u00e9st \u00e9s v\u00e1ltoz\u00e1st hoz az orsz\u00e1gos, el\u0151v\u00e1rosi \u00e9s region\u00e1lis aut\u00f3buszj\u00e1ratok k\u00f6zleked\u00e9s\u00e9ben<\/strong> <em>&#8211; k\u00f6z\u00f6lte a t\u00e1rsas\u00e1g szombaton az MTI-vel.<\/em><\/p>\n<p>A k\u00f6zlem\u00e9ny szerint egyes t\u00e9rs\u00e9gekben &#8211; az \u00e1talakul\u00f3 vas\u00fati menetrendhez is igazodva &#8211; m\u00f3dosul a r\u00e1hord\u00f3 aut\u00f3buszj\u00e1ratok menetrendje, vagy \u00faj vas\u00fati csatlakoz\u00e1sok l\u00e9tes\u00fclnek. \u00daj menetrend l\u00e9p \u00e9letbe P\u00e9cs \u00e9s Koml\u00f3 k\u00f6z\u00f6tt, \u00e9s folytat\u00f3dik Szabolcs-Szatm\u00e1r-Bereg megye k\u00f6zleked\u00e9s\u00e9nek fejleszt\u00e9se is.<\/p>\n<p>V\u00e1ltoz\u00e1sok lesznek Budapest el\u0151v\u00e1rosi k\u00f6zleked\u00e9s\u00e9ben is. <strong>A Budapest-Esztergom <a href=\"https:\/\/dorogimedence.hu\/index.php\/2021\/11\/12\/az-utasok-javaslatait-figyelembe-veve-bovul-az-uj-vasuti-menetrend\/\" target=\"_blank\" rel=\"noopener\"><span style=\"text-decoration: underline; color: #0000ff;\">vas\u00fatvonalon \u00faj h\u00e9tv\u00e9gi menetrend<\/span><\/a> l\u00e9p \u00e9letbe, \u00e9s emiatt kism\u00e9rt\u00e9kben az Esztergom-Dorog-Keszt\u00f6lc-Piliscs\u00e9v vonalon k\u00f6zleked\u0151 aut\u00f3buszj\u00e1ratok menetrendje is m\u00f3dosul.<\/strong> A Budapest-Hatvan vas\u00fatvonal menetrendj\u00e9nek v\u00e1ltoz\u00e1sa miatt a H8-as g\u00f6d\u00f6ll\u0151i H\u00c9V menetrendje is m\u00f3dosul, \u00edgy a megfelel\u0151 H\u00c9V-csatlakoz\u00e1sok tov\u00e1bbi biztos\u00edt\u00e1s\u00e1\u00e9rt kism\u00e9rt\u00e9kben a mogyor\u00f3di \u00e9s kistarcsai meg\u00e1ll\u00f3helyeket \u00e9rint\u0151 aut\u00f3buszj\u00e1ratok menetrendje is v\u00e1ltozik. A menetrend-m\u00f3dos\u00edt\u00e1s el\u0151nye, hogy Mogyor\u00f3don az \u00e1tsz\u00e1ll\u00e1si lehet\u0151s\u00e9gek sz\u00e1ma v\u00e1ltozatlan j\u00e1ratsz\u00e1m mellett is b\u0151v\u00fcl &#8211; ismertette a Vol\u00e1nbusz.<\/p>\n<p>A menetrendi v\u00e1ltoz\u00e1sokkal kapcsolatos r\u00e9szletes t\u00e1j\u00e9koztat\u00e1s a <a href=\"https:\/\/www.volanbusz.hu\/hu\/hirek\/hir\/38039\" target=\"_blank\" rel=\"noopener\"><span style=\"text-decoration: underline; color: #0000ff;\">Vol\u00e1nbusz honlapj\u00e1n<\/span><\/a> olvashat\u00f3.<\/p>\n","protected":false},"excerpt":{"rendered":"<p>December 12-\u00e9n \u00e9letbe l\u00e9p a Vol\u00e1nbusz Zrt. 2021\/2022. \u00e9vi aut\u00f3busz-menetrendje, amely az id\u00e9n is sz\u00e1mos fejleszt\u00e9st \u00e9s v\u00e1ltoz\u00e1st hoz az orsz\u00e1gos, el\u0151v\u00e1rosi \u00e9s region\u00e1lis aut\u00f3buszj\u00e1ratok k\u00f6zleked\u00e9s\u00e9ben &#8211; k\u00f6z\u00f6lte a t\u00e1rsas\u00e1g szombaton az MTI-vel. A k\u00f6zlem\u00e9ny szerint egyes t\u00e9rs\u00e9gekben &#8211; az \u00e1talakul\u00f3 vas\u00fati menetrendhez is igazodva &#8211; m\u00f3dosul a r\u00e1hord\u00f3 aut\u00f3buszj\u00e1ratok menetrendje, vagy \u00faj vas\u00fati csatlakoz\u00e1sok<\/p>\n","protected":false},"author":1,"featured_media":36150,"comment_status":"closed","ping_status":"closed","sticky":false,"template":"","format":"standard","meta":{"ngg_post_thumbnail":0,"footnotes":""},"categories":[2,38,3,8,11],"tags":[458,1043,15,42,129,279,91,1088,1015],"class_list":{"0":"post-38908","1":"post","2":"type-post","3":"status-publish","4":"format-standard","5":"has-post-thumbnail","7":"category-dorog","8":"category-esztergom","9":"category-hirek","10":"category-kesztolc","11":"category-piliscsev","12":"tag-autobusz","13":"tag-busz","14":"tag-dorog","15":"tag-esztergom","16":"tag-kesztolc","17":"tag-kozlekedes","18":"tag-piliscsev","19":"tag-tomegkozlekedes","20":"tag-volanbusz"},"yoast_head":"<!-- This site is optimized with the Yoast SEO plugin v27.4 - https:\/\/yoast.com\/product\/yoast-seo-wordpress\/ -->\n<title>December 12-\u00e9n l\u00e9p \u00e9letbe a Vol\u00e1nbusz \u00faj menetrendje<\/title>\n<meta name=\"robots\" content=\"index, follow, max-snippet:-1, max-image-preview:large, max-video-preview:-1\" \/>\n<link rel=\"canonical\" href=\"https:\/\/dorogimedence.hu\/index.php\/2021\/11\/29\/december-12-en-lep-eletbe-a-volanbusz-uj-menetrendje\/\" class=\"yoast-seo-meta-tag\" \/>\n<meta property=\"og:locale\" content=\"hu_HU\" class=\"yoast-seo-meta-tag\" \/>\n<meta property=\"og:type\" content=\"article\" class=\"yoast-seo-meta-tag\" \/>\n<meta property=\"og:title\" content=\"December 12-\u00e9n l\u00e9p \u00e9letbe a Vol\u00e1nbusz \u00faj menetrendje\" class=\"yoast-seo-meta-tag\" \/>\n<meta property=\"og:description\" content=\"December 12-\u00e9n \u00e9letbe l\u00e9p a Vol\u00e1nbusz Zrt. 2021\/2022. \u00e9vi aut\u00f3busz-menetrendje, amely az id\u00e9n is sz\u00e1mos fejleszt\u00e9st \u00e9s v\u00e1ltoz\u00e1st hoz az orsz\u00e1gos, el\u0151v\u00e1rosi \u00e9s region\u00e1lis aut\u00f3buszj\u00e1ratok k\u00f6zleked\u00e9s\u00e9ben &#8211; k\u00f6z\u00f6lte a t\u00e1rsas\u00e1g szombaton az MTI-vel. A k\u00f6zlem\u00e9ny szerint egyes t\u00e9rs\u00e9gekben &#8211; az \u00e1talakul\u00f3 vas\u00fati menetrendhez is igazodva &#8211; m\u00f3dosul a r\u00e1hord\u00f3 aut\u00f3buszj\u00e1ratok menetrendje, vagy \u00faj vas\u00fati csatlakoz\u00e1sok\" class=\"yoast-seo-meta-tag\" \/>\n<meta property=\"og:url\" content=\"https:\/\/dorogimedence.hu\/index.php\/2021\/11\/29\/december-12-en-lep-eletbe-a-volanbusz-uj-menetrendje\/\" class=\"yoast-seo-meta-tag\" \/>\n<meta property=\"og:site_name\" content=\"Dorogi-medence Region\u00e1lis H\u00edrport\u00e1l\" class=\"yoast-seo-meta-tag\" \/>\n<meta property=\"article:publisher\" content=\"https:\/\/www.facebook.com\/dorogimedence\/\" class=\"yoast-seo-meta-tag\" \/>\n<meta property=\"article:published_time\" content=\"2021-11-29T13:04:25+00:00\" class=\"yoast-seo-meta-tag\" \/>\n<meta property=\"article:modified_time\" content=\"2021-11-29T13:06:47+00:00\" class=\"yoast-seo-meta-tag\" \/>\n<meta property=\"og:image\" content=\"https:\/\/i0.wp.com\/dorogimedence.hu\/wp-content\/uploads\/2021\/08\/volanbusz.jpg?fit=1920%2C1280&ssl=1\" class=\"yoast-seo-meta-tag\" \/>\n\t<meta property=\"og:image:width\" content=\"1920\" class=\"yoast-seo-meta-tag\" \/>\n\t<meta property=\"og:image:height\" content=\"1280\" class=\"yoast-seo-meta-tag\" \/>\n\t<meta property=\"og:image:type\" content=\"image\/jpeg\" class=\"yoast-seo-meta-tag\" \/>\n<meta name=\"author\" content=\"dorogimedence.hu\" class=\"yoast-seo-meta-tag\" \/>\n<meta name=\"twitter:card\" content=\"summary_large_image\" class=\"yoast-seo-meta-tag\" \/>\n<meta name=\"twitter:label1\" content=\"Szerz\u0151:\" class=\"yoast-seo-meta-tag\" \/>\n\t<meta name=\"twitter:data1\" content=\"dorogimedence.hu\" class=\"yoast-seo-meta-tag\" \/>\n\t<meta name=\"twitter:label2\" content=\"Becs\u00fclt olvas\u00e1si id\u0151\" class=\"yoast-seo-meta-tag\" \/>\n\t<meta name=\"twitter:data2\" content=\"1 perc\" class=\"yoast-seo-meta-tag\" \/>\n<script type=\"application\/ld+json\" class=\"yoast-schema-graph\">{\"@context\":\"https:\\\/\\\/schema.org\",\"@graph\":[{\"@type\":\"Article\",\"@id\":\"https:\\\/\\\/dorogimedence.hu\\\/index.php\\\/2021\\\/11\\\/29\\\/december-12-en-lep-eletbe-a-volanbusz-uj-menetrendje\\\/#article\",\"isPartOf\":{\"@id\":\"https:\\\/\\\/dorogimedence.hu\\\/index.php\\\/2021\\\/11\\\/29\\\/december-12-en-lep-eletbe-a-volanbusz-uj-menetrendje\\\/\"},\"author\":{\"name\":\"dorogimedence.hu\",\"@id\":\"https:\\\/\\\/dorogimedence.hu\\\/#\\\/schema\\\/person\\\/ce6091eeb7e95ecdc87890d6aa8e0fd4\"},\"headline\":\"December 12-\u00e9n l\u00e9p \u00e9letbe a Vol\u00e1nbusz \u00faj menetrendje\",\"datePublished\":\"2021-11-29T13:04:25+00:00\",\"dateModified\":\"2021-11-29T13:06:47+00:00\",\"mainEntityOfPage\":{\"@id\":\"https:\\\/\\\/dorogimedence.hu\\\/index.php\\\/2021\\\/11\\\/29\\\/december-12-en-lep-eletbe-a-volanbusz-uj-menetrendje\\\/\"},\"wordCount\":276,\"publisher\":{\"@id\":\"https:\\\/\\\/dorogimedence.hu\\\/#organization\"},\"image\":{\"@id\":\"https:\\\/\\\/dorogimedence.hu\\\/index.php\\\/2021\\\/11\\\/29\\\/december-12-en-lep-eletbe-a-volanbusz-uj-menetrendje\\\/#primaryimage\"},\"thumbnailUrl\":\"https:\\\/\\\/dorogimedence.hu\\\/wp-content\\\/uploads\\\/2021\\\/08\\\/volanbusz.jpg\",\"keywords\":[\"aut\u00f3busz\",\"busz\",\"Dorog\",\"esztergom\",\"Keszt\u00f6lc\",\"k\u00f6zleked\u00e9s\",\"Piliscs\u00e9v\",\"t\u00f6megk\u00f6zleked\u00e9s\",\"vol\u00e1nbusz\"],\"articleSection\":[\"Dorog\",\"Esztergom\",\"H\u00edrek\",\"Keszt\u00f6lc\",\"Piliscs\u00e9v\"],\"inLanguage\":\"hu\"},{\"@type\":\"WebPage\",\"@id\":\"https:\\\/\\\/dorogimedence.hu\\\/index.php\\\/2021\\\/11\\\/29\\\/december-12-en-lep-eletbe-a-volanbusz-uj-menetrendje\\\/\",\"url\":\"https:\\\/\\\/dorogimedence.hu\\\/index.php\\\/2021\\\/11\\\/29\\\/december-12-en-lep-eletbe-a-volanbusz-uj-menetrendje\\\/\",\"name\":\"December 12-\u00e9n l\u00e9p \u00e9letbe a Vol\u00e1nbusz \u00faj menetrendje\",\"isPartOf\":{\"@id\":\"https:\\\/\\\/dorogimedence.hu\\\/#website\"},\"primaryImageOfPage\":{\"@id\":\"https:\\\/\\\/dorogimedence.hu\\\/index.php\\\/2021\\\/11\\\/29\\\/december-12-en-lep-eletbe-a-volanbusz-uj-menetrendje\\\/#primaryimage\"},\"image\":{\"@id\":\"https:\\\/\\\/dorogimedence.hu\\\/index.php\\\/2021\\\/11\\\/29\\\/december-12-en-lep-eletbe-a-volanbusz-uj-menetrendje\\\/#primaryimage\"},\"thumbnailUrl\":\"https:\\\/\\\/dorogimedence.hu\\\/wp-content\\\/uploads\\\/2021\\\/08\\\/volanbusz.jpg\",\"datePublished\":\"2021-11-29T13:04:25+00:00\",\"dateModified\":\"2021-11-29T13:06:47+00:00\",\"breadcrumb\":{\"@id\":\"https:\\\/\\\/dorogimedence.hu\\\/index.php\\\/2021\\\/11\\\/29\\\/december-12-en-lep-eletbe-a-volanbusz-uj-menetrendje\\\/#breadcrumb\"},\"inLanguage\":\"hu\",\"potentialAction\":[{\"@type\":\"ReadAction\",\"target\":[\"https:\\\/\\\/dorogimedence.hu\\\/index.php\\\/2021\\\/11\\\/29\\\/december-12-en-lep-eletbe-a-volanbusz-uj-menetrendje\\\/\"]}]},{\"@type\":\"ImageObject\",\"inLanguage\":\"hu\",\"@id\":\"https:\\\/\\\/dorogimedence.hu\\\/index.php\\\/2021\\\/11\\\/29\\\/december-12-en-lep-eletbe-a-volanbusz-uj-menetrendje\\\/#primaryimage\",\"url\":\"https:\\\/\\\/dorogimedence.hu\\\/wp-content\\\/uploads\\\/2021\\\/08\\\/volanbusz.jpg\",\"contentUrl\":\"https:\\\/\\\/dorogimedence.hu\\\/wp-content\\\/uploads\\\/2021\\\/08\\\/volanbusz.jpg\",\"width\":1920,\"height\":1280},{\"@type\":\"BreadcrumbList\",\"@id\":\"https:\\\/\\\/dorogimedence.hu\\\/index.php\\\/2021\\\/11\\\/29\\\/december-12-en-lep-eletbe-a-volanbusz-uj-menetrendje\\\/#breadcrumb\",\"itemListElement\":[{\"@type\":\"ListItem\",\"position\":1,\"name\":\"Kezd\u0151lap\",\"item\":\"https:\\\/\\\/dorogimedence.hu\\\/\"},{\"@type\":\"ListItem\",\"position\":2,\"name\":\"December 12-\u00e9n l\u00e9p \u00e9letbe a Vol\u00e1nbusz \u00faj menetrendje\"}]},{\"@type\":\"WebSite\",\"@id\":\"https:\\\/\\\/dorogimedence.hu\\\/#website\",\"url\":\"https:\\\/\\\/dorogimedence.hu\\\/\",\"name\":\"Dorogi-medence Region\u00e1lis H\u00edrport\u00e1l\",\"description\":\"Dorog, Keszt\u00f6lc, Le\u00e1nyv\u00e1r, Piliscs\u00e9v, Tokod, Tokodalt\u00e1r\u00f3, Csolnok, Esztergom-kertv\u00e1ros: h\u00edrek, programok\",\"publisher\":{\"@id\":\"https:\\\/\\\/dorogimedence.hu\\\/#organization\"},\"potentialAction\":[{\"@type\":\"SearchAction\",\"target\":{\"@type\":\"EntryPoint\",\"urlTemplate\":\"https:\\\/\\\/dorogimedence.hu\\\/?s={search_term_string}\"},\"query-input\":{\"@type\":\"PropertyValueSpecification\",\"valueRequired\":true,\"valueName\":\"search_term_string\"}}],\"inLanguage\":\"hu\"},{\"@type\":\"Organization\",\"@id\":\"https:\\\/\\\/dorogimedence.hu\\\/#organization\",\"name\":\"Dorogi-medence Region\u00e1lis H\u00edrport\u00e1l\",\"url\":\"https:\\\/\\\/dorogimedence.hu\\\/\",\"logo\":{\"@type\":\"ImageObject\",\"inLanguage\":\"hu\",\"@id\":\"https:\\\/\\\/dorogimedence.hu\\\/#\\\/schema\\\/logo\\\/image\\\/\",\"url\":\"https:\\\/\\\/dorogimedence.hu\\\/wp-content\\\/uploads\\\/2021\\\/04\\\/logo-feher-600.png\",\"contentUrl\":\"https:\\\/\\\/dorogimedence.hu\\\/wp-content\\\/uploads\\\/2021\\\/04\\\/logo-feher-600.png\",\"width\":600,\"height\":100,\"caption\":\"Dorogi-medence Region\u00e1lis H\u00edrport\u00e1l\"},\"image\":{\"@id\":\"https:\\\/\\\/dorogimedence.hu\\\/#\\\/schema\\\/logo\\\/image\\\/\"},\"sameAs\":[\"https:\\\/\\\/www.facebook.com\\\/dorogimedence\\\/\"]},{\"@type\":\"Person\",\"@id\":\"https:\\\/\\\/dorogimedence.hu\\\/#\\\/schema\\\/person\\\/ce6091eeb7e95ecdc87890d6aa8e0fd4\",\"name\":\"dorogimedence.hu\",\"image\":{\"@type\":\"ImageObject\",\"inLanguage\":\"hu\",\"@id\":\"\\\/\\\/www.gravatar.com\\\/avatar\\\/d8d45f8901aadff40a4af72c0b826f1d?s=96&#038;r=g&#038;d=mm\",\"url\":\"\\\/\\\/www.gravatar.com\\\/avatar\\\/d8d45f8901aadff40a4af72c0b826f1d?s=96&#038;r=g&#038;d=mm\",\"contentUrl\":\"\\\/\\\/www.gravatar.com\\\/avatar\\\/d8d45f8901aadff40a4af72c0b826f1d?s=96&#038;r=g&#038;d=mm\",\"caption\":\"dorogimedence.hu\"}}]}<\/script>\n<!-- \/ Yoast SEO plugin. -->","yoast_head_json":{"title":"December 12-\u00e9n l\u00e9p \u00e9letbe a Vol\u00e1nbusz \u00faj menetrendje","robots":{"index":"index","follow":"follow","max-snippet":"max-snippet:-1","max-image-preview":"max-image-preview:large","max-video-preview":"max-video-preview:-1"},"canonical":"https:\/\/dorogimedence.hu\/index.php\/2021\/11\/29\/december-12-en-lep-eletbe-a-volanbusz-uj-menetrendje\/","og_locale":"hu_HU","og_type":"article","og_title":"December 12-\u00e9n l\u00e9p \u00e9letbe a Vol\u00e1nbusz \u00faj menetrendje","og_description":"December 12-\u00e9n \u00e9letbe l\u00e9p a Vol\u00e1nbusz Zrt. 2021\/2022. \u00e9vi aut\u00f3busz-menetrendje, amely az id\u00e9n is sz\u00e1mos fejleszt\u00e9st \u00e9s v\u00e1ltoz\u00e1st hoz az orsz\u00e1gos, el\u0151v\u00e1rosi \u00e9s region\u00e1lis aut\u00f3buszj\u00e1ratok k\u00f6zleked\u00e9s\u00e9ben &#8211; k\u00f6z\u00f6lte a t\u00e1rsas\u00e1g szombaton az MTI-vel. A k\u00f6zlem\u00e9ny szerint egyes t\u00e9rs\u00e9gekben &#8211; az \u00e1talakul\u00f3 vas\u00fati menetrendhez is igazodva &#8211; m\u00f3dosul a r\u00e1hord\u00f3 aut\u00f3buszj\u00e1ratok menetrendje, vagy \u00faj vas\u00fati csatlakoz\u00e1sok","og_url":"https:\/\/dorogimedence.hu\/index.php\/2021\/11\/29\/december-12-en-lep-eletbe-a-volanbusz-uj-menetrendje\/","og_site_name":"Dorogi-medence Region\u00e1lis H\u00edrport\u00e1l","article_publisher":"https:\/\/www.facebook.com\/dorogimedence\/","article_published_time":"2021-11-29T13:04:25+00:00","article_modified_time":"2021-11-29T13:06:47+00:00","og_image":[{"width":1920,"height":1280,"url":"https:\/\/i0.wp.com\/dorogimedence.hu\/wp-content\/uploads\/2021\/08\/volanbusz.jpg?fit=1920%2C1280&ssl=1","type":"image\/jpeg"}],"author":"dorogimedence.hu","twitter_card":"summary_large_image","twitter_misc":{"Szerz\u0151:":"dorogimedence.hu","Becs\u00fclt olvas\u00e1si id\u0151":"1 perc"},"schema":{"@context":"https:\/\/schema.org","@graph":[{"@type":"Article","@id":"https:\/\/dorogimedence.hu\/index.php\/2021\/11\/29\/december-12-en-lep-eletbe-a-volanbusz-uj-menetrendje\/#article","isPartOf":{"@id":"https:\/\/dorogimedence.hu\/index.php\/2021\/11\/29\/december-12-en-lep-eletbe-a-volanbusz-uj-menetrendje\/"},"author":{"name":"dorogimedence.hu","@id":"https:\/\/dorogimedence.hu\/#\/schema\/person\/ce6091eeb7e95ecdc87890d6aa8e0fd4"},"headline":"December 12-\u00e9n l\u00e9p \u00e9letbe a Vol\u00e1nbusz \u00faj menetrendje","datePublished":"2021-11-29T13:04:25+00:00","dateModified":"2021-11-29T13:06:47+00:00","mainEntityOfPage":{"@id":"https:\/\/dorogimedence.hu\/index.php\/2021\/11\/29\/december-12-en-lep-eletbe-a-volanbusz-uj-menetrendje\/"},"wordCount":276,"publisher":{"@id":"https:\/\/dorogimedence.hu\/#organization"},"image":{"@id":"https:\/\/dorogimedence.hu\/index.php\/2021\/11\/29\/december-12-en-lep-eletbe-a-volanbusz-uj-menetrendje\/#primaryimage"},"thumbnailUrl":"https:\/\/dorogimedence.hu\/wp-content\/uploads\/2021\/08\/volanbusz.jpg","keywords":["aut\u00f3busz","busz","Dorog","esztergom","Keszt\u00f6lc","k\u00f6zleked\u00e9s","Piliscs\u00e9v","t\u00f6megk\u00f6zleked\u00e9s","vol\u00e1nbusz"],"articleSection":["Dorog","Esztergom","H\u00edrek","Keszt\u00f6lc","Piliscs\u00e9v"],"inLanguage":"hu"},{"@type":"WebPage","@id":"https:\/\/dorogimedence.hu\/index.php\/2021\/11\/29\/december-12-en-lep-eletbe-a-volanbusz-uj-menetrendje\/","url":"https:\/\/dorogimedence.hu\/index.php\/2021\/11\/29\/december-12-en-lep-eletbe-a-volanbusz-uj-menetrendje\/","name":"December 12-\u00e9n l\u00e9p \u00e9letbe a Vol\u00e1nbusz \u00faj menetrendje","isPartOf":{"@id":"https:\/\/dorogimedence.hu\/#website"},"primaryImageOfPage":{"@id":"https:\/\/dorogimedence.hu\/index.php\/2021\/11\/29\/december-12-en-lep-eletbe-a-volanbusz-uj-menetrendje\/#primaryimage"},"image":{"@id":"https:\/\/dorogimedence.hu\/index.php\/2021\/11\/29\/december-12-en-lep-eletbe-a-volanbusz-uj-menetrendje\/#primaryimage"},"thumbnailUrl":"https:\/\/dorogimedence.hu\/wp-content\/uploads\/2021\/08\/volanbusz.jpg","datePublished":"2021-11-29T13:04:25+00:00","dateModified":"2021-11-29T13:06:47+00:00","breadcrumb":{"@id":"https:\/\/dorogimedence.hu\/index.php\/2021\/11\/29\/december-12-en-lep-eletbe-a-volanbusz-uj-menetrendje\/#breadcrumb"},"inLanguage":"hu","potentialAction":[{"@type":"ReadAction","target":["https:\/\/dorogimedence.hu\/index.php\/2021\/11\/29\/december-12-en-lep-eletbe-a-volanbusz-uj-menetrendje\/"]}]},{"@type":"ImageObject","inLanguage":"hu","@id":"https:\/\/dorogimedence.hu\/index.php\/2021\/11\/29\/december-12-en-lep-eletbe-a-volanbusz-uj-menetrendje\/#primaryimage","url":"https:\/\/dorogimedence.hu\/wp-content\/uploads\/2021\/08\/volanbusz.jpg","contentUrl":"https:\/\/dorogimedence.hu\/wp-content\/uploads\/2021\/08\/volanbusz.jpg","width":1920,"height":1280},{"@type":"BreadcrumbList","@id":"https:\/\/dorogimedence.hu\/index.php\/2021\/11\/29\/december-12-en-lep-eletbe-a-volanbusz-uj-menetrendje\/#breadcrumb","itemListElement":[{"@type":"ListItem","position":1,"name":"Kezd\u0151lap","item":"https:\/\/dorogimedence.hu\/"},{"@type":"ListItem","position":2,"name":"December 12-\u00e9n l\u00e9p \u00e9letbe a Vol\u00e1nbusz \u00faj menetrendje"}]},{"@type":"WebSite","@id":"https:\/\/dorogimedence.hu\/#website","url":"https:\/\/dorogimedence.hu\/","name":"Dorogi-medence Region\u00e1lis H\u00edrport\u00e1l","description":"Dorog, Keszt\u00f6lc, Le\u00e1nyv\u00e1r, Piliscs\u00e9v, Tokod, Tokodalt\u00e1r\u00f3, Csolnok, Esztergom-kertv\u00e1ros: h\u00edrek, programok","publisher":{"@id":"https:\/\/dorogimedence.hu\/#organization"},"potentialAction":[{"@type":"SearchAction","target":{"@type":"EntryPoint","urlTemplate":"https:\/\/dorogimedence.hu\/?s={search_term_string}"},"query-input":{"@type":"PropertyValueSpecification","valueRequired":true,"valueName":"search_term_string"}}],"inLanguage":"hu"},{"@type":"Organization","@id":"https:\/\/dorogimedence.hu\/#organization","name":"Dorogi-medence Region\u00e1lis H\u00edrport\u00e1l","url":"https:\/\/dorogimedence.hu\/","logo":{"@type":"ImageObject","inLanguage":"hu","@id":"https:\/\/dorogimedence.hu\/#\/schema\/logo\/image\/","url":"https:\/\/dorogimedence.hu\/wp-content\/uploads\/2021\/04\/logo-feher-600.png","contentUrl":"https:\/\/dorogimedence.hu\/wp-content\/uploads\/2021\/04\/logo-feher-600.png","width":600,"height":100,"caption":"Dorogi-medence Region\u00e1lis H\u00edrport\u00e1l"},"image":{"@id":"https:\/\/dorogimedence.hu\/#\/schema\/logo\/image\/"},"sameAs":["https:\/\/www.facebook.com\/dorogimedence\/"]},{"@type":"Person","@id":"https:\/\/dorogimedence.hu\/#\/schema\/person\/ce6091eeb7e95ecdc87890d6aa8e0fd4","name":"dorogimedence.hu","image":{"@type":"ImageObject","inLanguage":"hu","@id":"\/\/www.gravatar.com\/avatar\/d8d45f8901aadff40a4af72c0b826f1d?s=96&#038;r=g&#038;d=mm","url":"\/\/www.gravatar.com\/avatar\/d8d45f8901aadff40a4af72c0b826f1d?s=96&#038;r=g&#038;d=mm","contentUrl":"\/\/www.gravatar.com\/avatar\/d8d45f8901aadff40a4af72c0b826f1d?s=96&#038;r=g&#038;d=mm","caption":"dorogimedence.hu"}}]}},"_links":{"self":[{"href":"https:\/\/dorogimedence.hu\/index.php\/wp-json\/wp\/v2\/posts\/38908","targetHints":{"allow":["GET"]}}],"collection":[{"href":"https:\/\/dorogimedence.hu\/index.php\/wp-json\/wp\/v2\/posts"}],"about":[{"href":"https:\/\/dorogimedence.hu\/index.php\/wp-json\/wp\/v2\/types\/post"}],"author":[{"embeddable":true,"href":"https:\/\/dorogimedence.hu\/index.php\/wp-json\/wp\/v2\/users\/1"}],"replies":[{"embeddable":true,"href":"https:\/\/dorogimedence.hu\/index.php\/wp-json\/wp\/v2\/comments?post=38908"}],"version-history":[{"count":0,"href":"https:\/\/dorogimedence.hu\/index.php\/wp-json\/wp\/v2\/posts\/38908\/revisions"}],"wp:featuredmedia":[{"embeddable":true,"href":"https:\/\/dorogimedence.hu\/index.php\/wp-json\/wp\/v2\/media\/36150"}],"wp:attachment":[{"href":"https:\/\/dorogimedence.hu\/index.php\/wp-json\/wp\/v2\/media?parent=38908"}],"wp:term":[{"taxonomy":"category","embeddable":true,"href":"https:\/\/dorogimedence.hu\/index.php\/wp-json\/wp\/v2\/categories?post=38908"},{"taxonomy":"post_tag","embeddable":true,"href":"https:\/\/dorogimedence.hu\/index.php\/wp-json\/wp\/v2\/tags?post=38908"}],"curies":[{"name":"wp","href":"https:\/\/api.w.org\/{rel}","templated":true}]}}