{"id":38825,"date":"2021-11-26T13:01:02","date_gmt":"2021-11-26T12:01:02","guid":{"rendered":"https:\/\/dorogimedence.hu\/?p=38825"},"modified":"2021-11-26T13:01:13","modified_gmt":"2021-11-26T12:01:13","slug":"mikor-cserelje-le-51-jel-amikor-szegyen-a-ferfi-derekszij","status":"publish","type":"post","link":"https:\/\/dorogimedence.hu\/index.php\/2021\/11\/26\/mikor-cserelje-le-51-jel-amikor-szegyen-a-ferfi-derekszij\/","title":{"rendered":"Mikor cser\u00e9lje le? 5+1 jel, amikor sz\u00e9gyen a f\u00e9rfi der\u00e9ksz\u00edj"},"content":{"rendered":"<p><strong>Nem a ruha teszi az ember. Mit gondol err\u0151l? Szerint\u00fcnk az els\u0151 benyom\u00e1s alkalm\u00e1val k\u00edm\u00e9letlen\u00fcl az \u00f6lt\u00f6z\u00e9ke alapj\u00e1n \u00edt\u00e9l\u00fcnk meg m\u00e1sokat. De nem minden a ruha, a l\u00e9nyeg a r\u00e9szletekben rejlik. Hi\u00e1ba m\u00e1rk\u00e1s az outfit, ha ig\u00e9nytelen \u00f6vet csatol fel hozz\u00e1.<\/strong><\/p>\n<p><span style=\"font-weight: 400;\">Mennyi egy der\u00e9ksz\u00edj szavatoss\u00e1ga? Az \u00d6vBolt.hu \u00f6sszegy\u0171jt\u00f6tte azokat az \u00e1rulkod\u00f3 jeleket, amelyekre \u00e9rdemes odafigyelni a <\/span><span style=\"text-decoration: underline; color: #0000ff;\"><a style=\"color: #0000ff; text-decoration: underline;\" title=\"f\u00e9rfi \u00f6vek ig\u00e9nyes uraknak\" href=\"https:\/\/www.ovbolt.hu\/ferfi_ov_87\" target=\"_blank\" rel=\"dofollow noopener\"><span style=\"font-weight: 400;\">f\u00e9rfi \u00f6veken<\/span><\/a><\/span><span style=\"font-weight: 400;\">, ha \u00f6n sem nem szeretne kopott kieg\u00e9sz\u00edt\u0151ben sz\u00e9gyenkezni. <\/span><\/p>\n<p><b>B\u0151r vs. m\u0171b\u0151r f\u00e9rfi der\u00e9ksz\u00edj<\/b><\/p>\n<p><span style=\"font-weight: 400;\">Az eredeti b\u0151r k\u00e9ts\u00e9gtelen\u00fcl sokkal tart\u00f3sabb, mint az olcs\u00f3bb b\u0151rut\u00e1nzatok \u00e9s a m\u0171b\u0151r. \u00d6vek eset\u00e9ben ezt \u00fagy kell elk\u00e9pzelni, ahogyan a marhab\u0151r rostjai er\u0151sen kapaszkodnak egym\u00e1sba. Olyan ez, mintha egy fa deszk\u00e1t hasonl\u00edtan\u00e1nk \u00f6ssze egy pr\u00e9selt OSB lappal. Nem k\u00e9rd\u00e9s, hogy melyik fogja tov\u00e1bb b\u00edrni. A b\u0151r sz\u00edjak teh\u00e1t megfelel\u0151 haszn\u00e1lat \u00e9s \u00e1pol\u00e1s mellett ak\u00e1r \u00e9vtizedekig is \u00e1llj\u00e1k a strap\u00e1t. De id\u0151vel elhaszn\u00e1l\u00f3dnak, megkopnak. <\/span><\/p>\n<p><span style=\"font-weight: 400;\">Mikor van itt az ideje a cser\u00e9nek? Bizonytalan? Itt egy kis seg\u00edts\u00e9g!<\/span><\/p>\n<p><b>5+1 jel, amikor sz\u00e9gyen az \u00f6v visel\u00e9se<\/b><\/p>\n<p><span style=\"font-weight: 400;\">Ne feledje, ha csak egyet is tapasztal, ne k\u00edm\u00e9lje. Viszl\u00e1t a nadr\u00e1gsz\u00edjnak! <\/span><\/p>\n<p><strong>1. Leszakadt \u00f6vb\u00fajtat\u00f3<\/strong><\/p>\n<p><span style=\"font-weight: 400;\">Az \u00f6vcsat mellett tal\u00e1lhat\u00f3 \u00f6vb\u00fajtat\u00f3 fixen van r\u00f6gz\u00edtve. Anyaga megegyezik az \u00f6vvel, lehet b\u0151r, m\u0171b\u0151r \u00e9s textil is. Ha fityeg, l\u00f3g vagy teljesen leszakadt, akkor fekete \u00f6vek eset\u00e9ben megpr\u00f3b\u00e1lhatja p\u00f3tolni. De m\u00e1s \u00e1rnyalathoz nem aj\u00e1nljuk a p\u00f3t \u00f6vb\u00fajtat\u00f3t, ha nem passzolnak a sz\u00ednek.<\/span><\/p>\n<p><strong>2. Cs\u00fanya reped\u00e9sek<\/strong><\/p>\n<p><span style=\"font-weight: 400;\">Nem gy\u0151zz\u00fck hangs\u00falyozni a b\u0151r \u00f6vek rendszeres \u00e1pol\u00e1s\u00e1t, amir\u0151l nagyon sokan elfeledkeznek. Igaz, nem koszol\u00f3dik el annyira nyilv\u00e1nval\u00f3an, mint egy b\u0151rcip\u0151, m\u00e9gis sok m\u00falik rajta. Id\u0151vel a b\u0151r vesz\u00edt nedvess\u00e9gtartalm\u00e1b\u00f3l, ami miatt fel\u00fclete kirepedezik, t\u00f6redezett\u00e9 v\u00e1lik. Sokat tehet a f\u00e9rfi der\u00e9ksz\u00edjak hosszabb \u00e9lettartam\u00e1\u00e9rt, ha \u00e9vente k\u00e9tszer b\u0151r\u00e1pol\u00f3val kezeli. Ha a m\u00e1r megl\u00e9v\u0151 reped\u00e9seket semmi nem t\u00fcnteti el, akkor ink\u00e1bb ne viselje tov\u00e1bb. <\/span><\/p>\n<p><strong>3. Kopott \u00f6vcsat<\/strong><\/p>\n<p><span style=\"font-weight: 400;\">Az \u00f6vcsatok f\u00e9nyes fel\u00fclet\u00e9n gyakran nyomot hagy az id\u0151 vasfoga. Ha az \u00f6n\u00e9t is karcol\u00e1sok cs\u00faf\u00edtj\u00e1k, akkor fontolja meg hova veszi fel. Befoghatja otthoni vagy dolgoz\u00f3s kieg\u00e9sz\u00edt\u0151nek, hiszen a haszn\u00e1latot nem befoly\u00e1solja, de munkahelyre, t\u00e1rsas\u00e1gba ink\u00e1bb m\u00e1r ne csatolja fel. <\/span><\/p>\n<p><strong>4. Elkoszol\u00f3d\u00e1s<\/strong><\/p>\n<p><span style=\"font-weight: 400;\">Az elhanyagolt nadr\u00e1g\u00f6vek egyik tipikus jellemz\u0151je a koszos fel\u00fclet. V\u00e9gzetes hiba, amit ut\u00f3lag m\u00e1r nem lehet helyrehozni. A b\u0151rt pedig egy\u00e9bk\u00e9nt sem szerencs\u00e9s vegyszerekkel suvickolni. Intsen b\u00facs\u00fat, \u00e9s tanuljon a hib\u00e1b\u00f3l!<\/span><\/p>\n<p><strong>5. Kiny\u00falt lyuk<\/strong><\/p>\n<p><span style=\"font-weight: 400;\">Ha a der\u00e9km\u00e9rete nem v\u00e1ltozik, akkor \u00e1ltal\u00e1ban mindig ugyanabba a lyukba f\u0171zi az \u00f6vcsatot. A rendszeresen haszn\u00e1lt der\u00e9k\u00f6vekn\u00e9l \u00edgy id\u0151vel ez a bizonyos lyuk kit\u00e1gul, \u00e9s elny\u0171tt hat\u00e1st k\u00f6lcs\u00f6n\u00f6z, ez\u00e9rt k\u00e9nytelen lesz megv\u00e1lni kedvenc\u00e9t\u0151l, \u00e9s beszerezni egy m\u00e1sikat.<\/span><\/p>\n<p><strong>+1. Rojtok<\/strong><\/p>\n<p><span style=\"font-weight: 400;\">A gyenge min\u0151s\u00e9g\u0171 f\u00e9rfi der\u00e9ksz\u00edjakon \u00e9ktelenked\u0151 sz\u00e1lak egy\u00e9rtelm\u0171en azt jelzik, hogy a sz\u00edj sz\u00e9le foszl\u00e1snak indult. Megpr\u00f3b\u00e1lhatja lev\u00e1gni a rojtokat, de el\u0151bb-ut\u00f3bb sajnos menthetetlen lesz \u00e9s elvesz\u00edti tart\u00e1s\u00e1t. <\/span><\/p>\n<p><strong>M\u00e9g egy j\u00f3tan\u00e1cs a v\u00e9g\u00e9re! <\/strong><\/p>\n<p><span style=\"font-weight: 400;\">Ha teheti, v\u00e1ltogassa gyakran a nadr\u00e1gsz\u00edjait, hogy k\u00edm\u00e9lje \u00e9s min\u00e9l tov\u00e1bb haszn\u00e1lhassa kedvenceit. A haszn\u00e1latb\u00f3l ered\u0151 hib\u00e1kat sokszor nem lehet elker\u00fclni, de megel\u0151zni vagy helyrehozni igen. Ha pedig ig\u00e9nyes megjelen\u00e9sre v\u00e1gyik, akkor a menthetetlen darabokat k\u00edm\u00e9letlen\u00fcl selejtezze ki.<\/span>&nbsp;<\/p>\n","protected":false},"excerpt":{"rendered":"<p>Nem a ruha teszi az ember. Mit gondol err\u0151l? Szerint\u00fcnk az els\u0151 benyom\u00e1s alkalm\u00e1val k\u00edm\u00e9letlen\u00fcl az \u00f6lt\u00f6z\u00e9ke alapj\u00e1n \u00edt\u00e9l\u00fcnk meg m\u00e1sokat. De nem minden a ruha, a l\u00e9nyeg a r\u00e9szletekben rejlik. Hi\u00e1ba m\u00e1rk\u00e1s az outfit, ha ig\u00e9nytelen \u00f6vet csatol fel hozz\u00e1. Mennyi egy der\u00e9ksz\u00edj szavatoss\u00e1ga? Az \u00d6vBolt.hu \u00f6sszegy\u0171jt\u00f6tte azokat az \u00e1rulkod\u00f3 jeleket, amelyekre \u00e9rdemes odafigyelni<\/p>\n","protected":false},"author":1,"featured_media":38826,"comment_status":"closed","ping_status":"closed","sticky":false,"template":"","format":"standard","meta":{"ngg_post_thumbnail":0,"footnotes":""},"categories":[3],"tags":[6129,6127,6128],"class_list":{"0":"post-38825","1":"post","2":"type-post","3":"status-publish","4":"format-standard","5":"has-post-thumbnail","7":"category-hirek","8":"tag-derekszij","9":"tag-ov","10":"tag-szij"},"yoast_head":"<!-- This site is optimized with the Yoast SEO plugin v27.5 - https:\/\/yoast.com\/product\/yoast-seo-wordpress\/ -->\n<title>Mikor cser\u00e9lje le? 5+1 jel, amikor sz\u00e9gyen a f\u00e9rfi der\u00e9ksz\u00edj<\/title>\n<meta name=\"robots\" content=\"index, follow, max-snippet:-1, max-image-preview:large, max-video-preview:-1\" \/>\n<link rel=\"canonical\" href=\"https:\/\/dorogimedence.hu\/index.php\/2021\/11\/26\/mikor-cserelje-le-51-jel-amikor-szegyen-a-ferfi-derekszij\/\" class=\"yoast-seo-meta-tag\" \/>\n<meta property=\"og:locale\" content=\"hu_HU\" class=\"yoast-seo-meta-tag\" \/>\n<meta property=\"og:type\" content=\"article\" class=\"yoast-seo-meta-tag\" \/>\n<meta property=\"og:title\" content=\"Mikor cser\u00e9lje le? 5+1 jel, amikor sz\u00e9gyen a f\u00e9rfi der\u00e9ksz\u00edj\" class=\"yoast-seo-meta-tag\" \/>\n<meta property=\"og:description\" content=\"Nem a ruha teszi az ember. Mit gondol err\u0151l? Szerint\u00fcnk az els\u0151 benyom\u00e1s alkalm\u00e1val k\u00edm\u00e9letlen\u00fcl az \u00f6lt\u00f6z\u00e9ke alapj\u00e1n \u00edt\u00e9l\u00fcnk meg m\u00e1sokat. De nem minden a ruha, a l\u00e9nyeg a r\u00e9szletekben rejlik. Hi\u00e1ba m\u00e1rk\u00e1s az outfit, ha ig\u00e9nytelen \u00f6vet csatol fel hozz\u00e1. Mennyi egy der\u00e9ksz\u00edj szavatoss\u00e1ga? Az \u00d6vBolt.hu \u00f6sszegy\u0171jt\u00f6tte azokat az \u00e1rulkod\u00f3 jeleket, amelyekre \u00e9rdemes odafigyelni\" class=\"yoast-seo-meta-tag\" \/>\n<meta property=\"og:url\" content=\"https:\/\/dorogimedence.hu\/index.php\/2021\/11\/26\/mikor-cserelje-le-51-jel-amikor-szegyen-a-ferfi-derekszij\/\" class=\"yoast-seo-meta-tag\" \/>\n<meta property=\"og:site_name\" content=\"Dorogi-medence Region\u00e1lis H\u00edrport\u00e1l\" class=\"yoast-seo-meta-tag\" \/>\n<meta property=\"article:publisher\" content=\"https:\/\/www.facebook.com\/dorogimedence\/\" class=\"yoast-seo-meta-tag\" \/>\n<meta property=\"article:published_time\" content=\"2021-11-26T12:01:02+00:00\" class=\"yoast-seo-meta-tag\" \/>\n<meta property=\"article:modified_time\" content=\"2021-11-26T12:01:13+00:00\" class=\"yoast-seo-meta-tag\" \/>\n<meta property=\"og:image\" content=\"https:\/\/i0.wp.com\/dorogimedence.hu\/wp-content\/uploads\/2021\/11\/nordwood-themes-rxiju7adrps-unsplash.jpg?fit=1920%2C1280&ssl=1\" class=\"yoast-seo-meta-tag\" \/>\n\t<meta property=\"og:image:width\" content=\"1920\" class=\"yoast-seo-meta-tag\" \/>\n\t<meta property=\"og:image:height\" content=\"1280\" class=\"yoast-seo-meta-tag\" \/>\n\t<meta property=\"og:image:type\" content=\"image\/jpeg\" class=\"yoast-seo-meta-tag\" \/>\n<meta name=\"author\" content=\"dorogimedence.hu\" class=\"yoast-seo-meta-tag\" \/>\n<meta name=\"twitter:card\" content=\"summary_large_image\" class=\"yoast-seo-meta-tag\" \/>\n<meta name=\"twitter:label1\" content=\"Szerz\u0151:\" class=\"yoast-seo-meta-tag\" \/>\n\t<meta name=\"twitter:data1\" content=\"dorogimedence.hu\" class=\"yoast-seo-meta-tag\" \/>\n\t<meta name=\"twitter:label2\" content=\"Becs\u00fclt olvas\u00e1si id\u0151\" class=\"yoast-seo-meta-tag\" \/>\n\t<meta name=\"twitter:data2\" content=\"3 perc\" class=\"yoast-seo-meta-tag\" \/>\n<script type=\"application\/ld+json\" class=\"yoast-schema-graph\">{\"@context\":\"https:\\\/\\\/schema.org\",\"@graph\":[{\"@type\":\"Article\",\"@id\":\"https:\\\/\\\/dorogimedence.hu\\\/index.php\\\/2021\\\/11\\\/26\\\/mikor-cserelje-le-51-jel-amikor-szegyen-a-ferfi-derekszij\\\/#article\",\"isPartOf\":{\"@id\":\"https:\\\/\\\/dorogimedence.hu\\\/index.php\\\/2021\\\/11\\\/26\\\/mikor-cserelje-le-51-jel-amikor-szegyen-a-ferfi-derekszij\\\/\"},\"author\":{\"name\":\"dorogimedence.hu\",\"@id\":\"https:\\\/\\\/dorogimedence.hu\\\/#\\\/schema\\\/person\\\/ce6091eeb7e95ecdc87890d6aa8e0fd4\"},\"headline\":\"Mikor cser\u00e9lje le? 5+1 jel, amikor sz\u00e9gyen a f\u00e9rfi der\u00e9ksz\u00edj\",\"datePublished\":\"2021-11-26T12:01:02+00:00\",\"dateModified\":\"2021-11-26T12:01:13+00:00\",\"mainEntityOfPage\":{\"@id\":\"https:\\\/\\\/dorogimedence.hu\\\/index.php\\\/2021\\\/11\\\/26\\\/mikor-cserelje-le-51-jel-amikor-szegyen-a-ferfi-derekszij\\\/\"},\"wordCount\":713,\"publisher\":{\"@id\":\"https:\\\/\\\/dorogimedence.hu\\\/#organization\"},\"image\":{\"@id\":\"https:\\\/\\\/dorogimedence.hu\\\/index.php\\\/2021\\\/11\\\/26\\\/mikor-cserelje-le-51-jel-amikor-szegyen-a-ferfi-derekszij\\\/#primaryimage\"},\"thumbnailUrl\":\"https:\\\/\\\/dorogimedence.hu\\\/wp-content\\\/uploads\\\/2021\\\/11\\\/nordwood-themes-rxiju7adrps-unsplash.jpg\",\"keywords\":[\"der\u00e9ksz\u00edj\",\"\u00f6v\",\"sz\u00edj\"],\"articleSection\":[\"H\u00edrek\"],\"inLanguage\":\"hu\"},{\"@type\":\"WebPage\",\"@id\":\"https:\\\/\\\/dorogimedence.hu\\\/index.php\\\/2021\\\/11\\\/26\\\/mikor-cserelje-le-51-jel-amikor-szegyen-a-ferfi-derekszij\\\/\",\"url\":\"https:\\\/\\\/dorogimedence.hu\\\/index.php\\\/2021\\\/11\\\/26\\\/mikor-cserelje-le-51-jel-amikor-szegyen-a-ferfi-derekszij\\\/\",\"name\":\"Mikor cser\u00e9lje le? 5+1 jel, amikor sz\u00e9gyen a f\u00e9rfi der\u00e9ksz\u00edj\",\"isPartOf\":{\"@id\":\"https:\\\/\\\/dorogimedence.hu\\\/#website\"},\"primaryImageOfPage\":{\"@id\":\"https:\\\/\\\/dorogimedence.hu\\\/index.php\\\/2021\\\/11\\\/26\\\/mikor-cserelje-le-51-jel-amikor-szegyen-a-ferfi-derekszij\\\/#primaryimage\"},\"image\":{\"@id\":\"https:\\\/\\\/dorogimedence.hu\\\/index.php\\\/2021\\\/11\\\/26\\\/mikor-cserelje-le-51-jel-amikor-szegyen-a-ferfi-derekszij\\\/#primaryimage\"},\"thumbnailUrl\":\"https:\\\/\\\/dorogimedence.hu\\\/wp-content\\\/uploads\\\/2021\\\/11\\\/nordwood-themes-rxiju7adrps-unsplash.jpg\",\"datePublished\":\"2021-11-26T12:01:02+00:00\",\"dateModified\":\"2021-11-26T12:01:13+00:00\",\"breadcrumb\":{\"@id\":\"https:\\\/\\\/dorogimedence.hu\\\/index.php\\\/2021\\\/11\\\/26\\\/mikor-cserelje-le-51-jel-amikor-szegyen-a-ferfi-derekszij\\\/#breadcrumb\"},\"inLanguage\":\"hu\",\"potentialAction\":[{\"@type\":\"ReadAction\",\"target\":[\"https:\\\/\\\/dorogimedence.hu\\\/index.php\\\/2021\\\/11\\\/26\\\/mikor-cserelje-le-51-jel-amikor-szegyen-a-ferfi-derekszij\\\/\"]}]},{\"@type\":\"ImageObject\",\"inLanguage\":\"hu\",\"@id\":\"https:\\\/\\\/dorogimedence.hu\\\/index.php\\\/2021\\\/11\\\/26\\\/mikor-cserelje-le-51-jel-amikor-szegyen-a-ferfi-derekszij\\\/#primaryimage\",\"url\":\"https:\\\/\\\/dorogimedence.hu\\\/wp-content\\\/uploads\\\/2021\\\/11\\\/nordwood-themes-rxiju7adrps-unsplash.jpg\",\"contentUrl\":\"https:\\\/\\\/dorogimedence.hu\\\/wp-content\\\/uploads\\\/2021\\\/11\\\/nordwood-themes-rxiju7adrps-unsplash.jpg\",\"width\":1920,\"height\":1280},{\"@type\":\"BreadcrumbList\",\"@id\":\"https:\\\/\\\/dorogimedence.hu\\\/index.php\\\/2021\\\/11\\\/26\\\/mikor-cserelje-le-51-jel-amikor-szegyen-a-ferfi-derekszij\\\/#breadcrumb\",\"itemListElement\":[{\"@type\":\"ListItem\",\"position\":1,\"name\":\"Kezd\u0151lap\",\"item\":\"https:\\\/\\\/dorogimedence.hu\\\/\"},{\"@type\":\"ListItem\",\"position\":2,\"name\":\"Mikor cser\u00e9lje le? 5+1 jel, amikor sz\u00e9gyen a f\u00e9rfi der\u00e9ksz\u00edj\"}]},{\"@type\":\"WebSite\",\"@id\":\"https:\\\/\\\/dorogimedence.hu\\\/#website\",\"url\":\"https:\\\/\\\/dorogimedence.hu\\\/\",\"name\":\"Dorogi-medence Region\u00e1lis H\u00edrport\u00e1l\",\"description\":\"Dorog, Keszt\u00f6lc, Le\u00e1nyv\u00e1r, Piliscs\u00e9v, Tokod, Tokodalt\u00e1r\u00f3, Csolnok, Esztergom-kertv\u00e1ros: h\u00edrek, programok\",\"publisher\":{\"@id\":\"https:\\\/\\\/dorogimedence.hu\\\/#organization\"},\"potentialAction\":[{\"@type\":\"SearchAction\",\"target\":{\"@type\":\"EntryPoint\",\"urlTemplate\":\"https:\\\/\\\/dorogimedence.hu\\\/?s={search_term_string}\"},\"query-input\":{\"@type\":\"PropertyValueSpecification\",\"valueRequired\":true,\"valueName\":\"search_term_string\"}}],\"inLanguage\":\"hu\"},{\"@type\":\"Organization\",\"@id\":\"https:\\\/\\\/dorogimedence.hu\\\/#organization\",\"name\":\"Dorogi-medence Region\u00e1lis H\u00edrport\u00e1l\",\"url\":\"https:\\\/\\\/dorogimedence.hu\\\/\",\"logo\":{\"@type\":\"ImageObject\",\"inLanguage\":\"hu\",\"@id\":\"https:\\\/\\\/dorogimedence.hu\\\/#\\\/schema\\\/logo\\\/image\\\/\",\"url\":\"https:\\\/\\\/dorogimedence.hu\\\/wp-content\\\/uploads\\\/2021\\\/04\\\/logo-feher-600.png\",\"contentUrl\":\"https:\\\/\\\/dorogimedence.hu\\\/wp-content\\\/uploads\\\/2021\\\/04\\\/logo-feher-600.png\",\"width\":600,\"height\":100,\"caption\":\"Dorogi-medence Region\u00e1lis H\u00edrport\u00e1l\"},\"image\":{\"@id\":\"https:\\\/\\\/dorogimedence.hu\\\/#\\\/schema\\\/logo\\\/image\\\/\"},\"sameAs\":[\"https:\\\/\\\/www.facebook.com\\\/dorogimedence\\\/\"]},{\"@type\":\"Person\",\"@id\":\"https:\\\/\\\/dorogimedence.hu\\\/#\\\/schema\\\/person\\\/ce6091eeb7e95ecdc87890d6aa8e0fd4\",\"name\":\"dorogimedence.hu\",\"image\":{\"@type\":\"ImageObject\",\"inLanguage\":\"hu\",\"@id\":\"\\\/\\\/www.gravatar.com\\\/avatar\\\/d8d45f8901aadff40a4af72c0b826f1d?s=96&#038;r=g&#038;d=mm\",\"url\":\"\\\/\\\/www.gravatar.com\\\/avatar\\\/d8d45f8901aadff40a4af72c0b826f1d?s=96&#038;r=g&#038;d=mm\",\"contentUrl\":\"\\\/\\\/www.gravatar.com\\\/avatar\\\/d8d45f8901aadff40a4af72c0b826f1d?s=96&#038;r=g&#038;d=mm\",\"caption\":\"dorogimedence.hu\"}}]}<\/script>\n<!-- \/ Yoast SEO plugin. -->","yoast_head_json":{"title":"Mikor cser\u00e9lje le? 5+1 jel, amikor sz\u00e9gyen a f\u00e9rfi der\u00e9ksz\u00edj","robots":{"index":"index","follow":"follow","max-snippet":"max-snippet:-1","max-image-preview":"max-image-preview:large","max-video-preview":"max-video-preview:-1"},"canonical":"https:\/\/dorogimedence.hu\/index.php\/2021\/11\/26\/mikor-cserelje-le-51-jel-amikor-szegyen-a-ferfi-derekszij\/","og_locale":"hu_HU","og_type":"article","og_title":"Mikor cser\u00e9lje le? 5+1 jel, amikor sz\u00e9gyen a f\u00e9rfi der\u00e9ksz\u00edj","og_description":"Nem a ruha teszi az ember. Mit gondol err\u0151l? Szerint\u00fcnk az els\u0151 benyom\u00e1s alkalm\u00e1val k\u00edm\u00e9letlen\u00fcl az \u00f6lt\u00f6z\u00e9ke alapj\u00e1n \u00edt\u00e9l\u00fcnk meg m\u00e1sokat. De nem minden a ruha, a l\u00e9nyeg a r\u00e9szletekben rejlik. Hi\u00e1ba m\u00e1rk\u00e1s az outfit, ha ig\u00e9nytelen \u00f6vet csatol fel hozz\u00e1. Mennyi egy der\u00e9ksz\u00edj szavatoss\u00e1ga? Az \u00d6vBolt.hu \u00f6sszegy\u0171jt\u00f6tte azokat az \u00e1rulkod\u00f3 jeleket, amelyekre \u00e9rdemes odafigyelni","og_url":"https:\/\/dorogimedence.hu\/index.php\/2021\/11\/26\/mikor-cserelje-le-51-jel-amikor-szegyen-a-ferfi-derekszij\/","og_site_name":"Dorogi-medence Region\u00e1lis H\u00edrport\u00e1l","article_publisher":"https:\/\/www.facebook.com\/dorogimedence\/","article_published_time":"2021-11-26T12:01:02+00:00","article_modified_time":"2021-11-26T12:01:13+00:00","og_image":[{"width":1920,"height":1280,"url":"https:\/\/i0.wp.com\/dorogimedence.hu\/wp-content\/uploads\/2021\/11\/nordwood-themes-rxiju7adrps-unsplash.jpg?fit=1920%2C1280&ssl=1","type":"image\/jpeg"}],"author":"dorogimedence.hu","twitter_card":"summary_large_image","twitter_misc":{"Szerz\u0151:":"dorogimedence.hu","Becs\u00fclt olvas\u00e1si id\u0151":"3 perc"},"schema":{"@context":"https:\/\/schema.org","@graph":[{"@type":"Article","@id":"https:\/\/dorogimedence.hu\/index.php\/2021\/11\/26\/mikor-cserelje-le-51-jel-amikor-szegyen-a-ferfi-derekszij\/#article","isPartOf":{"@id":"https:\/\/dorogimedence.hu\/index.php\/2021\/11\/26\/mikor-cserelje-le-51-jel-amikor-szegyen-a-ferfi-derekszij\/"},"author":{"name":"dorogimedence.hu","@id":"https:\/\/dorogimedence.hu\/#\/schema\/person\/ce6091eeb7e95ecdc87890d6aa8e0fd4"},"headline":"Mikor cser\u00e9lje le? 5+1 jel, amikor sz\u00e9gyen a f\u00e9rfi der\u00e9ksz\u00edj","datePublished":"2021-11-26T12:01:02+00:00","dateModified":"2021-11-26T12:01:13+00:00","mainEntityOfPage":{"@id":"https:\/\/dorogimedence.hu\/index.php\/2021\/11\/26\/mikor-cserelje-le-51-jel-amikor-szegyen-a-ferfi-derekszij\/"},"wordCount":713,"publisher":{"@id":"https:\/\/dorogimedence.hu\/#organization"},"image":{"@id":"https:\/\/dorogimedence.hu\/index.php\/2021\/11\/26\/mikor-cserelje-le-51-jel-amikor-szegyen-a-ferfi-derekszij\/#primaryimage"},"thumbnailUrl":"https:\/\/dorogimedence.hu\/wp-content\/uploads\/2021\/11\/nordwood-themes-rxiju7adrps-unsplash.jpg","keywords":["der\u00e9ksz\u00edj","\u00f6v","sz\u00edj"],"articleSection":["H\u00edrek"],"inLanguage":"hu"},{"@type":"WebPage","@id":"https:\/\/dorogimedence.hu\/index.php\/2021\/11\/26\/mikor-cserelje-le-51-jel-amikor-szegyen-a-ferfi-derekszij\/","url":"https:\/\/dorogimedence.hu\/index.php\/2021\/11\/26\/mikor-cserelje-le-51-jel-amikor-szegyen-a-ferfi-derekszij\/","name":"Mikor cser\u00e9lje le? 5+1 jel, amikor sz\u00e9gyen a f\u00e9rfi der\u00e9ksz\u00edj","isPartOf":{"@id":"https:\/\/dorogimedence.hu\/#website"},"primaryImageOfPage":{"@id":"https:\/\/dorogimedence.hu\/index.php\/2021\/11\/26\/mikor-cserelje-le-51-jel-amikor-szegyen-a-ferfi-derekszij\/#primaryimage"},"image":{"@id":"https:\/\/dorogimedence.hu\/index.php\/2021\/11\/26\/mikor-cserelje-le-51-jel-amikor-szegyen-a-ferfi-derekszij\/#primaryimage"},"thumbnailUrl":"https:\/\/dorogimedence.hu\/wp-content\/uploads\/2021\/11\/nordwood-themes-rxiju7adrps-unsplash.jpg","datePublished":"2021-11-26T12:01:02+00:00","dateModified":"2021-11-26T12:01:13+00:00","breadcrumb":{"@id":"https:\/\/dorogimedence.hu\/index.php\/2021\/11\/26\/mikor-cserelje-le-51-jel-amikor-szegyen-a-ferfi-derekszij\/#breadcrumb"},"inLanguage":"hu","potentialAction":[{"@type":"ReadAction","target":["https:\/\/dorogimedence.hu\/index.php\/2021\/11\/26\/mikor-cserelje-le-51-jel-amikor-szegyen-a-ferfi-derekszij\/"]}]},{"@type":"ImageObject","inLanguage":"hu","@id":"https:\/\/dorogimedence.hu\/index.php\/2021\/11\/26\/mikor-cserelje-le-51-jel-amikor-szegyen-a-ferfi-derekszij\/#primaryimage","url":"https:\/\/dorogimedence.hu\/wp-content\/uploads\/2021\/11\/nordwood-themes-rxiju7adrps-unsplash.jpg","contentUrl":"https:\/\/dorogimedence.hu\/wp-content\/uploads\/2021\/11\/nordwood-themes-rxiju7adrps-unsplash.jpg","width":1920,"height":1280},{"@type":"BreadcrumbList","@id":"https:\/\/dorogimedence.hu\/index.php\/2021\/11\/26\/mikor-cserelje-le-51-jel-amikor-szegyen-a-ferfi-derekszij\/#breadcrumb","itemListElement":[{"@type":"ListItem","position":1,"name":"Kezd\u0151lap","item":"https:\/\/dorogimedence.hu\/"},{"@type":"ListItem","position":2,"name":"Mikor cser\u00e9lje le? 5+1 jel, amikor sz\u00e9gyen a f\u00e9rfi der\u00e9ksz\u00edj"}]},{"@type":"WebSite","@id":"https:\/\/dorogimedence.hu\/#website","url":"https:\/\/dorogimedence.hu\/","name":"Dorogi-medence Region\u00e1lis H\u00edrport\u00e1l","description":"Dorog, Keszt\u00f6lc, Le\u00e1nyv\u00e1r, Piliscs\u00e9v, Tokod, Tokodalt\u00e1r\u00f3, Csolnok, Esztergom-kertv\u00e1ros: h\u00edrek, programok","publisher":{"@id":"https:\/\/dorogimedence.hu\/#organization"},"potentialAction":[{"@type":"SearchAction","target":{"@type":"EntryPoint","urlTemplate":"https:\/\/dorogimedence.hu\/?s={search_term_string}"},"query-input":{"@type":"PropertyValueSpecification","valueRequired":true,"valueName":"search_term_string"}}],"inLanguage":"hu"},{"@type":"Organization","@id":"https:\/\/dorogimedence.hu\/#organization","name":"Dorogi-medence Region\u00e1lis H\u00edrport\u00e1l","url":"https:\/\/dorogimedence.hu\/","logo":{"@type":"ImageObject","inLanguage":"hu","@id":"https:\/\/dorogimedence.hu\/#\/schema\/logo\/image\/","url":"https:\/\/dorogimedence.hu\/wp-content\/uploads\/2021\/04\/logo-feher-600.png","contentUrl":"https:\/\/dorogimedence.hu\/wp-content\/uploads\/2021\/04\/logo-feher-600.png","width":600,"height":100,"caption":"Dorogi-medence Region\u00e1lis H\u00edrport\u00e1l"},"image":{"@id":"https:\/\/dorogimedence.hu\/#\/schema\/logo\/image\/"},"sameAs":["https:\/\/www.facebook.com\/dorogimedence\/"]},{"@type":"Person","@id":"https:\/\/dorogimedence.hu\/#\/schema\/person\/ce6091eeb7e95ecdc87890d6aa8e0fd4","name":"dorogimedence.hu","image":{"@type":"ImageObject","inLanguage":"hu","@id":"\/\/www.gravatar.com\/avatar\/d8d45f8901aadff40a4af72c0b826f1d?s=96&#038;r=g&#038;d=mm","url":"\/\/www.gravatar.com\/avatar\/d8d45f8901aadff40a4af72c0b826f1d?s=96&#038;r=g&#038;d=mm","contentUrl":"\/\/www.gravatar.com\/avatar\/d8d45f8901aadff40a4af72c0b826f1d?s=96&#038;r=g&#038;d=mm","caption":"dorogimedence.hu"}}]}},"_links":{"self":[{"href":"https:\/\/dorogimedence.hu\/index.php\/wp-json\/wp\/v2\/posts\/38825","targetHints":{"allow":["GET"]}}],"collection":[{"href":"https:\/\/dorogimedence.hu\/index.php\/wp-json\/wp\/v2\/posts"}],"about":[{"href":"https:\/\/dorogimedence.hu\/index.php\/wp-json\/wp\/v2\/types\/post"}],"author":[{"embeddable":true,"href":"https:\/\/dorogimedence.hu\/index.php\/wp-json\/wp\/v2\/users\/1"}],"replies":[{"embeddable":true,"href":"https:\/\/dorogimedence.hu\/index.php\/wp-json\/wp\/v2\/comments?post=38825"}],"version-history":[{"count":0,"href":"https:\/\/dorogimedence.hu\/index.php\/wp-json\/wp\/v2\/posts\/38825\/revisions"}],"wp:featuredmedia":[{"embeddable":true,"href":"https:\/\/dorogimedence.hu\/index.php\/wp-json\/wp\/v2\/media\/38826"}],"wp:attachment":[{"href":"https:\/\/dorogimedence.hu\/index.php\/wp-json\/wp\/v2\/media?parent=38825"}],"wp:term":[{"taxonomy":"category","embeddable":true,"href":"https:\/\/dorogimedence.hu\/index.php\/wp-json\/wp\/v2\/categories?post=38825"},{"taxonomy":"post_tag","embeddable":true,"href":"https:\/\/dorogimedence.hu\/index.php\/wp-json\/wp\/v2\/tags?post=38825"}],"curies":[{"name":"wp","href":"https:\/\/api.w.org\/{rel}","templated":true}]}}