{"id":38815,"date":"2021-11-26T09:25:12","date_gmt":"2021-11-26T08:25:12","guid":{"rendered":"https:\/\/dorogimedence.hu\/?p=38815"},"modified":"2021-11-26T09:28:13","modified_gmt":"2021-11-26T08:28:13","slug":"meghosszabbitja-a-kormany-az-oltasi-akciohetet","status":"publish","type":"post","link":"https:\/\/dorogimedence.hu\/index.php\/2021\/11\/26\/meghosszabbitja-a-kormany-az-oltasi-akciohetet\/","title":{"rendered":"Meghosszabb\u00edtja a korm\u00e1ny az Olt\u00e1si akci\u00f3hetet"},"content":{"rendered":"<div class=\"item_introtext\">\n<p><strong>Egy h\u00e9ttel meghosszabb\u00edtja a korm\u00e1ny a h\u00e9tf\u0151n indult olt\u00e1si akci\u00f3hetet &#8211; jelentette be Orb\u00e1n Viktor minisztereln\u00f6k a Kossuth r\u00e1di\u00f3 J\u00f3 reggelt, Magyarorsz\u00e1g! c\u00edm\u0171 m\u0171sor\u00e1ban p\u00e9nteken reggel.<\/strong><\/p>\n<\/div>\n<div class=\"item_fulltext\">\n<p><strong>Meghosszabb\u00edtj\u00e1k az Olt\u00e1si akci\u00f3hetet<\/strong><\/p>\n<p>Id\u00e9n lehet nagy kar\u00e1csony, de csak akkor, ha a harmadik olt\u00e1st felvev\u0151k sz\u00e1ma megn\u0151 &#8211; jelentette ki, hozz\u00e1t\u00e9ve: a legt\u00f6bben a harmadik d\u00f3zist veszik most fel, a legkisebb az els\u0151 vakcin\u00e1\u00e9rt jelentkez\u0151k ar\u00e1nya. A z\u00e1r\u00e1s csak lass\u00edt\u00e1s, a megold\u00e1s a harmadik olt\u00e1s &#8211; tette hozz\u00e1, hangs\u00falyozva: arra is sz\u00fcks\u00e9g van, hogy az emberek betarts\u00e1k a kor\u00e1bban elrendelt v\u00e9delmi int\u00e9zked\u00e9seket. Mindenkit arra k\u00e9rt, hogy vegye fel a harmadik olt\u00e1st, mondv\u00e1n, aki ezt megtette, &#8222;annak megmentett\u00fck az \u00e9let\u00e9t&#8221;.<\/p>\n<p><strong>Nagys\u00e1grendekkel nagyobb a nyugatin\u00e1l a magyar eg\u00e9szs\u00e9g\u00fcgyi kapacit\u00e1s<\/strong><\/p>\n<p>Nagys\u00e1grendekkel nagyobbak a nyugat-eur\u00f3paiakn\u00e1l a Magyarorsz\u00e1gon j\u00e1rv\u00e1ny idej\u00e9n bevethet\u0151 eg\u00e9szs\u00e9g\u00fcgyi kapacit\u00e1sok &#8211; hangs\u00falyozta Orb\u00e1n Viktor.A j\u00e1rv\u00e1ny egy nagy tanuls\u00e1g; ezeket a kapacit\u00e1sokat minimum v\u00e9sztartal\u00e9kk\u00e9nt a j\u00f6v\u0151ben is \u00e9letben kell tartanunk &#8211; tette hozz\u00e1 a korm\u00e1nyf\u0151.<\/p>\n<p>K\u00f6z\u00f6lte, a helyzet kezel\u00e9s\u00e9hez sz\u00fcks\u00e9ges eszk\u00f6z\u00f6k rendelkez\u00e9sre \u00e1llnak, \u00e1gy, l\u00e9legeztet\u0151g\u00e9p, vakcina, orvoss\u00e1g van, minden az emberfeletti \u00e9s kitart\u00f3 munk\u00e1t v\u00e9gz\u0151 orvosok \u00e9s \u00e1pol\u00f3k h\u0151siess\u00e9g\u00e9n m\u00falik. A v\u00e9dekez\u00e9shez rendelkez\u00e9sre \u00e1ll el\u00e9g ember, de vez\u00e9nyelni kell \u0151ket. Ki nem nyitott j\u00e1rv\u00e1nyk\u00f3rh\u00e1z is van &#8211; f\u0171zte hozz\u00e1. Orb\u00e1n Viktor megeml\u00edtette, hogy az \u00e1gazatban az ut\u00f3bbi \u00e9vek sor\u00e1n jelent\u0151s b\u00e9remel\u00e9seket hajtott v\u00e9gre a korm\u00e1nyzat. Ez &#8222;\u00edgy sem el\u00e9g, sokr\u00f3l meg v\u00e9gk\u00e9pp ne besz\u00e9lj\u00fcnk&#8221;, de ezek a komoly l\u00e9p\u00e9sek jelzik az eg\u00e9szs\u00e9g\u00fcgyben dolgoz\u00f3knak, hogy &#8222;az orsz\u00e1g vel\u00fck van&#8221; &#8211; mondta.<\/p>\n<p><strong>Minden kor\u00e1bbin\u00e1l nagyobb migr\u00e1ci\u00f3s nyom\u00e1sra kell felk\u00e9sz\u00fcln\u00fcnk<\/strong><\/p>\n<p>A minisztereln\u00f6k k\u00f6zl\u00e9se szerint minden kor\u00e1bbin\u00e1l nagyobb illeg\u00e1lis migr\u00e1ci\u00f3s nyom\u00e1sra kell sz\u00e1m\u00edtani a k\u00f6vetkez\u0151 h\u00f3napokban Magyarorsz\u00e1g d\u00e9li hat\u00e1r\u00e1n. Orb\u00e1n Viktor arr\u00f3l besz\u00e9lt, hogy egyszerre n\u0151 a nyom\u00e1s az olasz-spanyol, a keleti \u00e9s a balk\u00e1ni \u00fatvonalon; Afganiszt\u00e1nt napi 30-35 ezer ember hagyja el, \u0151k pedig legnagyobb val\u00f3sz\u00edn\u0171s\u00e9ggel Magyarorsz\u00e1gon kereszt\u00fcl akarnak majd menni.<\/p>\n<p>Hangs\u00falyozta: az Eur\u00f3pai Uni\u00f3 migr\u00e1ci\u00f3val kapcsolatos szab\u00e1lyait b\u00e9keid\u0151ben \u00edrt\u00e1k, &#8222;de ma nem b\u00e9keid\u0151 van&#8221;, \u00edgy ezek a rendelkez\u00e9sek elavultak, hiszen a r\u00e9gi szab\u00e1lyok m\u00e1r nem seg\u00edtik az \u00e9let\u00fcnket, hanem &#8222;bajt hoznak a nyakunkra&#8221;.<\/p>\n<p>Orb\u00e1n Viktor megeml\u00edtette: mik\u00f6zben az \u00faj berlini korm\u00e1nyprogramban &#8222;N\u00e9metorsz\u00e1got bev\u00e1ndorl\u00f3orsz\u00e1gnak nevezik&#8221;, Magyarorsz\u00e1g nem akar azz\u00e1 v\u00e1lni. A k\u00e9t poz\u00edci\u00f3 pedig \u00f6sszeegyeztethetetlen, r\u00e1ad\u00e1sul v\u00e1rhat\u00f3an egyik f\u00e9l sem fog engedni az \u00e1ll\u00e1spontj\u00e1b\u00f3l.<\/p>\n<p><em>Forr\u00e1s: MTI \/ koronavirus.gov.hu<\/em><br \/>\n<em>Bor\u00edt\u00f3k\u00e9p:&nbsp;MTI\/Minisztereln\u00f6ki Sajt\u00f3iroda\/Fischer Zolt\u00e1n<\/em><\/p>\n<\/div>\n","protected":false},"excerpt":{"rendered":"<p>Egy h\u00e9ttel meghosszabb\u00edtja a korm\u00e1ny a h\u00e9tf\u0151n indult olt\u00e1si akci\u00f3hetet &#8211; jelentette be Orb\u00e1n Viktor minisztereln\u00f6k a Kossuth r\u00e1di\u00f3 J\u00f3 reggelt, Magyarorsz\u00e1g! c\u00edm\u0171 m\u0171sor\u00e1ban p\u00e9nteken reggel. Meghosszabb\u00edtj\u00e1k az Olt\u00e1si akci\u00f3hetet Id\u00e9n lehet nagy kar\u00e1csony, de csak akkor, ha a harmadik olt\u00e1st felvev\u0151k sz\u00e1ma megn\u0151 &#8211; jelentette ki, hozz\u00e1t\u00e9ve: a legt\u00f6bben a harmadik d\u00f3zist veszik most<\/p>\n","protected":false},"author":1,"featured_media":38816,"comment_status":"closed","ping_status":"closed","sticky":false,"template":"","format":"standard","meta":{"ngg_post_thumbnail":0,"footnotes":""},"categories":[3],"tags":[4738,5415,6125,3677],"class_list":{"0":"post-38815","1":"post","2":"type-post","3":"status-publish","4":"format-standard","5":"has-post-thumbnail","7":"category-hirek","8":"tag-koronavirus","9":"tag-oltas","10":"tag-oltasi-akciohet","11":"tag-orban-viktor"},"yoast_head":"<!-- This site is optimized with the Yoast SEO plugin v27.4 - https:\/\/yoast.com\/product\/yoast-seo-wordpress\/ -->\n<title>Meghosszabb\u00edtja a korm\u00e1ny az Olt\u00e1si akci\u00f3hetet<\/title>\n<meta name=\"robots\" content=\"index, follow, max-snippet:-1, max-image-preview:large, max-video-preview:-1\" \/>\n<link rel=\"canonical\" href=\"https:\/\/dorogimedence.hu\/index.php\/2021\/11\/26\/meghosszabbitja-a-kormany-az-oltasi-akciohetet\/\" class=\"yoast-seo-meta-tag\" \/>\n<meta property=\"og:locale\" content=\"hu_HU\" class=\"yoast-seo-meta-tag\" \/>\n<meta property=\"og:type\" content=\"article\" class=\"yoast-seo-meta-tag\" \/>\n<meta property=\"og:title\" content=\"Meghosszabb\u00edtja a korm\u00e1ny az Olt\u00e1si akci\u00f3hetet\" class=\"yoast-seo-meta-tag\" \/>\n<meta property=\"og:description\" content=\"Egy h\u00e9ttel meghosszabb\u00edtja a korm\u00e1ny a h\u00e9tf\u0151n indult olt\u00e1si akci\u00f3hetet &#8211; jelentette be Orb\u00e1n Viktor minisztereln\u00f6k a Kossuth r\u00e1di\u00f3 J\u00f3 reggelt, Magyarorsz\u00e1g! c\u00edm\u0171 m\u0171sor\u00e1ban p\u00e9nteken reggel. Meghosszabb\u00edtj\u00e1k az Olt\u00e1si akci\u00f3hetet Id\u00e9n lehet nagy kar\u00e1csony, de csak akkor, ha a harmadik olt\u00e1st felvev\u0151k sz\u00e1ma megn\u0151 &#8211; jelentette ki, hozz\u00e1t\u00e9ve: a legt\u00f6bben a harmadik d\u00f3zist veszik most\" class=\"yoast-seo-meta-tag\" \/>\n<meta property=\"og:url\" content=\"https:\/\/dorogimedence.hu\/index.php\/2021\/11\/26\/meghosszabbitja-a-kormany-az-oltasi-akciohetet\/\" class=\"yoast-seo-meta-tag\" \/>\n<meta property=\"og:site_name\" content=\"Dorogi-medence Region\u00e1lis H\u00edrport\u00e1l\" class=\"yoast-seo-meta-tag\" \/>\n<meta property=\"article:publisher\" content=\"https:\/\/www.facebook.com\/dorogimedence\/\" class=\"yoast-seo-meta-tag\" \/>\n<meta property=\"article:published_time\" content=\"2021-11-26T08:25:12+00:00\" class=\"yoast-seo-meta-tag\" \/>\n<meta property=\"article:modified_time\" content=\"2021-11-26T08:28:13+00:00\" class=\"yoast-seo-meta-tag\" \/>\n<meta property=\"og:image\" content=\"https:\/\/i0.wp.com\/dorogimedence.hu\/wp-content\/uploads\/2021\/11\/orban-viktor.jpg?fit=1920%2C1281&ssl=1\" class=\"yoast-seo-meta-tag\" \/>\n\t<meta property=\"og:image:width\" content=\"1920\" class=\"yoast-seo-meta-tag\" \/>\n\t<meta property=\"og:image:height\" content=\"1281\" class=\"yoast-seo-meta-tag\" \/>\n\t<meta property=\"og:image:type\" content=\"image\/jpeg\" class=\"yoast-seo-meta-tag\" \/>\n<meta name=\"author\" content=\"dorogimedence.hu\" class=\"yoast-seo-meta-tag\" \/>\n<meta name=\"twitter:card\" content=\"summary_large_image\" class=\"yoast-seo-meta-tag\" \/>\n<meta name=\"twitter:label1\" content=\"Szerz\u0151:\" class=\"yoast-seo-meta-tag\" \/>\n\t<meta name=\"twitter:data1\" content=\"dorogimedence.hu\" class=\"yoast-seo-meta-tag\" \/>\n\t<meta name=\"twitter:label2\" content=\"Becs\u00fclt olvas\u00e1si id\u0151\" class=\"yoast-seo-meta-tag\" \/>\n\t<meta name=\"twitter:data2\" content=\"3 perc\" class=\"yoast-seo-meta-tag\" \/>\n<script type=\"application\/ld+json\" class=\"yoast-schema-graph\">{\"@context\":\"https:\\\/\\\/schema.org\",\"@graph\":[{\"@type\":\"Article\",\"@id\":\"https:\\\/\\\/dorogimedence.hu\\\/index.php\\\/2021\\\/11\\\/26\\\/meghosszabbitja-a-kormany-az-oltasi-akciohetet\\\/#article\",\"isPartOf\":{\"@id\":\"https:\\\/\\\/dorogimedence.hu\\\/index.php\\\/2021\\\/11\\\/26\\\/meghosszabbitja-a-kormany-az-oltasi-akciohetet\\\/\"},\"author\":{\"name\":\"dorogimedence.hu\",\"@id\":\"https:\\\/\\\/dorogimedence.hu\\\/#\\\/schema\\\/person\\\/ce6091eeb7e95ecdc87890d6aa8e0fd4\"},\"headline\":\"Meghosszabb\u00edtja a korm\u00e1ny az Olt\u00e1si akci\u00f3hetet\",\"datePublished\":\"2021-11-26T08:25:12+00:00\",\"dateModified\":\"2021-11-26T08:28:13+00:00\",\"mainEntityOfPage\":{\"@id\":\"https:\\\/\\\/dorogimedence.hu\\\/index.php\\\/2021\\\/11\\\/26\\\/meghosszabbitja-a-kormany-az-oltasi-akciohetet\\\/\"},\"wordCount\":590,\"publisher\":{\"@id\":\"https:\\\/\\\/dorogimedence.hu\\\/#organization\"},\"image\":{\"@id\":\"https:\\\/\\\/dorogimedence.hu\\\/index.php\\\/2021\\\/11\\\/26\\\/meghosszabbitja-a-kormany-az-oltasi-akciohetet\\\/#primaryimage\"},\"thumbnailUrl\":\"https:\\\/\\\/dorogimedence.hu\\\/wp-content\\\/uploads\\\/2021\\\/11\\\/orban-viktor.jpg\",\"keywords\":[\"koronav\u00edrus\",\"olt\u00e1s\",\"olt\u00e1si akci\u00f3h\u00e9t\",\"Orb\u00e1n Viktor\"],\"articleSection\":[\"H\u00edrek\"],\"inLanguage\":\"hu\"},{\"@type\":\"WebPage\",\"@id\":\"https:\\\/\\\/dorogimedence.hu\\\/index.php\\\/2021\\\/11\\\/26\\\/meghosszabbitja-a-kormany-az-oltasi-akciohetet\\\/\",\"url\":\"https:\\\/\\\/dorogimedence.hu\\\/index.php\\\/2021\\\/11\\\/26\\\/meghosszabbitja-a-kormany-az-oltasi-akciohetet\\\/\",\"name\":\"Meghosszabb\u00edtja a korm\u00e1ny az Olt\u00e1si akci\u00f3hetet\",\"isPartOf\":{\"@id\":\"https:\\\/\\\/dorogimedence.hu\\\/#website\"},\"primaryImageOfPage\":{\"@id\":\"https:\\\/\\\/dorogimedence.hu\\\/index.php\\\/2021\\\/11\\\/26\\\/meghosszabbitja-a-kormany-az-oltasi-akciohetet\\\/#primaryimage\"},\"image\":{\"@id\":\"https:\\\/\\\/dorogimedence.hu\\\/index.php\\\/2021\\\/11\\\/26\\\/meghosszabbitja-a-kormany-az-oltasi-akciohetet\\\/#primaryimage\"},\"thumbnailUrl\":\"https:\\\/\\\/dorogimedence.hu\\\/wp-content\\\/uploads\\\/2021\\\/11\\\/orban-viktor.jpg\",\"datePublished\":\"2021-11-26T08:25:12+00:00\",\"dateModified\":\"2021-11-26T08:28:13+00:00\",\"breadcrumb\":{\"@id\":\"https:\\\/\\\/dorogimedence.hu\\\/index.php\\\/2021\\\/11\\\/26\\\/meghosszabbitja-a-kormany-az-oltasi-akciohetet\\\/#breadcrumb\"},\"inLanguage\":\"hu\",\"potentialAction\":[{\"@type\":\"ReadAction\",\"target\":[\"https:\\\/\\\/dorogimedence.hu\\\/index.php\\\/2021\\\/11\\\/26\\\/meghosszabbitja-a-kormany-az-oltasi-akciohetet\\\/\"]}]},{\"@type\":\"ImageObject\",\"inLanguage\":\"hu\",\"@id\":\"https:\\\/\\\/dorogimedence.hu\\\/index.php\\\/2021\\\/11\\\/26\\\/meghosszabbitja-a-kormany-az-oltasi-akciohetet\\\/#primaryimage\",\"url\":\"https:\\\/\\\/dorogimedence.hu\\\/wp-content\\\/uploads\\\/2021\\\/11\\\/orban-viktor.jpg\",\"contentUrl\":\"https:\\\/\\\/dorogimedence.hu\\\/wp-content\\\/uploads\\\/2021\\\/11\\\/orban-viktor.jpg\",\"width\":1920,\"height\":1281},{\"@type\":\"BreadcrumbList\",\"@id\":\"https:\\\/\\\/dorogimedence.hu\\\/index.php\\\/2021\\\/11\\\/26\\\/meghosszabbitja-a-kormany-az-oltasi-akciohetet\\\/#breadcrumb\",\"itemListElement\":[{\"@type\":\"ListItem\",\"position\":1,\"name\":\"Kezd\u0151lap\",\"item\":\"https:\\\/\\\/dorogimedence.hu\\\/\"},{\"@type\":\"ListItem\",\"position\":2,\"name\":\"Meghosszabb\u00edtja a korm\u00e1ny az Olt\u00e1si akci\u00f3hetet\"}]},{\"@type\":\"WebSite\",\"@id\":\"https:\\\/\\\/dorogimedence.hu\\\/#website\",\"url\":\"https:\\\/\\\/dorogimedence.hu\\\/\",\"name\":\"Dorogi-medence Region\u00e1lis H\u00edrport\u00e1l\",\"description\":\"Dorog, Keszt\u00f6lc, Le\u00e1nyv\u00e1r, Piliscs\u00e9v, Tokod, Tokodalt\u00e1r\u00f3, Csolnok, Esztergom-kertv\u00e1ros: h\u00edrek, programok\",\"publisher\":{\"@id\":\"https:\\\/\\\/dorogimedence.hu\\\/#organization\"},\"potentialAction\":[{\"@type\":\"SearchAction\",\"target\":{\"@type\":\"EntryPoint\",\"urlTemplate\":\"https:\\\/\\\/dorogimedence.hu\\\/?s={search_term_string}\"},\"query-input\":{\"@type\":\"PropertyValueSpecification\",\"valueRequired\":true,\"valueName\":\"search_term_string\"}}],\"inLanguage\":\"hu\"},{\"@type\":\"Organization\",\"@id\":\"https:\\\/\\\/dorogimedence.hu\\\/#organization\",\"name\":\"Dorogi-medence Region\u00e1lis H\u00edrport\u00e1l\",\"url\":\"https:\\\/\\\/dorogimedence.hu\\\/\",\"logo\":{\"@type\":\"ImageObject\",\"inLanguage\":\"hu\",\"@id\":\"https:\\\/\\\/dorogimedence.hu\\\/#\\\/schema\\\/logo\\\/image\\\/\",\"url\":\"https:\\\/\\\/dorogimedence.hu\\\/wp-content\\\/uploads\\\/2021\\\/04\\\/logo-feher-600.png\",\"contentUrl\":\"https:\\\/\\\/dorogimedence.hu\\\/wp-content\\\/uploads\\\/2021\\\/04\\\/logo-feher-600.png\",\"width\":600,\"height\":100,\"caption\":\"Dorogi-medence Region\u00e1lis H\u00edrport\u00e1l\"},\"image\":{\"@id\":\"https:\\\/\\\/dorogimedence.hu\\\/#\\\/schema\\\/logo\\\/image\\\/\"},\"sameAs\":[\"https:\\\/\\\/www.facebook.com\\\/dorogimedence\\\/\"]},{\"@type\":\"Person\",\"@id\":\"https:\\\/\\\/dorogimedence.hu\\\/#\\\/schema\\\/person\\\/ce6091eeb7e95ecdc87890d6aa8e0fd4\",\"name\":\"dorogimedence.hu\",\"image\":{\"@type\":\"ImageObject\",\"inLanguage\":\"hu\",\"@id\":\"\\\/\\\/www.gravatar.com\\\/avatar\\\/d8d45f8901aadff40a4af72c0b826f1d?s=96&#038;r=g&#038;d=mm\",\"url\":\"\\\/\\\/www.gravatar.com\\\/avatar\\\/d8d45f8901aadff40a4af72c0b826f1d?s=96&#038;r=g&#038;d=mm\",\"contentUrl\":\"\\\/\\\/www.gravatar.com\\\/avatar\\\/d8d45f8901aadff40a4af72c0b826f1d?s=96&#038;r=g&#038;d=mm\",\"caption\":\"dorogimedence.hu\"}}]}<\/script>\n<!-- \/ Yoast SEO plugin. -->","yoast_head_json":{"title":"Meghosszabb\u00edtja a korm\u00e1ny az Olt\u00e1si akci\u00f3hetet","robots":{"index":"index","follow":"follow","max-snippet":"max-snippet:-1","max-image-preview":"max-image-preview:large","max-video-preview":"max-video-preview:-1"},"canonical":"https:\/\/dorogimedence.hu\/index.php\/2021\/11\/26\/meghosszabbitja-a-kormany-az-oltasi-akciohetet\/","og_locale":"hu_HU","og_type":"article","og_title":"Meghosszabb\u00edtja a korm\u00e1ny az Olt\u00e1si akci\u00f3hetet","og_description":"Egy h\u00e9ttel meghosszabb\u00edtja a korm\u00e1ny a h\u00e9tf\u0151n indult olt\u00e1si akci\u00f3hetet &#8211; jelentette be Orb\u00e1n Viktor minisztereln\u00f6k a Kossuth r\u00e1di\u00f3 J\u00f3 reggelt, Magyarorsz\u00e1g! c\u00edm\u0171 m\u0171sor\u00e1ban p\u00e9nteken reggel. Meghosszabb\u00edtj\u00e1k az Olt\u00e1si akci\u00f3hetet Id\u00e9n lehet nagy kar\u00e1csony, de csak akkor, ha a harmadik olt\u00e1st felvev\u0151k sz\u00e1ma megn\u0151 &#8211; jelentette ki, hozz\u00e1t\u00e9ve: a legt\u00f6bben a harmadik d\u00f3zist veszik most","og_url":"https:\/\/dorogimedence.hu\/index.php\/2021\/11\/26\/meghosszabbitja-a-kormany-az-oltasi-akciohetet\/","og_site_name":"Dorogi-medence Region\u00e1lis H\u00edrport\u00e1l","article_publisher":"https:\/\/www.facebook.com\/dorogimedence\/","article_published_time":"2021-11-26T08:25:12+00:00","article_modified_time":"2021-11-26T08:28:13+00:00","og_image":[{"width":1920,"height":1281,"url":"https:\/\/i0.wp.com\/dorogimedence.hu\/wp-content\/uploads\/2021\/11\/orban-viktor.jpg?fit=1920%2C1281&ssl=1","type":"image\/jpeg"}],"author":"dorogimedence.hu","twitter_card":"summary_large_image","twitter_misc":{"Szerz\u0151:":"dorogimedence.hu","Becs\u00fclt olvas\u00e1si id\u0151":"3 perc"},"schema":{"@context":"https:\/\/schema.org","@graph":[{"@type":"Article","@id":"https:\/\/dorogimedence.hu\/index.php\/2021\/11\/26\/meghosszabbitja-a-kormany-az-oltasi-akciohetet\/#article","isPartOf":{"@id":"https:\/\/dorogimedence.hu\/index.php\/2021\/11\/26\/meghosszabbitja-a-kormany-az-oltasi-akciohetet\/"},"author":{"name":"dorogimedence.hu","@id":"https:\/\/dorogimedence.hu\/#\/schema\/person\/ce6091eeb7e95ecdc87890d6aa8e0fd4"},"headline":"Meghosszabb\u00edtja a korm\u00e1ny az Olt\u00e1si akci\u00f3hetet","datePublished":"2021-11-26T08:25:12+00:00","dateModified":"2021-11-26T08:28:13+00:00","mainEntityOfPage":{"@id":"https:\/\/dorogimedence.hu\/index.php\/2021\/11\/26\/meghosszabbitja-a-kormany-az-oltasi-akciohetet\/"},"wordCount":590,"publisher":{"@id":"https:\/\/dorogimedence.hu\/#organization"},"image":{"@id":"https:\/\/dorogimedence.hu\/index.php\/2021\/11\/26\/meghosszabbitja-a-kormany-az-oltasi-akciohetet\/#primaryimage"},"thumbnailUrl":"https:\/\/dorogimedence.hu\/wp-content\/uploads\/2021\/11\/orban-viktor.jpg","keywords":["koronav\u00edrus","olt\u00e1s","olt\u00e1si akci\u00f3h\u00e9t","Orb\u00e1n Viktor"],"articleSection":["H\u00edrek"],"inLanguage":"hu"},{"@type":"WebPage","@id":"https:\/\/dorogimedence.hu\/index.php\/2021\/11\/26\/meghosszabbitja-a-kormany-az-oltasi-akciohetet\/","url":"https:\/\/dorogimedence.hu\/index.php\/2021\/11\/26\/meghosszabbitja-a-kormany-az-oltasi-akciohetet\/","name":"Meghosszabb\u00edtja a korm\u00e1ny az Olt\u00e1si akci\u00f3hetet","isPartOf":{"@id":"https:\/\/dorogimedence.hu\/#website"},"primaryImageOfPage":{"@id":"https:\/\/dorogimedence.hu\/index.php\/2021\/11\/26\/meghosszabbitja-a-kormany-az-oltasi-akciohetet\/#primaryimage"},"image":{"@id":"https:\/\/dorogimedence.hu\/index.php\/2021\/11\/26\/meghosszabbitja-a-kormany-az-oltasi-akciohetet\/#primaryimage"},"thumbnailUrl":"https:\/\/dorogimedence.hu\/wp-content\/uploads\/2021\/11\/orban-viktor.jpg","datePublished":"2021-11-26T08:25:12+00:00","dateModified":"2021-11-26T08:28:13+00:00","breadcrumb":{"@id":"https:\/\/dorogimedence.hu\/index.php\/2021\/11\/26\/meghosszabbitja-a-kormany-az-oltasi-akciohetet\/#breadcrumb"},"inLanguage":"hu","potentialAction":[{"@type":"ReadAction","target":["https:\/\/dorogimedence.hu\/index.php\/2021\/11\/26\/meghosszabbitja-a-kormany-az-oltasi-akciohetet\/"]}]},{"@type":"ImageObject","inLanguage":"hu","@id":"https:\/\/dorogimedence.hu\/index.php\/2021\/11\/26\/meghosszabbitja-a-kormany-az-oltasi-akciohetet\/#primaryimage","url":"https:\/\/dorogimedence.hu\/wp-content\/uploads\/2021\/11\/orban-viktor.jpg","contentUrl":"https:\/\/dorogimedence.hu\/wp-content\/uploads\/2021\/11\/orban-viktor.jpg","width":1920,"height":1281},{"@type":"BreadcrumbList","@id":"https:\/\/dorogimedence.hu\/index.php\/2021\/11\/26\/meghosszabbitja-a-kormany-az-oltasi-akciohetet\/#breadcrumb","itemListElement":[{"@type":"ListItem","position":1,"name":"Kezd\u0151lap","item":"https:\/\/dorogimedence.hu\/"},{"@type":"ListItem","position":2,"name":"Meghosszabb\u00edtja a korm\u00e1ny az Olt\u00e1si akci\u00f3hetet"}]},{"@type":"WebSite","@id":"https:\/\/dorogimedence.hu\/#website","url":"https:\/\/dorogimedence.hu\/","name":"Dorogi-medence Region\u00e1lis H\u00edrport\u00e1l","description":"Dorog, Keszt\u00f6lc, Le\u00e1nyv\u00e1r, Piliscs\u00e9v, Tokod, Tokodalt\u00e1r\u00f3, Csolnok, Esztergom-kertv\u00e1ros: h\u00edrek, programok","publisher":{"@id":"https:\/\/dorogimedence.hu\/#organization"},"potentialAction":[{"@type":"SearchAction","target":{"@type":"EntryPoint","urlTemplate":"https:\/\/dorogimedence.hu\/?s={search_term_string}"},"query-input":{"@type":"PropertyValueSpecification","valueRequired":true,"valueName":"search_term_string"}}],"inLanguage":"hu"},{"@type":"Organization","@id":"https:\/\/dorogimedence.hu\/#organization","name":"Dorogi-medence Region\u00e1lis H\u00edrport\u00e1l","url":"https:\/\/dorogimedence.hu\/","logo":{"@type":"ImageObject","inLanguage":"hu","@id":"https:\/\/dorogimedence.hu\/#\/schema\/logo\/image\/","url":"https:\/\/dorogimedence.hu\/wp-content\/uploads\/2021\/04\/logo-feher-600.png","contentUrl":"https:\/\/dorogimedence.hu\/wp-content\/uploads\/2021\/04\/logo-feher-600.png","width":600,"height":100,"caption":"Dorogi-medence Region\u00e1lis H\u00edrport\u00e1l"},"image":{"@id":"https:\/\/dorogimedence.hu\/#\/schema\/logo\/image\/"},"sameAs":["https:\/\/www.facebook.com\/dorogimedence\/"]},{"@type":"Person","@id":"https:\/\/dorogimedence.hu\/#\/schema\/person\/ce6091eeb7e95ecdc87890d6aa8e0fd4","name":"dorogimedence.hu","image":{"@type":"ImageObject","inLanguage":"hu","@id":"\/\/www.gravatar.com\/avatar\/d8d45f8901aadff40a4af72c0b826f1d?s=96&#038;r=g&#038;d=mm","url":"\/\/www.gravatar.com\/avatar\/d8d45f8901aadff40a4af72c0b826f1d?s=96&#038;r=g&#038;d=mm","contentUrl":"\/\/www.gravatar.com\/avatar\/d8d45f8901aadff40a4af72c0b826f1d?s=96&#038;r=g&#038;d=mm","caption":"dorogimedence.hu"}}]}},"_links":{"self":[{"href":"https:\/\/dorogimedence.hu\/index.php\/wp-json\/wp\/v2\/posts\/38815","targetHints":{"allow":["GET"]}}],"collection":[{"href":"https:\/\/dorogimedence.hu\/index.php\/wp-json\/wp\/v2\/posts"}],"about":[{"href":"https:\/\/dorogimedence.hu\/index.php\/wp-json\/wp\/v2\/types\/post"}],"author":[{"embeddable":true,"href":"https:\/\/dorogimedence.hu\/index.php\/wp-json\/wp\/v2\/users\/1"}],"replies":[{"embeddable":true,"href":"https:\/\/dorogimedence.hu\/index.php\/wp-json\/wp\/v2\/comments?post=38815"}],"version-history":[{"count":0,"href":"https:\/\/dorogimedence.hu\/index.php\/wp-json\/wp\/v2\/posts\/38815\/revisions"}],"wp:featuredmedia":[{"embeddable":true,"href":"https:\/\/dorogimedence.hu\/index.php\/wp-json\/wp\/v2\/media\/38816"}],"wp:attachment":[{"href":"https:\/\/dorogimedence.hu\/index.php\/wp-json\/wp\/v2\/media?parent=38815"}],"wp:term":[{"taxonomy":"category","embeddable":true,"href":"https:\/\/dorogimedence.hu\/index.php\/wp-json\/wp\/v2\/categories?post=38815"},{"taxonomy":"post_tag","embeddable":true,"href":"https:\/\/dorogimedence.hu\/index.php\/wp-json\/wp\/v2\/tags?post=38815"}],"curies":[{"name":"wp","href":"https:\/\/api.w.org\/{rel}","templated":true}]}}