{"id":38645,"date":"2021-11-19T07:20:05","date_gmt":"2021-11-19T06:20:05","guid":{"rendered":"https:\/\/dorogimedence.hu\/?p=38645"},"modified":"2021-11-19T07:20:11","modified_gmt":"2021-11-19T06:20:11","slug":"megujult-a-nyergesujfalui-mentoallomas","status":"publish","type":"post","link":"https:\/\/dorogimedence.hu\/index.php\/2021\/11\/19\/megujult-a-nyergesujfalui-mentoallomas\/","title":{"rendered":"Meg\u00fajult a nyerges\u00fajfalui ment\u0151\u00e1llom\u00e1s"},"content":{"rendered":"<p><strong>Dr. V\u00f6lner P\u00e1lnak, a t\u00e9rs\u00e9g orsz\u00e1ggy\u0171l\u00e9si k\u00e9pvisel\u0151j\u00e9nek kezdem\u00e9nyez\u00e9s\u00e9re helyi c\u00e9gek, illetve egy\u00e9ni v\u00e1llalkoz\u00f3k \u00faj\u00edtott\u00e1k fel a nyerges\u00fajfalui ment\u0151\u00e1llom\u00e1st, ezzel megk\u00f6sz\u00f6nve az \u00e9letment\u0151k \u00e1ldozatos munk\u00e1j\u00e1t.<\/strong><\/p>\n<p>A k\u00e9pvisel\u0151 november 18-\u00e1n, cs\u00fct\u00f6rt\u00f6k\u00f6n l\u00e1togatott el a l\u00e9tes\u00edtm\u00e9nybe \u00e9s megbizonyosodott arr\u00f3l, hogy az elv\u00e9gzett munka \u00e1ltal a mai kor ig\u00e9nyeinek megfelel\u0151en, komfortosabb k\u00f6rnyezetben v\u00e9gezhetik el a munk\u00e1jukat a ment\u0151tisztek \u00e9s a helyi ment\u0151\u00e1llom\u00e1s munkat\u00e1rsai.<\/p>\n<p><img fetchpriority=\"high\" decoding=\"async\" class=\"alignnone size-large wp-image-38647\" src=\"https:\/\/dorogimedence.hu\/wp-content\/uploads\/2021\/11\/257710423_330617372208294_2874636360673862823_n-1024x682.jpg\" alt=\"\" width=\"755\" height=\"503\" srcset=\"https:\/\/dorogimedence.hu\/wp-content\/uploads\/2021\/11\/257710423_330617372208294_2874636360673862823_n-1024x682.jpg 1024w, https:\/\/dorogimedence.hu\/wp-content\/uploads\/2021\/11\/257710423_330617372208294_2874636360673862823_n-300x200.jpg 300w, https:\/\/dorogimedence.hu\/wp-content\/uploads\/2021\/11\/257710423_330617372208294_2874636360673862823_n-768x512.jpg 768w, https:\/\/dorogimedence.hu\/wp-content\/uploads\/2021\/11\/257710423_330617372208294_2874636360673862823_n-150x100.jpg 150w, https:\/\/dorogimedence.hu\/wp-content\/uploads\/2021\/11\/257710423_330617372208294_2874636360673862823_n-450x300.jpg 450w, https:\/\/dorogimedence.hu\/wp-content\/uploads\/2021\/11\/257710423_330617372208294_2874636360673862823_n-1200x800.jpg 1200w, https:\/\/dorogimedence.hu\/wp-content\/uploads\/2021\/11\/257710423_330617372208294_2874636360673862823_n-272x182.jpg 272w, https:\/\/dorogimedence.hu\/wp-content\/uploads\/2021\/11\/257710423_330617372208294_2874636360673862823_n.jpg 1250w\" sizes=\"(max-width: 755px) 100vw, 755px\" \/><\/p>\n<p>&nbsp;\u201eMinden \u00e9rintettel \u00e1tbesz\u00e9lve a helyzetet, arra jutottunk, hogy az \u00e9p\u00fclet fel\u00faj\u00edt\u00e1sa a legjobb, mert ezzel a ment\u0151k mindennapjait tessz\u00fck m\u00e9g komfortosabb\u00e1\u201d \u2013 fejtette ki lapunknak V\u00f6lner P\u00e1l, majd hozz\u00e1tette: \u201eA meg\u00fajult ment\u0151\u00e1llom\u00e1s k\u00edv\u00fclr\u0151l is j\u00f3l mutat, \u00e9s b\u00e1r a j\u00e1rv\u00e1nyhelyzet miatt most sajnos nem n\u00e9zhett\u00fck meg a bels\u0151 r\u00e9szeket, az arr\u00f3l k\u00e9sz\u00fclt k\u00e9pek bizony\u00edtj\u00e1k, hogy a c\u00e9gek \u00e9s a szakemberek a legjobb tud\u00e1suk szerint dolgoztak az elm\u00falt egy h\u00f3napban.\u201d V\u00f6lner P\u00e1l elmondta: ahogy h\u00edre ment az akci\u00f3nak, egy esztergomi v\u00e1llalkoz\u00f3 is jelentkezett, hogy sz\u00edvesen r\u00e9szt venne a munk\u00e1ban \u2013 az eredeti csapat azonnal, \u00f6r\u00f6mmel fogadta is az \u00faj koll\u00e9g\u00e1t.<\/p>\n<p><img decoding=\"async\" class=\"alignnone size-large wp-image-38648\" src=\"https:\/\/dorogimedence.hu\/wp-content\/uploads\/2021\/11\/258424144_330617565541608_3288268237756115111_n-1024x768.jpg\" alt=\"\" width=\"755\" height=\"566\" srcset=\"https:\/\/dorogimedence.hu\/wp-content\/uploads\/2021\/11\/258424144_330617565541608_3288268237756115111_n-1024x768.jpg 1024w, https:\/\/dorogimedence.hu\/wp-content\/uploads\/2021\/11\/258424144_330617565541608_3288268237756115111_n-300x225.jpg 300w, https:\/\/dorogimedence.hu\/wp-content\/uploads\/2021\/11\/258424144_330617565541608_3288268237756115111_n-768x576.jpg 768w, https:\/\/dorogimedence.hu\/wp-content\/uploads\/2021\/11\/258424144_330617565541608_3288268237756115111_n-1536x1152.jpg 1536w, https:\/\/dorogimedence.hu\/wp-content\/uploads\/2021\/11\/258424144_330617565541608_3288268237756115111_n-150x113.jpg 150w, https:\/\/dorogimedence.hu\/wp-content\/uploads\/2021\/11\/258424144_330617565541608_3288268237756115111_n-450x338.jpg 450w, https:\/\/dorogimedence.hu\/wp-content\/uploads\/2021\/11\/258424144_330617565541608_3288268237756115111_n-1200x900.jpg 1200w, https:\/\/dorogimedence.hu\/wp-content\/uploads\/2021\/11\/258424144_330617565541608_3288268237756115111_n.jpg 2016w\" sizes=\"(max-width: 755px) 100vw, 755px\" \/><\/p>\n<p>\u201eK\u00f6sz\u00f6nettel tartozunk azoknak az embereknek, akik id\u0151t, energi\u00e1t \u00e9s anyagiakat nem k\u00edm\u00e9lve \u00fagy d\u00f6nt\u00f6ttek, hogy most azok\u00e9rt fognak \u00f6nzetlen\u00fcl dolgozni, akik az \u00e9v minden napj\u00e1n \u00e9rt\u00fcnk k\u00fczdenek\u201d \u2013 jelentette ki a k\u00e9pvisel\u0151, hozz\u00e1t\u00e9ve, hogy sz\u00e1m\u00e1ra hatalmas \u00f6r\u00f6m volt, hogy k\u00f6zrem\u0171k\u00f6dhetett egy ilyen kezdem\u00e9nyez\u00e9sben.<\/p>\n<p>Arra, hogy a ment\u0151szolg\u00e1lat munkat\u00e1rsai milyen kem\u00e9ny \u00e9s fesz\u00edtett temp\u00f3j\u00fa munk\u00e1t v\u00e9geznek, a koronav\u00edrus-j\u00e1rv\u00e1ny is r\u00e1mutatott, \u00edgy sokan d\u00f6nt\u00f6ttek \u00fagy, hogy valamilyen m\u00f3don t\u00e1mogatj\u00e1k \u0151ket. Ahogyan eml\u00e9kezhetnek, a vend\u00e9gl\u00e1t\u00f3sok a Hambulancia program keret\u00e9ben biztos\u00edtottak ingyenesen \u00e9telt, italt a szolg\u00e1latban l\u00e9v\u0151 ment\u0151knek. Voltak m\u00e1s akci\u00f3k is, Esztergomban p\u00e9ld\u00e1ul k\u00e9t mos\u00f3-sz\u00e1r\u00edt\u00f3g\u00e9pet kapott a ment\u0151\u00e1llom\u00e1s \u2013 az egyiket szint\u00e9n V\u00f6lner P\u00e1lt\u00f3l \u2013, \u00e9s ott is zajlottak fel\u00faj\u00edt\u00e1si munk\u00e1latok felaj\u00e1nl\u00e1soknak k\u00f6sz\u00f6nhet\u0151en.<\/p>\n<p><img decoding=\"async\" class=\"alignnone size-large wp-image-38649\" src=\"https:\/\/dorogimedence.hu\/wp-content\/uploads\/2021\/11\/257648122_330617418874956_3400972104160592142_n-1024x768.jpg\" alt=\"\" width=\"755\" height=\"566\" srcset=\"https:\/\/dorogimedence.hu\/wp-content\/uploads\/2021\/11\/257648122_330617418874956_3400972104160592142_n-1024x768.jpg 1024w, https:\/\/dorogimedence.hu\/wp-content\/uploads\/2021\/11\/257648122_330617418874956_3400972104160592142_n-300x225.jpg 300w, https:\/\/dorogimedence.hu\/wp-content\/uploads\/2021\/11\/257648122_330617418874956_3400972104160592142_n-768x576.jpg 768w, https:\/\/dorogimedence.hu\/wp-content\/uploads\/2021\/11\/257648122_330617418874956_3400972104160592142_n-1536x1152.jpg 1536w, https:\/\/dorogimedence.hu\/wp-content\/uploads\/2021\/11\/257648122_330617418874956_3400972104160592142_n-150x113.jpg 150w, https:\/\/dorogimedence.hu\/wp-content\/uploads\/2021\/11\/257648122_330617418874956_3400972104160592142_n-450x338.jpg 450w, https:\/\/dorogimedence.hu\/wp-content\/uploads\/2021\/11\/257648122_330617418874956_3400972104160592142_n-1200x900.jpg 1200w, https:\/\/dorogimedence.hu\/wp-content\/uploads\/2021\/11\/257648122_330617418874956_3400972104160592142_n.jpg 2016w\" sizes=\"(max-width: 755px) 100vw, 755px\" \/><\/p>\n<p><img loading=\"lazy\" decoding=\"async\" class=\"alignnone size-large wp-image-38650\" src=\"https:\/\/dorogimedence.hu\/wp-content\/uploads\/2021\/11\/257940069_330617332208298_2580944755313952434_n-1024x683.jpg\" alt=\"\" width=\"755\" height=\"504\" srcset=\"https:\/\/dorogimedence.hu\/wp-content\/uploads\/2021\/11\/257940069_330617332208298_2580944755313952434_n-1024x683.jpg 1024w, https:\/\/dorogimedence.hu\/wp-content\/uploads\/2021\/11\/257940069_330617332208298_2580944755313952434_n-300x200.jpg 300w, https:\/\/dorogimedence.hu\/wp-content\/uploads\/2021\/11\/257940069_330617332208298_2580944755313952434_n-768x512.jpg 768w, https:\/\/dorogimedence.hu\/wp-content\/uploads\/2021\/11\/257940069_330617332208298_2580944755313952434_n-150x100.jpg 150w, https:\/\/dorogimedence.hu\/wp-content\/uploads\/2021\/11\/257940069_330617332208298_2580944755313952434_n-450x300.jpg 450w, https:\/\/dorogimedence.hu\/wp-content\/uploads\/2021\/11\/257940069_330617332208298_2580944755313952434_n-1200x801.jpg 1200w, https:\/\/dorogimedence.hu\/wp-content\/uploads\/2021\/11\/257940069_330617332208298_2580944755313952434_n-272x182.jpg 272w, https:\/\/dorogimedence.hu\/wp-content\/uploads\/2021\/11\/257940069_330617332208298_2580944755313952434_n.jpg 1250w\" sizes=\"(max-width: 755px) 100vw, 755px\" \/><\/p>\n","protected":false},"excerpt":{"rendered":"<p>Dr. V\u00f6lner P\u00e1lnak, a t\u00e9rs\u00e9g orsz\u00e1ggy\u0171l\u00e9si k\u00e9pvisel\u0151j\u00e9nek kezdem\u00e9nyez\u00e9s\u00e9re helyi c\u00e9gek, illetve egy\u00e9ni v\u00e1llalkoz\u00f3k \u00faj\u00edtott\u00e1k fel a nyerges\u00fajfalui ment\u0151\u00e1llom\u00e1st, ezzel megk\u00f6sz\u00f6nve az \u00e9letment\u0151k \u00e1ldozatos munk\u00e1j\u00e1t. A k\u00e9pvisel\u0151 november 18-\u00e1n, cs\u00fct\u00f6rt\u00f6k\u00f6n l\u00e1togatott el a l\u00e9tes\u00edtm\u00e9nybe \u00e9s megbizonyosodott arr\u00f3l, hogy az elv\u00e9gzett munka \u00e1ltal a mai kor ig\u00e9nyeinek megfelel\u0151en, komfortosabb k\u00f6rnyezetben v\u00e9gezhetik el a munk\u00e1jukat a ment\u0151tisztek \u00e9s<\/p>\n","protected":false},"author":1,"featured_media":38646,"comment_status":"closed","ping_status":"closed","sticky":false,"template":"","format":"standard","meta":{"ngg_post_thumbnail":0,"footnotes":""},"categories":[3,1390],"tags":[5624,464,3830,612,140],"class_list":{"0":"post-38645","1":"post","2":"type-post","3":"status-publish","4":"format-standard","5":"has-post-thumbnail","7":"category-hirek","8":"category-nyergesujfalu","9":"tag-featured","10":"tag-felujitas","11":"tag-mentoallomas","12":"tag-mentok","13":"tag-nyergesujfalu"},"yoast_head":"<!-- This site is optimized with the Yoast SEO plugin v27.4 - https:\/\/yoast.com\/product\/yoast-seo-wordpress\/ -->\n<title>Meg\u00fajult a nyerges\u00fajfalui ment\u0151\u00e1llom\u00e1s<\/title>\n<meta name=\"robots\" content=\"index, follow, max-snippet:-1, max-image-preview:large, max-video-preview:-1\" \/>\n<link rel=\"canonical\" href=\"https:\/\/dorogimedence.hu\/index.php\/2021\/11\/19\/megujult-a-nyergesujfalui-mentoallomas\/\" class=\"yoast-seo-meta-tag\" \/>\n<meta property=\"og:locale\" content=\"hu_HU\" class=\"yoast-seo-meta-tag\" \/>\n<meta property=\"og:type\" content=\"article\" class=\"yoast-seo-meta-tag\" \/>\n<meta property=\"og:title\" content=\"Meg\u00fajult a nyerges\u00fajfalui ment\u0151\u00e1llom\u00e1s\" class=\"yoast-seo-meta-tag\" \/>\n<meta property=\"og:description\" content=\"Dr. V\u00f6lner P\u00e1lnak, a t\u00e9rs\u00e9g orsz\u00e1ggy\u0171l\u00e9si k\u00e9pvisel\u0151j\u00e9nek kezdem\u00e9nyez\u00e9s\u00e9re helyi c\u00e9gek, illetve egy\u00e9ni v\u00e1llalkoz\u00f3k \u00faj\u00edtott\u00e1k fel a nyerges\u00fajfalui ment\u0151\u00e1llom\u00e1st, ezzel megk\u00f6sz\u00f6nve az \u00e9letment\u0151k \u00e1ldozatos munk\u00e1j\u00e1t. A k\u00e9pvisel\u0151 november 18-\u00e1n, cs\u00fct\u00f6rt\u00f6k\u00f6n l\u00e1togatott el a l\u00e9tes\u00edtm\u00e9nybe \u00e9s megbizonyosodott arr\u00f3l, hogy az elv\u00e9gzett munka \u00e1ltal a mai kor ig\u00e9nyeinek megfelel\u0151en, komfortosabb k\u00f6rnyezetben v\u00e9gezhetik el a munk\u00e1jukat a ment\u0151tisztek \u00e9s\" class=\"yoast-seo-meta-tag\" \/>\n<meta property=\"og:url\" content=\"https:\/\/dorogimedence.hu\/index.php\/2021\/11\/19\/megujult-a-nyergesujfalui-mentoallomas\/\" class=\"yoast-seo-meta-tag\" \/>\n<meta property=\"og:site_name\" content=\"Dorogi-medence Region\u00e1lis H\u00edrport\u00e1l\" class=\"yoast-seo-meta-tag\" \/>\n<meta property=\"article:publisher\" content=\"https:\/\/www.facebook.com\/dorogimedence\/\" class=\"yoast-seo-meta-tag\" \/>\n<meta property=\"article:published_time\" content=\"2021-11-19T06:20:05+00:00\" class=\"yoast-seo-meta-tag\" \/>\n<meta property=\"article:modified_time\" content=\"2021-11-19T06:20:11+00:00\" class=\"yoast-seo-meta-tag\" \/>\n<meta property=\"og:image\" content=\"https:\/\/i0.wp.com\/dorogimedence.hu\/wp-content\/uploads\/2021\/11\/257800292_330617458874952_6194330975542495904_n.jpg?fit=1250%2C834&ssl=1\" class=\"yoast-seo-meta-tag\" \/>\n\t<meta property=\"og:image:width\" content=\"1250\" class=\"yoast-seo-meta-tag\" \/>\n\t<meta property=\"og:image:height\" content=\"834\" class=\"yoast-seo-meta-tag\" \/>\n\t<meta property=\"og:image:type\" content=\"image\/jpeg\" class=\"yoast-seo-meta-tag\" \/>\n<meta name=\"author\" content=\"dorogimedence.hu\" class=\"yoast-seo-meta-tag\" \/>\n<meta name=\"twitter:card\" content=\"summary_large_image\" class=\"yoast-seo-meta-tag\" \/>\n<meta name=\"twitter:label1\" content=\"Szerz\u0151:\" class=\"yoast-seo-meta-tag\" \/>\n\t<meta name=\"twitter:data1\" content=\"dorogimedence.hu\" class=\"yoast-seo-meta-tag\" \/>\n\t<meta name=\"twitter:label2\" content=\"Becs\u00fclt olvas\u00e1si id\u0151\" class=\"yoast-seo-meta-tag\" \/>\n\t<meta name=\"twitter:data2\" content=\"2 perc\" class=\"yoast-seo-meta-tag\" \/>\n<script type=\"application\/ld+json\" class=\"yoast-schema-graph\">{\"@context\":\"https:\\\/\\\/schema.org\",\"@graph\":[{\"@type\":\"Article\",\"@id\":\"https:\\\/\\\/dorogimedence.hu\\\/index.php\\\/2021\\\/11\\\/19\\\/megujult-a-nyergesujfalui-mentoallomas\\\/#article\",\"isPartOf\":{\"@id\":\"https:\\\/\\\/dorogimedence.hu\\\/index.php\\\/2021\\\/11\\\/19\\\/megujult-a-nyergesujfalui-mentoallomas\\\/\"},\"author\":{\"name\":\"dorogimedence.hu\",\"@id\":\"https:\\\/\\\/dorogimedence.hu\\\/#\\\/schema\\\/person\\\/ce6091eeb7e95ecdc87890d6aa8e0fd4\"},\"headline\":\"Meg\u00fajult a nyerges\u00fajfalui ment\u0151\u00e1llom\u00e1s\",\"datePublished\":\"2021-11-19T06:20:05+00:00\",\"dateModified\":\"2021-11-19T06:20:11+00:00\",\"mainEntityOfPage\":{\"@id\":\"https:\\\/\\\/dorogimedence.hu\\\/index.php\\\/2021\\\/11\\\/19\\\/megujult-a-nyergesujfalui-mentoallomas\\\/\"},\"wordCount\":440,\"publisher\":{\"@id\":\"https:\\\/\\\/dorogimedence.hu\\\/#organization\"},\"image\":{\"@id\":\"https:\\\/\\\/dorogimedence.hu\\\/index.php\\\/2021\\\/11\\\/19\\\/megujult-a-nyergesujfalui-mentoallomas\\\/#primaryimage\"},\"thumbnailUrl\":\"https:\\\/\\\/dorogimedence.hu\\\/wp-content\\\/uploads\\\/2021\\\/11\\\/257800292_330617458874952_6194330975542495904_n.jpg\",\"keywords\":[\"featured\",\"fel\u00faj\u00edt\u00e1s\",\"ment\u0151\u00e1llom\u00e1s\",\"ment\u0151k\",\"Nyerges\u00fajfalu\"],\"articleSection\":[\"H\u00edrek\",\"Nyerges\u00fajfalu\"],\"inLanguage\":\"hu\"},{\"@type\":\"WebPage\",\"@id\":\"https:\\\/\\\/dorogimedence.hu\\\/index.php\\\/2021\\\/11\\\/19\\\/megujult-a-nyergesujfalui-mentoallomas\\\/\",\"url\":\"https:\\\/\\\/dorogimedence.hu\\\/index.php\\\/2021\\\/11\\\/19\\\/megujult-a-nyergesujfalui-mentoallomas\\\/\",\"name\":\"Meg\u00fajult a nyerges\u00fajfalui ment\u0151\u00e1llom\u00e1s\",\"isPartOf\":{\"@id\":\"https:\\\/\\\/dorogimedence.hu\\\/#website\"},\"primaryImageOfPage\":{\"@id\":\"https:\\\/\\\/dorogimedence.hu\\\/index.php\\\/2021\\\/11\\\/19\\\/megujult-a-nyergesujfalui-mentoallomas\\\/#primaryimage\"},\"image\":{\"@id\":\"https:\\\/\\\/dorogimedence.hu\\\/index.php\\\/2021\\\/11\\\/19\\\/megujult-a-nyergesujfalui-mentoallomas\\\/#primaryimage\"},\"thumbnailUrl\":\"https:\\\/\\\/dorogimedence.hu\\\/wp-content\\\/uploads\\\/2021\\\/11\\\/257800292_330617458874952_6194330975542495904_n.jpg\",\"datePublished\":\"2021-11-19T06:20:05+00:00\",\"dateModified\":\"2021-11-19T06:20:11+00:00\",\"breadcrumb\":{\"@id\":\"https:\\\/\\\/dorogimedence.hu\\\/index.php\\\/2021\\\/11\\\/19\\\/megujult-a-nyergesujfalui-mentoallomas\\\/#breadcrumb\"},\"inLanguage\":\"hu\",\"potentialAction\":[{\"@type\":\"ReadAction\",\"target\":[\"https:\\\/\\\/dorogimedence.hu\\\/index.php\\\/2021\\\/11\\\/19\\\/megujult-a-nyergesujfalui-mentoallomas\\\/\"]}]},{\"@type\":\"ImageObject\",\"inLanguage\":\"hu\",\"@id\":\"https:\\\/\\\/dorogimedence.hu\\\/index.php\\\/2021\\\/11\\\/19\\\/megujult-a-nyergesujfalui-mentoallomas\\\/#primaryimage\",\"url\":\"https:\\\/\\\/dorogimedence.hu\\\/wp-content\\\/uploads\\\/2021\\\/11\\\/257800292_330617458874952_6194330975542495904_n.jpg\",\"contentUrl\":\"https:\\\/\\\/dorogimedence.hu\\\/wp-content\\\/uploads\\\/2021\\\/11\\\/257800292_330617458874952_6194330975542495904_n.jpg\",\"width\":1250,\"height\":834},{\"@type\":\"BreadcrumbList\",\"@id\":\"https:\\\/\\\/dorogimedence.hu\\\/index.php\\\/2021\\\/11\\\/19\\\/megujult-a-nyergesujfalui-mentoallomas\\\/#breadcrumb\",\"itemListElement\":[{\"@type\":\"ListItem\",\"position\":1,\"name\":\"Kezd\u0151lap\",\"item\":\"https:\\\/\\\/dorogimedence.hu\\\/\"},{\"@type\":\"ListItem\",\"position\":2,\"name\":\"Meg\u00fajult a nyerges\u00fajfalui ment\u0151\u00e1llom\u00e1s\"}]},{\"@type\":\"WebSite\",\"@id\":\"https:\\\/\\\/dorogimedence.hu\\\/#website\",\"url\":\"https:\\\/\\\/dorogimedence.hu\\\/\",\"name\":\"Dorogi-medence Region\u00e1lis H\u00edrport\u00e1l\",\"description\":\"Dorog, Keszt\u00f6lc, Le\u00e1nyv\u00e1r, Piliscs\u00e9v, Tokod, Tokodalt\u00e1r\u00f3, Csolnok, Esztergom-kertv\u00e1ros: h\u00edrek, programok\",\"publisher\":{\"@id\":\"https:\\\/\\\/dorogimedence.hu\\\/#organization\"},\"potentialAction\":[{\"@type\":\"SearchAction\",\"target\":{\"@type\":\"EntryPoint\",\"urlTemplate\":\"https:\\\/\\\/dorogimedence.hu\\\/?s={search_term_string}\"},\"query-input\":{\"@type\":\"PropertyValueSpecification\",\"valueRequired\":true,\"valueName\":\"search_term_string\"}}],\"inLanguage\":\"hu\"},{\"@type\":\"Organization\",\"@id\":\"https:\\\/\\\/dorogimedence.hu\\\/#organization\",\"name\":\"Dorogi-medence Region\u00e1lis H\u00edrport\u00e1l\",\"url\":\"https:\\\/\\\/dorogimedence.hu\\\/\",\"logo\":{\"@type\":\"ImageObject\",\"inLanguage\":\"hu\",\"@id\":\"https:\\\/\\\/dorogimedence.hu\\\/#\\\/schema\\\/logo\\\/image\\\/\",\"url\":\"https:\\\/\\\/dorogimedence.hu\\\/wp-content\\\/uploads\\\/2021\\\/04\\\/logo-feher-600.png\",\"contentUrl\":\"https:\\\/\\\/dorogimedence.hu\\\/wp-content\\\/uploads\\\/2021\\\/04\\\/logo-feher-600.png\",\"width\":600,\"height\":100,\"caption\":\"Dorogi-medence Region\u00e1lis H\u00edrport\u00e1l\"},\"image\":{\"@id\":\"https:\\\/\\\/dorogimedence.hu\\\/#\\\/schema\\\/logo\\\/image\\\/\"},\"sameAs\":[\"https:\\\/\\\/www.facebook.com\\\/dorogimedence\\\/\"]},{\"@type\":\"Person\",\"@id\":\"https:\\\/\\\/dorogimedence.hu\\\/#\\\/schema\\\/person\\\/ce6091eeb7e95ecdc87890d6aa8e0fd4\",\"name\":\"dorogimedence.hu\",\"image\":{\"@type\":\"ImageObject\",\"inLanguage\":\"hu\",\"@id\":\"\\\/\\\/www.gravatar.com\\\/avatar\\\/d8d45f8901aadff40a4af72c0b826f1d?s=96&#038;r=g&#038;d=mm\",\"url\":\"\\\/\\\/www.gravatar.com\\\/avatar\\\/d8d45f8901aadff40a4af72c0b826f1d?s=96&#038;r=g&#038;d=mm\",\"contentUrl\":\"\\\/\\\/www.gravatar.com\\\/avatar\\\/d8d45f8901aadff40a4af72c0b826f1d?s=96&#038;r=g&#038;d=mm\",\"caption\":\"dorogimedence.hu\"}}]}<\/script>\n<!-- \/ Yoast SEO plugin. -->","yoast_head_json":{"title":"Meg\u00fajult a nyerges\u00fajfalui ment\u0151\u00e1llom\u00e1s","robots":{"index":"index","follow":"follow","max-snippet":"max-snippet:-1","max-image-preview":"max-image-preview:large","max-video-preview":"max-video-preview:-1"},"canonical":"https:\/\/dorogimedence.hu\/index.php\/2021\/11\/19\/megujult-a-nyergesujfalui-mentoallomas\/","og_locale":"hu_HU","og_type":"article","og_title":"Meg\u00fajult a nyerges\u00fajfalui ment\u0151\u00e1llom\u00e1s","og_description":"Dr. V\u00f6lner P\u00e1lnak, a t\u00e9rs\u00e9g orsz\u00e1ggy\u0171l\u00e9si k\u00e9pvisel\u0151j\u00e9nek kezdem\u00e9nyez\u00e9s\u00e9re helyi c\u00e9gek, illetve egy\u00e9ni v\u00e1llalkoz\u00f3k \u00faj\u00edtott\u00e1k fel a nyerges\u00fajfalui ment\u0151\u00e1llom\u00e1st, ezzel megk\u00f6sz\u00f6nve az \u00e9letment\u0151k \u00e1ldozatos munk\u00e1j\u00e1t. A k\u00e9pvisel\u0151 november 18-\u00e1n, cs\u00fct\u00f6rt\u00f6k\u00f6n l\u00e1togatott el a l\u00e9tes\u00edtm\u00e9nybe \u00e9s megbizonyosodott arr\u00f3l, hogy az elv\u00e9gzett munka \u00e1ltal a mai kor ig\u00e9nyeinek megfelel\u0151en, komfortosabb k\u00f6rnyezetben v\u00e9gezhetik el a munk\u00e1jukat a ment\u0151tisztek \u00e9s","og_url":"https:\/\/dorogimedence.hu\/index.php\/2021\/11\/19\/megujult-a-nyergesujfalui-mentoallomas\/","og_site_name":"Dorogi-medence Region\u00e1lis H\u00edrport\u00e1l","article_publisher":"https:\/\/www.facebook.com\/dorogimedence\/","article_published_time":"2021-11-19T06:20:05+00:00","article_modified_time":"2021-11-19T06:20:11+00:00","og_image":[{"width":1250,"height":834,"url":"https:\/\/i0.wp.com\/dorogimedence.hu\/wp-content\/uploads\/2021\/11\/257800292_330617458874952_6194330975542495904_n.jpg?fit=1250%2C834&ssl=1","type":"image\/jpeg"}],"author":"dorogimedence.hu","twitter_card":"summary_large_image","twitter_misc":{"Szerz\u0151:":"dorogimedence.hu","Becs\u00fclt olvas\u00e1si id\u0151":"2 perc"},"schema":{"@context":"https:\/\/schema.org","@graph":[{"@type":"Article","@id":"https:\/\/dorogimedence.hu\/index.php\/2021\/11\/19\/megujult-a-nyergesujfalui-mentoallomas\/#article","isPartOf":{"@id":"https:\/\/dorogimedence.hu\/index.php\/2021\/11\/19\/megujult-a-nyergesujfalui-mentoallomas\/"},"author":{"name":"dorogimedence.hu","@id":"https:\/\/dorogimedence.hu\/#\/schema\/person\/ce6091eeb7e95ecdc87890d6aa8e0fd4"},"headline":"Meg\u00fajult a nyerges\u00fajfalui ment\u0151\u00e1llom\u00e1s","datePublished":"2021-11-19T06:20:05+00:00","dateModified":"2021-11-19T06:20:11+00:00","mainEntityOfPage":{"@id":"https:\/\/dorogimedence.hu\/index.php\/2021\/11\/19\/megujult-a-nyergesujfalui-mentoallomas\/"},"wordCount":440,"publisher":{"@id":"https:\/\/dorogimedence.hu\/#organization"},"image":{"@id":"https:\/\/dorogimedence.hu\/index.php\/2021\/11\/19\/megujult-a-nyergesujfalui-mentoallomas\/#primaryimage"},"thumbnailUrl":"https:\/\/dorogimedence.hu\/wp-content\/uploads\/2021\/11\/257800292_330617458874952_6194330975542495904_n.jpg","keywords":["featured","fel\u00faj\u00edt\u00e1s","ment\u0151\u00e1llom\u00e1s","ment\u0151k","Nyerges\u00fajfalu"],"articleSection":["H\u00edrek","Nyerges\u00fajfalu"],"inLanguage":"hu"},{"@type":"WebPage","@id":"https:\/\/dorogimedence.hu\/index.php\/2021\/11\/19\/megujult-a-nyergesujfalui-mentoallomas\/","url":"https:\/\/dorogimedence.hu\/index.php\/2021\/11\/19\/megujult-a-nyergesujfalui-mentoallomas\/","name":"Meg\u00fajult a nyerges\u00fajfalui ment\u0151\u00e1llom\u00e1s","isPartOf":{"@id":"https:\/\/dorogimedence.hu\/#website"},"primaryImageOfPage":{"@id":"https:\/\/dorogimedence.hu\/index.php\/2021\/11\/19\/megujult-a-nyergesujfalui-mentoallomas\/#primaryimage"},"image":{"@id":"https:\/\/dorogimedence.hu\/index.php\/2021\/11\/19\/megujult-a-nyergesujfalui-mentoallomas\/#primaryimage"},"thumbnailUrl":"https:\/\/dorogimedence.hu\/wp-content\/uploads\/2021\/11\/257800292_330617458874952_6194330975542495904_n.jpg","datePublished":"2021-11-19T06:20:05+00:00","dateModified":"2021-11-19T06:20:11+00:00","breadcrumb":{"@id":"https:\/\/dorogimedence.hu\/index.php\/2021\/11\/19\/megujult-a-nyergesujfalui-mentoallomas\/#breadcrumb"},"inLanguage":"hu","potentialAction":[{"@type":"ReadAction","target":["https:\/\/dorogimedence.hu\/index.php\/2021\/11\/19\/megujult-a-nyergesujfalui-mentoallomas\/"]}]},{"@type":"ImageObject","inLanguage":"hu","@id":"https:\/\/dorogimedence.hu\/index.php\/2021\/11\/19\/megujult-a-nyergesujfalui-mentoallomas\/#primaryimage","url":"https:\/\/dorogimedence.hu\/wp-content\/uploads\/2021\/11\/257800292_330617458874952_6194330975542495904_n.jpg","contentUrl":"https:\/\/dorogimedence.hu\/wp-content\/uploads\/2021\/11\/257800292_330617458874952_6194330975542495904_n.jpg","width":1250,"height":834},{"@type":"BreadcrumbList","@id":"https:\/\/dorogimedence.hu\/index.php\/2021\/11\/19\/megujult-a-nyergesujfalui-mentoallomas\/#breadcrumb","itemListElement":[{"@type":"ListItem","position":1,"name":"Kezd\u0151lap","item":"https:\/\/dorogimedence.hu\/"},{"@type":"ListItem","position":2,"name":"Meg\u00fajult a nyerges\u00fajfalui ment\u0151\u00e1llom\u00e1s"}]},{"@type":"WebSite","@id":"https:\/\/dorogimedence.hu\/#website","url":"https:\/\/dorogimedence.hu\/","name":"Dorogi-medence Region\u00e1lis H\u00edrport\u00e1l","description":"Dorog, Keszt\u00f6lc, Le\u00e1nyv\u00e1r, Piliscs\u00e9v, Tokod, Tokodalt\u00e1r\u00f3, Csolnok, Esztergom-kertv\u00e1ros: h\u00edrek, programok","publisher":{"@id":"https:\/\/dorogimedence.hu\/#organization"},"potentialAction":[{"@type":"SearchAction","target":{"@type":"EntryPoint","urlTemplate":"https:\/\/dorogimedence.hu\/?s={search_term_string}"},"query-input":{"@type":"PropertyValueSpecification","valueRequired":true,"valueName":"search_term_string"}}],"inLanguage":"hu"},{"@type":"Organization","@id":"https:\/\/dorogimedence.hu\/#organization","name":"Dorogi-medence Region\u00e1lis H\u00edrport\u00e1l","url":"https:\/\/dorogimedence.hu\/","logo":{"@type":"ImageObject","inLanguage":"hu","@id":"https:\/\/dorogimedence.hu\/#\/schema\/logo\/image\/","url":"https:\/\/dorogimedence.hu\/wp-content\/uploads\/2021\/04\/logo-feher-600.png","contentUrl":"https:\/\/dorogimedence.hu\/wp-content\/uploads\/2021\/04\/logo-feher-600.png","width":600,"height":100,"caption":"Dorogi-medence Region\u00e1lis H\u00edrport\u00e1l"},"image":{"@id":"https:\/\/dorogimedence.hu\/#\/schema\/logo\/image\/"},"sameAs":["https:\/\/www.facebook.com\/dorogimedence\/"]},{"@type":"Person","@id":"https:\/\/dorogimedence.hu\/#\/schema\/person\/ce6091eeb7e95ecdc87890d6aa8e0fd4","name":"dorogimedence.hu","image":{"@type":"ImageObject","inLanguage":"hu","@id":"\/\/www.gravatar.com\/avatar\/d8d45f8901aadff40a4af72c0b826f1d?s=96&#038;r=g&#038;d=mm","url":"\/\/www.gravatar.com\/avatar\/d8d45f8901aadff40a4af72c0b826f1d?s=96&#038;r=g&#038;d=mm","contentUrl":"\/\/www.gravatar.com\/avatar\/d8d45f8901aadff40a4af72c0b826f1d?s=96&#038;r=g&#038;d=mm","caption":"dorogimedence.hu"}}]}},"_links":{"self":[{"href":"https:\/\/dorogimedence.hu\/index.php\/wp-json\/wp\/v2\/posts\/38645","targetHints":{"allow":["GET"]}}],"collection":[{"href":"https:\/\/dorogimedence.hu\/index.php\/wp-json\/wp\/v2\/posts"}],"about":[{"href":"https:\/\/dorogimedence.hu\/index.php\/wp-json\/wp\/v2\/types\/post"}],"author":[{"embeddable":true,"href":"https:\/\/dorogimedence.hu\/index.php\/wp-json\/wp\/v2\/users\/1"}],"replies":[{"embeddable":true,"href":"https:\/\/dorogimedence.hu\/index.php\/wp-json\/wp\/v2\/comments?post=38645"}],"version-history":[{"count":0,"href":"https:\/\/dorogimedence.hu\/index.php\/wp-json\/wp\/v2\/posts\/38645\/revisions"}],"wp:featuredmedia":[{"embeddable":true,"href":"https:\/\/dorogimedence.hu\/index.php\/wp-json\/wp\/v2\/media\/38646"}],"wp:attachment":[{"href":"https:\/\/dorogimedence.hu\/index.php\/wp-json\/wp\/v2\/media?parent=38645"}],"wp:term":[{"taxonomy":"category","embeddable":true,"href":"https:\/\/dorogimedence.hu\/index.php\/wp-json\/wp\/v2\/categories?post=38645"},{"taxonomy":"post_tag","embeddable":true,"href":"https:\/\/dorogimedence.hu\/index.php\/wp-json\/wp\/v2\/tags?post=38645"}],"curies":[{"name":"wp","href":"https:\/\/api.w.org\/{rel}","templated":true}]}}