{"id":38488,"date":"2021-11-12T14:57:19","date_gmt":"2021-11-12T13:57:19","guid":{"rendered":"https:\/\/dorogimedence.hu\/?p=38488"},"modified":"2021-11-12T14:57:26","modified_gmt":"2021-11-12T13:57:26","slug":"ujabb-az-identitas-erositeset-celzo-projekt-indul-a-megyeben","status":"publish","type":"post","link":"https:\/\/dorogimedence.hu\/index.php\/2021\/11\/12\/ujabb-az-identitas-erositeset-celzo-projekt-indul-a-megyeben\/","title":{"rendered":"\u00dajabb, az identit\u00e1s er\u0151s\u00edt\u00e9s\u00e9t c\u00e9lz\u00f3 projekt indul a megy\u00e9ben"},"content":{"rendered":"<p><strong>Indul a Kom\u00e1rom-Esztergom Megyei \u00d6nkorm\u00e1nyzat identit\u00e1s er\u0151s\u00edt\u00e9s\u00e9t c\u00e9lz\u00f3 m\u00e1sodik p\u00e1ly\u00e1zata \u201eA mi megy\u00e9nk, a mi vil\u00e1gunk\u201d c\u00edmmel, ami a \u201eMegy\u00e9nk k\u00f6r\u00fcl megy\u00fcnk k\u00f6r\u00fcl\u201d projekt folytat\u00e1sa.<br \/>\n<\/strong><\/p>\n<p>Sikeresen p\u00e1ly\u00e1zott a Kom\u00e1rom-Esztergom Megyei \u00d6nkorm\u00e1nyzat a Ter\u00fclet- \u00e9s Telep\u00fcl\u00e9sfejleszt\u00e9si Operat\u00edv Program TOP-5.3.2-17-KO1-2021-00002 k\u00f3dsz\u00e1m\u00fa felh\u00edv\u00e1s\u00e1ra. Az elnyert 200 milli\u00f3 forint eur\u00f3pai uni\u00f3s vissza nem t\u00e9r\u00edtend\u0151 t\u00e1mogat\u00e1s a \u201eMegy\u00e9nk k\u00f6r\u00fcl megy\u00fcnk k\u00f6r\u00fcl\u201d projekt folytat\u00e1sa. A program a TOP er\u0151forr\u00e1saira \u00e9p\u00edtve, \u00faj eszk\u00f6zrendszerrel a k\u00f6z\u00f6ss\u00e9gfejleszt\u00e9st, a k\u00f6z\u00f6ss\u00e9g kezdem\u00e9nyez\u0151 \u00e9s cselekv\u0151k\u00e9pess\u00e9g\u00e9nek, valamint azonoss\u00e1gtudat\u00e1nak tov\u00e1bbi er\u0151s\u00edt\u00e9s\u00e9t, a megyei \u00e9rt\u00e9kek m\u00e9g sz\u00e9lesebb k\u00f6r\u0171 megismertet\u00e9s\u00e9t, n\u00e9pszer\u0171s\u00edt\u00e9s\u00e9t szolg\u00e1lja Kom\u00e1rom-Esztergom megye teljes ter\u00fclet\u00e9n. A c\u00e9l, hogy a kett\u0151s t\u00f6rt\u00e9nelmi \u00f6r\u00f6ks\u00e9g\u0171 \u00e9s gazdas\u00e1gi h\u00e1tter\u0171 megye, t\u00e1rsadalmi-identit\u00e1sbeli t\u00f6r\u00e9svonalai megsz\u0171njenek, tov\u00e1bb\u00e1 a SARS-COVID19 vil\u00e1gj\u00e1rv\u00e1ny t\u00e1rsadalmi hat\u00e1sai a k\u00f6z\u00f6ss\u00e9gfejleszt\u00e9s r\u00e9v\u00e9n, r\u00e9szben kompenz\u00e1lhat\u00f3ak legyenek, \u00e9s a k\u00f6z\u00f6s kultur\u00e1lis kincsek \u00e9s a t\u00e1rsadalmi er\u0151forr\u00e1sok mindenki sz\u00e1m\u00e1ra \u201ek\u00e9zzel foghat\u00f3v\u00e1\u201d v\u00e1ljanak<\/p>\n<p>Az \u00faj projekt elemeinek \u00f6ssze\u00e1ll\u00edt\u00e1s\u00e1ba a megye lakoss\u00e1g\u00e1t is bevont\u00e1k online form\u00e1ban: a megyei \u00f6nkorm\u00e1nyzat k\u00e9rd\u0151\u00edv\u00e9re t\u00f6bb mint ezer v\u00e1lasz \u00e9rkezett. A projektet az itt hangs\u00falyt nyert \u00f6tletek, javaslatok alapj\u00e1n dolgozt\u00e1k ki.<\/p>\n<p>A megval\u00f3s\u00edt\u00e1s sor\u00e1n a megyei \u00f6nkorm\u00e1nyzat nagy hangs\u00falyt fektet a megy\u00e9t bemutat\u00f3 saj\u00e1t k\u00e9sz\u00edt\u00e9s\u0171 m\u00e9diatartalmak el\u0151\u00e1ll\u00edt\u00e1s\u00e1ra. Ennek keret\u00e9ben im\u00e1zsfilm k\u00e9sz\u00fcl a megye mind a 76 telep\u00fcl\u00e9s\u00e9r\u0151l, valamint vide\u00f3s besz\u00e1mol\u00f3k k\u00f6z\u00f6ss\u00e9g\u00e9p\u00edt\u0151 helyi \u00e9s megyei esem\u00e9nyekr\u0151l, melyeket helyi telev\u00edzi\u00f3kban \u00e9s a k\u00f6z\u00f6ss\u00e9gi m\u00e9di\u00e1ban egyar\u00e1nt k\u00f6zreadni terveznek. Programjaikr\u00f3l \u00e9s a megye \u00e9rt\u00e9keir\u0151l, h\u00edress\u00e9geir\u0151l 70 darab r\u00e1di\u00f3m\u0171sor b\u0151v\u00edti majd a hallgat\u00f3k ismereteit.<\/p>\n<p>Tov\u00e1bb gyarapodik a megyei \u00e9rt\u00e9kt\u00e1r fot\u00f3t\u00e1ra, az \u00fajonnan elfogadott \u00e9rt\u00e9kekr\u0151l \u00faj f\u00e9nyk\u00e9pek sz\u00fcletnek. A megyei \u00e9rt\u00e9kt\u00e1r tov\u00e1bbi n\u00e9pszer\u0171s\u00edt\u00e9s\u00e9t fogj\u00e1k szolg\u00e1lni a megyei \u00e9rt\u00e9kt\u00e1r bemutat\u00f3k, mely rendezv\u00e9nyeken a megyei \u00e9rt\u00e9kek filmjeinek vet\u00edt\u00e9s\u00e9re, el\u0151ad\u00e1sokra ker\u00fcl sor, kieg\u00e9sz\u00edtve Hungarikum j\u00e1tsz\u00f3h\u00e1zzal \u00e9s k\u00e9zm\u0171ves foglalkoz\u00e1sokkal. Ezen k\u00edv\u00fcl k\u00e9sz\u00fcl Megyei \u00c9rt\u00e9kt\u00e1r Napt\u00e1r, megt\u00f6rt\u00e9nik a Megyei \u00c9rt\u00e9kt\u00e1r Applik\u00e1ci\u00f3 \u00e9s a megyei identit\u00e1s honlap (mimegyenk.hu) tov\u00e1bbfejleszt\u00e9se. A megyei \u00e9rt\u00e9kt\u00e1rban nem katalogiz\u00e1lt \u00e9rt\u00e9keinek n\u00e9pszer\u0171s\u00edt\u00e9s\u00e9t a megy\u00e9ben forgatott legend\u00e1s filmeket \u00e9s helysz\u00edneiket bemutat\u00f3 k\u00f6nyv megjelentet\u00e9se is szolg\u00e1lni fogja.&nbsp;&nbsp;&nbsp;<\/p>\n<p>A tervekben szerepel 6 nagy, identit\u00e1st er\u0151s\u00edt\u0151, k\u00f6z\u00f6ss\u00e9g\u00e9p\u00edt\u0151 rendezv\u00e9ny l\u00e9trehoz\u00e1sa a megyeh\u00e9t sorozat keret\u00e9ben. A megye \u201emegmozd\u00edt\u00e1sa\u201d, kapcsolatok gener\u00e1l\u00e1sa \u00e9rdek\u00e9ben j\u00e1t\u00e9kos \u00fcgyess\u00e9gi sportversenysorozatot ind\u00edtunk, \u00e9rt\u00e9keink meg\u0151rz\u00e9s\u00e9t \u00e9s sz\u00e9les k\u00f6r\u0171 megismertet\u00e9s\u00e9t el\u0151mozd\u00edtand\u00f3 pedig fot\u00f3p\u00e1ly\u00e1zatra h\u00edvjuk majd a megye profi \u00e9s amat\u0151r fot\u00f3sait. A p\u00e1ly\u00e1zat kiemelt c\u00e9lcsoportja a fiatal koroszt\u00e1ly, a gyerekek, sz\u00e1mukra a megy\u00e9nk \u201ekincseit\u201d feldolgoz\u00f3 t\u00e1rsasj\u00e1t\u00e9k, valamint matric\u00e1s k\u00f6nyv k\u00e9sz\u00fcl.<\/p>\n<p>A projekt tervezetten 2023. j\u00fanius 1-j\u00e9n z\u00e1rul.&nbsp;<\/p>\n<p><a href=\"http:\/\/www.kemoh.hu\/index.php?fmp=4&amp;masoldal=1&amp;oldal=statikusoldalak\/soldal617.inc\" target=\"_blank\" rel=\"noopener\"><span style=\"text-decoration: underline; color: #0000ff;\">B\u0151vebb inform\u00e1ci\u00f3&gt;&gt;<\/span><\/a><\/p>\n","protected":false},"excerpt":{"rendered":"<p>Indul a Kom\u00e1rom-Esztergom Megyei \u00d6nkorm\u00e1nyzat identit\u00e1s er\u0151s\u00edt\u00e9s\u00e9t c\u00e9lz\u00f3 m\u00e1sodik p\u00e1ly\u00e1zata \u201eA mi megy\u00e9nk, a mi vil\u00e1gunk\u201d c\u00edmmel, ami a \u201eMegy\u00e9nk k\u00f6r\u00fcl megy\u00fcnk k\u00f6r\u00fcl\u201d projekt folytat\u00e1sa. Sikeresen p\u00e1ly\u00e1zott a Kom\u00e1rom-Esztergom Megyei \u00d6nkorm\u00e1nyzat a Ter\u00fclet- \u00e9s Telep\u00fcl\u00e9sfejleszt\u00e9si Operat\u00edv Program TOP-5.3.2-17-KO1-2021-00002 k\u00f3dsz\u00e1m\u00fa felh\u00edv\u00e1s\u00e1ra. Az elnyert 200 milli\u00f3 forint eur\u00f3pai uni\u00f3s vissza nem t\u00e9r\u00edtend\u0151 t\u00e1mogat\u00e1s a \u201eMegy\u00e9nk k\u00f6r\u00fcl megy\u00fcnk<\/p>\n","protected":false},"author":1,"featured_media":35525,"comment_status":"closed","ping_status":"closed","sticky":false,"template":"","format":"standard","meta":{"ngg_post_thumbnail":0,"footnotes":""},"categories":[3,56],"tags":[3526,3799,74,3527],"class_list":{"0":"post-38488","1":"post","2":"type-post","3":"status-publish","4":"format-standard","5":"has-post-thumbnail","7":"category-hirek","8":"category-komarom-esztergom","9":"tag-identitas","10":"tag-komarom-esztergom-megye","11":"tag-palyazat","12":"tag-projekt"},"yoast_head":"<!-- This site is optimized with the Yoast SEO plugin v27.4 - https:\/\/yoast.com\/product\/yoast-seo-wordpress\/ -->\n<title>\u00dajabb, az identit\u00e1s er\u0151s\u00edt\u00e9s\u00e9t c\u00e9lz\u00f3 projekt indul a megy\u00e9ben<\/title>\n<meta name=\"robots\" content=\"index, follow, max-snippet:-1, max-image-preview:large, max-video-preview:-1\" \/>\n<link rel=\"canonical\" href=\"https:\/\/dorogimedence.hu\/index.php\/2021\/11\/12\/ujabb-az-identitas-erositeset-celzo-projekt-indul-a-megyeben\/\" class=\"yoast-seo-meta-tag\" \/>\n<meta property=\"og:locale\" content=\"hu_HU\" class=\"yoast-seo-meta-tag\" \/>\n<meta property=\"og:type\" content=\"article\" class=\"yoast-seo-meta-tag\" \/>\n<meta property=\"og:title\" content=\"\u00dajabb, az identit\u00e1s er\u0151s\u00edt\u00e9s\u00e9t c\u00e9lz\u00f3 projekt indul a megy\u00e9ben\" class=\"yoast-seo-meta-tag\" \/>\n<meta property=\"og:description\" content=\"Indul a Kom\u00e1rom-Esztergom Megyei \u00d6nkorm\u00e1nyzat identit\u00e1s er\u0151s\u00edt\u00e9s\u00e9t c\u00e9lz\u00f3 m\u00e1sodik p\u00e1ly\u00e1zata \u201eA mi megy\u00e9nk, a mi vil\u00e1gunk\u201d c\u00edmmel, ami a \u201eMegy\u00e9nk k\u00f6r\u00fcl megy\u00fcnk k\u00f6r\u00fcl\u201d projekt folytat\u00e1sa. Sikeresen p\u00e1ly\u00e1zott a Kom\u00e1rom-Esztergom Megyei \u00d6nkorm\u00e1nyzat a Ter\u00fclet- \u00e9s Telep\u00fcl\u00e9sfejleszt\u00e9si Operat\u00edv Program TOP-5.3.2-17-KO1-2021-00002 k\u00f3dsz\u00e1m\u00fa felh\u00edv\u00e1s\u00e1ra. Az elnyert 200 milli\u00f3 forint eur\u00f3pai uni\u00f3s vissza nem t\u00e9r\u00edtend\u0151 t\u00e1mogat\u00e1s a \u201eMegy\u00e9nk k\u00f6r\u00fcl megy\u00fcnk\" class=\"yoast-seo-meta-tag\" \/>\n<meta property=\"og:url\" content=\"https:\/\/dorogimedence.hu\/index.php\/2021\/11\/12\/ujabb-az-identitas-erositeset-celzo-projekt-indul-a-megyeben\/\" class=\"yoast-seo-meta-tag\" \/>\n<meta property=\"og:site_name\" content=\"Dorogi-medence Region\u00e1lis H\u00edrport\u00e1l\" class=\"yoast-seo-meta-tag\" \/>\n<meta property=\"article:publisher\" content=\"https:\/\/www.facebook.com\/dorogimedence\/\" class=\"yoast-seo-meta-tag\" \/>\n<meta property=\"article:published_time\" content=\"2021-11-12T13:57:19+00:00\" class=\"yoast-seo-meta-tag\" \/>\n<meta property=\"article:modified_time\" content=\"2021-11-12T13:57:26+00:00\" class=\"yoast-seo-meta-tag\" \/>\n<meta property=\"og:image\" content=\"https:\/\/i0.wp.com\/dorogimedence.hu\/wp-content\/uploads\/2021\/08\/csolnok-02.jpg?fit=2048%2C1365&ssl=1\" class=\"yoast-seo-meta-tag\" \/>\n\t<meta property=\"og:image:width\" content=\"2048\" class=\"yoast-seo-meta-tag\" \/>\n\t<meta property=\"og:image:height\" content=\"1365\" class=\"yoast-seo-meta-tag\" \/>\n\t<meta property=\"og:image:type\" content=\"image\/jpeg\" class=\"yoast-seo-meta-tag\" \/>\n<meta name=\"author\" content=\"dorogimedence.hu\" class=\"yoast-seo-meta-tag\" \/>\n<meta name=\"twitter:card\" content=\"summary_large_image\" class=\"yoast-seo-meta-tag\" \/>\n<meta name=\"twitter:label1\" content=\"Szerz\u0151:\" class=\"yoast-seo-meta-tag\" \/>\n\t<meta name=\"twitter:data1\" content=\"dorogimedence.hu\" class=\"yoast-seo-meta-tag\" \/>\n\t<meta name=\"twitter:label2\" content=\"Becs\u00fclt olvas\u00e1si id\u0151\" class=\"yoast-seo-meta-tag\" \/>\n\t<meta name=\"twitter:data2\" content=\"3 perc\" class=\"yoast-seo-meta-tag\" \/>\n<script type=\"application\/ld+json\" class=\"yoast-schema-graph\">{\"@context\":\"https:\\\/\\\/schema.org\",\"@graph\":[{\"@type\":\"Article\",\"@id\":\"https:\\\/\\\/dorogimedence.hu\\\/index.php\\\/2021\\\/11\\\/12\\\/ujabb-az-identitas-erositeset-celzo-projekt-indul-a-megyeben\\\/#article\",\"isPartOf\":{\"@id\":\"https:\\\/\\\/dorogimedence.hu\\\/index.php\\\/2021\\\/11\\\/12\\\/ujabb-az-identitas-erositeset-celzo-projekt-indul-a-megyeben\\\/\"},\"author\":{\"name\":\"dorogimedence.hu\",\"@id\":\"https:\\\/\\\/dorogimedence.hu\\\/#\\\/schema\\\/person\\\/ce6091eeb7e95ecdc87890d6aa8e0fd4\"},\"headline\":\"\u00dajabb, az identit\u00e1s er\u0151s\u00edt\u00e9s\u00e9t c\u00e9lz\u00f3 projekt indul a megy\u00e9ben\",\"datePublished\":\"2021-11-12T13:57:19+00:00\",\"dateModified\":\"2021-11-12T13:57:26+00:00\",\"mainEntityOfPage\":{\"@id\":\"https:\\\/\\\/dorogimedence.hu\\\/index.php\\\/2021\\\/11\\\/12\\\/ujabb-az-identitas-erositeset-celzo-projekt-indul-a-megyeben\\\/\"},\"wordCount\":711,\"publisher\":{\"@id\":\"https:\\\/\\\/dorogimedence.hu\\\/#organization\"},\"image\":{\"@id\":\"https:\\\/\\\/dorogimedence.hu\\\/index.php\\\/2021\\\/11\\\/12\\\/ujabb-az-identitas-erositeset-celzo-projekt-indul-a-megyeben\\\/#primaryimage\"},\"thumbnailUrl\":\"https:\\\/\\\/dorogimedence.hu\\\/wp-content\\\/uploads\\\/2021\\\/08\\\/csolnok-02.jpg\",\"keywords\":[\"identit\u00e1s\",\"Kom\u00e1rom-Esztergom megye\",\"p\u00e1ly\u00e1zat\",\"projekt\"],\"articleSection\":[\"H\u00edrek\",\"Kom\u00e1rom-Esztergom\"],\"inLanguage\":\"hu\"},{\"@type\":\"WebPage\",\"@id\":\"https:\\\/\\\/dorogimedence.hu\\\/index.php\\\/2021\\\/11\\\/12\\\/ujabb-az-identitas-erositeset-celzo-projekt-indul-a-megyeben\\\/\",\"url\":\"https:\\\/\\\/dorogimedence.hu\\\/index.php\\\/2021\\\/11\\\/12\\\/ujabb-az-identitas-erositeset-celzo-projekt-indul-a-megyeben\\\/\",\"name\":\"\u00dajabb, az identit\u00e1s er\u0151s\u00edt\u00e9s\u00e9t c\u00e9lz\u00f3 projekt indul a megy\u00e9ben\",\"isPartOf\":{\"@id\":\"https:\\\/\\\/dorogimedence.hu\\\/#website\"},\"primaryImageOfPage\":{\"@id\":\"https:\\\/\\\/dorogimedence.hu\\\/index.php\\\/2021\\\/11\\\/12\\\/ujabb-az-identitas-erositeset-celzo-projekt-indul-a-megyeben\\\/#primaryimage\"},\"image\":{\"@id\":\"https:\\\/\\\/dorogimedence.hu\\\/index.php\\\/2021\\\/11\\\/12\\\/ujabb-az-identitas-erositeset-celzo-projekt-indul-a-megyeben\\\/#primaryimage\"},\"thumbnailUrl\":\"https:\\\/\\\/dorogimedence.hu\\\/wp-content\\\/uploads\\\/2021\\\/08\\\/csolnok-02.jpg\",\"datePublished\":\"2021-11-12T13:57:19+00:00\",\"dateModified\":\"2021-11-12T13:57:26+00:00\",\"breadcrumb\":{\"@id\":\"https:\\\/\\\/dorogimedence.hu\\\/index.php\\\/2021\\\/11\\\/12\\\/ujabb-az-identitas-erositeset-celzo-projekt-indul-a-megyeben\\\/#breadcrumb\"},\"inLanguage\":\"hu\",\"potentialAction\":[{\"@type\":\"ReadAction\",\"target\":[\"https:\\\/\\\/dorogimedence.hu\\\/index.php\\\/2021\\\/11\\\/12\\\/ujabb-az-identitas-erositeset-celzo-projekt-indul-a-megyeben\\\/\"]}]},{\"@type\":\"ImageObject\",\"inLanguage\":\"hu\",\"@id\":\"https:\\\/\\\/dorogimedence.hu\\\/index.php\\\/2021\\\/11\\\/12\\\/ujabb-az-identitas-erositeset-celzo-projekt-indul-a-megyeben\\\/#primaryimage\",\"url\":\"https:\\\/\\\/dorogimedence.hu\\\/wp-content\\\/uploads\\\/2021\\\/08\\\/csolnok-02.jpg\",\"contentUrl\":\"https:\\\/\\\/dorogimedence.hu\\\/wp-content\\\/uploads\\\/2021\\\/08\\\/csolnok-02.jpg\",\"width\":2048,\"height\":1365},{\"@type\":\"BreadcrumbList\",\"@id\":\"https:\\\/\\\/dorogimedence.hu\\\/index.php\\\/2021\\\/11\\\/12\\\/ujabb-az-identitas-erositeset-celzo-projekt-indul-a-megyeben\\\/#breadcrumb\",\"itemListElement\":[{\"@type\":\"ListItem\",\"position\":1,\"name\":\"Kezd\u0151lap\",\"item\":\"https:\\\/\\\/dorogimedence.hu\\\/\"},{\"@type\":\"ListItem\",\"position\":2,\"name\":\"\u00dajabb, az identit\u00e1s er\u0151s\u00edt\u00e9s\u00e9t c\u00e9lz\u00f3 projekt indul a megy\u00e9ben\"}]},{\"@type\":\"WebSite\",\"@id\":\"https:\\\/\\\/dorogimedence.hu\\\/#website\",\"url\":\"https:\\\/\\\/dorogimedence.hu\\\/\",\"name\":\"Dorogi-medence Region\u00e1lis H\u00edrport\u00e1l\",\"description\":\"Dorog, Keszt\u00f6lc, Le\u00e1nyv\u00e1r, Piliscs\u00e9v, Tokod, Tokodalt\u00e1r\u00f3, Csolnok, Esztergom-kertv\u00e1ros: h\u00edrek, programok\",\"publisher\":{\"@id\":\"https:\\\/\\\/dorogimedence.hu\\\/#organization\"},\"potentialAction\":[{\"@type\":\"SearchAction\",\"target\":{\"@type\":\"EntryPoint\",\"urlTemplate\":\"https:\\\/\\\/dorogimedence.hu\\\/?s={search_term_string}\"},\"query-input\":{\"@type\":\"PropertyValueSpecification\",\"valueRequired\":true,\"valueName\":\"search_term_string\"}}],\"inLanguage\":\"hu\"},{\"@type\":\"Organization\",\"@id\":\"https:\\\/\\\/dorogimedence.hu\\\/#organization\",\"name\":\"Dorogi-medence Region\u00e1lis H\u00edrport\u00e1l\",\"url\":\"https:\\\/\\\/dorogimedence.hu\\\/\",\"logo\":{\"@type\":\"ImageObject\",\"inLanguage\":\"hu\",\"@id\":\"https:\\\/\\\/dorogimedence.hu\\\/#\\\/schema\\\/logo\\\/image\\\/\",\"url\":\"https:\\\/\\\/dorogimedence.hu\\\/wp-content\\\/uploads\\\/2021\\\/04\\\/logo-feher-600.png\",\"contentUrl\":\"https:\\\/\\\/dorogimedence.hu\\\/wp-content\\\/uploads\\\/2021\\\/04\\\/logo-feher-600.png\",\"width\":600,\"height\":100,\"caption\":\"Dorogi-medence Region\u00e1lis H\u00edrport\u00e1l\"},\"image\":{\"@id\":\"https:\\\/\\\/dorogimedence.hu\\\/#\\\/schema\\\/logo\\\/image\\\/\"},\"sameAs\":[\"https:\\\/\\\/www.facebook.com\\\/dorogimedence\\\/\"]},{\"@type\":\"Person\",\"@id\":\"https:\\\/\\\/dorogimedence.hu\\\/#\\\/schema\\\/person\\\/ce6091eeb7e95ecdc87890d6aa8e0fd4\",\"name\":\"dorogimedence.hu\",\"image\":{\"@type\":\"ImageObject\",\"inLanguage\":\"hu\",\"@id\":\"\\\/\\\/www.gravatar.com\\\/avatar\\\/d8d45f8901aadff40a4af72c0b826f1d?s=96&#038;r=g&#038;d=mm\",\"url\":\"\\\/\\\/www.gravatar.com\\\/avatar\\\/d8d45f8901aadff40a4af72c0b826f1d?s=96&#038;r=g&#038;d=mm\",\"contentUrl\":\"\\\/\\\/www.gravatar.com\\\/avatar\\\/d8d45f8901aadff40a4af72c0b826f1d?s=96&#038;r=g&#038;d=mm\",\"caption\":\"dorogimedence.hu\"}}]}<\/script>\n<!-- \/ Yoast SEO plugin. -->","yoast_head_json":{"title":"\u00dajabb, az identit\u00e1s er\u0151s\u00edt\u00e9s\u00e9t c\u00e9lz\u00f3 projekt indul a megy\u00e9ben","robots":{"index":"index","follow":"follow","max-snippet":"max-snippet:-1","max-image-preview":"max-image-preview:large","max-video-preview":"max-video-preview:-1"},"canonical":"https:\/\/dorogimedence.hu\/index.php\/2021\/11\/12\/ujabb-az-identitas-erositeset-celzo-projekt-indul-a-megyeben\/","og_locale":"hu_HU","og_type":"article","og_title":"\u00dajabb, az identit\u00e1s er\u0151s\u00edt\u00e9s\u00e9t c\u00e9lz\u00f3 projekt indul a megy\u00e9ben","og_description":"Indul a Kom\u00e1rom-Esztergom Megyei \u00d6nkorm\u00e1nyzat identit\u00e1s er\u0151s\u00edt\u00e9s\u00e9t c\u00e9lz\u00f3 m\u00e1sodik p\u00e1ly\u00e1zata \u201eA mi megy\u00e9nk, a mi vil\u00e1gunk\u201d c\u00edmmel, ami a \u201eMegy\u00e9nk k\u00f6r\u00fcl megy\u00fcnk k\u00f6r\u00fcl\u201d projekt folytat\u00e1sa. Sikeresen p\u00e1ly\u00e1zott a Kom\u00e1rom-Esztergom Megyei \u00d6nkorm\u00e1nyzat a Ter\u00fclet- \u00e9s Telep\u00fcl\u00e9sfejleszt\u00e9si Operat\u00edv Program TOP-5.3.2-17-KO1-2021-00002 k\u00f3dsz\u00e1m\u00fa felh\u00edv\u00e1s\u00e1ra. Az elnyert 200 milli\u00f3 forint eur\u00f3pai uni\u00f3s vissza nem t\u00e9r\u00edtend\u0151 t\u00e1mogat\u00e1s a \u201eMegy\u00e9nk k\u00f6r\u00fcl megy\u00fcnk","og_url":"https:\/\/dorogimedence.hu\/index.php\/2021\/11\/12\/ujabb-az-identitas-erositeset-celzo-projekt-indul-a-megyeben\/","og_site_name":"Dorogi-medence Region\u00e1lis H\u00edrport\u00e1l","article_publisher":"https:\/\/www.facebook.com\/dorogimedence\/","article_published_time":"2021-11-12T13:57:19+00:00","article_modified_time":"2021-11-12T13:57:26+00:00","og_image":[{"width":2048,"height":1365,"url":"https:\/\/i0.wp.com\/dorogimedence.hu\/wp-content\/uploads\/2021\/08\/csolnok-02.jpg?fit=2048%2C1365&ssl=1","type":"image\/jpeg"}],"author":"dorogimedence.hu","twitter_card":"summary_large_image","twitter_misc":{"Szerz\u0151:":"dorogimedence.hu","Becs\u00fclt olvas\u00e1si id\u0151":"3 perc"},"schema":{"@context":"https:\/\/schema.org","@graph":[{"@type":"Article","@id":"https:\/\/dorogimedence.hu\/index.php\/2021\/11\/12\/ujabb-az-identitas-erositeset-celzo-projekt-indul-a-megyeben\/#article","isPartOf":{"@id":"https:\/\/dorogimedence.hu\/index.php\/2021\/11\/12\/ujabb-az-identitas-erositeset-celzo-projekt-indul-a-megyeben\/"},"author":{"name":"dorogimedence.hu","@id":"https:\/\/dorogimedence.hu\/#\/schema\/person\/ce6091eeb7e95ecdc87890d6aa8e0fd4"},"headline":"\u00dajabb, az identit\u00e1s er\u0151s\u00edt\u00e9s\u00e9t c\u00e9lz\u00f3 projekt indul a megy\u00e9ben","datePublished":"2021-11-12T13:57:19+00:00","dateModified":"2021-11-12T13:57:26+00:00","mainEntityOfPage":{"@id":"https:\/\/dorogimedence.hu\/index.php\/2021\/11\/12\/ujabb-az-identitas-erositeset-celzo-projekt-indul-a-megyeben\/"},"wordCount":711,"publisher":{"@id":"https:\/\/dorogimedence.hu\/#organization"},"image":{"@id":"https:\/\/dorogimedence.hu\/index.php\/2021\/11\/12\/ujabb-az-identitas-erositeset-celzo-projekt-indul-a-megyeben\/#primaryimage"},"thumbnailUrl":"https:\/\/dorogimedence.hu\/wp-content\/uploads\/2021\/08\/csolnok-02.jpg","keywords":["identit\u00e1s","Kom\u00e1rom-Esztergom megye","p\u00e1ly\u00e1zat","projekt"],"articleSection":["H\u00edrek","Kom\u00e1rom-Esztergom"],"inLanguage":"hu"},{"@type":"WebPage","@id":"https:\/\/dorogimedence.hu\/index.php\/2021\/11\/12\/ujabb-az-identitas-erositeset-celzo-projekt-indul-a-megyeben\/","url":"https:\/\/dorogimedence.hu\/index.php\/2021\/11\/12\/ujabb-az-identitas-erositeset-celzo-projekt-indul-a-megyeben\/","name":"\u00dajabb, az identit\u00e1s er\u0151s\u00edt\u00e9s\u00e9t c\u00e9lz\u00f3 projekt indul a megy\u00e9ben","isPartOf":{"@id":"https:\/\/dorogimedence.hu\/#website"},"primaryImageOfPage":{"@id":"https:\/\/dorogimedence.hu\/index.php\/2021\/11\/12\/ujabb-az-identitas-erositeset-celzo-projekt-indul-a-megyeben\/#primaryimage"},"image":{"@id":"https:\/\/dorogimedence.hu\/index.php\/2021\/11\/12\/ujabb-az-identitas-erositeset-celzo-projekt-indul-a-megyeben\/#primaryimage"},"thumbnailUrl":"https:\/\/dorogimedence.hu\/wp-content\/uploads\/2021\/08\/csolnok-02.jpg","datePublished":"2021-11-12T13:57:19+00:00","dateModified":"2021-11-12T13:57:26+00:00","breadcrumb":{"@id":"https:\/\/dorogimedence.hu\/index.php\/2021\/11\/12\/ujabb-az-identitas-erositeset-celzo-projekt-indul-a-megyeben\/#breadcrumb"},"inLanguage":"hu","potentialAction":[{"@type":"ReadAction","target":["https:\/\/dorogimedence.hu\/index.php\/2021\/11\/12\/ujabb-az-identitas-erositeset-celzo-projekt-indul-a-megyeben\/"]}]},{"@type":"ImageObject","inLanguage":"hu","@id":"https:\/\/dorogimedence.hu\/index.php\/2021\/11\/12\/ujabb-az-identitas-erositeset-celzo-projekt-indul-a-megyeben\/#primaryimage","url":"https:\/\/dorogimedence.hu\/wp-content\/uploads\/2021\/08\/csolnok-02.jpg","contentUrl":"https:\/\/dorogimedence.hu\/wp-content\/uploads\/2021\/08\/csolnok-02.jpg","width":2048,"height":1365},{"@type":"BreadcrumbList","@id":"https:\/\/dorogimedence.hu\/index.php\/2021\/11\/12\/ujabb-az-identitas-erositeset-celzo-projekt-indul-a-megyeben\/#breadcrumb","itemListElement":[{"@type":"ListItem","position":1,"name":"Kezd\u0151lap","item":"https:\/\/dorogimedence.hu\/"},{"@type":"ListItem","position":2,"name":"\u00dajabb, az identit\u00e1s er\u0151s\u00edt\u00e9s\u00e9t c\u00e9lz\u00f3 projekt indul a megy\u00e9ben"}]},{"@type":"WebSite","@id":"https:\/\/dorogimedence.hu\/#website","url":"https:\/\/dorogimedence.hu\/","name":"Dorogi-medence Region\u00e1lis H\u00edrport\u00e1l","description":"Dorog, Keszt\u00f6lc, Le\u00e1nyv\u00e1r, Piliscs\u00e9v, Tokod, Tokodalt\u00e1r\u00f3, Csolnok, Esztergom-kertv\u00e1ros: h\u00edrek, programok","publisher":{"@id":"https:\/\/dorogimedence.hu\/#organization"},"potentialAction":[{"@type":"SearchAction","target":{"@type":"EntryPoint","urlTemplate":"https:\/\/dorogimedence.hu\/?s={search_term_string}"},"query-input":{"@type":"PropertyValueSpecification","valueRequired":true,"valueName":"search_term_string"}}],"inLanguage":"hu"},{"@type":"Organization","@id":"https:\/\/dorogimedence.hu\/#organization","name":"Dorogi-medence Region\u00e1lis H\u00edrport\u00e1l","url":"https:\/\/dorogimedence.hu\/","logo":{"@type":"ImageObject","inLanguage":"hu","@id":"https:\/\/dorogimedence.hu\/#\/schema\/logo\/image\/","url":"https:\/\/dorogimedence.hu\/wp-content\/uploads\/2021\/04\/logo-feher-600.png","contentUrl":"https:\/\/dorogimedence.hu\/wp-content\/uploads\/2021\/04\/logo-feher-600.png","width":600,"height":100,"caption":"Dorogi-medence Region\u00e1lis H\u00edrport\u00e1l"},"image":{"@id":"https:\/\/dorogimedence.hu\/#\/schema\/logo\/image\/"},"sameAs":["https:\/\/www.facebook.com\/dorogimedence\/"]},{"@type":"Person","@id":"https:\/\/dorogimedence.hu\/#\/schema\/person\/ce6091eeb7e95ecdc87890d6aa8e0fd4","name":"dorogimedence.hu","image":{"@type":"ImageObject","inLanguage":"hu","@id":"\/\/www.gravatar.com\/avatar\/d8d45f8901aadff40a4af72c0b826f1d?s=96&#038;r=g&#038;d=mm","url":"\/\/www.gravatar.com\/avatar\/d8d45f8901aadff40a4af72c0b826f1d?s=96&#038;r=g&#038;d=mm","contentUrl":"\/\/www.gravatar.com\/avatar\/d8d45f8901aadff40a4af72c0b826f1d?s=96&#038;r=g&#038;d=mm","caption":"dorogimedence.hu"}}]}},"_links":{"self":[{"href":"https:\/\/dorogimedence.hu\/index.php\/wp-json\/wp\/v2\/posts\/38488","targetHints":{"allow":["GET"]}}],"collection":[{"href":"https:\/\/dorogimedence.hu\/index.php\/wp-json\/wp\/v2\/posts"}],"about":[{"href":"https:\/\/dorogimedence.hu\/index.php\/wp-json\/wp\/v2\/types\/post"}],"author":[{"embeddable":true,"href":"https:\/\/dorogimedence.hu\/index.php\/wp-json\/wp\/v2\/users\/1"}],"replies":[{"embeddable":true,"href":"https:\/\/dorogimedence.hu\/index.php\/wp-json\/wp\/v2\/comments?post=38488"}],"version-history":[{"count":0,"href":"https:\/\/dorogimedence.hu\/index.php\/wp-json\/wp\/v2\/posts\/38488\/revisions"}],"wp:featuredmedia":[{"embeddable":true,"href":"https:\/\/dorogimedence.hu\/index.php\/wp-json\/wp\/v2\/media\/35525"}],"wp:attachment":[{"href":"https:\/\/dorogimedence.hu\/index.php\/wp-json\/wp\/v2\/media?parent=38488"}],"wp:term":[{"taxonomy":"category","embeddable":true,"href":"https:\/\/dorogimedence.hu\/index.php\/wp-json\/wp\/v2\/categories?post=38488"},{"taxonomy":"post_tag","embeddable":true,"href":"https:\/\/dorogimedence.hu\/index.php\/wp-json\/wp\/v2\/tags?post=38488"}],"curies":[{"name":"wp","href":"https:\/\/api.w.org\/{rel}","templated":true}]}}