{"id":38481,"date":"2021-11-12T09:31:34","date_gmt":"2021-11-12T08:31:34","guid":{"rendered":"https:\/\/dorogimedence.hu\/?p=38481"},"modified":"2021-11-12T09:31:34","modified_gmt":"2021-11-12T08:31:34","slug":"az-utasok-javaslatait-figyelembe-veve-bovul-az-uj-vasuti-menetrend","status":"publish","type":"post","link":"https:\/\/dorogimedence.hu\/index.php\/2021\/11\/12\/az-utasok-javaslatait-figyelembe-veve-bovul-az-uj-vasuti-menetrend\/","title":{"rendered":"Az utasok javaslatait figyelembe v\u00e9ve b\u0151v\u00fcl az \u00faj vas\u00fati menetrend"},"content":{"rendered":"<div class=\"item_header\">\n<div class=\"item_title\">\n<div class=\"item_introtext\">\n<p><strong>December 12-\u00e9n, vas\u00e1rnap l\u00e9p \u00e9letbe a M\u00c1V-START 2021\/2022-es menetrendje, amelyet id\u00e9n els\u0151 alkalommal, online t\u00e1rsadalmi egyeztet\u00e9s sor\u00e1n lehetett v\u00e9lem\u00e9nyezni.<\/strong><\/p>\n<\/div>\n<div class=\"item_fulltext\">\n<p>A k\u00f6zszolg\u00e1ltat\u00e1st megrendel\u0151 Innov\u00e1ci\u00f3s \u00e9s Technol\u00f3giai Miniszt\u00e9rium (ITM) d\u00f6nt\u00e9se alapj\u00e1n, a ny\u00e1ron be\u00e9rkezett \u00e9rdemi \u00e9szrev\u00e9telekb\u0151l t\u00f6bb fejleszt\u00e9s is megval\u00f3sul m\u00e1r a decemberi menetrendv\u00e1lt\u00e1st\u00f3l. Ez\u00e1ltal az \u00faj menetrend nem csak a p\u00e1lyafel\u00faj\u00edt\u00e1sok, j\u00e1rm\u0171beszerz\u00e9sek r\u00e9v\u00e9n lehet\u0151v\u00e9 v\u00e1lt m\u00f3dos\u00edt\u00e1sokat tartalmazza, hanem a lakoss\u00e1g javaslatait is figyelembe veszi, hogy m\u00e9g ink\u00e1bb az utasok ig\u00e9nyeihez igaz\u00edtott gyakoris\u00e1ggal \u00e9s indul\u00e1si id\u0151kkel k\u00f6zlekedjenek a vonatok. Emellett a vas\u00fatt\u00e1rsas\u00e1g a megv\u00e1ltozott utaz\u00e1si szok\u00e1sokat is sz\u00e1m\u00edt\u00e1sba vette, \u00e9s t\u00f6bb vonalon tov\u00e1bb jav\u00edtja a szolg\u00e1ltat\u00e1si sz\u00ednvonalat, n\u00f6velve a k\u00f6rnyezetbar\u00e1t vas\u00fat versenyk\u00e9pess\u00e9g\u00e9t az egy\u00e9ni k\u00f6zleked\u00e9ssel szemben.<\/p>\n<p>A j\u00e1r\u00e1si szint\u0171 menetrendi egyeztet\u00e9sek a ter\u00fcleti k\u00f6zleked\u00e9sszervez\u0151 irod\u00e1k k\u00f6zrem\u0171k\u00f6d\u00e9s\u00e9vel, az \u00f6nkorm\u00e1nyzatok, t\u00e9rs\u00e9gi nagyfoglalkoztat\u00f3k, k\u00f6zint\u00e9zm\u00e9nyek k\u00e9pvisel\u0151inek bevon\u00e1s\u00e1val zajlanak. Id\u00e9n j\u00faliusban a KTI K\u00f6zleked\u00e9studom\u00e1nyi Int\u00e9zet Nonprofit Kft. a honlapj\u00e1n kialak\u00edtott fel\u00fcleten \u2013 els\u0151 alkalommal \u2013 online v\u00e9lem\u00e9nyeztet\u00e9sre bocs\u00e1totta a menetrendtervezetet. T\u00f6bb mint h\u00e1romezer \u00e9szrev\u00e9tel, el\u0151remutat\u00f3 \u00f6tlet \u00e9s javaslat \u00e9rkezett be. Ez\u00e9rt az ITM \u00fagy d\u00f6nt\u00f6tt, nem v\u00e1rja be a j\u00f6v\u0151 ny\u00e1rra tervezett \u00e9les egyeztet\u00e9st, sz\u00e1mos k\u00edn\u00e1latb\u0151v\u00edt\u00e9s \u2013 a k\u00f6zleked\u0151k elv\u00e1r\u00e1saihoz igazodva \u2013 teszi kedvez\u0151bb\u00e9, gyorsabb\u00e1 az utaz\u00e1st m\u00e1r a december 12-\u00e9n hat\u00e1lyba l\u00e9p\u0151 menetrendv\u00e1lt\u00e1st\u00f3l.<\/p>\n<p>A k\u00f6z\u00f6ss\u00e9gi k\u00f6zleked\u00e9st gyakran haszn\u00e1l\u00f3k legk\u00f6zelebb j\u00f6v\u0151 ny\u00e1ron tehetik meg \u00e9szrev\u00e9teleiket, javaslataikat a vas\u00fati menetrendek tervez\u00e9s\u00e9hez. A hosszabb t\u00e1v\u00fa tervek szerint az elektronikus egyeztet\u00e9st az \u00f6sszetettebb helyk\u00f6zi aut\u00f3buszos menetrendekre is kiterjesztik majd.&nbsp;<em>A buszj\u00e1ratok menetrendj\u00e9t november v\u00e9g\u00e9n teszi k\u00f6zz\u00e9 a Vol\u00e1nbusz.<\/em><\/p>\n<p>A vas\u00fatt\u00e1rsas\u00e1g \u00faj menetrendje m\u00e1r el\u00e9rhet\u0151 az Elvira menetrendi keres\u0151ben \u00e9s a M\u00c1V applik\u00e1ci\u00f3ban (december 12-i vagy azut\u00e1ni utaz\u00e1si napot kiv\u00e1lasztva), tov\u00e1bb\u00e1 let\u00f6lthet\u0151 a weboldalunk&nbsp;Belf\u00f6ldi utaz\u00e1s\/menetrendek\/2021-2022. \u00e9vi menetrendek men\u00fcpontjaib\u00f3l:<\/p>\n<p><span style=\"text-decoration: underline; color: #0000ff;\"><a style=\"color: #0000ff; text-decoration: underline;\" href=\"https:\/\/www.mavcsoport.hu\/mav-start\/belfoldi-utazas\/2021-2022-evi-belfoldi-kozforgalmu-menetrend-vonalankenti-bontasban\" target=\"_blank\" rel=\"noopener noreferrer\">2021-2022. \u00e9vi belf\u00f6ldi k\u00f6zforgalm\u00fa menetrend vonalank\u00e9nti bont\u00e1sban&gt;&gt;<\/a><\/span><\/p>\n<p><span style=\"text-decoration: underline; color: #0000ff;\"><a style=\"color: #0000ff; text-decoration: underline;\" href=\"https:\/\/www.mavcsoport.hu\/mav-start\/belfoldi-utazas\/2021-2022-evi-kozforgalmu-menetrend\" target=\"_blank\" rel=\"noopener noreferrer\">2021-2022. \u00e9vi k\u00f6zforgalm\u00fa menetrend&gt;&gt;<\/a><\/span><\/p>\n<p><strong><u>T\u00c9RS\u00c9G\u00dcNKET \u00c9RINT\u0150 V\u00c1LTOZ\u00c1SOK:<\/u><\/strong><\/p>\n<p><strong>J\u00e1rats\u0171r\u00edt\u00e9sek az esti id\u0151szakban, \u00faj \u00e9jszakai j\u00e1ratok (S10, G71, S40, S42)<\/strong><\/p>\n<p>Az utasforgalmi ig\u00e9nyeknek megfelel\u0151en s\u0171r\u00edti a vas\u00fatt\u00e1rsas\u00e1g a vonatk\u00f6zleked\u00e9s\u00e9t t\u00f6bb el\u0151v\u00e1rosi vonalon, valamint&nbsp;b\u0151v\u00edti az \u00fczemid\u0151t,&nbsp;az utols\u00f3 j\u00e1ratok k\u00e9s\u0151bb, az els\u0151 j\u00e1ratok kor\u00e1bban fognak indulni:<\/p>\n<ul>\n<li>\u00daj G71jelz\u00e9s\u0171 gyors\u00edtott vonat k\u00f6zlekedik k\u00e9s\u0151 este Budapestr\u0151l Veresegyh\u00e1zon \u00e1t V\u00e1c fel\u00e9.<\/li>\n<\/ul>\n<p><strong>S\u0171r\u0171bb k\u00f6zleked\u00e9s a h\u00e9tv\u00e9g\u00e9n \u00e9s az \u00fcnnepek alatt<\/strong><\/p>\n<p>Az el\u0151v\u00e1rosi vonalakon a h\u00e9tv\u00e9gi \u00e9s \u00fcnnepi id\u0151szakokban is b\u0151v\u00edti a j\u00e1ratsz\u00e1mot a M\u00c1V-START:<\/p>\n<ul>\n<li>A budapesti k\u00fcls\u0151 k\u00f6rvas\u00faton, \u00dajpalota \u00e9rint\u00e9s\u00e9vel k\u00f6zleked\u0151&nbsp;S76-os vonatok \u00fatvonal\u00e1t h\u00e9tv\u00e9g\u00e9n meghosszabb\u00edtj\u00e1k, a vonatok minden nap Piliscsaba \u00e9s R\u00e1kos k\u00f6z\u00f6tt fognak k\u00f6zlekedni. A vonatok h\u00e9tv\u00e9g\u00e9n 6 \u00e9s 21 \u00f3ra k\u00f6z\u00f6tt \u00f3r\u00e1nk\u00e9nt, R\u00e1kosr\u00f3l \u00f3ra 3 perckor, Piliscsab\u00e1r\u00f3l \u00f3ra 7 perckor indulnak.<\/li>\n<li>A Budapest\u2013Esztergom vonalonh\u00e9tv\u00e9gi napokon \u00faj menetrendet vezetnek be; ekkor is k\u00f6zlekednek a gyorsabb eljut\u00e1sokat biztos\u00edt\u00f3&nbsp;G72-es gyors\u00edtott vonatok, v\u00e1ltozik a meg\u00e1ll\u00e1si rendj\u00fck.<\/li>\n<li>A kor\u00e1bbi \u00e9vekben a legt\u00f6bb el\u0151v\u00e1rosi vonaton az \u00fcnnepi id\u0151szakban jelent\u0151sen ritk\u00e1bb menetrend volt \u00e9rv\u00e9nyben.&nbsp;Az idei \u00fcnnepi id\u0151szakban a kor\u00e1bbi \u00e9vekhez k\u00e9pest jelent\u0151sen t\u00f6bb j\u00e1rat fog k\u00f6zlekedni, a menetrendi korl\u00e1toz\u00e1st a legt\u00f6bb vonat eset\u00e9ben elt\u00f6r\u00f6lt\u00e9k.<\/li>\n<\/ul>\n<p><strong>Jelent\u0151s menetrendi fejleszt\u00e9sek az Esztergom\u2013Alm\u00e1sf\u00fczit\u0151\u2013Kom\u00e1rom vonalon<\/strong><\/p>\n<p>A ny\u00e1ri t\u00e1rsadalmi egyeztet\u00e9s \u00e9szrev\u00e9telei, javaslatai alapj\u00e1n a menetrendv\u00e1lt\u00e1st\u00f3l&nbsp;jelent\u0151s k\u00edn\u00e1latb\u0151v\u00edt\u00e9s val\u00f3sul meg&nbsp;az Esztergom\u2013Kom\u00e1rom vonalon. A vonal a t\u00e9rs\u00e9gb\u0151l Esztergom fel\u00e9, \u00e1tsz\u00e1ll\u00e1ssal pedig Budapest fel\u00e9 is versenyk\u00e9pes szolg\u00e1ltat\u00e1st tud ny\u00fajtani, \u00edgy a menetrendv\u00e1lt\u00e1st\u00f3l&nbsp;s\u0171r\u0171bb menetrendet vezet be:<\/p>\n<ul>\n<li>A vonal Esztergom \u00e9s S\u00fctt\u0151 k\u00f6z\u00f6tti szakasz\u00e1n munkanapokon&nbsp;8 p\u00e1r vonat fog k\u00f6zlekedni, a&nbsp;cs\u00facsidei id\u0151szakokban \u00f3r\u00e1nk\u00e9ntiindul\u00e1sokkal, megfelelve az esztergomi iskol\u00e1ba \u00e9s munk\u00e1ba j\u00e1r\u00e1si ig\u00e9nyeknek. Valamennyi vonat eset\u00e9ben biztos\u00edtott lesz a csatlakoz\u00e1s a budapesti j\u00e1ratokhoz Esztergom-Kertv\u00e1ros \u00e1llom\u00e1son.<\/li>\n<li>A 8 vonatb\u00f3l&nbsp;3-4 vonat meghosszabb\u00edtott \u00fatvonalon Esztergom \u00e9s Kom\u00e1rom, illetve egy vonatp\u00e1r Esztergom \u00e9s Sz\u00e9kesfeh\u00e9rv\u00e1r k\u00f6z\u00f6tt k\u00f6zlekedik, \u00edgy b\u0151v\u00fcl az eljut\u00e1si lehet\u0151s\u00e9g S\u00fctt\u0151 \u00e9s Alm\u00e1sf\u00fczit\u0151 k\u00f6z\u00f6tt is.<\/li>\n<li>Munkanapokon reggelente&nbsp;S\u00fctt\u0151 \u00e9s Esztergom k\u00f6z\u00f6tt \u00f3r\u00e1nk\u00e9nt, a d\u00e9lut\u00e1ni cs\u00facsid\u0151ben Esztergom \u00e9s S\u00fctt\u0151 ir\u00e1nyban 60-90 percenk\u00e9ntk\u00f6zlekednek a vonatok.<\/li>\n<\/ul>\n<p><em>M\u00c1V Zrt. Kommunik\u00e1ci\u00f3s Igazgat\u00f3s\u00e1g<\/em><\/p>\n<\/div>\n<\/div>\n<\/div>\n","protected":false},"excerpt":{"rendered":"<p>December 12-\u00e9n, vas\u00e1rnap l\u00e9p \u00e9letbe a M\u00c1V-START 2021\/2022-es menetrendje, amelyet id\u00e9n els\u0151 alkalommal, online t\u00e1rsadalmi egyeztet\u00e9s sor\u00e1n lehetett v\u00e9lem\u00e9nyezni. A k\u00f6zszolg\u00e1ltat\u00e1st megrendel\u0151 Innov\u00e1ci\u00f3s \u00e9s Technol\u00f3giai Miniszt\u00e9rium (ITM) d\u00f6nt\u00e9se alapj\u00e1n, a ny\u00e1ron be\u00e9rkezett \u00e9rdemi \u00e9szrev\u00e9telekb\u0151l t\u00f6bb fejleszt\u00e9s is megval\u00f3sul m\u00e1r a decemberi menetrendv\u00e1lt\u00e1st\u00f3l. Ez\u00e1ltal az \u00faj menetrend nem csak a p\u00e1lyafel\u00faj\u00edt\u00e1sok, j\u00e1rm\u0171beszerz\u00e9sek r\u00e9v\u00e9n lehet\u0151v\u00e9 v\u00e1lt m\u00f3dos\u00edt\u00e1sokat<\/p>\n","protected":false},"author":1,"featured_media":31017,"comment_status":"closed","ping_status":"closed","sticky":false,"template":"","format":"standard","meta":{"ngg_post_thumbnail":0,"footnotes":""},"categories":[3],"tags":[293,381,291],"class_list":{"0":"post-38481","1":"post","2":"type-post","3":"status-publish","4":"format-standard","5":"has-post-thumbnail","7":"category-hirek","8":"tag-menetrend","9":"tag-vasut","10":"tag-vonat"},"yoast_head":"<!-- This site is optimized with the Yoast SEO plugin v27.4 - https:\/\/yoast.com\/product\/yoast-seo-wordpress\/ -->\n<title>Az utasok javaslatait figyelembe v\u00e9ve b\u0151v\u00fcl az \u00faj vas\u00fati menetrend<\/title>\n<meta name=\"robots\" content=\"index, follow, max-snippet:-1, max-image-preview:large, max-video-preview:-1\" \/>\n<link rel=\"canonical\" href=\"https:\/\/dorogimedence.hu\/index.php\/2021\/11\/12\/az-utasok-javaslatait-figyelembe-veve-bovul-az-uj-vasuti-menetrend\/\" class=\"yoast-seo-meta-tag\" \/>\n<meta property=\"og:locale\" content=\"hu_HU\" class=\"yoast-seo-meta-tag\" \/>\n<meta property=\"og:type\" content=\"article\" class=\"yoast-seo-meta-tag\" \/>\n<meta property=\"og:title\" content=\"Az utasok javaslatait figyelembe v\u00e9ve b\u0151v\u00fcl az \u00faj vas\u00fati menetrend\" class=\"yoast-seo-meta-tag\" \/>\n<meta property=\"og:description\" content=\"December 12-\u00e9n, vas\u00e1rnap l\u00e9p \u00e9letbe a M\u00c1V-START 2021\/2022-es menetrendje, amelyet id\u00e9n els\u0151 alkalommal, online t\u00e1rsadalmi egyeztet\u00e9s sor\u00e1n lehetett v\u00e9lem\u00e9nyezni. A k\u00f6zszolg\u00e1ltat\u00e1st megrendel\u0151 Innov\u00e1ci\u00f3s \u00e9s Technol\u00f3giai Miniszt\u00e9rium (ITM) d\u00f6nt\u00e9se alapj\u00e1n, a ny\u00e1ron be\u00e9rkezett \u00e9rdemi \u00e9szrev\u00e9telekb\u0151l t\u00f6bb fejleszt\u00e9s is megval\u00f3sul m\u00e1r a decemberi menetrendv\u00e1lt\u00e1st\u00f3l. Ez\u00e1ltal az \u00faj menetrend nem csak a p\u00e1lyafel\u00faj\u00edt\u00e1sok, j\u00e1rm\u0171beszerz\u00e9sek r\u00e9v\u00e9n lehet\u0151v\u00e9 v\u00e1lt m\u00f3dos\u00edt\u00e1sokat\" class=\"yoast-seo-meta-tag\" \/>\n<meta property=\"og:url\" content=\"https:\/\/dorogimedence.hu\/index.php\/2021\/11\/12\/az-utasok-javaslatait-figyelembe-veve-bovul-az-uj-vasuti-menetrend\/\" class=\"yoast-seo-meta-tag\" \/>\n<meta property=\"og:site_name\" content=\"Dorogi-medence Region\u00e1lis H\u00edrport\u00e1l\" class=\"yoast-seo-meta-tag\" \/>\n<meta property=\"article:publisher\" content=\"https:\/\/www.facebook.com\/dorogimedence\/\" class=\"yoast-seo-meta-tag\" \/>\n<meta property=\"article:published_time\" content=\"2021-11-12T08:31:34+00:00\" class=\"yoast-seo-meta-tag\" \/>\n<meta property=\"og:image\" content=\"https:\/\/i0.wp.com\/dorogimedence.hu\/wp-content\/uploads\/2021\/03\/vonat-busz.png?fit=830%2C450&ssl=1\" class=\"yoast-seo-meta-tag\" \/>\n\t<meta property=\"og:image:width\" content=\"830\" class=\"yoast-seo-meta-tag\" \/>\n\t<meta property=\"og:image:height\" content=\"450\" class=\"yoast-seo-meta-tag\" \/>\n\t<meta property=\"og:image:type\" content=\"image\/png\" class=\"yoast-seo-meta-tag\" \/>\n<meta name=\"author\" content=\"dorogimedence.hu\" class=\"yoast-seo-meta-tag\" \/>\n<meta name=\"twitter:card\" content=\"summary_large_image\" class=\"yoast-seo-meta-tag\" \/>\n<meta name=\"twitter:label1\" content=\"Szerz\u0151:\" class=\"yoast-seo-meta-tag\" \/>\n\t<meta name=\"twitter:data1\" content=\"dorogimedence.hu\" class=\"yoast-seo-meta-tag\" \/>\n\t<meta name=\"twitter:label2\" content=\"Becs\u00fclt olvas\u00e1si id\u0151\" class=\"yoast-seo-meta-tag\" \/>\n\t<meta name=\"twitter:data2\" content=\"5 perc\" class=\"yoast-seo-meta-tag\" \/>\n<script type=\"application\/ld+json\" class=\"yoast-schema-graph\">{\"@context\":\"https:\\\/\\\/schema.org\",\"@graph\":[{\"@type\":\"Article\",\"@id\":\"https:\\\/\\\/dorogimedence.hu\\\/index.php\\\/2021\\\/11\\\/12\\\/az-utasok-javaslatait-figyelembe-veve-bovul-az-uj-vasuti-menetrend\\\/#article\",\"isPartOf\":{\"@id\":\"https:\\\/\\\/dorogimedence.hu\\\/index.php\\\/2021\\\/11\\\/12\\\/az-utasok-javaslatait-figyelembe-veve-bovul-az-uj-vasuti-menetrend\\\/\"},\"author\":{\"name\":\"dorogimedence.hu\",\"@id\":\"https:\\\/\\\/dorogimedence.hu\\\/#\\\/schema\\\/person\\\/ce6091eeb7e95ecdc87890d6aa8e0fd4\"},\"headline\":\"Az utasok javaslatait figyelembe v\u00e9ve b\u0151v\u00fcl az \u00faj vas\u00fati menetrend\",\"datePublished\":\"2021-11-12T08:31:34+00:00\",\"mainEntityOfPage\":{\"@id\":\"https:\\\/\\\/dorogimedence.hu\\\/index.php\\\/2021\\\/11\\\/12\\\/az-utasok-javaslatait-figyelembe-veve-bovul-az-uj-vasuti-menetrend\\\/\"},\"wordCount\":1006,\"publisher\":{\"@id\":\"https:\\\/\\\/dorogimedence.hu\\\/#organization\"},\"image\":{\"@id\":\"https:\\\/\\\/dorogimedence.hu\\\/index.php\\\/2021\\\/11\\\/12\\\/az-utasok-javaslatait-figyelembe-veve-bovul-az-uj-vasuti-menetrend\\\/#primaryimage\"},\"thumbnailUrl\":\"https:\\\/\\\/dorogimedence.hu\\\/wp-content\\\/uploads\\\/2021\\\/03\\\/vonat-busz.png\",\"keywords\":[\"menetrend\",\"vas\u00fat\",\"vonat\"],\"articleSection\":[\"H\u00edrek\"],\"inLanguage\":\"hu\"},{\"@type\":\"WebPage\",\"@id\":\"https:\\\/\\\/dorogimedence.hu\\\/index.php\\\/2021\\\/11\\\/12\\\/az-utasok-javaslatait-figyelembe-veve-bovul-az-uj-vasuti-menetrend\\\/\",\"url\":\"https:\\\/\\\/dorogimedence.hu\\\/index.php\\\/2021\\\/11\\\/12\\\/az-utasok-javaslatait-figyelembe-veve-bovul-az-uj-vasuti-menetrend\\\/\",\"name\":\"Az utasok javaslatait figyelembe v\u00e9ve b\u0151v\u00fcl az \u00faj vas\u00fati menetrend\",\"isPartOf\":{\"@id\":\"https:\\\/\\\/dorogimedence.hu\\\/#website\"},\"primaryImageOfPage\":{\"@id\":\"https:\\\/\\\/dorogimedence.hu\\\/index.php\\\/2021\\\/11\\\/12\\\/az-utasok-javaslatait-figyelembe-veve-bovul-az-uj-vasuti-menetrend\\\/#primaryimage\"},\"image\":{\"@id\":\"https:\\\/\\\/dorogimedence.hu\\\/index.php\\\/2021\\\/11\\\/12\\\/az-utasok-javaslatait-figyelembe-veve-bovul-az-uj-vasuti-menetrend\\\/#primaryimage\"},\"thumbnailUrl\":\"https:\\\/\\\/dorogimedence.hu\\\/wp-content\\\/uploads\\\/2021\\\/03\\\/vonat-busz.png\",\"datePublished\":\"2021-11-12T08:31:34+00:00\",\"breadcrumb\":{\"@id\":\"https:\\\/\\\/dorogimedence.hu\\\/index.php\\\/2021\\\/11\\\/12\\\/az-utasok-javaslatait-figyelembe-veve-bovul-az-uj-vasuti-menetrend\\\/#breadcrumb\"},\"inLanguage\":\"hu\",\"potentialAction\":[{\"@type\":\"ReadAction\",\"target\":[\"https:\\\/\\\/dorogimedence.hu\\\/index.php\\\/2021\\\/11\\\/12\\\/az-utasok-javaslatait-figyelembe-veve-bovul-az-uj-vasuti-menetrend\\\/\"]}]},{\"@type\":\"ImageObject\",\"inLanguage\":\"hu\",\"@id\":\"https:\\\/\\\/dorogimedence.hu\\\/index.php\\\/2021\\\/11\\\/12\\\/az-utasok-javaslatait-figyelembe-veve-bovul-az-uj-vasuti-menetrend\\\/#primaryimage\",\"url\":\"https:\\\/\\\/dorogimedence.hu\\\/wp-content\\\/uploads\\\/2021\\\/03\\\/vonat-busz.png\",\"contentUrl\":\"https:\\\/\\\/dorogimedence.hu\\\/wp-content\\\/uploads\\\/2021\\\/03\\\/vonat-busz.png\",\"width\":830,\"height\":450},{\"@type\":\"BreadcrumbList\",\"@id\":\"https:\\\/\\\/dorogimedence.hu\\\/index.php\\\/2021\\\/11\\\/12\\\/az-utasok-javaslatait-figyelembe-veve-bovul-az-uj-vasuti-menetrend\\\/#breadcrumb\",\"itemListElement\":[{\"@type\":\"ListItem\",\"position\":1,\"name\":\"Kezd\u0151lap\",\"item\":\"https:\\\/\\\/dorogimedence.hu\\\/\"},{\"@type\":\"ListItem\",\"position\":2,\"name\":\"Az utasok javaslatait figyelembe v\u00e9ve b\u0151v\u00fcl az \u00faj vas\u00fati menetrend\"}]},{\"@type\":\"WebSite\",\"@id\":\"https:\\\/\\\/dorogimedence.hu\\\/#website\",\"url\":\"https:\\\/\\\/dorogimedence.hu\\\/\",\"name\":\"Dorogi-medence Region\u00e1lis H\u00edrport\u00e1l\",\"description\":\"Dorog, Keszt\u00f6lc, Le\u00e1nyv\u00e1r, Piliscs\u00e9v, Tokod, Tokodalt\u00e1r\u00f3, Csolnok, Esztergom-kertv\u00e1ros: h\u00edrek, programok\",\"publisher\":{\"@id\":\"https:\\\/\\\/dorogimedence.hu\\\/#organization\"},\"potentialAction\":[{\"@type\":\"SearchAction\",\"target\":{\"@type\":\"EntryPoint\",\"urlTemplate\":\"https:\\\/\\\/dorogimedence.hu\\\/?s={search_term_string}\"},\"query-input\":{\"@type\":\"PropertyValueSpecification\",\"valueRequired\":true,\"valueName\":\"search_term_string\"}}],\"inLanguage\":\"hu\"},{\"@type\":\"Organization\",\"@id\":\"https:\\\/\\\/dorogimedence.hu\\\/#organization\",\"name\":\"Dorogi-medence Region\u00e1lis H\u00edrport\u00e1l\",\"url\":\"https:\\\/\\\/dorogimedence.hu\\\/\",\"logo\":{\"@type\":\"ImageObject\",\"inLanguage\":\"hu\",\"@id\":\"https:\\\/\\\/dorogimedence.hu\\\/#\\\/schema\\\/logo\\\/image\\\/\",\"url\":\"https:\\\/\\\/dorogimedence.hu\\\/wp-content\\\/uploads\\\/2021\\\/04\\\/logo-feher-600.png\",\"contentUrl\":\"https:\\\/\\\/dorogimedence.hu\\\/wp-content\\\/uploads\\\/2021\\\/04\\\/logo-feher-600.png\",\"width\":600,\"height\":100,\"caption\":\"Dorogi-medence Region\u00e1lis H\u00edrport\u00e1l\"},\"image\":{\"@id\":\"https:\\\/\\\/dorogimedence.hu\\\/#\\\/schema\\\/logo\\\/image\\\/\"},\"sameAs\":[\"https:\\\/\\\/www.facebook.com\\\/dorogimedence\\\/\"]},{\"@type\":\"Person\",\"@id\":\"https:\\\/\\\/dorogimedence.hu\\\/#\\\/schema\\\/person\\\/ce6091eeb7e95ecdc87890d6aa8e0fd4\",\"name\":\"dorogimedence.hu\",\"image\":{\"@type\":\"ImageObject\",\"inLanguage\":\"hu\",\"@id\":\"\\\/\\\/www.gravatar.com\\\/avatar\\\/d8d45f8901aadff40a4af72c0b826f1d?s=96&#038;r=g&#038;d=mm\",\"url\":\"\\\/\\\/www.gravatar.com\\\/avatar\\\/d8d45f8901aadff40a4af72c0b826f1d?s=96&#038;r=g&#038;d=mm\",\"contentUrl\":\"\\\/\\\/www.gravatar.com\\\/avatar\\\/d8d45f8901aadff40a4af72c0b826f1d?s=96&#038;r=g&#038;d=mm\",\"caption\":\"dorogimedence.hu\"}}]}<\/script>\n<!-- \/ Yoast SEO plugin. -->","yoast_head_json":{"title":"Az utasok javaslatait figyelembe v\u00e9ve b\u0151v\u00fcl az \u00faj vas\u00fati menetrend","robots":{"index":"index","follow":"follow","max-snippet":"max-snippet:-1","max-image-preview":"max-image-preview:large","max-video-preview":"max-video-preview:-1"},"canonical":"https:\/\/dorogimedence.hu\/index.php\/2021\/11\/12\/az-utasok-javaslatait-figyelembe-veve-bovul-az-uj-vasuti-menetrend\/","og_locale":"hu_HU","og_type":"article","og_title":"Az utasok javaslatait figyelembe v\u00e9ve b\u0151v\u00fcl az \u00faj vas\u00fati menetrend","og_description":"December 12-\u00e9n, vas\u00e1rnap l\u00e9p \u00e9letbe a M\u00c1V-START 2021\/2022-es menetrendje, amelyet id\u00e9n els\u0151 alkalommal, online t\u00e1rsadalmi egyeztet\u00e9s sor\u00e1n lehetett v\u00e9lem\u00e9nyezni. A k\u00f6zszolg\u00e1ltat\u00e1st megrendel\u0151 Innov\u00e1ci\u00f3s \u00e9s Technol\u00f3giai Miniszt\u00e9rium (ITM) d\u00f6nt\u00e9se alapj\u00e1n, a ny\u00e1ron be\u00e9rkezett \u00e9rdemi \u00e9szrev\u00e9telekb\u0151l t\u00f6bb fejleszt\u00e9s is megval\u00f3sul m\u00e1r a decemberi menetrendv\u00e1lt\u00e1st\u00f3l. Ez\u00e1ltal az \u00faj menetrend nem csak a p\u00e1lyafel\u00faj\u00edt\u00e1sok, j\u00e1rm\u0171beszerz\u00e9sek r\u00e9v\u00e9n lehet\u0151v\u00e9 v\u00e1lt m\u00f3dos\u00edt\u00e1sokat","og_url":"https:\/\/dorogimedence.hu\/index.php\/2021\/11\/12\/az-utasok-javaslatait-figyelembe-veve-bovul-az-uj-vasuti-menetrend\/","og_site_name":"Dorogi-medence Region\u00e1lis H\u00edrport\u00e1l","article_publisher":"https:\/\/www.facebook.com\/dorogimedence\/","article_published_time":"2021-11-12T08:31:34+00:00","og_image":[{"width":830,"height":450,"url":"https:\/\/i0.wp.com\/dorogimedence.hu\/wp-content\/uploads\/2021\/03\/vonat-busz.png?fit=830%2C450&ssl=1","type":"image\/png"}],"author":"dorogimedence.hu","twitter_card":"summary_large_image","twitter_misc":{"Szerz\u0151:":"dorogimedence.hu","Becs\u00fclt olvas\u00e1si id\u0151":"5 perc"},"schema":{"@context":"https:\/\/schema.org","@graph":[{"@type":"Article","@id":"https:\/\/dorogimedence.hu\/index.php\/2021\/11\/12\/az-utasok-javaslatait-figyelembe-veve-bovul-az-uj-vasuti-menetrend\/#article","isPartOf":{"@id":"https:\/\/dorogimedence.hu\/index.php\/2021\/11\/12\/az-utasok-javaslatait-figyelembe-veve-bovul-az-uj-vasuti-menetrend\/"},"author":{"name":"dorogimedence.hu","@id":"https:\/\/dorogimedence.hu\/#\/schema\/person\/ce6091eeb7e95ecdc87890d6aa8e0fd4"},"headline":"Az utasok javaslatait figyelembe v\u00e9ve b\u0151v\u00fcl az \u00faj vas\u00fati menetrend","datePublished":"2021-11-12T08:31:34+00:00","mainEntityOfPage":{"@id":"https:\/\/dorogimedence.hu\/index.php\/2021\/11\/12\/az-utasok-javaslatait-figyelembe-veve-bovul-az-uj-vasuti-menetrend\/"},"wordCount":1006,"publisher":{"@id":"https:\/\/dorogimedence.hu\/#organization"},"image":{"@id":"https:\/\/dorogimedence.hu\/index.php\/2021\/11\/12\/az-utasok-javaslatait-figyelembe-veve-bovul-az-uj-vasuti-menetrend\/#primaryimage"},"thumbnailUrl":"https:\/\/dorogimedence.hu\/wp-content\/uploads\/2021\/03\/vonat-busz.png","keywords":["menetrend","vas\u00fat","vonat"],"articleSection":["H\u00edrek"],"inLanguage":"hu"},{"@type":"WebPage","@id":"https:\/\/dorogimedence.hu\/index.php\/2021\/11\/12\/az-utasok-javaslatait-figyelembe-veve-bovul-az-uj-vasuti-menetrend\/","url":"https:\/\/dorogimedence.hu\/index.php\/2021\/11\/12\/az-utasok-javaslatait-figyelembe-veve-bovul-az-uj-vasuti-menetrend\/","name":"Az utasok javaslatait figyelembe v\u00e9ve b\u0151v\u00fcl az \u00faj vas\u00fati menetrend","isPartOf":{"@id":"https:\/\/dorogimedence.hu\/#website"},"primaryImageOfPage":{"@id":"https:\/\/dorogimedence.hu\/index.php\/2021\/11\/12\/az-utasok-javaslatait-figyelembe-veve-bovul-az-uj-vasuti-menetrend\/#primaryimage"},"image":{"@id":"https:\/\/dorogimedence.hu\/index.php\/2021\/11\/12\/az-utasok-javaslatait-figyelembe-veve-bovul-az-uj-vasuti-menetrend\/#primaryimage"},"thumbnailUrl":"https:\/\/dorogimedence.hu\/wp-content\/uploads\/2021\/03\/vonat-busz.png","datePublished":"2021-11-12T08:31:34+00:00","breadcrumb":{"@id":"https:\/\/dorogimedence.hu\/index.php\/2021\/11\/12\/az-utasok-javaslatait-figyelembe-veve-bovul-az-uj-vasuti-menetrend\/#breadcrumb"},"inLanguage":"hu","potentialAction":[{"@type":"ReadAction","target":["https:\/\/dorogimedence.hu\/index.php\/2021\/11\/12\/az-utasok-javaslatait-figyelembe-veve-bovul-az-uj-vasuti-menetrend\/"]}]},{"@type":"ImageObject","inLanguage":"hu","@id":"https:\/\/dorogimedence.hu\/index.php\/2021\/11\/12\/az-utasok-javaslatait-figyelembe-veve-bovul-az-uj-vasuti-menetrend\/#primaryimage","url":"https:\/\/dorogimedence.hu\/wp-content\/uploads\/2021\/03\/vonat-busz.png","contentUrl":"https:\/\/dorogimedence.hu\/wp-content\/uploads\/2021\/03\/vonat-busz.png","width":830,"height":450},{"@type":"BreadcrumbList","@id":"https:\/\/dorogimedence.hu\/index.php\/2021\/11\/12\/az-utasok-javaslatait-figyelembe-veve-bovul-az-uj-vasuti-menetrend\/#breadcrumb","itemListElement":[{"@type":"ListItem","position":1,"name":"Kezd\u0151lap","item":"https:\/\/dorogimedence.hu\/"},{"@type":"ListItem","position":2,"name":"Az utasok javaslatait figyelembe v\u00e9ve b\u0151v\u00fcl az \u00faj vas\u00fati menetrend"}]},{"@type":"WebSite","@id":"https:\/\/dorogimedence.hu\/#website","url":"https:\/\/dorogimedence.hu\/","name":"Dorogi-medence Region\u00e1lis H\u00edrport\u00e1l","description":"Dorog, Keszt\u00f6lc, Le\u00e1nyv\u00e1r, Piliscs\u00e9v, Tokod, Tokodalt\u00e1r\u00f3, Csolnok, Esztergom-kertv\u00e1ros: h\u00edrek, programok","publisher":{"@id":"https:\/\/dorogimedence.hu\/#organization"},"potentialAction":[{"@type":"SearchAction","target":{"@type":"EntryPoint","urlTemplate":"https:\/\/dorogimedence.hu\/?s={search_term_string}"},"query-input":{"@type":"PropertyValueSpecification","valueRequired":true,"valueName":"search_term_string"}}],"inLanguage":"hu"},{"@type":"Organization","@id":"https:\/\/dorogimedence.hu\/#organization","name":"Dorogi-medence Region\u00e1lis H\u00edrport\u00e1l","url":"https:\/\/dorogimedence.hu\/","logo":{"@type":"ImageObject","inLanguage":"hu","@id":"https:\/\/dorogimedence.hu\/#\/schema\/logo\/image\/","url":"https:\/\/dorogimedence.hu\/wp-content\/uploads\/2021\/04\/logo-feher-600.png","contentUrl":"https:\/\/dorogimedence.hu\/wp-content\/uploads\/2021\/04\/logo-feher-600.png","width":600,"height":100,"caption":"Dorogi-medence Region\u00e1lis H\u00edrport\u00e1l"},"image":{"@id":"https:\/\/dorogimedence.hu\/#\/schema\/logo\/image\/"},"sameAs":["https:\/\/www.facebook.com\/dorogimedence\/"]},{"@type":"Person","@id":"https:\/\/dorogimedence.hu\/#\/schema\/person\/ce6091eeb7e95ecdc87890d6aa8e0fd4","name":"dorogimedence.hu","image":{"@type":"ImageObject","inLanguage":"hu","@id":"\/\/www.gravatar.com\/avatar\/d8d45f8901aadff40a4af72c0b826f1d?s=96&#038;r=g&#038;d=mm","url":"\/\/www.gravatar.com\/avatar\/d8d45f8901aadff40a4af72c0b826f1d?s=96&#038;r=g&#038;d=mm","contentUrl":"\/\/www.gravatar.com\/avatar\/d8d45f8901aadff40a4af72c0b826f1d?s=96&#038;r=g&#038;d=mm","caption":"dorogimedence.hu"}}]}},"_links":{"self":[{"href":"https:\/\/dorogimedence.hu\/index.php\/wp-json\/wp\/v2\/posts\/38481","targetHints":{"allow":["GET"]}}],"collection":[{"href":"https:\/\/dorogimedence.hu\/index.php\/wp-json\/wp\/v2\/posts"}],"about":[{"href":"https:\/\/dorogimedence.hu\/index.php\/wp-json\/wp\/v2\/types\/post"}],"author":[{"embeddable":true,"href":"https:\/\/dorogimedence.hu\/index.php\/wp-json\/wp\/v2\/users\/1"}],"replies":[{"embeddable":true,"href":"https:\/\/dorogimedence.hu\/index.php\/wp-json\/wp\/v2\/comments?post=38481"}],"version-history":[{"count":0,"href":"https:\/\/dorogimedence.hu\/index.php\/wp-json\/wp\/v2\/posts\/38481\/revisions"}],"wp:featuredmedia":[{"embeddable":true,"href":"https:\/\/dorogimedence.hu\/index.php\/wp-json\/wp\/v2\/media\/31017"}],"wp:attachment":[{"href":"https:\/\/dorogimedence.hu\/index.php\/wp-json\/wp\/v2\/media?parent=38481"}],"wp:term":[{"taxonomy":"category","embeddable":true,"href":"https:\/\/dorogimedence.hu\/index.php\/wp-json\/wp\/v2\/categories?post=38481"},{"taxonomy":"post_tag","embeddable":true,"href":"https:\/\/dorogimedence.hu\/index.php\/wp-json\/wp\/v2\/tags?post=38481"}],"curies":[{"name":"wp","href":"https:\/\/api.w.org\/{rel}","templated":true}]}}