{"id":38455,"date":"2021-11-11T14:29:04","date_gmt":"2021-11-11T13:29:04","guid":{"rendered":"https:\/\/dorogimedence.hu\/?p=38455"},"modified":"2021-11-11T14:29:28","modified_gmt":"2021-11-11T13:29:28","slug":"atmenetileg-zarva-tart-az-esztergomi-konyvtar","status":"publish","type":"post","link":"https:\/\/dorogimedence.hu\/index.php\/2021\/11\/11\/atmenetileg-zarva-tart-az-esztergomi-konyvtar\/","title":{"rendered":"\u00c1tmenetileg z\u00e1rva tart az esztergomi k\u00f6nyvt\u00e1r"},"content":{"rendered":"<p><strong>Fel\u00faj\u00edt\u00e1si munk\u00e1latok miatt bez\u00e1rt az esztergomi k\u00f6nyvt\u00e1r. El\u0151rel\u00e1that\u00f3an november v\u00e9g\u00e9n, vagy december elej\u00e9n fogadhatnak ism\u00e9t olvas\u00f3kat.<\/strong><\/p>\n<p>A Helischer J\u00f3zsef V\u00e1rosi K\u00f6nyvt\u00e1r f\u0171t\u00e9si rendszer\u00e9t \u00e9s ny\u00edl\u00e1sz\u00e1r\u00f3it a k\u00f6vetkez\u0151 hetekben, h\u00f3napokban \u00faj\u00edtj\u00e1k. M\u00edg a j\u00e1rv\u00e1ny alatt lehet\u0151s\u00e9g ny\u00edlt az olvas\u00f3k kiszolg\u00e1l\u00e1s\u00e1ra \u2013 m\u00e9g ha h\u00e1zhoz sz\u00e1ll\u00edt\u00e1ssal vagy \u00e9ppen ajt\u00f3n kereszt\u00fcl t\u00f6rt\u00e9n\u0151 \u00e1tad\u00e1ssal is \u2013 most erre sajnos nincsen lehet\u0151s\u00e9g \u2013 tudtuk meg Schm\u00f6ltz Margitt\u00f3l, a k\u00f6nyvt\u00e1r vezet\u0151j\u00e9t\u0151l.<\/p>\n<p>A k\u00f6nyv\u00e1llom\u00e1nyt \u00f3vni kell a port\u00f3l, v\u00edzt\u0151l, ez\u00e9rt a polcokat tet\u0151t\u0151l talpig becsomagolt\u00e1k, a berendez\u00e9st \u00e1trendezt\u00e9k, hogy a szakembereknek legyen elegend\u0151 munkater\u00fclete a szerel\u00e9shez.<\/p>\n<p>El\u0151rel\u00e1that\u00f3an t\u00f6bb bez\u00e1r\u00e1sra is sz\u00fcks\u00e9g lesz, az \u00e9ppen aktu\u00e1lis \u00e1llapotr\u00f3l \u00e9rdemes a k\u00f6nyvt\u00e1r <a href=\"http:\/\/www.vkesztergom.hu\/\" target=\"_blank\" rel=\"noopener\"><span style=\"text-decoration: underline; color: #0000ff;\">honlapj\u00e1n<\/span><\/a>, illetve <a href=\"https:\/\/www.facebook.com\/helischerkonyvtar\" target=\"_blank\" rel=\"noopener\"><span style=\"text-decoration: underline; color: #0000ff;\">Facebook oldal\u00e1n<\/span><\/a> t\u00e1j\u00e9koz\u00f3dni. Az olvas\u00f3knak ezen id\u0151szak alatt term\u00e9szetesen nem sz\u00e1m\u00edtanak fel k\u00e9sedelmi d\u00edjat. A meghirdetett programok java r\u00e9sze nem marad el, hanem a Kapcsolatok H\u00e1z\u00e1ba k\u00f6lt\u00f6zik \u2013 tette hozz\u00e1 Schm\u00f6ltz Margit.<\/p>\n<p><img fetchpriority=\"high\" decoding=\"async\" class=\"alignnone size-full wp-image-38457\" src=\"https:\/\/dorogimedence.hu\/wp-content\/uploads\/2021\/11\/konyvtar-02.jpg\" alt=\"\" width=\"720\" height=\"960\" srcset=\"https:\/\/dorogimedence.hu\/wp-content\/uploads\/2021\/11\/konyvtar-02.jpg 720w, https:\/\/dorogimedence.hu\/wp-content\/uploads\/2021\/11\/konyvtar-02-225x300.jpg 225w, https:\/\/dorogimedence.hu\/wp-content\/uploads\/2021\/11\/konyvtar-02-150x200.jpg 150w, https:\/\/dorogimedence.hu\/wp-content\/uploads\/2021\/11\/konyvtar-02-450x600.jpg 450w\" sizes=\"(max-width: 720px) 100vw, 720px\" \/><\/p>\n<p><img decoding=\"async\" class=\"alignnone size-full wp-image-38458\" src=\"https:\/\/dorogimedence.hu\/wp-content\/uploads\/2021\/11\/konyvtar-03.jpg\" alt=\"\" width=\"720\" height=\"730\" srcset=\"https:\/\/dorogimedence.hu\/wp-content\/uploads\/2021\/11\/konyvtar-03.jpg 720w, https:\/\/dorogimedence.hu\/wp-content\/uploads\/2021\/11\/konyvtar-03-296x300.jpg 296w, https:\/\/dorogimedence.hu\/wp-content\/uploads\/2021\/11\/konyvtar-03-150x152.jpg 150w, https:\/\/dorogimedence.hu\/wp-content\/uploads\/2021\/11\/konyvtar-03-450x456.jpg 450w\" sizes=\"(max-width: 720px) 100vw, 720px\" \/><\/p>\n","protected":false},"excerpt":{"rendered":"<p>Fel\u00faj\u00edt\u00e1si munk\u00e1latok miatt bez\u00e1rt az esztergomi k\u00f6nyvt\u00e1r. El\u0151rel\u00e1that\u00f3an november v\u00e9g\u00e9n, vagy december elej\u00e9n fogadhatnak ism\u00e9t olvas\u00f3kat. A Helischer J\u00f3zsef V\u00e1rosi K\u00f6nyvt\u00e1r f\u0171t\u00e9si rendszer\u00e9t \u00e9s ny\u00edl\u00e1sz\u00e1r\u00f3it a k\u00f6vetkez\u0151 hetekben, h\u00f3napokban \u00faj\u00edtj\u00e1k. M\u00edg a j\u00e1rv\u00e1ny alatt lehet\u0151s\u00e9g ny\u00edlt az olvas\u00f3k kiszolg\u00e1l\u00e1s\u00e1ra \u2013 m\u00e9g ha h\u00e1zhoz sz\u00e1ll\u00edt\u00e1ssal vagy \u00e9ppen ajt\u00f3n kereszt\u00fcl t\u00f6rt\u00e9n\u0151 \u00e1tad\u00e1ssal is \u2013 most erre sajnos<\/p>\n","protected":false},"author":1,"featured_media":38456,"comment_status":"closed","ping_status":"closed","sticky":false,"template":"","format":"standard","meta":{"ngg_post_thumbnail":0,"footnotes":""},"categories":[38,3],"tags":[42,1609,5624,144],"class_list":{"0":"post-38455","1":"post","2":"type-post","3":"status-publish","4":"format-standard","5":"has-post-thumbnail","7":"category-esztergom","8":"category-hirek","9":"tag-esztergom","10":"tag-esztergomi-konyvtar","11":"tag-featured","12":"tag-konyvtar"},"yoast_head":"<!-- This site is optimized with the Yoast SEO plugin v27.5 - https:\/\/yoast.com\/product\/yoast-seo-wordpress\/ -->\n<title>\u00c1tmenetileg z\u00e1rva tart az esztergomi k\u00f6nyvt\u00e1r<\/title>\n<meta name=\"robots\" content=\"index, follow, max-snippet:-1, max-image-preview:large, max-video-preview:-1\" \/>\n<link rel=\"canonical\" href=\"https:\/\/dorogimedence.hu\/index.php\/2021\/11\/11\/atmenetileg-zarva-tart-az-esztergomi-konyvtar\/\" class=\"yoast-seo-meta-tag\" \/>\n<meta property=\"og:locale\" content=\"hu_HU\" class=\"yoast-seo-meta-tag\" \/>\n<meta property=\"og:type\" content=\"article\" class=\"yoast-seo-meta-tag\" \/>\n<meta property=\"og:title\" content=\"\u00c1tmenetileg z\u00e1rva tart az esztergomi k\u00f6nyvt\u00e1r\" class=\"yoast-seo-meta-tag\" \/>\n<meta property=\"og:description\" content=\"Fel\u00faj\u00edt\u00e1si munk\u00e1latok miatt bez\u00e1rt az esztergomi k\u00f6nyvt\u00e1r. El\u0151rel\u00e1that\u00f3an november v\u00e9g\u00e9n, vagy december elej\u00e9n fogadhatnak ism\u00e9t olvas\u00f3kat. A Helischer J\u00f3zsef V\u00e1rosi K\u00f6nyvt\u00e1r f\u0171t\u00e9si rendszer\u00e9t \u00e9s ny\u00edl\u00e1sz\u00e1r\u00f3it a k\u00f6vetkez\u0151 hetekben, h\u00f3napokban \u00faj\u00edtj\u00e1k. M\u00edg a j\u00e1rv\u00e1ny alatt lehet\u0151s\u00e9g ny\u00edlt az olvas\u00f3k kiszolg\u00e1l\u00e1s\u00e1ra \u2013 m\u00e9g ha h\u00e1zhoz sz\u00e1ll\u00edt\u00e1ssal vagy \u00e9ppen ajt\u00f3n kereszt\u00fcl t\u00f6rt\u00e9n\u0151 \u00e1tad\u00e1ssal is \u2013 most erre sajnos\" class=\"yoast-seo-meta-tag\" \/>\n<meta property=\"og:url\" content=\"https:\/\/dorogimedence.hu\/index.php\/2021\/11\/11\/atmenetileg-zarva-tart-az-esztergomi-konyvtar\/\" class=\"yoast-seo-meta-tag\" \/>\n<meta property=\"og:site_name\" content=\"Dorogi-medence Region\u00e1lis H\u00edrport\u00e1l\" class=\"yoast-seo-meta-tag\" \/>\n<meta property=\"article:publisher\" content=\"https:\/\/www.facebook.com\/dorogimedence\/\" class=\"yoast-seo-meta-tag\" \/>\n<meta property=\"article:published_time\" content=\"2021-11-11T13:29:04+00:00\" class=\"yoast-seo-meta-tag\" \/>\n<meta property=\"article:modified_time\" content=\"2021-11-11T13:29:28+00:00\" class=\"yoast-seo-meta-tag\" \/>\n<meta property=\"og:image\" content=\"https:\/\/i0.wp.com\/dorogimedence.hu\/wp-content\/uploads\/2021\/11\/konyvtar-01.jpg?fit=720%2C456&ssl=1\" class=\"yoast-seo-meta-tag\" \/>\n\t<meta property=\"og:image:width\" content=\"720\" class=\"yoast-seo-meta-tag\" \/>\n\t<meta property=\"og:image:height\" content=\"456\" class=\"yoast-seo-meta-tag\" \/>\n\t<meta property=\"og:image:type\" content=\"image\/jpeg\" class=\"yoast-seo-meta-tag\" \/>\n<meta name=\"author\" content=\"dorogimedence.hu\" class=\"yoast-seo-meta-tag\" \/>\n<meta name=\"twitter:card\" content=\"summary_large_image\" class=\"yoast-seo-meta-tag\" \/>\n<meta name=\"twitter:label1\" content=\"Szerz\u0151:\" class=\"yoast-seo-meta-tag\" \/>\n\t<meta name=\"twitter:data1\" content=\"dorogimedence.hu\" class=\"yoast-seo-meta-tag\" \/>\n\t<meta name=\"twitter:label2\" content=\"Becs\u00fclt olvas\u00e1si id\u0151\" class=\"yoast-seo-meta-tag\" \/>\n\t<meta name=\"twitter:data2\" content=\"1 perc\" class=\"yoast-seo-meta-tag\" \/>\n<script type=\"application\/ld+json\" class=\"yoast-schema-graph\">{\"@context\":\"https:\\\/\\\/schema.org\",\"@graph\":[{\"@type\":\"Article\",\"@id\":\"https:\\\/\\\/dorogimedence.hu\\\/index.php\\\/2021\\\/11\\\/11\\\/atmenetileg-zarva-tart-az-esztergomi-konyvtar\\\/#article\",\"isPartOf\":{\"@id\":\"https:\\\/\\\/dorogimedence.hu\\\/index.php\\\/2021\\\/11\\\/11\\\/atmenetileg-zarva-tart-az-esztergomi-konyvtar\\\/\"},\"author\":{\"name\":\"dorogimedence.hu\",\"@id\":\"https:\\\/\\\/dorogimedence.hu\\\/#\\\/schema\\\/person\\\/ce6091eeb7e95ecdc87890d6aa8e0fd4\"},\"headline\":\"\u00c1tmenetileg z\u00e1rva tart az esztergomi k\u00f6nyvt\u00e1r\",\"datePublished\":\"2021-11-11T13:29:04+00:00\",\"dateModified\":\"2021-11-11T13:29:28+00:00\",\"mainEntityOfPage\":{\"@id\":\"https:\\\/\\\/dorogimedence.hu\\\/index.php\\\/2021\\\/11\\\/11\\\/atmenetileg-zarva-tart-az-esztergomi-konyvtar\\\/\"},\"wordCount\":244,\"publisher\":{\"@id\":\"https:\\\/\\\/dorogimedence.hu\\\/#organization\"},\"image\":{\"@id\":\"https:\\\/\\\/dorogimedence.hu\\\/index.php\\\/2021\\\/11\\\/11\\\/atmenetileg-zarva-tart-az-esztergomi-konyvtar\\\/#primaryimage\"},\"thumbnailUrl\":\"https:\\\/\\\/dorogimedence.hu\\\/wp-content\\\/uploads\\\/2021\\\/11\\\/konyvtar-01.jpg\",\"keywords\":[\"esztergom\",\"esztergomi k\u00f6nyvt\u00e1r\",\"featured\",\"k\u00f6nyvt\u00e1r\"],\"articleSection\":[\"Esztergom\",\"H\u00edrek\"],\"inLanguage\":\"hu\"},{\"@type\":\"WebPage\",\"@id\":\"https:\\\/\\\/dorogimedence.hu\\\/index.php\\\/2021\\\/11\\\/11\\\/atmenetileg-zarva-tart-az-esztergomi-konyvtar\\\/\",\"url\":\"https:\\\/\\\/dorogimedence.hu\\\/index.php\\\/2021\\\/11\\\/11\\\/atmenetileg-zarva-tart-az-esztergomi-konyvtar\\\/\",\"name\":\"\u00c1tmenetileg z\u00e1rva tart az esztergomi k\u00f6nyvt\u00e1r\",\"isPartOf\":{\"@id\":\"https:\\\/\\\/dorogimedence.hu\\\/#website\"},\"primaryImageOfPage\":{\"@id\":\"https:\\\/\\\/dorogimedence.hu\\\/index.php\\\/2021\\\/11\\\/11\\\/atmenetileg-zarva-tart-az-esztergomi-konyvtar\\\/#primaryimage\"},\"image\":{\"@id\":\"https:\\\/\\\/dorogimedence.hu\\\/index.php\\\/2021\\\/11\\\/11\\\/atmenetileg-zarva-tart-az-esztergomi-konyvtar\\\/#primaryimage\"},\"thumbnailUrl\":\"https:\\\/\\\/dorogimedence.hu\\\/wp-content\\\/uploads\\\/2021\\\/11\\\/konyvtar-01.jpg\",\"datePublished\":\"2021-11-11T13:29:04+00:00\",\"dateModified\":\"2021-11-11T13:29:28+00:00\",\"breadcrumb\":{\"@id\":\"https:\\\/\\\/dorogimedence.hu\\\/index.php\\\/2021\\\/11\\\/11\\\/atmenetileg-zarva-tart-az-esztergomi-konyvtar\\\/#breadcrumb\"},\"inLanguage\":\"hu\",\"potentialAction\":[{\"@type\":\"ReadAction\",\"target\":[\"https:\\\/\\\/dorogimedence.hu\\\/index.php\\\/2021\\\/11\\\/11\\\/atmenetileg-zarva-tart-az-esztergomi-konyvtar\\\/\"]}]},{\"@type\":\"ImageObject\",\"inLanguage\":\"hu\",\"@id\":\"https:\\\/\\\/dorogimedence.hu\\\/index.php\\\/2021\\\/11\\\/11\\\/atmenetileg-zarva-tart-az-esztergomi-konyvtar\\\/#primaryimage\",\"url\":\"https:\\\/\\\/dorogimedence.hu\\\/wp-content\\\/uploads\\\/2021\\\/11\\\/konyvtar-01.jpg\",\"contentUrl\":\"https:\\\/\\\/dorogimedence.hu\\\/wp-content\\\/uploads\\\/2021\\\/11\\\/konyvtar-01.jpg\",\"width\":720,\"height\":456},{\"@type\":\"BreadcrumbList\",\"@id\":\"https:\\\/\\\/dorogimedence.hu\\\/index.php\\\/2021\\\/11\\\/11\\\/atmenetileg-zarva-tart-az-esztergomi-konyvtar\\\/#breadcrumb\",\"itemListElement\":[{\"@type\":\"ListItem\",\"position\":1,\"name\":\"Kezd\u0151lap\",\"item\":\"https:\\\/\\\/dorogimedence.hu\\\/\"},{\"@type\":\"ListItem\",\"position\":2,\"name\":\"\u00c1tmenetileg z\u00e1rva tart az esztergomi k\u00f6nyvt\u00e1r\"}]},{\"@type\":\"WebSite\",\"@id\":\"https:\\\/\\\/dorogimedence.hu\\\/#website\",\"url\":\"https:\\\/\\\/dorogimedence.hu\\\/\",\"name\":\"Dorogi-medence Region\u00e1lis H\u00edrport\u00e1l\",\"description\":\"Dorog, Keszt\u00f6lc, Le\u00e1nyv\u00e1r, Piliscs\u00e9v, Tokod, Tokodalt\u00e1r\u00f3, Csolnok, Esztergom-kertv\u00e1ros: h\u00edrek, programok\",\"publisher\":{\"@id\":\"https:\\\/\\\/dorogimedence.hu\\\/#organization\"},\"potentialAction\":[{\"@type\":\"SearchAction\",\"target\":{\"@type\":\"EntryPoint\",\"urlTemplate\":\"https:\\\/\\\/dorogimedence.hu\\\/?s={search_term_string}\"},\"query-input\":{\"@type\":\"PropertyValueSpecification\",\"valueRequired\":true,\"valueName\":\"search_term_string\"}}],\"inLanguage\":\"hu\"},{\"@type\":\"Organization\",\"@id\":\"https:\\\/\\\/dorogimedence.hu\\\/#organization\",\"name\":\"Dorogi-medence Region\u00e1lis H\u00edrport\u00e1l\",\"url\":\"https:\\\/\\\/dorogimedence.hu\\\/\",\"logo\":{\"@type\":\"ImageObject\",\"inLanguage\":\"hu\",\"@id\":\"https:\\\/\\\/dorogimedence.hu\\\/#\\\/schema\\\/logo\\\/image\\\/\",\"url\":\"https:\\\/\\\/dorogimedence.hu\\\/wp-content\\\/uploads\\\/2021\\\/04\\\/logo-feher-600.png\",\"contentUrl\":\"https:\\\/\\\/dorogimedence.hu\\\/wp-content\\\/uploads\\\/2021\\\/04\\\/logo-feher-600.png\",\"width\":600,\"height\":100,\"caption\":\"Dorogi-medence Region\u00e1lis H\u00edrport\u00e1l\"},\"image\":{\"@id\":\"https:\\\/\\\/dorogimedence.hu\\\/#\\\/schema\\\/logo\\\/image\\\/\"},\"sameAs\":[\"https:\\\/\\\/www.facebook.com\\\/dorogimedence\\\/\"]},{\"@type\":\"Person\",\"@id\":\"https:\\\/\\\/dorogimedence.hu\\\/#\\\/schema\\\/person\\\/ce6091eeb7e95ecdc87890d6aa8e0fd4\",\"name\":\"dorogimedence.hu\",\"image\":{\"@type\":\"ImageObject\",\"inLanguage\":\"hu\",\"@id\":\"\\\/\\\/www.gravatar.com\\\/avatar\\\/d8d45f8901aadff40a4af72c0b826f1d?s=96&#038;r=g&#038;d=mm\",\"url\":\"\\\/\\\/www.gravatar.com\\\/avatar\\\/d8d45f8901aadff40a4af72c0b826f1d?s=96&#038;r=g&#038;d=mm\",\"contentUrl\":\"\\\/\\\/www.gravatar.com\\\/avatar\\\/d8d45f8901aadff40a4af72c0b826f1d?s=96&#038;r=g&#038;d=mm\",\"caption\":\"dorogimedence.hu\"}}]}<\/script>\n<!-- \/ Yoast SEO plugin. -->","yoast_head_json":{"title":"\u00c1tmenetileg z\u00e1rva tart az esztergomi k\u00f6nyvt\u00e1r","robots":{"index":"index","follow":"follow","max-snippet":"max-snippet:-1","max-image-preview":"max-image-preview:large","max-video-preview":"max-video-preview:-1"},"canonical":"https:\/\/dorogimedence.hu\/index.php\/2021\/11\/11\/atmenetileg-zarva-tart-az-esztergomi-konyvtar\/","og_locale":"hu_HU","og_type":"article","og_title":"\u00c1tmenetileg z\u00e1rva tart az esztergomi k\u00f6nyvt\u00e1r","og_description":"Fel\u00faj\u00edt\u00e1si munk\u00e1latok miatt bez\u00e1rt az esztergomi k\u00f6nyvt\u00e1r. El\u0151rel\u00e1that\u00f3an november v\u00e9g\u00e9n, vagy december elej\u00e9n fogadhatnak ism\u00e9t olvas\u00f3kat. A Helischer J\u00f3zsef V\u00e1rosi K\u00f6nyvt\u00e1r f\u0171t\u00e9si rendszer\u00e9t \u00e9s ny\u00edl\u00e1sz\u00e1r\u00f3it a k\u00f6vetkez\u0151 hetekben, h\u00f3napokban \u00faj\u00edtj\u00e1k. M\u00edg a j\u00e1rv\u00e1ny alatt lehet\u0151s\u00e9g ny\u00edlt az olvas\u00f3k kiszolg\u00e1l\u00e1s\u00e1ra \u2013 m\u00e9g ha h\u00e1zhoz sz\u00e1ll\u00edt\u00e1ssal vagy \u00e9ppen ajt\u00f3n kereszt\u00fcl t\u00f6rt\u00e9n\u0151 \u00e1tad\u00e1ssal is \u2013 most erre sajnos","og_url":"https:\/\/dorogimedence.hu\/index.php\/2021\/11\/11\/atmenetileg-zarva-tart-az-esztergomi-konyvtar\/","og_site_name":"Dorogi-medence Region\u00e1lis H\u00edrport\u00e1l","article_publisher":"https:\/\/www.facebook.com\/dorogimedence\/","article_published_time":"2021-11-11T13:29:04+00:00","article_modified_time":"2021-11-11T13:29:28+00:00","og_image":[{"width":720,"height":456,"url":"https:\/\/i0.wp.com\/dorogimedence.hu\/wp-content\/uploads\/2021\/11\/konyvtar-01.jpg?fit=720%2C456&ssl=1","type":"image\/jpeg"}],"author":"dorogimedence.hu","twitter_card":"summary_large_image","twitter_misc":{"Szerz\u0151:":"dorogimedence.hu","Becs\u00fclt olvas\u00e1si id\u0151":"1 perc"},"schema":{"@context":"https:\/\/schema.org","@graph":[{"@type":"Article","@id":"https:\/\/dorogimedence.hu\/index.php\/2021\/11\/11\/atmenetileg-zarva-tart-az-esztergomi-konyvtar\/#article","isPartOf":{"@id":"https:\/\/dorogimedence.hu\/index.php\/2021\/11\/11\/atmenetileg-zarva-tart-az-esztergomi-konyvtar\/"},"author":{"name":"dorogimedence.hu","@id":"https:\/\/dorogimedence.hu\/#\/schema\/person\/ce6091eeb7e95ecdc87890d6aa8e0fd4"},"headline":"\u00c1tmenetileg z\u00e1rva tart az esztergomi k\u00f6nyvt\u00e1r","datePublished":"2021-11-11T13:29:04+00:00","dateModified":"2021-11-11T13:29:28+00:00","mainEntityOfPage":{"@id":"https:\/\/dorogimedence.hu\/index.php\/2021\/11\/11\/atmenetileg-zarva-tart-az-esztergomi-konyvtar\/"},"wordCount":244,"publisher":{"@id":"https:\/\/dorogimedence.hu\/#organization"},"image":{"@id":"https:\/\/dorogimedence.hu\/index.php\/2021\/11\/11\/atmenetileg-zarva-tart-az-esztergomi-konyvtar\/#primaryimage"},"thumbnailUrl":"https:\/\/dorogimedence.hu\/wp-content\/uploads\/2021\/11\/konyvtar-01.jpg","keywords":["esztergom","esztergomi k\u00f6nyvt\u00e1r","featured","k\u00f6nyvt\u00e1r"],"articleSection":["Esztergom","H\u00edrek"],"inLanguage":"hu"},{"@type":"WebPage","@id":"https:\/\/dorogimedence.hu\/index.php\/2021\/11\/11\/atmenetileg-zarva-tart-az-esztergomi-konyvtar\/","url":"https:\/\/dorogimedence.hu\/index.php\/2021\/11\/11\/atmenetileg-zarva-tart-az-esztergomi-konyvtar\/","name":"\u00c1tmenetileg z\u00e1rva tart az esztergomi k\u00f6nyvt\u00e1r","isPartOf":{"@id":"https:\/\/dorogimedence.hu\/#website"},"primaryImageOfPage":{"@id":"https:\/\/dorogimedence.hu\/index.php\/2021\/11\/11\/atmenetileg-zarva-tart-az-esztergomi-konyvtar\/#primaryimage"},"image":{"@id":"https:\/\/dorogimedence.hu\/index.php\/2021\/11\/11\/atmenetileg-zarva-tart-az-esztergomi-konyvtar\/#primaryimage"},"thumbnailUrl":"https:\/\/dorogimedence.hu\/wp-content\/uploads\/2021\/11\/konyvtar-01.jpg","datePublished":"2021-11-11T13:29:04+00:00","dateModified":"2021-11-11T13:29:28+00:00","breadcrumb":{"@id":"https:\/\/dorogimedence.hu\/index.php\/2021\/11\/11\/atmenetileg-zarva-tart-az-esztergomi-konyvtar\/#breadcrumb"},"inLanguage":"hu","potentialAction":[{"@type":"ReadAction","target":["https:\/\/dorogimedence.hu\/index.php\/2021\/11\/11\/atmenetileg-zarva-tart-az-esztergomi-konyvtar\/"]}]},{"@type":"ImageObject","inLanguage":"hu","@id":"https:\/\/dorogimedence.hu\/index.php\/2021\/11\/11\/atmenetileg-zarva-tart-az-esztergomi-konyvtar\/#primaryimage","url":"https:\/\/dorogimedence.hu\/wp-content\/uploads\/2021\/11\/konyvtar-01.jpg","contentUrl":"https:\/\/dorogimedence.hu\/wp-content\/uploads\/2021\/11\/konyvtar-01.jpg","width":720,"height":456},{"@type":"BreadcrumbList","@id":"https:\/\/dorogimedence.hu\/index.php\/2021\/11\/11\/atmenetileg-zarva-tart-az-esztergomi-konyvtar\/#breadcrumb","itemListElement":[{"@type":"ListItem","position":1,"name":"Kezd\u0151lap","item":"https:\/\/dorogimedence.hu\/"},{"@type":"ListItem","position":2,"name":"\u00c1tmenetileg z\u00e1rva tart az esztergomi k\u00f6nyvt\u00e1r"}]},{"@type":"WebSite","@id":"https:\/\/dorogimedence.hu\/#website","url":"https:\/\/dorogimedence.hu\/","name":"Dorogi-medence Region\u00e1lis H\u00edrport\u00e1l","description":"Dorog, Keszt\u00f6lc, Le\u00e1nyv\u00e1r, Piliscs\u00e9v, Tokod, Tokodalt\u00e1r\u00f3, Csolnok, Esztergom-kertv\u00e1ros: h\u00edrek, programok","publisher":{"@id":"https:\/\/dorogimedence.hu\/#organization"},"potentialAction":[{"@type":"SearchAction","target":{"@type":"EntryPoint","urlTemplate":"https:\/\/dorogimedence.hu\/?s={search_term_string}"},"query-input":{"@type":"PropertyValueSpecification","valueRequired":true,"valueName":"search_term_string"}}],"inLanguage":"hu"},{"@type":"Organization","@id":"https:\/\/dorogimedence.hu\/#organization","name":"Dorogi-medence Region\u00e1lis H\u00edrport\u00e1l","url":"https:\/\/dorogimedence.hu\/","logo":{"@type":"ImageObject","inLanguage":"hu","@id":"https:\/\/dorogimedence.hu\/#\/schema\/logo\/image\/","url":"https:\/\/dorogimedence.hu\/wp-content\/uploads\/2021\/04\/logo-feher-600.png","contentUrl":"https:\/\/dorogimedence.hu\/wp-content\/uploads\/2021\/04\/logo-feher-600.png","width":600,"height":100,"caption":"Dorogi-medence Region\u00e1lis H\u00edrport\u00e1l"},"image":{"@id":"https:\/\/dorogimedence.hu\/#\/schema\/logo\/image\/"},"sameAs":["https:\/\/www.facebook.com\/dorogimedence\/"]},{"@type":"Person","@id":"https:\/\/dorogimedence.hu\/#\/schema\/person\/ce6091eeb7e95ecdc87890d6aa8e0fd4","name":"dorogimedence.hu","image":{"@type":"ImageObject","inLanguage":"hu","@id":"\/\/www.gravatar.com\/avatar\/d8d45f8901aadff40a4af72c0b826f1d?s=96&#038;r=g&#038;d=mm","url":"\/\/www.gravatar.com\/avatar\/d8d45f8901aadff40a4af72c0b826f1d?s=96&#038;r=g&#038;d=mm","contentUrl":"\/\/www.gravatar.com\/avatar\/d8d45f8901aadff40a4af72c0b826f1d?s=96&#038;r=g&#038;d=mm","caption":"dorogimedence.hu"}}]}},"_links":{"self":[{"href":"https:\/\/dorogimedence.hu\/index.php\/wp-json\/wp\/v2\/posts\/38455","targetHints":{"allow":["GET"]}}],"collection":[{"href":"https:\/\/dorogimedence.hu\/index.php\/wp-json\/wp\/v2\/posts"}],"about":[{"href":"https:\/\/dorogimedence.hu\/index.php\/wp-json\/wp\/v2\/types\/post"}],"author":[{"embeddable":true,"href":"https:\/\/dorogimedence.hu\/index.php\/wp-json\/wp\/v2\/users\/1"}],"replies":[{"embeddable":true,"href":"https:\/\/dorogimedence.hu\/index.php\/wp-json\/wp\/v2\/comments?post=38455"}],"version-history":[{"count":0,"href":"https:\/\/dorogimedence.hu\/index.php\/wp-json\/wp\/v2\/posts\/38455\/revisions"}],"wp:featuredmedia":[{"embeddable":true,"href":"https:\/\/dorogimedence.hu\/index.php\/wp-json\/wp\/v2\/media\/38456"}],"wp:attachment":[{"href":"https:\/\/dorogimedence.hu\/index.php\/wp-json\/wp\/v2\/media?parent=38455"}],"wp:term":[{"taxonomy":"category","embeddable":true,"href":"https:\/\/dorogimedence.hu\/index.php\/wp-json\/wp\/v2\/categories?post=38455"},{"taxonomy":"post_tag","embeddable":true,"href":"https:\/\/dorogimedence.hu\/index.php\/wp-json\/wp\/v2\/tags?post=38455"}],"curies":[{"name":"wp","href":"https:\/\/api.w.org\/{rel}","templated":true}]}}