{"id":38445,"date":"2021-11-11T11:53:46","date_gmt":"2021-11-11T10:53:46","guid":{"rendered":"https:\/\/dorogimedence.hu\/?p=38445"},"modified":"2021-11-11T11:53:51","modified_gmt":"2021-11-11T10:53:51","slug":"remek-kepek-erkeztek-a-bajnai-fotopalyazatra","status":"publish","type":"post","link":"https:\/\/dorogimedence.hu\/index.php\/2021\/11\/11\/remek-kepek-erkeztek-a-bajnai-fotopalyazatra\/","title":{"rendered":"Remek k\u00e9pek \u00e9rkeztek a bajnai fot\u00f3p\u00e1ly\u00e1zatra"},"content":{"rendered":"<p><strong>Az idei \u00e9vben is meghirdette Bajna K\u00f6zs\u00e9g \u00d6nkorm\u00e1nyzata \u00e9s K\u00f6zs\u00e9gi K\u00f6nyvt\u00e1ra a m\u00e1r hagyom\u00e1nny\u00e1 v\u00e1lt Fot\u00f3p\u00e1ly\u00e1zat\u00e1t Megy\u00e9nk kincsei c\u00edmmel.<\/strong><\/p>\n<p>Ebben az \u00e9vben olyan k\u00e9peket v\u00e1rtak a szervez\u0151k a p\u00e1ly\u00e1z\u00f3kt\u00f3l, amiken Kom\u00e1rom- Esztergom megye term\u00e9szeti kincseit, az emberi tev\u00e9kenys\u00e9g \u00e1ltal l\u00e9trehozott term\u00e9szeti, t\u00f6rt\u00e9nelmi, kult\u00fart\u00f6rt\u00e9neti, tudom\u00e1nyos vagy eszt\u00e9tikai jelent\u0151s\u00e9g\u0171 t\u00e1jalkot\u00f3 elemeit jelen\u00edtik meg.<\/p>\n<p>A p\u00e1ly\u00e1zatra sok sz\u00ednvonalas munka \u00e9rkezett, nemcsak bajnai amat\u0151r fot\u00f3sokt\u00f3l, hanem a k\u00f6rny\u00e9kbeli telep\u00fcl\u00e9seken \u00e9l\u0151 f\u00e9nyk\u00e9pez\u00e9s ir\u00e1nt \u00e9rdekl\u0151d\u0151kt\u0151l is. A p\u00e1ly\u00e1zat elb\u00edr\u00e1l\u00e1s\u00e1ra az \u00d6nkorm\u00e1nyzat Edelmayer Zsoltot, a Nemzeti M\u0171vel\u0151d\u00e9si Int\u00e9zet munkat\u00e1rs\u00e1t k\u00e9rte fel, aki Tatab\u00e1ny\u00e1n \u00e9s Tat\u00e1n t\u00f6bb fot\u00f3tanfolyamot is vezetett m\u00e1r. A XIV. \u0150szi t\u00e1rlat\/ Hallgat a m\u00e9ly fot\u00f3p\u00e1ly\u00e1zatra beadott nyertes fot\u00f3i megtekinthet\u0151k a tatab\u00e1nyai Kort\u00e1rs Gal\u00e9ri\u00e1ban.<\/p>\n<p><strong>Az els\u0151 helyen v\u00e9gzett Somogyi-T\u00f3th G\u00e1bor a bajnai Paskomr\u00f3l k\u00e9sz\u00edtett k\u00e9p\u00e9vel. M\u00e1sodik helyezett lett Horv\u00e1th Zs\u00f3fia, a harmadik helyezett pedig a tavalyi p\u00e1ly\u00e1zat nyertese, Lov\u00e1sz Zolt\u00e1n lett. Kecsk\u00e9s Lilla fot\u00f3it k\u00fcl\u00f6nd\u00edjjal jutalmazta a zs\u0171ri.<\/strong> A nyertesek \u00e9rt\u00e9kes, n\u00e9vre sz\u00f3l\u00f3 aj\u00e1nd\u00e9kokat kaptak. Lernyei Krisztina, Szil\u00e1gyi Bence, V\u00e1radi Vivien Eszter \u00e9s Vincze Erika p\u00e1ly\u00e1zatuk\u00e9rt szint\u00e9n jutalomban r\u00e9szes\u00fcltek. Somogyi-T\u00f3th G\u00e1bor pedig \u00e1tvehette Lov\u00e1sz Zolt\u00e1nt\u00f3l a v\u00e1ndorkup\u00e1t. A d\u00edjakat Edelmayer Zsolt a p\u00e1ly\u00e1zat elb\u00edr\u00e1l\u00f3ja, Pallagi Tibor polg\u00e1rmester \u00far \u00e9s P\u00f3sa Andrea k\u00f6nyvt\u00e1ros, m\u0171vel\u0151d\u00e9sszervez\u0151 adta \u00e1t.<\/p>\n<p><img fetchpriority=\"high\" decoding=\"async\" class=\"alignnone size-large wp-image-38447\" src=\"https:\/\/dorogimedence.hu\/wp-content\/uploads\/2021\/11\/somogyi-toth-gabor-1024x577.jpg\" alt=\"\" width=\"755\" height=\"425\" srcset=\"https:\/\/dorogimedence.hu\/wp-content\/uploads\/2021\/11\/somogyi-toth-gabor-1024x577.jpg 1024w, https:\/\/dorogimedence.hu\/wp-content\/uploads\/2021\/11\/somogyi-toth-gabor-300x169.jpg 300w, https:\/\/dorogimedence.hu\/wp-content\/uploads\/2021\/11\/somogyi-toth-gabor-768x433.jpg 768w, https:\/\/dorogimedence.hu\/wp-content\/uploads\/2021\/11\/somogyi-toth-gabor-1536x865.jpg 1536w, https:\/\/dorogimedence.hu\/wp-content\/uploads\/2021\/11\/somogyi-toth-gabor-150x84.jpg 150w, https:\/\/dorogimedence.hu\/wp-content\/uploads\/2021\/11\/somogyi-toth-gabor-450x253.jpg 450w, https:\/\/dorogimedence.hu\/wp-content\/uploads\/2021\/11\/somogyi-toth-gabor-1200x676.jpg 1200w, https:\/\/dorogimedence.hu\/wp-content\/uploads\/2021\/11\/somogyi-toth-gabor.jpg 1875w\" sizes=\"(max-width: 755px) 100vw, 755px\" \/><\/p>\n<p style=\"text-align: center;\"><em>1. helyezett (Somogyi T\u00f3th G\u00e1bor fot\u00f3ja)<\/em><\/p>\n<p><img decoding=\"async\" class=\"alignnone size-large wp-image-38448\" src=\"https:\/\/dorogimedence.hu\/wp-content\/uploads\/2021\/11\/horvath-zsofia-768x1024.jpg\" alt=\"\" width=\"755\" height=\"1007\" srcset=\"https:\/\/dorogimedence.hu\/wp-content\/uploads\/2021\/11\/horvath-zsofia-768x1024.jpg 768w, https:\/\/dorogimedence.hu\/wp-content\/uploads\/2021\/11\/horvath-zsofia-225x300.jpg 225w, https:\/\/dorogimedence.hu\/wp-content\/uploads\/2021\/11\/horvath-zsofia-1152x1536.jpg 1152w, https:\/\/dorogimedence.hu\/wp-content\/uploads\/2021\/11\/horvath-zsofia-150x200.jpg 150w, https:\/\/dorogimedence.hu\/wp-content\/uploads\/2021\/11\/horvath-zsofia-450x600.jpg 450w, https:\/\/dorogimedence.hu\/wp-content\/uploads\/2021\/11\/horvath-zsofia-1200x1600.jpg 1200w, https:\/\/dorogimedence.hu\/wp-content\/uploads\/2021\/11\/horvath-zsofia.jpg 1500w\" sizes=\"(max-width: 755px) 100vw, 755px\" \/><\/p>\n<p style=\"text-align: center;\"><em>2. helyezett (Horv\u00e1th Zs\u00f3fia fot\u00f3ja)<\/em><\/p>\n<p><img decoding=\"async\" class=\"alignnone size-large wp-image-38449\" src=\"https:\/\/dorogimedence.hu\/wp-content\/uploads\/2021\/11\/lovasz-zoltan-702x1024.jpg\" alt=\"\" width=\"702\" height=\"1024\" srcset=\"https:\/\/dorogimedence.hu\/wp-content\/uploads\/2021\/11\/lovasz-zoltan-702x1024.jpg 702w, https:\/\/dorogimedence.hu\/wp-content\/uploads\/2021\/11\/lovasz-zoltan-206x300.jpg 206w, https:\/\/dorogimedence.hu\/wp-content\/uploads\/2021\/11\/lovasz-zoltan-768x1120.jpg 768w, https:\/\/dorogimedence.hu\/wp-content\/uploads\/2021\/11\/lovasz-zoltan-1053x1536.jpg 1053w, https:\/\/dorogimedence.hu\/wp-content\/uploads\/2021\/11\/lovasz-zoltan-150x219.jpg 150w, https:\/\/dorogimedence.hu\/wp-content\/uploads\/2021\/11\/lovasz-zoltan-450x657.jpg 450w, https:\/\/dorogimedence.hu\/wp-content\/uploads\/2021\/11\/lovasz-zoltan-1200x1751.jpg 1200w, https:\/\/dorogimedence.hu\/wp-content\/uploads\/2021\/11\/lovasz-zoltan.jpg 1353w\" sizes=\"(max-width: 702px) 100vw, 702px\" \/><\/p>\n<p style=\"text-align: center;\"><em>3. helyezett (Lov\u00e1sz Zolt\u00e1n fot\u00f3ja)<\/em><\/p>\n<p><img loading=\"lazy\" decoding=\"async\" class=\"alignnone size-large wp-image-38450\" src=\"https:\/\/dorogimedence.hu\/wp-content\/uploads\/2021\/11\/kecskes-lilla-683x1024.jpg\" alt=\"\" width=\"683\" height=\"1024\" srcset=\"https:\/\/dorogimedence.hu\/wp-content\/uploads\/2021\/11\/kecskes-lilla-683x1024.jpg 683w, https:\/\/dorogimedence.hu\/wp-content\/uploads\/2021\/11\/kecskes-lilla-200x300.jpg 200w, https:\/\/dorogimedence.hu\/wp-content\/uploads\/2021\/11\/kecskes-lilla-768x1151.jpg 768w, https:\/\/dorogimedence.hu\/wp-content\/uploads\/2021\/11\/kecskes-lilla-1025x1536.jpg 1025w, https:\/\/dorogimedence.hu\/wp-content\/uploads\/2021\/11\/kecskes-lilla-150x225.jpg 150w, https:\/\/dorogimedence.hu\/wp-content\/uploads\/2021\/11\/kecskes-lilla-450x675.jpg 450w, https:\/\/dorogimedence.hu\/wp-content\/uploads\/2021\/11\/kecskes-lilla.jpg 1096w\" sizes=\"(max-width: 683px) 100vw, 683px\" \/><\/p>\n<p style=\"text-align: center;\"><em>K\u00fcl\u00f6nd\u00edj (Kecsk\u00e9s Lilla fot\u00f3ja)<\/em><\/p>\n<p><em>Fot\u00f3k, forr\u00e1s: Bajna K\u00f6zs\u00e9g \u00d6nkorm\u00e1nyzat\u00e1nak inform\u00e1ci\u00f3s oldala<\/em><\/p>\n","protected":false},"excerpt":{"rendered":"<p>Az idei \u00e9vben is meghirdette Bajna K\u00f6zs\u00e9g \u00d6nkorm\u00e1nyzata \u00e9s K\u00f6zs\u00e9gi K\u00f6nyvt\u00e1ra a m\u00e1r hagyom\u00e1nny\u00e1 v\u00e1lt Fot\u00f3p\u00e1ly\u00e1zat\u00e1t Megy\u00e9nk kincsei c\u00edmmel. Ebben az \u00e9vben olyan k\u00e9peket v\u00e1rtak a szervez\u0151k a p\u00e1ly\u00e1z\u00f3kt\u00f3l, amiken Kom\u00e1rom- Esztergom megye term\u00e9szeti kincseit, az emberi tev\u00e9kenys\u00e9g \u00e1ltal l\u00e9trehozott term\u00e9szeti, t\u00f6rt\u00e9nelmi, kult\u00fart\u00f6rt\u00e9neti, tudom\u00e1nyos vagy eszt\u00e9tikai jelent\u0151s\u00e9g\u0171 t\u00e1jalkot\u00f3 elemeit jelen\u00edtik meg. A p\u00e1ly\u00e1zatra sok sz\u00ednvonalas<\/p>\n","protected":false},"author":1,"featured_media":38446,"comment_status":"closed","ping_status":"closed","sticky":false,"template":"","format":"standard","meta":{"ngg_post_thumbnail":0,"footnotes":""},"categories":[3],"tags":[249,2985,1009],"class_list":{"0":"post-38445","1":"post","2":"type-post","3":"status-publish","4":"format-standard","5":"has-post-thumbnail","7":"category-hirek","8":"tag-bajna","9":"tag-fotok","10":"tag-fotopalyazat"},"yoast_head":"<!-- This site is optimized with the Yoast SEO plugin v27.5 - https:\/\/yoast.com\/product\/yoast-seo-wordpress\/ -->\n<title>Remek k\u00e9pek \u00e9rkeztek a bajnai fot\u00f3p\u00e1ly\u00e1zatra<\/title>\n<meta name=\"robots\" content=\"index, follow, max-snippet:-1, max-image-preview:large, max-video-preview:-1\" \/>\n<link rel=\"canonical\" href=\"https:\/\/dorogimedence.hu\/index.php\/2021\/11\/11\/remek-kepek-erkeztek-a-bajnai-fotopalyazatra\/\" class=\"yoast-seo-meta-tag\" \/>\n<meta property=\"og:locale\" content=\"hu_HU\" class=\"yoast-seo-meta-tag\" \/>\n<meta property=\"og:type\" content=\"article\" class=\"yoast-seo-meta-tag\" \/>\n<meta property=\"og:title\" content=\"Remek k\u00e9pek \u00e9rkeztek a bajnai fot\u00f3p\u00e1ly\u00e1zatra\" class=\"yoast-seo-meta-tag\" \/>\n<meta property=\"og:description\" content=\"Az idei \u00e9vben is meghirdette Bajna K\u00f6zs\u00e9g \u00d6nkorm\u00e1nyzata \u00e9s K\u00f6zs\u00e9gi K\u00f6nyvt\u00e1ra a m\u00e1r hagyom\u00e1nny\u00e1 v\u00e1lt Fot\u00f3p\u00e1ly\u00e1zat\u00e1t Megy\u00e9nk kincsei c\u00edmmel. Ebben az \u00e9vben olyan k\u00e9peket v\u00e1rtak a szervez\u0151k a p\u00e1ly\u00e1z\u00f3kt\u00f3l, amiken Kom\u00e1rom- Esztergom megye term\u00e9szeti kincseit, az emberi tev\u00e9kenys\u00e9g \u00e1ltal l\u00e9trehozott term\u00e9szeti, t\u00f6rt\u00e9nelmi, kult\u00fart\u00f6rt\u00e9neti, tudom\u00e1nyos vagy eszt\u00e9tikai jelent\u0151s\u00e9g\u0171 t\u00e1jalkot\u00f3 elemeit jelen\u00edtik meg. A p\u00e1ly\u00e1zatra sok sz\u00ednvonalas\" class=\"yoast-seo-meta-tag\" \/>\n<meta property=\"og:url\" content=\"https:\/\/dorogimedence.hu\/index.php\/2021\/11\/11\/remek-kepek-erkeztek-a-bajnai-fotopalyazatra\/\" class=\"yoast-seo-meta-tag\" \/>\n<meta property=\"og:site_name\" content=\"Dorogi-medence Region\u00e1lis H\u00edrport\u00e1l\" class=\"yoast-seo-meta-tag\" \/>\n<meta property=\"article:publisher\" content=\"https:\/\/www.facebook.com\/dorogimedence\/\" class=\"yoast-seo-meta-tag\" \/>\n<meta property=\"article:published_time\" content=\"2021-11-11T10:53:46+00:00\" class=\"yoast-seo-meta-tag\" \/>\n<meta property=\"article:modified_time\" content=\"2021-11-11T10:53:51+00:00\" class=\"yoast-seo-meta-tag\" \/>\n<meta property=\"og:image\" content=\"https:\/\/i0.wp.com\/dorogimedence.hu\/wp-content\/uploads\/2021\/11\/255010429_1929186010594862_8149166832849573899_n.jpg?fit=960%2C720&ssl=1\" class=\"yoast-seo-meta-tag\" \/>\n\t<meta property=\"og:image:width\" content=\"960\" class=\"yoast-seo-meta-tag\" \/>\n\t<meta property=\"og:image:height\" content=\"720\" class=\"yoast-seo-meta-tag\" \/>\n\t<meta property=\"og:image:type\" content=\"image\/jpeg\" class=\"yoast-seo-meta-tag\" \/>\n<meta name=\"author\" content=\"dorogimedence.hu\" class=\"yoast-seo-meta-tag\" \/>\n<meta name=\"twitter:card\" content=\"summary_large_image\" class=\"yoast-seo-meta-tag\" \/>\n<meta name=\"twitter:label1\" content=\"Szerz\u0151:\" class=\"yoast-seo-meta-tag\" \/>\n\t<meta name=\"twitter:data1\" content=\"dorogimedence.hu\" class=\"yoast-seo-meta-tag\" \/>\n\t<meta name=\"twitter:label2\" content=\"Becs\u00fclt olvas\u00e1si id\u0151\" class=\"yoast-seo-meta-tag\" \/>\n\t<meta name=\"twitter:data2\" content=\"2 perc\" class=\"yoast-seo-meta-tag\" \/>\n<script type=\"application\/ld+json\" class=\"yoast-schema-graph\">{\"@context\":\"https:\\\/\\\/schema.org\",\"@graph\":[{\"@type\":\"Article\",\"@id\":\"https:\\\/\\\/dorogimedence.hu\\\/index.php\\\/2021\\\/11\\\/11\\\/remek-kepek-erkeztek-a-bajnai-fotopalyazatra\\\/#article\",\"isPartOf\":{\"@id\":\"https:\\\/\\\/dorogimedence.hu\\\/index.php\\\/2021\\\/11\\\/11\\\/remek-kepek-erkeztek-a-bajnai-fotopalyazatra\\\/\"},\"author\":{\"name\":\"dorogimedence.hu\",\"@id\":\"https:\\\/\\\/dorogimedence.hu\\\/#\\\/schema\\\/person\\\/ce6091eeb7e95ecdc87890d6aa8e0fd4\"},\"headline\":\"Remek k\u00e9pek \u00e9rkeztek a bajnai fot\u00f3p\u00e1ly\u00e1zatra\",\"datePublished\":\"2021-11-11T10:53:46+00:00\",\"dateModified\":\"2021-11-11T10:53:51+00:00\",\"mainEntityOfPage\":{\"@id\":\"https:\\\/\\\/dorogimedence.hu\\\/index.php\\\/2021\\\/11\\\/11\\\/remek-kepek-erkeztek-a-bajnai-fotopalyazatra\\\/\"},\"wordCount\":388,\"publisher\":{\"@id\":\"https:\\\/\\\/dorogimedence.hu\\\/#organization\"},\"image\":{\"@id\":\"https:\\\/\\\/dorogimedence.hu\\\/index.php\\\/2021\\\/11\\\/11\\\/remek-kepek-erkeztek-a-bajnai-fotopalyazatra\\\/#primaryimage\"},\"thumbnailUrl\":\"https:\\\/\\\/dorogimedence.hu\\\/wp-content\\\/uploads\\\/2021\\\/11\\\/255010429_1929186010594862_8149166832849573899_n.jpg\",\"keywords\":[\"Bajna\",\"fot\u00f3k\",\"fot\u00f3p\u00e1ly\u00e1zat\"],\"articleSection\":[\"H\u00edrek\"],\"inLanguage\":\"hu\"},{\"@type\":\"WebPage\",\"@id\":\"https:\\\/\\\/dorogimedence.hu\\\/index.php\\\/2021\\\/11\\\/11\\\/remek-kepek-erkeztek-a-bajnai-fotopalyazatra\\\/\",\"url\":\"https:\\\/\\\/dorogimedence.hu\\\/index.php\\\/2021\\\/11\\\/11\\\/remek-kepek-erkeztek-a-bajnai-fotopalyazatra\\\/\",\"name\":\"Remek k\u00e9pek \u00e9rkeztek a bajnai fot\u00f3p\u00e1ly\u00e1zatra\",\"isPartOf\":{\"@id\":\"https:\\\/\\\/dorogimedence.hu\\\/#website\"},\"primaryImageOfPage\":{\"@id\":\"https:\\\/\\\/dorogimedence.hu\\\/index.php\\\/2021\\\/11\\\/11\\\/remek-kepek-erkeztek-a-bajnai-fotopalyazatra\\\/#primaryimage\"},\"image\":{\"@id\":\"https:\\\/\\\/dorogimedence.hu\\\/index.php\\\/2021\\\/11\\\/11\\\/remek-kepek-erkeztek-a-bajnai-fotopalyazatra\\\/#primaryimage\"},\"thumbnailUrl\":\"https:\\\/\\\/dorogimedence.hu\\\/wp-content\\\/uploads\\\/2021\\\/11\\\/255010429_1929186010594862_8149166832849573899_n.jpg\",\"datePublished\":\"2021-11-11T10:53:46+00:00\",\"dateModified\":\"2021-11-11T10:53:51+00:00\",\"breadcrumb\":{\"@id\":\"https:\\\/\\\/dorogimedence.hu\\\/index.php\\\/2021\\\/11\\\/11\\\/remek-kepek-erkeztek-a-bajnai-fotopalyazatra\\\/#breadcrumb\"},\"inLanguage\":\"hu\",\"potentialAction\":[{\"@type\":\"ReadAction\",\"target\":[\"https:\\\/\\\/dorogimedence.hu\\\/index.php\\\/2021\\\/11\\\/11\\\/remek-kepek-erkeztek-a-bajnai-fotopalyazatra\\\/\"]}]},{\"@type\":\"ImageObject\",\"inLanguage\":\"hu\",\"@id\":\"https:\\\/\\\/dorogimedence.hu\\\/index.php\\\/2021\\\/11\\\/11\\\/remek-kepek-erkeztek-a-bajnai-fotopalyazatra\\\/#primaryimage\",\"url\":\"https:\\\/\\\/dorogimedence.hu\\\/wp-content\\\/uploads\\\/2021\\\/11\\\/255010429_1929186010594862_8149166832849573899_n.jpg\",\"contentUrl\":\"https:\\\/\\\/dorogimedence.hu\\\/wp-content\\\/uploads\\\/2021\\\/11\\\/255010429_1929186010594862_8149166832849573899_n.jpg\",\"width\":960,\"height\":720},{\"@type\":\"BreadcrumbList\",\"@id\":\"https:\\\/\\\/dorogimedence.hu\\\/index.php\\\/2021\\\/11\\\/11\\\/remek-kepek-erkeztek-a-bajnai-fotopalyazatra\\\/#breadcrumb\",\"itemListElement\":[{\"@type\":\"ListItem\",\"position\":1,\"name\":\"Kezd\u0151lap\",\"item\":\"https:\\\/\\\/dorogimedence.hu\\\/\"},{\"@type\":\"ListItem\",\"position\":2,\"name\":\"Remek k\u00e9pek \u00e9rkeztek a bajnai fot\u00f3p\u00e1ly\u00e1zatra\"}]},{\"@type\":\"WebSite\",\"@id\":\"https:\\\/\\\/dorogimedence.hu\\\/#website\",\"url\":\"https:\\\/\\\/dorogimedence.hu\\\/\",\"name\":\"Dorogi-medence Region\u00e1lis H\u00edrport\u00e1l\",\"description\":\"Dorog, Keszt\u00f6lc, Le\u00e1nyv\u00e1r, Piliscs\u00e9v, Tokod, Tokodalt\u00e1r\u00f3, Csolnok, Esztergom-kertv\u00e1ros: h\u00edrek, programok\",\"publisher\":{\"@id\":\"https:\\\/\\\/dorogimedence.hu\\\/#organization\"},\"potentialAction\":[{\"@type\":\"SearchAction\",\"target\":{\"@type\":\"EntryPoint\",\"urlTemplate\":\"https:\\\/\\\/dorogimedence.hu\\\/?s={search_term_string}\"},\"query-input\":{\"@type\":\"PropertyValueSpecification\",\"valueRequired\":true,\"valueName\":\"search_term_string\"}}],\"inLanguage\":\"hu\"},{\"@type\":\"Organization\",\"@id\":\"https:\\\/\\\/dorogimedence.hu\\\/#organization\",\"name\":\"Dorogi-medence Region\u00e1lis H\u00edrport\u00e1l\",\"url\":\"https:\\\/\\\/dorogimedence.hu\\\/\",\"logo\":{\"@type\":\"ImageObject\",\"inLanguage\":\"hu\",\"@id\":\"https:\\\/\\\/dorogimedence.hu\\\/#\\\/schema\\\/logo\\\/image\\\/\",\"url\":\"https:\\\/\\\/dorogimedence.hu\\\/wp-content\\\/uploads\\\/2021\\\/04\\\/logo-feher-600.png\",\"contentUrl\":\"https:\\\/\\\/dorogimedence.hu\\\/wp-content\\\/uploads\\\/2021\\\/04\\\/logo-feher-600.png\",\"width\":600,\"height\":100,\"caption\":\"Dorogi-medence Region\u00e1lis H\u00edrport\u00e1l\"},\"image\":{\"@id\":\"https:\\\/\\\/dorogimedence.hu\\\/#\\\/schema\\\/logo\\\/image\\\/\"},\"sameAs\":[\"https:\\\/\\\/www.facebook.com\\\/dorogimedence\\\/\"]},{\"@type\":\"Person\",\"@id\":\"https:\\\/\\\/dorogimedence.hu\\\/#\\\/schema\\\/person\\\/ce6091eeb7e95ecdc87890d6aa8e0fd4\",\"name\":\"dorogimedence.hu\",\"image\":{\"@type\":\"ImageObject\",\"inLanguage\":\"hu\",\"@id\":\"\\\/\\\/www.gravatar.com\\\/avatar\\\/d8d45f8901aadff40a4af72c0b826f1d?s=96&#038;r=g&#038;d=mm\",\"url\":\"\\\/\\\/www.gravatar.com\\\/avatar\\\/d8d45f8901aadff40a4af72c0b826f1d?s=96&#038;r=g&#038;d=mm\",\"contentUrl\":\"\\\/\\\/www.gravatar.com\\\/avatar\\\/d8d45f8901aadff40a4af72c0b826f1d?s=96&#038;r=g&#038;d=mm\",\"caption\":\"dorogimedence.hu\"}}]}<\/script>\n<!-- \/ Yoast SEO plugin. -->","yoast_head_json":{"title":"Remek k\u00e9pek \u00e9rkeztek a bajnai fot\u00f3p\u00e1ly\u00e1zatra","robots":{"index":"index","follow":"follow","max-snippet":"max-snippet:-1","max-image-preview":"max-image-preview:large","max-video-preview":"max-video-preview:-1"},"canonical":"https:\/\/dorogimedence.hu\/index.php\/2021\/11\/11\/remek-kepek-erkeztek-a-bajnai-fotopalyazatra\/","og_locale":"hu_HU","og_type":"article","og_title":"Remek k\u00e9pek \u00e9rkeztek a bajnai fot\u00f3p\u00e1ly\u00e1zatra","og_description":"Az idei \u00e9vben is meghirdette Bajna K\u00f6zs\u00e9g \u00d6nkorm\u00e1nyzata \u00e9s K\u00f6zs\u00e9gi K\u00f6nyvt\u00e1ra a m\u00e1r hagyom\u00e1nny\u00e1 v\u00e1lt Fot\u00f3p\u00e1ly\u00e1zat\u00e1t Megy\u00e9nk kincsei c\u00edmmel. Ebben az \u00e9vben olyan k\u00e9peket v\u00e1rtak a szervez\u0151k a p\u00e1ly\u00e1z\u00f3kt\u00f3l, amiken Kom\u00e1rom- Esztergom megye term\u00e9szeti kincseit, az emberi tev\u00e9kenys\u00e9g \u00e1ltal l\u00e9trehozott term\u00e9szeti, t\u00f6rt\u00e9nelmi, kult\u00fart\u00f6rt\u00e9neti, tudom\u00e1nyos vagy eszt\u00e9tikai jelent\u0151s\u00e9g\u0171 t\u00e1jalkot\u00f3 elemeit jelen\u00edtik meg. A p\u00e1ly\u00e1zatra sok sz\u00ednvonalas","og_url":"https:\/\/dorogimedence.hu\/index.php\/2021\/11\/11\/remek-kepek-erkeztek-a-bajnai-fotopalyazatra\/","og_site_name":"Dorogi-medence Region\u00e1lis H\u00edrport\u00e1l","article_publisher":"https:\/\/www.facebook.com\/dorogimedence\/","article_published_time":"2021-11-11T10:53:46+00:00","article_modified_time":"2021-11-11T10:53:51+00:00","og_image":[{"width":960,"height":720,"url":"https:\/\/i0.wp.com\/dorogimedence.hu\/wp-content\/uploads\/2021\/11\/255010429_1929186010594862_8149166832849573899_n.jpg?fit=960%2C720&ssl=1","type":"image\/jpeg"}],"author":"dorogimedence.hu","twitter_card":"summary_large_image","twitter_misc":{"Szerz\u0151:":"dorogimedence.hu","Becs\u00fclt olvas\u00e1si id\u0151":"2 perc"},"schema":{"@context":"https:\/\/schema.org","@graph":[{"@type":"Article","@id":"https:\/\/dorogimedence.hu\/index.php\/2021\/11\/11\/remek-kepek-erkeztek-a-bajnai-fotopalyazatra\/#article","isPartOf":{"@id":"https:\/\/dorogimedence.hu\/index.php\/2021\/11\/11\/remek-kepek-erkeztek-a-bajnai-fotopalyazatra\/"},"author":{"name":"dorogimedence.hu","@id":"https:\/\/dorogimedence.hu\/#\/schema\/person\/ce6091eeb7e95ecdc87890d6aa8e0fd4"},"headline":"Remek k\u00e9pek \u00e9rkeztek a bajnai fot\u00f3p\u00e1ly\u00e1zatra","datePublished":"2021-11-11T10:53:46+00:00","dateModified":"2021-11-11T10:53:51+00:00","mainEntityOfPage":{"@id":"https:\/\/dorogimedence.hu\/index.php\/2021\/11\/11\/remek-kepek-erkeztek-a-bajnai-fotopalyazatra\/"},"wordCount":388,"publisher":{"@id":"https:\/\/dorogimedence.hu\/#organization"},"image":{"@id":"https:\/\/dorogimedence.hu\/index.php\/2021\/11\/11\/remek-kepek-erkeztek-a-bajnai-fotopalyazatra\/#primaryimage"},"thumbnailUrl":"https:\/\/dorogimedence.hu\/wp-content\/uploads\/2021\/11\/255010429_1929186010594862_8149166832849573899_n.jpg","keywords":["Bajna","fot\u00f3k","fot\u00f3p\u00e1ly\u00e1zat"],"articleSection":["H\u00edrek"],"inLanguage":"hu"},{"@type":"WebPage","@id":"https:\/\/dorogimedence.hu\/index.php\/2021\/11\/11\/remek-kepek-erkeztek-a-bajnai-fotopalyazatra\/","url":"https:\/\/dorogimedence.hu\/index.php\/2021\/11\/11\/remek-kepek-erkeztek-a-bajnai-fotopalyazatra\/","name":"Remek k\u00e9pek \u00e9rkeztek a bajnai fot\u00f3p\u00e1ly\u00e1zatra","isPartOf":{"@id":"https:\/\/dorogimedence.hu\/#website"},"primaryImageOfPage":{"@id":"https:\/\/dorogimedence.hu\/index.php\/2021\/11\/11\/remek-kepek-erkeztek-a-bajnai-fotopalyazatra\/#primaryimage"},"image":{"@id":"https:\/\/dorogimedence.hu\/index.php\/2021\/11\/11\/remek-kepek-erkeztek-a-bajnai-fotopalyazatra\/#primaryimage"},"thumbnailUrl":"https:\/\/dorogimedence.hu\/wp-content\/uploads\/2021\/11\/255010429_1929186010594862_8149166832849573899_n.jpg","datePublished":"2021-11-11T10:53:46+00:00","dateModified":"2021-11-11T10:53:51+00:00","breadcrumb":{"@id":"https:\/\/dorogimedence.hu\/index.php\/2021\/11\/11\/remek-kepek-erkeztek-a-bajnai-fotopalyazatra\/#breadcrumb"},"inLanguage":"hu","potentialAction":[{"@type":"ReadAction","target":["https:\/\/dorogimedence.hu\/index.php\/2021\/11\/11\/remek-kepek-erkeztek-a-bajnai-fotopalyazatra\/"]}]},{"@type":"ImageObject","inLanguage":"hu","@id":"https:\/\/dorogimedence.hu\/index.php\/2021\/11\/11\/remek-kepek-erkeztek-a-bajnai-fotopalyazatra\/#primaryimage","url":"https:\/\/dorogimedence.hu\/wp-content\/uploads\/2021\/11\/255010429_1929186010594862_8149166832849573899_n.jpg","contentUrl":"https:\/\/dorogimedence.hu\/wp-content\/uploads\/2021\/11\/255010429_1929186010594862_8149166832849573899_n.jpg","width":960,"height":720},{"@type":"BreadcrumbList","@id":"https:\/\/dorogimedence.hu\/index.php\/2021\/11\/11\/remek-kepek-erkeztek-a-bajnai-fotopalyazatra\/#breadcrumb","itemListElement":[{"@type":"ListItem","position":1,"name":"Kezd\u0151lap","item":"https:\/\/dorogimedence.hu\/"},{"@type":"ListItem","position":2,"name":"Remek k\u00e9pek \u00e9rkeztek a bajnai fot\u00f3p\u00e1ly\u00e1zatra"}]},{"@type":"WebSite","@id":"https:\/\/dorogimedence.hu\/#website","url":"https:\/\/dorogimedence.hu\/","name":"Dorogi-medence Region\u00e1lis H\u00edrport\u00e1l","description":"Dorog, Keszt\u00f6lc, Le\u00e1nyv\u00e1r, Piliscs\u00e9v, Tokod, Tokodalt\u00e1r\u00f3, Csolnok, Esztergom-kertv\u00e1ros: h\u00edrek, programok","publisher":{"@id":"https:\/\/dorogimedence.hu\/#organization"},"potentialAction":[{"@type":"SearchAction","target":{"@type":"EntryPoint","urlTemplate":"https:\/\/dorogimedence.hu\/?s={search_term_string}"},"query-input":{"@type":"PropertyValueSpecification","valueRequired":true,"valueName":"search_term_string"}}],"inLanguage":"hu"},{"@type":"Organization","@id":"https:\/\/dorogimedence.hu\/#organization","name":"Dorogi-medence Region\u00e1lis H\u00edrport\u00e1l","url":"https:\/\/dorogimedence.hu\/","logo":{"@type":"ImageObject","inLanguage":"hu","@id":"https:\/\/dorogimedence.hu\/#\/schema\/logo\/image\/","url":"https:\/\/dorogimedence.hu\/wp-content\/uploads\/2021\/04\/logo-feher-600.png","contentUrl":"https:\/\/dorogimedence.hu\/wp-content\/uploads\/2021\/04\/logo-feher-600.png","width":600,"height":100,"caption":"Dorogi-medence Region\u00e1lis H\u00edrport\u00e1l"},"image":{"@id":"https:\/\/dorogimedence.hu\/#\/schema\/logo\/image\/"},"sameAs":["https:\/\/www.facebook.com\/dorogimedence\/"]},{"@type":"Person","@id":"https:\/\/dorogimedence.hu\/#\/schema\/person\/ce6091eeb7e95ecdc87890d6aa8e0fd4","name":"dorogimedence.hu","image":{"@type":"ImageObject","inLanguage":"hu","@id":"\/\/www.gravatar.com\/avatar\/d8d45f8901aadff40a4af72c0b826f1d?s=96&#038;r=g&#038;d=mm","url":"\/\/www.gravatar.com\/avatar\/d8d45f8901aadff40a4af72c0b826f1d?s=96&#038;r=g&#038;d=mm","contentUrl":"\/\/www.gravatar.com\/avatar\/d8d45f8901aadff40a4af72c0b826f1d?s=96&#038;r=g&#038;d=mm","caption":"dorogimedence.hu"}}]}},"_links":{"self":[{"href":"https:\/\/dorogimedence.hu\/index.php\/wp-json\/wp\/v2\/posts\/38445","targetHints":{"allow":["GET"]}}],"collection":[{"href":"https:\/\/dorogimedence.hu\/index.php\/wp-json\/wp\/v2\/posts"}],"about":[{"href":"https:\/\/dorogimedence.hu\/index.php\/wp-json\/wp\/v2\/types\/post"}],"author":[{"embeddable":true,"href":"https:\/\/dorogimedence.hu\/index.php\/wp-json\/wp\/v2\/users\/1"}],"replies":[{"embeddable":true,"href":"https:\/\/dorogimedence.hu\/index.php\/wp-json\/wp\/v2\/comments?post=38445"}],"version-history":[{"count":0,"href":"https:\/\/dorogimedence.hu\/index.php\/wp-json\/wp\/v2\/posts\/38445\/revisions"}],"wp:featuredmedia":[{"embeddable":true,"href":"https:\/\/dorogimedence.hu\/index.php\/wp-json\/wp\/v2\/media\/38446"}],"wp:attachment":[{"href":"https:\/\/dorogimedence.hu\/index.php\/wp-json\/wp\/v2\/media?parent=38445"}],"wp:term":[{"taxonomy":"category","embeddable":true,"href":"https:\/\/dorogimedence.hu\/index.php\/wp-json\/wp\/v2\/categories?post=38445"},{"taxonomy":"post_tag","embeddable":true,"href":"https:\/\/dorogimedence.hu\/index.php\/wp-json\/wp\/v2\/tags?post=38445"}],"curies":[{"name":"wp","href":"https:\/\/api.w.org\/{rel}","templated":true}]}}