{"id":38442,"date":"2021-11-11T11:15:51","date_gmt":"2021-11-11T10:15:51","guid":{"rendered":"https:\/\/dorogimedence.hu\/?p=38442"},"modified":"2021-11-11T11:16:12","modified_gmt":"2021-11-11T10:16:12","slug":"ingyenes-csaladmegtarto-foglalkozasok-a-lelki-egeszsegert-esztergomban","status":"publish","type":"post","link":"https:\/\/dorogimedence.hu\/index.php\/2021\/11\/11\/ingyenes-csaladmegtarto-foglalkozasok-a-lelki-egeszsegert-esztergomban\/","title":{"rendered":"Ingyenes csal\u00e1dmegtart\u00f3 foglalkoz\u00e1sok a lelki eg\u00e9szs\u00e9g\u00e9rt Esztergomban"},"content":{"rendered":"<p><strong>A fogantat\u00e1s t\u00e9m\u00e1j\u00e1t\u00f3l eg\u00e9szen a kamaszokkal val\u00f3 kih\u00edv\u00e1sokon \u00e1t felmer\u00fcl\u0151 k\u00e9rd\u00e9sekre kaphatnak v\u00e1laszokat \u00e9s lelki t\u00e1mogat\u00e1st p\u00e1rok \u00e9s csal\u00e1dok. A F\u00f3kuszban a csal\u00e1d! c\u00edmmel indul\u00f3 csal\u00e1dmegtart\u00f3 el\u0151ad\u00e1sok \u00e9s foglalkoz\u00e1sok keret\u00e9ben az Eg\u00e9szs\u00e9ges L\u00e9lek, Eg\u00e9szs\u00e9ges \u00c9let Alap\u00edtv\u00e1ny szakmai csapata az Esztergomban \u00e9s t\u00e9rs\u00e9g\u00e9ben \u00e9l\u0151knek k\u00edv\u00e1n ment\u00e1lhigi\u00e9n\u00e9s seg\u00edts\u00e9get ny\u00fajtani.<\/strong><\/p>\n<p>A november m\u00e1sodik fel\u00e9ben indul\u00f3 \u00e9s j\u00f6v\u0151 augusztusig tart\u00f3 program keret\u00e9ben sz\u00fcl\u0151 \u00e9s sz\u00fcl\u00e9sfelk\u00e9sz\u00edt\u0151 tr\u00e9ningeken, csal\u00e1di meseter\u00e1pi\u00e1s csoportfoglalkoz\u00e1sokon \u00e9s baba mama klubban besz\u00e9lgethetnek \u00e9s kaphatnak t\u00e1mogat\u00e1st az \u00e9rdekl\u0151d\u0151k a gyermekv\u00e1llal\u00e1ssal, nevel\u00e9ssel \u00e9s csal\u00e1di \u00e9lettel kapcsolatosan. A foglalkoz\u00e1sok mellett havi rendszeress\u00e9ggel el\u0151ad\u00e1sokkal is jelentkeznek a szervez\u0151k, ahol t\u00f6bbek k\u00f6z\u00f6tt apas\u00e1gr\u00f3l, b\u00f6lcs\u0151d\u00e9be szoktat\u00e1sr\u00f3l, vagy \u00e9pp a digit\u00e1lis eszk\u00f6z\u00f6k biztons\u00e1gos haszn\u00e1lat\u00e1r\u00f3l lesz sz\u00f3.<\/p>\n<p>\u201eAz Eg\u00e9szs\u00e9ges L\u00e9lek, Eg\u00e9szs\u00e9ges \u00c9let Alap\u00edtv\u00e1nyt \u00e9ppen az\u00e9rt hoztuk l\u00e9tre, hogy a r\u00e1szorul\u00f3, neh\u00e9z helyzetben l\u00e9v\u0151 embereknek, p\u00e1roknak \u00e9s csal\u00e1doknak meg tudjuk adni azt a pszich\u00e9s t\u00e1mogat\u00e1st, amely egy-egy nehezebb \u00e9lethelyzetben ment\u0151\u00f6vk\u00e9nt szolg\u00e1l\u201d \u2013 tudtuk meg Dr. V\u00e1radi Hajnalk\u00e1t\u00f3l, pszichol\u00f3gust\u00f3l, az alap\u00edtv\u00e1ny kur\u00e1tor\u00e1t\u00f3l, majd hozz\u00e1tette: \u201eAzonban azt is l\u00e1tjuk, hogy a koronav\u00edrus olyan kr\u00edzishelyzetet teremtett, ami miatt most kiemelten fontos az odafordul\u00e1s \u00e9s m\u00e9g t\u00f6bbeknek van sz\u00fcks\u00e9ge ment\u00e1lhigi\u00e9n\u00e9s t\u00e1mogat\u00e1sra. Ez\u00e9rt is nagy \u00f6r\u00f6m, hogy az elnyert t\u00e1mogat\u00e1ssal \u00edgy lehet\u0151s\u00e9g\u00fcnk van az eredeti c\u00e9lkit\u0171z\u00e9s\u00fcnket m\u00e9g t\u00f6bb, neh\u00e9zs\u00e9get \u00e1t\u00e9l\u0151 p\u00e1r \u00e9s csal\u00e1d lelki megseg\u00edt\u00e9s\u00e9vel megval\u00f3s\u00edtani.\u201d<\/p>\n<p>\u201eMindig is fontosnak tartottuk az alap\u00edtv\u00e1ny munkat\u00e1rsaival, hogy \u00e1tfog\u00f3an, a csal\u00e1d minden egyes r\u00e9sztvev\u0151j\u00e9nek tudjunk seg\u00edts\u00e9get ny\u00fajtani, a gyermekt\u0151l kezdve, a sz\u00fcl\u0151k\u00f6n \u00e1t, eg\u00e9szen a nagysz\u00fcl\u0151kig\u201d \u2013 hangs\u00falyozta Dr. V\u00e1radi Hajnalka, majd elmondta: \u201e\u00c9ppen ez\u00e9rt, Mindenki sz\u00e1m\u00edt! c\u00edmmel ind\u00edtjuk \u00fatj\u00e1ra a 8 r\u00e9szb\u0151l \u00e1ll\u00f3 el\u0151ad\u00e1ssorozatunkat, ezzel is utalva arra, hogy a hagyom\u00e1nyos csal\u00e1dok mellett, a gyermek\u00fcket egyed\u00fcl nevel\u0151k \u00e9s a mozaikcsal\u00e1dok is sz\u00e1m\u00edthatnak r\u00e1nk, nekik is itt vagyunk \u00e9s seg\u00edt\u00fcnk a lelki terhekkel megk\u00fczdeni.\u201d<\/p>\n<p>B\u0151vebb inform\u00e1ci\u00f3t az alap\u00edtv\u00e1ny <a href=\"https:\/\/www.facebook.com\/egeszsegeslelek\" target=\"_blank\" rel=\"noopener\"><span style=\"text-decoration: underline; color: #0000ff;\">Facebook oldal\u00e1n<\/span><\/a> \u00e9s a k\u00f6vetkez\u0151 email c\u00edmen kaphatnak: <span style=\"text-decoration: underline; color: #0000ff;\"><a style=\"color: #0000ff; text-decoration: underline;\" href=\"mailto:info@egeszsegeslelek.hu\" target=\"_blank\" rel=\"noopener\">info@egeszsegeslelek.hu<\/a><\/span><\/p>\n<p><em>A foglalkoz\u00e1sokat ameddig a mindenkori hat\u00e1lyos int\u00e9zked\u00e9sek lehet\u0151v\u00e9 teszik, szem\u00e9lyes jelenl\u00e9ttel tartj\u00e1k meg a szervez\u0151k, azonban a j\u00e1rv\u00e1ny\u00fcgyi helyzetre val\u00f3 tekintettel k\u00e9rik a szab\u00e1lyokra vonatkoz\u00f3 el\u0151\u00edr\u00e1sok fokozott betart\u00e1s\u00e1t.<\/em><\/p>\n<p><em>A programsorozat a F\u00f3kuszban a csal\u00e1d \u2013 csal\u00e1dmegtart\u00f3 szolg\u00e1ltat\u00e1sok Esztergomban c\u00edm\u0171, TOP-7.1.1-16-H-ESZA-2021-02372 azonos\u00edt\u00f3 sz\u00e1m\u00fa projekt keret\u00e9ben val\u00f3sul meg.<\/em><\/p>\n","protected":false},"excerpt":{"rendered":"<p>A fogantat\u00e1s t\u00e9m\u00e1j\u00e1t\u00f3l eg\u00e9szen a kamaszokkal val\u00f3 kih\u00edv\u00e1sokon \u00e1t felmer\u00fcl\u0151 k\u00e9rd\u00e9sekre kaphatnak v\u00e1laszokat \u00e9s lelki t\u00e1mogat\u00e1st p\u00e1rok \u00e9s csal\u00e1dok. A F\u00f3kuszban a csal\u00e1d! c\u00edmmel indul\u00f3 csal\u00e1dmegtart\u00f3 el\u0151ad\u00e1sok \u00e9s foglalkoz\u00e1sok keret\u00e9ben az Eg\u00e9szs\u00e9ges L\u00e9lek, Eg\u00e9szs\u00e9ges \u00c9let Alap\u00edtv\u00e1ny szakmai csapata az Esztergomban \u00e9s t\u00e9rs\u00e9g\u00e9ben \u00e9l\u0151knek k\u00edv\u00e1n ment\u00e1lhigi\u00e9n\u00e9s seg\u00edts\u00e9get ny\u00fajtani. A november m\u00e1sodik fel\u00e9ben indul\u00f3 \u00e9s j\u00f6v\u0151 augusztusig<\/p>\n","protected":false},"author":1,"featured_media":38443,"comment_status":"closed","ping_status":"closed","sticky":false,"template":"","format":"standard","meta":{"ngg_post_thumbnail":0,"footnotes":""},"categories":[38,3,3561],"tags":[2320,42,3659,101],"class_list":{"0":"post-38442","1":"post","2":"type-post","3":"status-publish","4":"format-standard","5":"has-post-thumbnail","7":"category-esztergom","8":"category-hirek","9":"category-programok","10":"tag-csalad","11":"tag-esztergom","12":"tag-foglalkozas","13":"tag-program"},"yoast_head":"<!-- This site is optimized with the Yoast SEO plugin v27.5 - https:\/\/yoast.com\/product\/yoast-seo-wordpress\/ -->\n<title>Ingyenes csal\u00e1dmegtart\u00f3 foglalkoz\u00e1sok a lelki eg\u00e9szs\u00e9g\u00e9rt Esztergomban<\/title>\n<meta name=\"robots\" content=\"index, follow, max-snippet:-1, max-image-preview:large, max-video-preview:-1\" \/>\n<link rel=\"canonical\" href=\"https:\/\/dorogimedence.hu\/index.php\/2021\/11\/11\/ingyenes-csaladmegtarto-foglalkozasok-a-lelki-egeszsegert-esztergomban\/\" class=\"yoast-seo-meta-tag\" \/>\n<meta property=\"og:locale\" content=\"hu_HU\" class=\"yoast-seo-meta-tag\" \/>\n<meta property=\"og:type\" content=\"article\" class=\"yoast-seo-meta-tag\" \/>\n<meta property=\"og:title\" content=\"Ingyenes csal\u00e1dmegtart\u00f3 foglalkoz\u00e1sok a lelki eg\u00e9szs\u00e9g\u00e9rt Esztergomban\" class=\"yoast-seo-meta-tag\" \/>\n<meta property=\"og:description\" content=\"A fogantat\u00e1s t\u00e9m\u00e1j\u00e1t\u00f3l eg\u00e9szen a kamaszokkal val\u00f3 kih\u00edv\u00e1sokon \u00e1t felmer\u00fcl\u0151 k\u00e9rd\u00e9sekre kaphatnak v\u00e1laszokat \u00e9s lelki t\u00e1mogat\u00e1st p\u00e1rok \u00e9s csal\u00e1dok. A F\u00f3kuszban a csal\u00e1d! c\u00edmmel indul\u00f3 csal\u00e1dmegtart\u00f3 el\u0151ad\u00e1sok \u00e9s foglalkoz\u00e1sok keret\u00e9ben az Eg\u00e9szs\u00e9ges L\u00e9lek, Eg\u00e9szs\u00e9ges \u00c9let Alap\u00edtv\u00e1ny szakmai csapata az Esztergomban \u00e9s t\u00e9rs\u00e9g\u00e9ben \u00e9l\u0151knek k\u00edv\u00e1n ment\u00e1lhigi\u00e9n\u00e9s seg\u00edts\u00e9get ny\u00fajtani. A november m\u00e1sodik fel\u00e9ben indul\u00f3 \u00e9s j\u00f6v\u0151 augusztusig\" class=\"yoast-seo-meta-tag\" \/>\n<meta property=\"og:url\" content=\"https:\/\/dorogimedence.hu\/index.php\/2021\/11\/11\/ingyenes-csaladmegtarto-foglalkozasok-a-lelki-egeszsegert-esztergomban\/\" class=\"yoast-seo-meta-tag\" \/>\n<meta property=\"og:site_name\" content=\"Dorogi-medence Region\u00e1lis H\u00edrport\u00e1l\" class=\"yoast-seo-meta-tag\" \/>\n<meta property=\"article:publisher\" content=\"https:\/\/www.facebook.com\/dorogimedence\/\" class=\"yoast-seo-meta-tag\" \/>\n<meta property=\"article:published_time\" content=\"2021-11-11T10:15:51+00:00\" class=\"yoast-seo-meta-tag\" \/>\n<meta property=\"article:modified_time\" content=\"2021-11-11T10:16:12+00:00\" class=\"yoast-seo-meta-tag\" \/>\n<meta property=\"og:image\" content=\"https:\/\/i0.wp.com\/dorogimedence.hu\/wp-content\/uploads\/2021\/11\/hands-2847508_1920.jpg?fit=1920%2C1280&ssl=1\" class=\"yoast-seo-meta-tag\" \/>\n\t<meta property=\"og:image:width\" content=\"1920\" class=\"yoast-seo-meta-tag\" \/>\n\t<meta property=\"og:image:height\" content=\"1280\" class=\"yoast-seo-meta-tag\" \/>\n\t<meta property=\"og:image:type\" content=\"image\/jpeg\" class=\"yoast-seo-meta-tag\" \/>\n<meta name=\"author\" content=\"dorogimedence.hu\" class=\"yoast-seo-meta-tag\" \/>\n<meta name=\"twitter:card\" content=\"summary_large_image\" class=\"yoast-seo-meta-tag\" \/>\n<meta name=\"twitter:label1\" content=\"Szerz\u0151:\" class=\"yoast-seo-meta-tag\" \/>\n\t<meta name=\"twitter:data1\" content=\"dorogimedence.hu\" class=\"yoast-seo-meta-tag\" \/>\n\t<meta name=\"twitter:label2\" content=\"Becs\u00fclt olvas\u00e1si id\u0151\" class=\"yoast-seo-meta-tag\" \/>\n\t<meta name=\"twitter:data2\" content=\"3 perc\" class=\"yoast-seo-meta-tag\" \/>\n<script type=\"application\/ld+json\" class=\"yoast-schema-graph\">{\"@context\":\"https:\\\/\\\/schema.org\",\"@graph\":[{\"@type\":\"Article\",\"@id\":\"https:\\\/\\\/dorogimedence.hu\\\/index.php\\\/2021\\\/11\\\/11\\\/ingyenes-csaladmegtarto-foglalkozasok-a-lelki-egeszsegert-esztergomban\\\/#article\",\"isPartOf\":{\"@id\":\"https:\\\/\\\/dorogimedence.hu\\\/index.php\\\/2021\\\/11\\\/11\\\/ingyenes-csaladmegtarto-foglalkozasok-a-lelki-egeszsegert-esztergomban\\\/\"},\"author\":{\"name\":\"dorogimedence.hu\",\"@id\":\"https:\\\/\\\/dorogimedence.hu\\\/#\\\/schema\\\/person\\\/ce6091eeb7e95ecdc87890d6aa8e0fd4\"},\"headline\":\"Ingyenes csal\u00e1dmegtart\u00f3 foglalkoz\u00e1sok a lelki eg\u00e9szs\u00e9g\u00e9rt Esztergomban\",\"datePublished\":\"2021-11-11T10:15:51+00:00\",\"dateModified\":\"2021-11-11T10:16:12+00:00\",\"mainEntityOfPage\":{\"@id\":\"https:\\\/\\\/dorogimedence.hu\\\/index.php\\\/2021\\\/11\\\/11\\\/ingyenes-csaladmegtarto-foglalkozasok-a-lelki-egeszsegert-esztergomban\\\/\"},\"wordCount\":579,\"publisher\":{\"@id\":\"https:\\\/\\\/dorogimedence.hu\\\/#organization\"},\"image\":{\"@id\":\"https:\\\/\\\/dorogimedence.hu\\\/index.php\\\/2021\\\/11\\\/11\\\/ingyenes-csaladmegtarto-foglalkozasok-a-lelki-egeszsegert-esztergomban\\\/#primaryimage\"},\"thumbnailUrl\":\"https:\\\/\\\/dorogimedence.hu\\\/wp-content\\\/uploads\\\/2021\\\/11\\\/hands-2847508_1920.jpg\",\"keywords\":[\"csal\u00e1d\",\"esztergom\",\"foglalkoz\u00e1s\",\"program\"],\"articleSection\":[\"Esztergom\",\"H\u00edrek\",\"Programok\"],\"inLanguage\":\"hu\"},{\"@type\":\"WebPage\",\"@id\":\"https:\\\/\\\/dorogimedence.hu\\\/index.php\\\/2021\\\/11\\\/11\\\/ingyenes-csaladmegtarto-foglalkozasok-a-lelki-egeszsegert-esztergomban\\\/\",\"url\":\"https:\\\/\\\/dorogimedence.hu\\\/index.php\\\/2021\\\/11\\\/11\\\/ingyenes-csaladmegtarto-foglalkozasok-a-lelki-egeszsegert-esztergomban\\\/\",\"name\":\"Ingyenes csal\u00e1dmegtart\u00f3 foglalkoz\u00e1sok a lelki eg\u00e9szs\u00e9g\u00e9rt Esztergomban\",\"isPartOf\":{\"@id\":\"https:\\\/\\\/dorogimedence.hu\\\/#website\"},\"primaryImageOfPage\":{\"@id\":\"https:\\\/\\\/dorogimedence.hu\\\/index.php\\\/2021\\\/11\\\/11\\\/ingyenes-csaladmegtarto-foglalkozasok-a-lelki-egeszsegert-esztergomban\\\/#primaryimage\"},\"image\":{\"@id\":\"https:\\\/\\\/dorogimedence.hu\\\/index.php\\\/2021\\\/11\\\/11\\\/ingyenes-csaladmegtarto-foglalkozasok-a-lelki-egeszsegert-esztergomban\\\/#primaryimage\"},\"thumbnailUrl\":\"https:\\\/\\\/dorogimedence.hu\\\/wp-content\\\/uploads\\\/2021\\\/11\\\/hands-2847508_1920.jpg\",\"datePublished\":\"2021-11-11T10:15:51+00:00\",\"dateModified\":\"2021-11-11T10:16:12+00:00\",\"breadcrumb\":{\"@id\":\"https:\\\/\\\/dorogimedence.hu\\\/index.php\\\/2021\\\/11\\\/11\\\/ingyenes-csaladmegtarto-foglalkozasok-a-lelki-egeszsegert-esztergomban\\\/#breadcrumb\"},\"inLanguage\":\"hu\",\"potentialAction\":[{\"@type\":\"ReadAction\",\"target\":[\"https:\\\/\\\/dorogimedence.hu\\\/index.php\\\/2021\\\/11\\\/11\\\/ingyenes-csaladmegtarto-foglalkozasok-a-lelki-egeszsegert-esztergomban\\\/\"]}]},{\"@type\":\"ImageObject\",\"inLanguage\":\"hu\",\"@id\":\"https:\\\/\\\/dorogimedence.hu\\\/index.php\\\/2021\\\/11\\\/11\\\/ingyenes-csaladmegtarto-foglalkozasok-a-lelki-egeszsegert-esztergomban\\\/#primaryimage\",\"url\":\"https:\\\/\\\/dorogimedence.hu\\\/wp-content\\\/uploads\\\/2021\\\/11\\\/hands-2847508_1920.jpg\",\"contentUrl\":\"https:\\\/\\\/dorogimedence.hu\\\/wp-content\\\/uploads\\\/2021\\\/11\\\/hands-2847508_1920.jpg\",\"width\":1920,\"height\":1280},{\"@type\":\"BreadcrumbList\",\"@id\":\"https:\\\/\\\/dorogimedence.hu\\\/index.php\\\/2021\\\/11\\\/11\\\/ingyenes-csaladmegtarto-foglalkozasok-a-lelki-egeszsegert-esztergomban\\\/#breadcrumb\",\"itemListElement\":[{\"@type\":\"ListItem\",\"position\":1,\"name\":\"Kezd\u0151lap\",\"item\":\"https:\\\/\\\/dorogimedence.hu\\\/\"},{\"@type\":\"ListItem\",\"position\":2,\"name\":\"Ingyenes csal\u00e1dmegtart\u00f3 foglalkoz\u00e1sok a lelki eg\u00e9szs\u00e9g\u00e9rt Esztergomban\"}]},{\"@type\":\"WebSite\",\"@id\":\"https:\\\/\\\/dorogimedence.hu\\\/#website\",\"url\":\"https:\\\/\\\/dorogimedence.hu\\\/\",\"name\":\"Dorogi-medence Region\u00e1lis H\u00edrport\u00e1l\",\"description\":\"Dorog, Keszt\u00f6lc, Le\u00e1nyv\u00e1r, Piliscs\u00e9v, Tokod, Tokodalt\u00e1r\u00f3, Csolnok, Esztergom-kertv\u00e1ros: h\u00edrek, programok\",\"publisher\":{\"@id\":\"https:\\\/\\\/dorogimedence.hu\\\/#organization\"},\"potentialAction\":[{\"@type\":\"SearchAction\",\"target\":{\"@type\":\"EntryPoint\",\"urlTemplate\":\"https:\\\/\\\/dorogimedence.hu\\\/?s={search_term_string}\"},\"query-input\":{\"@type\":\"PropertyValueSpecification\",\"valueRequired\":true,\"valueName\":\"search_term_string\"}}],\"inLanguage\":\"hu\"},{\"@type\":\"Organization\",\"@id\":\"https:\\\/\\\/dorogimedence.hu\\\/#organization\",\"name\":\"Dorogi-medence Region\u00e1lis H\u00edrport\u00e1l\",\"url\":\"https:\\\/\\\/dorogimedence.hu\\\/\",\"logo\":{\"@type\":\"ImageObject\",\"inLanguage\":\"hu\",\"@id\":\"https:\\\/\\\/dorogimedence.hu\\\/#\\\/schema\\\/logo\\\/image\\\/\",\"url\":\"https:\\\/\\\/dorogimedence.hu\\\/wp-content\\\/uploads\\\/2021\\\/04\\\/logo-feher-600.png\",\"contentUrl\":\"https:\\\/\\\/dorogimedence.hu\\\/wp-content\\\/uploads\\\/2021\\\/04\\\/logo-feher-600.png\",\"width\":600,\"height\":100,\"caption\":\"Dorogi-medence Region\u00e1lis H\u00edrport\u00e1l\"},\"image\":{\"@id\":\"https:\\\/\\\/dorogimedence.hu\\\/#\\\/schema\\\/logo\\\/image\\\/\"},\"sameAs\":[\"https:\\\/\\\/www.facebook.com\\\/dorogimedence\\\/\"]},{\"@type\":\"Person\",\"@id\":\"https:\\\/\\\/dorogimedence.hu\\\/#\\\/schema\\\/person\\\/ce6091eeb7e95ecdc87890d6aa8e0fd4\",\"name\":\"dorogimedence.hu\",\"image\":{\"@type\":\"ImageObject\",\"inLanguage\":\"hu\",\"@id\":\"\\\/\\\/www.gravatar.com\\\/avatar\\\/d8d45f8901aadff40a4af72c0b826f1d?s=96&#038;r=g&#038;d=mm\",\"url\":\"\\\/\\\/www.gravatar.com\\\/avatar\\\/d8d45f8901aadff40a4af72c0b826f1d?s=96&#038;r=g&#038;d=mm\",\"contentUrl\":\"\\\/\\\/www.gravatar.com\\\/avatar\\\/d8d45f8901aadff40a4af72c0b826f1d?s=96&#038;r=g&#038;d=mm\",\"caption\":\"dorogimedence.hu\"}}]}<\/script>\n<!-- \/ Yoast SEO plugin. -->","yoast_head_json":{"title":"Ingyenes csal\u00e1dmegtart\u00f3 foglalkoz\u00e1sok a lelki eg\u00e9szs\u00e9g\u00e9rt Esztergomban","robots":{"index":"index","follow":"follow","max-snippet":"max-snippet:-1","max-image-preview":"max-image-preview:large","max-video-preview":"max-video-preview:-1"},"canonical":"https:\/\/dorogimedence.hu\/index.php\/2021\/11\/11\/ingyenes-csaladmegtarto-foglalkozasok-a-lelki-egeszsegert-esztergomban\/","og_locale":"hu_HU","og_type":"article","og_title":"Ingyenes csal\u00e1dmegtart\u00f3 foglalkoz\u00e1sok a lelki eg\u00e9szs\u00e9g\u00e9rt Esztergomban","og_description":"A fogantat\u00e1s t\u00e9m\u00e1j\u00e1t\u00f3l eg\u00e9szen a kamaszokkal val\u00f3 kih\u00edv\u00e1sokon \u00e1t felmer\u00fcl\u0151 k\u00e9rd\u00e9sekre kaphatnak v\u00e1laszokat \u00e9s lelki t\u00e1mogat\u00e1st p\u00e1rok \u00e9s csal\u00e1dok. A F\u00f3kuszban a csal\u00e1d! c\u00edmmel indul\u00f3 csal\u00e1dmegtart\u00f3 el\u0151ad\u00e1sok \u00e9s foglalkoz\u00e1sok keret\u00e9ben az Eg\u00e9szs\u00e9ges L\u00e9lek, Eg\u00e9szs\u00e9ges \u00c9let Alap\u00edtv\u00e1ny szakmai csapata az Esztergomban \u00e9s t\u00e9rs\u00e9g\u00e9ben \u00e9l\u0151knek k\u00edv\u00e1n ment\u00e1lhigi\u00e9n\u00e9s seg\u00edts\u00e9get ny\u00fajtani. A november m\u00e1sodik fel\u00e9ben indul\u00f3 \u00e9s j\u00f6v\u0151 augusztusig","og_url":"https:\/\/dorogimedence.hu\/index.php\/2021\/11\/11\/ingyenes-csaladmegtarto-foglalkozasok-a-lelki-egeszsegert-esztergomban\/","og_site_name":"Dorogi-medence Region\u00e1lis H\u00edrport\u00e1l","article_publisher":"https:\/\/www.facebook.com\/dorogimedence\/","article_published_time":"2021-11-11T10:15:51+00:00","article_modified_time":"2021-11-11T10:16:12+00:00","og_image":[{"width":1920,"height":1280,"url":"https:\/\/i0.wp.com\/dorogimedence.hu\/wp-content\/uploads\/2021\/11\/hands-2847508_1920.jpg?fit=1920%2C1280&ssl=1","type":"image\/jpeg"}],"author":"dorogimedence.hu","twitter_card":"summary_large_image","twitter_misc":{"Szerz\u0151:":"dorogimedence.hu","Becs\u00fclt olvas\u00e1si id\u0151":"3 perc"},"schema":{"@context":"https:\/\/schema.org","@graph":[{"@type":"Article","@id":"https:\/\/dorogimedence.hu\/index.php\/2021\/11\/11\/ingyenes-csaladmegtarto-foglalkozasok-a-lelki-egeszsegert-esztergomban\/#article","isPartOf":{"@id":"https:\/\/dorogimedence.hu\/index.php\/2021\/11\/11\/ingyenes-csaladmegtarto-foglalkozasok-a-lelki-egeszsegert-esztergomban\/"},"author":{"name":"dorogimedence.hu","@id":"https:\/\/dorogimedence.hu\/#\/schema\/person\/ce6091eeb7e95ecdc87890d6aa8e0fd4"},"headline":"Ingyenes csal\u00e1dmegtart\u00f3 foglalkoz\u00e1sok a lelki eg\u00e9szs\u00e9g\u00e9rt Esztergomban","datePublished":"2021-11-11T10:15:51+00:00","dateModified":"2021-11-11T10:16:12+00:00","mainEntityOfPage":{"@id":"https:\/\/dorogimedence.hu\/index.php\/2021\/11\/11\/ingyenes-csaladmegtarto-foglalkozasok-a-lelki-egeszsegert-esztergomban\/"},"wordCount":579,"publisher":{"@id":"https:\/\/dorogimedence.hu\/#organization"},"image":{"@id":"https:\/\/dorogimedence.hu\/index.php\/2021\/11\/11\/ingyenes-csaladmegtarto-foglalkozasok-a-lelki-egeszsegert-esztergomban\/#primaryimage"},"thumbnailUrl":"https:\/\/dorogimedence.hu\/wp-content\/uploads\/2021\/11\/hands-2847508_1920.jpg","keywords":["csal\u00e1d","esztergom","foglalkoz\u00e1s","program"],"articleSection":["Esztergom","H\u00edrek","Programok"],"inLanguage":"hu"},{"@type":"WebPage","@id":"https:\/\/dorogimedence.hu\/index.php\/2021\/11\/11\/ingyenes-csaladmegtarto-foglalkozasok-a-lelki-egeszsegert-esztergomban\/","url":"https:\/\/dorogimedence.hu\/index.php\/2021\/11\/11\/ingyenes-csaladmegtarto-foglalkozasok-a-lelki-egeszsegert-esztergomban\/","name":"Ingyenes csal\u00e1dmegtart\u00f3 foglalkoz\u00e1sok a lelki eg\u00e9szs\u00e9g\u00e9rt Esztergomban","isPartOf":{"@id":"https:\/\/dorogimedence.hu\/#website"},"primaryImageOfPage":{"@id":"https:\/\/dorogimedence.hu\/index.php\/2021\/11\/11\/ingyenes-csaladmegtarto-foglalkozasok-a-lelki-egeszsegert-esztergomban\/#primaryimage"},"image":{"@id":"https:\/\/dorogimedence.hu\/index.php\/2021\/11\/11\/ingyenes-csaladmegtarto-foglalkozasok-a-lelki-egeszsegert-esztergomban\/#primaryimage"},"thumbnailUrl":"https:\/\/dorogimedence.hu\/wp-content\/uploads\/2021\/11\/hands-2847508_1920.jpg","datePublished":"2021-11-11T10:15:51+00:00","dateModified":"2021-11-11T10:16:12+00:00","breadcrumb":{"@id":"https:\/\/dorogimedence.hu\/index.php\/2021\/11\/11\/ingyenes-csaladmegtarto-foglalkozasok-a-lelki-egeszsegert-esztergomban\/#breadcrumb"},"inLanguage":"hu","potentialAction":[{"@type":"ReadAction","target":["https:\/\/dorogimedence.hu\/index.php\/2021\/11\/11\/ingyenes-csaladmegtarto-foglalkozasok-a-lelki-egeszsegert-esztergomban\/"]}]},{"@type":"ImageObject","inLanguage":"hu","@id":"https:\/\/dorogimedence.hu\/index.php\/2021\/11\/11\/ingyenes-csaladmegtarto-foglalkozasok-a-lelki-egeszsegert-esztergomban\/#primaryimage","url":"https:\/\/dorogimedence.hu\/wp-content\/uploads\/2021\/11\/hands-2847508_1920.jpg","contentUrl":"https:\/\/dorogimedence.hu\/wp-content\/uploads\/2021\/11\/hands-2847508_1920.jpg","width":1920,"height":1280},{"@type":"BreadcrumbList","@id":"https:\/\/dorogimedence.hu\/index.php\/2021\/11\/11\/ingyenes-csaladmegtarto-foglalkozasok-a-lelki-egeszsegert-esztergomban\/#breadcrumb","itemListElement":[{"@type":"ListItem","position":1,"name":"Kezd\u0151lap","item":"https:\/\/dorogimedence.hu\/"},{"@type":"ListItem","position":2,"name":"Ingyenes csal\u00e1dmegtart\u00f3 foglalkoz\u00e1sok a lelki eg\u00e9szs\u00e9g\u00e9rt Esztergomban"}]},{"@type":"WebSite","@id":"https:\/\/dorogimedence.hu\/#website","url":"https:\/\/dorogimedence.hu\/","name":"Dorogi-medence Region\u00e1lis H\u00edrport\u00e1l","description":"Dorog, Keszt\u00f6lc, Le\u00e1nyv\u00e1r, Piliscs\u00e9v, Tokod, Tokodalt\u00e1r\u00f3, Csolnok, Esztergom-kertv\u00e1ros: h\u00edrek, programok","publisher":{"@id":"https:\/\/dorogimedence.hu\/#organization"},"potentialAction":[{"@type":"SearchAction","target":{"@type":"EntryPoint","urlTemplate":"https:\/\/dorogimedence.hu\/?s={search_term_string}"},"query-input":{"@type":"PropertyValueSpecification","valueRequired":true,"valueName":"search_term_string"}}],"inLanguage":"hu"},{"@type":"Organization","@id":"https:\/\/dorogimedence.hu\/#organization","name":"Dorogi-medence Region\u00e1lis H\u00edrport\u00e1l","url":"https:\/\/dorogimedence.hu\/","logo":{"@type":"ImageObject","inLanguage":"hu","@id":"https:\/\/dorogimedence.hu\/#\/schema\/logo\/image\/","url":"https:\/\/dorogimedence.hu\/wp-content\/uploads\/2021\/04\/logo-feher-600.png","contentUrl":"https:\/\/dorogimedence.hu\/wp-content\/uploads\/2021\/04\/logo-feher-600.png","width":600,"height":100,"caption":"Dorogi-medence Region\u00e1lis H\u00edrport\u00e1l"},"image":{"@id":"https:\/\/dorogimedence.hu\/#\/schema\/logo\/image\/"},"sameAs":["https:\/\/www.facebook.com\/dorogimedence\/"]},{"@type":"Person","@id":"https:\/\/dorogimedence.hu\/#\/schema\/person\/ce6091eeb7e95ecdc87890d6aa8e0fd4","name":"dorogimedence.hu","image":{"@type":"ImageObject","inLanguage":"hu","@id":"\/\/www.gravatar.com\/avatar\/d8d45f8901aadff40a4af72c0b826f1d?s=96&#038;r=g&#038;d=mm","url":"\/\/www.gravatar.com\/avatar\/d8d45f8901aadff40a4af72c0b826f1d?s=96&#038;r=g&#038;d=mm","contentUrl":"\/\/www.gravatar.com\/avatar\/d8d45f8901aadff40a4af72c0b826f1d?s=96&#038;r=g&#038;d=mm","caption":"dorogimedence.hu"}}]}},"_links":{"self":[{"href":"https:\/\/dorogimedence.hu\/index.php\/wp-json\/wp\/v2\/posts\/38442","targetHints":{"allow":["GET"]}}],"collection":[{"href":"https:\/\/dorogimedence.hu\/index.php\/wp-json\/wp\/v2\/posts"}],"about":[{"href":"https:\/\/dorogimedence.hu\/index.php\/wp-json\/wp\/v2\/types\/post"}],"author":[{"embeddable":true,"href":"https:\/\/dorogimedence.hu\/index.php\/wp-json\/wp\/v2\/users\/1"}],"replies":[{"embeddable":true,"href":"https:\/\/dorogimedence.hu\/index.php\/wp-json\/wp\/v2\/comments?post=38442"}],"version-history":[{"count":0,"href":"https:\/\/dorogimedence.hu\/index.php\/wp-json\/wp\/v2\/posts\/38442\/revisions"}],"wp:featuredmedia":[{"embeddable":true,"href":"https:\/\/dorogimedence.hu\/index.php\/wp-json\/wp\/v2\/media\/38443"}],"wp:attachment":[{"href":"https:\/\/dorogimedence.hu\/index.php\/wp-json\/wp\/v2\/media?parent=38442"}],"wp:term":[{"taxonomy":"category","embeddable":true,"href":"https:\/\/dorogimedence.hu\/index.php\/wp-json\/wp\/v2\/categories?post=38442"},{"taxonomy":"post_tag","embeddable":true,"href":"https:\/\/dorogimedence.hu\/index.php\/wp-json\/wp\/v2\/tags?post=38442"}],"curies":[{"name":"wp","href":"https:\/\/api.w.org\/{rel}","templated":true}]}}