{"id":38424,"date":"2021-11-10T11:32:40","date_gmt":"2021-11-10T10:32:40","guid":{"rendered":"https:\/\/dorogimedence.hu\/?p=38424"},"modified":"2021-11-10T11:33:17","modified_gmt":"2021-11-10T10:33:17","slug":"szavazhatunk-az-ev-fajara","status":"publish","type":"post","link":"https:\/\/dorogimedence.hu\/index.php\/2021\/11\/10\/szavazhatunk-az-ev-fajara\/","title":{"rendered":"Szavazhatunk az \u00c9v F\u00e1j\u00e1ra"},"content":{"rendered":"<p><strong>Melyik legyen az \u00c9v F\u00e1ja 2022-ben? A Kecskef\u0171z, a Nagylevel\u0171 h\u00e1rs, vagy a Rezg\u0151 ny\u00e1r? November 19-ig a h\u00e1rom fafaj egyik\u00e9re m\u00e9g leadhatja a voks\u00e1t!<\/strong><\/p>\n<p>A szavaz\u00e1sra az \u00c9v f\u00e1ja honlapon ny\u00edlik lehet\u0151s\u00e9g minden egy\u00e9ni felhaszn\u00e1l\u00f3 r\u00e9sz\u00e9re egyszeri alkalommal. Ugyanezen a fel\u00fcleten tekinthet\u0151 meg a szavaz\u00e1s naprak\u00e9sz \u00e1ll\u00e1sa is: <span style=\"color: #0000ff;\"><u><a style=\"color: #0000ff;\" href=\"http:\/\/www.azevfaja.hu\/szavazas\" target=\"_blank\" rel=\"noopener\">http:\/\/www.azevfaja.hu\/szavazas<\/a><\/u><\/span><\/p>\n<p>Kecskef\u0171z (Salix caprea): A h\u00fasv\u00e9ti bark\u00e1t r\u00e9szben ez a faj szolg\u00e1ltatja, fatermet\u0171 egyedei viszont ritkas\u00e1gsz\u00e1mba mennek, mivel \u00e9vsz\u00e1zadokon kereszt\u00fcl gyomf\u00e1nak tekintett\u00e9k, s ma is igyekeznek felver\u0151d\u0151 egyedeit visszaszor\u00edtani. Egyetlen f\u0171zfajunk, amely t\u00f6bbletv\u00edz n\u00e9lk\u00fcl \u00e9l, az alf\u00f6ld\u00f6n kimondottan ritka.<\/p>\n<p>Nagylevel\u0171 h\u00e1rs (Tilia platyphyllos): Hegyvid\u00e9keink \u00fcde erdeinek elegyf\u00e1ja, k\u00f6ves-szikl\u00e1s, k\u0151g\u00f6rgeteges talajokon is meg\u00e9l. Matuzs\u00e1lemi p\u00e9ld\u00e1nyai t\u00f6bbsz\u00e1z \u00e9ves \u00e9letkor\u00faak, j\u00f3 m\u00e9zel\u0151, sz\u00e1r\u00edtott vir\u00e1gzata ismert gy\u00f3gytea. Intenz\u00edv fel\u00fajul\u00f3k\u00e9pess\u00e9ge miatt a gazdas\u00e1gi erd\u0151kben visszaszor\u00edtott\u00e1k, a nagyvad is er\u0151sen k\u00e1ros\u00edtja.<\/p>\n<p>Rezg\u0151 ny\u00e1r (Populus tremula): Hegy- \u00e9s dombvid\u00e9keink jellemz\u0151 pion\u00edr fafaja, fontos szerepe van az erod\u00e1lt, lepusztult talajok \u00fajraerd\u0151s\u00fcl\u00e9s\u00e9ben. Tarra v\u00e1gott ter\u00fcleteken t\u00f6megesen ver\u0151dhet fel, ez\u00e9rt igyekeznek vissza\u00adszor\u00edtani. Eleg\u00e1ns megjelen\u00e9s\u00e9vel n\u00f6veli erdeink eszt\u00e9tikai \u00e9rt\u00e9k\u00e9t, sz\u00e1mos faj k\u00f6t\u0151dik hozz\u00e1.<\/p>\n<p><em>Fot\u00f3k, forr\u00e1s: azevfaja.hu<\/em><\/p>\n","protected":false},"excerpt":{"rendered":"<p>Melyik legyen az \u00c9v F\u00e1ja 2022-ben? A Kecskef\u0171z, a Nagylevel\u0171 h\u00e1rs, vagy a Rezg\u0151 ny\u00e1r? November 19-ig a h\u00e1rom fafaj egyik\u00e9re m\u00e9g leadhatja a voks\u00e1t! A szavaz\u00e1sra az \u00c9v f\u00e1ja honlapon ny\u00edlik lehet\u0151s\u00e9g minden egy\u00e9ni felhaszn\u00e1l\u00f3 r\u00e9sz\u00e9re egyszeri alkalommal. Ugyanezen a fel\u00fcleten tekinthet\u0151 meg a szavaz\u00e1s naprak\u00e9sz \u00e1ll\u00e1sa is: http:\/\/www.azevfaja.hu\/szavazas Kecskef\u0171z (Salix caprea): A h\u00fasv\u00e9ti<\/p>\n","protected":false},"author":1,"featured_media":38425,"comment_status":"closed","ping_status":"closed","sticky":false,"template":"","format":"standard","meta":{"ngg_post_thumbnail":0,"footnotes":""},"categories":[3],"tags":[6093,6094],"class_list":{"0":"post-38424","1":"post","2":"type-post","3":"status-publish","4":"format-standard","5":"has-post-thumbnail","7":"category-hirek","8":"tag-ev-faja","9":"tag-ev-faja-2022"},"yoast_head":"<!-- This site is optimized with the Yoast SEO plugin v27.4 - https:\/\/yoast.com\/product\/yoast-seo-wordpress\/ -->\n<title>Szavazhatunk az \u00c9v F\u00e1j\u00e1ra<\/title>\n<meta name=\"robots\" content=\"index, follow, max-snippet:-1, max-image-preview:large, max-video-preview:-1\" \/>\n<link rel=\"canonical\" href=\"https:\/\/dorogimedence.hu\/index.php\/2021\/11\/10\/szavazhatunk-az-ev-fajara\/\" class=\"yoast-seo-meta-tag\" \/>\n<meta property=\"og:locale\" content=\"hu_HU\" class=\"yoast-seo-meta-tag\" \/>\n<meta property=\"og:type\" content=\"article\" class=\"yoast-seo-meta-tag\" \/>\n<meta property=\"og:title\" content=\"Szavazhatunk az \u00c9v F\u00e1j\u00e1ra\" class=\"yoast-seo-meta-tag\" \/>\n<meta property=\"og:description\" content=\"Melyik legyen az \u00c9v F\u00e1ja 2022-ben? A Kecskef\u0171z, a Nagylevel\u0171 h\u00e1rs, vagy a Rezg\u0151 ny\u00e1r? November 19-ig a h\u00e1rom fafaj egyik\u00e9re m\u00e9g leadhatja a voks\u00e1t! A szavaz\u00e1sra az \u00c9v f\u00e1ja honlapon ny\u00edlik lehet\u0151s\u00e9g minden egy\u00e9ni felhaszn\u00e1l\u00f3 r\u00e9sz\u00e9re egyszeri alkalommal. Ugyanezen a fel\u00fcleten tekinthet\u0151 meg a szavaz\u00e1s naprak\u00e9sz \u00e1ll\u00e1sa is: http:\/\/www.azevfaja.hu\/szavazas Kecskef\u0171z (Salix caprea): A h\u00fasv\u00e9ti\" class=\"yoast-seo-meta-tag\" \/>\n<meta property=\"og:url\" content=\"https:\/\/dorogimedence.hu\/index.php\/2021\/11\/10\/szavazhatunk-az-ev-fajara\/\" class=\"yoast-seo-meta-tag\" \/>\n<meta property=\"og:site_name\" content=\"Dorogi-medence Region\u00e1lis H\u00edrport\u00e1l\" class=\"yoast-seo-meta-tag\" \/>\n<meta property=\"article:publisher\" content=\"https:\/\/www.facebook.com\/dorogimedence\/\" class=\"yoast-seo-meta-tag\" \/>\n<meta property=\"article:published_time\" content=\"2021-11-10T10:32:40+00:00\" class=\"yoast-seo-meta-tag\" \/>\n<meta property=\"article:modified_time\" content=\"2021-11-10T10:33:17+00:00\" class=\"yoast-seo-meta-tag\" \/>\n<meta property=\"og:image\" content=\"https:\/\/i0.wp.com\/dorogimedence.hu\/wp-content\/uploads\/2021\/11\/azevfaja.jpg?fit=2367%2C1179&ssl=1\" class=\"yoast-seo-meta-tag\" \/>\n\t<meta property=\"og:image:width\" content=\"2367\" class=\"yoast-seo-meta-tag\" \/>\n\t<meta property=\"og:image:height\" content=\"1179\" class=\"yoast-seo-meta-tag\" \/>\n\t<meta property=\"og:image:type\" content=\"image\/jpeg\" class=\"yoast-seo-meta-tag\" \/>\n<meta name=\"author\" content=\"dorogimedence.hu\" class=\"yoast-seo-meta-tag\" \/>\n<meta name=\"twitter:card\" content=\"summary_large_image\" class=\"yoast-seo-meta-tag\" \/>\n<meta name=\"twitter:label1\" content=\"Szerz\u0151:\" class=\"yoast-seo-meta-tag\" \/>\n\t<meta name=\"twitter:data1\" content=\"dorogimedence.hu\" class=\"yoast-seo-meta-tag\" \/>\n\t<meta name=\"twitter:label2\" content=\"Becs\u00fclt olvas\u00e1si id\u0151\" class=\"yoast-seo-meta-tag\" \/>\n\t<meta name=\"twitter:data2\" content=\"1 perc\" class=\"yoast-seo-meta-tag\" \/>\n<script type=\"application\/ld+json\" class=\"yoast-schema-graph\">{\"@context\":\"https:\\\/\\\/schema.org\",\"@graph\":[{\"@type\":\"Article\",\"@id\":\"https:\\\/\\\/dorogimedence.hu\\\/index.php\\\/2021\\\/11\\\/10\\\/szavazhatunk-az-ev-fajara\\\/#article\",\"isPartOf\":{\"@id\":\"https:\\\/\\\/dorogimedence.hu\\\/index.php\\\/2021\\\/11\\\/10\\\/szavazhatunk-az-ev-fajara\\\/\"},\"author\":{\"name\":\"dorogimedence.hu\",\"@id\":\"https:\\\/\\\/dorogimedence.hu\\\/#\\\/schema\\\/person\\\/ce6091eeb7e95ecdc87890d6aa8e0fd4\"},\"headline\":\"Szavazhatunk az \u00c9v F\u00e1j\u00e1ra\",\"datePublished\":\"2021-11-10T10:32:40+00:00\",\"dateModified\":\"2021-11-10T10:33:17+00:00\",\"mainEntityOfPage\":{\"@id\":\"https:\\\/\\\/dorogimedence.hu\\\/index.php\\\/2021\\\/11\\\/10\\\/szavazhatunk-az-ev-fajara\\\/\"},\"wordCount\":275,\"publisher\":{\"@id\":\"https:\\\/\\\/dorogimedence.hu\\\/#organization\"},\"image\":{\"@id\":\"https:\\\/\\\/dorogimedence.hu\\\/index.php\\\/2021\\\/11\\\/10\\\/szavazhatunk-az-ev-fajara\\\/#primaryimage\"},\"thumbnailUrl\":\"https:\\\/\\\/dorogimedence.hu\\\/wp-content\\\/uploads\\\/2021\\\/11\\\/azevfaja.jpg\",\"keywords\":[\"\u00c9v F\u00e1ja\",\"\u00c9v F\u00e1ja 2022\"],\"articleSection\":[\"H\u00edrek\"],\"inLanguage\":\"hu\"},{\"@type\":\"WebPage\",\"@id\":\"https:\\\/\\\/dorogimedence.hu\\\/index.php\\\/2021\\\/11\\\/10\\\/szavazhatunk-az-ev-fajara\\\/\",\"url\":\"https:\\\/\\\/dorogimedence.hu\\\/index.php\\\/2021\\\/11\\\/10\\\/szavazhatunk-az-ev-fajara\\\/\",\"name\":\"Szavazhatunk az \u00c9v F\u00e1j\u00e1ra\",\"isPartOf\":{\"@id\":\"https:\\\/\\\/dorogimedence.hu\\\/#website\"},\"primaryImageOfPage\":{\"@id\":\"https:\\\/\\\/dorogimedence.hu\\\/index.php\\\/2021\\\/11\\\/10\\\/szavazhatunk-az-ev-fajara\\\/#primaryimage\"},\"image\":{\"@id\":\"https:\\\/\\\/dorogimedence.hu\\\/index.php\\\/2021\\\/11\\\/10\\\/szavazhatunk-az-ev-fajara\\\/#primaryimage\"},\"thumbnailUrl\":\"https:\\\/\\\/dorogimedence.hu\\\/wp-content\\\/uploads\\\/2021\\\/11\\\/azevfaja.jpg\",\"datePublished\":\"2021-11-10T10:32:40+00:00\",\"dateModified\":\"2021-11-10T10:33:17+00:00\",\"breadcrumb\":{\"@id\":\"https:\\\/\\\/dorogimedence.hu\\\/index.php\\\/2021\\\/11\\\/10\\\/szavazhatunk-az-ev-fajara\\\/#breadcrumb\"},\"inLanguage\":\"hu\",\"potentialAction\":[{\"@type\":\"ReadAction\",\"target\":[\"https:\\\/\\\/dorogimedence.hu\\\/index.php\\\/2021\\\/11\\\/10\\\/szavazhatunk-az-ev-fajara\\\/\"]}]},{\"@type\":\"ImageObject\",\"inLanguage\":\"hu\",\"@id\":\"https:\\\/\\\/dorogimedence.hu\\\/index.php\\\/2021\\\/11\\\/10\\\/szavazhatunk-az-ev-fajara\\\/#primaryimage\",\"url\":\"https:\\\/\\\/dorogimedence.hu\\\/wp-content\\\/uploads\\\/2021\\\/11\\\/azevfaja.jpg\",\"contentUrl\":\"https:\\\/\\\/dorogimedence.hu\\\/wp-content\\\/uploads\\\/2021\\\/11\\\/azevfaja.jpg\",\"width\":2367,\"height\":1179},{\"@type\":\"BreadcrumbList\",\"@id\":\"https:\\\/\\\/dorogimedence.hu\\\/index.php\\\/2021\\\/11\\\/10\\\/szavazhatunk-az-ev-fajara\\\/#breadcrumb\",\"itemListElement\":[{\"@type\":\"ListItem\",\"position\":1,\"name\":\"Kezd\u0151lap\",\"item\":\"https:\\\/\\\/dorogimedence.hu\\\/\"},{\"@type\":\"ListItem\",\"position\":2,\"name\":\"Szavazhatunk az \u00c9v F\u00e1j\u00e1ra\"}]},{\"@type\":\"WebSite\",\"@id\":\"https:\\\/\\\/dorogimedence.hu\\\/#website\",\"url\":\"https:\\\/\\\/dorogimedence.hu\\\/\",\"name\":\"Dorogi-medence Region\u00e1lis H\u00edrport\u00e1l\",\"description\":\"Dorog, Keszt\u00f6lc, Le\u00e1nyv\u00e1r, Piliscs\u00e9v, Tokod, Tokodalt\u00e1r\u00f3, Csolnok, Esztergom-kertv\u00e1ros: h\u00edrek, programok\",\"publisher\":{\"@id\":\"https:\\\/\\\/dorogimedence.hu\\\/#organization\"},\"potentialAction\":[{\"@type\":\"SearchAction\",\"target\":{\"@type\":\"EntryPoint\",\"urlTemplate\":\"https:\\\/\\\/dorogimedence.hu\\\/?s={search_term_string}\"},\"query-input\":{\"@type\":\"PropertyValueSpecification\",\"valueRequired\":true,\"valueName\":\"search_term_string\"}}],\"inLanguage\":\"hu\"},{\"@type\":\"Organization\",\"@id\":\"https:\\\/\\\/dorogimedence.hu\\\/#organization\",\"name\":\"Dorogi-medence Region\u00e1lis H\u00edrport\u00e1l\",\"url\":\"https:\\\/\\\/dorogimedence.hu\\\/\",\"logo\":{\"@type\":\"ImageObject\",\"inLanguage\":\"hu\",\"@id\":\"https:\\\/\\\/dorogimedence.hu\\\/#\\\/schema\\\/logo\\\/image\\\/\",\"url\":\"https:\\\/\\\/dorogimedence.hu\\\/wp-content\\\/uploads\\\/2021\\\/04\\\/logo-feher-600.png\",\"contentUrl\":\"https:\\\/\\\/dorogimedence.hu\\\/wp-content\\\/uploads\\\/2021\\\/04\\\/logo-feher-600.png\",\"width\":600,\"height\":100,\"caption\":\"Dorogi-medence Region\u00e1lis H\u00edrport\u00e1l\"},\"image\":{\"@id\":\"https:\\\/\\\/dorogimedence.hu\\\/#\\\/schema\\\/logo\\\/image\\\/\"},\"sameAs\":[\"https:\\\/\\\/www.facebook.com\\\/dorogimedence\\\/\"]},{\"@type\":\"Person\",\"@id\":\"https:\\\/\\\/dorogimedence.hu\\\/#\\\/schema\\\/person\\\/ce6091eeb7e95ecdc87890d6aa8e0fd4\",\"name\":\"dorogimedence.hu\",\"image\":{\"@type\":\"ImageObject\",\"inLanguage\":\"hu\",\"@id\":\"\\\/\\\/www.gravatar.com\\\/avatar\\\/d8d45f8901aadff40a4af72c0b826f1d?s=96&#038;r=g&#038;d=mm\",\"url\":\"\\\/\\\/www.gravatar.com\\\/avatar\\\/d8d45f8901aadff40a4af72c0b826f1d?s=96&#038;r=g&#038;d=mm\",\"contentUrl\":\"\\\/\\\/www.gravatar.com\\\/avatar\\\/d8d45f8901aadff40a4af72c0b826f1d?s=96&#038;r=g&#038;d=mm\",\"caption\":\"dorogimedence.hu\"}}]}<\/script>\n<!-- \/ Yoast SEO plugin. -->","yoast_head_json":{"title":"Szavazhatunk az \u00c9v F\u00e1j\u00e1ra","robots":{"index":"index","follow":"follow","max-snippet":"max-snippet:-1","max-image-preview":"max-image-preview:large","max-video-preview":"max-video-preview:-1"},"canonical":"https:\/\/dorogimedence.hu\/index.php\/2021\/11\/10\/szavazhatunk-az-ev-fajara\/","og_locale":"hu_HU","og_type":"article","og_title":"Szavazhatunk az \u00c9v F\u00e1j\u00e1ra","og_description":"Melyik legyen az \u00c9v F\u00e1ja 2022-ben? A Kecskef\u0171z, a Nagylevel\u0171 h\u00e1rs, vagy a Rezg\u0151 ny\u00e1r? November 19-ig a h\u00e1rom fafaj egyik\u00e9re m\u00e9g leadhatja a voks\u00e1t! A szavaz\u00e1sra az \u00c9v f\u00e1ja honlapon ny\u00edlik lehet\u0151s\u00e9g minden egy\u00e9ni felhaszn\u00e1l\u00f3 r\u00e9sz\u00e9re egyszeri alkalommal. Ugyanezen a fel\u00fcleten tekinthet\u0151 meg a szavaz\u00e1s naprak\u00e9sz \u00e1ll\u00e1sa is: http:\/\/www.azevfaja.hu\/szavazas Kecskef\u0171z (Salix caprea): A h\u00fasv\u00e9ti","og_url":"https:\/\/dorogimedence.hu\/index.php\/2021\/11\/10\/szavazhatunk-az-ev-fajara\/","og_site_name":"Dorogi-medence Region\u00e1lis H\u00edrport\u00e1l","article_publisher":"https:\/\/www.facebook.com\/dorogimedence\/","article_published_time":"2021-11-10T10:32:40+00:00","article_modified_time":"2021-11-10T10:33:17+00:00","og_image":[{"width":2367,"height":1179,"url":"https:\/\/i0.wp.com\/dorogimedence.hu\/wp-content\/uploads\/2021\/11\/azevfaja.jpg?fit=2367%2C1179&ssl=1","type":"image\/jpeg"}],"author":"dorogimedence.hu","twitter_card":"summary_large_image","twitter_misc":{"Szerz\u0151:":"dorogimedence.hu","Becs\u00fclt olvas\u00e1si id\u0151":"1 perc"},"schema":{"@context":"https:\/\/schema.org","@graph":[{"@type":"Article","@id":"https:\/\/dorogimedence.hu\/index.php\/2021\/11\/10\/szavazhatunk-az-ev-fajara\/#article","isPartOf":{"@id":"https:\/\/dorogimedence.hu\/index.php\/2021\/11\/10\/szavazhatunk-az-ev-fajara\/"},"author":{"name":"dorogimedence.hu","@id":"https:\/\/dorogimedence.hu\/#\/schema\/person\/ce6091eeb7e95ecdc87890d6aa8e0fd4"},"headline":"Szavazhatunk az \u00c9v F\u00e1j\u00e1ra","datePublished":"2021-11-10T10:32:40+00:00","dateModified":"2021-11-10T10:33:17+00:00","mainEntityOfPage":{"@id":"https:\/\/dorogimedence.hu\/index.php\/2021\/11\/10\/szavazhatunk-az-ev-fajara\/"},"wordCount":275,"publisher":{"@id":"https:\/\/dorogimedence.hu\/#organization"},"image":{"@id":"https:\/\/dorogimedence.hu\/index.php\/2021\/11\/10\/szavazhatunk-az-ev-fajara\/#primaryimage"},"thumbnailUrl":"https:\/\/dorogimedence.hu\/wp-content\/uploads\/2021\/11\/azevfaja.jpg","keywords":["\u00c9v F\u00e1ja","\u00c9v F\u00e1ja 2022"],"articleSection":["H\u00edrek"],"inLanguage":"hu"},{"@type":"WebPage","@id":"https:\/\/dorogimedence.hu\/index.php\/2021\/11\/10\/szavazhatunk-az-ev-fajara\/","url":"https:\/\/dorogimedence.hu\/index.php\/2021\/11\/10\/szavazhatunk-az-ev-fajara\/","name":"Szavazhatunk az \u00c9v F\u00e1j\u00e1ra","isPartOf":{"@id":"https:\/\/dorogimedence.hu\/#website"},"primaryImageOfPage":{"@id":"https:\/\/dorogimedence.hu\/index.php\/2021\/11\/10\/szavazhatunk-az-ev-fajara\/#primaryimage"},"image":{"@id":"https:\/\/dorogimedence.hu\/index.php\/2021\/11\/10\/szavazhatunk-az-ev-fajara\/#primaryimage"},"thumbnailUrl":"https:\/\/dorogimedence.hu\/wp-content\/uploads\/2021\/11\/azevfaja.jpg","datePublished":"2021-11-10T10:32:40+00:00","dateModified":"2021-11-10T10:33:17+00:00","breadcrumb":{"@id":"https:\/\/dorogimedence.hu\/index.php\/2021\/11\/10\/szavazhatunk-az-ev-fajara\/#breadcrumb"},"inLanguage":"hu","potentialAction":[{"@type":"ReadAction","target":["https:\/\/dorogimedence.hu\/index.php\/2021\/11\/10\/szavazhatunk-az-ev-fajara\/"]}]},{"@type":"ImageObject","inLanguage":"hu","@id":"https:\/\/dorogimedence.hu\/index.php\/2021\/11\/10\/szavazhatunk-az-ev-fajara\/#primaryimage","url":"https:\/\/dorogimedence.hu\/wp-content\/uploads\/2021\/11\/azevfaja.jpg","contentUrl":"https:\/\/dorogimedence.hu\/wp-content\/uploads\/2021\/11\/azevfaja.jpg","width":2367,"height":1179},{"@type":"BreadcrumbList","@id":"https:\/\/dorogimedence.hu\/index.php\/2021\/11\/10\/szavazhatunk-az-ev-fajara\/#breadcrumb","itemListElement":[{"@type":"ListItem","position":1,"name":"Kezd\u0151lap","item":"https:\/\/dorogimedence.hu\/"},{"@type":"ListItem","position":2,"name":"Szavazhatunk az \u00c9v F\u00e1j\u00e1ra"}]},{"@type":"WebSite","@id":"https:\/\/dorogimedence.hu\/#website","url":"https:\/\/dorogimedence.hu\/","name":"Dorogi-medence Region\u00e1lis H\u00edrport\u00e1l","description":"Dorog, Keszt\u00f6lc, Le\u00e1nyv\u00e1r, Piliscs\u00e9v, Tokod, Tokodalt\u00e1r\u00f3, Csolnok, Esztergom-kertv\u00e1ros: h\u00edrek, programok","publisher":{"@id":"https:\/\/dorogimedence.hu\/#organization"},"potentialAction":[{"@type":"SearchAction","target":{"@type":"EntryPoint","urlTemplate":"https:\/\/dorogimedence.hu\/?s={search_term_string}"},"query-input":{"@type":"PropertyValueSpecification","valueRequired":true,"valueName":"search_term_string"}}],"inLanguage":"hu"},{"@type":"Organization","@id":"https:\/\/dorogimedence.hu\/#organization","name":"Dorogi-medence Region\u00e1lis H\u00edrport\u00e1l","url":"https:\/\/dorogimedence.hu\/","logo":{"@type":"ImageObject","inLanguage":"hu","@id":"https:\/\/dorogimedence.hu\/#\/schema\/logo\/image\/","url":"https:\/\/dorogimedence.hu\/wp-content\/uploads\/2021\/04\/logo-feher-600.png","contentUrl":"https:\/\/dorogimedence.hu\/wp-content\/uploads\/2021\/04\/logo-feher-600.png","width":600,"height":100,"caption":"Dorogi-medence Region\u00e1lis H\u00edrport\u00e1l"},"image":{"@id":"https:\/\/dorogimedence.hu\/#\/schema\/logo\/image\/"},"sameAs":["https:\/\/www.facebook.com\/dorogimedence\/"]},{"@type":"Person","@id":"https:\/\/dorogimedence.hu\/#\/schema\/person\/ce6091eeb7e95ecdc87890d6aa8e0fd4","name":"dorogimedence.hu","image":{"@type":"ImageObject","inLanguage":"hu","@id":"\/\/www.gravatar.com\/avatar\/d8d45f8901aadff40a4af72c0b826f1d?s=96&#038;r=g&#038;d=mm","url":"\/\/www.gravatar.com\/avatar\/d8d45f8901aadff40a4af72c0b826f1d?s=96&#038;r=g&#038;d=mm","contentUrl":"\/\/www.gravatar.com\/avatar\/d8d45f8901aadff40a4af72c0b826f1d?s=96&#038;r=g&#038;d=mm","caption":"dorogimedence.hu"}}]}},"_links":{"self":[{"href":"https:\/\/dorogimedence.hu\/index.php\/wp-json\/wp\/v2\/posts\/38424","targetHints":{"allow":["GET"]}}],"collection":[{"href":"https:\/\/dorogimedence.hu\/index.php\/wp-json\/wp\/v2\/posts"}],"about":[{"href":"https:\/\/dorogimedence.hu\/index.php\/wp-json\/wp\/v2\/types\/post"}],"author":[{"embeddable":true,"href":"https:\/\/dorogimedence.hu\/index.php\/wp-json\/wp\/v2\/users\/1"}],"replies":[{"embeddable":true,"href":"https:\/\/dorogimedence.hu\/index.php\/wp-json\/wp\/v2\/comments?post=38424"}],"version-history":[{"count":0,"href":"https:\/\/dorogimedence.hu\/index.php\/wp-json\/wp\/v2\/posts\/38424\/revisions"}],"wp:featuredmedia":[{"embeddable":true,"href":"https:\/\/dorogimedence.hu\/index.php\/wp-json\/wp\/v2\/media\/38425"}],"wp:attachment":[{"href":"https:\/\/dorogimedence.hu\/index.php\/wp-json\/wp\/v2\/media?parent=38424"}],"wp:term":[{"taxonomy":"category","embeddable":true,"href":"https:\/\/dorogimedence.hu\/index.php\/wp-json\/wp\/v2\/categories?post=38424"},{"taxonomy":"post_tag","embeddable":true,"href":"https:\/\/dorogimedence.hu\/index.php\/wp-json\/wp\/v2\/tags?post=38424"}],"curies":[{"name":"wp","href":"https:\/\/api.w.org\/{rel}","templated":true}]}}