{"id":38318,"date":"2021-11-05T09:09:09","date_gmt":"2021-11-05T08:09:09","guid":{"rendered":"https:\/\/dorogimedence.hu\/?p=38318"},"modified":"2021-11-05T09:16:10","modified_gmt":"2021-11-05T08:16:10","slug":"korhazi-dolgozokat-tuntettek-ki","status":"publish","type":"post","link":"https:\/\/dorogimedence.hu\/index.php\/2021\/11\/05\/korhazi-dolgozokat-tuntettek-ki\/","title":{"rendered":"K\u00f3rh\u00e1zi dolgoz\u00f3kat t\u00fcntettek ki"},"content":{"rendered":"<p><strong>Pro Sanitate elismer\u00e9st vehetett \u00e1t az esztergomi k\u00f3rh\u00e1z h\u00e1rom dolgoz\u00f3ja.<\/strong><\/p>\n<p>\u201e\u00d6r\u00f6mmel \u00e9s b\u00fcszkes\u00e9ggel osztjuk meg a h\u00edrt, miszerint 2021. okt\u00f3ber 26-\u00e1n prof. dr. K\u00e1sler Mikl\u00f3s Miniszter \u00dar a Vaszary Kolos K\u00f3rh\u00e1z h\u00e1rom dolgoz\u00f3j\u00e1nak munk\u00e1j\u00e1t Pro Sanitate elismer\u00e9ssel jutalmazta\u201d \u2013 k\u00f6z\u00f6lte k\u00f6z\u00f6ss\u00e9gi oldal\u00e1n az esztergomi Vaszary Kolos K\u00f3rh\u00e1z.<\/p>\n<p>Az int\u00e9zm\u00e9ny t\u00e1j\u00e9koztat\u00e1sa szerint Bark\u00f3czin\u00e9 Dr. Zsuk Ir\u00e9n f\u0151gy\u00f3gyszer\u00e9sz, Srutek Gabriella \u00e1pol\u00e1si igazgat\u00f3n\u0151 \u00e9s Sulyokn\u00e9 Szilas \u00c9va vezet\u0151 higi\u00e9nikus vehette \u00e1t az oklevelet. A k\u00f3rh\u00e1z sz\u00edvb\u0151l gratul\u00e1l az elismer\u00e9shez \u00e9s k\u00f6sz\u00f6ni a kit\u00fcntetettek munk\u00e1j\u00e1t.<\/p>\n<p>A Pro Sanitate d\u00edj az eg\u00e9szs\u00e9g\u00fcgyi ell\u00e1t\u00e1s \u00e9rdek\u00e9ben kifejtett kiemelked\u0151 szakmai vagy k\u00f6zszolg\u00e1lati tev\u00e9kenys\u00e9g\u00e9rt \u00e9vente legfeljebb 100 f\u0151 r\u00e9sz\u00e9re adom\u00e1nyozhat\u00f3, mellyel eml\u00e9k\u00e9rem, oklev\u00e9l \u00e9s p\u00e9nzjutalom j\u00e1r.<\/p>\n<p><em>Fot\u00f3k, forr\u00e1s: Vaszary Kolos K\u00f3rh\u00e1z Facebook oldala<\/em><\/p>\n","protected":false},"excerpt":{"rendered":"<p>Pro Sanitate elismer\u00e9st vehetett \u00e1t az esztergomi k\u00f3rh\u00e1z h\u00e1rom dolgoz\u00f3ja. \u201e\u00d6r\u00f6mmel \u00e9s b\u00fcszkes\u00e9ggel osztjuk meg a h\u00edrt, miszerint 2021. okt\u00f3ber 26-\u00e1n prof. dr. K\u00e1sler Mikl\u00f3s Miniszter \u00dar a Vaszary Kolos K\u00f3rh\u00e1z h\u00e1rom dolgoz\u00f3j\u00e1nak munk\u00e1j\u00e1t Pro Sanitate elismer\u00e9ssel jutalmazta\u201d \u2013 k\u00f6z\u00f6lte k\u00f6z\u00f6ss\u00e9gi oldal\u00e1n az esztergomi Vaszary Kolos K\u00f3rh\u00e1z. Az int\u00e9zm\u00e9ny t\u00e1j\u00e9koztat\u00e1sa szerint Bark\u00f3czin\u00e9 Dr. Zsuk Ir\u00e9n<\/p>\n","protected":false},"author":1,"featured_media":38319,"comment_status":"closed","ping_status":"closed","sticky":false,"template":"","format":"standard","meta":{"ngg_post_thumbnail":0,"footnotes":""},"categories":[38,3],"tags":[419,42,5062,519],"class_list":{"0":"post-38318","1":"post","2":"type-post","3":"status-publish","4":"format-standard","5":"has-post-thumbnail","7":"category-esztergom","8":"category-hirek","9":"tag-elismeres","10":"tag-esztergom","11":"tag-esztergomi-korhaz","12":"tag-kituntetes"},"yoast_head":"<!-- This site is optimized with the Yoast SEO plugin v27.5 - https:\/\/yoast.com\/product\/yoast-seo-wordpress\/ -->\n<title>K\u00f3rh\u00e1zi dolgoz\u00f3kat t\u00fcntettek ki<\/title>\n<meta name=\"robots\" content=\"index, follow, max-snippet:-1, max-image-preview:large, max-video-preview:-1\" \/>\n<link rel=\"canonical\" href=\"https:\/\/dorogimedence.hu\/index.php\/2021\/11\/05\/korhazi-dolgozokat-tuntettek-ki\/\" class=\"yoast-seo-meta-tag\" \/>\n<meta property=\"og:locale\" content=\"hu_HU\" class=\"yoast-seo-meta-tag\" \/>\n<meta property=\"og:type\" content=\"article\" class=\"yoast-seo-meta-tag\" \/>\n<meta property=\"og:title\" content=\"K\u00f3rh\u00e1zi dolgoz\u00f3kat t\u00fcntettek ki\" class=\"yoast-seo-meta-tag\" \/>\n<meta property=\"og:description\" content=\"Pro Sanitate elismer\u00e9st vehetett \u00e1t az esztergomi k\u00f3rh\u00e1z h\u00e1rom dolgoz\u00f3ja. \u201e\u00d6r\u00f6mmel \u00e9s b\u00fcszkes\u00e9ggel osztjuk meg a h\u00edrt, miszerint 2021. okt\u00f3ber 26-\u00e1n prof. dr. K\u00e1sler Mikl\u00f3s Miniszter \u00dar a Vaszary Kolos K\u00f3rh\u00e1z h\u00e1rom dolgoz\u00f3j\u00e1nak munk\u00e1j\u00e1t Pro Sanitate elismer\u00e9ssel jutalmazta\u201d \u2013 k\u00f6z\u00f6lte k\u00f6z\u00f6ss\u00e9gi oldal\u00e1n az esztergomi Vaszary Kolos K\u00f3rh\u00e1z. Az int\u00e9zm\u00e9ny t\u00e1j\u00e9koztat\u00e1sa szerint Bark\u00f3czin\u00e9 Dr. Zsuk Ir\u00e9n\" class=\"yoast-seo-meta-tag\" \/>\n<meta property=\"og:url\" content=\"https:\/\/dorogimedence.hu\/index.php\/2021\/11\/05\/korhazi-dolgozokat-tuntettek-ki\/\" class=\"yoast-seo-meta-tag\" \/>\n<meta property=\"og:site_name\" content=\"Dorogi-medence Region\u00e1lis H\u00edrport\u00e1l\" class=\"yoast-seo-meta-tag\" \/>\n<meta property=\"article:publisher\" content=\"https:\/\/www.facebook.com\/dorogimedence\/\" class=\"yoast-seo-meta-tag\" \/>\n<meta property=\"article:published_time\" content=\"2021-11-05T08:09:09+00:00\" class=\"yoast-seo-meta-tag\" \/>\n<meta property=\"article:modified_time\" content=\"2021-11-05T08:16:10+00:00\" class=\"yoast-seo-meta-tag\" \/>\n<meta property=\"og:image\" content=\"https:\/\/i0.wp.com\/dorogimedence.hu\/wp-content\/uploads\/2021\/11\/kituntetes-egom.jpg?fit=2048%2C1124&ssl=1\" class=\"yoast-seo-meta-tag\" \/>\n\t<meta property=\"og:image:width\" content=\"2048\" class=\"yoast-seo-meta-tag\" \/>\n\t<meta property=\"og:image:height\" content=\"1124\" class=\"yoast-seo-meta-tag\" \/>\n\t<meta property=\"og:image:type\" content=\"image\/jpeg\" class=\"yoast-seo-meta-tag\" \/>\n<meta name=\"author\" content=\"dorogimedence.hu\" class=\"yoast-seo-meta-tag\" \/>\n<meta name=\"twitter:card\" content=\"summary_large_image\" class=\"yoast-seo-meta-tag\" \/>\n<meta name=\"twitter:label1\" content=\"Szerz\u0151:\" class=\"yoast-seo-meta-tag\" \/>\n\t<meta name=\"twitter:data1\" content=\"dorogimedence.hu\" class=\"yoast-seo-meta-tag\" \/>\n\t<meta name=\"twitter:label2\" content=\"Becs\u00fclt olvas\u00e1si id\u0151\" class=\"yoast-seo-meta-tag\" \/>\n\t<meta name=\"twitter:data2\" content=\"1 perc\" class=\"yoast-seo-meta-tag\" \/>\n<script type=\"application\/ld+json\" class=\"yoast-schema-graph\">{\"@context\":\"https:\\\/\\\/schema.org\",\"@graph\":[{\"@type\":\"Article\",\"@id\":\"https:\\\/\\\/dorogimedence.hu\\\/index.php\\\/2021\\\/11\\\/05\\\/korhazi-dolgozokat-tuntettek-ki\\\/#article\",\"isPartOf\":{\"@id\":\"https:\\\/\\\/dorogimedence.hu\\\/index.php\\\/2021\\\/11\\\/05\\\/korhazi-dolgozokat-tuntettek-ki\\\/\"},\"author\":{\"name\":\"dorogimedence.hu\",\"@id\":\"https:\\\/\\\/dorogimedence.hu\\\/#\\\/schema\\\/person\\\/ce6091eeb7e95ecdc87890d6aa8e0fd4\"},\"headline\":\"K\u00f3rh\u00e1zi dolgoz\u00f3kat t\u00fcntettek ki\",\"datePublished\":\"2021-11-05T08:09:09+00:00\",\"dateModified\":\"2021-11-05T08:16:10+00:00\",\"mainEntityOfPage\":{\"@id\":\"https:\\\/\\\/dorogimedence.hu\\\/index.php\\\/2021\\\/11\\\/05\\\/korhazi-dolgozokat-tuntettek-ki\\\/\"},\"wordCount\":196,\"publisher\":{\"@id\":\"https:\\\/\\\/dorogimedence.hu\\\/#organization\"},\"image\":{\"@id\":\"https:\\\/\\\/dorogimedence.hu\\\/index.php\\\/2021\\\/11\\\/05\\\/korhazi-dolgozokat-tuntettek-ki\\\/#primaryimage\"},\"thumbnailUrl\":\"https:\\\/\\\/dorogimedence.hu\\\/wp-content\\\/uploads\\\/2021\\\/11\\\/kituntetes-egom.jpg\",\"keywords\":[\"elismer\u00e9s\",\"esztergom\",\"esztergomi k\u00f3rh\u00e1z\",\"kit\u00fcntet\u00e9s\"],\"articleSection\":[\"Esztergom\",\"H\u00edrek\"],\"inLanguage\":\"hu\"},{\"@type\":\"WebPage\",\"@id\":\"https:\\\/\\\/dorogimedence.hu\\\/index.php\\\/2021\\\/11\\\/05\\\/korhazi-dolgozokat-tuntettek-ki\\\/\",\"url\":\"https:\\\/\\\/dorogimedence.hu\\\/index.php\\\/2021\\\/11\\\/05\\\/korhazi-dolgozokat-tuntettek-ki\\\/\",\"name\":\"K\u00f3rh\u00e1zi dolgoz\u00f3kat t\u00fcntettek ki\",\"isPartOf\":{\"@id\":\"https:\\\/\\\/dorogimedence.hu\\\/#website\"},\"primaryImageOfPage\":{\"@id\":\"https:\\\/\\\/dorogimedence.hu\\\/index.php\\\/2021\\\/11\\\/05\\\/korhazi-dolgozokat-tuntettek-ki\\\/#primaryimage\"},\"image\":{\"@id\":\"https:\\\/\\\/dorogimedence.hu\\\/index.php\\\/2021\\\/11\\\/05\\\/korhazi-dolgozokat-tuntettek-ki\\\/#primaryimage\"},\"thumbnailUrl\":\"https:\\\/\\\/dorogimedence.hu\\\/wp-content\\\/uploads\\\/2021\\\/11\\\/kituntetes-egom.jpg\",\"datePublished\":\"2021-11-05T08:09:09+00:00\",\"dateModified\":\"2021-11-05T08:16:10+00:00\",\"breadcrumb\":{\"@id\":\"https:\\\/\\\/dorogimedence.hu\\\/index.php\\\/2021\\\/11\\\/05\\\/korhazi-dolgozokat-tuntettek-ki\\\/#breadcrumb\"},\"inLanguage\":\"hu\",\"potentialAction\":[{\"@type\":\"ReadAction\",\"target\":[\"https:\\\/\\\/dorogimedence.hu\\\/index.php\\\/2021\\\/11\\\/05\\\/korhazi-dolgozokat-tuntettek-ki\\\/\"]}]},{\"@type\":\"ImageObject\",\"inLanguage\":\"hu\",\"@id\":\"https:\\\/\\\/dorogimedence.hu\\\/index.php\\\/2021\\\/11\\\/05\\\/korhazi-dolgozokat-tuntettek-ki\\\/#primaryimage\",\"url\":\"https:\\\/\\\/dorogimedence.hu\\\/wp-content\\\/uploads\\\/2021\\\/11\\\/kituntetes-egom.jpg\",\"contentUrl\":\"https:\\\/\\\/dorogimedence.hu\\\/wp-content\\\/uploads\\\/2021\\\/11\\\/kituntetes-egom.jpg\",\"width\":2048,\"height\":1124},{\"@type\":\"BreadcrumbList\",\"@id\":\"https:\\\/\\\/dorogimedence.hu\\\/index.php\\\/2021\\\/11\\\/05\\\/korhazi-dolgozokat-tuntettek-ki\\\/#breadcrumb\",\"itemListElement\":[{\"@type\":\"ListItem\",\"position\":1,\"name\":\"Kezd\u0151lap\",\"item\":\"https:\\\/\\\/dorogimedence.hu\\\/\"},{\"@type\":\"ListItem\",\"position\":2,\"name\":\"K\u00f3rh\u00e1zi dolgoz\u00f3kat t\u00fcntettek ki\"}]},{\"@type\":\"WebSite\",\"@id\":\"https:\\\/\\\/dorogimedence.hu\\\/#website\",\"url\":\"https:\\\/\\\/dorogimedence.hu\\\/\",\"name\":\"Dorogi-medence Region\u00e1lis H\u00edrport\u00e1l\",\"description\":\"Dorog, Keszt\u00f6lc, Le\u00e1nyv\u00e1r, Piliscs\u00e9v, Tokod, Tokodalt\u00e1r\u00f3, Csolnok, Esztergom-kertv\u00e1ros: h\u00edrek, programok\",\"publisher\":{\"@id\":\"https:\\\/\\\/dorogimedence.hu\\\/#organization\"},\"potentialAction\":[{\"@type\":\"SearchAction\",\"target\":{\"@type\":\"EntryPoint\",\"urlTemplate\":\"https:\\\/\\\/dorogimedence.hu\\\/?s={search_term_string}\"},\"query-input\":{\"@type\":\"PropertyValueSpecification\",\"valueRequired\":true,\"valueName\":\"search_term_string\"}}],\"inLanguage\":\"hu\"},{\"@type\":\"Organization\",\"@id\":\"https:\\\/\\\/dorogimedence.hu\\\/#organization\",\"name\":\"Dorogi-medence Region\u00e1lis H\u00edrport\u00e1l\",\"url\":\"https:\\\/\\\/dorogimedence.hu\\\/\",\"logo\":{\"@type\":\"ImageObject\",\"inLanguage\":\"hu\",\"@id\":\"https:\\\/\\\/dorogimedence.hu\\\/#\\\/schema\\\/logo\\\/image\\\/\",\"url\":\"https:\\\/\\\/dorogimedence.hu\\\/wp-content\\\/uploads\\\/2021\\\/04\\\/logo-feher-600.png\",\"contentUrl\":\"https:\\\/\\\/dorogimedence.hu\\\/wp-content\\\/uploads\\\/2021\\\/04\\\/logo-feher-600.png\",\"width\":600,\"height\":100,\"caption\":\"Dorogi-medence Region\u00e1lis H\u00edrport\u00e1l\"},\"image\":{\"@id\":\"https:\\\/\\\/dorogimedence.hu\\\/#\\\/schema\\\/logo\\\/image\\\/\"},\"sameAs\":[\"https:\\\/\\\/www.facebook.com\\\/dorogimedence\\\/\"]},{\"@type\":\"Person\",\"@id\":\"https:\\\/\\\/dorogimedence.hu\\\/#\\\/schema\\\/person\\\/ce6091eeb7e95ecdc87890d6aa8e0fd4\",\"name\":\"dorogimedence.hu\",\"image\":{\"@type\":\"ImageObject\",\"inLanguage\":\"hu\",\"@id\":\"\\\/\\\/www.gravatar.com\\\/avatar\\\/d8d45f8901aadff40a4af72c0b826f1d?s=96&#038;r=g&#038;d=mm\",\"url\":\"\\\/\\\/www.gravatar.com\\\/avatar\\\/d8d45f8901aadff40a4af72c0b826f1d?s=96&#038;r=g&#038;d=mm\",\"contentUrl\":\"\\\/\\\/www.gravatar.com\\\/avatar\\\/d8d45f8901aadff40a4af72c0b826f1d?s=96&#038;r=g&#038;d=mm\",\"caption\":\"dorogimedence.hu\"}}]}<\/script>\n<!-- \/ Yoast SEO plugin. -->","yoast_head_json":{"title":"K\u00f3rh\u00e1zi dolgoz\u00f3kat t\u00fcntettek ki","robots":{"index":"index","follow":"follow","max-snippet":"max-snippet:-1","max-image-preview":"max-image-preview:large","max-video-preview":"max-video-preview:-1"},"canonical":"https:\/\/dorogimedence.hu\/index.php\/2021\/11\/05\/korhazi-dolgozokat-tuntettek-ki\/","og_locale":"hu_HU","og_type":"article","og_title":"K\u00f3rh\u00e1zi dolgoz\u00f3kat t\u00fcntettek ki","og_description":"Pro Sanitate elismer\u00e9st vehetett \u00e1t az esztergomi k\u00f3rh\u00e1z h\u00e1rom dolgoz\u00f3ja. \u201e\u00d6r\u00f6mmel \u00e9s b\u00fcszkes\u00e9ggel osztjuk meg a h\u00edrt, miszerint 2021. okt\u00f3ber 26-\u00e1n prof. dr. K\u00e1sler Mikl\u00f3s Miniszter \u00dar a Vaszary Kolos K\u00f3rh\u00e1z h\u00e1rom dolgoz\u00f3j\u00e1nak munk\u00e1j\u00e1t Pro Sanitate elismer\u00e9ssel jutalmazta\u201d \u2013 k\u00f6z\u00f6lte k\u00f6z\u00f6ss\u00e9gi oldal\u00e1n az esztergomi Vaszary Kolos K\u00f3rh\u00e1z. Az int\u00e9zm\u00e9ny t\u00e1j\u00e9koztat\u00e1sa szerint Bark\u00f3czin\u00e9 Dr. Zsuk Ir\u00e9n","og_url":"https:\/\/dorogimedence.hu\/index.php\/2021\/11\/05\/korhazi-dolgozokat-tuntettek-ki\/","og_site_name":"Dorogi-medence Region\u00e1lis H\u00edrport\u00e1l","article_publisher":"https:\/\/www.facebook.com\/dorogimedence\/","article_published_time":"2021-11-05T08:09:09+00:00","article_modified_time":"2021-11-05T08:16:10+00:00","og_image":[{"width":2048,"height":1124,"url":"https:\/\/i0.wp.com\/dorogimedence.hu\/wp-content\/uploads\/2021\/11\/kituntetes-egom.jpg?fit=2048%2C1124&ssl=1","type":"image\/jpeg"}],"author":"dorogimedence.hu","twitter_card":"summary_large_image","twitter_misc":{"Szerz\u0151:":"dorogimedence.hu","Becs\u00fclt olvas\u00e1si id\u0151":"1 perc"},"schema":{"@context":"https:\/\/schema.org","@graph":[{"@type":"Article","@id":"https:\/\/dorogimedence.hu\/index.php\/2021\/11\/05\/korhazi-dolgozokat-tuntettek-ki\/#article","isPartOf":{"@id":"https:\/\/dorogimedence.hu\/index.php\/2021\/11\/05\/korhazi-dolgozokat-tuntettek-ki\/"},"author":{"name":"dorogimedence.hu","@id":"https:\/\/dorogimedence.hu\/#\/schema\/person\/ce6091eeb7e95ecdc87890d6aa8e0fd4"},"headline":"K\u00f3rh\u00e1zi dolgoz\u00f3kat t\u00fcntettek ki","datePublished":"2021-11-05T08:09:09+00:00","dateModified":"2021-11-05T08:16:10+00:00","mainEntityOfPage":{"@id":"https:\/\/dorogimedence.hu\/index.php\/2021\/11\/05\/korhazi-dolgozokat-tuntettek-ki\/"},"wordCount":196,"publisher":{"@id":"https:\/\/dorogimedence.hu\/#organization"},"image":{"@id":"https:\/\/dorogimedence.hu\/index.php\/2021\/11\/05\/korhazi-dolgozokat-tuntettek-ki\/#primaryimage"},"thumbnailUrl":"https:\/\/dorogimedence.hu\/wp-content\/uploads\/2021\/11\/kituntetes-egom.jpg","keywords":["elismer\u00e9s","esztergom","esztergomi k\u00f3rh\u00e1z","kit\u00fcntet\u00e9s"],"articleSection":["Esztergom","H\u00edrek"],"inLanguage":"hu"},{"@type":"WebPage","@id":"https:\/\/dorogimedence.hu\/index.php\/2021\/11\/05\/korhazi-dolgozokat-tuntettek-ki\/","url":"https:\/\/dorogimedence.hu\/index.php\/2021\/11\/05\/korhazi-dolgozokat-tuntettek-ki\/","name":"K\u00f3rh\u00e1zi dolgoz\u00f3kat t\u00fcntettek ki","isPartOf":{"@id":"https:\/\/dorogimedence.hu\/#website"},"primaryImageOfPage":{"@id":"https:\/\/dorogimedence.hu\/index.php\/2021\/11\/05\/korhazi-dolgozokat-tuntettek-ki\/#primaryimage"},"image":{"@id":"https:\/\/dorogimedence.hu\/index.php\/2021\/11\/05\/korhazi-dolgozokat-tuntettek-ki\/#primaryimage"},"thumbnailUrl":"https:\/\/dorogimedence.hu\/wp-content\/uploads\/2021\/11\/kituntetes-egom.jpg","datePublished":"2021-11-05T08:09:09+00:00","dateModified":"2021-11-05T08:16:10+00:00","breadcrumb":{"@id":"https:\/\/dorogimedence.hu\/index.php\/2021\/11\/05\/korhazi-dolgozokat-tuntettek-ki\/#breadcrumb"},"inLanguage":"hu","potentialAction":[{"@type":"ReadAction","target":["https:\/\/dorogimedence.hu\/index.php\/2021\/11\/05\/korhazi-dolgozokat-tuntettek-ki\/"]}]},{"@type":"ImageObject","inLanguage":"hu","@id":"https:\/\/dorogimedence.hu\/index.php\/2021\/11\/05\/korhazi-dolgozokat-tuntettek-ki\/#primaryimage","url":"https:\/\/dorogimedence.hu\/wp-content\/uploads\/2021\/11\/kituntetes-egom.jpg","contentUrl":"https:\/\/dorogimedence.hu\/wp-content\/uploads\/2021\/11\/kituntetes-egom.jpg","width":2048,"height":1124},{"@type":"BreadcrumbList","@id":"https:\/\/dorogimedence.hu\/index.php\/2021\/11\/05\/korhazi-dolgozokat-tuntettek-ki\/#breadcrumb","itemListElement":[{"@type":"ListItem","position":1,"name":"Kezd\u0151lap","item":"https:\/\/dorogimedence.hu\/"},{"@type":"ListItem","position":2,"name":"K\u00f3rh\u00e1zi dolgoz\u00f3kat t\u00fcntettek ki"}]},{"@type":"WebSite","@id":"https:\/\/dorogimedence.hu\/#website","url":"https:\/\/dorogimedence.hu\/","name":"Dorogi-medence Region\u00e1lis H\u00edrport\u00e1l","description":"Dorog, Keszt\u00f6lc, Le\u00e1nyv\u00e1r, Piliscs\u00e9v, Tokod, Tokodalt\u00e1r\u00f3, Csolnok, Esztergom-kertv\u00e1ros: h\u00edrek, programok","publisher":{"@id":"https:\/\/dorogimedence.hu\/#organization"},"potentialAction":[{"@type":"SearchAction","target":{"@type":"EntryPoint","urlTemplate":"https:\/\/dorogimedence.hu\/?s={search_term_string}"},"query-input":{"@type":"PropertyValueSpecification","valueRequired":true,"valueName":"search_term_string"}}],"inLanguage":"hu"},{"@type":"Organization","@id":"https:\/\/dorogimedence.hu\/#organization","name":"Dorogi-medence Region\u00e1lis H\u00edrport\u00e1l","url":"https:\/\/dorogimedence.hu\/","logo":{"@type":"ImageObject","inLanguage":"hu","@id":"https:\/\/dorogimedence.hu\/#\/schema\/logo\/image\/","url":"https:\/\/dorogimedence.hu\/wp-content\/uploads\/2021\/04\/logo-feher-600.png","contentUrl":"https:\/\/dorogimedence.hu\/wp-content\/uploads\/2021\/04\/logo-feher-600.png","width":600,"height":100,"caption":"Dorogi-medence Region\u00e1lis H\u00edrport\u00e1l"},"image":{"@id":"https:\/\/dorogimedence.hu\/#\/schema\/logo\/image\/"},"sameAs":["https:\/\/www.facebook.com\/dorogimedence\/"]},{"@type":"Person","@id":"https:\/\/dorogimedence.hu\/#\/schema\/person\/ce6091eeb7e95ecdc87890d6aa8e0fd4","name":"dorogimedence.hu","image":{"@type":"ImageObject","inLanguage":"hu","@id":"\/\/www.gravatar.com\/avatar\/d8d45f8901aadff40a4af72c0b826f1d?s=96&#038;r=g&#038;d=mm","url":"\/\/www.gravatar.com\/avatar\/d8d45f8901aadff40a4af72c0b826f1d?s=96&#038;r=g&#038;d=mm","contentUrl":"\/\/www.gravatar.com\/avatar\/d8d45f8901aadff40a4af72c0b826f1d?s=96&#038;r=g&#038;d=mm","caption":"dorogimedence.hu"}}]}},"_links":{"self":[{"href":"https:\/\/dorogimedence.hu\/index.php\/wp-json\/wp\/v2\/posts\/38318","targetHints":{"allow":["GET"]}}],"collection":[{"href":"https:\/\/dorogimedence.hu\/index.php\/wp-json\/wp\/v2\/posts"}],"about":[{"href":"https:\/\/dorogimedence.hu\/index.php\/wp-json\/wp\/v2\/types\/post"}],"author":[{"embeddable":true,"href":"https:\/\/dorogimedence.hu\/index.php\/wp-json\/wp\/v2\/users\/1"}],"replies":[{"embeddable":true,"href":"https:\/\/dorogimedence.hu\/index.php\/wp-json\/wp\/v2\/comments?post=38318"}],"version-history":[{"count":0,"href":"https:\/\/dorogimedence.hu\/index.php\/wp-json\/wp\/v2\/posts\/38318\/revisions"}],"wp:featuredmedia":[{"embeddable":true,"href":"https:\/\/dorogimedence.hu\/index.php\/wp-json\/wp\/v2\/media\/38319"}],"wp:attachment":[{"href":"https:\/\/dorogimedence.hu\/index.php\/wp-json\/wp\/v2\/media?parent=38318"}],"wp:term":[{"taxonomy":"category","embeddable":true,"href":"https:\/\/dorogimedence.hu\/index.php\/wp-json\/wp\/v2\/categories?post=38318"},{"taxonomy":"post_tag","embeddable":true,"href":"https:\/\/dorogimedence.hu\/index.php\/wp-json\/wp\/v2\/tags?post=38318"}],"curies":[{"name":"wp","href":"https:\/\/api.w.org\/{rel}","templated":true}]}}