{"id":3831,"date":"2017-06-16T08:53:00","date_gmt":"2017-06-16T06:53:00","guid":{"rendered":"http:\/\/dorogimedence.hu\/?p=3831"},"modified":"2017-06-16T08:53:00","modified_gmt":"2017-06-16T06:53:00","slug":"allas-ovodapedagogus","status":"publish","type":"post","link":"https:\/\/dorogimedence.hu\/index.php\/2017\/06\/16\/allas-ovodapedagogus\/","title":{"rendered":"\u00c1ll\u00e1s: \u00d3vodapedag\u00f3gus"},"content":{"rendered":"<p><strong>A Piliscs\u00e9vi Aranykapu \u00f3voda-b\u00f6lcs\u0151de \u00d3vodapedag\u00f3gust keres hat\u00e1rozott idej\u00e1 jogviszonyba, augusztus 1-i munkakezd\u00e9ssel.<\/strong><\/p>\n<p>Hat\u00e1rozott idej\u0171 k\u00f6zalkalmazotti jogviszony: 2017. augusztus 1-t\u0151l 2019. augusztus 31-ig.<\/p>\n<p>T\u00e9ged v\u00e1runk, ha \u00f3vodapedag\u00f3gusi v\u00e9gzetts\u00e9ggel rendelkezel, elhivatott, gyermekszeret\u0151, lelkes, kreat\u00edv \u00f3v\u00f3 n\u00e9ni vagy \u00f3v\u00f3 b\u00e1csi vagy!<\/p>\n<p><em><strong>Szlov\u00e1k nyelvtud\u00e1s\u00fa jelentkez\u0151k el\u0151nyben!<\/strong><\/em><\/p>\n<p><strong>Munkav\u00e9gz\u00e9s helye:<\/strong> 2519 Piliscs\u00e9v, Jubileum t\u00e9r 1.<\/p>\n<p>Jelentkezni Juh\u00e1szn\u00e9 Somogyi \u00c9va Anik\u00f3 int\u00e9zm\u00e9nyvezet\u0151n\u00e9l lehet az al\u00e1bbi el\u00e9rhet\u0151s\u00e9geken: 33\/555-203 vagy 30\/975-2338, email: ovoda@piliscsev.hu<\/p>\n<p><em>Forr\u00e1s: piliscsev.hu<\/em><\/p>\n","protected":false},"excerpt":{"rendered":"<p>A Piliscs\u00e9vi Aranykapu \u00f3voda-b\u00f6lcs\u0151de \u00d3vodapedag\u00f3gust keres hat\u00e1rozott idej\u00e1 jogviszonyba, augusztus 1-i munkakezd\u00e9ssel. Hat\u00e1rozott idej\u0171 k\u00f6zalkalmazotti jogviszony: 2017. augusztus 1-t\u0151l 2019. augusztus 31-ig. T\u00e9ged v\u00e1runk, ha \u00f3vodapedag\u00f3gusi v\u00e9gzetts\u00e9ggel rendelkezel, elhivatott, gyermekszeret\u0151, lelkes, kreat\u00edv \u00f3v\u00f3 n\u00e9ni vagy \u00f3v\u00f3 b\u00e1csi vagy! Szlov\u00e1k nyelvtud\u00e1s\u00fa jelentkez\u0151k el\u0151nyben! Munkav\u00e9gz\u00e9s helye: 2519 Piliscs\u00e9v, Jubileum t\u00e9r 1. Jelentkezni Juh\u00e1szn\u00e9 Somogyi \u00c9va Anik\u00f3 int\u00e9zm\u00e9nyvezet\u0151n\u00e9l<\/p>\n","protected":false},"author":1,"featured_media":3832,"comment_status":"closed","ping_status":"closed","sticky":false,"template":"","format":"standard","meta":{"ngg_post_thumbnail":0,"footnotes":""},"categories":[3,11],"tags":[176,142,1144,91],"class_list":{"0":"post-3831","1":"post","2":"type-post","3":"status-publish","4":"format-standard","5":"has-post-thumbnail","7":"category-hirek","8":"category-piliscsev","9":"tag-allas","10":"tag-oktatas","11":"tag-ovodapedagogus","12":"tag-piliscsev"},"yoast_head":"<!-- This site is optimized with the Yoast SEO plugin v27.5 - https:\/\/yoast.com\/product\/yoast-seo-wordpress\/ -->\n<title>\u00c1ll\u00e1s: \u00d3vodapedag\u00f3gus<\/title>\n<meta name=\"robots\" content=\"index, follow, max-snippet:-1, max-image-preview:large, max-video-preview:-1\" \/>\n<link rel=\"canonical\" href=\"https:\/\/dorogimedence.hu\/index.php\/2017\/06\/16\/allas-ovodapedagogus\/\" class=\"yoast-seo-meta-tag\" \/>\n<meta property=\"og:locale\" content=\"hu_HU\" class=\"yoast-seo-meta-tag\" \/>\n<meta property=\"og:type\" content=\"article\" class=\"yoast-seo-meta-tag\" \/>\n<meta property=\"og:title\" content=\"\u00c1ll\u00e1s: \u00d3vodapedag\u00f3gus\" class=\"yoast-seo-meta-tag\" \/>\n<meta property=\"og:description\" content=\"A Piliscs\u00e9vi Aranykapu \u00f3voda-b\u00f6lcs\u0151de \u00d3vodapedag\u00f3gust keres hat\u00e1rozott idej\u00e1 jogviszonyba, augusztus 1-i munkakezd\u00e9ssel. Hat\u00e1rozott idej\u0171 k\u00f6zalkalmazotti jogviszony: 2017. augusztus 1-t\u0151l 2019. augusztus 31-ig. T\u00e9ged v\u00e1runk, ha \u00f3vodapedag\u00f3gusi v\u00e9gzetts\u00e9ggel rendelkezel, elhivatott, gyermekszeret\u0151, lelkes, kreat\u00edv \u00f3v\u00f3 n\u00e9ni vagy \u00f3v\u00f3 b\u00e1csi vagy! Szlov\u00e1k nyelvtud\u00e1s\u00fa jelentkez\u0151k el\u0151nyben! Munkav\u00e9gz\u00e9s helye: 2519 Piliscs\u00e9v, Jubileum t\u00e9r 1. Jelentkezni Juh\u00e1szn\u00e9 Somogyi \u00c9va Anik\u00f3 int\u00e9zm\u00e9nyvezet\u0151n\u00e9l\" class=\"yoast-seo-meta-tag\" \/>\n<meta property=\"og:url\" content=\"https:\/\/dorogimedence.hu\/index.php\/2017\/06\/16\/allas-ovodapedagogus\/\" class=\"yoast-seo-meta-tag\" \/>\n<meta property=\"og:site_name\" content=\"Dorogi-medence Region\u00e1lis H\u00edrport\u00e1l\" class=\"yoast-seo-meta-tag\" \/>\n<meta property=\"article:publisher\" content=\"https:\/\/www.facebook.com\/dorogimedence\/\" class=\"yoast-seo-meta-tag\" \/>\n<meta property=\"article:published_time\" content=\"2017-06-16T06:53:00+00:00\" class=\"yoast-seo-meta-tag\" \/>\n<meta property=\"og:image\" content=\"https:\/\/i0.wp.com\/dorogimedence.hu\/wp-content\/uploads\/2017\/06\/ovoda-01.jpg?fit=670%2C365&ssl=1\" class=\"yoast-seo-meta-tag\" \/>\n\t<meta property=\"og:image:width\" content=\"670\" class=\"yoast-seo-meta-tag\" \/>\n\t<meta property=\"og:image:height\" content=\"365\" class=\"yoast-seo-meta-tag\" \/>\n\t<meta property=\"og:image:type\" content=\"image\/jpeg\" class=\"yoast-seo-meta-tag\" \/>\n<meta name=\"author\" content=\"dorogimedence.hu\" class=\"yoast-seo-meta-tag\" \/>\n<meta name=\"twitter:card\" content=\"summary_large_image\" class=\"yoast-seo-meta-tag\" \/>\n<meta name=\"twitter:label1\" content=\"Szerz\u0151:\" class=\"yoast-seo-meta-tag\" \/>\n\t<meta name=\"twitter:data1\" content=\"dorogimedence.hu\" class=\"yoast-seo-meta-tag\" \/>\n\t<meta name=\"twitter:label2\" content=\"Becs\u00fclt olvas\u00e1si id\u0151\" class=\"yoast-seo-meta-tag\" \/>\n\t<meta name=\"twitter:data2\" content=\"1 perc\" class=\"yoast-seo-meta-tag\" \/>\n<script type=\"application\/ld+json\" class=\"yoast-schema-graph\">{\"@context\":\"https:\\\/\\\/schema.org\",\"@graph\":[{\"@type\":\"Article\",\"@id\":\"https:\\\/\\\/dorogimedence.hu\\\/index.php\\\/2017\\\/06\\\/16\\\/allas-ovodapedagogus\\\/#article\",\"isPartOf\":{\"@id\":\"https:\\\/\\\/dorogimedence.hu\\\/index.php\\\/2017\\\/06\\\/16\\\/allas-ovodapedagogus\\\/\"},\"author\":{\"name\":\"dorogimedence.hu\",\"@id\":\"https:\\\/\\\/dorogimedence.hu\\\/#\\\/schema\\\/person\\\/ce6091eeb7e95ecdc87890d6aa8e0fd4\"},\"headline\":\"\u00c1ll\u00e1s: \u00d3vodapedag\u00f3gus\",\"datePublished\":\"2017-06-16T06:53:00+00:00\",\"mainEntityOfPage\":{\"@id\":\"https:\\\/\\\/dorogimedence.hu\\\/index.php\\\/2017\\\/06\\\/16\\\/allas-ovodapedagogus\\\/\"},\"wordCount\":104,\"publisher\":{\"@id\":\"https:\\\/\\\/dorogimedence.hu\\\/#organization\"},\"image\":{\"@id\":\"https:\\\/\\\/dorogimedence.hu\\\/index.php\\\/2017\\\/06\\\/16\\\/allas-ovodapedagogus\\\/#primaryimage\"},\"thumbnailUrl\":\"https:\\\/\\\/dorogimedence.hu\\\/wp-content\\\/uploads\\\/2017\\\/06\\\/ovoda-01.jpg\",\"keywords\":[\"\u00e1ll\u00e1s\",\"oktat\u00e1s\",\"\u00f3vodapedag\u00f3gus\",\"Piliscs\u00e9v\"],\"articleSection\":[\"H\u00edrek\",\"Piliscs\u00e9v\"],\"inLanguage\":\"hu\"},{\"@type\":\"WebPage\",\"@id\":\"https:\\\/\\\/dorogimedence.hu\\\/index.php\\\/2017\\\/06\\\/16\\\/allas-ovodapedagogus\\\/\",\"url\":\"https:\\\/\\\/dorogimedence.hu\\\/index.php\\\/2017\\\/06\\\/16\\\/allas-ovodapedagogus\\\/\",\"name\":\"\u00c1ll\u00e1s: \u00d3vodapedag\u00f3gus\",\"isPartOf\":{\"@id\":\"https:\\\/\\\/dorogimedence.hu\\\/#website\"},\"primaryImageOfPage\":{\"@id\":\"https:\\\/\\\/dorogimedence.hu\\\/index.php\\\/2017\\\/06\\\/16\\\/allas-ovodapedagogus\\\/#primaryimage\"},\"image\":{\"@id\":\"https:\\\/\\\/dorogimedence.hu\\\/index.php\\\/2017\\\/06\\\/16\\\/allas-ovodapedagogus\\\/#primaryimage\"},\"thumbnailUrl\":\"https:\\\/\\\/dorogimedence.hu\\\/wp-content\\\/uploads\\\/2017\\\/06\\\/ovoda-01.jpg\",\"datePublished\":\"2017-06-16T06:53:00+00:00\",\"breadcrumb\":{\"@id\":\"https:\\\/\\\/dorogimedence.hu\\\/index.php\\\/2017\\\/06\\\/16\\\/allas-ovodapedagogus\\\/#breadcrumb\"},\"inLanguage\":\"hu\",\"potentialAction\":[{\"@type\":\"ReadAction\",\"target\":[\"https:\\\/\\\/dorogimedence.hu\\\/index.php\\\/2017\\\/06\\\/16\\\/allas-ovodapedagogus\\\/\"]}]},{\"@type\":\"ImageObject\",\"inLanguage\":\"hu\",\"@id\":\"https:\\\/\\\/dorogimedence.hu\\\/index.php\\\/2017\\\/06\\\/16\\\/allas-ovodapedagogus\\\/#primaryimage\",\"url\":\"https:\\\/\\\/dorogimedence.hu\\\/wp-content\\\/uploads\\\/2017\\\/06\\\/ovoda-01.jpg\",\"contentUrl\":\"https:\\\/\\\/dorogimedence.hu\\\/wp-content\\\/uploads\\\/2017\\\/06\\\/ovoda-01.jpg\",\"width\":670,\"height\":365},{\"@type\":\"BreadcrumbList\",\"@id\":\"https:\\\/\\\/dorogimedence.hu\\\/index.php\\\/2017\\\/06\\\/16\\\/allas-ovodapedagogus\\\/#breadcrumb\",\"itemListElement\":[{\"@type\":\"ListItem\",\"position\":1,\"name\":\"Kezd\u0151lap\",\"item\":\"https:\\\/\\\/dorogimedence.hu\\\/\"},{\"@type\":\"ListItem\",\"position\":2,\"name\":\"\u00c1ll\u00e1s: \u00d3vodapedag\u00f3gus\"}]},{\"@type\":\"WebSite\",\"@id\":\"https:\\\/\\\/dorogimedence.hu\\\/#website\",\"url\":\"https:\\\/\\\/dorogimedence.hu\\\/\",\"name\":\"Dorogi-medence Region\u00e1lis H\u00edrport\u00e1l\",\"description\":\"Dorog, Keszt\u00f6lc, Le\u00e1nyv\u00e1r, Piliscs\u00e9v, Tokod, Tokodalt\u00e1r\u00f3, Csolnok, Esztergom-kertv\u00e1ros: h\u00edrek, programok\",\"publisher\":{\"@id\":\"https:\\\/\\\/dorogimedence.hu\\\/#organization\"},\"potentialAction\":[{\"@type\":\"SearchAction\",\"target\":{\"@type\":\"EntryPoint\",\"urlTemplate\":\"https:\\\/\\\/dorogimedence.hu\\\/?s={search_term_string}\"},\"query-input\":{\"@type\":\"PropertyValueSpecification\",\"valueRequired\":true,\"valueName\":\"search_term_string\"}}],\"inLanguage\":\"hu\"},{\"@type\":\"Organization\",\"@id\":\"https:\\\/\\\/dorogimedence.hu\\\/#organization\",\"name\":\"Dorogi-medence Region\u00e1lis H\u00edrport\u00e1l\",\"url\":\"https:\\\/\\\/dorogimedence.hu\\\/\",\"logo\":{\"@type\":\"ImageObject\",\"inLanguage\":\"hu\",\"@id\":\"https:\\\/\\\/dorogimedence.hu\\\/#\\\/schema\\\/logo\\\/image\\\/\",\"url\":\"https:\\\/\\\/dorogimedence.hu\\\/wp-content\\\/uploads\\\/2021\\\/04\\\/logo-feher-600.png\",\"contentUrl\":\"https:\\\/\\\/dorogimedence.hu\\\/wp-content\\\/uploads\\\/2021\\\/04\\\/logo-feher-600.png\",\"width\":600,\"height\":100,\"caption\":\"Dorogi-medence Region\u00e1lis H\u00edrport\u00e1l\"},\"image\":{\"@id\":\"https:\\\/\\\/dorogimedence.hu\\\/#\\\/schema\\\/logo\\\/image\\\/\"},\"sameAs\":[\"https:\\\/\\\/www.facebook.com\\\/dorogimedence\\\/\"]},{\"@type\":\"Person\",\"@id\":\"https:\\\/\\\/dorogimedence.hu\\\/#\\\/schema\\\/person\\\/ce6091eeb7e95ecdc87890d6aa8e0fd4\",\"name\":\"dorogimedence.hu\",\"image\":{\"@type\":\"ImageObject\",\"inLanguage\":\"hu\",\"@id\":\"\\\/\\\/www.gravatar.com\\\/avatar\\\/d8d45f8901aadff40a4af72c0b826f1d?s=96&#038;r=g&#038;d=mm\",\"url\":\"\\\/\\\/www.gravatar.com\\\/avatar\\\/d8d45f8901aadff40a4af72c0b826f1d?s=96&#038;r=g&#038;d=mm\",\"contentUrl\":\"\\\/\\\/www.gravatar.com\\\/avatar\\\/d8d45f8901aadff40a4af72c0b826f1d?s=96&#038;r=g&#038;d=mm\",\"caption\":\"dorogimedence.hu\"}}]}<\/script>\n<!-- \/ Yoast SEO plugin. -->","yoast_head_json":{"title":"\u00c1ll\u00e1s: \u00d3vodapedag\u00f3gus","robots":{"index":"index","follow":"follow","max-snippet":"max-snippet:-1","max-image-preview":"max-image-preview:large","max-video-preview":"max-video-preview:-1"},"canonical":"https:\/\/dorogimedence.hu\/index.php\/2017\/06\/16\/allas-ovodapedagogus\/","og_locale":"hu_HU","og_type":"article","og_title":"\u00c1ll\u00e1s: \u00d3vodapedag\u00f3gus","og_description":"A Piliscs\u00e9vi Aranykapu \u00f3voda-b\u00f6lcs\u0151de \u00d3vodapedag\u00f3gust keres hat\u00e1rozott idej\u00e1 jogviszonyba, augusztus 1-i munkakezd\u00e9ssel. Hat\u00e1rozott idej\u0171 k\u00f6zalkalmazotti jogviszony: 2017. augusztus 1-t\u0151l 2019. augusztus 31-ig. T\u00e9ged v\u00e1runk, ha \u00f3vodapedag\u00f3gusi v\u00e9gzetts\u00e9ggel rendelkezel, elhivatott, gyermekszeret\u0151, lelkes, kreat\u00edv \u00f3v\u00f3 n\u00e9ni vagy \u00f3v\u00f3 b\u00e1csi vagy! Szlov\u00e1k nyelvtud\u00e1s\u00fa jelentkez\u0151k el\u0151nyben! Munkav\u00e9gz\u00e9s helye: 2519 Piliscs\u00e9v, Jubileum t\u00e9r 1. Jelentkezni Juh\u00e1szn\u00e9 Somogyi \u00c9va Anik\u00f3 int\u00e9zm\u00e9nyvezet\u0151n\u00e9l","og_url":"https:\/\/dorogimedence.hu\/index.php\/2017\/06\/16\/allas-ovodapedagogus\/","og_site_name":"Dorogi-medence Region\u00e1lis H\u00edrport\u00e1l","article_publisher":"https:\/\/www.facebook.com\/dorogimedence\/","article_published_time":"2017-06-16T06:53:00+00:00","og_image":[{"width":670,"height":365,"url":"https:\/\/i0.wp.com\/dorogimedence.hu\/wp-content\/uploads\/2017\/06\/ovoda-01.jpg?fit=670%2C365&ssl=1","type":"image\/jpeg"}],"author":"dorogimedence.hu","twitter_card":"summary_large_image","twitter_misc":{"Szerz\u0151:":"dorogimedence.hu","Becs\u00fclt olvas\u00e1si id\u0151":"1 perc"},"schema":{"@context":"https:\/\/schema.org","@graph":[{"@type":"Article","@id":"https:\/\/dorogimedence.hu\/index.php\/2017\/06\/16\/allas-ovodapedagogus\/#article","isPartOf":{"@id":"https:\/\/dorogimedence.hu\/index.php\/2017\/06\/16\/allas-ovodapedagogus\/"},"author":{"name":"dorogimedence.hu","@id":"https:\/\/dorogimedence.hu\/#\/schema\/person\/ce6091eeb7e95ecdc87890d6aa8e0fd4"},"headline":"\u00c1ll\u00e1s: \u00d3vodapedag\u00f3gus","datePublished":"2017-06-16T06:53:00+00:00","mainEntityOfPage":{"@id":"https:\/\/dorogimedence.hu\/index.php\/2017\/06\/16\/allas-ovodapedagogus\/"},"wordCount":104,"publisher":{"@id":"https:\/\/dorogimedence.hu\/#organization"},"image":{"@id":"https:\/\/dorogimedence.hu\/index.php\/2017\/06\/16\/allas-ovodapedagogus\/#primaryimage"},"thumbnailUrl":"https:\/\/dorogimedence.hu\/wp-content\/uploads\/2017\/06\/ovoda-01.jpg","keywords":["\u00e1ll\u00e1s","oktat\u00e1s","\u00f3vodapedag\u00f3gus","Piliscs\u00e9v"],"articleSection":["H\u00edrek","Piliscs\u00e9v"],"inLanguage":"hu"},{"@type":"WebPage","@id":"https:\/\/dorogimedence.hu\/index.php\/2017\/06\/16\/allas-ovodapedagogus\/","url":"https:\/\/dorogimedence.hu\/index.php\/2017\/06\/16\/allas-ovodapedagogus\/","name":"\u00c1ll\u00e1s: \u00d3vodapedag\u00f3gus","isPartOf":{"@id":"https:\/\/dorogimedence.hu\/#website"},"primaryImageOfPage":{"@id":"https:\/\/dorogimedence.hu\/index.php\/2017\/06\/16\/allas-ovodapedagogus\/#primaryimage"},"image":{"@id":"https:\/\/dorogimedence.hu\/index.php\/2017\/06\/16\/allas-ovodapedagogus\/#primaryimage"},"thumbnailUrl":"https:\/\/dorogimedence.hu\/wp-content\/uploads\/2017\/06\/ovoda-01.jpg","datePublished":"2017-06-16T06:53:00+00:00","breadcrumb":{"@id":"https:\/\/dorogimedence.hu\/index.php\/2017\/06\/16\/allas-ovodapedagogus\/#breadcrumb"},"inLanguage":"hu","potentialAction":[{"@type":"ReadAction","target":["https:\/\/dorogimedence.hu\/index.php\/2017\/06\/16\/allas-ovodapedagogus\/"]}]},{"@type":"ImageObject","inLanguage":"hu","@id":"https:\/\/dorogimedence.hu\/index.php\/2017\/06\/16\/allas-ovodapedagogus\/#primaryimage","url":"https:\/\/dorogimedence.hu\/wp-content\/uploads\/2017\/06\/ovoda-01.jpg","contentUrl":"https:\/\/dorogimedence.hu\/wp-content\/uploads\/2017\/06\/ovoda-01.jpg","width":670,"height":365},{"@type":"BreadcrumbList","@id":"https:\/\/dorogimedence.hu\/index.php\/2017\/06\/16\/allas-ovodapedagogus\/#breadcrumb","itemListElement":[{"@type":"ListItem","position":1,"name":"Kezd\u0151lap","item":"https:\/\/dorogimedence.hu\/"},{"@type":"ListItem","position":2,"name":"\u00c1ll\u00e1s: \u00d3vodapedag\u00f3gus"}]},{"@type":"WebSite","@id":"https:\/\/dorogimedence.hu\/#website","url":"https:\/\/dorogimedence.hu\/","name":"Dorogi-medence Region\u00e1lis H\u00edrport\u00e1l","description":"Dorog, Keszt\u00f6lc, Le\u00e1nyv\u00e1r, Piliscs\u00e9v, Tokod, Tokodalt\u00e1r\u00f3, Csolnok, Esztergom-kertv\u00e1ros: h\u00edrek, programok","publisher":{"@id":"https:\/\/dorogimedence.hu\/#organization"},"potentialAction":[{"@type":"SearchAction","target":{"@type":"EntryPoint","urlTemplate":"https:\/\/dorogimedence.hu\/?s={search_term_string}"},"query-input":{"@type":"PropertyValueSpecification","valueRequired":true,"valueName":"search_term_string"}}],"inLanguage":"hu"},{"@type":"Organization","@id":"https:\/\/dorogimedence.hu\/#organization","name":"Dorogi-medence Region\u00e1lis H\u00edrport\u00e1l","url":"https:\/\/dorogimedence.hu\/","logo":{"@type":"ImageObject","inLanguage":"hu","@id":"https:\/\/dorogimedence.hu\/#\/schema\/logo\/image\/","url":"https:\/\/dorogimedence.hu\/wp-content\/uploads\/2021\/04\/logo-feher-600.png","contentUrl":"https:\/\/dorogimedence.hu\/wp-content\/uploads\/2021\/04\/logo-feher-600.png","width":600,"height":100,"caption":"Dorogi-medence Region\u00e1lis H\u00edrport\u00e1l"},"image":{"@id":"https:\/\/dorogimedence.hu\/#\/schema\/logo\/image\/"},"sameAs":["https:\/\/www.facebook.com\/dorogimedence\/"]},{"@type":"Person","@id":"https:\/\/dorogimedence.hu\/#\/schema\/person\/ce6091eeb7e95ecdc87890d6aa8e0fd4","name":"dorogimedence.hu","image":{"@type":"ImageObject","inLanguage":"hu","@id":"\/\/www.gravatar.com\/avatar\/d8d45f8901aadff40a4af72c0b826f1d?s=96&#038;r=g&#038;d=mm","url":"\/\/www.gravatar.com\/avatar\/d8d45f8901aadff40a4af72c0b826f1d?s=96&#038;r=g&#038;d=mm","contentUrl":"\/\/www.gravatar.com\/avatar\/d8d45f8901aadff40a4af72c0b826f1d?s=96&#038;r=g&#038;d=mm","caption":"dorogimedence.hu"}}]}},"_links":{"self":[{"href":"https:\/\/dorogimedence.hu\/index.php\/wp-json\/wp\/v2\/posts\/3831","targetHints":{"allow":["GET"]}}],"collection":[{"href":"https:\/\/dorogimedence.hu\/index.php\/wp-json\/wp\/v2\/posts"}],"about":[{"href":"https:\/\/dorogimedence.hu\/index.php\/wp-json\/wp\/v2\/types\/post"}],"author":[{"embeddable":true,"href":"https:\/\/dorogimedence.hu\/index.php\/wp-json\/wp\/v2\/users\/1"}],"replies":[{"embeddable":true,"href":"https:\/\/dorogimedence.hu\/index.php\/wp-json\/wp\/v2\/comments?post=3831"}],"version-history":[{"count":0,"href":"https:\/\/dorogimedence.hu\/index.php\/wp-json\/wp\/v2\/posts\/3831\/revisions"}],"wp:featuredmedia":[{"embeddable":true,"href":"https:\/\/dorogimedence.hu\/index.php\/wp-json\/wp\/v2\/media\/3832"}],"wp:attachment":[{"href":"https:\/\/dorogimedence.hu\/index.php\/wp-json\/wp\/v2\/media?parent=3831"}],"wp:term":[{"taxonomy":"category","embeddable":true,"href":"https:\/\/dorogimedence.hu\/index.php\/wp-json\/wp\/v2\/categories?post=3831"},{"taxonomy":"post_tag","embeddable":true,"href":"https:\/\/dorogimedence.hu\/index.php\/wp-json\/wp\/v2\/tags?post=3831"}],"curies":[{"name":"wp","href":"https:\/\/api.w.org\/{rel}","templated":true}]}}