{"id":38299,"date":"2021-11-04T09:33:05","date_gmt":"2021-11-04T08:33:05","guid":{"rendered":"https:\/\/dorogimedence.hu\/?p=38299"},"modified":"2021-11-04T09:35:43","modified_gmt":"2021-11-04T08:35:43","slug":"tersegunket-is-erinti-a-2022-es-giro-ditalia","status":"publish","type":"post","link":"https:\/\/dorogimedence.hu\/index.php\/2021\/11\/04\/tersegunket-is-erinti-a-2022-es-giro-ditalia\/","title":{"rendered":"T\u00e9rs\u00e9g\u00fcnket is \u00e9rinti a 2022-es Giro d&#8217;Italia"},"content":{"rendered":"<p><strong>M\u00e1jus 6-\u00e1n, p\u00e9nteken a Budapest-Visegr\u00e1d etappal kezd\u0151dik a j\u00f6v\u0151 \u00e9vi, 105. Giro d&#8217;Italia orsz\u00e1g\u00fati ker\u00e9kp\u00e1ros k\u00f6rverseny. A 195 km-es szakasz sor\u00e1n Esztergomban is lesz egy r\u00e9szhajr\u00e1.<\/strong><\/p>\n<p>A magyarorsz\u00e1gi Nagy Rajt \u00e9s a viadal els\u0151 h\u00e1rom szakasz\u00e1nak szerdai, budapesti ismertet\u0151j\u00e9n Paolo Bellino, az olasz k\u00f6rversenyt szervez\u0151 RCS Sport igazgat\u00f3ja elmondta, hogy a program m\u00e1jus 4-\u00e9n, szerd\u00e1n a H\u0151s\u00f6k ter\u00e9n kezd\u0151dik egy csapatbemutat\u00f3val. Az \u00e9les verseny k\u00e9t nappal k\u00e9s\u0151bb a 195 km-es Budapest-Visegr\u00e1d szakasszal veszi kezdet\u00e9t, amely sor\u00e1n Sz\u00e9kesfeh\u00e9rv\u00e1ron \u00e9s Esztergomban is lesz egy-egy r\u00e9szhajr\u00e1. M\u00e1jus 7-\u00e9n, szombaton egy 9,2 km hossz\u00fa egy\u00e9ni id\u0151futamot rendeznek Budapest sz\u00edv\u00e9ben: a kerekesek a H\u0151s\u00f6k ter\u00e9r\u0151l indulnak \u00e9s a Budai V\u00e1rba \u00e9rkeznek. A harmadik, egyben utols\u00f3 magyarorsz\u00e1gi szakasz m\u00e1jus 8-\u00e1n, vas\u00e1rnap startol Kaposv\u00e1rr\u00f3l, \u00e9s Nagykanizs\u00e1n, Badacsonyon, valamint Tihanyon \u00e1t Balatonf\u00fcredig teker majd a mez\u0151ny.<\/p>\n<p>A versenyz\u0151k a 201 km-es harmadik szakasz ut\u00e1n utaznak Olaszorsz\u00e1gba, majd egy pihen\u0151nap ut\u00e1n m\u00e1jus 10-\u00e9n folytatj\u00e1k a versenyt, amely m\u00e1jus 29-\u00e9n \u00e9r v\u00e9get.<\/p>\n<p><img fetchpriority=\"high\" decoding=\"async\" class=\"alignnone size-large wp-image-38301\" src=\"https:\/\/dorogimedence.hu\/wp-content\/uploads\/2021\/11\/252941292_10158629198818247_8557186541670154585_n-1024x1024.jpg\" alt=\"\" width=\"755\" height=\"755\" srcset=\"https:\/\/dorogimedence.hu\/wp-content\/uploads\/2021\/11\/252941292_10158629198818247_8557186541670154585_n-1024x1024.jpg 1024w, https:\/\/dorogimedence.hu\/wp-content\/uploads\/2021\/11\/252941292_10158629198818247_8557186541670154585_n-300x300.jpg 300w, https:\/\/dorogimedence.hu\/wp-content\/uploads\/2021\/11\/252941292_10158629198818247_8557186541670154585_n-150x150.jpg 150w, https:\/\/dorogimedence.hu\/wp-content\/uploads\/2021\/11\/252941292_10158629198818247_8557186541670154585_n-768x768.jpg 768w, https:\/\/dorogimedence.hu\/wp-content\/uploads\/2021\/11\/252941292_10158629198818247_8557186541670154585_n-1536x1536.jpg 1536w, https:\/\/dorogimedence.hu\/wp-content\/uploads\/2021\/11\/252941292_10158629198818247_8557186541670154585_n.jpg 2048w, https:\/\/dorogimedence.hu\/wp-content\/uploads\/2021\/11\/252941292_10158629198818247_8557186541670154585_n-450x450.jpg 450w, https:\/\/dorogimedence.hu\/wp-content\/uploads\/2021\/11\/252941292_10158629198818247_8557186541670154585_n-1200x1200.jpg 1200w\" sizes=\"(max-width: 755px) 100vw, 755px\" \/><\/p>\n<p>Paolo Bellino kit\u00e9rt arra, hogy a 2020-ra tervezetthez k\u00e9pest v\u00e1ltoztatniuk kellett a magyarorsz\u00e1gi \u00fatvonalon, t\u00f6bbek k\u00f6z\u00f6tt az egy\u00e9ni id\u0151futamot kellett \u00e1ttenni\u00fck egy m\u00e1sik helysz\u00ednre. Hozz\u00e1tette: j\u00f6v\u0151 m\u00e1jusban p\u00e9ntekt\u0151l vas\u00e1rnapig egy teljes h\u00e9tv\u00e9g\u00e9t sz\u00e1nnak Magyarorsz\u00e1gon a Gir\u00f3nak, amely komoly kih\u00edv\u00e1s, egyben azt \u00edg\u00e9rte, hogy nagy show lesz. A Kaposv\u00e1r-Balatonf\u00fcred etapr\u00f3l azt mondta, hogy azzal egy szinte teljes Magyarorsz\u00e1got bemutat\u00f3 szakaszt k\u00edn\u00e1lnak, amely az orsz\u00e1gim\u00e1zs szempontj\u00e1b\u00f3l nagyon fontos lesz, hiszen a versenyz\u0151k k\u00f6rbe tekerik majd a magyar tengert. V\u00e9lem\u00e9nye szerint ez egy nagyon gyors etap lesz \u00e9s sprintbefut\u00f3val fog v\u00e9gz\u0151dni.<\/p>\n<p>R\u00e9v\u00e9sz M\u00e1riusz akt\u00edv Magyarorsz\u00e1g\u00e9rt felel\u0151s korm\u00e1nybiztos arra h\u00edvta fel a figyelmet, hogy ekkora haszna m\u00e9g egy elmaradt versenynek nem volt, mint a Giro 2020 m\u00e1jus\u00e1ra tervezett h\u00e1rom magyar szakasznak. \u201eB\u00e1r az olasz szervez\u0151k felaj\u00e1nlott\u00e1k, 2020 \u0151sz\u00e9n \u00e9s 2021 tavasz\u00e1n nem tudtuk v\u00e1llalni a rendez\u00e9st, 2022-ben viszont sokkal jobb k\u00f6r\u00fclm\u00e9nyek k\u00f6z\u00f6tt tudunk otthon adni a Nagy Rajtnak\u201d &#8211; jelentette ki, utalva arra, hogy tavaly m\u00e9g az is k\u00e9rd\u00e9ses volt, hogy lesz-e egy\u00e1ltal\u00e1n a mez\u0151nyben magyar versenyz\u0151, j\u00f6v\u0151re viszont ak\u00e1r 4-5 hazai ker\u00e9kp\u00e1ros is oda\u00e9rhet.<\/p>\n<p>K\u00fcl\u00f6n kiemelte Valter Attila szerep\u00e9t, aki az idei olasz k\u00f6rversenyen h\u00e1rom napon \u00e1t viselhette a r\u00f3zsasz\u00edn trik\u00f3t. \u201eA Gir\u00f3t k\u00f6zel 200 orsz\u00e1gban t\u00f6bb mint 800 milli\u00f3an n\u00e9zik a t\u00e9v\u00e9k el\u0151tt, ez\u00e9rt a magyarorsz\u00e1gi Nagy Rajt egy hatalmas orsz\u00e1gim\u00e1zs-kamp\u00e1ny lesz, \u00e9s hozz\u00e1j\u00e1rul majd a hazai turizmus \u00fajra\u00e9led\u00e9s\u00e9hez\u201d &#8211; f\u0171zte hozz\u00e1, \u00e9s felh\u00edvta a figyelmet arra, hogy annak idej\u00e9n Hollandi\u00e1ban a Grande Partenz\u00e1ra k\u00f6lt\u00f6tt minden egy eur\u00f3 kett\u0151t hozott vissza, ez\u00e9rt d\u00f6nt\u00f6tt \u00fagy a korm\u00e1ny, hogy t\u00e1mogatja a rendez\u00e9st.<\/p>\n<p>Kit\u00e9rt arra is, hogy a harmadik szakaszt az\u00e9rt ind\u00edtj\u00e1k Kaposv\u00e1rr\u00f3l, mert ott van az olasz EOLO-Kometa prokontinent\u00e1lis ker\u00e9kp\u00e1rcsapat &#8211; amelynek sz\u00edneiben ak\u00e1r 2-3 magyar is tekerhet a versenyen &#8211; egyik n\u00e9vad\u00f3ja, a kaposv\u00e1ri sz\u00e9khely\u0171 Kom\u00e9ta h\u00fasipari v\u00e1llalat k\u00f6zpontja. A c\u00e9g \u00fcgyvezet\u0151 igazgat\u00f3j\u00e1nak, Giacomo Pedranzininek fontos szerepe volt abban, hogy megval\u00f3sulhatott a magyarorsz\u00e1gi Nagy Rajt. Az olasz v\u00e1llalkoz\u00f3 az MTI-nek kiemelte: nagyon \u00f6r\u00fcl annak, hogy haz\u00e1ja nagy ker\u00e9kp\u00e1ros esem\u00e9nye j\u00f6v\u0151re a m\u00e1sik otthon\u00e1b\u00f3l indul.<\/p>\n<p><img decoding=\"async\" class=\"alignnone size-large wp-image-38302\" src=\"https:\/\/dorogimedence.hu\/wp-content\/uploads\/2021\/11\/252801521_10158629198788247_3339824030105166085_n-1024x1024.jpg\" alt=\"\" width=\"755\" height=\"755\" srcset=\"https:\/\/dorogimedence.hu\/wp-content\/uploads\/2021\/11\/252801521_10158629198788247_3339824030105166085_n-1024x1024.jpg 1024w, https:\/\/dorogimedence.hu\/wp-content\/uploads\/2021\/11\/252801521_10158629198788247_3339824030105166085_n-300x300.jpg 300w, https:\/\/dorogimedence.hu\/wp-content\/uploads\/2021\/11\/252801521_10158629198788247_3339824030105166085_n-150x150.jpg 150w, https:\/\/dorogimedence.hu\/wp-content\/uploads\/2021\/11\/252801521_10158629198788247_3339824030105166085_n-768x768.jpg 768w, https:\/\/dorogimedence.hu\/wp-content\/uploads\/2021\/11\/252801521_10158629198788247_3339824030105166085_n-1536x1536.jpg 1536w, https:\/\/dorogimedence.hu\/wp-content\/uploads\/2021\/11\/252801521_10158629198788247_3339824030105166085_n.jpg 2048w, https:\/\/dorogimedence.hu\/wp-content\/uploads\/2021\/11\/252801521_10158629198788247_3339824030105166085_n-450x450.jpg 450w, https:\/\/dorogimedence.hu\/wp-content\/uploads\/2021\/11\/252801521_10158629198788247_3339824030105166085_n-1200x1200.jpg 1200w\" sizes=\"(max-width: 755px) 100vw, 755px\" \/><\/p>\n<p>A sajt\u00f3t\u00e1j\u00e9koztat\u00f3n megjelent Valter Attila is, aki bevallotta, nem gondolta volna, hogy a siker\u00e9nek ilyen visszhangja lesz idehaza. Megk\u00f6sz\u00f6nte a szervez\u0151knek, hogy az els\u0151 szakasz c\u00e9lj\u00e1ul Visegr\u00e1dot v\u00e1lasztott\u00e1k. \u201eEz a kedvenc edz\u0151helysz\u00ednem. Egy\u00e9rtelm\u0171, hogy itt leszek a versenyen, minden nap \u00fagy kelek fel, hogy meg kell nyernem a visegr\u00e1di szakasz\u201d &#8211; fogalmazott a Cs\u00f6m\u00f6rr\u0151l indult kerekes.<\/p>\n<p>Az eredeti tervek szerint tavaly egy r\u00f6vid budapesti id\u0151futammal kezd\u0151d\u00f6tt volna a Giro, ezt k\u00f6vet\u0151en Budapest-Gy\u0151r \u00e9s Sz\u00e9kesfeh\u00e9rv\u00e1r-Nagykanizsa szakaszokra ker\u00fclt volna sor.<\/p>\n<p>Magyarorsz\u00e1g eredetileg tavaly lett volna h\u00e1zigazd\u00e1ja a Grande Partenz\u00e1nak, \u00e1m akkor a koronav\u00edrus-j\u00e1rv\u00e1ny miatt a viadalt \u0151szre halasztott\u00e1k \u00e9s teljes eg\u00e9sz\u00e9ben Olaszorsz\u00e1gban rendezt\u00e9k.<\/p>\n<p>Magyarorsz\u00e1got kor\u00e1bban m\u00e9g egyik nagy h\u00e1romhetes verseny sem \u00e9rintette. A Giro 1909 \u00f3ta \u00edr\u00f3d\u00f3 t\u00f6rt\u00e9net\u00e9ben eddig 13 alkalommal rajtolt a viadal Olaszorsz\u00e1gon k\u00edv\u00fcl, legut\u00f3bb 2018-ban, amikor Izraelben volt a Grande Partenza.<\/p>\n<p><em>Forr\u00e1s: MTI<\/em><br \/>\n<em>K\u00e9pek: Giro d&#8217;Italia Facebook oldala<\/em><\/p>\n","protected":false},"excerpt":{"rendered":"<p>M\u00e1jus 6-\u00e1n, p\u00e9nteken a Budapest-Visegr\u00e1d etappal kezd\u0151dik a j\u00f6v\u0151 \u00e9vi, 105. Giro d&#8217;Italia orsz\u00e1g\u00fati ker\u00e9kp\u00e1ros k\u00f6rverseny. A 195 km-es szakasz sor\u00e1n Esztergomban is lesz egy r\u00e9szhajr\u00e1. A magyarorsz\u00e1gi Nagy Rajt \u00e9s a viadal els\u0151 h\u00e1rom szakasz\u00e1nak szerdai, budapesti ismertet\u0151j\u00e9n Paolo Bellino, az olasz k\u00f6rversenyt szervez\u0151 RCS Sport igazgat\u00f3ja elmondta, hogy a program m\u00e1jus 4-\u00e9n, szerd\u00e1n<\/p>\n","protected":false},"author":1,"featured_media":38300,"comment_status":"closed","ping_status":"closed","sticky":false,"template":"","format":"standard","meta":{"ngg_post_thumbnail":0,"footnotes":""},"categories":[38,3],"tags":[4681,134,1182,1240,16,451],"class_list":{"0":"post-38299","1":"post","2":"type-post","3":"status-publish","4":"format-standard","5":"has-post-thumbnail","7":"category-esztergom","8":"category-hirek","9":"tag-giro-ditalia","10":"tag-kerekpar","11":"tag-kerekparozas","12":"tag-kerekparverseny","13":"tag-sport","14":"tag-verseny"},"yoast_head":"<!-- This site is optimized with the Yoast SEO plugin v27.5 - https:\/\/yoast.com\/product\/yoast-seo-wordpress\/ -->\n<title>T\u00e9rs\u00e9g\u00fcnket is \u00e9rinti a 2022-es Giro d&#039;Italia<\/title>\n<meta name=\"robots\" content=\"index, follow, max-snippet:-1, max-image-preview:large, max-video-preview:-1\" \/>\n<link rel=\"canonical\" href=\"https:\/\/dorogimedence.hu\/index.php\/2021\/11\/04\/tersegunket-is-erinti-a-2022-es-giro-ditalia\/\" class=\"yoast-seo-meta-tag\" \/>\n<meta property=\"og:locale\" content=\"hu_HU\" class=\"yoast-seo-meta-tag\" \/>\n<meta property=\"og:type\" content=\"article\" class=\"yoast-seo-meta-tag\" \/>\n<meta property=\"og:title\" content=\"T\u00e9rs\u00e9g\u00fcnket is \u00e9rinti a 2022-es Giro d&#039;Italia\" class=\"yoast-seo-meta-tag\" \/>\n<meta property=\"og:description\" content=\"M\u00e1jus 6-\u00e1n, p\u00e9nteken a Budapest-Visegr\u00e1d etappal kezd\u0151dik a j\u00f6v\u0151 \u00e9vi, 105. Giro d&#8217;Italia orsz\u00e1g\u00fati ker\u00e9kp\u00e1ros k\u00f6rverseny. A 195 km-es szakasz sor\u00e1n Esztergomban is lesz egy r\u00e9szhajr\u00e1. A magyarorsz\u00e1gi Nagy Rajt \u00e9s a viadal els\u0151 h\u00e1rom szakasz\u00e1nak szerdai, budapesti ismertet\u0151j\u00e9n Paolo Bellino, az olasz k\u00f6rversenyt szervez\u0151 RCS Sport igazgat\u00f3ja elmondta, hogy a program m\u00e1jus 4-\u00e9n, szerd\u00e1n\" class=\"yoast-seo-meta-tag\" \/>\n<meta property=\"og:url\" content=\"https:\/\/dorogimedence.hu\/index.php\/2021\/11\/04\/tersegunket-is-erinti-a-2022-es-giro-ditalia\/\" class=\"yoast-seo-meta-tag\" \/>\n<meta property=\"og:site_name\" content=\"Dorogi-medence Region\u00e1lis H\u00edrport\u00e1l\" class=\"yoast-seo-meta-tag\" \/>\n<meta property=\"article:publisher\" content=\"https:\/\/www.facebook.com\/dorogimedence\/\" class=\"yoast-seo-meta-tag\" \/>\n<meta property=\"article:published_time\" content=\"2021-11-04T08:33:05+00:00\" class=\"yoast-seo-meta-tag\" \/>\n<meta property=\"article:modified_time\" content=\"2021-11-04T08:35:43+00:00\" class=\"yoast-seo-meta-tag\" \/>\n<meta property=\"og:image\" content=\"https:\/\/i0.wp.com\/dorogimedence.hu\/wp-content\/uploads\/2021\/11\/252565825_10158629480173247_2761359704280893084_n.jpg?fit=1731%2C1154&ssl=1\" class=\"yoast-seo-meta-tag\" \/>\n\t<meta property=\"og:image:width\" content=\"1731\" class=\"yoast-seo-meta-tag\" \/>\n\t<meta property=\"og:image:height\" content=\"1154\" class=\"yoast-seo-meta-tag\" \/>\n\t<meta property=\"og:image:type\" content=\"image\/jpeg\" class=\"yoast-seo-meta-tag\" \/>\n<meta name=\"author\" content=\"dorogimedence.hu\" class=\"yoast-seo-meta-tag\" \/>\n<meta name=\"twitter:card\" content=\"summary_large_image\" class=\"yoast-seo-meta-tag\" \/>\n<meta name=\"twitter:label1\" content=\"Szerz\u0151:\" class=\"yoast-seo-meta-tag\" \/>\n\t<meta name=\"twitter:data1\" content=\"dorogimedence.hu\" class=\"yoast-seo-meta-tag\" \/>\n\t<meta name=\"twitter:label2\" content=\"Becs\u00fclt olvas\u00e1si id\u0151\" class=\"yoast-seo-meta-tag\" \/>\n\t<meta name=\"twitter:data2\" content=\"4 perc\" class=\"yoast-seo-meta-tag\" \/>\n<script type=\"application\/ld+json\" class=\"yoast-schema-graph\">{\"@context\":\"https:\\\/\\\/schema.org\",\"@graph\":[{\"@type\":\"Article\",\"@id\":\"https:\\\/\\\/dorogimedence.hu\\\/index.php\\\/2021\\\/11\\\/04\\\/tersegunket-is-erinti-a-2022-es-giro-ditalia\\\/#article\",\"isPartOf\":{\"@id\":\"https:\\\/\\\/dorogimedence.hu\\\/index.php\\\/2021\\\/11\\\/04\\\/tersegunket-is-erinti-a-2022-es-giro-ditalia\\\/\"},\"author\":{\"name\":\"dorogimedence.hu\",\"@id\":\"https:\\\/\\\/dorogimedence.hu\\\/#\\\/schema\\\/person\\\/ce6091eeb7e95ecdc87890d6aa8e0fd4\"},\"headline\":\"T\u00e9rs\u00e9g\u00fcnket is \u00e9rinti a 2022-es Giro d&#8217;Italia\",\"datePublished\":\"2021-11-04T08:33:05+00:00\",\"dateModified\":\"2021-11-04T08:35:43+00:00\",\"mainEntityOfPage\":{\"@id\":\"https:\\\/\\\/dorogimedence.hu\\\/index.php\\\/2021\\\/11\\\/04\\\/tersegunket-is-erinti-a-2022-es-giro-ditalia\\\/\"},\"wordCount\":897,\"publisher\":{\"@id\":\"https:\\\/\\\/dorogimedence.hu\\\/#organization\"},\"image\":{\"@id\":\"https:\\\/\\\/dorogimedence.hu\\\/index.php\\\/2021\\\/11\\\/04\\\/tersegunket-is-erinti-a-2022-es-giro-ditalia\\\/#primaryimage\"},\"thumbnailUrl\":\"https:\\\/\\\/dorogimedence.hu\\\/wp-content\\\/uploads\\\/2021\\\/11\\\/252565825_10158629480173247_2761359704280893084_n.jpg\",\"keywords\":[\"Giro d'Italia\",\"ker\u00e9kp\u00e1r\",\"ker\u00e9kp\u00e1roz\u00e1s\",\"ker\u00e9kp\u00e1rverseny\",\"sport\",\"verseny\"],\"articleSection\":[\"Esztergom\",\"H\u00edrek\"],\"inLanguage\":\"hu\"},{\"@type\":\"WebPage\",\"@id\":\"https:\\\/\\\/dorogimedence.hu\\\/index.php\\\/2021\\\/11\\\/04\\\/tersegunket-is-erinti-a-2022-es-giro-ditalia\\\/\",\"url\":\"https:\\\/\\\/dorogimedence.hu\\\/index.php\\\/2021\\\/11\\\/04\\\/tersegunket-is-erinti-a-2022-es-giro-ditalia\\\/\",\"name\":\"T\u00e9rs\u00e9g\u00fcnket is \u00e9rinti a 2022-es Giro d'Italia\",\"isPartOf\":{\"@id\":\"https:\\\/\\\/dorogimedence.hu\\\/#website\"},\"primaryImageOfPage\":{\"@id\":\"https:\\\/\\\/dorogimedence.hu\\\/index.php\\\/2021\\\/11\\\/04\\\/tersegunket-is-erinti-a-2022-es-giro-ditalia\\\/#primaryimage\"},\"image\":{\"@id\":\"https:\\\/\\\/dorogimedence.hu\\\/index.php\\\/2021\\\/11\\\/04\\\/tersegunket-is-erinti-a-2022-es-giro-ditalia\\\/#primaryimage\"},\"thumbnailUrl\":\"https:\\\/\\\/dorogimedence.hu\\\/wp-content\\\/uploads\\\/2021\\\/11\\\/252565825_10158629480173247_2761359704280893084_n.jpg\",\"datePublished\":\"2021-11-04T08:33:05+00:00\",\"dateModified\":\"2021-11-04T08:35:43+00:00\",\"breadcrumb\":{\"@id\":\"https:\\\/\\\/dorogimedence.hu\\\/index.php\\\/2021\\\/11\\\/04\\\/tersegunket-is-erinti-a-2022-es-giro-ditalia\\\/#breadcrumb\"},\"inLanguage\":\"hu\",\"potentialAction\":[{\"@type\":\"ReadAction\",\"target\":[\"https:\\\/\\\/dorogimedence.hu\\\/index.php\\\/2021\\\/11\\\/04\\\/tersegunket-is-erinti-a-2022-es-giro-ditalia\\\/\"]}]},{\"@type\":\"ImageObject\",\"inLanguage\":\"hu\",\"@id\":\"https:\\\/\\\/dorogimedence.hu\\\/index.php\\\/2021\\\/11\\\/04\\\/tersegunket-is-erinti-a-2022-es-giro-ditalia\\\/#primaryimage\",\"url\":\"https:\\\/\\\/dorogimedence.hu\\\/wp-content\\\/uploads\\\/2021\\\/11\\\/252565825_10158629480173247_2761359704280893084_n.jpg\",\"contentUrl\":\"https:\\\/\\\/dorogimedence.hu\\\/wp-content\\\/uploads\\\/2021\\\/11\\\/252565825_10158629480173247_2761359704280893084_n.jpg\",\"width\":1731,\"height\":1154},{\"@type\":\"BreadcrumbList\",\"@id\":\"https:\\\/\\\/dorogimedence.hu\\\/index.php\\\/2021\\\/11\\\/04\\\/tersegunket-is-erinti-a-2022-es-giro-ditalia\\\/#breadcrumb\",\"itemListElement\":[{\"@type\":\"ListItem\",\"position\":1,\"name\":\"Kezd\u0151lap\",\"item\":\"https:\\\/\\\/dorogimedence.hu\\\/\"},{\"@type\":\"ListItem\",\"position\":2,\"name\":\"T\u00e9rs\u00e9g\u00fcnket is \u00e9rinti a 2022-es Giro d&#8217;Italia\"}]},{\"@type\":\"WebSite\",\"@id\":\"https:\\\/\\\/dorogimedence.hu\\\/#website\",\"url\":\"https:\\\/\\\/dorogimedence.hu\\\/\",\"name\":\"Dorogi-medence Region\u00e1lis H\u00edrport\u00e1l\",\"description\":\"Dorog, Keszt\u00f6lc, Le\u00e1nyv\u00e1r, Piliscs\u00e9v, Tokod, Tokodalt\u00e1r\u00f3, Csolnok, Esztergom-kertv\u00e1ros: h\u00edrek, programok\",\"publisher\":{\"@id\":\"https:\\\/\\\/dorogimedence.hu\\\/#organization\"},\"potentialAction\":[{\"@type\":\"SearchAction\",\"target\":{\"@type\":\"EntryPoint\",\"urlTemplate\":\"https:\\\/\\\/dorogimedence.hu\\\/?s={search_term_string}\"},\"query-input\":{\"@type\":\"PropertyValueSpecification\",\"valueRequired\":true,\"valueName\":\"search_term_string\"}}],\"inLanguage\":\"hu\"},{\"@type\":\"Organization\",\"@id\":\"https:\\\/\\\/dorogimedence.hu\\\/#organization\",\"name\":\"Dorogi-medence Region\u00e1lis H\u00edrport\u00e1l\",\"url\":\"https:\\\/\\\/dorogimedence.hu\\\/\",\"logo\":{\"@type\":\"ImageObject\",\"inLanguage\":\"hu\",\"@id\":\"https:\\\/\\\/dorogimedence.hu\\\/#\\\/schema\\\/logo\\\/image\\\/\",\"url\":\"https:\\\/\\\/dorogimedence.hu\\\/wp-content\\\/uploads\\\/2021\\\/04\\\/logo-feher-600.png\",\"contentUrl\":\"https:\\\/\\\/dorogimedence.hu\\\/wp-content\\\/uploads\\\/2021\\\/04\\\/logo-feher-600.png\",\"width\":600,\"height\":100,\"caption\":\"Dorogi-medence Region\u00e1lis H\u00edrport\u00e1l\"},\"image\":{\"@id\":\"https:\\\/\\\/dorogimedence.hu\\\/#\\\/schema\\\/logo\\\/image\\\/\"},\"sameAs\":[\"https:\\\/\\\/www.facebook.com\\\/dorogimedence\\\/\"]},{\"@type\":\"Person\",\"@id\":\"https:\\\/\\\/dorogimedence.hu\\\/#\\\/schema\\\/person\\\/ce6091eeb7e95ecdc87890d6aa8e0fd4\",\"name\":\"dorogimedence.hu\",\"image\":{\"@type\":\"ImageObject\",\"inLanguage\":\"hu\",\"@id\":\"\\\/\\\/www.gravatar.com\\\/avatar\\\/d8d45f8901aadff40a4af72c0b826f1d?s=96&#038;r=g&#038;d=mm\",\"url\":\"\\\/\\\/www.gravatar.com\\\/avatar\\\/d8d45f8901aadff40a4af72c0b826f1d?s=96&#038;r=g&#038;d=mm\",\"contentUrl\":\"\\\/\\\/www.gravatar.com\\\/avatar\\\/d8d45f8901aadff40a4af72c0b826f1d?s=96&#038;r=g&#038;d=mm\",\"caption\":\"dorogimedence.hu\"}}]}<\/script>\n<!-- \/ Yoast SEO plugin. -->","yoast_head_json":{"title":"T\u00e9rs\u00e9g\u00fcnket is \u00e9rinti a 2022-es Giro d'Italia","robots":{"index":"index","follow":"follow","max-snippet":"max-snippet:-1","max-image-preview":"max-image-preview:large","max-video-preview":"max-video-preview:-1"},"canonical":"https:\/\/dorogimedence.hu\/index.php\/2021\/11\/04\/tersegunket-is-erinti-a-2022-es-giro-ditalia\/","og_locale":"hu_HU","og_type":"article","og_title":"T\u00e9rs\u00e9g\u00fcnket is \u00e9rinti a 2022-es Giro d'Italia","og_description":"M\u00e1jus 6-\u00e1n, p\u00e9nteken a Budapest-Visegr\u00e1d etappal kezd\u0151dik a j\u00f6v\u0151 \u00e9vi, 105. Giro d&#8217;Italia orsz\u00e1g\u00fati ker\u00e9kp\u00e1ros k\u00f6rverseny. A 195 km-es szakasz sor\u00e1n Esztergomban is lesz egy r\u00e9szhajr\u00e1. A magyarorsz\u00e1gi Nagy Rajt \u00e9s a viadal els\u0151 h\u00e1rom szakasz\u00e1nak szerdai, budapesti ismertet\u0151j\u00e9n Paolo Bellino, az olasz k\u00f6rversenyt szervez\u0151 RCS Sport igazgat\u00f3ja elmondta, hogy a program m\u00e1jus 4-\u00e9n, szerd\u00e1n","og_url":"https:\/\/dorogimedence.hu\/index.php\/2021\/11\/04\/tersegunket-is-erinti-a-2022-es-giro-ditalia\/","og_site_name":"Dorogi-medence Region\u00e1lis H\u00edrport\u00e1l","article_publisher":"https:\/\/www.facebook.com\/dorogimedence\/","article_published_time":"2021-11-04T08:33:05+00:00","article_modified_time":"2021-11-04T08:35:43+00:00","og_image":[{"width":1731,"height":1154,"url":"https:\/\/i0.wp.com\/dorogimedence.hu\/wp-content\/uploads\/2021\/11\/252565825_10158629480173247_2761359704280893084_n.jpg?fit=1731%2C1154&ssl=1","type":"image\/jpeg"}],"author":"dorogimedence.hu","twitter_card":"summary_large_image","twitter_misc":{"Szerz\u0151:":"dorogimedence.hu","Becs\u00fclt olvas\u00e1si id\u0151":"4 perc"},"schema":{"@context":"https:\/\/schema.org","@graph":[{"@type":"Article","@id":"https:\/\/dorogimedence.hu\/index.php\/2021\/11\/04\/tersegunket-is-erinti-a-2022-es-giro-ditalia\/#article","isPartOf":{"@id":"https:\/\/dorogimedence.hu\/index.php\/2021\/11\/04\/tersegunket-is-erinti-a-2022-es-giro-ditalia\/"},"author":{"name":"dorogimedence.hu","@id":"https:\/\/dorogimedence.hu\/#\/schema\/person\/ce6091eeb7e95ecdc87890d6aa8e0fd4"},"headline":"T\u00e9rs\u00e9g\u00fcnket is \u00e9rinti a 2022-es Giro d&#8217;Italia","datePublished":"2021-11-04T08:33:05+00:00","dateModified":"2021-11-04T08:35:43+00:00","mainEntityOfPage":{"@id":"https:\/\/dorogimedence.hu\/index.php\/2021\/11\/04\/tersegunket-is-erinti-a-2022-es-giro-ditalia\/"},"wordCount":897,"publisher":{"@id":"https:\/\/dorogimedence.hu\/#organization"},"image":{"@id":"https:\/\/dorogimedence.hu\/index.php\/2021\/11\/04\/tersegunket-is-erinti-a-2022-es-giro-ditalia\/#primaryimage"},"thumbnailUrl":"https:\/\/dorogimedence.hu\/wp-content\/uploads\/2021\/11\/252565825_10158629480173247_2761359704280893084_n.jpg","keywords":["Giro d'Italia","ker\u00e9kp\u00e1r","ker\u00e9kp\u00e1roz\u00e1s","ker\u00e9kp\u00e1rverseny","sport","verseny"],"articleSection":["Esztergom","H\u00edrek"],"inLanguage":"hu"},{"@type":"WebPage","@id":"https:\/\/dorogimedence.hu\/index.php\/2021\/11\/04\/tersegunket-is-erinti-a-2022-es-giro-ditalia\/","url":"https:\/\/dorogimedence.hu\/index.php\/2021\/11\/04\/tersegunket-is-erinti-a-2022-es-giro-ditalia\/","name":"T\u00e9rs\u00e9g\u00fcnket is \u00e9rinti a 2022-es Giro d'Italia","isPartOf":{"@id":"https:\/\/dorogimedence.hu\/#website"},"primaryImageOfPage":{"@id":"https:\/\/dorogimedence.hu\/index.php\/2021\/11\/04\/tersegunket-is-erinti-a-2022-es-giro-ditalia\/#primaryimage"},"image":{"@id":"https:\/\/dorogimedence.hu\/index.php\/2021\/11\/04\/tersegunket-is-erinti-a-2022-es-giro-ditalia\/#primaryimage"},"thumbnailUrl":"https:\/\/dorogimedence.hu\/wp-content\/uploads\/2021\/11\/252565825_10158629480173247_2761359704280893084_n.jpg","datePublished":"2021-11-04T08:33:05+00:00","dateModified":"2021-11-04T08:35:43+00:00","breadcrumb":{"@id":"https:\/\/dorogimedence.hu\/index.php\/2021\/11\/04\/tersegunket-is-erinti-a-2022-es-giro-ditalia\/#breadcrumb"},"inLanguage":"hu","potentialAction":[{"@type":"ReadAction","target":["https:\/\/dorogimedence.hu\/index.php\/2021\/11\/04\/tersegunket-is-erinti-a-2022-es-giro-ditalia\/"]}]},{"@type":"ImageObject","inLanguage":"hu","@id":"https:\/\/dorogimedence.hu\/index.php\/2021\/11\/04\/tersegunket-is-erinti-a-2022-es-giro-ditalia\/#primaryimage","url":"https:\/\/dorogimedence.hu\/wp-content\/uploads\/2021\/11\/252565825_10158629480173247_2761359704280893084_n.jpg","contentUrl":"https:\/\/dorogimedence.hu\/wp-content\/uploads\/2021\/11\/252565825_10158629480173247_2761359704280893084_n.jpg","width":1731,"height":1154},{"@type":"BreadcrumbList","@id":"https:\/\/dorogimedence.hu\/index.php\/2021\/11\/04\/tersegunket-is-erinti-a-2022-es-giro-ditalia\/#breadcrumb","itemListElement":[{"@type":"ListItem","position":1,"name":"Kezd\u0151lap","item":"https:\/\/dorogimedence.hu\/"},{"@type":"ListItem","position":2,"name":"T\u00e9rs\u00e9g\u00fcnket is \u00e9rinti a 2022-es Giro d&#8217;Italia"}]},{"@type":"WebSite","@id":"https:\/\/dorogimedence.hu\/#website","url":"https:\/\/dorogimedence.hu\/","name":"Dorogi-medence Region\u00e1lis H\u00edrport\u00e1l","description":"Dorog, Keszt\u00f6lc, Le\u00e1nyv\u00e1r, Piliscs\u00e9v, Tokod, Tokodalt\u00e1r\u00f3, Csolnok, Esztergom-kertv\u00e1ros: h\u00edrek, programok","publisher":{"@id":"https:\/\/dorogimedence.hu\/#organization"},"potentialAction":[{"@type":"SearchAction","target":{"@type":"EntryPoint","urlTemplate":"https:\/\/dorogimedence.hu\/?s={search_term_string}"},"query-input":{"@type":"PropertyValueSpecification","valueRequired":true,"valueName":"search_term_string"}}],"inLanguage":"hu"},{"@type":"Organization","@id":"https:\/\/dorogimedence.hu\/#organization","name":"Dorogi-medence Region\u00e1lis H\u00edrport\u00e1l","url":"https:\/\/dorogimedence.hu\/","logo":{"@type":"ImageObject","inLanguage":"hu","@id":"https:\/\/dorogimedence.hu\/#\/schema\/logo\/image\/","url":"https:\/\/dorogimedence.hu\/wp-content\/uploads\/2021\/04\/logo-feher-600.png","contentUrl":"https:\/\/dorogimedence.hu\/wp-content\/uploads\/2021\/04\/logo-feher-600.png","width":600,"height":100,"caption":"Dorogi-medence Region\u00e1lis H\u00edrport\u00e1l"},"image":{"@id":"https:\/\/dorogimedence.hu\/#\/schema\/logo\/image\/"},"sameAs":["https:\/\/www.facebook.com\/dorogimedence\/"]},{"@type":"Person","@id":"https:\/\/dorogimedence.hu\/#\/schema\/person\/ce6091eeb7e95ecdc87890d6aa8e0fd4","name":"dorogimedence.hu","image":{"@type":"ImageObject","inLanguage":"hu","@id":"\/\/www.gravatar.com\/avatar\/d8d45f8901aadff40a4af72c0b826f1d?s=96&#038;r=g&#038;d=mm","url":"\/\/www.gravatar.com\/avatar\/d8d45f8901aadff40a4af72c0b826f1d?s=96&#038;r=g&#038;d=mm","contentUrl":"\/\/www.gravatar.com\/avatar\/d8d45f8901aadff40a4af72c0b826f1d?s=96&#038;r=g&#038;d=mm","caption":"dorogimedence.hu"}}]}},"_links":{"self":[{"href":"https:\/\/dorogimedence.hu\/index.php\/wp-json\/wp\/v2\/posts\/38299","targetHints":{"allow":["GET"]}}],"collection":[{"href":"https:\/\/dorogimedence.hu\/index.php\/wp-json\/wp\/v2\/posts"}],"about":[{"href":"https:\/\/dorogimedence.hu\/index.php\/wp-json\/wp\/v2\/types\/post"}],"author":[{"embeddable":true,"href":"https:\/\/dorogimedence.hu\/index.php\/wp-json\/wp\/v2\/users\/1"}],"replies":[{"embeddable":true,"href":"https:\/\/dorogimedence.hu\/index.php\/wp-json\/wp\/v2\/comments?post=38299"}],"version-history":[{"count":0,"href":"https:\/\/dorogimedence.hu\/index.php\/wp-json\/wp\/v2\/posts\/38299\/revisions"}],"wp:featuredmedia":[{"embeddable":true,"href":"https:\/\/dorogimedence.hu\/index.php\/wp-json\/wp\/v2\/media\/38300"}],"wp:attachment":[{"href":"https:\/\/dorogimedence.hu\/index.php\/wp-json\/wp\/v2\/media?parent=38299"}],"wp:term":[{"taxonomy":"category","embeddable":true,"href":"https:\/\/dorogimedence.hu\/index.php\/wp-json\/wp\/v2\/categories?post=38299"},{"taxonomy":"post_tag","embeddable":true,"href":"https:\/\/dorogimedence.hu\/index.php\/wp-json\/wp\/v2\/tags?post=38299"}],"curies":[{"name":"wp","href":"https:\/\/api.w.org\/{rel}","templated":true}]}}