{"id":38152,"date":"2021-10-29T11:28:28","date_gmt":"2021-10-29T09:28:28","guid":{"rendered":"https:\/\/dorogimedence.hu\/?p=38152"},"modified":"2021-10-29T11:30:07","modified_gmt":"2021-10-29T09:30:07","slug":"szemetet-szedtek-a-suzuki-munkatarsai-esztergomban-es-kornyeken","status":"publish","type":"post","link":"https:\/\/dorogimedence.hu\/index.php\/2021\/10\/29\/szemetet-szedtek-a-suzuki-munkatarsai-esztergomban-es-kornyeken\/","title":{"rendered":"Szemetet szedtek a Suzuki munkat\u00e1rsai Esztergomban \u00e9s k\u00f6rny\u00e9k\u00e9n"},"content":{"rendered":"<p><strong>K\u00f6rnyezet\u00fcnk v\u00e1ltoz\u00e1sai egyre s\u00fcrget\u0151bben h\u00edvj\u00e1k fel mindannyiunk figyelm\u00e9t arra, hogy jobban vigy\u00e1zzunk otthonunkra, a F\u00f6ldre. A Magyar Suzukin\u00e1l a biztons\u00e1gos modellek gy\u00e1rt\u00e1sa mellett a k\u00f6rnyezet v\u00e9delm\u00e9re is nagy hangs\u00falyt fektetnek. Egy saj\u00e1t \u00e9s egy nemzetk\u00f6zi projekt r\u00e9szek\u00e9nt a v\u00e1llalat \u00f6sszesen 3 kont\u00e9ner hullad\u00e9kt\u00f3l tiszt\u00edtotta meg az esztergomi ker\u00e9kp\u00e1r\u00fat Duna melletti szakasz\u00e1t, a Pr\u00edm\u00e1s szigetet, illetve Esztergom-Pilisszentl\u00e9lek turist\u00e1k \u00e1ltal s\u0171r\u0171n l\u00e1togatott erd\u0151s ter\u00fcleteit.<\/strong><\/p>\n<p>A Suzuki Motor Corporation nemcsak \u00fczletpolitik\u00e1j\u00e1ban, hanem sz\u0171k k\u00f6rnyezet\u00e9ben is igyekszik megfelelni t\u00e1rsadalmi elv\u00e1r\u00e1soknak. A vil\u00e1gpiaci trendekkel \u00f6sszhangban a Suzuki-csoport 2050-re karbonsemleges \u00fczemekkel \u00e9s term\u00e9kportf\u00f3li\u00f3val szeretne jelen lenni mindenhol a vil\u00e1gon. Esztergomban ezzel p\u00e1rhuzamosan elindult a \u201eZ\u00f6ldebb \u00fczem, z\u00f6ldebb aut\u00f3k\u201d program, amely sor\u00e1n a Magyar Suzukira szabva fokozatosan \u00e9p\u00edtik be a CO2-kibocs\u00e1t\u00e1st cs\u00f6kkent\u0151 technol\u00f3gi\u00e1kat a gy\u00e1rt\u00e1si folyamatokba \u00e9s aut\u00f3kba. Emellett k\u00f6z\u00f6s felel\u0151ss\u00e9gnek tartj\u00e1k a k\u00f6rnyezet v\u00e9delm\u00e9t is, amelyben orsz\u00e1gok, telep\u00fcl\u00e9sek, v\u00e1llalatok, \u00e9s egy\u00e9nek egy\u00fctt tudnak csak val\u00f3di eredm\u00e9nyeket felmutatni.<\/p>\n<p><img fetchpriority=\"high\" decoding=\"async\" class=\"alignnone size-large wp-image-38154\" src=\"https:\/\/dorogimedence.hu\/wp-content\/uploads\/2021\/10\/suzuki-szemetszedes-02-1024x683.jpg\" alt=\"\" width=\"755\" height=\"504\" srcset=\"https:\/\/dorogimedence.hu\/wp-content\/uploads\/2021\/10\/suzuki-szemetszedes-02-1024x683.jpg 1024w, https:\/\/dorogimedence.hu\/wp-content\/uploads\/2021\/10\/suzuki-szemetszedes-02-300x200.jpg 300w, https:\/\/dorogimedence.hu\/wp-content\/uploads\/2021\/10\/suzuki-szemetszedes-02-768x512.jpg 768w, https:\/\/dorogimedence.hu\/wp-content\/uploads\/2021\/10\/suzuki-szemetszedes-02-150x100.jpg 150w, https:\/\/dorogimedence.hu\/wp-content\/uploads\/2021\/10\/suzuki-szemetszedes-02-450x300.jpg 450w, https:\/\/dorogimedence.hu\/wp-content\/uploads\/2021\/10\/suzuki-szemetszedes-02-272x182.jpg 272w, https:\/\/dorogimedence.hu\/wp-content\/uploads\/2021\/10\/suzuki-szemetszedes-02.jpg 1200w\" sizes=\"(max-width: 755px) 100vw, 755px\" \/><\/p>\n<p>A Suzuki Motor Corporation tizenegy \u00e9ve tesz a F\u00f6ld vizeinek tisztas\u00e1g\u00e1\u00e9rt. A Jap\u00e1nb\u00f3l indul\u00f3 <span style=\"text-decoration: underline; color: #0000ff;\"><a style=\"color: #0000ff; text-decoration: underline;\" href=\"https:\/\/www.globalsuzuki.com\/marine\/environment\/clean_up_campaign\/\" target=\"_blank\" rel=\"noopener\">Clean Up the World<\/a><\/span> kezdem\u00e9nyez\u00e9s fokozatosan v\u00e1lt nemzetk\u00f6ziv\u00e9, eddig 26 orsz\u00e1gb\u00f3l \u00f6sszesen t\u00f6bb mint 8000 \u00f6nk\u00e9ntes vett r\u00e9szt tengerek, foly\u00f3k \u00e9s tavak megtiszt\u00edt\u00e1s\u00e1ban. A Magyar Suzuki haj\u00f3motor \u00fczlet\u00e1ga az <span style=\"text-decoration: underline; color: #0000ff;\"><a style=\"color: #0000ff; text-decoration: underline;\" href=\"https:\/\/www.facebook.com\/groups\/449920375886978\/about\/\" target=\"_blank\" rel=\"noopener\">\u00c9rted Tettem Duna<\/a><\/span> Civilszervezet, illetve a Temesv\u00e1ri Pelb\u00e1rt Ferences Gimn\u00e1zium \u00e9s Koll\u00e9gium 8. oszt\u00e1lyos tanul\u00f3ival egy\u00fctt az esztergomi ker\u00e9kp\u00e1r\u00fat Duna melletti szakasz\u00e1t tiszt\u00edtott\u00e1k meg egy kont\u00e9nernyi szem\u00e9tt\u0151l okt\u00f3ber 8-\u00e1n. Az \u00f6nk\u00e9ntesek munk\u00e1j\u00e1t eszk\u00f6z\u00f6kkel t\u00e1mogatta a v\u00e1llalat, valamint eduk\u00e1ci\u00f3s el\u0151ad\u00e1st biztos\u00edtott a r\u00e9sztvev\u0151 tanul\u00f3k sz\u00e1m\u00e1ra.<\/p>\n<p><img decoding=\"async\" class=\"alignnone size-large wp-image-38155\" src=\"https:\/\/dorogimedence.hu\/wp-content\/uploads\/2021\/10\/suzuki-szemetszedes-03-1024x683.jpg\" alt=\"\" width=\"755\" height=\"504\" srcset=\"https:\/\/dorogimedence.hu\/wp-content\/uploads\/2021\/10\/suzuki-szemetszedes-03-1024x683.jpg 1024w, https:\/\/dorogimedence.hu\/wp-content\/uploads\/2021\/10\/suzuki-szemetszedes-03-300x200.jpg 300w, https:\/\/dorogimedence.hu\/wp-content\/uploads\/2021\/10\/suzuki-szemetszedes-03-768x512.jpg 768w, https:\/\/dorogimedence.hu\/wp-content\/uploads\/2021\/10\/suzuki-szemetszedes-03-150x100.jpg 150w, https:\/\/dorogimedence.hu\/wp-content\/uploads\/2021\/10\/suzuki-szemetszedes-03-450x300.jpg 450w, https:\/\/dorogimedence.hu\/wp-content\/uploads\/2021\/10\/suzuki-szemetszedes-03-272x182.jpg 272w, https:\/\/dorogimedence.hu\/wp-content\/uploads\/2021\/10\/suzuki-szemetszedes-03.jpg 1200w\" sizes=\"(max-width: 755px) 100vw, 755px\" \/><\/p>\n<p>K\u00e9t h\u00e9ttel k\u00e9s\u0151bb, okt\u00f3ber 21-\u00e9n el\u0151sz\u00f6r rendezt\u00e9k meg a Suzuki \u00d6nk\u00e9ntes napot \u201eSzedd a f\u00f6ldr\u0151l, tedd a F\u00f6ld\u00e9rt!\u201d c\u00edmmel. A hullad\u00e9kgy\u0171jt\u0151 esem\u00e9nyen az esztergomi v\u00e1llalat munkat\u00e1rsai k\u00f6z\u00f6sen tiszt\u00edtott\u00e1k meg a Pr\u00edm\u00e1s sziget t\u00f6bb pontj\u00e1t.<\/p>\n<p>Okt\u00f3ber 28-\u00e1n folytat\u00f3dott a hullad\u00e9kgy\u0171jt\u0151 akci\u00f3 Esztergom-Pilisszentl\u00e9lek telep\u00fcl\u00e9sen. Az \u00f6nk\u00e9ntesek a faluba vezet\u0151 \u00faton, a patak erd\u0151s, illetve a P\u00e1los romokhoz vezet\u0151 \u00fat erd\u0151s r\u00e9sz\u00e9n gy\u0171jt\u00f6tt\u00e9k \u00f6ssze a hullad\u00e9kot.<\/p>\n<p>Az \u00f6nk\u00e9ntes hullad\u00e9kgy\u0171jt\u0151 napokon k\u00e9t kont\u00e9ner szemetet szedtek \u00f6ssze a Suzuki \u00f6nk\u00e9ntes munkat\u00e1rsai. A hullad\u00e9k elsz\u00e1ll\u00edt\u00e1s\u00e1t Esztergom V\u00e1ros \u00d6nkorm\u00e1nyzata biztos\u00edtotta.<\/p>\n<p><em>Fot\u00f3k, forr\u00e1s: Magyar Suzuki Zrt.<\/em><\/p>\n","protected":false},"excerpt":{"rendered":"<p>K\u00f6rnyezet\u00fcnk v\u00e1ltoz\u00e1sai egyre s\u00fcrget\u0151bben h\u00edvj\u00e1k fel mindannyiunk figyelm\u00e9t arra, hogy jobban vigy\u00e1zzunk otthonunkra, a F\u00f6ldre. A Magyar Suzukin\u00e1l a biztons\u00e1gos modellek gy\u00e1rt\u00e1sa mellett a k\u00f6rnyezet v\u00e9delm\u00e9re is nagy hangs\u00falyt fektetnek. Egy saj\u00e1t \u00e9s egy nemzetk\u00f6zi projekt r\u00e9szek\u00e9nt a v\u00e1llalat \u00f6sszesen 3 kont\u00e9ner hullad\u00e9kt\u00f3l tiszt\u00edtotta meg az esztergomi ker\u00e9kp\u00e1r\u00fat Duna melletti szakasz\u00e1t, a Pr\u00edm\u00e1s szigetet, illetve<\/p>\n","protected":false},"author":1,"featured_media":38153,"comment_status":"closed","ping_status":"closed","sticky":false,"template":"","format":"standard","meta":{"ngg_post_thumbnail":0,"footnotes":""},"categories":[38,3],"tags":[42,4649,261,2397],"class_list":{"0":"post-38152","1":"post","2":"type-post","3":"status-publish","4":"format-standard","5":"has-post-thumbnail","7":"category-esztergom","8":"category-hirek","9":"tag-esztergom","10":"tag-magyar-suzuki-zrt","11":"tag-suzuki","12":"tag-szemetszedes"},"yoast_head":"<!-- This site is optimized with the Yoast SEO plugin v27.5 - https:\/\/yoast.com\/product\/yoast-seo-wordpress\/ -->\n<title>Szemetet szedtek a Suzuki munkat\u00e1rsai Esztergomban \u00e9s k\u00f6rny\u00e9k\u00e9n<\/title>\n<meta name=\"robots\" content=\"index, follow, max-snippet:-1, max-image-preview:large, max-video-preview:-1\" \/>\n<link rel=\"canonical\" href=\"https:\/\/dorogimedence.hu\/index.php\/2021\/10\/29\/szemetet-szedtek-a-suzuki-munkatarsai-esztergomban-es-kornyeken\/\" class=\"yoast-seo-meta-tag\" \/>\n<meta property=\"og:locale\" content=\"hu_HU\" class=\"yoast-seo-meta-tag\" \/>\n<meta property=\"og:type\" content=\"article\" class=\"yoast-seo-meta-tag\" \/>\n<meta property=\"og:title\" content=\"Szemetet szedtek a Suzuki munkat\u00e1rsai Esztergomban \u00e9s k\u00f6rny\u00e9k\u00e9n\" class=\"yoast-seo-meta-tag\" \/>\n<meta property=\"og:description\" content=\"K\u00f6rnyezet\u00fcnk v\u00e1ltoz\u00e1sai egyre s\u00fcrget\u0151bben h\u00edvj\u00e1k fel mindannyiunk figyelm\u00e9t arra, hogy jobban vigy\u00e1zzunk otthonunkra, a F\u00f6ldre. A Magyar Suzukin\u00e1l a biztons\u00e1gos modellek gy\u00e1rt\u00e1sa mellett a k\u00f6rnyezet v\u00e9delm\u00e9re is nagy hangs\u00falyt fektetnek. Egy saj\u00e1t \u00e9s egy nemzetk\u00f6zi projekt r\u00e9szek\u00e9nt a v\u00e1llalat \u00f6sszesen 3 kont\u00e9ner hullad\u00e9kt\u00f3l tiszt\u00edtotta meg az esztergomi ker\u00e9kp\u00e1r\u00fat Duna melletti szakasz\u00e1t, a Pr\u00edm\u00e1s szigetet, illetve\" class=\"yoast-seo-meta-tag\" \/>\n<meta property=\"og:url\" content=\"https:\/\/dorogimedence.hu\/index.php\/2021\/10\/29\/szemetet-szedtek-a-suzuki-munkatarsai-esztergomban-es-kornyeken\/\" class=\"yoast-seo-meta-tag\" \/>\n<meta property=\"og:site_name\" content=\"Dorogi-medence Region\u00e1lis H\u00edrport\u00e1l\" class=\"yoast-seo-meta-tag\" \/>\n<meta property=\"article:publisher\" content=\"https:\/\/www.facebook.com\/dorogimedence\/\" class=\"yoast-seo-meta-tag\" \/>\n<meta property=\"article:published_time\" content=\"2021-10-29T09:28:28+00:00\" class=\"yoast-seo-meta-tag\" \/>\n<meta property=\"article:modified_time\" content=\"2021-10-29T09:30:07+00:00\" class=\"yoast-seo-meta-tag\" \/>\n<meta property=\"og:image\" content=\"https:\/\/i0.wp.com\/dorogimedence.hu\/wp-content\/uploads\/2021\/10\/suzuki-szemetszedes-01.jpg?fit=1920%2C1280&ssl=1\" class=\"yoast-seo-meta-tag\" \/>\n\t<meta property=\"og:image:width\" content=\"1920\" class=\"yoast-seo-meta-tag\" \/>\n\t<meta property=\"og:image:height\" content=\"1280\" class=\"yoast-seo-meta-tag\" \/>\n\t<meta property=\"og:image:type\" content=\"image\/jpeg\" class=\"yoast-seo-meta-tag\" \/>\n<meta name=\"author\" content=\"dorogimedence.hu\" class=\"yoast-seo-meta-tag\" \/>\n<meta name=\"twitter:card\" content=\"summary_large_image\" class=\"yoast-seo-meta-tag\" \/>\n<meta name=\"twitter:label1\" content=\"Szerz\u0151:\" class=\"yoast-seo-meta-tag\" \/>\n\t<meta name=\"twitter:data1\" content=\"dorogimedence.hu\" class=\"yoast-seo-meta-tag\" \/>\n\t<meta name=\"twitter:label2\" content=\"Becs\u00fclt olvas\u00e1si id\u0151\" class=\"yoast-seo-meta-tag\" \/>\n\t<meta name=\"twitter:data2\" content=\"3 perc\" class=\"yoast-seo-meta-tag\" \/>\n<script type=\"application\/ld+json\" class=\"yoast-schema-graph\">{\"@context\":\"https:\\\/\\\/schema.org\",\"@graph\":[{\"@type\":\"Article\",\"@id\":\"https:\\\/\\\/dorogimedence.hu\\\/index.php\\\/2021\\\/10\\\/29\\\/szemetet-szedtek-a-suzuki-munkatarsai-esztergomban-es-kornyeken\\\/#article\",\"isPartOf\":{\"@id\":\"https:\\\/\\\/dorogimedence.hu\\\/index.php\\\/2021\\\/10\\\/29\\\/szemetet-szedtek-a-suzuki-munkatarsai-esztergomban-es-kornyeken\\\/\"},\"author\":{\"name\":\"dorogimedence.hu\",\"@id\":\"https:\\\/\\\/dorogimedence.hu\\\/#\\\/schema\\\/person\\\/ce6091eeb7e95ecdc87890d6aa8e0fd4\"},\"headline\":\"Szemetet szedtek a Suzuki munkat\u00e1rsai Esztergomban \u00e9s k\u00f6rny\u00e9k\u00e9n\",\"datePublished\":\"2021-10-29T09:28:28+00:00\",\"dateModified\":\"2021-10-29T09:30:07+00:00\",\"mainEntityOfPage\":{\"@id\":\"https:\\\/\\\/dorogimedence.hu\\\/index.php\\\/2021\\\/10\\\/29\\\/szemetet-szedtek-a-suzuki-munkatarsai-esztergomban-es-kornyeken\\\/\"},\"wordCount\":526,\"publisher\":{\"@id\":\"https:\\\/\\\/dorogimedence.hu\\\/#organization\"},\"image\":{\"@id\":\"https:\\\/\\\/dorogimedence.hu\\\/index.php\\\/2021\\\/10\\\/29\\\/szemetet-szedtek-a-suzuki-munkatarsai-esztergomban-es-kornyeken\\\/#primaryimage\"},\"thumbnailUrl\":\"https:\\\/\\\/dorogimedence.hu\\\/wp-content\\\/uploads\\\/2021\\\/10\\\/suzuki-szemetszedes-01.jpg\",\"keywords\":[\"esztergom\",\"Magyar Suzuki Zrt.\",\"Suzuki\",\"szem\u00e9tszed\u00e9s\"],\"articleSection\":[\"Esztergom\",\"H\u00edrek\"],\"inLanguage\":\"hu\"},{\"@type\":\"WebPage\",\"@id\":\"https:\\\/\\\/dorogimedence.hu\\\/index.php\\\/2021\\\/10\\\/29\\\/szemetet-szedtek-a-suzuki-munkatarsai-esztergomban-es-kornyeken\\\/\",\"url\":\"https:\\\/\\\/dorogimedence.hu\\\/index.php\\\/2021\\\/10\\\/29\\\/szemetet-szedtek-a-suzuki-munkatarsai-esztergomban-es-kornyeken\\\/\",\"name\":\"Szemetet szedtek a Suzuki munkat\u00e1rsai Esztergomban \u00e9s k\u00f6rny\u00e9k\u00e9n\",\"isPartOf\":{\"@id\":\"https:\\\/\\\/dorogimedence.hu\\\/#website\"},\"primaryImageOfPage\":{\"@id\":\"https:\\\/\\\/dorogimedence.hu\\\/index.php\\\/2021\\\/10\\\/29\\\/szemetet-szedtek-a-suzuki-munkatarsai-esztergomban-es-kornyeken\\\/#primaryimage\"},\"image\":{\"@id\":\"https:\\\/\\\/dorogimedence.hu\\\/index.php\\\/2021\\\/10\\\/29\\\/szemetet-szedtek-a-suzuki-munkatarsai-esztergomban-es-kornyeken\\\/#primaryimage\"},\"thumbnailUrl\":\"https:\\\/\\\/dorogimedence.hu\\\/wp-content\\\/uploads\\\/2021\\\/10\\\/suzuki-szemetszedes-01.jpg\",\"datePublished\":\"2021-10-29T09:28:28+00:00\",\"dateModified\":\"2021-10-29T09:30:07+00:00\",\"breadcrumb\":{\"@id\":\"https:\\\/\\\/dorogimedence.hu\\\/index.php\\\/2021\\\/10\\\/29\\\/szemetet-szedtek-a-suzuki-munkatarsai-esztergomban-es-kornyeken\\\/#breadcrumb\"},\"inLanguage\":\"hu\",\"potentialAction\":[{\"@type\":\"ReadAction\",\"target\":[\"https:\\\/\\\/dorogimedence.hu\\\/index.php\\\/2021\\\/10\\\/29\\\/szemetet-szedtek-a-suzuki-munkatarsai-esztergomban-es-kornyeken\\\/\"]}]},{\"@type\":\"ImageObject\",\"inLanguage\":\"hu\",\"@id\":\"https:\\\/\\\/dorogimedence.hu\\\/index.php\\\/2021\\\/10\\\/29\\\/szemetet-szedtek-a-suzuki-munkatarsai-esztergomban-es-kornyeken\\\/#primaryimage\",\"url\":\"https:\\\/\\\/dorogimedence.hu\\\/wp-content\\\/uploads\\\/2021\\\/10\\\/suzuki-szemetszedes-01.jpg\",\"contentUrl\":\"https:\\\/\\\/dorogimedence.hu\\\/wp-content\\\/uploads\\\/2021\\\/10\\\/suzuki-szemetszedes-01.jpg\",\"width\":1920,\"height\":1280},{\"@type\":\"BreadcrumbList\",\"@id\":\"https:\\\/\\\/dorogimedence.hu\\\/index.php\\\/2021\\\/10\\\/29\\\/szemetet-szedtek-a-suzuki-munkatarsai-esztergomban-es-kornyeken\\\/#breadcrumb\",\"itemListElement\":[{\"@type\":\"ListItem\",\"position\":1,\"name\":\"Kezd\u0151lap\",\"item\":\"https:\\\/\\\/dorogimedence.hu\\\/\"},{\"@type\":\"ListItem\",\"position\":2,\"name\":\"Szemetet szedtek a Suzuki munkat\u00e1rsai Esztergomban \u00e9s k\u00f6rny\u00e9k\u00e9n\"}]},{\"@type\":\"WebSite\",\"@id\":\"https:\\\/\\\/dorogimedence.hu\\\/#website\",\"url\":\"https:\\\/\\\/dorogimedence.hu\\\/\",\"name\":\"Dorogi-medence Region\u00e1lis H\u00edrport\u00e1l\",\"description\":\"Dorog, Keszt\u00f6lc, Le\u00e1nyv\u00e1r, Piliscs\u00e9v, Tokod, Tokodalt\u00e1r\u00f3, Csolnok, Esztergom-kertv\u00e1ros: h\u00edrek, programok\",\"publisher\":{\"@id\":\"https:\\\/\\\/dorogimedence.hu\\\/#organization\"},\"potentialAction\":[{\"@type\":\"SearchAction\",\"target\":{\"@type\":\"EntryPoint\",\"urlTemplate\":\"https:\\\/\\\/dorogimedence.hu\\\/?s={search_term_string}\"},\"query-input\":{\"@type\":\"PropertyValueSpecification\",\"valueRequired\":true,\"valueName\":\"search_term_string\"}}],\"inLanguage\":\"hu\"},{\"@type\":\"Organization\",\"@id\":\"https:\\\/\\\/dorogimedence.hu\\\/#organization\",\"name\":\"Dorogi-medence Region\u00e1lis H\u00edrport\u00e1l\",\"url\":\"https:\\\/\\\/dorogimedence.hu\\\/\",\"logo\":{\"@type\":\"ImageObject\",\"inLanguage\":\"hu\",\"@id\":\"https:\\\/\\\/dorogimedence.hu\\\/#\\\/schema\\\/logo\\\/image\\\/\",\"url\":\"https:\\\/\\\/dorogimedence.hu\\\/wp-content\\\/uploads\\\/2021\\\/04\\\/logo-feher-600.png\",\"contentUrl\":\"https:\\\/\\\/dorogimedence.hu\\\/wp-content\\\/uploads\\\/2021\\\/04\\\/logo-feher-600.png\",\"width\":600,\"height\":100,\"caption\":\"Dorogi-medence Region\u00e1lis H\u00edrport\u00e1l\"},\"image\":{\"@id\":\"https:\\\/\\\/dorogimedence.hu\\\/#\\\/schema\\\/logo\\\/image\\\/\"},\"sameAs\":[\"https:\\\/\\\/www.facebook.com\\\/dorogimedence\\\/\"]},{\"@type\":\"Person\",\"@id\":\"https:\\\/\\\/dorogimedence.hu\\\/#\\\/schema\\\/person\\\/ce6091eeb7e95ecdc87890d6aa8e0fd4\",\"name\":\"dorogimedence.hu\",\"image\":{\"@type\":\"ImageObject\",\"inLanguage\":\"hu\",\"@id\":\"\\\/\\\/www.gravatar.com\\\/avatar\\\/d8d45f8901aadff40a4af72c0b826f1d?s=96&#038;r=g&#038;d=mm\",\"url\":\"\\\/\\\/www.gravatar.com\\\/avatar\\\/d8d45f8901aadff40a4af72c0b826f1d?s=96&#038;r=g&#038;d=mm\",\"contentUrl\":\"\\\/\\\/www.gravatar.com\\\/avatar\\\/d8d45f8901aadff40a4af72c0b826f1d?s=96&#038;r=g&#038;d=mm\",\"caption\":\"dorogimedence.hu\"}}]}<\/script>\n<!-- \/ Yoast SEO plugin. -->","yoast_head_json":{"title":"Szemetet szedtek a Suzuki munkat\u00e1rsai Esztergomban \u00e9s k\u00f6rny\u00e9k\u00e9n","robots":{"index":"index","follow":"follow","max-snippet":"max-snippet:-1","max-image-preview":"max-image-preview:large","max-video-preview":"max-video-preview:-1"},"canonical":"https:\/\/dorogimedence.hu\/index.php\/2021\/10\/29\/szemetet-szedtek-a-suzuki-munkatarsai-esztergomban-es-kornyeken\/","og_locale":"hu_HU","og_type":"article","og_title":"Szemetet szedtek a Suzuki munkat\u00e1rsai Esztergomban \u00e9s k\u00f6rny\u00e9k\u00e9n","og_description":"K\u00f6rnyezet\u00fcnk v\u00e1ltoz\u00e1sai egyre s\u00fcrget\u0151bben h\u00edvj\u00e1k fel mindannyiunk figyelm\u00e9t arra, hogy jobban vigy\u00e1zzunk otthonunkra, a F\u00f6ldre. A Magyar Suzukin\u00e1l a biztons\u00e1gos modellek gy\u00e1rt\u00e1sa mellett a k\u00f6rnyezet v\u00e9delm\u00e9re is nagy hangs\u00falyt fektetnek. Egy saj\u00e1t \u00e9s egy nemzetk\u00f6zi projekt r\u00e9szek\u00e9nt a v\u00e1llalat \u00f6sszesen 3 kont\u00e9ner hullad\u00e9kt\u00f3l tiszt\u00edtotta meg az esztergomi ker\u00e9kp\u00e1r\u00fat Duna melletti szakasz\u00e1t, a Pr\u00edm\u00e1s szigetet, illetve","og_url":"https:\/\/dorogimedence.hu\/index.php\/2021\/10\/29\/szemetet-szedtek-a-suzuki-munkatarsai-esztergomban-es-kornyeken\/","og_site_name":"Dorogi-medence Region\u00e1lis H\u00edrport\u00e1l","article_publisher":"https:\/\/www.facebook.com\/dorogimedence\/","article_published_time":"2021-10-29T09:28:28+00:00","article_modified_time":"2021-10-29T09:30:07+00:00","og_image":[{"width":1920,"height":1280,"url":"https:\/\/i0.wp.com\/dorogimedence.hu\/wp-content\/uploads\/2021\/10\/suzuki-szemetszedes-01.jpg?fit=1920%2C1280&ssl=1","type":"image\/jpeg"}],"author":"dorogimedence.hu","twitter_card":"summary_large_image","twitter_misc":{"Szerz\u0151:":"dorogimedence.hu","Becs\u00fclt olvas\u00e1si id\u0151":"3 perc"},"schema":{"@context":"https:\/\/schema.org","@graph":[{"@type":"Article","@id":"https:\/\/dorogimedence.hu\/index.php\/2021\/10\/29\/szemetet-szedtek-a-suzuki-munkatarsai-esztergomban-es-kornyeken\/#article","isPartOf":{"@id":"https:\/\/dorogimedence.hu\/index.php\/2021\/10\/29\/szemetet-szedtek-a-suzuki-munkatarsai-esztergomban-es-kornyeken\/"},"author":{"name":"dorogimedence.hu","@id":"https:\/\/dorogimedence.hu\/#\/schema\/person\/ce6091eeb7e95ecdc87890d6aa8e0fd4"},"headline":"Szemetet szedtek a Suzuki munkat\u00e1rsai Esztergomban \u00e9s k\u00f6rny\u00e9k\u00e9n","datePublished":"2021-10-29T09:28:28+00:00","dateModified":"2021-10-29T09:30:07+00:00","mainEntityOfPage":{"@id":"https:\/\/dorogimedence.hu\/index.php\/2021\/10\/29\/szemetet-szedtek-a-suzuki-munkatarsai-esztergomban-es-kornyeken\/"},"wordCount":526,"publisher":{"@id":"https:\/\/dorogimedence.hu\/#organization"},"image":{"@id":"https:\/\/dorogimedence.hu\/index.php\/2021\/10\/29\/szemetet-szedtek-a-suzuki-munkatarsai-esztergomban-es-kornyeken\/#primaryimage"},"thumbnailUrl":"https:\/\/dorogimedence.hu\/wp-content\/uploads\/2021\/10\/suzuki-szemetszedes-01.jpg","keywords":["esztergom","Magyar Suzuki Zrt.","Suzuki","szem\u00e9tszed\u00e9s"],"articleSection":["Esztergom","H\u00edrek"],"inLanguage":"hu"},{"@type":"WebPage","@id":"https:\/\/dorogimedence.hu\/index.php\/2021\/10\/29\/szemetet-szedtek-a-suzuki-munkatarsai-esztergomban-es-kornyeken\/","url":"https:\/\/dorogimedence.hu\/index.php\/2021\/10\/29\/szemetet-szedtek-a-suzuki-munkatarsai-esztergomban-es-kornyeken\/","name":"Szemetet szedtek a Suzuki munkat\u00e1rsai Esztergomban \u00e9s k\u00f6rny\u00e9k\u00e9n","isPartOf":{"@id":"https:\/\/dorogimedence.hu\/#website"},"primaryImageOfPage":{"@id":"https:\/\/dorogimedence.hu\/index.php\/2021\/10\/29\/szemetet-szedtek-a-suzuki-munkatarsai-esztergomban-es-kornyeken\/#primaryimage"},"image":{"@id":"https:\/\/dorogimedence.hu\/index.php\/2021\/10\/29\/szemetet-szedtek-a-suzuki-munkatarsai-esztergomban-es-kornyeken\/#primaryimage"},"thumbnailUrl":"https:\/\/dorogimedence.hu\/wp-content\/uploads\/2021\/10\/suzuki-szemetszedes-01.jpg","datePublished":"2021-10-29T09:28:28+00:00","dateModified":"2021-10-29T09:30:07+00:00","breadcrumb":{"@id":"https:\/\/dorogimedence.hu\/index.php\/2021\/10\/29\/szemetet-szedtek-a-suzuki-munkatarsai-esztergomban-es-kornyeken\/#breadcrumb"},"inLanguage":"hu","potentialAction":[{"@type":"ReadAction","target":["https:\/\/dorogimedence.hu\/index.php\/2021\/10\/29\/szemetet-szedtek-a-suzuki-munkatarsai-esztergomban-es-kornyeken\/"]}]},{"@type":"ImageObject","inLanguage":"hu","@id":"https:\/\/dorogimedence.hu\/index.php\/2021\/10\/29\/szemetet-szedtek-a-suzuki-munkatarsai-esztergomban-es-kornyeken\/#primaryimage","url":"https:\/\/dorogimedence.hu\/wp-content\/uploads\/2021\/10\/suzuki-szemetszedes-01.jpg","contentUrl":"https:\/\/dorogimedence.hu\/wp-content\/uploads\/2021\/10\/suzuki-szemetszedes-01.jpg","width":1920,"height":1280},{"@type":"BreadcrumbList","@id":"https:\/\/dorogimedence.hu\/index.php\/2021\/10\/29\/szemetet-szedtek-a-suzuki-munkatarsai-esztergomban-es-kornyeken\/#breadcrumb","itemListElement":[{"@type":"ListItem","position":1,"name":"Kezd\u0151lap","item":"https:\/\/dorogimedence.hu\/"},{"@type":"ListItem","position":2,"name":"Szemetet szedtek a Suzuki munkat\u00e1rsai Esztergomban \u00e9s k\u00f6rny\u00e9k\u00e9n"}]},{"@type":"WebSite","@id":"https:\/\/dorogimedence.hu\/#website","url":"https:\/\/dorogimedence.hu\/","name":"Dorogi-medence Region\u00e1lis H\u00edrport\u00e1l","description":"Dorog, Keszt\u00f6lc, Le\u00e1nyv\u00e1r, Piliscs\u00e9v, Tokod, Tokodalt\u00e1r\u00f3, Csolnok, Esztergom-kertv\u00e1ros: h\u00edrek, programok","publisher":{"@id":"https:\/\/dorogimedence.hu\/#organization"},"potentialAction":[{"@type":"SearchAction","target":{"@type":"EntryPoint","urlTemplate":"https:\/\/dorogimedence.hu\/?s={search_term_string}"},"query-input":{"@type":"PropertyValueSpecification","valueRequired":true,"valueName":"search_term_string"}}],"inLanguage":"hu"},{"@type":"Organization","@id":"https:\/\/dorogimedence.hu\/#organization","name":"Dorogi-medence Region\u00e1lis H\u00edrport\u00e1l","url":"https:\/\/dorogimedence.hu\/","logo":{"@type":"ImageObject","inLanguage":"hu","@id":"https:\/\/dorogimedence.hu\/#\/schema\/logo\/image\/","url":"https:\/\/dorogimedence.hu\/wp-content\/uploads\/2021\/04\/logo-feher-600.png","contentUrl":"https:\/\/dorogimedence.hu\/wp-content\/uploads\/2021\/04\/logo-feher-600.png","width":600,"height":100,"caption":"Dorogi-medence Region\u00e1lis H\u00edrport\u00e1l"},"image":{"@id":"https:\/\/dorogimedence.hu\/#\/schema\/logo\/image\/"},"sameAs":["https:\/\/www.facebook.com\/dorogimedence\/"]},{"@type":"Person","@id":"https:\/\/dorogimedence.hu\/#\/schema\/person\/ce6091eeb7e95ecdc87890d6aa8e0fd4","name":"dorogimedence.hu","image":{"@type":"ImageObject","inLanguage":"hu","@id":"\/\/www.gravatar.com\/avatar\/d8d45f8901aadff40a4af72c0b826f1d?s=96&#038;r=g&#038;d=mm","url":"\/\/www.gravatar.com\/avatar\/d8d45f8901aadff40a4af72c0b826f1d?s=96&#038;r=g&#038;d=mm","contentUrl":"\/\/www.gravatar.com\/avatar\/d8d45f8901aadff40a4af72c0b826f1d?s=96&#038;r=g&#038;d=mm","caption":"dorogimedence.hu"}}]}},"_links":{"self":[{"href":"https:\/\/dorogimedence.hu\/index.php\/wp-json\/wp\/v2\/posts\/38152","targetHints":{"allow":["GET"]}}],"collection":[{"href":"https:\/\/dorogimedence.hu\/index.php\/wp-json\/wp\/v2\/posts"}],"about":[{"href":"https:\/\/dorogimedence.hu\/index.php\/wp-json\/wp\/v2\/types\/post"}],"author":[{"embeddable":true,"href":"https:\/\/dorogimedence.hu\/index.php\/wp-json\/wp\/v2\/users\/1"}],"replies":[{"embeddable":true,"href":"https:\/\/dorogimedence.hu\/index.php\/wp-json\/wp\/v2\/comments?post=38152"}],"version-history":[{"count":0,"href":"https:\/\/dorogimedence.hu\/index.php\/wp-json\/wp\/v2\/posts\/38152\/revisions"}],"wp:featuredmedia":[{"embeddable":true,"href":"https:\/\/dorogimedence.hu\/index.php\/wp-json\/wp\/v2\/media\/38153"}],"wp:attachment":[{"href":"https:\/\/dorogimedence.hu\/index.php\/wp-json\/wp\/v2\/media?parent=38152"}],"wp:term":[{"taxonomy":"category","embeddable":true,"href":"https:\/\/dorogimedence.hu\/index.php\/wp-json\/wp\/v2\/categories?post=38152"},{"taxonomy":"post_tag","embeddable":true,"href":"https:\/\/dorogimedence.hu\/index.php\/wp-json\/wp\/v2\/tags?post=38152"}],"curies":[{"name":"wp","href":"https:\/\/api.w.org\/{rel}","templated":true}]}}