{"id":38149,"date":"2021-10-29T09:27:01","date_gmt":"2021-10-29T07:27:01","guid":{"rendered":"https:\/\/dorogimedence.hu\/?p=38149"},"modified":"2021-10-29T09:27:39","modified_gmt":"2021-10-29T07:27:39","slug":"megjelentek-a-vedelmi-intezkedesekrol-szolo-rendeletek","status":"publish","type":"post","link":"https:\/\/dorogimedence.hu\/index.php\/2021\/10\/29\/megjelentek-a-vedelmi-intezkedesekrol-szolo-rendeletek\/","title":{"rendered":"Megjelentek a v\u00e9delmi int\u00e9zked\u00e9sekr\u0151l sz\u00f3l\u00f3 rendeletek"},"content":{"rendered":"<div class=\"article-lead\">\n<p><strong>November elsej\u00e9t\u0151l ism\u00e9t k\u00f6telez\u0151 a maszkvisel\u00e9s a t\u00f6megk\u00f6zleked\u00e9si eszk\u00f6z\u00f6k\u00f6n, a munk\u00e1ltat\u00f3k el\u0151\u00edrhatj\u00e1k az olt\u00e1s felv\u00e9tel\u00e9t dolgoz\u00f3iknak. A Korm\u00e1nyinf\u00f3n m\u00e1r bejelentett int\u00e9zked\u00e9sekr\u0151l sz\u00f3l\u00f3 korm\u00e1nyrendeletek cs\u00fct\u00f6rt\u00f6k\u00f6n este megjelentek a <a href=\"https:\/\/magyarkozlony.hu\/dokumentumok\/6d2eaf7183bf5d59271a9fe8337579625ddd375b\/megtekintes\" target=\"_blank\" rel=\"noopener\"><span style=\"text-decoration: underline; color: #0000ff;\">Magyar K\u00f6zl\u00f6nyben<\/span><\/a>.<\/strong><\/p>\n<p>A koronav\u00edrus-j\u00e1rv\u00e1ny negyedik hull\u00e1m\u00e1nak megf\u00e9kez\u00e9s\u00e9re a korm\u00e1ny \u00fajabb v\u00e9delmi int\u00e9zked\u00e9sekr\u0151l d\u00f6nt\u00f6tt. November elsej\u00e9t\u0151l ism\u00e9t k\u00f6telez\u0151 a maszkvisel\u00e9s a t\u00f6megk\u00f6zleked\u00e9si eszk\u00f6z\u00f6k\u00f6n, az \u00e1toltotts\u00e1g n\u00f6vel\u00e9se \u00e9rdek\u00e9ben a munk\u00e1ltat\u00f3k el\u0151\u00edrhatj\u00e1k az olt\u00e1s felv\u00e9tel\u00e9t dolgoz\u00f3iknak. Az \u00e1llami szf\u00e9r\u00e1ban elv\u00e1rt az olt\u00e1s felv\u00e9tele, az \u00f6nkorm\u00e1nyzatokn\u00e1l a k\u00e9rd\u00e9sben a polg\u00e1rmesterek d\u00f6nthetnek.<\/p>\n<p>November 1-j\u00e9t\u0151l a kor\u00e1bban m\u00e1r megszokott szab\u00e1lyok szerint \u00fajra maszkot kell viselni a t\u00f6megk\u00f6zleked\u00e9si eszk\u00f6z\u00f6k\u00f6n, p\u00e1lyaudvarokon \u00e9s meg\u00e1ll\u00f3helyeken. A maszkvisel\u00e9s al\u00f3l ez\u00fattal is felment\u00e9st kapnak a 6 \u00e9v alatti gyermekek,&nbsp;&nbsp;az \u00e9rtelmi vagy pszichoszoci\u00e1lis fogyat\u00e9koss\u00e1ggal, illetve az autizmus spektrumzavarral \u00e9l\u0151 szem\u00e9lyek.<\/p>\n<p><strong>Az olt\u00e1s a leger\u0151sebb&nbsp; v\u00e9delem<\/strong><\/p>\n<p>A korm\u00e1ny tov\u00e1bbra is v\u00e9d\u0151olt\u00e1s&nbsp; miel\u0151bbi felv\u00e9tel\u00e9re k\u00e9ri a beoltatlanokat, a most terjed\u0151 deltav\u00edrus mut\u00e1ns ugyanis a beoltatlanokra&nbsp; a legvesz\u00e9lyesebb, a v\u00e9d\u0151olt\u00e1s a leghat\u00e9konyabb a v\u00edrus ellen.&nbsp; Min\u00e9l t\u00f6bben vagyunk beoltva, ann\u00e1l sikeresebben tudjuk megv\u00e9deni az orsz\u00e1got a j\u00e1rv\u00e1ny \u00fajabb hull\u00e1ma ellen.&nbsp;<\/p>\n<p><strong>Munkahelyek v\u00e9delme<\/strong><\/p>\n<p>Az \u00e1toltotts\u00e1g n\u00f6vel\u00e9se&nbsp; \u00e9s a munkahelyek v\u00e9delme \u00e9rdek\u00e9ben a korm\u00e1ny lehet\u0151v\u00e9 teszi a munk\u00e1ltat\u00f3knak, hogy a munkahely \u00e9s a munkak\u00f6r saj\u00e1toss\u00e1gaira tekintettel a munkav\u00e9gz\u00e9s felt\u00e9telek\u00e9nt el\u0151\u00edrj\u00e1k a koronav\u00edrus elleni v\u00e9d\u0151olt\u00e1s felv\u00e9tel\u00e9t dolgoz\u00f3ik sz\u00e1m\u00e1ra, ak\u00e1r minden dolgoz\u00f3t\u00f3l elv\u00e1rt egys\u00e9ges munkafelt\u00e9telk\u00e9nt, ak\u00e1r \u2013 munkak\u00f6rt\u0151l f\u00fcgg\u0151en \u2013 egy\u00e9ni munkafelt\u00e9telk\u00e9nt.<\/p>\n<p>A m\u00e9g beoltatlan dolgoz\u00f3knak a munk\u00e1ltat\u00f3 45 napos hat\u00e1rid\u0151t \u00e1llap\u00edthat meg az&nbsp; els\u0151 olt\u00e1s felv\u00e9tel\u00e9re.&nbsp; Az olt\u00e1st elv\u00e1r\u00f3 munk\u00e1ltat\u00f3knak elektronikus \u00faton (e-mail) vagy pap\u00edr alapon t\u00e1j\u00e9koztatni kell a foglalkoztatottat az int\u00e9zked\u00e9sr\u0151l, a hat\u00e1rid\u0151r\u0151l \u00e9s a v\u00e9d\u0151olt\u00e1s felv\u00e9tele elmarad\u00e1s\u00e1nak lehets\u00e9ges jogk\u00f6vetkezm\u00e9nyeir\u0151l. Nem v\u00e1rhat\u00f3 el a v\u00e9d\u0151olt\u00e1s felv\u00e9tele att\u00f3l a dolgoz\u00f3t\u00f3l, akin\u00e9l orvosi igazol\u00e1ssal al\u00e1t\u00e1masztottan ellenjavallt a v\u00e9d\u0151olt\u00e1s. Ha a dolgoz\u00f3 a v\u00e9d\u0151olt\u00e1st a munk\u00e1ltat\u00f3 \u00e1ltal meghat\u00e1rozott hat\u00e1rid\u0151n bel\u00fcl nem veszi fel, akkor a munk\u00e1ltat\u00f3 fizet\u00e9s n\u00e9lk\u00fcli szabads\u00e1got rendelhet el, \u00e9s ha egy \u00e9ven bel\u00fcl tov\u00e1bbra sem veszi fel az olt\u00e1st, akkor a jogviszony\u00e1t felment\u00e9ssel, illetve felmond\u00e1ssal azonnali hat\u00e1llyal megsz\u00fcntetheti.<\/p>\n<p><strong>\u00c1llami dolgoz\u00f3k<\/strong><\/p>\n<p>A Magyar \u00c1llam, az \u00e1llamigazgat\u00e1s, a k\u00f6zigazgat\u00e1s, a honv\u00e9delem, a rendv\u00e9delem, a szoci\u00e1lis ell\u00e1t\u00e1s,&nbsp; a k\u00f6zoktat\u00e1s, a szakk\u00e9pz\u00e9s, a fels\u0151oktat\u00e1s \u00e9s a kultur\u00e1lis int\u00e9zm\u00e9nyek zavartalan m\u0171k\u00f6d\u00e9se \u00e9rdek\u00e9ben az \u00e1llami szf\u00e9r\u00e1ban alkalmazottakn\u00e1l elv\u00e1rt a v\u00e9d\u0151olt\u00e1s felv\u00e9tele.<\/p>\n<p>Az eg\u00e9szs\u00e9g\u00fcgyi dolgoz\u00f3k ut\u00e1n teh\u00e1t a korm\u00e1nytisztvisel\u0151kt\u0151l, honv\u00e9delmi, rendv\u00e9delmi, az \u00e1llami fenntart\u00e1s\u00fa szoci\u00e1lis \u00e9s gyermekv\u00e9delmi int\u00e9zm\u00e9nyek&nbsp; dolgoz\u00f3it\u00f3l, az \u00e1llami fenntart\u00e1s\u00fa kultur\u00e1lis \u00e9s fels\u0151oktat\u00e1si int\u00e9zm\u00e9nyek dolgoz\u00f3it\u00f3l, az ad\u00f3hivatali dolgoz\u00f3kt\u00f3l, az \u00e1llami fenntart\u00e1s\u00fa \u00e1ltal\u00e1nos \u00e9s k\u00f6z\u00e9piskol\u00e1k dolgoz\u00f3it\u00f3l is elv\u00e1rt az olt\u00e1s felv\u00e9tele.<\/p>\n<p>Az olt\u00e1si programnak k\u00f6sz\u00f6nhet\u0151en ezekben a szf\u00e9r\u00e1kban m\u00e1r eleve magas az \u00e1toltotts\u00e1g, hiszen az elm\u00falt h\u00f3napokban c\u00e9lzott olt\u00e1si akci\u00f3k zajlottak.<\/p>\n<p>Term\u00e9szetesen az \u00e1llami szf\u00e9r\u00e1ban is \u00e9rv\u00e9nyes, hogy nem v\u00e1rhat\u00f3 el a v\u00e9d\u0151olt\u00e1s felv\u00e9tele att\u00f3l a dolgoz\u00f3t\u00f3l, akin\u00e9l az orvosi igazol\u00e1ssal al\u00e1t\u00e1masztottan ellenjavallt. Amennyiben az \u00e1llami alkalmazott \u00fcgyfelekkel rendszeresen tal\u00e1lkozik, a v\u00e9d\u0151olt\u00e1st f\u0151szab\u00e1ly szerint 2021. december 15-ig fel kell vennie, egy\u00e9b esetben legk\u00e9s\u0151bb 2022. janu\u00e1r 31-ig. Az \u00e1llami szf\u00e9r\u00e1ban dolgoz\u00f3t, aki hat\u00e1rid\u0151ig nem oltatja be mag\u00e1t, fizet\u00e9s n\u00e9lk\u00fcli szabads\u00e1gra kell k\u00fcldeni \u00e9s egy \u00e9v m\u00falva jogviszonya megsz\u00fcntethet\u0151. A r\u00e9szben vagy eg\u00e9szben \u00e1llami tulajdonban l\u00e9v\u0151 gazdas\u00e1gi t\u00e1rsas\u00e1gn\u00e1l foglalkoztatottakn\u00e1l a munk\u00e1ltat\u00f3 d\u00f6nti el, hogy elv\u00e1rja vagy sem a v\u00e9d\u0151olt\u00e1s felv\u00e9tel\u00e9t.<\/p>\n<p><strong>\u00d6nkorm\u00e1nyzati dolgoz\u00f3k<\/strong><\/p>\n<p>Az \u00f6nkorm\u00e1nyzati szf\u00e9r\u00e1ban&nbsp; a polg\u00e1rmesteri hivatalok \u00e9s \u00f6nkorm\u00e1nyzati fenntart\u00e1s\u00fa k\u00f6znevel\u00e9si, szoci\u00e1lis, kultur\u00e1lis \u00e9s egy\u00e9b int\u00e9zm\u00e9nyek&nbsp; eset\u00e9n a polg\u00e1rmester d\u00f6nthet arr\u00f3l, hogy kinek \u00edrja el\u0151 a v\u00e9d\u0151olt\u00e1s felv\u00e9tel\u00e9t. Az els\u0151 olt\u00e1s felv\u00e9tel\u00e9re legal\u00e1bb 45 napos hat\u00e1rid\u0151t \u00e1llap\u00edthat meg.<\/p>\n<p>Mind a versenyszf\u00e9r\u00e1ban, mint az \u00e1llami, mind az \u00f6nkorm\u00e1nyzati szf\u00e9r\u00e1ban \u00e9rv\u00e9nyes, hogy a gyesen, gyeden l\u00e9v\u0151 foglalkoztatottak, valamint a m\u00e1s okb\u00f3l tart\u00f3s t\u00e1vollev\u0151 sz\u00e1m\u00e1ra nem \u00edrhat\u00f3 el\u0151 a v\u00e9d\u0151olt\u00e1s felv\u00e9tele.<\/p>\n<p><strong>Folyamatosan nyitva a regisztr\u00e1ci\u00f3s \u00e9s id\u0151pontfoglal\u00f3 honlap<\/strong><\/p>\n<p>Felh\u00edvjuk a m\u00e9g beoltatlanok figyelm\u00e9t, hogy nem kell megv\u00e1rni, am\u00edg munk\u00e1ltat\u00f3juk az olt\u00e1s felv\u00e9tel\u00e9re k\u00e9ri \u0151ket. A&nbsp;<a href=\"http:\/\/www.vakicinainfo.gov.hu\/\" target=\"_blank\" rel=\"noopener\"><span style=\"text-decoration: underline; color: #0000ff;\">www.vakcinainfo.gov.hu<\/span><\/a>&nbsp;regisztr\u00e1ci\u00f3s honlap folyamatosan nyitva \u00e1ll,&nbsp;az \u00e9rv\u00e9nyes regisztr\u00e1ci\u00f3val rendelkez\u0151k jelentkezhetnek a v\u00e9d\u0151olt\u00e1sra h\u00e1ziorvosukn\u00e1l vagy ak\u00e1r az interneten is foglalhatnak id\u0151pontot k\u00f3rh\u00e1zi olt\u00f3pontra. Honlap:&nbsp;<span style=\"text-decoration: underline; color: #0000ff;\"><a style=\"color: #0000ff; text-decoration: underline;\" href=\"http:\/\/www.eeszt.gov.hu\/\" target=\"_blank\" rel=\"noopener\">www.eeszt.gov.hu<\/a><\/span><\/p>\n<p><em>Bor\u00edt\u00f3k\u00e9p, forr\u00e1s: kormany.hu<\/em><\/p>\n<\/div>\n","protected":false},"excerpt":{"rendered":"<p>November elsej\u00e9t\u0151l ism\u00e9t k\u00f6telez\u0151 a maszkvisel\u00e9s a t\u00f6megk\u00f6zleked\u00e9si eszk\u00f6z\u00f6k\u00f6n, a munk\u00e1ltat\u00f3k el\u0151\u00edrhatj\u00e1k az olt\u00e1s felv\u00e9tel\u00e9t dolgoz\u00f3iknak. A Korm\u00e1nyinf\u00f3n m\u00e1r bejelentett int\u00e9zked\u00e9sekr\u0151l sz\u00f3l\u00f3 korm\u00e1nyrendeletek cs\u00fct\u00f6rt\u00f6k\u00f6n este megjelentek a Magyar K\u00f6zl\u00f6nyben. A koronav\u00edrus-j\u00e1rv\u00e1ny negyedik hull\u00e1m\u00e1nak megf\u00e9kez\u00e9s\u00e9re a korm\u00e1ny \u00fajabb v\u00e9delmi int\u00e9zked\u00e9sekr\u0151l d\u00f6nt\u00f6tt. November elsej\u00e9t\u0151l ism\u00e9t k\u00f6telez\u0151 a maszkvisel\u00e9s a t\u00f6megk\u00f6zleked\u00e9si eszk\u00f6z\u00f6k\u00f6n, az \u00e1toltotts\u00e1g n\u00f6vel\u00e9se \u00e9rdek\u00e9ben a munk\u00e1ltat\u00f3k<\/p>\n","protected":false},"author":1,"featured_media":38151,"comment_status":"closed","ping_status":"closed","sticky":false,"template":"","format":"standard","meta":{"ngg_post_thumbnail":0,"footnotes":""},"categories":[3],"tags":[5478,2639,4738],"class_list":{"0":"post-38149","1":"post","2":"type-post","3":"status-publish","4":"format-standard","5":"has-post-thumbnail","7":"category-hirek","8":"tag-intezkedesek","9":"tag-korlatozas","10":"tag-koronavirus"},"yoast_head":"<!-- This site is optimized with the Yoast SEO plugin v27.5 - https:\/\/yoast.com\/product\/yoast-seo-wordpress\/ -->\n<title>Megjelentek a v\u00e9delmi int\u00e9zked\u00e9sekr\u0151l sz\u00f3l\u00f3 rendeletek<\/title>\n<meta name=\"robots\" content=\"index, follow, max-snippet:-1, max-image-preview:large, max-video-preview:-1\" \/>\n<link rel=\"canonical\" href=\"https:\/\/dorogimedence.hu\/index.php\/2021\/10\/29\/megjelentek-a-vedelmi-intezkedesekrol-szolo-rendeletek\/\" class=\"yoast-seo-meta-tag\" \/>\n<meta property=\"og:locale\" content=\"hu_HU\" class=\"yoast-seo-meta-tag\" \/>\n<meta property=\"og:type\" content=\"article\" class=\"yoast-seo-meta-tag\" \/>\n<meta property=\"og:title\" content=\"Megjelentek a v\u00e9delmi int\u00e9zked\u00e9sekr\u0151l sz\u00f3l\u00f3 rendeletek\" class=\"yoast-seo-meta-tag\" \/>\n<meta property=\"og:description\" content=\"November elsej\u00e9t\u0151l ism\u00e9t k\u00f6telez\u0151 a maszkvisel\u00e9s a t\u00f6megk\u00f6zleked\u00e9si eszk\u00f6z\u00f6k\u00f6n, a munk\u00e1ltat\u00f3k el\u0151\u00edrhatj\u00e1k az olt\u00e1s felv\u00e9tel\u00e9t dolgoz\u00f3iknak. A Korm\u00e1nyinf\u00f3n m\u00e1r bejelentett int\u00e9zked\u00e9sekr\u0151l sz\u00f3l\u00f3 korm\u00e1nyrendeletek cs\u00fct\u00f6rt\u00f6k\u00f6n este megjelentek a Magyar K\u00f6zl\u00f6nyben. A koronav\u00edrus-j\u00e1rv\u00e1ny negyedik hull\u00e1m\u00e1nak megf\u00e9kez\u00e9s\u00e9re a korm\u00e1ny \u00fajabb v\u00e9delmi int\u00e9zked\u00e9sekr\u0151l d\u00f6nt\u00f6tt. November elsej\u00e9t\u0151l ism\u00e9t k\u00f6telez\u0151 a maszkvisel\u00e9s a t\u00f6megk\u00f6zleked\u00e9si eszk\u00f6z\u00f6k\u00f6n, az \u00e1toltotts\u00e1g n\u00f6vel\u00e9se \u00e9rdek\u00e9ben a munk\u00e1ltat\u00f3k\" class=\"yoast-seo-meta-tag\" \/>\n<meta property=\"og:url\" content=\"https:\/\/dorogimedence.hu\/index.php\/2021\/10\/29\/megjelentek-a-vedelmi-intezkedesekrol-szolo-rendeletek\/\" class=\"yoast-seo-meta-tag\" \/>\n<meta property=\"og:site_name\" content=\"Dorogi-medence Region\u00e1lis H\u00edrport\u00e1l\" class=\"yoast-seo-meta-tag\" \/>\n<meta property=\"article:publisher\" content=\"https:\/\/www.facebook.com\/dorogimedence\/\" class=\"yoast-seo-meta-tag\" \/>\n<meta property=\"article:published_time\" content=\"2021-10-29T07:27:01+00:00\" class=\"yoast-seo-meta-tag\" \/>\n<meta property=\"article:modified_time\" content=\"2021-10-29T07:27:39+00:00\" class=\"yoast-seo-meta-tag\" \/>\n<meta property=\"og:image\" content=\"https:\/\/i0.wp.com\/dorogimedence.hu\/wp-content\/uploads\/2021\/10\/299cf43c7dbe05978b786e9c649af28525dc53d4_fhd_1920_w3h2.jpg?fit=1920%2C1280&ssl=1\" class=\"yoast-seo-meta-tag\" \/>\n\t<meta property=\"og:image:width\" content=\"1920\" class=\"yoast-seo-meta-tag\" \/>\n\t<meta property=\"og:image:height\" content=\"1280\" class=\"yoast-seo-meta-tag\" \/>\n\t<meta property=\"og:image:type\" content=\"image\/jpeg\" class=\"yoast-seo-meta-tag\" \/>\n<meta name=\"author\" content=\"dorogimedence.hu\" class=\"yoast-seo-meta-tag\" \/>\n<meta name=\"twitter:card\" content=\"summary_large_image\" class=\"yoast-seo-meta-tag\" \/>\n<meta name=\"twitter:label1\" content=\"Szerz\u0151:\" class=\"yoast-seo-meta-tag\" \/>\n\t<meta name=\"twitter:data1\" content=\"dorogimedence.hu\" class=\"yoast-seo-meta-tag\" \/>\n\t<meta name=\"twitter:label2\" content=\"Becs\u00fclt olvas\u00e1si id\u0151\" class=\"yoast-seo-meta-tag\" \/>\n\t<meta name=\"twitter:data2\" content=\"5 perc\" class=\"yoast-seo-meta-tag\" \/>\n<script type=\"application\/ld+json\" class=\"yoast-schema-graph\">{\"@context\":\"https:\\\/\\\/schema.org\",\"@graph\":[{\"@type\":\"Article\",\"@id\":\"https:\\\/\\\/dorogimedence.hu\\\/index.php\\\/2021\\\/10\\\/29\\\/megjelentek-a-vedelmi-intezkedesekrol-szolo-rendeletek\\\/#article\",\"isPartOf\":{\"@id\":\"https:\\\/\\\/dorogimedence.hu\\\/index.php\\\/2021\\\/10\\\/29\\\/megjelentek-a-vedelmi-intezkedesekrol-szolo-rendeletek\\\/\"},\"author\":{\"name\":\"dorogimedence.hu\",\"@id\":\"https:\\\/\\\/dorogimedence.hu\\\/#\\\/schema\\\/person\\\/ce6091eeb7e95ecdc87890d6aa8e0fd4\"},\"headline\":\"Megjelentek a v\u00e9delmi int\u00e9zked\u00e9sekr\u0151l sz\u00f3l\u00f3 rendeletek\",\"datePublished\":\"2021-10-29T07:27:01+00:00\",\"dateModified\":\"2021-10-29T07:27:39+00:00\",\"mainEntityOfPage\":{\"@id\":\"https:\\\/\\\/dorogimedence.hu\\\/index.php\\\/2021\\\/10\\\/29\\\/megjelentek-a-vedelmi-intezkedesekrol-szolo-rendeletek\\\/\"},\"wordCount\":1104,\"publisher\":{\"@id\":\"https:\\\/\\\/dorogimedence.hu\\\/#organization\"},\"image\":{\"@id\":\"https:\\\/\\\/dorogimedence.hu\\\/index.php\\\/2021\\\/10\\\/29\\\/megjelentek-a-vedelmi-intezkedesekrol-szolo-rendeletek\\\/#primaryimage\"},\"thumbnailUrl\":\"https:\\\/\\\/dorogimedence.hu\\\/wp-content\\\/uploads\\\/2021\\\/10\\\/299cf43c7dbe05978b786e9c649af28525dc53d4_fhd_1920_w3h2.jpg\",\"keywords\":[\"int\u00e9zked\u00e9sek\",\"korl\u00e1toz\u00e1s\",\"koronav\u00edrus\"],\"articleSection\":[\"H\u00edrek\"],\"inLanguage\":\"hu\"},{\"@type\":\"WebPage\",\"@id\":\"https:\\\/\\\/dorogimedence.hu\\\/index.php\\\/2021\\\/10\\\/29\\\/megjelentek-a-vedelmi-intezkedesekrol-szolo-rendeletek\\\/\",\"url\":\"https:\\\/\\\/dorogimedence.hu\\\/index.php\\\/2021\\\/10\\\/29\\\/megjelentek-a-vedelmi-intezkedesekrol-szolo-rendeletek\\\/\",\"name\":\"Megjelentek a v\u00e9delmi int\u00e9zked\u00e9sekr\u0151l sz\u00f3l\u00f3 rendeletek\",\"isPartOf\":{\"@id\":\"https:\\\/\\\/dorogimedence.hu\\\/#website\"},\"primaryImageOfPage\":{\"@id\":\"https:\\\/\\\/dorogimedence.hu\\\/index.php\\\/2021\\\/10\\\/29\\\/megjelentek-a-vedelmi-intezkedesekrol-szolo-rendeletek\\\/#primaryimage\"},\"image\":{\"@id\":\"https:\\\/\\\/dorogimedence.hu\\\/index.php\\\/2021\\\/10\\\/29\\\/megjelentek-a-vedelmi-intezkedesekrol-szolo-rendeletek\\\/#primaryimage\"},\"thumbnailUrl\":\"https:\\\/\\\/dorogimedence.hu\\\/wp-content\\\/uploads\\\/2021\\\/10\\\/299cf43c7dbe05978b786e9c649af28525dc53d4_fhd_1920_w3h2.jpg\",\"datePublished\":\"2021-10-29T07:27:01+00:00\",\"dateModified\":\"2021-10-29T07:27:39+00:00\",\"breadcrumb\":{\"@id\":\"https:\\\/\\\/dorogimedence.hu\\\/index.php\\\/2021\\\/10\\\/29\\\/megjelentek-a-vedelmi-intezkedesekrol-szolo-rendeletek\\\/#breadcrumb\"},\"inLanguage\":\"hu\",\"potentialAction\":[{\"@type\":\"ReadAction\",\"target\":[\"https:\\\/\\\/dorogimedence.hu\\\/index.php\\\/2021\\\/10\\\/29\\\/megjelentek-a-vedelmi-intezkedesekrol-szolo-rendeletek\\\/\"]}]},{\"@type\":\"ImageObject\",\"inLanguage\":\"hu\",\"@id\":\"https:\\\/\\\/dorogimedence.hu\\\/index.php\\\/2021\\\/10\\\/29\\\/megjelentek-a-vedelmi-intezkedesekrol-szolo-rendeletek\\\/#primaryimage\",\"url\":\"https:\\\/\\\/dorogimedence.hu\\\/wp-content\\\/uploads\\\/2021\\\/10\\\/299cf43c7dbe05978b786e9c649af28525dc53d4_fhd_1920_w3h2.jpg\",\"contentUrl\":\"https:\\\/\\\/dorogimedence.hu\\\/wp-content\\\/uploads\\\/2021\\\/10\\\/299cf43c7dbe05978b786e9c649af28525dc53d4_fhd_1920_w3h2.jpg\",\"width\":1920,\"height\":1280},{\"@type\":\"BreadcrumbList\",\"@id\":\"https:\\\/\\\/dorogimedence.hu\\\/index.php\\\/2021\\\/10\\\/29\\\/megjelentek-a-vedelmi-intezkedesekrol-szolo-rendeletek\\\/#breadcrumb\",\"itemListElement\":[{\"@type\":\"ListItem\",\"position\":1,\"name\":\"Kezd\u0151lap\",\"item\":\"https:\\\/\\\/dorogimedence.hu\\\/\"},{\"@type\":\"ListItem\",\"position\":2,\"name\":\"Megjelentek a v\u00e9delmi int\u00e9zked\u00e9sekr\u0151l sz\u00f3l\u00f3 rendeletek\"}]},{\"@type\":\"WebSite\",\"@id\":\"https:\\\/\\\/dorogimedence.hu\\\/#website\",\"url\":\"https:\\\/\\\/dorogimedence.hu\\\/\",\"name\":\"Dorogi-medence Region\u00e1lis H\u00edrport\u00e1l\",\"description\":\"Dorog, Keszt\u00f6lc, Le\u00e1nyv\u00e1r, Piliscs\u00e9v, Tokod, Tokodalt\u00e1r\u00f3, Csolnok, Esztergom-kertv\u00e1ros: h\u00edrek, programok\",\"publisher\":{\"@id\":\"https:\\\/\\\/dorogimedence.hu\\\/#organization\"},\"potentialAction\":[{\"@type\":\"SearchAction\",\"target\":{\"@type\":\"EntryPoint\",\"urlTemplate\":\"https:\\\/\\\/dorogimedence.hu\\\/?s={search_term_string}\"},\"query-input\":{\"@type\":\"PropertyValueSpecification\",\"valueRequired\":true,\"valueName\":\"search_term_string\"}}],\"inLanguage\":\"hu\"},{\"@type\":\"Organization\",\"@id\":\"https:\\\/\\\/dorogimedence.hu\\\/#organization\",\"name\":\"Dorogi-medence Region\u00e1lis H\u00edrport\u00e1l\",\"url\":\"https:\\\/\\\/dorogimedence.hu\\\/\",\"logo\":{\"@type\":\"ImageObject\",\"inLanguage\":\"hu\",\"@id\":\"https:\\\/\\\/dorogimedence.hu\\\/#\\\/schema\\\/logo\\\/image\\\/\",\"url\":\"https:\\\/\\\/dorogimedence.hu\\\/wp-content\\\/uploads\\\/2021\\\/04\\\/logo-feher-600.png\",\"contentUrl\":\"https:\\\/\\\/dorogimedence.hu\\\/wp-content\\\/uploads\\\/2021\\\/04\\\/logo-feher-600.png\",\"width\":600,\"height\":100,\"caption\":\"Dorogi-medence Region\u00e1lis H\u00edrport\u00e1l\"},\"image\":{\"@id\":\"https:\\\/\\\/dorogimedence.hu\\\/#\\\/schema\\\/logo\\\/image\\\/\"},\"sameAs\":[\"https:\\\/\\\/www.facebook.com\\\/dorogimedence\\\/\"]},{\"@type\":\"Person\",\"@id\":\"https:\\\/\\\/dorogimedence.hu\\\/#\\\/schema\\\/person\\\/ce6091eeb7e95ecdc87890d6aa8e0fd4\",\"name\":\"dorogimedence.hu\",\"image\":{\"@type\":\"ImageObject\",\"inLanguage\":\"hu\",\"@id\":\"\\\/\\\/www.gravatar.com\\\/avatar\\\/d8d45f8901aadff40a4af72c0b826f1d?s=96&#038;r=g&#038;d=mm\",\"url\":\"\\\/\\\/www.gravatar.com\\\/avatar\\\/d8d45f8901aadff40a4af72c0b826f1d?s=96&#038;r=g&#038;d=mm\",\"contentUrl\":\"\\\/\\\/www.gravatar.com\\\/avatar\\\/d8d45f8901aadff40a4af72c0b826f1d?s=96&#038;r=g&#038;d=mm\",\"caption\":\"dorogimedence.hu\"}}]}<\/script>\n<!-- \/ Yoast SEO plugin. -->","yoast_head_json":{"title":"Megjelentek a v\u00e9delmi int\u00e9zked\u00e9sekr\u0151l sz\u00f3l\u00f3 rendeletek","robots":{"index":"index","follow":"follow","max-snippet":"max-snippet:-1","max-image-preview":"max-image-preview:large","max-video-preview":"max-video-preview:-1"},"canonical":"https:\/\/dorogimedence.hu\/index.php\/2021\/10\/29\/megjelentek-a-vedelmi-intezkedesekrol-szolo-rendeletek\/","og_locale":"hu_HU","og_type":"article","og_title":"Megjelentek a v\u00e9delmi int\u00e9zked\u00e9sekr\u0151l sz\u00f3l\u00f3 rendeletek","og_description":"November elsej\u00e9t\u0151l ism\u00e9t k\u00f6telez\u0151 a maszkvisel\u00e9s a t\u00f6megk\u00f6zleked\u00e9si eszk\u00f6z\u00f6k\u00f6n, a munk\u00e1ltat\u00f3k el\u0151\u00edrhatj\u00e1k az olt\u00e1s felv\u00e9tel\u00e9t dolgoz\u00f3iknak. A Korm\u00e1nyinf\u00f3n m\u00e1r bejelentett int\u00e9zked\u00e9sekr\u0151l sz\u00f3l\u00f3 korm\u00e1nyrendeletek cs\u00fct\u00f6rt\u00f6k\u00f6n este megjelentek a Magyar K\u00f6zl\u00f6nyben. A koronav\u00edrus-j\u00e1rv\u00e1ny negyedik hull\u00e1m\u00e1nak megf\u00e9kez\u00e9s\u00e9re a korm\u00e1ny \u00fajabb v\u00e9delmi int\u00e9zked\u00e9sekr\u0151l d\u00f6nt\u00f6tt. November elsej\u00e9t\u0151l ism\u00e9t k\u00f6telez\u0151 a maszkvisel\u00e9s a t\u00f6megk\u00f6zleked\u00e9si eszk\u00f6z\u00f6k\u00f6n, az \u00e1toltotts\u00e1g n\u00f6vel\u00e9se \u00e9rdek\u00e9ben a munk\u00e1ltat\u00f3k","og_url":"https:\/\/dorogimedence.hu\/index.php\/2021\/10\/29\/megjelentek-a-vedelmi-intezkedesekrol-szolo-rendeletek\/","og_site_name":"Dorogi-medence Region\u00e1lis H\u00edrport\u00e1l","article_publisher":"https:\/\/www.facebook.com\/dorogimedence\/","article_published_time":"2021-10-29T07:27:01+00:00","article_modified_time":"2021-10-29T07:27:39+00:00","og_image":[{"width":1920,"height":1280,"url":"https:\/\/i0.wp.com\/dorogimedence.hu\/wp-content\/uploads\/2021\/10\/299cf43c7dbe05978b786e9c649af28525dc53d4_fhd_1920_w3h2.jpg?fit=1920%2C1280&ssl=1","type":"image\/jpeg"}],"author":"dorogimedence.hu","twitter_card":"summary_large_image","twitter_misc":{"Szerz\u0151:":"dorogimedence.hu","Becs\u00fclt olvas\u00e1si id\u0151":"5 perc"},"schema":{"@context":"https:\/\/schema.org","@graph":[{"@type":"Article","@id":"https:\/\/dorogimedence.hu\/index.php\/2021\/10\/29\/megjelentek-a-vedelmi-intezkedesekrol-szolo-rendeletek\/#article","isPartOf":{"@id":"https:\/\/dorogimedence.hu\/index.php\/2021\/10\/29\/megjelentek-a-vedelmi-intezkedesekrol-szolo-rendeletek\/"},"author":{"name":"dorogimedence.hu","@id":"https:\/\/dorogimedence.hu\/#\/schema\/person\/ce6091eeb7e95ecdc87890d6aa8e0fd4"},"headline":"Megjelentek a v\u00e9delmi int\u00e9zked\u00e9sekr\u0151l sz\u00f3l\u00f3 rendeletek","datePublished":"2021-10-29T07:27:01+00:00","dateModified":"2021-10-29T07:27:39+00:00","mainEntityOfPage":{"@id":"https:\/\/dorogimedence.hu\/index.php\/2021\/10\/29\/megjelentek-a-vedelmi-intezkedesekrol-szolo-rendeletek\/"},"wordCount":1104,"publisher":{"@id":"https:\/\/dorogimedence.hu\/#organization"},"image":{"@id":"https:\/\/dorogimedence.hu\/index.php\/2021\/10\/29\/megjelentek-a-vedelmi-intezkedesekrol-szolo-rendeletek\/#primaryimage"},"thumbnailUrl":"https:\/\/dorogimedence.hu\/wp-content\/uploads\/2021\/10\/299cf43c7dbe05978b786e9c649af28525dc53d4_fhd_1920_w3h2.jpg","keywords":["int\u00e9zked\u00e9sek","korl\u00e1toz\u00e1s","koronav\u00edrus"],"articleSection":["H\u00edrek"],"inLanguage":"hu"},{"@type":"WebPage","@id":"https:\/\/dorogimedence.hu\/index.php\/2021\/10\/29\/megjelentek-a-vedelmi-intezkedesekrol-szolo-rendeletek\/","url":"https:\/\/dorogimedence.hu\/index.php\/2021\/10\/29\/megjelentek-a-vedelmi-intezkedesekrol-szolo-rendeletek\/","name":"Megjelentek a v\u00e9delmi int\u00e9zked\u00e9sekr\u0151l sz\u00f3l\u00f3 rendeletek","isPartOf":{"@id":"https:\/\/dorogimedence.hu\/#website"},"primaryImageOfPage":{"@id":"https:\/\/dorogimedence.hu\/index.php\/2021\/10\/29\/megjelentek-a-vedelmi-intezkedesekrol-szolo-rendeletek\/#primaryimage"},"image":{"@id":"https:\/\/dorogimedence.hu\/index.php\/2021\/10\/29\/megjelentek-a-vedelmi-intezkedesekrol-szolo-rendeletek\/#primaryimage"},"thumbnailUrl":"https:\/\/dorogimedence.hu\/wp-content\/uploads\/2021\/10\/299cf43c7dbe05978b786e9c649af28525dc53d4_fhd_1920_w3h2.jpg","datePublished":"2021-10-29T07:27:01+00:00","dateModified":"2021-10-29T07:27:39+00:00","breadcrumb":{"@id":"https:\/\/dorogimedence.hu\/index.php\/2021\/10\/29\/megjelentek-a-vedelmi-intezkedesekrol-szolo-rendeletek\/#breadcrumb"},"inLanguage":"hu","potentialAction":[{"@type":"ReadAction","target":["https:\/\/dorogimedence.hu\/index.php\/2021\/10\/29\/megjelentek-a-vedelmi-intezkedesekrol-szolo-rendeletek\/"]}]},{"@type":"ImageObject","inLanguage":"hu","@id":"https:\/\/dorogimedence.hu\/index.php\/2021\/10\/29\/megjelentek-a-vedelmi-intezkedesekrol-szolo-rendeletek\/#primaryimage","url":"https:\/\/dorogimedence.hu\/wp-content\/uploads\/2021\/10\/299cf43c7dbe05978b786e9c649af28525dc53d4_fhd_1920_w3h2.jpg","contentUrl":"https:\/\/dorogimedence.hu\/wp-content\/uploads\/2021\/10\/299cf43c7dbe05978b786e9c649af28525dc53d4_fhd_1920_w3h2.jpg","width":1920,"height":1280},{"@type":"BreadcrumbList","@id":"https:\/\/dorogimedence.hu\/index.php\/2021\/10\/29\/megjelentek-a-vedelmi-intezkedesekrol-szolo-rendeletek\/#breadcrumb","itemListElement":[{"@type":"ListItem","position":1,"name":"Kezd\u0151lap","item":"https:\/\/dorogimedence.hu\/"},{"@type":"ListItem","position":2,"name":"Megjelentek a v\u00e9delmi int\u00e9zked\u00e9sekr\u0151l sz\u00f3l\u00f3 rendeletek"}]},{"@type":"WebSite","@id":"https:\/\/dorogimedence.hu\/#website","url":"https:\/\/dorogimedence.hu\/","name":"Dorogi-medence Region\u00e1lis H\u00edrport\u00e1l","description":"Dorog, Keszt\u00f6lc, Le\u00e1nyv\u00e1r, Piliscs\u00e9v, Tokod, Tokodalt\u00e1r\u00f3, Csolnok, Esztergom-kertv\u00e1ros: h\u00edrek, programok","publisher":{"@id":"https:\/\/dorogimedence.hu\/#organization"},"potentialAction":[{"@type":"SearchAction","target":{"@type":"EntryPoint","urlTemplate":"https:\/\/dorogimedence.hu\/?s={search_term_string}"},"query-input":{"@type":"PropertyValueSpecification","valueRequired":true,"valueName":"search_term_string"}}],"inLanguage":"hu"},{"@type":"Organization","@id":"https:\/\/dorogimedence.hu\/#organization","name":"Dorogi-medence Region\u00e1lis H\u00edrport\u00e1l","url":"https:\/\/dorogimedence.hu\/","logo":{"@type":"ImageObject","inLanguage":"hu","@id":"https:\/\/dorogimedence.hu\/#\/schema\/logo\/image\/","url":"https:\/\/dorogimedence.hu\/wp-content\/uploads\/2021\/04\/logo-feher-600.png","contentUrl":"https:\/\/dorogimedence.hu\/wp-content\/uploads\/2021\/04\/logo-feher-600.png","width":600,"height":100,"caption":"Dorogi-medence Region\u00e1lis H\u00edrport\u00e1l"},"image":{"@id":"https:\/\/dorogimedence.hu\/#\/schema\/logo\/image\/"},"sameAs":["https:\/\/www.facebook.com\/dorogimedence\/"]},{"@type":"Person","@id":"https:\/\/dorogimedence.hu\/#\/schema\/person\/ce6091eeb7e95ecdc87890d6aa8e0fd4","name":"dorogimedence.hu","image":{"@type":"ImageObject","inLanguage":"hu","@id":"\/\/www.gravatar.com\/avatar\/d8d45f8901aadff40a4af72c0b826f1d?s=96&#038;r=g&#038;d=mm","url":"\/\/www.gravatar.com\/avatar\/d8d45f8901aadff40a4af72c0b826f1d?s=96&#038;r=g&#038;d=mm","contentUrl":"\/\/www.gravatar.com\/avatar\/d8d45f8901aadff40a4af72c0b826f1d?s=96&#038;r=g&#038;d=mm","caption":"dorogimedence.hu"}}]}},"_links":{"self":[{"href":"https:\/\/dorogimedence.hu\/index.php\/wp-json\/wp\/v2\/posts\/38149","targetHints":{"allow":["GET"]}}],"collection":[{"href":"https:\/\/dorogimedence.hu\/index.php\/wp-json\/wp\/v2\/posts"}],"about":[{"href":"https:\/\/dorogimedence.hu\/index.php\/wp-json\/wp\/v2\/types\/post"}],"author":[{"embeddable":true,"href":"https:\/\/dorogimedence.hu\/index.php\/wp-json\/wp\/v2\/users\/1"}],"replies":[{"embeddable":true,"href":"https:\/\/dorogimedence.hu\/index.php\/wp-json\/wp\/v2\/comments?post=38149"}],"version-history":[{"count":0,"href":"https:\/\/dorogimedence.hu\/index.php\/wp-json\/wp\/v2\/posts\/38149\/revisions"}],"wp:featuredmedia":[{"embeddable":true,"href":"https:\/\/dorogimedence.hu\/index.php\/wp-json\/wp\/v2\/media\/38151"}],"wp:attachment":[{"href":"https:\/\/dorogimedence.hu\/index.php\/wp-json\/wp\/v2\/media?parent=38149"}],"wp:term":[{"taxonomy":"category","embeddable":true,"href":"https:\/\/dorogimedence.hu\/index.php\/wp-json\/wp\/v2\/categories?post=38149"},{"taxonomy":"post_tag","embeddable":true,"href":"https:\/\/dorogimedence.hu\/index.php\/wp-json\/wp\/v2\/tags?post=38149"}],"curies":[{"name":"wp","href":"https:\/\/api.w.org\/{rel}","templated":true}]}}