{"id":38041,"date":"2021-10-26T10:47:16","date_gmt":"2021-10-26T08:47:16","guid":{"rendered":"https:\/\/dorogimedence.hu\/?p=38041"},"modified":"2021-10-26T10:47:27","modified_gmt":"2021-10-26T08:47:27","slug":"a-barpultok-esztetikus-es-funkcionalis-kiegeszitoi-meg-a-kis-konyhaknak-is","status":"publish","type":"post","link":"https:\/\/dorogimedence.hu\/index.php\/2021\/10\/26\/a-barpultok-esztetikus-es-funkcionalis-kiegeszitoi-meg-a-kis-konyhaknak-is\/","title":{"rendered":"A b\u00e1rpultok eszt\u00e9tikus \u00e9s funkcion\u00e1lis kieg\u00e9sz\u00edt\u0151i m\u00e9g a kis konyh\u00e1knak is"},"content":{"rendered":"<p><strong>R\u00e9gen a szigetek \u00e9s a b\u00e1rpultok a nagy konyh\u00e1k saj\u00e1tja volt. Szerencs\u00e9re ez a szab\u00e1ly ma m\u00e1r a m\u00falt\u00e9, egy\u00e1ltal\u00e1n nem kell ehhez a&nbsp;szab\u00e1lyhoz tartania mag\u00e1t ha fel\u00faj\u00edt vagy egy szer\u00e9nyebb m\u00e9ret\u0171 \u00faj konyh\u00e1t tervez.<\/strong><\/p>\n<p>A <strong>b\u00e1rpultokat<\/strong> ma m\u00e1r a neves tervez\u0151k is elismerik praktikuss\u00e1guk miatt \u00e9s meglep\u0151 m\u00f3don szinte mindenhol elf\u00e9rnek &#8211; m\u00e9g a kis konyh\u00e1kban is, illetve b\u00e1rhol, ahol vizu\u00e1lisan el akarjuk v\u00e1lasztani a konyh\u00e1t \u00e9s az \u00e9tkez\u0151- vagy lak\u00f3teret.<\/p>\n<p>A <strong>konyhaszigetek<\/strong> \u00e9s b\u00e1rpultok az ut\u00f3bbi \u00e9vekben el\u0151t\u00e9rbe ker\u00fcltek, \u00e9s ez nem csoda. Az <strong>amerikai konyh\u00e1s megold\u00e1sok<\/strong>, teh\u00e1t a konyha \u00e9s az \u00e9tkez\u0151, illetve a nappali \u00f6sszekapcsol\u00e1sa az ut\u00f3bbi \u00e9vekben egyre n\u00e9pszer\u0171bb\u00e9 v\u00e1lt. Az eredm\u00e9ny egy szell\u0151s, t\u00e1gas \u00e9s eleg\u00e1ns t\u00e9r, amely egyszerre t\u00f6lti be a konyha, valamint a lak\u00f3- \u00e9s pihen\u0151hely funkci\u00f3j\u00e1t.<\/p>\n<p>A b\u00e1rpultok megfelel\u0151 <span style=\"text-decoration: underline; color: #0000ff;\"><a style=\"color: #0000ff;\" href=\"https:\/\/www.hawaj.hu\/barszekek.html\" target=\"_blank\" rel=\"noopener\"><strong>b\u00e1rsz\u00e9kekkel<\/strong><\/a><\/span> kit\u0171n\u0151 vizu\u00e1lis elv\u00e1laszt\u00f3nak bizonyulnak e k\u00e9t z\u00f3na k\u00f6z\u00f6tt, \u00e9s t\u00f6k\u00e9letesen megfelelnek a kis lak\u00e1sokba is. A pult val\u00f3j\u00e1ban egy \u00e9tkez\u0151asztalt is helyettes\u00edthet sz\u00e9kekkel &#8211; ehet rajta, elk\u00e9sz\u00edtheti rajta a f\u0151z\u00e9si alapanyagokat, vagy t\u00e1rolhatja a k\u00fcl\u00f6nb\u00f6z\u0151 konyhai seg\u00e9deszk\u00f6z\u00f6ket, amelyekre sz\u00fcks\u00e9ge van.<\/p>\n<p>Egy m\u00e1sik el\u0151nye, hogy a b\u00e1rpultok gyakorlatilag b\u00e1rhol elf\u00e9rnek a konyh\u00e1ban. K\u00fcl\u00f6n\u00f6sen a kis konyh\u00e1kban gyakran \u00e9p\u00fclnek der\u00e9ksz\u00f6gben, a konyhaszekr\u00e9nyek folytat\u00e1sak\u00e9nt \u00e9s a munkater\u00fclet meghosszabb\u00edt\u00e1sak\u00e9nt. T\u00f6bb fel\u00fcletet kap, de extra t\u00e1rol\u00f3helyet is &#8211; ha p\u00e9ld\u00e1ul be\u00e9p\u00edtett t\u00e1rol\u00f3val ell\u00e1tott b\u00e1rpultot v\u00e1laszt.<\/p>\n<p>Az \u00e9tkez\u0151vel vagy nappalival \u00f6sszek\u00f6t\u00f6tt nagy konyh\u00e1kban a b\u00e1rpultok gyakran a helyis\u00e9g k\u00f6zep\u00e9n \u00e1llnak k\u00fcl\u00f6n szigetet alkotva. A konyhaszigetek f\u0151 el\u0151nye, hogy nagyszer\u0171 megold\u00e1st jelentenek a helytakar\u00e9koss\u00e1g \u00e9s a hat\u00e9kony helykihaszn\u00e1l\u00e1s szempontj\u00e1b\u00f3l. \u00c9tkez\u00e9si lehet\u0151s\u00e9geket k\u00edn\u00e1lnak \u00e9s r\u00e9szben seg\u00edthetnek a t\u00e1rol\u00e1si megold\u00e1sokban.<\/p>\n<p><img fetchpriority=\"high\" decoding=\"async\" class=\"alignnone size-full wp-image-38043\" src=\"https:\/\/dorogimedence.hu\/wp-content\/uploads\/2021\/10\/pexels-photo-2382985.jpeg\" alt=\"\" width=\"500\" height=\"375\" srcset=\"https:\/\/dorogimedence.hu\/wp-content\/uploads\/2021\/10\/pexels-photo-2382985.jpeg 500w, https:\/\/dorogimedence.hu\/wp-content\/uploads\/2021\/10\/pexels-photo-2382985-300x225.jpeg 300w, https:\/\/dorogimedence.hu\/wp-content\/uploads\/2021\/10\/pexels-photo-2382985-150x113.jpeg 150w, https:\/\/dorogimedence.hu\/wp-content\/uploads\/2021\/10\/pexels-photo-2382985-450x338.jpeg 450w\" sizes=\"(max-width: 500px) 100vw, 500px\" \/><\/p>\n<p><strong>B\u00e1rsz\u00e9kek<\/strong><\/p>\n<p>A magas b\u00e1rsz\u00e9kek a b\u00e1rpult l\u00e9nyeges kieg\u00e9sz\u00edt\u0151i. M\u00e9ret\u00fcknek, alakjuknak \u00e9s kialak\u00edt\u00e1suknak a&nbsp;pulthoz, szigethez kell igazodnia, ez\u00e9rt csak akkor v\u00e1lassza ki \u0151ket, ha m\u00e1r kiv\u00e1lasztotta a b\u00e1rpultot \u00e9s ismeri annak pontos m\u00e9reteit. \u00c1ltal\u00e1ban a b\u00e1rsz\u00e9kek optim\u00e1lis magass\u00e1ga hatvan-nyolcvan centim\u00e9ter \u00e9s az \u00fcl\u0151r\u00e9sznek nagyj\u00e1b\u00f3l harminc centim\u00e9terrel kell lejjebb lenni\u00fck a pultt\u00f3l.<\/p>\n<p>Leggyakrabban f\u00e9mb\u0151l k\u00e9sz\u00fclnek &#8211; javasoljuk, hogy <span style=\"text-decoration: underline; color: #0000ff;\"><a style=\"color: #0000ff; text-decoration: underline;\" href=\"https:\/\/www.hawaj.hu\/2x-barszek-hawaj-cl-630-1-vilagos-sz-rke-4282.html\" target=\"_blank\" rel=\"noopener\">h\u00e1tt\u00e1ml\u00e1val ell\u00e1tott b\u00e1rsz\u00e9keket<\/a><\/span> vegyen, hogy ne f\u00e1jjon a h\u00e1ta, amikor hossz\u00fa ideig \u00fcl a&nbsp;pult mellett. A konyhapult a pihen\u00e9s \u00e9s a besz\u00e9lget\u00e9sek kedvelt helye, p\u00e9ld\u00e1ul a vend\u00e9gekkel, akik itt v\u00e1rakozhatnak, hogy a h\u00e1zigazda elk\u00e9sz\u00edtse a friss\u00edt\u0151ket.<\/p>\n<p>Kisebb lak\u00e1sokban a <strong>konyhapult \u00e9tkez\u0151asztalk\u00e9nt<\/strong> is szolg\u00e1lhat, ilyenkor val\u00f3ban \u00e9rdemes beruh\u00e1zni min\u0151s\u00e9gi sz\u00e9kekbe, hogy test\u00e9nek megfelel\u0151 k\u00e9nyelmet biztos\u00edtsanak.<\/p>\n","protected":false},"excerpt":{"rendered":"<p>R\u00e9gen a szigetek \u00e9s a b\u00e1rpultok a nagy konyh\u00e1k saj\u00e1tja volt. Szerencs\u00e9re ez a szab\u00e1ly ma m\u00e1r a m\u00falt\u00e9, egy\u00e1ltal\u00e1n nem kell ehhez a&nbsp;szab\u00e1lyhoz tartania mag\u00e1t ha fel\u00faj\u00edt vagy egy szer\u00e9nyebb m\u00e9ret\u0171 \u00faj konyh\u00e1t tervez. A b\u00e1rpultokat ma m\u00e1r a neves tervez\u0151k is elismerik praktikuss\u00e1guk miatt \u00e9s meglep\u0151 m\u00f3don szinte mindenhol elf\u00e9rnek &#8211; m\u00e9g a<\/p>\n","protected":false},"author":1,"featured_media":38042,"comment_status":"closed","ping_status":"closed","sticky":false,"template":"","format":"standard","meta":{"ngg_post_thumbnail":0,"footnotes":""},"categories":[3],"tags":[6063,6062,6061],"class_list":{"0":"post-38041","1":"post","2":"type-post","3":"status-publish","4":"format-standard","5":"has-post-thumbnail","7":"category-hirek","8":"tag-barpult","9":"tag-barszek","10":"tag-barszekek"},"yoast_head":"<!-- This site is optimized with the Yoast SEO plugin v27.4 - https:\/\/yoast.com\/product\/yoast-seo-wordpress\/ -->\n<title>A b\u00e1rpultok eszt\u00e9tikus \u00e9s funkcion\u00e1lis kieg\u00e9sz\u00edt\u0151i m\u00e9g a kis konyh\u00e1knak is<\/title>\n<meta name=\"robots\" content=\"index, follow, max-snippet:-1, max-image-preview:large, max-video-preview:-1\" \/>\n<link rel=\"canonical\" href=\"https:\/\/dorogimedence.hu\/index.php\/2021\/10\/26\/a-barpultok-esztetikus-es-funkcionalis-kiegeszitoi-meg-a-kis-konyhaknak-is\/\" class=\"yoast-seo-meta-tag\" \/>\n<meta property=\"og:locale\" content=\"hu_HU\" class=\"yoast-seo-meta-tag\" \/>\n<meta property=\"og:type\" content=\"article\" class=\"yoast-seo-meta-tag\" \/>\n<meta property=\"og:title\" content=\"A b\u00e1rpultok eszt\u00e9tikus \u00e9s funkcion\u00e1lis kieg\u00e9sz\u00edt\u0151i m\u00e9g a kis konyh\u00e1knak is\" class=\"yoast-seo-meta-tag\" \/>\n<meta property=\"og:description\" content=\"R\u00e9gen a szigetek \u00e9s a b\u00e1rpultok a nagy konyh\u00e1k saj\u00e1tja volt. Szerencs\u00e9re ez a szab\u00e1ly ma m\u00e1r a m\u00falt\u00e9, egy\u00e1ltal\u00e1n nem kell ehhez a&nbsp;szab\u00e1lyhoz tartania mag\u00e1t ha fel\u00faj\u00edt vagy egy szer\u00e9nyebb m\u00e9ret\u0171 \u00faj konyh\u00e1t tervez. A b\u00e1rpultokat ma m\u00e1r a neves tervez\u0151k is elismerik praktikuss\u00e1guk miatt \u00e9s meglep\u0151 m\u00f3don szinte mindenhol elf\u00e9rnek &#8211; m\u00e9g a\" class=\"yoast-seo-meta-tag\" \/>\n<meta property=\"og:url\" content=\"https:\/\/dorogimedence.hu\/index.php\/2021\/10\/26\/a-barpultok-esztetikus-es-funkcionalis-kiegeszitoi-meg-a-kis-konyhaknak-is\/\" class=\"yoast-seo-meta-tag\" \/>\n<meta property=\"og:site_name\" content=\"Dorogi-medence Region\u00e1lis H\u00edrport\u00e1l\" class=\"yoast-seo-meta-tag\" \/>\n<meta property=\"article:publisher\" content=\"https:\/\/www.facebook.com\/dorogimedence\/\" class=\"yoast-seo-meta-tag\" \/>\n<meta property=\"article:published_time\" content=\"2021-10-26T08:47:16+00:00\" class=\"yoast-seo-meta-tag\" \/>\n<meta property=\"article:modified_time\" content=\"2021-10-26T08:47:27+00:00\" class=\"yoast-seo-meta-tag\" \/>\n<meta property=\"og:image\" content=\"https:\/\/i0.wp.com\/dorogimedence.hu\/wp-content\/uploads\/2021\/10\/Barty.jpg?fit=1024%2C683&ssl=1\" class=\"yoast-seo-meta-tag\" \/>\n\t<meta property=\"og:image:width\" content=\"1024\" class=\"yoast-seo-meta-tag\" \/>\n\t<meta property=\"og:image:height\" content=\"683\" class=\"yoast-seo-meta-tag\" \/>\n\t<meta property=\"og:image:type\" content=\"image\/jpeg\" class=\"yoast-seo-meta-tag\" \/>\n<meta name=\"author\" content=\"dorogimedence.hu\" class=\"yoast-seo-meta-tag\" \/>\n<meta name=\"twitter:card\" content=\"summary_large_image\" class=\"yoast-seo-meta-tag\" \/>\n<meta name=\"twitter:label1\" content=\"Szerz\u0151:\" class=\"yoast-seo-meta-tag\" \/>\n\t<meta name=\"twitter:data1\" content=\"dorogimedence.hu\" class=\"yoast-seo-meta-tag\" \/>\n\t<meta name=\"twitter:label2\" content=\"Becs\u00fclt olvas\u00e1si id\u0151\" class=\"yoast-seo-meta-tag\" \/>\n\t<meta name=\"twitter:data2\" content=\"3 perc\" class=\"yoast-seo-meta-tag\" \/>\n<script type=\"application\/ld+json\" class=\"yoast-schema-graph\">{\"@context\":\"https:\\\/\\\/schema.org\",\"@graph\":[{\"@type\":\"Article\",\"@id\":\"https:\\\/\\\/dorogimedence.hu\\\/index.php\\\/2021\\\/10\\\/26\\\/a-barpultok-esztetikus-es-funkcionalis-kiegeszitoi-meg-a-kis-konyhaknak-is\\\/#article\",\"isPartOf\":{\"@id\":\"https:\\\/\\\/dorogimedence.hu\\\/index.php\\\/2021\\\/10\\\/26\\\/a-barpultok-esztetikus-es-funkcionalis-kiegeszitoi-meg-a-kis-konyhaknak-is\\\/\"},\"author\":{\"name\":\"dorogimedence.hu\",\"@id\":\"https:\\\/\\\/dorogimedence.hu\\\/#\\\/schema\\\/person\\\/ce6091eeb7e95ecdc87890d6aa8e0fd4\"},\"headline\":\"A b\u00e1rpultok eszt\u00e9tikus \u00e9s funkcion\u00e1lis kieg\u00e9sz\u00edt\u0151i m\u00e9g a kis konyh\u00e1knak is\",\"datePublished\":\"2021-10-26T08:47:16+00:00\",\"dateModified\":\"2021-10-26T08:47:27+00:00\",\"mainEntityOfPage\":{\"@id\":\"https:\\\/\\\/dorogimedence.hu\\\/index.php\\\/2021\\\/10\\\/26\\\/a-barpultok-esztetikus-es-funkcionalis-kiegeszitoi-meg-a-kis-konyhaknak-is\\\/\"},\"wordCount\":601,\"publisher\":{\"@id\":\"https:\\\/\\\/dorogimedence.hu\\\/#organization\"},\"image\":{\"@id\":\"https:\\\/\\\/dorogimedence.hu\\\/index.php\\\/2021\\\/10\\\/26\\\/a-barpultok-esztetikus-es-funkcionalis-kiegeszitoi-meg-a-kis-konyhaknak-is\\\/#primaryimage\"},\"thumbnailUrl\":\"https:\\\/\\\/dorogimedence.hu\\\/wp-content\\\/uploads\\\/2021\\\/10\\\/Barty.jpg\",\"keywords\":[\"b\u00e1rpult\",\"b\u00e1rsz\u00e9k\",\"b\u00e1rsz\u00e9kek\"],\"articleSection\":[\"H\u00edrek\"],\"inLanguage\":\"hu\"},{\"@type\":\"WebPage\",\"@id\":\"https:\\\/\\\/dorogimedence.hu\\\/index.php\\\/2021\\\/10\\\/26\\\/a-barpultok-esztetikus-es-funkcionalis-kiegeszitoi-meg-a-kis-konyhaknak-is\\\/\",\"url\":\"https:\\\/\\\/dorogimedence.hu\\\/index.php\\\/2021\\\/10\\\/26\\\/a-barpultok-esztetikus-es-funkcionalis-kiegeszitoi-meg-a-kis-konyhaknak-is\\\/\",\"name\":\"A b\u00e1rpultok eszt\u00e9tikus \u00e9s funkcion\u00e1lis kieg\u00e9sz\u00edt\u0151i m\u00e9g a kis konyh\u00e1knak is\",\"isPartOf\":{\"@id\":\"https:\\\/\\\/dorogimedence.hu\\\/#website\"},\"primaryImageOfPage\":{\"@id\":\"https:\\\/\\\/dorogimedence.hu\\\/index.php\\\/2021\\\/10\\\/26\\\/a-barpultok-esztetikus-es-funkcionalis-kiegeszitoi-meg-a-kis-konyhaknak-is\\\/#primaryimage\"},\"image\":{\"@id\":\"https:\\\/\\\/dorogimedence.hu\\\/index.php\\\/2021\\\/10\\\/26\\\/a-barpultok-esztetikus-es-funkcionalis-kiegeszitoi-meg-a-kis-konyhaknak-is\\\/#primaryimage\"},\"thumbnailUrl\":\"https:\\\/\\\/dorogimedence.hu\\\/wp-content\\\/uploads\\\/2021\\\/10\\\/Barty.jpg\",\"datePublished\":\"2021-10-26T08:47:16+00:00\",\"dateModified\":\"2021-10-26T08:47:27+00:00\",\"breadcrumb\":{\"@id\":\"https:\\\/\\\/dorogimedence.hu\\\/index.php\\\/2021\\\/10\\\/26\\\/a-barpultok-esztetikus-es-funkcionalis-kiegeszitoi-meg-a-kis-konyhaknak-is\\\/#breadcrumb\"},\"inLanguage\":\"hu\",\"potentialAction\":[{\"@type\":\"ReadAction\",\"target\":[\"https:\\\/\\\/dorogimedence.hu\\\/index.php\\\/2021\\\/10\\\/26\\\/a-barpultok-esztetikus-es-funkcionalis-kiegeszitoi-meg-a-kis-konyhaknak-is\\\/\"]}]},{\"@type\":\"ImageObject\",\"inLanguage\":\"hu\",\"@id\":\"https:\\\/\\\/dorogimedence.hu\\\/index.php\\\/2021\\\/10\\\/26\\\/a-barpultok-esztetikus-es-funkcionalis-kiegeszitoi-meg-a-kis-konyhaknak-is\\\/#primaryimage\",\"url\":\"https:\\\/\\\/dorogimedence.hu\\\/wp-content\\\/uploads\\\/2021\\\/10\\\/Barty.jpg\",\"contentUrl\":\"https:\\\/\\\/dorogimedence.hu\\\/wp-content\\\/uploads\\\/2021\\\/10\\\/Barty.jpg\",\"width\":1024,\"height\":683},{\"@type\":\"BreadcrumbList\",\"@id\":\"https:\\\/\\\/dorogimedence.hu\\\/index.php\\\/2021\\\/10\\\/26\\\/a-barpultok-esztetikus-es-funkcionalis-kiegeszitoi-meg-a-kis-konyhaknak-is\\\/#breadcrumb\",\"itemListElement\":[{\"@type\":\"ListItem\",\"position\":1,\"name\":\"Kezd\u0151lap\",\"item\":\"https:\\\/\\\/dorogimedence.hu\\\/\"},{\"@type\":\"ListItem\",\"position\":2,\"name\":\"A b\u00e1rpultok eszt\u00e9tikus \u00e9s funkcion\u00e1lis kieg\u00e9sz\u00edt\u0151i m\u00e9g a kis konyh\u00e1knak is\"}]},{\"@type\":\"WebSite\",\"@id\":\"https:\\\/\\\/dorogimedence.hu\\\/#website\",\"url\":\"https:\\\/\\\/dorogimedence.hu\\\/\",\"name\":\"Dorogi-medence Region\u00e1lis H\u00edrport\u00e1l\",\"description\":\"Dorog, Keszt\u00f6lc, Le\u00e1nyv\u00e1r, Piliscs\u00e9v, Tokod, Tokodalt\u00e1r\u00f3, Csolnok, Esztergom-kertv\u00e1ros: h\u00edrek, programok\",\"publisher\":{\"@id\":\"https:\\\/\\\/dorogimedence.hu\\\/#organization\"},\"potentialAction\":[{\"@type\":\"SearchAction\",\"target\":{\"@type\":\"EntryPoint\",\"urlTemplate\":\"https:\\\/\\\/dorogimedence.hu\\\/?s={search_term_string}\"},\"query-input\":{\"@type\":\"PropertyValueSpecification\",\"valueRequired\":true,\"valueName\":\"search_term_string\"}}],\"inLanguage\":\"hu\"},{\"@type\":\"Organization\",\"@id\":\"https:\\\/\\\/dorogimedence.hu\\\/#organization\",\"name\":\"Dorogi-medence Region\u00e1lis H\u00edrport\u00e1l\",\"url\":\"https:\\\/\\\/dorogimedence.hu\\\/\",\"logo\":{\"@type\":\"ImageObject\",\"inLanguage\":\"hu\",\"@id\":\"https:\\\/\\\/dorogimedence.hu\\\/#\\\/schema\\\/logo\\\/image\\\/\",\"url\":\"https:\\\/\\\/dorogimedence.hu\\\/wp-content\\\/uploads\\\/2021\\\/04\\\/logo-feher-600.png\",\"contentUrl\":\"https:\\\/\\\/dorogimedence.hu\\\/wp-content\\\/uploads\\\/2021\\\/04\\\/logo-feher-600.png\",\"width\":600,\"height\":100,\"caption\":\"Dorogi-medence Region\u00e1lis H\u00edrport\u00e1l\"},\"image\":{\"@id\":\"https:\\\/\\\/dorogimedence.hu\\\/#\\\/schema\\\/logo\\\/image\\\/\"},\"sameAs\":[\"https:\\\/\\\/www.facebook.com\\\/dorogimedence\\\/\"]},{\"@type\":\"Person\",\"@id\":\"https:\\\/\\\/dorogimedence.hu\\\/#\\\/schema\\\/person\\\/ce6091eeb7e95ecdc87890d6aa8e0fd4\",\"name\":\"dorogimedence.hu\",\"image\":{\"@type\":\"ImageObject\",\"inLanguage\":\"hu\",\"@id\":\"\\\/\\\/www.gravatar.com\\\/avatar\\\/d8d45f8901aadff40a4af72c0b826f1d?s=96&#038;r=g&#038;d=mm\",\"url\":\"\\\/\\\/www.gravatar.com\\\/avatar\\\/d8d45f8901aadff40a4af72c0b826f1d?s=96&#038;r=g&#038;d=mm\",\"contentUrl\":\"\\\/\\\/www.gravatar.com\\\/avatar\\\/d8d45f8901aadff40a4af72c0b826f1d?s=96&#038;r=g&#038;d=mm\",\"caption\":\"dorogimedence.hu\"}}]}<\/script>\n<!-- \/ Yoast SEO plugin. -->","yoast_head_json":{"title":"A b\u00e1rpultok eszt\u00e9tikus \u00e9s funkcion\u00e1lis kieg\u00e9sz\u00edt\u0151i m\u00e9g a kis konyh\u00e1knak is","robots":{"index":"index","follow":"follow","max-snippet":"max-snippet:-1","max-image-preview":"max-image-preview:large","max-video-preview":"max-video-preview:-1"},"canonical":"https:\/\/dorogimedence.hu\/index.php\/2021\/10\/26\/a-barpultok-esztetikus-es-funkcionalis-kiegeszitoi-meg-a-kis-konyhaknak-is\/","og_locale":"hu_HU","og_type":"article","og_title":"A b\u00e1rpultok eszt\u00e9tikus \u00e9s funkcion\u00e1lis kieg\u00e9sz\u00edt\u0151i m\u00e9g a kis konyh\u00e1knak is","og_description":"R\u00e9gen a szigetek \u00e9s a b\u00e1rpultok a nagy konyh\u00e1k saj\u00e1tja volt. Szerencs\u00e9re ez a szab\u00e1ly ma m\u00e1r a m\u00falt\u00e9, egy\u00e1ltal\u00e1n nem kell ehhez a&nbsp;szab\u00e1lyhoz tartania mag\u00e1t ha fel\u00faj\u00edt vagy egy szer\u00e9nyebb m\u00e9ret\u0171 \u00faj konyh\u00e1t tervez. A b\u00e1rpultokat ma m\u00e1r a neves tervez\u0151k is elismerik praktikuss\u00e1guk miatt \u00e9s meglep\u0151 m\u00f3don szinte mindenhol elf\u00e9rnek &#8211; m\u00e9g a","og_url":"https:\/\/dorogimedence.hu\/index.php\/2021\/10\/26\/a-barpultok-esztetikus-es-funkcionalis-kiegeszitoi-meg-a-kis-konyhaknak-is\/","og_site_name":"Dorogi-medence Region\u00e1lis H\u00edrport\u00e1l","article_publisher":"https:\/\/www.facebook.com\/dorogimedence\/","article_published_time":"2021-10-26T08:47:16+00:00","article_modified_time":"2021-10-26T08:47:27+00:00","og_image":[{"width":1024,"height":683,"url":"https:\/\/i0.wp.com\/dorogimedence.hu\/wp-content\/uploads\/2021\/10\/Barty.jpg?fit=1024%2C683&ssl=1","type":"image\/jpeg"}],"author":"dorogimedence.hu","twitter_card":"summary_large_image","twitter_misc":{"Szerz\u0151:":"dorogimedence.hu","Becs\u00fclt olvas\u00e1si id\u0151":"3 perc"},"schema":{"@context":"https:\/\/schema.org","@graph":[{"@type":"Article","@id":"https:\/\/dorogimedence.hu\/index.php\/2021\/10\/26\/a-barpultok-esztetikus-es-funkcionalis-kiegeszitoi-meg-a-kis-konyhaknak-is\/#article","isPartOf":{"@id":"https:\/\/dorogimedence.hu\/index.php\/2021\/10\/26\/a-barpultok-esztetikus-es-funkcionalis-kiegeszitoi-meg-a-kis-konyhaknak-is\/"},"author":{"name":"dorogimedence.hu","@id":"https:\/\/dorogimedence.hu\/#\/schema\/person\/ce6091eeb7e95ecdc87890d6aa8e0fd4"},"headline":"A b\u00e1rpultok eszt\u00e9tikus \u00e9s funkcion\u00e1lis kieg\u00e9sz\u00edt\u0151i m\u00e9g a kis konyh\u00e1knak is","datePublished":"2021-10-26T08:47:16+00:00","dateModified":"2021-10-26T08:47:27+00:00","mainEntityOfPage":{"@id":"https:\/\/dorogimedence.hu\/index.php\/2021\/10\/26\/a-barpultok-esztetikus-es-funkcionalis-kiegeszitoi-meg-a-kis-konyhaknak-is\/"},"wordCount":601,"publisher":{"@id":"https:\/\/dorogimedence.hu\/#organization"},"image":{"@id":"https:\/\/dorogimedence.hu\/index.php\/2021\/10\/26\/a-barpultok-esztetikus-es-funkcionalis-kiegeszitoi-meg-a-kis-konyhaknak-is\/#primaryimage"},"thumbnailUrl":"https:\/\/dorogimedence.hu\/wp-content\/uploads\/2021\/10\/Barty.jpg","keywords":["b\u00e1rpult","b\u00e1rsz\u00e9k","b\u00e1rsz\u00e9kek"],"articleSection":["H\u00edrek"],"inLanguage":"hu"},{"@type":"WebPage","@id":"https:\/\/dorogimedence.hu\/index.php\/2021\/10\/26\/a-barpultok-esztetikus-es-funkcionalis-kiegeszitoi-meg-a-kis-konyhaknak-is\/","url":"https:\/\/dorogimedence.hu\/index.php\/2021\/10\/26\/a-barpultok-esztetikus-es-funkcionalis-kiegeszitoi-meg-a-kis-konyhaknak-is\/","name":"A b\u00e1rpultok eszt\u00e9tikus \u00e9s funkcion\u00e1lis kieg\u00e9sz\u00edt\u0151i m\u00e9g a kis konyh\u00e1knak is","isPartOf":{"@id":"https:\/\/dorogimedence.hu\/#website"},"primaryImageOfPage":{"@id":"https:\/\/dorogimedence.hu\/index.php\/2021\/10\/26\/a-barpultok-esztetikus-es-funkcionalis-kiegeszitoi-meg-a-kis-konyhaknak-is\/#primaryimage"},"image":{"@id":"https:\/\/dorogimedence.hu\/index.php\/2021\/10\/26\/a-barpultok-esztetikus-es-funkcionalis-kiegeszitoi-meg-a-kis-konyhaknak-is\/#primaryimage"},"thumbnailUrl":"https:\/\/dorogimedence.hu\/wp-content\/uploads\/2021\/10\/Barty.jpg","datePublished":"2021-10-26T08:47:16+00:00","dateModified":"2021-10-26T08:47:27+00:00","breadcrumb":{"@id":"https:\/\/dorogimedence.hu\/index.php\/2021\/10\/26\/a-barpultok-esztetikus-es-funkcionalis-kiegeszitoi-meg-a-kis-konyhaknak-is\/#breadcrumb"},"inLanguage":"hu","potentialAction":[{"@type":"ReadAction","target":["https:\/\/dorogimedence.hu\/index.php\/2021\/10\/26\/a-barpultok-esztetikus-es-funkcionalis-kiegeszitoi-meg-a-kis-konyhaknak-is\/"]}]},{"@type":"ImageObject","inLanguage":"hu","@id":"https:\/\/dorogimedence.hu\/index.php\/2021\/10\/26\/a-barpultok-esztetikus-es-funkcionalis-kiegeszitoi-meg-a-kis-konyhaknak-is\/#primaryimage","url":"https:\/\/dorogimedence.hu\/wp-content\/uploads\/2021\/10\/Barty.jpg","contentUrl":"https:\/\/dorogimedence.hu\/wp-content\/uploads\/2021\/10\/Barty.jpg","width":1024,"height":683},{"@type":"BreadcrumbList","@id":"https:\/\/dorogimedence.hu\/index.php\/2021\/10\/26\/a-barpultok-esztetikus-es-funkcionalis-kiegeszitoi-meg-a-kis-konyhaknak-is\/#breadcrumb","itemListElement":[{"@type":"ListItem","position":1,"name":"Kezd\u0151lap","item":"https:\/\/dorogimedence.hu\/"},{"@type":"ListItem","position":2,"name":"A b\u00e1rpultok eszt\u00e9tikus \u00e9s funkcion\u00e1lis kieg\u00e9sz\u00edt\u0151i m\u00e9g a kis konyh\u00e1knak is"}]},{"@type":"WebSite","@id":"https:\/\/dorogimedence.hu\/#website","url":"https:\/\/dorogimedence.hu\/","name":"Dorogi-medence Region\u00e1lis H\u00edrport\u00e1l","description":"Dorog, Keszt\u00f6lc, Le\u00e1nyv\u00e1r, Piliscs\u00e9v, Tokod, Tokodalt\u00e1r\u00f3, Csolnok, Esztergom-kertv\u00e1ros: h\u00edrek, programok","publisher":{"@id":"https:\/\/dorogimedence.hu\/#organization"},"potentialAction":[{"@type":"SearchAction","target":{"@type":"EntryPoint","urlTemplate":"https:\/\/dorogimedence.hu\/?s={search_term_string}"},"query-input":{"@type":"PropertyValueSpecification","valueRequired":true,"valueName":"search_term_string"}}],"inLanguage":"hu"},{"@type":"Organization","@id":"https:\/\/dorogimedence.hu\/#organization","name":"Dorogi-medence Region\u00e1lis H\u00edrport\u00e1l","url":"https:\/\/dorogimedence.hu\/","logo":{"@type":"ImageObject","inLanguage":"hu","@id":"https:\/\/dorogimedence.hu\/#\/schema\/logo\/image\/","url":"https:\/\/dorogimedence.hu\/wp-content\/uploads\/2021\/04\/logo-feher-600.png","contentUrl":"https:\/\/dorogimedence.hu\/wp-content\/uploads\/2021\/04\/logo-feher-600.png","width":600,"height":100,"caption":"Dorogi-medence Region\u00e1lis H\u00edrport\u00e1l"},"image":{"@id":"https:\/\/dorogimedence.hu\/#\/schema\/logo\/image\/"},"sameAs":["https:\/\/www.facebook.com\/dorogimedence\/"]},{"@type":"Person","@id":"https:\/\/dorogimedence.hu\/#\/schema\/person\/ce6091eeb7e95ecdc87890d6aa8e0fd4","name":"dorogimedence.hu","image":{"@type":"ImageObject","inLanguage":"hu","@id":"\/\/www.gravatar.com\/avatar\/d8d45f8901aadff40a4af72c0b826f1d?s=96&#038;r=g&#038;d=mm","url":"\/\/www.gravatar.com\/avatar\/d8d45f8901aadff40a4af72c0b826f1d?s=96&#038;r=g&#038;d=mm","contentUrl":"\/\/www.gravatar.com\/avatar\/d8d45f8901aadff40a4af72c0b826f1d?s=96&#038;r=g&#038;d=mm","caption":"dorogimedence.hu"}}]}},"_links":{"self":[{"href":"https:\/\/dorogimedence.hu\/index.php\/wp-json\/wp\/v2\/posts\/38041","targetHints":{"allow":["GET"]}}],"collection":[{"href":"https:\/\/dorogimedence.hu\/index.php\/wp-json\/wp\/v2\/posts"}],"about":[{"href":"https:\/\/dorogimedence.hu\/index.php\/wp-json\/wp\/v2\/types\/post"}],"author":[{"embeddable":true,"href":"https:\/\/dorogimedence.hu\/index.php\/wp-json\/wp\/v2\/users\/1"}],"replies":[{"embeddable":true,"href":"https:\/\/dorogimedence.hu\/index.php\/wp-json\/wp\/v2\/comments?post=38041"}],"version-history":[{"count":0,"href":"https:\/\/dorogimedence.hu\/index.php\/wp-json\/wp\/v2\/posts\/38041\/revisions"}],"wp:featuredmedia":[{"embeddable":true,"href":"https:\/\/dorogimedence.hu\/index.php\/wp-json\/wp\/v2\/media\/38042"}],"wp:attachment":[{"href":"https:\/\/dorogimedence.hu\/index.php\/wp-json\/wp\/v2\/media?parent=38041"}],"wp:term":[{"taxonomy":"category","embeddable":true,"href":"https:\/\/dorogimedence.hu\/index.php\/wp-json\/wp\/v2\/categories?post=38041"},{"taxonomy":"post_tag","embeddable":true,"href":"https:\/\/dorogimedence.hu\/index.php\/wp-json\/wp\/v2\/tags?post=38041"}],"curies":[{"name":"wp","href":"https:\/\/api.w.org\/{rel}","templated":true}]}}