{"id":38011,"date":"2021-10-25T13:40:27","date_gmt":"2021-10-25T11:40:27","guid":{"rendered":"https:\/\/dorogimedence.hu\/?p=38011"},"modified":"2021-10-25T13:40:38","modified_gmt":"2021-10-25T11:40:38","slug":"cselenyak-imre-az-iro-is-elkezdi-valahogy","status":"publish","type":"post","link":"https:\/\/dorogimedence.hu\/index.php\/2021\/10\/25\/cselenyak-imre-az-iro-is-elkezdi-valahogy\/","title":{"rendered":"Cseleny\u00e1k Imre: az \u00edr\u00f3 is elkezdi valahogy"},"content":{"rendered":"<p><strong>Ahogyan sok m\u00e1s alkot\u00f3i tev\u00e9kenys\u00e9g elkezd\u00e9se, az \u00edr\u00f3 indul\u00e1sa is egy\u00fctt j\u00e1r az erre \u00e9p\u00edtett hiedelmekkel, s kialak\u00edt az emberekben valamif\u00e9le elk\u00e9pzel\u00e9st. Vajon pontosan tudj\u00e1k-e az irodalomkedvel\u0151k, az olvas\u00e1sszeret\u0151k, hogyan v\u00e1lik egy \u00e1tlagos ember \u2013 rem\u00e9lem ez nem s\u00e9rt\u00e9s \u2013 kedvelt reg\u00e9ny\u00edr\u00f3v\u00e1? Ennek a gondolatnak a ment\u00e9n faggatjuk rendhagy\u00f3 k\u00e9rd\u00e9sekkel a Dorogon \u00e9l\u0151 \u00e9s alkot\u00f3 Cseleny\u00e1k Imr\u00e9t, az Arany J\u00e1nos \u00e9letrajz \u00edr\u00f3j\u00e1t.<br \/>\n<\/strong><\/p>\n<p><strong>\u2013 Milyen iskol\u00e1k sz\u00fcks\u00e9gesek ahhoz, hogy az ember \u00edr\u00f3 legyen?<\/strong><\/p>\n<p>\u2013 J\u00f3szer\u00e9vel semmilyen. Egy analfab\u00e9ta is lehet remek epikus. Ahogyan Hom\u00e9rosz, aki \u00e1ll\u00edt\u00f3lag egy vak, \u00edr\u00e1studatlan ember volt. Manaps\u00e1g sokan oskolapadb\u00f3l oskolapadba \u00e1t\u00fcld\u00f6g\u00e9lve c\u00e9lozz\u00e1k meg az \u00edr\u00f3s\u00e1got. A kiv\u00e1laszt\u00e1st viszont egy privilegiz\u00e1lt r\u00e9teg igyekszik alak\u00edtani\u2026 \u00cdgy szinte elk\u00e9pzelhetetlen most \u00fagy \u00edr\u00f3v\u00e1 lenni, mint ahogyan a n\u00e9pi sarjad\u00e9k Arany J\u00e1nos, a kalandor Jack London vagy az iskol\u00e1zatlan Maxim Gorkij. Az iskola helyett ink\u00e1bb a m\u00e9di\u00e1t emeln\u00e9m ki. Akit sokat l\u00e1tunk a k\u00e9perny\u0151n, az nagy n\u00e9pszer\u0171s\u00e9gre tehet szert \u00e9s n\u00e9ha \u00edr\u00f3v\u00e1 avanzs\u00e1lnak \u00e9rdemtelent is\u2026 &nbsp;Az olvas\u00f3k egy\u00e9bk\u00e9nt m\u00e1s szempontok alapj\u00e1n is rangsorolnak.<\/p>\n<p><strong>\u2013 \u00d6n hogyan kezdte?<\/strong><\/p>\n<p>\u2013 Mondhatom, hogy mindj\u00e1rt p\u00e1ly\u00e1m elej\u00e9n a kiad\u00f3i strukt\u00fara h\u00e1l\u00f3j\u00e1ba \u00fasztam. 1989-ben lett k\u00e9szen <em>Szid\u00f3ni<\/em> c\u00edm\u0171 reg\u00e9nyem \u00e9s \u00e9n vittem a k\u00e9ziratot \u00e9szaknak, d\u00e9lnek, keletnek, nyugatnak. &nbsp;A legt\u00f6bb helyen r\u00e1n\u00e9z\u00e9sre elutas\u00edtottak. Volt ahol \u00e1tvett\u00e9k, pld. Magvet\u0151, azt\u00e1n k\u00e9t h\u00e9t m\u00falva egy sajn\u00e1lkoz\u00f3 lev\u00e9lke k\u00eds\u00e9ret\u00e9ben visszapost\u00e1zt\u00e1k. Megjegyzem, \u00e9ppen olyan elutas\u00edt\u00f3 formalevelet kapott a S<em>zid\u00f3ni<\/em>m, mint h\u00e1rom \u00e9vtizeddel kor\u00e1bban Kert\u00e9sz Imre <em>Sorstalans\u00e1g<\/em>a. \u00c9s m\u00e9gis van Isten, az Ifj\u00fas\u00e1gi Lap- \u00e9s K\u00f6nyvkiad\u00f3 v\u00e9gre pozit\u00edv v\u00e9lem\u00e9nyt alkotott a Szid\u00f3nir\u00f3l. Be is h\u00edvtak, megdics\u00e9rtek, azt\u00e1n k\u00f6z\u00f6lt\u00e9k, hogy manaps\u00e1g az emberek ilyen reg\u00e9nyeket nem olvasnak, \u00edrjak egy m\u00e1sik, egy r\u00f6videbb, \u00e9rzelg\u0151s reg\u00e9nyt, mert most az a trend, \u00e9s \u00e9n \u2013 h\u00edzelegtek \u2013 l\u00e1that\u00f3an j\u00f3ban vagyok a szavakkal, meg tudom csin\u00e1lni. Gondolkodtam, gondolkodtam, f\u00e1j\u00f3 sz\u00edvvel mondatott nemet a j\u00f3zan eszem. Pedig milyen kecsegtet\u0151 az, ha valamit megcsillantanak a kezd\u0151 firk\u00e1sz el\u0151tt.<\/p>\n<p><strong>\u2013 Ez kezd \u00e9rdekes\u00e9 v\u00e1lni. \u00c9s m\u00e9gis, hogyan siker\u00fclt az els\u0151 reg\u00e9ny\u00e9t kiadatni?&nbsp; <\/strong><\/p>\n<p>\u2013 Telt-m\u00falt az id\u0151, k\u00f6rm\u00f6ltem tov\u00e1bb a pr\u00f3z\u00e1imat, mert akiben megvan ez a sz\u00fclet\u00e9si rendelleness\u00e9g, az nem tehet m\u00e1st. Nos, ism\u00e9t h\u00edvott az Ifj\u00fas\u00e1gi kiad\u00f3: \u00edrjak egy kamaszoknak sz\u00f3l\u00f3 t\u00f6rt\u00e9netet. Ez \u00edgy m\u00e1r inspir\u00e1lt, \u00e9s akkor meg\u00edrtam a <em>Kamasz-tavasz<\/em> c\u00edm\u0171 sz\u00f3rakoztat\u00f3, ifj\u00fas\u00e1gi elbesz\u00e9l\u00e9semet olyan t\u00e9m\u00e1r\u00f3l, amelyben otthonosan mozogtam.&nbsp; Nekem magamt\u00f3l k\u00fcl\u00f6nben soha nem jutott volna eszembe.&nbsp; A kiad\u00f3 el volt ragadtatva, \u00e9n \u00fasztam a boldogs\u00e1gban \u2013 kiadj\u00e1k, kiadj\u00e1k! \u2013, de m\u00e9g megv\u00e1rakoztattak m\u00e1sf\u00e9l \u00e9vig. Amikor a k\u00e9sz k\u00f6nyvet a kezembe vettem, azt hittem ott kapok guta\u00fct\u00e9st a giccses bor\u00edt\u00f3 miatt. H\u00e1pogtam, k\u00f6nnyeztem, olyan kett\u0151s \u00e9rz\u00e9s szorongatott, hogy ma sem tudok mit kezdeni vele. A rossz k\u00fcllem dac\u00e1ra a k\u00f6nyv meglep\u0151 m\u00f3don sikert aratott, azonban a k\u00f6zben szerzett \u00edr\u00f3bar\u00e1tok lebiggyesztett sz\u00e1jjal vizslatt\u00e1k, nem besz\u00e9lve a szakmai \u00e9rtelmis\u00e9gr\u0151l. Mert, ha valamelyik befoly\u00e1sos szem\u00e9ly kez\u00e9be ker\u00fclt a k\u00f6tet, az nyomban beskatuly\u00e1zott, term\u00e9szetesen olvasatlanul: \u201ena, ez az ember csak szirupos rom\u00e1n\u00e1kra k\u00e9pes!\u201d C\u00e1folom! A reg\u00e9nynek semmi k\u00f6ze az szentiment\u00e1lis irodalomhoz!<\/p>\n<p><img fetchpriority=\"high\" decoding=\"async\" class=\"alignnone size-full wp-image-38013\" src=\"https:\/\/dorogimedence.hu\/wp-content\/uploads\/2021\/10\/248883667_201450455436218_8052192550080555207_n.jpg\" alt=\"\" width=\"339\" height=\"500\" srcset=\"https:\/\/dorogimedence.hu\/wp-content\/uploads\/2021\/10\/248883667_201450455436218_8052192550080555207_n.jpg 339w, https:\/\/dorogimedence.hu\/wp-content\/uploads\/2021\/10\/248883667_201450455436218_8052192550080555207_n-203x300.jpg 203w, https:\/\/dorogimedence.hu\/wp-content\/uploads\/2021\/10\/248883667_201450455436218_8052192550080555207_n-150x221.jpg 150w\" sizes=\"(max-width: 339px) 100vw, 339px\" \/><\/p>\n<p><strong>\u2013 \u00c9s mi lett a Szid\u00f3nival?<\/strong><\/p>\n<p>\u2013 N\u00e9h\u00e1ny \u00e9v m\u00falva arra is sor ker\u00fclt! A Kr\u00e1ter kiad\u00f3 v\u00e1llalta fel, igaz, szereztem hozz\u00e1 szponzort. Ugye aki meg\u00e9geti mag\u00e1t, m\u00e1r odafigyel a r\u00e9szletekre. F\u0151leg a bor\u00edt\u00f3ra. Az volt a kik\u00f6t\u00e9sem, hogy addig a k\u00f6nyv nem mehet nyomd\u00e1ba, ameddig \u00e9n nem adtam \u00e1ld\u00e1somat a k\u00fcllem\u00e9re. Ezt elmondtam a Kr\u00e1ter olvas\u00f3szerkeszt\u0151j\u00e9nek, aki tov\u00e1bbadta a f\u0151szerkeszt\u0151nek. Nos, T. P\u00e9ter f\u00f6lh\u00edvott \u00e9s \u00fagy elk\u00fcld\u00f6tt a francba, ahogy illik. \u201eA bort\u00f3 a mi felel\u0151ss\u00e9g\u00fcnk!\u201d \u2013 ord\u00edtozta. \u00c9n k\u00f6t\u00f6ttem az ebet a kar\u00f3hoz, meglebbentve neki, hogy akkor az X szponzor anyagi t\u00e1mogat\u00e1s\u00e1t nem veszem ig\u00e9nye, ink\u00e1bb el\u00e1llok a kiad\u00e1st\u00f3l. A f\u0151szerkeszt\u0151 el\u0151vette a jobbik esz\u00e9t \u00e9s faxon elk\u00fcldte a bor\u00edt\u00f3tervet. \u00c9n azt\u00e1n elfogadtam \u00e9s a k\u00f6nyv megjelent.<\/p>\n<p><strong>\u2013 M\u00e9giscsak j\u00f3l alakultak a dolgok. Teh\u00e1t innent\u0151l indultak a sikerek?<\/strong><\/p>\n<p>\u2013 Kor\u00e1ntsem! Zokon vett\u00e9k a felt\u00e9telszab\u00e1st: \u201eHogy j\u00f6n ahhoz egy \u2019n\u00e9vtelen kezd\u0151\u2019, hogy k\u00f6vetel\u0151zz\u00e9k!\u201d \u00c9s ez r\u00e1nyomta a b\u00e9lyeg\u00e9t a p\u00e1ly\u00e1m tov\u00e1bbi alakul\u00e1s\u00e1ra. Mindez az\u00e9rt t\u00f6rt\u00e9nhetett, mert \u00e9n harminc f\u00f6l\u00f6tt a munk\u00e1s-zen\u00e9sz \u00e9letb\u0151l indultam el az \u00edr\u00f3s\u00e1g fel\u00e9, \u00e9s nevem j\u00f3 ideig minden\u00fctt ismeretlen\u00fcl csengett. Mindig vallottam, hogy nem az egyetemek, \u00edr\u00f3st\u00fadi\u00f3k teszik az embert \u00edr\u00f3v\u00e1, hanem maga az \u00e9let. Az \u00e9let, amely durv\u00e1bban, f\u00e1jdalmasabban tant, de maradand\u00f3bb nyomot hagy. Ezt a v\u00e9lem\u00e9nyemet k\u00fcl\u00f6nben sok-sok koszor\u00fas \u00edr\u00f3 nem osztja. Tudom, ez a besz\u00e9lget\u00e9s az alkot\u00f3i elindul\u00e1sr\u00f3l sz\u00f3l, de egy mondatban had eml\u00edtsem meg: mind a harminc k\u00f6tetem\u00e9rt k\u00fcl\u00f6n-k\u00fcl\u00f6n meg kellett k\u00fczdenem, \u00e9s ez alighanem a j\u00f6v\u0151 is \u00edgy lesz.<\/p>\n<p><img decoding=\"async\" class=\"alignnone size-full wp-image-38012\" src=\"https:\/\/dorogimedence.hu\/wp-content\/uploads\/2021\/10\/248654741_635281660805090_6612298157611086144_n.jpg\" alt=\"\" width=\"358\" height=\"500\" srcset=\"https:\/\/dorogimedence.hu\/wp-content\/uploads\/2021\/10\/248654741_635281660805090_6612298157611086144_n.jpg 358w, https:\/\/dorogimedence.hu\/wp-content\/uploads\/2021\/10\/248654741_635281660805090_6612298157611086144_n-215x300.jpg 215w, https:\/\/dorogimedence.hu\/wp-content\/uploads\/2021\/10\/248654741_635281660805090_6612298157611086144_n-150x209.jpg 150w\" sizes=\"(max-width: 358px) 100vw, 358px\" \/><\/p>\n<p><strong>\u2013 Miben tartja mag\u00e1t a leger\u0151sebbnek?<\/strong><\/p>\n<p>\u2013 Sokan azt mondan\u00e1k erre, hogy nyilv\u00e1n a t\u00f6rt\u00e9netmes\u00e9l\u00e9sben. \u00c9n azonban hozz\u00e1teszem, hogy n\u00e1lam nincs \u201eelveszett labda\u201d, hogy sportnyelven fejezem ki magam. Bele mertem \u00e9s bele merek fogni olyan nagy munk\u00e1kba, amelyek m\u00e1r az \u00f6tlet kipattan\u00e1sakor is kem\u00e9ny g\u00fcrit \u00edg\u00e9rnek. \u00c9s a t\u00e9m\u00e1t k\u00f6vetkezetesen v\u00e9gigviszem, ha \u00e9letrajzr\u00f3l van sz\u00f3, sem id\u0151t, sem p\u00e9nzt, se energi\u00e1t nem sajn\u00e1lok a szent c\u00e9l\u00e9rt be\u00e1ldozni. Sz\u00e1mos ideg\u0151rl\u0151 buktat\u00f3val van tele ez a hivat\u00e1s! De az \u00edr\u00e1sszeretet mindenen \u00e1tseg\u00edt.<\/p>\n<p><strong>\u2013 Mivel b\u00edztatn\u00e1 azokat, akik \u00edr\u00f3i amb\u00edci\u00f3kat d\u00e9delgetnek?<\/strong><\/p>\n<p>\u2013 Semmivel. Ha lehet, ker\u00fclj\u00e9k el ezt a p\u00e1ly\u00e1t. Sokkal nagyobb a val\u00f3sz\u00edn\u0171s\u00e9ge a k\u00f6nnyeknek, a f\u00e1jdalomnak, a megal\u00e1ztat\u00e1snak, mint a sikernek. V\u00e9gezzenek olyan munk\u00e1t, amelyben nap, mint nap siker\u00e9lm\u00e9ny \u00e9ri \u0151ket. \u00c1\u2026 Vicceltem!! Aki im\u00e1d \u00edrni, az \u00edrjon. Megsz\u00e1llottan, kitart\u00f3an. Ha soha senki nem adja ki, akkor is, hisz ez egy \u00f6sszetett \u00f6nismereti ter\u00e1pia. Ha nekem megtiltan\u00e1k az \u00edr\u00e1st, boldogtalans\u00e1gra k\u00e1rhoztatn\u00e1nak.<\/p>\n<p><strong>\u2013 Hol tal\u00e1lkozhatnak \u00f6nnel legk\u00f6zelebb az olvas\u00f3k?<\/strong><\/p>\n<p>\u2013 Dorogon, az imm\u00e1r sokadik alkalommal megrendez\u00e9sre ker\u00fcl\u0151 BOR\u00cdR irodalmi tal\u00e1lkoz\u00f3n. D\u00edszvend\u00e9gem lesz B\u00e1n M\u00f3r, a nagy siker\u0171 Hunyadi reg\u00e9nyfolyam szerz\u0151je. Azt\u00e1n a szok\u00e1sos felolvas\u00e1sok, bork\u00f3stol\u00e1s, k\u00f6tetlen t\u00e1rsalg\u00e1s. Szeretettel v\u00e1runk valamennyi irodalomszeret\u0151 embert. Inform\u00e1ci\u00f3: november 19. 17 \u00f3ra, Dorog, M\u0171vel\u0151d\u00e9si Otthon, klubterem.&nbsp;&nbsp;&nbsp; &nbsp;&nbsp;&nbsp;&nbsp;&nbsp;&nbsp;&nbsp;&nbsp;<\/p>\n<p><em>Lehoczki D\u00e1vid<\/em><\/p>\n<p><strong>Cseleny\u00e1k Imre k\u00f6nyvei a <a href=\"https:\/\/bookline.hu\/szerzo\/cselenyak-imre\/44458?page=1\" target=\"_blank\" rel=\"noopener\"><span style=\"text-decoration: underline; color: #0000ff;\">Bookline-on<\/span><\/a> \u00e9s a <a href=\"https:\/\/www.libri.hu\/szerzok\/cselenyak_imre.html\" target=\"_blank\" rel=\"noopener\"><span style=\"text-decoration: underline; color: #0000ff;\">Librin<\/span><\/a>. V\u00e9lem\u00e9nyek a <a href=\"https:\/\/moly.hu\/alkotok\/cselenyak-imre\" target=\"_blank\" rel=\"noopener\"><span style=\"text-decoration: underline; color: #0000ff;\">moly.hu<\/span><\/a> oldalon.<\/strong><\/p>\n","protected":false},"excerpt":{"rendered":"<p>Ahogyan sok m\u00e1s alkot\u00f3i tev\u00e9kenys\u00e9g elkezd\u00e9se, az \u00edr\u00f3 indul\u00e1sa is egy\u00fctt j\u00e1r az erre \u00e9p\u00edtett hiedelmekkel, s kialak\u00edt az emberekben valamif\u00e9le elk\u00e9pzel\u00e9st. Vajon pontosan tudj\u00e1k-e az irodalomkedvel\u0151k, az olvas\u00e1sszeret\u0151k, hogyan v\u00e1lik egy \u00e1tlagos ember \u2013 rem\u00e9lem ez nem s\u00e9rt\u00e9s \u2013 kedvelt reg\u00e9ny\u00edr\u00f3v\u00e1? Ennek a gondolatnak a ment\u00e9n faggatjuk rendhagy\u00f3 k\u00e9rd\u00e9sekkel a Dorogon \u00e9l\u0151 \u00e9s alkot\u00f3<\/p>\n","protected":false},"author":1,"featured_media":20976,"comment_status":"closed","ping_status":"closed","sticky":false,"template":"","format":"standard","meta":{"ngg_post_thumbnail":0,"footnotes":""},"categories":[2,3],"tags":[1970,4008,1962],"class_list":{"0":"post-38011","1":"post","2":"type-post","3":"status-publish","4":"format-standard","5":"has-post-thumbnail","7":"category-dorog","8":"category-hirek","9":"tag-cselenyak-imre","10":"tag-dorogi-iro","11":"tag-iro"},"yoast_head":"<!-- This site is optimized with the Yoast SEO plugin v27.4 - https:\/\/yoast.com\/product\/yoast-seo-wordpress\/ -->\n<title>Cseleny\u00e1k Imre: az \u00edr\u00f3 is elkezdi valahogy<\/title>\n<meta name=\"robots\" content=\"index, follow, max-snippet:-1, max-image-preview:large, max-video-preview:-1\" \/>\n<link rel=\"canonical\" href=\"https:\/\/dorogimedence.hu\/index.php\/2021\/10\/25\/cselenyak-imre-az-iro-is-elkezdi-valahogy\/\" class=\"yoast-seo-meta-tag\" \/>\n<meta property=\"og:locale\" content=\"hu_HU\" class=\"yoast-seo-meta-tag\" \/>\n<meta property=\"og:type\" content=\"article\" class=\"yoast-seo-meta-tag\" \/>\n<meta property=\"og:title\" content=\"Cseleny\u00e1k Imre: az \u00edr\u00f3 is elkezdi valahogy\" class=\"yoast-seo-meta-tag\" \/>\n<meta property=\"og:description\" content=\"Ahogyan sok m\u00e1s alkot\u00f3i tev\u00e9kenys\u00e9g elkezd\u00e9se, az \u00edr\u00f3 indul\u00e1sa is egy\u00fctt j\u00e1r az erre \u00e9p\u00edtett hiedelmekkel, s kialak\u00edt az emberekben valamif\u00e9le elk\u00e9pzel\u00e9st. Vajon pontosan tudj\u00e1k-e az irodalomkedvel\u0151k, az olvas\u00e1sszeret\u0151k, hogyan v\u00e1lik egy \u00e1tlagos ember \u2013 rem\u00e9lem ez nem s\u00e9rt\u00e9s \u2013 kedvelt reg\u00e9ny\u00edr\u00f3v\u00e1? Ennek a gondolatnak a ment\u00e9n faggatjuk rendhagy\u00f3 k\u00e9rd\u00e9sekkel a Dorogon \u00e9l\u0151 \u00e9s alkot\u00f3\" class=\"yoast-seo-meta-tag\" \/>\n<meta property=\"og:url\" content=\"https:\/\/dorogimedence.hu\/index.php\/2021\/10\/25\/cselenyak-imre-az-iro-is-elkezdi-valahogy\/\" class=\"yoast-seo-meta-tag\" \/>\n<meta property=\"og:site_name\" content=\"Dorogi-medence Region\u00e1lis H\u00edrport\u00e1l\" class=\"yoast-seo-meta-tag\" \/>\n<meta property=\"article:publisher\" content=\"https:\/\/www.facebook.com\/dorogimedence\/\" class=\"yoast-seo-meta-tag\" \/>\n<meta property=\"article:published_time\" content=\"2021-10-25T11:40:27+00:00\" class=\"yoast-seo-meta-tag\" \/>\n<meta property=\"article:modified_time\" content=\"2021-10-25T11:40:38+00:00\" class=\"yoast-seo-meta-tag\" \/>\n<meta property=\"og:image\" content=\"https:\/\/i0.wp.com\/dorogimedence.hu\/wp-content\/uploads\/2019\/11\/cselenyak-05.jpg?fit=670%2C365&ssl=1\" class=\"yoast-seo-meta-tag\" \/>\n\t<meta property=\"og:image:width\" content=\"670\" class=\"yoast-seo-meta-tag\" \/>\n\t<meta property=\"og:image:height\" content=\"365\" class=\"yoast-seo-meta-tag\" \/>\n\t<meta property=\"og:image:type\" content=\"image\/jpeg\" class=\"yoast-seo-meta-tag\" \/>\n<meta name=\"author\" content=\"dorogimedence.hu\" class=\"yoast-seo-meta-tag\" \/>\n<meta name=\"twitter:card\" content=\"summary_large_image\" class=\"yoast-seo-meta-tag\" \/>\n<meta name=\"twitter:label1\" content=\"Szerz\u0151:\" class=\"yoast-seo-meta-tag\" \/>\n\t<meta name=\"twitter:data1\" content=\"dorogimedence.hu\" class=\"yoast-seo-meta-tag\" \/>\n\t<meta name=\"twitter:label2\" content=\"Becs\u00fclt olvas\u00e1si id\u0151\" class=\"yoast-seo-meta-tag\" \/>\n\t<meta name=\"twitter:data2\" content=\"7 perc\" class=\"yoast-seo-meta-tag\" \/>\n<script type=\"application\/ld+json\" class=\"yoast-schema-graph\">{\"@context\":\"https:\\\/\\\/schema.org\",\"@graph\":[{\"@type\":\"Article\",\"@id\":\"https:\\\/\\\/dorogimedence.hu\\\/index.php\\\/2021\\\/10\\\/25\\\/cselenyak-imre-az-iro-is-elkezdi-valahogy\\\/#article\",\"isPartOf\":{\"@id\":\"https:\\\/\\\/dorogimedence.hu\\\/index.php\\\/2021\\\/10\\\/25\\\/cselenyak-imre-az-iro-is-elkezdi-valahogy\\\/\"},\"author\":{\"name\":\"dorogimedence.hu\",\"@id\":\"https:\\\/\\\/dorogimedence.hu\\\/#\\\/schema\\\/person\\\/ce6091eeb7e95ecdc87890d6aa8e0fd4\"},\"headline\":\"Cseleny\u00e1k Imre: az \u00edr\u00f3 is elkezdi valahogy\",\"datePublished\":\"2021-10-25T11:40:27+00:00\",\"dateModified\":\"2021-10-25T11:40:38+00:00\",\"mainEntityOfPage\":{\"@id\":\"https:\\\/\\\/dorogimedence.hu\\\/index.php\\\/2021\\\/10\\\/25\\\/cselenyak-imre-az-iro-is-elkezdi-valahogy\\\/\"},\"wordCount\":1362,\"publisher\":{\"@id\":\"https:\\\/\\\/dorogimedence.hu\\\/#organization\"},\"image\":{\"@id\":\"https:\\\/\\\/dorogimedence.hu\\\/index.php\\\/2021\\\/10\\\/25\\\/cselenyak-imre-az-iro-is-elkezdi-valahogy\\\/#primaryimage\"},\"thumbnailUrl\":\"https:\\\/\\\/dorogimedence.hu\\\/wp-content\\\/uploads\\\/2019\\\/11\\\/cselenyak-05.jpg\",\"keywords\":[\"Cseleny\u00e1k Imre\",\"dorogi \u00edr\u00f3\",\"\u00edr\u00f3\"],\"articleSection\":[\"Dorog\",\"H\u00edrek\"],\"inLanguage\":\"hu\"},{\"@type\":\"WebPage\",\"@id\":\"https:\\\/\\\/dorogimedence.hu\\\/index.php\\\/2021\\\/10\\\/25\\\/cselenyak-imre-az-iro-is-elkezdi-valahogy\\\/\",\"url\":\"https:\\\/\\\/dorogimedence.hu\\\/index.php\\\/2021\\\/10\\\/25\\\/cselenyak-imre-az-iro-is-elkezdi-valahogy\\\/\",\"name\":\"Cseleny\u00e1k Imre: az \u00edr\u00f3 is elkezdi valahogy\",\"isPartOf\":{\"@id\":\"https:\\\/\\\/dorogimedence.hu\\\/#website\"},\"primaryImageOfPage\":{\"@id\":\"https:\\\/\\\/dorogimedence.hu\\\/index.php\\\/2021\\\/10\\\/25\\\/cselenyak-imre-az-iro-is-elkezdi-valahogy\\\/#primaryimage\"},\"image\":{\"@id\":\"https:\\\/\\\/dorogimedence.hu\\\/index.php\\\/2021\\\/10\\\/25\\\/cselenyak-imre-az-iro-is-elkezdi-valahogy\\\/#primaryimage\"},\"thumbnailUrl\":\"https:\\\/\\\/dorogimedence.hu\\\/wp-content\\\/uploads\\\/2019\\\/11\\\/cselenyak-05.jpg\",\"datePublished\":\"2021-10-25T11:40:27+00:00\",\"dateModified\":\"2021-10-25T11:40:38+00:00\",\"breadcrumb\":{\"@id\":\"https:\\\/\\\/dorogimedence.hu\\\/index.php\\\/2021\\\/10\\\/25\\\/cselenyak-imre-az-iro-is-elkezdi-valahogy\\\/#breadcrumb\"},\"inLanguage\":\"hu\",\"potentialAction\":[{\"@type\":\"ReadAction\",\"target\":[\"https:\\\/\\\/dorogimedence.hu\\\/index.php\\\/2021\\\/10\\\/25\\\/cselenyak-imre-az-iro-is-elkezdi-valahogy\\\/\"]}]},{\"@type\":\"ImageObject\",\"inLanguage\":\"hu\",\"@id\":\"https:\\\/\\\/dorogimedence.hu\\\/index.php\\\/2021\\\/10\\\/25\\\/cselenyak-imre-az-iro-is-elkezdi-valahogy\\\/#primaryimage\",\"url\":\"https:\\\/\\\/dorogimedence.hu\\\/wp-content\\\/uploads\\\/2019\\\/11\\\/cselenyak-05.jpg\",\"contentUrl\":\"https:\\\/\\\/dorogimedence.hu\\\/wp-content\\\/uploads\\\/2019\\\/11\\\/cselenyak-05.jpg\",\"width\":670,\"height\":365},{\"@type\":\"BreadcrumbList\",\"@id\":\"https:\\\/\\\/dorogimedence.hu\\\/index.php\\\/2021\\\/10\\\/25\\\/cselenyak-imre-az-iro-is-elkezdi-valahogy\\\/#breadcrumb\",\"itemListElement\":[{\"@type\":\"ListItem\",\"position\":1,\"name\":\"Kezd\u0151lap\",\"item\":\"https:\\\/\\\/dorogimedence.hu\\\/\"},{\"@type\":\"ListItem\",\"position\":2,\"name\":\"Cseleny\u00e1k Imre: az \u00edr\u00f3 is elkezdi valahogy\"}]},{\"@type\":\"WebSite\",\"@id\":\"https:\\\/\\\/dorogimedence.hu\\\/#website\",\"url\":\"https:\\\/\\\/dorogimedence.hu\\\/\",\"name\":\"Dorogi-medence Region\u00e1lis H\u00edrport\u00e1l\",\"description\":\"Dorog, Keszt\u00f6lc, Le\u00e1nyv\u00e1r, Piliscs\u00e9v, Tokod, Tokodalt\u00e1r\u00f3, Csolnok, Esztergom-kertv\u00e1ros: h\u00edrek, programok\",\"publisher\":{\"@id\":\"https:\\\/\\\/dorogimedence.hu\\\/#organization\"},\"potentialAction\":[{\"@type\":\"SearchAction\",\"target\":{\"@type\":\"EntryPoint\",\"urlTemplate\":\"https:\\\/\\\/dorogimedence.hu\\\/?s={search_term_string}\"},\"query-input\":{\"@type\":\"PropertyValueSpecification\",\"valueRequired\":true,\"valueName\":\"search_term_string\"}}],\"inLanguage\":\"hu\"},{\"@type\":\"Organization\",\"@id\":\"https:\\\/\\\/dorogimedence.hu\\\/#organization\",\"name\":\"Dorogi-medence Region\u00e1lis H\u00edrport\u00e1l\",\"url\":\"https:\\\/\\\/dorogimedence.hu\\\/\",\"logo\":{\"@type\":\"ImageObject\",\"inLanguage\":\"hu\",\"@id\":\"https:\\\/\\\/dorogimedence.hu\\\/#\\\/schema\\\/logo\\\/image\\\/\",\"url\":\"https:\\\/\\\/dorogimedence.hu\\\/wp-content\\\/uploads\\\/2021\\\/04\\\/logo-feher-600.png\",\"contentUrl\":\"https:\\\/\\\/dorogimedence.hu\\\/wp-content\\\/uploads\\\/2021\\\/04\\\/logo-feher-600.png\",\"width\":600,\"height\":100,\"caption\":\"Dorogi-medence Region\u00e1lis H\u00edrport\u00e1l\"},\"image\":{\"@id\":\"https:\\\/\\\/dorogimedence.hu\\\/#\\\/schema\\\/logo\\\/image\\\/\"},\"sameAs\":[\"https:\\\/\\\/www.facebook.com\\\/dorogimedence\\\/\"]},{\"@type\":\"Person\",\"@id\":\"https:\\\/\\\/dorogimedence.hu\\\/#\\\/schema\\\/person\\\/ce6091eeb7e95ecdc87890d6aa8e0fd4\",\"name\":\"dorogimedence.hu\",\"image\":{\"@type\":\"ImageObject\",\"inLanguage\":\"hu\",\"@id\":\"\\\/\\\/www.gravatar.com\\\/avatar\\\/d8d45f8901aadff40a4af72c0b826f1d?s=96&#038;r=g&#038;d=mm\",\"url\":\"\\\/\\\/www.gravatar.com\\\/avatar\\\/d8d45f8901aadff40a4af72c0b826f1d?s=96&#038;r=g&#038;d=mm\",\"contentUrl\":\"\\\/\\\/www.gravatar.com\\\/avatar\\\/d8d45f8901aadff40a4af72c0b826f1d?s=96&#038;r=g&#038;d=mm\",\"caption\":\"dorogimedence.hu\"}}]}<\/script>\n<!-- \/ Yoast SEO plugin. -->","yoast_head_json":{"title":"Cseleny\u00e1k Imre: az \u00edr\u00f3 is elkezdi valahogy","robots":{"index":"index","follow":"follow","max-snippet":"max-snippet:-1","max-image-preview":"max-image-preview:large","max-video-preview":"max-video-preview:-1"},"canonical":"https:\/\/dorogimedence.hu\/index.php\/2021\/10\/25\/cselenyak-imre-az-iro-is-elkezdi-valahogy\/","og_locale":"hu_HU","og_type":"article","og_title":"Cseleny\u00e1k Imre: az \u00edr\u00f3 is elkezdi valahogy","og_description":"Ahogyan sok m\u00e1s alkot\u00f3i tev\u00e9kenys\u00e9g elkezd\u00e9se, az \u00edr\u00f3 indul\u00e1sa is egy\u00fctt j\u00e1r az erre \u00e9p\u00edtett hiedelmekkel, s kialak\u00edt az emberekben valamif\u00e9le elk\u00e9pzel\u00e9st. Vajon pontosan tudj\u00e1k-e az irodalomkedvel\u0151k, az olvas\u00e1sszeret\u0151k, hogyan v\u00e1lik egy \u00e1tlagos ember \u2013 rem\u00e9lem ez nem s\u00e9rt\u00e9s \u2013 kedvelt reg\u00e9ny\u00edr\u00f3v\u00e1? Ennek a gondolatnak a ment\u00e9n faggatjuk rendhagy\u00f3 k\u00e9rd\u00e9sekkel a Dorogon \u00e9l\u0151 \u00e9s alkot\u00f3","og_url":"https:\/\/dorogimedence.hu\/index.php\/2021\/10\/25\/cselenyak-imre-az-iro-is-elkezdi-valahogy\/","og_site_name":"Dorogi-medence Region\u00e1lis H\u00edrport\u00e1l","article_publisher":"https:\/\/www.facebook.com\/dorogimedence\/","article_published_time":"2021-10-25T11:40:27+00:00","article_modified_time":"2021-10-25T11:40:38+00:00","og_image":[{"width":670,"height":365,"url":"https:\/\/i0.wp.com\/dorogimedence.hu\/wp-content\/uploads\/2019\/11\/cselenyak-05.jpg?fit=670%2C365&ssl=1","type":"image\/jpeg"}],"author":"dorogimedence.hu","twitter_card":"summary_large_image","twitter_misc":{"Szerz\u0151:":"dorogimedence.hu","Becs\u00fclt olvas\u00e1si id\u0151":"7 perc"},"schema":{"@context":"https:\/\/schema.org","@graph":[{"@type":"Article","@id":"https:\/\/dorogimedence.hu\/index.php\/2021\/10\/25\/cselenyak-imre-az-iro-is-elkezdi-valahogy\/#article","isPartOf":{"@id":"https:\/\/dorogimedence.hu\/index.php\/2021\/10\/25\/cselenyak-imre-az-iro-is-elkezdi-valahogy\/"},"author":{"name":"dorogimedence.hu","@id":"https:\/\/dorogimedence.hu\/#\/schema\/person\/ce6091eeb7e95ecdc87890d6aa8e0fd4"},"headline":"Cseleny\u00e1k Imre: az \u00edr\u00f3 is elkezdi valahogy","datePublished":"2021-10-25T11:40:27+00:00","dateModified":"2021-10-25T11:40:38+00:00","mainEntityOfPage":{"@id":"https:\/\/dorogimedence.hu\/index.php\/2021\/10\/25\/cselenyak-imre-az-iro-is-elkezdi-valahogy\/"},"wordCount":1362,"publisher":{"@id":"https:\/\/dorogimedence.hu\/#organization"},"image":{"@id":"https:\/\/dorogimedence.hu\/index.php\/2021\/10\/25\/cselenyak-imre-az-iro-is-elkezdi-valahogy\/#primaryimage"},"thumbnailUrl":"https:\/\/dorogimedence.hu\/wp-content\/uploads\/2019\/11\/cselenyak-05.jpg","keywords":["Cseleny\u00e1k Imre","dorogi \u00edr\u00f3","\u00edr\u00f3"],"articleSection":["Dorog","H\u00edrek"],"inLanguage":"hu"},{"@type":"WebPage","@id":"https:\/\/dorogimedence.hu\/index.php\/2021\/10\/25\/cselenyak-imre-az-iro-is-elkezdi-valahogy\/","url":"https:\/\/dorogimedence.hu\/index.php\/2021\/10\/25\/cselenyak-imre-az-iro-is-elkezdi-valahogy\/","name":"Cseleny\u00e1k Imre: az \u00edr\u00f3 is elkezdi valahogy","isPartOf":{"@id":"https:\/\/dorogimedence.hu\/#website"},"primaryImageOfPage":{"@id":"https:\/\/dorogimedence.hu\/index.php\/2021\/10\/25\/cselenyak-imre-az-iro-is-elkezdi-valahogy\/#primaryimage"},"image":{"@id":"https:\/\/dorogimedence.hu\/index.php\/2021\/10\/25\/cselenyak-imre-az-iro-is-elkezdi-valahogy\/#primaryimage"},"thumbnailUrl":"https:\/\/dorogimedence.hu\/wp-content\/uploads\/2019\/11\/cselenyak-05.jpg","datePublished":"2021-10-25T11:40:27+00:00","dateModified":"2021-10-25T11:40:38+00:00","breadcrumb":{"@id":"https:\/\/dorogimedence.hu\/index.php\/2021\/10\/25\/cselenyak-imre-az-iro-is-elkezdi-valahogy\/#breadcrumb"},"inLanguage":"hu","potentialAction":[{"@type":"ReadAction","target":["https:\/\/dorogimedence.hu\/index.php\/2021\/10\/25\/cselenyak-imre-az-iro-is-elkezdi-valahogy\/"]}]},{"@type":"ImageObject","inLanguage":"hu","@id":"https:\/\/dorogimedence.hu\/index.php\/2021\/10\/25\/cselenyak-imre-az-iro-is-elkezdi-valahogy\/#primaryimage","url":"https:\/\/dorogimedence.hu\/wp-content\/uploads\/2019\/11\/cselenyak-05.jpg","contentUrl":"https:\/\/dorogimedence.hu\/wp-content\/uploads\/2019\/11\/cselenyak-05.jpg","width":670,"height":365},{"@type":"BreadcrumbList","@id":"https:\/\/dorogimedence.hu\/index.php\/2021\/10\/25\/cselenyak-imre-az-iro-is-elkezdi-valahogy\/#breadcrumb","itemListElement":[{"@type":"ListItem","position":1,"name":"Kezd\u0151lap","item":"https:\/\/dorogimedence.hu\/"},{"@type":"ListItem","position":2,"name":"Cseleny\u00e1k Imre: az \u00edr\u00f3 is elkezdi valahogy"}]},{"@type":"WebSite","@id":"https:\/\/dorogimedence.hu\/#website","url":"https:\/\/dorogimedence.hu\/","name":"Dorogi-medence Region\u00e1lis H\u00edrport\u00e1l","description":"Dorog, Keszt\u00f6lc, Le\u00e1nyv\u00e1r, Piliscs\u00e9v, Tokod, Tokodalt\u00e1r\u00f3, Csolnok, Esztergom-kertv\u00e1ros: h\u00edrek, programok","publisher":{"@id":"https:\/\/dorogimedence.hu\/#organization"},"potentialAction":[{"@type":"SearchAction","target":{"@type":"EntryPoint","urlTemplate":"https:\/\/dorogimedence.hu\/?s={search_term_string}"},"query-input":{"@type":"PropertyValueSpecification","valueRequired":true,"valueName":"search_term_string"}}],"inLanguage":"hu"},{"@type":"Organization","@id":"https:\/\/dorogimedence.hu\/#organization","name":"Dorogi-medence Region\u00e1lis H\u00edrport\u00e1l","url":"https:\/\/dorogimedence.hu\/","logo":{"@type":"ImageObject","inLanguage":"hu","@id":"https:\/\/dorogimedence.hu\/#\/schema\/logo\/image\/","url":"https:\/\/dorogimedence.hu\/wp-content\/uploads\/2021\/04\/logo-feher-600.png","contentUrl":"https:\/\/dorogimedence.hu\/wp-content\/uploads\/2021\/04\/logo-feher-600.png","width":600,"height":100,"caption":"Dorogi-medence Region\u00e1lis H\u00edrport\u00e1l"},"image":{"@id":"https:\/\/dorogimedence.hu\/#\/schema\/logo\/image\/"},"sameAs":["https:\/\/www.facebook.com\/dorogimedence\/"]},{"@type":"Person","@id":"https:\/\/dorogimedence.hu\/#\/schema\/person\/ce6091eeb7e95ecdc87890d6aa8e0fd4","name":"dorogimedence.hu","image":{"@type":"ImageObject","inLanguage":"hu","@id":"\/\/www.gravatar.com\/avatar\/d8d45f8901aadff40a4af72c0b826f1d?s=96&#038;r=g&#038;d=mm","url":"\/\/www.gravatar.com\/avatar\/d8d45f8901aadff40a4af72c0b826f1d?s=96&#038;r=g&#038;d=mm","contentUrl":"\/\/www.gravatar.com\/avatar\/d8d45f8901aadff40a4af72c0b826f1d?s=96&#038;r=g&#038;d=mm","caption":"dorogimedence.hu"}}]}},"_links":{"self":[{"href":"https:\/\/dorogimedence.hu\/index.php\/wp-json\/wp\/v2\/posts\/38011","targetHints":{"allow":["GET"]}}],"collection":[{"href":"https:\/\/dorogimedence.hu\/index.php\/wp-json\/wp\/v2\/posts"}],"about":[{"href":"https:\/\/dorogimedence.hu\/index.php\/wp-json\/wp\/v2\/types\/post"}],"author":[{"embeddable":true,"href":"https:\/\/dorogimedence.hu\/index.php\/wp-json\/wp\/v2\/users\/1"}],"replies":[{"embeddable":true,"href":"https:\/\/dorogimedence.hu\/index.php\/wp-json\/wp\/v2\/comments?post=38011"}],"version-history":[{"count":0,"href":"https:\/\/dorogimedence.hu\/index.php\/wp-json\/wp\/v2\/posts\/38011\/revisions"}],"wp:featuredmedia":[{"embeddable":true,"href":"https:\/\/dorogimedence.hu\/index.php\/wp-json\/wp\/v2\/media\/20976"}],"wp:attachment":[{"href":"https:\/\/dorogimedence.hu\/index.php\/wp-json\/wp\/v2\/media?parent=38011"}],"wp:term":[{"taxonomy":"category","embeddable":true,"href":"https:\/\/dorogimedence.hu\/index.php\/wp-json\/wp\/v2\/categories?post=38011"},{"taxonomy":"post_tag","embeddable":true,"href":"https:\/\/dorogimedence.hu\/index.php\/wp-json\/wp\/v2\/tags?post=38011"}],"curies":[{"name":"wp","href":"https:\/\/api.w.org\/{rel}","templated":true}]}}