{"id":37560,"date":"2021-10-12T11:10:30","date_gmt":"2021-10-12T09:10:30","guid":{"rendered":"https:\/\/dorogimedence.hu\/?p=37560"},"modified":"2021-10-12T11:15:53","modified_gmt":"2021-10-12T09:15:53","slug":"jubilal-a-tesco-on-valaszt-mi-segitunk","status":"publish","type":"post","link":"https:\/\/dorogimedence.hu\/index.php\/2021\/10\/12\/jubilal-a-tesco-on-valaszt-mi-segitunk\/","title":{"rendered":"Jubil\u00e1l a Tesco \u201e\u00d6n v\u00e1laszt, mi seg\u00edt\u00fcnk\u201d"},"content":{"rendered":"<p><strong>A Tesco tizedik alkalommal hirdeti meg a helyi k\u00f6z\u00f6ss\u00e9gi kezdem\u00e9nyez\u00e9seket t\u00e1mogat\u00f3 \u201e\u00d6n v\u00e1laszt, mi seg\u00edt\u00fcnk\u201d c\u00edm\u0171 p\u00e1ly\u00e1zati programot.<\/strong><\/p>\n<p>A tizedik fordul\u00f3ban a Tesco \u00fajabb mintegy 180 p\u00e1ly\u00e1zatot fog t\u00e1mogatni \u00f6sszesen 42 milli\u00f3 forinttal. A legkreat\u00edvabb, leginnovat\u00edvabb p\u00e1ly\u00e1zat ez\u00fattal is 400 000 forintos k\u00fcl\u00f6nd\u00edjban r\u00e9szes\u00fcl, \u00e9s a jelentkez\u0151k a j\u00e1rv\u00e1ny elleni v\u00e9dekez\u00e9shez sz\u00fcks\u00e9ges eszk\u00f6z\u00f6k, felszerel\u00e9sek beszerz\u00e9s\u00e9nek p\u00e9nz\u00fcgyi t\u00e1mogat\u00e1s\u00e1ra is p\u00e1ly\u00e1zhatnak. A Tesco a civil szervezetek jelentkez\u00e9s\u00e9t 2021. november 12-ig v\u00e1rja a <span style=\"text-decoration: underline; color: #0000ff;\"><a style=\"color: #0000ff; text-decoration: underline;\" href=\"http:\/\/www.tesco.hu\/kozosseg\" target=\"_blank\" rel=\"noopener\">www.tesco.hu\/kozosseg<\/a><\/span>&nbsp;weboldalon kereszt\u00fcl.<\/p>\n<p>A Tesco sz\u00e1m\u00e1ra fontos, hogy min\u00e9l t\u00f6bbet visszaadjon azoknak a k\u00f6z\u00f6ss\u00e9geknek, ahol v\u00e1s\u00e1rl\u00f3i \u00e9s munkat\u00e1rsai \u00e9lnek, ez\u00e9rt is h\u00edvta \u00e9letre 2016-ban az \u201e\u00d6n v\u00e1laszt, mi seg\u00edt\u00fcnk\u201d p\u00e1ly\u00e1zati programj\u00e1t. Az \u00e1ruh\u00e1zl\u00e1nc id\u00e9n imm\u00e1r tizedik alkalommal \u00edrta ki a p\u00e1ly\u00e1zatot, amelyre olyan helyi szervezetek, bar\u00e1ti k\u00f6z\u00f6ss\u00e9gek, alap\u00edtv\u00e1nnyal nem rendelkez\u0151 b\u00f6lcs\u0151d\u00e9k, \u00f3vod\u00e1k \u00e9s iskol\u00e1k, tov\u00e1bb\u00e1 nonprofit kis- \u00e9s k\u00f6z\u00e9pv\u00e1llalkoz\u00e1sok, t\u00e1rsash\u00e1zak \u00e9s lak\u00e1ssz\u00f6vetkezetek jelentkez\u00e9s\u00e9t v\u00e1rj\u00e1k, akik kezdem\u00e9nyez\u00e9s\u00fckkel a helyi k\u00f6z\u00f6ss\u00e9g \u00e9let\u00e9nek fejl\u0151d\u00e9s\u00e9hez szeretn\u00e9nek hozz\u00e1j\u00e1rulni. Legyen az ak\u00e1r egy k\u00f6z\u00f6s t\u00e9r fel\u00faj\u00edt\u00e1sa, \u00e1llatv\u00e9delmi, m\u0171v\u00e9szeti, hagyom\u00e1ny\u0151rz\u0151, eduk\u00e1ci\u00f3s, k\u00f6rnyezetv\u00e9delmi vagy ter\u00e1pi\u00e1s, esetleg j\u00f3t\u00e9konys\u00e1gi program a r\u00e1szorul\u00f3k megseg\u00edt\u00e9s\u00e9re.<\/p>\n<p>A Tesco id\u00e9n is fogad t\u00e1mogat\u00e1si jelentkez\u00e9seket a \u201eCOVID eg\u00e9szs\u00e9g\u00fcgyi kezdem\u00e9nyez\u00e9sek\u201d kateg\u00f3ri\u00e1ban, melyben fert\u0151tlen\u00edt\u0151szerek, higi\u00e9niai eszk\u00f6z\u00f6k, valamint egy\u00e9b, a biztons\u00e1got \u00e9s eg\u00e9szs\u00e9gmeg\u0151rz\u00e9st t\u00e1mogat\u00f3 felszerel\u00e9sek, p\u00e9ld\u00e1ul maszkok, gumikeszty\u0171k beszerz\u00e9s\u00e9hez kaphatnak anyagi t\u00e1mogat\u00e1st a p\u00e1ly\u00e1z\u00f3k. Emellett a szervezetek a r\u00e1szorul\u00f3 csoportok ment\u00e1lis eg\u00e9szs\u00e9g\u00e9r\u0151l val\u00f3 gondoskod\u00e1st c\u00e9lz\u00f3 kezdem\u00e9nyez\u00e9sekkel (pl. kr\u00edzisvonal \u00fczemeltet\u00e9se), illetve az eg\u00e9szs\u00e9g\u00fcgyi ell\u00e1t\u00f3rendszert \u00e9s az eg\u00e9szs\u00e9g\u00fcgyi dolgoz\u00f3kat seg\u00edt\u0151 projektekkel is p\u00e1ly\u00e1zhatnak.<\/p>\n<p><strong>A Tesco eddig 322 milli\u00f3 forintot ford\u00edtott t\u00f6bb mint 1200 p\u00e1ly\u00e1zat t\u00e1mogat\u00e1s\u00e1ra, \u00edgy olyan egyedi \u00f6tletek is val\u00f3ra v\u00e1lhattak, mint a lovagkort feleleven\u00edt\u0151 gyerekt\u00e1bor, stresszkezel\u00e9ssel foglalkoz\u00f3 tan\u00f3r\u00e1k, interakt\u00edv drogprevenci\u00f3s ki\u00e1ll\u00edt\u00e1s vagy az alternat\u00edv oktat\u00e1st lehet\u0151v\u00e9 t\u00e9v\u0151 rock-, k\u00f3rh\u00e1z- \u00e9s szabadt\u00e9ri suli.<\/strong><\/p>\n<p>Az aktu\u00e1lis fordul\u00f3ban november 12-ig lehet jelentkezni a program weboldal\u00e1n kereszt\u00fcl. A be\u00e9rkezett p\u00e1ly\u00e1zatokat ez\u00fattal is az Effekteam Egyes\u00fclet f\u00fcggetlen szak\u00e9rt\u0151i b\u00edr\u00e1lj\u00e1k el, valamint v\u00e1lasztj\u00e1k ki, hogy mely kezdem\u00e9nyez\u00e9sek juthatnak tov\u00e1bb az \u00e1ruh\u00e1zi szavaz\u00e1si szakaszba. Ekkor m\u00e1r a Tesco v\u00e1s\u00e1rl\u00f3inak kez\u00e9ben lesz a d\u00f6nt\u00e9s, akik 2022. janu\u00e1r 17. \u00e9s febru\u00e1r 13. k\u00f6z\u00f6tt voksaikkal d\u00f6nthetnek arr\u00f3l, hogy melyik kezdem\u00e9nyez\u00e9s kapja a 400 ezer, a 200 ezer, valamint a 100 ezer forintos t\u00e1mogat\u00e1st. A f\u00fcggetlen szak\u00e9rt\u0151k szakmai szempontok (kidolgozotts\u00e1g, innovativit\u00e1s, kreativit\u00e1s \u00e9s fenntarthat\u00f3s\u00e1g) alapj\u00e1n egy p\u00e1ly\u00e1z\u00f3t tov\u00e1bbi 400 ezer forint k\u00fcl\u00f6nd\u00edjra javasolnak, amelynek nyertes\u00e9t a szavaz\u00e1si id\u0151szak elindul\u00e1s\u00e1val egyid\u0151ben hirdeti ki a Tesco. A p\u00e1ly\u00e1zati t\u00e9ma kiv\u00e1laszt\u00e1s\u00e1n\u00e1l \u00e9s az anyag \u00f6ssze\u00e1ll\u00edt\u00e1s\u00e1n\u00e1l ez\u00e9rt \u00e9rdemes figyelembe venni ezt a plusz t\u00e1mogat\u00e1si lehet\u0151s\u00e9get is.<\/p>\n<p><strong>A jelentkez\u00e9ssel, valamint a kor\u00e1bbi gy\u0151ztes p\u00e1ly\u00e1zatokkal kapcsolatos tov\u00e1bbi inform\u00e1ci\u00f3 a&nbsp;<\/strong><span style=\"text-decoration: underline;\"><span style=\"color: #0000ff;\"><a style=\"color: #0000ff;\" href=\"http:\/\/www.tesco.hu\/kozosseg\" target=\"_blank\" rel=\"noopener\"><strong>www.tesco.hu\/kozosseg<\/strong><\/a><\/span><\/span><strong>&nbsp;oldalon olvashat\u00f3. Az \u201e\u00d6n v\u00e1laszt, mi seg\u00edt\u00fcnk\u201d program t\u00e1mogat\u00e1s\u00e1b\u00f3l megval\u00f3sult projekteket&nbsp;<\/strong><span style=\"text-decoration: underline; color: #0000ff;\"><a style=\"color: #0000ff;\" href=\"https:\/\/www.google.hu\/maps\/@47.1291529,19.529231,8z\/data=!3m1!4b1!4m2!6m1!1s1nmC4w5gG57yKoSq9rbNA6QWEGzUQJyTf?authuser=1\" target=\"_blank\" rel=\"noopener\"><strong>ezen a t\u00e9rk\u00e9pen<\/strong><\/a><\/span><strong>&nbsp;lehet megtekinteni.<\/strong><\/p>\n","protected":false},"excerpt":{"rendered":"<p>A Tesco tizedik alkalommal hirdeti meg a helyi k\u00f6z\u00f6ss\u00e9gi kezdem\u00e9nyez\u00e9seket t\u00e1mogat\u00f3 \u201e\u00d6n v\u00e1laszt, mi seg\u00edt\u00fcnk\u201d c\u00edm\u0171 p\u00e1ly\u00e1zati programot. A tizedik fordul\u00f3ban a Tesco \u00fajabb mintegy 180 p\u00e1ly\u00e1zatot fog t\u00e1mogatni \u00f6sszesen 42 milli\u00f3 forinttal. A legkreat\u00edvabb, leginnovat\u00edvabb p\u00e1ly\u00e1zat ez\u00fattal is 400 000 forintos k\u00fcl\u00f6nd\u00edjban r\u00e9szes\u00fcl, \u00e9s a jelentkez\u0151k a j\u00e1rv\u00e1ny elleni v\u00e9dekez\u00e9shez sz\u00fcks\u00e9ges eszk\u00f6z\u00f6k, felszerel\u00e9sek beszerz\u00e9s\u00e9nek<\/p>\n","protected":false},"author":1,"featured_media":35675,"comment_status":"closed","ping_status":"closed","sticky":false,"template":"","format":"standard","meta":{"ngg_post_thumbnail":0,"footnotes":""},"categories":[3],"tags":[4746,74,2557],"class_list":{"0":"post-37560","1":"post","2":"type-post","3":"status-publish","4":"format-standard","5":"has-post-thumbnail","7":"category-hirek","8":"tag-on-valaszt-mi-segitunk","9":"tag-palyazat","10":"tag-tesco"},"yoast_head":"<!-- This site is optimized with the Yoast SEO plugin v27.4 - https:\/\/yoast.com\/product\/yoast-seo-wordpress\/ -->\n<title>Jubil\u00e1l a Tesco \u201e\u00d6n v\u00e1laszt, mi seg\u00edt\u00fcnk\u201d<\/title>\n<meta name=\"robots\" content=\"index, follow, max-snippet:-1, max-image-preview:large, max-video-preview:-1\" \/>\n<link rel=\"canonical\" href=\"https:\/\/dorogimedence.hu\/index.php\/2021\/10\/12\/jubilal-a-tesco-on-valaszt-mi-segitunk\/\" class=\"yoast-seo-meta-tag\" \/>\n<meta property=\"og:locale\" content=\"hu_HU\" class=\"yoast-seo-meta-tag\" \/>\n<meta property=\"og:type\" content=\"article\" class=\"yoast-seo-meta-tag\" \/>\n<meta property=\"og:title\" content=\"Jubil\u00e1l a Tesco \u201e\u00d6n v\u00e1laszt, mi seg\u00edt\u00fcnk\u201d\" class=\"yoast-seo-meta-tag\" \/>\n<meta property=\"og:description\" content=\"A Tesco tizedik alkalommal hirdeti meg a helyi k\u00f6z\u00f6ss\u00e9gi kezdem\u00e9nyez\u00e9seket t\u00e1mogat\u00f3 \u201e\u00d6n v\u00e1laszt, mi seg\u00edt\u00fcnk\u201d c\u00edm\u0171 p\u00e1ly\u00e1zati programot. A tizedik fordul\u00f3ban a Tesco \u00fajabb mintegy 180 p\u00e1ly\u00e1zatot fog t\u00e1mogatni \u00f6sszesen 42 milli\u00f3 forinttal. A legkreat\u00edvabb, leginnovat\u00edvabb p\u00e1ly\u00e1zat ez\u00fattal is 400 000 forintos k\u00fcl\u00f6nd\u00edjban r\u00e9szes\u00fcl, \u00e9s a jelentkez\u0151k a j\u00e1rv\u00e1ny elleni v\u00e9dekez\u00e9shez sz\u00fcks\u00e9ges eszk\u00f6z\u00f6k, felszerel\u00e9sek beszerz\u00e9s\u00e9nek\" class=\"yoast-seo-meta-tag\" \/>\n<meta property=\"og:url\" content=\"https:\/\/dorogimedence.hu\/index.php\/2021\/10\/12\/jubilal-a-tesco-on-valaszt-mi-segitunk\/\" class=\"yoast-seo-meta-tag\" \/>\n<meta property=\"og:site_name\" content=\"Dorogi-medence Region\u00e1lis H\u00edrport\u00e1l\" class=\"yoast-seo-meta-tag\" \/>\n<meta property=\"article:publisher\" content=\"https:\/\/www.facebook.com\/dorogimedence\/\" class=\"yoast-seo-meta-tag\" \/>\n<meta property=\"article:published_time\" content=\"2021-10-12T09:10:30+00:00\" class=\"yoast-seo-meta-tag\" \/>\n<meta property=\"article:modified_time\" content=\"2021-10-12T09:15:53+00:00\" class=\"yoast-seo-meta-tag\" \/>\n<meta property=\"og:image\" content=\"https:\/\/i0.wp.com\/dorogimedence.hu\/wp-content\/uploads\/2021\/08\/tesco-on-valaszt.jpg?fit=1920%2C1080&ssl=1\" class=\"yoast-seo-meta-tag\" \/>\n\t<meta property=\"og:image:width\" content=\"1920\" class=\"yoast-seo-meta-tag\" \/>\n\t<meta property=\"og:image:height\" content=\"1080\" class=\"yoast-seo-meta-tag\" \/>\n\t<meta property=\"og:image:type\" content=\"image\/jpeg\" class=\"yoast-seo-meta-tag\" \/>\n<meta name=\"author\" content=\"dorogimedence.hu\" class=\"yoast-seo-meta-tag\" \/>\n<meta name=\"twitter:card\" content=\"summary_large_image\" class=\"yoast-seo-meta-tag\" \/>\n<meta name=\"twitter:label1\" content=\"Szerz\u0151:\" class=\"yoast-seo-meta-tag\" \/>\n\t<meta name=\"twitter:data1\" content=\"dorogimedence.hu\" class=\"yoast-seo-meta-tag\" \/>\n\t<meta name=\"twitter:label2\" content=\"Becs\u00fclt olvas\u00e1si id\u0151\" class=\"yoast-seo-meta-tag\" \/>\n\t<meta name=\"twitter:data2\" content=\"4 perc\" class=\"yoast-seo-meta-tag\" \/>\n<script type=\"application\/ld+json\" class=\"yoast-schema-graph\">{\"@context\":\"https:\\\/\\\/schema.org\",\"@graph\":[{\"@type\":\"Article\",\"@id\":\"https:\\\/\\\/dorogimedence.hu\\\/index.php\\\/2021\\\/10\\\/12\\\/jubilal-a-tesco-on-valaszt-mi-segitunk\\\/#article\",\"isPartOf\":{\"@id\":\"https:\\\/\\\/dorogimedence.hu\\\/index.php\\\/2021\\\/10\\\/12\\\/jubilal-a-tesco-on-valaszt-mi-segitunk\\\/\"},\"author\":{\"name\":\"dorogimedence.hu\",\"@id\":\"https:\\\/\\\/dorogimedence.hu\\\/#\\\/schema\\\/person\\\/ce6091eeb7e95ecdc87890d6aa8e0fd4\"},\"headline\":\"Jubil\u00e1l a Tesco \u201e\u00d6n v\u00e1laszt, mi seg\u00edt\u00fcnk\u201d\",\"datePublished\":\"2021-10-12T09:10:30+00:00\",\"dateModified\":\"2021-10-12T09:15:53+00:00\",\"mainEntityOfPage\":{\"@id\":\"https:\\\/\\\/dorogimedence.hu\\\/index.php\\\/2021\\\/10\\\/12\\\/jubilal-a-tesco-on-valaszt-mi-segitunk\\\/\"},\"wordCount\":736,\"publisher\":{\"@id\":\"https:\\\/\\\/dorogimedence.hu\\\/#organization\"},\"image\":{\"@id\":\"https:\\\/\\\/dorogimedence.hu\\\/index.php\\\/2021\\\/10\\\/12\\\/jubilal-a-tesco-on-valaszt-mi-segitunk\\\/#primaryimage\"},\"thumbnailUrl\":\"https:\\\/\\\/dorogimedence.hu\\\/wp-content\\\/uploads\\\/2021\\\/08\\\/tesco-on-valaszt.jpg\",\"keywords\":[\"\u00d6n v\u00e1laszt mi seg\u00edt\u00fcnk\",\"p\u00e1ly\u00e1zat\",\"TESCO\"],\"articleSection\":[\"H\u00edrek\"],\"inLanguage\":\"hu\"},{\"@type\":\"WebPage\",\"@id\":\"https:\\\/\\\/dorogimedence.hu\\\/index.php\\\/2021\\\/10\\\/12\\\/jubilal-a-tesco-on-valaszt-mi-segitunk\\\/\",\"url\":\"https:\\\/\\\/dorogimedence.hu\\\/index.php\\\/2021\\\/10\\\/12\\\/jubilal-a-tesco-on-valaszt-mi-segitunk\\\/\",\"name\":\"Jubil\u00e1l a Tesco \u201e\u00d6n v\u00e1laszt, mi seg\u00edt\u00fcnk\u201d\",\"isPartOf\":{\"@id\":\"https:\\\/\\\/dorogimedence.hu\\\/#website\"},\"primaryImageOfPage\":{\"@id\":\"https:\\\/\\\/dorogimedence.hu\\\/index.php\\\/2021\\\/10\\\/12\\\/jubilal-a-tesco-on-valaszt-mi-segitunk\\\/#primaryimage\"},\"image\":{\"@id\":\"https:\\\/\\\/dorogimedence.hu\\\/index.php\\\/2021\\\/10\\\/12\\\/jubilal-a-tesco-on-valaszt-mi-segitunk\\\/#primaryimage\"},\"thumbnailUrl\":\"https:\\\/\\\/dorogimedence.hu\\\/wp-content\\\/uploads\\\/2021\\\/08\\\/tesco-on-valaszt.jpg\",\"datePublished\":\"2021-10-12T09:10:30+00:00\",\"dateModified\":\"2021-10-12T09:15:53+00:00\",\"breadcrumb\":{\"@id\":\"https:\\\/\\\/dorogimedence.hu\\\/index.php\\\/2021\\\/10\\\/12\\\/jubilal-a-tesco-on-valaszt-mi-segitunk\\\/#breadcrumb\"},\"inLanguage\":\"hu\",\"potentialAction\":[{\"@type\":\"ReadAction\",\"target\":[\"https:\\\/\\\/dorogimedence.hu\\\/index.php\\\/2021\\\/10\\\/12\\\/jubilal-a-tesco-on-valaszt-mi-segitunk\\\/\"]}]},{\"@type\":\"ImageObject\",\"inLanguage\":\"hu\",\"@id\":\"https:\\\/\\\/dorogimedence.hu\\\/index.php\\\/2021\\\/10\\\/12\\\/jubilal-a-tesco-on-valaszt-mi-segitunk\\\/#primaryimage\",\"url\":\"https:\\\/\\\/dorogimedence.hu\\\/wp-content\\\/uploads\\\/2021\\\/08\\\/tesco-on-valaszt.jpg\",\"contentUrl\":\"https:\\\/\\\/dorogimedence.hu\\\/wp-content\\\/uploads\\\/2021\\\/08\\\/tesco-on-valaszt.jpg\",\"width\":1920,\"height\":1080},{\"@type\":\"BreadcrumbList\",\"@id\":\"https:\\\/\\\/dorogimedence.hu\\\/index.php\\\/2021\\\/10\\\/12\\\/jubilal-a-tesco-on-valaszt-mi-segitunk\\\/#breadcrumb\",\"itemListElement\":[{\"@type\":\"ListItem\",\"position\":1,\"name\":\"Kezd\u0151lap\",\"item\":\"https:\\\/\\\/dorogimedence.hu\\\/\"},{\"@type\":\"ListItem\",\"position\":2,\"name\":\"Jubil\u00e1l a Tesco \u201e\u00d6n v\u00e1laszt, mi seg\u00edt\u00fcnk\u201d\"}]},{\"@type\":\"WebSite\",\"@id\":\"https:\\\/\\\/dorogimedence.hu\\\/#website\",\"url\":\"https:\\\/\\\/dorogimedence.hu\\\/\",\"name\":\"Dorogi-medence Region\u00e1lis H\u00edrport\u00e1l\",\"description\":\"Dorog, Keszt\u00f6lc, Le\u00e1nyv\u00e1r, Piliscs\u00e9v, Tokod, Tokodalt\u00e1r\u00f3, Csolnok, Esztergom-kertv\u00e1ros: h\u00edrek, programok\",\"publisher\":{\"@id\":\"https:\\\/\\\/dorogimedence.hu\\\/#organization\"},\"potentialAction\":[{\"@type\":\"SearchAction\",\"target\":{\"@type\":\"EntryPoint\",\"urlTemplate\":\"https:\\\/\\\/dorogimedence.hu\\\/?s={search_term_string}\"},\"query-input\":{\"@type\":\"PropertyValueSpecification\",\"valueRequired\":true,\"valueName\":\"search_term_string\"}}],\"inLanguage\":\"hu\"},{\"@type\":\"Organization\",\"@id\":\"https:\\\/\\\/dorogimedence.hu\\\/#organization\",\"name\":\"Dorogi-medence Region\u00e1lis H\u00edrport\u00e1l\",\"url\":\"https:\\\/\\\/dorogimedence.hu\\\/\",\"logo\":{\"@type\":\"ImageObject\",\"inLanguage\":\"hu\",\"@id\":\"https:\\\/\\\/dorogimedence.hu\\\/#\\\/schema\\\/logo\\\/image\\\/\",\"url\":\"https:\\\/\\\/dorogimedence.hu\\\/wp-content\\\/uploads\\\/2021\\\/04\\\/logo-feher-600.png\",\"contentUrl\":\"https:\\\/\\\/dorogimedence.hu\\\/wp-content\\\/uploads\\\/2021\\\/04\\\/logo-feher-600.png\",\"width\":600,\"height\":100,\"caption\":\"Dorogi-medence Region\u00e1lis H\u00edrport\u00e1l\"},\"image\":{\"@id\":\"https:\\\/\\\/dorogimedence.hu\\\/#\\\/schema\\\/logo\\\/image\\\/\"},\"sameAs\":[\"https:\\\/\\\/www.facebook.com\\\/dorogimedence\\\/\"]},{\"@type\":\"Person\",\"@id\":\"https:\\\/\\\/dorogimedence.hu\\\/#\\\/schema\\\/person\\\/ce6091eeb7e95ecdc87890d6aa8e0fd4\",\"name\":\"dorogimedence.hu\",\"image\":{\"@type\":\"ImageObject\",\"inLanguage\":\"hu\",\"@id\":\"\\\/\\\/www.gravatar.com\\\/avatar\\\/d8d45f8901aadff40a4af72c0b826f1d?s=96&#038;r=g&#038;d=mm\",\"url\":\"\\\/\\\/www.gravatar.com\\\/avatar\\\/d8d45f8901aadff40a4af72c0b826f1d?s=96&#038;r=g&#038;d=mm\",\"contentUrl\":\"\\\/\\\/www.gravatar.com\\\/avatar\\\/d8d45f8901aadff40a4af72c0b826f1d?s=96&#038;r=g&#038;d=mm\",\"caption\":\"dorogimedence.hu\"}}]}<\/script>\n<!-- \/ Yoast SEO plugin. -->","yoast_head_json":{"title":"Jubil\u00e1l a Tesco \u201e\u00d6n v\u00e1laszt, mi seg\u00edt\u00fcnk\u201d","robots":{"index":"index","follow":"follow","max-snippet":"max-snippet:-1","max-image-preview":"max-image-preview:large","max-video-preview":"max-video-preview:-1"},"canonical":"https:\/\/dorogimedence.hu\/index.php\/2021\/10\/12\/jubilal-a-tesco-on-valaszt-mi-segitunk\/","og_locale":"hu_HU","og_type":"article","og_title":"Jubil\u00e1l a Tesco \u201e\u00d6n v\u00e1laszt, mi seg\u00edt\u00fcnk\u201d","og_description":"A Tesco tizedik alkalommal hirdeti meg a helyi k\u00f6z\u00f6ss\u00e9gi kezdem\u00e9nyez\u00e9seket t\u00e1mogat\u00f3 \u201e\u00d6n v\u00e1laszt, mi seg\u00edt\u00fcnk\u201d c\u00edm\u0171 p\u00e1ly\u00e1zati programot. A tizedik fordul\u00f3ban a Tesco \u00fajabb mintegy 180 p\u00e1ly\u00e1zatot fog t\u00e1mogatni \u00f6sszesen 42 milli\u00f3 forinttal. A legkreat\u00edvabb, leginnovat\u00edvabb p\u00e1ly\u00e1zat ez\u00fattal is 400 000 forintos k\u00fcl\u00f6nd\u00edjban r\u00e9szes\u00fcl, \u00e9s a jelentkez\u0151k a j\u00e1rv\u00e1ny elleni v\u00e9dekez\u00e9shez sz\u00fcks\u00e9ges eszk\u00f6z\u00f6k, felszerel\u00e9sek beszerz\u00e9s\u00e9nek","og_url":"https:\/\/dorogimedence.hu\/index.php\/2021\/10\/12\/jubilal-a-tesco-on-valaszt-mi-segitunk\/","og_site_name":"Dorogi-medence Region\u00e1lis H\u00edrport\u00e1l","article_publisher":"https:\/\/www.facebook.com\/dorogimedence\/","article_published_time":"2021-10-12T09:10:30+00:00","article_modified_time":"2021-10-12T09:15:53+00:00","og_image":[{"width":1920,"height":1080,"url":"https:\/\/i0.wp.com\/dorogimedence.hu\/wp-content\/uploads\/2021\/08\/tesco-on-valaszt.jpg?fit=1920%2C1080&ssl=1","type":"image\/jpeg"}],"author":"dorogimedence.hu","twitter_card":"summary_large_image","twitter_misc":{"Szerz\u0151:":"dorogimedence.hu","Becs\u00fclt olvas\u00e1si id\u0151":"4 perc"},"schema":{"@context":"https:\/\/schema.org","@graph":[{"@type":"Article","@id":"https:\/\/dorogimedence.hu\/index.php\/2021\/10\/12\/jubilal-a-tesco-on-valaszt-mi-segitunk\/#article","isPartOf":{"@id":"https:\/\/dorogimedence.hu\/index.php\/2021\/10\/12\/jubilal-a-tesco-on-valaszt-mi-segitunk\/"},"author":{"name":"dorogimedence.hu","@id":"https:\/\/dorogimedence.hu\/#\/schema\/person\/ce6091eeb7e95ecdc87890d6aa8e0fd4"},"headline":"Jubil\u00e1l a Tesco \u201e\u00d6n v\u00e1laszt, mi seg\u00edt\u00fcnk\u201d","datePublished":"2021-10-12T09:10:30+00:00","dateModified":"2021-10-12T09:15:53+00:00","mainEntityOfPage":{"@id":"https:\/\/dorogimedence.hu\/index.php\/2021\/10\/12\/jubilal-a-tesco-on-valaszt-mi-segitunk\/"},"wordCount":736,"publisher":{"@id":"https:\/\/dorogimedence.hu\/#organization"},"image":{"@id":"https:\/\/dorogimedence.hu\/index.php\/2021\/10\/12\/jubilal-a-tesco-on-valaszt-mi-segitunk\/#primaryimage"},"thumbnailUrl":"https:\/\/dorogimedence.hu\/wp-content\/uploads\/2021\/08\/tesco-on-valaszt.jpg","keywords":["\u00d6n v\u00e1laszt mi seg\u00edt\u00fcnk","p\u00e1ly\u00e1zat","TESCO"],"articleSection":["H\u00edrek"],"inLanguage":"hu"},{"@type":"WebPage","@id":"https:\/\/dorogimedence.hu\/index.php\/2021\/10\/12\/jubilal-a-tesco-on-valaszt-mi-segitunk\/","url":"https:\/\/dorogimedence.hu\/index.php\/2021\/10\/12\/jubilal-a-tesco-on-valaszt-mi-segitunk\/","name":"Jubil\u00e1l a Tesco \u201e\u00d6n v\u00e1laszt, mi seg\u00edt\u00fcnk\u201d","isPartOf":{"@id":"https:\/\/dorogimedence.hu\/#website"},"primaryImageOfPage":{"@id":"https:\/\/dorogimedence.hu\/index.php\/2021\/10\/12\/jubilal-a-tesco-on-valaszt-mi-segitunk\/#primaryimage"},"image":{"@id":"https:\/\/dorogimedence.hu\/index.php\/2021\/10\/12\/jubilal-a-tesco-on-valaszt-mi-segitunk\/#primaryimage"},"thumbnailUrl":"https:\/\/dorogimedence.hu\/wp-content\/uploads\/2021\/08\/tesco-on-valaszt.jpg","datePublished":"2021-10-12T09:10:30+00:00","dateModified":"2021-10-12T09:15:53+00:00","breadcrumb":{"@id":"https:\/\/dorogimedence.hu\/index.php\/2021\/10\/12\/jubilal-a-tesco-on-valaszt-mi-segitunk\/#breadcrumb"},"inLanguage":"hu","potentialAction":[{"@type":"ReadAction","target":["https:\/\/dorogimedence.hu\/index.php\/2021\/10\/12\/jubilal-a-tesco-on-valaszt-mi-segitunk\/"]}]},{"@type":"ImageObject","inLanguage":"hu","@id":"https:\/\/dorogimedence.hu\/index.php\/2021\/10\/12\/jubilal-a-tesco-on-valaszt-mi-segitunk\/#primaryimage","url":"https:\/\/dorogimedence.hu\/wp-content\/uploads\/2021\/08\/tesco-on-valaszt.jpg","contentUrl":"https:\/\/dorogimedence.hu\/wp-content\/uploads\/2021\/08\/tesco-on-valaszt.jpg","width":1920,"height":1080},{"@type":"BreadcrumbList","@id":"https:\/\/dorogimedence.hu\/index.php\/2021\/10\/12\/jubilal-a-tesco-on-valaszt-mi-segitunk\/#breadcrumb","itemListElement":[{"@type":"ListItem","position":1,"name":"Kezd\u0151lap","item":"https:\/\/dorogimedence.hu\/"},{"@type":"ListItem","position":2,"name":"Jubil\u00e1l a Tesco \u201e\u00d6n v\u00e1laszt, mi seg\u00edt\u00fcnk\u201d"}]},{"@type":"WebSite","@id":"https:\/\/dorogimedence.hu\/#website","url":"https:\/\/dorogimedence.hu\/","name":"Dorogi-medence Region\u00e1lis H\u00edrport\u00e1l","description":"Dorog, Keszt\u00f6lc, Le\u00e1nyv\u00e1r, Piliscs\u00e9v, Tokod, Tokodalt\u00e1r\u00f3, Csolnok, Esztergom-kertv\u00e1ros: h\u00edrek, programok","publisher":{"@id":"https:\/\/dorogimedence.hu\/#organization"},"potentialAction":[{"@type":"SearchAction","target":{"@type":"EntryPoint","urlTemplate":"https:\/\/dorogimedence.hu\/?s={search_term_string}"},"query-input":{"@type":"PropertyValueSpecification","valueRequired":true,"valueName":"search_term_string"}}],"inLanguage":"hu"},{"@type":"Organization","@id":"https:\/\/dorogimedence.hu\/#organization","name":"Dorogi-medence Region\u00e1lis H\u00edrport\u00e1l","url":"https:\/\/dorogimedence.hu\/","logo":{"@type":"ImageObject","inLanguage":"hu","@id":"https:\/\/dorogimedence.hu\/#\/schema\/logo\/image\/","url":"https:\/\/dorogimedence.hu\/wp-content\/uploads\/2021\/04\/logo-feher-600.png","contentUrl":"https:\/\/dorogimedence.hu\/wp-content\/uploads\/2021\/04\/logo-feher-600.png","width":600,"height":100,"caption":"Dorogi-medence Region\u00e1lis H\u00edrport\u00e1l"},"image":{"@id":"https:\/\/dorogimedence.hu\/#\/schema\/logo\/image\/"},"sameAs":["https:\/\/www.facebook.com\/dorogimedence\/"]},{"@type":"Person","@id":"https:\/\/dorogimedence.hu\/#\/schema\/person\/ce6091eeb7e95ecdc87890d6aa8e0fd4","name":"dorogimedence.hu","image":{"@type":"ImageObject","inLanguage":"hu","@id":"\/\/www.gravatar.com\/avatar\/d8d45f8901aadff40a4af72c0b826f1d?s=96&#038;r=g&#038;d=mm","url":"\/\/www.gravatar.com\/avatar\/d8d45f8901aadff40a4af72c0b826f1d?s=96&#038;r=g&#038;d=mm","contentUrl":"\/\/www.gravatar.com\/avatar\/d8d45f8901aadff40a4af72c0b826f1d?s=96&#038;r=g&#038;d=mm","caption":"dorogimedence.hu"}}]}},"_links":{"self":[{"href":"https:\/\/dorogimedence.hu\/index.php\/wp-json\/wp\/v2\/posts\/37560","targetHints":{"allow":["GET"]}}],"collection":[{"href":"https:\/\/dorogimedence.hu\/index.php\/wp-json\/wp\/v2\/posts"}],"about":[{"href":"https:\/\/dorogimedence.hu\/index.php\/wp-json\/wp\/v2\/types\/post"}],"author":[{"embeddable":true,"href":"https:\/\/dorogimedence.hu\/index.php\/wp-json\/wp\/v2\/users\/1"}],"replies":[{"embeddable":true,"href":"https:\/\/dorogimedence.hu\/index.php\/wp-json\/wp\/v2\/comments?post=37560"}],"version-history":[{"count":0,"href":"https:\/\/dorogimedence.hu\/index.php\/wp-json\/wp\/v2\/posts\/37560\/revisions"}],"wp:featuredmedia":[{"embeddable":true,"href":"https:\/\/dorogimedence.hu\/index.php\/wp-json\/wp\/v2\/media\/35675"}],"wp:attachment":[{"href":"https:\/\/dorogimedence.hu\/index.php\/wp-json\/wp\/v2\/media?parent=37560"}],"wp:term":[{"taxonomy":"category","embeddable":true,"href":"https:\/\/dorogimedence.hu\/index.php\/wp-json\/wp\/v2\/categories?post=37560"},{"taxonomy":"post_tag","embeddable":true,"href":"https:\/\/dorogimedence.hu\/index.php\/wp-json\/wp\/v2\/tags?post=37560"}],"curies":[{"name":"wp","href":"https:\/\/api.w.org\/{rel}","templated":true}]}}