{"id":37540,"date":"2021-10-11T20:03:40","date_gmt":"2021-10-11T18:03:40","guid":{"rendered":"https:\/\/dorogimedence.hu\/?p=37540"},"modified":"2021-10-11T20:03:57","modified_gmt":"2021-10-11T18:03:57","slug":"a-magyar-es-a-szlovak-miniszterelnok-is-beszedet-mondott-a-maria-valeria-hidnal","status":"publish","type":"post","link":"https:\/\/dorogimedence.hu\/index.php\/2021\/10\/11\/a-magyar-es-a-szlovak-miniszterelnok-is-beszedet-mondott-a-maria-valeria-hidnal\/","title":{"rendered":"A magyar \u00e9s a szlov\u00e1k minisztereln\u00f6k is besz\u00e9det mondott a M\u00e1ria Val\u00e9ria h\u00eddn\u00e1l"},"content":{"rendered":"<p><strong>A M\u00e1ria Val\u00e9ria h\u00edd \u00fajj\u00e1\u00e9p\u00edt\u00e9s\u00e9nek huszadik \u00e9vfordul\u00f3j\u00e1t \u00fcnnepelt\u00e9k okt\u00f3ber 11-\u00e9n, h\u00e9tf\u0151n d\u00e9lut\u00e1n Esztergomban.<\/strong><\/p>\n<p>A t\u00f6bb mint egy\u00f3r\u00e1s rendezv\u00e9nyen Orb\u00e1n Viktor, Magyarorsz\u00e1g minisztereln\u00f6ke, Eduard Heger, a Szlov\u00e1k K\u00f6zt\u00e1rsas\u00e1g minisztereln\u00f6ke, Hern\u00e1di \u00c1d\u00e1m, Esztergom polg\u00e1rmestere \u00e9s Eugen Szabo, P\u00e1rk\u00e1ny polg\u00e1rmestere mondott besz\u00e9det. A n\u00e9pes rendezv\u00e9nyen magyarorsz\u00e1gi \u00e9s felvid\u00e9ki n\u00e9pt\u00e1ncegy\u00fcttesek, \u00e9nekesek sz\u00ednes\u00edtett\u00e9k a programot.<\/p>\n<p><img fetchpriority=\"high\" decoding=\"async\" class=\"alignnone size-large wp-image-37542\" src=\"https:\/\/dorogimedence.hu\/wp-content\/uploads\/2021\/10\/hidunnep-02-1024x683.jpg\" alt=\"\" width=\"755\" height=\"504\" srcset=\"https:\/\/dorogimedence.hu\/wp-content\/uploads\/2021\/10\/hidunnep-02-1024x683.jpg 1024w, https:\/\/dorogimedence.hu\/wp-content\/uploads\/2021\/10\/hidunnep-02-300x200.jpg 300w, https:\/\/dorogimedence.hu\/wp-content\/uploads\/2021\/10\/hidunnep-02-768x512.jpg 768w, https:\/\/dorogimedence.hu\/wp-content\/uploads\/2021\/10\/hidunnep-02-150x100.jpg 150w, https:\/\/dorogimedence.hu\/wp-content\/uploads\/2021\/10\/hidunnep-02-450x300.jpg 450w, https:\/\/dorogimedence.hu\/wp-content\/uploads\/2021\/10\/hidunnep-02-272x182.jpg 272w, https:\/\/dorogimedence.hu\/wp-content\/uploads\/2021\/10\/hidunnep-02.jpg 1200w\" sizes=\"(max-width: 755px) 100vw, 755px\" \/><\/p>\n<p>A k\u00f6z\u00e9p-eur\u00f3pai sorsk\u00f6z\u00f6ss\u00e9gben \u00e9l\u0151 n\u00e9pek k\u00f6z\u00f6tt \u00e9rtelmetlen b\u00e1rmif\u00e9le ellens\u00e9gesked\u00e9s, \u201emindannyiunk t\u00fal\u00e9l\u00e9s\u00e9nek z\u00e1loga a bar\u00e1ts\u00e1g \u00e9s a sz\u00f6vets\u00e9gk\u00f6t\u00e9s\u201d &#8211; mondta Orb\u00e1n Viktor minisztereln\u00f6k a M\u00e1ria Val\u00e9ria h\u00edd esztergomi h\u00eddf\u0151j\u00e9n\u00e9l. A korm\u00e1nyf\u0151 besz\u00e9d\u00e9ben kiemelte: \u201ek\u00e9t olyan orsz\u00e1g hat\u00e1r\u00e1n, amely k\u00fcl\u00f6n-k\u00fcl\u00f6n \u00e9s egy\u00fctt is s\u00falyos leck\u00e9t vett az elm\u00falt \u00e9vsz\u00e1zad megsz\u00e1ll\u00f3inak agresszi\u00f3j\u00e1b\u00f3l, k\u00f6nny\u0171 bel\u00e1tni, mi szlov\u00e1kok \u00e9s magyarok nem ellens\u00e9gek, hanem sorst\u00e1rsak vagyunk\u201d. Hangs\u00falyozta: k\u00e9t egym\u00e1s kult\u00far\u00e1j\u00e1t tisztel\u0151 nemzet egy\u00fcttm\u0171k\u00f6d\u00e9se mindig gy\u00fcm\u00f6lcs\u00f6z\u0151. \u201eLehet egyszerre b\u00fcszke eur\u00f3painak \u00e9s szlov\u00e1knak, b\u00fcszke eur\u00f3painak \u00e9s magyarnak lenni, lehet mindenkit el\u00e9r\u0151 gazdas\u00e1gi n\u00f6veked\u00e9st produk\u00e1lni, lehet mindenkinek munkahelyeket teremteni, \u00e9s k\u00f6zben nem kell megtagadni \u00e9letm\u00f3dunkat, \u00f6nmagunkat, m\u00faltunkat \u00e9s \u00e9rt\u00e9keinket\u201d \u2013 fogalmazott. Hozz\u00e1tette: nincs sikeres Magyarorsz\u00e1g sikeres Szlov\u00e1kia n\u00e9lk\u00fcl, \u00e9s ford\u00edtva.<\/p>\n<p><img decoding=\"async\" class=\"alignnone size-large wp-image-37543\" src=\"https:\/\/dorogimedence.hu\/wp-content\/uploads\/2021\/10\/hidunnep-03-1024x683.jpg\" alt=\"\" width=\"755\" height=\"504\" srcset=\"https:\/\/dorogimedence.hu\/wp-content\/uploads\/2021\/10\/hidunnep-03-1024x683.jpg 1024w, https:\/\/dorogimedence.hu\/wp-content\/uploads\/2021\/10\/hidunnep-03-300x200.jpg 300w, https:\/\/dorogimedence.hu\/wp-content\/uploads\/2021\/10\/hidunnep-03-768x512.jpg 768w, https:\/\/dorogimedence.hu\/wp-content\/uploads\/2021\/10\/hidunnep-03-150x100.jpg 150w, https:\/\/dorogimedence.hu\/wp-content\/uploads\/2021\/10\/hidunnep-03-450x300.jpg 450w, https:\/\/dorogimedence.hu\/wp-content\/uploads\/2021\/10\/hidunnep-03-272x182.jpg 272w, https:\/\/dorogimedence.hu\/wp-content\/uploads\/2021\/10\/hidunnep-03.jpg 1200w\" sizes=\"(max-width: 755px) 100vw, 755px\" \/><\/p>\n<p>Orb\u00e1n Viktor kifejtette: most nem hidat avatnak, hanem egy h\u00fasz \u00e9vvel ezel\u0151tti h\u00eddavat\u00e1sra eml\u00e9keznek, de t\u00f6bbr\u0151l van itt sz\u00f3, mint egyszer\u0171 \u00e9vfordul\u00f3r\u00f3l. Egy h\u00eddavat\u00f3 besz\u00e9dben el lehet mondani, hogy a h\u00edd \u00f6sszek\u00f6ti az embereket, az orsz\u00e1gokat, \u00e9s a v\u00edzb\u0151l magasod\u00f3 pill\u00e9rek a k\u00f6z\u00f6s j\u00f6v\u0151be vetett hit sziklaszil\u00e1rds\u00e1g\u00e1t is jelk\u00e9pezik. \u0150 is mondott hasonl\u00f3 igazs\u00e1gokat 20 \u00e9vvel ezel\u0151tt \u2013 id\u00e9zte fel. \u00dagy v\u00e9lte, ma m\u00e1r enn\u00e9l t\u00f6bbet \u00e9s m\u00e1s hangon kell mondani, ma m\u00e1r \u00faj szelek f\u00fajnak, ma m\u00e1r m\u00e1sk\u00e9ppen l\u00e1tjuk a vil\u00e1got. \u201eAkkor egy \u00e9vtizede volt, hogy ledobtuk a szovjet nyak\u00f6rvet, friss tagjai voltunk a NATO-nak, ott \u00e1lltunk h\u00e1rom \u00e9vnyire az eur\u00f3pai integr\u00e1ci\u00f3 kapuj\u00e1t\u00f3l\u201d \u2013 sorolta, majd hozz\u00e1tette: \u201eAzt rem\u00e9lt\u00fck, hogy az uni\u00f3s csatlakoz\u00e1ssal minden gondunk megold\u00f3dik, joggal volt bizakod\u00f3 K\u00f6z\u00e9p-Eur\u00f3pa minden n\u00e9pe, hiszen azt hitt\u00fck, hogy az igaz\u00e1n k\u00fczdelmes \u00e9vek m\u00e1r m\u00f6g\u00f6tt\u00fcnk vannak, azt hitt\u00fck, hogy a nehez\u00e9n m\u00e1r t\u00fal vagyunk\u201d. Kiemelte: \u201em\u00e1ra az akkori hangulat elsz\u00e1llt, elp\u00e1rolgott, r\u00e1 kellett j\u00f6nn\u00fcnk, hogy nem lehet k\u00fcls\u0151 szerepl\u0151k j\u00f3indulat\u00e1ra b\u00edzni a saj\u00e1t j\u00f6v\u0151nket. Nek\u00fcnk magunknak kell minden egyes nap megharcolnunk a saj\u00e1t sikereink\u00e9rt\u201d &#8211; jelentette ki. Megjegyezte: aligha van k\u00e9t olyan n\u00e9p, amely annyira hasonl\u00f3an l\u00e1tn\u00e1 a vil\u00e1got, mint a szlov\u00e1k \u00e9s a magyar. Az egyetlen dolog, amely t\u00e9nylegesen elv\u00e1laszt benn\u00fcnket, a nyelv.<\/p>\n<p><img decoding=\"async\" class=\"alignnone size-large wp-image-37544\" src=\"https:\/\/dorogimedence.hu\/wp-content\/uploads\/2021\/10\/hidunnep-04-1024x683.jpg\" alt=\"\" width=\"755\" height=\"504\" srcset=\"https:\/\/dorogimedence.hu\/wp-content\/uploads\/2021\/10\/hidunnep-04-1024x683.jpg 1024w, https:\/\/dorogimedence.hu\/wp-content\/uploads\/2021\/10\/hidunnep-04-300x200.jpg 300w, https:\/\/dorogimedence.hu\/wp-content\/uploads\/2021\/10\/hidunnep-04-768x512.jpg 768w, https:\/\/dorogimedence.hu\/wp-content\/uploads\/2021\/10\/hidunnep-04-150x100.jpg 150w, https:\/\/dorogimedence.hu\/wp-content\/uploads\/2021\/10\/hidunnep-04-450x300.jpg 450w, https:\/\/dorogimedence.hu\/wp-content\/uploads\/2021\/10\/hidunnep-04-272x182.jpg 272w, https:\/\/dorogimedence.hu\/wp-content\/uploads\/2021\/10\/hidunnep-04.jpg 1200w\" sizes=\"(max-width: 755px) 100vw, 755px\" \/><\/p>\n<p>A minisztereln\u00f6k szerint h\u00fasz \u00e9ve m\u00e9g Br\u00fcsszel is a mi oldalunkon \u00e1llt, \u00e9s t\u00e1mogatott minket, ezt a hidat is seg\u00edtett vissza\u00e9p\u00edteni. Ma azonban egyre gyakrabban nem egyenrang\u00fa partnernek, hanem m\u00e1sodrend\u0171 tag\u00e1llamnak tekintik a k\u00f6z\u00e9p-eur\u00f3paiakat. Kifejtette: r\u00e1nk akarj\u00e1k k\u00e9nyszer\u00edteni azokat, akikkel nem akarunk egy\u00fctt \u00e9lni, olyasmit akarnak r\u00e1nk k\u00e9nyszer\u00edteni, ami a gazdas\u00e1gi lehet\u0151s\u00e9geinket sz\u0171k\u00edten\u00e9, tov\u00e1bb\u00e1 r\u00e1nk akarnak k\u00e9nyszer\u00edteni olyan \u00e9letm\u00f3dot is, amely szemben \u00e1ll mindazzal, amit mi \u00e9rt\u00e9kesnek \u00e9s meg\u0151rzend\u0151nek gondolunk. Ezzel a fenyeget\u00e9ssel neh\u00e9z megk\u00fczdeni \u2013 mutatott r\u00e1. K\u00f6z\u00f6lte: K\u00f6z\u00e9p-Eur\u00f3p\u00e1n t\u00f6bbsz\u00f6r is \u00e1tgyalogoltak idegen nagyhatalmak, az idegenek mindig lerombolt\u00e1k a hidakat, \u00e9s mindig nek\u00fcnk kellett \u00fajj\u00e1\u00e9p\u00edteni azokat. Elmondta: \u201eA h\u00edd fel\u00e9p\u00edt\u00e9se \u00f3ta eltelt k\u00e9t \u00e9vtized megtan\u00edtott benn\u00fcnket arra, hogy Magyarorsz\u00e1gnak \u00e9s Szlov\u00e1ki\u00e1nak k\u00e9z a k\u00e9zben \u00e9rdemes haladnia. Ez m\u00e1r meghozta az els\u0151 eredm\u00e9nyeket, a visegr\u00e1di n\u00e9gyek (V4) a m\u00f6g\u00f6tt\u00fcnk hagyott \u00e9vtizedben k\u00e9pesek voltak folyamatosan gyarapodni\u201d. Orb\u00e1n Viktor szerint a V4 hat\u00e9kony \u00e9s stabil \u00f6sszefog\u00e1st \u00e9p\u00edtett fel, a civiliz\u00e1ci\u00f3s v\u00e1ls\u00e1gokra pedig k\u00f6z\u00f6s v\u00e1laszokat adott. \u00cdgy volt ez a p\u00e9nz\u00fcgyi, a migr\u00e1ci\u00f3s \u00e9s a koronav\u00edrus v\u00e1ls\u00e1g idej\u00e9n is \u2013 eml\u00e9keztetett. A minisztereln\u00f6k kijelentette: 20 \u00e9vvel a h\u00edd \u00fajj\u00e1\u00e9p\u00edt\u00e9se ut\u00e1n l\u00e9tezik egy k\u00f6z\u00e9p-eur\u00f3pai egy\u00fcttm\u0171k\u00f6d\u00e9s, amely er\u0151sebb, mint valaha. \u201eMi j\u00f3 tan\u00edtv\u00e1nyai akarunk lenni a t\u00f6rt\u00e9nelemnek; nemcsak \u00fajj\u00e1 kell \u00e9p\u00edteni a hidakat, hanem azt is \u00e9szben kell tartanunk, kik rombolt\u00e1k le \u0151ket\u201d &#8211; fogalmazott, hozz\u00e1t\u00e9ve: ha nem ezt tessz\u00fck, \u00fajra \u00e9s \u00fajra megt\u00f6rt\u00e9nik. Kiemelte: a M\u00e1ria Val\u00e9ria h\u00edd szimb\u00f3lum maradt, azt \u00fczeni, \u201eEur\u00f3pa j\u00f6v\u0151je mi vagyunk, \u00e9s ne hagyjuk, hogy a benn\u00fcnket \u00f6sszek\u00f6t\u0151 hidakat valaha is \u00fajra lerombolj\u00e1k\u201d. A sorsunk tov\u00e1bbra is k\u00f6z\u00f6s, feladataink csak szaporodtak, felel\u0151ss\u00e9g\u00fcnk pedig n\u0151tt &#8211; mondta Orb\u00e1n Viktor.<\/p>\n<p><img loading=\"lazy\" decoding=\"async\" class=\"alignnone size-large wp-image-37545\" src=\"https:\/\/dorogimedence.hu\/wp-content\/uploads\/2021\/10\/hidunnep-05-1024x683.jpg\" alt=\"\" width=\"755\" height=\"504\" srcset=\"https:\/\/dorogimedence.hu\/wp-content\/uploads\/2021\/10\/hidunnep-05-1024x683.jpg 1024w, https:\/\/dorogimedence.hu\/wp-content\/uploads\/2021\/10\/hidunnep-05-300x200.jpg 300w, https:\/\/dorogimedence.hu\/wp-content\/uploads\/2021\/10\/hidunnep-05-768x512.jpg 768w, https:\/\/dorogimedence.hu\/wp-content\/uploads\/2021\/10\/hidunnep-05-150x100.jpg 150w, https:\/\/dorogimedence.hu\/wp-content\/uploads\/2021\/10\/hidunnep-05-450x300.jpg 450w, https:\/\/dorogimedence.hu\/wp-content\/uploads\/2021\/10\/hidunnep-05-272x182.jpg 272w, https:\/\/dorogimedence.hu\/wp-content\/uploads\/2021\/10\/hidunnep-05.jpg 1200w\" sizes=\"(max-width: 755px) 100vw, 755px\" \/><\/p>\n<p>Eduard Heger szlov\u00e1k minisztereln\u00f6k besz\u00e9d\u00e9ben a k\u00e9t orsz\u00e1g k\u00f6z\u00f6tti j\u00f3szomsz\u00e9di kapcsolatok fontoss\u00e1g\u00e1t m\u00e9ltatta. R\u00e1mutatott: a M\u00e1ria Val\u00e9ria h\u00edd 20 \u00e9vvel ezel\u0151tti \u00e1tad\u00e1sa olyan sikert\u00f6rt\u00e9net, amely inspir\u00e1ci\u00f3k\u00e9nt hatott a k\u00e9t orsz\u00e1g kapcsolatainak \u00e9s egy\u00fcttm\u0171k\u00f6d\u00e9s\u00e9nek fejl\u0151d\u00e9s\u00e9re, aminek k\u00f6sz\u00f6nhet\u0151en sz\u00e1mos k\u00f6z\u00f6s &#8211; mindk\u00e9t orsz\u00e1g lakoss\u00e1g\u00e1nak \u00e9rdekeit szolg\u00e1l\u00f3 &#8211; infrastruktur\u00e1lis fejleszt\u00e9st siker\u00fclt megval\u00f3s\u00edtani. \u201eEz a t\u00f6rt\u00e9net k\u00e9t j\u00f3 szomsz\u00e9d t\u00f6rt\u00e9nete, sikert\u00f6rt\u00e9net\u201d &#8211; hangs\u00falyozta Eduard Heger, hozz\u00e1f\u0171zve: Szlov\u00e1kia \u00e9s Magyarorsz\u00e1g az EU-n \u00e9s a V4-eken bel\u00fcl is sikert\u00f6rt\u00e9netnek sz\u00e1m\u00edt. A szlov\u00e1k minisztereln\u00f6k feleleven\u00edtette a h\u00edd k\u00e9t \u00e9vtizeddel el\u0151tti \u00e1tad\u00e1s\u00e1nak k\u00f6r\u00fclm\u00e9nyeit, majd id\u00e9zett a 2001-es \u00e1tad\u00f3n az akkori minisztereln\u00f6k\u00f6k &#8211; Orb\u00e1n Viktor \u00e9s Mikul\u00e1s Dzurinda &#8211; \u00e1ltal mondott besz\u00e9dekb\u0151l. Eduard Heger jelk\u00e9pesen v\u00e1laszolva Dzurinda akkori felvet\u00e9s\u00e9re &#8211; miszerint majd a j\u00f6v\u0151 mutatja meg, hogy a h\u00edd \u00e1tad\u00e1sa bevonul-e a t\u00f6rt\u00e9nelembe &#8211; most azt mondta: ez a k\u00e9rd\u00e9s m\u00e1ra eld\u0151lt, hiszen a M\u00e1ria Val\u00e9ria h\u00edd egy \u00f6szt\u00f6nz\u0151 sikert\u00f6rt\u00e9net lett, s megmutatkozott az is, hogy a h\u00edd akkori \u00e1tad\u00e1sa t\u00f6bb volt, mint egy jelk\u00e9pes aktus.<\/p>\n<p><img loading=\"lazy\" decoding=\"async\" class=\"alignnone size-large wp-image-37546\" src=\"https:\/\/dorogimedence.hu\/wp-content\/uploads\/2021\/10\/hidunnep-06-1024x683.jpg\" alt=\"\" width=\"755\" height=\"504\" srcset=\"https:\/\/dorogimedence.hu\/wp-content\/uploads\/2021\/10\/hidunnep-06-1024x683.jpg 1024w, https:\/\/dorogimedence.hu\/wp-content\/uploads\/2021\/10\/hidunnep-06-300x200.jpg 300w, https:\/\/dorogimedence.hu\/wp-content\/uploads\/2021\/10\/hidunnep-06-768x512.jpg 768w, https:\/\/dorogimedence.hu\/wp-content\/uploads\/2021\/10\/hidunnep-06-150x100.jpg 150w, https:\/\/dorogimedence.hu\/wp-content\/uploads\/2021\/10\/hidunnep-06-450x300.jpg 450w, https:\/\/dorogimedence.hu\/wp-content\/uploads\/2021\/10\/hidunnep-06-272x182.jpg 272w, https:\/\/dorogimedence.hu\/wp-content\/uploads\/2021\/10\/hidunnep-06.jpg 1200w\" sizes=\"(max-width: 755px) 100vw, 755px\" \/><\/p>\n<p>A szlov\u00e1k minisztereln\u00f6k elmondta: a M\u00e1ria Val\u00e9ria h\u00edd \u00e1tad\u00e1sa \u00f3ta a gazdas\u00e1gi egy\u00fcttm\u0171k\u00f6d\u00e9st er\u0151s\u00edt\u0151 sz\u00e1mos tov\u00e1bbi \u00faj hidat \u00e9s m\u00e1s infrastruktur\u00e1lis kapcsolatot siker\u00fclt l\u00e9tes\u00edteni, k\u00f6zt\u00fck olyan \u201eenergetikai hidakat\u201d is, amelyek n\u00f6velt\u00e9k nemcsak a k\u00e9t orsz\u00e1g, de a r\u00e9gi\u00f3 energiabiztons\u00e1g\u00e1t is. Eduard Heger r\u00e1mutatott: az \u00faj hidak \u00e9s infrastruktur\u00e1lis kapcsolatok mellett a k\u00e9t orsz\u00e1got k\u00f6z\u00f6s \u00e9rdekeik is \u00f6sszek\u00f6tik, k\u00f6zt\u00fck az atomenergetika \u00e9s a migr\u00e1ci\u00f3 k\u00e9rd\u00e9s\u00e9ben k\u00e9pviselt \u00e1ll\u00e1spontjaik. Megjegyezte: a M\u00e1ria Val\u00e9ria h\u00edd ahogy eddig, \u00fagy a j\u00f6v\u0151ben is egy \u00f6szt\u00f6nz\u0151 jelk\u00e9p lesz.<\/p>\n<p><img loading=\"lazy\" decoding=\"async\" class=\"alignnone size-large wp-image-37547\" src=\"https:\/\/dorogimedence.hu\/wp-content\/uploads\/2021\/10\/hidunnep-07-1024x683.jpg\" alt=\"\" width=\"755\" height=\"504\" srcset=\"https:\/\/dorogimedence.hu\/wp-content\/uploads\/2021\/10\/hidunnep-07-1024x683.jpg 1024w, https:\/\/dorogimedence.hu\/wp-content\/uploads\/2021\/10\/hidunnep-07-300x200.jpg 300w, https:\/\/dorogimedence.hu\/wp-content\/uploads\/2021\/10\/hidunnep-07-768x512.jpg 768w, https:\/\/dorogimedence.hu\/wp-content\/uploads\/2021\/10\/hidunnep-07-150x100.jpg 150w, https:\/\/dorogimedence.hu\/wp-content\/uploads\/2021\/10\/hidunnep-07-450x300.jpg 450w, https:\/\/dorogimedence.hu\/wp-content\/uploads\/2021\/10\/hidunnep-07-272x182.jpg 272w, https:\/\/dorogimedence.hu\/wp-content\/uploads\/2021\/10\/hidunnep-07.jpg 1200w\" sizes=\"(max-width: 755px) 100vw, 755px\" \/><\/p>\n<p>A m\u00e1sodik vil\u00e1gh\u00e1bor\u00fa v\u00e9g\u00e9n, a visszavonul\u00f3 n\u00e9met hadsereg \u00e1ltal felrobbantott M\u00e1ria Val\u00e9ria h\u00edd \u00fajj\u00e1\u00e9p\u00edt\u00e9s\u00e9r\u0151l Magyarorsz\u00e1g \u00e9s Szlov\u00e1kia 1999 szeptember\u00e9ben k\u00f6t\u00f6tt szerz\u0151d\u00e9st. Az 509 m\u00e9ter hossz\u00fa, 11,7 milli\u00f3 eur\u00f3nak (mintegy 4,2 milli\u00e1rd forint) megfelel\u0151 \u00f6sszegb\u0151l \u00fajj\u00e1\u00e9p\u00edtett hidat 2001. okt\u00f3ber 11-\u00e9n Orb\u00e1n Viktor \u00e9s Mikul\u00e1s Dzurinda adt\u00e1k \u00e1t. 1762-ben \u00fagynevezett rep\u00fcl\u0151h\u00edd (leng\u0151komp) \u00e9p\u00fclt a Dun\u00e1n, majd 1842-ben haj\u00f3hidat l\u00e9tes\u00edtettek. A mostani h\u00edd el\u0151dj\u00e9t Ferenc J\u00f3zsef cs\u00e1sz\u00e1r \u00e9p\u00edttette, az uralkod\u00f3 l\u00e1ny\u00e1r\u00f3l M\u00e1ria Val\u00e9ri\u00e1nak elnevezett h\u00edd 1895-ben k\u00e9sz\u00fclt el. A h\u00edd mindk\u00e9t vil\u00e1gh\u00e1bor\u00faban s\u00falyosan megs\u00e9r\u00fclt, 1919-ben a csehszlov\u00e1k hadsereg robbantotta fel, majd az 1927-ben \u00fajj\u00e1\u00e9p\u00edtett hidat 1944-ben a n\u00e9met hadsereg ism\u00e9t a leveg\u0151be rep\u00edtette. Akkort\u00f3l a h\u00edd 2001-ben befejezett \u00fajj\u00e1\u00e9p\u00edt\u00e9s\u00e9ig 57 \u00e9v telt el.<\/p>\n<p><img loading=\"lazy\" decoding=\"async\" class=\"alignnone size-large wp-image-37548\" src=\"https:\/\/dorogimedence.hu\/wp-content\/uploads\/2021\/10\/hidunnep-08-1024x683.jpg\" alt=\"\" width=\"755\" height=\"504\" srcset=\"https:\/\/dorogimedence.hu\/wp-content\/uploads\/2021\/10\/hidunnep-08-1024x683.jpg 1024w, https:\/\/dorogimedence.hu\/wp-content\/uploads\/2021\/10\/hidunnep-08-300x200.jpg 300w, https:\/\/dorogimedence.hu\/wp-content\/uploads\/2021\/10\/hidunnep-08-768x512.jpg 768w, https:\/\/dorogimedence.hu\/wp-content\/uploads\/2021\/10\/hidunnep-08-150x100.jpg 150w, https:\/\/dorogimedence.hu\/wp-content\/uploads\/2021\/10\/hidunnep-08-450x300.jpg 450w, https:\/\/dorogimedence.hu\/wp-content\/uploads\/2021\/10\/hidunnep-08-272x182.jpg 272w, https:\/\/dorogimedence.hu\/wp-content\/uploads\/2021\/10\/hidunnep-08.jpg 1200w\" sizes=\"(max-width: 755px) 100vw, 755px\" \/> <img loading=\"lazy\" decoding=\"async\" class=\"alignnone size-large wp-image-37549\" src=\"https:\/\/dorogimedence.hu\/wp-content\/uploads\/2021\/10\/hidunnep-09-1024x683.jpg\" alt=\"\" width=\"755\" height=\"504\" srcset=\"https:\/\/dorogimedence.hu\/wp-content\/uploads\/2021\/10\/hidunnep-09-1024x683.jpg 1024w, https:\/\/dorogimedence.hu\/wp-content\/uploads\/2021\/10\/hidunnep-09-300x200.jpg 300w, https:\/\/dorogimedence.hu\/wp-content\/uploads\/2021\/10\/hidunnep-09-768x512.jpg 768w, https:\/\/dorogimedence.hu\/wp-content\/uploads\/2021\/10\/hidunnep-09-150x100.jpg 150w, https:\/\/dorogimedence.hu\/wp-content\/uploads\/2021\/10\/hidunnep-09-450x300.jpg 450w, https:\/\/dorogimedence.hu\/wp-content\/uploads\/2021\/10\/hidunnep-09-272x182.jpg 272w, https:\/\/dorogimedence.hu\/wp-content\/uploads\/2021\/10\/hidunnep-09.jpg 1200w\" sizes=\"(max-width: 755px) 100vw, 755px\" \/><\/p>\n<p><em>Forr\u00e1s: MTI<\/em><\/p>\n","protected":false},"excerpt":{"rendered":"<p>A M\u00e1ria Val\u00e9ria h\u00edd \u00fajj\u00e1\u00e9p\u00edt\u00e9s\u00e9nek huszadik \u00e9vfordul\u00f3j\u00e1t \u00fcnnepelt\u00e9k okt\u00f3ber 11-\u00e9n, h\u00e9tf\u0151n d\u00e9lut\u00e1n Esztergomban. A t\u00f6bb mint egy\u00f3r\u00e1s rendezv\u00e9nyen Orb\u00e1n Viktor, Magyarorsz\u00e1g minisztereln\u00f6ke, Eduard Heger, a Szlov\u00e1k K\u00f6zt\u00e1rsas\u00e1g minisztereln\u00f6ke, Hern\u00e1di \u00c1d\u00e1m, Esztergom polg\u00e1rmestere \u00e9s Eugen Szabo, P\u00e1rk\u00e1ny polg\u00e1rmestere mondott besz\u00e9det. A n\u00e9pes rendezv\u00e9nyen magyarorsz\u00e1gi \u00e9s felvid\u00e9ki n\u00e9pt\u00e1ncegy\u00fcttesek, \u00e9nekesek sz\u00ednes\u00edtett\u00e9k a programot. A k\u00f6z\u00e9p-eur\u00f3pai sorsk\u00f6z\u00f6ss\u00e9gben \u00e9l\u0151 n\u00e9pek<\/p>\n","protected":false},"author":1,"featured_media":37541,"comment_status":"closed","ping_status":"closed","sticky":false,"template":"","format":"standard","meta":{"ngg_post_thumbnail":0,"footnotes":""},"categories":[38,3],"tags":[42,5624,6012,1031,3677],"class_list":{"0":"post-37540","1":"post","2":"type-post","3":"status-publish","4":"format-standard","5":"has-post-thumbnail","7":"category-esztergom","8":"category-hirek","9":"tag-esztergom","10":"tag-featured","11":"tag-hidunnep","12":"tag-maria-valeria-hid","13":"tag-orban-viktor"},"yoast_head":"<!-- This site is optimized with the Yoast SEO plugin v27.4 - https:\/\/yoast.com\/product\/yoast-seo-wordpress\/ -->\n<title>A magyar \u00e9s a szlov\u00e1k minisztereln\u00f6k is besz\u00e9det mondott a M\u00e1ria Val\u00e9ria h\u00eddn\u00e1l<\/title>\n<meta name=\"robots\" content=\"index, follow, max-snippet:-1, max-image-preview:large, max-video-preview:-1\" \/>\n<link rel=\"canonical\" href=\"https:\/\/dorogimedence.hu\/index.php\/2021\/10\/11\/a-magyar-es-a-szlovak-miniszterelnok-is-beszedet-mondott-a-maria-valeria-hidnal\/\" class=\"yoast-seo-meta-tag\" \/>\n<meta property=\"og:locale\" content=\"hu_HU\" class=\"yoast-seo-meta-tag\" \/>\n<meta property=\"og:type\" content=\"article\" class=\"yoast-seo-meta-tag\" \/>\n<meta property=\"og:title\" content=\"A magyar \u00e9s a szlov\u00e1k minisztereln\u00f6k is besz\u00e9det mondott a M\u00e1ria Val\u00e9ria h\u00eddn\u00e1l\" class=\"yoast-seo-meta-tag\" \/>\n<meta property=\"og:description\" content=\"A M\u00e1ria Val\u00e9ria h\u00edd \u00fajj\u00e1\u00e9p\u00edt\u00e9s\u00e9nek huszadik \u00e9vfordul\u00f3j\u00e1t \u00fcnnepelt\u00e9k okt\u00f3ber 11-\u00e9n, h\u00e9tf\u0151n d\u00e9lut\u00e1n Esztergomban. A t\u00f6bb mint egy\u00f3r\u00e1s rendezv\u00e9nyen Orb\u00e1n Viktor, Magyarorsz\u00e1g minisztereln\u00f6ke, Eduard Heger, a Szlov\u00e1k K\u00f6zt\u00e1rsas\u00e1g minisztereln\u00f6ke, Hern\u00e1di \u00c1d\u00e1m, Esztergom polg\u00e1rmestere \u00e9s Eugen Szabo, P\u00e1rk\u00e1ny polg\u00e1rmestere mondott besz\u00e9det. A n\u00e9pes rendezv\u00e9nyen magyarorsz\u00e1gi \u00e9s felvid\u00e9ki n\u00e9pt\u00e1ncegy\u00fcttesek, \u00e9nekesek sz\u00ednes\u00edtett\u00e9k a programot. A k\u00f6z\u00e9p-eur\u00f3pai sorsk\u00f6z\u00f6ss\u00e9gben \u00e9l\u0151 n\u00e9pek\" class=\"yoast-seo-meta-tag\" \/>\n<meta property=\"og:url\" content=\"https:\/\/dorogimedence.hu\/index.php\/2021\/10\/11\/a-magyar-es-a-szlovak-miniszterelnok-is-beszedet-mondott-a-maria-valeria-hidnal\/\" class=\"yoast-seo-meta-tag\" \/>\n<meta property=\"og:site_name\" content=\"Dorogi-medence Region\u00e1lis H\u00edrport\u00e1l\" class=\"yoast-seo-meta-tag\" \/>\n<meta property=\"article:publisher\" content=\"https:\/\/www.facebook.com\/dorogimedence\/\" class=\"yoast-seo-meta-tag\" \/>\n<meta property=\"article:published_time\" content=\"2021-10-11T18:03:40+00:00\" class=\"yoast-seo-meta-tag\" \/>\n<meta property=\"article:modified_time\" content=\"2021-10-11T18:03:57+00:00\" class=\"yoast-seo-meta-tag\" \/>\n<meta property=\"og:image\" content=\"https:\/\/i0.wp.com\/dorogimedence.hu\/wp-content\/uploads\/2021\/10\/hidunnep-01.jpg?fit=1920%2C1157&ssl=1\" class=\"yoast-seo-meta-tag\" \/>\n\t<meta property=\"og:image:width\" content=\"1920\" class=\"yoast-seo-meta-tag\" \/>\n\t<meta property=\"og:image:height\" content=\"1157\" class=\"yoast-seo-meta-tag\" \/>\n\t<meta property=\"og:image:type\" content=\"image\/jpeg\" class=\"yoast-seo-meta-tag\" \/>\n<meta name=\"author\" content=\"dorogimedence.hu\" class=\"yoast-seo-meta-tag\" \/>\n<meta name=\"twitter:card\" content=\"summary_large_image\" class=\"yoast-seo-meta-tag\" \/>\n<meta name=\"twitter:label1\" content=\"Szerz\u0151:\" class=\"yoast-seo-meta-tag\" \/>\n\t<meta name=\"twitter:data1\" content=\"dorogimedence.hu\" class=\"yoast-seo-meta-tag\" \/>\n\t<meta name=\"twitter:label2\" content=\"Becs\u00fclt olvas\u00e1si id\u0151\" class=\"yoast-seo-meta-tag\" \/>\n\t<meta name=\"twitter:data2\" content=\"8 perc\" class=\"yoast-seo-meta-tag\" \/>\n<script type=\"application\/ld+json\" class=\"yoast-schema-graph\">{\"@context\":\"https:\\\/\\\/schema.org\",\"@graph\":[{\"@type\":\"Article\",\"@id\":\"https:\\\/\\\/dorogimedence.hu\\\/index.php\\\/2021\\\/10\\\/11\\\/a-magyar-es-a-szlovak-miniszterelnok-is-beszedet-mondott-a-maria-valeria-hidnal\\\/#article\",\"isPartOf\":{\"@id\":\"https:\\\/\\\/dorogimedence.hu\\\/index.php\\\/2021\\\/10\\\/11\\\/a-magyar-es-a-szlovak-miniszterelnok-is-beszedet-mondott-a-maria-valeria-hidnal\\\/\"},\"author\":{\"name\":\"dorogimedence.hu\",\"@id\":\"https:\\\/\\\/dorogimedence.hu\\\/#\\\/schema\\\/person\\\/ce6091eeb7e95ecdc87890d6aa8e0fd4\"},\"headline\":\"A magyar \u00e9s a szlov\u00e1k minisztereln\u00f6k is besz\u00e9det mondott a M\u00e1ria Val\u00e9ria h\u00eddn\u00e1l\",\"datePublished\":\"2021-10-11T18:03:40+00:00\",\"dateModified\":\"2021-10-11T18:03:57+00:00\",\"mainEntityOfPage\":{\"@id\":\"https:\\\/\\\/dorogimedence.hu\\\/index.php\\\/2021\\\/10\\\/11\\\/a-magyar-es-a-szlovak-miniszterelnok-is-beszedet-mondott-a-maria-valeria-hidnal\\\/\"},\"wordCount\":1581,\"publisher\":{\"@id\":\"https:\\\/\\\/dorogimedence.hu\\\/#organization\"},\"image\":{\"@id\":\"https:\\\/\\\/dorogimedence.hu\\\/index.php\\\/2021\\\/10\\\/11\\\/a-magyar-es-a-szlovak-miniszterelnok-is-beszedet-mondott-a-maria-valeria-hidnal\\\/#primaryimage\"},\"thumbnailUrl\":\"https:\\\/\\\/dorogimedence.hu\\\/wp-content\\\/uploads\\\/2021\\\/10\\\/hidunnep-01.jpg\",\"keywords\":[\"esztergom\",\"featured\",\"h\u00edd\u00fcnnep\",\"M\u00e1ria Val\u00e9ria h\u00edd\",\"Orb\u00e1n Viktor\"],\"articleSection\":[\"Esztergom\",\"H\u00edrek\"],\"inLanguage\":\"hu\"},{\"@type\":\"WebPage\",\"@id\":\"https:\\\/\\\/dorogimedence.hu\\\/index.php\\\/2021\\\/10\\\/11\\\/a-magyar-es-a-szlovak-miniszterelnok-is-beszedet-mondott-a-maria-valeria-hidnal\\\/\",\"url\":\"https:\\\/\\\/dorogimedence.hu\\\/index.php\\\/2021\\\/10\\\/11\\\/a-magyar-es-a-szlovak-miniszterelnok-is-beszedet-mondott-a-maria-valeria-hidnal\\\/\",\"name\":\"A magyar \u00e9s a szlov\u00e1k minisztereln\u00f6k is besz\u00e9det mondott a M\u00e1ria Val\u00e9ria h\u00eddn\u00e1l\",\"isPartOf\":{\"@id\":\"https:\\\/\\\/dorogimedence.hu\\\/#website\"},\"primaryImageOfPage\":{\"@id\":\"https:\\\/\\\/dorogimedence.hu\\\/index.php\\\/2021\\\/10\\\/11\\\/a-magyar-es-a-szlovak-miniszterelnok-is-beszedet-mondott-a-maria-valeria-hidnal\\\/#primaryimage\"},\"image\":{\"@id\":\"https:\\\/\\\/dorogimedence.hu\\\/index.php\\\/2021\\\/10\\\/11\\\/a-magyar-es-a-szlovak-miniszterelnok-is-beszedet-mondott-a-maria-valeria-hidnal\\\/#primaryimage\"},\"thumbnailUrl\":\"https:\\\/\\\/dorogimedence.hu\\\/wp-content\\\/uploads\\\/2021\\\/10\\\/hidunnep-01.jpg\",\"datePublished\":\"2021-10-11T18:03:40+00:00\",\"dateModified\":\"2021-10-11T18:03:57+00:00\",\"breadcrumb\":{\"@id\":\"https:\\\/\\\/dorogimedence.hu\\\/index.php\\\/2021\\\/10\\\/11\\\/a-magyar-es-a-szlovak-miniszterelnok-is-beszedet-mondott-a-maria-valeria-hidnal\\\/#breadcrumb\"},\"inLanguage\":\"hu\",\"potentialAction\":[{\"@type\":\"ReadAction\",\"target\":[\"https:\\\/\\\/dorogimedence.hu\\\/index.php\\\/2021\\\/10\\\/11\\\/a-magyar-es-a-szlovak-miniszterelnok-is-beszedet-mondott-a-maria-valeria-hidnal\\\/\"]}]},{\"@type\":\"ImageObject\",\"inLanguage\":\"hu\",\"@id\":\"https:\\\/\\\/dorogimedence.hu\\\/index.php\\\/2021\\\/10\\\/11\\\/a-magyar-es-a-szlovak-miniszterelnok-is-beszedet-mondott-a-maria-valeria-hidnal\\\/#primaryimage\",\"url\":\"https:\\\/\\\/dorogimedence.hu\\\/wp-content\\\/uploads\\\/2021\\\/10\\\/hidunnep-01.jpg\",\"contentUrl\":\"https:\\\/\\\/dorogimedence.hu\\\/wp-content\\\/uploads\\\/2021\\\/10\\\/hidunnep-01.jpg\",\"width\":1920,\"height\":1157},{\"@type\":\"BreadcrumbList\",\"@id\":\"https:\\\/\\\/dorogimedence.hu\\\/index.php\\\/2021\\\/10\\\/11\\\/a-magyar-es-a-szlovak-miniszterelnok-is-beszedet-mondott-a-maria-valeria-hidnal\\\/#breadcrumb\",\"itemListElement\":[{\"@type\":\"ListItem\",\"position\":1,\"name\":\"Kezd\u0151lap\",\"item\":\"https:\\\/\\\/dorogimedence.hu\\\/\"},{\"@type\":\"ListItem\",\"position\":2,\"name\":\"A magyar \u00e9s a szlov\u00e1k minisztereln\u00f6k is besz\u00e9det mondott a M\u00e1ria Val\u00e9ria h\u00eddn\u00e1l\"}]},{\"@type\":\"WebSite\",\"@id\":\"https:\\\/\\\/dorogimedence.hu\\\/#website\",\"url\":\"https:\\\/\\\/dorogimedence.hu\\\/\",\"name\":\"Dorogi-medence Region\u00e1lis H\u00edrport\u00e1l\",\"description\":\"Dorog, Keszt\u00f6lc, Le\u00e1nyv\u00e1r, Piliscs\u00e9v, Tokod, Tokodalt\u00e1r\u00f3, Csolnok, Esztergom-kertv\u00e1ros: h\u00edrek, programok\",\"publisher\":{\"@id\":\"https:\\\/\\\/dorogimedence.hu\\\/#organization\"},\"potentialAction\":[{\"@type\":\"SearchAction\",\"target\":{\"@type\":\"EntryPoint\",\"urlTemplate\":\"https:\\\/\\\/dorogimedence.hu\\\/?s={search_term_string}\"},\"query-input\":{\"@type\":\"PropertyValueSpecification\",\"valueRequired\":true,\"valueName\":\"search_term_string\"}}],\"inLanguage\":\"hu\"},{\"@type\":\"Organization\",\"@id\":\"https:\\\/\\\/dorogimedence.hu\\\/#organization\",\"name\":\"Dorogi-medence Region\u00e1lis H\u00edrport\u00e1l\",\"url\":\"https:\\\/\\\/dorogimedence.hu\\\/\",\"logo\":{\"@type\":\"ImageObject\",\"inLanguage\":\"hu\",\"@id\":\"https:\\\/\\\/dorogimedence.hu\\\/#\\\/schema\\\/logo\\\/image\\\/\",\"url\":\"https:\\\/\\\/dorogimedence.hu\\\/wp-content\\\/uploads\\\/2021\\\/04\\\/logo-feher-600.png\",\"contentUrl\":\"https:\\\/\\\/dorogimedence.hu\\\/wp-content\\\/uploads\\\/2021\\\/04\\\/logo-feher-600.png\",\"width\":600,\"height\":100,\"caption\":\"Dorogi-medence Region\u00e1lis H\u00edrport\u00e1l\"},\"image\":{\"@id\":\"https:\\\/\\\/dorogimedence.hu\\\/#\\\/schema\\\/logo\\\/image\\\/\"},\"sameAs\":[\"https:\\\/\\\/www.facebook.com\\\/dorogimedence\\\/\"]},{\"@type\":\"Person\",\"@id\":\"https:\\\/\\\/dorogimedence.hu\\\/#\\\/schema\\\/person\\\/ce6091eeb7e95ecdc87890d6aa8e0fd4\",\"name\":\"dorogimedence.hu\",\"image\":{\"@type\":\"ImageObject\",\"inLanguage\":\"hu\",\"@id\":\"\\\/\\\/www.gravatar.com\\\/avatar\\\/d8d45f8901aadff40a4af72c0b826f1d?s=96&#038;r=g&#038;d=mm\",\"url\":\"\\\/\\\/www.gravatar.com\\\/avatar\\\/d8d45f8901aadff40a4af72c0b826f1d?s=96&#038;r=g&#038;d=mm\",\"contentUrl\":\"\\\/\\\/www.gravatar.com\\\/avatar\\\/d8d45f8901aadff40a4af72c0b826f1d?s=96&#038;r=g&#038;d=mm\",\"caption\":\"dorogimedence.hu\"}}]}<\/script>\n<!-- \/ Yoast SEO plugin. -->","yoast_head_json":{"title":"A magyar \u00e9s a szlov\u00e1k minisztereln\u00f6k is besz\u00e9det mondott a M\u00e1ria Val\u00e9ria h\u00eddn\u00e1l","robots":{"index":"index","follow":"follow","max-snippet":"max-snippet:-1","max-image-preview":"max-image-preview:large","max-video-preview":"max-video-preview:-1"},"canonical":"https:\/\/dorogimedence.hu\/index.php\/2021\/10\/11\/a-magyar-es-a-szlovak-miniszterelnok-is-beszedet-mondott-a-maria-valeria-hidnal\/","og_locale":"hu_HU","og_type":"article","og_title":"A magyar \u00e9s a szlov\u00e1k minisztereln\u00f6k is besz\u00e9det mondott a M\u00e1ria Val\u00e9ria h\u00eddn\u00e1l","og_description":"A M\u00e1ria Val\u00e9ria h\u00edd \u00fajj\u00e1\u00e9p\u00edt\u00e9s\u00e9nek huszadik \u00e9vfordul\u00f3j\u00e1t \u00fcnnepelt\u00e9k okt\u00f3ber 11-\u00e9n, h\u00e9tf\u0151n d\u00e9lut\u00e1n Esztergomban. A t\u00f6bb mint egy\u00f3r\u00e1s rendezv\u00e9nyen Orb\u00e1n Viktor, Magyarorsz\u00e1g minisztereln\u00f6ke, Eduard Heger, a Szlov\u00e1k K\u00f6zt\u00e1rsas\u00e1g minisztereln\u00f6ke, Hern\u00e1di \u00c1d\u00e1m, Esztergom polg\u00e1rmestere \u00e9s Eugen Szabo, P\u00e1rk\u00e1ny polg\u00e1rmestere mondott besz\u00e9det. A n\u00e9pes rendezv\u00e9nyen magyarorsz\u00e1gi \u00e9s felvid\u00e9ki n\u00e9pt\u00e1ncegy\u00fcttesek, \u00e9nekesek sz\u00ednes\u00edtett\u00e9k a programot. A k\u00f6z\u00e9p-eur\u00f3pai sorsk\u00f6z\u00f6ss\u00e9gben \u00e9l\u0151 n\u00e9pek","og_url":"https:\/\/dorogimedence.hu\/index.php\/2021\/10\/11\/a-magyar-es-a-szlovak-miniszterelnok-is-beszedet-mondott-a-maria-valeria-hidnal\/","og_site_name":"Dorogi-medence Region\u00e1lis H\u00edrport\u00e1l","article_publisher":"https:\/\/www.facebook.com\/dorogimedence\/","article_published_time":"2021-10-11T18:03:40+00:00","article_modified_time":"2021-10-11T18:03:57+00:00","og_image":[{"width":1920,"height":1157,"url":"https:\/\/i0.wp.com\/dorogimedence.hu\/wp-content\/uploads\/2021\/10\/hidunnep-01.jpg?fit=1920%2C1157&ssl=1","type":"image\/jpeg"}],"author":"dorogimedence.hu","twitter_card":"summary_large_image","twitter_misc":{"Szerz\u0151:":"dorogimedence.hu","Becs\u00fclt olvas\u00e1si id\u0151":"8 perc"},"schema":{"@context":"https:\/\/schema.org","@graph":[{"@type":"Article","@id":"https:\/\/dorogimedence.hu\/index.php\/2021\/10\/11\/a-magyar-es-a-szlovak-miniszterelnok-is-beszedet-mondott-a-maria-valeria-hidnal\/#article","isPartOf":{"@id":"https:\/\/dorogimedence.hu\/index.php\/2021\/10\/11\/a-magyar-es-a-szlovak-miniszterelnok-is-beszedet-mondott-a-maria-valeria-hidnal\/"},"author":{"name":"dorogimedence.hu","@id":"https:\/\/dorogimedence.hu\/#\/schema\/person\/ce6091eeb7e95ecdc87890d6aa8e0fd4"},"headline":"A magyar \u00e9s a szlov\u00e1k minisztereln\u00f6k is besz\u00e9det mondott a M\u00e1ria Val\u00e9ria h\u00eddn\u00e1l","datePublished":"2021-10-11T18:03:40+00:00","dateModified":"2021-10-11T18:03:57+00:00","mainEntityOfPage":{"@id":"https:\/\/dorogimedence.hu\/index.php\/2021\/10\/11\/a-magyar-es-a-szlovak-miniszterelnok-is-beszedet-mondott-a-maria-valeria-hidnal\/"},"wordCount":1581,"publisher":{"@id":"https:\/\/dorogimedence.hu\/#organization"},"image":{"@id":"https:\/\/dorogimedence.hu\/index.php\/2021\/10\/11\/a-magyar-es-a-szlovak-miniszterelnok-is-beszedet-mondott-a-maria-valeria-hidnal\/#primaryimage"},"thumbnailUrl":"https:\/\/dorogimedence.hu\/wp-content\/uploads\/2021\/10\/hidunnep-01.jpg","keywords":["esztergom","featured","h\u00edd\u00fcnnep","M\u00e1ria Val\u00e9ria h\u00edd","Orb\u00e1n Viktor"],"articleSection":["Esztergom","H\u00edrek"],"inLanguage":"hu"},{"@type":"WebPage","@id":"https:\/\/dorogimedence.hu\/index.php\/2021\/10\/11\/a-magyar-es-a-szlovak-miniszterelnok-is-beszedet-mondott-a-maria-valeria-hidnal\/","url":"https:\/\/dorogimedence.hu\/index.php\/2021\/10\/11\/a-magyar-es-a-szlovak-miniszterelnok-is-beszedet-mondott-a-maria-valeria-hidnal\/","name":"A magyar \u00e9s a szlov\u00e1k minisztereln\u00f6k is besz\u00e9det mondott a M\u00e1ria Val\u00e9ria h\u00eddn\u00e1l","isPartOf":{"@id":"https:\/\/dorogimedence.hu\/#website"},"primaryImageOfPage":{"@id":"https:\/\/dorogimedence.hu\/index.php\/2021\/10\/11\/a-magyar-es-a-szlovak-miniszterelnok-is-beszedet-mondott-a-maria-valeria-hidnal\/#primaryimage"},"image":{"@id":"https:\/\/dorogimedence.hu\/index.php\/2021\/10\/11\/a-magyar-es-a-szlovak-miniszterelnok-is-beszedet-mondott-a-maria-valeria-hidnal\/#primaryimage"},"thumbnailUrl":"https:\/\/dorogimedence.hu\/wp-content\/uploads\/2021\/10\/hidunnep-01.jpg","datePublished":"2021-10-11T18:03:40+00:00","dateModified":"2021-10-11T18:03:57+00:00","breadcrumb":{"@id":"https:\/\/dorogimedence.hu\/index.php\/2021\/10\/11\/a-magyar-es-a-szlovak-miniszterelnok-is-beszedet-mondott-a-maria-valeria-hidnal\/#breadcrumb"},"inLanguage":"hu","potentialAction":[{"@type":"ReadAction","target":["https:\/\/dorogimedence.hu\/index.php\/2021\/10\/11\/a-magyar-es-a-szlovak-miniszterelnok-is-beszedet-mondott-a-maria-valeria-hidnal\/"]}]},{"@type":"ImageObject","inLanguage":"hu","@id":"https:\/\/dorogimedence.hu\/index.php\/2021\/10\/11\/a-magyar-es-a-szlovak-miniszterelnok-is-beszedet-mondott-a-maria-valeria-hidnal\/#primaryimage","url":"https:\/\/dorogimedence.hu\/wp-content\/uploads\/2021\/10\/hidunnep-01.jpg","contentUrl":"https:\/\/dorogimedence.hu\/wp-content\/uploads\/2021\/10\/hidunnep-01.jpg","width":1920,"height":1157},{"@type":"BreadcrumbList","@id":"https:\/\/dorogimedence.hu\/index.php\/2021\/10\/11\/a-magyar-es-a-szlovak-miniszterelnok-is-beszedet-mondott-a-maria-valeria-hidnal\/#breadcrumb","itemListElement":[{"@type":"ListItem","position":1,"name":"Kezd\u0151lap","item":"https:\/\/dorogimedence.hu\/"},{"@type":"ListItem","position":2,"name":"A magyar \u00e9s a szlov\u00e1k minisztereln\u00f6k is besz\u00e9det mondott a M\u00e1ria Val\u00e9ria h\u00eddn\u00e1l"}]},{"@type":"WebSite","@id":"https:\/\/dorogimedence.hu\/#website","url":"https:\/\/dorogimedence.hu\/","name":"Dorogi-medence Region\u00e1lis H\u00edrport\u00e1l","description":"Dorog, Keszt\u00f6lc, Le\u00e1nyv\u00e1r, Piliscs\u00e9v, Tokod, Tokodalt\u00e1r\u00f3, Csolnok, Esztergom-kertv\u00e1ros: h\u00edrek, programok","publisher":{"@id":"https:\/\/dorogimedence.hu\/#organization"},"potentialAction":[{"@type":"SearchAction","target":{"@type":"EntryPoint","urlTemplate":"https:\/\/dorogimedence.hu\/?s={search_term_string}"},"query-input":{"@type":"PropertyValueSpecification","valueRequired":true,"valueName":"search_term_string"}}],"inLanguage":"hu"},{"@type":"Organization","@id":"https:\/\/dorogimedence.hu\/#organization","name":"Dorogi-medence Region\u00e1lis H\u00edrport\u00e1l","url":"https:\/\/dorogimedence.hu\/","logo":{"@type":"ImageObject","inLanguage":"hu","@id":"https:\/\/dorogimedence.hu\/#\/schema\/logo\/image\/","url":"https:\/\/dorogimedence.hu\/wp-content\/uploads\/2021\/04\/logo-feher-600.png","contentUrl":"https:\/\/dorogimedence.hu\/wp-content\/uploads\/2021\/04\/logo-feher-600.png","width":600,"height":100,"caption":"Dorogi-medence Region\u00e1lis H\u00edrport\u00e1l"},"image":{"@id":"https:\/\/dorogimedence.hu\/#\/schema\/logo\/image\/"},"sameAs":["https:\/\/www.facebook.com\/dorogimedence\/"]},{"@type":"Person","@id":"https:\/\/dorogimedence.hu\/#\/schema\/person\/ce6091eeb7e95ecdc87890d6aa8e0fd4","name":"dorogimedence.hu","image":{"@type":"ImageObject","inLanguage":"hu","@id":"\/\/www.gravatar.com\/avatar\/d8d45f8901aadff40a4af72c0b826f1d?s=96&#038;r=g&#038;d=mm","url":"\/\/www.gravatar.com\/avatar\/d8d45f8901aadff40a4af72c0b826f1d?s=96&#038;r=g&#038;d=mm","contentUrl":"\/\/www.gravatar.com\/avatar\/d8d45f8901aadff40a4af72c0b826f1d?s=96&#038;r=g&#038;d=mm","caption":"dorogimedence.hu"}}]}},"_links":{"self":[{"href":"https:\/\/dorogimedence.hu\/index.php\/wp-json\/wp\/v2\/posts\/37540","targetHints":{"allow":["GET"]}}],"collection":[{"href":"https:\/\/dorogimedence.hu\/index.php\/wp-json\/wp\/v2\/posts"}],"about":[{"href":"https:\/\/dorogimedence.hu\/index.php\/wp-json\/wp\/v2\/types\/post"}],"author":[{"embeddable":true,"href":"https:\/\/dorogimedence.hu\/index.php\/wp-json\/wp\/v2\/users\/1"}],"replies":[{"embeddable":true,"href":"https:\/\/dorogimedence.hu\/index.php\/wp-json\/wp\/v2\/comments?post=37540"}],"version-history":[{"count":0,"href":"https:\/\/dorogimedence.hu\/index.php\/wp-json\/wp\/v2\/posts\/37540\/revisions"}],"wp:featuredmedia":[{"embeddable":true,"href":"https:\/\/dorogimedence.hu\/index.php\/wp-json\/wp\/v2\/media\/37541"}],"wp:attachment":[{"href":"https:\/\/dorogimedence.hu\/index.php\/wp-json\/wp\/v2\/media?parent=37540"}],"wp:term":[{"taxonomy":"category","embeddable":true,"href":"https:\/\/dorogimedence.hu\/index.php\/wp-json\/wp\/v2\/categories?post=37540"},{"taxonomy":"post_tag","embeddable":true,"href":"https:\/\/dorogimedence.hu\/index.php\/wp-json\/wp\/v2\/tags?post=37540"}],"curies":[{"name":"wp","href":"https:\/\/api.w.org\/{rel}","templated":true}]}}