{"id":37532,"date":"2021-10-11T12:25:22","date_gmt":"2021-10-11T10:25:22","guid":{"rendered":"https:\/\/dorogimedence.hu\/?p=37532"},"modified":"2021-10-11T12:57:58","modified_gmt":"2021-10-11T10:57:58","slug":"emlekplakettet-vehetett-at-siska-gabor","status":"publish","type":"post","link":"https:\/\/dorogimedence.hu\/index.php\/2021\/10\/11\/emlekplakettet-vehetett-at-siska-gabor\/","title":{"rendered":"Eml\u00e9kplakettet vehetett \u00e1t Siska G\u00e1bor"},"content":{"rendered":"<div class=\"item_introtext\">\n<p><strong>Siska G\u00e1bor, a Keszt\u00f6lci \u00d6nk\u00e9ntes T\u0171zolt\u00f3 Egyes\u00fclet parancsnoka Gr\u00f3f Sz\u00e9chenyi \u00d6d\u00f6n Eml\u00e9kplakettet vehetett \u00e1t, a t\u0171zv\u00e9delem \u00e9rdek\u00e9ben huzamosabb id\u0151n \u00e1t ny\u00fajtott kiemelked\u0151 helyt\u00e1ll\u00e1s\u00e1\u00e9rt. Ez a legmagasabb kit\u00fcntet\u00e9s, amely az \u00f6nk\u00e9ntes t\u0171zolt\u00f3knak adhat\u00f3. Az Eml\u00e9kplakettet Dobson Tibor t\u0171zolt\u00f3 vez\u00e9r\u0151rnagy, a Magyar T\u0171zolt\u00f3 Sz\u00f6vets\u00e9g eln\u00f6ke adta \u00e1t 2021. okt\u00f3ber 9-\u00e9n a Parlamentben<\/strong> <em>\u2013 \u00edrja Keszt\u00f6lc telep\u00fcl\u00e9s a <a href=\"https:\/\/kesztolc.hu\/kesztolci-hirek\/v\/siska-gabort-kituntettek\/\" target=\"_blank\" rel=\"noopener\"><span style=\"text-decoration: underline; color: #0000ff;\">hivatalos honlapj\u00e1n<\/span><\/a>.<\/em><\/p>\n<\/div>\n<div class=\"item_fulltext\">\n<p>Siska G\u00e1bor 1988-ban iskol\u00e1sk\u00e9nt kapcsol\u00f3dott be a helyi t\u0171zolt\u00f3 egyes\u00fclet \u00e9let\u00e9be. 1990-t\u0151l m\u00e1r regisztr\u00e1lt ifj\u00fas\u00e1gi \u00f6nk\u00e9ntes t\u0171zolt\u00f3 \u00e9s iskolai di\u00e1kt\u0171zolt\u00f3 volt. Versenyek, gyakorlatok, majd id\u0151vel m\u00e1r kisebb k\u00e1resem\u00e9nyekhez, avart\u00fczekhez vonult. A j\u00e1r\u00e1si \u00e9s megyei csapatversenyek dobog\u00f3s eredm\u00e9nyei csak meger\u0151s\u00edtett\u00e9k tags\u00e1g\u00e1t. Az alapfok\u00fa t\u0171zolt\u00f3vizsg\u00e1t (40 \u00f3ra) k\u00f6vet\u0151en, kisg\u00e9pkezel\u0151i, t\u0171zolt\u00e1svezet\u0151i \u00e9s speci\u00e1lis szaktanfolyamok k\u00f6vetkeztek, valamint g\u00e9pj\u00e1rm\u0171vezet\u0151k\u00e9nt a megk\u00fcl\u00f6nb\u00f6ztet\u0151 jelz\u00e9sre t\u00f6rt\u00e9n\u0151 jogosults\u00e1g megszerz\u00e9se (5 \u00e9vente P\u00c1V I.) K\u00fcl\u00f6nb\u00f6z\u0151 beoszt\u00e1sok, feladatok, kih\u00edv\u00e1sok. Sorkatonak\u00e9nt t\u00f6bbek k\u00f6z\u00f6tt \u201et\u0171rajosk\u00e9nt\u201d is szolg\u00e1lt (k\u00e9szenl\u00e9ti t\u0171zolt\u00f3 raj). Leszerel\u00e9s ut\u00e1n parancsnok-helyettesnek, majd parancsnoknak nevezt\u00e9k ki az \u00d6TE \u00e1llom\u00e1ny\u00e1ba (2000). Eln\u00f6ki teend\u0151ket m\u00e1r ekkor \u00e1tvette, majd hivatalosan is az egyes\u00fclet vezet\u0151je lett. V\u00e9gig j\u00e1rta a \u201erangl\u00e9tr\u00e1t\u201d, bev\u00e1lasztott\u00e1k a Magyar T\u0171zolt\u00f3 Sz\u00f6vets\u00e9g KEM eln\u00f6ks\u00e9g\u00e9be, majd t\u00f6bbedmag\u00e1val a KEM-i Turul ment\u0151csoport alap\u00edt\u00f3 tagjai k\u00f6z\u00e9, ahol a 2. m\u0171szaki ment\u00e9si raj parancsnok\u00e1nak nevezt\u00e9k ki. Az ifj\u00fas\u00e1gi ut\u00e1np\u00f3tl\u00e1s nevel\u00e9s elind\u00edt\u00f3ja, az iskol\u00e1ban szakk\u00f6r\u00f6k, el\u0151ad\u00e1sok, p\u00e1lyaorient\u00e1ci\u00f3s foglalkoz\u00e1sok szervez\u0151je, a ny\u00e1ri id\u0151szakban pedig 2002-t\u0151l napjainkig sz\u00ednvonalas t\u00e1borokat, programokat szervez. A t\u00f6bb mint harminc \u00e9ve v\u00e9gzett szolg\u00e1lat alatt sz\u00e1mos kit\u00fcntet\u00e9st, elismer\u00e9st tudhat mag\u00e1\u00e9nak. T\u0171zolt\u00f3parancsnokk\u00e9nt, ment\u0151csoport rajparancsnokk\u00e9nt, k\u00f6zs\u00e9g\u00e9rt v\u00e9gzett tev\u00e9kenys\u00e9g\u00e9\u00e9rt (szolg\u00e1lati \u00e9rdem\u00e9rmek, kiemelked\u0151 helyt\u00e1ll\u00e1s\u00e9rt elismer\u00e9sek, \u00e1rv\u00edzv\u00e9delmi, h\u00f3helyzeti, speci\u00e1lis, v\u00edrushelyzeti kit\u00fcntet\u00e9sek). Igazi \u00f6nk\u00e9ntes, hiszen gyermekkora \u00f3ta \u00f6nk\u00e9ntes t\u0171zolt\u00f3, ezen k\u00edv\u00fcl \u00f6nk\u00e9ntes ment\u0151csoport tag, \u00f6nk\u00e9ntes tartal\u00e9kos katona \u00e9s nem mellesleg rendszeres \u00f6nk\u00e9ntes v\u00e9rad\u00f3 is. Tiszteletd\u00edj\u00e1r\u00f3l a kezdetekt\u0151l lemondott a vezet\u0151s\u00e9gi tagokkal egy\u00fctt az egyes\u00fclet jav\u00e1ra. A \u201ezsukkorszakon\u201d nevelkedett, de vezet\u0151k\u00e9nt hamar kereste a lehet\u0151s\u00e9get a korszer\u0171bb g\u00e9pj\u00e1rm\u0171vek, t\u0171zolt\u00e1si \u00e9s ment\u00e9stechnikai eszk\u00f6z\u00f6k beszerz\u00e9s\u00e9re. Alapjaiban v\u00e1ltoztatta meg a helyi \u00f6nk\u00e9ntes t\u0171zolt\u00f3 mozgalom feladatrendszer\u00e9t \u00e9s bevethet\u0151s\u00e9g\u00e9t. A rengeteg p\u00e1ly\u00e1zatnak meglett az eredm\u00e9nye, de szavai szerint nem lehet le\u00e1llni. A fejl\u0151d\u00e9s folyamatos. Jelenleg is folyamatban van t\u00f6bb p\u00e1ly\u00e1zat. A j\u00e1rm\u0171park, az eszk\u00f6zpark, ruh\u00e1zat \u00e9s kieg\u00e9sz\u00edt\u0151k tekintet\u00e9ben minden lehet\u0151s\u00e9get kihaszn\u00e1lva tette korszer\u0171v\u00e9 \u00e9s biztons\u00e1goss\u00e1 bajt\u00e1rsai sz\u00e1m\u00e1ra az egyes\u00fcletet \u00e9s munk\u00e1lkodik napjainkban tov\u00e1bbra is szerencs\u00e9re.<\/p>\n<p><em>Fot\u00f3, forr\u00e1s: kesztolc.hu<\/em><\/p>\n<\/div>\n","protected":false},"excerpt":{"rendered":"<p>Siska G\u00e1bor, a Keszt\u00f6lci \u00d6nk\u00e9ntes T\u0171zolt\u00f3 Egyes\u00fclet parancsnoka Gr\u00f3f Sz\u00e9chenyi \u00d6d\u00f6n Eml\u00e9kplakettet vehetett \u00e1t, a t\u0171zv\u00e9delem \u00e9rdek\u00e9ben huzamosabb id\u0151n \u00e1t ny\u00fajtott kiemelked\u0151 helyt\u00e1ll\u00e1s\u00e1\u00e9rt. Ez a legmagasabb kit\u00fcntet\u00e9s, amely az \u00f6nk\u00e9ntes t\u0171zolt\u00f3knak adhat\u00f3. Az Eml\u00e9kplakettet Dobson Tibor t\u0171zolt\u00f3 vez\u00e9r\u0151rnagy, a Magyar T\u0171zolt\u00f3 Sz\u00f6vets\u00e9g eln\u00f6ke adta \u00e1t 2021. okt\u00f3ber 9-\u00e9n a Parlamentben \u2013 \u00edrja Keszt\u00f6lc telep\u00fcl\u00e9s a<\/p>\n","protected":false},"author":1,"featured_media":37533,"comment_status":"closed","ping_status":"closed","sticky":false,"template":"","format":"standard","meta":{"ngg_post_thumbnail":0,"footnotes":""},"categories":[3,8],"tags":[129,519,6016,6017,65],"class_list":{"0":"post-37532","1":"post","2":"type-post","3":"status-publish","4":"format-standard","5":"has-post-thumbnail","7":"category-hirek","8":"category-kesztolc","9":"tag-kesztolc","10":"tag-kituntetes","11":"tag-ktasztrofavedelem","12":"tag-siska-gabor","13":"tag-tuzoltosag"},"yoast_head":"<!-- This site is optimized with the Yoast SEO plugin v27.4 - https:\/\/yoast.com\/product\/yoast-seo-wordpress\/ -->\n<title>Eml\u00e9kplakettet vehetett \u00e1t Siska G\u00e1bor<\/title>\n<meta name=\"robots\" content=\"index, follow, max-snippet:-1, max-image-preview:large, max-video-preview:-1\" \/>\n<link rel=\"canonical\" href=\"https:\/\/dorogimedence.hu\/index.php\/2021\/10\/11\/emlekplakettet-vehetett-at-siska-gabor\/\" class=\"yoast-seo-meta-tag\" \/>\n<meta property=\"og:locale\" content=\"hu_HU\" class=\"yoast-seo-meta-tag\" \/>\n<meta property=\"og:type\" content=\"article\" class=\"yoast-seo-meta-tag\" \/>\n<meta property=\"og:title\" content=\"Eml\u00e9kplakettet vehetett \u00e1t Siska G\u00e1bor\" class=\"yoast-seo-meta-tag\" \/>\n<meta property=\"og:description\" content=\"Siska G\u00e1bor, a Keszt\u00f6lci \u00d6nk\u00e9ntes T\u0171zolt\u00f3 Egyes\u00fclet parancsnoka Gr\u00f3f Sz\u00e9chenyi \u00d6d\u00f6n Eml\u00e9kplakettet vehetett \u00e1t, a t\u0171zv\u00e9delem \u00e9rdek\u00e9ben huzamosabb id\u0151n \u00e1t ny\u00fajtott kiemelked\u0151 helyt\u00e1ll\u00e1s\u00e1\u00e9rt. Ez a legmagasabb kit\u00fcntet\u00e9s, amely az \u00f6nk\u00e9ntes t\u0171zolt\u00f3knak adhat\u00f3. Az Eml\u00e9kplakettet Dobson Tibor t\u0171zolt\u00f3 vez\u00e9r\u0151rnagy, a Magyar T\u0171zolt\u00f3 Sz\u00f6vets\u00e9g eln\u00f6ke adta \u00e1t 2021. okt\u00f3ber 9-\u00e9n a Parlamentben \u2013 \u00edrja Keszt\u00f6lc telep\u00fcl\u00e9s a\" class=\"yoast-seo-meta-tag\" \/>\n<meta property=\"og:url\" content=\"https:\/\/dorogimedence.hu\/index.php\/2021\/10\/11\/emlekplakettet-vehetett-at-siska-gabor\/\" class=\"yoast-seo-meta-tag\" \/>\n<meta property=\"og:site_name\" content=\"Dorogi-medence Region\u00e1lis H\u00edrport\u00e1l\" class=\"yoast-seo-meta-tag\" \/>\n<meta property=\"article:publisher\" content=\"https:\/\/www.facebook.com\/dorogimedence\/\" class=\"yoast-seo-meta-tag\" \/>\n<meta property=\"article:published_time\" content=\"2021-10-11T10:25:22+00:00\" class=\"yoast-seo-meta-tag\" \/>\n<meta property=\"article:modified_time\" content=\"2021-10-11T10:57:58+00:00\" class=\"yoast-seo-meta-tag\" \/>\n<meta property=\"og:image\" content=\"https:\/\/i0.wp.com\/dorogimedence.hu\/wp-content\/uploads\/2021\/10\/siska-gabor-03.jpg?fit=1000%2C659&ssl=1\" class=\"yoast-seo-meta-tag\" \/>\n\t<meta property=\"og:image:width\" content=\"1000\" class=\"yoast-seo-meta-tag\" \/>\n\t<meta property=\"og:image:height\" content=\"659\" class=\"yoast-seo-meta-tag\" \/>\n\t<meta property=\"og:image:type\" content=\"image\/jpeg\" class=\"yoast-seo-meta-tag\" \/>\n<meta name=\"author\" content=\"dorogimedence.hu\" class=\"yoast-seo-meta-tag\" \/>\n<meta name=\"twitter:card\" content=\"summary_large_image\" class=\"yoast-seo-meta-tag\" \/>\n<meta name=\"twitter:label1\" content=\"Szerz\u0151:\" class=\"yoast-seo-meta-tag\" \/>\n\t<meta name=\"twitter:data1\" content=\"dorogimedence.hu\" class=\"yoast-seo-meta-tag\" \/>\n\t<meta name=\"twitter:label2\" content=\"Becs\u00fclt olvas\u00e1si id\u0151\" class=\"yoast-seo-meta-tag\" \/>\n\t<meta name=\"twitter:data2\" content=\"3 perc\" class=\"yoast-seo-meta-tag\" \/>\n<script type=\"application\/ld+json\" class=\"yoast-schema-graph\">{\"@context\":\"https:\\\/\\\/schema.org\",\"@graph\":[{\"@type\":\"Article\",\"@id\":\"https:\\\/\\\/dorogimedence.hu\\\/index.php\\\/2021\\\/10\\\/11\\\/emlekplakettet-vehetett-at-siska-gabor\\\/#article\",\"isPartOf\":{\"@id\":\"https:\\\/\\\/dorogimedence.hu\\\/index.php\\\/2021\\\/10\\\/11\\\/emlekplakettet-vehetett-at-siska-gabor\\\/\"},\"author\":{\"name\":\"dorogimedence.hu\",\"@id\":\"https:\\\/\\\/dorogimedence.hu\\\/#\\\/schema\\\/person\\\/ce6091eeb7e95ecdc87890d6aa8e0fd4\"},\"headline\":\"Eml\u00e9kplakettet vehetett \u00e1t Siska G\u00e1bor\",\"datePublished\":\"2021-10-11T10:25:22+00:00\",\"dateModified\":\"2021-10-11T10:57:58+00:00\",\"mainEntityOfPage\":{\"@id\":\"https:\\\/\\\/dorogimedence.hu\\\/index.php\\\/2021\\\/10\\\/11\\\/emlekplakettet-vehetett-at-siska-gabor\\\/\"},\"wordCount\":616,\"publisher\":{\"@id\":\"https:\\\/\\\/dorogimedence.hu\\\/#organization\"},\"image\":{\"@id\":\"https:\\\/\\\/dorogimedence.hu\\\/index.php\\\/2021\\\/10\\\/11\\\/emlekplakettet-vehetett-at-siska-gabor\\\/#primaryimage\"},\"thumbnailUrl\":\"https:\\\/\\\/dorogimedence.hu\\\/wp-content\\\/uploads\\\/2021\\\/10\\\/siska-gabor-03.jpg\",\"keywords\":[\"Keszt\u00f6lc\",\"kit\u00fcntet\u00e9s\",\"ktasztr\u00f3fav\u00e9delem\",\"Siska G\u00e1bor\",\"t\u0171zolt\u00f3s\u00e1g\"],\"articleSection\":[\"H\u00edrek\",\"Keszt\u00f6lc\"],\"inLanguage\":\"hu\"},{\"@type\":\"WebPage\",\"@id\":\"https:\\\/\\\/dorogimedence.hu\\\/index.php\\\/2021\\\/10\\\/11\\\/emlekplakettet-vehetett-at-siska-gabor\\\/\",\"url\":\"https:\\\/\\\/dorogimedence.hu\\\/index.php\\\/2021\\\/10\\\/11\\\/emlekplakettet-vehetett-at-siska-gabor\\\/\",\"name\":\"Eml\u00e9kplakettet vehetett \u00e1t Siska G\u00e1bor\",\"isPartOf\":{\"@id\":\"https:\\\/\\\/dorogimedence.hu\\\/#website\"},\"primaryImageOfPage\":{\"@id\":\"https:\\\/\\\/dorogimedence.hu\\\/index.php\\\/2021\\\/10\\\/11\\\/emlekplakettet-vehetett-at-siska-gabor\\\/#primaryimage\"},\"image\":{\"@id\":\"https:\\\/\\\/dorogimedence.hu\\\/index.php\\\/2021\\\/10\\\/11\\\/emlekplakettet-vehetett-at-siska-gabor\\\/#primaryimage\"},\"thumbnailUrl\":\"https:\\\/\\\/dorogimedence.hu\\\/wp-content\\\/uploads\\\/2021\\\/10\\\/siska-gabor-03.jpg\",\"datePublished\":\"2021-10-11T10:25:22+00:00\",\"dateModified\":\"2021-10-11T10:57:58+00:00\",\"breadcrumb\":{\"@id\":\"https:\\\/\\\/dorogimedence.hu\\\/index.php\\\/2021\\\/10\\\/11\\\/emlekplakettet-vehetett-at-siska-gabor\\\/#breadcrumb\"},\"inLanguage\":\"hu\",\"potentialAction\":[{\"@type\":\"ReadAction\",\"target\":[\"https:\\\/\\\/dorogimedence.hu\\\/index.php\\\/2021\\\/10\\\/11\\\/emlekplakettet-vehetett-at-siska-gabor\\\/\"]}]},{\"@type\":\"ImageObject\",\"inLanguage\":\"hu\",\"@id\":\"https:\\\/\\\/dorogimedence.hu\\\/index.php\\\/2021\\\/10\\\/11\\\/emlekplakettet-vehetett-at-siska-gabor\\\/#primaryimage\",\"url\":\"https:\\\/\\\/dorogimedence.hu\\\/wp-content\\\/uploads\\\/2021\\\/10\\\/siska-gabor-03.jpg\",\"contentUrl\":\"https:\\\/\\\/dorogimedence.hu\\\/wp-content\\\/uploads\\\/2021\\\/10\\\/siska-gabor-03.jpg\",\"width\":1000,\"height\":659},{\"@type\":\"BreadcrumbList\",\"@id\":\"https:\\\/\\\/dorogimedence.hu\\\/index.php\\\/2021\\\/10\\\/11\\\/emlekplakettet-vehetett-at-siska-gabor\\\/#breadcrumb\",\"itemListElement\":[{\"@type\":\"ListItem\",\"position\":1,\"name\":\"Kezd\u0151lap\",\"item\":\"https:\\\/\\\/dorogimedence.hu\\\/\"},{\"@type\":\"ListItem\",\"position\":2,\"name\":\"Eml\u00e9kplakettet vehetett \u00e1t Siska G\u00e1bor\"}]},{\"@type\":\"WebSite\",\"@id\":\"https:\\\/\\\/dorogimedence.hu\\\/#website\",\"url\":\"https:\\\/\\\/dorogimedence.hu\\\/\",\"name\":\"Dorogi-medence Region\u00e1lis H\u00edrport\u00e1l\",\"description\":\"Dorog, Keszt\u00f6lc, Le\u00e1nyv\u00e1r, Piliscs\u00e9v, Tokod, Tokodalt\u00e1r\u00f3, Csolnok, Esztergom-kertv\u00e1ros: h\u00edrek, programok\",\"publisher\":{\"@id\":\"https:\\\/\\\/dorogimedence.hu\\\/#organization\"},\"potentialAction\":[{\"@type\":\"SearchAction\",\"target\":{\"@type\":\"EntryPoint\",\"urlTemplate\":\"https:\\\/\\\/dorogimedence.hu\\\/?s={search_term_string}\"},\"query-input\":{\"@type\":\"PropertyValueSpecification\",\"valueRequired\":true,\"valueName\":\"search_term_string\"}}],\"inLanguage\":\"hu\"},{\"@type\":\"Organization\",\"@id\":\"https:\\\/\\\/dorogimedence.hu\\\/#organization\",\"name\":\"Dorogi-medence Region\u00e1lis H\u00edrport\u00e1l\",\"url\":\"https:\\\/\\\/dorogimedence.hu\\\/\",\"logo\":{\"@type\":\"ImageObject\",\"inLanguage\":\"hu\",\"@id\":\"https:\\\/\\\/dorogimedence.hu\\\/#\\\/schema\\\/logo\\\/image\\\/\",\"url\":\"https:\\\/\\\/dorogimedence.hu\\\/wp-content\\\/uploads\\\/2021\\\/04\\\/logo-feher-600.png\",\"contentUrl\":\"https:\\\/\\\/dorogimedence.hu\\\/wp-content\\\/uploads\\\/2021\\\/04\\\/logo-feher-600.png\",\"width\":600,\"height\":100,\"caption\":\"Dorogi-medence Region\u00e1lis H\u00edrport\u00e1l\"},\"image\":{\"@id\":\"https:\\\/\\\/dorogimedence.hu\\\/#\\\/schema\\\/logo\\\/image\\\/\"},\"sameAs\":[\"https:\\\/\\\/www.facebook.com\\\/dorogimedence\\\/\"]},{\"@type\":\"Person\",\"@id\":\"https:\\\/\\\/dorogimedence.hu\\\/#\\\/schema\\\/person\\\/ce6091eeb7e95ecdc87890d6aa8e0fd4\",\"name\":\"dorogimedence.hu\",\"image\":{\"@type\":\"ImageObject\",\"inLanguage\":\"hu\",\"@id\":\"\\\/\\\/www.gravatar.com\\\/avatar\\\/d8d45f8901aadff40a4af72c0b826f1d?s=96&#038;r=g&#038;d=mm\",\"url\":\"\\\/\\\/www.gravatar.com\\\/avatar\\\/d8d45f8901aadff40a4af72c0b826f1d?s=96&#038;r=g&#038;d=mm\",\"contentUrl\":\"\\\/\\\/www.gravatar.com\\\/avatar\\\/d8d45f8901aadff40a4af72c0b826f1d?s=96&#038;r=g&#038;d=mm\",\"caption\":\"dorogimedence.hu\"}}]}<\/script>\n<!-- \/ Yoast SEO plugin. -->","yoast_head_json":{"title":"Eml\u00e9kplakettet vehetett \u00e1t Siska G\u00e1bor","robots":{"index":"index","follow":"follow","max-snippet":"max-snippet:-1","max-image-preview":"max-image-preview:large","max-video-preview":"max-video-preview:-1"},"canonical":"https:\/\/dorogimedence.hu\/index.php\/2021\/10\/11\/emlekplakettet-vehetett-at-siska-gabor\/","og_locale":"hu_HU","og_type":"article","og_title":"Eml\u00e9kplakettet vehetett \u00e1t Siska G\u00e1bor","og_description":"Siska G\u00e1bor, a Keszt\u00f6lci \u00d6nk\u00e9ntes T\u0171zolt\u00f3 Egyes\u00fclet parancsnoka Gr\u00f3f Sz\u00e9chenyi \u00d6d\u00f6n Eml\u00e9kplakettet vehetett \u00e1t, a t\u0171zv\u00e9delem \u00e9rdek\u00e9ben huzamosabb id\u0151n \u00e1t ny\u00fajtott kiemelked\u0151 helyt\u00e1ll\u00e1s\u00e1\u00e9rt. Ez a legmagasabb kit\u00fcntet\u00e9s, amely az \u00f6nk\u00e9ntes t\u0171zolt\u00f3knak adhat\u00f3. Az Eml\u00e9kplakettet Dobson Tibor t\u0171zolt\u00f3 vez\u00e9r\u0151rnagy, a Magyar T\u0171zolt\u00f3 Sz\u00f6vets\u00e9g eln\u00f6ke adta \u00e1t 2021. okt\u00f3ber 9-\u00e9n a Parlamentben \u2013 \u00edrja Keszt\u00f6lc telep\u00fcl\u00e9s a","og_url":"https:\/\/dorogimedence.hu\/index.php\/2021\/10\/11\/emlekplakettet-vehetett-at-siska-gabor\/","og_site_name":"Dorogi-medence Region\u00e1lis H\u00edrport\u00e1l","article_publisher":"https:\/\/www.facebook.com\/dorogimedence\/","article_published_time":"2021-10-11T10:25:22+00:00","article_modified_time":"2021-10-11T10:57:58+00:00","og_image":[{"width":1000,"height":659,"url":"https:\/\/i0.wp.com\/dorogimedence.hu\/wp-content\/uploads\/2021\/10\/siska-gabor-03.jpg?fit=1000%2C659&ssl=1","type":"image\/jpeg"}],"author":"dorogimedence.hu","twitter_card":"summary_large_image","twitter_misc":{"Szerz\u0151:":"dorogimedence.hu","Becs\u00fclt olvas\u00e1si id\u0151":"3 perc"},"schema":{"@context":"https:\/\/schema.org","@graph":[{"@type":"Article","@id":"https:\/\/dorogimedence.hu\/index.php\/2021\/10\/11\/emlekplakettet-vehetett-at-siska-gabor\/#article","isPartOf":{"@id":"https:\/\/dorogimedence.hu\/index.php\/2021\/10\/11\/emlekplakettet-vehetett-at-siska-gabor\/"},"author":{"name":"dorogimedence.hu","@id":"https:\/\/dorogimedence.hu\/#\/schema\/person\/ce6091eeb7e95ecdc87890d6aa8e0fd4"},"headline":"Eml\u00e9kplakettet vehetett \u00e1t Siska G\u00e1bor","datePublished":"2021-10-11T10:25:22+00:00","dateModified":"2021-10-11T10:57:58+00:00","mainEntityOfPage":{"@id":"https:\/\/dorogimedence.hu\/index.php\/2021\/10\/11\/emlekplakettet-vehetett-at-siska-gabor\/"},"wordCount":616,"publisher":{"@id":"https:\/\/dorogimedence.hu\/#organization"},"image":{"@id":"https:\/\/dorogimedence.hu\/index.php\/2021\/10\/11\/emlekplakettet-vehetett-at-siska-gabor\/#primaryimage"},"thumbnailUrl":"https:\/\/dorogimedence.hu\/wp-content\/uploads\/2021\/10\/siska-gabor-03.jpg","keywords":["Keszt\u00f6lc","kit\u00fcntet\u00e9s","ktasztr\u00f3fav\u00e9delem","Siska G\u00e1bor","t\u0171zolt\u00f3s\u00e1g"],"articleSection":["H\u00edrek","Keszt\u00f6lc"],"inLanguage":"hu"},{"@type":"WebPage","@id":"https:\/\/dorogimedence.hu\/index.php\/2021\/10\/11\/emlekplakettet-vehetett-at-siska-gabor\/","url":"https:\/\/dorogimedence.hu\/index.php\/2021\/10\/11\/emlekplakettet-vehetett-at-siska-gabor\/","name":"Eml\u00e9kplakettet vehetett \u00e1t Siska G\u00e1bor","isPartOf":{"@id":"https:\/\/dorogimedence.hu\/#website"},"primaryImageOfPage":{"@id":"https:\/\/dorogimedence.hu\/index.php\/2021\/10\/11\/emlekplakettet-vehetett-at-siska-gabor\/#primaryimage"},"image":{"@id":"https:\/\/dorogimedence.hu\/index.php\/2021\/10\/11\/emlekplakettet-vehetett-at-siska-gabor\/#primaryimage"},"thumbnailUrl":"https:\/\/dorogimedence.hu\/wp-content\/uploads\/2021\/10\/siska-gabor-03.jpg","datePublished":"2021-10-11T10:25:22+00:00","dateModified":"2021-10-11T10:57:58+00:00","breadcrumb":{"@id":"https:\/\/dorogimedence.hu\/index.php\/2021\/10\/11\/emlekplakettet-vehetett-at-siska-gabor\/#breadcrumb"},"inLanguage":"hu","potentialAction":[{"@type":"ReadAction","target":["https:\/\/dorogimedence.hu\/index.php\/2021\/10\/11\/emlekplakettet-vehetett-at-siska-gabor\/"]}]},{"@type":"ImageObject","inLanguage":"hu","@id":"https:\/\/dorogimedence.hu\/index.php\/2021\/10\/11\/emlekplakettet-vehetett-at-siska-gabor\/#primaryimage","url":"https:\/\/dorogimedence.hu\/wp-content\/uploads\/2021\/10\/siska-gabor-03.jpg","contentUrl":"https:\/\/dorogimedence.hu\/wp-content\/uploads\/2021\/10\/siska-gabor-03.jpg","width":1000,"height":659},{"@type":"BreadcrumbList","@id":"https:\/\/dorogimedence.hu\/index.php\/2021\/10\/11\/emlekplakettet-vehetett-at-siska-gabor\/#breadcrumb","itemListElement":[{"@type":"ListItem","position":1,"name":"Kezd\u0151lap","item":"https:\/\/dorogimedence.hu\/"},{"@type":"ListItem","position":2,"name":"Eml\u00e9kplakettet vehetett \u00e1t Siska G\u00e1bor"}]},{"@type":"WebSite","@id":"https:\/\/dorogimedence.hu\/#website","url":"https:\/\/dorogimedence.hu\/","name":"Dorogi-medence Region\u00e1lis H\u00edrport\u00e1l","description":"Dorog, Keszt\u00f6lc, Le\u00e1nyv\u00e1r, Piliscs\u00e9v, Tokod, Tokodalt\u00e1r\u00f3, Csolnok, Esztergom-kertv\u00e1ros: h\u00edrek, programok","publisher":{"@id":"https:\/\/dorogimedence.hu\/#organization"},"potentialAction":[{"@type":"SearchAction","target":{"@type":"EntryPoint","urlTemplate":"https:\/\/dorogimedence.hu\/?s={search_term_string}"},"query-input":{"@type":"PropertyValueSpecification","valueRequired":true,"valueName":"search_term_string"}}],"inLanguage":"hu"},{"@type":"Organization","@id":"https:\/\/dorogimedence.hu\/#organization","name":"Dorogi-medence Region\u00e1lis H\u00edrport\u00e1l","url":"https:\/\/dorogimedence.hu\/","logo":{"@type":"ImageObject","inLanguage":"hu","@id":"https:\/\/dorogimedence.hu\/#\/schema\/logo\/image\/","url":"https:\/\/dorogimedence.hu\/wp-content\/uploads\/2021\/04\/logo-feher-600.png","contentUrl":"https:\/\/dorogimedence.hu\/wp-content\/uploads\/2021\/04\/logo-feher-600.png","width":600,"height":100,"caption":"Dorogi-medence Region\u00e1lis H\u00edrport\u00e1l"},"image":{"@id":"https:\/\/dorogimedence.hu\/#\/schema\/logo\/image\/"},"sameAs":["https:\/\/www.facebook.com\/dorogimedence\/"]},{"@type":"Person","@id":"https:\/\/dorogimedence.hu\/#\/schema\/person\/ce6091eeb7e95ecdc87890d6aa8e0fd4","name":"dorogimedence.hu","image":{"@type":"ImageObject","inLanguage":"hu","@id":"\/\/www.gravatar.com\/avatar\/d8d45f8901aadff40a4af72c0b826f1d?s=96&#038;r=g&#038;d=mm","url":"\/\/www.gravatar.com\/avatar\/d8d45f8901aadff40a4af72c0b826f1d?s=96&#038;r=g&#038;d=mm","contentUrl":"\/\/www.gravatar.com\/avatar\/d8d45f8901aadff40a4af72c0b826f1d?s=96&#038;r=g&#038;d=mm","caption":"dorogimedence.hu"}}]}},"_links":{"self":[{"href":"https:\/\/dorogimedence.hu\/index.php\/wp-json\/wp\/v2\/posts\/37532","targetHints":{"allow":["GET"]}}],"collection":[{"href":"https:\/\/dorogimedence.hu\/index.php\/wp-json\/wp\/v2\/posts"}],"about":[{"href":"https:\/\/dorogimedence.hu\/index.php\/wp-json\/wp\/v2\/types\/post"}],"author":[{"embeddable":true,"href":"https:\/\/dorogimedence.hu\/index.php\/wp-json\/wp\/v2\/users\/1"}],"replies":[{"embeddable":true,"href":"https:\/\/dorogimedence.hu\/index.php\/wp-json\/wp\/v2\/comments?post=37532"}],"version-history":[{"count":0,"href":"https:\/\/dorogimedence.hu\/index.php\/wp-json\/wp\/v2\/posts\/37532\/revisions"}],"wp:featuredmedia":[{"embeddable":true,"href":"https:\/\/dorogimedence.hu\/index.php\/wp-json\/wp\/v2\/media\/37533"}],"wp:attachment":[{"href":"https:\/\/dorogimedence.hu\/index.php\/wp-json\/wp\/v2\/media?parent=37532"}],"wp:term":[{"taxonomy":"category","embeddable":true,"href":"https:\/\/dorogimedence.hu\/index.php\/wp-json\/wp\/v2\/categories?post=37532"},{"taxonomy":"post_tag","embeddable":true,"href":"https:\/\/dorogimedence.hu\/index.php\/wp-json\/wp\/v2\/tags?post=37532"}],"curies":[{"name":"wp","href":"https:\/\/api.w.org\/{rel}","templated":true}]}}