{"id":37519,"date":"2021-10-11T10:00:18","date_gmt":"2021-10-11T08:00:18","guid":{"rendered":"https:\/\/dorogimedence.hu\/?p=37519"},"modified":"2021-10-11T11:18:27","modified_gmt":"2021-10-11T09:18:27","slug":"mintegy-ketszaz-onkentes-gyakorlatozott-neszmelyen","status":"publish","type":"post","link":"https:\/\/dorogimedence.hu\/index.php\/2021\/10\/11\/mintegy-ketszaz-onkentes-gyakorlatozott-neszmelyen\/","title":{"rendered":"Mintegy k\u00e9tsz\u00e1z \u00f6nk\u00e9ntes gyakorlatozott Neszm\u00e9lyen"},"content":{"rendered":"<p><strong>Tizenegy telep\u00fcl\u00e9sr\u0151l \u2013 k\u00f6zt\u00fck Tokodalt\u00e1r\u00f3r\u00f3l, S\u00e1ris\u00e1pr\u00f3l, Le\u00e1nyv\u00e1rr\u00f3l \u00e9s Bajn\u00e1r\u00f3l is \u2013 k\u00f6zel k\u00e9tsz\u00e1z \u00f6nk\u00e9ntes r\u00e9szv\u00e9tel\u00e9vel zajlott szombaton a telep\u00fcl\u00e9si ment\u0151szervezetek gyakorlata Neszm\u00e9lyen.<\/strong><\/p>\n<p>A Nemzeti Min\u0151s\u00edt\u00e9si Rendszer krit\u00e9riuma szerint vizsg\u00e1ztak a k\u00f6rny\u00e9k \u00f6nk\u00e9ntesei az alapvet\u0151 v\u00edzk\u00e1r-, \u00e9s vihark\u00e1r-elh\u00e1r\u00edt\u00e1si feladatok v\u00e9grehajt\u00e1s\u00e1b\u00f3l szombaton, Neszm\u00e9lyen. A gyakorlat els\u0151dleges c\u00e9lja volt, hogy a telep\u00fcl\u00e9seken, \u00f6nk\u00e9ntes ment\u0151csoportokban tev\u00e9kenyked\u0151k felk\u00e9sz\u00fcljenek az esetleges viharok, tart\u00f3s es\u0151z\u00e9sek, \u00e1rvizek okozta k\u00e1rok elh\u00e1r\u00edt\u00e1s\u00e1ra, felsz\u00e1mol\u00e1s\u00e1ra, majd az ezt k\u00f6vet\u0151 helyre\u00e1ll\u00edt\u00e1sra. A katasztr\u00f3fav\u00e9delem \u00e1ltal szervezett gyakorlaton ez alkalommal is c\u00e9lk\u00e9nt fogalmaz\u00f3dott meg az \u00e9rt\u00e9kteremt\u00e9s, \u00edgy az \u00f6nk\u00e9ntesek a gyakorlat keret\u00e9ben a telep\u00fcl\u00e9sen fut\u00f3 Ny\u00e1raska-patak medr\u00e9t is megtiszt\u00edtott\u00e1k.<\/p>\n<p><img fetchpriority=\"high\" decoding=\"async\" class=\"alignnone size-full wp-image-37523\" src=\"https:\/\/dorogimedence.hu\/wp-content\/uploads\/2021\/10\/956259.jpg\" alt=\"\" width=\"1024\" height=\"680\" srcset=\"https:\/\/dorogimedence.hu\/wp-content\/uploads\/2021\/10\/956259.jpg 1024w, https:\/\/dorogimedence.hu\/wp-content\/uploads\/2021\/10\/956259-300x199.jpg 300w, https:\/\/dorogimedence.hu\/wp-content\/uploads\/2021\/10\/956259-768x510.jpg 768w, https:\/\/dorogimedence.hu\/wp-content\/uploads\/2021\/10\/956259-150x100.jpg 150w, https:\/\/dorogimedence.hu\/wp-content\/uploads\/2021\/10\/956259-450x299.jpg 450w, https:\/\/dorogimedence.hu\/wp-content\/uploads\/2021\/10\/956259-272x182.jpg 272w\" sizes=\"(max-width: 1024px) 100vw, 1024px\" \/><\/p>\n<p>A gyakorlat kezdet\u00e9n Benye J\u00e1nos t\u0171zolt\u00f3 ezredes, polg\u00e1ri v\u00e9delmi fel\u00fcgyel\u0151, a gyakorlat vezet\u0151je k\u00f6sz\u00f6nt\u00f6tte a megjelenteket, majd Jaczkovics P\u00e9ter t\u0171zolt\u00f3 ezredes, a HUNOR Ment\u0151szervezet parancsnoka, az Orsz\u00e1gos Katasztr\u00f3fav\u00e9delmi F\u0151igazgat\u00f3s\u00e1g k\u00e9pviselet\u00e9ben j\u00f3 munk\u00e1t k\u00edv\u00e1nt a gyakorlat feladatainak v\u00e9grehajt\u00e1s\u00e1hoz. A gyakorlaton megjelent telep\u00fcl\u00e9sek (Neszm\u00e9ly, Tokodalt\u00e1r\u00f3, S\u00e1ris\u00e1p, Bajna, K\u00f6rnye, Tata, \u00c1cs, B\u00e1bolna, Bakonyb\u00e1nk, Cs\u00e1sz\u00e1r, Oroszl\u00e1ny) ment\u0151szervezetei ezut\u00e1n a hivat\u00e1sos katasztr\u00f3fav\u00e9delmi szerv, valamint az \u00c9szak-Dun\u00e1nt\u00fali V\u00edz\u00fcgyi Igazgat\u00f3s\u00e1g szakmai fel\u00fcgyelete mellett kezdt\u00e9k meg a munk\u00e1t.<\/p>\n<p>A sikeres v\u00e9grehajt\u00e1st k\u00f6vet\u0151en a telep\u00fcl\u00e9si ment\u0151szervezetek az \u00e9rt\u00e9kel\u00e9s szerint megfelelt min\u0151s\u00edt\u00e9st kaptak, \u00edgy \u00fajabb \u00f6t \u00e9vre szerezt\u00e9k meg min\u0151s\u00edt\u00e9s\u00fcket az alapvet\u0151 vihark\u00e1r, \u00e9s alapvet\u0151 v\u00edzk\u00e1rok elh\u00e1r\u00edt\u00e1s\u00e1ra, ezzel is er\u0151s\u00edtve megy\u00e9nk v\u00e9delm\u00e9t a kritikus id\u0151szakokban. A min\u0151s\u00edt\u00e9st igazol\u00f3 oklevelekhez Szunyog Zolt\u00e1n t\u0171zolt\u00f3 ezredes megyei igazgat\u00f3 is gratul\u00e1lt.<\/p>\n<p><img decoding=\"async\" class=\"alignnone size-full wp-image-37524\" src=\"https:\/\/dorogimedence.hu\/wp-content\/uploads\/2021\/10\/956237.jpg\" alt=\"\" width=\"1024\" height=\"680\" srcset=\"https:\/\/dorogimedence.hu\/wp-content\/uploads\/2021\/10\/956237.jpg 1024w, https:\/\/dorogimedence.hu\/wp-content\/uploads\/2021\/10\/956237-300x199.jpg 300w, https:\/\/dorogimedence.hu\/wp-content\/uploads\/2021\/10\/956237-768x510.jpg 768w, https:\/\/dorogimedence.hu\/wp-content\/uploads\/2021\/10\/956237-150x100.jpg 150w, https:\/\/dorogimedence.hu\/wp-content\/uploads\/2021\/10\/956237-450x299.jpg 450w, https:\/\/dorogimedence.hu\/wp-content\/uploads\/2021\/10\/956237-272x182.jpg 272w\" sizes=\"(max-width: 1024px) 100vw, 1024px\" \/><\/p>\n<p><em>Forr\u00e1s: komarom.katasztrofavedelem.hu<br \/>\nFot\u00f3k: Varga Mih\u00e1ly Sebesty\u00e9n t\u0171. fhdgy.<\/em><\/p>\n","protected":false},"excerpt":{"rendered":"<p>Tizenegy telep\u00fcl\u00e9sr\u0151l \u2013 k\u00f6zt\u00fck Tokodalt\u00e1r\u00f3r\u00f3l, S\u00e1ris\u00e1pr\u00f3l, Le\u00e1nyv\u00e1rr\u00f3l \u00e9s Bajn\u00e1r\u00f3l is \u2013 k\u00f6zel k\u00e9tsz\u00e1z \u00f6nk\u00e9ntes r\u00e9szv\u00e9tel\u00e9vel zajlott szombaton a telep\u00fcl\u00e9si ment\u0151szervezetek gyakorlata Neszm\u00e9lyen. A Nemzeti Min\u0151s\u00edt\u00e9si Rendszer krit\u00e9riuma szerint vizsg\u00e1ztak a k\u00f6rny\u00e9k \u00f6nk\u00e9ntesei az alapvet\u0151 v\u00edzk\u00e1r-, \u00e9s vihark\u00e1r-elh\u00e1r\u00edt\u00e1si feladatok v\u00e9grehajt\u00e1s\u00e1b\u00f3l szombaton, Neszm\u00e9lyen. A gyakorlat els\u0151dleges c\u00e9lja volt, hogy a telep\u00fcl\u00e9seken, \u00f6nk\u00e9ntes ment\u0151csoportokban tev\u00e9kenyked\u0151k felk\u00e9sz\u00fcljenek az esetleges<\/p>\n","protected":false},"author":1,"featured_media":37520,"comment_status":"closed","ping_status":"closed","sticky":false,"template":"","format":"standard","meta":{"ngg_post_thumbnail":0,"footnotes":""},"categories":[3],"tags":[249,909,6015,175,2019,423,47,65],"class_list":{"0":"post-37519","1":"post","2":"type-post","3":"status-publish","4":"format-standard","5":"has-post-thumbnail","7":"category-hirek","8":"tag-bajna","9":"tag-gyakorlat","10":"tag-gyakorlatozas","11":"tag-katasztrofavedelem","12":"tag-neszmely","13":"tag-sarisap","14":"tag-tokodaltaro","15":"tag-tuzoltosag"},"yoast_head":"<!-- This site is optimized with the Yoast SEO plugin v27.5 - https:\/\/yoast.com\/product\/yoast-seo-wordpress\/ -->\n<title>Mintegy k\u00e9tsz\u00e1z \u00f6nk\u00e9ntes gyakorlatozott Neszm\u00e9lyen<\/title>\n<meta name=\"robots\" content=\"index, follow, max-snippet:-1, max-image-preview:large, max-video-preview:-1\" \/>\n<link rel=\"canonical\" href=\"https:\/\/dorogimedence.hu\/index.php\/2021\/10\/11\/mintegy-ketszaz-onkentes-gyakorlatozott-neszmelyen\/\" class=\"yoast-seo-meta-tag\" \/>\n<meta property=\"og:locale\" content=\"hu_HU\" class=\"yoast-seo-meta-tag\" \/>\n<meta property=\"og:type\" content=\"article\" class=\"yoast-seo-meta-tag\" \/>\n<meta property=\"og:title\" content=\"Mintegy k\u00e9tsz\u00e1z \u00f6nk\u00e9ntes gyakorlatozott Neszm\u00e9lyen\" class=\"yoast-seo-meta-tag\" \/>\n<meta property=\"og:description\" content=\"Tizenegy telep\u00fcl\u00e9sr\u0151l \u2013 k\u00f6zt\u00fck Tokodalt\u00e1r\u00f3r\u00f3l, S\u00e1ris\u00e1pr\u00f3l, Le\u00e1nyv\u00e1rr\u00f3l \u00e9s Bajn\u00e1r\u00f3l is \u2013 k\u00f6zel k\u00e9tsz\u00e1z \u00f6nk\u00e9ntes r\u00e9szv\u00e9tel\u00e9vel zajlott szombaton a telep\u00fcl\u00e9si ment\u0151szervezetek gyakorlata Neszm\u00e9lyen. A Nemzeti Min\u0151s\u00edt\u00e9si Rendszer krit\u00e9riuma szerint vizsg\u00e1ztak a k\u00f6rny\u00e9k \u00f6nk\u00e9ntesei az alapvet\u0151 v\u00edzk\u00e1r-, \u00e9s vihark\u00e1r-elh\u00e1r\u00edt\u00e1si feladatok v\u00e9grehajt\u00e1s\u00e1b\u00f3l szombaton, Neszm\u00e9lyen. A gyakorlat els\u0151dleges c\u00e9lja volt, hogy a telep\u00fcl\u00e9seken, \u00f6nk\u00e9ntes ment\u0151csoportokban tev\u00e9kenyked\u0151k felk\u00e9sz\u00fcljenek az esetleges\" class=\"yoast-seo-meta-tag\" \/>\n<meta property=\"og:url\" content=\"https:\/\/dorogimedence.hu\/index.php\/2021\/10\/11\/mintegy-ketszaz-onkentes-gyakorlatozott-neszmelyen\/\" class=\"yoast-seo-meta-tag\" \/>\n<meta property=\"og:site_name\" content=\"Dorogi-medence Region\u00e1lis H\u00edrport\u00e1l\" class=\"yoast-seo-meta-tag\" \/>\n<meta property=\"article:publisher\" content=\"https:\/\/www.facebook.com\/dorogimedence\/\" class=\"yoast-seo-meta-tag\" \/>\n<meta property=\"article:published_time\" content=\"2021-10-11T08:00:18+00:00\" class=\"yoast-seo-meta-tag\" \/>\n<meta property=\"article:modified_time\" content=\"2021-10-11T09:18:27+00:00\" class=\"yoast-seo-meta-tag\" \/>\n<meta property=\"og:image\" content=\"https:\/\/i0.wp.com\/dorogimedence.hu\/wp-content\/uploads\/2021\/10\/956233.jpg?fit=1024%2C680&ssl=1\" class=\"yoast-seo-meta-tag\" \/>\n\t<meta property=\"og:image:width\" content=\"1024\" class=\"yoast-seo-meta-tag\" \/>\n\t<meta property=\"og:image:height\" content=\"680\" class=\"yoast-seo-meta-tag\" \/>\n\t<meta property=\"og:image:type\" content=\"image\/jpeg\" class=\"yoast-seo-meta-tag\" \/>\n<meta name=\"author\" content=\"dorogimedence.hu\" class=\"yoast-seo-meta-tag\" \/>\n<meta name=\"twitter:card\" content=\"summary_large_image\" class=\"yoast-seo-meta-tag\" \/>\n<meta name=\"twitter:label1\" content=\"Szerz\u0151:\" class=\"yoast-seo-meta-tag\" \/>\n\t<meta name=\"twitter:data1\" content=\"dorogimedence.hu\" class=\"yoast-seo-meta-tag\" \/>\n\t<meta name=\"twitter:label2\" content=\"Becs\u00fclt olvas\u00e1si id\u0151\" class=\"yoast-seo-meta-tag\" \/>\n\t<meta name=\"twitter:data2\" content=\"2 perc\" class=\"yoast-seo-meta-tag\" \/>\n<script type=\"application\/ld+json\" class=\"yoast-schema-graph\">{\"@context\":\"https:\\\/\\\/schema.org\",\"@graph\":[{\"@type\":\"Article\",\"@id\":\"https:\\\/\\\/dorogimedence.hu\\\/index.php\\\/2021\\\/10\\\/11\\\/mintegy-ketszaz-onkentes-gyakorlatozott-neszmelyen\\\/#article\",\"isPartOf\":{\"@id\":\"https:\\\/\\\/dorogimedence.hu\\\/index.php\\\/2021\\\/10\\\/11\\\/mintegy-ketszaz-onkentes-gyakorlatozott-neszmelyen\\\/\"},\"author\":{\"name\":\"dorogimedence.hu\",\"@id\":\"https:\\\/\\\/dorogimedence.hu\\\/#\\\/schema\\\/person\\\/ce6091eeb7e95ecdc87890d6aa8e0fd4\"},\"headline\":\"Mintegy k\u00e9tsz\u00e1z \u00f6nk\u00e9ntes gyakorlatozott Neszm\u00e9lyen\",\"datePublished\":\"2021-10-11T08:00:18+00:00\",\"dateModified\":\"2021-10-11T09:18:27+00:00\",\"mainEntityOfPage\":{\"@id\":\"https:\\\/\\\/dorogimedence.hu\\\/index.php\\\/2021\\\/10\\\/11\\\/mintegy-ketszaz-onkentes-gyakorlatozott-neszmelyen\\\/\"},\"wordCount\":407,\"publisher\":{\"@id\":\"https:\\\/\\\/dorogimedence.hu\\\/#organization\"},\"image\":{\"@id\":\"https:\\\/\\\/dorogimedence.hu\\\/index.php\\\/2021\\\/10\\\/11\\\/mintegy-ketszaz-onkentes-gyakorlatozott-neszmelyen\\\/#primaryimage\"},\"thumbnailUrl\":\"https:\\\/\\\/dorogimedence.hu\\\/wp-content\\\/uploads\\\/2021\\\/10\\\/956233.jpg\",\"keywords\":[\"Bajna\",\"gyakorlat\",\"gyakorlatoz\u00e1s\",\"katasztr\u00f3fav\u00e9delem\",\"Neszm\u00e9ly\",\"S\u00e1ris\u00e1p\",\"Tokodalt\u00e1r\u00f3\",\"t\u0171zolt\u00f3s\u00e1g\"],\"articleSection\":[\"H\u00edrek\"],\"inLanguage\":\"hu\"},{\"@type\":\"WebPage\",\"@id\":\"https:\\\/\\\/dorogimedence.hu\\\/index.php\\\/2021\\\/10\\\/11\\\/mintegy-ketszaz-onkentes-gyakorlatozott-neszmelyen\\\/\",\"url\":\"https:\\\/\\\/dorogimedence.hu\\\/index.php\\\/2021\\\/10\\\/11\\\/mintegy-ketszaz-onkentes-gyakorlatozott-neszmelyen\\\/\",\"name\":\"Mintegy k\u00e9tsz\u00e1z \u00f6nk\u00e9ntes gyakorlatozott Neszm\u00e9lyen\",\"isPartOf\":{\"@id\":\"https:\\\/\\\/dorogimedence.hu\\\/#website\"},\"primaryImageOfPage\":{\"@id\":\"https:\\\/\\\/dorogimedence.hu\\\/index.php\\\/2021\\\/10\\\/11\\\/mintegy-ketszaz-onkentes-gyakorlatozott-neszmelyen\\\/#primaryimage\"},\"image\":{\"@id\":\"https:\\\/\\\/dorogimedence.hu\\\/index.php\\\/2021\\\/10\\\/11\\\/mintegy-ketszaz-onkentes-gyakorlatozott-neszmelyen\\\/#primaryimage\"},\"thumbnailUrl\":\"https:\\\/\\\/dorogimedence.hu\\\/wp-content\\\/uploads\\\/2021\\\/10\\\/956233.jpg\",\"datePublished\":\"2021-10-11T08:00:18+00:00\",\"dateModified\":\"2021-10-11T09:18:27+00:00\",\"breadcrumb\":{\"@id\":\"https:\\\/\\\/dorogimedence.hu\\\/index.php\\\/2021\\\/10\\\/11\\\/mintegy-ketszaz-onkentes-gyakorlatozott-neszmelyen\\\/#breadcrumb\"},\"inLanguage\":\"hu\",\"potentialAction\":[{\"@type\":\"ReadAction\",\"target\":[\"https:\\\/\\\/dorogimedence.hu\\\/index.php\\\/2021\\\/10\\\/11\\\/mintegy-ketszaz-onkentes-gyakorlatozott-neszmelyen\\\/\"]}]},{\"@type\":\"ImageObject\",\"inLanguage\":\"hu\",\"@id\":\"https:\\\/\\\/dorogimedence.hu\\\/index.php\\\/2021\\\/10\\\/11\\\/mintegy-ketszaz-onkentes-gyakorlatozott-neszmelyen\\\/#primaryimage\",\"url\":\"https:\\\/\\\/dorogimedence.hu\\\/wp-content\\\/uploads\\\/2021\\\/10\\\/956233.jpg\",\"contentUrl\":\"https:\\\/\\\/dorogimedence.hu\\\/wp-content\\\/uploads\\\/2021\\\/10\\\/956233.jpg\",\"width\":1024,\"height\":680},{\"@type\":\"BreadcrumbList\",\"@id\":\"https:\\\/\\\/dorogimedence.hu\\\/index.php\\\/2021\\\/10\\\/11\\\/mintegy-ketszaz-onkentes-gyakorlatozott-neszmelyen\\\/#breadcrumb\",\"itemListElement\":[{\"@type\":\"ListItem\",\"position\":1,\"name\":\"Kezd\u0151lap\",\"item\":\"https:\\\/\\\/dorogimedence.hu\\\/\"},{\"@type\":\"ListItem\",\"position\":2,\"name\":\"Mintegy k\u00e9tsz\u00e1z \u00f6nk\u00e9ntes gyakorlatozott Neszm\u00e9lyen\"}]},{\"@type\":\"WebSite\",\"@id\":\"https:\\\/\\\/dorogimedence.hu\\\/#website\",\"url\":\"https:\\\/\\\/dorogimedence.hu\\\/\",\"name\":\"Dorogi-medence Region\u00e1lis H\u00edrport\u00e1l\",\"description\":\"Dorog, Keszt\u00f6lc, Le\u00e1nyv\u00e1r, Piliscs\u00e9v, Tokod, Tokodalt\u00e1r\u00f3, Csolnok, Esztergom-kertv\u00e1ros: h\u00edrek, programok\",\"publisher\":{\"@id\":\"https:\\\/\\\/dorogimedence.hu\\\/#organization\"},\"potentialAction\":[{\"@type\":\"SearchAction\",\"target\":{\"@type\":\"EntryPoint\",\"urlTemplate\":\"https:\\\/\\\/dorogimedence.hu\\\/?s={search_term_string}\"},\"query-input\":{\"@type\":\"PropertyValueSpecification\",\"valueRequired\":true,\"valueName\":\"search_term_string\"}}],\"inLanguage\":\"hu\"},{\"@type\":\"Organization\",\"@id\":\"https:\\\/\\\/dorogimedence.hu\\\/#organization\",\"name\":\"Dorogi-medence Region\u00e1lis H\u00edrport\u00e1l\",\"url\":\"https:\\\/\\\/dorogimedence.hu\\\/\",\"logo\":{\"@type\":\"ImageObject\",\"inLanguage\":\"hu\",\"@id\":\"https:\\\/\\\/dorogimedence.hu\\\/#\\\/schema\\\/logo\\\/image\\\/\",\"url\":\"https:\\\/\\\/dorogimedence.hu\\\/wp-content\\\/uploads\\\/2021\\\/04\\\/logo-feher-600.png\",\"contentUrl\":\"https:\\\/\\\/dorogimedence.hu\\\/wp-content\\\/uploads\\\/2021\\\/04\\\/logo-feher-600.png\",\"width\":600,\"height\":100,\"caption\":\"Dorogi-medence Region\u00e1lis H\u00edrport\u00e1l\"},\"image\":{\"@id\":\"https:\\\/\\\/dorogimedence.hu\\\/#\\\/schema\\\/logo\\\/image\\\/\"},\"sameAs\":[\"https:\\\/\\\/www.facebook.com\\\/dorogimedence\\\/\"]},{\"@type\":\"Person\",\"@id\":\"https:\\\/\\\/dorogimedence.hu\\\/#\\\/schema\\\/person\\\/ce6091eeb7e95ecdc87890d6aa8e0fd4\",\"name\":\"dorogimedence.hu\",\"image\":{\"@type\":\"ImageObject\",\"inLanguage\":\"hu\",\"@id\":\"\\\/\\\/www.gravatar.com\\\/avatar\\\/d8d45f8901aadff40a4af72c0b826f1d?s=96&#038;r=g&#038;d=mm\",\"url\":\"\\\/\\\/www.gravatar.com\\\/avatar\\\/d8d45f8901aadff40a4af72c0b826f1d?s=96&#038;r=g&#038;d=mm\",\"contentUrl\":\"\\\/\\\/www.gravatar.com\\\/avatar\\\/d8d45f8901aadff40a4af72c0b826f1d?s=96&#038;r=g&#038;d=mm\",\"caption\":\"dorogimedence.hu\"}}]}<\/script>\n<!-- \/ Yoast SEO plugin. -->","yoast_head_json":{"title":"Mintegy k\u00e9tsz\u00e1z \u00f6nk\u00e9ntes gyakorlatozott Neszm\u00e9lyen","robots":{"index":"index","follow":"follow","max-snippet":"max-snippet:-1","max-image-preview":"max-image-preview:large","max-video-preview":"max-video-preview:-1"},"canonical":"https:\/\/dorogimedence.hu\/index.php\/2021\/10\/11\/mintegy-ketszaz-onkentes-gyakorlatozott-neszmelyen\/","og_locale":"hu_HU","og_type":"article","og_title":"Mintegy k\u00e9tsz\u00e1z \u00f6nk\u00e9ntes gyakorlatozott Neszm\u00e9lyen","og_description":"Tizenegy telep\u00fcl\u00e9sr\u0151l \u2013 k\u00f6zt\u00fck Tokodalt\u00e1r\u00f3r\u00f3l, S\u00e1ris\u00e1pr\u00f3l, Le\u00e1nyv\u00e1rr\u00f3l \u00e9s Bajn\u00e1r\u00f3l is \u2013 k\u00f6zel k\u00e9tsz\u00e1z \u00f6nk\u00e9ntes r\u00e9szv\u00e9tel\u00e9vel zajlott szombaton a telep\u00fcl\u00e9si ment\u0151szervezetek gyakorlata Neszm\u00e9lyen. A Nemzeti Min\u0151s\u00edt\u00e9si Rendszer krit\u00e9riuma szerint vizsg\u00e1ztak a k\u00f6rny\u00e9k \u00f6nk\u00e9ntesei az alapvet\u0151 v\u00edzk\u00e1r-, \u00e9s vihark\u00e1r-elh\u00e1r\u00edt\u00e1si feladatok v\u00e9grehajt\u00e1s\u00e1b\u00f3l szombaton, Neszm\u00e9lyen. A gyakorlat els\u0151dleges c\u00e9lja volt, hogy a telep\u00fcl\u00e9seken, \u00f6nk\u00e9ntes ment\u0151csoportokban tev\u00e9kenyked\u0151k felk\u00e9sz\u00fcljenek az esetleges","og_url":"https:\/\/dorogimedence.hu\/index.php\/2021\/10\/11\/mintegy-ketszaz-onkentes-gyakorlatozott-neszmelyen\/","og_site_name":"Dorogi-medence Region\u00e1lis H\u00edrport\u00e1l","article_publisher":"https:\/\/www.facebook.com\/dorogimedence\/","article_published_time":"2021-10-11T08:00:18+00:00","article_modified_time":"2021-10-11T09:18:27+00:00","og_image":[{"width":1024,"height":680,"url":"https:\/\/i0.wp.com\/dorogimedence.hu\/wp-content\/uploads\/2021\/10\/956233.jpg?fit=1024%2C680&ssl=1","type":"image\/jpeg"}],"author":"dorogimedence.hu","twitter_card":"summary_large_image","twitter_misc":{"Szerz\u0151:":"dorogimedence.hu","Becs\u00fclt olvas\u00e1si id\u0151":"2 perc"},"schema":{"@context":"https:\/\/schema.org","@graph":[{"@type":"Article","@id":"https:\/\/dorogimedence.hu\/index.php\/2021\/10\/11\/mintegy-ketszaz-onkentes-gyakorlatozott-neszmelyen\/#article","isPartOf":{"@id":"https:\/\/dorogimedence.hu\/index.php\/2021\/10\/11\/mintegy-ketszaz-onkentes-gyakorlatozott-neszmelyen\/"},"author":{"name":"dorogimedence.hu","@id":"https:\/\/dorogimedence.hu\/#\/schema\/person\/ce6091eeb7e95ecdc87890d6aa8e0fd4"},"headline":"Mintegy k\u00e9tsz\u00e1z \u00f6nk\u00e9ntes gyakorlatozott Neszm\u00e9lyen","datePublished":"2021-10-11T08:00:18+00:00","dateModified":"2021-10-11T09:18:27+00:00","mainEntityOfPage":{"@id":"https:\/\/dorogimedence.hu\/index.php\/2021\/10\/11\/mintegy-ketszaz-onkentes-gyakorlatozott-neszmelyen\/"},"wordCount":407,"publisher":{"@id":"https:\/\/dorogimedence.hu\/#organization"},"image":{"@id":"https:\/\/dorogimedence.hu\/index.php\/2021\/10\/11\/mintegy-ketszaz-onkentes-gyakorlatozott-neszmelyen\/#primaryimage"},"thumbnailUrl":"https:\/\/dorogimedence.hu\/wp-content\/uploads\/2021\/10\/956233.jpg","keywords":["Bajna","gyakorlat","gyakorlatoz\u00e1s","katasztr\u00f3fav\u00e9delem","Neszm\u00e9ly","S\u00e1ris\u00e1p","Tokodalt\u00e1r\u00f3","t\u0171zolt\u00f3s\u00e1g"],"articleSection":["H\u00edrek"],"inLanguage":"hu"},{"@type":"WebPage","@id":"https:\/\/dorogimedence.hu\/index.php\/2021\/10\/11\/mintegy-ketszaz-onkentes-gyakorlatozott-neszmelyen\/","url":"https:\/\/dorogimedence.hu\/index.php\/2021\/10\/11\/mintegy-ketszaz-onkentes-gyakorlatozott-neszmelyen\/","name":"Mintegy k\u00e9tsz\u00e1z \u00f6nk\u00e9ntes gyakorlatozott Neszm\u00e9lyen","isPartOf":{"@id":"https:\/\/dorogimedence.hu\/#website"},"primaryImageOfPage":{"@id":"https:\/\/dorogimedence.hu\/index.php\/2021\/10\/11\/mintegy-ketszaz-onkentes-gyakorlatozott-neszmelyen\/#primaryimage"},"image":{"@id":"https:\/\/dorogimedence.hu\/index.php\/2021\/10\/11\/mintegy-ketszaz-onkentes-gyakorlatozott-neszmelyen\/#primaryimage"},"thumbnailUrl":"https:\/\/dorogimedence.hu\/wp-content\/uploads\/2021\/10\/956233.jpg","datePublished":"2021-10-11T08:00:18+00:00","dateModified":"2021-10-11T09:18:27+00:00","breadcrumb":{"@id":"https:\/\/dorogimedence.hu\/index.php\/2021\/10\/11\/mintegy-ketszaz-onkentes-gyakorlatozott-neszmelyen\/#breadcrumb"},"inLanguage":"hu","potentialAction":[{"@type":"ReadAction","target":["https:\/\/dorogimedence.hu\/index.php\/2021\/10\/11\/mintegy-ketszaz-onkentes-gyakorlatozott-neszmelyen\/"]}]},{"@type":"ImageObject","inLanguage":"hu","@id":"https:\/\/dorogimedence.hu\/index.php\/2021\/10\/11\/mintegy-ketszaz-onkentes-gyakorlatozott-neszmelyen\/#primaryimage","url":"https:\/\/dorogimedence.hu\/wp-content\/uploads\/2021\/10\/956233.jpg","contentUrl":"https:\/\/dorogimedence.hu\/wp-content\/uploads\/2021\/10\/956233.jpg","width":1024,"height":680},{"@type":"BreadcrumbList","@id":"https:\/\/dorogimedence.hu\/index.php\/2021\/10\/11\/mintegy-ketszaz-onkentes-gyakorlatozott-neszmelyen\/#breadcrumb","itemListElement":[{"@type":"ListItem","position":1,"name":"Kezd\u0151lap","item":"https:\/\/dorogimedence.hu\/"},{"@type":"ListItem","position":2,"name":"Mintegy k\u00e9tsz\u00e1z \u00f6nk\u00e9ntes gyakorlatozott Neszm\u00e9lyen"}]},{"@type":"WebSite","@id":"https:\/\/dorogimedence.hu\/#website","url":"https:\/\/dorogimedence.hu\/","name":"Dorogi-medence Region\u00e1lis H\u00edrport\u00e1l","description":"Dorog, Keszt\u00f6lc, Le\u00e1nyv\u00e1r, Piliscs\u00e9v, Tokod, Tokodalt\u00e1r\u00f3, Csolnok, Esztergom-kertv\u00e1ros: h\u00edrek, programok","publisher":{"@id":"https:\/\/dorogimedence.hu\/#organization"},"potentialAction":[{"@type":"SearchAction","target":{"@type":"EntryPoint","urlTemplate":"https:\/\/dorogimedence.hu\/?s={search_term_string}"},"query-input":{"@type":"PropertyValueSpecification","valueRequired":true,"valueName":"search_term_string"}}],"inLanguage":"hu"},{"@type":"Organization","@id":"https:\/\/dorogimedence.hu\/#organization","name":"Dorogi-medence Region\u00e1lis H\u00edrport\u00e1l","url":"https:\/\/dorogimedence.hu\/","logo":{"@type":"ImageObject","inLanguage":"hu","@id":"https:\/\/dorogimedence.hu\/#\/schema\/logo\/image\/","url":"https:\/\/dorogimedence.hu\/wp-content\/uploads\/2021\/04\/logo-feher-600.png","contentUrl":"https:\/\/dorogimedence.hu\/wp-content\/uploads\/2021\/04\/logo-feher-600.png","width":600,"height":100,"caption":"Dorogi-medence Region\u00e1lis H\u00edrport\u00e1l"},"image":{"@id":"https:\/\/dorogimedence.hu\/#\/schema\/logo\/image\/"},"sameAs":["https:\/\/www.facebook.com\/dorogimedence\/"]},{"@type":"Person","@id":"https:\/\/dorogimedence.hu\/#\/schema\/person\/ce6091eeb7e95ecdc87890d6aa8e0fd4","name":"dorogimedence.hu","image":{"@type":"ImageObject","inLanguage":"hu","@id":"\/\/www.gravatar.com\/avatar\/d8d45f8901aadff40a4af72c0b826f1d?s=96&#038;r=g&#038;d=mm","url":"\/\/www.gravatar.com\/avatar\/d8d45f8901aadff40a4af72c0b826f1d?s=96&#038;r=g&#038;d=mm","contentUrl":"\/\/www.gravatar.com\/avatar\/d8d45f8901aadff40a4af72c0b826f1d?s=96&#038;r=g&#038;d=mm","caption":"dorogimedence.hu"}}]}},"_links":{"self":[{"href":"https:\/\/dorogimedence.hu\/index.php\/wp-json\/wp\/v2\/posts\/37519","targetHints":{"allow":["GET"]}}],"collection":[{"href":"https:\/\/dorogimedence.hu\/index.php\/wp-json\/wp\/v2\/posts"}],"about":[{"href":"https:\/\/dorogimedence.hu\/index.php\/wp-json\/wp\/v2\/types\/post"}],"author":[{"embeddable":true,"href":"https:\/\/dorogimedence.hu\/index.php\/wp-json\/wp\/v2\/users\/1"}],"replies":[{"embeddable":true,"href":"https:\/\/dorogimedence.hu\/index.php\/wp-json\/wp\/v2\/comments?post=37519"}],"version-history":[{"count":0,"href":"https:\/\/dorogimedence.hu\/index.php\/wp-json\/wp\/v2\/posts\/37519\/revisions"}],"wp:featuredmedia":[{"embeddable":true,"href":"https:\/\/dorogimedence.hu\/index.php\/wp-json\/wp\/v2\/media\/37520"}],"wp:attachment":[{"href":"https:\/\/dorogimedence.hu\/index.php\/wp-json\/wp\/v2\/media?parent=37519"}],"wp:term":[{"taxonomy":"category","embeddable":true,"href":"https:\/\/dorogimedence.hu\/index.php\/wp-json\/wp\/v2\/categories?post=37519"},{"taxonomy":"post_tag","embeddable":true,"href":"https:\/\/dorogimedence.hu\/index.php\/wp-json\/wp\/v2\/tags?post=37519"}],"curies":[{"name":"wp","href":"https:\/\/api.w.org\/{rel}","templated":true}]}}