{"id":37231,"date":"2021-09-30T14:18:26","date_gmt":"2021-09-30T12:18:26","guid":{"rendered":"https:\/\/dorogimedence.hu\/?p=37231"},"modified":"2021-09-30T14:19:30","modified_gmt":"2021-09-30T12:19:30","slug":"ujabb-intezmenyekben-indulnak-baleset-megelozesi-programok-a-megyeben","status":"publish","type":"post","link":"https:\/\/dorogimedence.hu\/index.php\/2021\/09\/30\/ujabb-intezmenyekben-indulnak-baleset-megelozesi-programok-a-megyeben\/","title":{"rendered":"\u00dajabb int\u00e9zm\u00e9nyekben indulnak baleset-megel\u0151z\u00e9si programok a megy\u00e9ben"},"content":{"rendered":"<div class=\"lead-text\">\n<p><strong>T\u00f6bb szervezettel \u00edrt al\u00e1 egy\u00fcttm\u0171k\u00f6d\u00e9si meg\u00e1llapod\u00e1st a Kom\u00e1rom-Esztergom Megyei Rend\u0151r-f\u0151kapit\u00e1nys\u00e1g, t\u00f6bbek k\u00f6z\u00f6tt az Esztergomi Tanker\u00fcleti K\u00f6zponttal is.<\/strong><\/p>\n<p>A Kom\u00e1rom-Esztergom Megyei Rend\u0151r-f\u0151kapit\u00e1nys\u00e1g saj\u00e1t kezdem\u00e9nyez\u00e9s\u00e9re, a Tatab\u00e1nyai \u00e9s az Esztergomi Tanker\u00fcleti K\u00f6zpontok t\u00e1mogat\u00e1s\u00e1val a 2020\/2021. tan\u00e9vben a megye hat oktat\u00e1si int\u00e9zm\u00e9ny\u00e9ben elindult a Biztons\u00e1gos K\u00f6zleked\u00e9s Akad\u00e9mi\u00e1ja elnevez\u00e9s\u0171 k\u00f6zleked\u00e9sbiztons\u00e1gi, baleset-megel\u0151z\u00e9si program.<\/p>\n<p>L\u00e9trehoz\u00e1s\u00e1t az motiv\u00e1lta, hogy a gyermekek ak\u00e1r gyalog, ak\u00e1r ker\u00e9kp\u00e1rral vesznek r\u00e9szt a forgalomban, szerves r\u00e9szei a k\u00f6zleked\u00e9snek, ez\u00e9rt benn\u00fck min\u00e9l fiatalabb korban kell alak\u00edtani azokat a szok\u00e1sokat, valamint magatart\u00e1si k\u00e9szs\u00e9geket, amelyek hozz\u00e1seg\u00edtik \u0151ket a k\u00f6zleked\u00e9sben val\u00f3 r\u00e9szv\u00e9tel\u00fck kock\u00e1zat\u00e1nak cs\u00f6kkent\u00e9s\u00e9hez.<\/p>\n<p><img fetchpriority=\"high\" decoding=\"async\" class=\"alignnone size-full wp-image-37233\" src=\"https:\/\/dorogimedence.hu\/wp-content\/uploads\/2021\/09\/3_74.jpg\" alt=\"\" width=\"750\" height=\"500\" srcset=\"https:\/\/dorogimedence.hu\/wp-content\/uploads\/2021\/09\/3_74.jpg 750w, https:\/\/dorogimedence.hu\/wp-content\/uploads\/2021\/09\/3_74-300x200.jpg 300w, https:\/\/dorogimedence.hu\/wp-content\/uploads\/2021\/09\/3_74-150x100.jpg 150w, https:\/\/dorogimedence.hu\/wp-content\/uploads\/2021\/09\/3_74-450x300.jpg 450w, https:\/\/dorogimedence.hu\/wp-content\/uploads\/2021\/09\/3_74-272x182.jpg 272w\" sizes=\"(max-width: 750px) 100vw, 750px\" \/><\/p>\n<p>A f\u0151kapit\u00e1nys\u00e1g 12 szervezettel \u00edrt al\u00e1 egy\u00fcttm\u0171k\u00f6d\u00e9si meg\u00e1llapod\u00e1st 2021. szeptember 30-\u00e1n, amely szil\u00e1rd talajt biztos\u00edt a program tov\u00e1bbi m\u0171k\u00f6dtet\u00e9s\u00e9nek.<\/p>\n<p>&#8222;B\u00edzunk abban, hogy a program sor\u00e1n tanultak hat\u00e1s\u00e1ra a r\u00e9szt vev\u0151 oktat\u00e1si int\u00e9zm\u00e9nyekben tanul\u00f3 gyermekek olyan tud\u00e1st szereznek, amely hozz\u00e1j\u00e1rul ahhoz, hogy sz\u0171kebb \u00e9s t\u00e1gabb k\u00f6rnyezet\u00fcnkben cs\u00f6kkenthess\u00fck a k\u00f6zleked\u00e9sek sz\u00e1m\u00e1t.&#8221;<\/p>\n<p>\u2026hogy mindenki haza\u00e9rjen!<\/p>\n<p><em>Fot\u00f3k, forr\u00e1s: police.hu<\/em><\/p>\n<\/div>\n","protected":false},"excerpt":{"rendered":"<p>T\u00f6bb szervezettel \u00edrt al\u00e1 egy\u00fcttm\u0171k\u00f6d\u00e9si meg\u00e1llapod\u00e1st a Kom\u00e1rom-Esztergom Megyei Rend\u0151r-f\u0151kapit\u00e1nys\u00e1g, t\u00f6bbek k\u00f6z\u00f6tt az Esztergomi Tanker\u00fcleti K\u00f6zponttal is. A Kom\u00e1rom-Esztergom Megyei Rend\u0151r-f\u0151kapit\u00e1nys\u00e1g saj\u00e1t kezdem\u00e9nyez\u00e9s\u00e9re, a Tatab\u00e1nyai \u00e9s az Esztergomi Tanker\u00fcleti K\u00f6zpontok t\u00e1mogat\u00e1s\u00e1val a 2020\/2021. tan\u00e9vben a megye hat oktat\u00e1si int\u00e9zm\u00e9ny\u00e9ben elindult a Biztons\u00e1gos K\u00f6zleked\u00e9s Akad\u00e9mi\u00e1ja elnevez\u00e9s\u0171 k\u00f6zleked\u00e9sbiztons\u00e1gi, baleset-megel\u0151z\u00e9si program. L\u00e9trehoz\u00e1s\u00e1t az motiv\u00e1lta, hogy a gyermekek ak\u00e1r<\/p>\n","protected":false},"author":1,"featured_media":37232,"comment_status":"closed","ping_status":"closed","sticky":false,"template":"","format":"standard","meta":{"ngg_post_thumbnail":0,"footnotes":""},"categories":[38,3,56],"tags":[630,42,61,6002],"class_list":{"0":"post-37231","1":"post","2":"type-post","3":"status-publish","4":"format-standard","5":"has-post-thumbnail","7":"category-esztergom","8":"category-hirek","9":"category-komarom-esztergom","10":"tag-baleset-megelozes","11":"tag-esztergom","12":"tag-rendorsegi-hirek","13":"tag-tankerulet"},"yoast_head":"<!-- This site is optimized with the Yoast SEO plugin v27.5 - https:\/\/yoast.com\/product\/yoast-seo-wordpress\/ -->\n<title>\u00dajabb int\u00e9zm\u00e9nyekben indulnak baleset-megel\u0151z\u00e9si programok a megy\u00e9ben<\/title>\n<meta name=\"robots\" content=\"index, follow, max-snippet:-1, max-image-preview:large, max-video-preview:-1\" \/>\n<link rel=\"canonical\" href=\"https:\/\/dorogimedence.hu\/index.php\/2021\/09\/30\/ujabb-intezmenyekben-indulnak-baleset-megelozesi-programok-a-megyeben\/\" class=\"yoast-seo-meta-tag\" \/>\n<meta property=\"og:locale\" content=\"hu_HU\" class=\"yoast-seo-meta-tag\" \/>\n<meta property=\"og:type\" content=\"article\" class=\"yoast-seo-meta-tag\" \/>\n<meta property=\"og:title\" content=\"\u00dajabb int\u00e9zm\u00e9nyekben indulnak baleset-megel\u0151z\u00e9si programok a megy\u00e9ben\" class=\"yoast-seo-meta-tag\" \/>\n<meta property=\"og:description\" content=\"T\u00f6bb szervezettel \u00edrt al\u00e1 egy\u00fcttm\u0171k\u00f6d\u00e9si meg\u00e1llapod\u00e1st a Kom\u00e1rom-Esztergom Megyei Rend\u0151r-f\u0151kapit\u00e1nys\u00e1g, t\u00f6bbek k\u00f6z\u00f6tt az Esztergomi Tanker\u00fcleti K\u00f6zponttal is. A Kom\u00e1rom-Esztergom Megyei Rend\u0151r-f\u0151kapit\u00e1nys\u00e1g saj\u00e1t kezdem\u00e9nyez\u00e9s\u00e9re, a Tatab\u00e1nyai \u00e9s az Esztergomi Tanker\u00fcleti K\u00f6zpontok t\u00e1mogat\u00e1s\u00e1val a 2020\/2021. tan\u00e9vben a megye hat oktat\u00e1si int\u00e9zm\u00e9ny\u00e9ben elindult a Biztons\u00e1gos K\u00f6zleked\u00e9s Akad\u00e9mi\u00e1ja elnevez\u00e9s\u0171 k\u00f6zleked\u00e9sbiztons\u00e1gi, baleset-megel\u0151z\u00e9si program. L\u00e9trehoz\u00e1s\u00e1t az motiv\u00e1lta, hogy a gyermekek ak\u00e1r\" class=\"yoast-seo-meta-tag\" \/>\n<meta property=\"og:url\" content=\"https:\/\/dorogimedence.hu\/index.php\/2021\/09\/30\/ujabb-intezmenyekben-indulnak-baleset-megelozesi-programok-a-megyeben\/\" class=\"yoast-seo-meta-tag\" \/>\n<meta property=\"og:site_name\" content=\"Dorogi-medence Region\u00e1lis H\u00edrport\u00e1l\" class=\"yoast-seo-meta-tag\" \/>\n<meta property=\"article:publisher\" content=\"https:\/\/www.facebook.com\/dorogimedence\/\" class=\"yoast-seo-meta-tag\" \/>\n<meta property=\"article:published_time\" content=\"2021-09-30T12:18:26+00:00\" class=\"yoast-seo-meta-tag\" \/>\n<meta property=\"article:modified_time\" content=\"2021-09-30T12:19:30+00:00\" class=\"yoast-seo-meta-tag\" \/>\n<meta property=\"og:image\" content=\"https:\/\/i0.wp.com\/dorogimedence.hu\/wp-content\/uploads\/2021\/09\/kozlekedes-01.jpg?fit=751%2C429&ssl=1\" class=\"yoast-seo-meta-tag\" \/>\n\t<meta property=\"og:image:width\" content=\"751\" class=\"yoast-seo-meta-tag\" \/>\n\t<meta property=\"og:image:height\" content=\"429\" class=\"yoast-seo-meta-tag\" \/>\n\t<meta property=\"og:image:type\" content=\"image\/jpeg\" class=\"yoast-seo-meta-tag\" \/>\n<meta name=\"author\" content=\"dorogimedence.hu\" class=\"yoast-seo-meta-tag\" \/>\n<meta name=\"twitter:card\" content=\"summary_large_image\" class=\"yoast-seo-meta-tag\" \/>\n<meta name=\"twitter:label1\" content=\"Szerz\u0151:\" class=\"yoast-seo-meta-tag\" \/>\n\t<meta name=\"twitter:data1\" content=\"dorogimedence.hu\" class=\"yoast-seo-meta-tag\" \/>\n\t<meta name=\"twitter:label2\" content=\"Becs\u00fclt olvas\u00e1si id\u0151\" class=\"yoast-seo-meta-tag\" \/>\n\t<meta name=\"twitter:data2\" content=\"1 perc\" class=\"yoast-seo-meta-tag\" \/>\n<script type=\"application\/ld+json\" class=\"yoast-schema-graph\">{\"@context\":\"https:\\\/\\\/schema.org\",\"@graph\":[{\"@type\":\"Article\",\"@id\":\"https:\\\/\\\/dorogimedence.hu\\\/index.php\\\/2021\\\/09\\\/30\\\/ujabb-intezmenyekben-indulnak-baleset-megelozesi-programok-a-megyeben\\\/#article\",\"isPartOf\":{\"@id\":\"https:\\\/\\\/dorogimedence.hu\\\/index.php\\\/2021\\\/09\\\/30\\\/ujabb-intezmenyekben-indulnak-baleset-megelozesi-programok-a-megyeben\\\/\"},\"author\":{\"name\":\"dorogimedence.hu\",\"@id\":\"https:\\\/\\\/dorogimedence.hu\\\/#\\\/schema\\\/person\\\/ce6091eeb7e95ecdc87890d6aa8e0fd4\"},\"headline\":\"\u00dajabb int\u00e9zm\u00e9nyekben indulnak baleset-megel\u0151z\u00e9si programok a megy\u00e9ben\",\"datePublished\":\"2021-09-30T12:18:26+00:00\",\"dateModified\":\"2021-09-30T12:19:30+00:00\",\"mainEntityOfPage\":{\"@id\":\"https:\\\/\\\/dorogimedence.hu\\\/index.php\\\/2021\\\/09\\\/30\\\/ujabb-intezmenyekben-indulnak-baleset-megelozesi-programok-a-megyeben\\\/\"},\"wordCount\":274,\"publisher\":{\"@id\":\"https:\\\/\\\/dorogimedence.hu\\\/#organization\"},\"image\":{\"@id\":\"https:\\\/\\\/dorogimedence.hu\\\/index.php\\\/2021\\\/09\\\/30\\\/ujabb-intezmenyekben-indulnak-baleset-megelozesi-programok-a-megyeben\\\/#primaryimage\"},\"thumbnailUrl\":\"https:\\\/\\\/dorogimedence.hu\\\/wp-content\\\/uploads\\\/2021\\\/09\\\/kozlekedes-01.jpg\",\"keywords\":[\"baleset-megel\u0151z\u00e9s\",\"esztergom\",\"rend\u0151rs\u00e9gi h\u00edrek\",\"tanker\u00fclet\"],\"articleSection\":[\"Esztergom\",\"H\u00edrek\",\"Kom\u00e1rom-Esztergom\"],\"inLanguage\":\"hu\"},{\"@type\":\"WebPage\",\"@id\":\"https:\\\/\\\/dorogimedence.hu\\\/index.php\\\/2021\\\/09\\\/30\\\/ujabb-intezmenyekben-indulnak-baleset-megelozesi-programok-a-megyeben\\\/\",\"url\":\"https:\\\/\\\/dorogimedence.hu\\\/index.php\\\/2021\\\/09\\\/30\\\/ujabb-intezmenyekben-indulnak-baleset-megelozesi-programok-a-megyeben\\\/\",\"name\":\"\u00dajabb int\u00e9zm\u00e9nyekben indulnak baleset-megel\u0151z\u00e9si programok a megy\u00e9ben\",\"isPartOf\":{\"@id\":\"https:\\\/\\\/dorogimedence.hu\\\/#website\"},\"primaryImageOfPage\":{\"@id\":\"https:\\\/\\\/dorogimedence.hu\\\/index.php\\\/2021\\\/09\\\/30\\\/ujabb-intezmenyekben-indulnak-baleset-megelozesi-programok-a-megyeben\\\/#primaryimage\"},\"image\":{\"@id\":\"https:\\\/\\\/dorogimedence.hu\\\/index.php\\\/2021\\\/09\\\/30\\\/ujabb-intezmenyekben-indulnak-baleset-megelozesi-programok-a-megyeben\\\/#primaryimage\"},\"thumbnailUrl\":\"https:\\\/\\\/dorogimedence.hu\\\/wp-content\\\/uploads\\\/2021\\\/09\\\/kozlekedes-01.jpg\",\"datePublished\":\"2021-09-30T12:18:26+00:00\",\"dateModified\":\"2021-09-30T12:19:30+00:00\",\"breadcrumb\":{\"@id\":\"https:\\\/\\\/dorogimedence.hu\\\/index.php\\\/2021\\\/09\\\/30\\\/ujabb-intezmenyekben-indulnak-baleset-megelozesi-programok-a-megyeben\\\/#breadcrumb\"},\"inLanguage\":\"hu\",\"potentialAction\":[{\"@type\":\"ReadAction\",\"target\":[\"https:\\\/\\\/dorogimedence.hu\\\/index.php\\\/2021\\\/09\\\/30\\\/ujabb-intezmenyekben-indulnak-baleset-megelozesi-programok-a-megyeben\\\/\"]}]},{\"@type\":\"ImageObject\",\"inLanguage\":\"hu\",\"@id\":\"https:\\\/\\\/dorogimedence.hu\\\/index.php\\\/2021\\\/09\\\/30\\\/ujabb-intezmenyekben-indulnak-baleset-megelozesi-programok-a-megyeben\\\/#primaryimage\",\"url\":\"https:\\\/\\\/dorogimedence.hu\\\/wp-content\\\/uploads\\\/2021\\\/09\\\/kozlekedes-01.jpg\",\"contentUrl\":\"https:\\\/\\\/dorogimedence.hu\\\/wp-content\\\/uploads\\\/2021\\\/09\\\/kozlekedes-01.jpg\",\"width\":751,\"height\":429},{\"@type\":\"BreadcrumbList\",\"@id\":\"https:\\\/\\\/dorogimedence.hu\\\/index.php\\\/2021\\\/09\\\/30\\\/ujabb-intezmenyekben-indulnak-baleset-megelozesi-programok-a-megyeben\\\/#breadcrumb\",\"itemListElement\":[{\"@type\":\"ListItem\",\"position\":1,\"name\":\"Kezd\u0151lap\",\"item\":\"https:\\\/\\\/dorogimedence.hu\\\/\"},{\"@type\":\"ListItem\",\"position\":2,\"name\":\"\u00dajabb int\u00e9zm\u00e9nyekben indulnak baleset-megel\u0151z\u00e9si programok a megy\u00e9ben\"}]},{\"@type\":\"WebSite\",\"@id\":\"https:\\\/\\\/dorogimedence.hu\\\/#website\",\"url\":\"https:\\\/\\\/dorogimedence.hu\\\/\",\"name\":\"Dorogi-medence Region\u00e1lis H\u00edrport\u00e1l\",\"description\":\"Dorog, Keszt\u00f6lc, Le\u00e1nyv\u00e1r, Piliscs\u00e9v, Tokod, Tokodalt\u00e1r\u00f3, Csolnok, Esztergom-kertv\u00e1ros: h\u00edrek, programok\",\"publisher\":{\"@id\":\"https:\\\/\\\/dorogimedence.hu\\\/#organization\"},\"potentialAction\":[{\"@type\":\"SearchAction\",\"target\":{\"@type\":\"EntryPoint\",\"urlTemplate\":\"https:\\\/\\\/dorogimedence.hu\\\/?s={search_term_string}\"},\"query-input\":{\"@type\":\"PropertyValueSpecification\",\"valueRequired\":true,\"valueName\":\"search_term_string\"}}],\"inLanguage\":\"hu\"},{\"@type\":\"Organization\",\"@id\":\"https:\\\/\\\/dorogimedence.hu\\\/#organization\",\"name\":\"Dorogi-medence Region\u00e1lis H\u00edrport\u00e1l\",\"url\":\"https:\\\/\\\/dorogimedence.hu\\\/\",\"logo\":{\"@type\":\"ImageObject\",\"inLanguage\":\"hu\",\"@id\":\"https:\\\/\\\/dorogimedence.hu\\\/#\\\/schema\\\/logo\\\/image\\\/\",\"url\":\"https:\\\/\\\/dorogimedence.hu\\\/wp-content\\\/uploads\\\/2021\\\/04\\\/logo-feher-600.png\",\"contentUrl\":\"https:\\\/\\\/dorogimedence.hu\\\/wp-content\\\/uploads\\\/2021\\\/04\\\/logo-feher-600.png\",\"width\":600,\"height\":100,\"caption\":\"Dorogi-medence Region\u00e1lis H\u00edrport\u00e1l\"},\"image\":{\"@id\":\"https:\\\/\\\/dorogimedence.hu\\\/#\\\/schema\\\/logo\\\/image\\\/\"},\"sameAs\":[\"https:\\\/\\\/www.facebook.com\\\/dorogimedence\\\/\"]},{\"@type\":\"Person\",\"@id\":\"https:\\\/\\\/dorogimedence.hu\\\/#\\\/schema\\\/person\\\/ce6091eeb7e95ecdc87890d6aa8e0fd4\",\"name\":\"dorogimedence.hu\",\"image\":{\"@type\":\"ImageObject\",\"inLanguage\":\"hu\",\"@id\":\"\\\/\\\/www.gravatar.com\\\/avatar\\\/d8d45f8901aadff40a4af72c0b826f1d?s=96&#038;r=g&#038;d=mm\",\"url\":\"\\\/\\\/www.gravatar.com\\\/avatar\\\/d8d45f8901aadff40a4af72c0b826f1d?s=96&#038;r=g&#038;d=mm\",\"contentUrl\":\"\\\/\\\/www.gravatar.com\\\/avatar\\\/d8d45f8901aadff40a4af72c0b826f1d?s=96&#038;r=g&#038;d=mm\",\"caption\":\"dorogimedence.hu\"}}]}<\/script>\n<!-- \/ Yoast SEO plugin. -->","yoast_head_json":{"title":"\u00dajabb int\u00e9zm\u00e9nyekben indulnak baleset-megel\u0151z\u00e9si programok a megy\u00e9ben","robots":{"index":"index","follow":"follow","max-snippet":"max-snippet:-1","max-image-preview":"max-image-preview:large","max-video-preview":"max-video-preview:-1"},"canonical":"https:\/\/dorogimedence.hu\/index.php\/2021\/09\/30\/ujabb-intezmenyekben-indulnak-baleset-megelozesi-programok-a-megyeben\/","og_locale":"hu_HU","og_type":"article","og_title":"\u00dajabb int\u00e9zm\u00e9nyekben indulnak baleset-megel\u0151z\u00e9si programok a megy\u00e9ben","og_description":"T\u00f6bb szervezettel \u00edrt al\u00e1 egy\u00fcttm\u0171k\u00f6d\u00e9si meg\u00e1llapod\u00e1st a Kom\u00e1rom-Esztergom Megyei Rend\u0151r-f\u0151kapit\u00e1nys\u00e1g, t\u00f6bbek k\u00f6z\u00f6tt az Esztergomi Tanker\u00fcleti K\u00f6zponttal is. A Kom\u00e1rom-Esztergom Megyei Rend\u0151r-f\u0151kapit\u00e1nys\u00e1g saj\u00e1t kezdem\u00e9nyez\u00e9s\u00e9re, a Tatab\u00e1nyai \u00e9s az Esztergomi Tanker\u00fcleti K\u00f6zpontok t\u00e1mogat\u00e1s\u00e1val a 2020\/2021. tan\u00e9vben a megye hat oktat\u00e1si int\u00e9zm\u00e9ny\u00e9ben elindult a Biztons\u00e1gos K\u00f6zleked\u00e9s Akad\u00e9mi\u00e1ja elnevez\u00e9s\u0171 k\u00f6zleked\u00e9sbiztons\u00e1gi, baleset-megel\u0151z\u00e9si program. L\u00e9trehoz\u00e1s\u00e1t az motiv\u00e1lta, hogy a gyermekek ak\u00e1r","og_url":"https:\/\/dorogimedence.hu\/index.php\/2021\/09\/30\/ujabb-intezmenyekben-indulnak-baleset-megelozesi-programok-a-megyeben\/","og_site_name":"Dorogi-medence Region\u00e1lis H\u00edrport\u00e1l","article_publisher":"https:\/\/www.facebook.com\/dorogimedence\/","article_published_time":"2021-09-30T12:18:26+00:00","article_modified_time":"2021-09-30T12:19:30+00:00","og_image":[{"width":751,"height":429,"url":"https:\/\/i0.wp.com\/dorogimedence.hu\/wp-content\/uploads\/2021\/09\/kozlekedes-01.jpg?fit=751%2C429&ssl=1","type":"image\/jpeg"}],"author":"dorogimedence.hu","twitter_card":"summary_large_image","twitter_misc":{"Szerz\u0151:":"dorogimedence.hu","Becs\u00fclt olvas\u00e1si id\u0151":"1 perc"},"schema":{"@context":"https:\/\/schema.org","@graph":[{"@type":"Article","@id":"https:\/\/dorogimedence.hu\/index.php\/2021\/09\/30\/ujabb-intezmenyekben-indulnak-baleset-megelozesi-programok-a-megyeben\/#article","isPartOf":{"@id":"https:\/\/dorogimedence.hu\/index.php\/2021\/09\/30\/ujabb-intezmenyekben-indulnak-baleset-megelozesi-programok-a-megyeben\/"},"author":{"name":"dorogimedence.hu","@id":"https:\/\/dorogimedence.hu\/#\/schema\/person\/ce6091eeb7e95ecdc87890d6aa8e0fd4"},"headline":"\u00dajabb int\u00e9zm\u00e9nyekben indulnak baleset-megel\u0151z\u00e9si programok a megy\u00e9ben","datePublished":"2021-09-30T12:18:26+00:00","dateModified":"2021-09-30T12:19:30+00:00","mainEntityOfPage":{"@id":"https:\/\/dorogimedence.hu\/index.php\/2021\/09\/30\/ujabb-intezmenyekben-indulnak-baleset-megelozesi-programok-a-megyeben\/"},"wordCount":274,"publisher":{"@id":"https:\/\/dorogimedence.hu\/#organization"},"image":{"@id":"https:\/\/dorogimedence.hu\/index.php\/2021\/09\/30\/ujabb-intezmenyekben-indulnak-baleset-megelozesi-programok-a-megyeben\/#primaryimage"},"thumbnailUrl":"https:\/\/dorogimedence.hu\/wp-content\/uploads\/2021\/09\/kozlekedes-01.jpg","keywords":["baleset-megel\u0151z\u00e9s","esztergom","rend\u0151rs\u00e9gi h\u00edrek","tanker\u00fclet"],"articleSection":["Esztergom","H\u00edrek","Kom\u00e1rom-Esztergom"],"inLanguage":"hu"},{"@type":"WebPage","@id":"https:\/\/dorogimedence.hu\/index.php\/2021\/09\/30\/ujabb-intezmenyekben-indulnak-baleset-megelozesi-programok-a-megyeben\/","url":"https:\/\/dorogimedence.hu\/index.php\/2021\/09\/30\/ujabb-intezmenyekben-indulnak-baleset-megelozesi-programok-a-megyeben\/","name":"\u00dajabb int\u00e9zm\u00e9nyekben indulnak baleset-megel\u0151z\u00e9si programok a megy\u00e9ben","isPartOf":{"@id":"https:\/\/dorogimedence.hu\/#website"},"primaryImageOfPage":{"@id":"https:\/\/dorogimedence.hu\/index.php\/2021\/09\/30\/ujabb-intezmenyekben-indulnak-baleset-megelozesi-programok-a-megyeben\/#primaryimage"},"image":{"@id":"https:\/\/dorogimedence.hu\/index.php\/2021\/09\/30\/ujabb-intezmenyekben-indulnak-baleset-megelozesi-programok-a-megyeben\/#primaryimage"},"thumbnailUrl":"https:\/\/dorogimedence.hu\/wp-content\/uploads\/2021\/09\/kozlekedes-01.jpg","datePublished":"2021-09-30T12:18:26+00:00","dateModified":"2021-09-30T12:19:30+00:00","breadcrumb":{"@id":"https:\/\/dorogimedence.hu\/index.php\/2021\/09\/30\/ujabb-intezmenyekben-indulnak-baleset-megelozesi-programok-a-megyeben\/#breadcrumb"},"inLanguage":"hu","potentialAction":[{"@type":"ReadAction","target":["https:\/\/dorogimedence.hu\/index.php\/2021\/09\/30\/ujabb-intezmenyekben-indulnak-baleset-megelozesi-programok-a-megyeben\/"]}]},{"@type":"ImageObject","inLanguage":"hu","@id":"https:\/\/dorogimedence.hu\/index.php\/2021\/09\/30\/ujabb-intezmenyekben-indulnak-baleset-megelozesi-programok-a-megyeben\/#primaryimage","url":"https:\/\/dorogimedence.hu\/wp-content\/uploads\/2021\/09\/kozlekedes-01.jpg","contentUrl":"https:\/\/dorogimedence.hu\/wp-content\/uploads\/2021\/09\/kozlekedes-01.jpg","width":751,"height":429},{"@type":"BreadcrumbList","@id":"https:\/\/dorogimedence.hu\/index.php\/2021\/09\/30\/ujabb-intezmenyekben-indulnak-baleset-megelozesi-programok-a-megyeben\/#breadcrumb","itemListElement":[{"@type":"ListItem","position":1,"name":"Kezd\u0151lap","item":"https:\/\/dorogimedence.hu\/"},{"@type":"ListItem","position":2,"name":"\u00dajabb int\u00e9zm\u00e9nyekben indulnak baleset-megel\u0151z\u00e9si programok a megy\u00e9ben"}]},{"@type":"WebSite","@id":"https:\/\/dorogimedence.hu\/#website","url":"https:\/\/dorogimedence.hu\/","name":"Dorogi-medence Region\u00e1lis H\u00edrport\u00e1l","description":"Dorog, Keszt\u00f6lc, Le\u00e1nyv\u00e1r, Piliscs\u00e9v, Tokod, Tokodalt\u00e1r\u00f3, Csolnok, Esztergom-kertv\u00e1ros: h\u00edrek, programok","publisher":{"@id":"https:\/\/dorogimedence.hu\/#organization"},"potentialAction":[{"@type":"SearchAction","target":{"@type":"EntryPoint","urlTemplate":"https:\/\/dorogimedence.hu\/?s={search_term_string}"},"query-input":{"@type":"PropertyValueSpecification","valueRequired":true,"valueName":"search_term_string"}}],"inLanguage":"hu"},{"@type":"Organization","@id":"https:\/\/dorogimedence.hu\/#organization","name":"Dorogi-medence Region\u00e1lis H\u00edrport\u00e1l","url":"https:\/\/dorogimedence.hu\/","logo":{"@type":"ImageObject","inLanguage":"hu","@id":"https:\/\/dorogimedence.hu\/#\/schema\/logo\/image\/","url":"https:\/\/dorogimedence.hu\/wp-content\/uploads\/2021\/04\/logo-feher-600.png","contentUrl":"https:\/\/dorogimedence.hu\/wp-content\/uploads\/2021\/04\/logo-feher-600.png","width":600,"height":100,"caption":"Dorogi-medence Region\u00e1lis H\u00edrport\u00e1l"},"image":{"@id":"https:\/\/dorogimedence.hu\/#\/schema\/logo\/image\/"},"sameAs":["https:\/\/www.facebook.com\/dorogimedence\/"]},{"@type":"Person","@id":"https:\/\/dorogimedence.hu\/#\/schema\/person\/ce6091eeb7e95ecdc87890d6aa8e0fd4","name":"dorogimedence.hu","image":{"@type":"ImageObject","inLanguage":"hu","@id":"\/\/www.gravatar.com\/avatar\/d8d45f8901aadff40a4af72c0b826f1d?s=96&#038;r=g&#038;d=mm","url":"\/\/www.gravatar.com\/avatar\/d8d45f8901aadff40a4af72c0b826f1d?s=96&#038;r=g&#038;d=mm","contentUrl":"\/\/www.gravatar.com\/avatar\/d8d45f8901aadff40a4af72c0b826f1d?s=96&#038;r=g&#038;d=mm","caption":"dorogimedence.hu"}}]}},"_links":{"self":[{"href":"https:\/\/dorogimedence.hu\/index.php\/wp-json\/wp\/v2\/posts\/37231","targetHints":{"allow":["GET"]}}],"collection":[{"href":"https:\/\/dorogimedence.hu\/index.php\/wp-json\/wp\/v2\/posts"}],"about":[{"href":"https:\/\/dorogimedence.hu\/index.php\/wp-json\/wp\/v2\/types\/post"}],"author":[{"embeddable":true,"href":"https:\/\/dorogimedence.hu\/index.php\/wp-json\/wp\/v2\/users\/1"}],"replies":[{"embeddable":true,"href":"https:\/\/dorogimedence.hu\/index.php\/wp-json\/wp\/v2\/comments?post=37231"}],"version-history":[{"count":0,"href":"https:\/\/dorogimedence.hu\/index.php\/wp-json\/wp\/v2\/posts\/37231\/revisions"}],"wp:featuredmedia":[{"embeddable":true,"href":"https:\/\/dorogimedence.hu\/index.php\/wp-json\/wp\/v2\/media\/37232"}],"wp:attachment":[{"href":"https:\/\/dorogimedence.hu\/index.php\/wp-json\/wp\/v2\/media?parent=37231"}],"wp:term":[{"taxonomy":"category","embeddable":true,"href":"https:\/\/dorogimedence.hu\/index.php\/wp-json\/wp\/v2\/categories?post=37231"},{"taxonomy":"post_tag","embeddable":true,"href":"https:\/\/dorogimedence.hu\/index.php\/wp-json\/wp\/v2\/tags?post=37231"}],"curies":[{"name":"wp","href":"https:\/\/api.w.org\/{rel}","templated":true}]}}