{"id":37024,"date":"2021-09-24T07:07:18","date_gmt":"2021-09-24T05:07:18","guid":{"rendered":"https:\/\/dorogimedence.hu\/?p=37024"},"modified":"2021-09-24T07:07:27","modified_gmt":"2021-09-24T05:07:27","slug":"sajat-vallalkozas-inditasakor-ezekre-ugyeljunk","status":"publish","type":"post","link":"https:\/\/dorogimedence.hu\/index.php\/2021\/09\/24\/sajat-vallalkozas-inditasakor-ezekre-ugyeljunk\/","title":{"rendered":"Saj\u00e1t v\u00e1llalkoz\u00e1s ind\u00edt\u00e1sakor ezekre \u00fcgyelj\u00fcnk!"},"content":{"rendered":"<p><strong>A gazdas\u00e1gi viszonyok \u00e1trendez\u0151d\u00e9se mellett egyre hangs\u00falyosabb\u00e1 v\u00e1lik, hogy meg\u00e9lhess\u00fck tehets\u00e9g\u00fcnket, kibontakoztassuk k\u00e9pess\u00e9geinket. Amikor a saj\u00e1t v\u00e1llalkoz\u00e1s mellett d\u00f6nt\u00fcnk, fontos sorban \u00e1tvenni n\u00e9h\u00e1ny r\u00e9szletet, miel\u0151tt belev\u00e1gn\u00e1nk az \u00fcgyint\u00e9z\u00e9sbe.<\/strong><\/p>\n<p>A saj\u00e1t v\u00e1llalkoz\u00e1s \u00e9letre h\u00edv\u00e1sa t\u00f6bb okb\u00f3l is t\u00f6rt\u00e9nhet, ahogy azt m\u00e1r fentebb is taglaltuk. K\u00f6nnyen megeshet az is, hogy csak \u00e1tmeneti, esetleg ideiglenes vagy szezon\u00e1lis dologr\u00f3l lenne sz\u00f3, ahogy az sem ritka, hogy valaki a h\u00e9tk\u00f6znapi \u00e1ll\u00e1sa mellett szeretn\u00e9 valami \u00fajban is kipr\u00f3b\u00e1lni mag\u00e1t. Ha nem akarjuk tov\u00e1bb halogatni a terveinket, akkor foglaljuk \u0151ket \u00f6ssze, gondoljuk \u00e1t, hogy ezekre az elk\u00e9pzel\u00e9sekre, szolg\u00e1ltat\u00e1sokra vagy term\u00e9kekre milyen kereslet v\u00e1rhat a piacon. Amennyiben ezzel megvagyunk, akkor k\u00e9sz\u00edts\u00fcnk egy \u00fczleti tervet.<\/p>\n<p>A v\u00e1llalkoz\u00e1snak, c\u00e9galap\u00edt\u00e1snak k\u00fcl\u00f6nf\u00e9le form\u00e1i l\u00e9teznek. M\u00e1s \u00e9s m\u00e1s felt\u00e9telei vannak ezeknek, de k\u00f6nnyen megtal\u00e1lhatjuk a sz\u00e1munkra megfelel\u0151 v\u00e1ltozatot, ha p\u00e9ld\u00e1ul a <a href=\"https:\/\/logoszcegcsoport.hu\/szekhelyszolgaltatas\" target=\"_blank\" rel=\"noopener\"><span style=\"text-decoration: underline; color: #0000ff;\">Logosz iroda<\/span><\/a> munkat\u00e1rsainak seg\u00edts\u00e9g\u00e9t k\u00e9rj\u00fck. A sz\u00e9khelyszolg\u00e1ltat\u00f3 c\u00e9gcsoport abban is seg\u00edti \u00fcgyfeleit, hogy a c\u00e9galap\u00edt\u00e1s neh\u00e9zs\u00e9geivel megbirk\u00f3zzanak.<\/p>\n<p>K\u00fcl\u00f6nf\u00e9le csomagok \u00e9s szolg\u00e1ltat\u00e1sok el\u00e9rhet\u0151ek k\u00edn\u00e1latukban, amik az \u00f6sszes kapcsol\u00f3d\u00f3 k\u00f6telezetts\u00e9gnek eleget tesznek, ha ig\u00e9nybe vessz\u00fck \u0151ket. Alacsony k\u00f6lts\u00e9gek mellett nagy seg\u00edts\u00e9get biztos\u00edt ez, hiszen a sz\u00e9khely biztos\u00edt\u00e1sa mellett a postai \u00fcgyint\u00e9z\u00e9s, de a hivatalos k\u00e9pviselet is biztos\u00edtott\u00e1 v\u00e1lik, ahogy az els\u0151 h\u00f3nap neh\u00e9zs\u00e9gei mellett p\u00e9ld\u00e1ul a k\u00f6nyvel\u00e9s is megoldott, \u00edgy nem kell ezzel sem k\u00fcl\u00f6n foglalkoznunk.<\/p>\n<p>Az ad\u00f3tan\u00e1csad\u00e1s \u00e9s a tev\u00e9kenys\u00e9gi k\u00f6r\u00f6k megjel\u00f6l\u00e9se mind az alapl\u00e9p\u00e9sek k\u00f6z\u00e9 tartozik, amivel nem felt\u00e9tlen\u00fcl boldogul valaki, aki kor\u00e1bban sosem foglalkozott ilyesmivel. A sz\u00e9khelyszolg\u00e1ltat\u00e1ssal foglalkoz\u00f3 c\u00e9gcsoport partnereivel ezek sem jelentenek probl\u00e9m\u00e1t, \u00edgy bizonytalans\u00e1g eset\u00e9n \u00e9rdemes felkeresni \u0151ket, \u00e9s megk\u00f6nny\u00edteni a saj\u00e1t helyzet\u00fcnket, hogy csak az igaz\u00e1n fontos dologra, a munk\u00e1ra kelljen koncentr\u00e1lnunk!<\/p>\n","protected":false},"excerpt":{"rendered":"<p>A gazdas\u00e1gi viszonyok \u00e1trendez\u0151d\u00e9se mellett egyre hangs\u00falyosabb\u00e1 v\u00e1lik, hogy meg\u00e9lhess\u00fck tehets\u00e9g\u00fcnket, kibontakoztassuk k\u00e9pess\u00e9geinket. Amikor a saj\u00e1t v\u00e1llalkoz\u00e1s mellett d\u00f6nt\u00fcnk, fontos sorban \u00e1tvenni n\u00e9h\u00e1ny r\u00e9szletet, miel\u0151tt belev\u00e1gn\u00e1nk az \u00fcgyint\u00e9z\u00e9sbe. A saj\u00e1t v\u00e1llalkoz\u00e1s \u00e9letre h\u00edv\u00e1sa t\u00f6bb okb\u00f3l is t\u00f6rt\u00e9nhet, ahogy azt m\u00e1r fentebb is taglaltuk. K\u00f6nnyen megeshet az is, hogy csak \u00e1tmeneti, esetleg ideiglenes vagy szezon\u00e1lis dologr\u00f3l<\/p>\n","protected":false},"author":1,"featured_media":37025,"comment_status":"closed","ping_status":"closed","sticky":false,"template":"","format":"standard","meta":{"ngg_post_thumbnail":0,"footnotes":""},"categories":[3],"tags":[4218],"class_list":{"0":"post-37024","1":"post","2":"type-post","3":"status-publish","4":"format-standard","5":"has-post-thumbnail","7":"category-hirek","8":"tag-vallalkozas"},"yoast_head":"<!-- This site is optimized with the Yoast SEO plugin v27.4 - https:\/\/yoast.com\/product\/yoast-seo-wordpress\/ -->\n<title>Saj\u00e1t v\u00e1llalkoz\u00e1s ind\u00edt\u00e1sakor ezekre \u00fcgyelj\u00fcnk!<\/title>\n<meta name=\"robots\" content=\"index, follow, max-snippet:-1, max-image-preview:large, max-video-preview:-1\" \/>\n<link rel=\"canonical\" href=\"https:\/\/dorogimedence.hu\/index.php\/2021\/09\/24\/sajat-vallalkozas-inditasakor-ezekre-ugyeljunk\/\" class=\"yoast-seo-meta-tag\" \/>\n<meta property=\"og:locale\" content=\"hu_HU\" class=\"yoast-seo-meta-tag\" \/>\n<meta property=\"og:type\" content=\"article\" class=\"yoast-seo-meta-tag\" \/>\n<meta property=\"og:title\" content=\"Saj\u00e1t v\u00e1llalkoz\u00e1s ind\u00edt\u00e1sakor ezekre \u00fcgyelj\u00fcnk!\" class=\"yoast-seo-meta-tag\" \/>\n<meta property=\"og:description\" content=\"A gazdas\u00e1gi viszonyok \u00e1trendez\u0151d\u00e9se mellett egyre hangs\u00falyosabb\u00e1 v\u00e1lik, hogy meg\u00e9lhess\u00fck tehets\u00e9g\u00fcnket, kibontakoztassuk k\u00e9pess\u00e9geinket. Amikor a saj\u00e1t v\u00e1llalkoz\u00e1s mellett d\u00f6nt\u00fcnk, fontos sorban \u00e1tvenni n\u00e9h\u00e1ny r\u00e9szletet, miel\u0151tt belev\u00e1gn\u00e1nk az \u00fcgyint\u00e9z\u00e9sbe. A saj\u00e1t v\u00e1llalkoz\u00e1s \u00e9letre h\u00edv\u00e1sa t\u00f6bb okb\u00f3l is t\u00f6rt\u00e9nhet, ahogy azt m\u00e1r fentebb is taglaltuk. K\u00f6nnyen megeshet az is, hogy csak \u00e1tmeneti, esetleg ideiglenes vagy szezon\u00e1lis dologr\u00f3l\" class=\"yoast-seo-meta-tag\" \/>\n<meta property=\"og:url\" content=\"https:\/\/dorogimedence.hu\/index.php\/2021\/09\/24\/sajat-vallalkozas-inditasakor-ezekre-ugyeljunk\/\" class=\"yoast-seo-meta-tag\" \/>\n<meta property=\"og:site_name\" content=\"Dorogi-medence Region\u00e1lis H\u00edrport\u00e1l\" class=\"yoast-seo-meta-tag\" \/>\n<meta property=\"article:publisher\" content=\"https:\/\/www.facebook.com\/dorogimedence\/\" class=\"yoast-seo-meta-tag\" \/>\n<meta property=\"article:published_time\" content=\"2021-09-24T05:07:18+00:00\" class=\"yoast-seo-meta-tag\" \/>\n<meta property=\"article:modified_time\" content=\"2021-09-24T05:07:27+00:00\" class=\"yoast-seo-meta-tag\" \/>\n<meta property=\"og:image\" content=\"https:\/\/i0.wp.com\/dorogimedence.hu\/wp-content\/uploads\/2021\/09\/uzlet.jpg?fit=1800%2C1200&ssl=1\" class=\"yoast-seo-meta-tag\" \/>\n\t<meta property=\"og:image:width\" content=\"1800\" class=\"yoast-seo-meta-tag\" \/>\n\t<meta property=\"og:image:height\" content=\"1200\" class=\"yoast-seo-meta-tag\" \/>\n\t<meta property=\"og:image:type\" content=\"image\/jpeg\" class=\"yoast-seo-meta-tag\" \/>\n<meta name=\"author\" content=\"dorogimedence.hu\" class=\"yoast-seo-meta-tag\" \/>\n<meta name=\"twitter:card\" content=\"summary_large_image\" class=\"yoast-seo-meta-tag\" \/>\n<meta name=\"twitter:label1\" content=\"Szerz\u0151:\" class=\"yoast-seo-meta-tag\" \/>\n\t<meta name=\"twitter:data1\" content=\"dorogimedence.hu\" class=\"yoast-seo-meta-tag\" \/>\n\t<meta name=\"twitter:label2\" content=\"Becs\u00fclt olvas\u00e1si id\u0151\" class=\"yoast-seo-meta-tag\" \/>\n\t<meta name=\"twitter:data2\" content=\"2 perc\" class=\"yoast-seo-meta-tag\" \/>\n<script type=\"application\/ld+json\" class=\"yoast-schema-graph\">{\"@context\":\"https:\\\/\\\/schema.org\",\"@graph\":[{\"@type\":\"Article\",\"@id\":\"https:\\\/\\\/dorogimedence.hu\\\/index.php\\\/2021\\\/09\\\/24\\\/sajat-vallalkozas-inditasakor-ezekre-ugyeljunk\\\/#article\",\"isPartOf\":{\"@id\":\"https:\\\/\\\/dorogimedence.hu\\\/index.php\\\/2021\\\/09\\\/24\\\/sajat-vallalkozas-inditasakor-ezekre-ugyeljunk\\\/\"},\"author\":{\"name\":\"dorogimedence.hu\",\"@id\":\"https:\\\/\\\/dorogimedence.hu\\\/#\\\/schema\\\/person\\\/ce6091eeb7e95ecdc87890d6aa8e0fd4\"},\"headline\":\"Saj\u00e1t v\u00e1llalkoz\u00e1s ind\u00edt\u00e1sakor ezekre \u00fcgyelj\u00fcnk!\",\"datePublished\":\"2021-09-24T05:07:18+00:00\",\"dateModified\":\"2021-09-24T05:07:27+00:00\",\"mainEntityOfPage\":{\"@id\":\"https:\\\/\\\/dorogimedence.hu\\\/index.php\\\/2021\\\/09\\\/24\\\/sajat-vallalkozas-inditasakor-ezekre-ugyeljunk\\\/\"},\"wordCount\":419,\"publisher\":{\"@id\":\"https:\\\/\\\/dorogimedence.hu\\\/#organization\"},\"image\":{\"@id\":\"https:\\\/\\\/dorogimedence.hu\\\/index.php\\\/2021\\\/09\\\/24\\\/sajat-vallalkozas-inditasakor-ezekre-ugyeljunk\\\/#primaryimage\"},\"thumbnailUrl\":\"https:\\\/\\\/dorogimedence.hu\\\/wp-content\\\/uploads\\\/2021\\\/09\\\/uzlet.jpg\",\"keywords\":[\"v\u00e1llalkoz\u00e1s\"],\"articleSection\":[\"H\u00edrek\"],\"inLanguage\":\"hu\"},{\"@type\":\"WebPage\",\"@id\":\"https:\\\/\\\/dorogimedence.hu\\\/index.php\\\/2021\\\/09\\\/24\\\/sajat-vallalkozas-inditasakor-ezekre-ugyeljunk\\\/\",\"url\":\"https:\\\/\\\/dorogimedence.hu\\\/index.php\\\/2021\\\/09\\\/24\\\/sajat-vallalkozas-inditasakor-ezekre-ugyeljunk\\\/\",\"name\":\"Saj\u00e1t v\u00e1llalkoz\u00e1s ind\u00edt\u00e1sakor ezekre \u00fcgyelj\u00fcnk!\",\"isPartOf\":{\"@id\":\"https:\\\/\\\/dorogimedence.hu\\\/#website\"},\"primaryImageOfPage\":{\"@id\":\"https:\\\/\\\/dorogimedence.hu\\\/index.php\\\/2021\\\/09\\\/24\\\/sajat-vallalkozas-inditasakor-ezekre-ugyeljunk\\\/#primaryimage\"},\"image\":{\"@id\":\"https:\\\/\\\/dorogimedence.hu\\\/index.php\\\/2021\\\/09\\\/24\\\/sajat-vallalkozas-inditasakor-ezekre-ugyeljunk\\\/#primaryimage\"},\"thumbnailUrl\":\"https:\\\/\\\/dorogimedence.hu\\\/wp-content\\\/uploads\\\/2021\\\/09\\\/uzlet.jpg\",\"datePublished\":\"2021-09-24T05:07:18+00:00\",\"dateModified\":\"2021-09-24T05:07:27+00:00\",\"breadcrumb\":{\"@id\":\"https:\\\/\\\/dorogimedence.hu\\\/index.php\\\/2021\\\/09\\\/24\\\/sajat-vallalkozas-inditasakor-ezekre-ugyeljunk\\\/#breadcrumb\"},\"inLanguage\":\"hu\",\"potentialAction\":[{\"@type\":\"ReadAction\",\"target\":[\"https:\\\/\\\/dorogimedence.hu\\\/index.php\\\/2021\\\/09\\\/24\\\/sajat-vallalkozas-inditasakor-ezekre-ugyeljunk\\\/\"]}]},{\"@type\":\"ImageObject\",\"inLanguage\":\"hu\",\"@id\":\"https:\\\/\\\/dorogimedence.hu\\\/index.php\\\/2021\\\/09\\\/24\\\/sajat-vallalkozas-inditasakor-ezekre-ugyeljunk\\\/#primaryimage\",\"url\":\"https:\\\/\\\/dorogimedence.hu\\\/wp-content\\\/uploads\\\/2021\\\/09\\\/uzlet.jpg\",\"contentUrl\":\"https:\\\/\\\/dorogimedence.hu\\\/wp-content\\\/uploads\\\/2021\\\/09\\\/uzlet.jpg\",\"width\":1800,\"height\":1200},{\"@type\":\"BreadcrumbList\",\"@id\":\"https:\\\/\\\/dorogimedence.hu\\\/index.php\\\/2021\\\/09\\\/24\\\/sajat-vallalkozas-inditasakor-ezekre-ugyeljunk\\\/#breadcrumb\",\"itemListElement\":[{\"@type\":\"ListItem\",\"position\":1,\"name\":\"Kezd\u0151lap\",\"item\":\"https:\\\/\\\/dorogimedence.hu\\\/\"},{\"@type\":\"ListItem\",\"position\":2,\"name\":\"Saj\u00e1t v\u00e1llalkoz\u00e1s ind\u00edt\u00e1sakor ezekre \u00fcgyelj\u00fcnk!\"}]},{\"@type\":\"WebSite\",\"@id\":\"https:\\\/\\\/dorogimedence.hu\\\/#website\",\"url\":\"https:\\\/\\\/dorogimedence.hu\\\/\",\"name\":\"Dorogi-medence Region\u00e1lis H\u00edrport\u00e1l\",\"description\":\"Dorog, Keszt\u00f6lc, Le\u00e1nyv\u00e1r, Piliscs\u00e9v, Tokod, Tokodalt\u00e1r\u00f3, Csolnok, Esztergom-kertv\u00e1ros: h\u00edrek, programok\",\"publisher\":{\"@id\":\"https:\\\/\\\/dorogimedence.hu\\\/#organization\"},\"potentialAction\":[{\"@type\":\"SearchAction\",\"target\":{\"@type\":\"EntryPoint\",\"urlTemplate\":\"https:\\\/\\\/dorogimedence.hu\\\/?s={search_term_string}\"},\"query-input\":{\"@type\":\"PropertyValueSpecification\",\"valueRequired\":true,\"valueName\":\"search_term_string\"}}],\"inLanguage\":\"hu\"},{\"@type\":\"Organization\",\"@id\":\"https:\\\/\\\/dorogimedence.hu\\\/#organization\",\"name\":\"Dorogi-medence Region\u00e1lis H\u00edrport\u00e1l\",\"url\":\"https:\\\/\\\/dorogimedence.hu\\\/\",\"logo\":{\"@type\":\"ImageObject\",\"inLanguage\":\"hu\",\"@id\":\"https:\\\/\\\/dorogimedence.hu\\\/#\\\/schema\\\/logo\\\/image\\\/\",\"url\":\"https:\\\/\\\/dorogimedence.hu\\\/wp-content\\\/uploads\\\/2021\\\/04\\\/logo-feher-600.png\",\"contentUrl\":\"https:\\\/\\\/dorogimedence.hu\\\/wp-content\\\/uploads\\\/2021\\\/04\\\/logo-feher-600.png\",\"width\":600,\"height\":100,\"caption\":\"Dorogi-medence Region\u00e1lis H\u00edrport\u00e1l\"},\"image\":{\"@id\":\"https:\\\/\\\/dorogimedence.hu\\\/#\\\/schema\\\/logo\\\/image\\\/\"},\"sameAs\":[\"https:\\\/\\\/www.facebook.com\\\/dorogimedence\\\/\"]},{\"@type\":\"Person\",\"@id\":\"https:\\\/\\\/dorogimedence.hu\\\/#\\\/schema\\\/person\\\/ce6091eeb7e95ecdc87890d6aa8e0fd4\",\"name\":\"dorogimedence.hu\",\"image\":{\"@type\":\"ImageObject\",\"inLanguage\":\"hu\",\"@id\":\"\\\/\\\/www.gravatar.com\\\/avatar\\\/d8d45f8901aadff40a4af72c0b826f1d?s=96&#038;r=g&#038;d=mm\",\"url\":\"\\\/\\\/www.gravatar.com\\\/avatar\\\/d8d45f8901aadff40a4af72c0b826f1d?s=96&#038;r=g&#038;d=mm\",\"contentUrl\":\"\\\/\\\/www.gravatar.com\\\/avatar\\\/d8d45f8901aadff40a4af72c0b826f1d?s=96&#038;r=g&#038;d=mm\",\"caption\":\"dorogimedence.hu\"}}]}<\/script>\n<!-- \/ Yoast SEO plugin. -->","yoast_head_json":{"title":"Saj\u00e1t v\u00e1llalkoz\u00e1s ind\u00edt\u00e1sakor ezekre \u00fcgyelj\u00fcnk!","robots":{"index":"index","follow":"follow","max-snippet":"max-snippet:-1","max-image-preview":"max-image-preview:large","max-video-preview":"max-video-preview:-1"},"canonical":"https:\/\/dorogimedence.hu\/index.php\/2021\/09\/24\/sajat-vallalkozas-inditasakor-ezekre-ugyeljunk\/","og_locale":"hu_HU","og_type":"article","og_title":"Saj\u00e1t v\u00e1llalkoz\u00e1s ind\u00edt\u00e1sakor ezekre \u00fcgyelj\u00fcnk!","og_description":"A gazdas\u00e1gi viszonyok \u00e1trendez\u0151d\u00e9se mellett egyre hangs\u00falyosabb\u00e1 v\u00e1lik, hogy meg\u00e9lhess\u00fck tehets\u00e9g\u00fcnket, kibontakoztassuk k\u00e9pess\u00e9geinket. Amikor a saj\u00e1t v\u00e1llalkoz\u00e1s mellett d\u00f6nt\u00fcnk, fontos sorban \u00e1tvenni n\u00e9h\u00e1ny r\u00e9szletet, miel\u0151tt belev\u00e1gn\u00e1nk az \u00fcgyint\u00e9z\u00e9sbe. A saj\u00e1t v\u00e1llalkoz\u00e1s \u00e9letre h\u00edv\u00e1sa t\u00f6bb okb\u00f3l is t\u00f6rt\u00e9nhet, ahogy azt m\u00e1r fentebb is taglaltuk. K\u00f6nnyen megeshet az is, hogy csak \u00e1tmeneti, esetleg ideiglenes vagy szezon\u00e1lis dologr\u00f3l","og_url":"https:\/\/dorogimedence.hu\/index.php\/2021\/09\/24\/sajat-vallalkozas-inditasakor-ezekre-ugyeljunk\/","og_site_name":"Dorogi-medence Region\u00e1lis H\u00edrport\u00e1l","article_publisher":"https:\/\/www.facebook.com\/dorogimedence\/","article_published_time":"2021-09-24T05:07:18+00:00","article_modified_time":"2021-09-24T05:07:27+00:00","og_image":[{"width":1800,"height":1200,"url":"https:\/\/i0.wp.com\/dorogimedence.hu\/wp-content\/uploads\/2021\/09\/uzlet.jpg?fit=1800%2C1200&ssl=1","type":"image\/jpeg"}],"author":"dorogimedence.hu","twitter_card":"summary_large_image","twitter_misc":{"Szerz\u0151:":"dorogimedence.hu","Becs\u00fclt olvas\u00e1si id\u0151":"2 perc"},"schema":{"@context":"https:\/\/schema.org","@graph":[{"@type":"Article","@id":"https:\/\/dorogimedence.hu\/index.php\/2021\/09\/24\/sajat-vallalkozas-inditasakor-ezekre-ugyeljunk\/#article","isPartOf":{"@id":"https:\/\/dorogimedence.hu\/index.php\/2021\/09\/24\/sajat-vallalkozas-inditasakor-ezekre-ugyeljunk\/"},"author":{"name":"dorogimedence.hu","@id":"https:\/\/dorogimedence.hu\/#\/schema\/person\/ce6091eeb7e95ecdc87890d6aa8e0fd4"},"headline":"Saj\u00e1t v\u00e1llalkoz\u00e1s ind\u00edt\u00e1sakor ezekre \u00fcgyelj\u00fcnk!","datePublished":"2021-09-24T05:07:18+00:00","dateModified":"2021-09-24T05:07:27+00:00","mainEntityOfPage":{"@id":"https:\/\/dorogimedence.hu\/index.php\/2021\/09\/24\/sajat-vallalkozas-inditasakor-ezekre-ugyeljunk\/"},"wordCount":419,"publisher":{"@id":"https:\/\/dorogimedence.hu\/#organization"},"image":{"@id":"https:\/\/dorogimedence.hu\/index.php\/2021\/09\/24\/sajat-vallalkozas-inditasakor-ezekre-ugyeljunk\/#primaryimage"},"thumbnailUrl":"https:\/\/dorogimedence.hu\/wp-content\/uploads\/2021\/09\/uzlet.jpg","keywords":["v\u00e1llalkoz\u00e1s"],"articleSection":["H\u00edrek"],"inLanguage":"hu"},{"@type":"WebPage","@id":"https:\/\/dorogimedence.hu\/index.php\/2021\/09\/24\/sajat-vallalkozas-inditasakor-ezekre-ugyeljunk\/","url":"https:\/\/dorogimedence.hu\/index.php\/2021\/09\/24\/sajat-vallalkozas-inditasakor-ezekre-ugyeljunk\/","name":"Saj\u00e1t v\u00e1llalkoz\u00e1s ind\u00edt\u00e1sakor ezekre \u00fcgyelj\u00fcnk!","isPartOf":{"@id":"https:\/\/dorogimedence.hu\/#website"},"primaryImageOfPage":{"@id":"https:\/\/dorogimedence.hu\/index.php\/2021\/09\/24\/sajat-vallalkozas-inditasakor-ezekre-ugyeljunk\/#primaryimage"},"image":{"@id":"https:\/\/dorogimedence.hu\/index.php\/2021\/09\/24\/sajat-vallalkozas-inditasakor-ezekre-ugyeljunk\/#primaryimage"},"thumbnailUrl":"https:\/\/dorogimedence.hu\/wp-content\/uploads\/2021\/09\/uzlet.jpg","datePublished":"2021-09-24T05:07:18+00:00","dateModified":"2021-09-24T05:07:27+00:00","breadcrumb":{"@id":"https:\/\/dorogimedence.hu\/index.php\/2021\/09\/24\/sajat-vallalkozas-inditasakor-ezekre-ugyeljunk\/#breadcrumb"},"inLanguage":"hu","potentialAction":[{"@type":"ReadAction","target":["https:\/\/dorogimedence.hu\/index.php\/2021\/09\/24\/sajat-vallalkozas-inditasakor-ezekre-ugyeljunk\/"]}]},{"@type":"ImageObject","inLanguage":"hu","@id":"https:\/\/dorogimedence.hu\/index.php\/2021\/09\/24\/sajat-vallalkozas-inditasakor-ezekre-ugyeljunk\/#primaryimage","url":"https:\/\/dorogimedence.hu\/wp-content\/uploads\/2021\/09\/uzlet.jpg","contentUrl":"https:\/\/dorogimedence.hu\/wp-content\/uploads\/2021\/09\/uzlet.jpg","width":1800,"height":1200},{"@type":"BreadcrumbList","@id":"https:\/\/dorogimedence.hu\/index.php\/2021\/09\/24\/sajat-vallalkozas-inditasakor-ezekre-ugyeljunk\/#breadcrumb","itemListElement":[{"@type":"ListItem","position":1,"name":"Kezd\u0151lap","item":"https:\/\/dorogimedence.hu\/"},{"@type":"ListItem","position":2,"name":"Saj\u00e1t v\u00e1llalkoz\u00e1s ind\u00edt\u00e1sakor ezekre \u00fcgyelj\u00fcnk!"}]},{"@type":"WebSite","@id":"https:\/\/dorogimedence.hu\/#website","url":"https:\/\/dorogimedence.hu\/","name":"Dorogi-medence Region\u00e1lis H\u00edrport\u00e1l","description":"Dorog, Keszt\u00f6lc, Le\u00e1nyv\u00e1r, Piliscs\u00e9v, Tokod, Tokodalt\u00e1r\u00f3, Csolnok, Esztergom-kertv\u00e1ros: h\u00edrek, programok","publisher":{"@id":"https:\/\/dorogimedence.hu\/#organization"},"potentialAction":[{"@type":"SearchAction","target":{"@type":"EntryPoint","urlTemplate":"https:\/\/dorogimedence.hu\/?s={search_term_string}"},"query-input":{"@type":"PropertyValueSpecification","valueRequired":true,"valueName":"search_term_string"}}],"inLanguage":"hu"},{"@type":"Organization","@id":"https:\/\/dorogimedence.hu\/#organization","name":"Dorogi-medence Region\u00e1lis H\u00edrport\u00e1l","url":"https:\/\/dorogimedence.hu\/","logo":{"@type":"ImageObject","inLanguage":"hu","@id":"https:\/\/dorogimedence.hu\/#\/schema\/logo\/image\/","url":"https:\/\/dorogimedence.hu\/wp-content\/uploads\/2021\/04\/logo-feher-600.png","contentUrl":"https:\/\/dorogimedence.hu\/wp-content\/uploads\/2021\/04\/logo-feher-600.png","width":600,"height":100,"caption":"Dorogi-medence Region\u00e1lis H\u00edrport\u00e1l"},"image":{"@id":"https:\/\/dorogimedence.hu\/#\/schema\/logo\/image\/"},"sameAs":["https:\/\/www.facebook.com\/dorogimedence\/"]},{"@type":"Person","@id":"https:\/\/dorogimedence.hu\/#\/schema\/person\/ce6091eeb7e95ecdc87890d6aa8e0fd4","name":"dorogimedence.hu","image":{"@type":"ImageObject","inLanguage":"hu","@id":"\/\/www.gravatar.com\/avatar\/d8d45f8901aadff40a4af72c0b826f1d?s=96&#038;r=g&#038;d=mm","url":"\/\/www.gravatar.com\/avatar\/d8d45f8901aadff40a4af72c0b826f1d?s=96&#038;r=g&#038;d=mm","contentUrl":"\/\/www.gravatar.com\/avatar\/d8d45f8901aadff40a4af72c0b826f1d?s=96&#038;r=g&#038;d=mm","caption":"dorogimedence.hu"}}]}},"_links":{"self":[{"href":"https:\/\/dorogimedence.hu\/index.php\/wp-json\/wp\/v2\/posts\/37024","targetHints":{"allow":["GET"]}}],"collection":[{"href":"https:\/\/dorogimedence.hu\/index.php\/wp-json\/wp\/v2\/posts"}],"about":[{"href":"https:\/\/dorogimedence.hu\/index.php\/wp-json\/wp\/v2\/types\/post"}],"author":[{"embeddable":true,"href":"https:\/\/dorogimedence.hu\/index.php\/wp-json\/wp\/v2\/users\/1"}],"replies":[{"embeddable":true,"href":"https:\/\/dorogimedence.hu\/index.php\/wp-json\/wp\/v2\/comments?post=37024"}],"version-history":[{"count":0,"href":"https:\/\/dorogimedence.hu\/index.php\/wp-json\/wp\/v2\/posts\/37024\/revisions"}],"wp:featuredmedia":[{"embeddable":true,"href":"https:\/\/dorogimedence.hu\/index.php\/wp-json\/wp\/v2\/media\/37025"}],"wp:attachment":[{"href":"https:\/\/dorogimedence.hu\/index.php\/wp-json\/wp\/v2\/media?parent=37024"}],"wp:term":[{"taxonomy":"category","embeddable":true,"href":"https:\/\/dorogimedence.hu\/index.php\/wp-json\/wp\/v2\/categories?post=37024"},{"taxonomy":"post_tag","embeddable":true,"href":"https:\/\/dorogimedence.hu\/index.php\/wp-json\/wp\/v2\/tags?post=37024"}],"curies":[{"name":"wp","href":"https:\/\/api.w.org\/{rel}","templated":true}]}}