{"id":37018,"date":"2021-09-23T15:02:02","date_gmt":"2021-09-23T13:02:02","guid":{"rendered":"https:\/\/dorogimedence.hu\/?p=37018"},"modified":"2021-09-23T15:02:49","modified_gmt":"2021-09-23T13:02:49","slug":"kutatok-ejszakaja-a-pazmany-btk-is-megnyitja-kapuit","status":"publish","type":"post","link":"https:\/\/dorogimedence.hu\/index.php\/2021\/09\/23\/kutatok-ejszakaja-a-pazmany-btk-is-megnyitja-kapuit\/","title":{"rendered":"Kutat\u00f3k \u00c9jszak\u00e1ja: a P\u00e1zm\u00e1ny BTK is megnyitja kapuit"},"content":{"rendered":"<p><strong>A P\u00e1zm\u00e1ny P\u00e9ter Katolikus Egyetem B\u00f6lcs\u00e9szet- \u00e9s T\u00e1rsadalomtudom\u00e1nyi Kara&nbsp;most is csatlakozik a Kutat\u00f3k \u00c9jszak\u00e1ja orsz\u00e1gos rendezv\u00e9nyhez.<\/strong><\/p>\n<p>\u201eBelen\u00e9zn\u00e9l az agyadba? Megismern\u00e9d az orosz konyh\u00e1t? \u00c9rdekelnek a k\u00f6z\u00e9pkori ostromg\u00e9pek? K\u00edv\u00e1ncsi vagy, mi\u00e9rt aktu\u00e1lis Pilinszky? Vagy kalandozn\u00e1l egy \u00e1zsiai szuperv\u00e1rosban?\u201d \u2013 Az irodalomt\u00f3l a pszichol\u00f3gi\u00e1n \u00e9s a politol\u00f3gi\u00e1n \u00e1t a r\u00e9g\u00e9szetig a P\u00e1zm\u00e1ny BTK-n sz\u00e1mos tudom\u00e1ny\u00e1g mutatkozik be \u00e9rdekes el\u0151ad\u00e1sokkal az \u00e9rdekl\u0151d\u0151 nagyk\u00f6z\u00f6ns\u00e9g el\u0151tt szeptember 24-\u00e9n, p\u00e9nteken.<\/p>\n<p>A rendk\u00edv\u00fcl izgalmas t\u00e9m\u00e1kat bemutat\u00f3 rendezv\u00e9ny alkalm\u00e1val k\u00e9t helysz\u00ednen,&nbsp;Budapesten \u00e9s Esztergomban rengeteg t\u00e9m\u00e1val&nbsp;k\u00e9sz\u00fclnek a szervez\u0151k. \u00d6rvendetes, hogy a P\u00e1zm\u00e1ny tansz\u00e9keinek nagy r\u00e9sze&nbsp;\u00e9s t\u00f6bb kutat\u00f3csoportjuk kapcsol\u00f3dik&nbsp;valamilyen el\u0151ad\u00e1ssal a mindenki&nbsp;sz\u00e1m\u00e1ra el\u00e9rhet\u0151 ingyenes, v\u00e9detts\u00e9gi igazolv\u00e1ny birtok\u00e1ban l\u00e1togathat\u00f3 programokhoz.<\/p>\n<p>Az irodalmi m\u0171hely kutat\u00f3i a 100 \u00e9ve sz\u00fcletett Pilinszky J\u00e1nos \u00e9s az ugyancsak 1921-ben sz\u00fcletett M\u00e9sz\u00f6ly Mikl\u00f3s \u00e9letm\u0171v\u00e9t \u00e1ll\u00edtj\u00e1k k\u00f6z\u00e9ppontba.<\/p>\n<p>A politol\u00f3gia ter\u00fclet\u00e9nek szak\u00e9rt\u0151 tan\u00e1rai a glob\u00e1lis k\u00f6rnyezeti probl\u00e9m\u00e1k konzervat\u00edv megk\u00f6zel\u00edt\u00e9s\u00e9r\u0151l fognak besz\u00e9lni.<\/p>\n<p>Az est folyam\u00e1n h\u00e1rom turnusban l\u00e1togathat\u00f3 a Pszichol\u00f3giai Kutat\u00f3 Laborat\u00f3rium, ahol a kar jelenlegi kutat\u00e1saival ismerkedhetnek az \u00e9rdekl\u0151d\u0151k.<\/p>\n<p>A r\u00e9g\u00e9szek sem \u201et\u00e1masztj\u00e1k a lap\u00e1tot\u201d ezen az est\u00e9n, rendk\u00edv\u00fcl \u00e9rdekes leletekr\u0151l \u00e9s projektekr\u0151l fognak besz\u00e9lni a legfiatalabb r\u00e9g\u00e9szgener\u00e1ci\u00f3 jeles tagjai.<\/p>\n<p>A szlavisztika tansz\u00e9k egy k\u00f6zeli nagyhatalom, Oroszorsz\u00e1g mindennapjaiba enged bepillant\u00e1st, de m\u00e9g gasztron\u00f3miai k\u00e9rd\u00e9sekre is kit\u00e9rve.<\/p>\n<p>Az arab kult\u00fara szak\u00e9rt\u0151i Egyiptomr\u00f3l, e 90 milli\u00f3s orsz\u00e1gr\u00f3l fognak mes\u00e9lni. \u00c9s akik a messzi vil\u00e1got k\u00f6zel hozz\u00e1k: a Modern Kelet-\u00c1zsia Kutat\u00f3csoportunk az \u00e1zsiai szuperv\u00e1rosok \u00e9let\u00e9t t\u00e1rja el\u00e9nk.<\/p>\n<p>Mindez teh\u00e1t Budapesten a VIII. ker\u00fcleti Miksz\u00e1th K\u00e1lm\u00e1n t\u00e9ri \u00e9p\u00fclet\u00fckben. De n\u00e9zz\u00fck, mit aj\u00e1nl a P\u00e1zm\u00e1ny esztergomi k\u00e9pz\u00e9si helysz\u00edne.<\/p>\n<p>Itt a r\u00e9g\u00e9szek, az \u00f3v\u00f3- \u00e9s tan\u00edt\u00f3k\u00e9pz\u0151s\u00f6k \u00e9s k\u00e9t kutat\u00f3csoport el\u0151ad\u00e1sai k\u00f6z\u00fcl lehet v\u00e1logatni. A r\u00e9g\u00e9szek r\u00e9gi t\u00e9rk\u00e9peken kereszt\u00fcl v\u00e1zolj\u00e1k fel, hogyan v\u00e1ltozott haz\u00e1nk vizu\u00e1lis megjelen\u00edt\u00e9se \u00f6t \u00e9vsz\u00e1zad alatt. Az \u00d3v\u00f3- \u00e9s Tan\u00edt\u00f3k\u00e9pz\u0151 Tansz\u00e9k \u00e9l\u0151k\u00e9pekkel, p\u00e1rbesz\u00e9dekkel jelen\u00edti meg Szent Istv\u00e1n \u00e9let\u00e9t, ezzel m\u00e9g a legkisebbek sz\u00e1m\u00e1ra is sz\u00f3rakoz\u00e1st ny\u00fajtva. Vestigia Kutat\u00f3csoportunk el\u0151ad\u00f3ja arr\u00f3l mes\u00e9l, hogy az olasz forr\u00e1sokban hogyan \u00edrtak a XV-XVI. sz\u00e1zadi j\u00e1rv\u00e1nyokr\u00f3l, \u00e9s hasonl\u00f3 t\u00e9m\u00e1t v\u00e1lasztott a MTA PPKE Barokk Irodalom \u00e9s Lelkis\u00e9g Kutat\u00f3csoport is. El\u0151ad\u00e1suk c\u00edme: J\u00e1rv\u00e1nykezel\u00e9s a XVI-XVII. sz\u00e1zadi Magyarorsz\u00e1gon.<\/p>\n<p>A bel\u00e9p\u00e9s az esztergomi Iohanneumba, a volt tan\u00edt\u00f3k\u00e9pz\u0151 \u00e9p\u00fclet\u00e9be is ingyenes, de v\u00e9detts\u00e9gi igazolv\u00e1ny megl\u00e9t\u00e9hez k\u00f6t\u00f6tt.<\/p>\n<p><a href=\"https:\/\/www.facebook.com\/events\/440012194060863\" target=\"_blank\" rel=\"noopener\"><span style=\"text-decoration: underline; color: #0000ff;\">Facebook esem\u00e9ny&gt;&gt;<\/span><\/a><br \/>\n<a href=\"https:\/\/btk.ppke.hu\/esemenyek\/2021-09-24-kutatok-ejszakaja\" target=\"_blank\" rel=\"noopener\"><span style=\"text-decoration: underline; color: #0000ff;\">Budapesti rendezv\u00e9ny&gt;&gt;<\/span><\/a><br \/>\n<a href=\"https:\/\/btk.ppke.hu\/esemenyek\/2021-09-24-kutatok-ejszakaja-a-iohanneumban\" target=\"_blank\" rel=\"noopener\"><span style=\"text-decoration: underline; color: #0000ff;\">Esztergomi rendezv\u00e9ny&gt;&gt;<\/span><\/a><\/p>\n","protected":false},"excerpt":{"rendered":"<p>A P\u00e1zm\u00e1ny P\u00e9ter Katolikus Egyetem B\u00f6lcs\u00e9szet- \u00e9s T\u00e1rsadalomtudom\u00e1nyi Kara&nbsp;most is csatlakozik a Kutat\u00f3k \u00c9jszak\u00e1ja orsz\u00e1gos rendezv\u00e9nyhez. \u201eBelen\u00e9zn\u00e9l az agyadba? Megismern\u00e9d az orosz konyh\u00e1t? \u00c9rdekelnek a k\u00f6z\u00e9pkori ostromg\u00e9pek? K\u00edv\u00e1ncsi vagy, mi\u00e9rt aktu\u00e1lis Pilinszky? Vagy kalandozn\u00e1l egy \u00e1zsiai szuperv\u00e1rosban?\u201d \u2013 Az irodalomt\u00f3l a pszichol\u00f3gi\u00e1n \u00e9s a politol\u00f3gi\u00e1n \u00e1t a r\u00e9g\u00e9szetig a P\u00e1zm\u00e1ny BTK-n sz\u00e1mos tudom\u00e1ny\u00e1g mutatkozik be<\/p>\n","protected":false},"author":1,"featured_media":37019,"comment_status":"closed","ping_status":"closed","sticky":false,"template":"","format":"standard","meta":{"ngg_post_thumbnail":0,"footnotes":""},"categories":[38,3,3561],"tags":[42,5967,4811,101],"class_list":{"0":"post-37018","1":"post","2":"type-post","3":"status-publish","4":"format-standard","5":"has-post-thumbnail","7":"category-esztergom","8":"category-hirek","9":"category-programok","10":"tag-esztergom","11":"tag-kutatok-ejszakaja","12":"tag-pazmany-peter-katolikus-egyetem","13":"tag-program"},"yoast_head":"<!-- This site is optimized with the Yoast SEO plugin v27.5 - https:\/\/yoast.com\/product\/yoast-seo-wordpress\/ -->\n<title>Kutat\u00f3k \u00c9jszak\u00e1ja: a P\u00e1zm\u00e1ny BTK is megnyitja kapuit<\/title>\n<meta name=\"robots\" content=\"index, follow, max-snippet:-1, max-image-preview:large, max-video-preview:-1\" \/>\n<link rel=\"canonical\" href=\"https:\/\/dorogimedence.hu\/index.php\/2021\/09\/23\/kutatok-ejszakaja-a-pazmany-btk-is-megnyitja-kapuit\/\" class=\"yoast-seo-meta-tag\" \/>\n<meta property=\"og:locale\" content=\"hu_HU\" class=\"yoast-seo-meta-tag\" \/>\n<meta property=\"og:type\" content=\"article\" class=\"yoast-seo-meta-tag\" \/>\n<meta property=\"og:title\" content=\"Kutat\u00f3k \u00c9jszak\u00e1ja: a P\u00e1zm\u00e1ny BTK is megnyitja kapuit\" class=\"yoast-seo-meta-tag\" \/>\n<meta property=\"og:description\" content=\"A P\u00e1zm\u00e1ny P\u00e9ter Katolikus Egyetem B\u00f6lcs\u00e9szet- \u00e9s T\u00e1rsadalomtudom\u00e1nyi Kara&nbsp;most is csatlakozik a Kutat\u00f3k \u00c9jszak\u00e1ja orsz\u00e1gos rendezv\u00e9nyhez. \u201eBelen\u00e9zn\u00e9l az agyadba? Megismern\u00e9d az orosz konyh\u00e1t? \u00c9rdekelnek a k\u00f6z\u00e9pkori ostromg\u00e9pek? K\u00edv\u00e1ncsi vagy, mi\u00e9rt aktu\u00e1lis Pilinszky? Vagy kalandozn\u00e1l egy \u00e1zsiai szuperv\u00e1rosban?\u201d \u2013 Az irodalomt\u00f3l a pszichol\u00f3gi\u00e1n \u00e9s a politol\u00f3gi\u00e1n \u00e1t a r\u00e9g\u00e9szetig a P\u00e1zm\u00e1ny BTK-n sz\u00e1mos tudom\u00e1ny\u00e1g mutatkozik be\" class=\"yoast-seo-meta-tag\" \/>\n<meta property=\"og:url\" content=\"https:\/\/dorogimedence.hu\/index.php\/2021\/09\/23\/kutatok-ejszakaja-a-pazmany-btk-is-megnyitja-kapuit\/\" class=\"yoast-seo-meta-tag\" \/>\n<meta property=\"og:site_name\" content=\"Dorogi-medence Region\u00e1lis H\u00edrport\u00e1l\" class=\"yoast-seo-meta-tag\" \/>\n<meta property=\"article:publisher\" content=\"https:\/\/www.facebook.com\/dorogimedence\/\" class=\"yoast-seo-meta-tag\" \/>\n<meta property=\"article:published_time\" content=\"2021-09-23T13:02:02+00:00\" class=\"yoast-seo-meta-tag\" \/>\n<meta property=\"article:modified_time\" content=\"2021-09-23T13:02:49+00:00\" class=\"yoast-seo-meta-tag\" \/>\n<meta property=\"og:image\" content=\"https:\/\/i0.wp.com\/dorogimedence.hu\/wp-content\/uploads\/2021\/09\/242167644_4645115068860524_8117961870566974792_n.jpg?fit=1920%2C1005&ssl=1\" class=\"yoast-seo-meta-tag\" \/>\n\t<meta property=\"og:image:width\" content=\"1920\" class=\"yoast-seo-meta-tag\" \/>\n\t<meta property=\"og:image:height\" content=\"1005\" class=\"yoast-seo-meta-tag\" \/>\n\t<meta property=\"og:image:type\" content=\"image\/jpeg\" class=\"yoast-seo-meta-tag\" \/>\n<meta name=\"author\" content=\"dorogimedence.hu\" class=\"yoast-seo-meta-tag\" \/>\n<meta name=\"twitter:card\" content=\"summary_large_image\" class=\"yoast-seo-meta-tag\" \/>\n<meta name=\"twitter:label1\" content=\"Szerz\u0151:\" class=\"yoast-seo-meta-tag\" \/>\n\t<meta name=\"twitter:data1\" content=\"dorogimedence.hu\" class=\"yoast-seo-meta-tag\" \/>\n\t<meta name=\"twitter:label2\" content=\"Becs\u00fclt olvas\u00e1si id\u0151\" class=\"yoast-seo-meta-tag\" \/>\n\t<meta name=\"twitter:data2\" content=\"3 perc\" class=\"yoast-seo-meta-tag\" \/>\n<script type=\"application\/ld+json\" class=\"yoast-schema-graph\">{\"@context\":\"https:\\\/\\\/schema.org\",\"@graph\":[{\"@type\":\"Article\",\"@id\":\"https:\\\/\\\/dorogimedence.hu\\\/index.php\\\/2021\\\/09\\\/23\\\/kutatok-ejszakaja-a-pazmany-btk-is-megnyitja-kapuit\\\/#article\",\"isPartOf\":{\"@id\":\"https:\\\/\\\/dorogimedence.hu\\\/index.php\\\/2021\\\/09\\\/23\\\/kutatok-ejszakaja-a-pazmany-btk-is-megnyitja-kapuit\\\/\"},\"author\":{\"name\":\"dorogimedence.hu\",\"@id\":\"https:\\\/\\\/dorogimedence.hu\\\/#\\\/schema\\\/person\\\/ce6091eeb7e95ecdc87890d6aa8e0fd4\"},\"headline\":\"Kutat\u00f3k \u00c9jszak\u00e1ja: a P\u00e1zm\u00e1ny BTK is megnyitja kapuit\",\"datePublished\":\"2021-09-23T13:02:02+00:00\",\"dateModified\":\"2021-09-23T13:02:49+00:00\",\"mainEntityOfPage\":{\"@id\":\"https:\\\/\\\/dorogimedence.hu\\\/index.php\\\/2021\\\/09\\\/23\\\/kutatok-ejszakaja-a-pazmany-btk-is-megnyitja-kapuit\\\/\"},\"wordCount\":623,\"publisher\":{\"@id\":\"https:\\\/\\\/dorogimedence.hu\\\/#organization\"},\"image\":{\"@id\":\"https:\\\/\\\/dorogimedence.hu\\\/index.php\\\/2021\\\/09\\\/23\\\/kutatok-ejszakaja-a-pazmany-btk-is-megnyitja-kapuit\\\/#primaryimage\"},\"thumbnailUrl\":\"https:\\\/\\\/dorogimedence.hu\\\/wp-content\\\/uploads\\\/2021\\\/09\\\/242167644_4645115068860524_8117961870566974792_n.jpg\",\"keywords\":[\"esztergom\",\"Kutat\u00f3k \u00c9jszak\u00e1ja\",\"P\u00e1zm\u00e1ny P\u00e9ter Katolikus Egyetem\",\"program\"],\"articleSection\":[\"Esztergom\",\"H\u00edrek\",\"Programok\"],\"inLanguage\":\"hu\"},{\"@type\":\"WebPage\",\"@id\":\"https:\\\/\\\/dorogimedence.hu\\\/index.php\\\/2021\\\/09\\\/23\\\/kutatok-ejszakaja-a-pazmany-btk-is-megnyitja-kapuit\\\/\",\"url\":\"https:\\\/\\\/dorogimedence.hu\\\/index.php\\\/2021\\\/09\\\/23\\\/kutatok-ejszakaja-a-pazmany-btk-is-megnyitja-kapuit\\\/\",\"name\":\"Kutat\u00f3k \u00c9jszak\u00e1ja: a P\u00e1zm\u00e1ny BTK is megnyitja kapuit\",\"isPartOf\":{\"@id\":\"https:\\\/\\\/dorogimedence.hu\\\/#website\"},\"primaryImageOfPage\":{\"@id\":\"https:\\\/\\\/dorogimedence.hu\\\/index.php\\\/2021\\\/09\\\/23\\\/kutatok-ejszakaja-a-pazmany-btk-is-megnyitja-kapuit\\\/#primaryimage\"},\"image\":{\"@id\":\"https:\\\/\\\/dorogimedence.hu\\\/index.php\\\/2021\\\/09\\\/23\\\/kutatok-ejszakaja-a-pazmany-btk-is-megnyitja-kapuit\\\/#primaryimage\"},\"thumbnailUrl\":\"https:\\\/\\\/dorogimedence.hu\\\/wp-content\\\/uploads\\\/2021\\\/09\\\/242167644_4645115068860524_8117961870566974792_n.jpg\",\"datePublished\":\"2021-09-23T13:02:02+00:00\",\"dateModified\":\"2021-09-23T13:02:49+00:00\",\"breadcrumb\":{\"@id\":\"https:\\\/\\\/dorogimedence.hu\\\/index.php\\\/2021\\\/09\\\/23\\\/kutatok-ejszakaja-a-pazmany-btk-is-megnyitja-kapuit\\\/#breadcrumb\"},\"inLanguage\":\"hu\",\"potentialAction\":[{\"@type\":\"ReadAction\",\"target\":[\"https:\\\/\\\/dorogimedence.hu\\\/index.php\\\/2021\\\/09\\\/23\\\/kutatok-ejszakaja-a-pazmany-btk-is-megnyitja-kapuit\\\/\"]}]},{\"@type\":\"ImageObject\",\"inLanguage\":\"hu\",\"@id\":\"https:\\\/\\\/dorogimedence.hu\\\/index.php\\\/2021\\\/09\\\/23\\\/kutatok-ejszakaja-a-pazmany-btk-is-megnyitja-kapuit\\\/#primaryimage\",\"url\":\"https:\\\/\\\/dorogimedence.hu\\\/wp-content\\\/uploads\\\/2021\\\/09\\\/242167644_4645115068860524_8117961870566974792_n.jpg\",\"contentUrl\":\"https:\\\/\\\/dorogimedence.hu\\\/wp-content\\\/uploads\\\/2021\\\/09\\\/242167644_4645115068860524_8117961870566974792_n.jpg\",\"width\":1920,\"height\":1005},{\"@type\":\"BreadcrumbList\",\"@id\":\"https:\\\/\\\/dorogimedence.hu\\\/index.php\\\/2021\\\/09\\\/23\\\/kutatok-ejszakaja-a-pazmany-btk-is-megnyitja-kapuit\\\/#breadcrumb\",\"itemListElement\":[{\"@type\":\"ListItem\",\"position\":1,\"name\":\"Kezd\u0151lap\",\"item\":\"https:\\\/\\\/dorogimedence.hu\\\/\"},{\"@type\":\"ListItem\",\"position\":2,\"name\":\"Kutat\u00f3k \u00c9jszak\u00e1ja: a P\u00e1zm\u00e1ny BTK is megnyitja kapuit\"}]},{\"@type\":\"WebSite\",\"@id\":\"https:\\\/\\\/dorogimedence.hu\\\/#website\",\"url\":\"https:\\\/\\\/dorogimedence.hu\\\/\",\"name\":\"Dorogi-medence Region\u00e1lis H\u00edrport\u00e1l\",\"description\":\"Dorog, Keszt\u00f6lc, Le\u00e1nyv\u00e1r, Piliscs\u00e9v, Tokod, Tokodalt\u00e1r\u00f3, Csolnok, Esztergom-kertv\u00e1ros: h\u00edrek, programok\",\"publisher\":{\"@id\":\"https:\\\/\\\/dorogimedence.hu\\\/#organization\"},\"potentialAction\":[{\"@type\":\"SearchAction\",\"target\":{\"@type\":\"EntryPoint\",\"urlTemplate\":\"https:\\\/\\\/dorogimedence.hu\\\/?s={search_term_string}\"},\"query-input\":{\"@type\":\"PropertyValueSpecification\",\"valueRequired\":true,\"valueName\":\"search_term_string\"}}],\"inLanguage\":\"hu\"},{\"@type\":\"Organization\",\"@id\":\"https:\\\/\\\/dorogimedence.hu\\\/#organization\",\"name\":\"Dorogi-medence Region\u00e1lis H\u00edrport\u00e1l\",\"url\":\"https:\\\/\\\/dorogimedence.hu\\\/\",\"logo\":{\"@type\":\"ImageObject\",\"inLanguage\":\"hu\",\"@id\":\"https:\\\/\\\/dorogimedence.hu\\\/#\\\/schema\\\/logo\\\/image\\\/\",\"url\":\"https:\\\/\\\/dorogimedence.hu\\\/wp-content\\\/uploads\\\/2021\\\/04\\\/logo-feher-600.png\",\"contentUrl\":\"https:\\\/\\\/dorogimedence.hu\\\/wp-content\\\/uploads\\\/2021\\\/04\\\/logo-feher-600.png\",\"width\":600,\"height\":100,\"caption\":\"Dorogi-medence Region\u00e1lis H\u00edrport\u00e1l\"},\"image\":{\"@id\":\"https:\\\/\\\/dorogimedence.hu\\\/#\\\/schema\\\/logo\\\/image\\\/\"},\"sameAs\":[\"https:\\\/\\\/www.facebook.com\\\/dorogimedence\\\/\"]},{\"@type\":\"Person\",\"@id\":\"https:\\\/\\\/dorogimedence.hu\\\/#\\\/schema\\\/person\\\/ce6091eeb7e95ecdc87890d6aa8e0fd4\",\"name\":\"dorogimedence.hu\",\"image\":{\"@type\":\"ImageObject\",\"inLanguage\":\"hu\",\"@id\":\"\\\/\\\/www.gravatar.com\\\/avatar\\\/d8d45f8901aadff40a4af72c0b826f1d?s=96&#038;r=g&#038;d=mm\",\"url\":\"\\\/\\\/www.gravatar.com\\\/avatar\\\/d8d45f8901aadff40a4af72c0b826f1d?s=96&#038;r=g&#038;d=mm\",\"contentUrl\":\"\\\/\\\/www.gravatar.com\\\/avatar\\\/d8d45f8901aadff40a4af72c0b826f1d?s=96&#038;r=g&#038;d=mm\",\"caption\":\"dorogimedence.hu\"}}]}<\/script>\n<!-- \/ Yoast SEO plugin. -->","yoast_head_json":{"title":"Kutat\u00f3k \u00c9jszak\u00e1ja: a P\u00e1zm\u00e1ny BTK is megnyitja kapuit","robots":{"index":"index","follow":"follow","max-snippet":"max-snippet:-1","max-image-preview":"max-image-preview:large","max-video-preview":"max-video-preview:-1"},"canonical":"https:\/\/dorogimedence.hu\/index.php\/2021\/09\/23\/kutatok-ejszakaja-a-pazmany-btk-is-megnyitja-kapuit\/","og_locale":"hu_HU","og_type":"article","og_title":"Kutat\u00f3k \u00c9jszak\u00e1ja: a P\u00e1zm\u00e1ny BTK is megnyitja kapuit","og_description":"A P\u00e1zm\u00e1ny P\u00e9ter Katolikus Egyetem B\u00f6lcs\u00e9szet- \u00e9s T\u00e1rsadalomtudom\u00e1nyi Kara&nbsp;most is csatlakozik a Kutat\u00f3k \u00c9jszak\u00e1ja orsz\u00e1gos rendezv\u00e9nyhez. \u201eBelen\u00e9zn\u00e9l az agyadba? Megismern\u00e9d az orosz konyh\u00e1t? \u00c9rdekelnek a k\u00f6z\u00e9pkori ostromg\u00e9pek? K\u00edv\u00e1ncsi vagy, mi\u00e9rt aktu\u00e1lis Pilinszky? Vagy kalandozn\u00e1l egy \u00e1zsiai szuperv\u00e1rosban?\u201d \u2013 Az irodalomt\u00f3l a pszichol\u00f3gi\u00e1n \u00e9s a politol\u00f3gi\u00e1n \u00e1t a r\u00e9g\u00e9szetig a P\u00e1zm\u00e1ny BTK-n sz\u00e1mos tudom\u00e1ny\u00e1g mutatkozik be","og_url":"https:\/\/dorogimedence.hu\/index.php\/2021\/09\/23\/kutatok-ejszakaja-a-pazmany-btk-is-megnyitja-kapuit\/","og_site_name":"Dorogi-medence Region\u00e1lis H\u00edrport\u00e1l","article_publisher":"https:\/\/www.facebook.com\/dorogimedence\/","article_published_time":"2021-09-23T13:02:02+00:00","article_modified_time":"2021-09-23T13:02:49+00:00","og_image":[{"width":1920,"height":1005,"url":"https:\/\/i0.wp.com\/dorogimedence.hu\/wp-content\/uploads\/2021\/09\/242167644_4645115068860524_8117961870566974792_n.jpg?fit=1920%2C1005&ssl=1","type":"image\/jpeg"}],"author":"dorogimedence.hu","twitter_card":"summary_large_image","twitter_misc":{"Szerz\u0151:":"dorogimedence.hu","Becs\u00fclt olvas\u00e1si id\u0151":"3 perc"},"schema":{"@context":"https:\/\/schema.org","@graph":[{"@type":"Article","@id":"https:\/\/dorogimedence.hu\/index.php\/2021\/09\/23\/kutatok-ejszakaja-a-pazmany-btk-is-megnyitja-kapuit\/#article","isPartOf":{"@id":"https:\/\/dorogimedence.hu\/index.php\/2021\/09\/23\/kutatok-ejszakaja-a-pazmany-btk-is-megnyitja-kapuit\/"},"author":{"name":"dorogimedence.hu","@id":"https:\/\/dorogimedence.hu\/#\/schema\/person\/ce6091eeb7e95ecdc87890d6aa8e0fd4"},"headline":"Kutat\u00f3k \u00c9jszak\u00e1ja: a P\u00e1zm\u00e1ny BTK is megnyitja kapuit","datePublished":"2021-09-23T13:02:02+00:00","dateModified":"2021-09-23T13:02:49+00:00","mainEntityOfPage":{"@id":"https:\/\/dorogimedence.hu\/index.php\/2021\/09\/23\/kutatok-ejszakaja-a-pazmany-btk-is-megnyitja-kapuit\/"},"wordCount":623,"publisher":{"@id":"https:\/\/dorogimedence.hu\/#organization"},"image":{"@id":"https:\/\/dorogimedence.hu\/index.php\/2021\/09\/23\/kutatok-ejszakaja-a-pazmany-btk-is-megnyitja-kapuit\/#primaryimage"},"thumbnailUrl":"https:\/\/dorogimedence.hu\/wp-content\/uploads\/2021\/09\/242167644_4645115068860524_8117961870566974792_n.jpg","keywords":["esztergom","Kutat\u00f3k \u00c9jszak\u00e1ja","P\u00e1zm\u00e1ny P\u00e9ter Katolikus Egyetem","program"],"articleSection":["Esztergom","H\u00edrek","Programok"],"inLanguage":"hu"},{"@type":"WebPage","@id":"https:\/\/dorogimedence.hu\/index.php\/2021\/09\/23\/kutatok-ejszakaja-a-pazmany-btk-is-megnyitja-kapuit\/","url":"https:\/\/dorogimedence.hu\/index.php\/2021\/09\/23\/kutatok-ejszakaja-a-pazmany-btk-is-megnyitja-kapuit\/","name":"Kutat\u00f3k \u00c9jszak\u00e1ja: a P\u00e1zm\u00e1ny BTK is megnyitja kapuit","isPartOf":{"@id":"https:\/\/dorogimedence.hu\/#website"},"primaryImageOfPage":{"@id":"https:\/\/dorogimedence.hu\/index.php\/2021\/09\/23\/kutatok-ejszakaja-a-pazmany-btk-is-megnyitja-kapuit\/#primaryimage"},"image":{"@id":"https:\/\/dorogimedence.hu\/index.php\/2021\/09\/23\/kutatok-ejszakaja-a-pazmany-btk-is-megnyitja-kapuit\/#primaryimage"},"thumbnailUrl":"https:\/\/dorogimedence.hu\/wp-content\/uploads\/2021\/09\/242167644_4645115068860524_8117961870566974792_n.jpg","datePublished":"2021-09-23T13:02:02+00:00","dateModified":"2021-09-23T13:02:49+00:00","breadcrumb":{"@id":"https:\/\/dorogimedence.hu\/index.php\/2021\/09\/23\/kutatok-ejszakaja-a-pazmany-btk-is-megnyitja-kapuit\/#breadcrumb"},"inLanguage":"hu","potentialAction":[{"@type":"ReadAction","target":["https:\/\/dorogimedence.hu\/index.php\/2021\/09\/23\/kutatok-ejszakaja-a-pazmany-btk-is-megnyitja-kapuit\/"]}]},{"@type":"ImageObject","inLanguage":"hu","@id":"https:\/\/dorogimedence.hu\/index.php\/2021\/09\/23\/kutatok-ejszakaja-a-pazmany-btk-is-megnyitja-kapuit\/#primaryimage","url":"https:\/\/dorogimedence.hu\/wp-content\/uploads\/2021\/09\/242167644_4645115068860524_8117961870566974792_n.jpg","contentUrl":"https:\/\/dorogimedence.hu\/wp-content\/uploads\/2021\/09\/242167644_4645115068860524_8117961870566974792_n.jpg","width":1920,"height":1005},{"@type":"BreadcrumbList","@id":"https:\/\/dorogimedence.hu\/index.php\/2021\/09\/23\/kutatok-ejszakaja-a-pazmany-btk-is-megnyitja-kapuit\/#breadcrumb","itemListElement":[{"@type":"ListItem","position":1,"name":"Kezd\u0151lap","item":"https:\/\/dorogimedence.hu\/"},{"@type":"ListItem","position":2,"name":"Kutat\u00f3k \u00c9jszak\u00e1ja: a P\u00e1zm\u00e1ny BTK is megnyitja kapuit"}]},{"@type":"WebSite","@id":"https:\/\/dorogimedence.hu\/#website","url":"https:\/\/dorogimedence.hu\/","name":"Dorogi-medence Region\u00e1lis H\u00edrport\u00e1l","description":"Dorog, Keszt\u00f6lc, Le\u00e1nyv\u00e1r, Piliscs\u00e9v, Tokod, Tokodalt\u00e1r\u00f3, Csolnok, Esztergom-kertv\u00e1ros: h\u00edrek, programok","publisher":{"@id":"https:\/\/dorogimedence.hu\/#organization"},"potentialAction":[{"@type":"SearchAction","target":{"@type":"EntryPoint","urlTemplate":"https:\/\/dorogimedence.hu\/?s={search_term_string}"},"query-input":{"@type":"PropertyValueSpecification","valueRequired":true,"valueName":"search_term_string"}}],"inLanguage":"hu"},{"@type":"Organization","@id":"https:\/\/dorogimedence.hu\/#organization","name":"Dorogi-medence Region\u00e1lis H\u00edrport\u00e1l","url":"https:\/\/dorogimedence.hu\/","logo":{"@type":"ImageObject","inLanguage":"hu","@id":"https:\/\/dorogimedence.hu\/#\/schema\/logo\/image\/","url":"https:\/\/dorogimedence.hu\/wp-content\/uploads\/2021\/04\/logo-feher-600.png","contentUrl":"https:\/\/dorogimedence.hu\/wp-content\/uploads\/2021\/04\/logo-feher-600.png","width":600,"height":100,"caption":"Dorogi-medence Region\u00e1lis H\u00edrport\u00e1l"},"image":{"@id":"https:\/\/dorogimedence.hu\/#\/schema\/logo\/image\/"},"sameAs":["https:\/\/www.facebook.com\/dorogimedence\/"]},{"@type":"Person","@id":"https:\/\/dorogimedence.hu\/#\/schema\/person\/ce6091eeb7e95ecdc87890d6aa8e0fd4","name":"dorogimedence.hu","image":{"@type":"ImageObject","inLanguage":"hu","@id":"\/\/www.gravatar.com\/avatar\/d8d45f8901aadff40a4af72c0b826f1d?s=96&#038;r=g&#038;d=mm","url":"\/\/www.gravatar.com\/avatar\/d8d45f8901aadff40a4af72c0b826f1d?s=96&#038;r=g&#038;d=mm","contentUrl":"\/\/www.gravatar.com\/avatar\/d8d45f8901aadff40a4af72c0b826f1d?s=96&#038;r=g&#038;d=mm","caption":"dorogimedence.hu"}}]}},"_links":{"self":[{"href":"https:\/\/dorogimedence.hu\/index.php\/wp-json\/wp\/v2\/posts\/37018","targetHints":{"allow":["GET"]}}],"collection":[{"href":"https:\/\/dorogimedence.hu\/index.php\/wp-json\/wp\/v2\/posts"}],"about":[{"href":"https:\/\/dorogimedence.hu\/index.php\/wp-json\/wp\/v2\/types\/post"}],"author":[{"embeddable":true,"href":"https:\/\/dorogimedence.hu\/index.php\/wp-json\/wp\/v2\/users\/1"}],"replies":[{"embeddable":true,"href":"https:\/\/dorogimedence.hu\/index.php\/wp-json\/wp\/v2\/comments?post=37018"}],"version-history":[{"count":0,"href":"https:\/\/dorogimedence.hu\/index.php\/wp-json\/wp\/v2\/posts\/37018\/revisions"}],"wp:featuredmedia":[{"embeddable":true,"href":"https:\/\/dorogimedence.hu\/index.php\/wp-json\/wp\/v2\/media\/37019"}],"wp:attachment":[{"href":"https:\/\/dorogimedence.hu\/index.php\/wp-json\/wp\/v2\/media?parent=37018"}],"wp:term":[{"taxonomy":"category","embeddable":true,"href":"https:\/\/dorogimedence.hu\/index.php\/wp-json\/wp\/v2\/categories?post=37018"},{"taxonomy":"post_tag","embeddable":true,"href":"https:\/\/dorogimedence.hu\/index.php\/wp-json\/wp\/v2\/tags?post=37018"}],"curies":[{"name":"wp","href":"https:\/\/api.w.org\/{rel}","templated":true}]}}