{"id":37015,"date":"2021-09-23T11:42:06","date_gmt":"2021-09-23T09:42:06","guid":{"rendered":"https:\/\/dorogimedence.hu\/?p=37015"},"modified":"2021-09-23T11:42:21","modified_gmt":"2021-09-23T09:42:21","slug":"v-magyar-halak-napja-esztergomban","status":"publish","type":"post","link":"https:\/\/dorogimedence.hu\/index.php\/2021\/09\/23\/v-magyar-halak-napja-esztergomban\/","title":{"rendered":"V. Magyar Halak Napja Esztergomban"},"content":{"rendered":"<div class=\"item_introtext\">\n<p><strong>Szeptember 25. \u00e9s 26. k\u00f6z\u00f6tt rendezik meg a V. Magyar Halak Napja Gasztron\u00f3miai Pikniket \u00e9s Half\u0151z\u0151 Versenyt az esztergomi Kerek-t\u00f3n\u00e1l.<\/strong><\/p>\n<\/div>\n<div class=\"item_fulltext\">\n<p>Hal\u00e1szl\u00e9 term\u00e9szetes, hogy lesz t\u00f6bb vari\u00e1ci\u00f3ban, de lesznek halpaprik\u00e1sok is. Lesz f\u00fcst\u00f6lt s\u00fcll\u0151, halburger, s\u00fclt keszeg, haltepert\u0151, halkolb\u00e1sz, halp\u00f6rk\u00f6lt, nat\u00far hal \u00e9s r\u00e1ntott hal.<\/p>\n<p>Szombati program:<br \/>\n&#8211; 11-15: horg\u00e1sz bemutat\u00f3<br \/>\n&#8211; 13-16: Edo &amp;Toma Acoustic<br \/>\n&#8211; 17-20: Sz\u00e9p\u00fcl\u0151 V\u00e1rosk\u00f6zpont<br \/>\n&#8211; 12-20: folyamatos gasztron\u00f3miai \u00e9lm\u00e9nyek: halas \u00e9telek k\u00f3stol\u00e1sa, helyi bor\u00e1szatok t\u00e9telei, pezsg\u0151k, p\u00e1link\u00e1k<\/p>\n<div class=\"o9v6fnle cxmmr5t8 oygrvhab hcukyx3x c1et5uql ii04i59q\">\n<div dir=\"auto\">Vas\u00e1rnapi program:<\/div>\n<\/div>\n<div class=\"o9v6fnle cxmmr5t8 oygrvhab hcukyx3x c1et5uql ii04i59q\">\n<div dir=\"auto\">&#8211; 11-13: gyermek horg\u00e1sz szakk\u00f6r bemutat\u00f3, toborz\u00f3<\/div>\n<div dir=\"auto\">&#8211; 13-15: Temesi Blanka<\/div>\n<div dir=\"auto\">&#8211; 12-16: folyamatos gasztron\u00f3miai \u00e9lm\u00e9nyek: halas \u00e9telek k\u00f3stol\u00e1sa, helyi bor\u00e1szatok t\u00e9telei, pezsg\u0151k, p\u00e1link\u00e1k<\/div>\n<\/div>\n<p>A f\u0151z\u0151verseny szombaton 10 \u00f3rakor kezd\u0151dik, a k\u00e9sz \u00e9teleket 14.30-t\u00f3l lehet leadni a zs\u0171rinek, eredm\u00e9nyhirdet\u00e9s pedig 16 \u00f3rakor. \u00c9rt\u00e9kes nyerem\u00e9nyekkel v\u00e1rj\u00e1k a d\u00edjazottakat!<\/p>\n<p>A versen szab\u00e1lyai:<\/p>\n<ol>\n<li>Nevez\u00e9s reggel 10 \u00f3r\u00e1t\u00f3l a jelentkez\u00e9si lap kit\u00f6lt\u00e9s\u00e9vel a helysz\u00ednen. Nevezni maximum 4 f\u0151s (akik t\u00e9nyleges munk\u00e1t v\u00e9geznek) csapatban lehets\u00e9ges.<\/li>\n<li>A r\u00e9szv\u00e9tel ingyenes, de \u00edr\u00e1sbeli regisztr\u00e1ci\u00f3hoz k\u00f6t\u00f6tt! Nevezni a Kerek-t\u00f3 B\u00fab\u00e1nat-v\u00f6lgy Facebook oldal\u00e1n \u00fczenetben, vagy a 06 30 217 7028 telefonsz\u00e1mra k\u00fcld\u00f6tt sz\u00f6veges \u00fczenettel lehets\u00e9ges. Az \u00fczeneteknek tartalmaznia kell a csapat \u00e9s vezet\u0151j\u00e9nek nev\u00e9t, a csapat l\u00e9tsz\u00e1m\u00e1t \u00e9s a tervezett elk\u00e9sz\u00edtend\u0151 \u00e9tel megnevez\u00e9s\u00e9t.<\/li>\n<li>Az elk\u00e9sz\u00edtett \u00e9tel csak Magyarorsz\u00e1gon honos halakb\u00f3l k\u00e9sz\u00fclhet, \u00e9s a helysz\u00ednen kell elk\u00e9sz\u00fclnie.<\/li>\n<li>A f\u0151z\u00e9shez sz\u00fcks\u00e9ges alapanyagokat, eszk\u00f6z\u00f6ket, berendez\u00e9seket (pl: kempingasztal, grill felszerel\u00e9s, bogr\u00e1cs, t\u00fczel\u0151anyag) a versenyz\u0151k maguknak biztos\u00edtj\u00e1k.<\/li>\n<li>Tiszt\u00edtott alapanyagok felhaszn\u00e1l\u00e1sa \u00e9s egyedi f\u0151z\u0151eszk\u00f6z\u00f6k haszn\u00e1lata enged\u00e9lyezett. Az alapanyagok, az elk\u00e9sz\u00edtett \u00e9telek fogyaszthat\u00f3s\u00e1g\u00e1\u00e9rt, higi\u00e9ni\u00e1j\u00e1\u00e9rt a versenyz\u0151k felelnek.<\/li>\n<li>A szervez\u0151k a f\u0151z\u00e9shez csak a kijel\u00f6lt helysz\u00ednt biztos\u00edtj\u00e1k, melyeket \u00e9rkez\u00e9si sorrendben lehet elfoglalni.<\/li>\n<li>14 \u00f3ra 30 perct\u0151l lehet a k\u00e9sz \u00e9teleket leadni a zs\u0171rinek. A zs\u0171ri sz\u00e1m\u00e1ra egy k\u00f3stol\u00f3 adagot kell leadni. K\u00e9t kateg\u00f3ri\u00e1ban hirdet\u00fcnk eredm\u00e9nyt, hal\u00e1szlevek \u00e9s egy\u00e9b hal\u00e9telek. Csapatonk\u00e9nt egy adag \u00e9telt kell a zs\u0171ri el\u00e9 vinni. Az elk\u00e9sz\u00fclt t\u00f6bbi \u00e9telt a csapattagok maguk fogyaszthatj\u00e1k el. T\u00e1lal\u00e1s egys\u00e9ges t\u00e1ny\u00e9ron t\u00f6rt\u00e9nik, melyet a szervez\u0151k biztos\u00edtanak.<\/li>\n<li>K\u00e9rnek mindenkit a higi\u00e9nia \u00e9s a k\u00f6rnyezet tisztas\u00e1g\u00e1nak fel\u00fcgyelet\u00e9re! A hig\u00e9niai, balesetv\u00e9delmi \u00e9s t\u0171zv\u00e9delmi szab\u00e1lyok\u00e9rt minden versenyz\u0151 maga felel.<\/li>\n<\/ol>\n<p>V\u00e1rj\u00e1k a csapatok, t\u00e1rsas\u00e1gok jelentkez\u00e9s\u00e9t a Half\u0151z\u0151 verseny\u00fcnkre!<\/p>\n<\/div>\n","protected":false},"excerpt":{"rendered":"<p>Szeptember 25. \u00e9s 26. k\u00f6z\u00f6tt rendezik meg a V. Magyar Halak Napja Gasztron\u00f3miai Pikniket \u00e9s Half\u0151z\u0151 Versenyt az esztergomi Kerek-t\u00f3n\u00e1l. Hal\u00e1szl\u00e9 term\u00e9szetes, hogy lesz t\u00f6bb vari\u00e1ci\u00f3ban, de lesznek halpaprik\u00e1sok is. Lesz f\u00fcst\u00f6lt s\u00fcll\u0151, halburger, s\u00fclt keszeg, haltepert\u0151, halkolb\u00e1sz, halp\u00f6rk\u00f6lt, nat\u00far hal \u00e9s r\u00e1ntott hal. Szombati program: &#8211; 11-15: horg\u00e1sz bemutat\u00f3 &#8211; 13-16: Edo &amp;Toma Acoustic<\/p>\n","protected":false},"author":1,"featured_media":37016,"comment_status":"closed","ping_status":"closed","sticky":false,"template":"","format":"standard","meta":{"ngg_post_thumbnail":0,"footnotes":""},"categories":[38,3,3561],"tags":[42,5983,101],"class_list":{"0":"post-37015","1":"post","2":"type-post","3":"status-publish","4":"format-standard","5":"has-post-thumbnail","7":"category-esztergom","8":"category-hirek","9":"category-programok","10":"tag-esztergom","11":"tag-magyar-halak-napja","12":"tag-program"},"yoast_head":"<!-- This site is optimized with the Yoast SEO plugin v27.5 - https:\/\/yoast.com\/product\/yoast-seo-wordpress\/ -->\n<title>V. Magyar Halak Napja Esztergomban<\/title>\n<meta name=\"robots\" content=\"index, follow, max-snippet:-1, max-image-preview:large, max-video-preview:-1\" \/>\n<link rel=\"canonical\" href=\"https:\/\/dorogimedence.hu\/index.php\/2021\/09\/23\/v-magyar-halak-napja-esztergomban\/\" class=\"yoast-seo-meta-tag\" \/>\n<meta property=\"og:locale\" content=\"hu_HU\" class=\"yoast-seo-meta-tag\" \/>\n<meta property=\"og:type\" content=\"article\" class=\"yoast-seo-meta-tag\" \/>\n<meta property=\"og:title\" content=\"V. Magyar Halak Napja Esztergomban\" class=\"yoast-seo-meta-tag\" \/>\n<meta property=\"og:description\" content=\"Szeptember 25. \u00e9s 26. k\u00f6z\u00f6tt rendezik meg a V. Magyar Halak Napja Gasztron\u00f3miai Pikniket \u00e9s Half\u0151z\u0151 Versenyt az esztergomi Kerek-t\u00f3n\u00e1l. Hal\u00e1szl\u00e9 term\u00e9szetes, hogy lesz t\u00f6bb vari\u00e1ci\u00f3ban, de lesznek halpaprik\u00e1sok is. Lesz f\u00fcst\u00f6lt s\u00fcll\u0151, halburger, s\u00fclt keszeg, haltepert\u0151, halkolb\u00e1sz, halp\u00f6rk\u00f6lt, nat\u00far hal \u00e9s r\u00e1ntott hal. Szombati program: &#8211; 11-15: horg\u00e1sz bemutat\u00f3 &#8211; 13-16: Edo &amp;Toma Acoustic\" class=\"yoast-seo-meta-tag\" \/>\n<meta property=\"og:url\" content=\"https:\/\/dorogimedence.hu\/index.php\/2021\/09\/23\/v-magyar-halak-napja-esztergomban\/\" class=\"yoast-seo-meta-tag\" \/>\n<meta property=\"og:site_name\" content=\"Dorogi-medence Region\u00e1lis H\u00edrport\u00e1l\" class=\"yoast-seo-meta-tag\" \/>\n<meta property=\"article:publisher\" content=\"https:\/\/www.facebook.com\/dorogimedence\/\" class=\"yoast-seo-meta-tag\" \/>\n<meta property=\"article:published_time\" content=\"2021-09-23T09:42:06+00:00\" class=\"yoast-seo-meta-tag\" \/>\n<meta property=\"article:modified_time\" content=\"2021-09-23T09:42:21+00:00\" class=\"yoast-seo-meta-tag\" \/>\n<meta property=\"og:image\" content=\"https:\/\/i0.wp.com\/dorogimedence.hu\/wp-content\/uploads\/2021\/09\/242571756_2082349045263544_4179400228059861168_n.jpg?fit=1920%2C1080&ssl=1\" class=\"yoast-seo-meta-tag\" \/>\n\t<meta property=\"og:image:width\" content=\"1920\" class=\"yoast-seo-meta-tag\" \/>\n\t<meta property=\"og:image:height\" content=\"1080\" class=\"yoast-seo-meta-tag\" \/>\n\t<meta property=\"og:image:type\" content=\"image\/jpeg\" class=\"yoast-seo-meta-tag\" \/>\n<meta name=\"author\" content=\"dorogimedence.hu\" class=\"yoast-seo-meta-tag\" \/>\n<meta name=\"twitter:card\" content=\"summary_large_image\" class=\"yoast-seo-meta-tag\" \/>\n<meta name=\"twitter:label1\" content=\"Szerz\u0151:\" class=\"yoast-seo-meta-tag\" \/>\n\t<meta name=\"twitter:data1\" content=\"dorogimedence.hu\" class=\"yoast-seo-meta-tag\" \/>\n\t<meta name=\"twitter:label2\" content=\"Becs\u00fclt olvas\u00e1si id\u0151\" class=\"yoast-seo-meta-tag\" \/>\n\t<meta name=\"twitter:data2\" content=\"3 perc\" class=\"yoast-seo-meta-tag\" \/>\n<script type=\"application\/ld+json\" class=\"yoast-schema-graph\">{\"@context\":\"https:\\\/\\\/schema.org\",\"@graph\":[{\"@type\":\"Article\",\"@id\":\"https:\\\/\\\/dorogimedence.hu\\\/index.php\\\/2021\\\/09\\\/23\\\/v-magyar-halak-napja-esztergomban\\\/#article\",\"isPartOf\":{\"@id\":\"https:\\\/\\\/dorogimedence.hu\\\/index.php\\\/2021\\\/09\\\/23\\\/v-magyar-halak-napja-esztergomban\\\/\"},\"author\":{\"name\":\"dorogimedence.hu\",\"@id\":\"https:\\\/\\\/dorogimedence.hu\\\/#\\\/schema\\\/person\\\/ce6091eeb7e95ecdc87890d6aa8e0fd4\"},\"headline\":\"V. Magyar Halak Napja Esztergomban\",\"datePublished\":\"2021-09-23T09:42:06+00:00\",\"dateModified\":\"2021-09-23T09:42:21+00:00\",\"mainEntityOfPage\":{\"@id\":\"https:\\\/\\\/dorogimedence.hu\\\/index.php\\\/2021\\\/09\\\/23\\\/v-magyar-halak-napja-esztergomban\\\/\"},\"wordCount\":522,\"publisher\":{\"@id\":\"https:\\\/\\\/dorogimedence.hu\\\/#organization\"},\"image\":{\"@id\":\"https:\\\/\\\/dorogimedence.hu\\\/index.php\\\/2021\\\/09\\\/23\\\/v-magyar-halak-napja-esztergomban\\\/#primaryimage\"},\"thumbnailUrl\":\"https:\\\/\\\/dorogimedence.hu\\\/wp-content\\\/uploads\\\/2021\\\/09\\\/242571756_2082349045263544_4179400228059861168_n.jpg\",\"keywords\":[\"esztergom\",\"Magyar Halak Napja\",\"program\"],\"articleSection\":[\"Esztergom\",\"H\u00edrek\",\"Programok\"],\"inLanguage\":\"hu\"},{\"@type\":\"WebPage\",\"@id\":\"https:\\\/\\\/dorogimedence.hu\\\/index.php\\\/2021\\\/09\\\/23\\\/v-magyar-halak-napja-esztergomban\\\/\",\"url\":\"https:\\\/\\\/dorogimedence.hu\\\/index.php\\\/2021\\\/09\\\/23\\\/v-magyar-halak-napja-esztergomban\\\/\",\"name\":\"V. Magyar Halak Napja Esztergomban\",\"isPartOf\":{\"@id\":\"https:\\\/\\\/dorogimedence.hu\\\/#website\"},\"primaryImageOfPage\":{\"@id\":\"https:\\\/\\\/dorogimedence.hu\\\/index.php\\\/2021\\\/09\\\/23\\\/v-magyar-halak-napja-esztergomban\\\/#primaryimage\"},\"image\":{\"@id\":\"https:\\\/\\\/dorogimedence.hu\\\/index.php\\\/2021\\\/09\\\/23\\\/v-magyar-halak-napja-esztergomban\\\/#primaryimage\"},\"thumbnailUrl\":\"https:\\\/\\\/dorogimedence.hu\\\/wp-content\\\/uploads\\\/2021\\\/09\\\/242571756_2082349045263544_4179400228059861168_n.jpg\",\"datePublished\":\"2021-09-23T09:42:06+00:00\",\"dateModified\":\"2021-09-23T09:42:21+00:00\",\"breadcrumb\":{\"@id\":\"https:\\\/\\\/dorogimedence.hu\\\/index.php\\\/2021\\\/09\\\/23\\\/v-magyar-halak-napja-esztergomban\\\/#breadcrumb\"},\"inLanguage\":\"hu\",\"potentialAction\":[{\"@type\":\"ReadAction\",\"target\":[\"https:\\\/\\\/dorogimedence.hu\\\/index.php\\\/2021\\\/09\\\/23\\\/v-magyar-halak-napja-esztergomban\\\/\"]}]},{\"@type\":\"ImageObject\",\"inLanguage\":\"hu\",\"@id\":\"https:\\\/\\\/dorogimedence.hu\\\/index.php\\\/2021\\\/09\\\/23\\\/v-magyar-halak-napja-esztergomban\\\/#primaryimage\",\"url\":\"https:\\\/\\\/dorogimedence.hu\\\/wp-content\\\/uploads\\\/2021\\\/09\\\/242571756_2082349045263544_4179400228059861168_n.jpg\",\"contentUrl\":\"https:\\\/\\\/dorogimedence.hu\\\/wp-content\\\/uploads\\\/2021\\\/09\\\/242571756_2082349045263544_4179400228059861168_n.jpg\",\"width\":1920,\"height\":1080},{\"@type\":\"BreadcrumbList\",\"@id\":\"https:\\\/\\\/dorogimedence.hu\\\/index.php\\\/2021\\\/09\\\/23\\\/v-magyar-halak-napja-esztergomban\\\/#breadcrumb\",\"itemListElement\":[{\"@type\":\"ListItem\",\"position\":1,\"name\":\"Kezd\u0151lap\",\"item\":\"https:\\\/\\\/dorogimedence.hu\\\/\"},{\"@type\":\"ListItem\",\"position\":2,\"name\":\"V. Magyar Halak Napja Esztergomban\"}]},{\"@type\":\"WebSite\",\"@id\":\"https:\\\/\\\/dorogimedence.hu\\\/#website\",\"url\":\"https:\\\/\\\/dorogimedence.hu\\\/\",\"name\":\"Dorogi-medence Region\u00e1lis H\u00edrport\u00e1l\",\"description\":\"Dorog, Keszt\u00f6lc, Le\u00e1nyv\u00e1r, Piliscs\u00e9v, Tokod, Tokodalt\u00e1r\u00f3, Csolnok, Esztergom-kertv\u00e1ros: h\u00edrek, programok\",\"publisher\":{\"@id\":\"https:\\\/\\\/dorogimedence.hu\\\/#organization\"},\"potentialAction\":[{\"@type\":\"SearchAction\",\"target\":{\"@type\":\"EntryPoint\",\"urlTemplate\":\"https:\\\/\\\/dorogimedence.hu\\\/?s={search_term_string}\"},\"query-input\":{\"@type\":\"PropertyValueSpecification\",\"valueRequired\":true,\"valueName\":\"search_term_string\"}}],\"inLanguage\":\"hu\"},{\"@type\":\"Organization\",\"@id\":\"https:\\\/\\\/dorogimedence.hu\\\/#organization\",\"name\":\"Dorogi-medence Region\u00e1lis H\u00edrport\u00e1l\",\"url\":\"https:\\\/\\\/dorogimedence.hu\\\/\",\"logo\":{\"@type\":\"ImageObject\",\"inLanguage\":\"hu\",\"@id\":\"https:\\\/\\\/dorogimedence.hu\\\/#\\\/schema\\\/logo\\\/image\\\/\",\"url\":\"https:\\\/\\\/dorogimedence.hu\\\/wp-content\\\/uploads\\\/2021\\\/04\\\/logo-feher-600.png\",\"contentUrl\":\"https:\\\/\\\/dorogimedence.hu\\\/wp-content\\\/uploads\\\/2021\\\/04\\\/logo-feher-600.png\",\"width\":600,\"height\":100,\"caption\":\"Dorogi-medence Region\u00e1lis H\u00edrport\u00e1l\"},\"image\":{\"@id\":\"https:\\\/\\\/dorogimedence.hu\\\/#\\\/schema\\\/logo\\\/image\\\/\"},\"sameAs\":[\"https:\\\/\\\/www.facebook.com\\\/dorogimedence\\\/\"]},{\"@type\":\"Person\",\"@id\":\"https:\\\/\\\/dorogimedence.hu\\\/#\\\/schema\\\/person\\\/ce6091eeb7e95ecdc87890d6aa8e0fd4\",\"name\":\"dorogimedence.hu\",\"image\":{\"@type\":\"ImageObject\",\"inLanguage\":\"hu\",\"@id\":\"\\\/\\\/www.gravatar.com\\\/avatar\\\/d8d45f8901aadff40a4af72c0b826f1d?s=96&#038;r=g&#038;d=mm\",\"url\":\"\\\/\\\/www.gravatar.com\\\/avatar\\\/d8d45f8901aadff40a4af72c0b826f1d?s=96&#038;r=g&#038;d=mm\",\"contentUrl\":\"\\\/\\\/www.gravatar.com\\\/avatar\\\/d8d45f8901aadff40a4af72c0b826f1d?s=96&#038;r=g&#038;d=mm\",\"caption\":\"dorogimedence.hu\"}}]}<\/script>\n<!-- \/ Yoast SEO plugin. -->","yoast_head_json":{"title":"V. Magyar Halak Napja Esztergomban","robots":{"index":"index","follow":"follow","max-snippet":"max-snippet:-1","max-image-preview":"max-image-preview:large","max-video-preview":"max-video-preview:-1"},"canonical":"https:\/\/dorogimedence.hu\/index.php\/2021\/09\/23\/v-magyar-halak-napja-esztergomban\/","og_locale":"hu_HU","og_type":"article","og_title":"V. Magyar Halak Napja Esztergomban","og_description":"Szeptember 25. \u00e9s 26. k\u00f6z\u00f6tt rendezik meg a V. Magyar Halak Napja Gasztron\u00f3miai Pikniket \u00e9s Half\u0151z\u0151 Versenyt az esztergomi Kerek-t\u00f3n\u00e1l. Hal\u00e1szl\u00e9 term\u00e9szetes, hogy lesz t\u00f6bb vari\u00e1ci\u00f3ban, de lesznek halpaprik\u00e1sok is. Lesz f\u00fcst\u00f6lt s\u00fcll\u0151, halburger, s\u00fclt keszeg, haltepert\u0151, halkolb\u00e1sz, halp\u00f6rk\u00f6lt, nat\u00far hal \u00e9s r\u00e1ntott hal. Szombati program: &#8211; 11-15: horg\u00e1sz bemutat\u00f3 &#8211; 13-16: Edo &amp;Toma Acoustic","og_url":"https:\/\/dorogimedence.hu\/index.php\/2021\/09\/23\/v-magyar-halak-napja-esztergomban\/","og_site_name":"Dorogi-medence Region\u00e1lis H\u00edrport\u00e1l","article_publisher":"https:\/\/www.facebook.com\/dorogimedence\/","article_published_time":"2021-09-23T09:42:06+00:00","article_modified_time":"2021-09-23T09:42:21+00:00","og_image":[{"width":1920,"height":1080,"url":"https:\/\/i0.wp.com\/dorogimedence.hu\/wp-content\/uploads\/2021\/09\/242571756_2082349045263544_4179400228059861168_n.jpg?fit=1920%2C1080&ssl=1","type":"image\/jpeg"}],"author":"dorogimedence.hu","twitter_card":"summary_large_image","twitter_misc":{"Szerz\u0151:":"dorogimedence.hu","Becs\u00fclt olvas\u00e1si id\u0151":"3 perc"},"schema":{"@context":"https:\/\/schema.org","@graph":[{"@type":"Article","@id":"https:\/\/dorogimedence.hu\/index.php\/2021\/09\/23\/v-magyar-halak-napja-esztergomban\/#article","isPartOf":{"@id":"https:\/\/dorogimedence.hu\/index.php\/2021\/09\/23\/v-magyar-halak-napja-esztergomban\/"},"author":{"name":"dorogimedence.hu","@id":"https:\/\/dorogimedence.hu\/#\/schema\/person\/ce6091eeb7e95ecdc87890d6aa8e0fd4"},"headline":"V. Magyar Halak Napja Esztergomban","datePublished":"2021-09-23T09:42:06+00:00","dateModified":"2021-09-23T09:42:21+00:00","mainEntityOfPage":{"@id":"https:\/\/dorogimedence.hu\/index.php\/2021\/09\/23\/v-magyar-halak-napja-esztergomban\/"},"wordCount":522,"publisher":{"@id":"https:\/\/dorogimedence.hu\/#organization"},"image":{"@id":"https:\/\/dorogimedence.hu\/index.php\/2021\/09\/23\/v-magyar-halak-napja-esztergomban\/#primaryimage"},"thumbnailUrl":"https:\/\/dorogimedence.hu\/wp-content\/uploads\/2021\/09\/242571756_2082349045263544_4179400228059861168_n.jpg","keywords":["esztergom","Magyar Halak Napja","program"],"articleSection":["Esztergom","H\u00edrek","Programok"],"inLanguage":"hu"},{"@type":"WebPage","@id":"https:\/\/dorogimedence.hu\/index.php\/2021\/09\/23\/v-magyar-halak-napja-esztergomban\/","url":"https:\/\/dorogimedence.hu\/index.php\/2021\/09\/23\/v-magyar-halak-napja-esztergomban\/","name":"V. Magyar Halak Napja Esztergomban","isPartOf":{"@id":"https:\/\/dorogimedence.hu\/#website"},"primaryImageOfPage":{"@id":"https:\/\/dorogimedence.hu\/index.php\/2021\/09\/23\/v-magyar-halak-napja-esztergomban\/#primaryimage"},"image":{"@id":"https:\/\/dorogimedence.hu\/index.php\/2021\/09\/23\/v-magyar-halak-napja-esztergomban\/#primaryimage"},"thumbnailUrl":"https:\/\/dorogimedence.hu\/wp-content\/uploads\/2021\/09\/242571756_2082349045263544_4179400228059861168_n.jpg","datePublished":"2021-09-23T09:42:06+00:00","dateModified":"2021-09-23T09:42:21+00:00","breadcrumb":{"@id":"https:\/\/dorogimedence.hu\/index.php\/2021\/09\/23\/v-magyar-halak-napja-esztergomban\/#breadcrumb"},"inLanguage":"hu","potentialAction":[{"@type":"ReadAction","target":["https:\/\/dorogimedence.hu\/index.php\/2021\/09\/23\/v-magyar-halak-napja-esztergomban\/"]}]},{"@type":"ImageObject","inLanguage":"hu","@id":"https:\/\/dorogimedence.hu\/index.php\/2021\/09\/23\/v-magyar-halak-napja-esztergomban\/#primaryimage","url":"https:\/\/dorogimedence.hu\/wp-content\/uploads\/2021\/09\/242571756_2082349045263544_4179400228059861168_n.jpg","contentUrl":"https:\/\/dorogimedence.hu\/wp-content\/uploads\/2021\/09\/242571756_2082349045263544_4179400228059861168_n.jpg","width":1920,"height":1080},{"@type":"BreadcrumbList","@id":"https:\/\/dorogimedence.hu\/index.php\/2021\/09\/23\/v-magyar-halak-napja-esztergomban\/#breadcrumb","itemListElement":[{"@type":"ListItem","position":1,"name":"Kezd\u0151lap","item":"https:\/\/dorogimedence.hu\/"},{"@type":"ListItem","position":2,"name":"V. Magyar Halak Napja Esztergomban"}]},{"@type":"WebSite","@id":"https:\/\/dorogimedence.hu\/#website","url":"https:\/\/dorogimedence.hu\/","name":"Dorogi-medence Region\u00e1lis H\u00edrport\u00e1l","description":"Dorog, Keszt\u00f6lc, Le\u00e1nyv\u00e1r, Piliscs\u00e9v, Tokod, Tokodalt\u00e1r\u00f3, Csolnok, Esztergom-kertv\u00e1ros: h\u00edrek, programok","publisher":{"@id":"https:\/\/dorogimedence.hu\/#organization"},"potentialAction":[{"@type":"SearchAction","target":{"@type":"EntryPoint","urlTemplate":"https:\/\/dorogimedence.hu\/?s={search_term_string}"},"query-input":{"@type":"PropertyValueSpecification","valueRequired":true,"valueName":"search_term_string"}}],"inLanguage":"hu"},{"@type":"Organization","@id":"https:\/\/dorogimedence.hu\/#organization","name":"Dorogi-medence Region\u00e1lis H\u00edrport\u00e1l","url":"https:\/\/dorogimedence.hu\/","logo":{"@type":"ImageObject","inLanguage":"hu","@id":"https:\/\/dorogimedence.hu\/#\/schema\/logo\/image\/","url":"https:\/\/dorogimedence.hu\/wp-content\/uploads\/2021\/04\/logo-feher-600.png","contentUrl":"https:\/\/dorogimedence.hu\/wp-content\/uploads\/2021\/04\/logo-feher-600.png","width":600,"height":100,"caption":"Dorogi-medence Region\u00e1lis H\u00edrport\u00e1l"},"image":{"@id":"https:\/\/dorogimedence.hu\/#\/schema\/logo\/image\/"},"sameAs":["https:\/\/www.facebook.com\/dorogimedence\/"]},{"@type":"Person","@id":"https:\/\/dorogimedence.hu\/#\/schema\/person\/ce6091eeb7e95ecdc87890d6aa8e0fd4","name":"dorogimedence.hu","image":{"@type":"ImageObject","inLanguage":"hu","@id":"\/\/www.gravatar.com\/avatar\/d8d45f8901aadff40a4af72c0b826f1d?s=96&#038;r=g&#038;d=mm","url":"\/\/www.gravatar.com\/avatar\/d8d45f8901aadff40a4af72c0b826f1d?s=96&#038;r=g&#038;d=mm","contentUrl":"\/\/www.gravatar.com\/avatar\/d8d45f8901aadff40a4af72c0b826f1d?s=96&#038;r=g&#038;d=mm","caption":"dorogimedence.hu"}}]}},"_links":{"self":[{"href":"https:\/\/dorogimedence.hu\/index.php\/wp-json\/wp\/v2\/posts\/37015","targetHints":{"allow":["GET"]}}],"collection":[{"href":"https:\/\/dorogimedence.hu\/index.php\/wp-json\/wp\/v2\/posts"}],"about":[{"href":"https:\/\/dorogimedence.hu\/index.php\/wp-json\/wp\/v2\/types\/post"}],"author":[{"embeddable":true,"href":"https:\/\/dorogimedence.hu\/index.php\/wp-json\/wp\/v2\/users\/1"}],"replies":[{"embeddable":true,"href":"https:\/\/dorogimedence.hu\/index.php\/wp-json\/wp\/v2\/comments?post=37015"}],"version-history":[{"count":0,"href":"https:\/\/dorogimedence.hu\/index.php\/wp-json\/wp\/v2\/posts\/37015\/revisions"}],"wp:featuredmedia":[{"embeddable":true,"href":"https:\/\/dorogimedence.hu\/index.php\/wp-json\/wp\/v2\/media\/37016"}],"wp:attachment":[{"href":"https:\/\/dorogimedence.hu\/index.php\/wp-json\/wp\/v2\/media?parent=37015"}],"wp:term":[{"taxonomy":"category","embeddable":true,"href":"https:\/\/dorogimedence.hu\/index.php\/wp-json\/wp\/v2\/categories?post=37015"},{"taxonomy":"post_tag","embeddable":true,"href":"https:\/\/dorogimedence.hu\/index.php\/wp-json\/wp\/v2\/tags?post=37015"}],"curies":[{"name":"wp","href":"https:\/\/api.w.org\/{rel}","templated":true}]}}