{"id":36982,"date":"2021-09-21T10:59:57","date_gmt":"2021-09-21T08:59:57","guid":{"rendered":"https:\/\/dorogimedence.hu\/?p=36982"},"modified":"2021-09-21T11:00:18","modified_gmt":"2021-09-21T09:00:18","slug":"egymillio-forinttal-tamogat-egy-plebaniafelujitast-a-baumit","status":"publish","type":"post","link":"https:\/\/dorogimedence.hu\/index.php\/2021\/09\/21\/egymillio-forinttal-tamogat-egy-plebaniafelujitast-a-baumit\/","title":{"rendered":"Egymilli\u00f3 forinttal t\u00e1mogat egy pl\u00e9b\u00e1niafel\u00faj\u00edt\u00e1st a Baumit"},"content":{"rendered":"<p><strong>A V\u00e1r\u00e9p\u00edt\u0151 p\u00e1ly\u00e1zat keretein bel\u00fcl, a dorogi sz\u00e9khely\u0171 <\/strong><strong>Baumit egymilli\u00f3 forint \u00e9rt\u00e9k\u0171 \u00e9p\u00edt\u0151anyag-csomag t\u00e1mogat\u00e1st biztos\u00edt Bakonys\u00e1rk\u00e1nyi R\u00f3mai Katolikus Pl\u00e9b\u00e1ni\u00e1nak.<\/strong><\/p>\n<p>18 gyermekint\u00e9zm\u00e9ny mellett az 1770-es \u00e9vekben \u00e9p\u00fclt \u00e9s egykor le\u00e9gett Bakonys\u00e1rk\u00e1nyi R\u00f3mai Katolikus Pl\u00e9b\u00e1nia is jelent\u0151s forr\u00e1shoz jutott a 2021-es V\u00e1r\u00e9p\u00edt\u0151 p\u00e1ly\u00e1zat keretein bel\u00fcl. A program sor\u00e1n 21 \u00e9p\u00edt\u0151ipari szerepl\u0151 \u00f6sszefog\u00e1s\u00e1b\u00f3l 13,6 milli\u00f3 forint \u00e9rt\u00e9k\u0171 \u00e9p\u00edt\u0151anyag, valamint 2 milli\u00f3 forint anyagi t\u00e1mogat\u00e1s jutott az idei \u00e9vben olyan int\u00e9zm\u00e9nyekhez, amelyek gyakran m\u00e1shonnan nem jutnak k\u00fcl\u00f6n forr\u00e1shoz \u00e9p\u00fcleteik fel\u00faj\u00edt\u00e1s\u00e1ra.<\/p>\n<p>A V\u00e1r\u00e9p\u00edt\u0151 p\u00e1ly\u00e1zat lassan k\u00e9t \u00e9vtizede fogja \u00f6ssze \u00e9s koordin\u00e1lja az \u00e9p\u00edt\u0151ipari c\u00e9gek j\u00f3t\u00e9konys\u00e1gi tev\u00e9kenys\u00e9geit, amelynek k\u00f6sz\u00f6nhet\u0151en m\u00e1r sz\u00e1mos sz\u0171k\u00f6s forr\u00e1ssal rendelkez\u0151 gyermekint\u00e9zm\u00e9ny \u00e9s m\u0171eml\u00e9kv\u00e9delem alatt \u00e1ll\u00f3 \u00e9p\u00fclet \u00f6lt\u00f6zhetett \u00faj k\u00f6nt\u00f6sbe. B\u00e1r a ki\u00edr\u00e1s mott\u00f3ja szerint: \u201e<em>Minden apr\u00f3 seg\u00edts\u00e9g lehet\u0151s\u00e9g, hogy meg\u00fajuljon egy int\u00e9zm\u00e9ny!\u201d,<\/em> az idei \u00e9vben is jelent\u0151s, t\u00f6bb mint 15 milli\u00f3 forint \u00e9rt\u00e9k\u0171 t\u00e1mogat\u00e1son osztozhatott 30 k\u00f6z\u00e9p\u00fclet. A zs\u0171riz\u00e9s ez\u00fattal is online zajlott, amelynek keretein bel\u00fcl 18 gyermekint\u00e9zm\u00e9ny mellett 1 m\u0171eml\u00e9k \u00e9p\u00fclet is t\u00e1mogat\u00e1shoz jutott. <strong>A Baumit \u00e1ltali, egymilli\u00f3 forint \u00e9rt\u00e9k\u0171 felaj\u00e1nl\u00e1s ez\u00fattal a m\u0171eml\u00e9kv\u00e9delmi kateg\u00f3ria egyik t\u00e1mogatottj\u00e1nak j\u00e1rt, amely imm\u00e1ron m\u00e1sodszor is a Bakonys\u00e1rk\u00e1nyi R\u00f3mai Katolikus Pl\u00e9b\u00e1nia.<\/strong><\/p>\n<p>A t\u00f6bb sz\u00e1z \u00e9ves m\u0171eml\u00e9k ugyan m\u00e1ra m\u00e1r renov\u00e1l\u00e1sra szorul, de m\u00e9g mindig r\u00e9gi b\u00e1j\u00e1t id\u00e9zi. Tervez\u0151je ismeretlen, mind\u00f6ssze annyit tudni, hogy \u00e9p\u00edt\u00e9se az 1770-es \u00e9vekre tehet\u0151, ami ut\u00e1n nem sokkal le\u00e9gett. A Kom\u00e1rom-Esztergom megy\u00e9ben \u00e9p\u00fclt pl\u00e9b\u00e1ni\u00e1t 1804 \u00e9s 1807 k\u00f6z\u00f6tt r\u00e9szben lebontott\u00e1k, megnagyobb\u00edtott\u00e1k \u00e9s fel\u00faj\u00edtott\u00e1k, ekkora nyerte el ma is l\u00e1that\u00f3 form\u00e1j\u00e1t. Felavat\u00e1s\u00e1t 1807-ben Neiszer J\u00f3zsef v\u00e9gezete, majd 1954-ben \u00fajabb renov\u00e1l\u00e1son esett \u00e1t, mely sor\u00e1n felker\u00fcltek a mai napig megtekinthet\u0151 fresk\u00f3k is. A Szent Istv\u00e1n kir\u00e1ly titulus\u00fa \u00e9p\u00fclet m\u0171eml\u00e9kv\u00e9delem alatt \u00e1ll, \u00edgy indulhatott a V\u00e1r\u00e9p\u00edt\u0151 p\u00e1ly\u00e1zaton, ahol a tavalyi \u00e9vben egyszer m\u00e1r sikeresen elnyert egy egymilli\u00f3 forint \u00e9rt\u00e9k\u0171 t\u00e1mogat\u00e1st, amelyb\u0151l megkezd\u0151dhetett a templom l\u00e1bazat\u00e1nak jav\u00edt\u00e1sa, valamint a s\u00e9r\u00fclt vakolat p\u00f3tl\u00e1sa.<\/p>\n<p><strong>A p\u00e1ly\u00e1zat 2021-es ki\u00edr\u00e1s\u00e1ban az \u00e9p\u00fclet \u00fajabb forr\u00e1sokhoz jutott, hiszen ez\u00fattal is elnyerte a Baumit egymilli\u00f3 forint \u00e9rt\u00e9k\u0171 \u00e9p\u00edt\u0151anyag-csomag t\u00e1mogat\u00e1s\u00e1t, \u00edgy a kor\u00e1bbi munk\u00e1latok mellett m\u00e1r a templom k\u00fcls\u0151 vakol\u00e1ssal, glettel\u00e9ssel \u00e9s fest\u00e9ssel j\u00e1r\u00f3 feladataira is lehet\u0151s\u00e9g ny\u00edlik. <\/strong><\/p>\n<p><em>\u201eA Baumit t\u00e1rsadalmi felel\u0151ss\u00e9gv\u00e1llal\u00e1s\u00e1nak keret\u00e9ben t\u00f6bb \u00e9ve seg\u00edt meg\u00faj\u00edtani m\u0171eml\u00e9ki \u00e9s gyermekint\u00e9zm\u00e9nyi \u00e9p\u00fcleteket, melyek a helyi k\u00f6z\u00f6ss\u00e9gek szempontj\u00e1b\u00f3l kiemelt jelent\u0151s\u00e9ggel b\u00edrnak. Ilyenek a V\u00e1r\u00e9p\u00edt\u0151 p\u00e1ly\u00e1zat indul\u00f3i is, ez\u00e9rt \u00e9vr\u0151l-\u00e9vre \u00f6r\u00f6mmel csatlakozunk a t\u00e1mogat\u00f3k k\u00f6z\u00e9. Az idei \u00e9vben egy p\u00e1ly\u00e1z\u00f3nak aj\u00e1nlunk fel k\u00fcl\u00f6nb\u00f6z\u0151 \u00e9p\u00edt\u0151anyagokat, melyeket ki is sz\u00e1ll\u00edtunk a helysz\u00ednre. Ez\u00faton is gratul\u00e1lunk a nyerteseknek!\u201d<\/em> \u2013 mondta el K\u00e9kesy P\u00e9ter, a Baumit Kft. alkalmaz\u00e1stechnikai vezet\u0151je.<\/p>\n<p><em>Bor\u00edt\u00f3k\u00e9p: miserend.hu<\/em><\/p>\n","protected":false},"excerpt":{"rendered":"<p>A V\u00e1r\u00e9p\u00edt\u0151 p\u00e1ly\u00e1zat keretein bel\u00fcl, a dorogi sz\u00e9khely\u0171 Baumit egymilli\u00f3 forint \u00e9rt\u00e9k\u0171 \u00e9p\u00edt\u0151anyag-csomag t\u00e1mogat\u00e1st biztos\u00edt Bakonys\u00e1rk\u00e1nyi R\u00f3mai Katolikus Pl\u00e9b\u00e1ni\u00e1nak. 18 gyermekint\u00e9zm\u00e9ny mellett az 1770-es \u00e9vekben \u00e9p\u00fclt \u00e9s egykor le\u00e9gett Bakonys\u00e1rk\u00e1nyi R\u00f3mai Katolikus Pl\u00e9b\u00e1nia is jelent\u0151s forr\u00e1shoz jutott a 2021-es V\u00e1r\u00e9p\u00edt\u0151 p\u00e1ly\u00e1zat keretein bel\u00fcl. A program sor\u00e1n 21 \u00e9p\u00edt\u0151ipari szerepl\u0151 \u00f6sszefog\u00e1s\u00e1b\u00f3l 13,6 milli\u00f3 forint \u00e9rt\u00e9k\u0171 \u00e9p\u00edt\u0151anyag,<\/p>\n","protected":false},"author":1,"featured_media":36983,"comment_status":"closed","ping_status":"closed","sticky":false,"template":"","format":"standard","meta":{"ngg_post_thumbnail":0,"footnotes":""},"categories":[3,56],"tags":[800,15,3799,503,5977],"class_list":{"0":"post-36982","1":"post","2":"type-post","3":"status-publish","4":"format-standard","5":"has-post-thumbnail","7":"category-hirek","8":"category-komarom-esztergom","9":"tag-baumit","10":"tag-dorog","11":"tag-komarom-esztergom-megye","12":"tag-tamogatas","13":"tag-varepito-palyazat"},"yoast_head":"<!-- This site is optimized with the Yoast SEO plugin v27.4 - https:\/\/yoast.com\/product\/yoast-seo-wordpress\/ -->\n<title>Egymilli\u00f3 forinttal t\u00e1mogat egy pl\u00e9b\u00e1niafel\u00faj\u00edt\u00e1st a Baumit<\/title>\n<meta name=\"robots\" content=\"index, follow, max-snippet:-1, max-image-preview:large, max-video-preview:-1\" \/>\n<link rel=\"canonical\" href=\"https:\/\/dorogimedence.hu\/index.php\/2021\/09\/21\/egymillio-forinttal-tamogat-egy-plebaniafelujitast-a-baumit\/\" class=\"yoast-seo-meta-tag\" \/>\n<meta property=\"og:locale\" content=\"hu_HU\" class=\"yoast-seo-meta-tag\" \/>\n<meta property=\"og:type\" content=\"article\" class=\"yoast-seo-meta-tag\" \/>\n<meta property=\"og:title\" content=\"Egymilli\u00f3 forinttal t\u00e1mogat egy pl\u00e9b\u00e1niafel\u00faj\u00edt\u00e1st a Baumit\" class=\"yoast-seo-meta-tag\" \/>\n<meta property=\"og:description\" content=\"A V\u00e1r\u00e9p\u00edt\u0151 p\u00e1ly\u00e1zat keretein bel\u00fcl, a dorogi sz\u00e9khely\u0171 Baumit egymilli\u00f3 forint \u00e9rt\u00e9k\u0171 \u00e9p\u00edt\u0151anyag-csomag t\u00e1mogat\u00e1st biztos\u00edt Bakonys\u00e1rk\u00e1nyi R\u00f3mai Katolikus Pl\u00e9b\u00e1ni\u00e1nak. 18 gyermekint\u00e9zm\u00e9ny mellett az 1770-es \u00e9vekben \u00e9p\u00fclt \u00e9s egykor le\u00e9gett Bakonys\u00e1rk\u00e1nyi R\u00f3mai Katolikus Pl\u00e9b\u00e1nia is jelent\u0151s forr\u00e1shoz jutott a 2021-es V\u00e1r\u00e9p\u00edt\u0151 p\u00e1ly\u00e1zat keretein bel\u00fcl. A program sor\u00e1n 21 \u00e9p\u00edt\u0151ipari szerepl\u0151 \u00f6sszefog\u00e1s\u00e1b\u00f3l 13,6 milli\u00f3 forint \u00e9rt\u00e9k\u0171 \u00e9p\u00edt\u0151anyag,\" class=\"yoast-seo-meta-tag\" \/>\n<meta property=\"og:url\" content=\"https:\/\/dorogimedence.hu\/index.php\/2021\/09\/21\/egymillio-forinttal-tamogat-egy-plebaniafelujitast-a-baumit\/\" class=\"yoast-seo-meta-tag\" \/>\n<meta property=\"og:site_name\" content=\"Dorogi-medence Region\u00e1lis H\u00edrport\u00e1l\" class=\"yoast-seo-meta-tag\" \/>\n<meta property=\"article:publisher\" content=\"https:\/\/www.facebook.com\/dorogimedence\/\" class=\"yoast-seo-meta-tag\" \/>\n<meta property=\"article:published_time\" content=\"2021-09-21T08:59:57+00:00\" class=\"yoast-seo-meta-tag\" \/>\n<meta property=\"article:modified_time\" content=\"2021-09-21T09:00:18+00:00\" class=\"yoast-seo-meta-tag\" \/>\n<meta property=\"og:image\" content=\"https:\/\/i0.wp.com\/dorogimedence.hu\/wp-content\/uploads\/2021\/09\/bakonysarkany-plebania.jpg?fit=1200%2C748&ssl=1\" class=\"yoast-seo-meta-tag\" \/>\n\t<meta property=\"og:image:width\" content=\"1200\" class=\"yoast-seo-meta-tag\" \/>\n\t<meta property=\"og:image:height\" content=\"748\" class=\"yoast-seo-meta-tag\" \/>\n\t<meta property=\"og:image:type\" content=\"image\/jpeg\" class=\"yoast-seo-meta-tag\" \/>\n<meta name=\"author\" content=\"dorogimedence.hu\" class=\"yoast-seo-meta-tag\" \/>\n<meta name=\"twitter:card\" content=\"summary_large_image\" class=\"yoast-seo-meta-tag\" \/>\n<meta name=\"twitter:label1\" content=\"Szerz\u0151:\" class=\"yoast-seo-meta-tag\" \/>\n\t<meta name=\"twitter:data1\" content=\"dorogimedence.hu\" class=\"yoast-seo-meta-tag\" \/>\n\t<meta name=\"twitter:label2\" content=\"Becs\u00fclt olvas\u00e1si id\u0151\" class=\"yoast-seo-meta-tag\" \/>\n\t<meta name=\"twitter:data2\" content=\"3 perc\" class=\"yoast-seo-meta-tag\" \/>\n<script type=\"application\/ld+json\" class=\"yoast-schema-graph\">{\"@context\":\"https:\\\/\\\/schema.org\",\"@graph\":[{\"@type\":\"Article\",\"@id\":\"https:\\\/\\\/dorogimedence.hu\\\/index.php\\\/2021\\\/09\\\/21\\\/egymillio-forinttal-tamogat-egy-plebaniafelujitast-a-baumit\\\/#article\",\"isPartOf\":{\"@id\":\"https:\\\/\\\/dorogimedence.hu\\\/index.php\\\/2021\\\/09\\\/21\\\/egymillio-forinttal-tamogat-egy-plebaniafelujitast-a-baumit\\\/\"},\"author\":{\"name\":\"dorogimedence.hu\",\"@id\":\"https:\\\/\\\/dorogimedence.hu\\\/#\\\/schema\\\/person\\\/ce6091eeb7e95ecdc87890d6aa8e0fd4\"},\"headline\":\"Egymilli\u00f3 forinttal t\u00e1mogat egy pl\u00e9b\u00e1niafel\u00faj\u00edt\u00e1st a Baumit\",\"datePublished\":\"2021-09-21T08:59:57+00:00\",\"dateModified\":\"2021-09-21T09:00:18+00:00\",\"mainEntityOfPage\":{\"@id\":\"https:\\\/\\\/dorogimedence.hu\\\/index.php\\\/2021\\\/09\\\/21\\\/egymillio-forinttal-tamogat-egy-plebaniafelujitast-a-baumit\\\/\"},\"wordCount\":686,\"publisher\":{\"@id\":\"https:\\\/\\\/dorogimedence.hu\\\/#organization\"},\"image\":{\"@id\":\"https:\\\/\\\/dorogimedence.hu\\\/index.php\\\/2021\\\/09\\\/21\\\/egymillio-forinttal-tamogat-egy-plebaniafelujitast-a-baumit\\\/#primaryimage\"},\"thumbnailUrl\":\"https:\\\/\\\/dorogimedence.hu\\\/wp-content\\\/uploads\\\/2021\\\/09\\\/bakonysarkany-plebania.jpg\",\"keywords\":[\"Baumit\",\"Dorog\",\"Kom\u00e1rom-Esztergom megye\",\"t\u00e1mogat\u00e1s\",\"V\u00e1r\u00e9p\u00edt\u0151 p\u00e1ly\u00e1zat\"],\"articleSection\":[\"H\u00edrek\",\"Kom\u00e1rom-Esztergom\"],\"inLanguage\":\"hu\"},{\"@type\":\"WebPage\",\"@id\":\"https:\\\/\\\/dorogimedence.hu\\\/index.php\\\/2021\\\/09\\\/21\\\/egymillio-forinttal-tamogat-egy-plebaniafelujitast-a-baumit\\\/\",\"url\":\"https:\\\/\\\/dorogimedence.hu\\\/index.php\\\/2021\\\/09\\\/21\\\/egymillio-forinttal-tamogat-egy-plebaniafelujitast-a-baumit\\\/\",\"name\":\"Egymilli\u00f3 forinttal t\u00e1mogat egy pl\u00e9b\u00e1niafel\u00faj\u00edt\u00e1st a Baumit\",\"isPartOf\":{\"@id\":\"https:\\\/\\\/dorogimedence.hu\\\/#website\"},\"primaryImageOfPage\":{\"@id\":\"https:\\\/\\\/dorogimedence.hu\\\/index.php\\\/2021\\\/09\\\/21\\\/egymillio-forinttal-tamogat-egy-plebaniafelujitast-a-baumit\\\/#primaryimage\"},\"image\":{\"@id\":\"https:\\\/\\\/dorogimedence.hu\\\/index.php\\\/2021\\\/09\\\/21\\\/egymillio-forinttal-tamogat-egy-plebaniafelujitast-a-baumit\\\/#primaryimage\"},\"thumbnailUrl\":\"https:\\\/\\\/dorogimedence.hu\\\/wp-content\\\/uploads\\\/2021\\\/09\\\/bakonysarkany-plebania.jpg\",\"datePublished\":\"2021-09-21T08:59:57+00:00\",\"dateModified\":\"2021-09-21T09:00:18+00:00\",\"breadcrumb\":{\"@id\":\"https:\\\/\\\/dorogimedence.hu\\\/index.php\\\/2021\\\/09\\\/21\\\/egymillio-forinttal-tamogat-egy-plebaniafelujitast-a-baumit\\\/#breadcrumb\"},\"inLanguage\":\"hu\",\"potentialAction\":[{\"@type\":\"ReadAction\",\"target\":[\"https:\\\/\\\/dorogimedence.hu\\\/index.php\\\/2021\\\/09\\\/21\\\/egymillio-forinttal-tamogat-egy-plebaniafelujitast-a-baumit\\\/\"]}]},{\"@type\":\"ImageObject\",\"inLanguage\":\"hu\",\"@id\":\"https:\\\/\\\/dorogimedence.hu\\\/index.php\\\/2021\\\/09\\\/21\\\/egymillio-forinttal-tamogat-egy-plebaniafelujitast-a-baumit\\\/#primaryimage\",\"url\":\"https:\\\/\\\/dorogimedence.hu\\\/wp-content\\\/uploads\\\/2021\\\/09\\\/bakonysarkany-plebania.jpg\",\"contentUrl\":\"https:\\\/\\\/dorogimedence.hu\\\/wp-content\\\/uploads\\\/2021\\\/09\\\/bakonysarkany-plebania.jpg\",\"width\":1200,\"height\":748,\"caption\":\"binary comment\"},{\"@type\":\"BreadcrumbList\",\"@id\":\"https:\\\/\\\/dorogimedence.hu\\\/index.php\\\/2021\\\/09\\\/21\\\/egymillio-forinttal-tamogat-egy-plebaniafelujitast-a-baumit\\\/#breadcrumb\",\"itemListElement\":[{\"@type\":\"ListItem\",\"position\":1,\"name\":\"Kezd\u0151lap\",\"item\":\"https:\\\/\\\/dorogimedence.hu\\\/\"},{\"@type\":\"ListItem\",\"position\":2,\"name\":\"Egymilli\u00f3 forinttal t\u00e1mogat egy pl\u00e9b\u00e1niafel\u00faj\u00edt\u00e1st a Baumit\"}]},{\"@type\":\"WebSite\",\"@id\":\"https:\\\/\\\/dorogimedence.hu\\\/#website\",\"url\":\"https:\\\/\\\/dorogimedence.hu\\\/\",\"name\":\"Dorogi-medence Region\u00e1lis H\u00edrport\u00e1l\",\"description\":\"Dorog, Keszt\u00f6lc, Le\u00e1nyv\u00e1r, Piliscs\u00e9v, Tokod, Tokodalt\u00e1r\u00f3, Csolnok, Esztergom-kertv\u00e1ros: h\u00edrek, programok\",\"publisher\":{\"@id\":\"https:\\\/\\\/dorogimedence.hu\\\/#organization\"},\"potentialAction\":[{\"@type\":\"SearchAction\",\"target\":{\"@type\":\"EntryPoint\",\"urlTemplate\":\"https:\\\/\\\/dorogimedence.hu\\\/?s={search_term_string}\"},\"query-input\":{\"@type\":\"PropertyValueSpecification\",\"valueRequired\":true,\"valueName\":\"search_term_string\"}}],\"inLanguage\":\"hu\"},{\"@type\":\"Organization\",\"@id\":\"https:\\\/\\\/dorogimedence.hu\\\/#organization\",\"name\":\"Dorogi-medence Region\u00e1lis H\u00edrport\u00e1l\",\"url\":\"https:\\\/\\\/dorogimedence.hu\\\/\",\"logo\":{\"@type\":\"ImageObject\",\"inLanguage\":\"hu\",\"@id\":\"https:\\\/\\\/dorogimedence.hu\\\/#\\\/schema\\\/logo\\\/image\\\/\",\"url\":\"https:\\\/\\\/dorogimedence.hu\\\/wp-content\\\/uploads\\\/2021\\\/04\\\/logo-feher-600.png\",\"contentUrl\":\"https:\\\/\\\/dorogimedence.hu\\\/wp-content\\\/uploads\\\/2021\\\/04\\\/logo-feher-600.png\",\"width\":600,\"height\":100,\"caption\":\"Dorogi-medence Region\u00e1lis H\u00edrport\u00e1l\"},\"image\":{\"@id\":\"https:\\\/\\\/dorogimedence.hu\\\/#\\\/schema\\\/logo\\\/image\\\/\"},\"sameAs\":[\"https:\\\/\\\/www.facebook.com\\\/dorogimedence\\\/\"]},{\"@type\":\"Person\",\"@id\":\"https:\\\/\\\/dorogimedence.hu\\\/#\\\/schema\\\/person\\\/ce6091eeb7e95ecdc87890d6aa8e0fd4\",\"name\":\"dorogimedence.hu\",\"image\":{\"@type\":\"ImageObject\",\"inLanguage\":\"hu\",\"@id\":\"\\\/\\\/www.gravatar.com\\\/avatar\\\/d8d45f8901aadff40a4af72c0b826f1d?s=96&#038;r=g&#038;d=mm\",\"url\":\"\\\/\\\/www.gravatar.com\\\/avatar\\\/d8d45f8901aadff40a4af72c0b826f1d?s=96&#038;r=g&#038;d=mm\",\"contentUrl\":\"\\\/\\\/www.gravatar.com\\\/avatar\\\/d8d45f8901aadff40a4af72c0b826f1d?s=96&#038;r=g&#038;d=mm\",\"caption\":\"dorogimedence.hu\"}}]}<\/script>\n<!-- \/ Yoast SEO plugin. -->","yoast_head_json":{"title":"Egymilli\u00f3 forinttal t\u00e1mogat egy pl\u00e9b\u00e1niafel\u00faj\u00edt\u00e1st a Baumit","robots":{"index":"index","follow":"follow","max-snippet":"max-snippet:-1","max-image-preview":"max-image-preview:large","max-video-preview":"max-video-preview:-1"},"canonical":"https:\/\/dorogimedence.hu\/index.php\/2021\/09\/21\/egymillio-forinttal-tamogat-egy-plebaniafelujitast-a-baumit\/","og_locale":"hu_HU","og_type":"article","og_title":"Egymilli\u00f3 forinttal t\u00e1mogat egy pl\u00e9b\u00e1niafel\u00faj\u00edt\u00e1st a Baumit","og_description":"A V\u00e1r\u00e9p\u00edt\u0151 p\u00e1ly\u00e1zat keretein bel\u00fcl, a dorogi sz\u00e9khely\u0171 Baumit egymilli\u00f3 forint \u00e9rt\u00e9k\u0171 \u00e9p\u00edt\u0151anyag-csomag t\u00e1mogat\u00e1st biztos\u00edt Bakonys\u00e1rk\u00e1nyi R\u00f3mai Katolikus Pl\u00e9b\u00e1ni\u00e1nak. 18 gyermekint\u00e9zm\u00e9ny mellett az 1770-es \u00e9vekben \u00e9p\u00fclt \u00e9s egykor le\u00e9gett Bakonys\u00e1rk\u00e1nyi R\u00f3mai Katolikus Pl\u00e9b\u00e1nia is jelent\u0151s forr\u00e1shoz jutott a 2021-es V\u00e1r\u00e9p\u00edt\u0151 p\u00e1ly\u00e1zat keretein bel\u00fcl. A program sor\u00e1n 21 \u00e9p\u00edt\u0151ipari szerepl\u0151 \u00f6sszefog\u00e1s\u00e1b\u00f3l 13,6 milli\u00f3 forint \u00e9rt\u00e9k\u0171 \u00e9p\u00edt\u0151anyag,","og_url":"https:\/\/dorogimedence.hu\/index.php\/2021\/09\/21\/egymillio-forinttal-tamogat-egy-plebaniafelujitast-a-baumit\/","og_site_name":"Dorogi-medence Region\u00e1lis H\u00edrport\u00e1l","article_publisher":"https:\/\/www.facebook.com\/dorogimedence\/","article_published_time":"2021-09-21T08:59:57+00:00","article_modified_time":"2021-09-21T09:00:18+00:00","og_image":[{"width":1200,"height":748,"url":"https:\/\/i0.wp.com\/dorogimedence.hu\/wp-content\/uploads\/2021\/09\/bakonysarkany-plebania.jpg?fit=1200%2C748&ssl=1","type":"image\/jpeg"}],"author":"dorogimedence.hu","twitter_card":"summary_large_image","twitter_misc":{"Szerz\u0151:":"dorogimedence.hu","Becs\u00fclt olvas\u00e1si id\u0151":"3 perc"},"schema":{"@context":"https:\/\/schema.org","@graph":[{"@type":"Article","@id":"https:\/\/dorogimedence.hu\/index.php\/2021\/09\/21\/egymillio-forinttal-tamogat-egy-plebaniafelujitast-a-baumit\/#article","isPartOf":{"@id":"https:\/\/dorogimedence.hu\/index.php\/2021\/09\/21\/egymillio-forinttal-tamogat-egy-plebaniafelujitast-a-baumit\/"},"author":{"name":"dorogimedence.hu","@id":"https:\/\/dorogimedence.hu\/#\/schema\/person\/ce6091eeb7e95ecdc87890d6aa8e0fd4"},"headline":"Egymilli\u00f3 forinttal t\u00e1mogat egy pl\u00e9b\u00e1niafel\u00faj\u00edt\u00e1st a Baumit","datePublished":"2021-09-21T08:59:57+00:00","dateModified":"2021-09-21T09:00:18+00:00","mainEntityOfPage":{"@id":"https:\/\/dorogimedence.hu\/index.php\/2021\/09\/21\/egymillio-forinttal-tamogat-egy-plebaniafelujitast-a-baumit\/"},"wordCount":686,"publisher":{"@id":"https:\/\/dorogimedence.hu\/#organization"},"image":{"@id":"https:\/\/dorogimedence.hu\/index.php\/2021\/09\/21\/egymillio-forinttal-tamogat-egy-plebaniafelujitast-a-baumit\/#primaryimage"},"thumbnailUrl":"https:\/\/dorogimedence.hu\/wp-content\/uploads\/2021\/09\/bakonysarkany-plebania.jpg","keywords":["Baumit","Dorog","Kom\u00e1rom-Esztergom megye","t\u00e1mogat\u00e1s","V\u00e1r\u00e9p\u00edt\u0151 p\u00e1ly\u00e1zat"],"articleSection":["H\u00edrek","Kom\u00e1rom-Esztergom"],"inLanguage":"hu"},{"@type":"WebPage","@id":"https:\/\/dorogimedence.hu\/index.php\/2021\/09\/21\/egymillio-forinttal-tamogat-egy-plebaniafelujitast-a-baumit\/","url":"https:\/\/dorogimedence.hu\/index.php\/2021\/09\/21\/egymillio-forinttal-tamogat-egy-plebaniafelujitast-a-baumit\/","name":"Egymilli\u00f3 forinttal t\u00e1mogat egy pl\u00e9b\u00e1niafel\u00faj\u00edt\u00e1st a Baumit","isPartOf":{"@id":"https:\/\/dorogimedence.hu\/#website"},"primaryImageOfPage":{"@id":"https:\/\/dorogimedence.hu\/index.php\/2021\/09\/21\/egymillio-forinttal-tamogat-egy-plebaniafelujitast-a-baumit\/#primaryimage"},"image":{"@id":"https:\/\/dorogimedence.hu\/index.php\/2021\/09\/21\/egymillio-forinttal-tamogat-egy-plebaniafelujitast-a-baumit\/#primaryimage"},"thumbnailUrl":"https:\/\/dorogimedence.hu\/wp-content\/uploads\/2021\/09\/bakonysarkany-plebania.jpg","datePublished":"2021-09-21T08:59:57+00:00","dateModified":"2021-09-21T09:00:18+00:00","breadcrumb":{"@id":"https:\/\/dorogimedence.hu\/index.php\/2021\/09\/21\/egymillio-forinttal-tamogat-egy-plebaniafelujitast-a-baumit\/#breadcrumb"},"inLanguage":"hu","potentialAction":[{"@type":"ReadAction","target":["https:\/\/dorogimedence.hu\/index.php\/2021\/09\/21\/egymillio-forinttal-tamogat-egy-plebaniafelujitast-a-baumit\/"]}]},{"@type":"ImageObject","inLanguage":"hu","@id":"https:\/\/dorogimedence.hu\/index.php\/2021\/09\/21\/egymillio-forinttal-tamogat-egy-plebaniafelujitast-a-baumit\/#primaryimage","url":"https:\/\/dorogimedence.hu\/wp-content\/uploads\/2021\/09\/bakonysarkany-plebania.jpg","contentUrl":"https:\/\/dorogimedence.hu\/wp-content\/uploads\/2021\/09\/bakonysarkany-plebania.jpg","width":1200,"height":748,"caption":"binary comment"},{"@type":"BreadcrumbList","@id":"https:\/\/dorogimedence.hu\/index.php\/2021\/09\/21\/egymillio-forinttal-tamogat-egy-plebaniafelujitast-a-baumit\/#breadcrumb","itemListElement":[{"@type":"ListItem","position":1,"name":"Kezd\u0151lap","item":"https:\/\/dorogimedence.hu\/"},{"@type":"ListItem","position":2,"name":"Egymilli\u00f3 forinttal t\u00e1mogat egy pl\u00e9b\u00e1niafel\u00faj\u00edt\u00e1st a Baumit"}]},{"@type":"WebSite","@id":"https:\/\/dorogimedence.hu\/#website","url":"https:\/\/dorogimedence.hu\/","name":"Dorogi-medence Region\u00e1lis H\u00edrport\u00e1l","description":"Dorog, Keszt\u00f6lc, Le\u00e1nyv\u00e1r, Piliscs\u00e9v, Tokod, Tokodalt\u00e1r\u00f3, Csolnok, Esztergom-kertv\u00e1ros: h\u00edrek, programok","publisher":{"@id":"https:\/\/dorogimedence.hu\/#organization"},"potentialAction":[{"@type":"SearchAction","target":{"@type":"EntryPoint","urlTemplate":"https:\/\/dorogimedence.hu\/?s={search_term_string}"},"query-input":{"@type":"PropertyValueSpecification","valueRequired":true,"valueName":"search_term_string"}}],"inLanguage":"hu"},{"@type":"Organization","@id":"https:\/\/dorogimedence.hu\/#organization","name":"Dorogi-medence Region\u00e1lis H\u00edrport\u00e1l","url":"https:\/\/dorogimedence.hu\/","logo":{"@type":"ImageObject","inLanguage":"hu","@id":"https:\/\/dorogimedence.hu\/#\/schema\/logo\/image\/","url":"https:\/\/dorogimedence.hu\/wp-content\/uploads\/2021\/04\/logo-feher-600.png","contentUrl":"https:\/\/dorogimedence.hu\/wp-content\/uploads\/2021\/04\/logo-feher-600.png","width":600,"height":100,"caption":"Dorogi-medence Region\u00e1lis H\u00edrport\u00e1l"},"image":{"@id":"https:\/\/dorogimedence.hu\/#\/schema\/logo\/image\/"},"sameAs":["https:\/\/www.facebook.com\/dorogimedence\/"]},{"@type":"Person","@id":"https:\/\/dorogimedence.hu\/#\/schema\/person\/ce6091eeb7e95ecdc87890d6aa8e0fd4","name":"dorogimedence.hu","image":{"@type":"ImageObject","inLanguage":"hu","@id":"\/\/www.gravatar.com\/avatar\/d8d45f8901aadff40a4af72c0b826f1d?s=96&#038;r=g&#038;d=mm","url":"\/\/www.gravatar.com\/avatar\/d8d45f8901aadff40a4af72c0b826f1d?s=96&#038;r=g&#038;d=mm","contentUrl":"\/\/www.gravatar.com\/avatar\/d8d45f8901aadff40a4af72c0b826f1d?s=96&#038;r=g&#038;d=mm","caption":"dorogimedence.hu"}}]}},"_links":{"self":[{"href":"https:\/\/dorogimedence.hu\/index.php\/wp-json\/wp\/v2\/posts\/36982","targetHints":{"allow":["GET"]}}],"collection":[{"href":"https:\/\/dorogimedence.hu\/index.php\/wp-json\/wp\/v2\/posts"}],"about":[{"href":"https:\/\/dorogimedence.hu\/index.php\/wp-json\/wp\/v2\/types\/post"}],"author":[{"embeddable":true,"href":"https:\/\/dorogimedence.hu\/index.php\/wp-json\/wp\/v2\/users\/1"}],"replies":[{"embeddable":true,"href":"https:\/\/dorogimedence.hu\/index.php\/wp-json\/wp\/v2\/comments?post=36982"}],"version-history":[{"count":0,"href":"https:\/\/dorogimedence.hu\/index.php\/wp-json\/wp\/v2\/posts\/36982\/revisions"}],"wp:featuredmedia":[{"embeddable":true,"href":"https:\/\/dorogimedence.hu\/index.php\/wp-json\/wp\/v2\/media\/36983"}],"wp:attachment":[{"href":"https:\/\/dorogimedence.hu\/index.php\/wp-json\/wp\/v2\/media?parent=36982"}],"wp:term":[{"taxonomy":"category","embeddable":true,"href":"https:\/\/dorogimedence.hu\/index.php\/wp-json\/wp\/v2\/categories?post=36982"},{"taxonomy":"post_tag","embeddable":true,"href":"https:\/\/dorogimedence.hu\/index.php\/wp-json\/wp\/v2\/tags?post=36982"}],"curies":[{"name":"wp","href":"https:\/\/api.w.org\/{rel}","templated":true}]}}