{"id":36949,"date":"2021-09-20T15:45:26","date_gmt":"2021-09-20T13:45:26","guid":{"rendered":"https:\/\/dorogimedence.hu\/?p=36949"},"modified":"2021-09-20T15:45:31","modified_gmt":"2021-09-20T13:45:31","slug":"149-szobaval-varjak-a-vendegeket-a-grand-hotel-esztergomban","status":"publish","type":"post","link":"https:\/\/dorogimedence.hu\/index.php\/2021\/09\/20\/149-szobaval-varjak-a-vendegeket-a-grand-hotel-esztergomban\/","title":{"rendered":"149 szob\u00e1val v\u00e1rj\u00e1k a vend\u00e9geket a Grand Hotel Esztergomban"},"content":{"rendered":"<p><strong>A Grand Hotel Esztergom elk\u00e9sz\u00fcl\u00e9s\u00e9vel \u00e9s a szemk\u00f6zti Hotel Portobello fel\u00faj\u00edt\u00e1s\u00e1val 12 milli\u00e1rd forintos sz\u00e1llodafejleszt\u00e9s val\u00f3sult meg, amely 150 \u00faj munkahelyet teremtett<\/strong> <em>\u2013 mondta a l\u00e9tes\u00edtm\u00e9ny befektet\u0151je, Hern\u00e1di Zsolt a Grand Hotel Esztergom bemutatkoz\u00f3 sajt\u00f3esem\u00e9ny\u00e9n szeptember 20-\u00e1n, h\u00e9tf\u0151n.<\/em><\/p>\n<p>A Mol Nyrt. eln\u00f6k-vez\u00e9rigazgat\u00f3ja hozz\u00e1tette: a Grand Hotel l\u00e9trehoz\u00e1sa 9,2 milli\u00e1rd forintba ker\u00fclt, ehhez 3,2 milli\u00e1rd forint t\u00e1mogat\u00e1st biztos\u00edtott a Magyar Turisztikai \u00dcgyn\u00f6ks\u00e9g (MT\u00dc). A 131 szob\u00e1val \u00e9s 18 luxus lakoszt\u00e1llyal rendelkez\u0151 n\u00e9gycsillagos hotel mell\u00e9 megv\u00e1s\u00e1rolt\u00e1k a szemk\u00f6zt tal\u00e1lhat\u00f3 Hotel Portobell\u00f3t is, ahol 90 szoba v\u00e1rja a kikapcsol\u00f3dni v\u00e1gy\u00f3kat. A k\u00e9t helysz\u00ednen a j\u00f6v\u0151ben \u00f6sszesen \u00e9vente 125 ezer vend\u00e9g\u00e9jszak\u00e1val sz\u00e1molnak majd.<\/p>\n<p><img fetchpriority=\"high\" decoding=\"async\" class=\"alignnone size-large wp-image-36951\" src=\"https:\/\/dorogimedence.hu\/wp-content\/uploads\/2021\/09\/grandhotel-02-1024x625.jpg\" alt=\"\" width=\"755\" height=\"461\" srcset=\"https:\/\/dorogimedence.hu\/wp-content\/uploads\/2021\/09\/grandhotel-02-1024x625.jpg 1024w, https:\/\/dorogimedence.hu\/wp-content\/uploads\/2021\/09\/grandhotel-02-300x183.jpg 300w, https:\/\/dorogimedence.hu\/wp-content\/uploads\/2021\/09\/grandhotel-02-768x469.jpg 768w, https:\/\/dorogimedence.hu\/wp-content\/uploads\/2021\/09\/grandhotel-02-150x92.jpg 150w, https:\/\/dorogimedence.hu\/wp-content\/uploads\/2021\/09\/grandhotel-02-450x275.jpg 450w, https:\/\/dorogimedence.hu\/wp-content\/uploads\/2021\/09\/grandhotel-02.jpg 1200w\" sizes=\"(max-width: 755px) 100vw, 755px\" \/><\/p>\n<p>\u201e\u00c9n is itt \u00e9lek Esztergomban \u00e9s mintegy t\u00edz \u00e9vig n\u00e9zt\u00fck a belv\u00e1rosban a betonv\u00e1zk\u00e9nt \u00e1ll\u00f3, f\u00e9lbemaradt sz\u00e1lloda \u00e9p\u00fclet\u00e9t. S\u0151t m\u00e9g h\u00e1bor\u00fas filmet is forgattak a helysz\u00ednen. Esztergom nem ezt \u00e9rdemli, az\u00e9rt gondoltuk \u00fagy, hogy ezt a sz\u00e1llod\u00e1t be kell fejezni.\u201d \u2013 tette hozz\u00e1 Hern\u00e1di Zsolt, majd elmondta, hogy 2018-ban kezd\u0151dtek az \u00e9p\u00fclet el\u0151k\u00e9sz\u00edt\u00e9si munk\u00e1latai, a l\u00e9tes\u00edtm\u00e9nyt pedig k\u00e9t \u00e9v alatt \u00e9p\u00edtett\u00e9k fel.<\/p>\n<p><img decoding=\"async\" class=\"alignnone size-large wp-image-36954\" src=\"https:\/\/dorogimedence.hu\/wp-content\/uploads\/2021\/09\/grandhotel-05-1024x683.jpg\" alt=\"\" width=\"755\" height=\"504\" srcset=\"https:\/\/dorogimedence.hu\/wp-content\/uploads\/2021\/09\/grandhotel-05-1024x683.jpg 1024w, https:\/\/dorogimedence.hu\/wp-content\/uploads\/2021\/09\/grandhotel-05-300x200.jpg 300w, https:\/\/dorogimedence.hu\/wp-content\/uploads\/2021\/09\/grandhotel-05-768x512.jpg 768w, https:\/\/dorogimedence.hu\/wp-content\/uploads\/2021\/09\/grandhotel-05-150x100.jpg 150w, https:\/\/dorogimedence.hu\/wp-content\/uploads\/2021\/09\/grandhotel-05-450x300.jpg 450w, https:\/\/dorogimedence.hu\/wp-content\/uploads\/2021\/09\/grandhotel-05-272x182.jpg 272w, https:\/\/dorogimedence.hu\/wp-content\/uploads\/2021\/09\/grandhotel-05.jpg 1200w\" sizes=\"(max-width: 755px) 100vw, 755px\" \/><\/p>\n<p>K\u00f6nnyid L\u00e1szl\u00f3, az MT\u00dc \u00e1ltal\u00e1nos vez\u00e9rigazgat\u00f3-helyettese elmondta, hogy a turizmus j\u00f3 nyarat z\u00e1rt, j\u00faniusban 66, j\u00faliusban 22, augusztusban pedig 16 sz\u00e1zal\u00e9kkal haladta meg a vend\u00e9g\u00e9jszak\u00e1k sz\u00e1ma az el\u0151z\u0151 \u00e9v hasonl\u00f3 id\u0151szakit. \u0150szre is optimist\u00e1k az el\u0151rejelz\u00e9sek. Szeptemberre a tavalyin\u00e1l 25 sz\u00e1zal\u00e9kkal magasabb a megval\u00f3sult \u00e9s a foglalt belf\u00f6ldi \u00e9jszak\u00e1k sz\u00e1ma, a k\u00fclf\u00f6ldi vend\u00e9g\u00e9jszak\u00e1k\u00e9 pedig csaknem n\u00e9gyszeres\u00e9re emelkedik &#8211; ismertette a vez\u00e9rigazgat\u00f3-helyettes.<\/p>\n<p><img decoding=\"async\" class=\"alignnone size-large wp-image-36952\" src=\"https:\/\/dorogimedence.hu\/wp-content\/uploads\/2021\/09\/grandhotel-03-1024x656.jpg\" alt=\"\" width=\"755\" height=\"484\" srcset=\"https:\/\/dorogimedence.hu\/wp-content\/uploads\/2021\/09\/grandhotel-03-1024x656.jpg 1024w, https:\/\/dorogimedence.hu\/wp-content\/uploads\/2021\/09\/grandhotel-03-300x192.jpg 300w, https:\/\/dorogimedence.hu\/wp-content\/uploads\/2021\/09\/grandhotel-03-768x492.jpg 768w, https:\/\/dorogimedence.hu\/wp-content\/uploads\/2021\/09\/grandhotel-03-150x96.jpg 150w, https:\/\/dorogimedence.hu\/wp-content\/uploads\/2021\/09\/grandhotel-03-450x288.jpg 450w, https:\/\/dorogimedence.hu\/wp-content\/uploads\/2021\/09\/grandhotel-03.jpg 1200w\" sizes=\"(max-width: 755px) 100vw, 755px\" \/><\/p>\n<p>K\u00f6nnyid L\u00e1szl\u00f3 t\u00e1j\u00e9koztat\u00e1sa szerint a ny\u00e1ron a kor\u00e1bbi id\u0151szakn\u00e1l 60 sz\u00e1zal\u00e9kkal t\u00f6bb vend\u00e9g \u00e9rkezett Esztergomba, 87 sz\u00e1zal\u00e9kuk belf\u00f6ldi volt. A foglal\u00e1sok 71 sz\u00e1zal\u00e9k\u00e1t sz\u00e1llod\u00e1ban, 13 sz\u00e1zal\u00e9k\u00e1t panzi\u00f3ban t\u00f6lt\u00f6tt\u00e9k el. A vez\u00e9rigazgat\u00f3-helyettes elmondta azt is, c\u00e9ljuk, hogy a turizmus \u00fajra a gazdas\u00e1g egyik h\u00faz\u00f3\u00e1gazata legyen. Az \u00e1gazat a tavalyi els\u0151 k\u00e9t h\u00f3napban a GDP 13 sz\u00e1zal\u00e9k\u00e1t biztos\u00edtotta. A 2019-es &#8222;bezzeg \u00e9v&#8221; sz\u00e1mai v\u00e1rhat\u00f3an 2022-re \u00e9rhet\u0151 el \u00fajra.<\/p>\n<p><img loading=\"lazy\" decoding=\"async\" class=\"alignnone size-large wp-image-36953\" src=\"https:\/\/dorogimedence.hu\/wp-content\/uploads\/2021\/09\/grandhotel-04-1024x668.jpg\" alt=\"\" width=\"755\" height=\"493\" srcset=\"https:\/\/dorogimedence.hu\/wp-content\/uploads\/2021\/09\/grandhotel-04-1024x668.jpg 1024w, https:\/\/dorogimedence.hu\/wp-content\/uploads\/2021\/09\/grandhotel-04-300x196.jpg 300w, https:\/\/dorogimedence.hu\/wp-content\/uploads\/2021\/09\/grandhotel-04-768x501.jpg 768w, https:\/\/dorogimedence.hu\/wp-content\/uploads\/2021\/09\/grandhotel-04-150x98.jpg 150w, https:\/\/dorogimedence.hu\/wp-content\/uploads\/2021\/09\/grandhotel-04-450x294.jpg 450w, https:\/\/dorogimedence.hu\/wp-content\/uploads\/2021\/09\/grandhotel-04.jpg 1200w\" sizes=\"(max-width: 755px) 100vw, 755px\" \/><\/p>\n<p>Flesch Tam\u00e1s, a sz\u00e1llod\u00e1t \u00fczemeltet\u0151 Continental Group \u00fcgyvezet\u0151je elmondta, hogy a k\u00e9t sz\u00e1lloda piacra l\u00e9p\u00e9s\u00e9vel egy hi\u00e1nyp\u00f3tl\u00f3 k\u00edn\u00e1lat jelent meg. Egyr\u00e9szt t\u00f6bb sz\u00e1z f\u0151s konferenci\u00e1k is megrendezhet\u0151k a komplexumban, m\u00e1sr\u00e9szt csal\u00e1di kikapcsol\u00f3d\u00e1sra is alkalmasak. A sz\u00e1llod\u00e1ban helyet kapott egy \u2013 a Pepper \u00c9lm\u00e9nybirodalma n\u00e9vre keresztelt \u2013 700 n\u00e9gyzetm\u00e9teres j\u00e1t\u00e9kt\u00e9r, ami a gyerekek sz\u00f3rakoztat\u00e1sa mellett t\u00f6k\u00e9letes helysz\u00ednt ny\u00fajt csapat\u00e9p\u00edt\u0151 programoknak is. Az \u00e9p\u00fcletben tal\u00e1lhat\u00f3 \u00e9tterem \u00e9s k\u00e1v\u00e9z\u00f3 mellett pedig az exkluz\u00edv tet\u0151t\u00e9ri Bazilika Day Spa r\u00e9szlege csod\u00e1latos panor\u00e1m\u00e1j\u00e1nak \u00e9s \u201eadults-only\u201d jelleg\u00e9nek k\u00f6sz\u00f6nhet\u0151en zavartalan pihen\u00e9st biztos\u00edt a vend\u00e9geknek.<\/p>\n<p><img loading=\"lazy\" decoding=\"async\" class=\"alignnone size-large wp-image-36955\" src=\"https:\/\/dorogimedence.hu\/wp-content\/uploads\/2021\/09\/grandhotel-06-1024x683.jpg\" alt=\"\" width=\"755\" height=\"504\" srcset=\"https:\/\/dorogimedence.hu\/wp-content\/uploads\/2021\/09\/grandhotel-06-1024x683.jpg 1024w, https:\/\/dorogimedence.hu\/wp-content\/uploads\/2021\/09\/grandhotel-06-300x200.jpg 300w, https:\/\/dorogimedence.hu\/wp-content\/uploads\/2021\/09\/grandhotel-06-768x512.jpg 768w, https:\/\/dorogimedence.hu\/wp-content\/uploads\/2021\/09\/grandhotel-06-150x100.jpg 150w, https:\/\/dorogimedence.hu\/wp-content\/uploads\/2021\/09\/grandhotel-06-450x300.jpg 450w, https:\/\/dorogimedence.hu\/wp-content\/uploads\/2021\/09\/grandhotel-06-272x182.jpg 272w, https:\/\/dorogimedence.hu\/wp-content\/uploads\/2021\/09\/grandhotel-06.jpg 1200w\" sizes=\"(max-width: 755px) 100vw, 755px\" \/> <img loading=\"lazy\" decoding=\"async\" class=\"alignnone size-large wp-image-36956\" src=\"https:\/\/dorogimedence.hu\/wp-content\/uploads\/2021\/09\/grandhotel-07-1024x683.jpg\" alt=\"\" width=\"755\" height=\"504\" srcset=\"https:\/\/dorogimedence.hu\/wp-content\/uploads\/2021\/09\/grandhotel-07-1024x683.jpg 1024w, https:\/\/dorogimedence.hu\/wp-content\/uploads\/2021\/09\/grandhotel-07-300x200.jpg 300w, https:\/\/dorogimedence.hu\/wp-content\/uploads\/2021\/09\/grandhotel-07-768x512.jpg 768w, https:\/\/dorogimedence.hu\/wp-content\/uploads\/2021\/09\/grandhotel-07-150x100.jpg 150w, https:\/\/dorogimedence.hu\/wp-content\/uploads\/2021\/09\/grandhotel-07-450x300.jpg 450w, https:\/\/dorogimedence.hu\/wp-content\/uploads\/2021\/09\/grandhotel-07-272x182.jpg 272w, https:\/\/dorogimedence.hu\/wp-content\/uploads\/2021\/09\/grandhotel-07.jpg 1200w\" sizes=\"(max-width: 755px) 100vw, 755px\" \/> <img loading=\"lazy\" decoding=\"async\" class=\"alignnone size-large wp-image-36957\" src=\"https:\/\/dorogimedence.hu\/wp-content\/uploads\/2021\/09\/grandhotel-08-1024x683.jpg\" alt=\"\" width=\"755\" height=\"504\" srcset=\"https:\/\/dorogimedence.hu\/wp-content\/uploads\/2021\/09\/grandhotel-08-1024x683.jpg 1024w, https:\/\/dorogimedence.hu\/wp-content\/uploads\/2021\/09\/grandhotel-08-300x200.jpg 300w, https:\/\/dorogimedence.hu\/wp-content\/uploads\/2021\/09\/grandhotel-08-768x512.jpg 768w, https:\/\/dorogimedence.hu\/wp-content\/uploads\/2021\/09\/grandhotel-08-150x100.jpg 150w, https:\/\/dorogimedence.hu\/wp-content\/uploads\/2021\/09\/grandhotel-08-450x300.jpg 450w, https:\/\/dorogimedence.hu\/wp-content\/uploads\/2021\/09\/grandhotel-08-272x182.jpg 272w, https:\/\/dorogimedence.hu\/wp-content\/uploads\/2021\/09\/grandhotel-08.jpg 1200w\" sizes=\"(max-width: 755px) 100vw, 755px\" \/> <img loading=\"lazy\" decoding=\"async\" class=\"alignnone size-large wp-image-36958\" src=\"https:\/\/dorogimedence.hu\/wp-content\/uploads\/2021\/09\/grandhotel-09-1024x683.jpg\" alt=\"\" width=\"755\" height=\"504\" srcset=\"https:\/\/dorogimedence.hu\/wp-content\/uploads\/2021\/09\/grandhotel-09-1024x683.jpg 1024w, https:\/\/dorogimedence.hu\/wp-content\/uploads\/2021\/09\/grandhotel-09-300x200.jpg 300w, https:\/\/dorogimedence.hu\/wp-content\/uploads\/2021\/09\/grandhotel-09-768x512.jpg 768w, https:\/\/dorogimedence.hu\/wp-content\/uploads\/2021\/09\/grandhotel-09-150x100.jpg 150w, https:\/\/dorogimedence.hu\/wp-content\/uploads\/2021\/09\/grandhotel-09-450x300.jpg 450w, https:\/\/dorogimedence.hu\/wp-content\/uploads\/2021\/09\/grandhotel-09-272x182.jpg 272w, https:\/\/dorogimedence.hu\/wp-content\/uploads\/2021\/09\/grandhotel-09.jpg 1200w\" sizes=\"(max-width: 755px) 100vw, 755px\" \/><img loading=\"lazy\" decoding=\"async\" class=\"alignnone size-large wp-image-36959\" src=\"https:\/\/dorogimedence.hu\/wp-content\/uploads\/2021\/09\/grandhotel-10-1024x683.jpg\" alt=\"\" width=\"755\" height=\"504\" srcset=\"https:\/\/dorogimedence.hu\/wp-content\/uploads\/2021\/09\/grandhotel-10-1024x683.jpg 1024w, https:\/\/dorogimedence.hu\/wp-content\/uploads\/2021\/09\/grandhotel-10-300x200.jpg 300w, https:\/\/dorogimedence.hu\/wp-content\/uploads\/2021\/09\/grandhotel-10-768x512.jpg 768w, https:\/\/dorogimedence.hu\/wp-content\/uploads\/2021\/09\/grandhotel-10-150x100.jpg 150w, https:\/\/dorogimedence.hu\/wp-content\/uploads\/2021\/09\/grandhotel-10-450x300.jpg 450w, https:\/\/dorogimedence.hu\/wp-content\/uploads\/2021\/09\/grandhotel-10-272x182.jpg 272w, https:\/\/dorogimedence.hu\/wp-content\/uploads\/2021\/09\/grandhotel-10.jpg 1200w\" sizes=\"(max-width: 755px) 100vw, 755px\" \/><\/p>\n<p><em>Forr\u00e1s: MTI \/ dorogimedence.hu<\/em><\/p>\n","protected":false},"excerpt":{"rendered":"<p>A Grand Hotel Esztergom elk\u00e9sz\u00fcl\u00e9s\u00e9vel \u00e9s a szemk\u00f6zti Hotel Portobello fel\u00faj\u00edt\u00e1s\u00e1val 12 milli\u00e1rd forintos sz\u00e1llodafejleszt\u00e9s val\u00f3sult meg, amely 150 \u00faj munkahelyet teremtett \u2013 mondta a l\u00e9tes\u00edtm\u00e9ny befektet\u0151je, Hern\u00e1di Zsolt a Grand Hotel Esztergom bemutatkoz\u00f3 sajt\u00f3esem\u00e9ny\u00e9n szeptember 20-\u00e1n, h\u00e9tf\u0151n. A Mol Nyrt. eln\u00f6k-vez\u00e9rigazgat\u00f3ja hozz\u00e1tette: a Grand Hotel l\u00e9trehoz\u00e1sa 9,2 milli\u00e1rd forintba ker\u00fclt, ehhez 3,2 milli\u00e1rd forint<\/p>\n","protected":false},"author":1,"featured_media":36950,"comment_status":"closed","ping_status":"closed","sticky":false,"template":"","format":"standard","meta":{"ngg_post_thumbnail":0,"footnotes":""},"categories":[38,3],"tags":[42,5624,5971,1271],"class_list":{"0":"post-36949","1":"post","2":"type-post","3":"status-publish","4":"format-standard","5":"has-post-thumbnail","7":"category-esztergom","8":"category-hirek","9":"tag-esztergom","10":"tag-featured","11":"tag-grand-hotel-esztergom","12":"tag-szalloda"},"yoast_head":"<!-- This site is optimized with the Yoast SEO plugin v27.4 - https:\/\/yoast.com\/product\/yoast-seo-wordpress\/ -->\n<title>149 szob\u00e1val v\u00e1rj\u00e1k a vend\u00e9geket a Grand Hotel Esztergomban<\/title>\n<meta name=\"robots\" content=\"index, follow, max-snippet:-1, max-image-preview:large, max-video-preview:-1\" \/>\n<link rel=\"canonical\" href=\"https:\/\/dorogimedence.hu\/index.php\/2021\/09\/20\/149-szobaval-varjak-a-vendegeket-a-grand-hotel-esztergomban\/\" class=\"yoast-seo-meta-tag\" \/>\n<meta property=\"og:locale\" content=\"hu_HU\" class=\"yoast-seo-meta-tag\" \/>\n<meta property=\"og:type\" content=\"article\" class=\"yoast-seo-meta-tag\" \/>\n<meta property=\"og:title\" content=\"149 szob\u00e1val v\u00e1rj\u00e1k a vend\u00e9geket a Grand Hotel Esztergomban\" class=\"yoast-seo-meta-tag\" \/>\n<meta property=\"og:description\" content=\"A Grand Hotel Esztergom elk\u00e9sz\u00fcl\u00e9s\u00e9vel \u00e9s a szemk\u00f6zti Hotel Portobello fel\u00faj\u00edt\u00e1s\u00e1val 12 milli\u00e1rd forintos sz\u00e1llodafejleszt\u00e9s val\u00f3sult meg, amely 150 \u00faj munkahelyet teremtett \u2013 mondta a l\u00e9tes\u00edtm\u00e9ny befektet\u0151je, Hern\u00e1di Zsolt a Grand Hotel Esztergom bemutatkoz\u00f3 sajt\u00f3esem\u00e9ny\u00e9n szeptember 20-\u00e1n, h\u00e9tf\u0151n. A Mol Nyrt. eln\u00f6k-vez\u00e9rigazgat\u00f3ja hozz\u00e1tette: a Grand Hotel l\u00e9trehoz\u00e1sa 9,2 milli\u00e1rd forintba ker\u00fclt, ehhez 3,2 milli\u00e1rd forint\" class=\"yoast-seo-meta-tag\" \/>\n<meta property=\"og:url\" content=\"https:\/\/dorogimedence.hu\/index.php\/2021\/09\/20\/149-szobaval-varjak-a-vendegeket-a-grand-hotel-esztergomban\/\" class=\"yoast-seo-meta-tag\" \/>\n<meta property=\"og:site_name\" content=\"Dorogi-medence Region\u00e1lis H\u00edrport\u00e1l\" class=\"yoast-seo-meta-tag\" \/>\n<meta property=\"article:publisher\" content=\"https:\/\/www.facebook.com\/dorogimedence\/\" class=\"yoast-seo-meta-tag\" \/>\n<meta property=\"article:published_time\" content=\"2021-09-20T13:45:26+00:00\" class=\"yoast-seo-meta-tag\" \/>\n<meta property=\"article:modified_time\" content=\"2021-09-20T13:45:31+00:00\" class=\"yoast-seo-meta-tag\" \/>\n<meta property=\"og:image\" content=\"https:\/\/i0.wp.com\/dorogimedence.hu\/wp-content\/uploads\/2021\/09\/grandhotel-01.jpg?fit=1920%2C1201&ssl=1\" class=\"yoast-seo-meta-tag\" \/>\n\t<meta property=\"og:image:width\" content=\"1920\" class=\"yoast-seo-meta-tag\" \/>\n\t<meta property=\"og:image:height\" content=\"1201\" class=\"yoast-seo-meta-tag\" \/>\n\t<meta property=\"og:image:type\" content=\"image\/jpeg\" class=\"yoast-seo-meta-tag\" \/>\n<meta name=\"author\" content=\"dorogimedence.hu\" class=\"yoast-seo-meta-tag\" \/>\n<meta name=\"twitter:card\" content=\"summary_large_image\" class=\"yoast-seo-meta-tag\" \/>\n<meta name=\"twitter:label1\" content=\"Szerz\u0151:\" class=\"yoast-seo-meta-tag\" \/>\n\t<meta name=\"twitter:data1\" content=\"dorogimedence.hu\" class=\"yoast-seo-meta-tag\" \/>\n\t<meta name=\"twitter:label2\" content=\"Becs\u00fclt olvas\u00e1si id\u0151\" class=\"yoast-seo-meta-tag\" \/>\n\t<meta name=\"twitter:data2\" content=\"3 perc\" class=\"yoast-seo-meta-tag\" \/>\n<script type=\"application\/ld+json\" class=\"yoast-schema-graph\">{\"@context\":\"https:\\\/\\\/schema.org\",\"@graph\":[{\"@type\":\"Article\",\"@id\":\"https:\\\/\\\/dorogimedence.hu\\\/index.php\\\/2021\\\/09\\\/20\\\/149-szobaval-varjak-a-vendegeket-a-grand-hotel-esztergomban\\\/#article\",\"isPartOf\":{\"@id\":\"https:\\\/\\\/dorogimedence.hu\\\/index.php\\\/2021\\\/09\\\/20\\\/149-szobaval-varjak-a-vendegeket-a-grand-hotel-esztergomban\\\/\"},\"author\":{\"name\":\"dorogimedence.hu\",\"@id\":\"https:\\\/\\\/dorogimedence.hu\\\/#\\\/schema\\\/person\\\/ce6091eeb7e95ecdc87890d6aa8e0fd4\"},\"headline\":\"149 szob\u00e1val v\u00e1rj\u00e1k a vend\u00e9geket a Grand Hotel Esztergomban\",\"datePublished\":\"2021-09-20T13:45:26+00:00\",\"dateModified\":\"2021-09-20T13:45:31+00:00\",\"mainEntityOfPage\":{\"@id\":\"https:\\\/\\\/dorogimedence.hu\\\/index.php\\\/2021\\\/09\\\/20\\\/149-szobaval-varjak-a-vendegeket-a-grand-hotel-esztergomban\\\/\"},\"wordCount\":599,\"publisher\":{\"@id\":\"https:\\\/\\\/dorogimedence.hu\\\/#organization\"},\"image\":{\"@id\":\"https:\\\/\\\/dorogimedence.hu\\\/index.php\\\/2021\\\/09\\\/20\\\/149-szobaval-varjak-a-vendegeket-a-grand-hotel-esztergomban\\\/#primaryimage\"},\"thumbnailUrl\":\"https:\\\/\\\/dorogimedence.hu\\\/wp-content\\\/uploads\\\/2021\\\/09\\\/grandhotel-01.jpg\",\"keywords\":[\"esztergom\",\"featured\",\"Grand Hotel Esztergom\",\"sz\u00e1lloda\"],\"articleSection\":[\"Esztergom\",\"H\u00edrek\"],\"inLanguage\":\"hu\"},{\"@type\":\"WebPage\",\"@id\":\"https:\\\/\\\/dorogimedence.hu\\\/index.php\\\/2021\\\/09\\\/20\\\/149-szobaval-varjak-a-vendegeket-a-grand-hotel-esztergomban\\\/\",\"url\":\"https:\\\/\\\/dorogimedence.hu\\\/index.php\\\/2021\\\/09\\\/20\\\/149-szobaval-varjak-a-vendegeket-a-grand-hotel-esztergomban\\\/\",\"name\":\"149 szob\u00e1val v\u00e1rj\u00e1k a vend\u00e9geket a Grand Hotel Esztergomban\",\"isPartOf\":{\"@id\":\"https:\\\/\\\/dorogimedence.hu\\\/#website\"},\"primaryImageOfPage\":{\"@id\":\"https:\\\/\\\/dorogimedence.hu\\\/index.php\\\/2021\\\/09\\\/20\\\/149-szobaval-varjak-a-vendegeket-a-grand-hotel-esztergomban\\\/#primaryimage\"},\"image\":{\"@id\":\"https:\\\/\\\/dorogimedence.hu\\\/index.php\\\/2021\\\/09\\\/20\\\/149-szobaval-varjak-a-vendegeket-a-grand-hotel-esztergomban\\\/#primaryimage\"},\"thumbnailUrl\":\"https:\\\/\\\/dorogimedence.hu\\\/wp-content\\\/uploads\\\/2021\\\/09\\\/grandhotel-01.jpg\",\"datePublished\":\"2021-09-20T13:45:26+00:00\",\"dateModified\":\"2021-09-20T13:45:31+00:00\",\"breadcrumb\":{\"@id\":\"https:\\\/\\\/dorogimedence.hu\\\/index.php\\\/2021\\\/09\\\/20\\\/149-szobaval-varjak-a-vendegeket-a-grand-hotel-esztergomban\\\/#breadcrumb\"},\"inLanguage\":\"hu\",\"potentialAction\":[{\"@type\":\"ReadAction\",\"target\":[\"https:\\\/\\\/dorogimedence.hu\\\/index.php\\\/2021\\\/09\\\/20\\\/149-szobaval-varjak-a-vendegeket-a-grand-hotel-esztergomban\\\/\"]}]},{\"@type\":\"ImageObject\",\"inLanguage\":\"hu\",\"@id\":\"https:\\\/\\\/dorogimedence.hu\\\/index.php\\\/2021\\\/09\\\/20\\\/149-szobaval-varjak-a-vendegeket-a-grand-hotel-esztergomban\\\/#primaryimage\",\"url\":\"https:\\\/\\\/dorogimedence.hu\\\/wp-content\\\/uploads\\\/2021\\\/09\\\/grandhotel-01.jpg\",\"contentUrl\":\"https:\\\/\\\/dorogimedence.hu\\\/wp-content\\\/uploads\\\/2021\\\/09\\\/grandhotel-01.jpg\",\"width\":1920,\"height\":1201},{\"@type\":\"BreadcrumbList\",\"@id\":\"https:\\\/\\\/dorogimedence.hu\\\/index.php\\\/2021\\\/09\\\/20\\\/149-szobaval-varjak-a-vendegeket-a-grand-hotel-esztergomban\\\/#breadcrumb\",\"itemListElement\":[{\"@type\":\"ListItem\",\"position\":1,\"name\":\"Kezd\u0151lap\",\"item\":\"https:\\\/\\\/dorogimedence.hu\\\/\"},{\"@type\":\"ListItem\",\"position\":2,\"name\":\"149 szob\u00e1val v\u00e1rj\u00e1k a vend\u00e9geket a Grand Hotel Esztergomban\"}]},{\"@type\":\"WebSite\",\"@id\":\"https:\\\/\\\/dorogimedence.hu\\\/#website\",\"url\":\"https:\\\/\\\/dorogimedence.hu\\\/\",\"name\":\"Dorogi-medence Region\u00e1lis H\u00edrport\u00e1l\",\"description\":\"Dorog, Keszt\u00f6lc, Le\u00e1nyv\u00e1r, Piliscs\u00e9v, Tokod, Tokodalt\u00e1r\u00f3, Csolnok, Esztergom-kertv\u00e1ros: h\u00edrek, programok\",\"publisher\":{\"@id\":\"https:\\\/\\\/dorogimedence.hu\\\/#organization\"},\"potentialAction\":[{\"@type\":\"SearchAction\",\"target\":{\"@type\":\"EntryPoint\",\"urlTemplate\":\"https:\\\/\\\/dorogimedence.hu\\\/?s={search_term_string}\"},\"query-input\":{\"@type\":\"PropertyValueSpecification\",\"valueRequired\":true,\"valueName\":\"search_term_string\"}}],\"inLanguage\":\"hu\"},{\"@type\":\"Organization\",\"@id\":\"https:\\\/\\\/dorogimedence.hu\\\/#organization\",\"name\":\"Dorogi-medence Region\u00e1lis H\u00edrport\u00e1l\",\"url\":\"https:\\\/\\\/dorogimedence.hu\\\/\",\"logo\":{\"@type\":\"ImageObject\",\"inLanguage\":\"hu\",\"@id\":\"https:\\\/\\\/dorogimedence.hu\\\/#\\\/schema\\\/logo\\\/image\\\/\",\"url\":\"https:\\\/\\\/dorogimedence.hu\\\/wp-content\\\/uploads\\\/2021\\\/04\\\/logo-feher-600.png\",\"contentUrl\":\"https:\\\/\\\/dorogimedence.hu\\\/wp-content\\\/uploads\\\/2021\\\/04\\\/logo-feher-600.png\",\"width\":600,\"height\":100,\"caption\":\"Dorogi-medence Region\u00e1lis H\u00edrport\u00e1l\"},\"image\":{\"@id\":\"https:\\\/\\\/dorogimedence.hu\\\/#\\\/schema\\\/logo\\\/image\\\/\"},\"sameAs\":[\"https:\\\/\\\/www.facebook.com\\\/dorogimedence\\\/\"]},{\"@type\":\"Person\",\"@id\":\"https:\\\/\\\/dorogimedence.hu\\\/#\\\/schema\\\/person\\\/ce6091eeb7e95ecdc87890d6aa8e0fd4\",\"name\":\"dorogimedence.hu\",\"image\":{\"@type\":\"ImageObject\",\"inLanguage\":\"hu\",\"@id\":\"\\\/\\\/www.gravatar.com\\\/avatar\\\/d8d45f8901aadff40a4af72c0b826f1d?s=96&#038;r=g&#038;d=mm\",\"url\":\"\\\/\\\/www.gravatar.com\\\/avatar\\\/d8d45f8901aadff40a4af72c0b826f1d?s=96&#038;r=g&#038;d=mm\",\"contentUrl\":\"\\\/\\\/www.gravatar.com\\\/avatar\\\/d8d45f8901aadff40a4af72c0b826f1d?s=96&#038;r=g&#038;d=mm\",\"caption\":\"dorogimedence.hu\"}}]}<\/script>\n<!-- \/ Yoast SEO plugin. -->","yoast_head_json":{"title":"149 szob\u00e1val v\u00e1rj\u00e1k a vend\u00e9geket a Grand Hotel Esztergomban","robots":{"index":"index","follow":"follow","max-snippet":"max-snippet:-1","max-image-preview":"max-image-preview:large","max-video-preview":"max-video-preview:-1"},"canonical":"https:\/\/dorogimedence.hu\/index.php\/2021\/09\/20\/149-szobaval-varjak-a-vendegeket-a-grand-hotel-esztergomban\/","og_locale":"hu_HU","og_type":"article","og_title":"149 szob\u00e1val v\u00e1rj\u00e1k a vend\u00e9geket a Grand Hotel Esztergomban","og_description":"A Grand Hotel Esztergom elk\u00e9sz\u00fcl\u00e9s\u00e9vel \u00e9s a szemk\u00f6zti Hotel Portobello fel\u00faj\u00edt\u00e1s\u00e1val 12 milli\u00e1rd forintos sz\u00e1llodafejleszt\u00e9s val\u00f3sult meg, amely 150 \u00faj munkahelyet teremtett \u2013 mondta a l\u00e9tes\u00edtm\u00e9ny befektet\u0151je, Hern\u00e1di Zsolt a Grand Hotel Esztergom bemutatkoz\u00f3 sajt\u00f3esem\u00e9ny\u00e9n szeptember 20-\u00e1n, h\u00e9tf\u0151n. A Mol Nyrt. eln\u00f6k-vez\u00e9rigazgat\u00f3ja hozz\u00e1tette: a Grand Hotel l\u00e9trehoz\u00e1sa 9,2 milli\u00e1rd forintba ker\u00fclt, ehhez 3,2 milli\u00e1rd forint","og_url":"https:\/\/dorogimedence.hu\/index.php\/2021\/09\/20\/149-szobaval-varjak-a-vendegeket-a-grand-hotel-esztergomban\/","og_site_name":"Dorogi-medence Region\u00e1lis H\u00edrport\u00e1l","article_publisher":"https:\/\/www.facebook.com\/dorogimedence\/","article_published_time":"2021-09-20T13:45:26+00:00","article_modified_time":"2021-09-20T13:45:31+00:00","og_image":[{"width":1920,"height":1201,"url":"https:\/\/i0.wp.com\/dorogimedence.hu\/wp-content\/uploads\/2021\/09\/grandhotel-01.jpg?fit=1920%2C1201&ssl=1","type":"image\/jpeg"}],"author":"dorogimedence.hu","twitter_card":"summary_large_image","twitter_misc":{"Szerz\u0151:":"dorogimedence.hu","Becs\u00fclt olvas\u00e1si id\u0151":"3 perc"},"schema":{"@context":"https:\/\/schema.org","@graph":[{"@type":"Article","@id":"https:\/\/dorogimedence.hu\/index.php\/2021\/09\/20\/149-szobaval-varjak-a-vendegeket-a-grand-hotel-esztergomban\/#article","isPartOf":{"@id":"https:\/\/dorogimedence.hu\/index.php\/2021\/09\/20\/149-szobaval-varjak-a-vendegeket-a-grand-hotel-esztergomban\/"},"author":{"name":"dorogimedence.hu","@id":"https:\/\/dorogimedence.hu\/#\/schema\/person\/ce6091eeb7e95ecdc87890d6aa8e0fd4"},"headline":"149 szob\u00e1val v\u00e1rj\u00e1k a vend\u00e9geket a Grand Hotel Esztergomban","datePublished":"2021-09-20T13:45:26+00:00","dateModified":"2021-09-20T13:45:31+00:00","mainEntityOfPage":{"@id":"https:\/\/dorogimedence.hu\/index.php\/2021\/09\/20\/149-szobaval-varjak-a-vendegeket-a-grand-hotel-esztergomban\/"},"wordCount":599,"publisher":{"@id":"https:\/\/dorogimedence.hu\/#organization"},"image":{"@id":"https:\/\/dorogimedence.hu\/index.php\/2021\/09\/20\/149-szobaval-varjak-a-vendegeket-a-grand-hotel-esztergomban\/#primaryimage"},"thumbnailUrl":"https:\/\/dorogimedence.hu\/wp-content\/uploads\/2021\/09\/grandhotel-01.jpg","keywords":["esztergom","featured","Grand Hotel Esztergom","sz\u00e1lloda"],"articleSection":["Esztergom","H\u00edrek"],"inLanguage":"hu"},{"@type":"WebPage","@id":"https:\/\/dorogimedence.hu\/index.php\/2021\/09\/20\/149-szobaval-varjak-a-vendegeket-a-grand-hotel-esztergomban\/","url":"https:\/\/dorogimedence.hu\/index.php\/2021\/09\/20\/149-szobaval-varjak-a-vendegeket-a-grand-hotel-esztergomban\/","name":"149 szob\u00e1val v\u00e1rj\u00e1k a vend\u00e9geket a Grand Hotel Esztergomban","isPartOf":{"@id":"https:\/\/dorogimedence.hu\/#website"},"primaryImageOfPage":{"@id":"https:\/\/dorogimedence.hu\/index.php\/2021\/09\/20\/149-szobaval-varjak-a-vendegeket-a-grand-hotel-esztergomban\/#primaryimage"},"image":{"@id":"https:\/\/dorogimedence.hu\/index.php\/2021\/09\/20\/149-szobaval-varjak-a-vendegeket-a-grand-hotel-esztergomban\/#primaryimage"},"thumbnailUrl":"https:\/\/dorogimedence.hu\/wp-content\/uploads\/2021\/09\/grandhotel-01.jpg","datePublished":"2021-09-20T13:45:26+00:00","dateModified":"2021-09-20T13:45:31+00:00","breadcrumb":{"@id":"https:\/\/dorogimedence.hu\/index.php\/2021\/09\/20\/149-szobaval-varjak-a-vendegeket-a-grand-hotel-esztergomban\/#breadcrumb"},"inLanguage":"hu","potentialAction":[{"@type":"ReadAction","target":["https:\/\/dorogimedence.hu\/index.php\/2021\/09\/20\/149-szobaval-varjak-a-vendegeket-a-grand-hotel-esztergomban\/"]}]},{"@type":"ImageObject","inLanguage":"hu","@id":"https:\/\/dorogimedence.hu\/index.php\/2021\/09\/20\/149-szobaval-varjak-a-vendegeket-a-grand-hotel-esztergomban\/#primaryimage","url":"https:\/\/dorogimedence.hu\/wp-content\/uploads\/2021\/09\/grandhotel-01.jpg","contentUrl":"https:\/\/dorogimedence.hu\/wp-content\/uploads\/2021\/09\/grandhotel-01.jpg","width":1920,"height":1201},{"@type":"BreadcrumbList","@id":"https:\/\/dorogimedence.hu\/index.php\/2021\/09\/20\/149-szobaval-varjak-a-vendegeket-a-grand-hotel-esztergomban\/#breadcrumb","itemListElement":[{"@type":"ListItem","position":1,"name":"Kezd\u0151lap","item":"https:\/\/dorogimedence.hu\/"},{"@type":"ListItem","position":2,"name":"149 szob\u00e1val v\u00e1rj\u00e1k a vend\u00e9geket a Grand Hotel Esztergomban"}]},{"@type":"WebSite","@id":"https:\/\/dorogimedence.hu\/#website","url":"https:\/\/dorogimedence.hu\/","name":"Dorogi-medence Region\u00e1lis H\u00edrport\u00e1l","description":"Dorog, Keszt\u00f6lc, Le\u00e1nyv\u00e1r, Piliscs\u00e9v, Tokod, Tokodalt\u00e1r\u00f3, Csolnok, Esztergom-kertv\u00e1ros: h\u00edrek, programok","publisher":{"@id":"https:\/\/dorogimedence.hu\/#organization"},"potentialAction":[{"@type":"SearchAction","target":{"@type":"EntryPoint","urlTemplate":"https:\/\/dorogimedence.hu\/?s={search_term_string}"},"query-input":{"@type":"PropertyValueSpecification","valueRequired":true,"valueName":"search_term_string"}}],"inLanguage":"hu"},{"@type":"Organization","@id":"https:\/\/dorogimedence.hu\/#organization","name":"Dorogi-medence Region\u00e1lis H\u00edrport\u00e1l","url":"https:\/\/dorogimedence.hu\/","logo":{"@type":"ImageObject","inLanguage":"hu","@id":"https:\/\/dorogimedence.hu\/#\/schema\/logo\/image\/","url":"https:\/\/dorogimedence.hu\/wp-content\/uploads\/2021\/04\/logo-feher-600.png","contentUrl":"https:\/\/dorogimedence.hu\/wp-content\/uploads\/2021\/04\/logo-feher-600.png","width":600,"height":100,"caption":"Dorogi-medence Region\u00e1lis H\u00edrport\u00e1l"},"image":{"@id":"https:\/\/dorogimedence.hu\/#\/schema\/logo\/image\/"},"sameAs":["https:\/\/www.facebook.com\/dorogimedence\/"]},{"@type":"Person","@id":"https:\/\/dorogimedence.hu\/#\/schema\/person\/ce6091eeb7e95ecdc87890d6aa8e0fd4","name":"dorogimedence.hu","image":{"@type":"ImageObject","inLanguage":"hu","@id":"\/\/www.gravatar.com\/avatar\/d8d45f8901aadff40a4af72c0b826f1d?s=96&#038;r=g&#038;d=mm","url":"\/\/www.gravatar.com\/avatar\/d8d45f8901aadff40a4af72c0b826f1d?s=96&#038;r=g&#038;d=mm","contentUrl":"\/\/www.gravatar.com\/avatar\/d8d45f8901aadff40a4af72c0b826f1d?s=96&#038;r=g&#038;d=mm","caption":"dorogimedence.hu"}}]}},"_links":{"self":[{"href":"https:\/\/dorogimedence.hu\/index.php\/wp-json\/wp\/v2\/posts\/36949","targetHints":{"allow":["GET"]}}],"collection":[{"href":"https:\/\/dorogimedence.hu\/index.php\/wp-json\/wp\/v2\/posts"}],"about":[{"href":"https:\/\/dorogimedence.hu\/index.php\/wp-json\/wp\/v2\/types\/post"}],"author":[{"embeddable":true,"href":"https:\/\/dorogimedence.hu\/index.php\/wp-json\/wp\/v2\/users\/1"}],"replies":[{"embeddable":true,"href":"https:\/\/dorogimedence.hu\/index.php\/wp-json\/wp\/v2\/comments?post=36949"}],"version-history":[{"count":0,"href":"https:\/\/dorogimedence.hu\/index.php\/wp-json\/wp\/v2\/posts\/36949\/revisions"}],"wp:featuredmedia":[{"embeddable":true,"href":"https:\/\/dorogimedence.hu\/index.php\/wp-json\/wp\/v2\/media\/36950"}],"wp:attachment":[{"href":"https:\/\/dorogimedence.hu\/index.php\/wp-json\/wp\/v2\/media?parent=36949"}],"wp:term":[{"taxonomy":"category","embeddable":true,"href":"https:\/\/dorogimedence.hu\/index.php\/wp-json\/wp\/v2\/categories?post=36949"},{"taxonomy":"post_tag","embeddable":true,"href":"https:\/\/dorogimedence.hu\/index.php\/wp-json\/wp\/v2\/tags?post=36949"}],"curies":[{"name":"wp","href":"https:\/\/api.w.org\/{rel}","templated":true}]}}