{"id":36866,"date":"2021-09-17T10:48:34","date_gmt":"2021-09-17T08:48:34","guid":{"rendered":"https:\/\/dorogimedence.hu\/?p=36866"},"modified":"2021-09-17T10:48:43","modified_gmt":"2021-09-17T08:48:43","slug":"eliteltek-a-11-fos-bunszovetkezet-tagjait","status":"publish","type":"post","link":"https:\/\/dorogimedence.hu\/index.php\/2021\/09\/17\/eliteltek-a-11-fos-bunszovetkezet-tagjait\/","title":{"rendered":"El\u00edt\u00e9lt\u00e9k a 11 f\u0151s b\u0171nsz\u00f6vetkezet tagjait"},"content":{"rendered":"<p><strong>Az Esztergomi J\u00e1r\u00e1sb\u00edr\u00f3s\u00e1g a 2021. szeptember 16. napj\u00e1n tartott t\u00e1rgyal\u00e1son, k\u00e1b\u00edt\u00f3szer-kereskedelem b\u0171ntette miatt hozott \u00edt\u00e9letet egy 11 f\u0151s b\u0171nsz\u00f6vets\u00e9g v\u00e1dlottjaival szemben.<\/strong><\/p>\n<p>A v\u00e1dlottakat 2 \u00e9v 10 h\u00f3nap \u00e9s 5 \u00e9v 3 h\u00f3nap k\u00f6z\u00f6tti b\u00f6rt\u00f6nb\u00fcntet\u00e9sre, valamint 4-6 \u00e9v k\u00f6z\u00fcgyek gyakorl\u00e1s\u00e1t\u00f3l eltilt\u00e1sra \u00edt\u00e9lte a b\u00edr\u00f3s\u00e1g. Egyik v\u00e1dlott eset\u00e9ben a b\u00f3dult \u00e1llapotban elk\u00f6vetett j\u00e1rm\u0171vezet\u00e9s v\u00e9ts\u00e9ge is megval\u00f3sult, vele szemben halmazati b\u00fcntet\u00e9sk\u00e9nt 4 \u00e9v 8 h\u00f3nap b\u00f6rt\u00f6nb\u00fcntet\u00e9s, 5 \u00e9v k\u00f6z\u00fcgyek gyakorl\u00e1s\u00e1t\u00f3l eltilt\u00e1s, valamint 1 \u00e9v 6 h\u00f3nap k\u00f6z\u00fati j\u00e1rm\u0171vezet\u00e9st\u0151l eltilt\u00e1s ker\u00fclt kiszab\u00e1sra. Az \u00edt\u00e9let nem joger\u0151s.<\/p>\n<p>A meg\u00e1llap\u00edtott t\u00e9ny\u00e1ll\u00e1s szerint az egy\u00e9ni v\u00e1llalkoz\u00f3k\u00e9nt dolgoz\u00f3 dorogi f\u00e9rfi munkaviszonyban alkalmazott egy f\u00e9rfit, akivel 2018. tavasz\u00e1n meg\u00e1llapodott abban, hogy az amfetamin beszerz\u00e9s\u00e9t finansz\u00edrozza, az alkalmazott a k\u00e1b\u00edt\u00f3szert megv\u00e1s\u00e1rolja, majd \u00e9rt\u00e9kes\u00edti, a hasznon pedig osztoznak. Az alkalmazott f\u00e9rfi az \u00edgy beszerzett k\u00e1b\u00edt\u00f3szert tov\u00e1bbi kilenc fogyaszt\u00f3nak \u00e9rt\u00e9kes\u00edtette. Az egy\u00e9ni v\u00e1llalkoz\u00f3 f\u00e9rfi 2018. \u00e1prilis\u00e1t\u00f3l 2019. m\u00e1rcius\u00e1ig k\u00e1b\u00edt\u00f3szer \u00e9rt\u00e9kes\u00edt\u00e9s\u00e9b\u0151l 1.100.000 forintra tett szert. Az \u00edgy \u00e9rt\u00e9kes\u00edtett k\u00e1b\u00edt\u00f3szer a csek\u00e9ly mennyis\u00e9g fels\u0151 hat\u00e1r\u00e1nak 1200 %-a, a jelent\u0151s mennyis\u00e9g als\u00f3 hat\u00e1r\u00e1nak 60 %-a.<\/p>\n<p>Az \u00e9rt\u00e9kes\u00edt\u00e9sbe tov\u00e1bbi szem\u00e9lyek is bekapcsol\u00f3dtak, ketten g\u00e9pkocsival sz\u00e1ll\u00edtott\u00e1k a k\u00e1b\u00edt\u00f3szert a megadott helysz\u00ednekre, az egyik f\u00e9rfi a kisz\u00e1ll\u00edtott k\u00e1b\u00edt\u00f3szer \u00e1r\u00e1n fel\u00fcl 500 forintot sz\u00e1molt fel az \u00e9rt\u00e9kes\u00edt\u00e9s sor\u00e1n, a m\u00e1sik sof\u0151r az \u00e9rt\u00e9kes\u00edtett k\u00e1b\u00edt\u00f3szer v\u00e9tel\u00e1r\u00e1b\u00f3l kapott d\u00edjaz\u00e1st megb\u00edz\u00f3j\u00e1t\u00f3l.<\/p>\n<p>A k\u00e9t f\u00e9rfi 2019. febru\u00e1rj\u00e1t\u00f3l k\u00f6z\u00f6sen, azonos forr\u00e1sb\u00f3l szerzett be nagyobb mennyis\u00e9g\u0171, alacsonyabb \u00e1r\u00fa k\u00e1b\u00edt\u00f3szert, majd azt vev\u0151k\u00f6r\u00fck sz\u00e1m\u00e1ra eladt\u00e1k, a fogyaszt\u00f3kat egym\u00e1shoz ir\u00e1ny\u00edtott\u00e1k.<\/p>\n<p>Az egyik f\u00e9rfi \u00e9lett\u00e1rsa is t\u00f6bb alkalommal jelen volt a k\u00e1b\u00edt\u00f3szerek \u00e1tad\u00e1s\u00e1n\u00e1l, a telefonh\u00edv\u00e1sokat fogadta, a megrendel\u00e9seket k\u00f6zvet\u00edtette, valamint adminisztr\u00e1lta a folyamatot.<\/p>\n<p><em>Forr\u00e1s: Tatab\u00e1nyai T\u00f6rv\u00e9nysz\u00e9k<\/em><\/p>\n","protected":false},"excerpt":{"rendered":"<p>Az Esztergomi J\u00e1r\u00e1sb\u00edr\u00f3s\u00e1g a 2021. szeptember 16. napj\u00e1n tartott t\u00e1rgyal\u00e1son, k\u00e1b\u00edt\u00f3szer-kereskedelem b\u0171ntette miatt hozott \u00edt\u00e9letet egy 11 f\u0151s b\u0171nsz\u00f6vets\u00e9g v\u00e1dlottjaival szemben. A v\u00e1dlottakat 2 \u00e9v 10 h\u00f3nap \u00e9s 5 \u00e9v 3 h\u00f3nap k\u00f6z\u00f6tti b\u00f6rt\u00f6nb\u00fcntet\u00e9sre, valamint 4-6 \u00e9v k\u00f6z\u00fcgyek gyakorl\u00e1s\u00e1t\u00f3l eltilt\u00e1sra \u00edt\u00e9lte a b\u00edr\u00f3s\u00e1g. Egyik v\u00e1dlott eset\u00e9ben a b\u00f3dult \u00e1llapotban elk\u00f6vetett j\u00e1rm\u0171vezet\u00e9s v\u00e9ts\u00e9ge is megval\u00f3sult, vele<\/p>\n","protected":false},"author":1,"featured_media":0,"comment_status":"closed","ping_status":"closed","sticky":false,"template":"","format":"standard","meta":{"ngg_post_thumbnail":0,"footnotes":""},"categories":[2,38,3,39],"tags":[1042,63,1938,15,42,528,61,326],"class_list":{"0":"post-36866","1":"post","2":"type-post","3":"status-publish","4":"format-standard","6":"category-dorog","7":"category-esztergom","8":"category-hirek","9":"category-kek-hirek","10":"tag-birosag","11":"tag-buncselekmeny","12":"tag-diler","13":"tag-dorog","14":"tag-esztergom","15":"tag-kabitoszer","16":"tag-rendorsegi-hirek","17":"tag-ugyeszseg"},"yoast_head":"<!-- This site is optimized with the Yoast SEO plugin v27.4 - https:\/\/yoast.com\/product\/yoast-seo-wordpress\/ -->\n<title>El\u00edt\u00e9lt\u00e9k a 11 f\u0151s b\u0171nsz\u00f6vetkezet tagjait<\/title>\n<meta name=\"robots\" content=\"index, follow, max-snippet:-1, max-image-preview:large, max-video-preview:-1\" \/>\n<link rel=\"canonical\" href=\"https:\/\/dorogimedence.hu\/index.php\/2021\/09\/17\/eliteltek-a-11-fos-bunszovetkezet-tagjait\/\" class=\"yoast-seo-meta-tag\" \/>\n<meta property=\"og:locale\" content=\"hu_HU\" class=\"yoast-seo-meta-tag\" \/>\n<meta property=\"og:type\" content=\"article\" class=\"yoast-seo-meta-tag\" \/>\n<meta property=\"og:title\" content=\"El\u00edt\u00e9lt\u00e9k a 11 f\u0151s b\u0171nsz\u00f6vetkezet tagjait\" class=\"yoast-seo-meta-tag\" \/>\n<meta property=\"og:description\" content=\"Az Esztergomi J\u00e1r\u00e1sb\u00edr\u00f3s\u00e1g a 2021. szeptember 16. napj\u00e1n tartott t\u00e1rgyal\u00e1son, k\u00e1b\u00edt\u00f3szer-kereskedelem b\u0171ntette miatt hozott \u00edt\u00e9letet egy 11 f\u0151s b\u0171nsz\u00f6vets\u00e9g v\u00e1dlottjaival szemben. A v\u00e1dlottakat 2 \u00e9v 10 h\u00f3nap \u00e9s 5 \u00e9v 3 h\u00f3nap k\u00f6z\u00f6tti b\u00f6rt\u00f6nb\u00fcntet\u00e9sre, valamint 4-6 \u00e9v k\u00f6z\u00fcgyek gyakorl\u00e1s\u00e1t\u00f3l eltilt\u00e1sra \u00edt\u00e9lte a b\u00edr\u00f3s\u00e1g. Egyik v\u00e1dlott eset\u00e9ben a b\u00f3dult \u00e1llapotban elk\u00f6vetett j\u00e1rm\u0171vezet\u00e9s v\u00e9ts\u00e9ge is megval\u00f3sult, vele\" class=\"yoast-seo-meta-tag\" \/>\n<meta property=\"og:url\" content=\"https:\/\/dorogimedence.hu\/index.php\/2021\/09\/17\/eliteltek-a-11-fos-bunszovetkezet-tagjait\/\" class=\"yoast-seo-meta-tag\" \/>\n<meta property=\"og:site_name\" content=\"Dorogi-medence Region\u00e1lis H\u00edrport\u00e1l\" class=\"yoast-seo-meta-tag\" \/>\n<meta property=\"article:publisher\" content=\"https:\/\/www.facebook.com\/dorogimedence\/\" class=\"yoast-seo-meta-tag\" \/>\n<meta property=\"article:published_time\" content=\"2021-09-17T08:48:34+00:00\" class=\"yoast-seo-meta-tag\" \/>\n<meta property=\"article:modified_time\" content=\"2021-09-17T08:48:43+00:00\" class=\"yoast-seo-meta-tag\" \/>\n<meta property=\"og:image\" content=\"https:\/\/i0.wp.com\/dorogimedence.hu\/wp-content\/uploads\/2020\/11\/birosag-05.jpg?fit=830%2C450&ssl=1\" class=\"yoast-seo-meta-tag\" \/>\n\t<meta property=\"og:image:width\" content=\"830\" class=\"yoast-seo-meta-tag\" \/>\n\t<meta property=\"og:image:height\" content=\"450\" class=\"yoast-seo-meta-tag\" \/>\n\t<meta property=\"og:image:type\" content=\"image\/jpeg\" class=\"yoast-seo-meta-tag\" \/>\n<meta name=\"author\" content=\"dorogimedence.hu\" class=\"yoast-seo-meta-tag\" \/>\n<meta name=\"twitter:card\" content=\"summary_large_image\" class=\"yoast-seo-meta-tag\" \/>\n<meta name=\"twitter:label1\" content=\"Szerz\u0151:\" class=\"yoast-seo-meta-tag\" \/>\n\t<meta name=\"twitter:data1\" content=\"dorogimedence.hu\" class=\"yoast-seo-meta-tag\" \/>\n\t<meta name=\"twitter:label2\" content=\"Becs\u00fclt olvas\u00e1si id\u0151\" class=\"yoast-seo-meta-tag\" \/>\n\t<meta name=\"twitter:data2\" content=\"2 perc\" class=\"yoast-seo-meta-tag\" \/>\n<script type=\"application\/ld+json\" class=\"yoast-schema-graph\">{\"@context\":\"https:\\\/\\\/schema.org\",\"@graph\":[{\"@type\":\"Article\",\"@id\":\"https:\\\/\\\/dorogimedence.hu\\\/index.php\\\/2021\\\/09\\\/17\\\/eliteltek-a-11-fos-bunszovetkezet-tagjait\\\/#article\",\"isPartOf\":{\"@id\":\"https:\\\/\\\/dorogimedence.hu\\\/index.php\\\/2021\\\/09\\\/17\\\/eliteltek-a-11-fos-bunszovetkezet-tagjait\\\/\"},\"author\":{\"name\":\"dorogimedence.hu\",\"@id\":\"https:\\\/\\\/dorogimedence.hu\\\/#\\\/schema\\\/person\\\/ce6091eeb7e95ecdc87890d6aa8e0fd4\"},\"headline\":\"El\u00edt\u00e9lt\u00e9k a 11 f\u0151s b\u0171nsz\u00f6vetkezet tagjait\",\"datePublished\":\"2021-09-17T08:48:34+00:00\",\"dateModified\":\"2021-09-17T08:48:43+00:00\",\"mainEntityOfPage\":{\"@id\":\"https:\\\/\\\/dorogimedence.hu\\\/index.php\\\/2021\\\/09\\\/17\\\/eliteltek-a-11-fos-bunszovetkezet-tagjait\\\/\"},\"wordCount\":459,\"publisher\":{\"@id\":\"https:\\\/\\\/dorogimedence.hu\\\/#organization\"},\"keywords\":[\"b\u00edr\u00f3s\u00e1g\",\"b\u0171ncselekm\u00e9ny\",\"d\u00edler\",\"Dorog\",\"esztergom\",\"k\u00e1b\u00edt\u00f3szer\",\"rend\u0151rs\u00e9gi h\u00edrek\",\"\u00fcgy\u00e9szs\u00e9g\"],\"articleSection\":[\"Dorog\",\"Esztergom\",\"H\u00edrek\",\"K\u00e9k h\u00edrek\"],\"inLanguage\":\"hu\"},{\"@type\":\"WebPage\",\"@id\":\"https:\\\/\\\/dorogimedence.hu\\\/index.php\\\/2021\\\/09\\\/17\\\/eliteltek-a-11-fos-bunszovetkezet-tagjait\\\/\",\"url\":\"https:\\\/\\\/dorogimedence.hu\\\/index.php\\\/2021\\\/09\\\/17\\\/eliteltek-a-11-fos-bunszovetkezet-tagjait\\\/\",\"name\":\"El\u00edt\u00e9lt\u00e9k a 11 f\u0151s b\u0171nsz\u00f6vetkezet tagjait\",\"isPartOf\":{\"@id\":\"https:\\\/\\\/dorogimedence.hu\\\/#website\"},\"datePublished\":\"2021-09-17T08:48:34+00:00\",\"dateModified\":\"2021-09-17T08:48:43+00:00\",\"breadcrumb\":{\"@id\":\"https:\\\/\\\/dorogimedence.hu\\\/index.php\\\/2021\\\/09\\\/17\\\/eliteltek-a-11-fos-bunszovetkezet-tagjait\\\/#breadcrumb\"},\"inLanguage\":\"hu\",\"potentialAction\":[{\"@type\":\"ReadAction\",\"target\":[\"https:\\\/\\\/dorogimedence.hu\\\/index.php\\\/2021\\\/09\\\/17\\\/eliteltek-a-11-fos-bunszovetkezet-tagjait\\\/\"]}]},{\"@type\":\"BreadcrumbList\",\"@id\":\"https:\\\/\\\/dorogimedence.hu\\\/index.php\\\/2021\\\/09\\\/17\\\/eliteltek-a-11-fos-bunszovetkezet-tagjait\\\/#breadcrumb\",\"itemListElement\":[{\"@type\":\"ListItem\",\"position\":1,\"name\":\"Kezd\u0151lap\",\"item\":\"https:\\\/\\\/dorogimedence.hu\\\/\"},{\"@type\":\"ListItem\",\"position\":2,\"name\":\"El\u00edt\u00e9lt\u00e9k a 11 f\u0151s b\u0171nsz\u00f6vetkezet tagjait\"}]},{\"@type\":\"WebSite\",\"@id\":\"https:\\\/\\\/dorogimedence.hu\\\/#website\",\"url\":\"https:\\\/\\\/dorogimedence.hu\\\/\",\"name\":\"Dorogi-medence Region\u00e1lis H\u00edrport\u00e1l\",\"description\":\"Dorog, Keszt\u00f6lc, Le\u00e1nyv\u00e1r, Piliscs\u00e9v, Tokod, Tokodalt\u00e1r\u00f3, Csolnok, Esztergom-kertv\u00e1ros: h\u00edrek, programok\",\"publisher\":{\"@id\":\"https:\\\/\\\/dorogimedence.hu\\\/#organization\"},\"potentialAction\":[{\"@type\":\"SearchAction\",\"target\":{\"@type\":\"EntryPoint\",\"urlTemplate\":\"https:\\\/\\\/dorogimedence.hu\\\/?s={search_term_string}\"},\"query-input\":{\"@type\":\"PropertyValueSpecification\",\"valueRequired\":true,\"valueName\":\"search_term_string\"}}],\"inLanguage\":\"hu\"},{\"@type\":\"Organization\",\"@id\":\"https:\\\/\\\/dorogimedence.hu\\\/#organization\",\"name\":\"Dorogi-medence Region\u00e1lis H\u00edrport\u00e1l\",\"url\":\"https:\\\/\\\/dorogimedence.hu\\\/\",\"logo\":{\"@type\":\"ImageObject\",\"inLanguage\":\"hu\",\"@id\":\"https:\\\/\\\/dorogimedence.hu\\\/#\\\/schema\\\/logo\\\/image\\\/\",\"url\":\"https:\\\/\\\/dorogimedence.hu\\\/wp-content\\\/uploads\\\/2021\\\/04\\\/logo-feher-600.png\",\"contentUrl\":\"https:\\\/\\\/dorogimedence.hu\\\/wp-content\\\/uploads\\\/2021\\\/04\\\/logo-feher-600.png\",\"width\":600,\"height\":100,\"caption\":\"Dorogi-medence Region\u00e1lis H\u00edrport\u00e1l\"},\"image\":{\"@id\":\"https:\\\/\\\/dorogimedence.hu\\\/#\\\/schema\\\/logo\\\/image\\\/\"},\"sameAs\":[\"https:\\\/\\\/www.facebook.com\\\/dorogimedence\\\/\"]},{\"@type\":\"Person\",\"@id\":\"https:\\\/\\\/dorogimedence.hu\\\/#\\\/schema\\\/person\\\/ce6091eeb7e95ecdc87890d6aa8e0fd4\",\"name\":\"dorogimedence.hu\",\"image\":{\"@type\":\"ImageObject\",\"inLanguage\":\"hu\",\"@id\":\"\\\/\\\/www.gravatar.com\\\/avatar\\\/d8d45f8901aadff40a4af72c0b826f1d?s=96&#038;r=g&#038;d=mm\",\"url\":\"\\\/\\\/www.gravatar.com\\\/avatar\\\/d8d45f8901aadff40a4af72c0b826f1d?s=96&#038;r=g&#038;d=mm\",\"contentUrl\":\"\\\/\\\/www.gravatar.com\\\/avatar\\\/d8d45f8901aadff40a4af72c0b826f1d?s=96&#038;r=g&#038;d=mm\",\"caption\":\"dorogimedence.hu\"}}]}<\/script>\n<!-- \/ Yoast SEO plugin. -->","yoast_head_json":{"title":"El\u00edt\u00e9lt\u00e9k a 11 f\u0151s b\u0171nsz\u00f6vetkezet tagjait","robots":{"index":"index","follow":"follow","max-snippet":"max-snippet:-1","max-image-preview":"max-image-preview:large","max-video-preview":"max-video-preview:-1"},"canonical":"https:\/\/dorogimedence.hu\/index.php\/2021\/09\/17\/eliteltek-a-11-fos-bunszovetkezet-tagjait\/","og_locale":"hu_HU","og_type":"article","og_title":"El\u00edt\u00e9lt\u00e9k a 11 f\u0151s b\u0171nsz\u00f6vetkezet tagjait","og_description":"Az Esztergomi J\u00e1r\u00e1sb\u00edr\u00f3s\u00e1g a 2021. szeptember 16. napj\u00e1n tartott t\u00e1rgyal\u00e1son, k\u00e1b\u00edt\u00f3szer-kereskedelem b\u0171ntette miatt hozott \u00edt\u00e9letet egy 11 f\u0151s b\u0171nsz\u00f6vets\u00e9g v\u00e1dlottjaival szemben. A v\u00e1dlottakat 2 \u00e9v 10 h\u00f3nap \u00e9s 5 \u00e9v 3 h\u00f3nap k\u00f6z\u00f6tti b\u00f6rt\u00f6nb\u00fcntet\u00e9sre, valamint 4-6 \u00e9v k\u00f6z\u00fcgyek gyakorl\u00e1s\u00e1t\u00f3l eltilt\u00e1sra \u00edt\u00e9lte a b\u00edr\u00f3s\u00e1g. Egyik v\u00e1dlott eset\u00e9ben a b\u00f3dult \u00e1llapotban elk\u00f6vetett j\u00e1rm\u0171vezet\u00e9s v\u00e9ts\u00e9ge is megval\u00f3sult, vele","og_url":"https:\/\/dorogimedence.hu\/index.php\/2021\/09\/17\/eliteltek-a-11-fos-bunszovetkezet-tagjait\/","og_site_name":"Dorogi-medence Region\u00e1lis H\u00edrport\u00e1l","article_publisher":"https:\/\/www.facebook.com\/dorogimedence\/","article_published_time":"2021-09-17T08:48:34+00:00","article_modified_time":"2021-09-17T08:48:43+00:00","og_image":[{"width":830,"height":450,"url":"https:\/\/i0.wp.com\/dorogimedence.hu\/wp-content\/uploads\/2020\/11\/birosag-05.jpg?fit=830%2C450&ssl=1","type":"image\/jpeg"}],"author":"dorogimedence.hu","twitter_card":"summary_large_image","twitter_misc":{"Szerz\u0151:":"dorogimedence.hu","Becs\u00fclt olvas\u00e1si id\u0151":"2 perc"},"schema":{"@context":"https:\/\/schema.org","@graph":[{"@type":"Article","@id":"https:\/\/dorogimedence.hu\/index.php\/2021\/09\/17\/eliteltek-a-11-fos-bunszovetkezet-tagjait\/#article","isPartOf":{"@id":"https:\/\/dorogimedence.hu\/index.php\/2021\/09\/17\/eliteltek-a-11-fos-bunszovetkezet-tagjait\/"},"author":{"name":"dorogimedence.hu","@id":"https:\/\/dorogimedence.hu\/#\/schema\/person\/ce6091eeb7e95ecdc87890d6aa8e0fd4"},"headline":"El\u00edt\u00e9lt\u00e9k a 11 f\u0151s b\u0171nsz\u00f6vetkezet tagjait","datePublished":"2021-09-17T08:48:34+00:00","dateModified":"2021-09-17T08:48:43+00:00","mainEntityOfPage":{"@id":"https:\/\/dorogimedence.hu\/index.php\/2021\/09\/17\/eliteltek-a-11-fos-bunszovetkezet-tagjait\/"},"wordCount":459,"publisher":{"@id":"https:\/\/dorogimedence.hu\/#organization"},"keywords":["b\u00edr\u00f3s\u00e1g","b\u0171ncselekm\u00e9ny","d\u00edler","Dorog","esztergom","k\u00e1b\u00edt\u00f3szer","rend\u0151rs\u00e9gi h\u00edrek","\u00fcgy\u00e9szs\u00e9g"],"articleSection":["Dorog","Esztergom","H\u00edrek","K\u00e9k h\u00edrek"],"inLanguage":"hu"},{"@type":"WebPage","@id":"https:\/\/dorogimedence.hu\/index.php\/2021\/09\/17\/eliteltek-a-11-fos-bunszovetkezet-tagjait\/","url":"https:\/\/dorogimedence.hu\/index.php\/2021\/09\/17\/eliteltek-a-11-fos-bunszovetkezet-tagjait\/","name":"El\u00edt\u00e9lt\u00e9k a 11 f\u0151s b\u0171nsz\u00f6vetkezet tagjait","isPartOf":{"@id":"https:\/\/dorogimedence.hu\/#website"},"datePublished":"2021-09-17T08:48:34+00:00","dateModified":"2021-09-17T08:48:43+00:00","breadcrumb":{"@id":"https:\/\/dorogimedence.hu\/index.php\/2021\/09\/17\/eliteltek-a-11-fos-bunszovetkezet-tagjait\/#breadcrumb"},"inLanguage":"hu","potentialAction":[{"@type":"ReadAction","target":["https:\/\/dorogimedence.hu\/index.php\/2021\/09\/17\/eliteltek-a-11-fos-bunszovetkezet-tagjait\/"]}]},{"@type":"BreadcrumbList","@id":"https:\/\/dorogimedence.hu\/index.php\/2021\/09\/17\/eliteltek-a-11-fos-bunszovetkezet-tagjait\/#breadcrumb","itemListElement":[{"@type":"ListItem","position":1,"name":"Kezd\u0151lap","item":"https:\/\/dorogimedence.hu\/"},{"@type":"ListItem","position":2,"name":"El\u00edt\u00e9lt\u00e9k a 11 f\u0151s b\u0171nsz\u00f6vetkezet tagjait"}]},{"@type":"WebSite","@id":"https:\/\/dorogimedence.hu\/#website","url":"https:\/\/dorogimedence.hu\/","name":"Dorogi-medence Region\u00e1lis H\u00edrport\u00e1l","description":"Dorog, Keszt\u00f6lc, Le\u00e1nyv\u00e1r, Piliscs\u00e9v, Tokod, Tokodalt\u00e1r\u00f3, Csolnok, Esztergom-kertv\u00e1ros: h\u00edrek, programok","publisher":{"@id":"https:\/\/dorogimedence.hu\/#organization"},"potentialAction":[{"@type":"SearchAction","target":{"@type":"EntryPoint","urlTemplate":"https:\/\/dorogimedence.hu\/?s={search_term_string}"},"query-input":{"@type":"PropertyValueSpecification","valueRequired":true,"valueName":"search_term_string"}}],"inLanguage":"hu"},{"@type":"Organization","@id":"https:\/\/dorogimedence.hu\/#organization","name":"Dorogi-medence Region\u00e1lis H\u00edrport\u00e1l","url":"https:\/\/dorogimedence.hu\/","logo":{"@type":"ImageObject","inLanguage":"hu","@id":"https:\/\/dorogimedence.hu\/#\/schema\/logo\/image\/","url":"https:\/\/dorogimedence.hu\/wp-content\/uploads\/2021\/04\/logo-feher-600.png","contentUrl":"https:\/\/dorogimedence.hu\/wp-content\/uploads\/2021\/04\/logo-feher-600.png","width":600,"height":100,"caption":"Dorogi-medence Region\u00e1lis H\u00edrport\u00e1l"},"image":{"@id":"https:\/\/dorogimedence.hu\/#\/schema\/logo\/image\/"},"sameAs":["https:\/\/www.facebook.com\/dorogimedence\/"]},{"@type":"Person","@id":"https:\/\/dorogimedence.hu\/#\/schema\/person\/ce6091eeb7e95ecdc87890d6aa8e0fd4","name":"dorogimedence.hu","image":{"@type":"ImageObject","inLanguage":"hu","@id":"\/\/www.gravatar.com\/avatar\/d8d45f8901aadff40a4af72c0b826f1d?s=96&#038;r=g&#038;d=mm","url":"\/\/www.gravatar.com\/avatar\/d8d45f8901aadff40a4af72c0b826f1d?s=96&#038;r=g&#038;d=mm","contentUrl":"\/\/www.gravatar.com\/avatar\/d8d45f8901aadff40a4af72c0b826f1d?s=96&#038;r=g&#038;d=mm","caption":"dorogimedence.hu"}}]}},"_links":{"self":[{"href":"https:\/\/dorogimedence.hu\/index.php\/wp-json\/wp\/v2\/posts\/36866","targetHints":{"allow":["GET"]}}],"collection":[{"href":"https:\/\/dorogimedence.hu\/index.php\/wp-json\/wp\/v2\/posts"}],"about":[{"href":"https:\/\/dorogimedence.hu\/index.php\/wp-json\/wp\/v2\/types\/post"}],"author":[{"embeddable":true,"href":"https:\/\/dorogimedence.hu\/index.php\/wp-json\/wp\/v2\/users\/1"}],"replies":[{"embeddable":true,"href":"https:\/\/dorogimedence.hu\/index.php\/wp-json\/wp\/v2\/comments?post=36866"}],"version-history":[{"count":0,"href":"https:\/\/dorogimedence.hu\/index.php\/wp-json\/wp\/v2\/posts\/36866\/revisions"}],"wp:attachment":[{"href":"https:\/\/dorogimedence.hu\/index.php\/wp-json\/wp\/v2\/media?parent=36866"}],"wp:term":[{"taxonomy":"category","embeddable":true,"href":"https:\/\/dorogimedence.hu\/index.php\/wp-json\/wp\/v2\/categories?post=36866"},{"taxonomy":"post_tag","embeddable":true,"href":"https:\/\/dorogimedence.hu\/index.php\/wp-json\/wp\/v2\/tags?post=36866"}],"curies":[{"name":"wp","href":"https:\/\/api.w.org\/{rel}","templated":true}]}}