{"id":36855,"date":"2021-09-16T15:37:27","date_gmt":"2021-09-16T13:37:27","guid":{"rendered":"https:\/\/dorogimedence.hu\/?p=36855"},"modified":"2021-09-16T15:37:38","modified_gmt":"2021-09-16T13:37:38","slug":"kocsis-mate-a-gyermekvedelemrol-es-gazdasagi-helyzetrol-is-beszelgettunk","status":"publish","type":"post","link":"https:\/\/dorogimedence.hu\/index.php\/2021\/09\/16\/kocsis-mate-a-gyermekvedelemrol-es-gazdasagi-helyzetrol-is-beszelgettunk\/","title":{"rendered":"Kocsis M\u00e1t\u00e9: a gyermekv\u00e9delemr\u0151l \u00e9s gazdas\u00e1gi helyzetr\u0151l is besz\u00e9lgett\u00fcnk"},"content":{"rendered":"<p><strong>Az \u0151szi \u00fcl\u00e9sszak el\u0151tt kihelyezett frakci\u00f3\u00fcl\u00e9st tartott a Fidesz-KDNP Esztergomban. A szerd\u00e1n kezd\u0151d\u00f6tt \u00e9rtekezleten Orb\u00e1n Viktor helyzet\u00e9rt\u00e9kel\u00e9se mellett fontos t\u00e9m\u00e1k ker\u00fcltek a napirendre, cs\u00fct\u00f6rt\u00f6k\u00f6n kora d\u00e9lut\u00e1n pedig Kocsis M\u00e1t\u00e9, a Fidesz frakci\u00f3vezet\u0151je, valamint Simicsk\u00f3 Istv\u00e1n, a KDNP frakci\u00f3vezet\u0151je tartott sajt\u00f3t\u00e1j\u00e9koztat\u00f3t a Szent Adalbert K\u00f6zpontban.<\/strong><\/p>\n<p>Kocsis M\u00e1t\u00e9 elmondta, hogy tegnap este kezd\u0151d\u00f6tt az \u00e9rtekezlet. A szok\u00e1soknak megfelel\u0151en pedig a minisztereln\u00f6k \u00far helyzet\u00e9rt\u00e9kel\u00e9s\u00e9vel, illetve olyan k\u00e9pvisel\u0151i k\u00e9rd\u00e9sekkel indult a f\u00f3rum, amelyek k\u00f6z\u00e9rdekl\u0151d\u00e9sre tartanak sz\u00e1mot, ma pedig folytat\u00f3dott a tan\u00e1cskoz\u00e1s, ami jelenleg is tart. A politikus kiemelte, hogy a gyermekv\u00e9delemmel \u00e9s az ezzel kapcsolatos br\u00fcsszeli vit\u00e1kkal kezdt\u00e9k az \u00e9rtekezletet. Mindemellett sz\u00f3ba ker\u00fclt a hat\u00e1rv\u00e9delem \u00e9s a migr\u00e1ci\u00f3 k\u00e9rd\u00e9se k\u00fcl\u00f6n\u00f6s tekintettel az agr\u00e1rhelyzetre, \u00e9s az abb\u00f3l k\u00f6vetkez\u0151 korm\u00e1nyzati feladatokra. \u201eA p\u00e9nz\u00fcgyminiszterrel besz\u00e9lt\u00fcnk a gazdas\u00e1g helyzet\u00e9r\u0151l, azokr\u00f3l a korm\u00e1nyzati int\u00e9zked\u00e9sekr\u0151l, amelyekr\u0151l a konzult\u00e1ci\u00f3ban is megk\u00e9rdezt\u00fck az embereket, illetve azokr\u00f3l az int\u00e9zked\u00e9sekt\u0151l, amelyek a gazdas\u00e1gi \u00f6nkorm\u00e1nyzati t\u00e1rsadalommal kapcsolatban mer\u00fcltek f\u00f6l\u201d \u2013 tette hozz\u00e1 a frakci\u00f3vezet\u0151. Kocsis M\u00e1t\u00e9 elmondta azt is, hogy hamarosan v\u00e1laszt\u00e1sok lesznek, ez\u00e9rt ez az \u00fcl\u00e9s v\u00e1laszt\u00e1si felk\u00e9sz\u00fcl\u00e9s is volt a frakci\u00f3 r\u00e9sz\u00e9r\u0151l. \u201e\u00c9rtelemszer\u0171en az ellenfeleinkr\u0151l \u00e9s politikai kih\u00edv\u00f3inkr\u00f3l is sz\u00f3 esett. K\u00fcl\u00f6n\u00f6s tekintettel arra, hogy holnap van az \u00f6szt\u00f6nd\u00edjbesz\u00e9d kisziv\u00e1rg\u00e1s\u00e1nak 15. \u00e9vfordul\u00f3ja.\u201d \u2013 mondta. A politikus elmondta, hogy a p\u00e9nz\u00fcgyminiszter \u00far \u00e1ttekintette a frakci\u00f3 gazdas\u00e1g helyzet\u00e9t. \u201eBizony\u00e1ra sokan tudj\u00e1k, de \u00e9rdemes al\u00e1h\u00fazni \u00e9s hangs\u00falyozni, hogy a magyar gazdas\u00e1g m\u00e1ra el\u00e9rte a v\u00e1ls\u00e1g el\u0151tti szintet, \u00e9s a foglalkoztatotts\u00e1g szintje is el\u00e9rt a v\u00e1ls\u00e1g el\u0151tti. Ez azt jelenti, hogy id\u00e9n a mutat\u00f3 meghaladhatja a 7 sz\u00e1zal\u00e9kot.\u201d \u2013 jelentette ki Kocsis M\u00e1t\u00e9, majd hozz\u00e1tette: \u201eK\u00e9nytelen vagyok megeml\u00edteni a Gyurcs\u00e1ny-korszakot, ahonnan ismer\u0151s lehet a 7 sz\u00e1zal\u00e9kos sz\u00e1m a gazdas\u00e1g vil\u00e1g\u00e1b\u00f3l, csak ott m\u00ednuszos volt, ez meg plusz 7 %, ami j\u00f3 h\u00edr, hiszen a nemzeti konzult\u00e1ci\u00f3ban sz\u00e1mos olyan k\u00e9rd\u00e9sr\u0151l k\u00e9rdezt\u00fck meg a magyarokat, amely mind arra alapszik, hogy a gazdas\u00e1g b\u0151v\u00fcl\u00e9se meghaladja a j\u00e1rv\u00e1ny el\u0151tti szintet, ez pedig megt\u00f6rt\u00e9nik. \u00c9ppen ez\u00e9rt egyre k\u00f6zelebb ker\u00fcl\u00fcnk ahhoz a helyzethez, hogy ezen j\u00f3 eredm\u00e9nyek alapj\u00e1n sor ker\u00fclj\u00f6n majd az embereket, v\u00e1llalkoz\u00e1sokat seg\u00edt\u0151 int\u00e9zked\u00e9sekre. Gondolok itt a csal\u00e1di ad\u00f3-visszat\u00e9r\u00edt\u00e9sre, a 200 ezer forintos minim\u00e1lb\u00e9r k\u00e9rd\u00e9s\u00e9re, a 13. havi nyugd\u00edj vissza\u00e9p\u00edt\u00e9s\u00e9re, 25 \u00e9v alattiak, j\u00f6vedelemad\u00f3 mentess\u00e9g\u00e9nek bevezet\u00e9s\u00e9re, a rendv\u00e9delmi dolgoz\u00f3k hathavi fegyverp\u00e9nz\u00e9nek, vagy a fegyverp\u00e9nznek a kifizet\u00e9s\u00e9re.\u201d<\/p>\n<p><img fetchpriority=\"high\" decoding=\"async\" class=\"alignnone size-large wp-image-36857\" src=\"https:\/\/dorogimedence.hu\/wp-content\/uploads\/2021\/09\/fidesz-02-1024x683.jpg\" alt=\"\" width=\"755\" height=\"504\" srcset=\"https:\/\/dorogimedence.hu\/wp-content\/uploads\/2021\/09\/fidesz-02-1024x683.jpg 1024w, https:\/\/dorogimedence.hu\/wp-content\/uploads\/2021\/09\/fidesz-02-300x200.jpg 300w, https:\/\/dorogimedence.hu\/wp-content\/uploads\/2021\/09\/fidesz-02-768x512.jpg 768w, https:\/\/dorogimedence.hu\/wp-content\/uploads\/2021\/09\/fidesz-02-150x100.jpg 150w, https:\/\/dorogimedence.hu\/wp-content\/uploads\/2021\/09\/fidesz-02-450x300.jpg 450w, https:\/\/dorogimedence.hu\/wp-content\/uploads\/2021\/09\/fidesz-02-272x182.jpg 272w, https:\/\/dorogimedence.hu\/wp-content\/uploads\/2021\/09\/fidesz-02.jpg 1200w\" sizes=\"(max-width: 755px) 100vw, 755px\" \/><\/p>\n<p>Simicsk\u00f3 Istv\u00e1n elmondta, hogy a Kereszt\u00e9nydemokrata N\u00e9pp\u00e1rt parlamenti k\u00e9pvisel\u0151csoportja egyfajta saj\u00e1tos kereszt\u00e9nydemokrata szem\u00fcvegen kereszt\u00fcl \u00e1tbesz\u00e9lte az el\u0151tt\u00fck \u00e1ll\u00f3 feladatokat. \u201e\u00c1ttekintett\u00fck azt is, hogy milyen t\u00f6rv\u00e9nyek v\u00e1rhat\u00f3ak a parlamenti vit\u00e1k sor\u00e1n, \u00e9s igyekezt\u00fcnk lelkileg \u00e9s szakmailag is felk\u00e9sz\u00fclni az el\u0151tt\u00fcnk \u00e1ll\u00f3 k\u00fczdelmes id\u0151szakra, teh\u00e1t a parlamenti k\u00fczd\u0151t\u00e9ren szeretn\u00e9nk helyt\u00e1llni, \u00e9s term\u00e9szetesen t\u00e1mogatni a korm\u00e1nynak a munk\u00e1j\u00e1t \u00e9s a t\u00f6rekv\u00e9seit.\u201d \u2013 tette hozz\u00e1 a frakci\u00f3vezet\u0151, majd folytatta: \u201eSz\u00f3t ejtett\u00fcnk arr\u00f3l a vil\u00e1grasz\u00f3l\u00f3 esem\u00e9nyr\u0151l, amely az Eucharisztikus Vil\u00e1gkongresszust jelenti \u00e9s a p\u00e1p\u00e1nak a szentmis\u00e9j\u00e9t jelenti Budapesten. Egy\u00e9rtelm\u0171en meg\u00e1llap\u00edtottuk, hogy a magyar kereszt\u00e9ny vil\u00e1g megmutatta az igazi erej\u00e9t, az eg\u00e9sz vil\u00e1g sz\u00e1m\u00e1ra azt kell, hogy mondjam, hiszen nagy elismer\u00e9se \u00e9s megtiszteltet\u00e9se Magyarorsz\u00e1gnak, hogy a p\u00e1pa szem\u00e9lyesen j\u00f6tt el az Eucharisztikus Vil\u00e1gkongresszusra. Szeretn\u00e9m hozz\u00e1tenni, hogy gyakorlatilag 30 \u00e9ve nem volt ilyen esem\u00e9ny, hogy az Eucharisztikus Vil\u00e1gkongresszusra elment volna a p\u00e1pa \u0151szents\u00e9ge maga. Fontosnak \u00e9reztem, hogy Budapestre elj\u00f6jj\u00f6n \u00e9s meger\u0151s\u00edtett minket a hit\u00fcnkben is, de term\u00e9szetesen meger\u0151s\u00edtette a csal\u00e1dok melletti ki\u00e1ll\u00e1st is, ez k\u00fcl\u00f6n\u00f6sen fontos mindannyiunk sz\u00e1m\u00e1ra. Magyarorsz\u00e1g meg tudta mutatni erej\u00e9t a szervez\u00e9sben is. \u00c9n azt hiszem, hogy aki kint j\u00e1rt, az l\u00e1tta, mennyire kultur\u00e1lt \u00e9s szakmailag is felk\u00e9sz\u00fclt, magas sz\u00ednvonal\u00fa szervez\u00e9s volt.\u201d Simicsk\u00f3 Istv\u00e1n elmondta azt is, hogy egy\u00e9rtelm\u0171en ki\u00e1llt a p\u00e1pa szents\u00e9ge a csal\u00e1dok mellett, teh\u00e1t arra biztatott mindannyiunkat, hogy igenis v\u00e9dj\u00fck meg a magyar csal\u00e1dokat, v\u00e9dj\u00fck meg a csal\u00e1djainkat, hiszen sz\u00e1mos kih\u00edv\u00e1ssal kell szembes\u00fclni\u00fck ebben a mai vil\u00e1gban, a csal\u00e1doknak \u00e9s a gyermekeknek is.<\/p>\n<p><img decoding=\"async\" class=\"alignnone size-large wp-image-36856\" src=\"https:\/\/dorogimedence.hu\/wp-content\/uploads\/2021\/09\/fidesz-03-1024x683.jpg\" alt=\"\" width=\"755\" height=\"504\" srcset=\"https:\/\/dorogimedence.hu\/wp-content\/uploads\/2021\/09\/fidesz-03-1024x683.jpg 1024w, https:\/\/dorogimedence.hu\/wp-content\/uploads\/2021\/09\/fidesz-03-300x200.jpg 300w, https:\/\/dorogimedence.hu\/wp-content\/uploads\/2021\/09\/fidesz-03-768x512.jpg 768w, https:\/\/dorogimedence.hu\/wp-content\/uploads\/2021\/09\/fidesz-03-150x100.jpg 150w, https:\/\/dorogimedence.hu\/wp-content\/uploads\/2021\/09\/fidesz-03-450x300.jpg 450w, https:\/\/dorogimedence.hu\/wp-content\/uploads\/2021\/09\/fidesz-03-272x182.jpg 272w, https:\/\/dorogimedence.hu\/wp-content\/uploads\/2021\/09\/fidesz-03.jpg 1200w\" sizes=\"(max-width: 755px) 100vw, 755px\" \/><\/p>\n","protected":false},"excerpt":{"rendered":"<p>Az \u0151szi \u00fcl\u00e9sszak el\u0151tt kihelyezett frakci\u00f3\u00fcl\u00e9st tartott a Fidesz-KDNP Esztergomban. A szerd\u00e1n kezd\u0151d\u00f6tt \u00e9rtekezleten Orb\u00e1n Viktor helyzet\u00e9rt\u00e9kel\u00e9se mellett fontos t\u00e9m\u00e1k ker\u00fcltek a napirendre, cs\u00fct\u00f6rt\u00f6k\u00f6n kora d\u00e9lut\u00e1n pedig Kocsis M\u00e1t\u00e9, a Fidesz frakci\u00f3vezet\u0151je, valamint Simicsk\u00f3 Istv\u00e1n, a KDNP frakci\u00f3vezet\u0151je tartott sajt\u00f3t\u00e1j\u00e9koztat\u00f3t a Szent Adalbert K\u00f6zpontban. Kocsis M\u00e1t\u00e9 elmondta, hogy tegnap este kezd\u0151d\u00f6tt az \u00e9rtekezlet. A szok\u00e1soknak<\/p>\n","protected":false},"author":1,"featured_media":36858,"comment_status":"closed","ping_status":"closed","sticky":false,"template":"","format":"standard","meta":{"ngg_post_thumbnail":0,"footnotes":""},"categories":[3],"tags":[42,5963,5964],"class_list":{"0":"post-36855","1":"post","2":"type-post","3":"status-publish","4":"format-standard","5":"has-post-thumbnail","7":"category-hirek","8":"tag-esztergom","9":"tag-fidesz","10":"tag-frakcioules"},"yoast_head":"<!-- This site is optimized with the Yoast SEO plugin v27.5 - https:\/\/yoast.com\/product\/yoast-seo-wordpress\/ -->\n<title>Kocsis M\u00e1t\u00e9: a gyermekv\u00e9delemr\u0151l \u00e9s gazdas\u00e1gi helyzetr\u0151l is besz\u00e9lgett\u00fcnk<\/title>\n<meta name=\"robots\" content=\"index, follow, max-snippet:-1, max-image-preview:large, max-video-preview:-1\" \/>\n<link rel=\"canonical\" href=\"https:\/\/dorogimedence.hu\/index.php\/2021\/09\/16\/kocsis-mate-a-gyermekvedelemrol-es-gazdasagi-helyzetrol-is-beszelgettunk\/\" class=\"yoast-seo-meta-tag\" \/>\n<meta property=\"og:locale\" content=\"hu_HU\" class=\"yoast-seo-meta-tag\" \/>\n<meta property=\"og:type\" content=\"article\" class=\"yoast-seo-meta-tag\" \/>\n<meta property=\"og:title\" content=\"Kocsis M\u00e1t\u00e9: a gyermekv\u00e9delemr\u0151l \u00e9s gazdas\u00e1gi helyzetr\u0151l is besz\u00e9lgett\u00fcnk\" class=\"yoast-seo-meta-tag\" \/>\n<meta property=\"og:description\" content=\"Az \u0151szi \u00fcl\u00e9sszak el\u0151tt kihelyezett frakci\u00f3\u00fcl\u00e9st tartott a Fidesz-KDNP Esztergomban. A szerd\u00e1n kezd\u0151d\u00f6tt \u00e9rtekezleten Orb\u00e1n Viktor helyzet\u00e9rt\u00e9kel\u00e9se mellett fontos t\u00e9m\u00e1k ker\u00fcltek a napirendre, cs\u00fct\u00f6rt\u00f6k\u00f6n kora d\u00e9lut\u00e1n pedig Kocsis M\u00e1t\u00e9, a Fidesz frakci\u00f3vezet\u0151je, valamint Simicsk\u00f3 Istv\u00e1n, a KDNP frakci\u00f3vezet\u0151je tartott sajt\u00f3t\u00e1j\u00e9koztat\u00f3t a Szent Adalbert K\u00f6zpontban. Kocsis M\u00e1t\u00e9 elmondta, hogy tegnap este kezd\u0151d\u00f6tt az \u00e9rtekezlet. A szok\u00e1soknak\" class=\"yoast-seo-meta-tag\" \/>\n<meta property=\"og:url\" content=\"https:\/\/dorogimedence.hu\/index.php\/2021\/09\/16\/kocsis-mate-a-gyermekvedelemrol-es-gazdasagi-helyzetrol-is-beszelgettunk\/\" class=\"yoast-seo-meta-tag\" \/>\n<meta property=\"og:site_name\" content=\"Dorogi-medence Region\u00e1lis H\u00edrport\u00e1l\" class=\"yoast-seo-meta-tag\" \/>\n<meta property=\"article:publisher\" content=\"https:\/\/www.facebook.com\/dorogimedence\/\" class=\"yoast-seo-meta-tag\" \/>\n<meta property=\"article:published_time\" content=\"2021-09-16T13:37:27+00:00\" class=\"yoast-seo-meta-tag\" \/>\n<meta property=\"article:modified_time\" content=\"2021-09-16T13:37:38+00:00\" class=\"yoast-seo-meta-tag\" \/>\n<meta property=\"og:image\" content=\"https:\/\/i0.wp.com\/dorogimedence.hu\/wp-content\/uploads\/2021\/09\/fidesz-01.jpg?fit=970%2C490&ssl=1\" class=\"yoast-seo-meta-tag\" \/>\n\t<meta property=\"og:image:width\" content=\"970\" class=\"yoast-seo-meta-tag\" \/>\n\t<meta property=\"og:image:height\" content=\"490\" class=\"yoast-seo-meta-tag\" \/>\n\t<meta property=\"og:image:type\" content=\"image\/jpeg\" class=\"yoast-seo-meta-tag\" \/>\n<meta name=\"author\" content=\"dorogimedence.hu\" class=\"yoast-seo-meta-tag\" \/>\n<meta name=\"twitter:card\" content=\"summary_large_image\" class=\"yoast-seo-meta-tag\" \/>\n<meta name=\"twitter:label1\" content=\"Szerz\u0151:\" class=\"yoast-seo-meta-tag\" \/>\n\t<meta name=\"twitter:data1\" content=\"dorogimedence.hu\" class=\"yoast-seo-meta-tag\" \/>\n\t<meta name=\"twitter:label2\" content=\"Becs\u00fclt olvas\u00e1si id\u0151\" class=\"yoast-seo-meta-tag\" \/>\n\t<meta name=\"twitter:data2\" content=\"5 perc\" class=\"yoast-seo-meta-tag\" \/>\n<script type=\"application\/ld+json\" class=\"yoast-schema-graph\">{\"@context\":\"https:\\\/\\\/schema.org\",\"@graph\":[{\"@type\":\"Article\",\"@id\":\"https:\\\/\\\/dorogimedence.hu\\\/index.php\\\/2021\\\/09\\\/16\\\/kocsis-mate-a-gyermekvedelemrol-es-gazdasagi-helyzetrol-is-beszelgettunk\\\/#article\",\"isPartOf\":{\"@id\":\"https:\\\/\\\/dorogimedence.hu\\\/index.php\\\/2021\\\/09\\\/16\\\/kocsis-mate-a-gyermekvedelemrol-es-gazdasagi-helyzetrol-is-beszelgettunk\\\/\"},\"author\":{\"name\":\"dorogimedence.hu\",\"@id\":\"https:\\\/\\\/dorogimedence.hu\\\/#\\\/schema\\\/person\\\/ce6091eeb7e95ecdc87890d6aa8e0fd4\"},\"headline\":\"Kocsis M\u00e1t\u00e9: a gyermekv\u00e9delemr\u0151l \u00e9s gazdas\u00e1gi helyzetr\u0151l is besz\u00e9lgett\u00fcnk\",\"datePublished\":\"2021-09-16T13:37:27+00:00\",\"dateModified\":\"2021-09-16T13:37:38+00:00\",\"mainEntityOfPage\":{\"@id\":\"https:\\\/\\\/dorogimedence.hu\\\/index.php\\\/2021\\\/09\\\/16\\\/kocsis-mate-a-gyermekvedelemrol-es-gazdasagi-helyzetrol-is-beszelgettunk\\\/\"},\"wordCount\":936,\"publisher\":{\"@id\":\"https:\\\/\\\/dorogimedence.hu\\\/#organization\"},\"image\":{\"@id\":\"https:\\\/\\\/dorogimedence.hu\\\/index.php\\\/2021\\\/09\\\/16\\\/kocsis-mate-a-gyermekvedelemrol-es-gazdasagi-helyzetrol-is-beszelgettunk\\\/#primaryimage\"},\"thumbnailUrl\":\"https:\\\/\\\/dorogimedence.hu\\\/wp-content\\\/uploads\\\/2021\\\/09\\\/fidesz-01.jpg\",\"keywords\":[\"esztergom\",\"Fidesz\",\"frakci\u00f3\u00fcl\u00e9s\"],\"articleSection\":[\"H\u00edrek\"],\"inLanguage\":\"hu\"},{\"@type\":\"WebPage\",\"@id\":\"https:\\\/\\\/dorogimedence.hu\\\/index.php\\\/2021\\\/09\\\/16\\\/kocsis-mate-a-gyermekvedelemrol-es-gazdasagi-helyzetrol-is-beszelgettunk\\\/\",\"url\":\"https:\\\/\\\/dorogimedence.hu\\\/index.php\\\/2021\\\/09\\\/16\\\/kocsis-mate-a-gyermekvedelemrol-es-gazdasagi-helyzetrol-is-beszelgettunk\\\/\",\"name\":\"Kocsis M\u00e1t\u00e9: a gyermekv\u00e9delemr\u0151l \u00e9s gazdas\u00e1gi helyzetr\u0151l is besz\u00e9lgett\u00fcnk\",\"isPartOf\":{\"@id\":\"https:\\\/\\\/dorogimedence.hu\\\/#website\"},\"primaryImageOfPage\":{\"@id\":\"https:\\\/\\\/dorogimedence.hu\\\/index.php\\\/2021\\\/09\\\/16\\\/kocsis-mate-a-gyermekvedelemrol-es-gazdasagi-helyzetrol-is-beszelgettunk\\\/#primaryimage\"},\"image\":{\"@id\":\"https:\\\/\\\/dorogimedence.hu\\\/index.php\\\/2021\\\/09\\\/16\\\/kocsis-mate-a-gyermekvedelemrol-es-gazdasagi-helyzetrol-is-beszelgettunk\\\/#primaryimage\"},\"thumbnailUrl\":\"https:\\\/\\\/dorogimedence.hu\\\/wp-content\\\/uploads\\\/2021\\\/09\\\/fidesz-01.jpg\",\"datePublished\":\"2021-09-16T13:37:27+00:00\",\"dateModified\":\"2021-09-16T13:37:38+00:00\",\"breadcrumb\":{\"@id\":\"https:\\\/\\\/dorogimedence.hu\\\/index.php\\\/2021\\\/09\\\/16\\\/kocsis-mate-a-gyermekvedelemrol-es-gazdasagi-helyzetrol-is-beszelgettunk\\\/#breadcrumb\"},\"inLanguage\":\"hu\",\"potentialAction\":[{\"@type\":\"ReadAction\",\"target\":[\"https:\\\/\\\/dorogimedence.hu\\\/index.php\\\/2021\\\/09\\\/16\\\/kocsis-mate-a-gyermekvedelemrol-es-gazdasagi-helyzetrol-is-beszelgettunk\\\/\"]}]},{\"@type\":\"ImageObject\",\"inLanguage\":\"hu\",\"@id\":\"https:\\\/\\\/dorogimedence.hu\\\/index.php\\\/2021\\\/09\\\/16\\\/kocsis-mate-a-gyermekvedelemrol-es-gazdasagi-helyzetrol-is-beszelgettunk\\\/#primaryimage\",\"url\":\"https:\\\/\\\/dorogimedence.hu\\\/wp-content\\\/uploads\\\/2021\\\/09\\\/fidesz-01.jpg\",\"contentUrl\":\"https:\\\/\\\/dorogimedence.hu\\\/wp-content\\\/uploads\\\/2021\\\/09\\\/fidesz-01.jpg\",\"width\":970,\"height\":490},{\"@type\":\"BreadcrumbList\",\"@id\":\"https:\\\/\\\/dorogimedence.hu\\\/index.php\\\/2021\\\/09\\\/16\\\/kocsis-mate-a-gyermekvedelemrol-es-gazdasagi-helyzetrol-is-beszelgettunk\\\/#breadcrumb\",\"itemListElement\":[{\"@type\":\"ListItem\",\"position\":1,\"name\":\"Kezd\u0151lap\",\"item\":\"https:\\\/\\\/dorogimedence.hu\\\/\"},{\"@type\":\"ListItem\",\"position\":2,\"name\":\"Kocsis M\u00e1t\u00e9: a gyermekv\u00e9delemr\u0151l \u00e9s gazdas\u00e1gi helyzetr\u0151l is besz\u00e9lgett\u00fcnk\"}]},{\"@type\":\"WebSite\",\"@id\":\"https:\\\/\\\/dorogimedence.hu\\\/#website\",\"url\":\"https:\\\/\\\/dorogimedence.hu\\\/\",\"name\":\"Dorogi-medence Region\u00e1lis H\u00edrport\u00e1l\",\"description\":\"Dorog, Keszt\u00f6lc, Le\u00e1nyv\u00e1r, Piliscs\u00e9v, Tokod, Tokodalt\u00e1r\u00f3, Csolnok, Esztergom-kertv\u00e1ros: h\u00edrek, programok\",\"publisher\":{\"@id\":\"https:\\\/\\\/dorogimedence.hu\\\/#organization\"},\"potentialAction\":[{\"@type\":\"SearchAction\",\"target\":{\"@type\":\"EntryPoint\",\"urlTemplate\":\"https:\\\/\\\/dorogimedence.hu\\\/?s={search_term_string}\"},\"query-input\":{\"@type\":\"PropertyValueSpecification\",\"valueRequired\":true,\"valueName\":\"search_term_string\"}}],\"inLanguage\":\"hu\"},{\"@type\":\"Organization\",\"@id\":\"https:\\\/\\\/dorogimedence.hu\\\/#organization\",\"name\":\"Dorogi-medence Region\u00e1lis H\u00edrport\u00e1l\",\"url\":\"https:\\\/\\\/dorogimedence.hu\\\/\",\"logo\":{\"@type\":\"ImageObject\",\"inLanguage\":\"hu\",\"@id\":\"https:\\\/\\\/dorogimedence.hu\\\/#\\\/schema\\\/logo\\\/image\\\/\",\"url\":\"https:\\\/\\\/dorogimedence.hu\\\/wp-content\\\/uploads\\\/2021\\\/04\\\/logo-feher-600.png\",\"contentUrl\":\"https:\\\/\\\/dorogimedence.hu\\\/wp-content\\\/uploads\\\/2021\\\/04\\\/logo-feher-600.png\",\"width\":600,\"height\":100,\"caption\":\"Dorogi-medence Region\u00e1lis H\u00edrport\u00e1l\"},\"image\":{\"@id\":\"https:\\\/\\\/dorogimedence.hu\\\/#\\\/schema\\\/logo\\\/image\\\/\"},\"sameAs\":[\"https:\\\/\\\/www.facebook.com\\\/dorogimedence\\\/\"]},{\"@type\":\"Person\",\"@id\":\"https:\\\/\\\/dorogimedence.hu\\\/#\\\/schema\\\/person\\\/ce6091eeb7e95ecdc87890d6aa8e0fd4\",\"name\":\"dorogimedence.hu\",\"image\":{\"@type\":\"ImageObject\",\"inLanguage\":\"hu\",\"@id\":\"\\\/\\\/www.gravatar.com\\\/avatar\\\/d8d45f8901aadff40a4af72c0b826f1d?s=96&#038;r=g&#038;d=mm\",\"url\":\"\\\/\\\/www.gravatar.com\\\/avatar\\\/d8d45f8901aadff40a4af72c0b826f1d?s=96&#038;r=g&#038;d=mm\",\"contentUrl\":\"\\\/\\\/www.gravatar.com\\\/avatar\\\/d8d45f8901aadff40a4af72c0b826f1d?s=96&#038;r=g&#038;d=mm\",\"caption\":\"dorogimedence.hu\"}}]}<\/script>\n<!-- \/ Yoast SEO plugin. -->","yoast_head_json":{"title":"Kocsis M\u00e1t\u00e9: a gyermekv\u00e9delemr\u0151l \u00e9s gazdas\u00e1gi helyzetr\u0151l is besz\u00e9lgett\u00fcnk","robots":{"index":"index","follow":"follow","max-snippet":"max-snippet:-1","max-image-preview":"max-image-preview:large","max-video-preview":"max-video-preview:-1"},"canonical":"https:\/\/dorogimedence.hu\/index.php\/2021\/09\/16\/kocsis-mate-a-gyermekvedelemrol-es-gazdasagi-helyzetrol-is-beszelgettunk\/","og_locale":"hu_HU","og_type":"article","og_title":"Kocsis M\u00e1t\u00e9: a gyermekv\u00e9delemr\u0151l \u00e9s gazdas\u00e1gi helyzetr\u0151l is besz\u00e9lgett\u00fcnk","og_description":"Az \u0151szi \u00fcl\u00e9sszak el\u0151tt kihelyezett frakci\u00f3\u00fcl\u00e9st tartott a Fidesz-KDNP Esztergomban. A szerd\u00e1n kezd\u0151d\u00f6tt \u00e9rtekezleten Orb\u00e1n Viktor helyzet\u00e9rt\u00e9kel\u00e9se mellett fontos t\u00e9m\u00e1k ker\u00fcltek a napirendre, cs\u00fct\u00f6rt\u00f6k\u00f6n kora d\u00e9lut\u00e1n pedig Kocsis M\u00e1t\u00e9, a Fidesz frakci\u00f3vezet\u0151je, valamint Simicsk\u00f3 Istv\u00e1n, a KDNP frakci\u00f3vezet\u0151je tartott sajt\u00f3t\u00e1j\u00e9koztat\u00f3t a Szent Adalbert K\u00f6zpontban. Kocsis M\u00e1t\u00e9 elmondta, hogy tegnap este kezd\u0151d\u00f6tt az \u00e9rtekezlet. A szok\u00e1soknak","og_url":"https:\/\/dorogimedence.hu\/index.php\/2021\/09\/16\/kocsis-mate-a-gyermekvedelemrol-es-gazdasagi-helyzetrol-is-beszelgettunk\/","og_site_name":"Dorogi-medence Region\u00e1lis H\u00edrport\u00e1l","article_publisher":"https:\/\/www.facebook.com\/dorogimedence\/","article_published_time":"2021-09-16T13:37:27+00:00","article_modified_time":"2021-09-16T13:37:38+00:00","og_image":[{"width":970,"height":490,"url":"https:\/\/i0.wp.com\/dorogimedence.hu\/wp-content\/uploads\/2021\/09\/fidesz-01.jpg?fit=970%2C490&ssl=1","type":"image\/jpeg"}],"author":"dorogimedence.hu","twitter_card":"summary_large_image","twitter_misc":{"Szerz\u0151:":"dorogimedence.hu","Becs\u00fclt olvas\u00e1si id\u0151":"5 perc"},"schema":{"@context":"https:\/\/schema.org","@graph":[{"@type":"Article","@id":"https:\/\/dorogimedence.hu\/index.php\/2021\/09\/16\/kocsis-mate-a-gyermekvedelemrol-es-gazdasagi-helyzetrol-is-beszelgettunk\/#article","isPartOf":{"@id":"https:\/\/dorogimedence.hu\/index.php\/2021\/09\/16\/kocsis-mate-a-gyermekvedelemrol-es-gazdasagi-helyzetrol-is-beszelgettunk\/"},"author":{"name":"dorogimedence.hu","@id":"https:\/\/dorogimedence.hu\/#\/schema\/person\/ce6091eeb7e95ecdc87890d6aa8e0fd4"},"headline":"Kocsis M\u00e1t\u00e9: a gyermekv\u00e9delemr\u0151l \u00e9s gazdas\u00e1gi helyzetr\u0151l is besz\u00e9lgett\u00fcnk","datePublished":"2021-09-16T13:37:27+00:00","dateModified":"2021-09-16T13:37:38+00:00","mainEntityOfPage":{"@id":"https:\/\/dorogimedence.hu\/index.php\/2021\/09\/16\/kocsis-mate-a-gyermekvedelemrol-es-gazdasagi-helyzetrol-is-beszelgettunk\/"},"wordCount":936,"publisher":{"@id":"https:\/\/dorogimedence.hu\/#organization"},"image":{"@id":"https:\/\/dorogimedence.hu\/index.php\/2021\/09\/16\/kocsis-mate-a-gyermekvedelemrol-es-gazdasagi-helyzetrol-is-beszelgettunk\/#primaryimage"},"thumbnailUrl":"https:\/\/dorogimedence.hu\/wp-content\/uploads\/2021\/09\/fidesz-01.jpg","keywords":["esztergom","Fidesz","frakci\u00f3\u00fcl\u00e9s"],"articleSection":["H\u00edrek"],"inLanguage":"hu"},{"@type":"WebPage","@id":"https:\/\/dorogimedence.hu\/index.php\/2021\/09\/16\/kocsis-mate-a-gyermekvedelemrol-es-gazdasagi-helyzetrol-is-beszelgettunk\/","url":"https:\/\/dorogimedence.hu\/index.php\/2021\/09\/16\/kocsis-mate-a-gyermekvedelemrol-es-gazdasagi-helyzetrol-is-beszelgettunk\/","name":"Kocsis M\u00e1t\u00e9: a gyermekv\u00e9delemr\u0151l \u00e9s gazdas\u00e1gi helyzetr\u0151l is besz\u00e9lgett\u00fcnk","isPartOf":{"@id":"https:\/\/dorogimedence.hu\/#website"},"primaryImageOfPage":{"@id":"https:\/\/dorogimedence.hu\/index.php\/2021\/09\/16\/kocsis-mate-a-gyermekvedelemrol-es-gazdasagi-helyzetrol-is-beszelgettunk\/#primaryimage"},"image":{"@id":"https:\/\/dorogimedence.hu\/index.php\/2021\/09\/16\/kocsis-mate-a-gyermekvedelemrol-es-gazdasagi-helyzetrol-is-beszelgettunk\/#primaryimage"},"thumbnailUrl":"https:\/\/dorogimedence.hu\/wp-content\/uploads\/2021\/09\/fidesz-01.jpg","datePublished":"2021-09-16T13:37:27+00:00","dateModified":"2021-09-16T13:37:38+00:00","breadcrumb":{"@id":"https:\/\/dorogimedence.hu\/index.php\/2021\/09\/16\/kocsis-mate-a-gyermekvedelemrol-es-gazdasagi-helyzetrol-is-beszelgettunk\/#breadcrumb"},"inLanguage":"hu","potentialAction":[{"@type":"ReadAction","target":["https:\/\/dorogimedence.hu\/index.php\/2021\/09\/16\/kocsis-mate-a-gyermekvedelemrol-es-gazdasagi-helyzetrol-is-beszelgettunk\/"]}]},{"@type":"ImageObject","inLanguage":"hu","@id":"https:\/\/dorogimedence.hu\/index.php\/2021\/09\/16\/kocsis-mate-a-gyermekvedelemrol-es-gazdasagi-helyzetrol-is-beszelgettunk\/#primaryimage","url":"https:\/\/dorogimedence.hu\/wp-content\/uploads\/2021\/09\/fidesz-01.jpg","contentUrl":"https:\/\/dorogimedence.hu\/wp-content\/uploads\/2021\/09\/fidesz-01.jpg","width":970,"height":490},{"@type":"BreadcrumbList","@id":"https:\/\/dorogimedence.hu\/index.php\/2021\/09\/16\/kocsis-mate-a-gyermekvedelemrol-es-gazdasagi-helyzetrol-is-beszelgettunk\/#breadcrumb","itemListElement":[{"@type":"ListItem","position":1,"name":"Kezd\u0151lap","item":"https:\/\/dorogimedence.hu\/"},{"@type":"ListItem","position":2,"name":"Kocsis M\u00e1t\u00e9: a gyermekv\u00e9delemr\u0151l \u00e9s gazdas\u00e1gi helyzetr\u0151l is besz\u00e9lgett\u00fcnk"}]},{"@type":"WebSite","@id":"https:\/\/dorogimedence.hu\/#website","url":"https:\/\/dorogimedence.hu\/","name":"Dorogi-medence Region\u00e1lis H\u00edrport\u00e1l","description":"Dorog, Keszt\u00f6lc, Le\u00e1nyv\u00e1r, Piliscs\u00e9v, Tokod, Tokodalt\u00e1r\u00f3, Csolnok, Esztergom-kertv\u00e1ros: h\u00edrek, programok","publisher":{"@id":"https:\/\/dorogimedence.hu\/#organization"},"potentialAction":[{"@type":"SearchAction","target":{"@type":"EntryPoint","urlTemplate":"https:\/\/dorogimedence.hu\/?s={search_term_string}"},"query-input":{"@type":"PropertyValueSpecification","valueRequired":true,"valueName":"search_term_string"}}],"inLanguage":"hu"},{"@type":"Organization","@id":"https:\/\/dorogimedence.hu\/#organization","name":"Dorogi-medence Region\u00e1lis H\u00edrport\u00e1l","url":"https:\/\/dorogimedence.hu\/","logo":{"@type":"ImageObject","inLanguage":"hu","@id":"https:\/\/dorogimedence.hu\/#\/schema\/logo\/image\/","url":"https:\/\/dorogimedence.hu\/wp-content\/uploads\/2021\/04\/logo-feher-600.png","contentUrl":"https:\/\/dorogimedence.hu\/wp-content\/uploads\/2021\/04\/logo-feher-600.png","width":600,"height":100,"caption":"Dorogi-medence Region\u00e1lis H\u00edrport\u00e1l"},"image":{"@id":"https:\/\/dorogimedence.hu\/#\/schema\/logo\/image\/"},"sameAs":["https:\/\/www.facebook.com\/dorogimedence\/"]},{"@type":"Person","@id":"https:\/\/dorogimedence.hu\/#\/schema\/person\/ce6091eeb7e95ecdc87890d6aa8e0fd4","name":"dorogimedence.hu","image":{"@type":"ImageObject","inLanguage":"hu","@id":"\/\/www.gravatar.com\/avatar\/d8d45f8901aadff40a4af72c0b826f1d?s=96&#038;r=g&#038;d=mm","url":"\/\/www.gravatar.com\/avatar\/d8d45f8901aadff40a4af72c0b826f1d?s=96&#038;r=g&#038;d=mm","contentUrl":"\/\/www.gravatar.com\/avatar\/d8d45f8901aadff40a4af72c0b826f1d?s=96&#038;r=g&#038;d=mm","caption":"dorogimedence.hu"}}]}},"_links":{"self":[{"href":"https:\/\/dorogimedence.hu\/index.php\/wp-json\/wp\/v2\/posts\/36855","targetHints":{"allow":["GET"]}}],"collection":[{"href":"https:\/\/dorogimedence.hu\/index.php\/wp-json\/wp\/v2\/posts"}],"about":[{"href":"https:\/\/dorogimedence.hu\/index.php\/wp-json\/wp\/v2\/types\/post"}],"author":[{"embeddable":true,"href":"https:\/\/dorogimedence.hu\/index.php\/wp-json\/wp\/v2\/users\/1"}],"replies":[{"embeddable":true,"href":"https:\/\/dorogimedence.hu\/index.php\/wp-json\/wp\/v2\/comments?post=36855"}],"version-history":[{"count":0,"href":"https:\/\/dorogimedence.hu\/index.php\/wp-json\/wp\/v2\/posts\/36855\/revisions"}],"wp:featuredmedia":[{"embeddable":true,"href":"https:\/\/dorogimedence.hu\/index.php\/wp-json\/wp\/v2\/media\/36858"}],"wp:attachment":[{"href":"https:\/\/dorogimedence.hu\/index.php\/wp-json\/wp\/v2\/media?parent=36855"}],"wp:term":[{"taxonomy":"category","embeddable":true,"href":"https:\/\/dorogimedence.hu\/index.php\/wp-json\/wp\/v2\/categories?post=36855"},{"taxonomy":"post_tag","embeddable":true,"href":"https:\/\/dorogimedence.hu\/index.php\/wp-json\/wp\/v2\/tags?post=36855"}],"curies":[{"name":"wp","href":"https:\/\/api.w.org\/{rel}","templated":true}]}}