{"id":36816,"date":"2021-09-18T07:18:57","date_gmt":"2021-09-18T05:18:57","guid":{"rendered":"https:\/\/dorogimedence.hu\/?p=36816"},"modified":"2021-09-18T07:19:21","modified_gmt":"2021-09-18T05:19:21","slug":"orok-merlegen-bekescsaba-dorog","status":"publish","type":"post","link":"https:\/\/dorogimedence.hu\/index.php\/2021\/09\/18\/orok-merlegen-bekescsaba-dorog\/","title":{"rendered":"\u00d6r\u00f6k M\u00e9rlegen: B\u00e9k\u00e9scsaba \u2013 Dorog"},"content":{"rendered":"<p style=\"text-align: justify;\"><strong>A h\u00e9tv\u00e9g\u00e9n teljes fordul\u00f3t rendeznek a Magyar Kup\u00e1ban, m\u00e9gpedig a hetediket, ahol a f\u0151t\u00e1bla harmadik k\u00f6r\u00e9ben a legjobb 32-k\u00f6z\u00e9 ker\u00fcl\u00e9s a t\u00e9t, amely egy m\u00e9rk\u0151z\u00e9sen d\u0151l el.&nbsp; Csapatunkat a vele azonos bajnoki csoportban l\u00e9v\u0151 B\u00e9k\u00e9scsab\u00e1val sorsolt\u00e1k \u00f6ssze, s ugyancsak a sorsol\u00e1s alapj\u00e1n, a viharsarkiak a p\u00e1lyav\u00e1laszt\u00f3 f\u00e9l. A villanyf\u00e9nyes m\u00e9rk\u0151z\u00e9sre szeptember 18-\u00e1n, szombaton B\u00e9k\u00e9scsab\u00e1n, a K\u00f3rh\u00e1z utcai stadionban 19 \u00f3rakor ker\u00fcl sor<\/strong> <em>&#8211; Szab\u00f3 Gyula cikke.<\/em><\/p>\n<p style=\"text-align: justify;\">A dorogiak b\u0151 egy h\u00f3nappal ezel\u0151tt tal\u00e1lkoztak legut\u00f3bb a B\u00e9k\u00e9s megyei lila-feh\u00e9r alakulattal, m\u00e9gpedig&nbsp; &nbsp;bajnoki m\u00e9rk\u0151z\u00e9sen Tatab\u00e1ny\u00e1n, az idei szezon m\u00e1sodik fordul\u00f3j\u00e1ban. Akkor remek kezd\u00e9s\u00e9nek k\u00f6sz\u00f6nhet\u0151en 2 : 1 ar\u00e1nyban nyertek a mieink, r\u00e1ad\u00e1sul a meccs nagy r\u00e9sz\u00e9ben emberel\u0151nyt \u00e9lvezve, miut\u00e1n a tal\u00e1lkoz\u00f3 elej\u00e9n egy ki\u00e1ll\u00edt\u00e1s miatt megfogyatkoztak a csabaiak. Azonban a vend\u00e9gek emberh\u00e1tr\u00e1nyban is a hajr\u00e1 perceiben nagyon nyomtak \u00e9s szoross\u00e1, egyben izgalmass\u00e1 tett\u00e9k a m\u00e9rk\u0151z\u00e9s v\u00e9g\u00e9t.<\/p>\n<p><img fetchpriority=\"high\" decoding=\"async\" class=\"aligncenter wp-image-36821 \" src=\"https:\/\/dorogimedence.hu\/wp-content\/uploads\/2021\/09\/dorogcsaba-1.jpg\" alt=\"\" width=\"681\" height=\"380\" srcset=\"https:\/\/dorogimedence.hu\/wp-content\/uploads\/2021\/09\/dorogcsaba-1.jpg 480w, https:\/\/dorogimedence.hu\/wp-content\/uploads\/2021\/09\/dorogcsaba-1-300x168.jpg 300w, https:\/\/dorogimedence.hu\/wp-content\/uploads\/2021\/09\/dorogcsaba-1-150x84.jpg 150w, https:\/\/dorogimedence.hu\/wp-content\/uploads\/2021\/09\/dorogcsaba-1-450x251.jpg 450w\" sizes=\"(max-width: 681px) 100vw, 681px\" \/><\/p>\n<p style=\"text-align: center;\"><em><span style=\"font-size: 10pt;\">A felv\u00e9telen az augusztus 8-\u00e1n j\u00e1tszott legut\u00f3bbi m\u00e9rk\u0151z\u00e9s\u00fck alkalm\u00e1n a dorogiak m\u00e1sodik g\u00f3ljukat \u00fcnneplik<\/span><\/em><\/p>\n<p>Kupam\u00e9rk\u0151z\u00e9sen m\u00e1r tal\u00e1lkoztak egy \u00edzben a felek, igaz, hogy a Tisza Kup\u00e1ban, m\u00e9gpedig 1976 nyar\u00e1n. Semleges p\u00e1ly\u00e1n,&nbsp; Baj\u00e1n 1\u20131-es d\u00f6ntetlen sz\u00fcletett.<\/p>\n<p style=\"text-align: center;\">Ez lesz a k\u00e9t csapat 18. egym\u00e1s elleni \u00f6sszecsap\u00e1sa.<\/p>\n<p><img decoding=\"async\" class=\"aligncenter wp-image-36819 \" src=\"https:\/\/dorogimedence.hu\/wp-content\/uploads\/2021\/09\/csabadorog-300x300.jpg\" alt=\"\" width=\"398\" height=\"398\" srcset=\"https:\/\/dorogimedence.hu\/wp-content\/uploads\/2021\/09\/csabadorog-300x300.jpg 300w, https:\/\/dorogimedence.hu\/wp-content\/uploads\/2021\/09\/csabadorog-150x150.jpg 150w, https:\/\/dorogimedence.hu\/wp-content\/uploads\/2021\/09\/csabadorog-768x768.jpg 768w, https:\/\/dorogimedence.hu\/wp-content\/uploads\/2021\/09\/csabadorog-450x450.jpg 450w, https:\/\/dorogimedence.hu\/wp-content\/uploads\/2021\/09\/csabadorog.jpg 777w\" sizes=\"(max-width: 398px) 100vw, 398px\" \/><\/p>\n<p><em>A k\u00e9t csapat eddigi \u00f6sszes\u00edtett m\u00e9rlege: 17 m\u00e9rk\u0151z\u00e9sb\u0151l 5 dorogi gy\u0151zelem, 4 d\u00f6ntetlen, 8 veres\u00e9g; 23 : 26-os g\u00f3lar\u00e1ny.<\/em><\/p>\n<p><em>Hazai m\u00e9rleg\u00fcnk<strong>:<\/strong> 9 meccsb\u0151l 4 gy\u0151zelem, 1 d\u00f6ntetlen, 4 veres\u00e9g; 16 : 13-as g\u00f3lar\u00e1ny.<\/em><\/p>\n<p><em>Idegenbeli szerepl\u00e9s\u00fcnk<strong>:<\/strong>&nbsp;7 meccsb\u0151l 1 gy\u0151zelem, 2 d\u00f6ntetlen, 4 veres\u00e9g; 6:12-es g\u00f3lar\u00e1ny.<\/em><\/p>\n<p><em>Egy tal\u00e1lkoz\u00f3 pedig semleges p\u00e1ly\u00e1n, az eml\u00edtett 1-1-es d\u00f6ntetlennel.<\/em><\/p>\n<p style=\"text-align: justify;\">Az El\u0151re nem szerepel t\u00fal f\u00e9nyesen id\u00e9n, azonban ann\u00e1l sokkal jobb csapat, mint azt a tabell\u00e1n elfoglalt helye mutatja. R\u00e1ad\u00e1sul ell\u00fcnk \u00e1ltal\u00e1ban j\u00f3l megy nekik \u00e9s ez\u00fattal otthonukban ker\u00fcl sor a megm\u00e9rettet\u00e9sre. Csapatunknak van \u00e9ppen el\u00e9g gondja az \u00f6ssze\u00e1ll\u00edt\u00e1ssal, \u00edgy mindenk\u00e9ppen egy esetleges tov\u00e1bbjut\u00e1st brav\u00fark\u00e9nt \u00e9rt\u00e9keln\u00e9nk. A csabaiak a h\u00e9tk\u00f6zi fordul\u00f3ban kikaptak Ajk\u00e1n, s minden bizonnyal a kup\u00e1ban pr\u00f3b\u00e1lnak vigasztal\u00f3dni. Tov\u00e1bbi \u00e9rdekess\u00e9g, hogy a k\u00f6zelm\u00faltban visszat\u00e9rt hozz\u00e1juk egykori edz\u0151nk, Schindler Szabolcs, aki imm\u00e1r negyedszer lesz ellenfel\u00fcnk szakvezet\u0151k\u00e9nt. Eddig neki kedvez a m\u00e9rleg, ugyanis k\u00e9tszer gy\u0151z\u00f6tt, egyszer vesztett ellen\u00fcnk. A k\u00e9t sikere k\u00e9t csapat \u00e9l\u00e9n siker\u00fclt, mindk\u00e9tszer tavaly. A csabaiak ut\u00e1n a Vasas edz\u0151jek\u00e9nt is gy\u0151zedelmeskedett a csapata ellen\u00fcnk. Mindenk\u00e9ppen \u00e9rdekes m\u00e9rk\u0151z\u00e9sre lesz kil\u00e1t\u00e1s.<\/p>\n","protected":false},"excerpt":{"rendered":"<p>A h\u00e9tv\u00e9g\u00e9n teljes fordul\u00f3t rendeznek a Magyar Kup\u00e1ban, m\u00e9gpedig a hetediket, ahol a f\u0151t\u00e1bla harmadik k\u00f6r\u00e9ben a legjobb 32-k\u00f6z\u00e9 ker\u00fcl\u00e9s a t\u00e9t, amely egy m\u00e9rk\u0151z\u00e9sen d\u0151l el.&nbsp; Csapatunkat a vele azonos bajnoki csoportban l\u00e9v\u0151 B\u00e9k\u00e9scsab\u00e1val sorsolt\u00e1k \u00f6ssze, s ugyancsak a sorsol\u00e1s alapj\u00e1n, a viharsarkiak a p\u00e1lyav\u00e1laszt\u00f3 f\u00e9l. A villanyf\u00e9nyes m\u00e9rk\u0151z\u00e9sre szeptember 18-\u00e1n, szombaton B\u00e9k\u00e9scsab\u00e1n, a<\/p>\n","protected":false},"author":4,"featured_media":36820,"comment_status":"closed","ping_status":"closed","sticky":false,"template":"","format":"standard","meta":{"ngg_post_thumbnail":0,"footnotes":""},"categories":[2,3,5],"tags":[1858,15,37,70,69,72,71,16],"class_list":{"0":"post-36816","1":"post","2":"type-post","3":"status-publish","4":"format-standard","5":"has-post-thumbnail","7":"category-dorog","8":"category-hirek","9":"category-sport","10":"tag-bekescsaba","11":"tag-dorog","12":"tag-dorogi-fc","13":"tag-foci","14":"tag-futball","15":"tag-labdarugas","16":"tag-magyar-kupa","17":"tag-sport"},"yoast_head":"<!-- This site is optimized with the Yoast SEO plugin v27.4 - https:\/\/yoast.com\/product\/yoast-seo-wordpress\/ -->\n<title>\u00d6r\u00f6k M\u00e9rlegen: B\u00e9k\u00e9scsaba \u2013 Dorog<\/title>\n<meta name=\"robots\" content=\"index, follow, max-snippet:-1, max-image-preview:large, max-video-preview:-1\" \/>\n<link rel=\"canonical\" href=\"https:\/\/dorogimedence.hu\/index.php\/2021\/09\/18\/orok-merlegen-bekescsaba-dorog\/\" class=\"yoast-seo-meta-tag\" \/>\n<meta property=\"og:locale\" content=\"hu_HU\" class=\"yoast-seo-meta-tag\" \/>\n<meta property=\"og:type\" content=\"article\" class=\"yoast-seo-meta-tag\" \/>\n<meta property=\"og:title\" content=\"\u00d6r\u00f6k M\u00e9rlegen: B\u00e9k\u00e9scsaba \u2013 Dorog\" class=\"yoast-seo-meta-tag\" \/>\n<meta property=\"og:description\" content=\"A h\u00e9tv\u00e9g\u00e9n teljes fordul\u00f3t rendeznek a Magyar Kup\u00e1ban, m\u00e9gpedig a hetediket, ahol a f\u0151t\u00e1bla harmadik k\u00f6r\u00e9ben a legjobb 32-k\u00f6z\u00e9 ker\u00fcl\u00e9s a t\u00e9t, amely egy m\u00e9rk\u0151z\u00e9sen d\u0151l el.&nbsp; Csapatunkat a vele azonos bajnoki csoportban l\u00e9v\u0151 B\u00e9k\u00e9scsab\u00e1val sorsolt\u00e1k \u00f6ssze, s ugyancsak a sorsol\u00e1s alapj\u00e1n, a viharsarkiak a p\u00e1lyav\u00e1laszt\u00f3 f\u00e9l. A villanyf\u00e9nyes m\u00e9rk\u0151z\u00e9sre szeptember 18-\u00e1n, szombaton B\u00e9k\u00e9scsab\u00e1n, a\" class=\"yoast-seo-meta-tag\" \/>\n<meta property=\"og:url\" content=\"https:\/\/dorogimedence.hu\/index.php\/2021\/09\/18\/orok-merlegen-bekescsaba-dorog\/\" class=\"yoast-seo-meta-tag\" \/>\n<meta property=\"og:site_name\" content=\"Dorogi-medence Region\u00e1lis H\u00edrport\u00e1l\" class=\"yoast-seo-meta-tag\" \/>\n<meta property=\"article:publisher\" content=\"https:\/\/www.facebook.com\/dorogimedence\/\" class=\"yoast-seo-meta-tag\" \/>\n<meta property=\"article:published_time\" content=\"2021-09-18T05:18:57+00:00\" class=\"yoast-seo-meta-tag\" \/>\n<meta property=\"article:modified_time\" content=\"2021-09-18T05:19:21+00:00\" class=\"yoast-seo-meta-tag\" \/>\n<meta property=\"og:image\" content=\"https:\/\/i0.wp.com\/dorogimedence.hu\/wp-content\/uploads\/2021\/09\/Kupa-Boritokep-merleg.jpg?fit=740%2C634&ssl=1\" class=\"yoast-seo-meta-tag\" \/>\n\t<meta property=\"og:image:width\" content=\"740\" class=\"yoast-seo-meta-tag\" \/>\n\t<meta property=\"og:image:height\" content=\"634\" class=\"yoast-seo-meta-tag\" \/>\n\t<meta property=\"og:image:type\" content=\"image\/jpeg\" class=\"yoast-seo-meta-tag\" \/>\n<meta name=\"author\" content=\"Szab\u00f3 Gyula\" class=\"yoast-seo-meta-tag\" \/>\n<meta name=\"twitter:card\" content=\"summary_large_image\" class=\"yoast-seo-meta-tag\" \/>\n<meta name=\"twitter:label1\" content=\"Szerz\u0151:\" class=\"yoast-seo-meta-tag\" \/>\n\t<meta name=\"twitter:data1\" content=\"Szab\u00f3 Gyula\" class=\"yoast-seo-meta-tag\" \/>\n\t<meta name=\"twitter:label2\" content=\"Becs\u00fclt olvas\u00e1si id\u0151\" class=\"yoast-seo-meta-tag\" \/>\n\t<meta name=\"twitter:data2\" content=\"3 perc\" class=\"yoast-seo-meta-tag\" \/>\n<script type=\"application\/ld+json\" class=\"yoast-schema-graph\">{\"@context\":\"https:\\\/\\\/schema.org\",\"@graph\":[{\"@type\":\"Article\",\"@id\":\"https:\\\/\\\/dorogimedence.hu\\\/index.php\\\/2021\\\/09\\\/18\\\/orok-merlegen-bekescsaba-dorog\\\/#article\",\"isPartOf\":{\"@id\":\"https:\\\/\\\/dorogimedence.hu\\\/index.php\\\/2021\\\/09\\\/18\\\/orok-merlegen-bekescsaba-dorog\\\/\"},\"author\":{\"name\":\"Szab\u00f3 Gyula\",\"@id\":\"https:\\\/\\\/dorogimedence.hu\\\/#\\\/schema\\\/person\\\/76605e8151ec1b7376385cd184ede973\"},\"headline\":\"\u00d6r\u00f6k M\u00e9rlegen: B\u00e9k\u00e9scsaba \u2013 Dorog\",\"datePublished\":\"2021-09-18T05:18:57+00:00\",\"dateModified\":\"2021-09-18T05:19:21+00:00\",\"mainEntityOfPage\":{\"@id\":\"https:\\\/\\\/dorogimedence.hu\\\/index.php\\\/2021\\\/09\\\/18\\\/orok-merlegen-bekescsaba-dorog\\\/\"},\"wordCount\":544,\"publisher\":{\"@id\":\"https:\\\/\\\/dorogimedence.hu\\\/#organization\"},\"image\":{\"@id\":\"https:\\\/\\\/dorogimedence.hu\\\/index.php\\\/2021\\\/09\\\/18\\\/orok-merlegen-bekescsaba-dorog\\\/#primaryimage\"},\"thumbnailUrl\":\"https:\\\/\\\/dorogimedence.hu\\\/wp-content\\\/uploads\\\/2021\\\/09\\\/Kupa-Boritokep-merleg.jpg\",\"keywords\":[\"B\u00e9k\u00e9scsaba\",\"Dorog\",\"Dorogi FC\",\"foci\",\"futball\",\"labdar\u00fag\u00e1s\",\"Magyar Kupa\",\"sport\"],\"articleSection\":[\"Dorog\",\"H\u00edrek\",\"Sport\"],\"inLanguage\":\"hu\"},{\"@type\":\"WebPage\",\"@id\":\"https:\\\/\\\/dorogimedence.hu\\\/index.php\\\/2021\\\/09\\\/18\\\/orok-merlegen-bekescsaba-dorog\\\/\",\"url\":\"https:\\\/\\\/dorogimedence.hu\\\/index.php\\\/2021\\\/09\\\/18\\\/orok-merlegen-bekescsaba-dorog\\\/\",\"name\":\"\u00d6r\u00f6k M\u00e9rlegen: B\u00e9k\u00e9scsaba \u2013 Dorog\",\"isPartOf\":{\"@id\":\"https:\\\/\\\/dorogimedence.hu\\\/#website\"},\"primaryImageOfPage\":{\"@id\":\"https:\\\/\\\/dorogimedence.hu\\\/index.php\\\/2021\\\/09\\\/18\\\/orok-merlegen-bekescsaba-dorog\\\/#primaryimage\"},\"image\":{\"@id\":\"https:\\\/\\\/dorogimedence.hu\\\/index.php\\\/2021\\\/09\\\/18\\\/orok-merlegen-bekescsaba-dorog\\\/#primaryimage\"},\"thumbnailUrl\":\"https:\\\/\\\/dorogimedence.hu\\\/wp-content\\\/uploads\\\/2021\\\/09\\\/Kupa-Boritokep-merleg.jpg\",\"datePublished\":\"2021-09-18T05:18:57+00:00\",\"dateModified\":\"2021-09-18T05:19:21+00:00\",\"breadcrumb\":{\"@id\":\"https:\\\/\\\/dorogimedence.hu\\\/index.php\\\/2021\\\/09\\\/18\\\/orok-merlegen-bekescsaba-dorog\\\/#breadcrumb\"},\"inLanguage\":\"hu\",\"potentialAction\":[{\"@type\":\"ReadAction\",\"target\":[\"https:\\\/\\\/dorogimedence.hu\\\/index.php\\\/2021\\\/09\\\/18\\\/orok-merlegen-bekescsaba-dorog\\\/\"]}]},{\"@type\":\"ImageObject\",\"inLanguage\":\"hu\",\"@id\":\"https:\\\/\\\/dorogimedence.hu\\\/index.php\\\/2021\\\/09\\\/18\\\/orok-merlegen-bekescsaba-dorog\\\/#primaryimage\",\"url\":\"https:\\\/\\\/dorogimedence.hu\\\/wp-content\\\/uploads\\\/2021\\\/09\\\/Kupa-Boritokep-merleg.jpg\",\"contentUrl\":\"https:\\\/\\\/dorogimedence.hu\\\/wp-content\\\/uploads\\\/2021\\\/09\\\/Kupa-Boritokep-merleg.jpg\",\"width\":740,\"height\":634},{\"@type\":\"BreadcrumbList\",\"@id\":\"https:\\\/\\\/dorogimedence.hu\\\/index.php\\\/2021\\\/09\\\/18\\\/orok-merlegen-bekescsaba-dorog\\\/#breadcrumb\",\"itemListElement\":[{\"@type\":\"ListItem\",\"position\":1,\"name\":\"Kezd\u0151lap\",\"item\":\"https:\\\/\\\/dorogimedence.hu\\\/\"},{\"@type\":\"ListItem\",\"position\":2,\"name\":\"\u00d6r\u00f6k M\u00e9rlegen: B\u00e9k\u00e9scsaba \u2013 Dorog\"}]},{\"@type\":\"WebSite\",\"@id\":\"https:\\\/\\\/dorogimedence.hu\\\/#website\",\"url\":\"https:\\\/\\\/dorogimedence.hu\\\/\",\"name\":\"Dorogi-medence Region\u00e1lis H\u00edrport\u00e1l\",\"description\":\"Dorog, Keszt\u00f6lc, Le\u00e1nyv\u00e1r, Piliscs\u00e9v, Tokod, Tokodalt\u00e1r\u00f3, Csolnok, Esztergom-kertv\u00e1ros: h\u00edrek, programok\",\"publisher\":{\"@id\":\"https:\\\/\\\/dorogimedence.hu\\\/#organization\"},\"potentialAction\":[{\"@type\":\"SearchAction\",\"target\":{\"@type\":\"EntryPoint\",\"urlTemplate\":\"https:\\\/\\\/dorogimedence.hu\\\/?s={search_term_string}\"},\"query-input\":{\"@type\":\"PropertyValueSpecification\",\"valueRequired\":true,\"valueName\":\"search_term_string\"}}],\"inLanguage\":\"hu\"},{\"@type\":\"Organization\",\"@id\":\"https:\\\/\\\/dorogimedence.hu\\\/#organization\",\"name\":\"Dorogi-medence Region\u00e1lis H\u00edrport\u00e1l\",\"url\":\"https:\\\/\\\/dorogimedence.hu\\\/\",\"logo\":{\"@type\":\"ImageObject\",\"inLanguage\":\"hu\",\"@id\":\"https:\\\/\\\/dorogimedence.hu\\\/#\\\/schema\\\/logo\\\/image\\\/\",\"url\":\"https:\\\/\\\/dorogimedence.hu\\\/wp-content\\\/uploads\\\/2021\\\/04\\\/logo-feher-600.png\",\"contentUrl\":\"https:\\\/\\\/dorogimedence.hu\\\/wp-content\\\/uploads\\\/2021\\\/04\\\/logo-feher-600.png\",\"width\":600,\"height\":100,\"caption\":\"Dorogi-medence Region\u00e1lis H\u00edrport\u00e1l\"},\"image\":{\"@id\":\"https:\\\/\\\/dorogimedence.hu\\\/#\\\/schema\\\/logo\\\/image\\\/\"},\"sameAs\":[\"https:\\\/\\\/www.facebook.com\\\/dorogimedence\\\/\"]},{\"@type\":\"Person\",\"@id\":\"https:\\\/\\\/dorogimedence.hu\\\/#\\\/schema\\\/person\\\/76605e8151ec1b7376385cd184ede973\",\"name\":\"Szab\u00f3 Gyula\",\"image\":{\"@type\":\"ImageObject\",\"inLanguage\":\"hu\",\"@id\":\"\\\/\\\/www.gravatar.com\\\/avatar\\\/3e44b6fb2ef9bcea3639958cc2a587cb?s=96&#038;r=g&#038;d=mm\",\"url\":\"\\\/\\\/www.gravatar.com\\\/avatar\\\/3e44b6fb2ef9bcea3639958cc2a587cb?s=96&#038;r=g&#038;d=mm\",\"contentUrl\":\"\\\/\\\/www.gravatar.com\\\/avatar\\\/3e44b6fb2ef9bcea3639958cc2a587cb?s=96&#038;r=g&#038;d=mm\",\"caption\":\"Szab\u00f3 Gyula\"}}]}<\/script>\n<!-- \/ Yoast SEO plugin. -->","yoast_head_json":{"title":"\u00d6r\u00f6k M\u00e9rlegen: B\u00e9k\u00e9scsaba \u2013 Dorog","robots":{"index":"index","follow":"follow","max-snippet":"max-snippet:-1","max-image-preview":"max-image-preview:large","max-video-preview":"max-video-preview:-1"},"canonical":"https:\/\/dorogimedence.hu\/index.php\/2021\/09\/18\/orok-merlegen-bekescsaba-dorog\/","og_locale":"hu_HU","og_type":"article","og_title":"\u00d6r\u00f6k M\u00e9rlegen: B\u00e9k\u00e9scsaba \u2013 Dorog","og_description":"A h\u00e9tv\u00e9g\u00e9n teljes fordul\u00f3t rendeznek a Magyar Kup\u00e1ban, m\u00e9gpedig a hetediket, ahol a f\u0151t\u00e1bla harmadik k\u00f6r\u00e9ben a legjobb 32-k\u00f6z\u00e9 ker\u00fcl\u00e9s a t\u00e9t, amely egy m\u00e9rk\u0151z\u00e9sen d\u0151l el.&nbsp; Csapatunkat a vele azonos bajnoki csoportban l\u00e9v\u0151 B\u00e9k\u00e9scsab\u00e1val sorsolt\u00e1k \u00f6ssze, s ugyancsak a sorsol\u00e1s alapj\u00e1n, a viharsarkiak a p\u00e1lyav\u00e1laszt\u00f3 f\u00e9l. A villanyf\u00e9nyes m\u00e9rk\u0151z\u00e9sre szeptember 18-\u00e1n, szombaton B\u00e9k\u00e9scsab\u00e1n, a","og_url":"https:\/\/dorogimedence.hu\/index.php\/2021\/09\/18\/orok-merlegen-bekescsaba-dorog\/","og_site_name":"Dorogi-medence Region\u00e1lis H\u00edrport\u00e1l","article_publisher":"https:\/\/www.facebook.com\/dorogimedence\/","article_published_time":"2021-09-18T05:18:57+00:00","article_modified_time":"2021-09-18T05:19:21+00:00","og_image":[{"width":740,"height":634,"url":"https:\/\/i0.wp.com\/dorogimedence.hu\/wp-content\/uploads\/2021\/09\/Kupa-Boritokep-merleg.jpg?fit=740%2C634&ssl=1","type":"image\/jpeg"}],"author":"Szab\u00f3 Gyula","twitter_card":"summary_large_image","twitter_misc":{"Szerz\u0151:":"Szab\u00f3 Gyula","Becs\u00fclt olvas\u00e1si id\u0151":"3 perc"},"schema":{"@context":"https:\/\/schema.org","@graph":[{"@type":"Article","@id":"https:\/\/dorogimedence.hu\/index.php\/2021\/09\/18\/orok-merlegen-bekescsaba-dorog\/#article","isPartOf":{"@id":"https:\/\/dorogimedence.hu\/index.php\/2021\/09\/18\/orok-merlegen-bekescsaba-dorog\/"},"author":{"name":"Szab\u00f3 Gyula","@id":"https:\/\/dorogimedence.hu\/#\/schema\/person\/76605e8151ec1b7376385cd184ede973"},"headline":"\u00d6r\u00f6k M\u00e9rlegen: B\u00e9k\u00e9scsaba \u2013 Dorog","datePublished":"2021-09-18T05:18:57+00:00","dateModified":"2021-09-18T05:19:21+00:00","mainEntityOfPage":{"@id":"https:\/\/dorogimedence.hu\/index.php\/2021\/09\/18\/orok-merlegen-bekescsaba-dorog\/"},"wordCount":544,"publisher":{"@id":"https:\/\/dorogimedence.hu\/#organization"},"image":{"@id":"https:\/\/dorogimedence.hu\/index.php\/2021\/09\/18\/orok-merlegen-bekescsaba-dorog\/#primaryimage"},"thumbnailUrl":"https:\/\/dorogimedence.hu\/wp-content\/uploads\/2021\/09\/Kupa-Boritokep-merleg.jpg","keywords":["B\u00e9k\u00e9scsaba","Dorog","Dorogi FC","foci","futball","labdar\u00fag\u00e1s","Magyar Kupa","sport"],"articleSection":["Dorog","H\u00edrek","Sport"],"inLanguage":"hu"},{"@type":"WebPage","@id":"https:\/\/dorogimedence.hu\/index.php\/2021\/09\/18\/orok-merlegen-bekescsaba-dorog\/","url":"https:\/\/dorogimedence.hu\/index.php\/2021\/09\/18\/orok-merlegen-bekescsaba-dorog\/","name":"\u00d6r\u00f6k M\u00e9rlegen: B\u00e9k\u00e9scsaba \u2013 Dorog","isPartOf":{"@id":"https:\/\/dorogimedence.hu\/#website"},"primaryImageOfPage":{"@id":"https:\/\/dorogimedence.hu\/index.php\/2021\/09\/18\/orok-merlegen-bekescsaba-dorog\/#primaryimage"},"image":{"@id":"https:\/\/dorogimedence.hu\/index.php\/2021\/09\/18\/orok-merlegen-bekescsaba-dorog\/#primaryimage"},"thumbnailUrl":"https:\/\/dorogimedence.hu\/wp-content\/uploads\/2021\/09\/Kupa-Boritokep-merleg.jpg","datePublished":"2021-09-18T05:18:57+00:00","dateModified":"2021-09-18T05:19:21+00:00","breadcrumb":{"@id":"https:\/\/dorogimedence.hu\/index.php\/2021\/09\/18\/orok-merlegen-bekescsaba-dorog\/#breadcrumb"},"inLanguage":"hu","potentialAction":[{"@type":"ReadAction","target":["https:\/\/dorogimedence.hu\/index.php\/2021\/09\/18\/orok-merlegen-bekescsaba-dorog\/"]}]},{"@type":"ImageObject","inLanguage":"hu","@id":"https:\/\/dorogimedence.hu\/index.php\/2021\/09\/18\/orok-merlegen-bekescsaba-dorog\/#primaryimage","url":"https:\/\/dorogimedence.hu\/wp-content\/uploads\/2021\/09\/Kupa-Boritokep-merleg.jpg","contentUrl":"https:\/\/dorogimedence.hu\/wp-content\/uploads\/2021\/09\/Kupa-Boritokep-merleg.jpg","width":740,"height":634},{"@type":"BreadcrumbList","@id":"https:\/\/dorogimedence.hu\/index.php\/2021\/09\/18\/orok-merlegen-bekescsaba-dorog\/#breadcrumb","itemListElement":[{"@type":"ListItem","position":1,"name":"Kezd\u0151lap","item":"https:\/\/dorogimedence.hu\/"},{"@type":"ListItem","position":2,"name":"\u00d6r\u00f6k M\u00e9rlegen: B\u00e9k\u00e9scsaba \u2013 Dorog"}]},{"@type":"WebSite","@id":"https:\/\/dorogimedence.hu\/#website","url":"https:\/\/dorogimedence.hu\/","name":"Dorogi-medence Region\u00e1lis H\u00edrport\u00e1l","description":"Dorog, Keszt\u00f6lc, Le\u00e1nyv\u00e1r, Piliscs\u00e9v, Tokod, Tokodalt\u00e1r\u00f3, Csolnok, Esztergom-kertv\u00e1ros: h\u00edrek, programok","publisher":{"@id":"https:\/\/dorogimedence.hu\/#organization"},"potentialAction":[{"@type":"SearchAction","target":{"@type":"EntryPoint","urlTemplate":"https:\/\/dorogimedence.hu\/?s={search_term_string}"},"query-input":{"@type":"PropertyValueSpecification","valueRequired":true,"valueName":"search_term_string"}}],"inLanguage":"hu"},{"@type":"Organization","@id":"https:\/\/dorogimedence.hu\/#organization","name":"Dorogi-medence Region\u00e1lis H\u00edrport\u00e1l","url":"https:\/\/dorogimedence.hu\/","logo":{"@type":"ImageObject","inLanguage":"hu","@id":"https:\/\/dorogimedence.hu\/#\/schema\/logo\/image\/","url":"https:\/\/dorogimedence.hu\/wp-content\/uploads\/2021\/04\/logo-feher-600.png","contentUrl":"https:\/\/dorogimedence.hu\/wp-content\/uploads\/2021\/04\/logo-feher-600.png","width":600,"height":100,"caption":"Dorogi-medence Region\u00e1lis H\u00edrport\u00e1l"},"image":{"@id":"https:\/\/dorogimedence.hu\/#\/schema\/logo\/image\/"},"sameAs":["https:\/\/www.facebook.com\/dorogimedence\/"]},{"@type":"Person","@id":"https:\/\/dorogimedence.hu\/#\/schema\/person\/76605e8151ec1b7376385cd184ede973","name":"Szab\u00f3 Gyula","image":{"@type":"ImageObject","inLanguage":"hu","@id":"\/\/www.gravatar.com\/avatar\/3e44b6fb2ef9bcea3639958cc2a587cb?s=96&#038;r=g&#038;d=mm","url":"\/\/www.gravatar.com\/avatar\/3e44b6fb2ef9bcea3639958cc2a587cb?s=96&#038;r=g&#038;d=mm","contentUrl":"\/\/www.gravatar.com\/avatar\/3e44b6fb2ef9bcea3639958cc2a587cb?s=96&#038;r=g&#038;d=mm","caption":"Szab\u00f3 Gyula"}}]}},"_links":{"self":[{"href":"https:\/\/dorogimedence.hu\/index.php\/wp-json\/wp\/v2\/posts\/36816","targetHints":{"allow":["GET"]}}],"collection":[{"href":"https:\/\/dorogimedence.hu\/index.php\/wp-json\/wp\/v2\/posts"}],"about":[{"href":"https:\/\/dorogimedence.hu\/index.php\/wp-json\/wp\/v2\/types\/post"}],"author":[{"embeddable":true,"href":"https:\/\/dorogimedence.hu\/index.php\/wp-json\/wp\/v2\/users\/4"}],"replies":[{"embeddable":true,"href":"https:\/\/dorogimedence.hu\/index.php\/wp-json\/wp\/v2\/comments?post=36816"}],"version-history":[{"count":0,"href":"https:\/\/dorogimedence.hu\/index.php\/wp-json\/wp\/v2\/posts\/36816\/revisions"}],"wp:featuredmedia":[{"embeddable":true,"href":"https:\/\/dorogimedence.hu\/index.php\/wp-json\/wp\/v2\/media\/36820"}],"wp:attachment":[{"href":"https:\/\/dorogimedence.hu\/index.php\/wp-json\/wp\/v2\/media?parent=36816"}],"wp:term":[{"taxonomy":"category","embeddable":true,"href":"https:\/\/dorogimedence.hu\/index.php\/wp-json\/wp\/v2\/categories?post=36816"},{"taxonomy":"post_tag","embeddable":true,"href":"https:\/\/dorogimedence.hu\/index.php\/wp-json\/wp\/v2\/tags?post=36816"}],"curies":[{"name":"wp","href":"https:\/\/api.w.org\/{rel}","templated":true}]}}