{"id":36780,"date":"2021-09-15T07:27:55","date_gmt":"2021-09-15T05:27:55","guid":{"rendered":"https:\/\/dorogimedence.hu\/?p=36780"},"modified":"2021-09-15T07:29:35","modified_gmt":"2021-09-15T05:29:35","slug":"elismertek-lattmann-bela-munkassagat","status":"publish","type":"post","link":"https:\/\/dorogimedence.hu\/index.php\/2021\/09\/15\/elismertek-lattmann-bela-munkassagat\/","title":{"rendered":"Elismert\u00e9k Lattmann B\u00e9la munk\u00e1ss\u00e1g\u00e1t"},"content":{"rendered":"<p><strong>Szeptember 10-\u00e9n, p\u00e9nteken Tatab\u00e1ny\u00e1n d\u00edjazta a gazdas\u00e1gi-, k\u00f6z-, valamint kultur\u00e1lis \u00e9s sport\u00e9let\u00fcnk kiv\u00e1l\u00f3s\u00e1gait a V\u00e1llalkoz\u00f3k \u00e9s Munk\u00e1ltat\u00f3k Orsz\u00e1gos Sz\u00f6vets\u00e9ge Kom\u00e1rom-Esztergom Megyei Szervezete.<\/strong><\/p>\n<p>A dorogi jazz zen\u00e9sz, Lattmann B\u00e1la a Pr\u00edma D\u00edj, Demj\u00e1n S\u00e1ndor eml\u00e9k\u00e9re alap\u00edtott k\u00fcl\u00f6nd\u00edj\u00e1t vehette \u00e1t. Az elismer\u00e9st Demj\u00e1n S\u00e1ndorn\u00e9 L\u00eddia, az \u00c1llami D\u00edjas magyar \u00fczletember \u00f6zvegye ny\u00fajtotta \u00e1t a zen\u00e9sznek.<\/p>\n<p>Lattmann B\u00e9l\u00e1val a p\u00e1lyafut\u00e1s\u00e1r\u00f3l, a munk\u00e1ss\u00e1g\u00e1r\u00f3l, valamint arr\u00f3l besz\u00e9lgett\u00fcnk, hogyan \u00e9lte meg a pand\u00e9mi\u00e1s id\u0151szakot.<\/p>\n<p><strong><em>\u2013 A j\u00e1rv\u00e1nyhelyzet miatt elh\u00faz\u00f3dott a Pr\u00edma-d\u00edjak \u00e1tad\u00e1sa. Hogyan fogadtad a d\u00edjat? Meglep\u0151dt\u00e9l, hogy t\u00e9ged is \u00e9rdemesnek tal\u00e1ltak r\u00e1?<\/em><\/strong><\/p>\n<p>\u2013 Mivel engem is jel\u00f6ltek a d\u00edjra, kor\u00e1bban m\u00e1r \u00e9rdekl\u0151dtem, hogy kik lettek a nyertesek, de a pand\u00e9mia miatt cs\u00faszott az eredm\u00e9nyhirdet\u00e9s \u00e9s a d\u00edj\u00e1tad\u00f3. Az utols\u00f3 pillanatban tudtam meg, hogy \u00e9n is a d\u00edjazottak k\u00f6z\u00f6tt vagyok \u00e9s nagyon \u00f6r\u00fcltem, hogy megyei szinten is elismerik a munk\u00e1ss\u00e1gomat, s\u0151t k\u00fcl\u00f6n \u00f6r\u00f6m volt, hogy Demj\u00e1n S\u00e1ndor \u00f6zvegye ny\u00fajtotta \u00e1t az elismer\u00e9st sz\u00e1momra.<\/p>\n<p><strong><em>\u2013 Mit csin\u00e1lt\u00e1l a pand\u00e9mia alatt? Hogyan \u00e9lted meg a bez\u00e1rts\u00e1got?<\/em><\/strong><\/p>\n<p>\u2013 Az elej\u00e9n m\u00e9g \u00e9lveztem, hogy hossz\u00fa id\u0151 ut\u00e1n kipihenhettem magam, viszont nagyon hossz\u00fara siker\u00fclt a bez\u00e1rts\u00e1g \u00e9s hi\u00e1ba gyakoroltam hi\u00e1nyzott a zen\u00e9szt\u00e1rsakkal val\u00f3 sz\u00ednpadi jelenl\u00e9t, k\u00f6z\u00f6ns\u00e9g.<\/p>\n<p><strong><em>\u2013 Jelenleg kikkel \u00e9s milyen form\u00e1ci\u00f3kban zen\u00e9lsz?<\/em><\/strong><\/p>\n<p>\u2013 L\u00e1szl\u00f3 Attil\u00e1val van egy \u00faj zenekarunk, ahol \u00e9n basszus git\u00e1rozom, Nagy J\u00e1nos zongor\u00e1zik, Zombori Attila dobol, tov\u00e1bb\u00e1 h\u00e1rom f\u00fav\u00f3s is sz\u00ednes\u00edti az egy\u00fcttest. Mindemellett Charlie-val, Zor\u00e1nnal tov\u00e1bbra is j\u00e1tszom. Orosz Zolt\u00e1nnal pedig okt\u00f3ber 1-j\u00e9n a Zene Vil\u00e1gnapj\u00e1n lesz egy k\u00f6z\u00f6s koncert\u00fcnk Dorogon.<\/p>\n<p><strong><em>\u2013 Mikor kezdt\u00e9l j\u00e1tszani, illetve mikor var\u00e1zsolt el a zene vil\u00e1ga?<\/em><\/strong><\/p>\n<p>\u2013 M\u00e1r \u00e1ltal\u00e1nos iskol\u00e1ban tudtam, hogy zen\u00e9sz akarok lenni. El\u0151sz\u00f6r zongor\u00e1n j\u00e1tszottam, amit tov\u00e1bb kamatoztattam a gy\u0151ri zenem\u0171v\u00e9szeti szakk\u00f6z\u00e9piskol\u00e1ban. A tan\u00e1rk\u00e9pz\u0151n els\u0151 \u00e9vben m\u00e9g zongor\u00e1n j\u00e1tszottam, majd elvar\u00e1zsolt a jazz zene vil\u00e1ga \u00e9s \u00e1tv\u00e1ltottam nagyb\u0151g\u0151re. Itt kezd\u0151d\u00f6tt a basszusgit\u00e1ros karrierem is.<\/p>\n<p><strong><em>\u2013 Mi\u00e9rt pont a basszusgit\u00e1rt v\u00e1lasztottad?<\/em><\/strong><\/p>\n<p>\u2013 A zenekarokban legt\u00f6bbsz\u00f6r a nagyb\u0151g\u0151 helyett praktikusabb volt a basszusgit\u00e1r \u00e9s mivel szerben ugyanazok \u00e9s egyre t\u00f6bbet haszn\u00e1ltam, erre esett a v\u00e1laszt\u00e1som. De a zenekarok is ink\u00e1bb basszusgit\u00e1rosokat h\u00edvtak b\u0151g\u0151s\u00f6k helyett \u00e9s \u00edgy v\u00e9g\u00fcl ez az egy hangszer maradt meg.<\/p>\n<p><strong><em>\u2013 Milyen zenekarokban j\u00e1tszott\u00e1l, illetve milyen karriert futott\u00e1l be eddigi \u00e9leted sor\u00e1n?<\/em><\/strong><\/p>\n<p>\u2013 Rengeteg zenekart tudhatok a h\u00e1tam m\u00f6g\u00f6tt \u00e9s mintegy 100 kiadott lemezen hallgathatj\u00e1k az \u00e9rdekl\u0151d\u0151k a j\u00e1t\u00e9komat. Az \u00e1ltalam megfordult zenekarok k\u00f6z\u00fcl, akiket \u00e9rdemes kiemelnem jazz kateg\u00f3ri\u00e1ban az a Kaszak\u0151 Egy\u00fcttes, a Shabu-Shabu, a Things, L\u00e1szl\u00f3 Attila Band \u00e9s a Cs\u00e1nyi-Lattmann Kvartet. A jazz mellett blues m\u0171fajban is tev\u00e9kenykedem, mintegy 10 \u00e9vet j\u00e1tszottam Hofi G\u00e9za mellett \u00e9s elmondhatom, hogy k\u00f6r\u00fclbel\u00fcl 30 \u00e9ve j\u00e1tszom Charlie-val \u00e9s Zor\u00e1nnal a mai napig. De L\u00e1szl\u00f3 Attil\u00e1val \u00e9s Orosz Zolt\u00e1nnal is szoktam m\u00e9g zen\u00e9lni.<\/p>\n<p><strong><em>\u2013 Ha j\u00f3l tudom ut\u00e1np\u00f3tl\u00e1s nevel\u00e9ssel is foglalkozol. Hol teszed ezt?<\/em><\/strong><\/p>\n<p>\u2013 Igen, m\u00e1r r\u00e9g\u00f3ta tan\u00edtok. A Liszt Ferenc Zenem\u0171v\u00e9szeti Egyetem jazz tanszak\u00e1nak basszusgit\u00e1rtan\u00e1ra vagyok.<\/p>\n<p><strong><em>\u2013 Melyek a legfontosabb elismer\u00e9sek, amelyeket az \u00e9leted sor\u00e1n szerezt\u00e9l?<\/em><\/strong><\/p>\n<p>\u2013 Els\u0151sorban a most elnyert Pr\u00edma D\u00edjra vagyok nagyon b\u00fcszke, de tal\u00e1n a legb\u00fcszk\u00e9bb a Magyar K\u00f6zt\u00e1rsas\u00e1gi \u00c9rdemrend lovagkeresztj\u00e9re vagyok, amivel a tan\u00edt\u00f3i munk\u00e1mat ismert\u00e9k el 2008-ban. Mindemellett b\u00fcszke vagyok a t\u00f6bbi elismer\u00e9sre is, k\u00f6zt\u00fck az EMeRTon-d\u00edjra, a Pro-Urbe d\u00edjra, az Artisjus-d\u00edjra \u00e9s az Artisjus el\u0151ad\u00f3m\u0171v\u00e9szeti d\u00edjra is.<\/p>\n<p><a href=\"https:\/\/www.kemma.hu\/kozelet\/helyi-kozelet\/oscar-dijas-rendezonk-jelenleteben-adtak-at-a-megyei-prima-dijakat-4200005\/\" target=\"_blank\" rel=\"noopener\"><span style=\"text-decoration: underline; color: #0000ff;\">Tov\u00e1bbi d\u00edjazottak&gt;&gt;<\/span><\/a><\/p>\n<p><em>Bor\u00edt\u00f3k\u00e9p: atempo.sk<\/em><\/p>\n","protected":false},"excerpt":{"rendered":"<p>Szeptember 10-\u00e9n, p\u00e9nteken Tatab\u00e1ny\u00e1n d\u00edjazta a gazdas\u00e1gi-, k\u00f6z-, valamint kultur\u00e1lis \u00e9s sport\u00e9let\u00fcnk kiv\u00e1l\u00f3s\u00e1gait a V\u00e1llalkoz\u00f3k \u00e9s Munk\u00e1ltat\u00f3k Orsz\u00e1gos Sz\u00f6vets\u00e9ge Kom\u00e1rom-Esztergom Megyei Szervezete. A dorogi jazz zen\u00e9sz, Lattmann B\u00e1la a Pr\u00edma D\u00edj, Demj\u00e1n S\u00e1ndor eml\u00e9k\u00e9re alap\u00edtott k\u00fcl\u00f6nd\u00edj\u00e1t vehette \u00e1t. Az elismer\u00e9st Demj\u00e1n S\u00e1ndorn\u00e9 L\u00eddia, az \u00c1llami D\u00edjas magyar \u00fczletember \u00f6zvegye ny\u00fajtotta \u00e1t a zen\u00e9sznek. Lattmann B\u00e9l\u00e1val<\/p>\n","protected":false},"author":1,"featured_media":25706,"comment_status":"closed","ping_status":"closed","sticky":false,"template":"","format":"standard","meta":{"ngg_post_thumbnail":0,"footnotes":""},"categories":[2,3],"tags":[5624,4954,1080],"class_list":{"0":"post-36780","1":"post","2":"type-post","3":"status-publish","4":"format-standard","5":"has-post-thumbnail","7":"category-dorog","8":"category-hirek","9":"tag-featured","10":"tag-lattmann-bela","11":"tag-prima-dij"},"yoast_head":"<!-- This site is optimized with the Yoast SEO plugin v27.4 - https:\/\/yoast.com\/product\/yoast-seo-wordpress\/ -->\n<title>Elismert\u00e9k Lattmann B\u00e9la munk\u00e1ss\u00e1g\u00e1t<\/title>\n<meta name=\"robots\" content=\"index, follow, max-snippet:-1, max-image-preview:large, max-video-preview:-1\" \/>\n<link rel=\"canonical\" href=\"https:\/\/dorogimedence.hu\/index.php\/2021\/09\/15\/elismertek-lattmann-bela-munkassagat\/\" class=\"yoast-seo-meta-tag\" \/>\n<meta property=\"og:locale\" content=\"hu_HU\" class=\"yoast-seo-meta-tag\" \/>\n<meta property=\"og:type\" content=\"article\" class=\"yoast-seo-meta-tag\" \/>\n<meta property=\"og:title\" content=\"Elismert\u00e9k Lattmann B\u00e9la munk\u00e1ss\u00e1g\u00e1t\" class=\"yoast-seo-meta-tag\" \/>\n<meta property=\"og:description\" content=\"Szeptember 10-\u00e9n, p\u00e9nteken Tatab\u00e1ny\u00e1n d\u00edjazta a gazdas\u00e1gi-, k\u00f6z-, valamint kultur\u00e1lis \u00e9s sport\u00e9let\u00fcnk kiv\u00e1l\u00f3s\u00e1gait a V\u00e1llalkoz\u00f3k \u00e9s Munk\u00e1ltat\u00f3k Orsz\u00e1gos Sz\u00f6vets\u00e9ge Kom\u00e1rom-Esztergom Megyei Szervezete. A dorogi jazz zen\u00e9sz, Lattmann B\u00e1la a Pr\u00edma D\u00edj, Demj\u00e1n S\u00e1ndor eml\u00e9k\u00e9re alap\u00edtott k\u00fcl\u00f6nd\u00edj\u00e1t vehette \u00e1t. Az elismer\u00e9st Demj\u00e1n S\u00e1ndorn\u00e9 L\u00eddia, az \u00c1llami D\u00edjas magyar \u00fczletember \u00f6zvegye ny\u00fajtotta \u00e1t a zen\u00e9sznek. Lattmann B\u00e9l\u00e1val\" class=\"yoast-seo-meta-tag\" \/>\n<meta property=\"og:url\" content=\"https:\/\/dorogimedence.hu\/index.php\/2021\/09\/15\/elismertek-lattmann-bela-munkassagat\/\" class=\"yoast-seo-meta-tag\" \/>\n<meta property=\"og:site_name\" content=\"Dorogi-medence Region\u00e1lis H\u00edrport\u00e1l\" class=\"yoast-seo-meta-tag\" \/>\n<meta property=\"article:publisher\" content=\"https:\/\/www.facebook.com\/dorogimedence\/\" class=\"yoast-seo-meta-tag\" \/>\n<meta property=\"article:published_time\" content=\"2021-09-15T05:27:55+00:00\" class=\"yoast-seo-meta-tag\" \/>\n<meta property=\"article:modified_time\" content=\"2021-09-15T05:29:35+00:00\" class=\"yoast-seo-meta-tag\" \/>\n<meta property=\"og:image\" content=\"https:\/\/i0.wp.com\/dorogimedence.hu\/wp-content\/uploads\/2020\/06\/lattmann-01.jpg?fit=830%2C450&ssl=1\" class=\"yoast-seo-meta-tag\" \/>\n\t<meta property=\"og:image:width\" content=\"830\" class=\"yoast-seo-meta-tag\" \/>\n\t<meta property=\"og:image:height\" content=\"450\" class=\"yoast-seo-meta-tag\" \/>\n\t<meta property=\"og:image:type\" content=\"image\/jpeg\" class=\"yoast-seo-meta-tag\" \/>\n<meta name=\"author\" content=\"dorogimedence.hu\" class=\"yoast-seo-meta-tag\" \/>\n<meta name=\"twitter:card\" content=\"summary_large_image\" class=\"yoast-seo-meta-tag\" \/>\n<meta name=\"twitter:label1\" content=\"Szerz\u0151:\" class=\"yoast-seo-meta-tag\" \/>\n\t<meta name=\"twitter:data1\" content=\"dorogimedence.hu\" class=\"yoast-seo-meta-tag\" \/>\n\t<meta name=\"twitter:label2\" content=\"Becs\u00fclt olvas\u00e1si id\u0151\" class=\"yoast-seo-meta-tag\" \/>\n\t<meta name=\"twitter:data2\" content=\"4 perc\" class=\"yoast-seo-meta-tag\" \/>\n<script type=\"application\/ld+json\" class=\"yoast-schema-graph\">{\"@context\":\"https:\\\/\\\/schema.org\",\"@graph\":[{\"@type\":\"Article\",\"@id\":\"https:\\\/\\\/dorogimedence.hu\\\/index.php\\\/2021\\\/09\\\/15\\\/elismertek-lattmann-bela-munkassagat\\\/#article\",\"isPartOf\":{\"@id\":\"https:\\\/\\\/dorogimedence.hu\\\/index.php\\\/2021\\\/09\\\/15\\\/elismertek-lattmann-bela-munkassagat\\\/\"},\"author\":{\"name\":\"dorogimedence.hu\",\"@id\":\"https:\\\/\\\/dorogimedence.hu\\\/#\\\/schema\\\/person\\\/ce6091eeb7e95ecdc87890d6aa8e0fd4\"},\"headline\":\"Elismert\u00e9k Lattmann B\u00e9la munk\u00e1ss\u00e1g\u00e1t\",\"datePublished\":\"2021-09-15T05:27:55+00:00\",\"dateModified\":\"2021-09-15T05:29:35+00:00\",\"mainEntityOfPage\":{\"@id\":\"https:\\\/\\\/dorogimedence.hu\\\/index.php\\\/2021\\\/09\\\/15\\\/elismertek-lattmann-bela-munkassagat\\\/\"},\"wordCount\":782,\"publisher\":{\"@id\":\"https:\\\/\\\/dorogimedence.hu\\\/#organization\"},\"image\":{\"@id\":\"https:\\\/\\\/dorogimedence.hu\\\/index.php\\\/2021\\\/09\\\/15\\\/elismertek-lattmann-bela-munkassagat\\\/#primaryimage\"},\"thumbnailUrl\":\"https:\\\/\\\/dorogimedence.hu\\\/wp-content\\\/uploads\\\/2020\\\/06\\\/lattmann-01.jpg\",\"keywords\":[\"featured\",\"Lattmann B\u00e9la\",\"Pr\u00edma D\u00edj\"],\"articleSection\":[\"Dorog\",\"H\u00edrek\"],\"inLanguage\":\"hu\"},{\"@type\":\"WebPage\",\"@id\":\"https:\\\/\\\/dorogimedence.hu\\\/index.php\\\/2021\\\/09\\\/15\\\/elismertek-lattmann-bela-munkassagat\\\/\",\"url\":\"https:\\\/\\\/dorogimedence.hu\\\/index.php\\\/2021\\\/09\\\/15\\\/elismertek-lattmann-bela-munkassagat\\\/\",\"name\":\"Elismert\u00e9k Lattmann B\u00e9la munk\u00e1ss\u00e1g\u00e1t\",\"isPartOf\":{\"@id\":\"https:\\\/\\\/dorogimedence.hu\\\/#website\"},\"primaryImageOfPage\":{\"@id\":\"https:\\\/\\\/dorogimedence.hu\\\/index.php\\\/2021\\\/09\\\/15\\\/elismertek-lattmann-bela-munkassagat\\\/#primaryimage\"},\"image\":{\"@id\":\"https:\\\/\\\/dorogimedence.hu\\\/index.php\\\/2021\\\/09\\\/15\\\/elismertek-lattmann-bela-munkassagat\\\/#primaryimage\"},\"thumbnailUrl\":\"https:\\\/\\\/dorogimedence.hu\\\/wp-content\\\/uploads\\\/2020\\\/06\\\/lattmann-01.jpg\",\"datePublished\":\"2021-09-15T05:27:55+00:00\",\"dateModified\":\"2021-09-15T05:29:35+00:00\",\"breadcrumb\":{\"@id\":\"https:\\\/\\\/dorogimedence.hu\\\/index.php\\\/2021\\\/09\\\/15\\\/elismertek-lattmann-bela-munkassagat\\\/#breadcrumb\"},\"inLanguage\":\"hu\",\"potentialAction\":[{\"@type\":\"ReadAction\",\"target\":[\"https:\\\/\\\/dorogimedence.hu\\\/index.php\\\/2021\\\/09\\\/15\\\/elismertek-lattmann-bela-munkassagat\\\/\"]}]},{\"@type\":\"ImageObject\",\"inLanguage\":\"hu\",\"@id\":\"https:\\\/\\\/dorogimedence.hu\\\/index.php\\\/2021\\\/09\\\/15\\\/elismertek-lattmann-bela-munkassagat\\\/#primaryimage\",\"url\":\"https:\\\/\\\/dorogimedence.hu\\\/wp-content\\\/uploads\\\/2020\\\/06\\\/lattmann-01.jpg\",\"contentUrl\":\"https:\\\/\\\/dorogimedence.hu\\\/wp-content\\\/uploads\\\/2020\\\/06\\\/lattmann-01.jpg\",\"width\":830,\"height\":450},{\"@type\":\"BreadcrumbList\",\"@id\":\"https:\\\/\\\/dorogimedence.hu\\\/index.php\\\/2021\\\/09\\\/15\\\/elismertek-lattmann-bela-munkassagat\\\/#breadcrumb\",\"itemListElement\":[{\"@type\":\"ListItem\",\"position\":1,\"name\":\"Kezd\u0151lap\",\"item\":\"https:\\\/\\\/dorogimedence.hu\\\/\"},{\"@type\":\"ListItem\",\"position\":2,\"name\":\"Elismert\u00e9k Lattmann B\u00e9la munk\u00e1ss\u00e1g\u00e1t\"}]},{\"@type\":\"WebSite\",\"@id\":\"https:\\\/\\\/dorogimedence.hu\\\/#website\",\"url\":\"https:\\\/\\\/dorogimedence.hu\\\/\",\"name\":\"Dorogi-medence Region\u00e1lis H\u00edrport\u00e1l\",\"description\":\"Dorog, Keszt\u00f6lc, Le\u00e1nyv\u00e1r, Piliscs\u00e9v, Tokod, Tokodalt\u00e1r\u00f3, Csolnok, Esztergom-kertv\u00e1ros: h\u00edrek, programok\",\"publisher\":{\"@id\":\"https:\\\/\\\/dorogimedence.hu\\\/#organization\"},\"potentialAction\":[{\"@type\":\"SearchAction\",\"target\":{\"@type\":\"EntryPoint\",\"urlTemplate\":\"https:\\\/\\\/dorogimedence.hu\\\/?s={search_term_string}\"},\"query-input\":{\"@type\":\"PropertyValueSpecification\",\"valueRequired\":true,\"valueName\":\"search_term_string\"}}],\"inLanguage\":\"hu\"},{\"@type\":\"Organization\",\"@id\":\"https:\\\/\\\/dorogimedence.hu\\\/#organization\",\"name\":\"Dorogi-medence Region\u00e1lis H\u00edrport\u00e1l\",\"url\":\"https:\\\/\\\/dorogimedence.hu\\\/\",\"logo\":{\"@type\":\"ImageObject\",\"inLanguage\":\"hu\",\"@id\":\"https:\\\/\\\/dorogimedence.hu\\\/#\\\/schema\\\/logo\\\/image\\\/\",\"url\":\"https:\\\/\\\/dorogimedence.hu\\\/wp-content\\\/uploads\\\/2021\\\/04\\\/logo-feher-600.png\",\"contentUrl\":\"https:\\\/\\\/dorogimedence.hu\\\/wp-content\\\/uploads\\\/2021\\\/04\\\/logo-feher-600.png\",\"width\":600,\"height\":100,\"caption\":\"Dorogi-medence Region\u00e1lis H\u00edrport\u00e1l\"},\"image\":{\"@id\":\"https:\\\/\\\/dorogimedence.hu\\\/#\\\/schema\\\/logo\\\/image\\\/\"},\"sameAs\":[\"https:\\\/\\\/www.facebook.com\\\/dorogimedence\\\/\"]},{\"@type\":\"Person\",\"@id\":\"https:\\\/\\\/dorogimedence.hu\\\/#\\\/schema\\\/person\\\/ce6091eeb7e95ecdc87890d6aa8e0fd4\",\"name\":\"dorogimedence.hu\",\"image\":{\"@type\":\"ImageObject\",\"inLanguage\":\"hu\",\"@id\":\"\\\/\\\/www.gravatar.com\\\/avatar\\\/d8d45f8901aadff40a4af72c0b826f1d?s=96&#038;r=g&#038;d=mm\",\"url\":\"\\\/\\\/www.gravatar.com\\\/avatar\\\/d8d45f8901aadff40a4af72c0b826f1d?s=96&#038;r=g&#038;d=mm\",\"contentUrl\":\"\\\/\\\/www.gravatar.com\\\/avatar\\\/d8d45f8901aadff40a4af72c0b826f1d?s=96&#038;r=g&#038;d=mm\",\"caption\":\"dorogimedence.hu\"}}]}<\/script>\n<!-- \/ Yoast SEO plugin. -->","yoast_head_json":{"title":"Elismert\u00e9k Lattmann B\u00e9la munk\u00e1ss\u00e1g\u00e1t","robots":{"index":"index","follow":"follow","max-snippet":"max-snippet:-1","max-image-preview":"max-image-preview:large","max-video-preview":"max-video-preview:-1"},"canonical":"https:\/\/dorogimedence.hu\/index.php\/2021\/09\/15\/elismertek-lattmann-bela-munkassagat\/","og_locale":"hu_HU","og_type":"article","og_title":"Elismert\u00e9k Lattmann B\u00e9la munk\u00e1ss\u00e1g\u00e1t","og_description":"Szeptember 10-\u00e9n, p\u00e9nteken Tatab\u00e1ny\u00e1n d\u00edjazta a gazdas\u00e1gi-, k\u00f6z-, valamint kultur\u00e1lis \u00e9s sport\u00e9let\u00fcnk kiv\u00e1l\u00f3s\u00e1gait a V\u00e1llalkoz\u00f3k \u00e9s Munk\u00e1ltat\u00f3k Orsz\u00e1gos Sz\u00f6vets\u00e9ge Kom\u00e1rom-Esztergom Megyei Szervezete. A dorogi jazz zen\u00e9sz, Lattmann B\u00e1la a Pr\u00edma D\u00edj, Demj\u00e1n S\u00e1ndor eml\u00e9k\u00e9re alap\u00edtott k\u00fcl\u00f6nd\u00edj\u00e1t vehette \u00e1t. Az elismer\u00e9st Demj\u00e1n S\u00e1ndorn\u00e9 L\u00eddia, az \u00c1llami D\u00edjas magyar \u00fczletember \u00f6zvegye ny\u00fajtotta \u00e1t a zen\u00e9sznek. Lattmann B\u00e9l\u00e1val","og_url":"https:\/\/dorogimedence.hu\/index.php\/2021\/09\/15\/elismertek-lattmann-bela-munkassagat\/","og_site_name":"Dorogi-medence Region\u00e1lis H\u00edrport\u00e1l","article_publisher":"https:\/\/www.facebook.com\/dorogimedence\/","article_published_time":"2021-09-15T05:27:55+00:00","article_modified_time":"2021-09-15T05:29:35+00:00","og_image":[{"width":830,"height":450,"url":"https:\/\/i0.wp.com\/dorogimedence.hu\/wp-content\/uploads\/2020\/06\/lattmann-01.jpg?fit=830%2C450&ssl=1","type":"image\/jpeg"}],"author":"dorogimedence.hu","twitter_card":"summary_large_image","twitter_misc":{"Szerz\u0151:":"dorogimedence.hu","Becs\u00fclt olvas\u00e1si id\u0151":"4 perc"},"schema":{"@context":"https:\/\/schema.org","@graph":[{"@type":"Article","@id":"https:\/\/dorogimedence.hu\/index.php\/2021\/09\/15\/elismertek-lattmann-bela-munkassagat\/#article","isPartOf":{"@id":"https:\/\/dorogimedence.hu\/index.php\/2021\/09\/15\/elismertek-lattmann-bela-munkassagat\/"},"author":{"name":"dorogimedence.hu","@id":"https:\/\/dorogimedence.hu\/#\/schema\/person\/ce6091eeb7e95ecdc87890d6aa8e0fd4"},"headline":"Elismert\u00e9k Lattmann B\u00e9la munk\u00e1ss\u00e1g\u00e1t","datePublished":"2021-09-15T05:27:55+00:00","dateModified":"2021-09-15T05:29:35+00:00","mainEntityOfPage":{"@id":"https:\/\/dorogimedence.hu\/index.php\/2021\/09\/15\/elismertek-lattmann-bela-munkassagat\/"},"wordCount":782,"publisher":{"@id":"https:\/\/dorogimedence.hu\/#organization"},"image":{"@id":"https:\/\/dorogimedence.hu\/index.php\/2021\/09\/15\/elismertek-lattmann-bela-munkassagat\/#primaryimage"},"thumbnailUrl":"https:\/\/dorogimedence.hu\/wp-content\/uploads\/2020\/06\/lattmann-01.jpg","keywords":["featured","Lattmann B\u00e9la","Pr\u00edma D\u00edj"],"articleSection":["Dorog","H\u00edrek"],"inLanguage":"hu"},{"@type":"WebPage","@id":"https:\/\/dorogimedence.hu\/index.php\/2021\/09\/15\/elismertek-lattmann-bela-munkassagat\/","url":"https:\/\/dorogimedence.hu\/index.php\/2021\/09\/15\/elismertek-lattmann-bela-munkassagat\/","name":"Elismert\u00e9k Lattmann B\u00e9la munk\u00e1ss\u00e1g\u00e1t","isPartOf":{"@id":"https:\/\/dorogimedence.hu\/#website"},"primaryImageOfPage":{"@id":"https:\/\/dorogimedence.hu\/index.php\/2021\/09\/15\/elismertek-lattmann-bela-munkassagat\/#primaryimage"},"image":{"@id":"https:\/\/dorogimedence.hu\/index.php\/2021\/09\/15\/elismertek-lattmann-bela-munkassagat\/#primaryimage"},"thumbnailUrl":"https:\/\/dorogimedence.hu\/wp-content\/uploads\/2020\/06\/lattmann-01.jpg","datePublished":"2021-09-15T05:27:55+00:00","dateModified":"2021-09-15T05:29:35+00:00","breadcrumb":{"@id":"https:\/\/dorogimedence.hu\/index.php\/2021\/09\/15\/elismertek-lattmann-bela-munkassagat\/#breadcrumb"},"inLanguage":"hu","potentialAction":[{"@type":"ReadAction","target":["https:\/\/dorogimedence.hu\/index.php\/2021\/09\/15\/elismertek-lattmann-bela-munkassagat\/"]}]},{"@type":"ImageObject","inLanguage":"hu","@id":"https:\/\/dorogimedence.hu\/index.php\/2021\/09\/15\/elismertek-lattmann-bela-munkassagat\/#primaryimage","url":"https:\/\/dorogimedence.hu\/wp-content\/uploads\/2020\/06\/lattmann-01.jpg","contentUrl":"https:\/\/dorogimedence.hu\/wp-content\/uploads\/2020\/06\/lattmann-01.jpg","width":830,"height":450},{"@type":"BreadcrumbList","@id":"https:\/\/dorogimedence.hu\/index.php\/2021\/09\/15\/elismertek-lattmann-bela-munkassagat\/#breadcrumb","itemListElement":[{"@type":"ListItem","position":1,"name":"Kezd\u0151lap","item":"https:\/\/dorogimedence.hu\/"},{"@type":"ListItem","position":2,"name":"Elismert\u00e9k Lattmann B\u00e9la munk\u00e1ss\u00e1g\u00e1t"}]},{"@type":"WebSite","@id":"https:\/\/dorogimedence.hu\/#website","url":"https:\/\/dorogimedence.hu\/","name":"Dorogi-medence Region\u00e1lis H\u00edrport\u00e1l","description":"Dorog, Keszt\u00f6lc, Le\u00e1nyv\u00e1r, Piliscs\u00e9v, Tokod, Tokodalt\u00e1r\u00f3, Csolnok, Esztergom-kertv\u00e1ros: h\u00edrek, programok","publisher":{"@id":"https:\/\/dorogimedence.hu\/#organization"},"potentialAction":[{"@type":"SearchAction","target":{"@type":"EntryPoint","urlTemplate":"https:\/\/dorogimedence.hu\/?s={search_term_string}"},"query-input":{"@type":"PropertyValueSpecification","valueRequired":true,"valueName":"search_term_string"}}],"inLanguage":"hu"},{"@type":"Organization","@id":"https:\/\/dorogimedence.hu\/#organization","name":"Dorogi-medence Region\u00e1lis H\u00edrport\u00e1l","url":"https:\/\/dorogimedence.hu\/","logo":{"@type":"ImageObject","inLanguage":"hu","@id":"https:\/\/dorogimedence.hu\/#\/schema\/logo\/image\/","url":"https:\/\/dorogimedence.hu\/wp-content\/uploads\/2021\/04\/logo-feher-600.png","contentUrl":"https:\/\/dorogimedence.hu\/wp-content\/uploads\/2021\/04\/logo-feher-600.png","width":600,"height":100,"caption":"Dorogi-medence Region\u00e1lis H\u00edrport\u00e1l"},"image":{"@id":"https:\/\/dorogimedence.hu\/#\/schema\/logo\/image\/"},"sameAs":["https:\/\/www.facebook.com\/dorogimedence\/"]},{"@type":"Person","@id":"https:\/\/dorogimedence.hu\/#\/schema\/person\/ce6091eeb7e95ecdc87890d6aa8e0fd4","name":"dorogimedence.hu","image":{"@type":"ImageObject","inLanguage":"hu","@id":"\/\/www.gravatar.com\/avatar\/d8d45f8901aadff40a4af72c0b826f1d?s=96&#038;r=g&#038;d=mm","url":"\/\/www.gravatar.com\/avatar\/d8d45f8901aadff40a4af72c0b826f1d?s=96&#038;r=g&#038;d=mm","contentUrl":"\/\/www.gravatar.com\/avatar\/d8d45f8901aadff40a4af72c0b826f1d?s=96&#038;r=g&#038;d=mm","caption":"dorogimedence.hu"}}]}},"_links":{"self":[{"href":"https:\/\/dorogimedence.hu\/index.php\/wp-json\/wp\/v2\/posts\/36780","targetHints":{"allow":["GET"]}}],"collection":[{"href":"https:\/\/dorogimedence.hu\/index.php\/wp-json\/wp\/v2\/posts"}],"about":[{"href":"https:\/\/dorogimedence.hu\/index.php\/wp-json\/wp\/v2\/types\/post"}],"author":[{"embeddable":true,"href":"https:\/\/dorogimedence.hu\/index.php\/wp-json\/wp\/v2\/users\/1"}],"replies":[{"embeddable":true,"href":"https:\/\/dorogimedence.hu\/index.php\/wp-json\/wp\/v2\/comments?post=36780"}],"version-history":[{"count":0,"href":"https:\/\/dorogimedence.hu\/index.php\/wp-json\/wp\/v2\/posts\/36780\/revisions"}],"wp:featuredmedia":[{"embeddable":true,"href":"https:\/\/dorogimedence.hu\/index.php\/wp-json\/wp\/v2\/media\/25706"}],"wp:attachment":[{"href":"https:\/\/dorogimedence.hu\/index.php\/wp-json\/wp\/v2\/media?parent=36780"}],"wp:term":[{"taxonomy":"category","embeddable":true,"href":"https:\/\/dorogimedence.hu\/index.php\/wp-json\/wp\/v2\/categories?post=36780"},{"taxonomy":"post_tag","embeddable":true,"href":"https:\/\/dorogimedence.hu\/index.php\/wp-json\/wp\/v2\/tags?post=36780"}],"curies":[{"name":"wp","href":"https:\/\/api.w.org\/{rel}","templated":true}]}}