{"id":36732,"date":"2021-09-13T15:32:23","date_gmt":"2021-09-13T13:32:23","guid":{"rendered":"https:\/\/dorogimedence.hu\/?p=36732"},"modified":"2021-09-13T15:32:23","modified_gmt":"2021-09-13T13:32:23","slug":"hetedik-alkalommal-rendeztek-meg-a-ko-kovon-fesztivalt","status":"publish","type":"post","link":"https:\/\/dorogimedence.hu\/index.php\/2021\/09\/13\/hetedik-alkalommal-rendeztek-meg-a-ko-kovon-fesztivalt\/","title":{"rendered":"Hetedik alkalommal rendezt\u00e9k meg a K\u0151 K\u00f6v\u00f6n Fesztiv\u00e1lt"},"content":{"rendered":"<p><strong>Szeptember 11-\u00e9n, szombaton rendezt\u00e9k meg a K\u0151 K\u00f6v\u00f6n Fesztiv\u00e1lt S\u00fctt\u0151n. A favorit id\u00e9n is a k\u0151farag\u00e1s \u00e9s a k\u0151haj\u00edt\u00e1s volt.<\/strong><\/p>\n<p>A hetedik alkalommal megrendezett fesztiv\u00e1l c\u00e9lja a k\u00f6zs\u00e9g k\u0151farag\u00f3 kult\u00far\u00e1j\u00e1nak \u00e1pol\u00e1sa \u00e9s megismertet\u00e9se, hiszen a telep\u00fcl\u00e9sen a k\u0151b\u00e1ny\u00e1szat \u00e1ltal nagy hagyom\u00e1nya van a k\u0151farag\u00e1snak. A K\u0151 K\u00f6v\u00f6n Fesztiv\u00e1lt is egy k\u0151szobr\u00e1sz alkot\u00f3t\u00e1bor el\u0151zte meg h\u00e9t \u00e9vvel ezel\u0151tt.<\/p>\n<p><img fetchpriority=\"high\" decoding=\"async\" class=\"alignnone size-large wp-image-36736\" src=\"https:\/\/dorogimedence.hu\/wp-content\/uploads\/2021\/09\/kokovon-04-1024x683.jpg\" alt=\"\" width=\"755\" height=\"504\" srcset=\"https:\/\/dorogimedence.hu\/wp-content\/uploads\/2021\/09\/kokovon-04-1024x683.jpg 1024w, https:\/\/dorogimedence.hu\/wp-content\/uploads\/2021\/09\/kokovon-04-300x200.jpg 300w, https:\/\/dorogimedence.hu\/wp-content\/uploads\/2021\/09\/kokovon-04-768x512.jpg 768w, https:\/\/dorogimedence.hu\/wp-content\/uploads\/2021\/09\/kokovon-04-150x100.jpg 150w, https:\/\/dorogimedence.hu\/wp-content\/uploads\/2021\/09\/kokovon-04-450x300.jpg 450w, https:\/\/dorogimedence.hu\/wp-content\/uploads\/2021\/09\/kokovon-04-272x182.jpg 272w, https:\/\/dorogimedence.hu\/wp-content\/uploads\/2021\/09\/kokovon-04.jpg 1200w\" sizes=\"(max-width: 755px) 100vw, 755px\" \/><\/p>\n<p>A rendezv\u00e9ny hivatalos megnyit\u00f3j\u00e1n Czermann J\u00e1nos, S\u00fctt\u0151 polg\u00e1rmestere k\u00f6sz\u00f6netet mondott dr. V\u00f6lner P\u00e1lnak, a t\u00e9rs\u00e9g orsz\u00e1ggy\u0171l\u00e9si k\u00e9pvisel\u0151j\u00e9nek, valamint Fekete P\u00e9ternek, az EMMI kult\u00far\u00e1\u00e9rt felel\u0151s \u00e1llamtitk\u00e1r\u00e1nak, hiszen id\u00e9n a k\u00f6zbenj\u00e1r\u00e1sukkal val\u00f3sulhatott meg a m\u00e1r hagyom\u00e1nyosnak mondhat\u00f3 K\u0151 K\u00f6v\u00f6n Fesztiv\u00e1l. Ugyanis a pand\u00e9mia miatt az \u00f6nkorm\u00e1nyzat a k\u00f6lts\u00e9gvet\u00e9sben nem sz\u00e1molt a rendezv\u00e9ny megszervez\u00e9s\u00e9vel. Mindemellett megk\u00f6sz\u00f6nte a korm\u00e1ny seg\u00edts\u00e9g\u00e9t is, hiszen p\u00e1ly\u00e1zati forr\u00e1sb\u00f3l nemr\u00e9giben egy j\u00f3 min\u0151s\u00e9g\u0171 f\u0171ny\u00edr\u00f3 traktort, valamint s\u00f6rpad-garnit\u00far\u00e1kat v\u00e1s\u00e1roltak, a tov\u00e1bbi forr\u00e1sokb\u00f3l pedig s\u00f6rs\u00e1trakat \u00e9s egy hangos\u00edt\u00f3 szettet szereznek majd be.<\/p>\n<p><img decoding=\"async\" class=\"alignnone size-large wp-image-36734\" src=\"https:\/\/dorogimedence.hu\/wp-content\/uploads\/2021\/09\/kokovon-02-1024x727.jpg\" alt=\"\" width=\"755\" height=\"536\" srcset=\"https:\/\/dorogimedence.hu\/wp-content\/uploads\/2021\/09\/kokovon-02-1024x727.jpg 1024w, https:\/\/dorogimedence.hu\/wp-content\/uploads\/2021\/09\/kokovon-02-300x213.jpg 300w, https:\/\/dorogimedence.hu\/wp-content\/uploads\/2021\/09\/kokovon-02-768x545.jpg 768w, https:\/\/dorogimedence.hu\/wp-content\/uploads\/2021\/09\/kokovon-02-150x107.jpg 150w, https:\/\/dorogimedence.hu\/wp-content\/uploads\/2021\/09\/kokovon-02-450x320.jpg 450w, https:\/\/dorogimedence.hu\/wp-content\/uploads\/2021\/09\/kokovon-02.jpg 1200w\" sizes=\"(max-width: 755px) 100vw, 755px\" \/><\/p>\n<p>\u201eElhangzott, hogy Fekete P\u00e9ter \u00e1llamtitk\u00e1r \u00far seg\u00edtett nek\u00fcnk az anyagiak el\u0151teremt\u00e9s\u00e9ben, \u00e9s eszembe jutott, hogy mennyivel jobb ma k\u00e9pvisel\u0151nek lenni, mint 2010-ben, amikor m\u00e9g \u00fagy eml\u00e9kszem, az \u00f6nkorm\u00e1nyzat hitelb\u0151l l\u00e9tes\u00edtett egy id\u0151sotthont. Ma pedig az \u00f3vod\u00e1t, b\u00f6lcs\u0151d\u00e9t egy el\u0151re \u00e1tutalt \u00f6sszegb\u0151l \u00e9p\u00edti az \u00f6nkorm\u00e1nyzat, teh\u00e1t jelent\u0151s k\u00fcl\u00f6nbs\u00e9g van az elm\u00falt 10 \u00e9v t\u00f6rt\u00e9n\u00e9sei k\u00f6z\u00f6tt. Mellesleg megjegyzem, hogy az a hitel, amit az id\u0151sotthonra ford\u00edtott az \u00f6nkorm\u00e1nyzat, annak a t\u00f6rleszt\u00e9s\u00e9t is \u00e1tv\u00e1llalta az \u00e1llam, teh\u00e1t t\u00e9nyleg rengeteget tesz\u00fcnk az\u00e9rt, hogy a kistelep\u00fcl\u00e9sek min\u00e9l \u00e9lhet\u0151bbek legyenek.\u201d \u2013 \u00edgy reag\u00e1lt dr. V\u00f6lner P\u00e1l a polg\u00e1rmester besz\u00e9d\u00e9re.<\/p>\n<p><img decoding=\"async\" class=\"alignnone size-large wp-image-36735\" src=\"https:\/\/dorogimedence.hu\/wp-content\/uploads\/2021\/09\/kokovon-03-1024x683.jpg\" alt=\"\" width=\"755\" height=\"504\" srcset=\"https:\/\/dorogimedence.hu\/wp-content\/uploads\/2021\/09\/kokovon-03-1024x683.jpg 1024w, https:\/\/dorogimedence.hu\/wp-content\/uploads\/2021\/09\/kokovon-03-300x200.jpg 300w, https:\/\/dorogimedence.hu\/wp-content\/uploads\/2021\/09\/kokovon-03-768x512.jpg 768w, https:\/\/dorogimedence.hu\/wp-content\/uploads\/2021\/09\/kokovon-03-150x100.jpg 150w, https:\/\/dorogimedence.hu\/wp-content\/uploads\/2021\/09\/kokovon-03-450x300.jpg 450w, https:\/\/dorogimedence.hu\/wp-content\/uploads\/2021\/09\/kokovon-03-272x182.jpg 272w, https:\/\/dorogimedence.hu\/wp-content\/uploads\/2021\/09\/kokovon-03.jpg 1200w\" sizes=\"(max-width: 755px) 100vw, 755px\" \/><\/p>\n<p>A k\u0151farag\u00e1son \u00e9s a k\u00e9zm\u0171ves foglalkoz\u00e1sokon k\u00edv\u00fcl, \u00fcgyess\u00e9gi \u00e9s sz\u00f3rakoztat\u00f3 j\u00e1t\u00e9kok, valamint ugr\u00e1l\u00f3v\u00e1rak v\u00e1rt\u00e1k a kicsiket \u00e9s a nagyokat. A feln\u0151ttek mindamellett, hogy egy K\u0151kem\u00e9ny T\u00far\u00e1n tehett\u00e9k pr\u00f3b\u00e1ra \u00e1ll\u00f3k\u00e9pess\u00e9g\u00fcket, k\u0151haj\u00edt\u00e1ssal m\u00e9rhett\u00e9k \u00f6ssze tud\u00e1sukat egy-egy kors\u00f3 s\u00f6r, vagy finom fr\u00f6ccs k\u00eds\u00e9ret\u00e9ben. Itt ki kell emelni azt is, hogy a k\u0151haj\u00edt\u00e1son t\u00f6bb h\u00f6lgy is kipr\u00f3b\u00e1lta mag\u00e1t \u00e9s azt kell mondani, hogy t\u00f6bb f\u00e9rfit maguk m\u00f6g\u00e9 utas\u00edtva, nagyobb t\u00e1vols\u00e1gra haj\u00edtottak.<\/p>\n<p>A sz\u00ednpadon a gyerekkoncert ut\u00e1n a Megapolis \u00e9s az Ocho Macho adott koncertet, majd retro bulival z\u00e1rt\u00e1k a fesztiv\u00e1lt.<\/p>\n<p><img loading=\"lazy\" decoding=\"async\" class=\"alignnone size-large wp-image-36737\" src=\"https:\/\/dorogimedence.hu\/wp-content\/uploads\/2021\/09\/kokovon-05-1024x617.jpg\" alt=\"\" width=\"755\" height=\"455\" srcset=\"https:\/\/dorogimedence.hu\/wp-content\/uploads\/2021\/09\/kokovon-05-1024x617.jpg 1024w, https:\/\/dorogimedence.hu\/wp-content\/uploads\/2021\/09\/kokovon-05-300x181.jpg 300w, https:\/\/dorogimedence.hu\/wp-content\/uploads\/2021\/09\/kokovon-05-768x463.jpg 768w, https:\/\/dorogimedence.hu\/wp-content\/uploads\/2021\/09\/kokovon-05-150x90.jpg 150w, https:\/\/dorogimedence.hu\/wp-content\/uploads\/2021\/09\/kokovon-05-450x271.jpg 450w, https:\/\/dorogimedence.hu\/wp-content\/uploads\/2021\/09\/kokovon-05.jpg 1200w\" sizes=\"(max-width: 755px) 100vw, 755px\" \/> <img loading=\"lazy\" decoding=\"async\" class=\"alignnone size-large wp-image-36738\" src=\"https:\/\/dorogimedence.hu\/wp-content\/uploads\/2021\/09\/kokovon-06-1024x670.jpg\" alt=\"\" width=\"755\" height=\"494\" srcset=\"https:\/\/dorogimedence.hu\/wp-content\/uploads\/2021\/09\/kokovon-06-1024x670.jpg 1024w, https:\/\/dorogimedence.hu\/wp-content\/uploads\/2021\/09\/kokovon-06-300x196.jpg 300w, https:\/\/dorogimedence.hu\/wp-content\/uploads\/2021\/09\/kokovon-06-768x502.jpg 768w, https:\/\/dorogimedence.hu\/wp-content\/uploads\/2021\/09\/kokovon-06-150x98.jpg 150w, https:\/\/dorogimedence.hu\/wp-content\/uploads\/2021\/09\/kokovon-06-450x294.jpg 450w, https:\/\/dorogimedence.hu\/wp-content\/uploads\/2021\/09\/kokovon-06.jpg 1200w\" sizes=\"(max-width: 755px) 100vw, 755px\" \/> <img loading=\"lazy\" decoding=\"async\" class=\"alignnone size-large wp-image-36739\" src=\"https:\/\/dorogimedence.hu\/wp-content\/uploads\/2021\/09\/kokovon-07-1024x574.jpg\" alt=\"\" width=\"755\" height=\"423\" srcset=\"https:\/\/dorogimedence.hu\/wp-content\/uploads\/2021\/09\/kokovon-07-1024x574.jpg 1024w, https:\/\/dorogimedence.hu\/wp-content\/uploads\/2021\/09\/kokovon-07-300x168.jpg 300w, https:\/\/dorogimedence.hu\/wp-content\/uploads\/2021\/09\/kokovon-07-768x431.jpg 768w, https:\/\/dorogimedence.hu\/wp-content\/uploads\/2021\/09\/kokovon-07-150x84.jpg 150w, https:\/\/dorogimedence.hu\/wp-content\/uploads\/2021\/09\/kokovon-07-450x252.jpg 450w, https:\/\/dorogimedence.hu\/wp-content\/uploads\/2021\/09\/kokovon-07.jpg 1200w\" sizes=\"(max-width: 755px) 100vw, 755px\" \/><\/p>\n","protected":false},"excerpt":{"rendered":"<p>Szeptember 11-\u00e9n, szombaton rendezt\u00e9k meg a K\u0151 K\u00f6v\u00f6n Fesztiv\u00e1lt S\u00fctt\u0151n. A favorit id\u00e9n is a k\u0151farag\u00e1s \u00e9s a k\u0151haj\u00edt\u00e1s volt. A hetedik alkalommal megrendezett fesztiv\u00e1l c\u00e9lja a k\u00f6zs\u00e9g k\u0151farag\u00f3 kult\u00far\u00e1j\u00e1nak \u00e1pol\u00e1sa \u00e9s megismertet\u00e9se, hiszen a telep\u00fcl\u00e9sen a k\u0151b\u00e1ny\u00e1szat \u00e1ltal nagy hagyom\u00e1nya van a k\u0151farag\u00e1snak. A K\u0151 K\u00f6v\u00f6n Fesztiv\u00e1lt is egy k\u0151szobr\u00e1sz alkot\u00f3t\u00e1bor el\u0151zte meg h\u00e9t<\/p>\n","protected":false},"author":1,"featured_media":36733,"comment_status":"closed","ping_status":"closed","sticky":false,"template":"","format":"standard","meta":{"ngg_post_thumbnail":0,"footnotes":""},"categories":[3],"tags":[5624,660,4262,376],"class_list":{"0":"post-36732","1":"post","2":"type-post","3":"status-publish","4":"format-standard","5":"has-post-thumbnail","7":"category-hirek","8":"tag-featured","9":"tag-fesztival","10":"tag-ko-kovon-fesztival","11":"tag-sutto"},"yoast_head":"<!-- This site is optimized with the Yoast SEO plugin v27.4 - https:\/\/yoast.com\/product\/yoast-seo-wordpress\/ -->\n<title>Hetedik alkalommal rendezt\u00e9k meg a K\u0151 K\u00f6v\u00f6n Fesztiv\u00e1lt<\/title>\n<meta name=\"robots\" content=\"index, follow, max-snippet:-1, max-image-preview:large, max-video-preview:-1\" \/>\n<link rel=\"canonical\" href=\"https:\/\/dorogimedence.hu\/index.php\/2021\/09\/13\/hetedik-alkalommal-rendeztek-meg-a-ko-kovon-fesztivalt\/\" class=\"yoast-seo-meta-tag\" \/>\n<meta property=\"og:locale\" content=\"hu_HU\" class=\"yoast-seo-meta-tag\" \/>\n<meta property=\"og:type\" content=\"article\" class=\"yoast-seo-meta-tag\" \/>\n<meta property=\"og:title\" content=\"Hetedik alkalommal rendezt\u00e9k meg a K\u0151 K\u00f6v\u00f6n Fesztiv\u00e1lt\" class=\"yoast-seo-meta-tag\" \/>\n<meta property=\"og:description\" content=\"Szeptember 11-\u00e9n, szombaton rendezt\u00e9k meg a K\u0151 K\u00f6v\u00f6n Fesztiv\u00e1lt S\u00fctt\u0151n. A favorit id\u00e9n is a k\u0151farag\u00e1s \u00e9s a k\u0151haj\u00edt\u00e1s volt. A hetedik alkalommal megrendezett fesztiv\u00e1l c\u00e9lja a k\u00f6zs\u00e9g k\u0151farag\u00f3 kult\u00far\u00e1j\u00e1nak \u00e1pol\u00e1sa \u00e9s megismertet\u00e9se, hiszen a telep\u00fcl\u00e9sen a k\u0151b\u00e1ny\u00e1szat \u00e1ltal nagy hagyom\u00e1nya van a k\u0151farag\u00e1snak. A K\u0151 K\u00f6v\u00f6n Fesztiv\u00e1lt is egy k\u0151szobr\u00e1sz alkot\u00f3t\u00e1bor el\u0151zte meg h\u00e9t\" class=\"yoast-seo-meta-tag\" \/>\n<meta property=\"og:url\" content=\"https:\/\/dorogimedence.hu\/index.php\/2021\/09\/13\/hetedik-alkalommal-rendeztek-meg-a-ko-kovon-fesztivalt\/\" class=\"yoast-seo-meta-tag\" \/>\n<meta property=\"og:site_name\" content=\"Dorogi-medence Region\u00e1lis H\u00edrport\u00e1l\" class=\"yoast-seo-meta-tag\" \/>\n<meta property=\"article:publisher\" content=\"https:\/\/www.facebook.com\/dorogimedence\/\" class=\"yoast-seo-meta-tag\" \/>\n<meta property=\"article:published_time\" content=\"2021-09-13T13:32:23+00:00\" class=\"yoast-seo-meta-tag\" \/>\n<meta property=\"og:image\" content=\"https:\/\/i0.wp.com\/dorogimedence.hu\/wp-content\/uploads\/2021\/09\/kokovon-01.jpg?fit=1920%2C1110&ssl=1\" class=\"yoast-seo-meta-tag\" \/>\n\t<meta property=\"og:image:width\" content=\"1920\" class=\"yoast-seo-meta-tag\" \/>\n\t<meta property=\"og:image:height\" content=\"1110\" class=\"yoast-seo-meta-tag\" \/>\n\t<meta property=\"og:image:type\" content=\"image\/jpeg\" class=\"yoast-seo-meta-tag\" \/>\n<meta name=\"author\" content=\"dorogimedence.hu\" class=\"yoast-seo-meta-tag\" \/>\n<meta name=\"twitter:card\" content=\"summary_large_image\" class=\"yoast-seo-meta-tag\" \/>\n<meta name=\"twitter:label1\" content=\"Szerz\u0151:\" class=\"yoast-seo-meta-tag\" \/>\n\t<meta name=\"twitter:data1\" content=\"dorogimedence.hu\" class=\"yoast-seo-meta-tag\" \/>\n\t<meta name=\"twitter:label2\" content=\"Becs\u00fclt olvas\u00e1si id\u0151\" class=\"yoast-seo-meta-tag\" \/>\n\t<meta name=\"twitter:data2\" content=\"3 perc\" class=\"yoast-seo-meta-tag\" \/>\n<script type=\"application\/ld+json\" class=\"yoast-schema-graph\">{\"@context\":\"https:\\\/\\\/schema.org\",\"@graph\":[{\"@type\":\"Article\",\"@id\":\"https:\\\/\\\/dorogimedence.hu\\\/index.php\\\/2021\\\/09\\\/13\\\/hetedik-alkalommal-rendeztek-meg-a-ko-kovon-fesztivalt\\\/#article\",\"isPartOf\":{\"@id\":\"https:\\\/\\\/dorogimedence.hu\\\/index.php\\\/2021\\\/09\\\/13\\\/hetedik-alkalommal-rendeztek-meg-a-ko-kovon-fesztivalt\\\/\"},\"author\":{\"name\":\"dorogimedence.hu\",\"@id\":\"https:\\\/\\\/dorogimedence.hu\\\/#\\\/schema\\\/person\\\/ce6091eeb7e95ecdc87890d6aa8e0fd4\"},\"headline\":\"Hetedik alkalommal rendezt\u00e9k meg a K\u0151 K\u00f6v\u00f6n Fesztiv\u00e1lt\",\"datePublished\":\"2021-09-13T13:32:23+00:00\",\"mainEntityOfPage\":{\"@id\":\"https:\\\/\\\/dorogimedence.hu\\\/index.php\\\/2021\\\/09\\\/13\\\/hetedik-alkalommal-rendeztek-meg-a-ko-kovon-fesztivalt\\\/\"},\"wordCount\":552,\"publisher\":{\"@id\":\"https:\\\/\\\/dorogimedence.hu\\\/#organization\"},\"image\":{\"@id\":\"https:\\\/\\\/dorogimedence.hu\\\/index.php\\\/2021\\\/09\\\/13\\\/hetedik-alkalommal-rendeztek-meg-a-ko-kovon-fesztivalt\\\/#primaryimage\"},\"thumbnailUrl\":\"https:\\\/\\\/dorogimedence.hu\\\/wp-content\\\/uploads\\\/2021\\\/09\\\/kokovon-01.jpg\",\"keywords\":[\"featured\",\"fesztiv\u00e1l\",\"K\u0151 K\u00f6v\u00f6n Fesztiv\u00e1l\",\"S\u00fctt\u0151\"],\"articleSection\":[\"H\u00edrek\"],\"inLanguage\":\"hu\"},{\"@type\":\"WebPage\",\"@id\":\"https:\\\/\\\/dorogimedence.hu\\\/index.php\\\/2021\\\/09\\\/13\\\/hetedik-alkalommal-rendeztek-meg-a-ko-kovon-fesztivalt\\\/\",\"url\":\"https:\\\/\\\/dorogimedence.hu\\\/index.php\\\/2021\\\/09\\\/13\\\/hetedik-alkalommal-rendeztek-meg-a-ko-kovon-fesztivalt\\\/\",\"name\":\"Hetedik alkalommal rendezt\u00e9k meg a K\u0151 K\u00f6v\u00f6n Fesztiv\u00e1lt\",\"isPartOf\":{\"@id\":\"https:\\\/\\\/dorogimedence.hu\\\/#website\"},\"primaryImageOfPage\":{\"@id\":\"https:\\\/\\\/dorogimedence.hu\\\/index.php\\\/2021\\\/09\\\/13\\\/hetedik-alkalommal-rendeztek-meg-a-ko-kovon-fesztivalt\\\/#primaryimage\"},\"image\":{\"@id\":\"https:\\\/\\\/dorogimedence.hu\\\/index.php\\\/2021\\\/09\\\/13\\\/hetedik-alkalommal-rendeztek-meg-a-ko-kovon-fesztivalt\\\/#primaryimage\"},\"thumbnailUrl\":\"https:\\\/\\\/dorogimedence.hu\\\/wp-content\\\/uploads\\\/2021\\\/09\\\/kokovon-01.jpg\",\"datePublished\":\"2021-09-13T13:32:23+00:00\",\"breadcrumb\":{\"@id\":\"https:\\\/\\\/dorogimedence.hu\\\/index.php\\\/2021\\\/09\\\/13\\\/hetedik-alkalommal-rendeztek-meg-a-ko-kovon-fesztivalt\\\/#breadcrumb\"},\"inLanguage\":\"hu\",\"potentialAction\":[{\"@type\":\"ReadAction\",\"target\":[\"https:\\\/\\\/dorogimedence.hu\\\/index.php\\\/2021\\\/09\\\/13\\\/hetedik-alkalommal-rendeztek-meg-a-ko-kovon-fesztivalt\\\/\"]}]},{\"@type\":\"ImageObject\",\"inLanguage\":\"hu\",\"@id\":\"https:\\\/\\\/dorogimedence.hu\\\/index.php\\\/2021\\\/09\\\/13\\\/hetedik-alkalommal-rendeztek-meg-a-ko-kovon-fesztivalt\\\/#primaryimage\",\"url\":\"https:\\\/\\\/dorogimedence.hu\\\/wp-content\\\/uploads\\\/2021\\\/09\\\/kokovon-01.jpg\",\"contentUrl\":\"https:\\\/\\\/dorogimedence.hu\\\/wp-content\\\/uploads\\\/2021\\\/09\\\/kokovon-01.jpg\",\"width\":1920,\"height\":1110},{\"@type\":\"BreadcrumbList\",\"@id\":\"https:\\\/\\\/dorogimedence.hu\\\/index.php\\\/2021\\\/09\\\/13\\\/hetedik-alkalommal-rendeztek-meg-a-ko-kovon-fesztivalt\\\/#breadcrumb\",\"itemListElement\":[{\"@type\":\"ListItem\",\"position\":1,\"name\":\"Kezd\u0151lap\",\"item\":\"https:\\\/\\\/dorogimedence.hu\\\/\"},{\"@type\":\"ListItem\",\"position\":2,\"name\":\"Hetedik alkalommal rendezt\u00e9k meg a K\u0151 K\u00f6v\u00f6n Fesztiv\u00e1lt\"}]},{\"@type\":\"WebSite\",\"@id\":\"https:\\\/\\\/dorogimedence.hu\\\/#website\",\"url\":\"https:\\\/\\\/dorogimedence.hu\\\/\",\"name\":\"Dorogi-medence Region\u00e1lis H\u00edrport\u00e1l\",\"description\":\"Dorog, Keszt\u00f6lc, Le\u00e1nyv\u00e1r, Piliscs\u00e9v, Tokod, Tokodalt\u00e1r\u00f3, Csolnok, Esztergom-kertv\u00e1ros: h\u00edrek, programok\",\"publisher\":{\"@id\":\"https:\\\/\\\/dorogimedence.hu\\\/#organization\"},\"potentialAction\":[{\"@type\":\"SearchAction\",\"target\":{\"@type\":\"EntryPoint\",\"urlTemplate\":\"https:\\\/\\\/dorogimedence.hu\\\/?s={search_term_string}\"},\"query-input\":{\"@type\":\"PropertyValueSpecification\",\"valueRequired\":true,\"valueName\":\"search_term_string\"}}],\"inLanguage\":\"hu\"},{\"@type\":\"Organization\",\"@id\":\"https:\\\/\\\/dorogimedence.hu\\\/#organization\",\"name\":\"Dorogi-medence Region\u00e1lis H\u00edrport\u00e1l\",\"url\":\"https:\\\/\\\/dorogimedence.hu\\\/\",\"logo\":{\"@type\":\"ImageObject\",\"inLanguage\":\"hu\",\"@id\":\"https:\\\/\\\/dorogimedence.hu\\\/#\\\/schema\\\/logo\\\/image\\\/\",\"url\":\"https:\\\/\\\/dorogimedence.hu\\\/wp-content\\\/uploads\\\/2021\\\/04\\\/logo-feher-600.png\",\"contentUrl\":\"https:\\\/\\\/dorogimedence.hu\\\/wp-content\\\/uploads\\\/2021\\\/04\\\/logo-feher-600.png\",\"width\":600,\"height\":100,\"caption\":\"Dorogi-medence Region\u00e1lis H\u00edrport\u00e1l\"},\"image\":{\"@id\":\"https:\\\/\\\/dorogimedence.hu\\\/#\\\/schema\\\/logo\\\/image\\\/\"},\"sameAs\":[\"https:\\\/\\\/www.facebook.com\\\/dorogimedence\\\/\"]},{\"@type\":\"Person\",\"@id\":\"https:\\\/\\\/dorogimedence.hu\\\/#\\\/schema\\\/person\\\/ce6091eeb7e95ecdc87890d6aa8e0fd4\",\"name\":\"dorogimedence.hu\",\"image\":{\"@type\":\"ImageObject\",\"inLanguage\":\"hu\",\"@id\":\"\\\/\\\/www.gravatar.com\\\/avatar\\\/d8d45f8901aadff40a4af72c0b826f1d?s=96&#038;r=g&#038;d=mm\",\"url\":\"\\\/\\\/www.gravatar.com\\\/avatar\\\/d8d45f8901aadff40a4af72c0b826f1d?s=96&#038;r=g&#038;d=mm\",\"contentUrl\":\"\\\/\\\/www.gravatar.com\\\/avatar\\\/d8d45f8901aadff40a4af72c0b826f1d?s=96&#038;r=g&#038;d=mm\",\"caption\":\"dorogimedence.hu\"}}]}<\/script>\n<!-- \/ Yoast SEO plugin. -->","yoast_head_json":{"title":"Hetedik alkalommal rendezt\u00e9k meg a K\u0151 K\u00f6v\u00f6n Fesztiv\u00e1lt","robots":{"index":"index","follow":"follow","max-snippet":"max-snippet:-1","max-image-preview":"max-image-preview:large","max-video-preview":"max-video-preview:-1"},"canonical":"https:\/\/dorogimedence.hu\/index.php\/2021\/09\/13\/hetedik-alkalommal-rendeztek-meg-a-ko-kovon-fesztivalt\/","og_locale":"hu_HU","og_type":"article","og_title":"Hetedik alkalommal rendezt\u00e9k meg a K\u0151 K\u00f6v\u00f6n Fesztiv\u00e1lt","og_description":"Szeptember 11-\u00e9n, szombaton rendezt\u00e9k meg a K\u0151 K\u00f6v\u00f6n Fesztiv\u00e1lt S\u00fctt\u0151n. A favorit id\u00e9n is a k\u0151farag\u00e1s \u00e9s a k\u0151haj\u00edt\u00e1s volt. A hetedik alkalommal megrendezett fesztiv\u00e1l c\u00e9lja a k\u00f6zs\u00e9g k\u0151farag\u00f3 kult\u00far\u00e1j\u00e1nak \u00e1pol\u00e1sa \u00e9s megismertet\u00e9se, hiszen a telep\u00fcl\u00e9sen a k\u0151b\u00e1ny\u00e1szat \u00e1ltal nagy hagyom\u00e1nya van a k\u0151farag\u00e1snak. A K\u0151 K\u00f6v\u00f6n Fesztiv\u00e1lt is egy k\u0151szobr\u00e1sz alkot\u00f3t\u00e1bor el\u0151zte meg h\u00e9t","og_url":"https:\/\/dorogimedence.hu\/index.php\/2021\/09\/13\/hetedik-alkalommal-rendeztek-meg-a-ko-kovon-fesztivalt\/","og_site_name":"Dorogi-medence Region\u00e1lis H\u00edrport\u00e1l","article_publisher":"https:\/\/www.facebook.com\/dorogimedence\/","article_published_time":"2021-09-13T13:32:23+00:00","og_image":[{"width":1920,"height":1110,"url":"https:\/\/i0.wp.com\/dorogimedence.hu\/wp-content\/uploads\/2021\/09\/kokovon-01.jpg?fit=1920%2C1110&ssl=1","type":"image\/jpeg"}],"author":"dorogimedence.hu","twitter_card":"summary_large_image","twitter_misc":{"Szerz\u0151:":"dorogimedence.hu","Becs\u00fclt olvas\u00e1si id\u0151":"3 perc"},"schema":{"@context":"https:\/\/schema.org","@graph":[{"@type":"Article","@id":"https:\/\/dorogimedence.hu\/index.php\/2021\/09\/13\/hetedik-alkalommal-rendeztek-meg-a-ko-kovon-fesztivalt\/#article","isPartOf":{"@id":"https:\/\/dorogimedence.hu\/index.php\/2021\/09\/13\/hetedik-alkalommal-rendeztek-meg-a-ko-kovon-fesztivalt\/"},"author":{"name":"dorogimedence.hu","@id":"https:\/\/dorogimedence.hu\/#\/schema\/person\/ce6091eeb7e95ecdc87890d6aa8e0fd4"},"headline":"Hetedik alkalommal rendezt\u00e9k meg a K\u0151 K\u00f6v\u00f6n Fesztiv\u00e1lt","datePublished":"2021-09-13T13:32:23+00:00","mainEntityOfPage":{"@id":"https:\/\/dorogimedence.hu\/index.php\/2021\/09\/13\/hetedik-alkalommal-rendeztek-meg-a-ko-kovon-fesztivalt\/"},"wordCount":552,"publisher":{"@id":"https:\/\/dorogimedence.hu\/#organization"},"image":{"@id":"https:\/\/dorogimedence.hu\/index.php\/2021\/09\/13\/hetedik-alkalommal-rendeztek-meg-a-ko-kovon-fesztivalt\/#primaryimage"},"thumbnailUrl":"https:\/\/dorogimedence.hu\/wp-content\/uploads\/2021\/09\/kokovon-01.jpg","keywords":["featured","fesztiv\u00e1l","K\u0151 K\u00f6v\u00f6n Fesztiv\u00e1l","S\u00fctt\u0151"],"articleSection":["H\u00edrek"],"inLanguage":"hu"},{"@type":"WebPage","@id":"https:\/\/dorogimedence.hu\/index.php\/2021\/09\/13\/hetedik-alkalommal-rendeztek-meg-a-ko-kovon-fesztivalt\/","url":"https:\/\/dorogimedence.hu\/index.php\/2021\/09\/13\/hetedik-alkalommal-rendeztek-meg-a-ko-kovon-fesztivalt\/","name":"Hetedik alkalommal rendezt\u00e9k meg a K\u0151 K\u00f6v\u00f6n Fesztiv\u00e1lt","isPartOf":{"@id":"https:\/\/dorogimedence.hu\/#website"},"primaryImageOfPage":{"@id":"https:\/\/dorogimedence.hu\/index.php\/2021\/09\/13\/hetedik-alkalommal-rendeztek-meg-a-ko-kovon-fesztivalt\/#primaryimage"},"image":{"@id":"https:\/\/dorogimedence.hu\/index.php\/2021\/09\/13\/hetedik-alkalommal-rendeztek-meg-a-ko-kovon-fesztivalt\/#primaryimage"},"thumbnailUrl":"https:\/\/dorogimedence.hu\/wp-content\/uploads\/2021\/09\/kokovon-01.jpg","datePublished":"2021-09-13T13:32:23+00:00","breadcrumb":{"@id":"https:\/\/dorogimedence.hu\/index.php\/2021\/09\/13\/hetedik-alkalommal-rendeztek-meg-a-ko-kovon-fesztivalt\/#breadcrumb"},"inLanguage":"hu","potentialAction":[{"@type":"ReadAction","target":["https:\/\/dorogimedence.hu\/index.php\/2021\/09\/13\/hetedik-alkalommal-rendeztek-meg-a-ko-kovon-fesztivalt\/"]}]},{"@type":"ImageObject","inLanguage":"hu","@id":"https:\/\/dorogimedence.hu\/index.php\/2021\/09\/13\/hetedik-alkalommal-rendeztek-meg-a-ko-kovon-fesztivalt\/#primaryimage","url":"https:\/\/dorogimedence.hu\/wp-content\/uploads\/2021\/09\/kokovon-01.jpg","contentUrl":"https:\/\/dorogimedence.hu\/wp-content\/uploads\/2021\/09\/kokovon-01.jpg","width":1920,"height":1110},{"@type":"BreadcrumbList","@id":"https:\/\/dorogimedence.hu\/index.php\/2021\/09\/13\/hetedik-alkalommal-rendeztek-meg-a-ko-kovon-fesztivalt\/#breadcrumb","itemListElement":[{"@type":"ListItem","position":1,"name":"Kezd\u0151lap","item":"https:\/\/dorogimedence.hu\/"},{"@type":"ListItem","position":2,"name":"Hetedik alkalommal rendezt\u00e9k meg a K\u0151 K\u00f6v\u00f6n Fesztiv\u00e1lt"}]},{"@type":"WebSite","@id":"https:\/\/dorogimedence.hu\/#website","url":"https:\/\/dorogimedence.hu\/","name":"Dorogi-medence Region\u00e1lis H\u00edrport\u00e1l","description":"Dorog, Keszt\u00f6lc, Le\u00e1nyv\u00e1r, Piliscs\u00e9v, Tokod, Tokodalt\u00e1r\u00f3, Csolnok, Esztergom-kertv\u00e1ros: h\u00edrek, programok","publisher":{"@id":"https:\/\/dorogimedence.hu\/#organization"},"potentialAction":[{"@type":"SearchAction","target":{"@type":"EntryPoint","urlTemplate":"https:\/\/dorogimedence.hu\/?s={search_term_string}"},"query-input":{"@type":"PropertyValueSpecification","valueRequired":true,"valueName":"search_term_string"}}],"inLanguage":"hu"},{"@type":"Organization","@id":"https:\/\/dorogimedence.hu\/#organization","name":"Dorogi-medence Region\u00e1lis H\u00edrport\u00e1l","url":"https:\/\/dorogimedence.hu\/","logo":{"@type":"ImageObject","inLanguage":"hu","@id":"https:\/\/dorogimedence.hu\/#\/schema\/logo\/image\/","url":"https:\/\/dorogimedence.hu\/wp-content\/uploads\/2021\/04\/logo-feher-600.png","contentUrl":"https:\/\/dorogimedence.hu\/wp-content\/uploads\/2021\/04\/logo-feher-600.png","width":600,"height":100,"caption":"Dorogi-medence Region\u00e1lis H\u00edrport\u00e1l"},"image":{"@id":"https:\/\/dorogimedence.hu\/#\/schema\/logo\/image\/"},"sameAs":["https:\/\/www.facebook.com\/dorogimedence\/"]},{"@type":"Person","@id":"https:\/\/dorogimedence.hu\/#\/schema\/person\/ce6091eeb7e95ecdc87890d6aa8e0fd4","name":"dorogimedence.hu","image":{"@type":"ImageObject","inLanguage":"hu","@id":"\/\/www.gravatar.com\/avatar\/d8d45f8901aadff40a4af72c0b826f1d?s=96&#038;r=g&#038;d=mm","url":"\/\/www.gravatar.com\/avatar\/d8d45f8901aadff40a4af72c0b826f1d?s=96&#038;r=g&#038;d=mm","contentUrl":"\/\/www.gravatar.com\/avatar\/d8d45f8901aadff40a4af72c0b826f1d?s=96&#038;r=g&#038;d=mm","caption":"dorogimedence.hu"}}]}},"_links":{"self":[{"href":"https:\/\/dorogimedence.hu\/index.php\/wp-json\/wp\/v2\/posts\/36732","targetHints":{"allow":["GET"]}}],"collection":[{"href":"https:\/\/dorogimedence.hu\/index.php\/wp-json\/wp\/v2\/posts"}],"about":[{"href":"https:\/\/dorogimedence.hu\/index.php\/wp-json\/wp\/v2\/types\/post"}],"author":[{"embeddable":true,"href":"https:\/\/dorogimedence.hu\/index.php\/wp-json\/wp\/v2\/users\/1"}],"replies":[{"embeddable":true,"href":"https:\/\/dorogimedence.hu\/index.php\/wp-json\/wp\/v2\/comments?post=36732"}],"version-history":[{"count":0,"href":"https:\/\/dorogimedence.hu\/index.php\/wp-json\/wp\/v2\/posts\/36732\/revisions"}],"wp:featuredmedia":[{"embeddable":true,"href":"https:\/\/dorogimedence.hu\/index.php\/wp-json\/wp\/v2\/media\/36733"}],"wp:attachment":[{"href":"https:\/\/dorogimedence.hu\/index.php\/wp-json\/wp\/v2\/media?parent=36732"}],"wp:term":[{"taxonomy":"category","embeddable":true,"href":"https:\/\/dorogimedence.hu\/index.php\/wp-json\/wp\/v2\/categories?post=36732"},{"taxonomy":"post_tag","embeddable":true,"href":"https:\/\/dorogimedence.hu\/index.php\/wp-json\/wp\/v2\/tags?post=36732"}],"curies":[{"name":"wp","href":"https:\/\/api.w.org\/{rel}","templated":true}]}}