{"id":3672,"date":"2017-06-09T06:29:35","date_gmt":"2017-06-09T04:29:35","guid":{"rendered":"http:\/\/dorogimedence.hu\/?p=3672"},"modified":"2017-06-09T06:40:35","modified_gmt":"2017-06-09T04:40:35","slug":"mit-olvas-esztergom-es-tersege","status":"publish","type":"post","link":"https:\/\/dorogimedence.hu\/index.php\/2017\/06\/09\/mit-olvas-esztergom-es-tersege\/","title":{"rendered":"Mit olvas Esztergom \u00e9s t\u00e9rs\u00e9ge?"},"content":{"rendered":"<p><strong>Az esztergomi k\u00f6nyvt\u00e1r kiv\u00e1ncsi volt, hogy mit olvasnak leggyakrabban manaps\u00e1g k\u00f6rny\u00e9k\u00fcnk k\u00f6nyvt\u00e1rl\u00e1togat\u00f3i. Ez\u00e9rt lek\u00e9rdezt\u00e9k a k\u00f6nyvt\u00e1rrendszer\u00fckb\u0151l az elm\u00falt 12 \u00e9vben legt\u00f6bbet kik\u00f6lcs\u00f6nz\u00f6tt k\u00f6nyveknek a list\u00e1j\u00e1t.<\/strong><\/p>\n<p>Legut\u00f3bb 2005-ben volt orsz\u00e1gos felm\u00e9r\u00e9s \u00e9s programsorozat Magyarorsz\u00e1gon A Nagy K\u00f6nyv c\u00edmmel, melynek c\u00e9lja az orsz\u00e1gosan legn\u00e9pszer\u0171bb reg\u00e9ny megv\u00e1laszt\u00e1sa, valamint az olvas\u00e1s n\u00e9pszer\u0171s\u00edt\u00e9se volt. A gy\u0151ztes reg\u00e9nynek, amely megkapta a \u201eMagyarorsz\u00e1g legkedveltebb reg\u00e9nye 2005\u201d c\u00edmet, az Egri csillagok bizonyult, a m\u00e1sodik \u00e9s harmadik helyet A P\u00e1l utcai fi\u00fak \u00e9s az Abig\u00e9l nyerte el.<\/p>\n<p><strong>V\u00e1ltozott valami az elm\u00falt 12 \u00e9vben? Itt az Esztergomi Top 10, mind a feln\u0151tt, mind a gyermek olvas\u00f3k tekintet\u00e9ben.<\/strong><\/p>\n<p><span style=\"text-decoration: underline; color: #ff0000;\"><strong>FELN\u0150TT K\u00d6NYVEK TOP 10:<\/strong><\/span><\/p>\n<p>A tizedik helyen <em>Rebecca Stonehill A k\u00f6lt\u0151 feles\u00e9ge<\/em> romantikus reg\u00e9nye \u00e1ll. <em>A k\u00f6lt\u0151 feles\u00e9ge<\/em> egy \u00f6tven \u00e9ven \u00e1t \u00edvel\u0151 t\u00f6rt\u00e9net, amelyet h\u00e1rom rendk\u00edv\u00fcli n\u0151 besz\u00e9l el. Csod\u00e1latosan sz\u00edvszor\u00edt\u00f3 reg\u00e9ny egy csal\u00e1dr\u00f3l, amelyet feld\u00fal a h\u00e1bor\u00fa, de \u00f6sszek\u00f6t a szeretet, a vesztes\u00e9g \u00e9s a rem\u00e9ny.<\/p>\n<p>A kilencedik <em>Ugron Zsolna \u00daril\u00e1nyok Erd\u00e9lyben<\/em>. Ugron Zsolna els\u0151 reg\u00e9nye val\u00f3s\u00e1gos utaz\u00e1s b\u00e1ltermeken \u00e9s mos\u00f3konyh\u00e1kon, palot\u00e1kon \u00e9s romokon, sz\u00f6vev\u00e9nyes rokoni kapcsolatokon \u00e9s egy sodr\u00f3 szerelmen \u00e1t a pesti ny\u00fczsg\u00e9sb\u0151l a K\u00e1rp\u00e1tok l\u00e1b\u00e1hoz.<\/p>\n<p>A nyolcadik helyre <em>Belinda Alexandra A toszk\u00e1n r\u00f3zsa<\/em> c\u00edm\u0171 k\u00f6nyve ker\u00fclt; a romantikus reg\u00e9ny Olaszorsz\u00e1g t\u00f6rt\u00e9nelm\u00e9nek egy sz\u00e9gyenteljes korszak\u00e1ban, a fasizmus idej\u00e9n j\u00e1tsz\u00f3dik. A helysz\u00edn pedig Toszk\u00e1na sz\u00edve: Firenze.<\/p>\n<p>Hetedik helyen <em>Benk\u0151 L\u00e1szl\u00f3 Tat\u00e1rj\u00e1r\u00e1s<\/em> tril\u00f3gi\u00e1j\u00e1t tal\u00e1ljuk. A <em>Tat\u00e1rj\u00e1r\u00e1s<\/em>\u00a0t\u00f6k\u00e9letes p\u00e9ld\u00e1ja annak, hogy val\u00f3j\u00e1ban szeretj\u00fck a t\u00f6rt\u00e9nelmet. Epikus, izgalmas, \u00edzes nyelven elbesz\u00e9lt, monument\u00e1lis t\u00f6rt\u00e9net. Ha elolvassuk, egy nagyon szem\u00e9lyes n\u00e9z\u0151pontb\u00f3l fogunk mindent megtudni a magyar t\u00f6rt\u00e9nelem kulcsfontoss\u00e1g\u00fa esem\u00e9ny\u00e9r\u0151l, az 1241-42-es mongol hadj\u00e1ratr\u00f3l \u00e9s megsz\u00e1ll\u00e1sr\u00f3l.<\/p>\n<p>A hatodik <em>Charles Martin \u00a0A megv\u00e1lt\u00e1s rem\u00e9nye<\/em> c\u00edm\u0171 reg\u00e9nye lett. Charles Martin a saj\u00e1t f\u00e9lbeszakadt amerikai futball-p\u00e1lyafut\u00e1sa eml\u00e9k\u00e9re \u00edrta ezt a k\u00f6nyvet, mintegy ter\u00e1pi\u00e1s c\u00e9llal saj\u00e1t mag\u00e1nak \u00e9s a szint\u00e9n sportol\u00f3 fia r\u00e9sz\u00e9re, amolyan megsz\u00edvlelend\u0151 apai j\u00f3tan\u00e1csk\u00e9nt: soha ne sz\u00e1lljon el. A siker kulcsa a csapatj\u00e1t\u00e9k \u00e9s a kitart\u00e1s, \u00e9s azt se felejtse el, hogy mi a legfontosabb az \u00e9letben.<\/p>\n<p>Az \u00f6t\u00f6dik helyet <em>Douglas Preston Becsap\u00f3d\u00e1s<\/em> krimije szerezte meg. Preston t\u00f6bb sz\u00e1lon fut\u00f3 t\u00f6rt\u00e9nete krimi, de tudom\u00e1nyos-fantasztikus szeml\u00e9lettel is rendelkezik. S\u0151t, t\u00f6k\u00e9letesen bele tudta illeszteni az esem\u00e9nyeket a mindennapok vil\u00e1g\u00e1ba. A szerz\u0151 a szak\u00e9rtelm\u00e9t nem akarja r\u00e1nk er\u0151szakolni, ink\u00e1bb csak megmutat egy r\u00e9szt a szakter\u00fcletb\u0151l, \u00e9pp annyit, amennyi sz\u00fcks\u00e9ges a t\u00f6rt\u00e9net meg\u00e9rt\u00e9s\u00e9hez.<\/p>\n<p>A negyedik helyre <em>Paula Hawkins A l\u00e1ny a vonaton<\/em> c\u00edm\u0171 k\u00f6tete ker\u00fclt, ami m\u0171faj\u00e1t tekintve pszichothriller. Az izgalmas olvasm\u00e1ny a vonat, az \u00fajonnan felbukkan\u00f3 szerepl\u0151k, visszaeml\u00e9kez\u00e9sek, k\u00f6d\u00f6s pillanatok, tal\u00e1lkoz\u00e1sok, menek\u00fcl\u00e9sek, keser\u0171s\u00e9g \u00e9s m\u00falt ir\u00e1nti v\u00e1gyakoz\u00e1s egyvelege, ahol senki sem az, akinek els\u0151re hissz\u00fck.<\/p>\n<p>A dobog\u00f3 legals\u00f3 fok\u00e1n <em>Dan Brown Inferno<\/em>-j\u00e1t tal\u00e1ljuk, biztos a filmek sikere vonzotta ehhez a k\u00f6nyvh\u00f6z az olvas\u00f3kat. A krimiben van m\u0171v\u00e9szett\u00f6rt\u00e9net \u00e9s n\u00e9mi k\u00f3dfejt\u00e9s is kiv\u00e1l\u00f3an \u00f6sszekeverve.<\/p>\n<p>M\u00e1sodik, el\u0151kel\u0151 helyen <em>Dragom\u00e1n Gy\u00f6rgy M\u00e1glya<\/em> c\u00edm\u0171 reg\u00e9nye v\u00e9gzett. A M\u00e1glya sok szempontb\u00f3l folytat\u00e1sa a szerz\u0151 els\u0151 reg\u00e9ny\u00e9nek, A feh\u00e9r kir\u00e1lynak: mindk\u00e9t m\u0171ben gyerekszerepl\u0151 szem\u00e9n kereszt\u00fcl l\u00e1tjuk a vil\u00e1got, mindkett\u0151 egy f\u00e9lig-meddig fikt\u00edv Erd\u00e9lyben j\u00e1tsz\u00f3dik, de m\u00edg A feh\u00e9r kir\u00e1lyban az egyik f\u0151 k\u00e9rd\u00e9s az, hogyan lehet \u00e9lni egy z\u00e1rt diktat\u00far\u00e1ban, hogyan \u0151rizheti, hogyan \u00e9lheti meg az egyes ember az egy\u00e9nis\u00e9g\u00e9t, a szabads\u00e1g\u00e1t az elnyom\u00e1sban, addig a M\u00e1gly\u00e1ban m\u00e1r az, hogy mit kezd mag\u00e1val az ember, mikor elm\u00e9letileg (pap\u00edron legal\u00e1bbis mindenk\u00e9ppen) bek\u00f6sz\u00f6nt\u00f6tt a szabads\u00e1g, de az el\u0151z\u0151 rendszer romjai, eml\u00e9kei, k\u00e9pvisel\u0151i m\u00e9g minden\u00fctt ott vannak.<\/p>\n<p><span style=\"color: #0000ff;\"><strong>Az arany\u00e9rmet <em>F\u00e1bi\u00e1n Janka<\/em> k\u00f6nyvei szerezt\u00e9k meg.<\/strong> <\/span>Az <em>Emma-sorozat<\/em> tulajdonk\u00e9ppen csal\u00e1dreg\u00e9nybe sz\u0151tt szerelem \u00e9s t\u00f6rt\u00e9nelem. F\u00e1bi\u00e1n Janka nem el\u00e9g, hogy nagyon intenz\u00edven \u00e9s m\u00e9lyr\u0151l mutatja meg a szerepl\u0151k \u00e9rzelmi \u00e9s gondolati vil\u00e1g\u00e1t, f\u00e9lre\u00e9rt\u00e9seit, de nem mulasztja el a mindennapok esem\u00e9nyein \u00e1t megmutatni a magyar t\u00f6rt\u00e9nelem XX. sz\u00e1zadi val\u00f3s\u00e1g\u00e1t.<\/p>\n<p>\u00d6sszess\u00e9g\u00e9ben \u00f6r\u00fcl\u00fcnk, mert a top 10-b\u0151l 5-et magyar szerz\u0151k m\u0171vei szereztek meg. A k\u00f6nyvek sorrendje nem okozott igaz\u00e1n meglepet\u00e9st, az orsz\u00e1gos k\u00f6nyvt\u00e1rak statisztik\u00e1iban is hasonl\u00f3 tendenci\u00e1kra bukkanhatunk, a Top 10-be legink\u00e1bb a sz\u00f3rakoztat\u00f3 irodalom ker\u00fclt fel. \u00dagy gondoljuk, felesleges lenne ezen m\u0171vek irodalmi \u00e9rt\u00e9k\u00e9nek boncolgat\u00e1sa\u2026<\/p>\n<p><span style=\"text-decoration: underline; color: #ff0000;\"><strong>GYERMEK \u00c9S IFJ\u00daS\u00c1GI K\u00d6NYVEK TOP 10:<br \/>\n<\/strong><\/span><\/p>\n<p>A sort <em>Mar\u00e9k Veronika Boribon<\/em> sorozata z\u00e1rja. Mar\u00e9k Veronika k\u00e9t h\u0151se, Boribon \u00e9s Annipanni majd f\u00e9l \u00e9vsz\u00e1zada lakik rengeteg kisgyerek szob\u00e1j\u00e1ban, seg\u00edtenek nekik elaludni, betegeskedni, kir\u00e1ndulni, focizni \u00e9s sok-sok apr\u00f3nak t\u0171n\u0151, de ann\u00e1l s\u00falyosabb konfliktust feldolgozni, \u00e9s a mese, a k\u00e9pek erej\u00e9vel \u00e1t\u00e9lni.<\/p>\n<p>A kilencedik helyet <em>Rahn Sabine: Lovas t\u00f6rt\u00e9netek<\/em> k\u00f6nyve foglalja el. R\u00f6vid, sz\u00e9pen illusztr\u00e1lt t\u00f6rt\u00e9netek, kiz\u00e1r\u00f3lag a lovak vil\u00e1g\u00e1b\u00f3l. Mind a 8 t\u00f6rt\u00e9net szerepl\u0151i m\u00e1s gyerekek, lovak. Az olvasni m\u00e1r tud\u00f3 gyerekeknek nagy siker\u00e9lm\u00e9ny lehet a k\u00f6nyv elolvas\u00e1sa.<\/p>\n<p>K\u00f6nyvt\u00e1runkban a nyolcadik helyet szerezte meg a Nagy K\u00f6nyv gy\u0151ztese: <em>G\u00e1rdonyi G\u00e9za Egri csillagok<\/em>. Buda elfoglal\u00e1sa \u00e9s a t\u00f6r\u00f6k 1552. \u00e9vi hadj\u00e1rat\u00e1nak kiemelked\u0151 fontoss\u00e1g\u00fa esem\u00e9nye, az egri v\u00e1r ostroma szolg\u00e1l f\u0151 t\u00e9m\u00e1j\u00e1ul.<\/p>\n<p>Hetedik lett <em>Bartos Erika: Anna, Peti \u00e9s Gerg\u0151<\/em> sorozata. Az \u00f3vod\u00e1s kor\u00fa gyerekek nagyon szeretik k\u00f6nnyen \u00e9rthet\u0151 mondatai, valamint aranyos h\u00e9tk\u00f6znapi t\u00f6rt\u00e9netei \u00e9s sz\u00e9p illusztr\u00e1ci\u00f3 miatt.<\/p>\n<p>A hatodik helyen <em>J. K. Rowling<\/em> <em>Harry Potter fantasy<\/em> sorozata v\u00e9gzett. A sorozat els\u0151 k\u00f6tete 1997-ben jelent meg Harry Potter \u00e9s a b\u00f6lcsek k\u00f6ve c\u00edmen, s ezt k\u00f6vet\u0151en vil\u00e1gsiker lett a t\u00f6bbi k\u00f6tet is. Az utols\u00f3 k\u00f6nyvet 2007 j\u00fanius\u00e1ban adt\u00e1k ki, az\u00f3ta t\u00f6bb mint 450 milli\u00f3 p\u00e9ld\u00e1nyt adtak el a sorozatb\u00f3l, \u00f6sszesen 74 nyelven. Az utols\u00f3 n\u00e9gy k\u00f6tet egym\u00e1s ut\u00e1n \u00e1ll\u00edtotta fel a \u201eleggyorsabban eladott k\u00f6nyvek\u201d rekordj\u00e1t a k\u00f6nyvkiad\u00e1s t\u00f6rt\u00e9net\u00e9ben.<\/p>\n<p>A \u00f6t\u00f6dik helyet <em>Miksz\u00e1th K\u00e1lm\u00e1n Szent P\u00e9ter eserny\u0151je<\/em> kapta meg. Egy\u00e9rtelm\u0171en az\u00e9rt, mert k\u00f6telez\u0151 olvasm\u00e1ny. Szerkezetileg a reg\u00e9nynek k\u00e9t fonala van. Az egyik a glogovai pap \u00e9s h\u00faga, Veronka, a m\u00e1sik a v\u00f6r\u00f6s eserny\u0151 titka, Gregorics P\u00e1l \u00e9s t\u00f6rv\u00e9nytelen fia, Wibra Gyuri t\u00f6rt\u00e9nete.<\/p>\n<p>A negyedik helyen <em>A P\u00e1l utcai fi\u00fak<\/em> v\u00e9gzett <em>Moln\u00e1r Ferenc<\/em> toll\u00e1b\u00f3l. Magyarorsz\u00e1gon az egyik legolvasottabb \u00e9s legn\u00e9pszer\u0171bb reg\u00e9ny, az iskol\u00e1kban k\u00f6telez\u0151 olvasm\u00e1ny \u00e1ltal\u00e1nos iskola \u00f6t\u00f6dik oszt\u00e1ly\u00e1ban. K\u00fclf\u00f6ld\u00f6n a legismertebb magyar reg\u00e9ny. A k\u00f6nyv m\u00e1ig hat\u00f3 nemzetk\u00f6zi n\u00e9pszer\u0171s\u00e9ge arr\u00f3l tan\u00faskodik, hogy olvas\u00f3i szerint \u00f6r\u00f6k \u00e9lethelyzetekr\u0151l sz\u00f3l, b\u00e1rhol, b\u00e1rmikor t\u00f6rt\u00e9nhetett volna.<\/p>\n<p>Az harmadik helyez\u00e9st <em>Leiner Laura Szent Johanna gimi<\/em> sorozata szerezte meg, amely a tinik sikerk\u00f6nyve.\u00a0 Tal\u00e1n a t\u00e9v\u00e9ben l\u00e1tott Sz\u00edvek sz\u00e1llod\u00e1jab\u00e9li Gilmore l\u00e1nyokhoz lehetne hasonl\u00edtani<em>.<\/em><\/p>\n<p>A dobog\u00f3 k\u00f6z\u00e9ps\u0151 fok\u00e1ra <em>Jeff Kinley Egy ropi napl\u00f3ja<\/em> ker\u00fclt. Ez a k\u00f6nyv t\u00edz\u00e9veseknek \u00edr\u00f3dott, ne v\u00e1rjunk t\u0151le vil\u00e1gmegv\u00e1lt\u00e1st, a koroszt\u00e1ly sz\u00e1m\u00e1ra azonban kiemelked\u0151 siker. Tal\u00e1l\u00f3 gyermekhumora van, ez\u00e9rt olyan sikeres a gyerekek k\u00f6r\u00e9ben. Semmi nagyot nem akar \u00e1tadni, csak sz\u00f3rakoztat. Ilyen k\u00f6nyvek is kellenek, f\u0151leg azoknak, akik most ismerkednek a k\u00f6nyvek vil\u00e1g\u00e1val.<\/p>\n<p>V\u00e9g\u00fcl el\u00e9rkezt\u00fcnk <span style=\"color: #0000ff;\"><strong>az els\u0151 helyezetthez, aki nem m\u00e1s mint <em>Bartos Erika Bogy\u00f3 \u00e9s Bab\u00f3ca <\/em>sorozata<\/strong><\/span>. Bogy\u00f3, a csigafi\u00fa \u00e9s Bab\u00f3ca, a katicakisl\u00e1ny: aranyos t\u00f6rt\u00e9netek, egyszer\u0171 rajzok, szerethet\u0151 szerepl\u0151k; a kicsiknek nem is kell nagyon enn\u00e9l t\u00f6bb. \u00a0Bartos Erika mes\u00e9ivel megnyugtat\u00f3, harmonikus vil\u00e1got k\u00f6zvet\u00edt, nev\u00e9hez sok gyermekk\u00f6nyv f\u0171z\u0151dik, t\u00f6rt\u00e9neteit maga illusztr\u00e1lja. Szem\u00e9lyes kedvencem az \u00edr\u00f3n\u0151t\u0151l a Hoppla mes\u00e9i \u2013 Vend\u00e9gs\u00e9gben P\u00e9cs v\u00e1ros\u00e1ban, ami tulajdonk\u00e9ppen egy gyermek \u00fatik\u00f6nyv. T\u00f6bbet ad, mint egy p\u00e9csi fot\u00f3album, gy\u00f6ny\u00f6rk\u00f6dtet\u0151bb, mint egy v\u00e1rost\u00e9rk\u00e9p, mes\u00e9sebb \u00e9s kedvesebb, mint egy turistak\u00e9zik\u00f6nyv a kedves, sz\u00e9p rajzaival.<\/p>\n<p><em><strong>\u00d6ssze\u00e1ll\u00edtotta: H\u00e1mosn\u00e9 Sz\u0151ke Anna k\u00f6nyvt\u00e1ros<\/strong><\/em><\/p>\n<p>&nbsp;<\/p>\n","protected":false},"excerpt":{"rendered":"<p>Az esztergomi k\u00f6nyvt\u00e1r kiv\u00e1ncsi volt, hogy mit olvasnak leggyakrabban manaps\u00e1g k\u00f6rny\u00e9k\u00fcnk k\u00f6nyvt\u00e1rl\u00e1togat\u00f3i. Ez\u00e9rt lek\u00e9rdezt\u00e9k a k\u00f6nyvt\u00e1rrendszer\u00fckb\u0151l az elm\u00falt 12 \u00e9vben legt\u00f6bbet kik\u00f6lcs\u00f6nz\u00f6tt k\u00f6nyveknek a list\u00e1j\u00e1t. Legut\u00f3bb 2005-ben volt orsz\u00e1gos felm\u00e9r\u00e9s \u00e9s programsorozat Magyarorsz\u00e1gon A Nagy K\u00f6nyv c\u00edmmel, melynek c\u00e9lja az orsz\u00e1gosan legn\u00e9pszer\u0171bb reg\u00e9ny megv\u00e1laszt\u00e1sa, valamint az olvas\u00e1s n\u00e9pszer\u0171s\u00edt\u00e9se volt. A gy\u0151ztes reg\u00e9nynek, amely megkapta a<\/p>\n","protected":false},"author":1,"featured_media":3673,"comment_status":"closed","ping_status":"closed","sticky":false,"template":"","format":"standard","meta":{"ngg_post_thumbnail":0,"footnotes":""},"categories":[38,3],"tags":[314,1112,144,1078],"class_list":{"0":"post-3672","1":"post","2":"type-post","3":"status-publish","4":"format-standard","5":"has-post-thumbnail","7":"category-esztergom","8":"category-hirek","9":"tag-felmeres","10":"tag-konyv","11":"tag-konyvtar","12":"tag-olvasas"},"yoast_head":"<!-- This site is optimized with the Yoast SEO plugin v27.5 - https:\/\/yoast.com\/product\/yoast-seo-wordpress\/ -->\n<title>Mit olvas Esztergom \u00e9s t\u00e9rs\u00e9ge?<\/title>\n<meta name=\"robots\" content=\"index, follow, max-snippet:-1, max-image-preview:large, max-video-preview:-1\" \/>\n<link rel=\"canonical\" href=\"https:\/\/dorogimedence.hu\/index.php\/2017\/06\/09\/mit-olvas-esztergom-es-tersege\/\" class=\"yoast-seo-meta-tag\" \/>\n<meta property=\"og:locale\" content=\"hu_HU\" class=\"yoast-seo-meta-tag\" \/>\n<meta property=\"og:type\" content=\"article\" class=\"yoast-seo-meta-tag\" \/>\n<meta property=\"og:title\" content=\"Mit olvas Esztergom \u00e9s t\u00e9rs\u00e9ge?\" class=\"yoast-seo-meta-tag\" \/>\n<meta property=\"og:description\" content=\"Az esztergomi k\u00f6nyvt\u00e1r kiv\u00e1ncsi volt, hogy mit olvasnak leggyakrabban manaps\u00e1g k\u00f6rny\u00e9k\u00fcnk k\u00f6nyvt\u00e1rl\u00e1togat\u00f3i. Ez\u00e9rt lek\u00e9rdezt\u00e9k a k\u00f6nyvt\u00e1rrendszer\u00fckb\u0151l az elm\u00falt 12 \u00e9vben legt\u00f6bbet kik\u00f6lcs\u00f6nz\u00f6tt k\u00f6nyveknek a list\u00e1j\u00e1t. Legut\u00f3bb 2005-ben volt orsz\u00e1gos felm\u00e9r\u00e9s \u00e9s programsorozat Magyarorsz\u00e1gon A Nagy K\u00f6nyv c\u00edmmel, melynek c\u00e9lja az orsz\u00e1gosan legn\u00e9pszer\u0171bb reg\u00e9ny megv\u00e1laszt\u00e1sa, valamint az olvas\u00e1s n\u00e9pszer\u0171s\u00edt\u00e9se volt. A gy\u0151ztes reg\u00e9nynek, amely megkapta a\" class=\"yoast-seo-meta-tag\" \/>\n<meta property=\"og:url\" content=\"https:\/\/dorogimedence.hu\/index.php\/2017\/06\/09\/mit-olvas-esztergom-es-tersege\/\" class=\"yoast-seo-meta-tag\" \/>\n<meta property=\"og:site_name\" content=\"Dorogi-medence Region\u00e1lis H\u00edrport\u00e1l\" class=\"yoast-seo-meta-tag\" \/>\n<meta property=\"article:publisher\" content=\"https:\/\/www.facebook.com\/dorogimedence\/\" class=\"yoast-seo-meta-tag\" \/>\n<meta property=\"article:published_time\" content=\"2017-06-09T04:29:35+00:00\" class=\"yoast-seo-meta-tag\" \/>\n<meta property=\"article:modified_time\" content=\"2017-06-09T04:40:35+00:00\" class=\"yoast-seo-meta-tag\" \/>\n<meta property=\"og:image\" content=\"https:\/\/i0.wp.com\/dorogimedence.hu\/wp-content\/uploads\/2017\/06\/olvaso-01.jpg?fit=670%2C365&ssl=1\" class=\"yoast-seo-meta-tag\" \/>\n\t<meta property=\"og:image:width\" content=\"670\" class=\"yoast-seo-meta-tag\" \/>\n\t<meta property=\"og:image:height\" content=\"365\" class=\"yoast-seo-meta-tag\" \/>\n\t<meta property=\"og:image:type\" content=\"image\/jpeg\" class=\"yoast-seo-meta-tag\" \/>\n<meta name=\"author\" content=\"dorogimedence.hu\" class=\"yoast-seo-meta-tag\" \/>\n<meta name=\"twitter:card\" content=\"summary_large_image\" class=\"yoast-seo-meta-tag\" \/>\n<meta name=\"twitter:label1\" content=\"Szerz\u0151:\" class=\"yoast-seo-meta-tag\" \/>\n\t<meta name=\"twitter:data1\" content=\"dorogimedence.hu\" class=\"yoast-seo-meta-tag\" \/>\n\t<meta name=\"twitter:label2\" content=\"Becs\u00fclt olvas\u00e1si id\u0151\" class=\"yoast-seo-meta-tag\" \/>\n\t<meta name=\"twitter:data2\" content=\"9 perc\" class=\"yoast-seo-meta-tag\" \/>\n<script type=\"application\/ld+json\" class=\"yoast-schema-graph\">{\"@context\":\"https:\\\/\\\/schema.org\",\"@graph\":[{\"@type\":\"Article\",\"@id\":\"https:\\\/\\\/dorogimedence.hu\\\/index.php\\\/2017\\\/06\\\/09\\\/mit-olvas-esztergom-es-tersege\\\/#article\",\"isPartOf\":{\"@id\":\"https:\\\/\\\/dorogimedence.hu\\\/index.php\\\/2017\\\/06\\\/09\\\/mit-olvas-esztergom-es-tersege\\\/\"},\"author\":{\"name\":\"dorogimedence.hu\",\"@id\":\"https:\\\/\\\/dorogimedence.hu\\\/#\\\/schema\\\/person\\\/ce6091eeb7e95ecdc87890d6aa8e0fd4\"},\"headline\":\"Mit olvas Esztergom \u00e9s t\u00e9rs\u00e9ge?\",\"datePublished\":\"2017-06-09T04:29:35+00:00\",\"dateModified\":\"2017-06-09T04:40:35+00:00\",\"mainEntityOfPage\":{\"@id\":\"https:\\\/\\\/dorogimedence.hu\\\/index.php\\\/2017\\\/06\\\/09\\\/mit-olvas-esztergom-es-tersege\\\/\"},\"wordCount\":1713,\"publisher\":{\"@id\":\"https:\\\/\\\/dorogimedence.hu\\\/#organization\"},\"image\":{\"@id\":\"https:\\\/\\\/dorogimedence.hu\\\/index.php\\\/2017\\\/06\\\/09\\\/mit-olvas-esztergom-es-tersege\\\/#primaryimage\"},\"thumbnailUrl\":\"https:\\\/\\\/dorogimedence.hu\\\/wp-content\\\/uploads\\\/2017\\\/06\\\/olvaso-01.jpg\",\"keywords\":[\"felm\u00e9r\u00e9s\",\"k\u00f6nyv\",\"k\u00f6nyvt\u00e1r\",\"olvas\u00e1s\"],\"articleSection\":[\"Esztergom\",\"H\u00edrek\"],\"inLanguage\":\"hu\"},{\"@type\":\"WebPage\",\"@id\":\"https:\\\/\\\/dorogimedence.hu\\\/index.php\\\/2017\\\/06\\\/09\\\/mit-olvas-esztergom-es-tersege\\\/\",\"url\":\"https:\\\/\\\/dorogimedence.hu\\\/index.php\\\/2017\\\/06\\\/09\\\/mit-olvas-esztergom-es-tersege\\\/\",\"name\":\"Mit olvas Esztergom \u00e9s t\u00e9rs\u00e9ge?\",\"isPartOf\":{\"@id\":\"https:\\\/\\\/dorogimedence.hu\\\/#website\"},\"primaryImageOfPage\":{\"@id\":\"https:\\\/\\\/dorogimedence.hu\\\/index.php\\\/2017\\\/06\\\/09\\\/mit-olvas-esztergom-es-tersege\\\/#primaryimage\"},\"image\":{\"@id\":\"https:\\\/\\\/dorogimedence.hu\\\/index.php\\\/2017\\\/06\\\/09\\\/mit-olvas-esztergom-es-tersege\\\/#primaryimage\"},\"thumbnailUrl\":\"https:\\\/\\\/dorogimedence.hu\\\/wp-content\\\/uploads\\\/2017\\\/06\\\/olvaso-01.jpg\",\"datePublished\":\"2017-06-09T04:29:35+00:00\",\"dateModified\":\"2017-06-09T04:40:35+00:00\",\"breadcrumb\":{\"@id\":\"https:\\\/\\\/dorogimedence.hu\\\/index.php\\\/2017\\\/06\\\/09\\\/mit-olvas-esztergom-es-tersege\\\/#breadcrumb\"},\"inLanguage\":\"hu\",\"potentialAction\":[{\"@type\":\"ReadAction\",\"target\":[\"https:\\\/\\\/dorogimedence.hu\\\/index.php\\\/2017\\\/06\\\/09\\\/mit-olvas-esztergom-es-tersege\\\/\"]}]},{\"@type\":\"ImageObject\",\"inLanguage\":\"hu\",\"@id\":\"https:\\\/\\\/dorogimedence.hu\\\/index.php\\\/2017\\\/06\\\/09\\\/mit-olvas-esztergom-es-tersege\\\/#primaryimage\",\"url\":\"https:\\\/\\\/dorogimedence.hu\\\/wp-content\\\/uploads\\\/2017\\\/06\\\/olvaso-01.jpg\",\"contentUrl\":\"https:\\\/\\\/dorogimedence.hu\\\/wp-content\\\/uploads\\\/2017\\\/06\\\/olvaso-01.jpg\",\"width\":670,\"height\":365},{\"@type\":\"BreadcrumbList\",\"@id\":\"https:\\\/\\\/dorogimedence.hu\\\/index.php\\\/2017\\\/06\\\/09\\\/mit-olvas-esztergom-es-tersege\\\/#breadcrumb\",\"itemListElement\":[{\"@type\":\"ListItem\",\"position\":1,\"name\":\"Kezd\u0151lap\",\"item\":\"https:\\\/\\\/dorogimedence.hu\\\/\"},{\"@type\":\"ListItem\",\"position\":2,\"name\":\"Mit olvas Esztergom \u00e9s t\u00e9rs\u00e9ge?\"}]},{\"@type\":\"WebSite\",\"@id\":\"https:\\\/\\\/dorogimedence.hu\\\/#website\",\"url\":\"https:\\\/\\\/dorogimedence.hu\\\/\",\"name\":\"Dorogi-medence Region\u00e1lis H\u00edrport\u00e1l\",\"description\":\"Dorog, Keszt\u00f6lc, Le\u00e1nyv\u00e1r, Piliscs\u00e9v, Tokod, Tokodalt\u00e1r\u00f3, Csolnok, Esztergom-kertv\u00e1ros: h\u00edrek, programok\",\"publisher\":{\"@id\":\"https:\\\/\\\/dorogimedence.hu\\\/#organization\"},\"potentialAction\":[{\"@type\":\"SearchAction\",\"target\":{\"@type\":\"EntryPoint\",\"urlTemplate\":\"https:\\\/\\\/dorogimedence.hu\\\/?s={search_term_string}\"},\"query-input\":{\"@type\":\"PropertyValueSpecification\",\"valueRequired\":true,\"valueName\":\"search_term_string\"}}],\"inLanguage\":\"hu\"},{\"@type\":\"Organization\",\"@id\":\"https:\\\/\\\/dorogimedence.hu\\\/#organization\",\"name\":\"Dorogi-medence Region\u00e1lis H\u00edrport\u00e1l\",\"url\":\"https:\\\/\\\/dorogimedence.hu\\\/\",\"logo\":{\"@type\":\"ImageObject\",\"inLanguage\":\"hu\",\"@id\":\"https:\\\/\\\/dorogimedence.hu\\\/#\\\/schema\\\/logo\\\/image\\\/\",\"url\":\"https:\\\/\\\/dorogimedence.hu\\\/wp-content\\\/uploads\\\/2021\\\/04\\\/logo-feher-600.png\",\"contentUrl\":\"https:\\\/\\\/dorogimedence.hu\\\/wp-content\\\/uploads\\\/2021\\\/04\\\/logo-feher-600.png\",\"width\":600,\"height\":100,\"caption\":\"Dorogi-medence Region\u00e1lis H\u00edrport\u00e1l\"},\"image\":{\"@id\":\"https:\\\/\\\/dorogimedence.hu\\\/#\\\/schema\\\/logo\\\/image\\\/\"},\"sameAs\":[\"https:\\\/\\\/www.facebook.com\\\/dorogimedence\\\/\"]},{\"@type\":\"Person\",\"@id\":\"https:\\\/\\\/dorogimedence.hu\\\/#\\\/schema\\\/person\\\/ce6091eeb7e95ecdc87890d6aa8e0fd4\",\"name\":\"dorogimedence.hu\",\"image\":{\"@type\":\"ImageObject\",\"inLanguage\":\"hu\",\"@id\":\"\\\/\\\/www.gravatar.com\\\/avatar\\\/d8d45f8901aadff40a4af72c0b826f1d?s=96&#038;r=g&#038;d=mm\",\"url\":\"\\\/\\\/www.gravatar.com\\\/avatar\\\/d8d45f8901aadff40a4af72c0b826f1d?s=96&#038;r=g&#038;d=mm\",\"contentUrl\":\"\\\/\\\/www.gravatar.com\\\/avatar\\\/d8d45f8901aadff40a4af72c0b826f1d?s=96&#038;r=g&#038;d=mm\",\"caption\":\"dorogimedence.hu\"}}]}<\/script>\n<!-- \/ Yoast SEO plugin. -->","yoast_head_json":{"title":"Mit olvas Esztergom \u00e9s t\u00e9rs\u00e9ge?","robots":{"index":"index","follow":"follow","max-snippet":"max-snippet:-1","max-image-preview":"max-image-preview:large","max-video-preview":"max-video-preview:-1"},"canonical":"https:\/\/dorogimedence.hu\/index.php\/2017\/06\/09\/mit-olvas-esztergom-es-tersege\/","og_locale":"hu_HU","og_type":"article","og_title":"Mit olvas Esztergom \u00e9s t\u00e9rs\u00e9ge?","og_description":"Az esztergomi k\u00f6nyvt\u00e1r kiv\u00e1ncsi volt, hogy mit olvasnak leggyakrabban manaps\u00e1g k\u00f6rny\u00e9k\u00fcnk k\u00f6nyvt\u00e1rl\u00e1togat\u00f3i. Ez\u00e9rt lek\u00e9rdezt\u00e9k a k\u00f6nyvt\u00e1rrendszer\u00fckb\u0151l az elm\u00falt 12 \u00e9vben legt\u00f6bbet kik\u00f6lcs\u00f6nz\u00f6tt k\u00f6nyveknek a list\u00e1j\u00e1t. Legut\u00f3bb 2005-ben volt orsz\u00e1gos felm\u00e9r\u00e9s \u00e9s programsorozat Magyarorsz\u00e1gon A Nagy K\u00f6nyv c\u00edmmel, melynek c\u00e9lja az orsz\u00e1gosan legn\u00e9pszer\u0171bb reg\u00e9ny megv\u00e1laszt\u00e1sa, valamint az olvas\u00e1s n\u00e9pszer\u0171s\u00edt\u00e9se volt. A gy\u0151ztes reg\u00e9nynek, amely megkapta a","og_url":"https:\/\/dorogimedence.hu\/index.php\/2017\/06\/09\/mit-olvas-esztergom-es-tersege\/","og_site_name":"Dorogi-medence Region\u00e1lis H\u00edrport\u00e1l","article_publisher":"https:\/\/www.facebook.com\/dorogimedence\/","article_published_time":"2017-06-09T04:29:35+00:00","article_modified_time":"2017-06-09T04:40:35+00:00","og_image":[{"width":670,"height":365,"url":"https:\/\/i0.wp.com\/dorogimedence.hu\/wp-content\/uploads\/2017\/06\/olvaso-01.jpg?fit=670%2C365&ssl=1","type":"image\/jpeg"}],"author":"dorogimedence.hu","twitter_card":"summary_large_image","twitter_misc":{"Szerz\u0151:":"dorogimedence.hu","Becs\u00fclt olvas\u00e1si id\u0151":"9 perc"},"schema":{"@context":"https:\/\/schema.org","@graph":[{"@type":"Article","@id":"https:\/\/dorogimedence.hu\/index.php\/2017\/06\/09\/mit-olvas-esztergom-es-tersege\/#article","isPartOf":{"@id":"https:\/\/dorogimedence.hu\/index.php\/2017\/06\/09\/mit-olvas-esztergom-es-tersege\/"},"author":{"name":"dorogimedence.hu","@id":"https:\/\/dorogimedence.hu\/#\/schema\/person\/ce6091eeb7e95ecdc87890d6aa8e0fd4"},"headline":"Mit olvas Esztergom \u00e9s t\u00e9rs\u00e9ge?","datePublished":"2017-06-09T04:29:35+00:00","dateModified":"2017-06-09T04:40:35+00:00","mainEntityOfPage":{"@id":"https:\/\/dorogimedence.hu\/index.php\/2017\/06\/09\/mit-olvas-esztergom-es-tersege\/"},"wordCount":1713,"publisher":{"@id":"https:\/\/dorogimedence.hu\/#organization"},"image":{"@id":"https:\/\/dorogimedence.hu\/index.php\/2017\/06\/09\/mit-olvas-esztergom-es-tersege\/#primaryimage"},"thumbnailUrl":"https:\/\/dorogimedence.hu\/wp-content\/uploads\/2017\/06\/olvaso-01.jpg","keywords":["felm\u00e9r\u00e9s","k\u00f6nyv","k\u00f6nyvt\u00e1r","olvas\u00e1s"],"articleSection":["Esztergom","H\u00edrek"],"inLanguage":"hu"},{"@type":"WebPage","@id":"https:\/\/dorogimedence.hu\/index.php\/2017\/06\/09\/mit-olvas-esztergom-es-tersege\/","url":"https:\/\/dorogimedence.hu\/index.php\/2017\/06\/09\/mit-olvas-esztergom-es-tersege\/","name":"Mit olvas Esztergom \u00e9s t\u00e9rs\u00e9ge?","isPartOf":{"@id":"https:\/\/dorogimedence.hu\/#website"},"primaryImageOfPage":{"@id":"https:\/\/dorogimedence.hu\/index.php\/2017\/06\/09\/mit-olvas-esztergom-es-tersege\/#primaryimage"},"image":{"@id":"https:\/\/dorogimedence.hu\/index.php\/2017\/06\/09\/mit-olvas-esztergom-es-tersege\/#primaryimage"},"thumbnailUrl":"https:\/\/dorogimedence.hu\/wp-content\/uploads\/2017\/06\/olvaso-01.jpg","datePublished":"2017-06-09T04:29:35+00:00","dateModified":"2017-06-09T04:40:35+00:00","breadcrumb":{"@id":"https:\/\/dorogimedence.hu\/index.php\/2017\/06\/09\/mit-olvas-esztergom-es-tersege\/#breadcrumb"},"inLanguage":"hu","potentialAction":[{"@type":"ReadAction","target":["https:\/\/dorogimedence.hu\/index.php\/2017\/06\/09\/mit-olvas-esztergom-es-tersege\/"]}]},{"@type":"ImageObject","inLanguage":"hu","@id":"https:\/\/dorogimedence.hu\/index.php\/2017\/06\/09\/mit-olvas-esztergom-es-tersege\/#primaryimage","url":"https:\/\/dorogimedence.hu\/wp-content\/uploads\/2017\/06\/olvaso-01.jpg","contentUrl":"https:\/\/dorogimedence.hu\/wp-content\/uploads\/2017\/06\/olvaso-01.jpg","width":670,"height":365},{"@type":"BreadcrumbList","@id":"https:\/\/dorogimedence.hu\/index.php\/2017\/06\/09\/mit-olvas-esztergom-es-tersege\/#breadcrumb","itemListElement":[{"@type":"ListItem","position":1,"name":"Kezd\u0151lap","item":"https:\/\/dorogimedence.hu\/"},{"@type":"ListItem","position":2,"name":"Mit olvas Esztergom \u00e9s t\u00e9rs\u00e9ge?"}]},{"@type":"WebSite","@id":"https:\/\/dorogimedence.hu\/#website","url":"https:\/\/dorogimedence.hu\/","name":"Dorogi-medence Region\u00e1lis H\u00edrport\u00e1l","description":"Dorog, Keszt\u00f6lc, Le\u00e1nyv\u00e1r, Piliscs\u00e9v, Tokod, Tokodalt\u00e1r\u00f3, Csolnok, Esztergom-kertv\u00e1ros: h\u00edrek, programok","publisher":{"@id":"https:\/\/dorogimedence.hu\/#organization"},"potentialAction":[{"@type":"SearchAction","target":{"@type":"EntryPoint","urlTemplate":"https:\/\/dorogimedence.hu\/?s={search_term_string}"},"query-input":{"@type":"PropertyValueSpecification","valueRequired":true,"valueName":"search_term_string"}}],"inLanguage":"hu"},{"@type":"Organization","@id":"https:\/\/dorogimedence.hu\/#organization","name":"Dorogi-medence Region\u00e1lis H\u00edrport\u00e1l","url":"https:\/\/dorogimedence.hu\/","logo":{"@type":"ImageObject","inLanguage":"hu","@id":"https:\/\/dorogimedence.hu\/#\/schema\/logo\/image\/","url":"https:\/\/dorogimedence.hu\/wp-content\/uploads\/2021\/04\/logo-feher-600.png","contentUrl":"https:\/\/dorogimedence.hu\/wp-content\/uploads\/2021\/04\/logo-feher-600.png","width":600,"height":100,"caption":"Dorogi-medence Region\u00e1lis H\u00edrport\u00e1l"},"image":{"@id":"https:\/\/dorogimedence.hu\/#\/schema\/logo\/image\/"},"sameAs":["https:\/\/www.facebook.com\/dorogimedence\/"]},{"@type":"Person","@id":"https:\/\/dorogimedence.hu\/#\/schema\/person\/ce6091eeb7e95ecdc87890d6aa8e0fd4","name":"dorogimedence.hu","image":{"@type":"ImageObject","inLanguage":"hu","@id":"\/\/www.gravatar.com\/avatar\/d8d45f8901aadff40a4af72c0b826f1d?s=96&#038;r=g&#038;d=mm","url":"\/\/www.gravatar.com\/avatar\/d8d45f8901aadff40a4af72c0b826f1d?s=96&#038;r=g&#038;d=mm","contentUrl":"\/\/www.gravatar.com\/avatar\/d8d45f8901aadff40a4af72c0b826f1d?s=96&#038;r=g&#038;d=mm","caption":"dorogimedence.hu"}}]}},"_links":{"self":[{"href":"https:\/\/dorogimedence.hu\/index.php\/wp-json\/wp\/v2\/posts\/3672","targetHints":{"allow":["GET"]}}],"collection":[{"href":"https:\/\/dorogimedence.hu\/index.php\/wp-json\/wp\/v2\/posts"}],"about":[{"href":"https:\/\/dorogimedence.hu\/index.php\/wp-json\/wp\/v2\/types\/post"}],"author":[{"embeddable":true,"href":"https:\/\/dorogimedence.hu\/index.php\/wp-json\/wp\/v2\/users\/1"}],"replies":[{"embeddable":true,"href":"https:\/\/dorogimedence.hu\/index.php\/wp-json\/wp\/v2\/comments?post=3672"}],"version-history":[{"count":0,"href":"https:\/\/dorogimedence.hu\/index.php\/wp-json\/wp\/v2\/posts\/3672\/revisions"}],"wp:featuredmedia":[{"embeddable":true,"href":"https:\/\/dorogimedence.hu\/index.php\/wp-json\/wp\/v2\/media\/3673"}],"wp:attachment":[{"href":"https:\/\/dorogimedence.hu\/index.php\/wp-json\/wp\/v2\/media?parent=3672"}],"wp:term":[{"taxonomy":"category","embeddable":true,"href":"https:\/\/dorogimedence.hu\/index.php\/wp-json\/wp\/v2\/categories?post=3672"},{"taxonomy":"post_tag","embeddable":true,"href":"https:\/\/dorogimedence.hu\/index.php\/wp-json\/wp\/v2\/tags?post=3672"}],"curies":[{"name":"wp","href":"https:\/\/api.w.org\/{rel}","templated":true}]}}