{"id":36713,"date":"2021-09-13T06:58:26","date_gmt":"2021-09-13T04:58:26","guid":{"rendered":"https:\/\/dorogimedence.hu\/?p=36713"},"modified":"2021-09-13T06:58:36","modified_gmt":"2021-09-13T04:58:36","slug":"mar-reggel-otkor-nyit-a-dorogi-fincsi-suti","status":"publish","type":"post","link":"https:\/\/dorogimedence.hu\/index.php\/2021\/09\/13\/mar-reggel-otkor-nyit-a-dorogi-fincsi-suti\/","title":{"rendered":"M\u00e1r reggel \u00f6tkor nyit a dorogi Fincsi S\u00fcti"},"content":{"rendered":"<p><strong>Minden h\u00e9tk\u00f6znap reggel \u00f6t \u00f3r\u00e1t\u00f3l friss p\u00e9k\u00e1ruval \u00e9s 10-12 f\u00e9le szendviccsel v\u00e1rj\u00e1k a vend\u00e9geket a dorogi Fincsi S\u00fcti \u00fczletben.<\/strong><\/p>\n<p>A folyamatosan friss\u00fcl\u0151 s\u00fctem\u00e9ny k\u00edn\u00e1lat mellett olasz k\u00e1v\u00e9kkal, p\u00e9k\u00e1rukkal \u00e9s 10-12 f\u00e9le szendviccsel v\u00e1rj\u00e1k a vend\u00e9geket Dorog sz\u00edv\u00e9ben, a B\u00e9csi \u00faton (a M\u00e1ria utcai keresztez\u0151d\u00e9st\u0151l 50 m\u00e9terre a k\u00f6rforgalom ir\u00e1ny\u00e1ba, az IBUSZ buszmeg\u00e1ll\u00f3val szemben).<\/p>\n<p>S\u00fctem\u00e9ny el\u0151rendel\u00e9sre \u00e9s egyedi tortarendel\u00e9sre is van lehet\u0151s\u00e9g a +36302764579-es telefonsz\u00e1mon!<\/p>\n<p>\u00c9rdemes k\u00f6vetni a Fincsi s\u00fcti <a href=\"https:\/\/www.facebook.com\/fincsisuti\/\" target=\"_blank\" rel=\"noopener\"><span style=\"text-decoration: underline; color: #0000ff;\">Facebook oldal\u00e1t<\/span><\/a> is, hiszen az aktu\u00e1lis akci\u00f3k mellett bizonyos id\u0151k\u00f6z\u00f6nk\u00e9nt nyerem\u00e9nyj\u00e1t\u00e9kokkal is v\u00e1rj\u00e1k a k\u00f6vet\u0151ket.<\/p>\n<p>Nyitvatart\u00e1s: H\u00e9tf\u0151t\u0151l-P\u00e9ntekig: 05.00-17.00. Szombat: 09.00-17.00. Vas\u00e1rnap: 11.00-17.00.<\/p>\n<p><img fetchpriority=\"high\" decoding=\"async\" class=\"alignnone size-full wp-image-36714\" src=\"https:\/\/dorogimedence.hu\/wp-content\/uploads\/2021\/09\/03-1.jpg\" alt=\"\" width=\"960\" height=\"720\" srcset=\"https:\/\/dorogimedence.hu\/wp-content\/uploads\/2021\/09\/03-1.jpg 960w, https:\/\/dorogimedence.hu\/wp-content\/uploads\/2021\/09\/03-1-300x225.jpg 300w, https:\/\/dorogimedence.hu\/wp-content\/uploads\/2021\/09\/03-1-768x576.jpg 768w, https:\/\/dorogimedence.hu\/wp-content\/uploads\/2021\/09\/03-1-150x113.jpg 150w, https:\/\/dorogimedence.hu\/wp-content\/uploads\/2021\/09\/03-1-450x338.jpg 450w\" sizes=\"(max-width: 960px) 100vw, 960px\" \/><\/p>\n<p><img decoding=\"async\" class=\"alignnone size-full wp-image-36715\" src=\"https:\/\/dorogimedence.hu\/wp-content\/uploads\/2021\/09\/02-1.jpg\" alt=\"\" width=\"960\" height=\"720\" srcset=\"https:\/\/dorogimedence.hu\/wp-content\/uploads\/2021\/09\/02-1.jpg 960w, https:\/\/dorogimedence.hu\/wp-content\/uploads\/2021\/09\/02-1-300x225.jpg 300w, https:\/\/dorogimedence.hu\/wp-content\/uploads\/2021\/09\/02-1-768x576.jpg 768w, https:\/\/dorogimedence.hu\/wp-content\/uploads\/2021\/09\/02-1-150x113.jpg 150w, https:\/\/dorogimedence.hu\/wp-content\/uploads\/2021\/09\/02-1-450x338.jpg 450w\" sizes=\"(max-width: 960px) 100vw, 960px\" \/><img decoding=\"async\" class=\"alignnone size-large wp-image-34285\" src=\"https:\/\/dorogimedence.hu\/wp-content\/uploads\/2021\/06\/fincsi-suti-02-1024x677.jpg\" alt=\"\" width=\"755\" height=\"499\" srcset=\"https:\/\/dorogimedence.hu\/wp-content\/uploads\/2021\/06\/fincsi-suti-02-1024x677.jpg 1024w, https:\/\/dorogimedence.hu\/wp-content\/uploads\/2021\/06\/fincsi-suti-02-300x198.jpg 300w, https:\/\/dorogimedence.hu\/wp-content\/uploads\/2021\/06\/fincsi-suti-02-768x508.jpg 768w, https:\/\/dorogimedence.hu\/wp-content\/uploads\/2021\/06\/fincsi-suti-02-1536x1016.jpg 1536w, https:\/\/dorogimedence.hu\/wp-content\/uploads\/2021\/06\/fincsi-suti-02-150x99.jpg 150w, https:\/\/dorogimedence.hu\/wp-content\/uploads\/2021\/06\/fincsi-suti-02-450x298.jpg 450w, https:\/\/dorogimedence.hu\/wp-content\/uploads\/2021\/06\/fincsi-suti-02-1200x794.jpg 1200w, https:\/\/dorogimedence.hu\/wp-content\/uploads\/2021\/06\/fincsi-suti-02.jpg 1920w\" sizes=\"(max-width: 755px) 100vw, 755px\" \/><\/p>\n","protected":false},"excerpt":{"rendered":"<p>Minden h\u00e9tk\u00f6znap reggel \u00f6t \u00f3r\u00e1t\u00f3l friss p\u00e9k\u00e1ruval \u00e9s 10-12 f\u00e9le szendviccsel v\u00e1rj\u00e1k a vend\u00e9geket a dorogi Fincsi S\u00fcti \u00fczletben. A folyamatosan friss\u00fcl\u0151 s\u00fctem\u00e9ny k\u00edn\u00e1lat mellett olasz k\u00e1v\u00e9kkal, p\u00e9k\u00e1rukkal \u00e9s 10-12 f\u00e9le szendviccsel v\u00e1rj\u00e1k a vend\u00e9geket Dorog sz\u00edv\u00e9ben, a B\u00e9csi \u00faton (a M\u00e1ria utcai keresztez\u0151d\u00e9st\u0151l 50 m\u00e9terre a k\u00f6rforgalom ir\u00e1ny\u00e1ba, az IBUSZ buszmeg\u00e1ll\u00f3val szemben). S\u00fctem\u00e9ny el\u0151rendel\u00e9sre<\/p>\n","protected":false},"author":1,"featured_media":34290,"comment_status":"closed","ping_status":"closed","sticky":false,"template":"","format":"standard","meta":{"ngg_post_thumbnail":0,"footnotes":""},"categories":[2,3],"tags":[5789,15,5788,4274,5938],"class_list":{"0":"post-36713","1":"post","2":"type-post","3":"status-publish","4":"format-standard","5":"has-post-thumbnail","7":"category-dorog","8":"category-hirek","9":"tag-cukraszda","10":"tag-dorog","11":"tag-fincsi-suti","12":"tag-pekaru","13":"tag-szendvics"},"yoast_head":"<!-- This site is optimized with the Yoast SEO plugin v27.4 - https:\/\/yoast.com\/product\/yoast-seo-wordpress\/ -->\n<title>M\u00e1r reggel \u00f6tkor nyit a dorogi Fincsi S\u00fcti<\/title>\n<meta name=\"robots\" content=\"index, follow, max-snippet:-1, max-image-preview:large, max-video-preview:-1\" \/>\n<link rel=\"canonical\" href=\"https:\/\/dorogimedence.hu\/index.php\/2021\/09\/13\/mar-reggel-otkor-nyit-a-dorogi-fincsi-suti\/\" class=\"yoast-seo-meta-tag\" \/>\n<meta property=\"og:locale\" content=\"hu_HU\" class=\"yoast-seo-meta-tag\" \/>\n<meta property=\"og:type\" content=\"article\" class=\"yoast-seo-meta-tag\" \/>\n<meta property=\"og:title\" content=\"M\u00e1r reggel \u00f6tkor nyit a dorogi Fincsi S\u00fcti\" class=\"yoast-seo-meta-tag\" \/>\n<meta property=\"og:description\" content=\"Minden h\u00e9tk\u00f6znap reggel \u00f6t \u00f3r\u00e1t\u00f3l friss p\u00e9k\u00e1ruval \u00e9s 10-12 f\u00e9le szendviccsel v\u00e1rj\u00e1k a vend\u00e9geket a dorogi Fincsi S\u00fcti \u00fczletben. A folyamatosan friss\u00fcl\u0151 s\u00fctem\u00e9ny k\u00edn\u00e1lat mellett olasz k\u00e1v\u00e9kkal, p\u00e9k\u00e1rukkal \u00e9s 10-12 f\u00e9le szendviccsel v\u00e1rj\u00e1k a vend\u00e9geket Dorog sz\u00edv\u00e9ben, a B\u00e9csi \u00faton (a M\u00e1ria utcai keresztez\u0151d\u00e9st\u0151l 50 m\u00e9terre a k\u00f6rforgalom ir\u00e1ny\u00e1ba, az IBUSZ buszmeg\u00e1ll\u00f3val szemben). S\u00fctem\u00e9ny el\u0151rendel\u00e9sre\" class=\"yoast-seo-meta-tag\" \/>\n<meta property=\"og:url\" content=\"https:\/\/dorogimedence.hu\/index.php\/2021\/09\/13\/mar-reggel-otkor-nyit-a-dorogi-fincsi-suti\/\" class=\"yoast-seo-meta-tag\" \/>\n<meta property=\"og:site_name\" content=\"Dorogi-medence Region\u00e1lis H\u00edrport\u00e1l\" class=\"yoast-seo-meta-tag\" \/>\n<meta property=\"article:publisher\" content=\"https:\/\/www.facebook.com\/dorogimedence\/\" class=\"yoast-seo-meta-tag\" \/>\n<meta property=\"article:published_time\" content=\"2021-09-13T04:58:26+00:00\" class=\"yoast-seo-meta-tag\" \/>\n<meta property=\"article:modified_time\" content=\"2021-09-13T04:58:36+00:00\" class=\"yoast-seo-meta-tag\" \/>\n<meta property=\"og:image\" content=\"https:\/\/i0.wp.com\/dorogimedence.hu\/wp-content\/uploads\/2021\/06\/fincsi-suti-01-v3.jpg?fit=1920%2C1074&ssl=1\" class=\"yoast-seo-meta-tag\" \/>\n\t<meta property=\"og:image:width\" content=\"1920\" class=\"yoast-seo-meta-tag\" \/>\n\t<meta property=\"og:image:height\" content=\"1074\" class=\"yoast-seo-meta-tag\" \/>\n\t<meta property=\"og:image:type\" content=\"image\/jpeg\" class=\"yoast-seo-meta-tag\" \/>\n<meta name=\"author\" content=\"dorogimedence.hu\" class=\"yoast-seo-meta-tag\" \/>\n<meta name=\"twitter:card\" content=\"summary_large_image\" class=\"yoast-seo-meta-tag\" \/>\n<meta name=\"twitter:label1\" content=\"Szerz\u0151:\" class=\"yoast-seo-meta-tag\" \/>\n\t<meta name=\"twitter:data1\" content=\"dorogimedence.hu\" class=\"yoast-seo-meta-tag\" \/>\n\t<meta name=\"twitter:label2\" content=\"Becs\u00fclt olvas\u00e1si id\u0151\" class=\"yoast-seo-meta-tag\" \/>\n\t<meta name=\"twitter:data2\" content=\"1 perc\" class=\"yoast-seo-meta-tag\" \/>\n<script type=\"application\/ld+json\" class=\"yoast-schema-graph\">{\"@context\":\"https:\\\/\\\/schema.org\",\"@graph\":[{\"@type\":\"Article\",\"@id\":\"https:\\\/\\\/dorogimedence.hu\\\/index.php\\\/2021\\\/09\\\/13\\\/mar-reggel-otkor-nyit-a-dorogi-fincsi-suti\\\/#article\",\"isPartOf\":{\"@id\":\"https:\\\/\\\/dorogimedence.hu\\\/index.php\\\/2021\\\/09\\\/13\\\/mar-reggel-otkor-nyit-a-dorogi-fincsi-suti\\\/\"},\"author\":{\"name\":\"dorogimedence.hu\",\"@id\":\"https:\\\/\\\/dorogimedence.hu\\\/#\\\/schema\\\/person\\\/ce6091eeb7e95ecdc87890d6aa8e0fd4\"},\"headline\":\"M\u00e1r reggel \u00f6tkor nyit a dorogi Fincsi S\u00fcti\",\"datePublished\":\"2021-09-13T04:58:26+00:00\",\"dateModified\":\"2021-09-13T04:58:36+00:00\",\"mainEntityOfPage\":{\"@id\":\"https:\\\/\\\/dorogimedence.hu\\\/index.php\\\/2021\\\/09\\\/13\\\/mar-reggel-otkor-nyit-a-dorogi-fincsi-suti\\\/\"},\"wordCount\":167,\"publisher\":{\"@id\":\"https:\\\/\\\/dorogimedence.hu\\\/#organization\"},\"image\":{\"@id\":\"https:\\\/\\\/dorogimedence.hu\\\/index.php\\\/2021\\\/09\\\/13\\\/mar-reggel-otkor-nyit-a-dorogi-fincsi-suti\\\/#primaryimage\"},\"thumbnailUrl\":\"https:\\\/\\\/dorogimedence.hu\\\/wp-content\\\/uploads\\\/2021\\\/06\\\/fincsi-suti-01-v3.jpg\",\"keywords\":[\"cukr\u00e1szda\",\"Dorog\",\"Fincsi s\u00fcti\",\"p\u00e9k\u00e1ru\",\"szendvics\"],\"articleSection\":[\"Dorog\",\"H\u00edrek\"],\"inLanguage\":\"hu\"},{\"@type\":\"WebPage\",\"@id\":\"https:\\\/\\\/dorogimedence.hu\\\/index.php\\\/2021\\\/09\\\/13\\\/mar-reggel-otkor-nyit-a-dorogi-fincsi-suti\\\/\",\"url\":\"https:\\\/\\\/dorogimedence.hu\\\/index.php\\\/2021\\\/09\\\/13\\\/mar-reggel-otkor-nyit-a-dorogi-fincsi-suti\\\/\",\"name\":\"M\u00e1r reggel \u00f6tkor nyit a dorogi Fincsi S\u00fcti\",\"isPartOf\":{\"@id\":\"https:\\\/\\\/dorogimedence.hu\\\/#website\"},\"primaryImageOfPage\":{\"@id\":\"https:\\\/\\\/dorogimedence.hu\\\/index.php\\\/2021\\\/09\\\/13\\\/mar-reggel-otkor-nyit-a-dorogi-fincsi-suti\\\/#primaryimage\"},\"image\":{\"@id\":\"https:\\\/\\\/dorogimedence.hu\\\/index.php\\\/2021\\\/09\\\/13\\\/mar-reggel-otkor-nyit-a-dorogi-fincsi-suti\\\/#primaryimage\"},\"thumbnailUrl\":\"https:\\\/\\\/dorogimedence.hu\\\/wp-content\\\/uploads\\\/2021\\\/06\\\/fincsi-suti-01-v3.jpg\",\"datePublished\":\"2021-09-13T04:58:26+00:00\",\"dateModified\":\"2021-09-13T04:58:36+00:00\",\"breadcrumb\":{\"@id\":\"https:\\\/\\\/dorogimedence.hu\\\/index.php\\\/2021\\\/09\\\/13\\\/mar-reggel-otkor-nyit-a-dorogi-fincsi-suti\\\/#breadcrumb\"},\"inLanguage\":\"hu\",\"potentialAction\":[{\"@type\":\"ReadAction\",\"target\":[\"https:\\\/\\\/dorogimedence.hu\\\/index.php\\\/2021\\\/09\\\/13\\\/mar-reggel-otkor-nyit-a-dorogi-fincsi-suti\\\/\"]}]},{\"@type\":\"ImageObject\",\"inLanguage\":\"hu\",\"@id\":\"https:\\\/\\\/dorogimedence.hu\\\/index.php\\\/2021\\\/09\\\/13\\\/mar-reggel-otkor-nyit-a-dorogi-fincsi-suti\\\/#primaryimage\",\"url\":\"https:\\\/\\\/dorogimedence.hu\\\/wp-content\\\/uploads\\\/2021\\\/06\\\/fincsi-suti-01-v3.jpg\",\"contentUrl\":\"https:\\\/\\\/dorogimedence.hu\\\/wp-content\\\/uploads\\\/2021\\\/06\\\/fincsi-suti-01-v3.jpg\",\"width\":1920,\"height\":1074},{\"@type\":\"BreadcrumbList\",\"@id\":\"https:\\\/\\\/dorogimedence.hu\\\/index.php\\\/2021\\\/09\\\/13\\\/mar-reggel-otkor-nyit-a-dorogi-fincsi-suti\\\/#breadcrumb\",\"itemListElement\":[{\"@type\":\"ListItem\",\"position\":1,\"name\":\"Kezd\u0151lap\",\"item\":\"https:\\\/\\\/dorogimedence.hu\\\/\"},{\"@type\":\"ListItem\",\"position\":2,\"name\":\"M\u00e1r reggel \u00f6tkor nyit a dorogi Fincsi S\u00fcti\"}]},{\"@type\":\"WebSite\",\"@id\":\"https:\\\/\\\/dorogimedence.hu\\\/#website\",\"url\":\"https:\\\/\\\/dorogimedence.hu\\\/\",\"name\":\"Dorogi-medence Region\u00e1lis H\u00edrport\u00e1l\",\"description\":\"Dorog, Keszt\u00f6lc, Le\u00e1nyv\u00e1r, Piliscs\u00e9v, Tokod, Tokodalt\u00e1r\u00f3, Csolnok, Esztergom-kertv\u00e1ros: h\u00edrek, programok\",\"publisher\":{\"@id\":\"https:\\\/\\\/dorogimedence.hu\\\/#organization\"},\"potentialAction\":[{\"@type\":\"SearchAction\",\"target\":{\"@type\":\"EntryPoint\",\"urlTemplate\":\"https:\\\/\\\/dorogimedence.hu\\\/?s={search_term_string}\"},\"query-input\":{\"@type\":\"PropertyValueSpecification\",\"valueRequired\":true,\"valueName\":\"search_term_string\"}}],\"inLanguage\":\"hu\"},{\"@type\":\"Organization\",\"@id\":\"https:\\\/\\\/dorogimedence.hu\\\/#organization\",\"name\":\"Dorogi-medence Region\u00e1lis H\u00edrport\u00e1l\",\"url\":\"https:\\\/\\\/dorogimedence.hu\\\/\",\"logo\":{\"@type\":\"ImageObject\",\"inLanguage\":\"hu\",\"@id\":\"https:\\\/\\\/dorogimedence.hu\\\/#\\\/schema\\\/logo\\\/image\\\/\",\"url\":\"https:\\\/\\\/dorogimedence.hu\\\/wp-content\\\/uploads\\\/2021\\\/04\\\/logo-feher-600.png\",\"contentUrl\":\"https:\\\/\\\/dorogimedence.hu\\\/wp-content\\\/uploads\\\/2021\\\/04\\\/logo-feher-600.png\",\"width\":600,\"height\":100,\"caption\":\"Dorogi-medence Region\u00e1lis H\u00edrport\u00e1l\"},\"image\":{\"@id\":\"https:\\\/\\\/dorogimedence.hu\\\/#\\\/schema\\\/logo\\\/image\\\/\"},\"sameAs\":[\"https:\\\/\\\/www.facebook.com\\\/dorogimedence\\\/\"]},{\"@type\":\"Person\",\"@id\":\"https:\\\/\\\/dorogimedence.hu\\\/#\\\/schema\\\/person\\\/ce6091eeb7e95ecdc87890d6aa8e0fd4\",\"name\":\"dorogimedence.hu\",\"image\":{\"@type\":\"ImageObject\",\"inLanguage\":\"hu\",\"@id\":\"\\\/\\\/www.gravatar.com\\\/avatar\\\/d8d45f8901aadff40a4af72c0b826f1d?s=96&#038;r=g&#038;d=mm\",\"url\":\"\\\/\\\/www.gravatar.com\\\/avatar\\\/d8d45f8901aadff40a4af72c0b826f1d?s=96&#038;r=g&#038;d=mm\",\"contentUrl\":\"\\\/\\\/www.gravatar.com\\\/avatar\\\/d8d45f8901aadff40a4af72c0b826f1d?s=96&#038;r=g&#038;d=mm\",\"caption\":\"dorogimedence.hu\"}}]}<\/script>\n<!-- \/ Yoast SEO plugin. -->","yoast_head_json":{"title":"M\u00e1r reggel \u00f6tkor nyit a dorogi Fincsi S\u00fcti","robots":{"index":"index","follow":"follow","max-snippet":"max-snippet:-1","max-image-preview":"max-image-preview:large","max-video-preview":"max-video-preview:-1"},"canonical":"https:\/\/dorogimedence.hu\/index.php\/2021\/09\/13\/mar-reggel-otkor-nyit-a-dorogi-fincsi-suti\/","og_locale":"hu_HU","og_type":"article","og_title":"M\u00e1r reggel \u00f6tkor nyit a dorogi Fincsi S\u00fcti","og_description":"Minden h\u00e9tk\u00f6znap reggel \u00f6t \u00f3r\u00e1t\u00f3l friss p\u00e9k\u00e1ruval \u00e9s 10-12 f\u00e9le szendviccsel v\u00e1rj\u00e1k a vend\u00e9geket a dorogi Fincsi S\u00fcti \u00fczletben. A folyamatosan friss\u00fcl\u0151 s\u00fctem\u00e9ny k\u00edn\u00e1lat mellett olasz k\u00e1v\u00e9kkal, p\u00e9k\u00e1rukkal \u00e9s 10-12 f\u00e9le szendviccsel v\u00e1rj\u00e1k a vend\u00e9geket Dorog sz\u00edv\u00e9ben, a B\u00e9csi \u00faton (a M\u00e1ria utcai keresztez\u0151d\u00e9st\u0151l 50 m\u00e9terre a k\u00f6rforgalom ir\u00e1ny\u00e1ba, az IBUSZ buszmeg\u00e1ll\u00f3val szemben). S\u00fctem\u00e9ny el\u0151rendel\u00e9sre","og_url":"https:\/\/dorogimedence.hu\/index.php\/2021\/09\/13\/mar-reggel-otkor-nyit-a-dorogi-fincsi-suti\/","og_site_name":"Dorogi-medence Region\u00e1lis H\u00edrport\u00e1l","article_publisher":"https:\/\/www.facebook.com\/dorogimedence\/","article_published_time":"2021-09-13T04:58:26+00:00","article_modified_time":"2021-09-13T04:58:36+00:00","og_image":[{"width":1920,"height":1074,"url":"https:\/\/i0.wp.com\/dorogimedence.hu\/wp-content\/uploads\/2021\/06\/fincsi-suti-01-v3.jpg?fit=1920%2C1074&ssl=1","type":"image\/jpeg"}],"author":"dorogimedence.hu","twitter_card":"summary_large_image","twitter_misc":{"Szerz\u0151:":"dorogimedence.hu","Becs\u00fclt olvas\u00e1si id\u0151":"1 perc"},"schema":{"@context":"https:\/\/schema.org","@graph":[{"@type":"Article","@id":"https:\/\/dorogimedence.hu\/index.php\/2021\/09\/13\/mar-reggel-otkor-nyit-a-dorogi-fincsi-suti\/#article","isPartOf":{"@id":"https:\/\/dorogimedence.hu\/index.php\/2021\/09\/13\/mar-reggel-otkor-nyit-a-dorogi-fincsi-suti\/"},"author":{"name":"dorogimedence.hu","@id":"https:\/\/dorogimedence.hu\/#\/schema\/person\/ce6091eeb7e95ecdc87890d6aa8e0fd4"},"headline":"M\u00e1r reggel \u00f6tkor nyit a dorogi Fincsi S\u00fcti","datePublished":"2021-09-13T04:58:26+00:00","dateModified":"2021-09-13T04:58:36+00:00","mainEntityOfPage":{"@id":"https:\/\/dorogimedence.hu\/index.php\/2021\/09\/13\/mar-reggel-otkor-nyit-a-dorogi-fincsi-suti\/"},"wordCount":167,"publisher":{"@id":"https:\/\/dorogimedence.hu\/#organization"},"image":{"@id":"https:\/\/dorogimedence.hu\/index.php\/2021\/09\/13\/mar-reggel-otkor-nyit-a-dorogi-fincsi-suti\/#primaryimage"},"thumbnailUrl":"https:\/\/dorogimedence.hu\/wp-content\/uploads\/2021\/06\/fincsi-suti-01-v3.jpg","keywords":["cukr\u00e1szda","Dorog","Fincsi s\u00fcti","p\u00e9k\u00e1ru","szendvics"],"articleSection":["Dorog","H\u00edrek"],"inLanguage":"hu"},{"@type":"WebPage","@id":"https:\/\/dorogimedence.hu\/index.php\/2021\/09\/13\/mar-reggel-otkor-nyit-a-dorogi-fincsi-suti\/","url":"https:\/\/dorogimedence.hu\/index.php\/2021\/09\/13\/mar-reggel-otkor-nyit-a-dorogi-fincsi-suti\/","name":"M\u00e1r reggel \u00f6tkor nyit a dorogi Fincsi S\u00fcti","isPartOf":{"@id":"https:\/\/dorogimedence.hu\/#website"},"primaryImageOfPage":{"@id":"https:\/\/dorogimedence.hu\/index.php\/2021\/09\/13\/mar-reggel-otkor-nyit-a-dorogi-fincsi-suti\/#primaryimage"},"image":{"@id":"https:\/\/dorogimedence.hu\/index.php\/2021\/09\/13\/mar-reggel-otkor-nyit-a-dorogi-fincsi-suti\/#primaryimage"},"thumbnailUrl":"https:\/\/dorogimedence.hu\/wp-content\/uploads\/2021\/06\/fincsi-suti-01-v3.jpg","datePublished":"2021-09-13T04:58:26+00:00","dateModified":"2021-09-13T04:58:36+00:00","breadcrumb":{"@id":"https:\/\/dorogimedence.hu\/index.php\/2021\/09\/13\/mar-reggel-otkor-nyit-a-dorogi-fincsi-suti\/#breadcrumb"},"inLanguage":"hu","potentialAction":[{"@type":"ReadAction","target":["https:\/\/dorogimedence.hu\/index.php\/2021\/09\/13\/mar-reggel-otkor-nyit-a-dorogi-fincsi-suti\/"]}]},{"@type":"ImageObject","inLanguage":"hu","@id":"https:\/\/dorogimedence.hu\/index.php\/2021\/09\/13\/mar-reggel-otkor-nyit-a-dorogi-fincsi-suti\/#primaryimage","url":"https:\/\/dorogimedence.hu\/wp-content\/uploads\/2021\/06\/fincsi-suti-01-v3.jpg","contentUrl":"https:\/\/dorogimedence.hu\/wp-content\/uploads\/2021\/06\/fincsi-suti-01-v3.jpg","width":1920,"height":1074},{"@type":"BreadcrumbList","@id":"https:\/\/dorogimedence.hu\/index.php\/2021\/09\/13\/mar-reggel-otkor-nyit-a-dorogi-fincsi-suti\/#breadcrumb","itemListElement":[{"@type":"ListItem","position":1,"name":"Kezd\u0151lap","item":"https:\/\/dorogimedence.hu\/"},{"@type":"ListItem","position":2,"name":"M\u00e1r reggel \u00f6tkor nyit a dorogi Fincsi S\u00fcti"}]},{"@type":"WebSite","@id":"https:\/\/dorogimedence.hu\/#website","url":"https:\/\/dorogimedence.hu\/","name":"Dorogi-medence Region\u00e1lis H\u00edrport\u00e1l","description":"Dorog, Keszt\u00f6lc, Le\u00e1nyv\u00e1r, Piliscs\u00e9v, Tokod, Tokodalt\u00e1r\u00f3, Csolnok, Esztergom-kertv\u00e1ros: h\u00edrek, programok","publisher":{"@id":"https:\/\/dorogimedence.hu\/#organization"},"potentialAction":[{"@type":"SearchAction","target":{"@type":"EntryPoint","urlTemplate":"https:\/\/dorogimedence.hu\/?s={search_term_string}"},"query-input":{"@type":"PropertyValueSpecification","valueRequired":true,"valueName":"search_term_string"}}],"inLanguage":"hu"},{"@type":"Organization","@id":"https:\/\/dorogimedence.hu\/#organization","name":"Dorogi-medence Region\u00e1lis H\u00edrport\u00e1l","url":"https:\/\/dorogimedence.hu\/","logo":{"@type":"ImageObject","inLanguage":"hu","@id":"https:\/\/dorogimedence.hu\/#\/schema\/logo\/image\/","url":"https:\/\/dorogimedence.hu\/wp-content\/uploads\/2021\/04\/logo-feher-600.png","contentUrl":"https:\/\/dorogimedence.hu\/wp-content\/uploads\/2021\/04\/logo-feher-600.png","width":600,"height":100,"caption":"Dorogi-medence Region\u00e1lis H\u00edrport\u00e1l"},"image":{"@id":"https:\/\/dorogimedence.hu\/#\/schema\/logo\/image\/"},"sameAs":["https:\/\/www.facebook.com\/dorogimedence\/"]},{"@type":"Person","@id":"https:\/\/dorogimedence.hu\/#\/schema\/person\/ce6091eeb7e95ecdc87890d6aa8e0fd4","name":"dorogimedence.hu","image":{"@type":"ImageObject","inLanguage":"hu","@id":"\/\/www.gravatar.com\/avatar\/d8d45f8901aadff40a4af72c0b826f1d?s=96&#038;r=g&#038;d=mm","url":"\/\/www.gravatar.com\/avatar\/d8d45f8901aadff40a4af72c0b826f1d?s=96&#038;r=g&#038;d=mm","contentUrl":"\/\/www.gravatar.com\/avatar\/d8d45f8901aadff40a4af72c0b826f1d?s=96&#038;r=g&#038;d=mm","caption":"dorogimedence.hu"}}]}},"_links":{"self":[{"href":"https:\/\/dorogimedence.hu\/index.php\/wp-json\/wp\/v2\/posts\/36713","targetHints":{"allow":["GET"]}}],"collection":[{"href":"https:\/\/dorogimedence.hu\/index.php\/wp-json\/wp\/v2\/posts"}],"about":[{"href":"https:\/\/dorogimedence.hu\/index.php\/wp-json\/wp\/v2\/types\/post"}],"author":[{"embeddable":true,"href":"https:\/\/dorogimedence.hu\/index.php\/wp-json\/wp\/v2\/users\/1"}],"replies":[{"embeddable":true,"href":"https:\/\/dorogimedence.hu\/index.php\/wp-json\/wp\/v2\/comments?post=36713"}],"version-history":[{"count":0,"href":"https:\/\/dorogimedence.hu\/index.php\/wp-json\/wp\/v2\/posts\/36713\/revisions"}],"wp:featuredmedia":[{"embeddable":true,"href":"https:\/\/dorogimedence.hu\/index.php\/wp-json\/wp\/v2\/media\/34290"}],"wp:attachment":[{"href":"https:\/\/dorogimedence.hu\/index.php\/wp-json\/wp\/v2\/media?parent=36713"}],"wp:term":[{"taxonomy":"category","embeddable":true,"href":"https:\/\/dorogimedence.hu\/index.php\/wp-json\/wp\/v2\/categories?post=36713"},{"taxonomy":"post_tag","embeddable":true,"href":"https:\/\/dorogimedence.hu\/index.php\/wp-json\/wp\/v2\/tags?post=36713"}],"curies":[{"name":"wp","href":"https:\/\/api.w.org\/{rel}","templated":true}]}}