{"id":36599,"date":"2021-09-08T10:28:29","date_gmt":"2021-09-08T08:28:29","guid":{"rendered":"https:\/\/dorogimedence.hu\/?p=36599"},"modified":"2021-09-09T08:02:32","modified_gmt":"2021-09-09T06:02:32","slug":"szuperhold-az-esztergomi-konyvtarban","status":"publish","type":"post","link":"https:\/\/dorogimedence.hu\/index.php\/2021\/09\/08\/szuperhold-az-esztergomi-konyvtarban\/","title":{"rendered":"Szuperhold az esztergomi k\u00f6nyvt\u00e1rban"},"content":{"rendered":"<div class=\"item_introtext\">\n<p><strong>Az esztergomi Helischer J\u00f3zsef V\u00e1rosi K\u00f6nyvt\u00e1r \u201e\u0150s\u00f6k, bar\u00e1tok, ut\u00f3dok\u201d sorozat\u00e1nak szeptember 6-i vend\u00e9g\u00e9vel Forg\u00e1cs P\u00e9ter p\u00e1rk\u00e1nyi \u00edr\u00f3val Schm\u00f6ltz Margit besz\u00e9lgetett. Els\u0151 novell\u00e1sk\u00f6tet\u00e9t, a Szuperholdat mutatt\u00e1k be a kedves jelenl\u00e9v\u0151knek.<\/strong><\/p>\n<\/div>\n<div class=\"item_fulltext\">\n<p>A k\u00e9rd\u00e9sek feltev\u00e9s\u00e9hez Babits Mih\u00e1ly \u201e\u00cdr\u00e1s \u00e9s olvas\u00e1s\u201d c\u00edm\u0171 tanulm\u00e1nya szolg\u00e1lt alapul, ennek z\u00e1r\u00f3mondata \u00edgy hangzik. \u201e\u0150s\u00f6k, bar\u00e1tok, ut\u00f3dok k\u00f6zt vagyok.\u201d<\/p>\n<p>P\u00e9tert els\u0151k\u00e9nt arr\u00f3l k\u00e9rdezt\u00e9k, kit tekint \u0151 \u0151seinek. Megtudhattuk, hogy kedveli a magyar \u00edr\u00f3kat, m\u00e9gis ink\u00e1bb a k\u00fclf\u00f6ldi alkot\u00f3kat tekinti \u0151seinek p\u00e9ld\u00e1ul John Updike-ot. M\u00e1sodik k\u00e9rd\u00e9s a bar\u00e1tokra vonatkozott, P\u00e9ter H\u00e1y J\u00e1nost tartja mester\u00e9nek. Ut\u00f3dj\u00e1nak azokat tekinti, akik haszn\u00e1lj\u00e1k az \u00edr\u00f3i fant\u00e1zi\u00e1jukat.<\/p>\n<p>Forg\u00e1cs P\u00e9ter \u00edr\u00f3, 1963-ban sz\u00fcletett P\u00e1rk\u00e1nyban. Matematika-fizika szakos tan\u00e1r, v\u00e1logatott szint\u0171 levelez\u00e9si sakkoz\u00f3, keresztrejtv\u00e9ny-szerkeszt\u0151. 2013-ban elv\u00e9gezte a Magyar \u00cdr\u00f3 Akad\u00e9mia sz\u00e9p\u00edr\u00f3 mesterkurzus\u00e1t, ezt k\u00f6vet\u0151en H\u00e1y J\u00e1nos \u00e9s Turczi Istv\u00e1n \u00edr\u00f3szemin\u00e1riumait l\u00e1togatta. 2014-ben megnyerte a Zeusz Papucsa irodalmi p\u00e1ly\u00e1zatot, 2015-ben az Eur\u00f3pa K\u00f6nyvkiad\u00f3 Nabokov \u00e9s \u00e9n p\u00e1ly\u00e1zat\u00e1t, 2016-ban \u0151 kapta a Pegazus irodalmi p\u00e1ly\u00e1zat v\u00e9dn\u00f6ki k\u00fcl\u00f6nd\u00edj\u00e1t, 2017-ben pedig \u00f6v\u00e9 lett az Arany Opus D\u00edj. Az els\u0151 \u00c1lljon meg egy novell\u00e1ra! p\u00e1ly\u00e1zat d\u00f6nt\u0151se, majd k\u00f6z\u00f6ns\u00e9gd\u00edjasa. 2018 v\u00e9g\u00e9n jelent &nbsp;meg Szuperhold c\u00edm\u0171 novell\u00e1sk\u00f6tete, valamint kiskamaszoknak sz\u00f3l\u00f3 k\u00f6nyve: Fadrusz. A Szuperhold 2019-ben felker\u00fclt a legjobb els\u0151 pr\u00f3zak\u00f6tet szerz\u0151j\u00e9nek j\u00e1r\u00f3 Marg\u00f3-d\u00edj Top 10-es list\u00e1j\u00e1ra.<\/p>\n<p><img fetchpriority=\"high\" decoding=\"async\" class=\"alignnone size-large wp-image-36600\" src=\"https:\/\/dorogimedence.hu\/wp-content\/uploads\/2021\/09\/Forgacs-Peter_Helischer-Konyvtar_04-1024x683.jpg\" alt=\"\" width=\"755\" height=\"504\" srcset=\"https:\/\/dorogimedence.hu\/wp-content\/uploads\/2021\/09\/Forgacs-Peter_Helischer-Konyvtar_04-1024x683.jpg 1024w, https:\/\/dorogimedence.hu\/wp-content\/uploads\/2021\/09\/Forgacs-Peter_Helischer-Konyvtar_04-300x200.jpg 300w, https:\/\/dorogimedence.hu\/wp-content\/uploads\/2021\/09\/Forgacs-Peter_Helischer-Konyvtar_04-768x512.jpg 768w, https:\/\/dorogimedence.hu\/wp-content\/uploads\/2021\/09\/Forgacs-Peter_Helischer-Konyvtar_04-150x100.jpg 150w, https:\/\/dorogimedence.hu\/wp-content\/uploads\/2021\/09\/Forgacs-Peter_Helischer-Konyvtar_04-450x300.jpg 450w, https:\/\/dorogimedence.hu\/wp-content\/uploads\/2021\/09\/Forgacs-Peter_Helischer-Konyvtar_04-1200x800.jpg 1200w, https:\/\/dorogimedence.hu\/wp-content\/uploads\/2021\/09\/Forgacs-Peter_Helischer-Konyvtar_04-272x182.jpg 272w, https:\/\/dorogimedence.hu\/wp-content\/uploads\/2021\/09\/Forgacs-Peter_Helischer-Konyvtar_04.jpg 1395w\" sizes=\"(max-width: 755px) 100vw, 755px\" \/><\/p>\n<p>Forg\u00e1cs P\u00e9ter els\u0151 novell\u00e1sk\u00f6tete, a Szuperhold, h\u00e1rom r\u00e9szre oszlik A bebebe r\u00e9szbe mindenf\u00e9le fura, boldogtalan, r\u00f6geszm\u00e9s, f\u00e9lkegyelm\u0171, m\u00e1ni\u00e1s emberek megh\u00f6kkent\u0151 t\u00f6rt\u00e9netei ker\u00fcltek. A T\u00fal\u00e9l\u0151k kapcsolatokr\u00f3l, helyzetekr\u0151l sz\u00f3l, a harmadik \u2013 Van egy hely \u2013 pedig csal\u00e1di ind\u00edttat\u00e1s\u00fa, h\u00e1tter\u0171 novell\u00e1kat tartalmaz.<\/p>\n<p>P\u00e9ter j\u00f6v\u0151beni terveir\u0151l megtudhattuk, hogy szeretn\u00e9 befejezni a m\u00e1sodik novell\u00e1sk\u00f6tet\u00e9t, rem\u00e9li, legal\u00e1bb annyira sikeres lesz, mint az els\u0151. D\u00e9delget egy\u00e9b terveket is egy p\u00e1ly\u00e1zat inspir\u00e1ci\u00f3j\u00e1ra. Szinte az eg\u00e9sz nyarat az Istenhegyen t\u00f6lt\u00f6tte a feles\u00e9g\u00e9vel a d\u00e9dapj\u00e1t\u00f3l \u00f6r\u00f6k\u00f6lt sz\u0151l\u0151birtokon \u00e9p\u00fclt fah\u00e1zban.<\/p>\n<p>Annyira megihlette a hely k\u00fcl\u00f6nleges mikrokl\u00edm\u00e1ja, az ottani emberek letisztult, szabad gondolkod\u00e1sa, hogy elhat\u00e1rozta, meg\u00edrja az istenhegyiek t\u00f6rt\u00e9net\u00e9t, persze a maga m\u00f3dj\u00e1n, f\u0171szerezve n\u00e9mi humorral \u00e9s \u00edr\u00f3i fant\u00e1zi\u00e1val. \u00cdg\u00e9ri, ahogy eddig is, legal\u00e1bb a fele igaz lesz!<\/p>\n<p><em>Fot\u00f3k, forr\u00e1s: H\u00e1mosn\u00e9 Sz\u0151ke Anna<\/em><\/p>\n<\/div>\n","protected":false},"excerpt":{"rendered":"<p>Az esztergomi Helischer J\u00f3zsef V\u00e1rosi K\u00f6nyvt\u00e1r \u201e\u0150s\u00f6k, bar\u00e1tok, ut\u00f3dok\u201d sorozat\u00e1nak szeptember 6-i vend\u00e9g\u00e9vel Forg\u00e1cs P\u00e9ter p\u00e1rk\u00e1nyi \u00edr\u00f3val Schm\u00f6ltz Margit besz\u00e9lgetett. Els\u0151 novell\u00e1sk\u00f6tet\u00e9t, a Szuperholdat mutatt\u00e1k be a kedves jelenl\u00e9v\u0151knek. A k\u00e9rd\u00e9sek feltev\u00e9s\u00e9hez Babits Mih\u00e1ly \u201e\u00cdr\u00e1s \u00e9s olvas\u00e1s\u201d c\u00edm\u0171 tanulm\u00e1nya szolg\u00e1lt alapul, ennek z\u00e1r\u00f3mondata \u00edgy hangzik. \u201e\u0150s\u00f6k, bar\u00e1tok, ut\u00f3dok k\u00f6zt vagyok.\u201d P\u00e9tert els\u0151k\u00e9nt arr\u00f3l k\u00e9rdezt\u00e9k, kit<\/p>\n","protected":false},"author":1,"featured_media":36601,"comment_status":"closed","ping_status":"closed","sticky":false,"template":"","format":"standard","meta":{"ngg_post_thumbnail":0,"footnotes":""},"categories":[38,3],"tags":[42,1609,4332,388],"class_list":{"0":"post-36599","1":"post","2":"type-post","3":"status-publish","4":"format-standard","5":"has-post-thumbnail","7":"category-esztergom","8":"category-hirek","9":"tag-esztergom","10":"tag-esztergomi-konyvtar","11":"tag-forgacs-peter","12":"tag-kultura"},"yoast_head":"<!-- This site is optimized with the Yoast SEO plugin v27.4 - https:\/\/yoast.com\/product\/yoast-seo-wordpress\/ -->\n<title>Szuperhold az esztergomi k\u00f6nyvt\u00e1rban<\/title>\n<meta name=\"robots\" content=\"index, follow, max-snippet:-1, max-image-preview:large, max-video-preview:-1\" \/>\n<link rel=\"canonical\" href=\"https:\/\/dorogimedence.hu\/index.php\/2021\/09\/08\/szuperhold-az-esztergomi-konyvtarban\/\" class=\"yoast-seo-meta-tag\" \/>\n<meta property=\"og:locale\" content=\"hu_HU\" class=\"yoast-seo-meta-tag\" \/>\n<meta property=\"og:type\" content=\"article\" class=\"yoast-seo-meta-tag\" \/>\n<meta property=\"og:title\" content=\"Szuperhold az esztergomi k\u00f6nyvt\u00e1rban\" class=\"yoast-seo-meta-tag\" \/>\n<meta property=\"og:description\" content=\"Az esztergomi Helischer J\u00f3zsef V\u00e1rosi K\u00f6nyvt\u00e1r \u201e\u0150s\u00f6k, bar\u00e1tok, ut\u00f3dok\u201d sorozat\u00e1nak szeptember 6-i vend\u00e9g\u00e9vel Forg\u00e1cs P\u00e9ter p\u00e1rk\u00e1nyi \u00edr\u00f3val Schm\u00f6ltz Margit besz\u00e9lgetett. Els\u0151 novell\u00e1sk\u00f6tet\u00e9t, a Szuperholdat mutatt\u00e1k be a kedves jelenl\u00e9v\u0151knek. A k\u00e9rd\u00e9sek feltev\u00e9s\u00e9hez Babits Mih\u00e1ly \u201e\u00cdr\u00e1s \u00e9s olvas\u00e1s\u201d c\u00edm\u0171 tanulm\u00e1nya szolg\u00e1lt alapul, ennek z\u00e1r\u00f3mondata \u00edgy hangzik. \u201e\u0150s\u00f6k, bar\u00e1tok, ut\u00f3dok k\u00f6zt vagyok.\u201d P\u00e9tert els\u0151k\u00e9nt arr\u00f3l k\u00e9rdezt\u00e9k, kit\" class=\"yoast-seo-meta-tag\" \/>\n<meta property=\"og:url\" content=\"https:\/\/dorogimedence.hu\/index.php\/2021\/09\/08\/szuperhold-az-esztergomi-konyvtarban\/\" class=\"yoast-seo-meta-tag\" \/>\n<meta property=\"og:site_name\" content=\"Dorogi-medence Region\u00e1lis H\u00edrport\u00e1l\" class=\"yoast-seo-meta-tag\" \/>\n<meta property=\"article:publisher\" content=\"https:\/\/www.facebook.com\/dorogimedence\/\" class=\"yoast-seo-meta-tag\" \/>\n<meta property=\"article:published_time\" content=\"2021-09-08T08:28:29+00:00\" class=\"yoast-seo-meta-tag\" \/>\n<meta property=\"article:modified_time\" content=\"2021-09-09T06:02:32+00:00\" class=\"yoast-seo-meta-tag\" \/>\n<meta property=\"og:image\" content=\"https:\/\/i0.wp.com\/dorogimedence.hu\/wp-content\/uploads\/2021\/09\/Forgacs-Peter_Helischer-Konyvtar_02.jpg?fit=996%2C560&ssl=1\" class=\"yoast-seo-meta-tag\" \/>\n\t<meta property=\"og:image:width\" content=\"996\" class=\"yoast-seo-meta-tag\" \/>\n\t<meta property=\"og:image:height\" content=\"560\" class=\"yoast-seo-meta-tag\" \/>\n\t<meta property=\"og:image:type\" content=\"image\/jpeg\" class=\"yoast-seo-meta-tag\" \/>\n<meta name=\"author\" content=\"dorogimedence.hu\" class=\"yoast-seo-meta-tag\" \/>\n<meta name=\"twitter:card\" content=\"summary_large_image\" class=\"yoast-seo-meta-tag\" \/>\n<meta name=\"twitter:label1\" content=\"Szerz\u0151:\" class=\"yoast-seo-meta-tag\" \/>\n\t<meta name=\"twitter:data1\" content=\"dorogimedence.hu\" class=\"yoast-seo-meta-tag\" \/>\n\t<meta name=\"twitter:label2\" content=\"Becs\u00fclt olvas\u00e1si id\u0151\" class=\"yoast-seo-meta-tag\" \/>\n\t<meta name=\"twitter:data2\" content=\"3 perc\" class=\"yoast-seo-meta-tag\" \/>\n<script type=\"application\/ld+json\" class=\"yoast-schema-graph\">{\"@context\":\"https:\\\/\\\/schema.org\",\"@graph\":[{\"@type\":\"Article\",\"@id\":\"https:\\\/\\\/dorogimedence.hu\\\/index.php\\\/2021\\\/09\\\/08\\\/szuperhold-az-esztergomi-konyvtarban\\\/#article\",\"isPartOf\":{\"@id\":\"https:\\\/\\\/dorogimedence.hu\\\/index.php\\\/2021\\\/09\\\/08\\\/szuperhold-az-esztergomi-konyvtarban\\\/\"},\"author\":{\"name\":\"dorogimedence.hu\",\"@id\":\"https:\\\/\\\/dorogimedence.hu\\\/#\\\/schema\\\/person\\\/ce6091eeb7e95ecdc87890d6aa8e0fd4\"},\"headline\":\"Szuperhold az esztergomi k\u00f6nyvt\u00e1rban\",\"datePublished\":\"2021-09-08T08:28:29+00:00\",\"dateModified\":\"2021-09-09T06:02:32+00:00\",\"mainEntityOfPage\":{\"@id\":\"https:\\\/\\\/dorogimedence.hu\\\/index.php\\\/2021\\\/09\\\/08\\\/szuperhold-az-esztergomi-konyvtarban\\\/\"},\"wordCount\":529,\"publisher\":{\"@id\":\"https:\\\/\\\/dorogimedence.hu\\\/#organization\"},\"image\":{\"@id\":\"https:\\\/\\\/dorogimedence.hu\\\/index.php\\\/2021\\\/09\\\/08\\\/szuperhold-az-esztergomi-konyvtarban\\\/#primaryimage\"},\"thumbnailUrl\":\"https:\\\/\\\/dorogimedence.hu\\\/wp-content\\\/uploads\\\/2021\\\/09\\\/Forgacs-Peter_Helischer-Konyvtar_02.jpg\",\"keywords\":[\"esztergom\",\"esztergomi k\u00f6nyvt\u00e1r\",\"Forg\u00e1cs P\u00e9ter\",\"kult\u00fara\"],\"articleSection\":[\"Esztergom\",\"H\u00edrek\"],\"inLanguage\":\"hu\"},{\"@type\":\"WebPage\",\"@id\":\"https:\\\/\\\/dorogimedence.hu\\\/index.php\\\/2021\\\/09\\\/08\\\/szuperhold-az-esztergomi-konyvtarban\\\/\",\"url\":\"https:\\\/\\\/dorogimedence.hu\\\/index.php\\\/2021\\\/09\\\/08\\\/szuperhold-az-esztergomi-konyvtarban\\\/\",\"name\":\"Szuperhold az esztergomi k\u00f6nyvt\u00e1rban\",\"isPartOf\":{\"@id\":\"https:\\\/\\\/dorogimedence.hu\\\/#website\"},\"primaryImageOfPage\":{\"@id\":\"https:\\\/\\\/dorogimedence.hu\\\/index.php\\\/2021\\\/09\\\/08\\\/szuperhold-az-esztergomi-konyvtarban\\\/#primaryimage\"},\"image\":{\"@id\":\"https:\\\/\\\/dorogimedence.hu\\\/index.php\\\/2021\\\/09\\\/08\\\/szuperhold-az-esztergomi-konyvtarban\\\/#primaryimage\"},\"thumbnailUrl\":\"https:\\\/\\\/dorogimedence.hu\\\/wp-content\\\/uploads\\\/2021\\\/09\\\/Forgacs-Peter_Helischer-Konyvtar_02.jpg\",\"datePublished\":\"2021-09-08T08:28:29+00:00\",\"dateModified\":\"2021-09-09T06:02:32+00:00\",\"breadcrumb\":{\"@id\":\"https:\\\/\\\/dorogimedence.hu\\\/index.php\\\/2021\\\/09\\\/08\\\/szuperhold-az-esztergomi-konyvtarban\\\/#breadcrumb\"},\"inLanguage\":\"hu\",\"potentialAction\":[{\"@type\":\"ReadAction\",\"target\":[\"https:\\\/\\\/dorogimedence.hu\\\/index.php\\\/2021\\\/09\\\/08\\\/szuperhold-az-esztergomi-konyvtarban\\\/\"]}]},{\"@type\":\"ImageObject\",\"inLanguage\":\"hu\",\"@id\":\"https:\\\/\\\/dorogimedence.hu\\\/index.php\\\/2021\\\/09\\\/08\\\/szuperhold-az-esztergomi-konyvtarban\\\/#primaryimage\",\"url\":\"https:\\\/\\\/dorogimedence.hu\\\/wp-content\\\/uploads\\\/2021\\\/09\\\/Forgacs-Peter_Helischer-Konyvtar_02.jpg\",\"contentUrl\":\"https:\\\/\\\/dorogimedence.hu\\\/wp-content\\\/uploads\\\/2021\\\/09\\\/Forgacs-Peter_Helischer-Konyvtar_02.jpg\",\"width\":996,\"height\":560},{\"@type\":\"BreadcrumbList\",\"@id\":\"https:\\\/\\\/dorogimedence.hu\\\/index.php\\\/2021\\\/09\\\/08\\\/szuperhold-az-esztergomi-konyvtarban\\\/#breadcrumb\",\"itemListElement\":[{\"@type\":\"ListItem\",\"position\":1,\"name\":\"Kezd\u0151lap\",\"item\":\"https:\\\/\\\/dorogimedence.hu\\\/\"},{\"@type\":\"ListItem\",\"position\":2,\"name\":\"Szuperhold az esztergomi k\u00f6nyvt\u00e1rban\"}]},{\"@type\":\"WebSite\",\"@id\":\"https:\\\/\\\/dorogimedence.hu\\\/#website\",\"url\":\"https:\\\/\\\/dorogimedence.hu\\\/\",\"name\":\"Dorogi-medence Region\u00e1lis H\u00edrport\u00e1l\",\"description\":\"Dorog, Keszt\u00f6lc, Le\u00e1nyv\u00e1r, Piliscs\u00e9v, Tokod, Tokodalt\u00e1r\u00f3, Csolnok, Esztergom-kertv\u00e1ros: h\u00edrek, programok\",\"publisher\":{\"@id\":\"https:\\\/\\\/dorogimedence.hu\\\/#organization\"},\"potentialAction\":[{\"@type\":\"SearchAction\",\"target\":{\"@type\":\"EntryPoint\",\"urlTemplate\":\"https:\\\/\\\/dorogimedence.hu\\\/?s={search_term_string}\"},\"query-input\":{\"@type\":\"PropertyValueSpecification\",\"valueRequired\":true,\"valueName\":\"search_term_string\"}}],\"inLanguage\":\"hu\"},{\"@type\":\"Organization\",\"@id\":\"https:\\\/\\\/dorogimedence.hu\\\/#organization\",\"name\":\"Dorogi-medence Region\u00e1lis H\u00edrport\u00e1l\",\"url\":\"https:\\\/\\\/dorogimedence.hu\\\/\",\"logo\":{\"@type\":\"ImageObject\",\"inLanguage\":\"hu\",\"@id\":\"https:\\\/\\\/dorogimedence.hu\\\/#\\\/schema\\\/logo\\\/image\\\/\",\"url\":\"https:\\\/\\\/dorogimedence.hu\\\/wp-content\\\/uploads\\\/2021\\\/04\\\/logo-feher-600.png\",\"contentUrl\":\"https:\\\/\\\/dorogimedence.hu\\\/wp-content\\\/uploads\\\/2021\\\/04\\\/logo-feher-600.png\",\"width\":600,\"height\":100,\"caption\":\"Dorogi-medence Region\u00e1lis H\u00edrport\u00e1l\"},\"image\":{\"@id\":\"https:\\\/\\\/dorogimedence.hu\\\/#\\\/schema\\\/logo\\\/image\\\/\"},\"sameAs\":[\"https:\\\/\\\/www.facebook.com\\\/dorogimedence\\\/\"]},{\"@type\":\"Person\",\"@id\":\"https:\\\/\\\/dorogimedence.hu\\\/#\\\/schema\\\/person\\\/ce6091eeb7e95ecdc87890d6aa8e0fd4\",\"name\":\"dorogimedence.hu\",\"image\":{\"@type\":\"ImageObject\",\"inLanguage\":\"hu\",\"@id\":\"\\\/\\\/www.gravatar.com\\\/avatar\\\/d8d45f8901aadff40a4af72c0b826f1d?s=96&#038;r=g&#038;d=mm\",\"url\":\"\\\/\\\/www.gravatar.com\\\/avatar\\\/d8d45f8901aadff40a4af72c0b826f1d?s=96&#038;r=g&#038;d=mm\",\"contentUrl\":\"\\\/\\\/www.gravatar.com\\\/avatar\\\/d8d45f8901aadff40a4af72c0b826f1d?s=96&#038;r=g&#038;d=mm\",\"caption\":\"dorogimedence.hu\"}}]}<\/script>\n<!-- \/ Yoast SEO plugin. -->","yoast_head_json":{"title":"Szuperhold az esztergomi k\u00f6nyvt\u00e1rban","robots":{"index":"index","follow":"follow","max-snippet":"max-snippet:-1","max-image-preview":"max-image-preview:large","max-video-preview":"max-video-preview:-1"},"canonical":"https:\/\/dorogimedence.hu\/index.php\/2021\/09\/08\/szuperhold-az-esztergomi-konyvtarban\/","og_locale":"hu_HU","og_type":"article","og_title":"Szuperhold az esztergomi k\u00f6nyvt\u00e1rban","og_description":"Az esztergomi Helischer J\u00f3zsef V\u00e1rosi K\u00f6nyvt\u00e1r \u201e\u0150s\u00f6k, bar\u00e1tok, ut\u00f3dok\u201d sorozat\u00e1nak szeptember 6-i vend\u00e9g\u00e9vel Forg\u00e1cs P\u00e9ter p\u00e1rk\u00e1nyi \u00edr\u00f3val Schm\u00f6ltz Margit besz\u00e9lgetett. Els\u0151 novell\u00e1sk\u00f6tet\u00e9t, a Szuperholdat mutatt\u00e1k be a kedves jelenl\u00e9v\u0151knek. A k\u00e9rd\u00e9sek feltev\u00e9s\u00e9hez Babits Mih\u00e1ly \u201e\u00cdr\u00e1s \u00e9s olvas\u00e1s\u201d c\u00edm\u0171 tanulm\u00e1nya szolg\u00e1lt alapul, ennek z\u00e1r\u00f3mondata \u00edgy hangzik. \u201e\u0150s\u00f6k, bar\u00e1tok, ut\u00f3dok k\u00f6zt vagyok.\u201d P\u00e9tert els\u0151k\u00e9nt arr\u00f3l k\u00e9rdezt\u00e9k, kit","og_url":"https:\/\/dorogimedence.hu\/index.php\/2021\/09\/08\/szuperhold-az-esztergomi-konyvtarban\/","og_site_name":"Dorogi-medence Region\u00e1lis H\u00edrport\u00e1l","article_publisher":"https:\/\/www.facebook.com\/dorogimedence\/","article_published_time":"2021-09-08T08:28:29+00:00","article_modified_time":"2021-09-09T06:02:32+00:00","og_image":[{"width":996,"height":560,"url":"https:\/\/i0.wp.com\/dorogimedence.hu\/wp-content\/uploads\/2021\/09\/Forgacs-Peter_Helischer-Konyvtar_02.jpg?fit=996%2C560&ssl=1","type":"image\/jpeg"}],"author":"dorogimedence.hu","twitter_card":"summary_large_image","twitter_misc":{"Szerz\u0151:":"dorogimedence.hu","Becs\u00fclt olvas\u00e1si id\u0151":"3 perc"},"schema":{"@context":"https:\/\/schema.org","@graph":[{"@type":"Article","@id":"https:\/\/dorogimedence.hu\/index.php\/2021\/09\/08\/szuperhold-az-esztergomi-konyvtarban\/#article","isPartOf":{"@id":"https:\/\/dorogimedence.hu\/index.php\/2021\/09\/08\/szuperhold-az-esztergomi-konyvtarban\/"},"author":{"name":"dorogimedence.hu","@id":"https:\/\/dorogimedence.hu\/#\/schema\/person\/ce6091eeb7e95ecdc87890d6aa8e0fd4"},"headline":"Szuperhold az esztergomi k\u00f6nyvt\u00e1rban","datePublished":"2021-09-08T08:28:29+00:00","dateModified":"2021-09-09T06:02:32+00:00","mainEntityOfPage":{"@id":"https:\/\/dorogimedence.hu\/index.php\/2021\/09\/08\/szuperhold-az-esztergomi-konyvtarban\/"},"wordCount":529,"publisher":{"@id":"https:\/\/dorogimedence.hu\/#organization"},"image":{"@id":"https:\/\/dorogimedence.hu\/index.php\/2021\/09\/08\/szuperhold-az-esztergomi-konyvtarban\/#primaryimage"},"thumbnailUrl":"https:\/\/dorogimedence.hu\/wp-content\/uploads\/2021\/09\/Forgacs-Peter_Helischer-Konyvtar_02.jpg","keywords":["esztergom","esztergomi k\u00f6nyvt\u00e1r","Forg\u00e1cs P\u00e9ter","kult\u00fara"],"articleSection":["Esztergom","H\u00edrek"],"inLanguage":"hu"},{"@type":"WebPage","@id":"https:\/\/dorogimedence.hu\/index.php\/2021\/09\/08\/szuperhold-az-esztergomi-konyvtarban\/","url":"https:\/\/dorogimedence.hu\/index.php\/2021\/09\/08\/szuperhold-az-esztergomi-konyvtarban\/","name":"Szuperhold az esztergomi k\u00f6nyvt\u00e1rban","isPartOf":{"@id":"https:\/\/dorogimedence.hu\/#website"},"primaryImageOfPage":{"@id":"https:\/\/dorogimedence.hu\/index.php\/2021\/09\/08\/szuperhold-az-esztergomi-konyvtarban\/#primaryimage"},"image":{"@id":"https:\/\/dorogimedence.hu\/index.php\/2021\/09\/08\/szuperhold-az-esztergomi-konyvtarban\/#primaryimage"},"thumbnailUrl":"https:\/\/dorogimedence.hu\/wp-content\/uploads\/2021\/09\/Forgacs-Peter_Helischer-Konyvtar_02.jpg","datePublished":"2021-09-08T08:28:29+00:00","dateModified":"2021-09-09T06:02:32+00:00","breadcrumb":{"@id":"https:\/\/dorogimedence.hu\/index.php\/2021\/09\/08\/szuperhold-az-esztergomi-konyvtarban\/#breadcrumb"},"inLanguage":"hu","potentialAction":[{"@type":"ReadAction","target":["https:\/\/dorogimedence.hu\/index.php\/2021\/09\/08\/szuperhold-az-esztergomi-konyvtarban\/"]}]},{"@type":"ImageObject","inLanguage":"hu","@id":"https:\/\/dorogimedence.hu\/index.php\/2021\/09\/08\/szuperhold-az-esztergomi-konyvtarban\/#primaryimage","url":"https:\/\/dorogimedence.hu\/wp-content\/uploads\/2021\/09\/Forgacs-Peter_Helischer-Konyvtar_02.jpg","contentUrl":"https:\/\/dorogimedence.hu\/wp-content\/uploads\/2021\/09\/Forgacs-Peter_Helischer-Konyvtar_02.jpg","width":996,"height":560},{"@type":"BreadcrumbList","@id":"https:\/\/dorogimedence.hu\/index.php\/2021\/09\/08\/szuperhold-az-esztergomi-konyvtarban\/#breadcrumb","itemListElement":[{"@type":"ListItem","position":1,"name":"Kezd\u0151lap","item":"https:\/\/dorogimedence.hu\/"},{"@type":"ListItem","position":2,"name":"Szuperhold az esztergomi k\u00f6nyvt\u00e1rban"}]},{"@type":"WebSite","@id":"https:\/\/dorogimedence.hu\/#website","url":"https:\/\/dorogimedence.hu\/","name":"Dorogi-medence Region\u00e1lis H\u00edrport\u00e1l","description":"Dorog, Keszt\u00f6lc, Le\u00e1nyv\u00e1r, Piliscs\u00e9v, Tokod, Tokodalt\u00e1r\u00f3, Csolnok, Esztergom-kertv\u00e1ros: h\u00edrek, programok","publisher":{"@id":"https:\/\/dorogimedence.hu\/#organization"},"potentialAction":[{"@type":"SearchAction","target":{"@type":"EntryPoint","urlTemplate":"https:\/\/dorogimedence.hu\/?s={search_term_string}"},"query-input":{"@type":"PropertyValueSpecification","valueRequired":true,"valueName":"search_term_string"}}],"inLanguage":"hu"},{"@type":"Organization","@id":"https:\/\/dorogimedence.hu\/#organization","name":"Dorogi-medence Region\u00e1lis H\u00edrport\u00e1l","url":"https:\/\/dorogimedence.hu\/","logo":{"@type":"ImageObject","inLanguage":"hu","@id":"https:\/\/dorogimedence.hu\/#\/schema\/logo\/image\/","url":"https:\/\/dorogimedence.hu\/wp-content\/uploads\/2021\/04\/logo-feher-600.png","contentUrl":"https:\/\/dorogimedence.hu\/wp-content\/uploads\/2021\/04\/logo-feher-600.png","width":600,"height":100,"caption":"Dorogi-medence Region\u00e1lis H\u00edrport\u00e1l"},"image":{"@id":"https:\/\/dorogimedence.hu\/#\/schema\/logo\/image\/"},"sameAs":["https:\/\/www.facebook.com\/dorogimedence\/"]},{"@type":"Person","@id":"https:\/\/dorogimedence.hu\/#\/schema\/person\/ce6091eeb7e95ecdc87890d6aa8e0fd4","name":"dorogimedence.hu","image":{"@type":"ImageObject","inLanguage":"hu","@id":"\/\/www.gravatar.com\/avatar\/d8d45f8901aadff40a4af72c0b826f1d?s=96&#038;r=g&#038;d=mm","url":"\/\/www.gravatar.com\/avatar\/d8d45f8901aadff40a4af72c0b826f1d?s=96&#038;r=g&#038;d=mm","contentUrl":"\/\/www.gravatar.com\/avatar\/d8d45f8901aadff40a4af72c0b826f1d?s=96&#038;r=g&#038;d=mm","caption":"dorogimedence.hu"}}]}},"_links":{"self":[{"href":"https:\/\/dorogimedence.hu\/index.php\/wp-json\/wp\/v2\/posts\/36599","targetHints":{"allow":["GET"]}}],"collection":[{"href":"https:\/\/dorogimedence.hu\/index.php\/wp-json\/wp\/v2\/posts"}],"about":[{"href":"https:\/\/dorogimedence.hu\/index.php\/wp-json\/wp\/v2\/types\/post"}],"author":[{"embeddable":true,"href":"https:\/\/dorogimedence.hu\/index.php\/wp-json\/wp\/v2\/users\/1"}],"replies":[{"embeddable":true,"href":"https:\/\/dorogimedence.hu\/index.php\/wp-json\/wp\/v2\/comments?post=36599"}],"version-history":[{"count":0,"href":"https:\/\/dorogimedence.hu\/index.php\/wp-json\/wp\/v2\/posts\/36599\/revisions"}],"wp:featuredmedia":[{"embeddable":true,"href":"https:\/\/dorogimedence.hu\/index.php\/wp-json\/wp\/v2\/media\/36601"}],"wp:attachment":[{"href":"https:\/\/dorogimedence.hu\/index.php\/wp-json\/wp\/v2\/media?parent=36599"}],"wp:term":[{"taxonomy":"category","embeddable":true,"href":"https:\/\/dorogimedence.hu\/index.php\/wp-json\/wp\/v2\/categories?post=36599"},{"taxonomy":"post_tag","embeddable":true,"href":"https:\/\/dorogimedence.hu\/index.php\/wp-json\/wp\/v2\/tags?post=36599"}],"curies":[{"name":"wp","href":"https:\/\/api.w.org\/{rel}","templated":true}]}}