{"id":36373,"date":"2021-09-03T07:32:59","date_gmt":"2021-09-03T05:32:59","guid":{"rendered":"https:\/\/dorogimedence.hu\/?p=36373"},"modified":"2021-09-03T07:33:16","modified_gmt":"2021-09-03T05:33:16","slug":"annavolgy-100-ev-megyei-filmtermese","status":"publish","type":"post","link":"https:\/\/dorogimedence.hu\/index.php\/2021\/09\/03\/annavolgy-100-ev-megyei-filmtermese\/","title":{"rendered":"Annav\u00f6lgy &#8211; 100 \u00e9v megyei filmterm\u00e9se"},"content":{"rendered":"<p><strong>Annav\u00f6lgy\u00f6n a K\u00f6zs\u00e9gi K\u00f6nyvt\u00e1rban v\u00e1rj\u00e1k a megyei filmt\u00f6rt\u00e9net ir\u00e1nt \u00e9rdekl\u0151d\u0151ket, rajong\u00f3kat szeptember 10-\u00e9n, p\u00e9nteken 17.30-kor. Cserteg Istv\u00e1n filmkutat\u00f3 tart filmes el\u0151ad\u00e1st Kom\u00e1rom-Esztergom megye filmt\u00f6rt\u00e9net\u00e9nek 100 \u00e9v\u00e9r\u0151l, \u00e9s a benne k\u00e9sz\u00fclt 300 filmr\u0151l. A filmmel \u00e9s k\u00e9pekkel gazdagon illusztr\u00e1lt el\u0151ad\u00e1s ut\u00e1n besz\u00e9lget\u00e9sre invit\u00e1lj\u00e1k az \u00e9rdekl\u0151d\u0151ket. Az el\u0151ad\u00e1s sor\u00e1n a dorogi, csolnoki, annav\u00f6lgyi \u00e9s s\u00e1ris\u00e1pi forgat\u00e1sok k\u00e9pei is helyet kapnak. Az el\u0151ad\u00e1s a J\u00f3zsef Attila Megyei \u00e9s V\u00e1rosi K\u00f6nyvt\u00e1r megyei k\u00f6nyvt\u00e1ri rendszer\u00e9nek keret\u00e9ben j\u00f6n l\u00e9tre.<\/strong><\/p>\n<p>Legend\u00e1s sz\u00edn\u00e9szek, rendez\u0151k \u00e9s filmt\u00f6rt\u00e9neti k\u00fcl\u00f6nlegess\u00e9gek t\u00f6rt\u00e9neteivel v\u00e1rja Cserteg Istv\u00e1n az el\u0151ad\u00e1s ir\u00e1nt \u00e9rdekl\u0151d\u0151ket. Kom\u00e1rom-Esztergom megye 300 filmnek adott helysz\u00ednt az elm\u00falt 100 \u00e9vben, amely rekord is lehet egy ilyen kicsi megye eset\u00e9ben. 13 orsz\u00e1g rendez\u0151i \u00e9s filmt\u00e1rsas\u00e1gai tartott\u00e1k fontosnak megy\u00e9nket filmek forgat\u00e1si helysz\u00ednei ok\u00e1n. S\u00e1ris\u00e1p \u00e9s Annav\u00f6lgy a szocialista filmgy\u00e1rt\u00e1sban j\u00e1tszott fontos szerepet. \u00cdr\u00f3k, rendez\u0151k adtak inspir\u00e1ci\u00f3kat els\u0151sorban b\u00e1ny\u00e1sz t\u00e9m\u00e1j\u00fa filmek helyi megval\u00f3s\u00edt\u00e1s\u00e1hoz. Az \u00edg\u00e9ret f\u00f6ldje c\u00edm\u0171 filmt\u0151l eljutunk majd a Karancsfalvi sz\u00f6kev\u00e9nyek c\u00edm\u0171 alkot\u00e1sig. M\u00e9sz\u00e1ros Gyul\u00e1t\u00f3l Wiedermann K\u00e1rolyig eml\u00edt\u00e9sre ker\u00fclnek a helysz\u00ednek szerelmesei.<\/p>\n<p>Elm\u00falt 100 \u00e9ves a megyei filmgy\u00e1rt\u00e1s t\u00f6rt\u00e9nete. Kom\u00e1rom-Esztergom Megy\u00e9ben 1917-ben forgattak el\u0151sz\u00f6r j\u00e1t\u00e9kfilmet. De\u00e9sy Alfr\u00e9d rendez\u0151 ebben az \u00e9vben t\u00f6bb magyar j\u00e1t\u00e9kfilmet forgatott Tata-T\u00f3v\u00e1rosban a Star Filmgy\u00e1r megb\u00edz\u00e1s\u00e1b\u00f3l. Folyt az els\u0151 vil\u00e1gh\u00e1bor\u00fa \u00e9s m\u00e9gis igen gazdag \u00e9let jellemezte a h\u00e1tt\u00e9rorsz\u00e1got. Egy biztos, kezdet\u00e9t vette a magyar kult\u00fara \u00fajabb fejezete, amelyben a mozg\u00f3k\u00e9pek j\u00e1tssz\u00e1k a f\u0151szerepet. Az els\u0151 vil\u00e1g\u00e9g\u00e9s alatt sz\u00fcletett meg a magyar mozi ipar \u00e9s a jelent\u0151s filmgy\u00e1rt\u00e1s zajlott a n\u00e9mafilmek kor\u00e1ban Magyarorsz\u00e1gon.<\/p>\n","protected":false},"excerpt":{"rendered":"<p>Annav\u00f6lgy\u00f6n a K\u00f6zs\u00e9gi K\u00f6nyvt\u00e1rban v\u00e1rj\u00e1k a megyei filmt\u00f6rt\u00e9net ir\u00e1nt \u00e9rdekl\u0151d\u0151ket, rajong\u00f3kat szeptember 10-\u00e9n, p\u00e9nteken 17.30-kor. Cserteg Istv\u00e1n filmkutat\u00f3 tart filmes el\u0151ad\u00e1st Kom\u00e1rom-Esztergom megye filmt\u00f6rt\u00e9net\u00e9nek 100 \u00e9v\u00e9r\u0151l, \u00e9s a benne k\u00e9sz\u00fclt 300 filmr\u0151l. A filmmel \u00e9s k\u00e9pekkel gazdagon illusztr\u00e1lt el\u0151ad\u00e1s ut\u00e1n besz\u00e9lget\u00e9sre invit\u00e1lj\u00e1k az \u00e9rdekl\u0151d\u0151ket. Az el\u0151ad\u00e1s sor\u00e1n a dorogi, csolnoki, annav\u00f6lgyi \u00e9s s\u00e1ris\u00e1pi forgat\u00e1sok k\u00e9pei<\/p>\n","protected":false},"author":1,"featured_media":36374,"comment_status":"closed","ping_status":"closed","sticky":false,"template":"","format":"standard","meta":{"ngg_post_thumbnail":0,"footnotes":""},"categories":[3,56,3561],"tags":[347,220,3799,1701],"class_list":{"0":"post-36373","1":"post","2":"type-post","3":"status-publish","4":"format-standard","5":"has-post-thumbnail","7":"category-hirek","8":"category-komarom-esztergom","9":"category-programok","10":"tag-annavolgy","11":"tag-film","12":"tag-komarom-esztergom-megye","13":"tag-mozi"},"yoast_head":"<!-- This site is optimized with the Yoast SEO plugin v27.4 - https:\/\/yoast.com\/product\/yoast-seo-wordpress\/ -->\n<title>Annav\u00f6lgy - 100 \u00e9v megyei filmterm\u00e9se<\/title>\n<meta name=\"robots\" content=\"index, follow, max-snippet:-1, max-image-preview:large, max-video-preview:-1\" \/>\n<link rel=\"canonical\" href=\"https:\/\/dorogimedence.hu\/index.php\/2021\/09\/03\/annavolgy-100-ev-megyei-filmtermese\/\" class=\"yoast-seo-meta-tag\" \/>\n<meta property=\"og:locale\" content=\"hu_HU\" class=\"yoast-seo-meta-tag\" \/>\n<meta property=\"og:type\" content=\"article\" class=\"yoast-seo-meta-tag\" \/>\n<meta property=\"og:title\" content=\"Annav\u00f6lgy - 100 \u00e9v megyei filmterm\u00e9se\" class=\"yoast-seo-meta-tag\" \/>\n<meta property=\"og:description\" content=\"Annav\u00f6lgy\u00f6n a K\u00f6zs\u00e9gi K\u00f6nyvt\u00e1rban v\u00e1rj\u00e1k a megyei filmt\u00f6rt\u00e9net ir\u00e1nt \u00e9rdekl\u0151d\u0151ket, rajong\u00f3kat szeptember 10-\u00e9n, p\u00e9nteken 17.30-kor. Cserteg Istv\u00e1n filmkutat\u00f3 tart filmes el\u0151ad\u00e1st Kom\u00e1rom-Esztergom megye filmt\u00f6rt\u00e9net\u00e9nek 100 \u00e9v\u00e9r\u0151l, \u00e9s a benne k\u00e9sz\u00fclt 300 filmr\u0151l. A filmmel \u00e9s k\u00e9pekkel gazdagon illusztr\u00e1lt el\u0151ad\u00e1s ut\u00e1n besz\u00e9lget\u00e9sre invit\u00e1lj\u00e1k az \u00e9rdekl\u0151d\u0151ket. Az el\u0151ad\u00e1s sor\u00e1n a dorogi, csolnoki, annav\u00f6lgyi \u00e9s s\u00e1ris\u00e1pi forgat\u00e1sok k\u00e9pei\" class=\"yoast-seo-meta-tag\" \/>\n<meta property=\"og:url\" content=\"https:\/\/dorogimedence.hu\/index.php\/2021\/09\/03\/annavolgy-100-ev-megyei-filmtermese\/\" class=\"yoast-seo-meta-tag\" \/>\n<meta property=\"og:site_name\" content=\"Dorogi-medence Region\u00e1lis H\u00edrport\u00e1l\" class=\"yoast-seo-meta-tag\" \/>\n<meta property=\"article:publisher\" content=\"https:\/\/www.facebook.com\/dorogimedence\/\" class=\"yoast-seo-meta-tag\" \/>\n<meta property=\"article:published_time\" content=\"2021-09-03T05:32:59+00:00\" class=\"yoast-seo-meta-tag\" \/>\n<meta property=\"article:modified_time\" content=\"2021-09-03T05:33:16+00:00\" class=\"yoast-seo-meta-tag\" \/>\n<meta property=\"og:image\" content=\"https:\/\/i0.wp.com\/dorogimedence.hu\/wp-content\/uploads\/2021\/09\/cinema-strip-64074_1920.jpg?fit=1920%2C1357&ssl=1\" class=\"yoast-seo-meta-tag\" \/>\n\t<meta property=\"og:image:width\" content=\"1920\" class=\"yoast-seo-meta-tag\" \/>\n\t<meta property=\"og:image:height\" content=\"1357\" class=\"yoast-seo-meta-tag\" \/>\n\t<meta property=\"og:image:type\" content=\"image\/jpeg\" class=\"yoast-seo-meta-tag\" \/>\n<meta name=\"author\" content=\"dorogimedence.hu\" class=\"yoast-seo-meta-tag\" \/>\n<meta name=\"twitter:card\" content=\"summary_large_image\" class=\"yoast-seo-meta-tag\" \/>\n<meta name=\"twitter:label1\" content=\"Szerz\u0151:\" class=\"yoast-seo-meta-tag\" \/>\n\t<meta name=\"twitter:data1\" content=\"dorogimedence.hu\" class=\"yoast-seo-meta-tag\" \/>\n\t<meta name=\"twitter:label2\" content=\"Becs\u00fclt olvas\u00e1si id\u0151\" class=\"yoast-seo-meta-tag\" \/>\n\t<meta name=\"twitter:data2\" content=\"2 perc\" class=\"yoast-seo-meta-tag\" \/>\n<script type=\"application\/ld+json\" class=\"yoast-schema-graph\">{\"@context\":\"https:\\\/\\\/schema.org\",\"@graph\":[{\"@type\":\"Article\",\"@id\":\"https:\\\/\\\/dorogimedence.hu\\\/index.php\\\/2021\\\/09\\\/03\\\/annavolgy-100-ev-megyei-filmtermese\\\/#article\",\"isPartOf\":{\"@id\":\"https:\\\/\\\/dorogimedence.hu\\\/index.php\\\/2021\\\/09\\\/03\\\/annavolgy-100-ev-megyei-filmtermese\\\/\"},\"author\":{\"name\":\"dorogimedence.hu\",\"@id\":\"https:\\\/\\\/dorogimedence.hu\\\/#\\\/schema\\\/person\\\/ce6091eeb7e95ecdc87890d6aa8e0fd4\"},\"headline\":\"Annav\u00f6lgy &#8211; 100 \u00e9v megyei filmterm\u00e9se\",\"datePublished\":\"2021-09-03T05:32:59+00:00\",\"dateModified\":\"2021-09-03T05:33:16+00:00\",\"mainEntityOfPage\":{\"@id\":\"https:\\\/\\\/dorogimedence.hu\\\/index.php\\\/2021\\\/09\\\/03\\\/annavolgy-100-ev-megyei-filmtermese\\\/\"},\"wordCount\":405,\"publisher\":{\"@id\":\"https:\\\/\\\/dorogimedence.hu\\\/#organization\"},\"image\":{\"@id\":\"https:\\\/\\\/dorogimedence.hu\\\/index.php\\\/2021\\\/09\\\/03\\\/annavolgy-100-ev-megyei-filmtermese\\\/#primaryimage\"},\"thumbnailUrl\":\"https:\\\/\\\/dorogimedence.hu\\\/wp-content\\\/uploads\\\/2021\\\/09\\\/cinema-strip-64074_1920.jpg\",\"keywords\":[\"Annav\u00f6lgy\",\"film\",\"Kom\u00e1rom-Esztergom megye\",\"mozi\"],\"articleSection\":[\"H\u00edrek\",\"Kom\u00e1rom-Esztergom\",\"Programok\"],\"inLanguage\":\"hu\"},{\"@type\":\"WebPage\",\"@id\":\"https:\\\/\\\/dorogimedence.hu\\\/index.php\\\/2021\\\/09\\\/03\\\/annavolgy-100-ev-megyei-filmtermese\\\/\",\"url\":\"https:\\\/\\\/dorogimedence.hu\\\/index.php\\\/2021\\\/09\\\/03\\\/annavolgy-100-ev-megyei-filmtermese\\\/\",\"name\":\"Annav\u00f6lgy - 100 \u00e9v megyei filmterm\u00e9se\",\"isPartOf\":{\"@id\":\"https:\\\/\\\/dorogimedence.hu\\\/#website\"},\"primaryImageOfPage\":{\"@id\":\"https:\\\/\\\/dorogimedence.hu\\\/index.php\\\/2021\\\/09\\\/03\\\/annavolgy-100-ev-megyei-filmtermese\\\/#primaryimage\"},\"image\":{\"@id\":\"https:\\\/\\\/dorogimedence.hu\\\/index.php\\\/2021\\\/09\\\/03\\\/annavolgy-100-ev-megyei-filmtermese\\\/#primaryimage\"},\"thumbnailUrl\":\"https:\\\/\\\/dorogimedence.hu\\\/wp-content\\\/uploads\\\/2021\\\/09\\\/cinema-strip-64074_1920.jpg\",\"datePublished\":\"2021-09-03T05:32:59+00:00\",\"dateModified\":\"2021-09-03T05:33:16+00:00\",\"breadcrumb\":{\"@id\":\"https:\\\/\\\/dorogimedence.hu\\\/index.php\\\/2021\\\/09\\\/03\\\/annavolgy-100-ev-megyei-filmtermese\\\/#breadcrumb\"},\"inLanguage\":\"hu\",\"potentialAction\":[{\"@type\":\"ReadAction\",\"target\":[\"https:\\\/\\\/dorogimedence.hu\\\/index.php\\\/2021\\\/09\\\/03\\\/annavolgy-100-ev-megyei-filmtermese\\\/\"]}]},{\"@type\":\"ImageObject\",\"inLanguage\":\"hu\",\"@id\":\"https:\\\/\\\/dorogimedence.hu\\\/index.php\\\/2021\\\/09\\\/03\\\/annavolgy-100-ev-megyei-filmtermese\\\/#primaryimage\",\"url\":\"https:\\\/\\\/dorogimedence.hu\\\/wp-content\\\/uploads\\\/2021\\\/09\\\/cinema-strip-64074_1920.jpg\",\"contentUrl\":\"https:\\\/\\\/dorogimedence.hu\\\/wp-content\\\/uploads\\\/2021\\\/09\\\/cinema-strip-64074_1920.jpg\",\"width\":1920,\"height\":1357},{\"@type\":\"BreadcrumbList\",\"@id\":\"https:\\\/\\\/dorogimedence.hu\\\/index.php\\\/2021\\\/09\\\/03\\\/annavolgy-100-ev-megyei-filmtermese\\\/#breadcrumb\",\"itemListElement\":[{\"@type\":\"ListItem\",\"position\":1,\"name\":\"Kezd\u0151lap\",\"item\":\"https:\\\/\\\/dorogimedence.hu\\\/\"},{\"@type\":\"ListItem\",\"position\":2,\"name\":\"Annav\u00f6lgy &#8211; 100 \u00e9v megyei filmterm\u00e9se\"}]},{\"@type\":\"WebSite\",\"@id\":\"https:\\\/\\\/dorogimedence.hu\\\/#website\",\"url\":\"https:\\\/\\\/dorogimedence.hu\\\/\",\"name\":\"Dorogi-medence Region\u00e1lis H\u00edrport\u00e1l\",\"description\":\"Dorog, Keszt\u00f6lc, Le\u00e1nyv\u00e1r, Piliscs\u00e9v, Tokod, Tokodalt\u00e1r\u00f3, Csolnok, Esztergom-kertv\u00e1ros: h\u00edrek, programok\",\"publisher\":{\"@id\":\"https:\\\/\\\/dorogimedence.hu\\\/#organization\"},\"potentialAction\":[{\"@type\":\"SearchAction\",\"target\":{\"@type\":\"EntryPoint\",\"urlTemplate\":\"https:\\\/\\\/dorogimedence.hu\\\/?s={search_term_string}\"},\"query-input\":{\"@type\":\"PropertyValueSpecification\",\"valueRequired\":true,\"valueName\":\"search_term_string\"}}],\"inLanguage\":\"hu\"},{\"@type\":\"Organization\",\"@id\":\"https:\\\/\\\/dorogimedence.hu\\\/#organization\",\"name\":\"Dorogi-medence Region\u00e1lis H\u00edrport\u00e1l\",\"url\":\"https:\\\/\\\/dorogimedence.hu\\\/\",\"logo\":{\"@type\":\"ImageObject\",\"inLanguage\":\"hu\",\"@id\":\"https:\\\/\\\/dorogimedence.hu\\\/#\\\/schema\\\/logo\\\/image\\\/\",\"url\":\"https:\\\/\\\/dorogimedence.hu\\\/wp-content\\\/uploads\\\/2021\\\/04\\\/logo-feher-600.png\",\"contentUrl\":\"https:\\\/\\\/dorogimedence.hu\\\/wp-content\\\/uploads\\\/2021\\\/04\\\/logo-feher-600.png\",\"width\":600,\"height\":100,\"caption\":\"Dorogi-medence Region\u00e1lis H\u00edrport\u00e1l\"},\"image\":{\"@id\":\"https:\\\/\\\/dorogimedence.hu\\\/#\\\/schema\\\/logo\\\/image\\\/\"},\"sameAs\":[\"https:\\\/\\\/www.facebook.com\\\/dorogimedence\\\/\"]},{\"@type\":\"Person\",\"@id\":\"https:\\\/\\\/dorogimedence.hu\\\/#\\\/schema\\\/person\\\/ce6091eeb7e95ecdc87890d6aa8e0fd4\",\"name\":\"dorogimedence.hu\",\"image\":{\"@type\":\"ImageObject\",\"inLanguage\":\"hu\",\"@id\":\"\\\/\\\/www.gravatar.com\\\/avatar\\\/d8d45f8901aadff40a4af72c0b826f1d?s=96&#038;r=g&#038;d=mm\",\"url\":\"\\\/\\\/www.gravatar.com\\\/avatar\\\/d8d45f8901aadff40a4af72c0b826f1d?s=96&#038;r=g&#038;d=mm\",\"contentUrl\":\"\\\/\\\/www.gravatar.com\\\/avatar\\\/d8d45f8901aadff40a4af72c0b826f1d?s=96&#038;r=g&#038;d=mm\",\"caption\":\"dorogimedence.hu\"}}]}<\/script>\n<!-- \/ Yoast SEO plugin. -->","yoast_head_json":{"title":"Annav\u00f6lgy - 100 \u00e9v megyei filmterm\u00e9se","robots":{"index":"index","follow":"follow","max-snippet":"max-snippet:-1","max-image-preview":"max-image-preview:large","max-video-preview":"max-video-preview:-1"},"canonical":"https:\/\/dorogimedence.hu\/index.php\/2021\/09\/03\/annavolgy-100-ev-megyei-filmtermese\/","og_locale":"hu_HU","og_type":"article","og_title":"Annav\u00f6lgy - 100 \u00e9v megyei filmterm\u00e9se","og_description":"Annav\u00f6lgy\u00f6n a K\u00f6zs\u00e9gi K\u00f6nyvt\u00e1rban v\u00e1rj\u00e1k a megyei filmt\u00f6rt\u00e9net ir\u00e1nt \u00e9rdekl\u0151d\u0151ket, rajong\u00f3kat szeptember 10-\u00e9n, p\u00e9nteken 17.30-kor. Cserteg Istv\u00e1n filmkutat\u00f3 tart filmes el\u0151ad\u00e1st Kom\u00e1rom-Esztergom megye filmt\u00f6rt\u00e9net\u00e9nek 100 \u00e9v\u00e9r\u0151l, \u00e9s a benne k\u00e9sz\u00fclt 300 filmr\u0151l. A filmmel \u00e9s k\u00e9pekkel gazdagon illusztr\u00e1lt el\u0151ad\u00e1s ut\u00e1n besz\u00e9lget\u00e9sre invit\u00e1lj\u00e1k az \u00e9rdekl\u0151d\u0151ket. Az el\u0151ad\u00e1s sor\u00e1n a dorogi, csolnoki, annav\u00f6lgyi \u00e9s s\u00e1ris\u00e1pi forgat\u00e1sok k\u00e9pei","og_url":"https:\/\/dorogimedence.hu\/index.php\/2021\/09\/03\/annavolgy-100-ev-megyei-filmtermese\/","og_site_name":"Dorogi-medence Region\u00e1lis H\u00edrport\u00e1l","article_publisher":"https:\/\/www.facebook.com\/dorogimedence\/","article_published_time":"2021-09-03T05:32:59+00:00","article_modified_time":"2021-09-03T05:33:16+00:00","og_image":[{"width":1920,"height":1357,"url":"https:\/\/i0.wp.com\/dorogimedence.hu\/wp-content\/uploads\/2021\/09\/cinema-strip-64074_1920.jpg?fit=1920%2C1357&ssl=1","type":"image\/jpeg"}],"author":"dorogimedence.hu","twitter_card":"summary_large_image","twitter_misc":{"Szerz\u0151:":"dorogimedence.hu","Becs\u00fclt olvas\u00e1si id\u0151":"2 perc"},"schema":{"@context":"https:\/\/schema.org","@graph":[{"@type":"Article","@id":"https:\/\/dorogimedence.hu\/index.php\/2021\/09\/03\/annavolgy-100-ev-megyei-filmtermese\/#article","isPartOf":{"@id":"https:\/\/dorogimedence.hu\/index.php\/2021\/09\/03\/annavolgy-100-ev-megyei-filmtermese\/"},"author":{"name":"dorogimedence.hu","@id":"https:\/\/dorogimedence.hu\/#\/schema\/person\/ce6091eeb7e95ecdc87890d6aa8e0fd4"},"headline":"Annav\u00f6lgy &#8211; 100 \u00e9v megyei filmterm\u00e9se","datePublished":"2021-09-03T05:32:59+00:00","dateModified":"2021-09-03T05:33:16+00:00","mainEntityOfPage":{"@id":"https:\/\/dorogimedence.hu\/index.php\/2021\/09\/03\/annavolgy-100-ev-megyei-filmtermese\/"},"wordCount":405,"publisher":{"@id":"https:\/\/dorogimedence.hu\/#organization"},"image":{"@id":"https:\/\/dorogimedence.hu\/index.php\/2021\/09\/03\/annavolgy-100-ev-megyei-filmtermese\/#primaryimage"},"thumbnailUrl":"https:\/\/dorogimedence.hu\/wp-content\/uploads\/2021\/09\/cinema-strip-64074_1920.jpg","keywords":["Annav\u00f6lgy","film","Kom\u00e1rom-Esztergom megye","mozi"],"articleSection":["H\u00edrek","Kom\u00e1rom-Esztergom","Programok"],"inLanguage":"hu"},{"@type":"WebPage","@id":"https:\/\/dorogimedence.hu\/index.php\/2021\/09\/03\/annavolgy-100-ev-megyei-filmtermese\/","url":"https:\/\/dorogimedence.hu\/index.php\/2021\/09\/03\/annavolgy-100-ev-megyei-filmtermese\/","name":"Annav\u00f6lgy - 100 \u00e9v megyei filmterm\u00e9se","isPartOf":{"@id":"https:\/\/dorogimedence.hu\/#website"},"primaryImageOfPage":{"@id":"https:\/\/dorogimedence.hu\/index.php\/2021\/09\/03\/annavolgy-100-ev-megyei-filmtermese\/#primaryimage"},"image":{"@id":"https:\/\/dorogimedence.hu\/index.php\/2021\/09\/03\/annavolgy-100-ev-megyei-filmtermese\/#primaryimage"},"thumbnailUrl":"https:\/\/dorogimedence.hu\/wp-content\/uploads\/2021\/09\/cinema-strip-64074_1920.jpg","datePublished":"2021-09-03T05:32:59+00:00","dateModified":"2021-09-03T05:33:16+00:00","breadcrumb":{"@id":"https:\/\/dorogimedence.hu\/index.php\/2021\/09\/03\/annavolgy-100-ev-megyei-filmtermese\/#breadcrumb"},"inLanguage":"hu","potentialAction":[{"@type":"ReadAction","target":["https:\/\/dorogimedence.hu\/index.php\/2021\/09\/03\/annavolgy-100-ev-megyei-filmtermese\/"]}]},{"@type":"ImageObject","inLanguage":"hu","@id":"https:\/\/dorogimedence.hu\/index.php\/2021\/09\/03\/annavolgy-100-ev-megyei-filmtermese\/#primaryimage","url":"https:\/\/dorogimedence.hu\/wp-content\/uploads\/2021\/09\/cinema-strip-64074_1920.jpg","contentUrl":"https:\/\/dorogimedence.hu\/wp-content\/uploads\/2021\/09\/cinema-strip-64074_1920.jpg","width":1920,"height":1357},{"@type":"BreadcrumbList","@id":"https:\/\/dorogimedence.hu\/index.php\/2021\/09\/03\/annavolgy-100-ev-megyei-filmtermese\/#breadcrumb","itemListElement":[{"@type":"ListItem","position":1,"name":"Kezd\u0151lap","item":"https:\/\/dorogimedence.hu\/"},{"@type":"ListItem","position":2,"name":"Annav\u00f6lgy &#8211; 100 \u00e9v megyei filmterm\u00e9se"}]},{"@type":"WebSite","@id":"https:\/\/dorogimedence.hu\/#website","url":"https:\/\/dorogimedence.hu\/","name":"Dorogi-medence Region\u00e1lis H\u00edrport\u00e1l","description":"Dorog, Keszt\u00f6lc, Le\u00e1nyv\u00e1r, Piliscs\u00e9v, Tokod, Tokodalt\u00e1r\u00f3, Csolnok, Esztergom-kertv\u00e1ros: h\u00edrek, programok","publisher":{"@id":"https:\/\/dorogimedence.hu\/#organization"},"potentialAction":[{"@type":"SearchAction","target":{"@type":"EntryPoint","urlTemplate":"https:\/\/dorogimedence.hu\/?s={search_term_string}"},"query-input":{"@type":"PropertyValueSpecification","valueRequired":true,"valueName":"search_term_string"}}],"inLanguage":"hu"},{"@type":"Organization","@id":"https:\/\/dorogimedence.hu\/#organization","name":"Dorogi-medence Region\u00e1lis H\u00edrport\u00e1l","url":"https:\/\/dorogimedence.hu\/","logo":{"@type":"ImageObject","inLanguage":"hu","@id":"https:\/\/dorogimedence.hu\/#\/schema\/logo\/image\/","url":"https:\/\/dorogimedence.hu\/wp-content\/uploads\/2021\/04\/logo-feher-600.png","contentUrl":"https:\/\/dorogimedence.hu\/wp-content\/uploads\/2021\/04\/logo-feher-600.png","width":600,"height":100,"caption":"Dorogi-medence Region\u00e1lis H\u00edrport\u00e1l"},"image":{"@id":"https:\/\/dorogimedence.hu\/#\/schema\/logo\/image\/"},"sameAs":["https:\/\/www.facebook.com\/dorogimedence\/"]},{"@type":"Person","@id":"https:\/\/dorogimedence.hu\/#\/schema\/person\/ce6091eeb7e95ecdc87890d6aa8e0fd4","name":"dorogimedence.hu","image":{"@type":"ImageObject","inLanguage":"hu","@id":"\/\/www.gravatar.com\/avatar\/d8d45f8901aadff40a4af72c0b826f1d?s=96&#038;r=g&#038;d=mm","url":"\/\/www.gravatar.com\/avatar\/d8d45f8901aadff40a4af72c0b826f1d?s=96&#038;r=g&#038;d=mm","contentUrl":"\/\/www.gravatar.com\/avatar\/d8d45f8901aadff40a4af72c0b826f1d?s=96&#038;r=g&#038;d=mm","caption":"dorogimedence.hu"}}]}},"_links":{"self":[{"href":"https:\/\/dorogimedence.hu\/index.php\/wp-json\/wp\/v2\/posts\/36373","targetHints":{"allow":["GET"]}}],"collection":[{"href":"https:\/\/dorogimedence.hu\/index.php\/wp-json\/wp\/v2\/posts"}],"about":[{"href":"https:\/\/dorogimedence.hu\/index.php\/wp-json\/wp\/v2\/types\/post"}],"author":[{"embeddable":true,"href":"https:\/\/dorogimedence.hu\/index.php\/wp-json\/wp\/v2\/users\/1"}],"replies":[{"embeddable":true,"href":"https:\/\/dorogimedence.hu\/index.php\/wp-json\/wp\/v2\/comments?post=36373"}],"version-history":[{"count":0,"href":"https:\/\/dorogimedence.hu\/index.php\/wp-json\/wp\/v2\/posts\/36373\/revisions"}],"wp:featuredmedia":[{"embeddable":true,"href":"https:\/\/dorogimedence.hu\/index.php\/wp-json\/wp\/v2\/media\/36374"}],"wp:attachment":[{"href":"https:\/\/dorogimedence.hu\/index.php\/wp-json\/wp\/v2\/media?parent=36373"}],"wp:term":[{"taxonomy":"category","embeddable":true,"href":"https:\/\/dorogimedence.hu\/index.php\/wp-json\/wp\/v2\/categories?post=36373"},{"taxonomy":"post_tag","embeddable":true,"href":"https:\/\/dorogimedence.hu\/index.php\/wp-json\/wp\/v2\/tags?post=36373"}],"curies":[{"name":"wp","href":"https:\/\/api.w.org\/{rel}","templated":true}]}}