{"id":36333,"date":"2021-09-01T17:23:28","date_gmt":"2021-09-01T15:23:28","guid":{"rendered":"https:\/\/dorogimedence.hu\/?p=36333"},"modified":"2021-09-03T06:38:06","modified_gmt":"2021-09-03T04:38:06","slug":"a-schmidt-sandor-szobor-koszoruzasaval-kezdodott-el-a-banyasznap","status":"publish","type":"post","link":"https:\/\/dorogimedence.hu\/index.php\/2021\/09\/01\/a-schmidt-sandor-szobor-koszoruzasaval-kezdodott-el-a-banyasznap\/","title":{"rendered":"A Schmidt S\u00e1ndor szobor koszor\u00faz\u00e1s\u00e1val kezd\u0151d\u00f6tt el a B\u00e1ny\u00e1sznap"},"content":{"rendered":"<p><strong>Szeptember 1-j\u00e9n, szerd\u00e1n d\u00e9lut\u00e1n Schmidt S\u00e1ndor mellszobr\u00e1nak koszor\u00faz\u00e1s\u00e1val kezd\u0151d\u00f6tt el a 71. b\u00e1ny\u00e1sznapi \u00fcnneps\u00e9g Dorogon.<\/strong><\/p>\n<p>K\u00e9t \u00e9ve, 2019. augusztus 28-\u00e1n avatt\u00e1k fel \u00fcnnep\u00e9lyesen Dr. Schmidt S\u00e1ndor b\u00e1nyam\u00e9rn\u00f6k, Dorog atyj\u00e1nak szobr\u00e1t a Schmidt-vill\u00e1n\u00e1l. Schmidt S\u00e1ndor els\u0151 b\u00e1nyam\u00e9rn\u00f6kk\u00e9nt szerzett doktori c\u00edmet Magyarorsz\u00e1gon. \u00dajszer\u0171 kezdem\u00e9nyez\u00e9seivel nagy hat\u00e1ssal volt a magyar sz\u00e9nb\u00e1ny\u00e1szat fejl\u0151d\u00e9s\u00e9re, eredm\u00e9nyess\u00e9g\u00e9re.<\/p>\n<p><img fetchpriority=\"high\" decoding=\"async\" class=\"alignnone size-large wp-image-36335\" src=\"https:\/\/dorogimedence.hu\/wp-content\/uploads\/2021\/09\/schmidt-szobor-02-1024x704.jpg\" alt=\"\" width=\"755\" height=\"519\" srcset=\"https:\/\/dorogimedence.hu\/wp-content\/uploads\/2021\/09\/schmidt-szobor-02-1024x704.jpg 1024w, https:\/\/dorogimedence.hu\/wp-content\/uploads\/2021\/09\/schmidt-szobor-02-300x206.jpg 300w, https:\/\/dorogimedence.hu\/wp-content\/uploads\/2021\/09\/schmidt-szobor-02-768x528.jpg 768w, https:\/\/dorogimedence.hu\/wp-content\/uploads\/2021\/09\/schmidt-szobor-02-150x103.jpg 150w, https:\/\/dorogimedence.hu\/wp-content\/uploads\/2021\/09\/schmidt-szobor-02-450x309.jpg 450w, https:\/\/dorogimedence.hu\/wp-content\/uploads\/2021\/09\/schmidt-szobor-02.jpg 1200w\" sizes=\"(max-width: 755px) 100vw, 755px\" \/><\/p>\n<p>Az \u00fcnneps\u00e9gen a keszt\u00f6lci P\u00e1vak\u00f6r dalokkal k\u00f6sz\u00f6nt\u00f6tte a r\u00e9sztvev\u0151ket, majd dr. V\u00f6lner P\u00e1l, a t\u00e9rs\u00e9g orsz\u00e1ggy\u0171l\u00e9si k\u00e9pvisel\u0151je j\u00e1rult a mikrofonokhoz. \u201eK\u00e9t \u00e9vvel ezel\u0151tt egy felemel\u0151 pillanat volt, amikor felavattuk ezt a szobrot. Schmidt S\u00e1ndor szobr\u00e1t, aki val\u00f3ban Dorog atyj\u00e1nak is nevezhet\u0151. Mondhatni, hogy magasra tette a m\u00e9rc\u00e9t mindazoknak, akik ut\u00e1na k\u00f6vetkeztek, ak\u00e1r a tudom\u00e1ny, a gazdas\u00e1gi vezet\u00e9s, vagy \u00e9ppen a v\u00e1rosalap\u00edt\u00e1s ter\u00fclet\u00e9n. Minden m\u00e9ltat\u00e1sban elhangzik az a szoci\u00e1lis \u00e9rz\u00e9kenys\u00e9g, amit a b\u00e1ny\u00e1szok ir\u00e1nt tan\u00fas\u00edtott, hogy kult\u00far\u00e1t szervezett nekik.\u201d \u2013 mondta a k\u00e9pvisel\u0151. Hozz\u00e1tette: Schmidt S\u00e1ndor t\u00f6bb \u00e9vtizedes munk\u00e1ss\u00e1g\u00e1val gyakorlatilag egy v\u00e1rost teremtett itt a t\u00e9rs\u00e9gben. A t\u00e9rs\u00e9g \u00e9let\u00e9ben pedig k\u00f6sz\u00f6net illeti mindazokat, akik \u00fajra felemelt\u00e9k az eml\u00e9k\u00e9t, \u00e9s mindent megtesznek az\u00e9rt, hogy a p\u00e9ld\u00e1j\u00e1t a mai ut\u00f3kor el\u0151tt is bemutass\u00e1k.<\/p>\n<p><img decoding=\"async\" class=\"alignnone size-large wp-image-36337\" src=\"https:\/\/dorogimedence.hu\/wp-content\/uploads\/2021\/09\/schmidt-szobor-03-1024x666.jpg\" alt=\"\" width=\"755\" height=\"491\" srcset=\"https:\/\/dorogimedence.hu\/wp-content\/uploads\/2021\/09\/schmidt-szobor-03-1024x666.jpg 1024w, https:\/\/dorogimedence.hu\/wp-content\/uploads\/2021\/09\/schmidt-szobor-03-300x195.jpg 300w, https:\/\/dorogimedence.hu\/wp-content\/uploads\/2021\/09\/schmidt-szobor-03-768x500.jpg 768w, https:\/\/dorogimedence.hu\/wp-content\/uploads\/2021\/09\/schmidt-szobor-03-150x98.jpg 150w, https:\/\/dorogimedence.hu\/wp-content\/uploads\/2021\/09\/schmidt-szobor-03-450x293.jpg 450w, https:\/\/dorogimedence.hu\/wp-content\/uploads\/2021\/09\/schmidt-szobor-03.jpg 1200w\" sizes=\"(max-width: 755px) 100vw, 755px\" \/><\/p>\n<p>Dr. Tittmann J\u00e1nos, Dorog v\u00e1ros polg\u00e1rmestere ezen alkalomb\u00f3l elhozta azt az \u00e1ltala \u00f6ssze\u00e1ll\u00edtott k\u00f6nyvet, amely az 1938-as Eucharisztikus Vil\u00e1gkongresszus alkalm\u00e1b\u00f3l megjelent cikkeknek a gy\u0171jtem\u00e9nye. \u201eSchmidt S\u00e1ndor t\u00e1rsadalmi tev\u00e9kenys\u00e9g\u00e9nek, a t\u00e9rs\u00e9g \u00e9s a v\u00e1ros elismerts\u00e9g\u00e9nek az \u00e9rdek\u00e9ben folytatott munk\u00e1ja, eredm\u00e9nye volt az, hogy az Eucharisztikus Vil\u00e1gkongresszus esem\u00e9nyeihez kapcsol\u00f3dott vid\u00e9ki esem\u00e9nyk\u00e9nt Dorog telep\u00fcl\u00e9se. Akkor m\u00e9g nem volt v\u00e1ros. Nem volt sokkal kisebb, mint ma, de az \u0151 tev\u00e9kenys\u00e9ge volt az, amely azt a kapcsolatrendszert kialak\u00edtotta, aminek a r\u00e9v\u00e9n 1938. m\u00e1jus 31-\u00e9n a Budapesti H\u00edrlapban \u2013 \u00e9s m\u00e1s lapokban is \u2013 a legszebben \u00edrtak r\u00f3lunk\u201d \u2013 r\u00e9szletezte a polg\u00e1rmester, majd felolvasta az akkori hercegpr\u00edm\u00e1s besz\u00e9d\u00e9t, a Dorogi B\u00e1ny\u00e1szok Eucharisztikus \u00dcnnep\u00e9n c\u00edm\u0171 \u00edr\u00e1s\u00e1t.<\/p>\n<p><img decoding=\"async\" class=\"alignnone size-large wp-image-36336\" src=\"https:\/\/dorogimedence.hu\/wp-content\/uploads\/2021\/09\/schmidt-szobor-04-1024x711.jpg\" alt=\"\" width=\"755\" height=\"524\" srcset=\"https:\/\/dorogimedence.hu\/wp-content\/uploads\/2021\/09\/schmidt-szobor-04-1024x711.jpg 1024w, https:\/\/dorogimedence.hu\/wp-content\/uploads\/2021\/09\/schmidt-szobor-04-300x208.jpg 300w, https:\/\/dorogimedence.hu\/wp-content\/uploads\/2021\/09\/schmidt-szobor-04-768x533.jpg 768w, https:\/\/dorogimedence.hu\/wp-content\/uploads\/2021\/09\/schmidt-szobor-04-150x104.jpg 150w, https:\/\/dorogimedence.hu\/wp-content\/uploads\/2021\/09\/schmidt-szobor-04-450x312.jpg 450w, https:\/\/dorogimedence.hu\/wp-content\/uploads\/2021\/09\/schmidt-szobor-04.jpg 1200w\" sizes=\"(max-width: 755px) 100vw, 755px\" \/><\/p>\n<p>A besz\u00e9dek ut\u00e1n a r\u00e9sztvev\u0151k k\u00f6z\u00f6sen el\u00e9nekelt\u00e9k a B\u00e1ny\u00e1szhimnuszt, majd Schmidt S\u00e1ndor mellszobr\u00e1n\u00e1l koszor\u00fat helyezett el dr. V\u00f6lner P\u00e1l, dr. Tittmann J\u00e1nos, dr. Koromai P\u00e9ter, az OMBKE dorogi szervezet\u00e9nek titk\u00e1ra, B\u00e1nhidi J\u00f3zsef, a Dorogi Sz\u00e9nmedence Kult\u00far\u00e1j\u00e1\u00e9rt Alap\u00edtv\u00e1ny nev\u00e9ben, Mr\u00e1z L\u00e1szl\u00f3 a Dorogi B\u00e1ny\u00e1sz Szakszervezet k\u00e9pviselet\u00e9ben, B\u00e1rsony L\u00e1szl\u00f3 \u00e9s Izing Ferenc, az OMBKE tatab\u00e1nyai szervezet\u00e9nek nev\u00e9ben, valamint L\u0151rincz \u00c1kos, az \u00c9DV Zrt. megb\u00edzott vez\u00e9rigazgat\u00f3ja.<\/p>\n<p><img loading=\"lazy\" decoding=\"async\" class=\"alignnone size-large wp-image-36338\" src=\"https:\/\/dorogimedence.hu\/wp-content\/uploads\/2021\/09\/schmidt-szobor-05-1024x666.jpg\" alt=\"\" width=\"755\" height=\"491\" srcset=\"https:\/\/dorogimedence.hu\/wp-content\/uploads\/2021\/09\/schmidt-szobor-05-1024x666.jpg 1024w, https:\/\/dorogimedence.hu\/wp-content\/uploads\/2021\/09\/schmidt-szobor-05-300x195.jpg 300w, https:\/\/dorogimedence.hu\/wp-content\/uploads\/2021\/09\/schmidt-szobor-05-768x500.jpg 768w, https:\/\/dorogimedence.hu\/wp-content\/uploads\/2021\/09\/schmidt-szobor-05-150x98.jpg 150w, https:\/\/dorogimedence.hu\/wp-content\/uploads\/2021\/09\/schmidt-szobor-05-450x293.jpg 450w, https:\/\/dorogimedence.hu\/wp-content\/uploads\/2021\/09\/schmidt-szobor-05.jpg 1200w\" sizes=\"(max-width: 755px) 100vw, 755px\" \/> <img loading=\"lazy\" decoding=\"async\" class=\"alignnone size-large wp-image-36339\" src=\"https:\/\/dorogimedence.hu\/wp-content\/uploads\/2021\/09\/schmidt-szobor-06-1024x683.jpg\" alt=\"\" width=\"755\" height=\"504\" srcset=\"https:\/\/dorogimedence.hu\/wp-content\/uploads\/2021\/09\/schmidt-szobor-06-1024x683.jpg 1024w, https:\/\/dorogimedence.hu\/wp-content\/uploads\/2021\/09\/schmidt-szobor-06-300x200.jpg 300w, https:\/\/dorogimedence.hu\/wp-content\/uploads\/2021\/09\/schmidt-szobor-06-768x512.jpg 768w, https:\/\/dorogimedence.hu\/wp-content\/uploads\/2021\/09\/schmidt-szobor-06-150x100.jpg 150w, https:\/\/dorogimedence.hu\/wp-content\/uploads\/2021\/09\/schmidt-szobor-06-450x300.jpg 450w, https:\/\/dorogimedence.hu\/wp-content\/uploads\/2021\/09\/schmidt-szobor-06-272x182.jpg 272w, https:\/\/dorogimedence.hu\/wp-content\/uploads\/2021\/09\/schmidt-szobor-06.jpg 1200w\" sizes=\"(max-width: 755px) 100vw, 755px\" \/> <img loading=\"lazy\" decoding=\"async\" class=\"alignnone size-large wp-image-36340\" src=\"https:\/\/dorogimedence.hu\/wp-content\/uploads\/2021\/09\/schmidt-szobor-07-1024x683.jpg\" alt=\"\" width=\"755\" height=\"504\" srcset=\"https:\/\/dorogimedence.hu\/wp-content\/uploads\/2021\/09\/schmidt-szobor-07-1024x683.jpg 1024w, https:\/\/dorogimedence.hu\/wp-content\/uploads\/2021\/09\/schmidt-szobor-07-300x200.jpg 300w, https:\/\/dorogimedence.hu\/wp-content\/uploads\/2021\/09\/schmidt-szobor-07-768x512.jpg 768w, https:\/\/dorogimedence.hu\/wp-content\/uploads\/2021\/09\/schmidt-szobor-07-150x100.jpg 150w, https:\/\/dorogimedence.hu\/wp-content\/uploads\/2021\/09\/schmidt-szobor-07-450x300.jpg 450w, https:\/\/dorogimedence.hu\/wp-content\/uploads\/2021\/09\/schmidt-szobor-07-272x182.jpg 272w, https:\/\/dorogimedence.hu\/wp-content\/uploads\/2021\/09\/schmidt-szobor-07.jpg 1200w\" sizes=\"(max-width: 755px) 100vw, 755px\" \/><\/p>\n","protected":false},"excerpt":{"rendered":"<p>Szeptember 1-j\u00e9n, szerd\u00e1n d\u00e9lut\u00e1n Schmidt S\u00e1ndor mellszobr\u00e1nak koszor\u00faz\u00e1s\u00e1val kezd\u0151d\u00f6tt el a 71. b\u00e1ny\u00e1sznapi \u00fcnneps\u00e9g Dorogon. K\u00e9t \u00e9ve, 2019. augusztus 28-\u00e1n avatt\u00e1k fel \u00fcnnep\u00e9lyesen Dr. Schmidt S\u00e1ndor b\u00e1nyam\u00e9rn\u00f6k, Dorog atyj\u00e1nak szobr\u00e1t a Schmidt-vill\u00e1n\u00e1l. Schmidt S\u00e1ndor els\u0151 b\u00e1nyam\u00e9rn\u00f6kk\u00e9nt szerzett doktori c\u00edmet Magyarorsz\u00e1gon. \u00dajszer\u0171 kezdem\u00e9nyez\u00e9seivel nagy hat\u00e1ssal volt a magyar sz\u00e9nb\u00e1ny\u00e1szat fejl\u0151d\u00e9s\u00e9re, eredm\u00e9nyess\u00e9g\u00e9re. Az \u00fcnneps\u00e9gen a keszt\u00f6lci P\u00e1vak\u00f6r<\/p>\n","protected":false},"author":1,"featured_media":36343,"comment_status":"closed","ping_status":"closed","sticky":false,"template":"","format":"standard","meta":{"ngg_post_thumbnail":0,"footnotes":""},"categories":[2,3],"tags":[1242,15,5624,1055,3119],"class_list":{"0":"post-36333","1":"post","2":"type-post","3":"status-publish","4":"format-standard","5":"has-post-thumbnail","7":"category-dorog","8":"category-hirek","9":"tag-banyasznap","10":"tag-dorog","11":"tag-featured","12":"tag-koszoruzas","13":"tag-schmidt-sandor"},"yoast_head":"<!-- This site is optimized with the Yoast SEO plugin v27.4 - https:\/\/yoast.com\/product\/yoast-seo-wordpress\/ -->\n<title>A Schmidt S\u00e1ndor szobor koszor\u00faz\u00e1s\u00e1val kezd\u0151d\u00f6tt el a B\u00e1ny\u00e1sznap<\/title>\n<meta name=\"robots\" content=\"index, follow, max-snippet:-1, max-image-preview:large, max-video-preview:-1\" \/>\n<link rel=\"canonical\" href=\"https:\/\/dorogimedence.hu\/index.php\/2021\/09\/01\/a-schmidt-sandor-szobor-koszoruzasaval-kezdodott-el-a-banyasznap\/\" class=\"yoast-seo-meta-tag\" \/>\n<meta property=\"og:locale\" content=\"hu_HU\" class=\"yoast-seo-meta-tag\" \/>\n<meta property=\"og:type\" content=\"article\" class=\"yoast-seo-meta-tag\" \/>\n<meta property=\"og:title\" content=\"A Schmidt S\u00e1ndor szobor koszor\u00faz\u00e1s\u00e1val kezd\u0151d\u00f6tt el a B\u00e1ny\u00e1sznap\" class=\"yoast-seo-meta-tag\" \/>\n<meta property=\"og:description\" content=\"Szeptember 1-j\u00e9n, szerd\u00e1n d\u00e9lut\u00e1n Schmidt S\u00e1ndor mellszobr\u00e1nak koszor\u00faz\u00e1s\u00e1val kezd\u0151d\u00f6tt el a 71. b\u00e1ny\u00e1sznapi \u00fcnneps\u00e9g Dorogon. K\u00e9t \u00e9ve, 2019. augusztus 28-\u00e1n avatt\u00e1k fel \u00fcnnep\u00e9lyesen Dr. Schmidt S\u00e1ndor b\u00e1nyam\u00e9rn\u00f6k, Dorog atyj\u00e1nak szobr\u00e1t a Schmidt-vill\u00e1n\u00e1l. Schmidt S\u00e1ndor els\u0151 b\u00e1nyam\u00e9rn\u00f6kk\u00e9nt szerzett doktori c\u00edmet Magyarorsz\u00e1gon. \u00dajszer\u0171 kezdem\u00e9nyez\u00e9seivel nagy hat\u00e1ssal volt a magyar sz\u00e9nb\u00e1ny\u00e1szat fejl\u0151d\u00e9s\u00e9re, eredm\u00e9nyess\u00e9g\u00e9re. Az \u00fcnneps\u00e9gen a keszt\u00f6lci P\u00e1vak\u00f6r\" class=\"yoast-seo-meta-tag\" \/>\n<meta property=\"og:url\" content=\"https:\/\/dorogimedence.hu\/index.php\/2021\/09\/01\/a-schmidt-sandor-szobor-koszoruzasaval-kezdodott-el-a-banyasznap\/\" class=\"yoast-seo-meta-tag\" \/>\n<meta property=\"og:site_name\" content=\"Dorogi-medence Region\u00e1lis H\u00edrport\u00e1l\" class=\"yoast-seo-meta-tag\" \/>\n<meta property=\"article:publisher\" content=\"https:\/\/www.facebook.com\/dorogimedence\/\" class=\"yoast-seo-meta-tag\" \/>\n<meta property=\"article:published_time\" content=\"2021-09-01T15:23:28+00:00\" class=\"yoast-seo-meta-tag\" \/>\n<meta property=\"article:modified_time\" content=\"2021-09-03T04:38:06+00:00\" class=\"yoast-seo-meta-tag\" \/>\n<meta property=\"og:image\" content=\"https:\/\/i0.wp.com\/dorogimedence.hu\/wp-content\/uploads\/2021\/09\/schmidt-szobor-08.jpg?fit=1920%2C1211&ssl=1\" class=\"yoast-seo-meta-tag\" \/>\n\t<meta property=\"og:image:width\" content=\"1920\" class=\"yoast-seo-meta-tag\" \/>\n\t<meta property=\"og:image:height\" content=\"1211\" class=\"yoast-seo-meta-tag\" \/>\n\t<meta property=\"og:image:type\" content=\"image\/jpeg\" class=\"yoast-seo-meta-tag\" \/>\n<meta name=\"author\" content=\"dorogimedence.hu\" class=\"yoast-seo-meta-tag\" \/>\n<meta name=\"twitter:card\" content=\"summary_large_image\" class=\"yoast-seo-meta-tag\" \/>\n<meta name=\"twitter:label1\" content=\"Szerz\u0151:\" class=\"yoast-seo-meta-tag\" \/>\n\t<meta name=\"twitter:data1\" content=\"dorogimedence.hu\" class=\"yoast-seo-meta-tag\" \/>\n\t<meta name=\"twitter:label2\" content=\"Becs\u00fclt olvas\u00e1si id\u0151\" class=\"yoast-seo-meta-tag\" \/>\n\t<meta name=\"twitter:data2\" content=\"3 perc\" class=\"yoast-seo-meta-tag\" \/>\n<script type=\"application\/ld+json\" class=\"yoast-schema-graph\">{\"@context\":\"https:\\\/\\\/schema.org\",\"@graph\":[{\"@type\":\"Article\",\"@id\":\"https:\\\/\\\/dorogimedence.hu\\\/index.php\\\/2021\\\/09\\\/01\\\/a-schmidt-sandor-szobor-koszoruzasaval-kezdodott-el-a-banyasznap\\\/#article\",\"isPartOf\":{\"@id\":\"https:\\\/\\\/dorogimedence.hu\\\/index.php\\\/2021\\\/09\\\/01\\\/a-schmidt-sandor-szobor-koszoruzasaval-kezdodott-el-a-banyasznap\\\/\"},\"author\":{\"name\":\"dorogimedence.hu\",\"@id\":\"https:\\\/\\\/dorogimedence.hu\\\/#\\\/schema\\\/person\\\/ce6091eeb7e95ecdc87890d6aa8e0fd4\"},\"headline\":\"A Schmidt S\u00e1ndor szobor koszor\u00faz\u00e1s\u00e1val kezd\u0151d\u00f6tt el a B\u00e1ny\u00e1sznap\",\"datePublished\":\"2021-09-01T15:23:28+00:00\",\"dateModified\":\"2021-09-03T04:38:06+00:00\",\"mainEntityOfPage\":{\"@id\":\"https:\\\/\\\/dorogimedence.hu\\\/index.php\\\/2021\\\/09\\\/01\\\/a-schmidt-sandor-szobor-koszoruzasaval-kezdodott-el-a-banyasznap\\\/\"},\"wordCount\":572,\"publisher\":{\"@id\":\"https:\\\/\\\/dorogimedence.hu\\\/#organization\"},\"image\":{\"@id\":\"https:\\\/\\\/dorogimedence.hu\\\/index.php\\\/2021\\\/09\\\/01\\\/a-schmidt-sandor-szobor-koszoruzasaval-kezdodott-el-a-banyasznap\\\/#primaryimage\"},\"thumbnailUrl\":\"https:\\\/\\\/dorogimedence.hu\\\/wp-content\\\/uploads\\\/2021\\\/09\\\/schmidt-szobor-08.jpg\",\"keywords\":[\"B\u00e1ny\u00e1sznap\",\"Dorog\",\"featured\",\"koszor\u00faz\u00e1s\",\"Schmidt S\u00e1ndor\"],\"articleSection\":[\"Dorog\",\"H\u00edrek\"],\"inLanguage\":\"hu\"},{\"@type\":\"WebPage\",\"@id\":\"https:\\\/\\\/dorogimedence.hu\\\/index.php\\\/2021\\\/09\\\/01\\\/a-schmidt-sandor-szobor-koszoruzasaval-kezdodott-el-a-banyasznap\\\/\",\"url\":\"https:\\\/\\\/dorogimedence.hu\\\/index.php\\\/2021\\\/09\\\/01\\\/a-schmidt-sandor-szobor-koszoruzasaval-kezdodott-el-a-banyasznap\\\/\",\"name\":\"A Schmidt S\u00e1ndor szobor koszor\u00faz\u00e1s\u00e1val kezd\u0151d\u00f6tt el a B\u00e1ny\u00e1sznap\",\"isPartOf\":{\"@id\":\"https:\\\/\\\/dorogimedence.hu\\\/#website\"},\"primaryImageOfPage\":{\"@id\":\"https:\\\/\\\/dorogimedence.hu\\\/index.php\\\/2021\\\/09\\\/01\\\/a-schmidt-sandor-szobor-koszoruzasaval-kezdodott-el-a-banyasznap\\\/#primaryimage\"},\"image\":{\"@id\":\"https:\\\/\\\/dorogimedence.hu\\\/index.php\\\/2021\\\/09\\\/01\\\/a-schmidt-sandor-szobor-koszoruzasaval-kezdodott-el-a-banyasznap\\\/#primaryimage\"},\"thumbnailUrl\":\"https:\\\/\\\/dorogimedence.hu\\\/wp-content\\\/uploads\\\/2021\\\/09\\\/schmidt-szobor-08.jpg\",\"datePublished\":\"2021-09-01T15:23:28+00:00\",\"dateModified\":\"2021-09-03T04:38:06+00:00\",\"breadcrumb\":{\"@id\":\"https:\\\/\\\/dorogimedence.hu\\\/index.php\\\/2021\\\/09\\\/01\\\/a-schmidt-sandor-szobor-koszoruzasaval-kezdodott-el-a-banyasznap\\\/#breadcrumb\"},\"inLanguage\":\"hu\",\"potentialAction\":[{\"@type\":\"ReadAction\",\"target\":[\"https:\\\/\\\/dorogimedence.hu\\\/index.php\\\/2021\\\/09\\\/01\\\/a-schmidt-sandor-szobor-koszoruzasaval-kezdodott-el-a-banyasznap\\\/\"]}]},{\"@type\":\"ImageObject\",\"inLanguage\":\"hu\",\"@id\":\"https:\\\/\\\/dorogimedence.hu\\\/index.php\\\/2021\\\/09\\\/01\\\/a-schmidt-sandor-szobor-koszoruzasaval-kezdodott-el-a-banyasznap\\\/#primaryimage\",\"url\":\"https:\\\/\\\/dorogimedence.hu\\\/wp-content\\\/uploads\\\/2021\\\/09\\\/schmidt-szobor-08.jpg\",\"contentUrl\":\"https:\\\/\\\/dorogimedence.hu\\\/wp-content\\\/uploads\\\/2021\\\/09\\\/schmidt-szobor-08.jpg\",\"width\":1920,\"height\":1211},{\"@type\":\"BreadcrumbList\",\"@id\":\"https:\\\/\\\/dorogimedence.hu\\\/index.php\\\/2021\\\/09\\\/01\\\/a-schmidt-sandor-szobor-koszoruzasaval-kezdodott-el-a-banyasznap\\\/#breadcrumb\",\"itemListElement\":[{\"@type\":\"ListItem\",\"position\":1,\"name\":\"Kezd\u0151lap\",\"item\":\"https:\\\/\\\/dorogimedence.hu\\\/\"},{\"@type\":\"ListItem\",\"position\":2,\"name\":\"A Schmidt S\u00e1ndor szobor koszor\u00faz\u00e1s\u00e1val kezd\u0151d\u00f6tt el a B\u00e1ny\u00e1sznap\"}]},{\"@type\":\"WebSite\",\"@id\":\"https:\\\/\\\/dorogimedence.hu\\\/#website\",\"url\":\"https:\\\/\\\/dorogimedence.hu\\\/\",\"name\":\"Dorogi-medence Region\u00e1lis H\u00edrport\u00e1l\",\"description\":\"Dorog, Keszt\u00f6lc, Le\u00e1nyv\u00e1r, Piliscs\u00e9v, Tokod, Tokodalt\u00e1r\u00f3, Csolnok, Esztergom-kertv\u00e1ros: h\u00edrek, programok\",\"publisher\":{\"@id\":\"https:\\\/\\\/dorogimedence.hu\\\/#organization\"},\"potentialAction\":[{\"@type\":\"SearchAction\",\"target\":{\"@type\":\"EntryPoint\",\"urlTemplate\":\"https:\\\/\\\/dorogimedence.hu\\\/?s={search_term_string}\"},\"query-input\":{\"@type\":\"PropertyValueSpecification\",\"valueRequired\":true,\"valueName\":\"search_term_string\"}}],\"inLanguage\":\"hu\"},{\"@type\":\"Organization\",\"@id\":\"https:\\\/\\\/dorogimedence.hu\\\/#organization\",\"name\":\"Dorogi-medence Region\u00e1lis H\u00edrport\u00e1l\",\"url\":\"https:\\\/\\\/dorogimedence.hu\\\/\",\"logo\":{\"@type\":\"ImageObject\",\"inLanguage\":\"hu\",\"@id\":\"https:\\\/\\\/dorogimedence.hu\\\/#\\\/schema\\\/logo\\\/image\\\/\",\"url\":\"https:\\\/\\\/dorogimedence.hu\\\/wp-content\\\/uploads\\\/2021\\\/04\\\/logo-feher-600.png\",\"contentUrl\":\"https:\\\/\\\/dorogimedence.hu\\\/wp-content\\\/uploads\\\/2021\\\/04\\\/logo-feher-600.png\",\"width\":600,\"height\":100,\"caption\":\"Dorogi-medence Region\u00e1lis H\u00edrport\u00e1l\"},\"image\":{\"@id\":\"https:\\\/\\\/dorogimedence.hu\\\/#\\\/schema\\\/logo\\\/image\\\/\"},\"sameAs\":[\"https:\\\/\\\/www.facebook.com\\\/dorogimedence\\\/\"]},{\"@type\":\"Person\",\"@id\":\"https:\\\/\\\/dorogimedence.hu\\\/#\\\/schema\\\/person\\\/ce6091eeb7e95ecdc87890d6aa8e0fd4\",\"name\":\"dorogimedence.hu\",\"image\":{\"@type\":\"ImageObject\",\"inLanguage\":\"hu\",\"@id\":\"\\\/\\\/www.gravatar.com\\\/avatar\\\/d8d45f8901aadff40a4af72c0b826f1d?s=96&#038;r=g&#038;d=mm\",\"url\":\"\\\/\\\/www.gravatar.com\\\/avatar\\\/d8d45f8901aadff40a4af72c0b826f1d?s=96&#038;r=g&#038;d=mm\",\"contentUrl\":\"\\\/\\\/www.gravatar.com\\\/avatar\\\/d8d45f8901aadff40a4af72c0b826f1d?s=96&#038;r=g&#038;d=mm\",\"caption\":\"dorogimedence.hu\"}}]}<\/script>\n<!-- \/ Yoast SEO plugin. -->","yoast_head_json":{"title":"A Schmidt S\u00e1ndor szobor koszor\u00faz\u00e1s\u00e1val kezd\u0151d\u00f6tt el a B\u00e1ny\u00e1sznap","robots":{"index":"index","follow":"follow","max-snippet":"max-snippet:-1","max-image-preview":"max-image-preview:large","max-video-preview":"max-video-preview:-1"},"canonical":"https:\/\/dorogimedence.hu\/index.php\/2021\/09\/01\/a-schmidt-sandor-szobor-koszoruzasaval-kezdodott-el-a-banyasznap\/","og_locale":"hu_HU","og_type":"article","og_title":"A Schmidt S\u00e1ndor szobor koszor\u00faz\u00e1s\u00e1val kezd\u0151d\u00f6tt el a B\u00e1ny\u00e1sznap","og_description":"Szeptember 1-j\u00e9n, szerd\u00e1n d\u00e9lut\u00e1n Schmidt S\u00e1ndor mellszobr\u00e1nak koszor\u00faz\u00e1s\u00e1val kezd\u0151d\u00f6tt el a 71. b\u00e1ny\u00e1sznapi \u00fcnneps\u00e9g Dorogon. K\u00e9t \u00e9ve, 2019. augusztus 28-\u00e1n avatt\u00e1k fel \u00fcnnep\u00e9lyesen Dr. Schmidt S\u00e1ndor b\u00e1nyam\u00e9rn\u00f6k, Dorog atyj\u00e1nak szobr\u00e1t a Schmidt-vill\u00e1n\u00e1l. Schmidt S\u00e1ndor els\u0151 b\u00e1nyam\u00e9rn\u00f6kk\u00e9nt szerzett doktori c\u00edmet Magyarorsz\u00e1gon. \u00dajszer\u0171 kezdem\u00e9nyez\u00e9seivel nagy hat\u00e1ssal volt a magyar sz\u00e9nb\u00e1ny\u00e1szat fejl\u0151d\u00e9s\u00e9re, eredm\u00e9nyess\u00e9g\u00e9re. Az \u00fcnneps\u00e9gen a keszt\u00f6lci P\u00e1vak\u00f6r","og_url":"https:\/\/dorogimedence.hu\/index.php\/2021\/09\/01\/a-schmidt-sandor-szobor-koszoruzasaval-kezdodott-el-a-banyasznap\/","og_site_name":"Dorogi-medence Region\u00e1lis H\u00edrport\u00e1l","article_publisher":"https:\/\/www.facebook.com\/dorogimedence\/","article_published_time":"2021-09-01T15:23:28+00:00","article_modified_time":"2021-09-03T04:38:06+00:00","og_image":[{"width":1920,"height":1211,"url":"https:\/\/i0.wp.com\/dorogimedence.hu\/wp-content\/uploads\/2021\/09\/schmidt-szobor-08.jpg?fit=1920%2C1211&ssl=1","type":"image\/jpeg"}],"author":"dorogimedence.hu","twitter_card":"summary_large_image","twitter_misc":{"Szerz\u0151:":"dorogimedence.hu","Becs\u00fclt olvas\u00e1si id\u0151":"3 perc"},"schema":{"@context":"https:\/\/schema.org","@graph":[{"@type":"Article","@id":"https:\/\/dorogimedence.hu\/index.php\/2021\/09\/01\/a-schmidt-sandor-szobor-koszoruzasaval-kezdodott-el-a-banyasznap\/#article","isPartOf":{"@id":"https:\/\/dorogimedence.hu\/index.php\/2021\/09\/01\/a-schmidt-sandor-szobor-koszoruzasaval-kezdodott-el-a-banyasznap\/"},"author":{"name":"dorogimedence.hu","@id":"https:\/\/dorogimedence.hu\/#\/schema\/person\/ce6091eeb7e95ecdc87890d6aa8e0fd4"},"headline":"A Schmidt S\u00e1ndor szobor koszor\u00faz\u00e1s\u00e1val kezd\u0151d\u00f6tt el a B\u00e1ny\u00e1sznap","datePublished":"2021-09-01T15:23:28+00:00","dateModified":"2021-09-03T04:38:06+00:00","mainEntityOfPage":{"@id":"https:\/\/dorogimedence.hu\/index.php\/2021\/09\/01\/a-schmidt-sandor-szobor-koszoruzasaval-kezdodott-el-a-banyasznap\/"},"wordCount":572,"publisher":{"@id":"https:\/\/dorogimedence.hu\/#organization"},"image":{"@id":"https:\/\/dorogimedence.hu\/index.php\/2021\/09\/01\/a-schmidt-sandor-szobor-koszoruzasaval-kezdodott-el-a-banyasznap\/#primaryimage"},"thumbnailUrl":"https:\/\/dorogimedence.hu\/wp-content\/uploads\/2021\/09\/schmidt-szobor-08.jpg","keywords":["B\u00e1ny\u00e1sznap","Dorog","featured","koszor\u00faz\u00e1s","Schmidt S\u00e1ndor"],"articleSection":["Dorog","H\u00edrek"],"inLanguage":"hu"},{"@type":"WebPage","@id":"https:\/\/dorogimedence.hu\/index.php\/2021\/09\/01\/a-schmidt-sandor-szobor-koszoruzasaval-kezdodott-el-a-banyasznap\/","url":"https:\/\/dorogimedence.hu\/index.php\/2021\/09\/01\/a-schmidt-sandor-szobor-koszoruzasaval-kezdodott-el-a-banyasznap\/","name":"A Schmidt S\u00e1ndor szobor koszor\u00faz\u00e1s\u00e1val kezd\u0151d\u00f6tt el a B\u00e1ny\u00e1sznap","isPartOf":{"@id":"https:\/\/dorogimedence.hu\/#website"},"primaryImageOfPage":{"@id":"https:\/\/dorogimedence.hu\/index.php\/2021\/09\/01\/a-schmidt-sandor-szobor-koszoruzasaval-kezdodott-el-a-banyasznap\/#primaryimage"},"image":{"@id":"https:\/\/dorogimedence.hu\/index.php\/2021\/09\/01\/a-schmidt-sandor-szobor-koszoruzasaval-kezdodott-el-a-banyasznap\/#primaryimage"},"thumbnailUrl":"https:\/\/dorogimedence.hu\/wp-content\/uploads\/2021\/09\/schmidt-szobor-08.jpg","datePublished":"2021-09-01T15:23:28+00:00","dateModified":"2021-09-03T04:38:06+00:00","breadcrumb":{"@id":"https:\/\/dorogimedence.hu\/index.php\/2021\/09\/01\/a-schmidt-sandor-szobor-koszoruzasaval-kezdodott-el-a-banyasznap\/#breadcrumb"},"inLanguage":"hu","potentialAction":[{"@type":"ReadAction","target":["https:\/\/dorogimedence.hu\/index.php\/2021\/09\/01\/a-schmidt-sandor-szobor-koszoruzasaval-kezdodott-el-a-banyasznap\/"]}]},{"@type":"ImageObject","inLanguage":"hu","@id":"https:\/\/dorogimedence.hu\/index.php\/2021\/09\/01\/a-schmidt-sandor-szobor-koszoruzasaval-kezdodott-el-a-banyasznap\/#primaryimage","url":"https:\/\/dorogimedence.hu\/wp-content\/uploads\/2021\/09\/schmidt-szobor-08.jpg","contentUrl":"https:\/\/dorogimedence.hu\/wp-content\/uploads\/2021\/09\/schmidt-szobor-08.jpg","width":1920,"height":1211},{"@type":"BreadcrumbList","@id":"https:\/\/dorogimedence.hu\/index.php\/2021\/09\/01\/a-schmidt-sandor-szobor-koszoruzasaval-kezdodott-el-a-banyasznap\/#breadcrumb","itemListElement":[{"@type":"ListItem","position":1,"name":"Kezd\u0151lap","item":"https:\/\/dorogimedence.hu\/"},{"@type":"ListItem","position":2,"name":"A Schmidt S\u00e1ndor szobor koszor\u00faz\u00e1s\u00e1val kezd\u0151d\u00f6tt el a B\u00e1ny\u00e1sznap"}]},{"@type":"WebSite","@id":"https:\/\/dorogimedence.hu\/#website","url":"https:\/\/dorogimedence.hu\/","name":"Dorogi-medence Region\u00e1lis H\u00edrport\u00e1l","description":"Dorog, Keszt\u00f6lc, Le\u00e1nyv\u00e1r, Piliscs\u00e9v, Tokod, Tokodalt\u00e1r\u00f3, Csolnok, Esztergom-kertv\u00e1ros: h\u00edrek, programok","publisher":{"@id":"https:\/\/dorogimedence.hu\/#organization"},"potentialAction":[{"@type":"SearchAction","target":{"@type":"EntryPoint","urlTemplate":"https:\/\/dorogimedence.hu\/?s={search_term_string}"},"query-input":{"@type":"PropertyValueSpecification","valueRequired":true,"valueName":"search_term_string"}}],"inLanguage":"hu"},{"@type":"Organization","@id":"https:\/\/dorogimedence.hu\/#organization","name":"Dorogi-medence Region\u00e1lis H\u00edrport\u00e1l","url":"https:\/\/dorogimedence.hu\/","logo":{"@type":"ImageObject","inLanguage":"hu","@id":"https:\/\/dorogimedence.hu\/#\/schema\/logo\/image\/","url":"https:\/\/dorogimedence.hu\/wp-content\/uploads\/2021\/04\/logo-feher-600.png","contentUrl":"https:\/\/dorogimedence.hu\/wp-content\/uploads\/2021\/04\/logo-feher-600.png","width":600,"height":100,"caption":"Dorogi-medence Region\u00e1lis H\u00edrport\u00e1l"},"image":{"@id":"https:\/\/dorogimedence.hu\/#\/schema\/logo\/image\/"},"sameAs":["https:\/\/www.facebook.com\/dorogimedence\/"]},{"@type":"Person","@id":"https:\/\/dorogimedence.hu\/#\/schema\/person\/ce6091eeb7e95ecdc87890d6aa8e0fd4","name":"dorogimedence.hu","image":{"@type":"ImageObject","inLanguage":"hu","@id":"\/\/www.gravatar.com\/avatar\/d8d45f8901aadff40a4af72c0b826f1d?s=96&#038;r=g&#038;d=mm","url":"\/\/www.gravatar.com\/avatar\/d8d45f8901aadff40a4af72c0b826f1d?s=96&#038;r=g&#038;d=mm","contentUrl":"\/\/www.gravatar.com\/avatar\/d8d45f8901aadff40a4af72c0b826f1d?s=96&#038;r=g&#038;d=mm","caption":"dorogimedence.hu"}}]}},"_links":{"self":[{"href":"https:\/\/dorogimedence.hu\/index.php\/wp-json\/wp\/v2\/posts\/36333","targetHints":{"allow":["GET"]}}],"collection":[{"href":"https:\/\/dorogimedence.hu\/index.php\/wp-json\/wp\/v2\/posts"}],"about":[{"href":"https:\/\/dorogimedence.hu\/index.php\/wp-json\/wp\/v2\/types\/post"}],"author":[{"embeddable":true,"href":"https:\/\/dorogimedence.hu\/index.php\/wp-json\/wp\/v2\/users\/1"}],"replies":[{"embeddable":true,"href":"https:\/\/dorogimedence.hu\/index.php\/wp-json\/wp\/v2\/comments?post=36333"}],"version-history":[{"count":0,"href":"https:\/\/dorogimedence.hu\/index.php\/wp-json\/wp\/v2\/posts\/36333\/revisions"}],"wp:featuredmedia":[{"embeddable":true,"href":"https:\/\/dorogimedence.hu\/index.php\/wp-json\/wp\/v2\/media\/36343"}],"wp:attachment":[{"href":"https:\/\/dorogimedence.hu\/index.php\/wp-json\/wp\/v2\/media?parent=36333"}],"wp:term":[{"taxonomy":"category","embeddable":true,"href":"https:\/\/dorogimedence.hu\/index.php\/wp-json\/wp\/v2\/categories?post=36333"},{"taxonomy":"post_tag","embeddable":true,"href":"https:\/\/dorogimedence.hu\/index.php\/wp-json\/wp\/v2\/tags?post=36333"}],"curies":[{"name":"wp","href":"https:\/\/api.w.org\/{rel}","templated":true}]}}