{"id":36127,"date":"2021-08-24T18:02:09","date_gmt":"2021-08-24T16:02:09","guid":{"rendered":"https:\/\/dorogimedence.hu\/?p=36127"},"modified":"2021-08-24T18:02:23","modified_gmt":"2021-08-24T16:02:23","slug":"a-volanbusz-folytatja-a-jarmu-fiatalitast-komarom-esztergom-megyeben","status":"publish","type":"post","link":"https:\/\/dorogimedence.hu\/index.php\/2021\/08\/24\/a-volanbusz-folytatja-a-jarmu-fiatalitast-komarom-esztergom-megyeben\/","title":{"rendered":"A Vol\u00e1nbusz folytatja a j\u00e1rm\u0171-fiatal\u00edt\u00e1st Kom\u00e1rom-Esztergom megy\u00e9ben"},"content":{"rendered":"<p><strong>Tov\u00e1bb fiatalodik Kom\u00e1rom-Esztergom megye j\u00e1rm\u0171\u00e1llom\u00e1nya, ez\u00fattal 14 darab Credo Econell 12, sz\u00f3l\u00f3 t\u00edpus\u00fa aut\u00f3busz kezdi meg szolg\u00e1lat\u00e1t. Az \u00faj j\u00e1rm\u0171vek beszerz\u00e9s\u00e9re a Vol\u00e1n Buszpark Kft. id\u00e9n \u00e9v elej\u00e9n \u00edrt ki k\u00f6zbeszerz\u00e9si elj\u00e1r\u00e1st. A kiemelked\u0151 nagys\u00e1grend\u0171 fejleszt\u00e9s keret\u00e9ben h\u00e1rom aut\u00f3buszgy\u00e1rt\u00f3 sz\u00e1ll\u00edtja a t\u00f6bb mint 500 k\u00f6rnyezetk\u00edm\u00e9l\u0151, d\u00edzel\u00fczem\u0171 j\u00e1rm\u0171vet a Vol\u00e1nbusznak 2022 elej\u00e9ig. Az \u00faj buszokkal orsz\u00e1gszerte tal\u00e1lkozhatnak majd az utasok. A k\u00f6zleked\u00e9si t\u00e1rsas\u00e1g kiemelt c\u00e9lja tov\u00e1bbra is a biztons\u00e1gos \u00e9s k\u00e9nyelmes utaz\u00e1s biztos\u00edt\u00e1sa, az utaz\u00e1si ig\u00e9nyek min\u00e9l magasabb szint\u0171 kiszolg\u00e1l\u00e1sa \u00e9s a szolg\u00e1ltat\u00e1si sz\u00ednvonal emel\u00e9se.<\/strong><\/p>\n<p>A most beszerzett t\u00f6bb mint f\u00e9lezer aut\u00f3buszb\u00f3l els\u0151k\u00e9nt a Kravtex Kft. kezdi meg az \u00faj j\u00e1rm\u0171vek sz\u00e1ll\u00edt\u00e1s\u00e1t: az els\u0151 290 darab Credo Econell 12 t\u00edpus\u00fa, sz\u00f3l\u00f3, alacsony bel\u00e9p\u00e9s\u0171 j\u00e1rm\u0171 m\u00e1r a ny\u00e1r v\u00e9g\u00e9ig megkezdi a szolg\u00e1lat\u00e1t; a buszok \u2013 Pest megye kiv\u00e9tel\u00e9vel \u2013 orsz\u00e1gszerte forgalomba \u00e1llnak. A modern j\u00e1rm\u0171vekkel a megy\u00e9ben utasaink t\u00f6bbs\u00e9g\u00e9ben Esztergom-Keszt\u00f6lc-Le\u00e1nyv\u00e1r, Esztergom-Dorog-Piliscs\u00e9v, Esztergom-Csolnok-D\u00e1g-Piliscsaba-Pilisv\u00f6r\u00f6sv\u00e1r, Esztergom-Dorog-Esztergom, Esztergom-Tokod-S\u00e1ris\u00e1p-Piliscsaba-Pilisv\u00f6r\u00f6sv\u00e1r, Esztergom-Dorog-Nyerges\u00fajfalu-Baj\u00f3t, Budapest\u2013Buda\u00f6rs\u2013 Biatorb\u00e1gy\u2013Etyek\u2013Bicske, Budapest\u2013Biatorb\u00e1gy\u2013Etyek\u2013Bicske\u2013Tatab\u00e1nya, Oroszl\u00e1ny-Tatab\u00e1nya-Bajna-Esztergom, Tatab\u00e1nya-Bajna-Dorog-Esztergom, Tatab\u00e1nya-Tarj\u00e1n-Szomor-Zs\u00e1mb\u00e9k, Tatab\u00e1nya-Sz\u00e1r-\u00dajbarok-Bicske, Tatab\u00e1nya-K\u00f6rnye-Majk\/Kecsk\u00e9d-Oroszl\u00e1ny, Tatab\u00e1nya-K\u00f6rnye-K\u00f6ml\u00f6d\/Oroszl\u00e1ny-Kisb\u00e9r, Tatab\u00e1nya-Tata-Kom\u00e1rom-\u00c1cs, Esztergom-T\u00e1t-Dunaalm\u00e1s-Kom\u00e1rom, Kisb\u00e9r&#8211;T\u00e1rk\u00e1ny-B\u00e1bolna, Aka-Kisb\u00e9r-B\u00e1bolna, Kisb\u00e9r-H\u00e1nta-Bakonyb\u00e1nk-R\u00e9de, Tata-Alm\u00e1sf\u00fczit\u0151-Kom\u00e1rom, (Kom\u00e1rom)Nagyigm\u00e1nd-Ete-Kisb\u00e9r, (Kom\u00e1rom)-Nagyigm\u00e1nd-T\u00e1rk\u00e1ny-Kisb\u00e9r-S\u00far, (Kom\u00e1rom)Nagyigm\u00e1nd-T\u00e1rk\u00e1ny-Bana, Tata-Mocsa-Kom\u00e1rom aut\u00f3buszvonalakon tal\u00e1lkozhatnak majd.<\/p>\n<p><img fetchpriority=\"high\" decoding=\"async\" class=\"alignnone size-large wp-image-36134\" src=\"https:\/\/dorogimedence.hu\/wp-content\/uploads\/2021\/08\/buszatado-08-1024x683.jpg\" alt=\"\" width=\"755\" height=\"504\" srcset=\"https:\/\/dorogimedence.hu\/wp-content\/uploads\/2021\/08\/buszatado-08-1024x683.jpg 1024w, https:\/\/dorogimedence.hu\/wp-content\/uploads\/2021\/08\/buszatado-08-300x200.jpg 300w, https:\/\/dorogimedence.hu\/wp-content\/uploads\/2021\/08\/buszatado-08-768x512.jpg 768w, https:\/\/dorogimedence.hu\/wp-content\/uploads\/2021\/08\/buszatado-08-1536x1024.jpg 1536w, https:\/\/dorogimedence.hu\/wp-content\/uploads\/2021\/08\/buszatado-08-150x100.jpg 150w, https:\/\/dorogimedence.hu\/wp-content\/uploads\/2021\/08\/buszatado-08-450x300.jpg 450w, https:\/\/dorogimedence.hu\/wp-content\/uploads\/2021\/08\/buszatado-08-1200x800.jpg 1200w, https:\/\/dorogimedence.hu\/wp-content\/uploads\/2021\/08\/buszatado-08-272x182.jpg 272w, https:\/\/dorogimedence.hu\/wp-content\/uploads\/2021\/08\/buszatado-08.jpg 1920w\" sizes=\"(max-width: 755px) 100vw, 755px\" \/><\/p>\n<p>A 75 utas sz\u00e1ll\u00edt\u00e1s\u00e1ra alkalmas aut\u00f3buszok l\u00e9gkondicion\u00e1ltak, rendelkeznek elektronikus utast\u00e1j\u00e9koztat\u00e1si rendszerrel, fed\u00e9lzeti kamerarendszerrel, kerekessz\u00e9k \u00e9s babakocsi elhelyez\u00e9s\u00e9re kialak\u00edtott speci\u00e1lis f\u00e9r\u0151hellyel \u00e9s a felsz\u00e1ll\u00e1st seg\u00edt\u0151 r\u00e1mp\u00e1val, valamint \u00fcl\u00e9sp\u00e1ronk\u00e9nt 1 USB csatlakoz\u00f3val. A j\u00e1rm\u0171veket a min\u00e9l kevesebb k\u00e1rosanyag kibocs\u00e1t\u00e1s\u00e1val j\u00e1r\u00f3, hat\u00e9kony \u00e9s biztons\u00e1gos \u00fczemeltet\u00e9s \u00e9rdek\u00e9ben EURO6 el\u0151\u00edr\u00e1soknak megfelel\u0151 d\u00edzelmotor hajtja.<\/p>\n<p><strong>Czunyin\u00e9 dr. Bertalan Judit orsz\u00e1ggy\u0171l\u00e9si<\/strong> <strong>k\u00e9pvisel\u0151<\/strong> kiemelte: \u201eNagy \u00f6r\u00f6mmel \u00e9rkezt\u00fcnk ma az esztergomi aut\u00f3busz-\u00e1llom\u00e1sra, hiszen orsz\u00e1gszerte t\u00f6bb mint 300 \u2013 Kom\u00e1rom-Esztergom megy\u00e9ben 14 \u2013 k\u00f6rnyezetk\u00edm\u00e9l\u0151, \u00faj aut\u00f3busz \u00e1llhat forgalomba, aminek k\u00f6sz\u00f6nhet\u0151en t\u00e9rs\u00e9g\u00fcnk utasai is k\u00e9nyelmes, k\u00f6rnyezetk\u00edm\u00e9l\u0151 j\u00e1rm\u0171veken utazhatnak. A buszok magyar gy\u00e1rtm\u00e1ny\u00faak, \u00e9s Magyarorsz\u00e1g korm\u00e1nya hazai forr\u00e1sb\u00f3l biztos\u00edtott t\u00e1mogat\u00e1st a beszerz\u00e9s\u00fckh\u00f6z. A Magyar Falu programnak \u00e9s a korm\u00e1ny hazai forr\u00e1s\u00fa \u00fatfel\u00faj\u00edt\u00e1sainak k\u00f6sz\u00f6nhet\u0151en egyre jobb min\u0151s\u00e9g\u0171 utakon futhatnak, ami megk\u00f6nny\u00edti m\u0171szaki fenntart\u00e1sukat.\u201d<\/p>\n<p><img decoding=\"async\" class=\"alignnone size-large wp-image-36129\" src=\"https:\/\/dorogimedence.hu\/wp-content\/uploads\/2021\/08\/buszatado-02-1024x679.jpg\" alt=\"\" width=\"755\" height=\"501\" srcset=\"https:\/\/dorogimedence.hu\/wp-content\/uploads\/2021\/08\/buszatado-02-1024x679.jpg 1024w, https:\/\/dorogimedence.hu\/wp-content\/uploads\/2021\/08\/buszatado-02-300x199.jpg 300w, https:\/\/dorogimedence.hu\/wp-content\/uploads\/2021\/08\/buszatado-02-768x509.jpg 768w, https:\/\/dorogimedence.hu\/wp-content\/uploads\/2021\/08\/buszatado-02-150x100.jpg 150w, https:\/\/dorogimedence.hu\/wp-content\/uploads\/2021\/08\/buszatado-02-450x299.jpg 450w, https:\/\/dorogimedence.hu\/wp-content\/uploads\/2021\/08\/buszatado-02.jpg 1200w\" sizes=\"(max-width: 755px) 100vw, 755px\" \/><\/p>\n<p><strong>Dr. V\u00f6lner P\u00e1l orsz\u00e1ggy\u0171l\u00e9si k\u00e9pvisel\u0151 <\/strong>az \u00faj buszokkal kapcsolatban elmondta: \u201ea 2010-es korm\u00e1nyv\u00e1lt\u00e1s \u00f3ta az orsz\u00e1g vezet\u0151i kiemelt figyelmet ford\u00edtanak a vid\u00e9k fejleszt\u00e9s\u00e9re, \u00edgy p\u00e9ld\u00e1ul a v\u00e1rosok \u00e9s falvak k\u00f6z\u00f6tt k\u00f6zleked\u0151 aut\u00f3buszokat is folyamatosan egyre korszer\u0171bbekre, k\u00e9nyelmesebbekre, biztons\u00e1gosabbakra cser\u00e9lik. \u201eA baloldal eg\u00e9szen egyszer\u0171en lelakta&nbsp;Magyarorsz\u00e1got \u2013 tizenegy \u00e9vvel ezel\u0151tt viszont hozz\u00e1fogtunk a haz\u00e1nk meg\u00faj\u00edt\u00e1s\u00e1hoz. A megy\u00e9nkben, a t\u00e9rs\u00e9g\u00fcnkben is j\u00f3l l\u00e1that\u00f3 ennek az eredm\u00e9nye.\u201d<\/p>\n<p><img decoding=\"async\" class=\"alignnone size-large wp-image-36130\" src=\"https:\/\/dorogimedence.hu\/wp-content\/uploads\/2021\/08\/buszatado-03-1024x683.jpg\" alt=\"\" width=\"755\" height=\"504\" srcset=\"https:\/\/dorogimedence.hu\/wp-content\/uploads\/2021\/08\/buszatado-03-1024x683.jpg 1024w, https:\/\/dorogimedence.hu\/wp-content\/uploads\/2021\/08\/buszatado-03-300x200.jpg 300w, https:\/\/dorogimedence.hu\/wp-content\/uploads\/2021\/08\/buszatado-03-768x512.jpg 768w, https:\/\/dorogimedence.hu\/wp-content\/uploads\/2021\/08\/buszatado-03-150x100.jpg 150w, https:\/\/dorogimedence.hu\/wp-content\/uploads\/2021\/08\/buszatado-03-450x300.jpg 450w, https:\/\/dorogimedence.hu\/wp-content\/uploads\/2021\/08\/buszatado-03-272x182.jpg 272w, https:\/\/dorogimedence.hu\/wp-content\/uploads\/2021\/08\/buszatado-03.jpg 1200w\" sizes=\"(max-width: 755px) 100vw, 755px\" \/><\/p>\n<p><strong>Popovics Gy\u00f6rgy, a Kom\u00e1rom-Esztergom Megyei K\u00f6zgy\u0171l\u00e9s eln\u00f6ke <\/strong>hozz\u00e1tette: \u201eKom\u00e1rom-Esztergom megye az orsz\u00e1g sz\u00e9l\u00e9n tal\u00e1lhat\u00f3, de k\u00f6zel van a f\u0151v\u00e1roshoz \u00e9s m\u00e1s nagyv\u00e1rosokhoz. A megy\u00e9n bel\u00fcl is sokfel\u00e9 utazunk, de a megy\u00e9n k\u00edv\u00fcli kapcsolatainkat is sokszor busszal \u00e9rj\u00fck el. Nagyon nagy az utaz\u00e1si ig\u00e9ny \u00e9s nagyon sok embert \u00e9rint a szolg\u00e1ltat\u00e1s, ez\u00e9rt nem mindegy, hogy milyen a sz\u00ednvonala. Az \u00faj j\u00e1rm\u0171veken m\u00e1r minden adott ahhoz, hogy az utasok&nbsp; sz\u00edvesen v\u00e1lassz\u00e1k \u0151ket. A leg\u00fajabb technol\u00f3gi\u00e1kkal, k\u00f6rnyezetk\u00edm\u00e9l\u0151 motorokkal vannak felszerelve, a k\u00f6rnyezet terhel\u00e9se a lehet\u0151 legcsek\u00e9lyebb. Ez ut\u00f3bbi egy k\u00fcl\u00f6n\u00f6sen fontos szempont a Kom\u00e1rom-Esztergom Megyei \u00d6nkorm\u00e1nyzat koordin\u00e1ci\u00f3j\u00e1val megval\u00f3s\u00edtott p\u00e1ly\u00e1zatokn\u00e1l is, ahol rengeteg energiahat\u00e9konys\u00e1gi beruh\u00e1z\u00e1st v\u00e9gezt\u00fcnk. A fejleszt\u00e9snek k\u00f6sz\u00f6nhet\u0151en javulnak a g\u00e9pj\u00e1rm\u0171vezet\u0151k munkak\u00f6r\u00fclm\u00e9nyei is, \u00edgy rem\u00e9lhet\u0151leg egyre t\u00f6bben v\u00e1lasztj\u00e1k ezt a szakm\u00e1t.\u201d<\/p>\n<p><img loading=\"lazy\" decoding=\"async\" class=\"alignnone size-large wp-image-36131\" src=\"https:\/\/dorogimedence.hu\/wp-content\/uploads\/2021\/08\/buszatado-04-1024x683.jpg\" alt=\"\" width=\"755\" height=\"504\" srcset=\"https:\/\/dorogimedence.hu\/wp-content\/uploads\/2021\/08\/buszatado-04-1024x683.jpg 1024w, https:\/\/dorogimedence.hu\/wp-content\/uploads\/2021\/08\/buszatado-04-300x200.jpg 300w, https:\/\/dorogimedence.hu\/wp-content\/uploads\/2021\/08\/buszatado-04-768x512.jpg 768w, https:\/\/dorogimedence.hu\/wp-content\/uploads\/2021\/08\/buszatado-04-150x100.jpg 150w, https:\/\/dorogimedence.hu\/wp-content\/uploads\/2021\/08\/buszatado-04-450x300.jpg 450w, https:\/\/dorogimedence.hu\/wp-content\/uploads\/2021\/08\/buszatado-04-272x182.jpg 272w, https:\/\/dorogimedence.hu\/wp-content\/uploads\/2021\/08\/buszatado-04.jpg 1200w\" sizes=\"(max-width: 755px) 100vw, 755px\" \/><\/p>\n<p><strong>Er\u0151s G\u00e1bor, Esztergom V\u00e1ros alpolg\u00e1rmestere <\/strong>kieg\u00e9sz\u00edtette: \u201eEsztergom saj\u00e1toss\u00e1gait tekintve \u201ek\u00e9t utc\u00e1s\u201d v\u00e1ros, melyen a forgalom nagy r\u00e9sze \u00e1tmegy a v\u00e1roson, ebb\u0151l kifoly\u00f3lag egy\u00e1ltal\u00e1n nem mindegy teh\u00e1t, hogy milyen buszok k\u00f6zlekednek n\u00e1lunk. R\u00f6vid id\u0151n bel\u00fcl m\u00e1sodszor kap \u00faj aut\u00f3buszokat t\u00e9rs\u00e9g\u00fcnk, \u00e9s nagyon j\u00f3 \u00e9rz\u00e9s, hogy a r\u00e9gi j\u00e1rm\u0171veket lecser\u00e9lik. A t\u00e9rs\u00e9g vezet\u0151 telep\u00fcl\u00e9sek\u00e9nt t\u00f6bbek k\u00f6z\u00f6tt t\u00f6bb mint \u00f6tezer di\u00e1kot fogadunk naponta \u2013 nekik sem mindegy, hogy milyen j\u00e1rm\u0171vekkel jutnak ide a k\u00f6rnyez\u0151 telep\u00fcl\u00e9sekr\u0151l. Folyamatosak a fejleszt\u00e9sek, \u00faj aut\u00f3busz-\u00e1llom\u00e1st \u00e9s vas\u00fat\u00e1llom\u00e1st, gy\u00f6ny\u00f6r\u0171 \u00faj utat kaptunk, a v\u00e1ros pedig a r\u00e9gi buszv\u00e9g\u00e1llom\u00e1s fejleszt\u00e9s\u00e9n dolgozik, hogy min\u00e9l hamarabb megsz\u00e9p\u00fclj\u00f6n sok egy\u00e9b m\u00e1s mellett.&nbsp; K\u00f6sz\u00f6nj\u00fck a korm\u00e1ny t\u00e1mogat\u00e1s\u00e1t, \u00e9s b\u00edzunk benne, hogy a j\u00f6v\u0151ben is tov\u00e1bb fejl\u0151dhet t\u00e9rs\u00e9g\u00fcnk \u00e9s a j\u00e1rm\u0171park egyar\u00e1nt.\u201d<\/p>\n<p><img loading=\"lazy\" decoding=\"async\" class=\"alignnone size-large wp-image-36132\" src=\"https:\/\/dorogimedence.hu\/wp-content\/uploads\/2021\/08\/buszatado-05-1024x683.jpg\" alt=\"\" width=\"755\" height=\"504\" srcset=\"https:\/\/dorogimedence.hu\/wp-content\/uploads\/2021\/08\/buszatado-05-1024x683.jpg 1024w, https:\/\/dorogimedence.hu\/wp-content\/uploads\/2021\/08\/buszatado-05-300x200.jpg 300w, https:\/\/dorogimedence.hu\/wp-content\/uploads\/2021\/08\/buszatado-05-768x512.jpg 768w, https:\/\/dorogimedence.hu\/wp-content\/uploads\/2021\/08\/buszatado-05-150x100.jpg 150w, https:\/\/dorogimedence.hu\/wp-content\/uploads\/2021\/08\/buszatado-05-450x300.jpg 450w, https:\/\/dorogimedence.hu\/wp-content\/uploads\/2021\/08\/buszatado-05-272x182.jpg 272w, https:\/\/dorogimedence.hu\/wp-content\/uploads\/2021\/08\/buszatado-05.jpg 1200w\" sizes=\"(max-width: 755px) 100vw, 755px\" \/><\/p>\n<p><strong>Dr. Paff\u00e9ri Zolt\u00e1n, a Vol\u00e1nbusz eln\u00f6k-vez\u00e9rigazgat\u00f3ja <\/strong>hangs\u00falyozta: \u201eAz elm\u00falt \u00e9vek legnagyobb volumen\u0171 egyidej\u0171 aut\u00f3busz-beszerz\u00e9se zajlik id\u00e9n, aminek eredm\u00e9nyek\u00e9nt r\u00f6vid id\u0151n bel\u00fcl m\u00e1r m\u00e1sodszor jelenhetj\u00fck be a megy\u00e9ben \u00e9l\u0151knek \u00faj j\u00e1rm\u0171vek \u00e9rkez\u00e9s\u00e9t. <a href=\"https:\/\/dorogimedence.hu\/index.php\/2021\/06\/16\/uj-csuklos-autobuszok-allnak-forgalomba-megyenkben\/\"><span style=\"text-decoration: underline; color: #0000ff;\">J\u00faniusban \u00f6sszesen 7 darab<\/span><\/a><span style=\"text-decoration: underline; color: #0000ff;\"> <a style=\"color: #0000ff; text-decoration: underline;\" href=\"https:\/\/www.volanbusz.hu\/hu\/volanbusz\/sajtokozlemenyek\/hir\/36952\">MAN Lion\u2019s City GL A23 t\u00edpus\u00fa csukl\u00f3s j\u00e1rm\u0171vet<\/a><\/span> \u00e1ll\u00edtottunk forgalomba Kom\u00e1rom-Esztergom megye \u00fatjain \u00e9s \u00f6r\u00f6m\u00f6mre szolg\u00e1l, hogy ilyen r\u00f6vid id\u0151n bel\u00fcl ism\u00e9t \u00fajabb 14 k\u00f6rnyezetk\u00edm\u00e9l\u0151, k\u00e9nyelmes \u00e9s korszer\u0171 j\u00e1rm\u0171 korszer\u0171s\u00edti aut\u00f3buszparkunkat. A 873,5 milli\u00f3 forint \u00e9rt\u00e9kben beszerzett 14 aut\u00f3busznak k\u00f6sz\u00f6nhet\u0151en a t\u00e9rs\u00e9gben k\u00f6zleked\u0151 helyk\u00f6zi j\u00e1rm\u0171\u00e1llom\u00e1nyon bel\u00fcl a sz\u00f3l\u00f3 kivitel\u0171ek 8,7 sz\u00e1zal\u00e9ka, a teljes j\u00e1rm\u0171\u00e1llom\u00e1nynak pedig 7,7 sz\u00e1zal\u00e9ka \u00fajul meg. A fejleszt\u00e9ssel \u00edgy \u00e9ves szinten k\u00f6zel 3,2 milli\u00f3 utas sz\u00e1m\u00e1ra biztos\u00edtunk m\u00e9g k\u00e9nyelmesebb utaz\u00e1st.\u201d<\/p>\n<p><img loading=\"lazy\" decoding=\"async\" class=\"alignnone size-large wp-image-36133\" src=\"https:\/\/dorogimedence.hu\/wp-content\/uploads\/2021\/08\/buszatado-06-1024x685.jpg\" alt=\"\" width=\"755\" height=\"505\" srcset=\"https:\/\/dorogimedence.hu\/wp-content\/uploads\/2021\/08\/buszatado-06-1024x685.jpg 1024w, https:\/\/dorogimedence.hu\/wp-content\/uploads\/2021\/08\/buszatado-06-300x201.jpg 300w, https:\/\/dorogimedence.hu\/wp-content\/uploads\/2021\/08\/buszatado-06-768x514.jpg 768w, https:\/\/dorogimedence.hu\/wp-content\/uploads\/2021\/08\/buszatado-06-150x100.jpg 150w, https:\/\/dorogimedence.hu\/wp-content\/uploads\/2021\/08\/buszatado-06-450x301.jpg 450w, https:\/\/dorogimedence.hu\/wp-content\/uploads\/2021\/08\/buszatado-06-272x182.jpg 272w, https:\/\/dorogimedence.hu\/wp-content\/uploads\/2021\/08\/buszatado-06.jpg 1200w\" sizes=\"(max-width: 755px) 100vw, 755px\" \/><\/p>\n<p>A M\u00c1V\u2013Vol\u00e1n-csoport egys\u00e9ges strat\u00e9giai ir\u00e1ny\u00edt\u00e1s\u00e1nak is k\u00f6sz\u00f6nhet\u0151en egyre sz\u00ednvonalasabb, korszer\u0171bb \u00e9s k\u00f6rnyezetk\u00edm\u00e9l\u0151bb szolg\u00e1ltat\u00e1sok v\u00e1rj\u00e1k az utasokat. A Vol\u00e1nbusz 2018-ban indult j\u00e1rm\u0171-fiatal\u00edt\u00e1si programja keret\u00e9ben \u2013 augusztus v\u00e9g\u00e9ig \u2013 1401 \u00faj \u00e9s \u00fajszer\u0171 aut\u00f3busz \u00e1ll\u00edt forgalomba. A t\u00e1rsas\u00e1g 2021-ben 1665 busz beszerz\u00e9s\u00e9re ind\u00edt k\u00f6zbeszerz\u00e9si elj\u00e1r\u00e1st, ebb\u0151l \u2013 az elj\u00e1r\u00e1sok sikere eset\u00e9n \u2013 v\u00e1rhat\u00f3an k\u00f6zel 700 j\u00e1rm\u0171 az \u00e9v v\u00e9g\u00e9ig meg is \u00e9rkezik. A fennmarad\u00f3 \u00e1llom\u00e1ny 2022-ben \u00e1ll majd az utasok szolg\u00e1lat\u00e1ba. A j\u00e1rm\u0171-fiatal\u00edt\u00e1si program eredm\u00e9nyek\u00e9nt a j\u00f6v\u0151 \u00e9v v\u00e9g\u00e9ig a v\u00e1llalat teljes aut\u00f3busz-\u00e1llom\u00e1ny\u00e1nak 40 sz\u00e1zal\u00e9ka meg\u00fajul.<\/p>\n<p><img loading=\"lazy\" decoding=\"async\" class=\"alignnone size-large wp-image-36135\" src=\"https:\/\/dorogimedence.hu\/wp-content\/uploads\/2021\/08\/buszatado-07-1024x683.jpg\" alt=\"\" width=\"755\" height=\"504\" srcset=\"https:\/\/dorogimedence.hu\/wp-content\/uploads\/2021\/08\/buszatado-07-1024x683.jpg 1024w, https:\/\/dorogimedence.hu\/wp-content\/uploads\/2021\/08\/buszatado-07-300x200.jpg 300w, https:\/\/dorogimedence.hu\/wp-content\/uploads\/2021\/08\/buszatado-07-768x512.jpg 768w, https:\/\/dorogimedence.hu\/wp-content\/uploads\/2021\/08\/buszatado-07-150x100.jpg 150w, https:\/\/dorogimedence.hu\/wp-content\/uploads\/2021\/08\/buszatado-07-450x300.jpg 450w, https:\/\/dorogimedence.hu\/wp-content\/uploads\/2021\/08\/buszatado-07-272x182.jpg 272w, https:\/\/dorogimedence.hu\/wp-content\/uploads\/2021\/08\/buszatado-07.jpg 1200w\" sizes=\"(max-width: 755px) 100vw, 755px\" \/><\/p>\n<p><em>Forr\u00e1s: Vol\u00e1nbusz Zrt.<\/em><\/p>\n","protected":false},"excerpt":{"rendered":"<p>Tov\u00e1bb fiatalodik Kom\u00e1rom-Esztergom megye j\u00e1rm\u0171\u00e1llom\u00e1nya, ez\u00fattal 14 darab Credo Econell 12, sz\u00f3l\u00f3 t\u00edpus\u00fa aut\u00f3busz kezdi meg szolg\u00e1lat\u00e1t. Az \u00faj j\u00e1rm\u0171vek beszerz\u00e9s\u00e9re a Vol\u00e1n Buszpark Kft. id\u00e9n \u00e9v elej\u00e9n \u00edrt ki k\u00f6zbeszerz\u00e9si elj\u00e1r\u00e1st. A kiemelked\u0151 nagys\u00e1grend\u0171 fejleszt\u00e9s keret\u00e9ben h\u00e1rom aut\u00f3buszgy\u00e1rt\u00f3 sz\u00e1ll\u00edtja a t\u00f6bb mint 500 k\u00f6rnyezetk\u00edm\u00e9l\u0151, d\u00edzel\u00fczem\u0171 j\u00e1rm\u0171vet a Vol\u00e1nbusznak 2022 elej\u00e9ig. Az \u00faj buszokkal orsz\u00e1gszerte<\/p>\n","protected":false},"author":1,"featured_media":36128,"comment_status":"closed","ping_status":"closed","sticky":false,"template":"","format":"standard","meta":{"ngg_post_thumbnail":0,"footnotes":""},"categories":[38,3],"tags":[458,5914,5624,1015],"class_list":{"0":"post-36127","1":"post","2":"type-post","3":"status-publish","4":"format-standard","5":"has-post-thumbnail","7":"category-esztergom","8":"category-hirek","9":"tag-autobusz","10":"tag-buszatado","11":"tag-featured","12":"tag-volanbusz"},"yoast_head":"<!-- This site is optimized with the Yoast SEO plugin v27.5 - https:\/\/yoast.com\/product\/yoast-seo-wordpress\/ -->\n<title>A Vol\u00e1nbusz folytatja a j\u00e1rm\u0171-fiatal\u00edt\u00e1st Kom\u00e1rom-Esztergom megy\u00e9ben<\/title>\n<meta name=\"robots\" content=\"index, follow, max-snippet:-1, max-image-preview:large, max-video-preview:-1\" \/>\n<link rel=\"canonical\" href=\"https:\/\/dorogimedence.hu\/index.php\/2021\/08\/24\/a-volanbusz-folytatja-a-jarmu-fiatalitast-komarom-esztergom-megyeben\/\" class=\"yoast-seo-meta-tag\" \/>\n<meta property=\"og:locale\" content=\"hu_HU\" class=\"yoast-seo-meta-tag\" \/>\n<meta property=\"og:type\" content=\"article\" class=\"yoast-seo-meta-tag\" \/>\n<meta property=\"og:title\" content=\"A Vol\u00e1nbusz folytatja a j\u00e1rm\u0171-fiatal\u00edt\u00e1st Kom\u00e1rom-Esztergom megy\u00e9ben\" class=\"yoast-seo-meta-tag\" \/>\n<meta property=\"og:description\" content=\"Tov\u00e1bb fiatalodik Kom\u00e1rom-Esztergom megye j\u00e1rm\u0171\u00e1llom\u00e1nya, ez\u00fattal 14 darab Credo Econell 12, sz\u00f3l\u00f3 t\u00edpus\u00fa aut\u00f3busz kezdi meg szolg\u00e1lat\u00e1t. Az \u00faj j\u00e1rm\u0171vek beszerz\u00e9s\u00e9re a Vol\u00e1n Buszpark Kft. id\u00e9n \u00e9v elej\u00e9n \u00edrt ki k\u00f6zbeszerz\u00e9si elj\u00e1r\u00e1st. A kiemelked\u0151 nagys\u00e1grend\u0171 fejleszt\u00e9s keret\u00e9ben h\u00e1rom aut\u00f3buszgy\u00e1rt\u00f3 sz\u00e1ll\u00edtja a t\u00f6bb mint 500 k\u00f6rnyezetk\u00edm\u00e9l\u0151, d\u00edzel\u00fczem\u0171 j\u00e1rm\u0171vet a Vol\u00e1nbusznak 2022 elej\u00e9ig. Az \u00faj buszokkal orsz\u00e1gszerte\" class=\"yoast-seo-meta-tag\" \/>\n<meta property=\"og:url\" content=\"https:\/\/dorogimedence.hu\/index.php\/2021\/08\/24\/a-volanbusz-folytatja-a-jarmu-fiatalitast-komarom-esztergom-megyeben\/\" class=\"yoast-seo-meta-tag\" \/>\n<meta property=\"og:site_name\" content=\"Dorogi-medence Region\u00e1lis H\u00edrport\u00e1l\" class=\"yoast-seo-meta-tag\" \/>\n<meta property=\"article:publisher\" content=\"https:\/\/www.facebook.com\/dorogimedence\/\" class=\"yoast-seo-meta-tag\" \/>\n<meta property=\"article:published_time\" content=\"2021-08-24T16:02:09+00:00\" class=\"yoast-seo-meta-tag\" \/>\n<meta property=\"article:modified_time\" content=\"2021-08-24T16:02:23+00:00\" class=\"yoast-seo-meta-tag\" \/>\n<meta property=\"og:image\" content=\"https:\/\/i0.wp.com\/dorogimedence.hu\/wp-content\/uploads\/2021\/08\/buszatado-01.jpg?fit=1920%2C1241&ssl=1\" class=\"yoast-seo-meta-tag\" \/>\n\t<meta property=\"og:image:width\" content=\"1920\" class=\"yoast-seo-meta-tag\" \/>\n\t<meta property=\"og:image:height\" content=\"1241\" class=\"yoast-seo-meta-tag\" \/>\n\t<meta property=\"og:image:type\" content=\"image\/jpeg\" class=\"yoast-seo-meta-tag\" \/>\n<meta name=\"author\" content=\"dorogimedence.hu\" class=\"yoast-seo-meta-tag\" \/>\n<meta name=\"twitter:card\" content=\"summary_large_image\" class=\"yoast-seo-meta-tag\" \/>\n<meta name=\"twitter:label1\" content=\"Szerz\u0151:\" class=\"yoast-seo-meta-tag\" \/>\n\t<meta name=\"twitter:data1\" content=\"dorogimedence.hu\" class=\"yoast-seo-meta-tag\" \/>\n\t<meta name=\"twitter:label2\" content=\"Becs\u00fclt olvas\u00e1si id\u0151\" class=\"yoast-seo-meta-tag\" \/>\n\t<meta name=\"twitter:data2\" content=\"7 perc\" class=\"yoast-seo-meta-tag\" \/>\n<script type=\"application\/ld+json\" class=\"yoast-schema-graph\">{\"@context\":\"https:\\\/\\\/schema.org\",\"@graph\":[{\"@type\":\"Article\",\"@id\":\"https:\\\/\\\/dorogimedence.hu\\\/index.php\\\/2021\\\/08\\\/24\\\/a-volanbusz-folytatja-a-jarmu-fiatalitast-komarom-esztergom-megyeben\\\/#article\",\"isPartOf\":{\"@id\":\"https:\\\/\\\/dorogimedence.hu\\\/index.php\\\/2021\\\/08\\\/24\\\/a-volanbusz-folytatja-a-jarmu-fiatalitast-komarom-esztergom-megyeben\\\/\"},\"author\":{\"name\":\"dorogimedence.hu\",\"@id\":\"https:\\\/\\\/dorogimedence.hu\\\/#\\\/schema\\\/person\\\/ce6091eeb7e95ecdc87890d6aa8e0fd4\"},\"headline\":\"A Vol\u00e1nbusz folytatja a j\u00e1rm\u0171-fiatal\u00edt\u00e1st Kom\u00e1rom-Esztergom megy\u00e9ben\",\"datePublished\":\"2021-08-24T16:02:09+00:00\",\"dateModified\":\"2021-08-24T16:02:23+00:00\",\"mainEntityOfPage\":{\"@id\":\"https:\\\/\\\/dorogimedence.hu\\\/index.php\\\/2021\\\/08\\\/24\\\/a-volanbusz-folytatja-a-jarmu-fiatalitast-komarom-esztergom-megyeben\\\/\"},\"wordCount\":1407,\"publisher\":{\"@id\":\"https:\\\/\\\/dorogimedence.hu\\\/#organization\"},\"image\":{\"@id\":\"https:\\\/\\\/dorogimedence.hu\\\/index.php\\\/2021\\\/08\\\/24\\\/a-volanbusz-folytatja-a-jarmu-fiatalitast-komarom-esztergom-megyeben\\\/#primaryimage\"},\"thumbnailUrl\":\"https:\\\/\\\/dorogimedence.hu\\\/wp-content\\\/uploads\\\/2021\\\/08\\\/buszatado-01.jpg\",\"keywords\":[\"aut\u00f3busz\",\"busz\u00e1tad\u00f3\",\"featured\",\"vol\u00e1nbusz\"],\"articleSection\":[\"Esztergom\",\"H\u00edrek\"],\"inLanguage\":\"hu\"},{\"@type\":\"WebPage\",\"@id\":\"https:\\\/\\\/dorogimedence.hu\\\/index.php\\\/2021\\\/08\\\/24\\\/a-volanbusz-folytatja-a-jarmu-fiatalitast-komarom-esztergom-megyeben\\\/\",\"url\":\"https:\\\/\\\/dorogimedence.hu\\\/index.php\\\/2021\\\/08\\\/24\\\/a-volanbusz-folytatja-a-jarmu-fiatalitast-komarom-esztergom-megyeben\\\/\",\"name\":\"A Vol\u00e1nbusz folytatja a j\u00e1rm\u0171-fiatal\u00edt\u00e1st Kom\u00e1rom-Esztergom megy\u00e9ben\",\"isPartOf\":{\"@id\":\"https:\\\/\\\/dorogimedence.hu\\\/#website\"},\"primaryImageOfPage\":{\"@id\":\"https:\\\/\\\/dorogimedence.hu\\\/index.php\\\/2021\\\/08\\\/24\\\/a-volanbusz-folytatja-a-jarmu-fiatalitast-komarom-esztergom-megyeben\\\/#primaryimage\"},\"image\":{\"@id\":\"https:\\\/\\\/dorogimedence.hu\\\/index.php\\\/2021\\\/08\\\/24\\\/a-volanbusz-folytatja-a-jarmu-fiatalitast-komarom-esztergom-megyeben\\\/#primaryimage\"},\"thumbnailUrl\":\"https:\\\/\\\/dorogimedence.hu\\\/wp-content\\\/uploads\\\/2021\\\/08\\\/buszatado-01.jpg\",\"datePublished\":\"2021-08-24T16:02:09+00:00\",\"dateModified\":\"2021-08-24T16:02:23+00:00\",\"breadcrumb\":{\"@id\":\"https:\\\/\\\/dorogimedence.hu\\\/index.php\\\/2021\\\/08\\\/24\\\/a-volanbusz-folytatja-a-jarmu-fiatalitast-komarom-esztergom-megyeben\\\/#breadcrumb\"},\"inLanguage\":\"hu\",\"potentialAction\":[{\"@type\":\"ReadAction\",\"target\":[\"https:\\\/\\\/dorogimedence.hu\\\/index.php\\\/2021\\\/08\\\/24\\\/a-volanbusz-folytatja-a-jarmu-fiatalitast-komarom-esztergom-megyeben\\\/\"]}]},{\"@type\":\"ImageObject\",\"inLanguage\":\"hu\",\"@id\":\"https:\\\/\\\/dorogimedence.hu\\\/index.php\\\/2021\\\/08\\\/24\\\/a-volanbusz-folytatja-a-jarmu-fiatalitast-komarom-esztergom-megyeben\\\/#primaryimage\",\"url\":\"https:\\\/\\\/dorogimedence.hu\\\/wp-content\\\/uploads\\\/2021\\\/08\\\/buszatado-01.jpg\",\"contentUrl\":\"https:\\\/\\\/dorogimedence.hu\\\/wp-content\\\/uploads\\\/2021\\\/08\\\/buszatado-01.jpg\",\"width\":1920,\"height\":1241},{\"@type\":\"BreadcrumbList\",\"@id\":\"https:\\\/\\\/dorogimedence.hu\\\/index.php\\\/2021\\\/08\\\/24\\\/a-volanbusz-folytatja-a-jarmu-fiatalitast-komarom-esztergom-megyeben\\\/#breadcrumb\",\"itemListElement\":[{\"@type\":\"ListItem\",\"position\":1,\"name\":\"Kezd\u0151lap\",\"item\":\"https:\\\/\\\/dorogimedence.hu\\\/\"},{\"@type\":\"ListItem\",\"position\":2,\"name\":\"A Vol\u00e1nbusz folytatja a j\u00e1rm\u0171-fiatal\u00edt\u00e1st Kom\u00e1rom-Esztergom megy\u00e9ben\"}]},{\"@type\":\"WebSite\",\"@id\":\"https:\\\/\\\/dorogimedence.hu\\\/#website\",\"url\":\"https:\\\/\\\/dorogimedence.hu\\\/\",\"name\":\"Dorogi-medence Region\u00e1lis H\u00edrport\u00e1l\",\"description\":\"Dorog, Keszt\u00f6lc, Le\u00e1nyv\u00e1r, Piliscs\u00e9v, Tokod, Tokodalt\u00e1r\u00f3, Csolnok, Esztergom-kertv\u00e1ros: h\u00edrek, programok\",\"publisher\":{\"@id\":\"https:\\\/\\\/dorogimedence.hu\\\/#organization\"},\"potentialAction\":[{\"@type\":\"SearchAction\",\"target\":{\"@type\":\"EntryPoint\",\"urlTemplate\":\"https:\\\/\\\/dorogimedence.hu\\\/?s={search_term_string}\"},\"query-input\":{\"@type\":\"PropertyValueSpecification\",\"valueRequired\":true,\"valueName\":\"search_term_string\"}}],\"inLanguage\":\"hu\"},{\"@type\":\"Organization\",\"@id\":\"https:\\\/\\\/dorogimedence.hu\\\/#organization\",\"name\":\"Dorogi-medence Region\u00e1lis H\u00edrport\u00e1l\",\"url\":\"https:\\\/\\\/dorogimedence.hu\\\/\",\"logo\":{\"@type\":\"ImageObject\",\"inLanguage\":\"hu\",\"@id\":\"https:\\\/\\\/dorogimedence.hu\\\/#\\\/schema\\\/logo\\\/image\\\/\",\"url\":\"https:\\\/\\\/dorogimedence.hu\\\/wp-content\\\/uploads\\\/2021\\\/04\\\/logo-feher-600.png\",\"contentUrl\":\"https:\\\/\\\/dorogimedence.hu\\\/wp-content\\\/uploads\\\/2021\\\/04\\\/logo-feher-600.png\",\"width\":600,\"height\":100,\"caption\":\"Dorogi-medence Region\u00e1lis H\u00edrport\u00e1l\"},\"image\":{\"@id\":\"https:\\\/\\\/dorogimedence.hu\\\/#\\\/schema\\\/logo\\\/image\\\/\"},\"sameAs\":[\"https:\\\/\\\/www.facebook.com\\\/dorogimedence\\\/\"]},{\"@type\":\"Person\",\"@id\":\"https:\\\/\\\/dorogimedence.hu\\\/#\\\/schema\\\/person\\\/ce6091eeb7e95ecdc87890d6aa8e0fd4\",\"name\":\"dorogimedence.hu\",\"image\":{\"@type\":\"ImageObject\",\"inLanguage\":\"hu\",\"@id\":\"\\\/\\\/www.gravatar.com\\\/avatar\\\/d8d45f8901aadff40a4af72c0b826f1d?s=96&#038;r=g&#038;d=mm\",\"url\":\"\\\/\\\/www.gravatar.com\\\/avatar\\\/d8d45f8901aadff40a4af72c0b826f1d?s=96&#038;r=g&#038;d=mm\",\"contentUrl\":\"\\\/\\\/www.gravatar.com\\\/avatar\\\/d8d45f8901aadff40a4af72c0b826f1d?s=96&#038;r=g&#038;d=mm\",\"caption\":\"dorogimedence.hu\"}}]}<\/script>\n<!-- \/ Yoast SEO plugin. -->","yoast_head_json":{"title":"A Vol\u00e1nbusz folytatja a j\u00e1rm\u0171-fiatal\u00edt\u00e1st Kom\u00e1rom-Esztergom megy\u00e9ben","robots":{"index":"index","follow":"follow","max-snippet":"max-snippet:-1","max-image-preview":"max-image-preview:large","max-video-preview":"max-video-preview:-1"},"canonical":"https:\/\/dorogimedence.hu\/index.php\/2021\/08\/24\/a-volanbusz-folytatja-a-jarmu-fiatalitast-komarom-esztergom-megyeben\/","og_locale":"hu_HU","og_type":"article","og_title":"A Vol\u00e1nbusz folytatja a j\u00e1rm\u0171-fiatal\u00edt\u00e1st Kom\u00e1rom-Esztergom megy\u00e9ben","og_description":"Tov\u00e1bb fiatalodik Kom\u00e1rom-Esztergom megye j\u00e1rm\u0171\u00e1llom\u00e1nya, ez\u00fattal 14 darab Credo Econell 12, sz\u00f3l\u00f3 t\u00edpus\u00fa aut\u00f3busz kezdi meg szolg\u00e1lat\u00e1t. Az \u00faj j\u00e1rm\u0171vek beszerz\u00e9s\u00e9re a Vol\u00e1n Buszpark Kft. id\u00e9n \u00e9v elej\u00e9n \u00edrt ki k\u00f6zbeszerz\u00e9si elj\u00e1r\u00e1st. A kiemelked\u0151 nagys\u00e1grend\u0171 fejleszt\u00e9s keret\u00e9ben h\u00e1rom aut\u00f3buszgy\u00e1rt\u00f3 sz\u00e1ll\u00edtja a t\u00f6bb mint 500 k\u00f6rnyezetk\u00edm\u00e9l\u0151, d\u00edzel\u00fczem\u0171 j\u00e1rm\u0171vet a Vol\u00e1nbusznak 2022 elej\u00e9ig. Az \u00faj buszokkal orsz\u00e1gszerte","og_url":"https:\/\/dorogimedence.hu\/index.php\/2021\/08\/24\/a-volanbusz-folytatja-a-jarmu-fiatalitast-komarom-esztergom-megyeben\/","og_site_name":"Dorogi-medence Region\u00e1lis H\u00edrport\u00e1l","article_publisher":"https:\/\/www.facebook.com\/dorogimedence\/","article_published_time":"2021-08-24T16:02:09+00:00","article_modified_time":"2021-08-24T16:02:23+00:00","og_image":[{"width":1920,"height":1241,"url":"https:\/\/i0.wp.com\/dorogimedence.hu\/wp-content\/uploads\/2021\/08\/buszatado-01.jpg?fit=1920%2C1241&ssl=1","type":"image\/jpeg"}],"author":"dorogimedence.hu","twitter_card":"summary_large_image","twitter_misc":{"Szerz\u0151:":"dorogimedence.hu","Becs\u00fclt olvas\u00e1si id\u0151":"7 perc"},"schema":{"@context":"https:\/\/schema.org","@graph":[{"@type":"Article","@id":"https:\/\/dorogimedence.hu\/index.php\/2021\/08\/24\/a-volanbusz-folytatja-a-jarmu-fiatalitast-komarom-esztergom-megyeben\/#article","isPartOf":{"@id":"https:\/\/dorogimedence.hu\/index.php\/2021\/08\/24\/a-volanbusz-folytatja-a-jarmu-fiatalitast-komarom-esztergom-megyeben\/"},"author":{"name":"dorogimedence.hu","@id":"https:\/\/dorogimedence.hu\/#\/schema\/person\/ce6091eeb7e95ecdc87890d6aa8e0fd4"},"headline":"A Vol\u00e1nbusz folytatja a j\u00e1rm\u0171-fiatal\u00edt\u00e1st Kom\u00e1rom-Esztergom megy\u00e9ben","datePublished":"2021-08-24T16:02:09+00:00","dateModified":"2021-08-24T16:02:23+00:00","mainEntityOfPage":{"@id":"https:\/\/dorogimedence.hu\/index.php\/2021\/08\/24\/a-volanbusz-folytatja-a-jarmu-fiatalitast-komarom-esztergom-megyeben\/"},"wordCount":1407,"publisher":{"@id":"https:\/\/dorogimedence.hu\/#organization"},"image":{"@id":"https:\/\/dorogimedence.hu\/index.php\/2021\/08\/24\/a-volanbusz-folytatja-a-jarmu-fiatalitast-komarom-esztergom-megyeben\/#primaryimage"},"thumbnailUrl":"https:\/\/dorogimedence.hu\/wp-content\/uploads\/2021\/08\/buszatado-01.jpg","keywords":["aut\u00f3busz","busz\u00e1tad\u00f3","featured","vol\u00e1nbusz"],"articleSection":["Esztergom","H\u00edrek"],"inLanguage":"hu"},{"@type":"WebPage","@id":"https:\/\/dorogimedence.hu\/index.php\/2021\/08\/24\/a-volanbusz-folytatja-a-jarmu-fiatalitast-komarom-esztergom-megyeben\/","url":"https:\/\/dorogimedence.hu\/index.php\/2021\/08\/24\/a-volanbusz-folytatja-a-jarmu-fiatalitast-komarom-esztergom-megyeben\/","name":"A Vol\u00e1nbusz folytatja a j\u00e1rm\u0171-fiatal\u00edt\u00e1st Kom\u00e1rom-Esztergom megy\u00e9ben","isPartOf":{"@id":"https:\/\/dorogimedence.hu\/#website"},"primaryImageOfPage":{"@id":"https:\/\/dorogimedence.hu\/index.php\/2021\/08\/24\/a-volanbusz-folytatja-a-jarmu-fiatalitast-komarom-esztergom-megyeben\/#primaryimage"},"image":{"@id":"https:\/\/dorogimedence.hu\/index.php\/2021\/08\/24\/a-volanbusz-folytatja-a-jarmu-fiatalitast-komarom-esztergom-megyeben\/#primaryimage"},"thumbnailUrl":"https:\/\/dorogimedence.hu\/wp-content\/uploads\/2021\/08\/buszatado-01.jpg","datePublished":"2021-08-24T16:02:09+00:00","dateModified":"2021-08-24T16:02:23+00:00","breadcrumb":{"@id":"https:\/\/dorogimedence.hu\/index.php\/2021\/08\/24\/a-volanbusz-folytatja-a-jarmu-fiatalitast-komarom-esztergom-megyeben\/#breadcrumb"},"inLanguage":"hu","potentialAction":[{"@type":"ReadAction","target":["https:\/\/dorogimedence.hu\/index.php\/2021\/08\/24\/a-volanbusz-folytatja-a-jarmu-fiatalitast-komarom-esztergom-megyeben\/"]}]},{"@type":"ImageObject","inLanguage":"hu","@id":"https:\/\/dorogimedence.hu\/index.php\/2021\/08\/24\/a-volanbusz-folytatja-a-jarmu-fiatalitast-komarom-esztergom-megyeben\/#primaryimage","url":"https:\/\/dorogimedence.hu\/wp-content\/uploads\/2021\/08\/buszatado-01.jpg","contentUrl":"https:\/\/dorogimedence.hu\/wp-content\/uploads\/2021\/08\/buszatado-01.jpg","width":1920,"height":1241},{"@type":"BreadcrumbList","@id":"https:\/\/dorogimedence.hu\/index.php\/2021\/08\/24\/a-volanbusz-folytatja-a-jarmu-fiatalitast-komarom-esztergom-megyeben\/#breadcrumb","itemListElement":[{"@type":"ListItem","position":1,"name":"Kezd\u0151lap","item":"https:\/\/dorogimedence.hu\/"},{"@type":"ListItem","position":2,"name":"A Vol\u00e1nbusz folytatja a j\u00e1rm\u0171-fiatal\u00edt\u00e1st Kom\u00e1rom-Esztergom megy\u00e9ben"}]},{"@type":"WebSite","@id":"https:\/\/dorogimedence.hu\/#website","url":"https:\/\/dorogimedence.hu\/","name":"Dorogi-medence Region\u00e1lis H\u00edrport\u00e1l","description":"Dorog, Keszt\u00f6lc, Le\u00e1nyv\u00e1r, Piliscs\u00e9v, Tokod, Tokodalt\u00e1r\u00f3, Csolnok, Esztergom-kertv\u00e1ros: h\u00edrek, programok","publisher":{"@id":"https:\/\/dorogimedence.hu\/#organization"},"potentialAction":[{"@type":"SearchAction","target":{"@type":"EntryPoint","urlTemplate":"https:\/\/dorogimedence.hu\/?s={search_term_string}"},"query-input":{"@type":"PropertyValueSpecification","valueRequired":true,"valueName":"search_term_string"}}],"inLanguage":"hu"},{"@type":"Organization","@id":"https:\/\/dorogimedence.hu\/#organization","name":"Dorogi-medence Region\u00e1lis H\u00edrport\u00e1l","url":"https:\/\/dorogimedence.hu\/","logo":{"@type":"ImageObject","inLanguage":"hu","@id":"https:\/\/dorogimedence.hu\/#\/schema\/logo\/image\/","url":"https:\/\/dorogimedence.hu\/wp-content\/uploads\/2021\/04\/logo-feher-600.png","contentUrl":"https:\/\/dorogimedence.hu\/wp-content\/uploads\/2021\/04\/logo-feher-600.png","width":600,"height":100,"caption":"Dorogi-medence Region\u00e1lis H\u00edrport\u00e1l"},"image":{"@id":"https:\/\/dorogimedence.hu\/#\/schema\/logo\/image\/"},"sameAs":["https:\/\/www.facebook.com\/dorogimedence\/"]},{"@type":"Person","@id":"https:\/\/dorogimedence.hu\/#\/schema\/person\/ce6091eeb7e95ecdc87890d6aa8e0fd4","name":"dorogimedence.hu","image":{"@type":"ImageObject","inLanguage":"hu","@id":"\/\/www.gravatar.com\/avatar\/d8d45f8901aadff40a4af72c0b826f1d?s=96&#038;r=g&#038;d=mm","url":"\/\/www.gravatar.com\/avatar\/d8d45f8901aadff40a4af72c0b826f1d?s=96&#038;r=g&#038;d=mm","contentUrl":"\/\/www.gravatar.com\/avatar\/d8d45f8901aadff40a4af72c0b826f1d?s=96&#038;r=g&#038;d=mm","caption":"dorogimedence.hu"}}]}},"_links":{"self":[{"href":"https:\/\/dorogimedence.hu\/index.php\/wp-json\/wp\/v2\/posts\/36127","targetHints":{"allow":["GET"]}}],"collection":[{"href":"https:\/\/dorogimedence.hu\/index.php\/wp-json\/wp\/v2\/posts"}],"about":[{"href":"https:\/\/dorogimedence.hu\/index.php\/wp-json\/wp\/v2\/types\/post"}],"author":[{"embeddable":true,"href":"https:\/\/dorogimedence.hu\/index.php\/wp-json\/wp\/v2\/users\/1"}],"replies":[{"embeddable":true,"href":"https:\/\/dorogimedence.hu\/index.php\/wp-json\/wp\/v2\/comments?post=36127"}],"version-history":[{"count":0,"href":"https:\/\/dorogimedence.hu\/index.php\/wp-json\/wp\/v2\/posts\/36127\/revisions"}],"wp:featuredmedia":[{"embeddable":true,"href":"https:\/\/dorogimedence.hu\/index.php\/wp-json\/wp\/v2\/media\/36128"}],"wp:attachment":[{"href":"https:\/\/dorogimedence.hu\/index.php\/wp-json\/wp\/v2\/media?parent=36127"}],"wp:term":[{"taxonomy":"category","embeddable":true,"href":"https:\/\/dorogimedence.hu\/index.php\/wp-json\/wp\/v2\/categories?post=36127"},{"taxonomy":"post_tag","embeddable":true,"href":"https:\/\/dorogimedence.hu\/index.php\/wp-json\/wp\/v2\/tags?post=36127"}],"curies":[{"name":"wp","href":"https:\/\/api.w.org\/{rel}","templated":true}]}}