{"id":36122,"date":"2021-08-24T16:22:18","date_gmt":"2021-08-24T14:22:18","guid":{"rendered":"https:\/\/dorogimedence.hu\/?p=36122"},"modified":"2021-08-24T16:22:28","modified_gmt":"2021-08-24T14:22:28","slug":"pro-urbe-esztergom-kituntetest-kapott-dr-kormendy-kinga","status":"publish","type":"post","link":"https:\/\/dorogimedence.hu\/index.php\/2021\/08\/24\/pro-urbe-esztergom-kituntetest-kapott-dr-kormendy-kinga\/","title":{"rendered":"Pro Urbe Esztergom kit\u00fcntet\u00e9st kapott dr. K\u00f6rmendy Kinga"},"content":{"rendered":"<p><strong>Esztergom v\u00e1ros t\u00f6rt\u00e9net\u00e9nek felkutat\u00e1s\u00e1ban bet\u00f6lt\u00f6tt meghat\u00e1roz\u00f3 szerepe \u00e9s kimagasl\u00f3 kutat\u00e1si tev\u00e9kenys\u00e9g\u00e9nek elismer\u00e9s\u00e9\u00e9rt Pro Urbe Esztergom kit\u00fcntet\u00e9st kapott dr. K\u00f6rmendy Kinga k\u00f6nyvt\u00e1ros, k\u00e9ziratt\u00e1ros, kodikol\u00f3gus augusztus 23-\u00e1n, a Szent Adalbert K\u00f6zpontban.<\/strong><\/p>\n<p><em>A d\u00edjazottat Szalai Katalin, az Esztergomi F\u0151sz\u00e9kesegyh\u00e1zi K\u00f6nyvt\u00e1r igazgat\u00f3ja m\u00e9ltatta. A laud\u00e1ci\u00f3 sz\u00f6vege az al\u00e1bbiakban olvashat\u00f3:<\/em><\/p>\n<p>Dr. K\u00f6rmendy Kinga k\u00f6nyvt\u00e1ros, k\u00e9ziratt\u00e1ros, a k\u00f6z\u00e9pkori latin k\u00f3dexek szak\u00e9rt\u0151je 1945-ben Zalaszentgr\u00f3ton sz\u00fcletett. A P\u00e1pai Reform\u00e1tus Gimn\u00e1ziumban \u00e9retts\u00e9gizett, \u00e9s az ELTE B\u00f6lcs\u00e9szettudom\u00e1nyi Kar k\u00f6nyvt\u00e1r-latin szak\u00e1n folytatta tanulm\u00e1nyait. Mezey L\u00e1szl\u00f3 \u00e9s Csapody Csaba professzorok vezett\u00e9k be a k\u00f6z\u00e9pkori \u00edr\u00e1sbelis\u00e9g, az \u0151snyomtatv\u00e1nyok \u00e9s a k\u00f3dexek vil\u00e1g\u00e1ba. 1969-ben latin szakos tan\u00e1ri, illetve k\u00f6nyvt\u00e1rosi oklevelet szerzett.<\/p>\n<p>Csapody Csaba, az MTA K\u00f6nyvt\u00e1ra K\u00e9ziratt\u00e1r\u00e1nak oszt\u00e1lyvezet\u0151je alkalmazta klerik\u00e1lis \u201eh\u00e1tter\u0171\u201d tan\u00edtv\u00e1ny\u00e1t, ami a 60-as \u00e9vekben nem volt vesz\u00e9lytelen. Al\u00e1zat, nagy tud\u00e1s, alaposs\u00e1g: a munk\u00e1j\u00e1t \u00edgy kezdte \u00e9s v\u00e9gzi ma is, nem t\u00f6rekedett elismer\u00e9sre, m\u00e9gis sikeres, \u00e9rt\u00e9kes tudom\u00e1nyos p\u00e1ly\u00e1t mondhat mag\u00e1\u00e9nak.<\/p>\n<p>K\u00e9ziratt\u00e1rosk\u00e9nt \u00fajkori \u00e9s kort\u00e1rs tud\u00f3sok, \u00edr\u00f3k, k\u00f6lt\u0151k &#8211; Pilinszky J\u00e1nos, Szab\u00f3 L\u0151rinc, Angyal D\u00e1vid \u00e9s Hajnal Istv\u00e1n &#8211; k\u00e9ziratos hagyat\u00e9k\u00e1t dolgozta fel. Neki k\u00f6sz\u00f6nhet\u0151 az MTA K\u00e9ziratt\u00e1r\u00e1ban \u0151rz\u00f6tt legnagyobb hagyat\u00e9k, a Sz\u00e9chenyi-gy\u0171jtem\u00e9ny szakszer\u0171 rendez\u00e9se is.<\/p>\n<p>R\u00f3m\u00e1ban, B\u00e9csben, Krakk\u00f3ban j\u00e1rt hosszabb szakmai tanulm\u00e1ny\u00faton, els\u0151sorban a k\u00f6z\u00e9pkori magyarorsz\u00e1gi haszn\u00e1lat\u00fa k\u00f3dexek azonos\u00edt\u00e1s\u00e1nak c\u00e9lj\u00e1b\u00f3l; eredm\u00e9nyeit magyar, n\u00e9met, olasz \u00e9s francia nyelven jelentette meg.<\/p>\n<p>A nagy tud\u00e1st \u00e9s szorgalmat k\u00edv\u00e1n\u00f3, Budapesthez k\u00f6t\u0151d\u0151 munk\u00e1i ellen\u00e9re sokat j\u00e1rt Esztergomba \u00e9s a F\u0151sz\u00e9kesegyh\u00e1zi K\u00f6nyvt\u00e1r gy\u0171jtem\u00e9ny\u00e9vel kezdett behat\u00f3an foglalkozni. A k\u00f6nyvt\u00e1r&nbsp; igazgat\u00f3j\u00e1val, Dr. Kov\u00e1ch Zolt\u00e1nnal kit\u0171n\u0151 munkakapcsolatot alak\u00edtott ki, \u00e9s az akkori viszonyok k\u00f6z\u00f6tt f\u00e1radts\u00e1got vagy akad\u00e1lyt nem ismerve v\u00e9gezte kodikol\u00f3gusi-feldolgoz\u00f3 munk\u00e1j\u00e1t. A Bibliotheca sok \u00e9vsz\u00e1zados t\u00f6rt\u00e9net\u00e9t sz\u00e1mos ponton kieg\u00e9sz\u00edtette, \u00fajra\u00edrta, \u00e1ltala felt\u00e1rt adatokkal gazdag\u00edtotta. Egyetlen \u00e9vsz\u00e1m, adat vagy n\u00e9v kedv\u00e9\u00e9rt napokat, heteket t\u00f6lt\u00f6tt esztergomi lev\u00e9lt\u00e1ri kutat\u00e1ssal. F\u00e1radhatatlan volt, legink\u00e1bb mag\u00e1val szemben \u00e1ll\u00edtott magas k\u00f6vetelm\u00e9nyeket.<\/p>\n<p><img fetchpriority=\"high\" decoding=\"async\" class=\"alignnone size-large wp-image-36123\" src=\"https:\/\/dorogimedence.hu\/wp-content\/uploads\/2021\/08\/pro-urbe-01-1024x645.jpg\" alt=\"\" width=\"755\" height=\"476\" srcset=\"https:\/\/dorogimedence.hu\/wp-content\/uploads\/2021\/08\/pro-urbe-01-1024x645.jpg 1024w, https:\/\/dorogimedence.hu\/wp-content\/uploads\/2021\/08\/pro-urbe-01-300x189.jpg 300w, https:\/\/dorogimedence.hu\/wp-content\/uploads\/2021\/08\/pro-urbe-01-768x484.jpg 768w, https:\/\/dorogimedence.hu\/wp-content\/uploads\/2021\/08\/pro-urbe-01-1536x967.jpg 1536w, https:\/\/dorogimedence.hu\/wp-content\/uploads\/2021\/08\/pro-urbe-01-150x94.jpg 150w, https:\/\/dorogimedence.hu\/wp-content\/uploads\/2021\/08\/pro-urbe-01-450x283.jpg 450w, https:\/\/dorogimedence.hu\/wp-content\/uploads\/2021\/08\/pro-urbe-01-1200x756.jpg 1200w, https:\/\/dorogimedence.hu\/wp-content\/uploads\/2021\/08\/pro-urbe-01.jpg 1920w\" sizes=\"(max-width: 755px) 100vw, 755px\" \/><\/p>\n<p>Esztergom \u00e9s az esztergomi gy\u0171jtem\u00e9nyek, kutat\u00e1sok ir\u00e1nti vonz\u00f3d\u00e1sa \u00e9s lelkesed\u00e9se eg\u00e9sz p\u00e1ly\u00e1j\u00e1t v\u00e9gigk\u00eds\u00e9rte. Minden gy\u0171jtem\u00e9nyben otthonosan mozgott, minden seg\u00edts\u00e9g\u00e9rt h\u00e1l\u00e1s volt, egy\u00fcttm\u0171k\u00f6d\u0151, nyitott szem\u00e9lyis\u00e9g\u00e9b\u0151l nem a megk\u00f6zel\u00edthetetlen tud\u00f3s k\u00e9pe rajzol\u00f3dott ki.<\/p>\n<p>Legjelent\u0151sebb m\u0171ve is esztergomi vonatkoz\u00e1s\u00fa: a k\u00f6z\u00e9pkori iskol\u00e1z\u00e1s t\u00f6rt\u00e9net\u00e9nek feldolgoz\u00e1sa a Studentes extra regnum \u2013 Esztergomi kanonokok egyetemj\u00e1r\u00e1sa \u00e9s k\u00f6nyvhaszn\u00e1lata 1183\u20131543. c\u00edm\u0171 m\u0171v\u00e9ben. A fennmaradt k\u00f6z\u00e9pkori esztergomi k\u00e1nonjogi kult\u00fara k\u00e9ziratos tan\u00fait \u00e1tfog\u00f3an \u00e9s m\u00e9rt\u00e9kad\u00f3 m\u00f3don elemezte a k\u00f6z\u00e9pkori k\u00e1nonjogtudom\u00e1ny legrangosabb vil\u00e1gkongresszus\u00e1n, aminek megrendez\u00e9s\u00e9re Esztergomban ker\u00fclt sor 2008 nyar\u00e1n, \u00e9s amelynek akt\u00e1i a Biblioteca Apostolica Vaticana kiad\u00e1s\u00e1ban l\u00e1ttak napvil\u00e1got.<\/p>\n<p>K\u00e9szs\u00e9gesen \u00e1llt rendelkez\u00e9sre \u00e9s n\u00e9pszer\u0171s\u00edtette Esztergomot tudom\u00e1nyos konferenci\u00e1kon, rendezv\u00e9nyeken , m\u0171helybesz\u00e9lget\u00e9sek alkalm\u00e1val.<\/p>\n<p>T\u00f6bb \u00e9ve dolgozik a publik\u00e1l\u00e1s el\u0151tt \u00e1ll\u00f3 esztergomi k\u00f3dexkatal\u00f3gus elk\u00e9sz\u00edt\u00e9s\u00e9n: a Bibliotheca&nbsp; t\u00f6rt\u00e9nete \u00e9s k\u00f3dexeinek azonos\u00edt\u00e1sa ter\u00e9n p\u00f3tolhatatlan munk\u00e1t v\u00e9gez a mai napig. Szolg\u00e1lata nem csak az esztergomi egyh\u00e1zi gy\u0171jtem\u00e9nyek alaposabb felt\u00e1r\u00e1sa miatt jelent\u0151s, hanem Esztergom t\u00f6rt\u00e9nete, m\u0171vel\u0151d\u00e9st\u00f6rt\u00e9nete szempontj\u00e1b\u00f3l is egyed\u00fcl\u00e1ll\u00f3. Munk\u00e1ib\u00f3l sz\u00e1mos esztergomi (di\u00e1k \u00e9s feln\u0151tt) tudhat t\u00f6bbet lak\u00f3helye m\u00faltj\u00e1r\u00f3l, annak az eur\u00f3pai kult\u00fart\u00f6rt\u00e9netben is bet\u00f6lt\u00f6tt kiemelked\u0151 jelent\u0151s\u00e9g\u0171 r\u00e9gi k\u00f6teteir\u0151l, k\u00e9ziratair\u00f3l, int\u00e9zm\u00e9nyeir\u0151l.<\/p>\n<p>K\u00f6rmendy Kinga szem\u00e9ly\u00e9ben az esztergomi gy\u0171jtem\u00e9nyek munkat\u00e1rsai a tud\u00e1s\u00e1ra soha nem f\u00e9lt\u00e9keny, a tudom\u00e1nyos eredm\u00e9nyeket a k\u00f6nyvt\u00e1rak szolg\u00e1lat\u00e1ba \u00e1ll\u00edt\u00f3, azokat k\u00f6zz\u00e9tev\u0151, seg\u00edt\u0151 sz\u00e1nd\u00e9k\u00fa kit\u0171n\u0151 koll\u00e9g\u00e1t ismertek meg, akinek szaktud\u00e1s\u00e1ra, ismereteire mindig \u00f6nzetlen\u00fcl sz\u00e1m\u00edthattak.<\/p>\n<p><iframe title=\"Komment\u00e1r N\u00e9lk\u00fcl - 2021.08.23. - Pro Urbe Esztergom d\u00edj\" width=\"755\" height=\"425\" src=\"https:\/\/www.youtube.com\/embed\/W9E7BSrV74I?feature=oembed\" frameborder=\"0\" allow=\"accelerometer; autoplay; clipboard-write; encrypted-media; gyroscope; picture-in-picture; web-share\" referrerpolicy=\"strict-origin-when-cross-origin\" allowfullscreen><\/iframe><\/p>\n<p><em>Fot\u00f3k, forr\u00e1s: esztergom.hu<\/em><\/p>\n","protected":false},"excerpt":{"rendered":"<p>Esztergom v\u00e1ros t\u00f6rt\u00e9net\u00e9nek felkutat\u00e1s\u00e1ban bet\u00f6lt\u00f6tt meghat\u00e1roz\u00f3 szerepe \u00e9s kimagasl\u00f3 kutat\u00e1si tev\u00e9kenys\u00e9g\u00e9nek elismer\u00e9s\u00e9\u00e9rt Pro Urbe Esztergom kit\u00fcntet\u00e9st kapott dr. K\u00f6rmendy Kinga k\u00f6nyvt\u00e1ros, k\u00e9ziratt\u00e1ros, kodikol\u00f3gus augusztus 23-\u00e1n, a Szent Adalbert K\u00f6zpontban. A d\u00edjazottat Szalai Katalin, az Esztergomi F\u0151sz\u00e9kesegyh\u00e1zi K\u00f6nyvt\u00e1r igazgat\u00f3ja m\u00e9ltatta. A laud\u00e1ci\u00f3 sz\u00f6vege az al\u00e1bbiakban olvashat\u00f3: Dr. K\u00f6rmendy Kinga k\u00f6nyvt\u00e1ros, k\u00e9ziratt\u00e1ros, a k\u00f6z\u00e9pkori latin k\u00f3dexek szak\u00e9rt\u0151je<\/p>\n","protected":false},"author":1,"featured_media":36125,"comment_status":"closed","ping_status":"closed","sticky":false,"template":"","format":"standard","meta":{"ngg_post_thumbnail":0,"footnotes":""},"categories":[38,3],"tags":[5913,42,2720,5912],"class_list":{"0":"post-36122","1":"post","2":"type-post","3":"status-publish","4":"format-standard","5":"has-post-thumbnail","7":"category-esztergom","8":"category-hirek","9":"tag-dr-kormendy-kinga","10":"tag-esztergom","11":"tag-pro-urbe-dij","12":"tag-pro-urbe-esztergom"},"yoast_head":"<!-- This site is optimized with the Yoast SEO plugin v27.5 - https:\/\/yoast.com\/product\/yoast-seo-wordpress\/ -->\n<title>Pro Urbe Esztergom kit\u00fcntet\u00e9st kapott dr. K\u00f6rmendy Kinga<\/title>\n<meta name=\"robots\" content=\"index, follow, max-snippet:-1, max-image-preview:large, max-video-preview:-1\" \/>\n<link rel=\"canonical\" href=\"https:\/\/dorogimedence.hu\/index.php\/2021\/08\/24\/pro-urbe-esztergom-kituntetest-kapott-dr-kormendy-kinga\/\" class=\"yoast-seo-meta-tag\" \/>\n<meta property=\"og:locale\" content=\"hu_HU\" class=\"yoast-seo-meta-tag\" \/>\n<meta property=\"og:type\" content=\"article\" class=\"yoast-seo-meta-tag\" \/>\n<meta property=\"og:title\" content=\"Pro Urbe Esztergom kit\u00fcntet\u00e9st kapott dr. K\u00f6rmendy Kinga\" class=\"yoast-seo-meta-tag\" \/>\n<meta property=\"og:description\" content=\"Esztergom v\u00e1ros t\u00f6rt\u00e9net\u00e9nek felkutat\u00e1s\u00e1ban bet\u00f6lt\u00f6tt meghat\u00e1roz\u00f3 szerepe \u00e9s kimagasl\u00f3 kutat\u00e1si tev\u00e9kenys\u00e9g\u00e9nek elismer\u00e9s\u00e9\u00e9rt Pro Urbe Esztergom kit\u00fcntet\u00e9st kapott dr. K\u00f6rmendy Kinga k\u00f6nyvt\u00e1ros, k\u00e9ziratt\u00e1ros, kodikol\u00f3gus augusztus 23-\u00e1n, a Szent Adalbert K\u00f6zpontban. A d\u00edjazottat Szalai Katalin, az Esztergomi F\u0151sz\u00e9kesegyh\u00e1zi K\u00f6nyvt\u00e1r igazgat\u00f3ja m\u00e9ltatta. A laud\u00e1ci\u00f3 sz\u00f6vege az al\u00e1bbiakban olvashat\u00f3: Dr. K\u00f6rmendy Kinga k\u00f6nyvt\u00e1ros, k\u00e9ziratt\u00e1ros, a k\u00f6z\u00e9pkori latin k\u00f3dexek szak\u00e9rt\u0151je\" class=\"yoast-seo-meta-tag\" \/>\n<meta property=\"og:url\" content=\"https:\/\/dorogimedence.hu\/index.php\/2021\/08\/24\/pro-urbe-esztergom-kituntetest-kapott-dr-kormendy-kinga\/\" class=\"yoast-seo-meta-tag\" \/>\n<meta property=\"og:site_name\" content=\"Dorogi-medence Region\u00e1lis H\u00edrport\u00e1l\" class=\"yoast-seo-meta-tag\" \/>\n<meta property=\"article:publisher\" content=\"https:\/\/www.facebook.com\/dorogimedence\/\" class=\"yoast-seo-meta-tag\" \/>\n<meta property=\"article:published_time\" content=\"2021-08-24T14:22:18+00:00\" class=\"yoast-seo-meta-tag\" \/>\n<meta property=\"article:modified_time\" content=\"2021-08-24T14:22:28+00:00\" class=\"yoast-seo-meta-tag\" \/>\n<meta property=\"og:image\" content=\"https:\/\/i0.wp.com\/dorogimedence.hu\/wp-content\/uploads\/2021\/08\/pro-urbe-02.jpg?fit=1920%2C1281&ssl=1\" class=\"yoast-seo-meta-tag\" \/>\n\t<meta property=\"og:image:width\" content=\"1920\" class=\"yoast-seo-meta-tag\" \/>\n\t<meta property=\"og:image:height\" content=\"1281\" class=\"yoast-seo-meta-tag\" \/>\n\t<meta property=\"og:image:type\" content=\"image\/jpeg\" class=\"yoast-seo-meta-tag\" \/>\n<meta name=\"author\" content=\"dorogimedence.hu\" class=\"yoast-seo-meta-tag\" \/>\n<meta name=\"twitter:card\" content=\"summary_large_image\" class=\"yoast-seo-meta-tag\" \/>\n<meta name=\"twitter:label1\" content=\"Szerz\u0151:\" class=\"yoast-seo-meta-tag\" \/>\n\t<meta name=\"twitter:data1\" content=\"dorogimedence.hu\" class=\"yoast-seo-meta-tag\" \/>\n\t<meta name=\"twitter:label2\" content=\"Becs\u00fclt olvas\u00e1si id\u0151\" class=\"yoast-seo-meta-tag\" \/>\n\t<meta name=\"twitter:data2\" content=\"4 perc\" class=\"yoast-seo-meta-tag\" \/>\n<script type=\"application\/ld+json\" class=\"yoast-schema-graph\">{\"@context\":\"https:\\\/\\\/schema.org\",\"@graph\":[{\"@type\":\"Article\",\"@id\":\"https:\\\/\\\/dorogimedence.hu\\\/index.php\\\/2021\\\/08\\\/24\\\/pro-urbe-esztergom-kituntetest-kapott-dr-kormendy-kinga\\\/#article\",\"isPartOf\":{\"@id\":\"https:\\\/\\\/dorogimedence.hu\\\/index.php\\\/2021\\\/08\\\/24\\\/pro-urbe-esztergom-kituntetest-kapott-dr-kormendy-kinga\\\/\"},\"author\":{\"name\":\"dorogimedence.hu\",\"@id\":\"https:\\\/\\\/dorogimedence.hu\\\/#\\\/schema\\\/person\\\/ce6091eeb7e95ecdc87890d6aa8e0fd4\"},\"headline\":\"Pro Urbe Esztergom kit\u00fcntet\u00e9st kapott dr. K\u00f6rmendy Kinga\",\"datePublished\":\"2021-08-24T14:22:18+00:00\",\"dateModified\":\"2021-08-24T14:22:28+00:00\",\"mainEntityOfPage\":{\"@id\":\"https:\\\/\\\/dorogimedence.hu\\\/index.php\\\/2021\\\/08\\\/24\\\/pro-urbe-esztergom-kituntetest-kapott-dr-kormendy-kinga\\\/\"},\"wordCount\":881,\"publisher\":{\"@id\":\"https:\\\/\\\/dorogimedence.hu\\\/#organization\"},\"image\":{\"@id\":\"https:\\\/\\\/dorogimedence.hu\\\/index.php\\\/2021\\\/08\\\/24\\\/pro-urbe-esztergom-kituntetest-kapott-dr-kormendy-kinga\\\/#primaryimage\"},\"thumbnailUrl\":\"https:\\\/\\\/dorogimedence.hu\\\/wp-content\\\/uploads\\\/2021\\\/08\\\/pro-urbe-02.jpg\",\"keywords\":[\"dr. K\u00f6rmendy Kinga\",\"esztergom\",\"Pro Urbe d\u00edj\",\"Pro Urbe Esztergom\"],\"articleSection\":[\"Esztergom\",\"H\u00edrek\"],\"inLanguage\":\"hu\"},{\"@type\":\"WebPage\",\"@id\":\"https:\\\/\\\/dorogimedence.hu\\\/index.php\\\/2021\\\/08\\\/24\\\/pro-urbe-esztergom-kituntetest-kapott-dr-kormendy-kinga\\\/\",\"url\":\"https:\\\/\\\/dorogimedence.hu\\\/index.php\\\/2021\\\/08\\\/24\\\/pro-urbe-esztergom-kituntetest-kapott-dr-kormendy-kinga\\\/\",\"name\":\"Pro Urbe Esztergom kit\u00fcntet\u00e9st kapott dr. K\u00f6rmendy Kinga\",\"isPartOf\":{\"@id\":\"https:\\\/\\\/dorogimedence.hu\\\/#website\"},\"primaryImageOfPage\":{\"@id\":\"https:\\\/\\\/dorogimedence.hu\\\/index.php\\\/2021\\\/08\\\/24\\\/pro-urbe-esztergom-kituntetest-kapott-dr-kormendy-kinga\\\/#primaryimage\"},\"image\":{\"@id\":\"https:\\\/\\\/dorogimedence.hu\\\/index.php\\\/2021\\\/08\\\/24\\\/pro-urbe-esztergom-kituntetest-kapott-dr-kormendy-kinga\\\/#primaryimage\"},\"thumbnailUrl\":\"https:\\\/\\\/dorogimedence.hu\\\/wp-content\\\/uploads\\\/2021\\\/08\\\/pro-urbe-02.jpg\",\"datePublished\":\"2021-08-24T14:22:18+00:00\",\"dateModified\":\"2021-08-24T14:22:28+00:00\",\"breadcrumb\":{\"@id\":\"https:\\\/\\\/dorogimedence.hu\\\/index.php\\\/2021\\\/08\\\/24\\\/pro-urbe-esztergom-kituntetest-kapott-dr-kormendy-kinga\\\/#breadcrumb\"},\"inLanguage\":\"hu\",\"potentialAction\":[{\"@type\":\"ReadAction\",\"target\":[\"https:\\\/\\\/dorogimedence.hu\\\/index.php\\\/2021\\\/08\\\/24\\\/pro-urbe-esztergom-kituntetest-kapott-dr-kormendy-kinga\\\/\"]}]},{\"@type\":\"ImageObject\",\"inLanguage\":\"hu\",\"@id\":\"https:\\\/\\\/dorogimedence.hu\\\/index.php\\\/2021\\\/08\\\/24\\\/pro-urbe-esztergom-kituntetest-kapott-dr-kormendy-kinga\\\/#primaryimage\",\"url\":\"https:\\\/\\\/dorogimedence.hu\\\/wp-content\\\/uploads\\\/2021\\\/08\\\/pro-urbe-02.jpg\",\"contentUrl\":\"https:\\\/\\\/dorogimedence.hu\\\/wp-content\\\/uploads\\\/2021\\\/08\\\/pro-urbe-02.jpg\",\"width\":1920,\"height\":1281},{\"@type\":\"BreadcrumbList\",\"@id\":\"https:\\\/\\\/dorogimedence.hu\\\/index.php\\\/2021\\\/08\\\/24\\\/pro-urbe-esztergom-kituntetest-kapott-dr-kormendy-kinga\\\/#breadcrumb\",\"itemListElement\":[{\"@type\":\"ListItem\",\"position\":1,\"name\":\"Kezd\u0151lap\",\"item\":\"https:\\\/\\\/dorogimedence.hu\\\/\"},{\"@type\":\"ListItem\",\"position\":2,\"name\":\"Pro Urbe Esztergom kit\u00fcntet\u00e9st kapott dr. K\u00f6rmendy Kinga\"}]},{\"@type\":\"WebSite\",\"@id\":\"https:\\\/\\\/dorogimedence.hu\\\/#website\",\"url\":\"https:\\\/\\\/dorogimedence.hu\\\/\",\"name\":\"Dorogi-medence Region\u00e1lis H\u00edrport\u00e1l\",\"description\":\"Dorog, Keszt\u00f6lc, Le\u00e1nyv\u00e1r, Piliscs\u00e9v, Tokod, Tokodalt\u00e1r\u00f3, Csolnok, Esztergom-kertv\u00e1ros: h\u00edrek, programok\",\"publisher\":{\"@id\":\"https:\\\/\\\/dorogimedence.hu\\\/#organization\"},\"potentialAction\":[{\"@type\":\"SearchAction\",\"target\":{\"@type\":\"EntryPoint\",\"urlTemplate\":\"https:\\\/\\\/dorogimedence.hu\\\/?s={search_term_string}\"},\"query-input\":{\"@type\":\"PropertyValueSpecification\",\"valueRequired\":true,\"valueName\":\"search_term_string\"}}],\"inLanguage\":\"hu\"},{\"@type\":\"Organization\",\"@id\":\"https:\\\/\\\/dorogimedence.hu\\\/#organization\",\"name\":\"Dorogi-medence Region\u00e1lis H\u00edrport\u00e1l\",\"url\":\"https:\\\/\\\/dorogimedence.hu\\\/\",\"logo\":{\"@type\":\"ImageObject\",\"inLanguage\":\"hu\",\"@id\":\"https:\\\/\\\/dorogimedence.hu\\\/#\\\/schema\\\/logo\\\/image\\\/\",\"url\":\"https:\\\/\\\/dorogimedence.hu\\\/wp-content\\\/uploads\\\/2021\\\/04\\\/logo-feher-600.png\",\"contentUrl\":\"https:\\\/\\\/dorogimedence.hu\\\/wp-content\\\/uploads\\\/2021\\\/04\\\/logo-feher-600.png\",\"width\":600,\"height\":100,\"caption\":\"Dorogi-medence Region\u00e1lis H\u00edrport\u00e1l\"},\"image\":{\"@id\":\"https:\\\/\\\/dorogimedence.hu\\\/#\\\/schema\\\/logo\\\/image\\\/\"},\"sameAs\":[\"https:\\\/\\\/www.facebook.com\\\/dorogimedence\\\/\"]},{\"@type\":\"Person\",\"@id\":\"https:\\\/\\\/dorogimedence.hu\\\/#\\\/schema\\\/person\\\/ce6091eeb7e95ecdc87890d6aa8e0fd4\",\"name\":\"dorogimedence.hu\",\"image\":{\"@type\":\"ImageObject\",\"inLanguage\":\"hu\",\"@id\":\"\\\/\\\/www.gravatar.com\\\/avatar\\\/d8d45f8901aadff40a4af72c0b826f1d?s=96&#038;r=g&#038;d=mm\",\"url\":\"\\\/\\\/www.gravatar.com\\\/avatar\\\/d8d45f8901aadff40a4af72c0b826f1d?s=96&#038;r=g&#038;d=mm\",\"contentUrl\":\"\\\/\\\/www.gravatar.com\\\/avatar\\\/d8d45f8901aadff40a4af72c0b826f1d?s=96&#038;r=g&#038;d=mm\",\"caption\":\"dorogimedence.hu\"}}]}<\/script>\n<!-- \/ Yoast SEO plugin. -->","yoast_head_json":{"title":"Pro Urbe Esztergom kit\u00fcntet\u00e9st kapott dr. K\u00f6rmendy Kinga","robots":{"index":"index","follow":"follow","max-snippet":"max-snippet:-1","max-image-preview":"max-image-preview:large","max-video-preview":"max-video-preview:-1"},"canonical":"https:\/\/dorogimedence.hu\/index.php\/2021\/08\/24\/pro-urbe-esztergom-kituntetest-kapott-dr-kormendy-kinga\/","og_locale":"hu_HU","og_type":"article","og_title":"Pro Urbe Esztergom kit\u00fcntet\u00e9st kapott dr. K\u00f6rmendy Kinga","og_description":"Esztergom v\u00e1ros t\u00f6rt\u00e9net\u00e9nek felkutat\u00e1s\u00e1ban bet\u00f6lt\u00f6tt meghat\u00e1roz\u00f3 szerepe \u00e9s kimagasl\u00f3 kutat\u00e1si tev\u00e9kenys\u00e9g\u00e9nek elismer\u00e9s\u00e9\u00e9rt Pro Urbe Esztergom kit\u00fcntet\u00e9st kapott dr. K\u00f6rmendy Kinga k\u00f6nyvt\u00e1ros, k\u00e9ziratt\u00e1ros, kodikol\u00f3gus augusztus 23-\u00e1n, a Szent Adalbert K\u00f6zpontban. A d\u00edjazottat Szalai Katalin, az Esztergomi F\u0151sz\u00e9kesegyh\u00e1zi K\u00f6nyvt\u00e1r igazgat\u00f3ja m\u00e9ltatta. A laud\u00e1ci\u00f3 sz\u00f6vege az al\u00e1bbiakban olvashat\u00f3: Dr. K\u00f6rmendy Kinga k\u00f6nyvt\u00e1ros, k\u00e9ziratt\u00e1ros, a k\u00f6z\u00e9pkori latin k\u00f3dexek szak\u00e9rt\u0151je","og_url":"https:\/\/dorogimedence.hu\/index.php\/2021\/08\/24\/pro-urbe-esztergom-kituntetest-kapott-dr-kormendy-kinga\/","og_site_name":"Dorogi-medence Region\u00e1lis H\u00edrport\u00e1l","article_publisher":"https:\/\/www.facebook.com\/dorogimedence\/","article_published_time":"2021-08-24T14:22:18+00:00","article_modified_time":"2021-08-24T14:22:28+00:00","og_image":[{"width":1920,"height":1281,"url":"https:\/\/i0.wp.com\/dorogimedence.hu\/wp-content\/uploads\/2021\/08\/pro-urbe-02.jpg?fit=1920%2C1281&ssl=1","type":"image\/jpeg"}],"author":"dorogimedence.hu","twitter_card":"summary_large_image","twitter_misc":{"Szerz\u0151:":"dorogimedence.hu","Becs\u00fclt olvas\u00e1si id\u0151":"4 perc"},"schema":{"@context":"https:\/\/schema.org","@graph":[{"@type":"Article","@id":"https:\/\/dorogimedence.hu\/index.php\/2021\/08\/24\/pro-urbe-esztergom-kituntetest-kapott-dr-kormendy-kinga\/#article","isPartOf":{"@id":"https:\/\/dorogimedence.hu\/index.php\/2021\/08\/24\/pro-urbe-esztergom-kituntetest-kapott-dr-kormendy-kinga\/"},"author":{"name":"dorogimedence.hu","@id":"https:\/\/dorogimedence.hu\/#\/schema\/person\/ce6091eeb7e95ecdc87890d6aa8e0fd4"},"headline":"Pro Urbe Esztergom kit\u00fcntet\u00e9st kapott dr. K\u00f6rmendy Kinga","datePublished":"2021-08-24T14:22:18+00:00","dateModified":"2021-08-24T14:22:28+00:00","mainEntityOfPage":{"@id":"https:\/\/dorogimedence.hu\/index.php\/2021\/08\/24\/pro-urbe-esztergom-kituntetest-kapott-dr-kormendy-kinga\/"},"wordCount":881,"publisher":{"@id":"https:\/\/dorogimedence.hu\/#organization"},"image":{"@id":"https:\/\/dorogimedence.hu\/index.php\/2021\/08\/24\/pro-urbe-esztergom-kituntetest-kapott-dr-kormendy-kinga\/#primaryimage"},"thumbnailUrl":"https:\/\/dorogimedence.hu\/wp-content\/uploads\/2021\/08\/pro-urbe-02.jpg","keywords":["dr. K\u00f6rmendy Kinga","esztergom","Pro Urbe d\u00edj","Pro Urbe Esztergom"],"articleSection":["Esztergom","H\u00edrek"],"inLanguage":"hu"},{"@type":"WebPage","@id":"https:\/\/dorogimedence.hu\/index.php\/2021\/08\/24\/pro-urbe-esztergom-kituntetest-kapott-dr-kormendy-kinga\/","url":"https:\/\/dorogimedence.hu\/index.php\/2021\/08\/24\/pro-urbe-esztergom-kituntetest-kapott-dr-kormendy-kinga\/","name":"Pro Urbe Esztergom kit\u00fcntet\u00e9st kapott dr. K\u00f6rmendy Kinga","isPartOf":{"@id":"https:\/\/dorogimedence.hu\/#website"},"primaryImageOfPage":{"@id":"https:\/\/dorogimedence.hu\/index.php\/2021\/08\/24\/pro-urbe-esztergom-kituntetest-kapott-dr-kormendy-kinga\/#primaryimage"},"image":{"@id":"https:\/\/dorogimedence.hu\/index.php\/2021\/08\/24\/pro-urbe-esztergom-kituntetest-kapott-dr-kormendy-kinga\/#primaryimage"},"thumbnailUrl":"https:\/\/dorogimedence.hu\/wp-content\/uploads\/2021\/08\/pro-urbe-02.jpg","datePublished":"2021-08-24T14:22:18+00:00","dateModified":"2021-08-24T14:22:28+00:00","breadcrumb":{"@id":"https:\/\/dorogimedence.hu\/index.php\/2021\/08\/24\/pro-urbe-esztergom-kituntetest-kapott-dr-kormendy-kinga\/#breadcrumb"},"inLanguage":"hu","potentialAction":[{"@type":"ReadAction","target":["https:\/\/dorogimedence.hu\/index.php\/2021\/08\/24\/pro-urbe-esztergom-kituntetest-kapott-dr-kormendy-kinga\/"]}]},{"@type":"ImageObject","inLanguage":"hu","@id":"https:\/\/dorogimedence.hu\/index.php\/2021\/08\/24\/pro-urbe-esztergom-kituntetest-kapott-dr-kormendy-kinga\/#primaryimage","url":"https:\/\/dorogimedence.hu\/wp-content\/uploads\/2021\/08\/pro-urbe-02.jpg","contentUrl":"https:\/\/dorogimedence.hu\/wp-content\/uploads\/2021\/08\/pro-urbe-02.jpg","width":1920,"height":1281},{"@type":"BreadcrumbList","@id":"https:\/\/dorogimedence.hu\/index.php\/2021\/08\/24\/pro-urbe-esztergom-kituntetest-kapott-dr-kormendy-kinga\/#breadcrumb","itemListElement":[{"@type":"ListItem","position":1,"name":"Kezd\u0151lap","item":"https:\/\/dorogimedence.hu\/"},{"@type":"ListItem","position":2,"name":"Pro Urbe Esztergom kit\u00fcntet\u00e9st kapott dr. K\u00f6rmendy Kinga"}]},{"@type":"WebSite","@id":"https:\/\/dorogimedence.hu\/#website","url":"https:\/\/dorogimedence.hu\/","name":"Dorogi-medence Region\u00e1lis H\u00edrport\u00e1l","description":"Dorog, Keszt\u00f6lc, Le\u00e1nyv\u00e1r, Piliscs\u00e9v, Tokod, Tokodalt\u00e1r\u00f3, Csolnok, Esztergom-kertv\u00e1ros: h\u00edrek, programok","publisher":{"@id":"https:\/\/dorogimedence.hu\/#organization"},"potentialAction":[{"@type":"SearchAction","target":{"@type":"EntryPoint","urlTemplate":"https:\/\/dorogimedence.hu\/?s={search_term_string}"},"query-input":{"@type":"PropertyValueSpecification","valueRequired":true,"valueName":"search_term_string"}}],"inLanguage":"hu"},{"@type":"Organization","@id":"https:\/\/dorogimedence.hu\/#organization","name":"Dorogi-medence Region\u00e1lis H\u00edrport\u00e1l","url":"https:\/\/dorogimedence.hu\/","logo":{"@type":"ImageObject","inLanguage":"hu","@id":"https:\/\/dorogimedence.hu\/#\/schema\/logo\/image\/","url":"https:\/\/dorogimedence.hu\/wp-content\/uploads\/2021\/04\/logo-feher-600.png","contentUrl":"https:\/\/dorogimedence.hu\/wp-content\/uploads\/2021\/04\/logo-feher-600.png","width":600,"height":100,"caption":"Dorogi-medence Region\u00e1lis H\u00edrport\u00e1l"},"image":{"@id":"https:\/\/dorogimedence.hu\/#\/schema\/logo\/image\/"},"sameAs":["https:\/\/www.facebook.com\/dorogimedence\/"]},{"@type":"Person","@id":"https:\/\/dorogimedence.hu\/#\/schema\/person\/ce6091eeb7e95ecdc87890d6aa8e0fd4","name":"dorogimedence.hu","image":{"@type":"ImageObject","inLanguage":"hu","@id":"\/\/www.gravatar.com\/avatar\/d8d45f8901aadff40a4af72c0b826f1d?s=96&#038;r=g&#038;d=mm","url":"\/\/www.gravatar.com\/avatar\/d8d45f8901aadff40a4af72c0b826f1d?s=96&#038;r=g&#038;d=mm","contentUrl":"\/\/www.gravatar.com\/avatar\/d8d45f8901aadff40a4af72c0b826f1d?s=96&#038;r=g&#038;d=mm","caption":"dorogimedence.hu"}}]}},"_links":{"self":[{"href":"https:\/\/dorogimedence.hu\/index.php\/wp-json\/wp\/v2\/posts\/36122","targetHints":{"allow":["GET"]}}],"collection":[{"href":"https:\/\/dorogimedence.hu\/index.php\/wp-json\/wp\/v2\/posts"}],"about":[{"href":"https:\/\/dorogimedence.hu\/index.php\/wp-json\/wp\/v2\/types\/post"}],"author":[{"embeddable":true,"href":"https:\/\/dorogimedence.hu\/index.php\/wp-json\/wp\/v2\/users\/1"}],"replies":[{"embeddable":true,"href":"https:\/\/dorogimedence.hu\/index.php\/wp-json\/wp\/v2\/comments?post=36122"}],"version-history":[{"count":0,"href":"https:\/\/dorogimedence.hu\/index.php\/wp-json\/wp\/v2\/posts\/36122\/revisions"}],"wp:featuredmedia":[{"embeddable":true,"href":"https:\/\/dorogimedence.hu\/index.php\/wp-json\/wp\/v2\/media\/36125"}],"wp:attachment":[{"href":"https:\/\/dorogimedence.hu\/index.php\/wp-json\/wp\/v2\/media?parent=36122"}],"wp:term":[{"taxonomy":"category","embeddable":true,"href":"https:\/\/dorogimedence.hu\/index.php\/wp-json\/wp\/v2\/categories?post=36122"},{"taxonomy":"post_tag","embeddable":true,"href":"https:\/\/dorogimedence.hu\/index.php\/wp-json\/wp\/v2\/tags?post=36122"}],"curies":[{"name":"wp","href":"https:\/\/api.w.org\/{rel}","templated":true}]}}