{"id":36113,"date":"2021-08-24T15:01:15","date_gmt":"2021-08-24T13:01:15","guid":{"rendered":"https:\/\/dorogimedence.hu\/?p=36113"},"modified":"2021-08-24T15:01:28","modified_gmt":"2021-08-24T13:01:28","slug":"megyei-fiatalok-veszik-be-budapest-egyik-legnagyobb-helyszinet","status":"publish","type":"post","link":"https:\/\/dorogimedence.hu\/index.php\/2021\/08\/24\/megyei-fiatalok-veszik-be-budapest-egyik-legnagyobb-helyszinet\/","title":{"rendered":"Megyei fiatalok veszik be Budapest egyik legnagyobb helysz\u00edn\u00e9t"},"content":{"rendered":"<div class=\"item_body\">\n<div class=\"item_introtext\">\n<p><strong>H\u00e9tv\u00e9g\u00e9n mutatkozik be a The Kingslayers a f\u0151v\u00e1rosi Anal\u00f3g Music Hall nagyterm\u00e9ben. A zenekart egy tatab\u00e1nyai \u00e9s egy esztergomi tin\u00e9dzser is er\u0151s\u00edti soraiban.<\/strong><\/p>\n<\/div>\n<div class=\"item_fulltext\">\n<p>2021. augusztus 28-a\u0301n, szombaton egy rendhagyo\u0301 ga\u0301laeste keretein belu\u0308l le\u0301p szi\u0301npadra a The Kingslayers &#8211; Bring Me The Horizon Tribute. A csapat ku\u0308lo\u0308nlegesse\u0301ge, hogy \u2013 a kora\u0301bban az RTL Klub tehetse\u0301gkutato\u0301 mu\u030bsora\u0301bo\u0301l is ismert Ta\u0301borosi Ma\u0301rk e\u0301nekes mellett \u2013 ke\u0301t helyi ko\u0308to\u030bde\u0301su\u030b tine\u0301dzser ke\u0301pzi a forma\u0301cio\u0301 magja\u0301t. Bartal Da\u0301niel (gita\u0301r &#8211; Tataba\u0301nya) mindo\u0308ssze 14, mi\u0301g Steindl A\u0301bel (dobok &#8211; Esztergom) 17 e\u0301vesen le\u0301phet fel az Analo\u0301g Music Hall saja\u0301t szerveze\u0301su\u030b tehetse\u0301gkutato\u0301ja\u0301nak za\u0301ra\u0301sake\u0301nt.<\/p>\n<p><img fetchpriority=\"high\" decoding=\"async\" class=\"alignnone size-large wp-image-36114\" src=\"https:\/\/dorogimedence.hu\/wp-content\/uploads\/2021\/08\/dani-abel-1024x554.jpg\" alt=\"\" width=\"755\" height=\"408\" srcset=\"https:\/\/dorogimedence.hu\/wp-content\/uploads\/2021\/08\/dani-abel-1024x554.jpg 1024w, https:\/\/dorogimedence.hu\/wp-content\/uploads\/2021\/08\/dani-abel-300x162.jpg 300w, https:\/\/dorogimedence.hu\/wp-content\/uploads\/2021\/08\/dani-abel-768x415.jpg 768w, https:\/\/dorogimedence.hu\/wp-content\/uploads\/2021\/08\/dani-abel-150x81.jpg 150w, https:\/\/dorogimedence.hu\/wp-content\/uploads\/2021\/08\/dani-abel-450x243.jpg 450w, https:\/\/dorogimedence.hu\/wp-content\/uploads\/2021\/08\/dani-abel.jpg 1200w\" sizes=\"(max-width: 755px) 100vw, 755px\" \/><\/p>\n<p>Bartal neve sok tataba\u0301nyai sza\u0301ma\u0301ra ismero\u030bsen csenghet, hiszen megannyi zenekarral a\u0301llt ma\u0301r ki a Roxy klub rivalda\u0301ja\u0301ba. Steindl A\u0301belt eddig Esztergombo\u0301l fo\u030bleg video\u0301s munka\u0301iro\u0301l lehetett ismerni \u2013 to\u0308bbek ko\u0308zo\u0308tt a Fesztiva\u0301lsziget kiva\u0301lo\u0301 aftermovie-jairo\u0301l\u2013 de most o\u030b is dobvero\u030bket fog tartani a keze\u0301ben a kamera helyett. A The Kingslayers az elso\u030b kelet-euro\u0301pai alapi\u0301ta\u0301su\u0301 BMTH-tribute. A koncert az Analo\u0301g Musicnak ko\u0308szo\u0308nheto\u030ben ingyenesen la\u0301togathato\u0301 &#8211; a hato\u0301sa\u0301gi szaba\u0301lyok betarta\u0301sa mellett.<\/p>\n<\/div>\n<\/div>\n","protected":false},"excerpt":{"rendered":"<p>H\u00e9tv\u00e9g\u00e9n mutatkozik be a The Kingslayers a f\u0151v\u00e1rosi Anal\u00f3g Music Hall nagyterm\u00e9ben. A zenekart egy tatab\u00e1nyai \u00e9s egy esztergomi tin\u00e9dzser is er\u0151s\u00edti soraiban. 2021. augusztus 28-a\u0301n, szombaton egy rendhagyo\u0301 ga\u0301laeste keretein belu\u0308l le\u0301p szi\u0301npadra a The Kingslayers &#8211; Bring Me The Horizon Tribute. A csapat ku\u0308lo\u0308nlegesse\u0301ge, hogy \u2013 a kora\u0301bban az RTL Klub tehetse\u0301gkutato\u0301 mu\u030bsora\u0301bo\u0301l<\/p>\n","protected":false},"author":1,"featured_media":36115,"comment_status":"closed","ping_status":"closed","sticky":false,"template":"","format":"standard","meta":{"ngg_post_thumbnail":0,"footnotes":""},"categories":[38,3,56],"tags":[42,3799,107],"class_list":{"0":"post-36113","1":"post","2":"type-post","3":"status-publish","4":"format-standard","5":"has-post-thumbnail","7":"category-esztergom","8":"category-hirek","9":"category-komarom-esztergom","10":"tag-esztergom","11":"tag-komarom-esztergom-megye","12":"tag-zene"},"yoast_head":"<!-- This site is optimized with the Yoast SEO plugin v27.5 - https:\/\/yoast.com\/product\/yoast-seo-wordpress\/ -->\n<title>Megyei fiatalok veszik be Budapest egyik legnagyobb helysz\u00edn\u00e9t<\/title>\n<meta name=\"robots\" content=\"index, follow, max-snippet:-1, max-image-preview:large, max-video-preview:-1\" \/>\n<link rel=\"canonical\" href=\"https:\/\/dorogimedence.hu\/index.php\/2021\/08\/24\/megyei-fiatalok-veszik-be-budapest-egyik-legnagyobb-helyszinet\/\" class=\"yoast-seo-meta-tag\" \/>\n<meta property=\"og:locale\" content=\"hu_HU\" class=\"yoast-seo-meta-tag\" \/>\n<meta property=\"og:type\" content=\"article\" class=\"yoast-seo-meta-tag\" \/>\n<meta property=\"og:title\" content=\"Megyei fiatalok veszik be Budapest egyik legnagyobb helysz\u00edn\u00e9t\" class=\"yoast-seo-meta-tag\" \/>\n<meta property=\"og:description\" content=\"H\u00e9tv\u00e9g\u00e9n mutatkozik be a The Kingslayers a f\u0151v\u00e1rosi Anal\u00f3g Music Hall nagyterm\u00e9ben. A zenekart egy tatab\u00e1nyai \u00e9s egy esztergomi tin\u00e9dzser is er\u0151s\u00edti soraiban. 2021. augusztus 28-a\u0301n, szombaton egy rendhagyo\u0301 ga\u0301laeste keretein belu\u0308l le\u0301p szi\u0301npadra a The Kingslayers &#8211; Bring Me The Horizon Tribute. A csapat ku\u0308lo\u0308nlegesse\u0301ge, hogy \u2013 a kora\u0301bban az RTL Klub tehetse\u0301gkutato\u0301 mu\u030bsora\u0301bo\u0301l\" class=\"yoast-seo-meta-tag\" \/>\n<meta property=\"og:url\" content=\"https:\/\/dorogimedence.hu\/index.php\/2021\/08\/24\/megyei-fiatalok-veszik-be-budapest-egyik-legnagyobb-helyszinet\/\" class=\"yoast-seo-meta-tag\" \/>\n<meta property=\"og:site_name\" content=\"Dorogi-medence Region\u00e1lis H\u00edrport\u00e1l\" class=\"yoast-seo-meta-tag\" \/>\n<meta property=\"article:publisher\" content=\"https:\/\/www.facebook.com\/dorogimedence\/\" class=\"yoast-seo-meta-tag\" \/>\n<meta property=\"article:published_time\" content=\"2021-08-24T13:01:15+00:00\" class=\"yoast-seo-meta-tag\" \/>\n<meta property=\"article:modified_time\" content=\"2021-08-24T13:01:28+00:00\" class=\"yoast-seo-meta-tag\" \/>\n<meta property=\"og:image\" content=\"https:\/\/i0.wp.com\/dorogimedence.hu\/wp-content\/uploads\/2021\/08\/dani-abel-02.jpg?fit=1200%2C624&ssl=1\" class=\"yoast-seo-meta-tag\" \/>\n\t<meta property=\"og:image:width\" content=\"1200\" class=\"yoast-seo-meta-tag\" \/>\n\t<meta property=\"og:image:height\" content=\"624\" class=\"yoast-seo-meta-tag\" \/>\n\t<meta property=\"og:image:type\" content=\"image\/jpeg\" class=\"yoast-seo-meta-tag\" \/>\n<meta name=\"author\" content=\"dorogimedence.hu\" class=\"yoast-seo-meta-tag\" \/>\n<meta name=\"twitter:card\" content=\"summary_large_image\" class=\"yoast-seo-meta-tag\" \/>\n<meta name=\"twitter:label1\" content=\"Szerz\u0151:\" class=\"yoast-seo-meta-tag\" \/>\n\t<meta name=\"twitter:data1\" content=\"dorogimedence.hu\" class=\"yoast-seo-meta-tag\" \/>\n\t<meta name=\"twitter:label2\" content=\"Becs\u00fclt olvas\u00e1si id\u0151\" class=\"yoast-seo-meta-tag\" \/>\n\t<meta name=\"twitter:data2\" content=\"1 perc\" class=\"yoast-seo-meta-tag\" \/>\n<script type=\"application\/ld+json\" class=\"yoast-schema-graph\">{\"@context\":\"https:\\\/\\\/schema.org\",\"@graph\":[{\"@type\":\"Article\",\"@id\":\"https:\\\/\\\/dorogimedence.hu\\\/index.php\\\/2021\\\/08\\\/24\\\/megyei-fiatalok-veszik-be-budapest-egyik-legnagyobb-helyszinet\\\/#article\",\"isPartOf\":{\"@id\":\"https:\\\/\\\/dorogimedence.hu\\\/index.php\\\/2021\\\/08\\\/24\\\/megyei-fiatalok-veszik-be-budapest-egyik-legnagyobb-helyszinet\\\/\"},\"author\":{\"name\":\"dorogimedence.hu\",\"@id\":\"https:\\\/\\\/dorogimedence.hu\\\/#\\\/schema\\\/person\\\/ce6091eeb7e95ecdc87890d6aa8e0fd4\"},\"headline\":\"Megyei fiatalok veszik be Budapest egyik legnagyobb helysz\u00edn\u00e9t\",\"datePublished\":\"2021-08-24T13:01:15+00:00\",\"dateModified\":\"2021-08-24T13:01:28+00:00\",\"mainEntityOfPage\":{\"@id\":\"https:\\\/\\\/dorogimedence.hu\\\/index.php\\\/2021\\\/08\\\/24\\\/megyei-fiatalok-veszik-be-budapest-egyik-legnagyobb-helyszinet\\\/\"},\"wordCount\":252,\"publisher\":{\"@id\":\"https:\\\/\\\/dorogimedence.hu\\\/#organization\"},\"image\":{\"@id\":\"https:\\\/\\\/dorogimedence.hu\\\/index.php\\\/2021\\\/08\\\/24\\\/megyei-fiatalok-veszik-be-budapest-egyik-legnagyobb-helyszinet\\\/#primaryimage\"},\"thumbnailUrl\":\"https:\\\/\\\/dorogimedence.hu\\\/wp-content\\\/uploads\\\/2021\\\/08\\\/dani-abel-02.jpg\",\"keywords\":[\"esztergom\",\"Kom\u00e1rom-Esztergom megye\",\"zene\"],\"articleSection\":[\"Esztergom\",\"H\u00edrek\",\"Kom\u00e1rom-Esztergom\"],\"inLanguage\":\"hu\"},{\"@type\":\"WebPage\",\"@id\":\"https:\\\/\\\/dorogimedence.hu\\\/index.php\\\/2021\\\/08\\\/24\\\/megyei-fiatalok-veszik-be-budapest-egyik-legnagyobb-helyszinet\\\/\",\"url\":\"https:\\\/\\\/dorogimedence.hu\\\/index.php\\\/2021\\\/08\\\/24\\\/megyei-fiatalok-veszik-be-budapest-egyik-legnagyobb-helyszinet\\\/\",\"name\":\"Megyei fiatalok veszik be Budapest egyik legnagyobb helysz\u00edn\u00e9t\",\"isPartOf\":{\"@id\":\"https:\\\/\\\/dorogimedence.hu\\\/#website\"},\"primaryImageOfPage\":{\"@id\":\"https:\\\/\\\/dorogimedence.hu\\\/index.php\\\/2021\\\/08\\\/24\\\/megyei-fiatalok-veszik-be-budapest-egyik-legnagyobb-helyszinet\\\/#primaryimage\"},\"image\":{\"@id\":\"https:\\\/\\\/dorogimedence.hu\\\/index.php\\\/2021\\\/08\\\/24\\\/megyei-fiatalok-veszik-be-budapest-egyik-legnagyobb-helyszinet\\\/#primaryimage\"},\"thumbnailUrl\":\"https:\\\/\\\/dorogimedence.hu\\\/wp-content\\\/uploads\\\/2021\\\/08\\\/dani-abel-02.jpg\",\"datePublished\":\"2021-08-24T13:01:15+00:00\",\"dateModified\":\"2021-08-24T13:01:28+00:00\",\"breadcrumb\":{\"@id\":\"https:\\\/\\\/dorogimedence.hu\\\/index.php\\\/2021\\\/08\\\/24\\\/megyei-fiatalok-veszik-be-budapest-egyik-legnagyobb-helyszinet\\\/#breadcrumb\"},\"inLanguage\":\"hu\",\"potentialAction\":[{\"@type\":\"ReadAction\",\"target\":[\"https:\\\/\\\/dorogimedence.hu\\\/index.php\\\/2021\\\/08\\\/24\\\/megyei-fiatalok-veszik-be-budapest-egyik-legnagyobb-helyszinet\\\/\"]}]},{\"@type\":\"ImageObject\",\"inLanguage\":\"hu\",\"@id\":\"https:\\\/\\\/dorogimedence.hu\\\/index.php\\\/2021\\\/08\\\/24\\\/megyei-fiatalok-veszik-be-budapest-egyik-legnagyobb-helyszinet\\\/#primaryimage\",\"url\":\"https:\\\/\\\/dorogimedence.hu\\\/wp-content\\\/uploads\\\/2021\\\/08\\\/dani-abel-02.jpg\",\"contentUrl\":\"https:\\\/\\\/dorogimedence.hu\\\/wp-content\\\/uploads\\\/2021\\\/08\\\/dani-abel-02.jpg\",\"width\":1200,\"height\":624},{\"@type\":\"BreadcrumbList\",\"@id\":\"https:\\\/\\\/dorogimedence.hu\\\/index.php\\\/2021\\\/08\\\/24\\\/megyei-fiatalok-veszik-be-budapest-egyik-legnagyobb-helyszinet\\\/#breadcrumb\",\"itemListElement\":[{\"@type\":\"ListItem\",\"position\":1,\"name\":\"Kezd\u0151lap\",\"item\":\"https:\\\/\\\/dorogimedence.hu\\\/\"},{\"@type\":\"ListItem\",\"position\":2,\"name\":\"Megyei fiatalok veszik be Budapest egyik legnagyobb helysz\u00edn\u00e9t\"}]},{\"@type\":\"WebSite\",\"@id\":\"https:\\\/\\\/dorogimedence.hu\\\/#website\",\"url\":\"https:\\\/\\\/dorogimedence.hu\\\/\",\"name\":\"Dorogi-medence Region\u00e1lis H\u00edrport\u00e1l\",\"description\":\"Dorog, Keszt\u00f6lc, Le\u00e1nyv\u00e1r, Piliscs\u00e9v, Tokod, Tokodalt\u00e1r\u00f3, Csolnok, Esztergom-kertv\u00e1ros: h\u00edrek, programok\",\"publisher\":{\"@id\":\"https:\\\/\\\/dorogimedence.hu\\\/#organization\"},\"potentialAction\":[{\"@type\":\"SearchAction\",\"target\":{\"@type\":\"EntryPoint\",\"urlTemplate\":\"https:\\\/\\\/dorogimedence.hu\\\/?s={search_term_string}\"},\"query-input\":{\"@type\":\"PropertyValueSpecification\",\"valueRequired\":true,\"valueName\":\"search_term_string\"}}],\"inLanguage\":\"hu\"},{\"@type\":\"Organization\",\"@id\":\"https:\\\/\\\/dorogimedence.hu\\\/#organization\",\"name\":\"Dorogi-medence Region\u00e1lis H\u00edrport\u00e1l\",\"url\":\"https:\\\/\\\/dorogimedence.hu\\\/\",\"logo\":{\"@type\":\"ImageObject\",\"inLanguage\":\"hu\",\"@id\":\"https:\\\/\\\/dorogimedence.hu\\\/#\\\/schema\\\/logo\\\/image\\\/\",\"url\":\"https:\\\/\\\/dorogimedence.hu\\\/wp-content\\\/uploads\\\/2021\\\/04\\\/logo-feher-600.png\",\"contentUrl\":\"https:\\\/\\\/dorogimedence.hu\\\/wp-content\\\/uploads\\\/2021\\\/04\\\/logo-feher-600.png\",\"width\":600,\"height\":100,\"caption\":\"Dorogi-medence Region\u00e1lis H\u00edrport\u00e1l\"},\"image\":{\"@id\":\"https:\\\/\\\/dorogimedence.hu\\\/#\\\/schema\\\/logo\\\/image\\\/\"},\"sameAs\":[\"https:\\\/\\\/www.facebook.com\\\/dorogimedence\\\/\"]},{\"@type\":\"Person\",\"@id\":\"https:\\\/\\\/dorogimedence.hu\\\/#\\\/schema\\\/person\\\/ce6091eeb7e95ecdc87890d6aa8e0fd4\",\"name\":\"dorogimedence.hu\",\"image\":{\"@type\":\"ImageObject\",\"inLanguage\":\"hu\",\"@id\":\"\\\/\\\/www.gravatar.com\\\/avatar\\\/d8d45f8901aadff40a4af72c0b826f1d?s=96&#038;r=g&#038;d=mm\",\"url\":\"\\\/\\\/www.gravatar.com\\\/avatar\\\/d8d45f8901aadff40a4af72c0b826f1d?s=96&#038;r=g&#038;d=mm\",\"contentUrl\":\"\\\/\\\/www.gravatar.com\\\/avatar\\\/d8d45f8901aadff40a4af72c0b826f1d?s=96&#038;r=g&#038;d=mm\",\"caption\":\"dorogimedence.hu\"}}]}<\/script>\n<!-- \/ Yoast SEO plugin. -->","yoast_head_json":{"title":"Megyei fiatalok veszik be Budapest egyik legnagyobb helysz\u00edn\u00e9t","robots":{"index":"index","follow":"follow","max-snippet":"max-snippet:-1","max-image-preview":"max-image-preview:large","max-video-preview":"max-video-preview:-1"},"canonical":"https:\/\/dorogimedence.hu\/index.php\/2021\/08\/24\/megyei-fiatalok-veszik-be-budapest-egyik-legnagyobb-helyszinet\/","og_locale":"hu_HU","og_type":"article","og_title":"Megyei fiatalok veszik be Budapest egyik legnagyobb helysz\u00edn\u00e9t","og_description":"H\u00e9tv\u00e9g\u00e9n mutatkozik be a The Kingslayers a f\u0151v\u00e1rosi Anal\u00f3g Music Hall nagyterm\u00e9ben. A zenekart egy tatab\u00e1nyai \u00e9s egy esztergomi tin\u00e9dzser is er\u0151s\u00edti soraiban. 2021. augusztus 28-a\u0301n, szombaton egy rendhagyo\u0301 ga\u0301laeste keretein belu\u0308l le\u0301p szi\u0301npadra a The Kingslayers &#8211; Bring Me The Horizon Tribute. A csapat ku\u0308lo\u0308nlegesse\u0301ge, hogy \u2013 a kora\u0301bban az RTL Klub tehetse\u0301gkutato\u0301 mu\u030bsora\u0301bo\u0301l","og_url":"https:\/\/dorogimedence.hu\/index.php\/2021\/08\/24\/megyei-fiatalok-veszik-be-budapest-egyik-legnagyobb-helyszinet\/","og_site_name":"Dorogi-medence Region\u00e1lis H\u00edrport\u00e1l","article_publisher":"https:\/\/www.facebook.com\/dorogimedence\/","article_published_time":"2021-08-24T13:01:15+00:00","article_modified_time":"2021-08-24T13:01:28+00:00","og_image":[{"width":1200,"height":624,"url":"https:\/\/i0.wp.com\/dorogimedence.hu\/wp-content\/uploads\/2021\/08\/dani-abel-02.jpg?fit=1200%2C624&ssl=1","type":"image\/jpeg"}],"author":"dorogimedence.hu","twitter_card":"summary_large_image","twitter_misc":{"Szerz\u0151:":"dorogimedence.hu","Becs\u00fclt olvas\u00e1si id\u0151":"1 perc"},"schema":{"@context":"https:\/\/schema.org","@graph":[{"@type":"Article","@id":"https:\/\/dorogimedence.hu\/index.php\/2021\/08\/24\/megyei-fiatalok-veszik-be-budapest-egyik-legnagyobb-helyszinet\/#article","isPartOf":{"@id":"https:\/\/dorogimedence.hu\/index.php\/2021\/08\/24\/megyei-fiatalok-veszik-be-budapest-egyik-legnagyobb-helyszinet\/"},"author":{"name":"dorogimedence.hu","@id":"https:\/\/dorogimedence.hu\/#\/schema\/person\/ce6091eeb7e95ecdc87890d6aa8e0fd4"},"headline":"Megyei fiatalok veszik be Budapest egyik legnagyobb helysz\u00edn\u00e9t","datePublished":"2021-08-24T13:01:15+00:00","dateModified":"2021-08-24T13:01:28+00:00","mainEntityOfPage":{"@id":"https:\/\/dorogimedence.hu\/index.php\/2021\/08\/24\/megyei-fiatalok-veszik-be-budapest-egyik-legnagyobb-helyszinet\/"},"wordCount":252,"publisher":{"@id":"https:\/\/dorogimedence.hu\/#organization"},"image":{"@id":"https:\/\/dorogimedence.hu\/index.php\/2021\/08\/24\/megyei-fiatalok-veszik-be-budapest-egyik-legnagyobb-helyszinet\/#primaryimage"},"thumbnailUrl":"https:\/\/dorogimedence.hu\/wp-content\/uploads\/2021\/08\/dani-abel-02.jpg","keywords":["esztergom","Kom\u00e1rom-Esztergom megye","zene"],"articleSection":["Esztergom","H\u00edrek","Kom\u00e1rom-Esztergom"],"inLanguage":"hu"},{"@type":"WebPage","@id":"https:\/\/dorogimedence.hu\/index.php\/2021\/08\/24\/megyei-fiatalok-veszik-be-budapest-egyik-legnagyobb-helyszinet\/","url":"https:\/\/dorogimedence.hu\/index.php\/2021\/08\/24\/megyei-fiatalok-veszik-be-budapest-egyik-legnagyobb-helyszinet\/","name":"Megyei fiatalok veszik be Budapest egyik legnagyobb helysz\u00edn\u00e9t","isPartOf":{"@id":"https:\/\/dorogimedence.hu\/#website"},"primaryImageOfPage":{"@id":"https:\/\/dorogimedence.hu\/index.php\/2021\/08\/24\/megyei-fiatalok-veszik-be-budapest-egyik-legnagyobb-helyszinet\/#primaryimage"},"image":{"@id":"https:\/\/dorogimedence.hu\/index.php\/2021\/08\/24\/megyei-fiatalok-veszik-be-budapest-egyik-legnagyobb-helyszinet\/#primaryimage"},"thumbnailUrl":"https:\/\/dorogimedence.hu\/wp-content\/uploads\/2021\/08\/dani-abel-02.jpg","datePublished":"2021-08-24T13:01:15+00:00","dateModified":"2021-08-24T13:01:28+00:00","breadcrumb":{"@id":"https:\/\/dorogimedence.hu\/index.php\/2021\/08\/24\/megyei-fiatalok-veszik-be-budapest-egyik-legnagyobb-helyszinet\/#breadcrumb"},"inLanguage":"hu","potentialAction":[{"@type":"ReadAction","target":["https:\/\/dorogimedence.hu\/index.php\/2021\/08\/24\/megyei-fiatalok-veszik-be-budapest-egyik-legnagyobb-helyszinet\/"]}]},{"@type":"ImageObject","inLanguage":"hu","@id":"https:\/\/dorogimedence.hu\/index.php\/2021\/08\/24\/megyei-fiatalok-veszik-be-budapest-egyik-legnagyobb-helyszinet\/#primaryimage","url":"https:\/\/dorogimedence.hu\/wp-content\/uploads\/2021\/08\/dani-abel-02.jpg","contentUrl":"https:\/\/dorogimedence.hu\/wp-content\/uploads\/2021\/08\/dani-abel-02.jpg","width":1200,"height":624},{"@type":"BreadcrumbList","@id":"https:\/\/dorogimedence.hu\/index.php\/2021\/08\/24\/megyei-fiatalok-veszik-be-budapest-egyik-legnagyobb-helyszinet\/#breadcrumb","itemListElement":[{"@type":"ListItem","position":1,"name":"Kezd\u0151lap","item":"https:\/\/dorogimedence.hu\/"},{"@type":"ListItem","position":2,"name":"Megyei fiatalok veszik be Budapest egyik legnagyobb helysz\u00edn\u00e9t"}]},{"@type":"WebSite","@id":"https:\/\/dorogimedence.hu\/#website","url":"https:\/\/dorogimedence.hu\/","name":"Dorogi-medence Region\u00e1lis H\u00edrport\u00e1l","description":"Dorog, Keszt\u00f6lc, Le\u00e1nyv\u00e1r, Piliscs\u00e9v, Tokod, Tokodalt\u00e1r\u00f3, Csolnok, Esztergom-kertv\u00e1ros: h\u00edrek, programok","publisher":{"@id":"https:\/\/dorogimedence.hu\/#organization"},"potentialAction":[{"@type":"SearchAction","target":{"@type":"EntryPoint","urlTemplate":"https:\/\/dorogimedence.hu\/?s={search_term_string}"},"query-input":{"@type":"PropertyValueSpecification","valueRequired":true,"valueName":"search_term_string"}}],"inLanguage":"hu"},{"@type":"Organization","@id":"https:\/\/dorogimedence.hu\/#organization","name":"Dorogi-medence Region\u00e1lis H\u00edrport\u00e1l","url":"https:\/\/dorogimedence.hu\/","logo":{"@type":"ImageObject","inLanguage":"hu","@id":"https:\/\/dorogimedence.hu\/#\/schema\/logo\/image\/","url":"https:\/\/dorogimedence.hu\/wp-content\/uploads\/2021\/04\/logo-feher-600.png","contentUrl":"https:\/\/dorogimedence.hu\/wp-content\/uploads\/2021\/04\/logo-feher-600.png","width":600,"height":100,"caption":"Dorogi-medence Region\u00e1lis H\u00edrport\u00e1l"},"image":{"@id":"https:\/\/dorogimedence.hu\/#\/schema\/logo\/image\/"},"sameAs":["https:\/\/www.facebook.com\/dorogimedence\/"]},{"@type":"Person","@id":"https:\/\/dorogimedence.hu\/#\/schema\/person\/ce6091eeb7e95ecdc87890d6aa8e0fd4","name":"dorogimedence.hu","image":{"@type":"ImageObject","inLanguage":"hu","@id":"\/\/www.gravatar.com\/avatar\/d8d45f8901aadff40a4af72c0b826f1d?s=96&#038;r=g&#038;d=mm","url":"\/\/www.gravatar.com\/avatar\/d8d45f8901aadff40a4af72c0b826f1d?s=96&#038;r=g&#038;d=mm","contentUrl":"\/\/www.gravatar.com\/avatar\/d8d45f8901aadff40a4af72c0b826f1d?s=96&#038;r=g&#038;d=mm","caption":"dorogimedence.hu"}}]}},"_links":{"self":[{"href":"https:\/\/dorogimedence.hu\/index.php\/wp-json\/wp\/v2\/posts\/36113","targetHints":{"allow":["GET"]}}],"collection":[{"href":"https:\/\/dorogimedence.hu\/index.php\/wp-json\/wp\/v2\/posts"}],"about":[{"href":"https:\/\/dorogimedence.hu\/index.php\/wp-json\/wp\/v2\/types\/post"}],"author":[{"embeddable":true,"href":"https:\/\/dorogimedence.hu\/index.php\/wp-json\/wp\/v2\/users\/1"}],"replies":[{"embeddable":true,"href":"https:\/\/dorogimedence.hu\/index.php\/wp-json\/wp\/v2\/comments?post=36113"}],"version-history":[{"count":0,"href":"https:\/\/dorogimedence.hu\/index.php\/wp-json\/wp\/v2\/posts\/36113\/revisions"}],"wp:featuredmedia":[{"embeddable":true,"href":"https:\/\/dorogimedence.hu\/index.php\/wp-json\/wp\/v2\/media\/36115"}],"wp:attachment":[{"href":"https:\/\/dorogimedence.hu\/index.php\/wp-json\/wp\/v2\/media?parent=36113"}],"wp:term":[{"taxonomy":"category","embeddable":true,"href":"https:\/\/dorogimedence.hu\/index.php\/wp-json\/wp\/v2\/categories?post=36113"},{"taxonomy":"post_tag","embeddable":true,"href":"https:\/\/dorogimedence.hu\/index.php\/wp-json\/wp\/v2\/tags?post=36113"}],"curies":[{"name":"wp","href":"https:\/\/api.w.org\/{rel}","templated":true}]}}