{"id":36105,"date":"2021-08-24T07:15:37","date_gmt":"2021-08-24T05:15:37","guid":{"rendered":"https:\/\/dorogimedence.hu\/?p=36105"},"modified":"2021-08-24T07:17:32","modified_gmt":"2021-08-24T05:17:32","slug":"erdemkeresztet-kapott-sarisap-polgarmestere","status":"publish","type":"post","link":"https:\/\/dorogimedence.hu\/index.php\/2021\/08\/24\/erdemkeresztet-kapott-sarisap-polgarmestere\/","title":{"rendered":"\u00c9rdemkeresztet kapott S\u00e1ris\u00e1p polg\u00e1rmestere"},"content":{"rendered":"<p><strong>S\u00e1ris\u00e1p fejleszt\u00e9s\u00e9t, valamint a helyi \u00e9rt\u00e9kek, hagyom\u00e1nyok meg\u0151rz\u00e9s\u00e9t szolg\u00e1l\u00f3 telep\u00fcl\u00e9svezet\u0151i munk\u00e1ja elismer\u00e9sek\u00e9nt Koll\u00e1r K\u00e1roly polg\u00e1rmesternek a Magyar Arany \u00c9rdemkereszt (polg\u00e1ri tagozat) kit\u00fcntet\u00e9st adom\u00e1nyozta \u00c1der J\u00e1nos k\u00f6zt\u00e1rsas\u00e1gi eln\u00f6k.<\/strong><\/p>\n<p>Hab\u00e1r a kit\u00fcntet\u00e9st m\u00e1rcius 15-e alkalm\u00e1b\u00f3l \u00edt\u00e9lt\u00e9k oda a polg\u00e1rmesternek, a koronav\u00edrus-j\u00e1rv\u00e1ny miatt augusztus 20-\u00e1n, az \u00e1llamalap\u00edt\u00e1s \u00fcnnep\u00e9hez kapcsol\u00f3d\u00f3an adta \u00e1t \u00c1der J\u00e1nos nev\u00e9ben, V\u00f6lner P\u00e1l, a t\u00e9rs\u00e9g orsz\u00e1ggy\u0171l\u00e9si k\u00e9pvisel\u0151je a s\u00e1ris\u00e1pi Szent Istv\u00e1n-napi program keret\u00e9ben.<\/p>\n<p>Koll\u00e1r K\u00e1roly 1994 \u00f3ta a k\u00e9pvisel\u0151-test\u00fclet tagjak\u00e9nt, majd 2006-t\u00f3l a telep\u00fcl\u00e9s \u00e9l\u00e9n, polg\u00e1rmesterk\u00e9nt is maxim\u00e1lis lojalit\u00e1ssal szolg\u00e1lja sz\u00fcl\u0151faluja, S\u00e1ris\u00e1p \u00e9let\u00e9t. Telep\u00fcl\u00e9sfejleszt\u0151 munk\u00e1j\u00e1nak k\u00f6sz\u00f6nhet\u0151en S\u00e1ris\u00e1p ma a t\u00e9rs\u00e9g \u00e9s Kom\u00e1rom-Esztergom megye innov\u00e1ci\u00f3kra nyitott, folyamatosan gyarapod\u00f3 k\u00f6z\u00f6ss\u00e9ge. Az elm\u00falt tizenh\u00e1rom esztend\u0151ben kiemelt figyelmet ford\u00edtott a helyi \u00e9rt\u00e9kek meg\u0151rz\u00e9s\u00e9re, a kult\u00fara t\u00e1mogat\u00e1s\u00e1ra. A telep\u00fcl\u00e9s fejl\u0151d\u00e9s\u00e9nek az el\u0151d\u00f6k \u00e9s a feln\u00f6vekv\u0151 gener\u00e1ci\u00f3k sz\u00e1m\u00e1ra is p\u00e9lda\u00e9rt\u00e9k\u0171, b\u00fcszk\u00e9n v\u00e1llalhat\u00f3 m\u00e9rf\u00f6ldk\u00f6veit tette le.<\/p>\n<p>\u201eKoll\u00e1r K\u00e1roly kiv\u00e1l\u00f3 polg\u00e1rmester, rengeteget dolgozik a telep\u00fcl\u00e9s\u00e9rt. A korm\u00e1nynak kiemelten fontosak a kisebb telep\u00fcl\u00e9sek, ez\u00e9rt sok p\u00e1ly\u00e1zatot \u00edrtunk ki az elm\u00falt \u00e9vtizedben a falak sz\u00e1m\u00e1ra. S\u00e1ris\u00e1p nagyon eredm\u00e9nyes ezeken. A Magyar Falu Program keret\u00e9ben p\u00e9ld\u00e1ul k\u00e9tszer is sikerrel p\u00e1ly\u00e1ztak orvosi eszk\u00f6z\u00f6k beszerz\u00e9s\u00e9re, de \u00f6nkorm\u00e1nyzati \u00fat fejleszt\u00e9s\u00e9re is nyertek t\u00e1mogat\u00e1st. M\u00e1s forr\u00e1sb\u00f3l pedig az iskola energetikai korszer\u0171s\u00edt\u00e9s\u00e9re is kaptak p\u00e9nzt\u201d \u2013 fejtette ki V\u00f6lner P\u00e1l. A k\u00e9pvisel\u0151 hozz\u00e1tette: a korm\u00e1nyzat ny\u00fajtotta lehet\u0151s\u00e9gek kiakn\u00e1z\u00e1sa nagy jelent\u0151s\u00e9ggel b\u00edr, de Koll\u00e1r K\u00e1roly nem csak emiatt j\u00f3 polg\u00e1rmester. \u201eS\u00e1ris\u00e1p egy igaz\u00e1n j\u00f3 k\u00f6z\u00f6ss\u00e9g is, \u00e9s ebben a polg\u00e1rmester \u00farnak is nagy szerepe van\u201d \u2013 mondta.<\/p>\n<p><em>A R\u00e9gi\u00f3 TV Esztergom felv\u00e9tele a s\u00e1ris\u00e1pi esem\u00e9nyr\u0151l:<\/em><\/p>\n<p><iframe title=\"Komment\u00e1r N\u00e9lk\u00fcl - 2021.08.23. - Kit\u00fcntet\u00e9seket adtak \u00e1t S\u00e1ris\u00e1pon\" width=\"755\" height=\"425\" src=\"https:\/\/www.youtube.com\/embed\/DlgAhFh6wHY?feature=oembed\" frameborder=\"0\" allow=\"accelerometer; autoplay; clipboard-write; encrypted-media; gyroscope; picture-in-picture; web-share\" referrerpolicy=\"strict-origin-when-cross-origin\" allowfullscreen><\/iframe><\/p>\n<p><em>Bor\u00edt\u00f3k\u00e9p: V\u00f6lner P\u00e1l Facebook oldala<\/em><\/p>\n","protected":false},"excerpt":{"rendered":"<p>S\u00e1ris\u00e1p fejleszt\u00e9s\u00e9t, valamint a helyi \u00e9rt\u00e9kek, hagyom\u00e1nyok meg\u0151rz\u00e9s\u00e9t szolg\u00e1l\u00f3 telep\u00fcl\u00e9svezet\u0151i munk\u00e1ja elismer\u00e9sek\u00e9nt Koll\u00e1r K\u00e1roly polg\u00e1rmesternek a Magyar Arany \u00c9rdemkereszt (polg\u00e1ri tagozat) kit\u00fcntet\u00e9st adom\u00e1nyozta \u00c1der J\u00e1nos k\u00f6zt\u00e1rsas\u00e1gi eln\u00f6k. Hab\u00e1r a kit\u00fcntet\u00e9st m\u00e1rcius 15-e alkalm\u00e1b\u00f3l \u00edt\u00e9lt\u00e9k oda a polg\u00e1rmesternek, a koronav\u00edrus-j\u00e1rv\u00e1ny miatt augusztus 20-\u00e1n, az \u00e1llamalap\u00edt\u00e1s \u00fcnnep\u00e9hez kapcsol\u00f3d\u00f3an adta \u00e1t \u00c1der J\u00e1nos nev\u00e9ben, V\u00f6lner P\u00e1l, a t\u00e9rs\u00e9g<\/p>\n","protected":false},"author":1,"featured_media":36106,"comment_status":"closed","ping_status":"closed","sticky":false,"template":"","format":"standard","meta":{"ngg_post_thumbnail":0,"footnotes":""},"categories":[3],"tags":[5624,519,423],"class_list":{"0":"post-36105","1":"post","2":"type-post","3":"status-publish","4":"format-standard","5":"has-post-thumbnail","7":"category-hirek","8":"tag-featured","9":"tag-kituntetes","10":"tag-sarisap"},"yoast_head":"<!-- This site is optimized with the Yoast SEO plugin v27.5 - https:\/\/yoast.com\/product\/yoast-seo-wordpress\/ -->\n<title>\u00c9rdemkeresztet kapott S\u00e1ris\u00e1p polg\u00e1rmestere<\/title>\n<meta name=\"robots\" content=\"index, follow, max-snippet:-1, max-image-preview:large, max-video-preview:-1\" \/>\n<link rel=\"canonical\" href=\"https:\/\/dorogimedence.hu\/index.php\/2021\/08\/24\/erdemkeresztet-kapott-sarisap-polgarmestere\/\" class=\"yoast-seo-meta-tag\" \/>\n<meta property=\"og:locale\" content=\"hu_HU\" class=\"yoast-seo-meta-tag\" \/>\n<meta property=\"og:type\" content=\"article\" class=\"yoast-seo-meta-tag\" \/>\n<meta property=\"og:title\" content=\"\u00c9rdemkeresztet kapott S\u00e1ris\u00e1p polg\u00e1rmestere\" class=\"yoast-seo-meta-tag\" \/>\n<meta property=\"og:description\" content=\"S\u00e1ris\u00e1p fejleszt\u00e9s\u00e9t, valamint a helyi \u00e9rt\u00e9kek, hagyom\u00e1nyok meg\u0151rz\u00e9s\u00e9t szolg\u00e1l\u00f3 telep\u00fcl\u00e9svezet\u0151i munk\u00e1ja elismer\u00e9sek\u00e9nt Koll\u00e1r K\u00e1roly polg\u00e1rmesternek a Magyar Arany \u00c9rdemkereszt (polg\u00e1ri tagozat) kit\u00fcntet\u00e9st adom\u00e1nyozta \u00c1der J\u00e1nos k\u00f6zt\u00e1rsas\u00e1gi eln\u00f6k. Hab\u00e1r a kit\u00fcntet\u00e9st m\u00e1rcius 15-e alkalm\u00e1b\u00f3l \u00edt\u00e9lt\u00e9k oda a polg\u00e1rmesternek, a koronav\u00edrus-j\u00e1rv\u00e1ny miatt augusztus 20-\u00e1n, az \u00e1llamalap\u00edt\u00e1s \u00fcnnep\u00e9hez kapcsol\u00f3d\u00f3an adta \u00e1t \u00c1der J\u00e1nos nev\u00e9ben, V\u00f6lner P\u00e1l, a t\u00e9rs\u00e9g\" class=\"yoast-seo-meta-tag\" \/>\n<meta property=\"og:url\" content=\"https:\/\/dorogimedence.hu\/index.php\/2021\/08\/24\/erdemkeresztet-kapott-sarisap-polgarmestere\/\" class=\"yoast-seo-meta-tag\" \/>\n<meta property=\"og:site_name\" content=\"Dorogi-medence Region\u00e1lis H\u00edrport\u00e1l\" class=\"yoast-seo-meta-tag\" \/>\n<meta property=\"article:publisher\" content=\"https:\/\/www.facebook.com\/dorogimedence\/\" class=\"yoast-seo-meta-tag\" \/>\n<meta property=\"article:published_time\" content=\"2021-08-24T05:15:37+00:00\" class=\"yoast-seo-meta-tag\" \/>\n<meta property=\"article:modified_time\" content=\"2021-08-24T05:17:32+00:00\" class=\"yoast-seo-meta-tag\" \/>\n<meta property=\"og:image\" content=\"https:\/\/i0.wp.com\/dorogimedence.hu\/wp-content\/uploads\/2021\/08\/kollar-karoly.jpg?fit=1920%2C1201&ssl=1\" class=\"yoast-seo-meta-tag\" \/>\n\t<meta property=\"og:image:width\" content=\"1920\" class=\"yoast-seo-meta-tag\" \/>\n\t<meta property=\"og:image:height\" content=\"1201\" class=\"yoast-seo-meta-tag\" \/>\n\t<meta property=\"og:image:type\" content=\"image\/jpeg\" class=\"yoast-seo-meta-tag\" \/>\n<meta name=\"author\" content=\"dorogimedence.hu\" class=\"yoast-seo-meta-tag\" \/>\n<meta name=\"twitter:card\" content=\"summary_large_image\" class=\"yoast-seo-meta-tag\" \/>\n<meta name=\"twitter:label1\" content=\"Szerz\u0151:\" class=\"yoast-seo-meta-tag\" \/>\n\t<meta name=\"twitter:data1\" content=\"dorogimedence.hu\" class=\"yoast-seo-meta-tag\" \/>\n\t<meta name=\"twitter:label2\" content=\"Becs\u00fclt olvas\u00e1si id\u0151\" class=\"yoast-seo-meta-tag\" \/>\n\t<meta name=\"twitter:data2\" content=\"2 perc\" class=\"yoast-seo-meta-tag\" \/>\n<script type=\"application\/ld+json\" class=\"yoast-schema-graph\">{\"@context\":\"https:\\\/\\\/schema.org\",\"@graph\":[{\"@type\":\"Article\",\"@id\":\"https:\\\/\\\/dorogimedence.hu\\\/index.php\\\/2021\\\/08\\\/24\\\/erdemkeresztet-kapott-sarisap-polgarmestere\\\/#article\",\"isPartOf\":{\"@id\":\"https:\\\/\\\/dorogimedence.hu\\\/index.php\\\/2021\\\/08\\\/24\\\/erdemkeresztet-kapott-sarisap-polgarmestere\\\/\"},\"author\":{\"name\":\"dorogimedence.hu\",\"@id\":\"https:\\\/\\\/dorogimedence.hu\\\/#\\\/schema\\\/person\\\/ce6091eeb7e95ecdc87890d6aa8e0fd4\"},\"headline\":\"\u00c9rdemkeresztet kapott S\u00e1ris\u00e1p polg\u00e1rmestere\",\"datePublished\":\"2021-08-24T05:15:37+00:00\",\"dateModified\":\"2021-08-24T05:17:32+00:00\",\"mainEntityOfPage\":{\"@id\":\"https:\\\/\\\/dorogimedence.hu\\\/index.php\\\/2021\\\/08\\\/24\\\/erdemkeresztet-kapott-sarisap-polgarmestere\\\/\"},\"wordCount\":462,\"publisher\":{\"@id\":\"https:\\\/\\\/dorogimedence.hu\\\/#organization\"},\"image\":{\"@id\":\"https:\\\/\\\/dorogimedence.hu\\\/index.php\\\/2021\\\/08\\\/24\\\/erdemkeresztet-kapott-sarisap-polgarmestere\\\/#primaryimage\"},\"thumbnailUrl\":\"https:\\\/\\\/dorogimedence.hu\\\/wp-content\\\/uploads\\\/2021\\\/08\\\/kollar-karoly.jpg\",\"keywords\":[\"featured\",\"kit\u00fcntet\u00e9s\",\"S\u00e1ris\u00e1p\"],\"articleSection\":[\"H\u00edrek\"],\"inLanguage\":\"hu\"},{\"@type\":\"WebPage\",\"@id\":\"https:\\\/\\\/dorogimedence.hu\\\/index.php\\\/2021\\\/08\\\/24\\\/erdemkeresztet-kapott-sarisap-polgarmestere\\\/\",\"url\":\"https:\\\/\\\/dorogimedence.hu\\\/index.php\\\/2021\\\/08\\\/24\\\/erdemkeresztet-kapott-sarisap-polgarmestere\\\/\",\"name\":\"\u00c9rdemkeresztet kapott S\u00e1ris\u00e1p polg\u00e1rmestere\",\"isPartOf\":{\"@id\":\"https:\\\/\\\/dorogimedence.hu\\\/#website\"},\"primaryImageOfPage\":{\"@id\":\"https:\\\/\\\/dorogimedence.hu\\\/index.php\\\/2021\\\/08\\\/24\\\/erdemkeresztet-kapott-sarisap-polgarmestere\\\/#primaryimage\"},\"image\":{\"@id\":\"https:\\\/\\\/dorogimedence.hu\\\/index.php\\\/2021\\\/08\\\/24\\\/erdemkeresztet-kapott-sarisap-polgarmestere\\\/#primaryimage\"},\"thumbnailUrl\":\"https:\\\/\\\/dorogimedence.hu\\\/wp-content\\\/uploads\\\/2021\\\/08\\\/kollar-karoly.jpg\",\"datePublished\":\"2021-08-24T05:15:37+00:00\",\"dateModified\":\"2021-08-24T05:17:32+00:00\",\"breadcrumb\":{\"@id\":\"https:\\\/\\\/dorogimedence.hu\\\/index.php\\\/2021\\\/08\\\/24\\\/erdemkeresztet-kapott-sarisap-polgarmestere\\\/#breadcrumb\"},\"inLanguage\":\"hu\",\"potentialAction\":[{\"@type\":\"ReadAction\",\"target\":[\"https:\\\/\\\/dorogimedence.hu\\\/index.php\\\/2021\\\/08\\\/24\\\/erdemkeresztet-kapott-sarisap-polgarmestere\\\/\"]}]},{\"@type\":\"ImageObject\",\"inLanguage\":\"hu\",\"@id\":\"https:\\\/\\\/dorogimedence.hu\\\/index.php\\\/2021\\\/08\\\/24\\\/erdemkeresztet-kapott-sarisap-polgarmestere\\\/#primaryimage\",\"url\":\"https:\\\/\\\/dorogimedence.hu\\\/wp-content\\\/uploads\\\/2021\\\/08\\\/kollar-karoly.jpg\",\"contentUrl\":\"https:\\\/\\\/dorogimedence.hu\\\/wp-content\\\/uploads\\\/2021\\\/08\\\/kollar-karoly.jpg\",\"width\":1920,\"height\":1201},{\"@type\":\"BreadcrumbList\",\"@id\":\"https:\\\/\\\/dorogimedence.hu\\\/index.php\\\/2021\\\/08\\\/24\\\/erdemkeresztet-kapott-sarisap-polgarmestere\\\/#breadcrumb\",\"itemListElement\":[{\"@type\":\"ListItem\",\"position\":1,\"name\":\"Kezd\u0151lap\",\"item\":\"https:\\\/\\\/dorogimedence.hu\\\/\"},{\"@type\":\"ListItem\",\"position\":2,\"name\":\"\u00c9rdemkeresztet kapott S\u00e1ris\u00e1p polg\u00e1rmestere\"}]},{\"@type\":\"WebSite\",\"@id\":\"https:\\\/\\\/dorogimedence.hu\\\/#website\",\"url\":\"https:\\\/\\\/dorogimedence.hu\\\/\",\"name\":\"Dorogi-medence Region\u00e1lis H\u00edrport\u00e1l\",\"description\":\"Dorog, Keszt\u00f6lc, Le\u00e1nyv\u00e1r, Piliscs\u00e9v, Tokod, Tokodalt\u00e1r\u00f3, Csolnok, Esztergom-kertv\u00e1ros: h\u00edrek, programok\",\"publisher\":{\"@id\":\"https:\\\/\\\/dorogimedence.hu\\\/#organization\"},\"potentialAction\":[{\"@type\":\"SearchAction\",\"target\":{\"@type\":\"EntryPoint\",\"urlTemplate\":\"https:\\\/\\\/dorogimedence.hu\\\/?s={search_term_string}\"},\"query-input\":{\"@type\":\"PropertyValueSpecification\",\"valueRequired\":true,\"valueName\":\"search_term_string\"}}],\"inLanguage\":\"hu\"},{\"@type\":\"Organization\",\"@id\":\"https:\\\/\\\/dorogimedence.hu\\\/#organization\",\"name\":\"Dorogi-medence Region\u00e1lis H\u00edrport\u00e1l\",\"url\":\"https:\\\/\\\/dorogimedence.hu\\\/\",\"logo\":{\"@type\":\"ImageObject\",\"inLanguage\":\"hu\",\"@id\":\"https:\\\/\\\/dorogimedence.hu\\\/#\\\/schema\\\/logo\\\/image\\\/\",\"url\":\"https:\\\/\\\/dorogimedence.hu\\\/wp-content\\\/uploads\\\/2021\\\/04\\\/logo-feher-600.png\",\"contentUrl\":\"https:\\\/\\\/dorogimedence.hu\\\/wp-content\\\/uploads\\\/2021\\\/04\\\/logo-feher-600.png\",\"width\":600,\"height\":100,\"caption\":\"Dorogi-medence Region\u00e1lis H\u00edrport\u00e1l\"},\"image\":{\"@id\":\"https:\\\/\\\/dorogimedence.hu\\\/#\\\/schema\\\/logo\\\/image\\\/\"},\"sameAs\":[\"https:\\\/\\\/www.facebook.com\\\/dorogimedence\\\/\"]},{\"@type\":\"Person\",\"@id\":\"https:\\\/\\\/dorogimedence.hu\\\/#\\\/schema\\\/person\\\/ce6091eeb7e95ecdc87890d6aa8e0fd4\",\"name\":\"dorogimedence.hu\",\"image\":{\"@type\":\"ImageObject\",\"inLanguage\":\"hu\",\"@id\":\"\\\/\\\/www.gravatar.com\\\/avatar\\\/d8d45f8901aadff40a4af72c0b826f1d?s=96&#038;r=g&#038;d=mm\",\"url\":\"\\\/\\\/www.gravatar.com\\\/avatar\\\/d8d45f8901aadff40a4af72c0b826f1d?s=96&#038;r=g&#038;d=mm\",\"contentUrl\":\"\\\/\\\/www.gravatar.com\\\/avatar\\\/d8d45f8901aadff40a4af72c0b826f1d?s=96&#038;r=g&#038;d=mm\",\"caption\":\"dorogimedence.hu\"}}]}<\/script>\n<!-- \/ Yoast SEO plugin. -->","yoast_head_json":{"title":"\u00c9rdemkeresztet kapott S\u00e1ris\u00e1p polg\u00e1rmestere","robots":{"index":"index","follow":"follow","max-snippet":"max-snippet:-1","max-image-preview":"max-image-preview:large","max-video-preview":"max-video-preview:-1"},"canonical":"https:\/\/dorogimedence.hu\/index.php\/2021\/08\/24\/erdemkeresztet-kapott-sarisap-polgarmestere\/","og_locale":"hu_HU","og_type":"article","og_title":"\u00c9rdemkeresztet kapott S\u00e1ris\u00e1p polg\u00e1rmestere","og_description":"S\u00e1ris\u00e1p fejleszt\u00e9s\u00e9t, valamint a helyi \u00e9rt\u00e9kek, hagyom\u00e1nyok meg\u0151rz\u00e9s\u00e9t szolg\u00e1l\u00f3 telep\u00fcl\u00e9svezet\u0151i munk\u00e1ja elismer\u00e9sek\u00e9nt Koll\u00e1r K\u00e1roly polg\u00e1rmesternek a Magyar Arany \u00c9rdemkereszt (polg\u00e1ri tagozat) kit\u00fcntet\u00e9st adom\u00e1nyozta \u00c1der J\u00e1nos k\u00f6zt\u00e1rsas\u00e1gi eln\u00f6k. Hab\u00e1r a kit\u00fcntet\u00e9st m\u00e1rcius 15-e alkalm\u00e1b\u00f3l \u00edt\u00e9lt\u00e9k oda a polg\u00e1rmesternek, a koronav\u00edrus-j\u00e1rv\u00e1ny miatt augusztus 20-\u00e1n, az \u00e1llamalap\u00edt\u00e1s \u00fcnnep\u00e9hez kapcsol\u00f3d\u00f3an adta \u00e1t \u00c1der J\u00e1nos nev\u00e9ben, V\u00f6lner P\u00e1l, a t\u00e9rs\u00e9g","og_url":"https:\/\/dorogimedence.hu\/index.php\/2021\/08\/24\/erdemkeresztet-kapott-sarisap-polgarmestere\/","og_site_name":"Dorogi-medence Region\u00e1lis H\u00edrport\u00e1l","article_publisher":"https:\/\/www.facebook.com\/dorogimedence\/","article_published_time":"2021-08-24T05:15:37+00:00","article_modified_time":"2021-08-24T05:17:32+00:00","og_image":[{"width":1920,"height":1201,"url":"https:\/\/i0.wp.com\/dorogimedence.hu\/wp-content\/uploads\/2021\/08\/kollar-karoly.jpg?fit=1920%2C1201&ssl=1","type":"image\/jpeg"}],"author":"dorogimedence.hu","twitter_card":"summary_large_image","twitter_misc":{"Szerz\u0151:":"dorogimedence.hu","Becs\u00fclt olvas\u00e1si id\u0151":"2 perc"},"schema":{"@context":"https:\/\/schema.org","@graph":[{"@type":"Article","@id":"https:\/\/dorogimedence.hu\/index.php\/2021\/08\/24\/erdemkeresztet-kapott-sarisap-polgarmestere\/#article","isPartOf":{"@id":"https:\/\/dorogimedence.hu\/index.php\/2021\/08\/24\/erdemkeresztet-kapott-sarisap-polgarmestere\/"},"author":{"name":"dorogimedence.hu","@id":"https:\/\/dorogimedence.hu\/#\/schema\/person\/ce6091eeb7e95ecdc87890d6aa8e0fd4"},"headline":"\u00c9rdemkeresztet kapott S\u00e1ris\u00e1p polg\u00e1rmestere","datePublished":"2021-08-24T05:15:37+00:00","dateModified":"2021-08-24T05:17:32+00:00","mainEntityOfPage":{"@id":"https:\/\/dorogimedence.hu\/index.php\/2021\/08\/24\/erdemkeresztet-kapott-sarisap-polgarmestere\/"},"wordCount":462,"publisher":{"@id":"https:\/\/dorogimedence.hu\/#organization"},"image":{"@id":"https:\/\/dorogimedence.hu\/index.php\/2021\/08\/24\/erdemkeresztet-kapott-sarisap-polgarmestere\/#primaryimage"},"thumbnailUrl":"https:\/\/dorogimedence.hu\/wp-content\/uploads\/2021\/08\/kollar-karoly.jpg","keywords":["featured","kit\u00fcntet\u00e9s","S\u00e1ris\u00e1p"],"articleSection":["H\u00edrek"],"inLanguage":"hu"},{"@type":"WebPage","@id":"https:\/\/dorogimedence.hu\/index.php\/2021\/08\/24\/erdemkeresztet-kapott-sarisap-polgarmestere\/","url":"https:\/\/dorogimedence.hu\/index.php\/2021\/08\/24\/erdemkeresztet-kapott-sarisap-polgarmestere\/","name":"\u00c9rdemkeresztet kapott S\u00e1ris\u00e1p polg\u00e1rmestere","isPartOf":{"@id":"https:\/\/dorogimedence.hu\/#website"},"primaryImageOfPage":{"@id":"https:\/\/dorogimedence.hu\/index.php\/2021\/08\/24\/erdemkeresztet-kapott-sarisap-polgarmestere\/#primaryimage"},"image":{"@id":"https:\/\/dorogimedence.hu\/index.php\/2021\/08\/24\/erdemkeresztet-kapott-sarisap-polgarmestere\/#primaryimage"},"thumbnailUrl":"https:\/\/dorogimedence.hu\/wp-content\/uploads\/2021\/08\/kollar-karoly.jpg","datePublished":"2021-08-24T05:15:37+00:00","dateModified":"2021-08-24T05:17:32+00:00","breadcrumb":{"@id":"https:\/\/dorogimedence.hu\/index.php\/2021\/08\/24\/erdemkeresztet-kapott-sarisap-polgarmestere\/#breadcrumb"},"inLanguage":"hu","potentialAction":[{"@type":"ReadAction","target":["https:\/\/dorogimedence.hu\/index.php\/2021\/08\/24\/erdemkeresztet-kapott-sarisap-polgarmestere\/"]}]},{"@type":"ImageObject","inLanguage":"hu","@id":"https:\/\/dorogimedence.hu\/index.php\/2021\/08\/24\/erdemkeresztet-kapott-sarisap-polgarmestere\/#primaryimage","url":"https:\/\/dorogimedence.hu\/wp-content\/uploads\/2021\/08\/kollar-karoly.jpg","contentUrl":"https:\/\/dorogimedence.hu\/wp-content\/uploads\/2021\/08\/kollar-karoly.jpg","width":1920,"height":1201},{"@type":"BreadcrumbList","@id":"https:\/\/dorogimedence.hu\/index.php\/2021\/08\/24\/erdemkeresztet-kapott-sarisap-polgarmestere\/#breadcrumb","itemListElement":[{"@type":"ListItem","position":1,"name":"Kezd\u0151lap","item":"https:\/\/dorogimedence.hu\/"},{"@type":"ListItem","position":2,"name":"\u00c9rdemkeresztet kapott S\u00e1ris\u00e1p polg\u00e1rmestere"}]},{"@type":"WebSite","@id":"https:\/\/dorogimedence.hu\/#website","url":"https:\/\/dorogimedence.hu\/","name":"Dorogi-medence Region\u00e1lis H\u00edrport\u00e1l","description":"Dorog, Keszt\u00f6lc, Le\u00e1nyv\u00e1r, Piliscs\u00e9v, Tokod, Tokodalt\u00e1r\u00f3, Csolnok, Esztergom-kertv\u00e1ros: h\u00edrek, programok","publisher":{"@id":"https:\/\/dorogimedence.hu\/#organization"},"potentialAction":[{"@type":"SearchAction","target":{"@type":"EntryPoint","urlTemplate":"https:\/\/dorogimedence.hu\/?s={search_term_string}"},"query-input":{"@type":"PropertyValueSpecification","valueRequired":true,"valueName":"search_term_string"}}],"inLanguage":"hu"},{"@type":"Organization","@id":"https:\/\/dorogimedence.hu\/#organization","name":"Dorogi-medence Region\u00e1lis H\u00edrport\u00e1l","url":"https:\/\/dorogimedence.hu\/","logo":{"@type":"ImageObject","inLanguage":"hu","@id":"https:\/\/dorogimedence.hu\/#\/schema\/logo\/image\/","url":"https:\/\/dorogimedence.hu\/wp-content\/uploads\/2021\/04\/logo-feher-600.png","contentUrl":"https:\/\/dorogimedence.hu\/wp-content\/uploads\/2021\/04\/logo-feher-600.png","width":600,"height":100,"caption":"Dorogi-medence Region\u00e1lis H\u00edrport\u00e1l"},"image":{"@id":"https:\/\/dorogimedence.hu\/#\/schema\/logo\/image\/"},"sameAs":["https:\/\/www.facebook.com\/dorogimedence\/"]},{"@type":"Person","@id":"https:\/\/dorogimedence.hu\/#\/schema\/person\/ce6091eeb7e95ecdc87890d6aa8e0fd4","name":"dorogimedence.hu","image":{"@type":"ImageObject","inLanguage":"hu","@id":"\/\/www.gravatar.com\/avatar\/d8d45f8901aadff40a4af72c0b826f1d?s=96&#038;r=g&#038;d=mm","url":"\/\/www.gravatar.com\/avatar\/d8d45f8901aadff40a4af72c0b826f1d?s=96&#038;r=g&#038;d=mm","contentUrl":"\/\/www.gravatar.com\/avatar\/d8d45f8901aadff40a4af72c0b826f1d?s=96&#038;r=g&#038;d=mm","caption":"dorogimedence.hu"}}]}},"_links":{"self":[{"href":"https:\/\/dorogimedence.hu\/index.php\/wp-json\/wp\/v2\/posts\/36105","targetHints":{"allow":["GET"]}}],"collection":[{"href":"https:\/\/dorogimedence.hu\/index.php\/wp-json\/wp\/v2\/posts"}],"about":[{"href":"https:\/\/dorogimedence.hu\/index.php\/wp-json\/wp\/v2\/types\/post"}],"author":[{"embeddable":true,"href":"https:\/\/dorogimedence.hu\/index.php\/wp-json\/wp\/v2\/users\/1"}],"replies":[{"embeddable":true,"href":"https:\/\/dorogimedence.hu\/index.php\/wp-json\/wp\/v2\/comments?post=36105"}],"version-history":[{"count":0,"href":"https:\/\/dorogimedence.hu\/index.php\/wp-json\/wp\/v2\/posts\/36105\/revisions"}],"wp:featuredmedia":[{"embeddable":true,"href":"https:\/\/dorogimedence.hu\/index.php\/wp-json\/wp\/v2\/media\/36106"}],"wp:attachment":[{"href":"https:\/\/dorogimedence.hu\/index.php\/wp-json\/wp\/v2\/media?parent=36105"}],"wp:term":[{"taxonomy":"category","embeddable":true,"href":"https:\/\/dorogimedence.hu\/index.php\/wp-json\/wp\/v2\/categories?post=36105"},{"taxonomy":"post_tag","embeddable":true,"href":"https:\/\/dorogimedence.hu\/index.php\/wp-json\/wp\/v2\/tags?post=36105"}],"curies":[{"name":"wp","href":"https:\/\/api.w.org\/{rel}","templated":true}]}}