{"id":36088,"date":"2021-08-23T10:48:26","date_gmt":"2021-08-23T08:48:26","guid":{"rendered":"https:\/\/dorogimedence.hu\/?p=36088"},"modified":"2021-08-23T10:49:15","modified_gmt":"2021-08-23T08:49:15","slug":"valtozik-a-gyalogos-kozlekedes-a-nyugati-palyaudvaron","status":"publish","type":"post","link":"https:\/\/dorogimedence.hu\/index.php\/2021\/08\/23\/valtozik-a-gyalogos-kozlekedes-a-nyugati-palyaudvaron\/","title":{"rendered":"V\u00e1ltozik a gyalogos k\u00f6zleked\u00e9s a Nyugati p\u00e1lyaudvaron"},"content":{"rendered":"<div class=\"item_introtext\">\n<p><strong>Augusztus 22-\u00e9n \u00e9jjel elbontott\u00e1k a csarnok el\u0151tti v\u00e1g\u00e1nyokon \u00e1tvezet\u0151 ideiglenes gyalogos \u00e1tj\u00e1r\u00f3t a Nyugati p\u00e1lyaudvaron. Ezut\u00e1n az \u00e1tkel\u00e9shez \u00fajra az alulj\u00e1r\u00f3t vehetik ig\u00e9nybe az utasok.<\/strong><\/p>\n<\/div>\n<div class=\"item_fulltext\">\n<p>A p\u00e1lyaudvar csarnokon k\u00edv\u00fcli forgalma augusztus 23-\u00e1n, hajnali 4 \u00f3r\u00e1t\u00f3l \u00fajra a tet\u0151fel\u00faj\u00edt\u00e1s el\u0151tti rend szerint, a M\u00e1rv\u00e1nycsarnok&nbsp;(14-17. v\u00e1g\u00e1nyok fel\u0151l)&nbsp;\u00e9s V\u00e1ci \u00fat ir\u00e1ny\u00e1b\u00f3l megk\u00f6zel\u00edthet\u0151, gyalogos alulj\u00e1r\u00f3n kereszt\u00fcl lehets\u00e9ges, amit a 11-12. v\u00e1g\u00e1ny k\u00f6z\u00f6tti peronon tal\u00e1lhat\u00f3 l\u00e9pcs\u0151n kereszt\u00fcl is \u00fajra el lehet \u00e9rni.<\/p>\n<p>Az el\u0151re betervezett r\u00e9szleges fel\u00faj\u00edt\u00e1s miatt a 11. \u00e9s a 12. v\u00e1g\u00e1ny k\u00f6z\u00f6tti peronon a perontet\u0151 tart\u00f3oszlopainak meger\u0151s\u00edt\u00e9se zajlik, v\u00e1rhat\u00f3an okt\u00f3ber v\u00e9g\u00e9ig.&nbsp; A munk\u00e1latok id\u0151tartama alatt az oszlopok h\u00e1l\u00f3s ker\u00edt\u00e9ssel vannak k\u00f6r\u00fclv\u00e9ve; az utaz\u00f3k\u00f6z\u00f6ns\u00e9g sz\u00e1m\u00e1ra a peron biztons\u00e1gosan haszn\u00e1lhat\u00f3.<\/p>\n<p>A 13-17. v\u00e1g\u00e1nyok peronjai, valamint az ideiglenes kont\u00e9nerp\u00e9nzt\u00e1rak \u2013 az alulj\u00e1r\u00f3 ig\u00e9nybev\u00e9tele n\u00e9lk\u00fcl \u2013 tov\u00e1bbra is megk\u00f6zel\u00edthet\u0151k a Podmaniczky utca vagy a Ter\u00e9z k\u00f6r\u00fat fel\u0151l az Eiffel t\u00e9ren \u00e1t.<\/p>\n<p><img fetchpriority=\"high\" decoding=\"async\" class=\"alignnone size-large wp-image-36089\" src=\"https:\/\/dorogimedence.hu\/wp-content\/uploads\/2021\/08\/nyugati_palyaudvar_terkepes_informacio_1-1024x724.jpg\" alt=\"\" width=\"755\" height=\"534\" srcset=\"https:\/\/dorogimedence.hu\/wp-content\/uploads\/2021\/08\/nyugati_palyaudvar_terkepes_informacio_1-1024x724.jpg 1024w, https:\/\/dorogimedence.hu\/wp-content\/uploads\/2021\/08\/nyugati_palyaudvar_terkepes_informacio_1-300x212.jpg 300w, https:\/\/dorogimedence.hu\/wp-content\/uploads\/2021\/08\/nyugati_palyaudvar_terkepes_informacio_1-768x543.jpg 768w, https:\/\/dorogimedence.hu\/wp-content\/uploads\/2021\/08\/nyugati_palyaudvar_terkepes_informacio_1-150x106.jpg 150w, https:\/\/dorogimedence.hu\/wp-content\/uploads\/2021\/08\/nyugati_palyaudvar_terkepes_informacio_1-450x318.jpg 450w, https:\/\/dorogimedence.hu\/wp-content\/uploads\/2021\/08\/nyugati_palyaudvar_terkepes_informacio_1-1200x849.jpg 1200w, https:\/\/dorogimedence.hu\/wp-content\/uploads\/2021\/08\/nyugati_palyaudvar_terkepes_informacio_1.jpg 1260w\" sizes=\"(max-width: 755px) 100vw, 755px\" \/><\/p>\n<p><em>Forr\u00e1s: M\u00c1V Zrt. Kommunik\u00e1ci\u00f3s Igazgat\u00f3s\u00e1g<br \/>\nBor\u00edt\u00f3k\u00e9p: mavcsoport.hu (kor\u00e1bbi fot\u00f3)<\/em><\/p>\n<\/div>\n","protected":false},"excerpt":{"rendered":"<p>Augusztus 22-\u00e9n \u00e9jjel elbontott\u00e1k a csarnok el\u0151tti v\u00e1g\u00e1nyokon \u00e1tvezet\u0151 ideiglenes gyalogos \u00e1tj\u00e1r\u00f3t a Nyugati p\u00e1lyaudvaron. Ezut\u00e1n az \u00e1tkel\u00e9shez \u00fajra az alulj\u00e1r\u00f3t vehetik ig\u00e9nybe az utasok. A p\u00e1lyaudvar csarnokon k\u00edv\u00fcli forgalma augusztus 23-\u00e1n, hajnali 4 \u00f3r\u00e1t\u00f3l \u00fajra a tet\u0151fel\u00faj\u00edt\u00e1s el\u0151tti rend szerint, a M\u00e1rv\u00e1nycsarnok&nbsp;(14-17. v\u00e1g\u00e1nyok fel\u0151l)&nbsp;\u00e9s V\u00e1ci \u00fat ir\u00e1ny\u00e1b\u00f3l megk\u00f6zel\u00edthet\u0151, gyalogos alulj\u00e1r\u00f3n kereszt\u00fcl lehets\u00e9ges, amit a<\/p>\n","protected":false},"author":1,"featured_media":36090,"comment_status":"closed","ping_status":"closed","sticky":false,"template":"","format":"standard","meta":{"ngg_post_thumbnail":0,"footnotes":""},"categories":[3],"tags":[292,4877,291],"class_list":{"0":"post-36088","1":"post","2":"type-post","3":"status-publish","4":"format-standard","5":"has-post-thumbnail","7":"category-hirek","8":"tag-mav","9":"tag-nyugati-palyaudvar","10":"tag-vonat"},"yoast_head":"<!-- This site is optimized with the Yoast SEO plugin v27.4 - https:\/\/yoast.com\/product\/yoast-seo-wordpress\/ -->\n<title>V\u00e1ltozik a gyalogos k\u00f6zleked\u00e9s a Nyugati p\u00e1lyaudvaron<\/title>\n<meta name=\"robots\" content=\"index, follow, max-snippet:-1, max-image-preview:large, max-video-preview:-1\" \/>\n<link rel=\"canonical\" href=\"https:\/\/dorogimedence.hu\/index.php\/2021\/08\/23\/valtozik-a-gyalogos-kozlekedes-a-nyugati-palyaudvaron\/\" class=\"yoast-seo-meta-tag\" \/>\n<meta property=\"og:locale\" content=\"hu_HU\" class=\"yoast-seo-meta-tag\" \/>\n<meta property=\"og:type\" content=\"article\" class=\"yoast-seo-meta-tag\" \/>\n<meta property=\"og:title\" content=\"V\u00e1ltozik a gyalogos k\u00f6zleked\u00e9s a Nyugati p\u00e1lyaudvaron\" class=\"yoast-seo-meta-tag\" \/>\n<meta property=\"og:description\" content=\"Augusztus 22-\u00e9n \u00e9jjel elbontott\u00e1k a csarnok el\u0151tti v\u00e1g\u00e1nyokon \u00e1tvezet\u0151 ideiglenes gyalogos \u00e1tj\u00e1r\u00f3t a Nyugati p\u00e1lyaudvaron. Ezut\u00e1n az \u00e1tkel\u00e9shez \u00fajra az alulj\u00e1r\u00f3t vehetik ig\u00e9nybe az utasok. A p\u00e1lyaudvar csarnokon k\u00edv\u00fcli forgalma augusztus 23-\u00e1n, hajnali 4 \u00f3r\u00e1t\u00f3l \u00fajra a tet\u0151fel\u00faj\u00edt\u00e1s el\u0151tti rend szerint, a M\u00e1rv\u00e1nycsarnok&nbsp;(14-17. v\u00e1g\u00e1nyok fel\u0151l)&nbsp;\u00e9s V\u00e1ci \u00fat ir\u00e1ny\u00e1b\u00f3l megk\u00f6zel\u00edthet\u0151, gyalogos alulj\u00e1r\u00f3n kereszt\u00fcl lehets\u00e9ges, amit a\" class=\"yoast-seo-meta-tag\" \/>\n<meta property=\"og:url\" content=\"https:\/\/dorogimedence.hu\/index.php\/2021\/08\/23\/valtozik-a-gyalogos-kozlekedes-a-nyugati-palyaudvaron\/\" class=\"yoast-seo-meta-tag\" \/>\n<meta property=\"og:site_name\" content=\"Dorogi-medence Region\u00e1lis H\u00edrport\u00e1l\" class=\"yoast-seo-meta-tag\" \/>\n<meta property=\"article:publisher\" content=\"https:\/\/www.facebook.com\/dorogimedence\/\" class=\"yoast-seo-meta-tag\" \/>\n<meta property=\"article:published_time\" content=\"2021-08-23T08:48:26+00:00\" class=\"yoast-seo-meta-tag\" \/>\n<meta property=\"article:modified_time\" content=\"2021-08-23T08:49:15+00:00\" class=\"yoast-seo-meta-tag\" \/>\n<meta property=\"og:image\" content=\"https:\/\/i0.wp.com\/dorogimedence.hu\/wp-content\/uploads\/2021\/08\/212876189_4079436925483312_3882462304844338162_n.jpg?fit=2000%2C1333&ssl=1\" class=\"yoast-seo-meta-tag\" \/>\n\t<meta property=\"og:image:width\" content=\"2000\" class=\"yoast-seo-meta-tag\" \/>\n\t<meta property=\"og:image:height\" content=\"1333\" class=\"yoast-seo-meta-tag\" \/>\n\t<meta property=\"og:image:type\" content=\"image\/jpeg\" class=\"yoast-seo-meta-tag\" \/>\n<meta name=\"author\" content=\"dorogimedence.hu\" class=\"yoast-seo-meta-tag\" \/>\n<meta name=\"twitter:card\" content=\"summary_large_image\" class=\"yoast-seo-meta-tag\" \/>\n<meta name=\"twitter:label1\" content=\"Szerz\u0151:\" class=\"yoast-seo-meta-tag\" \/>\n\t<meta name=\"twitter:data1\" content=\"dorogimedence.hu\" class=\"yoast-seo-meta-tag\" \/>\n\t<meta name=\"twitter:label2\" content=\"Becs\u00fclt olvas\u00e1si id\u0151\" class=\"yoast-seo-meta-tag\" \/>\n\t<meta name=\"twitter:data2\" content=\"1 perc\" class=\"yoast-seo-meta-tag\" \/>\n<script type=\"application\/ld+json\" class=\"yoast-schema-graph\">{\"@context\":\"https:\\\/\\\/schema.org\",\"@graph\":[{\"@type\":\"Article\",\"@id\":\"https:\\\/\\\/dorogimedence.hu\\\/index.php\\\/2021\\\/08\\\/23\\\/valtozik-a-gyalogos-kozlekedes-a-nyugati-palyaudvaron\\\/#article\",\"isPartOf\":{\"@id\":\"https:\\\/\\\/dorogimedence.hu\\\/index.php\\\/2021\\\/08\\\/23\\\/valtozik-a-gyalogos-kozlekedes-a-nyugati-palyaudvaron\\\/\"},\"author\":{\"name\":\"dorogimedence.hu\",\"@id\":\"https:\\\/\\\/dorogimedence.hu\\\/#\\\/schema\\\/person\\\/ce6091eeb7e95ecdc87890d6aa8e0fd4\"},\"headline\":\"V\u00e1ltozik a gyalogos k\u00f6zleked\u00e9s a Nyugati p\u00e1lyaudvaron\",\"datePublished\":\"2021-08-23T08:48:26+00:00\",\"dateModified\":\"2021-08-23T08:49:15+00:00\",\"mainEntityOfPage\":{\"@id\":\"https:\\\/\\\/dorogimedence.hu\\\/index.php\\\/2021\\\/08\\\/23\\\/valtozik-a-gyalogos-kozlekedes-a-nyugati-palyaudvaron\\\/\"},\"wordCount\":267,\"publisher\":{\"@id\":\"https:\\\/\\\/dorogimedence.hu\\\/#organization\"},\"image\":{\"@id\":\"https:\\\/\\\/dorogimedence.hu\\\/index.php\\\/2021\\\/08\\\/23\\\/valtozik-a-gyalogos-kozlekedes-a-nyugati-palyaudvaron\\\/#primaryimage\"},\"thumbnailUrl\":\"https:\\\/\\\/dorogimedence.hu\\\/wp-content\\\/uploads\\\/2021\\\/08\\\/212876189_4079436925483312_3882462304844338162_n.jpg\",\"keywords\":[\"m\u00e1v\",\"Nyugati p\u00e1lyaudvar\",\"vonat\"],\"articleSection\":[\"H\u00edrek\"],\"inLanguage\":\"hu\"},{\"@type\":\"WebPage\",\"@id\":\"https:\\\/\\\/dorogimedence.hu\\\/index.php\\\/2021\\\/08\\\/23\\\/valtozik-a-gyalogos-kozlekedes-a-nyugati-palyaudvaron\\\/\",\"url\":\"https:\\\/\\\/dorogimedence.hu\\\/index.php\\\/2021\\\/08\\\/23\\\/valtozik-a-gyalogos-kozlekedes-a-nyugati-palyaudvaron\\\/\",\"name\":\"V\u00e1ltozik a gyalogos k\u00f6zleked\u00e9s a Nyugati p\u00e1lyaudvaron\",\"isPartOf\":{\"@id\":\"https:\\\/\\\/dorogimedence.hu\\\/#website\"},\"primaryImageOfPage\":{\"@id\":\"https:\\\/\\\/dorogimedence.hu\\\/index.php\\\/2021\\\/08\\\/23\\\/valtozik-a-gyalogos-kozlekedes-a-nyugati-palyaudvaron\\\/#primaryimage\"},\"image\":{\"@id\":\"https:\\\/\\\/dorogimedence.hu\\\/index.php\\\/2021\\\/08\\\/23\\\/valtozik-a-gyalogos-kozlekedes-a-nyugati-palyaudvaron\\\/#primaryimage\"},\"thumbnailUrl\":\"https:\\\/\\\/dorogimedence.hu\\\/wp-content\\\/uploads\\\/2021\\\/08\\\/212876189_4079436925483312_3882462304844338162_n.jpg\",\"datePublished\":\"2021-08-23T08:48:26+00:00\",\"dateModified\":\"2021-08-23T08:49:15+00:00\",\"breadcrumb\":{\"@id\":\"https:\\\/\\\/dorogimedence.hu\\\/index.php\\\/2021\\\/08\\\/23\\\/valtozik-a-gyalogos-kozlekedes-a-nyugati-palyaudvaron\\\/#breadcrumb\"},\"inLanguage\":\"hu\",\"potentialAction\":[{\"@type\":\"ReadAction\",\"target\":[\"https:\\\/\\\/dorogimedence.hu\\\/index.php\\\/2021\\\/08\\\/23\\\/valtozik-a-gyalogos-kozlekedes-a-nyugati-palyaudvaron\\\/\"]}]},{\"@type\":\"ImageObject\",\"inLanguage\":\"hu\",\"@id\":\"https:\\\/\\\/dorogimedence.hu\\\/index.php\\\/2021\\\/08\\\/23\\\/valtozik-a-gyalogos-kozlekedes-a-nyugati-palyaudvaron\\\/#primaryimage\",\"url\":\"https:\\\/\\\/dorogimedence.hu\\\/wp-content\\\/uploads\\\/2021\\\/08\\\/212876189_4079436925483312_3882462304844338162_n.jpg\",\"contentUrl\":\"https:\\\/\\\/dorogimedence.hu\\\/wp-content\\\/uploads\\\/2021\\\/08\\\/212876189_4079436925483312_3882462304844338162_n.jpg\",\"width\":2000,\"height\":1333},{\"@type\":\"BreadcrumbList\",\"@id\":\"https:\\\/\\\/dorogimedence.hu\\\/index.php\\\/2021\\\/08\\\/23\\\/valtozik-a-gyalogos-kozlekedes-a-nyugati-palyaudvaron\\\/#breadcrumb\",\"itemListElement\":[{\"@type\":\"ListItem\",\"position\":1,\"name\":\"Kezd\u0151lap\",\"item\":\"https:\\\/\\\/dorogimedence.hu\\\/\"},{\"@type\":\"ListItem\",\"position\":2,\"name\":\"V\u00e1ltozik a gyalogos k\u00f6zleked\u00e9s a Nyugati p\u00e1lyaudvaron\"}]},{\"@type\":\"WebSite\",\"@id\":\"https:\\\/\\\/dorogimedence.hu\\\/#website\",\"url\":\"https:\\\/\\\/dorogimedence.hu\\\/\",\"name\":\"Dorogi-medence Region\u00e1lis H\u00edrport\u00e1l\",\"description\":\"Dorog, Keszt\u00f6lc, Le\u00e1nyv\u00e1r, Piliscs\u00e9v, Tokod, Tokodalt\u00e1r\u00f3, Csolnok, Esztergom-kertv\u00e1ros: h\u00edrek, programok\",\"publisher\":{\"@id\":\"https:\\\/\\\/dorogimedence.hu\\\/#organization\"},\"potentialAction\":[{\"@type\":\"SearchAction\",\"target\":{\"@type\":\"EntryPoint\",\"urlTemplate\":\"https:\\\/\\\/dorogimedence.hu\\\/?s={search_term_string}\"},\"query-input\":{\"@type\":\"PropertyValueSpecification\",\"valueRequired\":true,\"valueName\":\"search_term_string\"}}],\"inLanguage\":\"hu\"},{\"@type\":\"Organization\",\"@id\":\"https:\\\/\\\/dorogimedence.hu\\\/#organization\",\"name\":\"Dorogi-medence Region\u00e1lis H\u00edrport\u00e1l\",\"url\":\"https:\\\/\\\/dorogimedence.hu\\\/\",\"logo\":{\"@type\":\"ImageObject\",\"inLanguage\":\"hu\",\"@id\":\"https:\\\/\\\/dorogimedence.hu\\\/#\\\/schema\\\/logo\\\/image\\\/\",\"url\":\"https:\\\/\\\/dorogimedence.hu\\\/wp-content\\\/uploads\\\/2021\\\/04\\\/logo-feher-600.png\",\"contentUrl\":\"https:\\\/\\\/dorogimedence.hu\\\/wp-content\\\/uploads\\\/2021\\\/04\\\/logo-feher-600.png\",\"width\":600,\"height\":100,\"caption\":\"Dorogi-medence Region\u00e1lis H\u00edrport\u00e1l\"},\"image\":{\"@id\":\"https:\\\/\\\/dorogimedence.hu\\\/#\\\/schema\\\/logo\\\/image\\\/\"},\"sameAs\":[\"https:\\\/\\\/www.facebook.com\\\/dorogimedence\\\/\"]},{\"@type\":\"Person\",\"@id\":\"https:\\\/\\\/dorogimedence.hu\\\/#\\\/schema\\\/person\\\/ce6091eeb7e95ecdc87890d6aa8e0fd4\",\"name\":\"dorogimedence.hu\",\"image\":{\"@type\":\"ImageObject\",\"inLanguage\":\"hu\",\"@id\":\"\\\/\\\/www.gravatar.com\\\/avatar\\\/d8d45f8901aadff40a4af72c0b826f1d?s=96&#038;r=g&#038;d=mm\",\"url\":\"\\\/\\\/www.gravatar.com\\\/avatar\\\/d8d45f8901aadff40a4af72c0b826f1d?s=96&#038;r=g&#038;d=mm\",\"contentUrl\":\"\\\/\\\/www.gravatar.com\\\/avatar\\\/d8d45f8901aadff40a4af72c0b826f1d?s=96&#038;r=g&#038;d=mm\",\"caption\":\"dorogimedence.hu\"}}]}<\/script>\n<!-- \/ Yoast SEO plugin. -->","yoast_head_json":{"title":"V\u00e1ltozik a gyalogos k\u00f6zleked\u00e9s a Nyugati p\u00e1lyaudvaron","robots":{"index":"index","follow":"follow","max-snippet":"max-snippet:-1","max-image-preview":"max-image-preview:large","max-video-preview":"max-video-preview:-1"},"canonical":"https:\/\/dorogimedence.hu\/index.php\/2021\/08\/23\/valtozik-a-gyalogos-kozlekedes-a-nyugati-palyaudvaron\/","og_locale":"hu_HU","og_type":"article","og_title":"V\u00e1ltozik a gyalogos k\u00f6zleked\u00e9s a Nyugati p\u00e1lyaudvaron","og_description":"Augusztus 22-\u00e9n \u00e9jjel elbontott\u00e1k a csarnok el\u0151tti v\u00e1g\u00e1nyokon \u00e1tvezet\u0151 ideiglenes gyalogos \u00e1tj\u00e1r\u00f3t a Nyugati p\u00e1lyaudvaron. Ezut\u00e1n az \u00e1tkel\u00e9shez \u00fajra az alulj\u00e1r\u00f3t vehetik ig\u00e9nybe az utasok. A p\u00e1lyaudvar csarnokon k\u00edv\u00fcli forgalma augusztus 23-\u00e1n, hajnali 4 \u00f3r\u00e1t\u00f3l \u00fajra a tet\u0151fel\u00faj\u00edt\u00e1s el\u0151tti rend szerint, a M\u00e1rv\u00e1nycsarnok&nbsp;(14-17. v\u00e1g\u00e1nyok fel\u0151l)&nbsp;\u00e9s V\u00e1ci \u00fat ir\u00e1ny\u00e1b\u00f3l megk\u00f6zel\u00edthet\u0151, gyalogos alulj\u00e1r\u00f3n kereszt\u00fcl lehets\u00e9ges, amit a","og_url":"https:\/\/dorogimedence.hu\/index.php\/2021\/08\/23\/valtozik-a-gyalogos-kozlekedes-a-nyugati-palyaudvaron\/","og_site_name":"Dorogi-medence Region\u00e1lis H\u00edrport\u00e1l","article_publisher":"https:\/\/www.facebook.com\/dorogimedence\/","article_published_time":"2021-08-23T08:48:26+00:00","article_modified_time":"2021-08-23T08:49:15+00:00","og_image":[{"width":2000,"height":1333,"url":"https:\/\/i0.wp.com\/dorogimedence.hu\/wp-content\/uploads\/2021\/08\/212876189_4079436925483312_3882462304844338162_n.jpg?fit=2000%2C1333&ssl=1","type":"image\/jpeg"}],"author":"dorogimedence.hu","twitter_card":"summary_large_image","twitter_misc":{"Szerz\u0151:":"dorogimedence.hu","Becs\u00fclt olvas\u00e1si id\u0151":"1 perc"},"schema":{"@context":"https:\/\/schema.org","@graph":[{"@type":"Article","@id":"https:\/\/dorogimedence.hu\/index.php\/2021\/08\/23\/valtozik-a-gyalogos-kozlekedes-a-nyugati-palyaudvaron\/#article","isPartOf":{"@id":"https:\/\/dorogimedence.hu\/index.php\/2021\/08\/23\/valtozik-a-gyalogos-kozlekedes-a-nyugati-palyaudvaron\/"},"author":{"name":"dorogimedence.hu","@id":"https:\/\/dorogimedence.hu\/#\/schema\/person\/ce6091eeb7e95ecdc87890d6aa8e0fd4"},"headline":"V\u00e1ltozik a gyalogos k\u00f6zleked\u00e9s a Nyugati p\u00e1lyaudvaron","datePublished":"2021-08-23T08:48:26+00:00","dateModified":"2021-08-23T08:49:15+00:00","mainEntityOfPage":{"@id":"https:\/\/dorogimedence.hu\/index.php\/2021\/08\/23\/valtozik-a-gyalogos-kozlekedes-a-nyugati-palyaudvaron\/"},"wordCount":267,"publisher":{"@id":"https:\/\/dorogimedence.hu\/#organization"},"image":{"@id":"https:\/\/dorogimedence.hu\/index.php\/2021\/08\/23\/valtozik-a-gyalogos-kozlekedes-a-nyugati-palyaudvaron\/#primaryimage"},"thumbnailUrl":"https:\/\/dorogimedence.hu\/wp-content\/uploads\/2021\/08\/212876189_4079436925483312_3882462304844338162_n.jpg","keywords":["m\u00e1v","Nyugati p\u00e1lyaudvar","vonat"],"articleSection":["H\u00edrek"],"inLanguage":"hu"},{"@type":"WebPage","@id":"https:\/\/dorogimedence.hu\/index.php\/2021\/08\/23\/valtozik-a-gyalogos-kozlekedes-a-nyugati-palyaudvaron\/","url":"https:\/\/dorogimedence.hu\/index.php\/2021\/08\/23\/valtozik-a-gyalogos-kozlekedes-a-nyugati-palyaudvaron\/","name":"V\u00e1ltozik a gyalogos k\u00f6zleked\u00e9s a Nyugati p\u00e1lyaudvaron","isPartOf":{"@id":"https:\/\/dorogimedence.hu\/#website"},"primaryImageOfPage":{"@id":"https:\/\/dorogimedence.hu\/index.php\/2021\/08\/23\/valtozik-a-gyalogos-kozlekedes-a-nyugati-palyaudvaron\/#primaryimage"},"image":{"@id":"https:\/\/dorogimedence.hu\/index.php\/2021\/08\/23\/valtozik-a-gyalogos-kozlekedes-a-nyugati-palyaudvaron\/#primaryimage"},"thumbnailUrl":"https:\/\/dorogimedence.hu\/wp-content\/uploads\/2021\/08\/212876189_4079436925483312_3882462304844338162_n.jpg","datePublished":"2021-08-23T08:48:26+00:00","dateModified":"2021-08-23T08:49:15+00:00","breadcrumb":{"@id":"https:\/\/dorogimedence.hu\/index.php\/2021\/08\/23\/valtozik-a-gyalogos-kozlekedes-a-nyugati-palyaudvaron\/#breadcrumb"},"inLanguage":"hu","potentialAction":[{"@type":"ReadAction","target":["https:\/\/dorogimedence.hu\/index.php\/2021\/08\/23\/valtozik-a-gyalogos-kozlekedes-a-nyugati-palyaudvaron\/"]}]},{"@type":"ImageObject","inLanguage":"hu","@id":"https:\/\/dorogimedence.hu\/index.php\/2021\/08\/23\/valtozik-a-gyalogos-kozlekedes-a-nyugati-palyaudvaron\/#primaryimage","url":"https:\/\/dorogimedence.hu\/wp-content\/uploads\/2021\/08\/212876189_4079436925483312_3882462304844338162_n.jpg","contentUrl":"https:\/\/dorogimedence.hu\/wp-content\/uploads\/2021\/08\/212876189_4079436925483312_3882462304844338162_n.jpg","width":2000,"height":1333},{"@type":"BreadcrumbList","@id":"https:\/\/dorogimedence.hu\/index.php\/2021\/08\/23\/valtozik-a-gyalogos-kozlekedes-a-nyugati-palyaudvaron\/#breadcrumb","itemListElement":[{"@type":"ListItem","position":1,"name":"Kezd\u0151lap","item":"https:\/\/dorogimedence.hu\/"},{"@type":"ListItem","position":2,"name":"V\u00e1ltozik a gyalogos k\u00f6zleked\u00e9s a Nyugati p\u00e1lyaudvaron"}]},{"@type":"WebSite","@id":"https:\/\/dorogimedence.hu\/#website","url":"https:\/\/dorogimedence.hu\/","name":"Dorogi-medence Region\u00e1lis H\u00edrport\u00e1l","description":"Dorog, Keszt\u00f6lc, Le\u00e1nyv\u00e1r, Piliscs\u00e9v, Tokod, Tokodalt\u00e1r\u00f3, Csolnok, Esztergom-kertv\u00e1ros: h\u00edrek, programok","publisher":{"@id":"https:\/\/dorogimedence.hu\/#organization"},"potentialAction":[{"@type":"SearchAction","target":{"@type":"EntryPoint","urlTemplate":"https:\/\/dorogimedence.hu\/?s={search_term_string}"},"query-input":{"@type":"PropertyValueSpecification","valueRequired":true,"valueName":"search_term_string"}}],"inLanguage":"hu"},{"@type":"Organization","@id":"https:\/\/dorogimedence.hu\/#organization","name":"Dorogi-medence Region\u00e1lis H\u00edrport\u00e1l","url":"https:\/\/dorogimedence.hu\/","logo":{"@type":"ImageObject","inLanguage":"hu","@id":"https:\/\/dorogimedence.hu\/#\/schema\/logo\/image\/","url":"https:\/\/dorogimedence.hu\/wp-content\/uploads\/2021\/04\/logo-feher-600.png","contentUrl":"https:\/\/dorogimedence.hu\/wp-content\/uploads\/2021\/04\/logo-feher-600.png","width":600,"height":100,"caption":"Dorogi-medence Region\u00e1lis H\u00edrport\u00e1l"},"image":{"@id":"https:\/\/dorogimedence.hu\/#\/schema\/logo\/image\/"},"sameAs":["https:\/\/www.facebook.com\/dorogimedence\/"]},{"@type":"Person","@id":"https:\/\/dorogimedence.hu\/#\/schema\/person\/ce6091eeb7e95ecdc87890d6aa8e0fd4","name":"dorogimedence.hu","image":{"@type":"ImageObject","inLanguage":"hu","@id":"\/\/www.gravatar.com\/avatar\/d8d45f8901aadff40a4af72c0b826f1d?s=96&#038;r=g&#038;d=mm","url":"\/\/www.gravatar.com\/avatar\/d8d45f8901aadff40a4af72c0b826f1d?s=96&#038;r=g&#038;d=mm","contentUrl":"\/\/www.gravatar.com\/avatar\/d8d45f8901aadff40a4af72c0b826f1d?s=96&#038;r=g&#038;d=mm","caption":"dorogimedence.hu"}}]}},"_links":{"self":[{"href":"https:\/\/dorogimedence.hu\/index.php\/wp-json\/wp\/v2\/posts\/36088","targetHints":{"allow":["GET"]}}],"collection":[{"href":"https:\/\/dorogimedence.hu\/index.php\/wp-json\/wp\/v2\/posts"}],"about":[{"href":"https:\/\/dorogimedence.hu\/index.php\/wp-json\/wp\/v2\/types\/post"}],"author":[{"embeddable":true,"href":"https:\/\/dorogimedence.hu\/index.php\/wp-json\/wp\/v2\/users\/1"}],"replies":[{"embeddable":true,"href":"https:\/\/dorogimedence.hu\/index.php\/wp-json\/wp\/v2\/comments?post=36088"}],"version-history":[{"count":0,"href":"https:\/\/dorogimedence.hu\/index.php\/wp-json\/wp\/v2\/posts\/36088\/revisions"}],"wp:featuredmedia":[{"embeddable":true,"href":"https:\/\/dorogimedence.hu\/index.php\/wp-json\/wp\/v2\/media\/36090"}],"wp:attachment":[{"href":"https:\/\/dorogimedence.hu\/index.php\/wp-json\/wp\/v2\/media?parent=36088"}],"wp:term":[{"taxonomy":"category","embeddable":true,"href":"https:\/\/dorogimedence.hu\/index.php\/wp-json\/wp\/v2\/categories?post=36088"},{"taxonomy":"post_tag","embeddable":true,"href":"https:\/\/dorogimedence.hu\/index.php\/wp-json\/wp\/v2\/tags?post=36088"}],"curies":[{"name":"wp","href":"https:\/\/api.w.org\/{rel}","templated":true}]}}