{"id":36066,"date":"2021-08-23T06:53:24","date_gmt":"2021-08-23T04:53:24","guid":{"rendered":"https:\/\/dorogimedence.hu\/?p=36066"},"modified":"2021-08-23T06:54:51","modified_gmt":"2021-08-23T04:54:51","slug":"ket-gollal-kapott-ki-budafoktol-a-dorog","status":"publish","type":"post","link":"https:\/\/dorogimedence.hu\/index.php\/2021\/08\/23\/ket-gollal-kapott-ki-budafoktol-a-dorog\/","title":{"rendered":"K\u00e9t g\u00f3llal kapott ki Budafokt\u00f3l a Dorog"},"content":{"rendered":"<p><strong>Augusztus 22-\u00e9n, vas\u00e1rnap rendezt\u00e9k meg a Labdar\u00fag\u00f3 NB II. \u00f6t\u00f6dik fordul\u00f3j\u00e1t, ahol a Budafoki MTE vend\u00e9ge a Dorogi FC volt. Az els\u0151 f\u00e9lid\u0151ben m\u00e9g voltak felvillan\u00e1sai a dorogi alakulatnak, \u00e1m a sz\u00fcnet ut\u00e1n m\u00e1r egy\u00e9rtelm\u0171en az t\u00f6rt\u00e9nt a p\u00e1ly\u00e1n, amit a budafokiak akartak<\/strong> <em>&#8211; \u00edrja a Nemzeti Sport.<\/em><\/p>\n<p>A dorogi egy\u00fcttes stabil v\u00e9dekez\u00e9sb\u0151l indulva kontr\u00e1kkal pr\u00f3b\u00e1lt meg zavart okozni az els\u0151 percekben a gy\u0151zelmi k\u00e9nyszer alatt j\u00e1tsz\u00f3 Budafok otthon\u00e1ban. K\u00fcl\u00f6n\u00f6sen a bal oldala volt akt\u00edv a vend\u00e9geknek, Szedl\u00e1r Zolt\u00e1nnal alaposan meggy\u0171lt a bajuk a hazai v\u00e9d\u0151knek. A vend\u00e9gl\u00e1t\u00f3k ugyanakkor Ihrig-Farkas Sebesty\u00e9n gyorsas\u00e1g\u00e1ban \u00e9s bead\u00e1saiban b\u00edztak. Nem v\u00e9letlen\u00fcl, a hazai sz\u00e9ls\u0151 a 19. percben \u00fagy var\u00e1zsolta<strong> F\u00f3tyik Dominikhoz<\/strong> a labd\u00e1t, hogy az el\u0151re h\u00faz\u00f3dott v\u00e9d\u0151nek csak a kapuba kellett l\u0151ni, <strong>1\u20130.<\/strong> A vezet\u00e9s birtok\u00e1ban azt\u00e1n m\u00e1r higgadtabban futballozott a Budafok. A m\u00e1sodik f\u00e9lid\u0151ben sok\u00e1ig csapkod\u00f3 futballt l\u00e1thattak a n\u00e9z\u0151k. Azt\u00e1n egy \u00f3ra eltelt\u00e9vel p\u00e1ly\u00e1ra l\u00e9pett Szab\u00f3 M\u00e1t\u00e9 \u00e9s egy csap\u00e1sra lend\u00fcletet vitt a hazaiak j\u00e1t\u00e9k\u00e1ba. K\u00e9ptelenek voltak feltart\u00f3ztatni a fiatal t\u00e1mad\u00f3t a dorogi v\u00e9d\u0151k, s csak id\u0151 k\u00e9rd\u00e9se volt, mikor biztos\u00edtja be gy\u0151zelm\u00e9t a Budafok. A m\u00e1sodik, mindent eld\u00f6nt\u0151 tal\u00e1latot \u00e9pp <strong>Szab\u00f3 M\u00e1t\u00e9 <\/strong>szerezte a 80. percben, <strong>2\u20130.<\/strong><\/p>\n<p><strong>LABDAR\u00daG\u00d3 NB II &#8211; 5. FORDUL\u00d3<br \/>\n<\/strong><span style=\"color: #ff0000;\"><strong>BUDAFOKI MTE\u2013DOROGI FC 2<\/strong><strong>\u20130 (1<\/strong><strong>\u20130)<\/strong><\/span><strong><br \/>\nBudapest, <\/strong>BMTE Stadion, <strong>500 <\/strong>n\u00e9z\u0151. <strong>Vezette: <\/strong>Z\u00e1m Zsolt (Horv\u00e1th Zolt\u00e1n, Kiss Bal\u00e1zs)<br \/>\n<strong>BUDAFOK:<\/strong> Bese \u2013 Szalai D. (Margitics, 63.), Jagodics M., F\u00f3tyik, Kotula M. \u2013 N\u00e1ndori, Micsinai (Solt\u00e9sz I., 62.) \u2013 Ihrig-Farkas (Merv\u00f3, 83.), Zuigeber (L\u00e1szl\u00f3 D., 83.), Papp Marcell (Szab\u00f3 M., 62.) \u2013 Kov\u00e1cs D. <strong>Vezet\u0151edz\u0151: <\/strong>Bo\u00e9r G\u00e1bor<br \/>\n<strong>DOROG: <\/strong>Mursits \u2013 Ny\u00edri, T\u00f3th B., Izing, Papp M\u00e1t\u00e9 \u2013 Girsik (Dani, 86.), Pohner (Barna G., a sz\u00fcnetben), L\u00e9n\u00e1rth, Szedl\u00e1r (J\u00f3zsa, 86.) \u2013 P\u00e1link\u00e1s (Csillag D., 66.), Szerencsi (L\u0151rincz A., 79.). <strong>Vezet\u0151edz\u0151: <\/strong>Fenyvesi L\u00e1szl\u00f3<br \/>\n<strong>G\u00f3lszerz\u0151: <\/strong>F\u00f3tyik (21.), Szab\u00f3 M. (80.)<\/p>\n<p><strong>MESTERM\u00c9RLEG<\/strong><br \/>\n<strong>Bo\u00e9r G\u00e1bor<\/strong>: \u2013 Arra k\u00e9rtem a sr\u00e1cokat, hogy v\u00e9gig higgadtan, t\u00fcrelmesen j\u00e1tsszunk. Nagyon fontos volt, hogy nyerj\u00fcnk, hiszen m\u00e1r az el\u0151z\u0151 meccsen is voltak j\u00f3 pillanataink.<br \/>\n<strong>Fenyvesi L\u00e1szl\u00f3<\/strong>: \u2013 Az els\u0151 f\u00e9lid\u0151 kimondottan n\u00e9z\u0151 sz\u00f3rakoztat\u00f3 volt. A m\u00e1sodik f\u00e9lid\u0151ben m\u00e1r nem voltunk annyira kreat\u00edvak, nem is tudtam friss\u00edteni, mert sok hi\u00e1nyz\u00f3nk van. \u00d6sszess\u00e9g\u00e9ben meg\u00e9rdemelt hazai gy\u0151zelem sz\u00fcletett.<\/p>\n<p><a href=\"https:\/\/www.nemzetisport.hu\/labdarugo_nb_ii\/nb-ii-budafoki-mte-dorogi-fc-elo-2845661\" target=\"_blank\" rel=\"noopener\"><span style=\"text-decoration: underline; color: #0000ff;\">A m\u00e9rk\u0151z\u00e9s r\u00e9szletei&gt;&gt;<\/span><\/a><\/p>\n<p><em>Forr\u00e1s: nemzetisport.hu<\/em><br \/>\n<em>Bor\u00edt\u00f3k\u00e9p: Dorogi FC Facebook oldala<\/em><\/p>\n","protected":false},"excerpt":{"rendered":"<p>Augusztus 22-\u00e9n, vas\u00e1rnap rendezt\u00e9k meg a Labdar\u00fag\u00f3 NB II. \u00f6t\u00f6dik fordul\u00f3j\u00e1t, ahol a Budafoki MTE vend\u00e9ge a Dorogi FC volt. Az els\u0151 f\u00e9lid\u0151ben m\u00e9g voltak felvillan\u00e1sai a dorogi alakulatnak, \u00e1m a sz\u00fcnet ut\u00e1n m\u00e1r egy\u00e9rtelm\u0171en az t\u00f6rt\u00e9nt a p\u00e1ly\u00e1n, amit a budafokiak akartak &#8211; \u00edrja a Nemzeti Sport. A dorogi egy\u00fcttes stabil v\u00e9dekez\u00e9sb\u0151l indulva kontr\u00e1kkal<\/p>\n","protected":false},"author":1,"featured_media":36067,"comment_status":"closed","ping_status":"closed","sticky":false,"template":"","format":"standard","meta":{"ngg_post_thumbnail":0,"footnotes":""},"categories":[2,3,5],"tags":[1952,1937,15,37,70,69,72,263,16],"class_list":{"0":"post-36066","1":"post","2":"type-post","3":"status-publish","4":"format-standard","5":"has-post-thumbnail","7":"category-dorog","8":"category-hirek","9":"category-sport","10":"tag-budafok","11":"tag-budafoki-mte","12":"tag-dorog","13":"tag-dorogi-fc","14":"tag-foci","15":"tag-futball","16":"tag-labdarugas","17":"tag-nb-ii","18":"tag-sport"},"yoast_head":"<!-- This site is optimized with the Yoast SEO plugin v27.5 - https:\/\/yoast.com\/product\/yoast-seo-wordpress\/ -->\n<title>K\u00e9t g\u00f3llal kapott ki Budafokt\u00f3l a Dorog<\/title>\n<meta name=\"robots\" content=\"index, follow, max-snippet:-1, max-image-preview:large, max-video-preview:-1\" \/>\n<link rel=\"canonical\" href=\"https:\/\/dorogimedence.hu\/index.php\/2021\/08\/23\/ket-gollal-kapott-ki-budafoktol-a-dorog\/\" class=\"yoast-seo-meta-tag\" \/>\n<meta property=\"og:locale\" content=\"hu_HU\" class=\"yoast-seo-meta-tag\" \/>\n<meta property=\"og:type\" content=\"article\" class=\"yoast-seo-meta-tag\" \/>\n<meta property=\"og:title\" content=\"K\u00e9t g\u00f3llal kapott ki Budafokt\u00f3l a Dorog\" class=\"yoast-seo-meta-tag\" \/>\n<meta property=\"og:description\" content=\"Augusztus 22-\u00e9n, vas\u00e1rnap rendezt\u00e9k meg a Labdar\u00fag\u00f3 NB II. \u00f6t\u00f6dik fordul\u00f3j\u00e1t, ahol a Budafoki MTE vend\u00e9ge a Dorogi FC volt. Az els\u0151 f\u00e9lid\u0151ben m\u00e9g voltak felvillan\u00e1sai a dorogi alakulatnak, \u00e1m a sz\u00fcnet ut\u00e1n m\u00e1r egy\u00e9rtelm\u0171en az t\u00f6rt\u00e9nt a p\u00e1ly\u00e1n, amit a budafokiak akartak &#8211; \u00edrja a Nemzeti Sport. A dorogi egy\u00fcttes stabil v\u00e9dekez\u00e9sb\u0151l indulva kontr\u00e1kkal\" class=\"yoast-seo-meta-tag\" \/>\n<meta property=\"og:url\" content=\"https:\/\/dorogimedence.hu\/index.php\/2021\/08\/23\/ket-gollal-kapott-ki-budafoktol-a-dorog\/\" class=\"yoast-seo-meta-tag\" \/>\n<meta property=\"og:site_name\" content=\"Dorogi-medence Region\u00e1lis H\u00edrport\u00e1l\" class=\"yoast-seo-meta-tag\" \/>\n<meta property=\"article:publisher\" content=\"https:\/\/www.facebook.com\/dorogimedence\/\" class=\"yoast-seo-meta-tag\" \/>\n<meta property=\"article:published_time\" content=\"2021-08-23T04:53:24+00:00\" class=\"yoast-seo-meta-tag\" \/>\n<meta property=\"article:modified_time\" content=\"2021-08-23T04:54:51+00:00\" class=\"yoast-seo-meta-tag\" \/>\n<meta property=\"og:image\" content=\"https:\/\/i0.wp.com\/dorogimedence.hu\/wp-content\/uploads\/2021\/08\/240387115_225946066205527_4189643166442713889_n.jpg?fit=1560%2C1040&ssl=1\" class=\"yoast-seo-meta-tag\" \/>\n\t<meta property=\"og:image:width\" content=\"1560\" class=\"yoast-seo-meta-tag\" \/>\n\t<meta property=\"og:image:height\" content=\"1040\" class=\"yoast-seo-meta-tag\" \/>\n\t<meta property=\"og:image:type\" content=\"image\/jpeg\" class=\"yoast-seo-meta-tag\" \/>\n<meta name=\"author\" content=\"dorogimedence.hu\" class=\"yoast-seo-meta-tag\" \/>\n<meta name=\"twitter:card\" content=\"summary_large_image\" class=\"yoast-seo-meta-tag\" \/>\n<meta name=\"twitter:label1\" content=\"Szerz\u0151:\" class=\"yoast-seo-meta-tag\" \/>\n\t<meta name=\"twitter:data1\" content=\"dorogimedence.hu\" class=\"yoast-seo-meta-tag\" \/>\n\t<meta name=\"twitter:label2\" content=\"Becs\u00fclt olvas\u00e1si id\u0151\" class=\"yoast-seo-meta-tag\" \/>\n\t<meta name=\"twitter:data2\" content=\"2 perc\" class=\"yoast-seo-meta-tag\" \/>\n<script type=\"application\/ld+json\" class=\"yoast-schema-graph\">{\"@context\":\"https:\\\/\\\/schema.org\",\"@graph\":[{\"@type\":\"Article\",\"@id\":\"https:\\\/\\\/dorogimedence.hu\\\/index.php\\\/2021\\\/08\\\/23\\\/ket-gollal-kapott-ki-budafoktol-a-dorog\\\/#article\",\"isPartOf\":{\"@id\":\"https:\\\/\\\/dorogimedence.hu\\\/index.php\\\/2021\\\/08\\\/23\\\/ket-gollal-kapott-ki-budafoktol-a-dorog\\\/\"},\"author\":{\"name\":\"dorogimedence.hu\",\"@id\":\"https:\\\/\\\/dorogimedence.hu\\\/#\\\/schema\\\/person\\\/ce6091eeb7e95ecdc87890d6aa8e0fd4\"},\"headline\":\"K\u00e9t g\u00f3llal kapott ki Budafokt\u00f3l a Dorog\",\"datePublished\":\"2021-08-23T04:53:24+00:00\",\"dateModified\":\"2021-08-23T04:54:51+00:00\",\"mainEntityOfPage\":{\"@id\":\"https:\\\/\\\/dorogimedence.hu\\\/index.php\\\/2021\\\/08\\\/23\\\/ket-gollal-kapott-ki-budafoktol-a-dorog\\\/\"},\"wordCount\":505,\"publisher\":{\"@id\":\"https:\\\/\\\/dorogimedence.hu\\\/#organization\"},\"image\":{\"@id\":\"https:\\\/\\\/dorogimedence.hu\\\/index.php\\\/2021\\\/08\\\/23\\\/ket-gollal-kapott-ki-budafoktol-a-dorog\\\/#primaryimage\"},\"thumbnailUrl\":\"https:\\\/\\\/dorogimedence.hu\\\/wp-content\\\/uploads\\\/2021\\\/08\\\/240387115_225946066205527_4189643166442713889_n.jpg\",\"keywords\":[\"Budafok\",\"Budafoki MTE\",\"Dorog\",\"Dorogi FC\",\"foci\",\"futball\",\"labdar\u00fag\u00e1s\",\"NB II\",\"sport\"],\"articleSection\":[\"Dorog\",\"H\u00edrek\",\"Sport\"],\"inLanguage\":\"hu\"},{\"@type\":\"WebPage\",\"@id\":\"https:\\\/\\\/dorogimedence.hu\\\/index.php\\\/2021\\\/08\\\/23\\\/ket-gollal-kapott-ki-budafoktol-a-dorog\\\/\",\"url\":\"https:\\\/\\\/dorogimedence.hu\\\/index.php\\\/2021\\\/08\\\/23\\\/ket-gollal-kapott-ki-budafoktol-a-dorog\\\/\",\"name\":\"K\u00e9t g\u00f3llal kapott ki Budafokt\u00f3l a Dorog\",\"isPartOf\":{\"@id\":\"https:\\\/\\\/dorogimedence.hu\\\/#website\"},\"primaryImageOfPage\":{\"@id\":\"https:\\\/\\\/dorogimedence.hu\\\/index.php\\\/2021\\\/08\\\/23\\\/ket-gollal-kapott-ki-budafoktol-a-dorog\\\/#primaryimage\"},\"image\":{\"@id\":\"https:\\\/\\\/dorogimedence.hu\\\/index.php\\\/2021\\\/08\\\/23\\\/ket-gollal-kapott-ki-budafoktol-a-dorog\\\/#primaryimage\"},\"thumbnailUrl\":\"https:\\\/\\\/dorogimedence.hu\\\/wp-content\\\/uploads\\\/2021\\\/08\\\/240387115_225946066205527_4189643166442713889_n.jpg\",\"datePublished\":\"2021-08-23T04:53:24+00:00\",\"dateModified\":\"2021-08-23T04:54:51+00:00\",\"breadcrumb\":{\"@id\":\"https:\\\/\\\/dorogimedence.hu\\\/index.php\\\/2021\\\/08\\\/23\\\/ket-gollal-kapott-ki-budafoktol-a-dorog\\\/#breadcrumb\"},\"inLanguage\":\"hu\",\"potentialAction\":[{\"@type\":\"ReadAction\",\"target\":[\"https:\\\/\\\/dorogimedence.hu\\\/index.php\\\/2021\\\/08\\\/23\\\/ket-gollal-kapott-ki-budafoktol-a-dorog\\\/\"]}]},{\"@type\":\"ImageObject\",\"inLanguage\":\"hu\",\"@id\":\"https:\\\/\\\/dorogimedence.hu\\\/index.php\\\/2021\\\/08\\\/23\\\/ket-gollal-kapott-ki-budafoktol-a-dorog\\\/#primaryimage\",\"url\":\"https:\\\/\\\/dorogimedence.hu\\\/wp-content\\\/uploads\\\/2021\\\/08\\\/240387115_225946066205527_4189643166442713889_n.jpg\",\"contentUrl\":\"https:\\\/\\\/dorogimedence.hu\\\/wp-content\\\/uploads\\\/2021\\\/08\\\/240387115_225946066205527_4189643166442713889_n.jpg\",\"width\":1560,\"height\":1040},{\"@type\":\"BreadcrumbList\",\"@id\":\"https:\\\/\\\/dorogimedence.hu\\\/index.php\\\/2021\\\/08\\\/23\\\/ket-gollal-kapott-ki-budafoktol-a-dorog\\\/#breadcrumb\",\"itemListElement\":[{\"@type\":\"ListItem\",\"position\":1,\"name\":\"Kezd\u0151lap\",\"item\":\"https:\\\/\\\/dorogimedence.hu\\\/\"},{\"@type\":\"ListItem\",\"position\":2,\"name\":\"K\u00e9t g\u00f3llal kapott ki Budafokt\u00f3l a Dorog\"}]},{\"@type\":\"WebSite\",\"@id\":\"https:\\\/\\\/dorogimedence.hu\\\/#website\",\"url\":\"https:\\\/\\\/dorogimedence.hu\\\/\",\"name\":\"Dorogi-medence Region\u00e1lis H\u00edrport\u00e1l\",\"description\":\"Dorog, Keszt\u00f6lc, Le\u00e1nyv\u00e1r, Piliscs\u00e9v, Tokod, Tokodalt\u00e1r\u00f3, Csolnok, Esztergom-kertv\u00e1ros: h\u00edrek, programok\",\"publisher\":{\"@id\":\"https:\\\/\\\/dorogimedence.hu\\\/#organization\"},\"potentialAction\":[{\"@type\":\"SearchAction\",\"target\":{\"@type\":\"EntryPoint\",\"urlTemplate\":\"https:\\\/\\\/dorogimedence.hu\\\/?s={search_term_string}\"},\"query-input\":{\"@type\":\"PropertyValueSpecification\",\"valueRequired\":true,\"valueName\":\"search_term_string\"}}],\"inLanguage\":\"hu\"},{\"@type\":\"Organization\",\"@id\":\"https:\\\/\\\/dorogimedence.hu\\\/#organization\",\"name\":\"Dorogi-medence Region\u00e1lis H\u00edrport\u00e1l\",\"url\":\"https:\\\/\\\/dorogimedence.hu\\\/\",\"logo\":{\"@type\":\"ImageObject\",\"inLanguage\":\"hu\",\"@id\":\"https:\\\/\\\/dorogimedence.hu\\\/#\\\/schema\\\/logo\\\/image\\\/\",\"url\":\"https:\\\/\\\/dorogimedence.hu\\\/wp-content\\\/uploads\\\/2021\\\/04\\\/logo-feher-600.png\",\"contentUrl\":\"https:\\\/\\\/dorogimedence.hu\\\/wp-content\\\/uploads\\\/2021\\\/04\\\/logo-feher-600.png\",\"width\":600,\"height\":100,\"caption\":\"Dorogi-medence Region\u00e1lis H\u00edrport\u00e1l\"},\"image\":{\"@id\":\"https:\\\/\\\/dorogimedence.hu\\\/#\\\/schema\\\/logo\\\/image\\\/\"},\"sameAs\":[\"https:\\\/\\\/www.facebook.com\\\/dorogimedence\\\/\"]},{\"@type\":\"Person\",\"@id\":\"https:\\\/\\\/dorogimedence.hu\\\/#\\\/schema\\\/person\\\/ce6091eeb7e95ecdc87890d6aa8e0fd4\",\"name\":\"dorogimedence.hu\",\"image\":{\"@type\":\"ImageObject\",\"inLanguage\":\"hu\",\"@id\":\"\\\/\\\/www.gravatar.com\\\/avatar\\\/d8d45f8901aadff40a4af72c0b826f1d?s=96&#038;r=g&#038;d=mm\",\"url\":\"\\\/\\\/www.gravatar.com\\\/avatar\\\/d8d45f8901aadff40a4af72c0b826f1d?s=96&#038;r=g&#038;d=mm\",\"contentUrl\":\"\\\/\\\/www.gravatar.com\\\/avatar\\\/d8d45f8901aadff40a4af72c0b826f1d?s=96&#038;r=g&#038;d=mm\",\"caption\":\"dorogimedence.hu\"}}]}<\/script>\n<!-- \/ Yoast SEO plugin. -->","yoast_head_json":{"title":"K\u00e9t g\u00f3llal kapott ki Budafokt\u00f3l a Dorog","robots":{"index":"index","follow":"follow","max-snippet":"max-snippet:-1","max-image-preview":"max-image-preview:large","max-video-preview":"max-video-preview:-1"},"canonical":"https:\/\/dorogimedence.hu\/index.php\/2021\/08\/23\/ket-gollal-kapott-ki-budafoktol-a-dorog\/","og_locale":"hu_HU","og_type":"article","og_title":"K\u00e9t g\u00f3llal kapott ki Budafokt\u00f3l a Dorog","og_description":"Augusztus 22-\u00e9n, vas\u00e1rnap rendezt\u00e9k meg a Labdar\u00fag\u00f3 NB II. \u00f6t\u00f6dik fordul\u00f3j\u00e1t, ahol a Budafoki MTE vend\u00e9ge a Dorogi FC volt. Az els\u0151 f\u00e9lid\u0151ben m\u00e9g voltak felvillan\u00e1sai a dorogi alakulatnak, \u00e1m a sz\u00fcnet ut\u00e1n m\u00e1r egy\u00e9rtelm\u0171en az t\u00f6rt\u00e9nt a p\u00e1ly\u00e1n, amit a budafokiak akartak &#8211; \u00edrja a Nemzeti Sport. A dorogi egy\u00fcttes stabil v\u00e9dekez\u00e9sb\u0151l indulva kontr\u00e1kkal","og_url":"https:\/\/dorogimedence.hu\/index.php\/2021\/08\/23\/ket-gollal-kapott-ki-budafoktol-a-dorog\/","og_site_name":"Dorogi-medence Region\u00e1lis H\u00edrport\u00e1l","article_publisher":"https:\/\/www.facebook.com\/dorogimedence\/","article_published_time":"2021-08-23T04:53:24+00:00","article_modified_time":"2021-08-23T04:54:51+00:00","og_image":[{"width":1560,"height":1040,"url":"https:\/\/i0.wp.com\/dorogimedence.hu\/wp-content\/uploads\/2021\/08\/240387115_225946066205527_4189643166442713889_n.jpg?fit=1560%2C1040&ssl=1","type":"image\/jpeg"}],"author":"dorogimedence.hu","twitter_card":"summary_large_image","twitter_misc":{"Szerz\u0151:":"dorogimedence.hu","Becs\u00fclt olvas\u00e1si id\u0151":"2 perc"},"schema":{"@context":"https:\/\/schema.org","@graph":[{"@type":"Article","@id":"https:\/\/dorogimedence.hu\/index.php\/2021\/08\/23\/ket-gollal-kapott-ki-budafoktol-a-dorog\/#article","isPartOf":{"@id":"https:\/\/dorogimedence.hu\/index.php\/2021\/08\/23\/ket-gollal-kapott-ki-budafoktol-a-dorog\/"},"author":{"name":"dorogimedence.hu","@id":"https:\/\/dorogimedence.hu\/#\/schema\/person\/ce6091eeb7e95ecdc87890d6aa8e0fd4"},"headline":"K\u00e9t g\u00f3llal kapott ki Budafokt\u00f3l a Dorog","datePublished":"2021-08-23T04:53:24+00:00","dateModified":"2021-08-23T04:54:51+00:00","mainEntityOfPage":{"@id":"https:\/\/dorogimedence.hu\/index.php\/2021\/08\/23\/ket-gollal-kapott-ki-budafoktol-a-dorog\/"},"wordCount":505,"publisher":{"@id":"https:\/\/dorogimedence.hu\/#organization"},"image":{"@id":"https:\/\/dorogimedence.hu\/index.php\/2021\/08\/23\/ket-gollal-kapott-ki-budafoktol-a-dorog\/#primaryimage"},"thumbnailUrl":"https:\/\/dorogimedence.hu\/wp-content\/uploads\/2021\/08\/240387115_225946066205527_4189643166442713889_n.jpg","keywords":["Budafok","Budafoki MTE","Dorog","Dorogi FC","foci","futball","labdar\u00fag\u00e1s","NB II","sport"],"articleSection":["Dorog","H\u00edrek","Sport"],"inLanguage":"hu"},{"@type":"WebPage","@id":"https:\/\/dorogimedence.hu\/index.php\/2021\/08\/23\/ket-gollal-kapott-ki-budafoktol-a-dorog\/","url":"https:\/\/dorogimedence.hu\/index.php\/2021\/08\/23\/ket-gollal-kapott-ki-budafoktol-a-dorog\/","name":"K\u00e9t g\u00f3llal kapott ki Budafokt\u00f3l a Dorog","isPartOf":{"@id":"https:\/\/dorogimedence.hu\/#website"},"primaryImageOfPage":{"@id":"https:\/\/dorogimedence.hu\/index.php\/2021\/08\/23\/ket-gollal-kapott-ki-budafoktol-a-dorog\/#primaryimage"},"image":{"@id":"https:\/\/dorogimedence.hu\/index.php\/2021\/08\/23\/ket-gollal-kapott-ki-budafoktol-a-dorog\/#primaryimage"},"thumbnailUrl":"https:\/\/dorogimedence.hu\/wp-content\/uploads\/2021\/08\/240387115_225946066205527_4189643166442713889_n.jpg","datePublished":"2021-08-23T04:53:24+00:00","dateModified":"2021-08-23T04:54:51+00:00","breadcrumb":{"@id":"https:\/\/dorogimedence.hu\/index.php\/2021\/08\/23\/ket-gollal-kapott-ki-budafoktol-a-dorog\/#breadcrumb"},"inLanguage":"hu","potentialAction":[{"@type":"ReadAction","target":["https:\/\/dorogimedence.hu\/index.php\/2021\/08\/23\/ket-gollal-kapott-ki-budafoktol-a-dorog\/"]}]},{"@type":"ImageObject","inLanguage":"hu","@id":"https:\/\/dorogimedence.hu\/index.php\/2021\/08\/23\/ket-gollal-kapott-ki-budafoktol-a-dorog\/#primaryimage","url":"https:\/\/dorogimedence.hu\/wp-content\/uploads\/2021\/08\/240387115_225946066205527_4189643166442713889_n.jpg","contentUrl":"https:\/\/dorogimedence.hu\/wp-content\/uploads\/2021\/08\/240387115_225946066205527_4189643166442713889_n.jpg","width":1560,"height":1040},{"@type":"BreadcrumbList","@id":"https:\/\/dorogimedence.hu\/index.php\/2021\/08\/23\/ket-gollal-kapott-ki-budafoktol-a-dorog\/#breadcrumb","itemListElement":[{"@type":"ListItem","position":1,"name":"Kezd\u0151lap","item":"https:\/\/dorogimedence.hu\/"},{"@type":"ListItem","position":2,"name":"K\u00e9t g\u00f3llal kapott ki Budafokt\u00f3l a Dorog"}]},{"@type":"WebSite","@id":"https:\/\/dorogimedence.hu\/#website","url":"https:\/\/dorogimedence.hu\/","name":"Dorogi-medence Region\u00e1lis H\u00edrport\u00e1l","description":"Dorog, Keszt\u00f6lc, Le\u00e1nyv\u00e1r, Piliscs\u00e9v, Tokod, Tokodalt\u00e1r\u00f3, Csolnok, Esztergom-kertv\u00e1ros: h\u00edrek, programok","publisher":{"@id":"https:\/\/dorogimedence.hu\/#organization"},"potentialAction":[{"@type":"SearchAction","target":{"@type":"EntryPoint","urlTemplate":"https:\/\/dorogimedence.hu\/?s={search_term_string}"},"query-input":{"@type":"PropertyValueSpecification","valueRequired":true,"valueName":"search_term_string"}}],"inLanguage":"hu"},{"@type":"Organization","@id":"https:\/\/dorogimedence.hu\/#organization","name":"Dorogi-medence Region\u00e1lis H\u00edrport\u00e1l","url":"https:\/\/dorogimedence.hu\/","logo":{"@type":"ImageObject","inLanguage":"hu","@id":"https:\/\/dorogimedence.hu\/#\/schema\/logo\/image\/","url":"https:\/\/dorogimedence.hu\/wp-content\/uploads\/2021\/04\/logo-feher-600.png","contentUrl":"https:\/\/dorogimedence.hu\/wp-content\/uploads\/2021\/04\/logo-feher-600.png","width":600,"height":100,"caption":"Dorogi-medence Region\u00e1lis H\u00edrport\u00e1l"},"image":{"@id":"https:\/\/dorogimedence.hu\/#\/schema\/logo\/image\/"},"sameAs":["https:\/\/www.facebook.com\/dorogimedence\/"]},{"@type":"Person","@id":"https:\/\/dorogimedence.hu\/#\/schema\/person\/ce6091eeb7e95ecdc87890d6aa8e0fd4","name":"dorogimedence.hu","image":{"@type":"ImageObject","inLanguage":"hu","@id":"\/\/www.gravatar.com\/avatar\/d8d45f8901aadff40a4af72c0b826f1d?s=96&#038;r=g&#038;d=mm","url":"\/\/www.gravatar.com\/avatar\/d8d45f8901aadff40a4af72c0b826f1d?s=96&#038;r=g&#038;d=mm","contentUrl":"\/\/www.gravatar.com\/avatar\/d8d45f8901aadff40a4af72c0b826f1d?s=96&#038;r=g&#038;d=mm","caption":"dorogimedence.hu"}}]}},"_links":{"self":[{"href":"https:\/\/dorogimedence.hu\/index.php\/wp-json\/wp\/v2\/posts\/36066","targetHints":{"allow":["GET"]}}],"collection":[{"href":"https:\/\/dorogimedence.hu\/index.php\/wp-json\/wp\/v2\/posts"}],"about":[{"href":"https:\/\/dorogimedence.hu\/index.php\/wp-json\/wp\/v2\/types\/post"}],"author":[{"embeddable":true,"href":"https:\/\/dorogimedence.hu\/index.php\/wp-json\/wp\/v2\/users\/1"}],"replies":[{"embeddable":true,"href":"https:\/\/dorogimedence.hu\/index.php\/wp-json\/wp\/v2\/comments?post=36066"}],"version-history":[{"count":0,"href":"https:\/\/dorogimedence.hu\/index.php\/wp-json\/wp\/v2\/posts\/36066\/revisions"}],"wp:featuredmedia":[{"embeddable":true,"href":"https:\/\/dorogimedence.hu\/index.php\/wp-json\/wp\/v2\/media\/36067"}],"wp:attachment":[{"href":"https:\/\/dorogimedence.hu\/index.php\/wp-json\/wp\/v2\/media?parent=36066"}],"wp:term":[{"taxonomy":"category","embeddable":true,"href":"https:\/\/dorogimedence.hu\/index.php\/wp-json\/wp\/v2\/categories?post=36066"},{"taxonomy":"post_tag","embeddable":true,"href":"https:\/\/dorogimedence.hu\/index.php\/wp-json\/wp\/v2\/tags?post=36066"}],"curies":[{"name":"wp","href":"https:\/\/api.w.org\/{rel}","templated":true}]}}