{"id":35995,"date":"2021-08-21T04:20:14","date_gmt":"2021-08-21T02:20:14","guid":{"rendered":"https:\/\/dorogimedence.hu\/?p=35995"},"modified":"2021-08-21T11:41:06","modified_gmt":"2021-08-21T09:41:06","slug":"orok-merlegen-budafok-dorog","status":"publish","type":"post","link":"https:\/\/dorogimedence.hu\/index.php\/2021\/08\/21\/orok-merlegen-budafok-dorog\/","title":{"rendered":"\u00d6r\u00f6k M\u00e9rlegen: Budafok \u2013 Dorog"},"content":{"rendered":"<p style=\"text-align: justify;\"><strong>A h\u00e9tv\u00e9g\u00e9n imm\u00e1r az 5. fordul\u00f3val folytat\u00f3dik az NB II-es labdar\u00fag\u00f3 bajnoks\u00e1g, ahol a dorogiak Budafokon l\u00e9pnek p\u00e1ly\u00e1ra az elm\u00falt \u00e9vadban m\u00e9g az NB I-ben szerepl\u0151 d\u00e9l-budai h\u00e1zigazd\u00e1k ellen. A mez\u0151ny tagjai k\u00f6z\u00fcl az egyik legr\u00e9gebbi p\u00e1rharc ellen\u00fck tart. Izgalmas, egyben \u00e9rdekes meccsre lesz kil\u00e1t\u00e1s, hiszen a hazaiak nem titkolt v\u00e1gya, hogy egyb\u0151l visszajussanak a legjobbak k\u00f6z\u00e9, a mieink pedig meglep\u0151en j\u00f3l rajtolva, jelenleg \u00e9ppen m\u00e1sodik, egyben feljut\u00f3 helyet foglalj\u00e1k el. Az \u00f6sszecsap\u00e1s augusztus 22-\u00e9n, vas\u00e1rnap 17.30-kor veszi kezdet\u00e9t a Promontor \u00fati sporttelepen<\/strong> &#8211; Szab\u00f3 Gyula cikke.<\/p>\n<p style=\"text-align: justify;\">K\u00f6zel egy teljes \u00e9vsz\u00e1zados m\u00faltra tekint vissza az egym\u00e1s elleni m\u00e9rk\u0151z\u00e9seink sora. Legels\u0151k\u00e9nt m\u00e1sodoszt\u00e1ly\u00fa bajnokin, 1923. november 4-\u00e9n Budafokon tal\u00e1lkoztak, ahol 2:0 ar\u00e1ny\u00fa hazai gy\u0151zelem sz\u00fcletett, majd a tavaszi dorogi visszav\u00e1g\u00f3n ugyanilyen ar\u00e1nyban a mieinknek siker\u00fclt gy\u0151zni\u00fck. Ezt k\u00f6vet\u0151en tov\u00e1bbi k\u00e9t egym\u00e1st k\u00f6vet\u0151 \u00e9vadban voltak ellenfelek ugyanebben az oszt\u00e1lyban. Mindk\u00e9t csapat mindk\u00e9t tov\u00e1bbi alkalommal a hazai meccseit hozta a m\u00e1sik ellen.<\/p>\n<p><img fetchpriority=\"high\" decoding=\"async\" class=\"aligncenter wp-image-36016 size-full\" src=\"https:\/\/dorogimedence.hu\/wp-content\/uploads\/2021\/08\/foci-02.jpg\" alt=\"\" width=\"768\" height=\"688\" srcset=\"https:\/\/dorogimedence.hu\/wp-content\/uploads\/2021\/08\/foci-02.jpg 768w, https:\/\/dorogimedence.hu\/wp-content\/uploads\/2021\/08\/foci-02-300x269.jpg 300w, https:\/\/dorogimedence.hu\/wp-content\/uploads\/2021\/08\/foci-02-150x134.jpg 150w, https:\/\/dorogimedence.hu\/wp-content\/uploads\/2021\/08\/foci-02-450x403.jpg 450w\" sizes=\"(max-width: 768px) 100vw, 768px\" \/><\/p>\n<p style=\"text-align: center;\"><em><span style=\"font-size: 10pt;\">Az 1976-os meccs\u00fck beharangoz\u00f3ja (forr\u00e1s: Dolgoz\u00f3k Lapja)<\/span><\/em><\/p>\n<p style=\"text-align: justify;\">Az 1926 tavasz\u00e1n j\u00e1tszott meccs\u00fck ut\u00e1n k\u00f6zel k\u00e9t teljes \u00e9vtizeden \u00e1t elker\u00fclt\u00e9k egym\u00e1st, amikor azt\u00e1n&nbsp; a 7. alkalommal m\u00e1r az NB I-ben fesz\u00fcltek egym\u00e1snak. Az 1945\u201346-os \u00e9vad a dorogiak sz\u00e1m\u00e1ra jelent \u00f6r\u00f6mtelibb eml\u00e9ket, ugyanis a hazai p\u00e1ly\u00e1n, 1945. okt\u00f3ber 21-\u00e9n lej\u00e1tszott m\u00e9rk\u0151z\u00e9sen Lampert M\u00e1ty\u00e1s (2) \u00e9s Horv\u00e1th Istv\u00e1n g\u00f3ljaival 3\u20132-re gy\u0151ztek a budafokiak ellen, amely egyben a dorogiak legels\u0151 NB I-es gy\u0151zelme is volt a fels\u0151h\u00e1zban. A tavaszi visszav\u00e1g\u00f3n a 2\u20132-re v\u00e9gz\u0151d\u00f6tt meccsen Rozgonyi Mikl\u00f3s \u00e9s Csizmadia Istv\u00e1n g\u00f3ljaival pontot szereztek ellenfel\u00fck otthon\u00e1ban.<\/p>\n<p><img decoding=\"async\" class=\"aligncenter wp-image-36017 size-full\" src=\"https:\/\/dorogimedence.hu\/wp-content\/uploads\/2021\/08\/csapesz.jpg\" alt=\"\" width=\"950\" height=\"952\" srcset=\"https:\/\/dorogimedence.hu\/wp-content\/uploads\/2021\/08\/csapesz.jpg 950w, https:\/\/dorogimedence.hu\/wp-content\/uploads\/2021\/08\/csapesz-300x300.jpg 300w, https:\/\/dorogimedence.hu\/wp-content\/uploads\/2021\/08\/csapesz-150x150.jpg 150w, https:\/\/dorogimedence.hu\/wp-content\/uploads\/2021\/08\/csapesz-768x770.jpg 768w, https:\/\/dorogimedence.hu\/wp-content\/uploads\/2021\/08\/csapesz-450x451.jpg 450w\" sizes=\"(max-width: 950px) 100vw, 950px\" \/><\/p>\n<p style=\"text-align: center;\"><em><span style=\"font-size: 10pt;\">Egy ritka olyan meccs, amelyen a dorogiak neh\u00e9zs\u00e9g n\u00e9lk\u00fcl nyertek a budafokiak ellen (forr\u00e1s: 24 \u00d3ra, Kom\u00e1rom-Esztergom megyei lap)<\/span><\/em><\/p>\n<p style=\"text-align: justify;\">Innent\u0151l kezdve imm\u00e1r k\u00f6zel h\u00e1romnegyed \u00e9vsz\u00e1zad \u00f3ta gyakrabban ker\u00fcltek \u00f6ssze \u00e9s a mai napig az eml\u00edtett k\u00e9t els\u0151 oszt\u00e1ly\u00fa meccs\u00fck\u00f6n k\u00edv\u00fcl legt\u00f6bbsz\u00f6r&nbsp; a m\u00e1sodoszt\u00e1lyban, 24-szer pedig a harmadoszt\u00e1lyban k\u00fczd\u00f6ttek meg. A k\u00e9t csapat egym\u00e1s elleni m\u00e9rlege meglehet\u0151sen kiegyenl\u00edtett viszonyokat mutat, noha bizonyos peri\u00f3dusokban hol az egyik, hol a m\u00e1sik f\u00e9lnek ment jobban. A hetvenes-nyolcvanas \u00e9vekben a Budafok domin\u00e1lt ink\u00e1bb \u00fagy, hogy azokban az id\u0151kben egyenesen mumusunknak voltak kiki\u00e1ltva, azt\u00e1n \u00fajra fordult a kocka \u00e9s sorozatos dorogi sikerek jellemezt\u00e9k a felek verseng\u00e9s\u00e9t.<\/p>\n<p style=\"text-align: justify;\">A k\u00e9t csapat k\u00e9t \u00e9vadban \u2013 1948\u201349 \u00e9s 1975\u201376 \u2013 is egym\u00e1s legnagyobb vet\u00e9lyt\u00e1rsai voltak az NB I-be val\u00f3 jut\u00e1s\u00e9rt, ahol a Dorog j\u00f6tt ki jobban \u00e9s jutott mindk\u00e9tszer a legmagasabb oszt\u00e1lyba. A n\u00e9z\u0151cs\u00facs is&nbsp; ekkor sz\u00fcletett az egym\u00e1s elleni tal\u00e1lkoz\u00f3ik sor\u00e1n, miut\u00e1n Dorogon 7 ezer n\u00e9z\u0151 el\u0151tt j\u00e1tszottak a csapatok 1976 tavasz\u00e1n. A budafokiak viszont 1982-ben t\u00f6rtek borsot a dorogiak orra al\u00e1, amikor a z\u00e1r\u00f3fordul\u00f3ban 2\u20131-re legy\u0151zt\u00e9k Budafokon a 2. helyen \u00e1ll\u00f3 Dorogot, m\u00edg a dorogiakat \u00fcld\u00f6z\u0151 22. sz. Vol\u00e1n 5\u20134-re verte a 4. helyezett Kecskem\u00e9tet, amellyel az utols\u00f3 fordul\u00f3t k\u00f6vet\u0151en helyet cser\u00e9ltek a tabell\u00e1n. Ez\u00e1ltal a dorogiak biztos ez\u00fcst\u00e9rme el\u00faszott.<\/p>\n<p style=\"text-align: justify;\">A Dorog n\u00e9gyszer tudott oda-vissza nyerni ugyan abban az \u00e9vadban: 1974\u201375 (3-1, 2-0), 1999\u20132000 (3\u20132, 3\u20130), 2002\u201303 (1\u20130. 1\u20130) \u00e9s 2011\u201312 (3\u20130, 3\u20130), m\u00edg ez a Budafoknak h\u00e1romszor siker\u00fclt \u2013 1977\u201378 (1\u20130, 2\u20130), 1980\u201381 (5\u20131, 2\u20130), valamint 2010\u201311 (2\u20130, 3\u20130). Legnagyobb ar\u00e1ny\u00fa gy\u0151zelm\u00fcnk felett\u00fck az 5 : 0 volt m\u00e9g 1926-ban, m\u00edg a Budafokiak legnagyobb sikere az 1980-ban aratott 5 : 1. Egy alkalommal igazi g\u00f3lsz\u00fcret t\u00f6rt\u00e9nt, m\u00e9gpedig 1998-ban a Budafokon j\u00e1tszott meccsen, ahol egy remek iram\u00fa, v\u00e1ltozatos j\u00e1t\u00e9kkal 4:4 ar\u00e1ny\u00fa d\u00f6ntetlennel v\u00e9geztek. Igaz, egy tov\u00e1bbi dorogi g\u00f3l nem ker\u00fclt megad\u00e1sra.<\/p>\n<p><span style=\"font-size: 10pt;\"><br \/>\n<img decoding=\"async\" class=\"wp-image-36018 size-full\" src=\"https:\/\/dorogimedence.hu\/wp-content\/uploads\/2021\/08\/bmte-03-1.jpg\" alt=\"\" width=\"670\" height=\"503\" srcset=\"https:\/\/dorogimedence.hu\/wp-content\/uploads\/2021\/08\/bmte-03-1.jpg 670w, https:\/\/dorogimedence.hu\/wp-content\/uploads\/2021\/08\/bmte-03-1-300x225.jpg 300w, https:\/\/dorogimedence.hu\/wp-content\/uploads\/2021\/08\/bmte-03-1-150x113.jpg 150w, https:\/\/dorogimedence.hu\/wp-content\/uploads\/2021\/08\/bmte-03-1-450x338.jpg 450w\" sizes=\"(max-width: 670px) 100vw, 670px\" \/>A<\/span><\/p>\n<p style=\"text-align: center;\"><em><span style=\"font-size: 10pt;\">2017 december\u00e9ben a 0:0-ra v\u00e9gz\u0151d\u00f6tt m\u00e9rk\u0151z\u00e9s\u00fck\u00f6n Budafokon<\/span><\/em><\/p>\n<p>Legut\u00f3bb tavaly febru\u00e1rban Budafokon tal\u00e1lkoztak, ahol nem kis brav\u00farral g\u00f3l n\u00e9lk\u00fcli d\u00f6ntetlent j\u00e1tszottunk a feljut\u00f3 helyen \u00e1ll\u00f3 hazaiak ellen, akik fel is jutottak a k\u00e9t fordul\u00f3val k\u00e9s\u0151bb f\u00e9lbeszakadt bajnoks\u00e1got k\u00f6vet\u0151en.<\/p>\n<p style=\"text-align: justify;\">A bajnoki tal\u00e1lkoz\u00f3kon fel\u00fcl, h\u00e1romszor a Magyar Kup\u00e1ban is \u00f6sszeker\u00fcltek, amely mindannyiszor a dorogiak siker\u00e9t hozta. 1976-ban a legjobb 16-k\u00f6z\u00e9 jut\u00e1s\u00e9rt oda-visszav\u00e1g\u00f3val ki\u00edrt tov\u00e1bbjut\u00e1s alkalm\u00e1n mind a k\u00e9t tal\u00e1lkoz\u00f3t siker\u00fclt megnyerni. Otthon 3\u20131-re, Budafokon pedig 2\u20131-es dorogi gy\u0151zelemmel, egyben biztos tov\u00e1bbjut\u00e1ssal z\u00e1rult a k\u00e9t meccs. 1986-ban a legjobb 32-k\u00f6z\u00e9 Dorogon nyert\u00fcnk 2 : 0 ar\u00e1nyban.<\/p>\n<p><img loading=\"lazy\" decoding=\"async\" class=\"aligncenter wp-image-35998 \" src=\"https:\/\/dorogimedence.hu\/wp-content\/uploads\/2021\/08\/B-D-merleg-jobbra-300x300.jpg\" alt=\"\" width=\"357\" height=\"357\" srcset=\"https:\/\/dorogimedence.hu\/wp-content\/uploads\/2021\/08\/B-D-merleg-jobbra-300x300.jpg 300w, https:\/\/dorogimedence.hu\/wp-content\/uploads\/2021\/08\/B-D-merleg-jobbra-150x150.jpg 150w, https:\/\/dorogimedence.hu\/wp-content\/uploads\/2021\/08\/B-D-merleg-jobbra-768x768.jpg 768w, https:\/\/dorogimedence.hu\/wp-content\/uploads\/2021\/08\/B-D-merleg-jobbra-450x450.jpg 450w, https:\/\/dorogimedence.hu\/wp-content\/uploads\/2021\/08\/B-D-merleg-jobbra.jpg 777w\" sizes=\"(max-width: 357px) 100vw, 357px\" \/><\/p>\n<p><strong><span style=\"text-decoration: underline;\">Ez lesz a k\u00e9t csapat 62. egym\u00e1s elleni t\u00e9tm\u00e9rk\u0151z\u00e9se.<\/span><\/strong><\/p>\n<p><strong><em>Az eddig 61 m\u00e9rk\u0151z\u00e9sen 26 dorogi gy\u0151zelem, 12 d\u00f6ntetlen, 23 veres\u00e9g; 85 : 85-\u00f6s g\u00f3lar\u00e1nnyal sz\u00fcletett.<\/em><\/strong><\/p>\n<p><strong><em>Csak a bajnoki m\u00e9rk\u0151z\u00e9seket figyelembe v\u00e9ve: 58 meccsb\u0151l 23 gy\u0151zelem, 12 d\u00f6ntetlen, 23 veres\u00e9g; 78 : 83-as&nbsp; g\u00f3lar\u00e1nnyal.<\/em><\/strong><\/p>\n<p><strong><em>Idegenben: 30 meccsb\u0151l 5 gy\u0151zelem, 10 d\u00f6ntetlen, 15 veres\u00e9g, 37 : 56-os g\u00f3lar\u00e1ny.<\/em><\/strong><\/p>\n<p style=\"text-align: justify;\">N\u00e9h\u00e1ny j\u00e1t\u00e9kos a kor\u00e1bbiakban mindk\u00e9t csapatban megfordult. M\u00e9g a 70-es \u00e9vekben Kapit\u00e1ny Gy\u00f6rgy \u00e9rkezett&nbsp; Budafokr\u00f3l Dorogra, ahol hossz\u00fa \u00e9veket j\u00e1tszott, eg\u00e9szen visszavonul\u00e1s\u00e1ig. K\u00f6zvetlen\u00fcl Dorogr\u00f3l igazolt Budafokra Garas Zolt\u00e1n 1993-ban, m\u00edg Bozai Gyula 1998-ban. Mindketten j\u00e1tszottak is a Dorog ellen a k\u00e9s\u0151bbiekben. Szint\u00e9n kor\u00e1bban a dorogiakn\u00e1l j\u00e1tsz\u00f3 S\u00fcveges Zolt\u00e1n k\u00e9s\u0151bb Budafokon is megfordult, aki&nbsp; 2003-ban nem csak j\u00e1tszott, de g\u00f3lt is l\u0151tt a Dorog ellen. A Fradi k\u00f6lcs\u00f6nj\u00e1t\u00e9kosaik\u00e9nt Budafokon j\u00e1tszott labdar\u00fag\u00f3k k\u00f6z\u00fcl Vanicsek Zolt\u00e1n \u00e9s a Sitku Ill\u00e9s n\u00e9mi kit\u00e9r\u0151t k\u00f6vet\u0151en a k\u00e9s\u0151bbiekben a Dorogba igazoltak. Sitku jelenleg&nbsp; a Dorogi FC szakmai st\u00e1bj\u00e1nak tagja, Az egykori budafoki, F\u00fcrjes \u00c1d\u00e1m hossz\u00fa \u00e9veken \u00e1t er\u0151s\u00edtette a dorogi csapatot. A m\u00falt \u00e9vben pedig kett\u0151s igazol\u00e1ssal az MTK-b\u00f3l Dorogon szerepelt Zuig\u00e9ber \u00c1kos most Budafokon van k\u00f6lcs\u00f6nben.<\/p>\n<p style=\"text-align: justify;\">Sajnos a g\u00f3ll\u00f6v\u0151k n\u00e9vjegyz\u00e9ke hi\u00e1nyos, tekintve, hogy a m\u00falt sz\u00e1zad h\u00faszas \u00e9veiben j\u00e1tszott hat m\u00e9rk\u0151z\u00e9s g\u00f3ll\u00f6v\u0151i is hi\u00e1nyoznak. \u00cdgy az ismert a 69 dorogi g\u00f3l szerz\u0151inek id\u0151rendben szedett list\u00e1ja z\u00e1rja a visszaeml\u00e9kez\u00e9st, amely 49 j\u00e1t\u00e9kos nev\u00e9hez f\u0171z\u0151dik. K\u00f6z\u00fcl\u00fck nyolcan dupl\u00e1ztak is, h\u00e1rman h\u00e1romszor, m\u00edg a m\u00e1r m\u00e9ltatott Bene Ferenc n\u00e9gyszer volt eredm\u00e9nyes ellen\u00fck. Lampert (2), Horv\u00e1th I, Rozgonyi, Csizmadia, Kinczel (3), Keszeli, Horv\u00e1th P. (2), Ecker (2), T\u00f3th Gy., Gub\u00e1n, Szilasi, Szab\u00f3 J., Peszeki J., Kiss L., Varga J., Laczk\u00f3, Arany M., B\u00f6r\u00f6czki, Polg\u00e1rdi, Marosv\u00f6lgyi, F\u00fcle, Magos, Csizmazia, Schuttovics (3), Harmat, Guba, Szalai N., Bene (4), Csap\u00f3 K. (2), Ign\u00e1cz, Vigh Sz. (3), Tak\u00e1cs G., Czifferi, Papp A. (2), Farag\u00f3 Sz., Czipper, Pandur, Horv\u00e1th, Havr\u00e1n, Demeter (2), Janetka, Andr\u00e9, N\u00e1sz (2), H\u00e9ray, Sebesty\u00e9n (2), Kop\u00e1nyi, Szedl\u00e1r, L\u00e9n\u00e1rth, Dlusztus \u00e9s Paudits (2).<\/p>\n<p><em><strong>Szab\u00f3 Gyula<\/strong><\/em><\/p>\n","protected":false},"excerpt":{"rendered":"<p>A h\u00e9tv\u00e9g\u00e9n imm\u00e1r az 5. fordul\u00f3val folytat\u00f3dik az NB II-es labdar\u00fag\u00f3 bajnoks\u00e1g, ahol a dorogiak Budafokon l\u00e9pnek p\u00e1ly\u00e1ra az elm\u00falt \u00e9vadban m\u00e9g az NB I-ben szerepl\u0151 d\u00e9l-budai h\u00e1zigazd\u00e1k ellen. A mez\u0151ny tagjai k\u00f6z\u00fcl az egyik legr\u00e9gebbi p\u00e1rharc ellen\u00fck tart. Izgalmas, egyben \u00e9rdekes meccsre lesz kil\u00e1t\u00e1s, hiszen a hazaiak nem titkolt v\u00e1gya, hogy egyb\u0151l visszajussanak a<\/p>\n","protected":false},"author":4,"featured_media":35999,"comment_status":"closed","ping_status":"closed","sticky":false,"template":"","format":"standard","meta":{"ngg_post_thumbnail":0,"footnotes":""},"categories":[2,3,5],"tags":[1952,15,37,70,69,72,263,16],"class_list":{"0":"post-35995","1":"post","2":"type-post","3":"status-publish","4":"format-standard","5":"has-post-thumbnail","7":"category-dorog","8":"category-hirek","9":"category-sport","10":"tag-budafok","11":"tag-dorog","12":"tag-dorogi-fc","13":"tag-foci","14":"tag-futball","15":"tag-labdarugas","16":"tag-nb-ii","17":"tag-sport"},"yoast_head":"<!-- This site is optimized with the Yoast SEO plugin v27.5 - https:\/\/yoast.com\/product\/yoast-seo-wordpress\/ -->\n<title>\u00d6r\u00f6k M\u00e9rlegen: Budafok \u2013 Dorog<\/title>\n<meta name=\"robots\" content=\"index, follow, max-snippet:-1, max-image-preview:large, max-video-preview:-1\" \/>\n<link rel=\"canonical\" href=\"https:\/\/dorogimedence.hu\/index.php\/2021\/08\/21\/orok-merlegen-budafok-dorog\/\" class=\"yoast-seo-meta-tag\" \/>\n<meta property=\"og:locale\" content=\"hu_HU\" class=\"yoast-seo-meta-tag\" \/>\n<meta property=\"og:type\" content=\"article\" class=\"yoast-seo-meta-tag\" \/>\n<meta property=\"og:title\" content=\"\u00d6r\u00f6k M\u00e9rlegen: Budafok \u2013 Dorog\" class=\"yoast-seo-meta-tag\" \/>\n<meta property=\"og:description\" content=\"A h\u00e9tv\u00e9g\u00e9n imm\u00e1r az 5. fordul\u00f3val folytat\u00f3dik az NB II-es labdar\u00fag\u00f3 bajnoks\u00e1g, ahol a dorogiak Budafokon l\u00e9pnek p\u00e1ly\u00e1ra az elm\u00falt \u00e9vadban m\u00e9g az NB I-ben szerepl\u0151 d\u00e9l-budai h\u00e1zigazd\u00e1k ellen. A mez\u0151ny tagjai k\u00f6z\u00fcl az egyik legr\u00e9gebbi p\u00e1rharc ellen\u00fck tart. Izgalmas, egyben \u00e9rdekes meccsre lesz kil\u00e1t\u00e1s, hiszen a hazaiak nem titkolt v\u00e1gya, hogy egyb\u0151l visszajussanak a\" class=\"yoast-seo-meta-tag\" \/>\n<meta property=\"og:url\" content=\"https:\/\/dorogimedence.hu\/index.php\/2021\/08\/21\/orok-merlegen-budafok-dorog\/\" class=\"yoast-seo-meta-tag\" \/>\n<meta property=\"og:site_name\" content=\"Dorogi-medence Region\u00e1lis H\u00edrport\u00e1l\" class=\"yoast-seo-meta-tag\" \/>\n<meta property=\"article:publisher\" content=\"https:\/\/www.facebook.com\/dorogimedence\/\" class=\"yoast-seo-meta-tag\" \/>\n<meta property=\"article:published_time\" content=\"2021-08-21T02:20:14+00:00\" class=\"yoast-seo-meta-tag\" \/>\n<meta property=\"article:modified_time\" content=\"2021-08-21T09:41:06+00:00\" class=\"yoast-seo-meta-tag\" \/>\n<meta property=\"og:image\" content=\"https:\/\/i0.wp.com\/dorogimedence.hu\/wp-content\/uploads\/2021\/08\/5.Boritokep-merleg.jpg?fit=740%2C634&ssl=1\" class=\"yoast-seo-meta-tag\" \/>\n\t<meta property=\"og:image:width\" content=\"740\" class=\"yoast-seo-meta-tag\" \/>\n\t<meta property=\"og:image:height\" content=\"634\" class=\"yoast-seo-meta-tag\" \/>\n\t<meta property=\"og:image:type\" content=\"image\/jpeg\" class=\"yoast-seo-meta-tag\" \/>\n<meta name=\"author\" content=\"Szab\u00f3 Gyula\" class=\"yoast-seo-meta-tag\" \/>\n<meta name=\"twitter:card\" content=\"summary_large_image\" class=\"yoast-seo-meta-tag\" \/>\n<meta name=\"twitter:label1\" content=\"Szerz\u0151:\" class=\"yoast-seo-meta-tag\" \/>\n\t<meta name=\"twitter:data1\" content=\"Szab\u00f3 Gyula\" class=\"yoast-seo-meta-tag\" \/>\n\t<meta name=\"twitter:label2\" content=\"Becs\u00fclt olvas\u00e1si id\u0151\" class=\"yoast-seo-meta-tag\" \/>\n\t<meta name=\"twitter:data2\" content=\"6 perc\" class=\"yoast-seo-meta-tag\" \/>\n<script type=\"application\/ld+json\" class=\"yoast-schema-graph\">{\"@context\":\"https:\\\/\\\/schema.org\",\"@graph\":[{\"@type\":\"Article\",\"@id\":\"https:\\\/\\\/dorogimedence.hu\\\/index.php\\\/2021\\\/08\\\/21\\\/orok-merlegen-budafok-dorog\\\/#article\",\"isPartOf\":{\"@id\":\"https:\\\/\\\/dorogimedence.hu\\\/index.php\\\/2021\\\/08\\\/21\\\/orok-merlegen-budafok-dorog\\\/\"},\"author\":{\"name\":\"Szab\u00f3 Gyula\",\"@id\":\"https:\\\/\\\/dorogimedence.hu\\\/#\\\/schema\\\/person\\\/76605e8151ec1b7376385cd184ede973\"},\"headline\":\"\u00d6r\u00f6k M\u00e9rlegen: Budafok \u2013 Dorog\",\"datePublished\":\"2021-08-21T02:20:14+00:00\",\"dateModified\":\"2021-08-21T09:41:06+00:00\",\"mainEntityOfPage\":{\"@id\":\"https:\\\/\\\/dorogimedence.hu\\\/index.php\\\/2021\\\/08\\\/21\\\/orok-merlegen-budafok-dorog\\\/\"},\"wordCount\":1303,\"publisher\":{\"@id\":\"https:\\\/\\\/dorogimedence.hu\\\/#organization\"},\"image\":{\"@id\":\"https:\\\/\\\/dorogimedence.hu\\\/index.php\\\/2021\\\/08\\\/21\\\/orok-merlegen-budafok-dorog\\\/#primaryimage\"},\"thumbnailUrl\":\"https:\\\/\\\/dorogimedence.hu\\\/wp-content\\\/uploads\\\/2021\\\/08\\\/5.Boritokep-merleg.jpg\",\"keywords\":[\"Budafok\",\"Dorog\",\"Dorogi FC\",\"foci\",\"futball\",\"labdar\u00fag\u00e1s\",\"NB II\",\"sport\"],\"articleSection\":[\"Dorog\",\"H\u00edrek\",\"Sport\"],\"inLanguage\":\"hu\"},{\"@type\":\"WebPage\",\"@id\":\"https:\\\/\\\/dorogimedence.hu\\\/index.php\\\/2021\\\/08\\\/21\\\/orok-merlegen-budafok-dorog\\\/\",\"url\":\"https:\\\/\\\/dorogimedence.hu\\\/index.php\\\/2021\\\/08\\\/21\\\/orok-merlegen-budafok-dorog\\\/\",\"name\":\"\u00d6r\u00f6k M\u00e9rlegen: Budafok \u2013 Dorog\",\"isPartOf\":{\"@id\":\"https:\\\/\\\/dorogimedence.hu\\\/#website\"},\"primaryImageOfPage\":{\"@id\":\"https:\\\/\\\/dorogimedence.hu\\\/index.php\\\/2021\\\/08\\\/21\\\/orok-merlegen-budafok-dorog\\\/#primaryimage\"},\"image\":{\"@id\":\"https:\\\/\\\/dorogimedence.hu\\\/index.php\\\/2021\\\/08\\\/21\\\/orok-merlegen-budafok-dorog\\\/#primaryimage\"},\"thumbnailUrl\":\"https:\\\/\\\/dorogimedence.hu\\\/wp-content\\\/uploads\\\/2021\\\/08\\\/5.Boritokep-merleg.jpg\",\"datePublished\":\"2021-08-21T02:20:14+00:00\",\"dateModified\":\"2021-08-21T09:41:06+00:00\",\"breadcrumb\":{\"@id\":\"https:\\\/\\\/dorogimedence.hu\\\/index.php\\\/2021\\\/08\\\/21\\\/orok-merlegen-budafok-dorog\\\/#breadcrumb\"},\"inLanguage\":\"hu\",\"potentialAction\":[{\"@type\":\"ReadAction\",\"target\":[\"https:\\\/\\\/dorogimedence.hu\\\/index.php\\\/2021\\\/08\\\/21\\\/orok-merlegen-budafok-dorog\\\/\"]}]},{\"@type\":\"ImageObject\",\"inLanguage\":\"hu\",\"@id\":\"https:\\\/\\\/dorogimedence.hu\\\/index.php\\\/2021\\\/08\\\/21\\\/orok-merlegen-budafok-dorog\\\/#primaryimage\",\"url\":\"https:\\\/\\\/dorogimedence.hu\\\/wp-content\\\/uploads\\\/2021\\\/08\\\/5.Boritokep-merleg.jpg\",\"contentUrl\":\"https:\\\/\\\/dorogimedence.hu\\\/wp-content\\\/uploads\\\/2021\\\/08\\\/5.Boritokep-merleg.jpg\",\"width\":740,\"height\":634},{\"@type\":\"BreadcrumbList\",\"@id\":\"https:\\\/\\\/dorogimedence.hu\\\/index.php\\\/2021\\\/08\\\/21\\\/orok-merlegen-budafok-dorog\\\/#breadcrumb\",\"itemListElement\":[{\"@type\":\"ListItem\",\"position\":1,\"name\":\"Kezd\u0151lap\",\"item\":\"https:\\\/\\\/dorogimedence.hu\\\/\"},{\"@type\":\"ListItem\",\"position\":2,\"name\":\"\u00d6r\u00f6k M\u00e9rlegen: Budafok \u2013 Dorog\"}]},{\"@type\":\"WebSite\",\"@id\":\"https:\\\/\\\/dorogimedence.hu\\\/#website\",\"url\":\"https:\\\/\\\/dorogimedence.hu\\\/\",\"name\":\"Dorogi-medence Region\u00e1lis H\u00edrport\u00e1l\",\"description\":\"Dorog, Keszt\u00f6lc, Le\u00e1nyv\u00e1r, Piliscs\u00e9v, Tokod, Tokodalt\u00e1r\u00f3, Csolnok, Esztergom-kertv\u00e1ros: h\u00edrek, programok\",\"publisher\":{\"@id\":\"https:\\\/\\\/dorogimedence.hu\\\/#organization\"},\"potentialAction\":[{\"@type\":\"SearchAction\",\"target\":{\"@type\":\"EntryPoint\",\"urlTemplate\":\"https:\\\/\\\/dorogimedence.hu\\\/?s={search_term_string}\"},\"query-input\":{\"@type\":\"PropertyValueSpecification\",\"valueRequired\":true,\"valueName\":\"search_term_string\"}}],\"inLanguage\":\"hu\"},{\"@type\":\"Organization\",\"@id\":\"https:\\\/\\\/dorogimedence.hu\\\/#organization\",\"name\":\"Dorogi-medence Region\u00e1lis H\u00edrport\u00e1l\",\"url\":\"https:\\\/\\\/dorogimedence.hu\\\/\",\"logo\":{\"@type\":\"ImageObject\",\"inLanguage\":\"hu\",\"@id\":\"https:\\\/\\\/dorogimedence.hu\\\/#\\\/schema\\\/logo\\\/image\\\/\",\"url\":\"https:\\\/\\\/dorogimedence.hu\\\/wp-content\\\/uploads\\\/2021\\\/04\\\/logo-feher-600.png\",\"contentUrl\":\"https:\\\/\\\/dorogimedence.hu\\\/wp-content\\\/uploads\\\/2021\\\/04\\\/logo-feher-600.png\",\"width\":600,\"height\":100,\"caption\":\"Dorogi-medence Region\u00e1lis H\u00edrport\u00e1l\"},\"image\":{\"@id\":\"https:\\\/\\\/dorogimedence.hu\\\/#\\\/schema\\\/logo\\\/image\\\/\"},\"sameAs\":[\"https:\\\/\\\/www.facebook.com\\\/dorogimedence\\\/\"]},{\"@type\":\"Person\",\"@id\":\"https:\\\/\\\/dorogimedence.hu\\\/#\\\/schema\\\/person\\\/76605e8151ec1b7376385cd184ede973\",\"name\":\"Szab\u00f3 Gyula\",\"image\":{\"@type\":\"ImageObject\",\"inLanguage\":\"hu\",\"@id\":\"\\\/\\\/www.gravatar.com\\\/avatar\\\/3e44b6fb2ef9bcea3639958cc2a587cb?s=96&#038;r=g&#038;d=mm\",\"url\":\"\\\/\\\/www.gravatar.com\\\/avatar\\\/3e44b6fb2ef9bcea3639958cc2a587cb?s=96&#038;r=g&#038;d=mm\",\"contentUrl\":\"\\\/\\\/www.gravatar.com\\\/avatar\\\/3e44b6fb2ef9bcea3639958cc2a587cb?s=96&#038;r=g&#038;d=mm\",\"caption\":\"Szab\u00f3 Gyula\"}}]}<\/script>\n<!-- \/ Yoast SEO plugin. -->","yoast_head_json":{"title":"\u00d6r\u00f6k M\u00e9rlegen: Budafok \u2013 Dorog","robots":{"index":"index","follow":"follow","max-snippet":"max-snippet:-1","max-image-preview":"max-image-preview:large","max-video-preview":"max-video-preview:-1"},"canonical":"https:\/\/dorogimedence.hu\/index.php\/2021\/08\/21\/orok-merlegen-budafok-dorog\/","og_locale":"hu_HU","og_type":"article","og_title":"\u00d6r\u00f6k M\u00e9rlegen: Budafok \u2013 Dorog","og_description":"A h\u00e9tv\u00e9g\u00e9n imm\u00e1r az 5. fordul\u00f3val folytat\u00f3dik az NB II-es labdar\u00fag\u00f3 bajnoks\u00e1g, ahol a dorogiak Budafokon l\u00e9pnek p\u00e1ly\u00e1ra az elm\u00falt \u00e9vadban m\u00e9g az NB I-ben szerepl\u0151 d\u00e9l-budai h\u00e1zigazd\u00e1k ellen. A mez\u0151ny tagjai k\u00f6z\u00fcl az egyik legr\u00e9gebbi p\u00e1rharc ellen\u00fck tart. Izgalmas, egyben \u00e9rdekes meccsre lesz kil\u00e1t\u00e1s, hiszen a hazaiak nem titkolt v\u00e1gya, hogy egyb\u0151l visszajussanak a","og_url":"https:\/\/dorogimedence.hu\/index.php\/2021\/08\/21\/orok-merlegen-budafok-dorog\/","og_site_name":"Dorogi-medence Region\u00e1lis H\u00edrport\u00e1l","article_publisher":"https:\/\/www.facebook.com\/dorogimedence\/","article_published_time":"2021-08-21T02:20:14+00:00","article_modified_time":"2021-08-21T09:41:06+00:00","og_image":[{"width":740,"height":634,"url":"https:\/\/i0.wp.com\/dorogimedence.hu\/wp-content\/uploads\/2021\/08\/5.Boritokep-merleg.jpg?fit=740%2C634&ssl=1","type":"image\/jpeg"}],"author":"Szab\u00f3 Gyula","twitter_card":"summary_large_image","twitter_misc":{"Szerz\u0151:":"Szab\u00f3 Gyula","Becs\u00fclt olvas\u00e1si id\u0151":"6 perc"},"schema":{"@context":"https:\/\/schema.org","@graph":[{"@type":"Article","@id":"https:\/\/dorogimedence.hu\/index.php\/2021\/08\/21\/orok-merlegen-budafok-dorog\/#article","isPartOf":{"@id":"https:\/\/dorogimedence.hu\/index.php\/2021\/08\/21\/orok-merlegen-budafok-dorog\/"},"author":{"name":"Szab\u00f3 Gyula","@id":"https:\/\/dorogimedence.hu\/#\/schema\/person\/76605e8151ec1b7376385cd184ede973"},"headline":"\u00d6r\u00f6k M\u00e9rlegen: Budafok \u2013 Dorog","datePublished":"2021-08-21T02:20:14+00:00","dateModified":"2021-08-21T09:41:06+00:00","mainEntityOfPage":{"@id":"https:\/\/dorogimedence.hu\/index.php\/2021\/08\/21\/orok-merlegen-budafok-dorog\/"},"wordCount":1303,"publisher":{"@id":"https:\/\/dorogimedence.hu\/#organization"},"image":{"@id":"https:\/\/dorogimedence.hu\/index.php\/2021\/08\/21\/orok-merlegen-budafok-dorog\/#primaryimage"},"thumbnailUrl":"https:\/\/dorogimedence.hu\/wp-content\/uploads\/2021\/08\/5.Boritokep-merleg.jpg","keywords":["Budafok","Dorog","Dorogi FC","foci","futball","labdar\u00fag\u00e1s","NB II","sport"],"articleSection":["Dorog","H\u00edrek","Sport"],"inLanguage":"hu"},{"@type":"WebPage","@id":"https:\/\/dorogimedence.hu\/index.php\/2021\/08\/21\/orok-merlegen-budafok-dorog\/","url":"https:\/\/dorogimedence.hu\/index.php\/2021\/08\/21\/orok-merlegen-budafok-dorog\/","name":"\u00d6r\u00f6k M\u00e9rlegen: Budafok \u2013 Dorog","isPartOf":{"@id":"https:\/\/dorogimedence.hu\/#website"},"primaryImageOfPage":{"@id":"https:\/\/dorogimedence.hu\/index.php\/2021\/08\/21\/orok-merlegen-budafok-dorog\/#primaryimage"},"image":{"@id":"https:\/\/dorogimedence.hu\/index.php\/2021\/08\/21\/orok-merlegen-budafok-dorog\/#primaryimage"},"thumbnailUrl":"https:\/\/dorogimedence.hu\/wp-content\/uploads\/2021\/08\/5.Boritokep-merleg.jpg","datePublished":"2021-08-21T02:20:14+00:00","dateModified":"2021-08-21T09:41:06+00:00","breadcrumb":{"@id":"https:\/\/dorogimedence.hu\/index.php\/2021\/08\/21\/orok-merlegen-budafok-dorog\/#breadcrumb"},"inLanguage":"hu","potentialAction":[{"@type":"ReadAction","target":["https:\/\/dorogimedence.hu\/index.php\/2021\/08\/21\/orok-merlegen-budafok-dorog\/"]}]},{"@type":"ImageObject","inLanguage":"hu","@id":"https:\/\/dorogimedence.hu\/index.php\/2021\/08\/21\/orok-merlegen-budafok-dorog\/#primaryimage","url":"https:\/\/dorogimedence.hu\/wp-content\/uploads\/2021\/08\/5.Boritokep-merleg.jpg","contentUrl":"https:\/\/dorogimedence.hu\/wp-content\/uploads\/2021\/08\/5.Boritokep-merleg.jpg","width":740,"height":634},{"@type":"BreadcrumbList","@id":"https:\/\/dorogimedence.hu\/index.php\/2021\/08\/21\/orok-merlegen-budafok-dorog\/#breadcrumb","itemListElement":[{"@type":"ListItem","position":1,"name":"Kezd\u0151lap","item":"https:\/\/dorogimedence.hu\/"},{"@type":"ListItem","position":2,"name":"\u00d6r\u00f6k M\u00e9rlegen: Budafok \u2013 Dorog"}]},{"@type":"WebSite","@id":"https:\/\/dorogimedence.hu\/#website","url":"https:\/\/dorogimedence.hu\/","name":"Dorogi-medence Region\u00e1lis H\u00edrport\u00e1l","description":"Dorog, Keszt\u00f6lc, Le\u00e1nyv\u00e1r, Piliscs\u00e9v, Tokod, Tokodalt\u00e1r\u00f3, Csolnok, Esztergom-kertv\u00e1ros: h\u00edrek, programok","publisher":{"@id":"https:\/\/dorogimedence.hu\/#organization"},"potentialAction":[{"@type":"SearchAction","target":{"@type":"EntryPoint","urlTemplate":"https:\/\/dorogimedence.hu\/?s={search_term_string}"},"query-input":{"@type":"PropertyValueSpecification","valueRequired":true,"valueName":"search_term_string"}}],"inLanguage":"hu"},{"@type":"Organization","@id":"https:\/\/dorogimedence.hu\/#organization","name":"Dorogi-medence Region\u00e1lis H\u00edrport\u00e1l","url":"https:\/\/dorogimedence.hu\/","logo":{"@type":"ImageObject","inLanguage":"hu","@id":"https:\/\/dorogimedence.hu\/#\/schema\/logo\/image\/","url":"https:\/\/dorogimedence.hu\/wp-content\/uploads\/2021\/04\/logo-feher-600.png","contentUrl":"https:\/\/dorogimedence.hu\/wp-content\/uploads\/2021\/04\/logo-feher-600.png","width":600,"height":100,"caption":"Dorogi-medence Region\u00e1lis H\u00edrport\u00e1l"},"image":{"@id":"https:\/\/dorogimedence.hu\/#\/schema\/logo\/image\/"},"sameAs":["https:\/\/www.facebook.com\/dorogimedence\/"]},{"@type":"Person","@id":"https:\/\/dorogimedence.hu\/#\/schema\/person\/76605e8151ec1b7376385cd184ede973","name":"Szab\u00f3 Gyula","image":{"@type":"ImageObject","inLanguage":"hu","@id":"\/\/www.gravatar.com\/avatar\/3e44b6fb2ef9bcea3639958cc2a587cb?s=96&#038;r=g&#038;d=mm","url":"\/\/www.gravatar.com\/avatar\/3e44b6fb2ef9bcea3639958cc2a587cb?s=96&#038;r=g&#038;d=mm","contentUrl":"\/\/www.gravatar.com\/avatar\/3e44b6fb2ef9bcea3639958cc2a587cb?s=96&#038;r=g&#038;d=mm","caption":"Szab\u00f3 Gyula"}}]}},"_links":{"self":[{"href":"https:\/\/dorogimedence.hu\/index.php\/wp-json\/wp\/v2\/posts\/35995","targetHints":{"allow":["GET"]}}],"collection":[{"href":"https:\/\/dorogimedence.hu\/index.php\/wp-json\/wp\/v2\/posts"}],"about":[{"href":"https:\/\/dorogimedence.hu\/index.php\/wp-json\/wp\/v2\/types\/post"}],"author":[{"embeddable":true,"href":"https:\/\/dorogimedence.hu\/index.php\/wp-json\/wp\/v2\/users\/4"}],"replies":[{"embeddable":true,"href":"https:\/\/dorogimedence.hu\/index.php\/wp-json\/wp\/v2\/comments?post=35995"}],"version-history":[{"count":0,"href":"https:\/\/dorogimedence.hu\/index.php\/wp-json\/wp\/v2\/posts\/35995\/revisions"}],"wp:featuredmedia":[{"embeddable":true,"href":"https:\/\/dorogimedence.hu\/index.php\/wp-json\/wp\/v2\/media\/35999"}],"wp:attachment":[{"href":"https:\/\/dorogimedence.hu\/index.php\/wp-json\/wp\/v2\/media?parent=35995"}],"wp:term":[{"taxonomy":"category","embeddable":true,"href":"https:\/\/dorogimedence.hu\/index.php\/wp-json\/wp\/v2\/categories?post=35995"},{"taxonomy":"post_tag","embeddable":true,"href":"https:\/\/dorogimedence.hu\/index.php\/wp-json\/wp\/v2\/tags?post=35995"}],"curies":[{"name":"wp","href":"https:\/\/api.w.org\/{rel}","templated":true}]}}