{"id":35949,"date":"2021-08-18T10:28:03","date_gmt":"2021-08-18T08:28:03","guid":{"rendered":"https:\/\/dorogimedence.hu\/?p=35949"},"modified":"2021-08-18T10:28:03","modified_gmt":"2021-08-18T08:28:03","slug":"jegyvizsgalot-bantalmazott-a-rendorok-keresik-az-elkovetot","status":"publish","type":"post","link":"https:\/\/dorogimedence.hu\/index.php\/2021\/08\/18\/jegyvizsgalot-bantalmazott-a-rendorok-keresik-az-elkovetot\/","title":{"rendered":"Jegyvizsg\u00e1l\u00f3t b\u00e1ntalmazott, a rend\u0151r\u00f6k keresik az elk\u00f6vet\u0151t"},"content":{"rendered":"<div class=\"lead-text\">\n<p><strong>Az ismeretlen elk\u00f6vet\u0151 azonos\u00edt\u00e1s\u00e1ban a rend\u0151rs\u00e9g a lakoss\u00e1g seg\u00edts\u00e9g\u00e9t k\u00e9ri.<\/strong><\/p>\n<p>A Dorogi Rend\u0151rkapit\u00e1nys\u00e1g B\u0171n\u00fcgyi Oszt\u00e1lya 11020\/249\/2021. b\u0171n\u00fcgyi sz\u00e1mon elj\u00e1r\u00e1st folytat ismeretlen tettes ellen k\u00f6zfeladatot ell\u00e1t\u00f3 szem\u00e9ly elleni er\u0151szak b\u0171ntett\u00e9nek gyan\u00faja miatt.<\/p>\n<p>A jelenlegi adatok szerint egy ez id\u00e1ig ismeretlen n\u0151 2021. j\u00falius 15-\u00e9n a Dorog-Le\u00e1nyv\u00e1r k\u00f6z\u00f6tt k\u00f6zleked\u0151 vonaton szidalmazni kezdte a jegyvizsg\u00e1l\u00f3t. Ezut\u00e1n \u00e9letvesz\u00e9lyesen megfenyegette, megl\u00f6kte, telefonj\u00e1t ki akarta \u00fctni a kez\u00e9b\u0151l. Az utast Le\u00e1nyv\u00e1r \u00e1llom\u00e1son lesz\u00e1ll\u00edtott\u00e1k a vonatr\u00f3l.<\/p>\n<p>A rend\u0151rs\u00e9g k\u00e9ri, hogy aki a b\u0171ncselekm\u00e9nnyel vagy az elk\u00f6vet\u0151vel kapcsolatosan inform\u00e1ci\u00f3val rendelkezik, n\u00e9vtelens\u00e9ge meg\u0151rz\u00e9se mellett h\u00edvja a 107-es illetve 112-es seg\u00e9lyh\u00edv\u00f3 sz\u00e1mot, vagy tegyen bejelent\u00e9st a telefontan\u00fa 06\/80\/555-111-es z\u00f6ld sz\u00e1m\u00e1n.<\/p>\n<p><em>Fot\u00f3, forr\u00e1s: police.hu<\/em><\/p>\n<\/div>\n","protected":false},"excerpt":{"rendered":"<p>Az ismeretlen elk\u00f6vet\u0151 azonos\u00edt\u00e1s\u00e1ban a rend\u0151rs\u00e9g a lakoss\u00e1g seg\u00edts\u00e9g\u00e9t k\u00e9ri. A Dorogi Rend\u0151rkapit\u00e1nys\u00e1g B\u0171n\u00fcgyi Oszt\u00e1lya 11020\/249\/2021. b\u0171n\u00fcgyi sz\u00e1mon elj\u00e1r\u00e1st folytat ismeretlen tettes ellen k\u00f6zfeladatot ell\u00e1t\u00f3 szem\u00e9ly elleni er\u0151szak b\u0171ntett\u00e9nek gyan\u00faja miatt. A jelenlegi adatok szerint egy ez id\u00e1ig ismeretlen n\u0151 2021. j\u00falius 15-\u00e9n a Dorog-Le\u00e1nyv\u00e1r k\u00f6z\u00f6tt k\u00f6zleked\u0151 vonaton szidalmazni kezdte a jegyvizsg\u00e1l\u00f3t. Ezut\u00e1n \u00e9letvesz\u00e9lyesen megfenyegette,<\/p>\n","protected":false},"author":1,"featured_media":35950,"comment_status":"closed","ping_status":"closed","sticky":false,"template":"","format":"standard","meta":{"ngg_post_thumbnail":0,"footnotes":""},"categories":[2,3,39,9],"tags":[712,15,106,55,61],"class_list":{"0":"post-35949","1":"post","2":"type-post","3":"status-publish","4":"format-standard","5":"has-post-thumbnail","7":"category-dorog","8":"category-hirek","9":"category-kek-hirek","10":"category-leanyvar","11":"tag-bantalmazas","12":"tag-dorog","13":"tag-korozes","14":"tag-leanyvar","15":"tag-rendorsegi-hirek"},"yoast_head":"<!-- This site is optimized with the Yoast SEO plugin v27.5 - https:\/\/yoast.com\/product\/yoast-seo-wordpress\/ -->\n<title>Jegyvizsg\u00e1l\u00f3t b\u00e1ntalmazott, a rend\u0151r\u00f6k keresik az elk\u00f6vet\u0151t<\/title>\n<meta name=\"robots\" content=\"index, follow, max-snippet:-1, max-image-preview:large, max-video-preview:-1\" \/>\n<link rel=\"canonical\" href=\"https:\/\/dorogimedence.hu\/index.php\/2021\/08\/18\/jegyvizsgalot-bantalmazott-a-rendorok-keresik-az-elkovetot\/\" class=\"yoast-seo-meta-tag\" \/>\n<meta property=\"og:locale\" content=\"hu_HU\" class=\"yoast-seo-meta-tag\" \/>\n<meta property=\"og:type\" content=\"article\" class=\"yoast-seo-meta-tag\" \/>\n<meta property=\"og:title\" content=\"Jegyvizsg\u00e1l\u00f3t b\u00e1ntalmazott, a rend\u0151r\u00f6k keresik az elk\u00f6vet\u0151t\" class=\"yoast-seo-meta-tag\" \/>\n<meta property=\"og:description\" content=\"Az ismeretlen elk\u00f6vet\u0151 azonos\u00edt\u00e1s\u00e1ban a rend\u0151rs\u00e9g a lakoss\u00e1g seg\u00edts\u00e9g\u00e9t k\u00e9ri. A Dorogi Rend\u0151rkapit\u00e1nys\u00e1g B\u0171n\u00fcgyi Oszt\u00e1lya 11020\/249\/2021. b\u0171n\u00fcgyi sz\u00e1mon elj\u00e1r\u00e1st folytat ismeretlen tettes ellen k\u00f6zfeladatot ell\u00e1t\u00f3 szem\u00e9ly elleni er\u0151szak b\u0171ntett\u00e9nek gyan\u00faja miatt. A jelenlegi adatok szerint egy ez id\u00e1ig ismeretlen n\u0151 2021. j\u00falius 15-\u00e9n a Dorog-Le\u00e1nyv\u00e1r k\u00f6z\u00f6tt k\u00f6zleked\u0151 vonaton szidalmazni kezdte a jegyvizsg\u00e1l\u00f3t. Ezut\u00e1n \u00e9letvesz\u00e9lyesen megfenyegette,\" class=\"yoast-seo-meta-tag\" \/>\n<meta property=\"og:url\" content=\"https:\/\/dorogimedence.hu\/index.php\/2021\/08\/18\/jegyvizsgalot-bantalmazott-a-rendorok-keresik-az-elkovetot\/\" class=\"yoast-seo-meta-tag\" \/>\n<meta property=\"og:site_name\" content=\"Dorogi-medence Region\u00e1lis H\u00edrport\u00e1l\" class=\"yoast-seo-meta-tag\" \/>\n<meta property=\"article:publisher\" content=\"https:\/\/www.facebook.com\/dorogimedence\/\" class=\"yoast-seo-meta-tag\" \/>\n<meta property=\"article:published_time\" content=\"2021-08-18T08:28:03+00:00\" class=\"yoast-seo-meta-tag\" \/>\n<meta property=\"og:image\" content=\"https:\/\/i0.wp.com\/dorogimedence.hu\/wp-content\/uploads\/2021\/08\/jegyvizsgalo-bantalmazas.jpg?fit=751%2C413&ssl=1\" class=\"yoast-seo-meta-tag\" \/>\n\t<meta property=\"og:image:width\" content=\"751\" class=\"yoast-seo-meta-tag\" \/>\n\t<meta property=\"og:image:height\" content=\"413\" class=\"yoast-seo-meta-tag\" \/>\n\t<meta property=\"og:image:type\" content=\"image\/jpeg\" class=\"yoast-seo-meta-tag\" \/>\n<meta name=\"author\" content=\"dorogimedence.hu\" class=\"yoast-seo-meta-tag\" \/>\n<meta name=\"twitter:card\" content=\"summary_large_image\" class=\"yoast-seo-meta-tag\" \/>\n<meta name=\"twitter:label1\" content=\"Szerz\u0151:\" class=\"yoast-seo-meta-tag\" \/>\n\t<meta name=\"twitter:data1\" content=\"dorogimedence.hu\" class=\"yoast-seo-meta-tag\" \/>\n\t<meta name=\"twitter:label2\" content=\"Becs\u00fclt olvas\u00e1si id\u0151\" class=\"yoast-seo-meta-tag\" \/>\n\t<meta name=\"twitter:data2\" content=\"1 perc\" class=\"yoast-seo-meta-tag\" \/>\n<script type=\"application\/ld+json\" class=\"yoast-schema-graph\">{\"@context\":\"https:\\\/\\\/schema.org\",\"@graph\":[{\"@type\":\"Article\",\"@id\":\"https:\\\/\\\/dorogimedence.hu\\\/index.php\\\/2021\\\/08\\\/18\\\/jegyvizsgalot-bantalmazott-a-rendorok-keresik-az-elkovetot\\\/#article\",\"isPartOf\":{\"@id\":\"https:\\\/\\\/dorogimedence.hu\\\/index.php\\\/2021\\\/08\\\/18\\\/jegyvizsgalot-bantalmazott-a-rendorok-keresik-az-elkovetot\\\/\"},\"author\":{\"name\":\"dorogimedence.hu\",\"@id\":\"https:\\\/\\\/dorogimedence.hu\\\/#\\\/schema\\\/person\\\/ce6091eeb7e95ecdc87890d6aa8e0fd4\"},\"headline\":\"Jegyvizsg\u00e1l\u00f3t b\u00e1ntalmazott, a rend\u0151r\u00f6k keresik az elk\u00f6vet\u0151t\",\"datePublished\":\"2021-08-18T08:28:03+00:00\",\"mainEntityOfPage\":{\"@id\":\"https:\\\/\\\/dorogimedence.hu\\\/index.php\\\/2021\\\/08\\\/18\\\/jegyvizsgalot-bantalmazott-a-rendorok-keresik-az-elkovetot\\\/\"},\"wordCount\":191,\"publisher\":{\"@id\":\"https:\\\/\\\/dorogimedence.hu\\\/#organization\"},\"image\":{\"@id\":\"https:\\\/\\\/dorogimedence.hu\\\/index.php\\\/2021\\\/08\\\/18\\\/jegyvizsgalot-bantalmazott-a-rendorok-keresik-az-elkovetot\\\/#primaryimage\"},\"thumbnailUrl\":\"https:\\\/\\\/dorogimedence.hu\\\/wp-content\\\/uploads\\\/2021\\\/08\\\/jegyvizsgalo-bantalmazas.jpg\",\"keywords\":[\"b\u00e1ntalmaz\u00e1s\",\"Dorog\",\"k\u00f6r\u00f6z\u00e9s\",\"le\u00e1nyv\u00e1r\",\"rend\u0151rs\u00e9gi h\u00edrek\"],\"articleSection\":[\"Dorog\",\"H\u00edrek\",\"K\u00e9k h\u00edrek\",\"Le\u00e1nyv\u00e1r\"],\"inLanguage\":\"hu\"},{\"@type\":\"WebPage\",\"@id\":\"https:\\\/\\\/dorogimedence.hu\\\/index.php\\\/2021\\\/08\\\/18\\\/jegyvizsgalot-bantalmazott-a-rendorok-keresik-az-elkovetot\\\/\",\"url\":\"https:\\\/\\\/dorogimedence.hu\\\/index.php\\\/2021\\\/08\\\/18\\\/jegyvizsgalot-bantalmazott-a-rendorok-keresik-az-elkovetot\\\/\",\"name\":\"Jegyvizsg\u00e1l\u00f3t b\u00e1ntalmazott, a rend\u0151r\u00f6k keresik az elk\u00f6vet\u0151t\",\"isPartOf\":{\"@id\":\"https:\\\/\\\/dorogimedence.hu\\\/#website\"},\"primaryImageOfPage\":{\"@id\":\"https:\\\/\\\/dorogimedence.hu\\\/index.php\\\/2021\\\/08\\\/18\\\/jegyvizsgalot-bantalmazott-a-rendorok-keresik-az-elkovetot\\\/#primaryimage\"},\"image\":{\"@id\":\"https:\\\/\\\/dorogimedence.hu\\\/index.php\\\/2021\\\/08\\\/18\\\/jegyvizsgalot-bantalmazott-a-rendorok-keresik-az-elkovetot\\\/#primaryimage\"},\"thumbnailUrl\":\"https:\\\/\\\/dorogimedence.hu\\\/wp-content\\\/uploads\\\/2021\\\/08\\\/jegyvizsgalo-bantalmazas.jpg\",\"datePublished\":\"2021-08-18T08:28:03+00:00\",\"breadcrumb\":{\"@id\":\"https:\\\/\\\/dorogimedence.hu\\\/index.php\\\/2021\\\/08\\\/18\\\/jegyvizsgalot-bantalmazott-a-rendorok-keresik-az-elkovetot\\\/#breadcrumb\"},\"inLanguage\":\"hu\",\"potentialAction\":[{\"@type\":\"ReadAction\",\"target\":[\"https:\\\/\\\/dorogimedence.hu\\\/index.php\\\/2021\\\/08\\\/18\\\/jegyvizsgalot-bantalmazott-a-rendorok-keresik-az-elkovetot\\\/\"]}]},{\"@type\":\"ImageObject\",\"inLanguage\":\"hu\",\"@id\":\"https:\\\/\\\/dorogimedence.hu\\\/index.php\\\/2021\\\/08\\\/18\\\/jegyvizsgalot-bantalmazott-a-rendorok-keresik-az-elkovetot\\\/#primaryimage\",\"url\":\"https:\\\/\\\/dorogimedence.hu\\\/wp-content\\\/uploads\\\/2021\\\/08\\\/jegyvizsgalo-bantalmazas.jpg\",\"contentUrl\":\"https:\\\/\\\/dorogimedence.hu\\\/wp-content\\\/uploads\\\/2021\\\/08\\\/jegyvizsgalo-bantalmazas.jpg\",\"width\":751,\"height\":413},{\"@type\":\"BreadcrumbList\",\"@id\":\"https:\\\/\\\/dorogimedence.hu\\\/index.php\\\/2021\\\/08\\\/18\\\/jegyvizsgalot-bantalmazott-a-rendorok-keresik-az-elkovetot\\\/#breadcrumb\",\"itemListElement\":[{\"@type\":\"ListItem\",\"position\":1,\"name\":\"Kezd\u0151lap\",\"item\":\"https:\\\/\\\/dorogimedence.hu\\\/\"},{\"@type\":\"ListItem\",\"position\":2,\"name\":\"Jegyvizsg\u00e1l\u00f3t b\u00e1ntalmazott, a rend\u0151r\u00f6k keresik az elk\u00f6vet\u0151t\"}]},{\"@type\":\"WebSite\",\"@id\":\"https:\\\/\\\/dorogimedence.hu\\\/#website\",\"url\":\"https:\\\/\\\/dorogimedence.hu\\\/\",\"name\":\"Dorogi-medence Region\u00e1lis H\u00edrport\u00e1l\",\"description\":\"Dorog, Keszt\u00f6lc, Le\u00e1nyv\u00e1r, Piliscs\u00e9v, Tokod, Tokodalt\u00e1r\u00f3, Csolnok, Esztergom-kertv\u00e1ros: h\u00edrek, programok\",\"publisher\":{\"@id\":\"https:\\\/\\\/dorogimedence.hu\\\/#organization\"},\"potentialAction\":[{\"@type\":\"SearchAction\",\"target\":{\"@type\":\"EntryPoint\",\"urlTemplate\":\"https:\\\/\\\/dorogimedence.hu\\\/?s={search_term_string}\"},\"query-input\":{\"@type\":\"PropertyValueSpecification\",\"valueRequired\":true,\"valueName\":\"search_term_string\"}}],\"inLanguage\":\"hu\"},{\"@type\":\"Organization\",\"@id\":\"https:\\\/\\\/dorogimedence.hu\\\/#organization\",\"name\":\"Dorogi-medence Region\u00e1lis H\u00edrport\u00e1l\",\"url\":\"https:\\\/\\\/dorogimedence.hu\\\/\",\"logo\":{\"@type\":\"ImageObject\",\"inLanguage\":\"hu\",\"@id\":\"https:\\\/\\\/dorogimedence.hu\\\/#\\\/schema\\\/logo\\\/image\\\/\",\"url\":\"https:\\\/\\\/dorogimedence.hu\\\/wp-content\\\/uploads\\\/2021\\\/04\\\/logo-feher-600.png\",\"contentUrl\":\"https:\\\/\\\/dorogimedence.hu\\\/wp-content\\\/uploads\\\/2021\\\/04\\\/logo-feher-600.png\",\"width\":600,\"height\":100,\"caption\":\"Dorogi-medence Region\u00e1lis H\u00edrport\u00e1l\"},\"image\":{\"@id\":\"https:\\\/\\\/dorogimedence.hu\\\/#\\\/schema\\\/logo\\\/image\\\/\"},\"sameAs\":[\"https:\\\/\\\/www.facebook.com\\\/dorogimedence\\\/\"]},{\"@type\":\"Person\",\"@id\":\"https:\\\/\\\/dorogimedence.hu\\\/#\\\/schema\\\/person\\\/ce6091eeb7e95ecdc87890d6aa8e0fd4\",\"name\":\"dorogimedence.hu\",\"image\":{\"@type\":\"ImageObject\",\"inLanguage\":\"hu\",\"@id\":\"\\\/\\\/www.gravatar.com\\\/avatar\\\/d8d45f8901aadff40a4af72c0b826f1d?s=96&#038;r=g&#038;d=mm\",\"url\":\"\\\/\\\/www.gravatar.com\\\/avatar\\\/d8d45f8901aadff40a4af72c0b826f1d?s=96&#038;r=g&#038;d=mm\",\"contentUrl\":\"\\\/\\\/www.gravatar.com\\\/avatar\\\/d8d45f8901aadff40a4af72c0b826f1d?s=96&#038;r=g&#038;d=mm\",\"caption\":\"dorogimedence.hu\"}}]}<\/script>\n<!-- \/ Yoast SEO plugin. -->","yoast_head_json":{"title":"Jegyvizsg\u00e1l\u00f3t b\u00e1ntalmazott, a rend\u0151r\u00f6k keresik az elk\u00f6vet\u0151t","robots":{"index":"index","follow":"follow","max-snippet":"max-snippet:-1","max-image-preview":"max-image-preview:large","max-video-preview":"max-video-preview:-1"},"canonical":"https:\/\/dorogimedence.hu\/index.php\/2021\/08\/18\/jegyvizsgalot-bantalmazott-a-rendorok-keresik-az-elkovetot\/","og_locale":"hu_HU","og_type":"article","og_title":"Jegyvizsg\u00e1l\u00f3t b\u00e1ntalmazott, a rend\u0151r\u00f6k keresik az elk\u00f6vet\u0151t","og_description":"Az ismeretlen elk\u00f6vet\u0151 azonos\u00edt\u00e1s\u00e1ban a rend\u0151rs\u00e9g a lakoss\u00e1g seg\u00edts\u00e9g\u00e9t k\u00e9ri. A Dorogi Rend\u0151rkapit\u00e1nys\u00e1g B\u0171n\u00fcgyi Oszt\u00e1lya 11020\/249\/2021. b\u0171n\u00fcgyi sz\u00e1mon elj\u00e1r\u00e1st folytat ismeretlen tettes ellen k\u00f6zfeladatot ell\u00e1t\u00f3 szem\u00e9ly elleni er\u0151szak b\u0171ntett\u00e9nek gyan\u00faja miatt. A jelenlegi adatok szerint egy ez id\u00e1ig ismeretlen n\u0151 2021. j\u00falius 15-\u00e9n a Dorog-Le\u00e1nyv\u00e1r k\u00f6z\u00f6tt k\u00f6zleked\u0151 vonaton szidalmazni kezdte a jegyvizsg\u00e1l\u00f3t. Ezut\u00e1n \u00e9letvesz\u00e9lyesen megfenyegette,","og_url":"https:\/\/dorogimedence.hu\/index.php\/2021\/08\/18\/jegyvizsgalot-bantalmazott-a-rendorok-keresik-az-elkovetot\/","og_site_name":"Dorogi-medence Region\u00e1lis H\u00edrport\u00e1l","article_publisher":"https:\/\/www.facebook.com\/dorogimedence\/","article_published_time":"2021-08-18T08:28:03+00:00","og_image":[{"width":751,"height":413,"url":"https:\/\/i0.wp.com\/dorogimedence.hu\/wp-content\/uploads\/2021\/08\/jegyvizsgalo-bantalmazas.jpg?fit=751%2C413&ssl=1","type":"image\/jpeg"}],"author":"dorogimedence.hu","twitter_card":"summary_large_image","twitter_misc":{"Szerz\u0151:":"dorogimedence.hu","Becs\u00fclt olvas\u00e1si id\u0151":"1 perc"},"schema":{"@context":"https:\/\/schema.org","@graph":[{"@type":"Article","@id":"https:\/\/dorogimedence.hu\/index.php\/2021\/08\/18\/jegyvizsgalot-bantalmazott-a-rendorok-keresik-az-elkovetot\/#article","isPartOf":{"@id":"https:\/\/dorogimedence.hu\/index.php\/2021\/08\/18\/jegyvizsgalot-bantalmazott-a-rendorok-keresik-az-elkovetot\/"},"author":{"name":"dorogimedence.hu","@id":"https:\/\/dorogimedence.hu\/#\/schema\/person\/ce6091eeb7e95ecdc87890d6aa8e0fd4"},"headline":"Jegyvizsg\u00e1l\u00f3t b\u00e1ntalmazott, a rend\u0151r\u00f6k keresik az elk\u00f6vet\u0151t","datePublished":"2021-08-18T08:28:03+00:00","mainEntityOfPage":{"@id":"https:\/\/dorogimedence.hu\/index.php\/2021\/08\/18\/jegyvizsgalot-bantalmazott-a-rendorok-keresik-az-elkovetot\/"},"wordCount":191,"publisher":{"@id":"https:\/\/dorogimedence.hu\/#organization"},"image":{"@id":"https:\/\/dorogimedence.hu\/index.php\/2021\/08\/18\/jegyvizsgalot-bantalmazott-a-rendorok-keresik-az-elkovetot\/#primaryimage"},"thumbnailUrl":"https:\/\/dorogimedence.hu\/wp-content\/uploads\/2021\/08\/jegyvizsgalo-bantalmazas.jpg","keywords":["b\u00e1ntalmaz\u00e1s","Dorog","k\u00f6r\u00f6z\u00e9s","le\u00e1nyv\u00e1r","rend\u0151rs\u00e9gi h\u00edrek"],"articleSection":["Dorog","H\u00edrek","K\u00e9k h\u00edrek","Le\u00e1nyv\u00e1r"],"inLanguage":"hu"},{"@type":"WebPage","@id":"https:\/\/dorogimedence.hu\/index.php\/2021\/08\/18\/jegyvizsgalot-bantalmazott-a-rendorok-keresik-az-elkovetot\/","url":"https:\/\/dorogimedence.hu\/index.php\/2021\/08\/18\/jegyvizsgalot-bantalmazott-a-rendorok-keresik-az-elkovetot\/","name":"Jegyvizsg\u00e1l\u00f3t b\u00e1ntalmazott, a rend\u0151r\u00f6k keresik az elk\u00f6vet\u0151t","isPartOf":{"@id":"https:\/\/dorogimedence.hu\/#website"},"primaryImageOfPage":{"@id":"https:\/\/dorogimedence.hu\/index.php\/2021\/08\/18\/jegyvizsgalot-bantalmazott-a-rendorok-keresik-az-elkovetot\/#primaryimage"},"image":{"@id":"https:\/\/dorogimedence.hu\/index.php\/2021\/08\/18\/jegyvizsgalot-bantalmazott-a-rendorok-keresik-az-elkovetot\/#primaryimage"},"thumbnailUrl":"https:\/\/dorogimedence.hu\/wp-content\/uploads\/2021\/08\/jegyvizsgalo-bantalmazas.jpg","datePublished":"2021-08-18T08:28:03+00:00","breadcrumb":{"@id":"https:\/\/dorogimedence.hu\/index.php\/2021\/08\/18\/jegyvizsgalot-bantalmazott-a-rendorok-keresik-az-elkovetot\/#breadcrumb"},"inLanguage":"hu","potentialAction":[{"@type":"ReadAction","target":["https:\/\/dorogimedence.hu\/index.php\/2021\/08\/18\/jegyvizsgalot-bantalmazott-a-rendorok-keresik-az-elkovetot\/"]}]},{"@type":"ImageObject","inLanguage":"hu","@id":"https:\/\/dorogimedence.hu\/index.php\/2021\/08\/18\/jegyvizsgalot-bantalmazott-a-rendorok-keresik-az-elkovetot\/#primaryimage","url":"https:\/\/dorogimedence.hu\/wp-content\/uploads\/2021\/08\/jegyvizsgalo-bantalmazas.jpg","contentUrl":"https:\/\/dorogimedence.hu\/wp-content\/uploads\/2021\/08\/jegyvizsgalo-bantalmazas.jpg","width":751,"height":413},{"@type":"BreadcrumbList","@id":"https:\/\/dorogimedence.hu\/index.php\/2021\/08\/18\/jegyvizsgalot-bantalmazott-a-rendorok-keresik-az-elkovetot\/#breadcrumb","itemListElement":[{"@type":"ListItem","position":1,"name":"Kezd\u0151lap","item":"https:\/\/dorogimedence.hu\/"},{"@type":"ListItem","position":2,"name":"Jegyvizsg\u00e1l\u00f3t b\u00e1ntalmazott, a rend\u0151r\u00f6k keresik az elk\u00f6vet\u0151t"}]},{"@type":"WebSite","@id":"https:\/\/dorogimedence.hu\/#website","url":"https:\/\/dorogimedence.hu\/","name":"Dorogi-medence Region\u00e1lis H\u00edrport\u00e1l","description":"Dorog, Keszt\u00f6lc, Le\u00e1nyv\u00e1r, Piliscs\u00e9v, Tokod, Tokodalt\u00e1r\u00f3, Csolnok, Esztergom-kertv\u00e1ros: h\u00edrek, programok","publisher":{"@id":"https:\/\/dorogimedence.hu\/#organization"},"potentialAction":[{"@type":"SearchAction","target":{"@type":"EntryPoint","urlTemplate":"https:\/\/dorogimedence.hu\/?s={search_term_string}"},"query-input":{"@type":"PropertyValueSpecification","valueRequired":true,"valueName":"search_term_string"}}],"inLanguage":"hu"},{"@type":"Organization","@id":"https:\/\/dorogimedence.hu\/#organization","name":"Dorogi-medence Region\u00e1lis H\u00edrport\u00e1l","url":"https:\/\/dorogimedence.hu\/","logo":{"@type":"ImageObject","inLanguage":"hu","@id":"https:\/\/dorogimedence.hu\/#\/schema\/logo\/image\/","url":"https:\/\/dorogimedence.hu\/wp-content\/uploads\/2021\/04\/logo-feher-600.png","contentUrl":"https:\/\/dorogimedence.hu\/wp-content\/uploads\/2021\/04\/logo-feher-600.png","width":600,"height":100,"caption":"Dorogi-medence Region\u00e1lis H\u00edrport\u00e1l"},"image":{"@id":"https:\/\/dorogimedence.hu\/#\/schema\/logo\/image\/"},"sameAs":["https:\/\/www.facebook.com\/dorogimedence\/"]},{"@type":"Person","@id":"https:\/\/dorogimedence.hu\/#\/schema\/person\/ce6091eeb7e95ecdc87890d6aa8e0fd4","name":"dorogimedence.hu","image":{"@type":"ImageObject","inLanguage":"hu","@id":"\/\/www.gravatar.com\/avatar\/d8d45f8901aadff40a4af72c0b826f1d?s=96&#038;r=g&#038;d=mm","url":"\/\/www.gravatar.com\/avatar\/d8d45f8901aadff40a4af72c0b826f1d?s=96&#038;r=g&#038;d=mm","contentUrl":"\/\/www.gravatar.com\/avatar\/d8d45f8901aadff40a4af72c0b826f1d?s=96&#038;r=g&#038;d=mm","caption":"dorogimedence.hu"}}]}},"_links":{"self":[{"href":"https:\/\/dorogimedence.hu\/index.php\/wp-json\/wp\/v2\/posts\/35949","targetHints":{"allow":["GET"]}}],"collection":[{"href":"https:\/\/dorogimedence.hu\/index.php\/wp-json\/wp\/v2\/posts"}],"about":[{"href":"https:\/\/dorogimedence.hu\/index.php\/wp-json\/wp\/v2\/types\/post"}],"author":[{"embeddable":true,"href":"https:\/\/dorogimedence.hu\/index.php\/wp-json\/wp\/v2\/users\/1"}],"replies":[{"embeddable":true,"href":"https:\/\/dorogimedence.hu\/index.php\/wp-json\/wp\/v2\/comments?post=35949"}],"version-history":[{"count":0,"href":"https:\/\/dorogimedence.hu\/index.php\/wp-json\/wp\/v2\/posts\/35949\/revisions"}],"wp:featuredmedia":[{"embeddable":true,"href":"https:\/\/dorogimedence.hu\/index.php\/wp-json\/wp\/v2\/media\/35950"}],"wp:attachment":[{"href":"https:\/\/dorogimedence.hu\/index.php\/wp-json\/wp\/v2\/media?parent=35949"}],"wp:term":[{"taxonomy":"category","embeddable":true,"href":"https:\/\/dorogimedence.hu\/index.php\/wp-json\/wp\/v2\/categories?post=35949"},{"taxonomy":"post_tag","embeddable":true,"href":"https:\/\/dorogimedence.hu\/index.php\/wp-json\/wp\/v2\/tags?post=35949"}],"curies":[{"name":"wp","href":"https:\/\/api.w.org\/{rel}","templated":true}]}}