{"id":35898,"date":"2021-08-17T09:06:01","date_gmt":"2021-08-17T07:06:01","guid":{"rendered":"https:\/\/dorogimedence.hu\/?p=35898"},"modified":"2021-08-17T14:05:18","modified_gmt":"2021-08-17T12:05:18","slug":"vivo-napkozi-esztergomban","status":"publish","type":"post","link":"https:\/\/dorogimedence.hu\/index.php\/2021\/08\/17\/vivo-napkozi-esztergomban\/","title":{"rendered":"V\u00edv\u00f3 napk\u00f6zi Esztergomban"},"content":{"rendered":"<p><strong>Utols\u00f3 lehet\u0151s\u00e9g egy j\u00f3 ny\u00e1ri programra: v\u00edv\u00f3 napk\u00f6zis t\u00e1bort szervez a Szent Gy\u00f6rgy V\u00edv\u00f3 Egyes\u00fclet Esztergomban.<\/strong><\/p>\n<p>Tartalmas programot aj\u00e1nl az \u00e1ltal\u00e1nos iskol\u00e1sok sz\u00e1m\u00e1ra a ny\u00e1r utols\u00f3 het\u00e9ben a Szent Gy\u00f6rgy V\u00edv\u00f3 Egyes\u00fclet. A programmal szeretn\u00e9k a sz\u00fcl\u0151knek megk\u00f6nny\u00edteni gyermek\u00fck fel\u00fcgyelet\u00e9nek megszervez\u00e9s\u00e9t, mindemellett a v\u00edv\u00f3sport megismertet\u00e9s\u00e9vel a gyermekek testi \u00e9s szellemi fejl\u0151d\u00e9s\u00e9t seg\u00edtik el\u0151 a napk\u00f6zis t\u00e1bor egy het\u00e9ben.<\/p>\n<p>A napk\u00f6zi helye: Esztergomi Pet\u0151fi S\u00e1ndor \u00c1ltal\u00e1nos Iskola tornaterme (2500 Esztergom, Pet\u0151fi S\u00e1ndor u. 20.) \u00e9s Szent Gy\u00f6rgy V\u00edv\u00f3terem (2500 Esztergom, Imah\u00e1z u. 10.)<\/p>\n<p><strong>A napk\u00f6zi id\u0151pontja:<\/strong> 2021. augusztus 23. (h\u00e9tf\u0151) &#8211; augusztus 27. (p\u00e9ntek).<\/p>\n<p><strong>Napi foglalkoz\u00e1sok kezdete:<\/strong> minden nap reggel 8-kor a Pet\u0151fi S\u00e1ndor \u00c1ltal\u00e1nos Iskola tornaterm\u00e9ben.<\/p>\n<p><strong>Napi foglalkoz\u00e1sok befejez\u00e9se:<\/strong> a gyerekek 16 \u00f3r\u00e1t\u00f3l vihet\u0151k el a Pet\u0151fi S\u00e1ndor \u00c1ltal\u00e1nos Iskol\u00e1b\u00f3l. Aki\u00e9rt munkahelyi elfoglalts\u00e1g miatt csak k\u00e9s\u0151bb tudnak j\u00f6nni a sz\u00fcl\u0151k, azt k\u00e9rik el\u0151re jelezni, \u00e9s megoldj\u00e1k a fel\u00fcgyeletet.<\/p>\n<p><strong>A t\u00e1bor c\u00e9lcsoportja:<\/strong> a 8-14 \u00e9ves \u00e1ltal\u00e1nos iskol\u00e1s gyermekeket v\u00e1rj\u00e1k els\u0151sorban, de az ett\u0151l elt\u00e9r\u0151 koroszt\u00e1lyt is szeretettel v\u00e1rnak.<\/p>\n<p><strong>Felszerel\u00e9s:<\/strong> a t\u00e1bor r\u00e9sztvev\u0151inek a testnevel\u00e9s \u00f3r\u00e1kon haszn\u00e1lt felszerel\u00e9s elegend\u0151. A v\u00edv\u00f3 foglalkoz\u00e1sokhoz sz\u00fcks\u00e9ges felszerel\u00e9st az egyes\u00fclet biztos\u00edtja, melynek haszn\u00e1lata szakk\u00e9pzett edz\u0151k fel\u00fcgyelete alatt t\u00f6rt\u00e9nik.<\/p>\n<p><strong>Napi program:<\/strong> v\u00edv\u00f3 foglalkoz\u00e1st d\u00e9lel\u0151tt \u00e9s d\u00e9lut\u00e1n is tartanak. Ugyanakkor ezt sok j\u00e1t\u00e9kos program is kieg\u00e9sz\u00edti, hogy a r\u00e9sztvev\u0151k \u00e9lvezetes, vid\u00e1m napokat t\u00f6ltsenek egy\u00fctt. A v\u00edv\u00e1s tanul\u00e1s\u00e1t kis h\u00e1ziversennyel fogj\u00e1k befejezni, ahol csokol\u00e1d\u00e9val d\u00edjazz\u00e1k a r\u00e9sztvev\u0151ket. Ha az id\u0151j\u00e1r\u00e1s el\u00e9g meleg lesz, egy vagy k\u00e9t alkalommal elmennek fagylaltozni.<\/p>\n<p><strong>\u00c9tkez\u00e9s:<\/strong> az eb\u00e9det a Padlizs\u00e1n \u00e9tteremben rendelik meg, minden d\u00e9lben egy\u00fctt s\u00e9t\u00e1lnak \u00e1t eb\u00e9delni. A d\u00e9lel\u0151tt \u00e9s a d\u00e9lut\u00e1n folyam\u00e1n folyamatos t\u00edz\u00f3rai \u00e9s uzsonna v\u00e1rja a gyakorlatok sz\u00fcneteiben a gyerekeket, \u00edgy \u00e9hes senki sem maradhat. A v\u00e1rhat\u00f3an meleg id\u0151j\u00e1r\u00e1sra tekintettel korl\u00e1tlan sz\u00f3dafogyaszt\u00e1st biztos\u00edtanak, de poharat nem, hogy mindenki a saj\u00e1t kulacs\u00e1t haszn\u00e1lja. Akinek az \u00e9tkez\u00e9ssel kapcsolatban k\u00fcl\u00f6n ig\u00e9nyei lesznek (cukorbeteg di\u00e9ta, liszt\u00e9rz\u00e9kenys\u00e9g, vagy egy\u00e9b), azt az al\u00e1bb tal\u00e1lhat\u00f3 regisztr\u00e1ci\u00f3ban van m\u00f3dja jelezni, \u00e9s ezt figyelembe veszi az \u00e9tkez\u00e9st biztos\u00edt\u00f3 c\u00e9g.<\/p>\n<p><a href=\"https:\/\/docs.google.com\/forms\/d\/e\/1FAIpQLSeMw1E4VyrW-gbmc5nt5cpT5DcpcX1kSBpo5U6Gs42cytGtxg\/viewform\" target=\"_blank\" rel=\"noopener\"><span style=\"text-decoration: underline; color: #0000ff;\"><strong>R\u00c9SZLETEK, REGISZTR\u00c1CI\u00d3&gt;&gt;<\/strong><\/span><\/a><\/p>\n<p><iframe title=\"V\u00edv\u00f3 napk\u00f6zi Esztergomban\" width=\"755\" height=\"425\" src=\"https:\/\/www.youtube.com\/embed\/z_rhi2tGK8g?feature=oembed\" frameborder=\"0\" allow=\"accelerometer; autoplay; clipboard-write; encrypted-media; gyroscope; picture-in-picture; web-share\" referrerpolicy=\"strict-origin-when-cross-origin\" allowfullscreen><\/iframe><\/p>\n","protected":false},"excerpt":{"rendered":"<p>Utols\u00f3 lehet\u0151s\u00e9g egy j\u00f3 ny\u00e1ri programra: v\u00edv\u00f3 napk\u00f6zis t\u00e1bort szervez a Szent Gy\u00f6rgy V\u00edv\u00f3 Egyes\u00fclet Esztergomban. Tartalmas programot aj\u00e1nl az \u00e1ltal\u00e1nos iskol\u00e1sok sz\u00e1m\u00e1ra a ny\u00e1r utols\u00f3 het\u00e9ben a Szent Gy\u00f6rgy V\u00edv\u00f3 Egyes\u00fclet. A programmal szeretn\u00e9k a sz\u00fcl\u0151knek megk\u00f6nny\u00edteni gyermek\u00fck fel\u00fcgyelet\u00e9nek megszervez\u00e9s\u00e9t, mindemellett a v\u00edv\u00f3sport megismertet\u00e9s\u00e9vel a gyermekek testi \u00e9s szellemi fejl\u0151d\u00e9s\u00e9t seg\u00edtik el\u0151 a napk\u00f6zis<\/p>\n","protected":false},"author":1,"featured_media":19291,"comment_status":"closed","ping_status":"closed","sticky":false,"template":"","format":"standard","meta":{"ngg_post_thumbnail":0,"footnotes":""},"categories":[38,3,3561],"tags":[42,1172,3661,3466,5895],"class_list":{"0":"post-35898","1":"post","2":"type-post","3":"status-publish","4":"format-standard","5":"has-post-thumbnail","7":"category-esztergom","8":"category-hirek","9":"category-programok","10":"tag-esztergom","11":"tag-napkozis-tabor","12":"tag-szent-gyorgy-vivo-egyesulet","13":"tag-vivas","14":"tag-vivo-tabor"},"yoast_head":"<!-- This site is optimized with the Yoast SEO plugin v27.4 - https:\/\/yoast.com\/product\/yoast-seo-wordpress\/ -->\n<title>V\u00edv\u00f3 napk\u00f6zi Esztergomban<\/title>\n<meta name=\"robots\" content=\"index, follow, max-snippet:-1, max-image-preview:large, max-video-preview:-1\" \/>\n<link rel=\"canonical\" href=\"https:\/\/dorogimedence.hu\/index.php\/2021\/08\/17\/vivo-napkozi-esztergomban\/\" class=\"yoast-seo-meta-tag\" \/>\n<meta property=\"og:locale\" content=\"hu_HU\" class=\"yoast-seo-meta-tag\" \/>\n<meta property=\"og:type\" content=\"article\" class=\"yoast-seo-meta-tag\" \/>\n<meta property=\"og:title\" content=\"V\u00edv\u00f3 napk\u00f6zi Esztergomban\" class=\"yoast-seo-meta-tag\" \/>\n<meta property=\"og:description\" content=\"Utols\u00f3 lehet\u0151s\u00e9g egy j\u00f3 ny\u00e1ri programra: v\u00edv\u00f3 napk\u00f6zis t\u00e1bort szervez a Szent Gy\u00f6rgy V\u00edv\u00f3 Egyes\u00fclet Esztergomban. Tartalmas programot aj\u00e1nl az \u00e1ltal\u00e1nos iskol\u00e1sok sz\u00e1m\u00e1ra a ny\u00e1r utols\u00f3 het\u00e9ben a Szent Gy\u00f6rgy V\u00edv\u00f3 Egyes\u00fclet. A programmal szeretn\u00e9k a sz\u00fcl\u0151knek megk\u00f6nny\u00edteni gyermek\u00fck fel\u00fcgyelet\u00e9nek megszervez\u00e9s\u00e9t, mindemellett a v\u00edv\u00f3sport megismertet\u00e9s\u00e9vel a gyermekek testi \u00e9s szellemi fejl\u0151d\u00e9s\u00e9t seg\u00edtik el\u0151 a napk\u00f6zis\" class=\"yoast-seo-meta-tag\" \/>\n<meta property=\"og:url\" content=\"https:\/\/dorogimedence.hu\/index.php\/2021\/08\/17\/vivo-napkozi-esztergomban\/\" class=\"yoast-seo-meta-tag\" \/>\n<meta property=\"og:site_name\" content=\"Dorogi-medence Region\u00e1lis H\u00edrport\u00e1l\" class=\"yoast-seo-meta-tag\" \/>\n<meta property=\"article:publisher\" content=\"https:\/\/www.facebook.com\/dorogimedence\/\" class=\"yoast-seo-meta-tag\" \/>\n<meta property=\"article:published_time\" content=\"2021-08-17T07:06:01+00:00\" class=\"yoast-seo-meta-tag\" \/>\n<meta property=\"article:modified_time\" content=\"2021-08-17T12:05:18+00:00\" class=\"yoast-seo-meta-tag\" \/>\n<meta property=\"og:image\" content=\"https:\/\/i0.wp.com\/dorogimedence.hu\/wp-content\/uploads\/2019\/09\/vivok01.jpg?fit=670%2C365&ssl=1\" class=\"yoast-seo-meta-tag\" \/>\n\t<meta property=\"og:image:width\" content=\"670\" class=\"yoast-seo-meta-tag\" \/>\n\t<meta property=\"og:image:height\" content=\"365\" class=\"yoast-seo-meta-tag\" \/>\n\t<meta property=\"og:image:type\" content=\"image\/jpeg\" class=\"yoast-seo-meta-tag\" \/>\n<meta name=\"author\" content=\"dorogimedence.hu\" class=\"yoast-seo-meta-tag\" \/>\n<meta name=\"twitter:card\" content=\"summary_large_image\" class=\"yoast-seo-meta-tag\" \/>\n<meta name=\"twitter:label1\" content=\"Szerz\u0151:\" class=\"yoast-seo-meta-tag\" \/>\n\t<meta name=\"twitter:data1\" content=\"dorogimedence.hu\" class=\"yoast-seo-meta-tag\" \/>\n\t<meta name=\"twitter:label2\" content=\"Becs\u00fclt olvas\u00e1si id\u0151\" class=\"yoast-seo-meta-tag\" \/>\n\t<meta name=\"twitter:data2\" content=\"3 perc\" class=\"yoast-seo-meta-tag\" \/>\n<script type=\"application\/ld+json\" class=\"yoast-schema-graph\">{\"@context\":\"https:\\\/\\\/schema.org\",\"@graph\":[{\"@type\":\"Article\",\"@id\":\"https:\\\/\\\/dorogimedence.hu\\\/index.php\\\/2021\\\/08\\\/17\\\/vivo-napkozi-esztergomban\\\/#article\",\"isPartOf\":{\"@id\":\"https:\\\/\\\/dorogimedence.hu\\\/index.php\\\/2021\\\/08\\\/17\\\/vivo-napkozi-esztergomban\\\/\"},\"author\":{\"name\":\"dorogimedence.hu\",\"@id\":\"https:\\\/\\\/dorogimedence.hu\\\/#\\\/schema\\\/person\\\/ce6091eeb7e95ecdc87890d6aa8e0fd4\"},\"headline\":\"V\u00edv\u00f3 napk\u00f6zi Esztergomban\",\"datePublished\":\"2021-08-17T07:06:01+00:00\",\"dateModified\":\"2021-08-17T12:05:18+00:00\",\"mainEntityOfPage\":{\"@id\":\"https:\\\/\\\/dorogimedence.hu\\\/index.php\\\/2021\\\/08\\\/17\\\/vivo-napkozi-esztergomban\\\/\"},\"wordCount\":513,\"publisher\":{\"@id\":\"https:\\\/\\\/dorogimedence.hu\\\/#organization\"},\"image\":{\"@id\":\"https:\\\/\\\/dorogimedence.hu\\\/index.php\\\/2021\\\/08\\\/17\\\/vivo-napkozi-esztergomban\\\/#primaryimage\"},\"thumbnailUrl\":\"https:\\\/\\\/dorogimedence.hu\\\/wp-content\\\/uploads\\\/2019\\\/09\\\/vivok01.jpg\",\"keywords\":[\"esztergom\",\"napk\u00f6zis t\u00e1bor\",\"Szent Gy\u00f6rgy V\u00edv\u00f3 Egyes\u00fclet\",\"v\u00edv\u00e1s\",\"v\u00edv\u00f3 t\u00e1bor\"],\"articleSection\":[\"Esztergom\",\"H\u00edrek\",\"Programok\"],\"inLanguage\":\"hu\"},{\"@type\":\"WebPage\",\"@id\":\"https:\\\/\\\/dorogimedence.hu\\\/index.php\\\/2021\\\/08\\\/17\\\/vivo-napkozi-esztergomban\\\/\",\"url\":\"https:\\\/\\\/dorogimedence.hu\\\/index.php\\\/2021\\\/08\\\/17\\\/vivo-napkozi-esztergomban\\\/\",\"name\":\"V\u00edv\u00f3 napk\u00f6zi Esztergomban\",\"isPartOf\":{\"@id\":\"https:\\\/\\\/dorogimedence.hu\\\/#website\"},\"primaryImageOfPage\":{\"@id\":\"https:\\\/\\\/dorogimedence.hu\\\/index.php\\\/2021\\\/08\\\/17\\\/vivo-napkozi-esztergomban\\\/#primaryimage\"},\"image\":{\"@id\":\"https:\\\/\\\/dorogimedence.hu\\\/index.php\\\/2021\\\/08\\\/17\\\/vivo-napkozi-esztergomban\\\/#primaryimage\"},\"thumbnailUrl\":\"https:\\\/\\\/dorogimedence.hu\\\/wp-content\\\/uploads\\\/2019\\\/09\\\/vivok01.jpg\",\"datePublished\":\"2021-08-17T07:06:01+00:00\",\"dateModified\":\"2021-08-17T12:05:18+00:00\",\"breadcrumb\":{\"@id\":\"https:\\\/\\\/dorogimedence.hu\\\/index.php\\\/2021\\\/08\\\/17\\\/vivo-napkozi-esztergomban\\\/#breadcrumb\"},\"inLanguage\":\"hu\",\"potentialAction\":[{\"@type\":\"ReadAction\",\"target\":[\"https:\\\/\\\/dorogimedence.hu\\\/index.php\\\/2021\\\/08\\\/17\\\/vivo-napkozi-esztergomban\\\/\"]}]},{\"@type\":\"ImageObject\",\"inLanguage\":\"hu\",\"@id\":\"https:\\\/\\\/dorogimedence.hu\\\/index.php\\\/2021\\\/08\\\/17\\\/vivo-napkozi-esztergomban\\\/#primaryimage\",\"url\":\"https:\\\/\\\/dorogimedence.hu\\\/wp-content\\\/uploads\\\/2019\\\/09\\\/vivok01.jpg\",\"contentUrl\":\"https:\\\/\\\/dorogimedence.hu\\\/wp-content\\\/uploads\\\/2019\\\/09\\\/vivok01.jpg\",\"width\":670,\"height\":365},{\"@type\":\"BreadcrumbList\",\"@id\":\"https:\\\/\\\/dorogimedence.hu\\\/index.php\\\/2021\\\/08\\\/17\\\/vivo-napkozi-esztergomban\\\/#breadcrumb\",\"itemListElement\":[{\"@type\":\"ListItem\",\"position\":1,\"name\":\"Kezd\u0151lap\",\"item\":\"https:\\\/\\\/dorogimedence.hu\\\/\"},{\"@type\":\"ListItem\",\"position\":2,\"name\":\"V\u00edv\u00f3 napk\u00f6zi Esztergomban\"}]},{\"@type\":\"WebSite\",\"@id\":\"https:\\\/\\\/dorogimedence.hu\\\/#website\",\"url\":\"https:\\\/\\\/dorogimedence.hu\\\/\",\"name\":\"Dorogi-medence Region\u00e1lis H\u00edrport\u00e1l\",\"description\":\"Dorog, Keszt\u00f6lc, Le\u00e1nyv\u00e1r, Piliscs\u00e9v, Tokod, Tokodalt\u00e1r\u00f3, Csolnok, Esztergom-kertv\u00e1ros: h\u00edrek, programok\",\"publisher\":{\"@id\":\"https:\\\/\\\/dorogimedence.hu\\\/#organization\"},\"potentialAction\":[{\"@type\":\"SearchAction\",\"target\":{\"@type\":\"EntryPoint\",\"urlTemplate\":\"https:\\\/\\\/dorogimedence.hu\\\/?s={search_term_string}\"},\"query-input\":{\"@type\":\"PropertyValueSpecification\",\"valueRequired\":true,\"valueName\":\"search_term_string\"}}],\"inLanguage\":\"hu\"},{\"@type\":\"Organization\",\"@id\":\"https:\\\/\\\/dorogimedence.hu\\\/#organization\",\"name\":\"Dorogi-medence Region\u00e1lis H\u00edrport\u00e1l\",\"url\":\"https:\\\/\\\/dorogimedence.hu\\\/\",\"logo\":{\"@type\":\"ImageObject\",\"inLanguage\":\"hu\",\"@id\":\"https:\\\/\\\/dorogimedence.hu\\\/#\\\/schema\\\/logo\\\/image\\\/\",\"url\":\"https:\\\/\\\/dorogimedence.hu\\\/wp-content\\\/uploads\\\/2021\\\/04\\\/logo-feher-600.png\",\"contentUrl\":\"https:\\\/\\\/dorogimedence.hu\\\/wp-content\\\/uploads\\\/2021\\\/04\\\/logo-feher-600.png\",\"width\":600,\"height\":100,\"caption\":\"Dorogi-medence Region\u00e1lis H\u00edrport\u00e1l\"},\"image\":{\"@id\":\"https:\\\/\\\/dorogimedence.hu\\\/#\\\/schema\\\/logo\\\/image\\\/\"},\"sameAs\":[\"https:\\\/\\\/www.facebook.com\\\/dorogimedence\\\/\"]},{\"@type\":\"Person\",\"@id\":\"https:\\\/\\\/dorogimedence.hu\\\/#\\\/schema\\\/person\\\/ce6091eeb7e95ecdc87890d6aa8e0fd4\",\"name\":\"dorogimedence.hu\",\"image\":{\"@type\":\"ImageObject\",\"inLanguage\":\"hu\",\"@id\":\"\\\/\\\/www.gravatar.com\\\/avatar\\\/d8d45f8901aadff40a4af72c0b826f1d?s=96&#038;r=g&#038;d=mm\",\"url\":\"\\\/\\\/www.gravatar.com\\\/avatar\\\/d8d45f8901aadff40a4af72c0b826f1d?s=96&#038;r=g&#038;d=mm\",\"contentUrl\":\"\\\/\\\/www.gravatar.com\\\/avatar\\\/d8d45f8901aadff40a4af72c0b826f1d?s=96&#038;r=g&#038;d=mm\",\"caption\":\"dorogimedence.hu\"}}]}<\/script>\n<!-- \/ Yoast SEO plugin. -->","yoast_head_json":{"title":"V\u00edv\u00f3 napk\u00f6zi Esztergomban","robots":{"index":"index","follow":"follow","max-snippet":"max-snippet:-1","max-image-preview":"max-image-preview:large","max-video-preview":"max-video-preview:-1"},"canonical":"https:\/\/dorogimedence.hu\/index.php\/2021\/08\/17\/vivo-napkozi-esztergomban\/","og_locale":"hu_HU","og_type":"article","og_title":"V\u00edv\u00f3 napk\u00f6zi Esztergomban","og_description":"Utols\u00f3 lehet\u0151s\u00e9g egy j\u00f3 ny\u00e1ri programra: v\u00edv\u00f3 napk\u00f6zis t\u00e1bort szervez a Szent Gy\u00f6rgy V\u00edv\u00f3 Egyes\u00fclet Esztergomban. Tartalmas programot aj\u00e1nl az \u00e1ltal\u00e1nos iskol\u00e1sok sz\u00e1m\u00e1ra a ny\u00e1r utols\u00f3 het\u00e9ben a Szent Gy\u00f6rgy V\u00edv\u00f3 Egyes\u00fclet. A programmal szeretn\u00e9k a sz\u00fcl\u0151knek megk\u00f6nny\u00edteni gyermek\u00fck fel\u00fcgyelet\u00e9nek megszervez\u00e9s\u00e9t, mindemellett a v\u00edv\u00f3sport megismertet\u00e9s\u00e9vel a gyermekek testi \u00e9s szellemi fejl\u0151d\u00e9s\u00e9t seg\u00edtik el\u0151 a napk\u00f6zis","og_url":"https:\/\/dorogimedence.hu\/index.php\/2021\/08\/17\/vivo-napkozi-esztergomban\/","og_site_name":"Dorogi-medence Region\u00e1lis H\u00edrport\u00e1l","article_publisher":"https:\/\/www.facebook.com\/dorogimedence\/","article_published_time":"2021-08-17T07:06:01+00:00","article_modified_time":"2021-08-17T12:05:18+00:00","og_image":[{"width":670,"height":365,"url":"https:\/\/i0.wp.com\/dorogimedence.hu\/wp-content\/uploads\/2019\/09\/vivok01.jpg?fit=670%2C365&ssl=1","type":"image\/jpeg"}],"author":"dorogimedence.hu","twitter_card":"summary_large_image","twitter_misc":{"Szerz\u0151:":"dorogimedence.hu","Becs\u00fclt olvas\u00e1si id\u0151":"3 perc"},"schema":{"@context":"https:\/\/schema.org","@graph":[{"@type":"Article","@id":"https:\/\/dorogimedence.hu\/index.php\/2021\/08\/17\/vivo-napkozi-esztergomban\/#article","isPartOf":{"@id":"https:\/\/dorogimedence.hu\/index.php\/2021\/08\/17\/vivo-napkozi-esztergomban\/"},"author":{"name":"dorogimedence.hu","@id":"https:\/\/dorogimedence.hu\/#\/schema\/person\/ce6091eeb7e95ecdc87890d6aa8e0fd4"},"headline":"V\u00edv\u00f3 napk\u00f6zi Esztergomban","datePublished":"2021-08-17T07:06:01+00:00","dateModified":"2021-08-17T12:05:18+00:00","mainEntityOfPage":{"@id":"https:\/\/dorogimedence.hu\/index.php\/2021\/08\/17\/vivo-napkozi-esztergomban\/"},"wordCount":513,"publisher":{"@id":"https:\/\/dorogimedence.hu\/#organization"},"image":{"@id":"https:\/\/dorogimedence.hu\/index.php\/2021\/08\/17\/vivo-napkozi-esztergomban\/#primaryimage"},"thumbnailUrl":"https:\/\/dorogimedence.hu\/wp-content\/uploads\/2019\/09\/vivok01.jpg","keywords":["esztergom","napk\u00f6zis t\u00e1bor","Szent Gy\u00f6rgy V\u00edv\u00f3 Egyes\u00fclet","v\u00edv\u00e1s","v\u00edv\u00f3 t\u00e1bor"],"articleSection":["Esztergom","H\u00edrek","Programok"],"inLanguage":"hu"},{"@type":"WebPage","@id":"https:\/\/dorogimedence.hu\/index.php\/2021\/08\/17\/vivo-napkozi-esztergomban\/","url":"https:\/\/dorogimedence.hu\/index.php\/2021\/08\/17\/vivo-napkozi-esztergomban\/","name":"V\u00edv\u00f3 napk\u00f6zi Esztergomban","isPartOf":{"@id":"https:\/\/dorogimedence.hu\/#website"},"primaryImageOfPage":{"@id":"https:\/\/dorogimedence.hu\/index.php\/2021\/08\/17\/vivo-napkozi-esztergomban\/#primaryimage"},"image":{"@id":"https:\/\/dorogimedence.hu\/index.php\/2021\/08\/17\/vivo-napkozi-esztergomban\/#primaryimage"},"thumbnailUrl":"https:\/\/dorogimedence.hu\/wp-content\/uploads\/2019\/09\/vivok01.jpg","datePublished":"2021-08-17T07:06:01+00:00","dateModified":"2021-08-17T12:05:18+00:00","breadcrumb":{"@id":"https:\/\/dorogimedence.hu\/index.php\/2021\/08\/17\/vivo-napkozi-esztergomban\/#breadcrumb"},"inLanguage":"hu","potentialAction":[{"@type":"ReadAction","target":["https:\/\/dorogimedence.hu\/index.php\/2021\/08\/17\/vivo-napkozi-esztergomban\/"]}]},{"@type":"ImageObject","inLanguage":"hu","@id":"https:\/\/dorogimedence.hu\/index.php\/2021\/08\/17\/vivo-napkozi-esztergomban\/#primaryimage","url":"https:\/\/dorogimedence.hu\/wp-content\/uploads\/2019\/09\/vivok01.jpg","contentUrl":"https:\/\/dorogimedence.hu\/wp-content\/uploads\/2019\/09\/vivok01.jpg","width":670,"height":365},{"@type":"BreadcrumbList","@id":"https:\/\/dorogimedence.hu\/index.php\/2021\/08\/17\/vivo-napkozi-esztergomban\/#breadcrumb","itemListElement":[{"@type":"ListItem","position":1,"name":"Kezd\u0151lap","item":"https:\/\/dorogimedence.hu\/"},{"@type":"ListItem","position":2,"name":"V\u00edv\u00f3 napk\u00f6zi Esztergomban"}]},{"@type":"WebSite","@id":"https:\/\/dorogimedence.hu\/#website","url":"https:\/\/dorogimedence.hu\/","name":"Dorogi-medence Region\u00e1lis H\u00edrport\u00e1l","description":"Dorog, Keszt\u00f6lc, Le\u00e1nyv\u00e1r, Piliscs\u00e9v, Tokod, Tokodalt\u00e1r\u00f3, Csolnok, Esztergom-kertv\u00e1ros: h\u00edrek, programok","publisher":{"@id":"https:\/\/dorogimedence.hu\/#organization"},"potentialAction":[{"@type":"SearchAction","target":{"@type":"EntryPoint","urlTemplate":"https:\/\/dorogimedence.hu\/?s={search_term_string}"},"query-input":{"@type":"PropertyValueSpecification","valueRequired":true,"valueName":"search_term_string"}}],"inLanguage":"hu"},{"@type":"Organization","@id":"https:\/\/dorogimedence.hu\/#organization","name":"Dorogi-medence Region\u00e1lis H\u00edrport\u00e1l","url":"https:\/\/dorogimedence.hu\/","logo":{"@type":"ImageObject","inLanguage":"hu","@id":"https:\/\/dorogimedence.hu\/#\/schema\/logo\/image\/","url":"https:\/\/dorogimedence.hu\/wp-content\/uploads\/2021\/04\/logo-feher-600.png","contentUrl":"https:\/\/dorogimedence.hu\/wp-content\/uploads\/2021\/04\/logo-feher-600.png","width":600,"height":100,"caption":"Dorogi-medence Region\u00e1lis H\u00edrport\u00e1l"},"image":{"@id":"https:\/\/dorogimedence.hu\/#\/schema\/logo\/image\/"},"sameAs":["https:\/\/www.facebook.com\/dorogimedence\/"]},{"@type":"Person","@id":"https:\/\/dorogimedence.hu\/#\/schema\/person\/ce6091eeb7e95ecdc87890d6aa8e0fd4","name":"dorogimedence.hu","image":{"@type":"ImageObject","inLanguage":"hu","@id":"\/\/www.gravatar.com\/avatar\/d8d45f8901aadff40a4af72c0b826f1d?s=96&#038;r=g&#038;d=mm","url":"\/\/www.gravatar.com\/avatar\/d8d45f8901aadff40a4af72c0b826f1d?s=96&#038;r=g&#038;d=mm","contentUrl":"\/\/www.gravatar.com\/avatar\/d8d45f8901aadff40a4af72c0b826f1d?s=96&#038;r=g&#038;d=mm","caption":"dorogimedence.hu"}}]}},"_links":{"self":[{"href":"https:\/\/dorogimedence.hu\/index.php\/wp-json\/wp\/v2\/posts\/35898","targetHints":{"allow":["GET"]}}],"collection":[{"href":"https:\/\/dorogimedence.hu\/index.php\/wp-json\/wp\/v2\/posts"}],"about":[{"href":"https:\/\/dorogimedence.hu\/index.php\/wp-json\/wp\/v2\/types\/post"}],"author":[{"embeddable":true,"href":"https:\/\/dorogimedence.hu\/index.php\/wp-json\/wp\/v2\/users\/1"}],"replies":[{"embeddable":true,"href":"https:\/\/dorogimedence.hu\/index.php\/wp-json\/wp\/v2\/comments?post=35898"}],"version-history":[{"count":0,"href":"https:\/\/dorogimedence.hu\/index.php\/wp-json\/wp\/v2\/posts\/35898\/revisions"}],"wp:featuredmedia":[{"embeddable":true,"href":"https:\/\/dorogimedence.hu\/index.php\/wp-json\/wp\/v2\/media\/19291"}],"wp:attachment":[{"href":"https:\/\/dorogimedence.hu\/index.php\/wp-json\/wp\/v2\/media?parent=35898"}],"wp:term":[{"taxonomy":"category","embeddable":true,"href":"https:\/\/dorogimedence.hu\/index.php\/wp-json\/wp\/v2\/categories?post=35898"},{"taxonomy":"post_tag","embeddable":true,"href":"https:\/\/dorogimedence.hu\/index.php\/wp-json\/wp\/v2\/tags?post=35898"}],"curies":[{"name":"wp","href":"https:\/\/api.w.org\/{rel}","templated":true}]}}