{"id":35733,"date":"2021-08-12T14:50:08","date_gmt":"2021-08-12T12:50:08","guid":{"rendered":"https:\/\/dorogimedence.hu\/?p=35733"},"modified":"2021-08-12T14:56:53","modified_gmt":"2021-08-12T12:56:53","slug":"felujitasi-munkalatok-zajlanak-a-dorogi-uszodaban","status":"publish","type":"post","link":"https:\/\/dorogimedence.hu\/index.php\/2021\/08\/12\/felujitasi-munkalatok-zajlanak-a-dorogi-uszodaban\/","title":{"rendered":"Fel\u00faj\u00edt\u00e1si munk\u00e1latok zajlanak a dorogi uszod\u00e1ban"},"content":{"rendered":"<p><strong>Elkezd\u0151d\u00f6tt a dorogi Nipl Stef\u00e1nia Uszoda l\u00e1bazati h\u0151szigetel\u00e9s\u00e9nek cser\u00e9je \u2013 tudtuk meg Szek\u00e9r Zolt\u00e1nt\u00f3l, az int\u00e9zm\u00e9ny vezet\u0151j\u00e9t\u0151l.<\/strong><\/p>\n<p>Szek\u00e9r Zolt\u00e1n elmondta, hogy az elm\u00falt 15 \u00e9v alatt az uszoda \u00e1llapota leromlott, ez\u00e9rt t\u00f6bb \u00fctemben \u00faj\u00edtj\u00e1k fel az \u00e9p\u00fcletet. El\u0151sz\u00f6r az utcafront fel\u00f6li l\u00e1bazat h\u0151szigetel\u00e9s\u00e9t cser\u00e9lik le, majd miut\u00e1n szeptemberben bubor\u00e9kot kap a medencet\u00e9r az udvar fel\u00f6li oldalon folytatj\u00e1k ugyanezt. Az int\u00e9zm\u00e9nyvezet\u0151 kit\u00e9rt arra is, hogy szeretn\u00e9k \u00fagy fel\u00faj\u00edtani a sportl\u00e9tes\u00edtm\u00e9nyt, hogy az hossz\u00fa t\u00e1von szolg\u00e1lja majd a sportol\u00f3kat \u00e9s a vend\u00e9geket, ez\u00e9rt v\u00e1rhat\u00f3an tov\u00e1bbi fel\u00faj\u00edt\u00e1si munk\u00e1latokra is sor ker\u00fclhet a j\u00f6v\u0151ben.<\/p>\n<p>A fel\u00faj\u00edt\u00e1s \u00f6nkorm\u00e1nyzati forr\u00e1sb\u00f3l val\u00f3sul meg \u00e9s az nem zavarja az uszoda m\u0171k\u00f6d\u00e9s\u00e9t, teh\u00e1t tov\u00e1bbra is nyitva \u00e1ll a vend\u00e9gek \u00e9s a sportol\u00f3k el\u0151tt egyar\u00e1nt.<\/p>\n","protected":false},"excerpt":{"rendered":"<p>Elkezd\u0151d\u00f6tt a dorogi Nipl Stef\u00e1nia Uszoda l\u00e1bazati h\u0151szigetel\u00e9s\u00e9nek cser\u00e9je \u2013 tudtuk meg Szek\u00e9r Zolt\u00e1nt\u00f3l, az int\u00e9zm\u00e9ny vezet\u0151j\u00e9t\u0151l. Szek\u00e9r Zolt\u00e1n elmondta, hogy az elm\u00falt 15 \u00e9v alatt az uszoda \u00e1llapota leromlott, ez\u00e9rt t\u00f6bb \u00fctemben \u00faj\u00edtj\u00e1k fel az \u00e9p\u00fcletet. El\u0151sz\u00f6r az utcafront fel\u00f6li l\u00e1bazat h\u0151szigetel\u00e9s\u00e9t cser\u00e9lik le, majd miut\u00e1n szeptemberben bubor\u00e9kot kap a medencet\u00e9r az udvar fel\u00f6li<\/p>\n","protected":false},"author":1,"featured_media":35734,"comment_status":"closed","ping_status":"closed","sticky":false,"template":"","format":"standard","meta":{"ngg_post_thumbnail":0,"footnotes":""},"categories":[2,3],"tags":[15,2043,5624,464,786,89],"class_list":{"0":"post-35733","1":"post","2":"type-post","3":"status-publish","4":"format-standard","5":"has-post-thumbnail","7":"category-dorog","8":"category-hirek","9":"tag-dorog","10":"tag-dorogi-uszoda","11":"tag-featured","12":"tag-felujitas","13":"tag-nipl-stefania-uszoda","14":"tag-uszoda"},"yoast_head":"<!-- This site is optimized with the Yoast SEO plugin v27.4 - https:\/\/yoast.com\/product\/yoast-seo-wordpress\/ -->\n<title>Fel\u00faj\u00edt\u00e1si munk\u00e1latok zajlanak a dorogi uszod\u00e1ban<\/title>\n<meta name=\"robots\" content=\"index, follow, max-snippet:-1, max-image-preview:large, max-video-preview:-1\" \/>\n<link rel=\"canonical\" href=\"https:\/\/dorogimedence.hu\/index.php\/2021\/08\/12\/felujitasi-munkalatok-zajlanak-a-dorogi-uszodaban\/\" class=\"yoast-seo-meta-tag\" \/>\n<meta property=\"og:locale\" content=\"hu_HU\" class=\"yoast-seo-meta-tag\" \/>\n<meta property=\"og:type\" content=\"article\" class=\"yoast-seo-meta-tag\" \/>\n<meta property=\"og:title\" content=\"Fel\u00faj\u00edt\u00e1si munk\u00e1latok zajlanak a dorogi uszod\u00e1ban\" class=\"yoast-seo-meta-tag\" \/>\n<meta property=\"og:description\" content=\"Elkezd\u0151d\u00f6tt a dorogi Nipl Stef\u00e1nia Uszoda l\u00e1bazati h\u0151szigetel\u00e9s\u00e9nek cser\u00e9je \u2013 tudtuk meg Szek\u00e9r Zolt\u00e1nt\u00f3l, az int\u00e9zm\u00e9ny vezet\u0151j\u00e9t\u0151l. Szek\u00e9r Zolt\u00e1n elmondta, hogy az elm\u00falt 15 \u00e9v alatt az uszoda \u00e1llapota leromlott, ez\u00e9rt t\u00f6bb \u00fctemben \u00faj\u00edtj\u00e1k fel az \u00e9p\u00fcletet. El\u0151sz\u00f6r az utcafront fel\u00f6li l\u00e1bazat h\u0151szigetel\u00e9s\u00e9t cser\u00e9lik le, majd miut\u00e1n szeptemberben bubor\u00e9kot kap a medencet\u00e9r az udvar fel\u00f6li\" class=\"yoast-seo-meta-tag\" \/>\n<meta property=\"og:url\" content=\"https:\/\/dorogimedence.hu\/index.php\/2021\/08\/12\/felujitasi-munkalatok-zajlanak-a-dorogi-uszodaban\/\" class=\"yoast-seo-meta-tag\" \/>\n<meta property=\"og:site_name\" content=\"Dorogi-medence Region\u00e1lis H\u00edrport\u00e1l\" class=\"yoast-seo-meta-tag\" \/>\n<meta property=\"article:publisher\" content=\"https:\/\/www.facebook.com\/dorogimedence\/\" class=\"yoast-seo-meta-tag\" \/>\n<meta property=\"article:published_time\" content=\"2021-08-12T12:50:08+00:00\" class=\"yoast-seo-meta-tag\" \/>\n<meta property=\"article:modified_time\" content=\"2021-08-12T12:56:53+00:00\" class=\"yoast-seo-meta-tag\" \/>\n<meta property=\"og:image\" content=\"https:\/\/i0.wp.com\/dorogimedence.hu\/wp-content\/uploads\/2021\/08\/dorog-uszoda-felujitas.jpg?fit=1920%2C1280&ssl=1\" class=\"yoast-seo-meta-tag\" \/>\n\t<meta property=\"og:image:width\" content=\"1920\" class=\"yoast-seo-meta-tag\" \/>\n\t<meta property=\"og:image:height\" content=\"1280\" class=\"yoast-seo-meta-tag\" \/>\n\t<meta property=\"og:image:type\" content=\"image\/jpeg\" class=\"yoast-seo-meta-tag\" \/>\n<meta name=\"author\" content=\"dorogimedence.hu\" class=\"yoast-seo-meta-tag\" \/>\n<meta name=\"twitter:card\" content=\"summary_large_image\" class=\"yoast-seo-meta-tag\" \/>\n<meta name=\"twitter:label1\" content=\"Szerz\u0151:\" class=\"yoast-seo-meta-tag\" \/>\n\t<meta name=\"twitter:data1\" content=\"dorogimedence.hu\" class=\"yoast-seo-meta-tag\" \/>\n\t<meta name=\"twitter:label2\" content=\"Becs\u00fclt olvas\u00e1si id\u0151\" class=\"yoast-seo-meta-tag\" \/>\n\t<meta name=\"twitter:data2\" content=\"1 perc\" class=\"yoast-seo-meta-tag\" \/>\n<script type=\"application\/ld+json\" class=\"yoast-schema-graph\">{\"@context\":\"https:\\\/\\\/schema.org\",\"@graph\":[{\"@type\":\"Article\",\"@id\":\"https:\\\/\\\/dorogimedence.hu\\\/index.php\\\/2021\\\/08\\\/12\\\/felujitasi-munkalatok-zajlanak-a-dorogi-uszodaban\\\/#article\",\"isPartOf\":{\"@id\":\"https:\\\/\\\/dorogimedence.hu\\\/index.php\\\/2021\\\/08\\\/12\\\/felujitasi-munkalatok-zajlanak-a-dorogi-uszodaban\\\/\"},\"author\":{\"name\":\"dorogimedence.hu\",\"@id\":\"https:\\\/\\\/dorogimedence.hu\\\/#\\\/schema\\\/person\\\/ce6091eeb7e95ecdc87890d6aa8e0fd4\"},\"headline\":\"Fel\u00faj\u00edt\u00e1si munk\u00e1latok zajlanak a dorogi uszod\u00e1ban\",\"datePublished\":\"2021-08-12T12:50:08+00:00\",\"dateModified\":\"2021-08-12T12:56:53+00:00\",\"mainEntityOfPage\":{\"@id\":\"https:\\\/\\\/dorogimedence.hu\\\/index.php\\\/2021\\\/08\\\/12\\\/felujitasi-munkalatok-zajlanak-a-dorogi-uszodaban\\\/\"},\"wordCount\":202,\"publisher\":{\"@id\":\"https:\\\/\\\/dorogimedence.hu\\\/#organization\"},\"image\":{\"@id\":\"https:\\\/\\\/dorogimedence.hu\\\/index.php\\\/2021\\\/08\\\/12\\\/felujitasi-munkalatok-zajlanak-a-dorogi-uszodaban\\\/#primaryimage\"},\"thumbnailUrl\":\"https:\\\/\\\/dorogimedence.hu\\\/wp-content\\\/uploads\\\/2021\\\/08\\\/dorog-uszoda-felujitas.jpg\",\"keywords\":[\"Dorog\",\"dorogi uszoda\",\"featured\",\"fel\u00faj\u00edt\u00e1s\",\"Nipl Stef\u00e1nia Uszoda\",\"uszoda\"],\"articleSection\":[\"Dorog\",\"H\u00edrek\"],\"inLanguage\":\"hu\"},{\"@type\":\"WebPage\",\"@id\":\"https:\\\/\\\/dorogimedence.hu\\\/index.php\\\/2021\\\/08\\\/12\\\/felujitasi-munkalatok-zajlanak-a-dorogi-uszodaban\\\/\",\"url\":\"https:\\\/\\\/dorogimedence.hu\\\/index.php\\\/2021\\\/08\\\/12\\\/felujitasi-munkalatok-zajlanak-a-dorogi-uszodaban\\\/\",\"name\":\"Fel\u00faj\u00edt\u00e1si munk\u00e1latok zajlanak a dorogi uszod\u00e1ban\",\"isPartOf\":{\"@id\":\"https:\\\/\\\/dorogimedence.hu\\\/#website\"},\"primaryImageOfPage\":{\"@id\":\"https:\\\/\\\/dorogimedence.hu\\\/index.php\\\/2021\\\/08\\\/12\\\/felujitasi-munkalatok-zajlanak-a-dorogi-uszodaban\\\/#primaryimage\"},\"image\":{\"@id\":\"https:\\\/\\\/dorogimedence.hu\\\/index.php\\\/2021\\\/08\\\/12\\\/felujitasi-munkalatok-zajlanak-a-dorogi-uszodaban\\\/#primaryimage\"},\"thumbnailUrl\":\"https:\\\/\\\/dorogimedence.hu\\\/wp-content\\\/uploads\\\/2021\\\/08\\\/dorog-uszoda-felujitas.jpg\",\"datePublished\":\"2021-08-12T12:50:08+00:00\",\"dateModified\":\"2021-08-12T12:56:53+00:00\",\"breadcrumb\":{\"@id\":\"https:\\\/\\\/dorogimedence.hu\\\/index.php\\\/2021\\\/08\\\/12\\\/felujitasi-munkalatok-zajlanak-a-dorogi-uszodaban\\\/#breadcrumb\"},\"inLanguage\":\"hu\",\"potentialAction\":[{\"@type\":\"ReadAction\",\"target\":[\"https:\\\/\\\/dorogimedence.hu\\\/index.php\\\/2021\\\/08\\\/12\\\/felujitasi-munkalatok-zajlanak-a-dorogi-uszodaban\\\/\"]}]},{\"@type\":\"ImageObject\",\"inLanguage\":\"hu\",\"@id\":\"https:\\\/\\\/dorogimedence.hu\\\/index.php\\\/2021\\\/08\\\/12\\\/felujitasi-munkalatok-zajlanak-a-dorogi-uszodaban\\\/#primaryimage\",\"url\":\"https:\\\/\\\/dorogimedence.hu\\\/wp-content\\\/uploads\\\/2021\\\/08\\\/dorog-uszoda-felujitas.jpg\",\"contentUrl\":\"https:\\\/\\\/dorogimedence.hu\\\/wp-content\\\/uploads\\\/2021\\\/08\\\/dorog-uszoda-felujitas.jpg\",\"width\":1920,\"height\":1280},{\"@type\":\"BreadcrumbList\",\"@id\":\"https:\\\/\\\/dorogimedence.hu\\\/index.php\\\/2021\\\/08\\\/12\\\/felujitasi-munkalatok-zajlanak-a-dorogi-uszodaban\\\/#breadcrumb\",\"itemListElement\":[{\"@type\":\"ListItem\",\"position\":1,\"name\":\"Kezd\u0151lap\",\"item\":\"https:\\\/\\\/dorogimedence.hu\\\/\"},{\"@type\":\"ListItem\",\"position\":2,\"name\":\"Fel\u00faj\u00edt\u00e1si munk\u00e1latok zajlanak a dorogi uszod\u00e1ban\"}]},{\"@type\":\"WebSite\",\"@id\":\"https:\\\/\\\/dorogimedence.hu\\\/#website\",\"url\":\"https:\\\/\\\/dorogimedence.hu\\\/\",\"name\":\"Dorogi-medence Region\u00e1lis H\u00edrport\u00e1l\",\"description\":\"Dorog, Keszt\u00f6lc, Le\u00e1nyv\u00e1r, Piliscs\u00e9v, Tokod, Tokodalt\u00e1r\u00f3, Csolnok, Esztergom-kertv\u00e1ros: h\u00edrek, programok\",\"publisher\":{\"@id\":\"https:\\\/\\\/dorogimedence.hu\\\/#organization\"},\"potentialAction\":[{\"@type\":\"SearchAction\",\"target\":{\"@type\":\"EntryPoint\",\"urlTemplate\":\"https:\\\/\\\/dorogimedence.hu\\\/?s={search_term_string}\"},\"query-input\":{\"@type\":\"PropertyValueSpecification\",\"valueRequired\":true,\"valueName\":\"search_term_string\"}}],\"inLanguage\":\"hu\"},{\"@type\":\"Organization\",\"@id\":\"https:\\\/\\\/dorogimedence.hu\\\/#organization\",\"name\":\"Dorogi-medence Region\u00e1lis H\u00edrport\u00e1l\",\"url\":\"https:\\\/\\\/dorogimedence.hu\\\/\",\"logo\":{\"@type\":\"ImageObject\",\"inLanguage\":\"hu\",\"@id\":\"https:\\\/\\\/dorogimedence.hu\\\/#\\\/schema\\\/logo\\\/image\\\/\",\"url\":\"https:\\\/\\\/dorogimedence.hu\\\/wp-content\\\/uploads\\\/2021\\\/04\\\/logo-feher-600.png\",\"contentUrl\":\"https:\\\/\\\/dorogimedence.hu\\\/wp-content\\\/uploads\\\/2021\\\/04\\\/logo-feher-600.png\",\"width\":600,\"height\":100,\"caption\":\"Dorogi-medence Region\u00e1lis H\u00edrport\u00e1l\"},\"image\":{\"@id\":\"https:\\\/\\\/dorogimedence.hu\\\/#\\\/schema\\\/logo\\\/image\\\/\"},\"sameAs\":[\"https:\\\/\\\/www.facebook.com\\\/dorogimedence\\\/\"]},{\"@type\":\"Person\",\"@id\":\"https:\\\/\\\/dorogimedence.hu\\\/#\\\/schema\\\/person\\\/ce6091eeb7e95ecdc87890d6aa8e0fd4\",\"name\":\"dorogimedence.hu\",\"image\":{\"@type\":\"ImageObject\",\"inLanguage\":\"hu\",\"@id\":\"\\\/\\\/www.gravatar.com\\\/avatar\\\/d8d45f8901aadff40a4af72c0b826f1d?s=96&#038;r=g&#038;d=mm\",\"url\":\"\\\/\\\/www.gravatar.com\\\/avatar\\\/d8d45f8901aadff40a4af72c0b826f1d?s=96&#038;r=g&#038;d=mm\",\"contentUrl\":\"\\\/\\\/www.gravatar.com\\\/avatar\\\/d8d45f8901aadff40a4af72c0b826f1d?s=96&#038;r=g&#038;d=mm\",\"caption\":\"dorogimedence.hu\"}}]}<\/script>\n<!-- \/ Yoast SEO plugin. -->","yoast_head_json":{"title":"Fel\u00faj\u00edt\u00e1si munk\u00e1latok zajlanak a dorogi uszod\u00e1ban","robots":{"index":"index","follow":"follow","max-snippet":"max-snippet:-1","max-image-preview":"max-image-preview:large","max-video-preview":"max-video-preview:-1"},"canonical":"https:\/\/dorogimedence.hu\/index.php\/2021\/08\/12\/felujitasi-munkalatok-zajlanak-a-dorogi-uszodaban\/","og_locale":"hu_HU","og_type":"article","og_title":"Fel\u00faj\u00edt\u00e1si munk\u00e1latok zajlanak a dorogi uszod\u00e1ban","og_description":"Elkezd\u0151d\u00f6tt a dorogi Nipl Stef\u00e1nia Uszoda l\u00e1bazati h\u0151szigetel\u00e9s\u00e9nek cser\u00e9je \u2013 tudtuk meg Szek\u00e9r Zolt\u00e1nt\u00f3l, az int\u00e9zm\u00e9ny vezet\u0151j\u00e9t\u0151l. Szek\u00e9r Zolt\u00e1n elmondta, hogy az elm\u00falt 15 \u00e9v alatt az uszoda \u00e1llapota leromlott, ez\u00e9rt t\u00f6bb \u00fctemben \u00faj\u00edtj\u00e1k fel az \u00e9p\u00fcletet. El\u0151sz\u00f6r az utcafront fel\u00f6li l\u00e1bazat h\u0151szigetel\u00e9s\u00e9t cser\u00e9lik le, majd miut\u00e1n szeptemberben bubor\u00e9kot kap a medencet\u00e9r az udvar fel\u00f6li","og_url":"https:\/\/dorogimedence.hu\/index.php\/2021\/08\/12\/felujitasi-munkalatok-zajlanak-a-dorogi-uszodaban\/","og_site_name":"Dorogi-medence Region\u00e1lis H\u00edrport\u00e1l","article_publisher":"https:\/\/www.facebook.com\/dorogimedence\/","article_published_time":"2021-08-12T12:50:08+00:00","article_modified_time":"2021-08-12T12:56:53+00:00","og_image":[{"width":1920,"height":1280,"url":"https:\/\/i0.wp.com\/dorogimedence.hu\/wp-content\/uploads\/2021\/08\/dorog-uszoda-felujitas.jpg?fit=1920%2C1280&ssl=1","type":"image\/jpeg"}],"author":"dorogimedence.hu","twitter_card":"summary_large_image","twitter_misc":{"Szerz\u0151:":"dorogimedence.hu","Becs\u00fclt olvas\u00e1si id\u0151":"1 perc"},"schema":{"@context":"https:\/\/schema.org","@graph":[{"@type":"Article","@id":"https:\/\/dorogimedence.hu\/index.php\/2021\/08\/12\/felujitasi-munkalatok-zajlanak-a-dorogi-uszodaban\/#article","isPartOf":{"@id":"https:\/\/dorogimedence.hu\/index.php\/2021\/08\/12\/felujitasi-munkalatok-zajlanak-a-dorogi-uszodaban\/"},"author":{"name":"dorogimedence.hu","@id":"https:\/\/dorogimedence.hu\/#\/schema\/person\/ce6091eeb7e95ecdc87890d6aa8e0fd4"},"headline":"Fel\u00faj\u00edt\u00e1si munk\u00e1latok zajlanak a dorogi uszod\u00e1ban","datePublished":"2021-08-12T12:50:08+00:00","dateModified":"2021-08-12T12:56:53+00:00","mainEntityOfPage":{"@id":"https:\/\/dorogimedence.hu\/index.php\/2021\/08\/12\/felujitasi-munkalatok-zajlanak-a-dorogi-uszodaban\/"},"wordCount":202,"publisher":{"@id":"https:\/\/dorogimedence.hu\/#organization"},"image":{"@id":"https:\/\/dorogimedence.hu\/index.php\/2021\/08\/12\/felujitasi-munkalatok-zajlanak-a-dorogi-uszodaban\/#primaryimage"},"thumbnailUrl":"https:\/\/dorogimedence.hu\/wp-content\/uploads\/2021\/08\/dorog-uszoda-felujitas.jpg","keywords":["Dorog","dorogi uszoda","featured","fel\u00faj\u00edt\u00e1s","Nipl Stef\u00e1nia Uszoda","uszoda"],"articleSection":["Dorog","H\u00edrek"],"inLanguage":"hu"},{"@type":"WebPage","@id":"https:\/\/dorogimedence.hu\/index.php\/2021\/08\/12\/felujitasi-munkalatok-zajlanak-a-dorogi-uszodaban\/","url":"https:\/\/dorogimedence.hu\/index.php\/2021\/08\/12\/felujitasi-munkalatok-zajlanak-a-dorogi-uszodaban\/","name":"Fel\u00faj\u00edt\u00e1si munk\u00e1latok zajlanak a dorogi uszod\u00e1ban","isPartOf":{"@id":"https:\/\/dorogimedence.hu\/#website"},"primaryImageOfPage":{"@id":"https:\/\/dorogimedence.hu\/index.php\/2021\/08\/12\/felujitasi-munkalatok-zajlanak-a-dorogi-uszodaban\/#primaryimage"},"image":{"@id":"https:\/\/dorogimedence.hu\/index.php\/2021\/08\/12\/felujitasi-munkalatok-zajlanak-a-dorogi-uszodaban\/#primaryimage"},"thumbnailUrl":"https:\/\/dorogimedence.hu\/wp-content\/uploads\/2021\/08\/dorog-uszoda-felujitas.jpg","datePublished":"2021-08-12T12:50:08+00:00","dateModified":"2021-08-12T12:56:53+00:00","breadcrumb":{"@id":"https:\/\/dorogimedence.hu\/index.php\/2021\/08\/12\/felujitasi-munkalatok-zajlanak-a-dorogi-uszodaban\/#breadcrumb"},"inLanguage":"hu","potentialAction":[{"@type":"ReadAction","target":["https:\/\/dorogimedence.hu\/index.php\/2021\/08\/12\/felujitasi-munkalatok-zajlanak-a-dorogi-uszodaban\/"]}]},{"@type":"ImageObject","inLanguage":"hu","@id":"https:\/\/dorogimedence.hu\/index.php\/2021\/08\/12\/felujitasi-munkalatok-zajlanak-a-dorogi-uszodaban\/#primaryimage","url":"https:\/\/dorogimedence.hu\/wp-content\/uploads\/2021\/08\/dorog-uszoda-felujitas.jpg","contentUrl":"https:\/\/dorogimedence.hu\/wp-content\/uploads\/2021\/08\/dorog-uszoda-felujitas.jpg","width":1920,"height":1280},{"@type":"BreadcrumbList","@id":"https:\/\/dorogimedence.hu\/index.php\/2021\/08\/12\/felujitasi-munkalatok-zajlanak-a-dorogi-uszodaban\/#breadcrumb","itemListElement":[{"@type":"ListItem","position":1,"name":"Kezd\u0151lap","item":"https:\/\/dorogimedence.hu\/"},{"@type":"ListItem","position":2,"name":"Fel\u00faj\u00edt\u00e1si munk\u00e1latok zajlanak a dorogi uszod\u00e1ban"}]},{"@type":"WebSite","@id":"https:\/\/dorogimedence.hu\/#website","url":"https:\/\/dorogimedence.hu\/","name":"Dorogi-medence Region\u00e1lis H\u00edrport\u00e1l","description":"Dorog, Keszt\u00f6lc, Le\u00e1nyv\u00e1r, Piliscs\u00e9v, Tokod, Tokodalt\u00e1r\u00f3, Csolnok, Esztergom-kertv\u00e1ros: h\u00edrek, programok","publisher":{"@id":"https:\/\/dorogimedence.hu\/#organization"},"potentialAction":[{"@type":"SearchAction","target":{"@type":"EntryPoint","urlTemplate":"https:\/\/dorogimedence.hu\/?s={search_term_string}"},"query-input":{"@type":"PropertyValueSpecification","valueRequired":true,"valueName":"search_term_string"}}],"inLanguage":"hu"},{"@type":"Organization","@id":"https:\/\/dorogimedence.hu\/#organization","name":"Dorogi-medence Region\u00e1lis H\u00edrport\u00e1l","url":"https:\/\/dorogimedence.hu\/","logo":{"@type":"ImageObject","inLanguage":"hu","@id":"https:\/\/dorogimedence.hu\/#\/schema\/logo\/image\/","url":"https:\/\/dorogimedence.hu\/wp-content\/uploads\/2021\/04\/logo-feher-600.png","contentUrl":"https:\/\/dorogimedence.hu\/wp-content\/uploads\/2021\/04\/logo-feher-600.png","width":600,"height":100,"caption":"Dorogi-medence Region\u00e1lis H\u00edrport\u00e1l"},"image":{"@id":"https:\/\/dorogimedence.hu\/#\/schema\/logo\/image\/"},"sameAs":["https:\/\/www.facebook.com\/dorogimedence\/"]},{"@type":"Person","@id":"https:\/\/dorogimedence.hu\/#\/schema\/person\/ce6091eeb7e95ecdc87890d6aa8e0fd4","name":"dorogimedence.hu","image":{"@type":"ImageObject","inLanguage":"hu","@id":"\/\/www.gravatar.com\/avatar\/d8d45f8901aadff40a4af72c0b826f1d?s=96&#038;r=g&#038;d=mm","url":"\/\/www.gravatar.com\/avatar\/d8d45f8901aadff40a4af72c0b826f1d?s=96&#038;r=g&#038;d=mm","contentUrl":"\/\/www.gravatar.com\/avatar\/d8d45f8901aadff40a4af72c0b826f1d?s=96&#038;r=g&#038;d=mm","caption":"dorogimedence.hu"}}]}},"_links":{"self":[{"href":"https:\/\/dorogimedence.hu\/index.php\/wp-json\/wp\/v2\/posts\/35733","targetHints":{"allow":["GET"]}}],"collection":[{"href":"https:\/\/dorogimedence.hu\/index.php\/wp-json\/wp\/v2\/posts"}],"about":[{"href":"https:\/\/dorogimedence.hu\/index.php\/wp-json\/wp\/v2\/types\/post"}],"author":[{"embeddable":true,"href":"https:\/\/dorogimedence.hu\/index.php\/wp-json\/wp\/v2\/users\/1"}],"replies":[{"embeddable":true,"href":"https:\/\/dorogimedence.hu\/index.php\/wp-json\/wp\/v2\/comments?post=35733"}],"version-history":[{"count":0,"href":"https:\/\/dorogimedence.hu\/index.php\/wp-json\/wp\/v2\/posts\/35733\/revisions"}],"wp:featuredmedia":[{"embeddable":true,"href":"https:\/\/dorogimedence.hu\/index.php\/wp-json\/wp\/v2\/media\/35734"}],"wp:attachment":[{"href":"https:\/\/dorogimedence.hu\/index.php\/wp-json\/wp\/v2\/media?parent=35733"}],"wp:term":[{"taxonomy":"category","embeddable":true,"href":"https:\/\/dorogimedence.hu\/index.php\/wp-json\/wp\/v2\/categories?post=35733"},{"taxonomy":"post_tag","embeddable":true,"href":"https:\/\/dorogimedence.hu\/index.php\/wp-json\/wp\/v2\/tags?post=35733"}],"curies":[{"name":"wp","href":"https:\/\/api.w.org\/{rel}","templated":true}]}}